{"id":9987,"date":"2020-02-11T10:29:26","date_gmt":"2020-02-11T09:29:26","guid":{"rendered":"http:\/\/www.jojoenherbe.com\/?p=9987"},"modified":"2022-07-15T11:05:25","modified_gmt":"2022-07-15T09:05:25","slug":"au-fil-des-pages-avec-jour-de-neige","status":"publish","type":"post","link":"https:\/\/www.jojoenherbe.com\/index.php\/2020\/02\/11\/au-fil-des-pages-avec-jour-de-neige\/","title":{"rendered":"Au fil des pages avec Jour de neige"},"content":{"rendered":"<p style=\"text-align: justify;\"><em><a href=\"https:\/\/i0.wp.com\/www.jojoenherbe.com\/wp-content\/uploads\/2020\/02\/Jour-de-neige-2.jpg\"><img data-recalc-dims=\"1\" loading=\"lazy\" decoding=\"async\" data-attachment-id=\"9990\" data-permalink=\"https:\/\/www.jojoenherbe.com\/index.php\/2020\/02\/11\/au-fil-des-pages-avec-jour-de-neige\/jour-de-neige-2\/\" data-orig-file=\"https:\/\/i0.wp.com\/www.jojoenherbe.com\/wp-content\/uploads\/2020\/02\/Jour-de-neige-2.jpg?fit=2448%2C1845&amp;ssl=1\" data-orig-size=\"2448,1845\" data-comments-opened=\"1\" data-image-meta=\"{&quot;aperture&quot;:&quot;2.4&quot;,&quot;credit&quot;:&quot;&quot;,&quot;camera&quot;:&quot;iPhone 4S&quot;,&quot;caption&quot;:&quot;&quot;,&quot;created_timestamp&quot;:&quot;1581416556&quot;,&quot;copyright&quot;:&quot;&quot;,&quot;focal_length&quot;:&quot;4.28&quot;,&quot;iso&quot;:&quot;320&quot;,&quot;shutter_speed&quot;:&quot;0.066666666666667&quot;,&quot;title&quot;:&quot;&quot;,&quot;orientation&quot;:&quot;1&quot;}\" data-image-title=\"Jour de neige 2\" data-image-description=\"\" data-image-caption=\"\" data-large-file=\"https:\/\/i0.wp.com\/www.jojoenherbe.com\/wp-content\/uploads\/2020\/02\/Jour-de-neige-2.jpg?fit=676%2C510&amp;ssl=1\" class=\"alignleft size-thumbnail wp-image-9990\" src=\"https:\/\/i0.wp.com\/www.jojoenherbe.com\/wp-content\/uploads\/2020\/02\/Jour-de-neige-2.jpg?resize=150%2C150\" alt=\"\" width=\"150\" height=\"150\" srcset=\"https:\/\/i0.wp.com\/www.jojoenherbe.com\/wp-content\/uploads\/2020\/02\/Jour-de-neige-2.jpg?resize=150%2C150&amp;ssl=1 150w, https:\/\/i0.wp.com\/www.jojoenherbe.com\/wp-content\/uploads\/2020\/02\/Jour-de-neige-2.jpg?zoom=2&amp;resize=150%2C150 300w, https:\/\/i0.wp.com\/www.jojoenherbe.com\/wp-content\/uploads\/2020\/02\/Jour-de-neige-2.jpg?zoom=3&amp;resize=150%2C150 450w\" sizes=\"auto, (max-width: 150px) 100vw, 150px\" \/><\/a> <a href=\"https:\/\/i0.wp.com\/www.jojoenherbe.com\/wp-content\/uploads\/2020\/02\/Jour-de-neige-3.jpg\"><img data-recalc-dims=\"1\" loading=\"lazy\" decoding=\"async\" data-attachment-id=\"9991\" data-permalink=\"https:\/\/www.jojoenherbe.com\/index.php\/2020\/02\/11\/au-fil-des-pages-avec-jour-de-neige\/jour-de-neige-3\/\" data-orig-file=\"https:\/\/i0.wp.com\/www.jojoenherbe.com\/wp-content\/uploads\/2020\/02\/Jour-de-neige-3.jpg?fit=2448%2C1879&amp;ssl=1\" data-orig-size=\"2448,1879\" data-comments-opened=\"1\" data-image-meta=\"{&quot;aperture&quot;:&quot;2.4&quot;,&quot;credit&quot;:&quot;&quot;,&quot;camera&quot;:&quot;iPhone 4S&quot;,&quot;caption&quot;:&quot;&quot;,&quot;created_timestamp&quot;:&quot;1581416587&quot;,&quot;copyright&quot;:&quot;&quot;,&quot;focal_length&quot;:&quot;4.28&quot;,&quot;iso&quot;:&quot;400&quot;,&quot;shutter_speed&quot;:&quot;0.05&quot;,&quot;title&quot;:&quot;&quot;,&quot;orientation&quot;:&quot;1&quot;}\" data-image-title=\"Jour de neige 3\" data-image-description=\"\" data-image-caption=\"\" data-large-file=\"https:\/\/i0.wp.com\/www.jojoenherbe.com\/wp-content\/uploads\/2020\/02\/Jour-de-neige-3.jpg?fit=676%2C519&amp;ssl=1\" class=\"alignleft size-thumbnail wp-image-9991\" src=\"https:\/\/i0.wp.com\/www.jojoenherbe.com\/wp-content\/uploads\/2020\/02\/Jour-de-neige-3.jpg?resize=150%2C150\" alt=\"\" width=\"150\" height=\"150\" srcset=\"https:\/\/i0.wp.com\/www.jojoenherbe.com\/wp-content\/uploads\/2020\/02\/Jour-de-neige-3.jpg?resize=150%2C150&amp;ssl=1 150w, https:\/\/i0.wp.com\/www.jojoenherbe.com\/wp-content\/uploads\/2020\/02\/Jour-de-neige-3.jpg?zoom=2&amp;resize=150%2C150 300w, https:\/\/i0.wp.com\/www.jojoenherbe.com\/wp-content\/uploads\/2020\/02\/Jour-de-neige-3.jpg?zoom=3&amp;resize=150%2C150 450w\" sizes=\"auto, (max-width: 150px) 100vw, 150px\" \/><\/a>Nous empruntons \u00e0 la m\u00e9diath\u00e8que <span style=\"text-decoration: underline;\">Jour de neige<\/span> de Delphine Chedru (\u00e9d. Autrement, 2014), un album jeunesse cartonn\u00e9 pour les tout-petits, sans texte \u00e0 part \u00e0 la toute fin. Il a neig\u00e9 dans la for\u00eat. Nous pouvons alors observer dans la neige fra\u00eeche des animaux et leurs empreintes. A qui sont ces pas? O\u00f9 peuvent-ils bien aller comme \u00e7a? <\/em><\/p>\n<p style=\"text-align: justify;\"><em><a href=\"https:\/\/i0.wp.com\/www.jojoenherbe.com\/wp-content\/uploads\/2020\/02\/Jour-de-neige-5.jpg\"><img data-recalc-dims=\"1\" loading=\"lazy\" decoding=\"async\" data-attachment-id=\"9993\" data-permalink=\"https:\/\/www.jojoenherbe.com\/index.php\/2020\/02\/11\/au-fil-des-pages-avec-jour-de-neige\/jour-de-neige-5\/\" data-orig-file=\"https:\/\/i0.wp.com\/www.jojoenherbe.com\/wp-content\/uploads\/2020\/02\/Jour-de-neige-5.jpg?fit=2445%2C1788&amp;ssl=1\" data-orig-size=\"2445,1788\" data-comments-opened=\"1\" data-image-meta=\"{&quot;aperture&quot;:&quot;2.4&quot;,&quot;credit&quot;:&quot;&quot;,&quot;camera&quot;:&quot;iPhone 4S&quot;,&quot;caption&quot;:&quot;&quot;,&quot;created_timestamp&quot;:&quot;1581416604&quot;,&quot;copyright&quot;:&quot;&quot;,&quot;focal_length&quot;:&quot;4.28&quot;,&quot;iso&quot;:&quot;250&quot;,&quot;shutter_speed&quot;:&quot;0.05&quot;,&quot;title&quot;:&quot;&quot;,&quot;orientation&quot;:&quot;1&quot;}\" data-image-title=\"Jour de neige 5\" data-image-description=\"\" data-image-caption=\"\" data-large-file=\"https:\/\/i0.wp.com\/www.jojoenherbe.com\/wp-content\/uploads\/2020\/02\/Jour-de-neige-5.jpg?fit=676%2C494&amp;ssl=1\" class=\"size-thumbnail wp-image-9993 alignright\" src=\"https:\/\/i0.wp.com\/www.jojoenherbe.com\/wp-content\/uploads\/2020\/02\/Jour-de-neige-5.jpg?resize=150%2C150\" alt=\"\" width=\"150\" height=\"150\" srcset=\"https:\/\/i0.wp.com\/www.jojoenherbe.com\/wp-content\/uploads\/2020\/02\/Jour-de-neige-5.jpg?resize=150%2C150&amp;ssl=1 150w, https:\/\/i0.wp.com\/www.jojoenherbe.com\/wp-content\/uploads\/2020\/02\/Jour-de-neige-5.jpg?zoom=2&amp;resize=150%2C150 300w, https:\/\/i0.wp.com\/www.jojoenherbe.com\/wp-content\/uploads\/2020\/02\/Jour-de-neige-5.jpg?zoom=3&amp;resize=150%2C150 450w\" sizes=\"auto, (max-width: 150px) 100vw, 150px\" \/><\/a> <a href=\"https:\/\/i0.wp.com\/www.jojoenherbe.com\/wp-content\/uploads\/2020\/02\/Jour-de-neige-4.jpg\"><img data-recalc-dims=\"1\" loading=\"lazy\" decoding=\"async\" data-attachment-id=\"9992\" data-permalink=\"https:\/\/www.jojoenherbe.com\/index.php\/2020\/02\/11\/au-fil-des-pages-avec-jour-de-neige\/jour-de-neige-4\/\" data-orig-file=\"https:\/\/i0.wp.com\/www.jojoenherbe.com\/wp-content\/uploads\/2020\/02\/Jour-de-neige-4.jpg?fit=2448%2C1926&amp;ssl=1\" data-orig-size=\"2448,1926\" data-comments-opened=\"1\" data-image-meta=\"{&quot;aperture&quot;:&quot;2.4&quot;,&quot;credit&quot;:&quot;&quot;,&quot;camera&quot;:&quot;iPhone 4S&quot;,&quot;caption&quot;:&quot;&quot;,&quot;created_timestamp&quot;:&quot;1581416630&quot;,&quot;copyright&quot;:&quot;&quot;,&quot;focal_length&quot;:&quot;4.28&quot;,&quot;iso&quot;:&quot;400&quot;,&quot;shutter_speed&quot;:&quot;0.066666666666667&quot;,&quot;title&quot;:&quot;&quot;,&quot;orientation&quot;:&quot;1&quot;}\" data-image-title=\"Jour de neige 4\" data-image-description=\"\" data-image-caption=\"\" data-large-file=\"https:\/\/i0.wp.com\/www.jojoenherbe.com\/wp-content\/uploads\/2020\/02\/Jour-de-neige-4.jpg?fit=676%2C532&amp;ssl=1\" class=\"size-thumbnail wp-image-9992 alignright\" src=\"https:\/\/i0.wp.com\/www.jojoenherbe.com\/wp-content\/uploads\/2020\/02\/Jour-de-neige-4.jpg?resize=150%2C150\" alt=\"\" width=\"150\" height=\"150\" srcset=\"https:\/\/i0.wp.com\/www.jojoenherbe.com\/wp-content\/uploads\/2020\/02\/Jour-de-neige-4.jpg?resize=150%2C150&amp;ssl=1 150w, https:\/\/i0.wp.com\/www.jojoenherbe.com\/wp-content\/uploads\/2020\/02\/Jour-de-neige-4.jpg?zoom=2&amp;resize=150%2C150 300w, https:\/\/i0.wp.com\/www.jojoenherbe.com\/wp-content\/uploads\/2020\/02\/Jour-de-neige-4.jpg?zoom=3&amp;resize=150%2C150 450w\" sizes=\"auto, (max-width: 150px) 100vw, 150px\" \/><\/a>Coup de c\u0153ur pour cet album jeunesse qui permet aux jeunes lecteurs de s&rsquo;amuser autour des empreintes des animaux, avec de tr\u00e8s jolies pages de garde. Ce n&rsquo;est pourtant pas une simple histoire d&#8217;empreintes mais bien un conte qui est offert \u00e0 la lecture des tout-petits. En effet, les illustrations bleut\u00e9es apportent une douceur \u00e0 cette histoire hivernale qui met en exergue le plaisir de lire. Sans oublier la chute originale, chaleureuse et tr\u00e8s po\u00e9tique avec sa mise en ab\u00eeme. A lire et relire!<br \/>\n<\/em><\/p>\n<div style=\"width: 124px\" class=\"wp-caption alignleft\"><img data-recalc-dims=\"1\" loading=\"lazy\" decoding=\"async\" class=\"\" src=\"https:\/\/i0.wp.com\/delivrer-des-livres.fr\/wp-content\/uploads\/2019\/05\/logoalbums2019.png?resize=114%2C114\" alt=\"\" width=\"114\" height=\"114\" \/><p class=\"wp-caption-text\">Participation #149 <a href=\"http:\/\/delivrer-des-livres.fr\/challenge-albums-2019\/\">Je lis aussi des albums<\/a><\/p><\/div>\n<div id=\"attachment_10219\" style=\"width: 116px\" class=\"wp-caption alignleft\"><img data-recalc-dims=\"1\" loading=\"lazy\" decoding=\"async\" aria-describedby=\"caption-attachment-10219\" data-attachment-id=\"10219\" data-permalink=\"https:\/\/www.jojoenherbe.com\/index.php\/2020\/03\/02\/au-fil-des-pages-avec-lievre-et-ours-sous-la-neige\/lievre-et-ours-sous-la-neige\/\" data-orig-file=\"https:\/\/i0.wp.com\/www.jojoenherbe.com\/wp-content\/uploads\/2020\/03\/Li%C3%A8vre-et-Ours-sous-la-neige-scaled.jpg?fit=2560%2C1892&amp;ssl=1\" data-orig-size=\"2560,1892\" data-comments-opened=\"1\" data-image-meta=\"{&quot;aperture&quot;:&quot;2.4&quot;,&quot;credit&quot;:&quot;&quot;,&quot;camera&quot;:&quot;iPhone 4S&quot;,&quot;caption&quot;:&quot;&quot;,&quot;created_timestamp&quot;:&quot;1583147305&quot;,&quot;copyright&quot;:&quot;&quot;,&quot;focal_length&quot;:&quot;4.28&quot;,&quot;iso&quot;:&quot;640&quot;,&quot;shutter_speed&quot;:&quot;0.066666666666667&quot;,&quot;title&quot;:&quot;&quot;,&quot;orientation&quot;:&quot;1&quot;}\" data-image-title=\"Li\u00e8vre et Ours, sous la neige\" data-image-description=\"\" data-image-caption=\"\" data-large-file=\"https:\/\/i0.wp.com\/www.jojoenherbe.com\/wp-content\/uploads\/2020\/03\/Li%C3%A8vre-et-Ours-sous-la-neige-scaled.jpg?fit=676%2C500&amp;ssl=1\" class=\"wp-image-10219\" src=\"https:\/\/i0.wp.com\/mapetitemediatheque.fr\/wp-content\/uploads\/2018\/11\/challenge-contes-et-l%C3%A9gendes.jpg?resize=106%2C133\" sizes=\"auto, (max-width: 343px) 100vw, 343px\" srcset=\"http:\/\/mapetitemediatheque.fr\/wp-content\/uploads\/2018\/11\/challenge-contes-et-l\u00e9gendes.jpg 343w, http:\/\/mapetitemediatheque.fr\/wp-content\/uploads\/2018\/11\/challenge-contes-et-l\u00e9gendes-239x300.jpg 239w\" alt=\"\" width=\"106\" height=\"133\" \/><p id=\"caption-attachment-10219\" class=\"wp-caption-text\">Participation #11 Contes &amp; L\u00e9gendes 2020 de <a href=\"http:\/\/mapetitemediatheque.fr\/2020\/01\/challenge-contes-et-legendes-2020\/\">Bidib<\/a><\/p><\/div>\n","protected":false},"excerpt":{"rendered":"<p>Nous empruntons \u00e0 la m\u00e9diath\u00e8que Jour de neige de Delphine Chedru (\u00e9d. Autrement, 2014), un album jeunesse cartonn\u00e9 pour les tout-petits, sans texte \u00e0 part \u00e0 la toute fin. Il a neig\u00e9 dans la for\u00eat. Nous pouvons alors observer dans la neige fra\u00eeche des animaux et leurs empreintes. A qui sont ces pas? O\u00f9 peuvent-ils [&hellip;]<\/p>\n","protected":false},"author":1,"featured_media":9994,"comment_status":"open","ping_status":"open","sticky":false,"template":"","format":"standard","meta":{"jetpack_post_was_ever_published":false,"_jetpack_newsletter_access":"","_jetpack_dont_email_post_to_subs":false,"_jetpack_newsletter_tier_id":0,"_jetpack_memberships_contains_paywalled_content":false,"_jetpack_memberships_contains_paid_content":false,"footnotes":""},"categories":[363],"tags":[786,409,808,1365,245,987,1254,1253,620,365,1350,1015,367,589,489,369,738],"class_list":["post-9987","post","type-post","status-publish","format-standard","has-post-thumbnail","hentry","category-mini-lecteur","tag-0-3-ans","tag-albums-jeunesse","tag-animaux-de-la-foret","tag-challenge-contes-et-legendes-2020","tag-contes","tag-contes-modernes","tag-delphine-chedru","tag-empreintes-danimaux","tag-fille","tag-hiver","tag-je-lis-aussi-des-albums-2019","tag-lecture-dhiver","tag-lecture-jeunesse","tag-livres-cartonnes","tag-livres-sans-texte","tag-neige","tag-plaisir-de-lire","post-preview"],"jetpack_featured_media_url":"https:\/\/i0.wp.com\/www.jojoenherbe.com\/wp-content\/uploads\/2020\/02\/Jour-de-neige.jpg?fit=2398%2C1982&ssl=1","jetpack_sharing_enabled":true,"jetpack_shortlink":"https:\/\/wp.me\/p9zhGx-2B5","jetpack_likes_enabled":true,"jetpack-related-posts":[{"id":9867,"url":"https:\/\/www.jojoenherbe.com\/index.php\/2020\/01\/30\/au-fil-des-pages-avec-le-lapin-de-neige\/","url_meta":{"origin":9987,"position":0},"title":"Au fil des pages avec Le lapin de neige","author":"Jojo","date":"30 janvier 2020","format":false,"excerpt":"Nous empruntons \u00e0 la biblioth\u00e8que Le lapin de neige de Camille Garoche (\u00e9d. Casterman, coll. Les Albums, 2016), un album jeunesse sans textes \u00e0 partir de 4 ans. Un jour de neige, une petite fille sort dehors pour fa\u00e7onner avec de la neige un lapin pendant que sa s\u0153ur reste\u2026","rel":"","context":"Dans &quot;Mini lecteur&quot;","block_context":{"text":"Mini lecteur","link":"https:\/\/www.jojoenherbe.com\/index.php\/category\/mini-lecteur\/"},"img":{"alt_text":"","src":"https:\/\/i0.wp.com\/www.jojoenherbe.com\/wp-content\/uploads\/2020\/01\/Le-lapin-de-neige-scaled.jpg?fit=1200%2C963&ssl=1&resize=350%2C200","width":350,"height":200,"srcset":"https:\/\/i0.wp.com\/www.jojoenherbe.com\/wp-content\/uploads\/2020\/01\/Le-lapin-de-neige-scaled.jpg?fit=1200%2C963&ssl=1&resize=350%2C200 1x, https:\/\/i0.wp.com\/www.jojoenherbe.com\/wp-content\/uploads\/2020\/01\/Le-lapin-de-neige-scaled.jpg?fit=1200%2C963&ssl=1&resize=525%2C300 1.5x, https:\/\/i0.wp.com\/www.jojoenherbe.com\/wp-content\/uploads\/2020\/01\/Le-lapin-de-neige-scaled.jpg?fit=1200%2C963&ssl=1&resize=700%2C400 2x, https:\/\/i0.wp.com\/www.jojoenherbe.com\/wp-content\/uploads\/2020\/01\/Le-lapin-de-neige-scaled.jpg?fit=1200%2C963&ssl=1&resize=1050%2C600 3x"},"classes":[]},{"id":9038,"url":"https:\/\/www.jojoenherbe.com\/index.php\/2019\/12\/19\/au-fil-des-pages-avec-a-la-recherche-du-pere-noel\/","url_meta":{"origin":9987,"position":1},"title":"Au fil des pages avec \u00c0 la recherche du P\u00e8re No\u00ebl","author":"Jojo","date":"19 d\u00e9cembre 2019","format":false,"excerpt":"Nous empruntons \u00e0 la biblioth\u00e8que \u00c0 la recherche du P\u00e8re No\u00ebl de Thierry Dedieu (\u00e9d. Seuil Jeunesse, 2015), un album jeunesse tr\u00e8s grand format \u00e0 partir de 3 ans. Un bonhomme de neige s'anime sous les yeux m\u00e9dus\u00e9s d'un rouge-gorge. Il souhaite rencontrer le P\u00e8re No\u00ebl pour lui offrir un\u2026","rel":"","context":"Dans &quot;Mini lecteur&quot;","block_context":{"text":"Mini lecteur","link":"https:\/\/www.jojoenherbe.com\/index.php\/category\/mini-lecteur\/"},"img":{"alt_text":"","src":"https:\/\/i0.wp.com\/www.jojoenherbe.com\/wp-content\/uploads\/2019\/12\/A-la-recherche-du-P%C3%A8re-No%C3%ABl.jpg?fit=1200%2C1168&ssl=1&resize=350%2C200","width":350,"height":200,"srcset":"https:\/\/i0.wp.com\/www.jojoenherbe.com\/wp-content\/uploads\/2019\/12\/A-la-recherche-du-P%C3%A8re-No%C3%ABl.jpg?fit=1200%2C1168&ssl=1&resize=350%2C200 1x, https:\/\/i0.wp.com\/www.jojoenherbe.com\/wp-content\/uploads\/2019\/12\/A-la-recherche-du-P%C3%A8re-No%C3%ABl.jpg?fit=1200%2C1168&ssl=1&resize=525%2C300 1.5x, https:\/\/i0.wp.com\/www.jojoenherbe.com\/wp-content\/uploads\/2019\/12\/A-la-recherche-du-P%C3%A8re-No%C3%ABl.jpg?fit=1200%2C1168&ssl=1&resize=700%2C400 2x, https:\/\/i0.wp.com\/www.jojoenherbe.com\/wp-content\/uploads\/2019\/12\/A-la-recherche-du-P%C3%A8re-No%C3%ABl.jpg?fit=1200%2C1168&ssl=1&resize=1050%2C600 3x"},"classes":[]},{"id":7865,"url":"https:\/\/www.jojoenherbe.com\/index.php\/2019\/10\/06\/au-fil-des-pages-avec-pas-la-pomme-blanche-neige\/","url_meta":{"origin":9987,"position":2},"title":"Au fil des pages avec Pas la pomme, Blanche-Neige!","author":"Jojo","date":"6 octobre 2019","format":false,"excerpt":"Apr\u00e8s \u00eatre all\u00e9s au Vide ta chambre de Castagniers, nous revenons avec de nouveaux livres jeunesse et d\u00e9corations d'Halloween dont cet album jeunesse, Pas la pomme, Blanche-Neige! d'Alexandre Jardin et Herv\u00e9 le Goff (\u00e9d. Hachette Jeunesse, 2015), un conte d\u00e9tourn\u00e9 de l\u2019\u0153uvre originelle des Fr\u00e8res Grimm. Nous lisons cet album\u2026","rel":"","context":"Dans &quot;Mini lecteur&quot;","block_context":{"text":"Mini lecteur","link":"https:\/\/www.jojoenherbe.com\/index.php\/category\/mini-lecteur\/"},"img":{"alt_text":"","src":"https:\/\/i0.wp.com\/www.jojoenherbe.com\/wp-content\/uploads\/2019\/10\/Pas-la-pomme-Blanche-Neige.jpg?fit=1200%2C900&ssl=1&resize=350%2C200","width":350,"height":200,"srcset":"https:\/\/i0.wp.com\/www.jojoenherbe.com\/wp-content\/uploads\/2019\/10\/Pas-la-pomme-Blanche-Neige.jpg?fit=1200%2C900&ssl=1&resize=350%2C200 1x, https:\/\/i0.wp.com\/www.jojoenherbe.com\/wp-content\/uploads\/2019\/10\/Pas-la-pomme-Blanche-Neige.jpg?fit=1200%2C900&ssl=1&resize=525%2C300 1.5x, https:\/\/i0.wp.com\/www.jojoenherbe.com\/wp-content\/uploads\/2019\/10\/Pas-la-pomme-Blanche-Neige.jpg?fit=1200%2C900&ssl=1&resize=700%2C400 2x, https:\/\/i0.wp.com\/www.jojoenherbe.com\/wp-content\/uploads\/2019\/10\/Pas-la-pomme-Blanche-Neige.jpg?fit=1200%2C900&ssl=1&resize=1050%2C600 3x"},"classes":[]},{"id":29903,"url":"https:\/\/www.jojoenherbe.com\/index.php\/2023\/02\/18\/au-fil-des-pages-avec-il-neige\/","url_meta":{"origin":9987,"position":3},"title":"Au fil des pages avec Il neige!","author":"Jojo","date":"18 f\u00e9vrier 2023","format":false,"excerpt":"Nous avons lu Il neige! de Hyejin Go (\u00e9d. Picquier Jeunesse, 2018), un album jeunesse \u00e0 partir de 3 ans et qui a fait partie de la s\u00e9lection Maternelle du 32\u00e8me Prix des Incos 2021. M\u00e9content d'avoir \u00e9t\u00e9 r\u00e9veill\u00e9 alors qu\u2019il est en train d\u2019hiberner, un ours d\u00e9couvre avec ravissement\u2026","rel":"","context":"Dans &quot;Mini lecteur&quot;","block_context":{"text":"Mini lecteur","link":"https:\/\/www.jojoenherbe.com\/index.php\/category\/mini-lecteur\/"},"img":{"alt_text":"","src":"https:\/\/i0.wp.com\/www.jojoenherbe.com\/wp-content\/uploads\/2021\/04\/Il-neige-scaled.jpg?fit=1200%2C900&ssl=1&resize=350%2C200","width":350,"height":200,"srcset":"https:\/\/i0.wp.com\/www.jojoenherbe.com\/wp-content\/uploads\/2021\/04\/Il-neige-scaled.jpg?fit=1200%2C900&ssl=1&resize=350%2C200 1x, https:\/\/i0.wp.com\/www.jojoenherbe.com\/wp-content\/uploads\/2021\/04\/Il-neige-scaled.jpg?fit=1200%2C900&ssl=1&resize=525%2C300 1.5x, https:\/\/i0.wp.com\/www.jojoenherbe.com\/wp-content\/uploads\/2021\/04\/Il-neige-scaled.jpg?fit=1200%2C900&ssl=1&resize=700%2C400 2x, https:\/\/i0.wp.com\/www.jojoenherbe.com\/wp-content\/uploads\/2021\/04\/Il-neige-scaled.jpg?fit=1200%2C900&ssl=1&resize=1050%2C600 3x"},"classes":[]},{"id":6680,"url":"https:\/\/www.jojoenherbe.com\/index.php\/2019\/07\/08\/au-fil-des-pages-avec-blanche-neige\/","url_meta":{"origin":9987,"position":4},"title":"Au fil des pages avec Blanche Neige","author":"Jojo","date":"8 juillet 2019","format":false,"excerpt":"Pour rester dans l'univers des contes classiques, nous empruntons \u00e0 la m\u00e9diath\u00e8que Blanche Neige, un album jeunesse illustr\u00e9 par Benjamin Lacombe, d'apr\u00e8s les fr\u00e8res Grimm (\u00e9d. Milan Jeunesse, 2010). Cet album est conseill\u00e9 \u00e0 partir de 5 ans par l'\u00e9diteur. Pourtant,\u00a0 au vu des illustrations et de la qualit\u00e9 du\u2026","rel":"","context":"Dans &quot;Mini lecteur&quot;","block_context":{"text":"Mini lecteur","link":"https:\/\/www.jojoenherbe.com\/index.php\/category\/mini-lecteur\/"},"img":{"alt_text":"","src":"https:\/\/i0.wp.com\/www.jojoenherbe.com\/wp-content\/uploads\/2019\/07\/Blanche-Neige.jpg?fit=1200%2C961&ssl=1&resize=350%2C200","width":350,"height":200,"srcset":"https:\/\/i0.wp.com\/www.jojoenherbe.com\/wp-content\/uploads\/2019\/07\/Blanche-Neige.jpg?fit=1200%2C961&ssl=1&resize=350%2C200 1x, https:\/\/i0.wp.com\/www.jojoenherbe.com\/wp-content\/uploads\/2019\/07\/Blanche-Neige.jpg?fit=1200%2C961&ssl=1&resize=525%2C300 1.5x, https:\/\/i0.wp.com\/www.jojoenherbe.com\/wp-content\/uploads\/2019\/07\/Blanche-Neige.jpg?fit=1200%2C961&ssl=1&resize=700%2C400 2x, https:\/\/i0.wp.com\/www.jojoenherbe.com\/wp-content\/uploads\/2019\/07\/Blanche-Neige.jpg?fit=1200%2C961&ssl=1&resize=1050%2C600 3x"},"classes":[]},{"id":29647,"url":"https:\/\/www.jojoenherbe.com\/index.php\/2023\/02\/07\/au-fil-des-pages-avec-lecureuil-et-la-premiere-neige\/","url_meta":{"origin":9987,"position":5},"title":"Au fil des pages avec L&rsquo;\u00e9cureuil et la premi\u00e8re neige","author":"Jojo","date":"7 f\u00e9vrier 2023","format":false,"excerpt":"Apr\u00e8s avoir lu l'ann\u00e9e derni\u00e8re L\u2019\u00e9cureuil et la lune, nous avons lu en janvier L'\u00e9cureuil et la premi\u00e8re neige de Sebastian Meschenmoser (\u00e9d. Minedition, 2009), un album jeunesse \u00e0 partir de 3\/4 ans et joliment illustr\u00e9. Dans cette histoire, l'\u00e9cureuil est bien d\u00e9cid\u00e9 \u00e0 retarder l'heure d'hiberner et a h\u00e2te\u2026","rel":"","context":"Dans &quot;Mini lecteur&quot;","block_context":{"text":"Mini lecteur","link":"https:\/\/www.jojoenherbe.com\/index.php\/category\/mini-lecteur\/"},"img":{"alt_text":"","src":"https:\/\/i0.wp.com\/www.jojoenherbe.com\/wp-content\/uploads\/2023\/01\/Lecureuil-et-la-premiere-neige-scaled.jpg?fit=1200%2C1047&ssl=1&resize=350%2C200","width":350,"height":200,"srcset":"https:\/\/i0.wp.com\/www.jojoenherbe.com\/wp-content\/uploads\/2023\/01\/Lecureuil-et-la-premiere-neige-scaled.jpg?fit=1200%2C1047&ssl=1&resize=350%2C200 1x, https:\/\/i0.wp.com\/www.jojoenherbe.com\/wp-content\/uploads\/2023\/01\/Lecureuil-et-la-premiere-neige-scaled.jpg?fit=1200%2C1047&ssl=1&resize=525%2C300 1.5x, https:\/\/i0.wp.com\/www.jojoenherbe.com\/wp-content\/uploads\/2023\/01\/Lecureuil-et-la-premiere-neige-scaled.jpg?fit=1200%2C1047&ssl=1&resize=700%2C400 2x, https:\/\/i0.wp.com\/www.jojoenherbe.com\/wp-content\/uploads\/2023\/01\/Lecureuil-et-la-premiere-neige-scaled.jpg?fit=1200%2C1047&ssl=1&resize=1050%2C600 3x"},"classes":[]}],"_links":{"self":[{"href":"https:\/\/www.jojoenherbe.com\/index.php\/wp-json\/wp\/v2\/posts\/9987","targetHints":{"allow":["GET"]}}],"collection":[{"href":"https:\/\/www.jojoenherbe.com\/index.php\/wp-json\/wp\/v2\/posts"}],"about":[{"href":"https:\/\/www.jojoenherbe.com\/index.php\/wp-json\/wp\/v2\/types\/post"}],"author":[{"embeddable":true,"href":"https:\/\/www.jojoenherbe.com\/index.php\/wp-json\/wp\/v2\/users\/1"}],"replies":[{"embeddable":true,"href":"https:\/\/www.jojoenherbe.com\/index.php\/wp-json\/wp\/v2\/comments?post=9987"}],"version-history":[{"count":1,"href":"https:\/\/www.jojoenherbe.com\/index.php\/wp-json\/wp\/v2\/posts\/9987\/revisions"}],"predecessor-version":[{"id":26559,"href":"https:\/\/www.jojoenherbe.com\/index.php\/wp-json\/wp\/v2\/posts\/9987\/revisions\/26559"}],"wp:featuredmedia":[{"embeddable":true,"href":"https:\/\/www.jojoenherbe.com\/index.php\/wp-json\/wp\/v2\/media\/9994"}],"wp:attachment":[{"href":"https:\/\/www.jojoenherbe.com\/index.php\/wp-json\/wp\/v2\/media?parent=9987"}],"wp:term":[{"taxonomy":"category","embeddable":true,"href":"https:\/\/www.jojoenherbe.com\/index.php\/wp-json\/wp\/v2\/categories?post=9987"},{"taxonomy":"post_tag","embeddable":true,"href":"https:\/\/www.jojoenherbe.com\/index.php\/wp-json\/wp\/v2\/tags?post=9987"}],"curies":[{"name":"wp","href":"https:\/\/api.w.org\/{rel}","templated":true}]}}