{"id":9858,"date":"2021-09-18T21:37:55","date_gmt":"2021-09-18T19:37:55","guid":{"rendered":"http:\/\/www.jojoenherbe.com\/?p=9858"},"modified":"2025-01-29T18:40:20","modified_gmt":"2025-01-29T17:40:20","slug":"nos-lectures-alice-au-pays-des-merveilles","status":"publish","type":"post","link":"https:\/\/www.jojoenherbe.com\/index.php\/2021\/09\/18\/nos-lectures-alice-au-pays-des-merveilles\/","title":{"rendered":"Nos lectures\u00a0\u00bb Alice au Pays des Merveilles\u00a0\u00bb"},"content":{"rendered":"<p style=\"text-align: justify;\"><em>Pendant le Mois Anglais 2021, j&rsquo;ai voulu cette ann\u00e9e me replonger dans l&rsquo;univers carrollien avec <span style=\"text-decoration: underline;\">Alice au Pays des Merveilles<\/span> de Lewis Carroll (paru pour la premi\u00e8re fois en 1865) et sa suite, <span style=\"text-decoration: underline;\">De l&rsquo;autre c\u00f4t\u00e9 du miroir<\/span> (paru pour la premi\u00e8re fois en 1930). Et pour cette immersion dans<\/em><em> le terrier du lapin blanc, j&rsquo;ai \u00e9t\u00e9 en bonne compagnie avec Blandine, le mois de juin ayant \u00e9t\u00e9 ponctu\u00e9 de lectures communes avec elle. Nous reprenons toutes les deux cette immersion en septembre, mois d\u00e9di\u00e9 par le challenge A Year in England 2021 aux romans jeunesses. Partant d&rsquo;un m\u00eame texte, les versions traduites et illustr\u00e9es que j&rsquo;ai pu lire m&rsquo;ont entra\u00een\u00e9e dans des ambiances et \u00e9poques bien diff\u00e9rentes, avec des Alice aux multiples visages et une pr\u00e9f\u00e9rence pour la traduction d&rsquo;Henri Parisot.<\/em><\/p>\n<p><span style=\"text-decoration: underline;\"><strong>Des versions classiques (texte int\u00e9gral)<br \/><\/strong><\/span><\/p>\n<ul>\n<li><em><span style=\"text-decoration: underline;\">Alice au Pays des Merveilles<\/span> de Lewis Carroll et illustr\u00e9 par John Tenniel (1865)<\/em><\/li>\n<\/ul>\n<p style=\"text-align: justify;\"><em><a href=\"https:\/\/i0.wp.com\/www.jojoenherbe.com\/wp-content\/uploads\/2021\/07\/Alice-au-Pays-des-Merveilles-4-scaled.jpg\"><img data-recalc-dims=\"1\" loading=\"lazy\" decoding=\"async\" data-attachment-id=\"19582\" data-permalink=\"https:\/\/www.jojoenherbe.com\/index.php\/2021\/09\/18\/nos-lectures-alice-au-pays-des-merveilles\/alice-au-pays-des-merveilles-16\/\" data-orig-file=\"https:\/\/i0.wp.com\/www.jojoenherbe.com\/wp-content\/uploads\/2021\/07\/Alice-au-Pays-des-Merveilles-4-scaled.jpg?fit=2560%2C2044&amp;ssl=1\" data-orig-size=\"2560,2044\" data-comments-opened=\"1\" data-image-meta=\"{&quot;aperture&quot;:&quot;1.8&quot;,&quot;credit&quot;:&quot;&quot;,&quot;camera&quot;:&quot;iPhone 7&quot;,&quot;caption&quot;:&quot;&quot;,&quot;created_timestamp&quot;:&quot;1622560519&quot;,&quot;copyright&quot;:&quot;&quot;,&quot;focal_length&quot;:&quot;3.99&quot;,&quot;iso&quot;:&quot;100&quot;,&quot;shutter_speed&quot;:&quot;0.11111111111111&quot;,&quot;title&quot;:&quot;&quot;,&quot;orientation&quot;:&quot;1&quot;}\" data-image-title=\"Alice au Pays des Merveilles\" data-image-description=\"\" data-image-caption=\"\" data-large-file=\"https:\/\/i0.wp.com\/www.jojoenherbe.com\/wp-content\/uploads\/2021\/07\/Alice-au-Pays-des-Merveilles-4-scaled.jpg?fit=676%2C539&amp;ssl=1\" class=\"alignleft size-thumbnail wp-image-19582\" src=\"https:\/\/i0.wp.com\/www.jojoenherbe.com\/wp-content\/uploads\/2021\/07\/Alice-au-Pays-des-Merveilles-4.jpg?resize=150%2C150\" alt=\"\" width=\"150\" height=\"150\" srcset=\"https:\/\/i0.wp.com\/www.jojoenherbe.com\/wp-content\/uploads\/2021\/07\/Alice-au-Pays-des-Merveilles-4-scaled.jpg?resize=150%2C150&amp;ssl=1 150w, https:\/\/i0.wp.com\/www.jojoenherbe.com\/wp-content\/uploads\/2021\/07\/Alice-au-Pays-des-Merveilles-4-scaled.jpg?zoom=2&amp;resize=150%2C150 300w, https:\/\/i0.wp.com\/www.jojoenherbe.com\/wp-content\/uploads\/2021\/07\/Alice-au-Pays-des-Merveilles-4-scaled.jpg?zoom=3&amp;resize=150%2C150 450w\" sizes=\"auto, (max-width: 150px) 100vw, 150px\" \/><\/a>Quand j&rsquo;avais la vingtaine, apr\u00e8s une discussion avec un ami qui venait de le lire apr\u00e8s un long trajet en train, j&rsquo;ai eu envie de d\u00e9couvrir l\u2019\u0153uvre originelle que je ne connaissais que par le dessin anim\u00e9 Disney. J&rsquo;avais donc achet\u00e9 <span style=\"text-decoration: underline;\">Alice au Pays des Merveilles<\/span> de Lewis Carroll, illustr\u00e9 par John Tenniel (illustrations en noir et blanc) et traduite par Jacques Papy (\u00e9d. Folio classique, 1994, r\u00e9\u00e9d. 2003). Apr\u00e8s avoir suivi par curiosit\u00e9 un lapin blanc dans son terrier, Alice une petite fille se retrouve plong\u00e9e dans des aventures extraordinaires au pays des merveilles, celui du r\u00eave. <br \/><\/em><\/p>\n<ul>\n<li><em><span style=\"text-decoration: underline;\">Alice au Pays des Merveilles<\/span> illustr\u00e9 par Benjamin Lacombe<\/em><\/li>\n<\/ul>\n<p style=\"text-align: justify;\"><em><a href=\"https:\/\/i0.wp.com\/www.jojoenherbe.com\/wp-content\/uploads\/2021\/06\/Alice-au-pays-des-merveilles-12-scaled.jpg\"><img data-recalc-dims=\"1\" loading=\"lazy\" decoding=\"async\" data-attachment-id=\"19130\" data-permalink=\"https:\/\/www.jojoenherbe.com\/index.php\/2021\/09\/18\/nos-lectures-alice-au-pays-des-merveilles\/alice-au-pays-des-merveilles-12\/\" data-orig-file=\"https:\/\/i0.wp.com\/www.jojoenherbe.com\/wp-content\/uploads\/2021\/06\/Alice-au-pays-des-merveilles-12-scaled.jpg?fit=1920%2C2560&amp;ssl=1\" data-orig-size=\"1920,2560\" data-comments-opened=\"1\" data-image-meta=\"{&quot;aperture&quot;:&quot;1.8&quot;,&quot;credit&quot;:&quot;&quot;,&quot;camera&quot;:&quot;iPhone 7&quot;,&quot;caption&quot;:&quot;&quot;,&quot;created_timestamp&quot;:&quot;1623434626&quot;,&quot;copyright&quot;:&quot;&quot;,&quot;focal_length&quot;:&quot;3.99&quot;,&quot;iso&quot;:&quot;100&quot;,&quot;shutter_speed&quot;:&quot;0.2&quot;,&quot;title&quot;:&quot;&quot;,&quot;orientation&quot;:&quot;1&quot;}\" data-image-title=\"Alice au pays des merveilles 12\" data-image-description=\"\" data-image-caption=\"\" data-large-file=\"https:\/\/i0.wp.com\/www.jojoenherbe.com\/wp-content\/uploads\/2021\/06\/Alice-au-pays-des-merveilles-12-scaled.jpg?fit=676%2C901&amp;ssl=1\" class=\"size-thumbnail wp-image-19130 alignright\" src=\"https:\/\/i0.wp.com\/www.jojoenherbe.com\/wp-content\/uploads\/2021\/06\/Alice-au-pays-des-merveilles-12.jpg?resize=150%2C150\" alt=\"\" width=\"150\" height=\"150\" srcset=\"https:\/\/i0.wp.com\/www.jojoenherbe.com\/wp-content\/uploads\/2021\/06\/Alice-au-pays-des-merveilles-12-scaled.jpg?resize=150%2C150&amp;ssl=1 150w, https:\/\/i0.wp.com\/www.jojoenherbe.com\/wp-content\/uploads\/2021\/06\/Alice-au-pays-des-merveilles-12-scaled.jpg?zoom=2&amp;resize=150%2C150 300w, https:\/\/i0.wp.com\/www.jojoenherbe.com\/wp-content\/uploads\/2021\/06\/Alice-au-pays-des-merveilles-12-scaled.jpg?zoom=3&amp;resize=150%2C150 450w\" sizes=\"auto, (max-width: 150px) 100vw, 150px\" \/><\/a> <a href=\"https:\/\/i0.wp.com\/www.jojoenherbe.com\/wp-content\/uploads\/2021\/06\/Alice-au-pays-des-merveilles-1-scaled.jpg\"><img data-recalc-dims=\"1\" loading=\"lazy\" decoding=\"async\" data-attachment-id=\"19086\" data-permalink=\"https:\/\/www.jojoenherbe.com\/index.php\/2021\/06\/12\/au-fil-des-pages-avec-alice-au-pays-des-merveilles-2\/alice-au-pays-des-merveilles-9\/\" data-orig-file=\"https:\/\/i0.wp.com\/www.jojoenherbe.com\/wp-content\/uploads\/2021\/06\/Alice-au-pays-des-merveilles-1-scaled.jpg?fit=2560%2C2084&amp;ssl=1\" data-orig-size=\"2560,2084\" data-comments-opened=\"1\" data-image-meta=\"{&quot;aperture&quot;:&quot;1.8&quot;,&quot;credit&quot;:&quot;&quot;,&quot;camera&quot;:&quot;iPhone 7&quot;,&quot;caption&quot;:&quot;&quot;,&quot;created_timestamp&quot;:&quot;1623434359&quot;,&quot;copyright&quot;:&quot;&quot;,&quot;focal_length&quot;:&quot;3.99&quot;,&quot;iso&quot;:&quot;80&quot;,&quot;shutter_speed&quot;:&quot;0.2&quot;,&quot;title&quot;:&quot;&quot;,&quot;orientation&quot;:&quot;1&quot;}\" data-image-title=\"Alice au pays des merveilles\" data-image-description=\"\" data-image-caption=\"\" data-large-file=\"https:\/\/i0.wp.com\/www.jojoenherbe.com\/wp-content\/uploads\/2021\/06\/Alice-au-pays-des-merveilles-1-scaled.jpg?fit=676%2C551&amp;ssl=1\" class=\"size-thumbnail wp-image-19086 alignright\" src=\"https:\/\/i0.wp.com\/www.jojoenherbe.com\/wp-content\/uploads\/2021\/06\/Alice-au-pays-des-merveilles-1.jpg?resize=150%2C150\" alt=\"\" width=\"150\" height=\"150\" srcset=\"https:\/\/i0.wp.com\/www.jojoenherbe.com\/wp-content\/uploads\/2021\/06\/Alice-au-pays-des-merveilles-1-scaled.jpg?resize=150%2C150&amp;ssl=1 150w, https:\/\/i0.wp.com\/www.jojoenherbe.com\/wp-content\/uploads\/2021\/06\/Alice-au-pays-des-merveilles-1-scaled.jpg?zoom=2&amp;resize=150%2C150 300w, https:\/\/i0.wp.com\/www.jojoenherbe.com\/wp-content\/uploads\/2021\/06\/Alice-au-pays-des-merveilles-1-scaled.jpg?zoom=3&amp;resize=150%2C150 450w\" sizes=\"auto, (max-width: 150px) 100vw, 150px\" \/><\/a> Cette fois, je replonge dans l&rsquo;univers carrollien d&rsquo;<a href=\"http:\/\/www.jojoenherbe.com\/index.php\/2021\/06\/12\/au-fil-des-pages-avec-alice-au-pays-des-merveilles-2\/\"><span style=\"text-decoration: underline;\">Alice au Pays des Merveilles<\/span><\/a> avec la version magnifiquement illustr\u00e9e par Benjamin Lacombe et traduite par Henri Parisot (\u00e9d. Soleil, coll. M\u00e9tamorphose, d\u00e9cembre 2015, 290 pages), un roman jeunesse au grand format pour les adolescents, \u00e0 partir de 13 ans avec une Alice se mouvant dans une ambiance gothique et parfois troublante. Dans la pr\u00e9face puis \u00e0 la fin de l&rsquo;ouvrage, il est rappel\u00e9 la gen\u00e8se de cette histoire, le travail de traduction pour garder l&rsquo;esprit des jeux de mots et de langage et aussi des photos et des lettres de la correspondance de Lewis Carroll.<\/em><\/p>\n<ul>\n<li><span style=\"text-decoration: underline;\"><em>Alice au Pays des Merveilles<\/em><\/span> <em>illustr\u00e9 par Guillaume Sorel<\/em><\/li>\n<\/ul>\n<p style=\"text-align: justify;\"><em><a href=\"https:\/\/i0.wp.com\/www.jojoenherbe.com\/wp-content\/uploads\/2021\/07\/Alice-au-pays-des-merveilles-scaled.jpg\"><img data-recalc-dims=\"1\" loading=\"lazy\" decoding=\"async\" data-attachment-id=\"19572\" data-permalink=\"https:\/\/www.jojoenherbe.com\/index.php\/2021\/09\/18\/nos-lectures-alice-au-pays-des-merveilles\/alice-au-pays-des-merveilles-13\/\" data-orig-file=\"https:\/\/i0.wp.com\/www.jojoenherbe.com\/wp-content\/uploads\/2021\/07\/Alice-au-pays-des-merveilles-scaled.jpg?fit=2560%2C2051&amp;ssl=1\" data-orig-size=\"2560,2051\" data-comments-opened=\"1\" data-image-meta=\"{&quot;aperture&quot;:&quot;1.8&quot;,&quot;credit&quot;:&quot;&quot;,&quot;camera&quot;:&quot;iPhone 7&quot;,&quot;caption&quot;:&quot;&quot;,&quot;created_timestamp&quot;:&quot;1623435038&quot;,&quot;copyright&quot;:&quot;&quot;,&quot;focal_length&quot;:&quot;3.99&quot;,&quot;iso&quot;:&quot;80&quot;,&quot;shutter_speed&quot;:&quot;0.16666666666667&quot;,&quot;title&quot;:&quot;&quot;,&quot;orientation&quot;:&quot;1&quot;}\" data-image-title=\"Alice au pays des merveilles\" data-image-description=\"\" data-image-caption=\"\" data-large-file=\"https:\/\/i0.wp.com\/www.jojoenherbe.com\/wp-content\/uploads\/2021\/07\/Alice-au-pays-des-merveilles-scaled.jpg?fit=676%2C541&amp;ssl=1\" class=\"alignleft size-thumbnail wp-image-19572\" src=\"https:\/\/i0.wp.com\/www.jojoenherbe.com\/wp-content\/uploads\/2021\/07\/Alice-au-pays-des-merveilles.jpg?resize=150%2C150\" alt=\"\" width=\"150\" height=\"150\" srcset=\"https:\/\/i0.wp.com\/www.jojoenherbe.com\/wp-content\/uploads\/2021\/07\/Alice-au-pays-des-merveilles-scaled.jpg?resize=150%2C150&amp;ssl=1 150w, https:\/\/i0.wp.com\/www.jojoenherbe.com\/wp-content\/uploads\/2021\/07\/Alice-au-pays-des-merveilles-scaled.jpg?zoom=2&amp;resize=150%2C150 300w, https:\/\/i0.wp.com\/www.jojoenherbe.com\/wp-content\/uploads\/2021\/07\/Alice-au-pays-des-merveilles-scaled.jpg?zoom=3&amp;resize=150%2C150 450w\" sizes=\"auto, (max-width: 150px) 100vw, 150px\" \/><\/a> <a href=\"https:\/\/i0.wp.com\/www.jojoenherbe.com\/wp-content\/uploads\/2021\/07\/Alice-au-pays-des-merveilles-2-scaled.jpg\"><img data-recalc-dims=\"1\" loading=\"lazy\" decoding=\"async\" data-attachment-id=\"19571\" data-permalink=\"https:\/\/www.jojoenherbe.com\/index.php\/2021\/09\/18\/nos-lectures-alice-au-pays-des-merveilles\/alice-au-pays-des-merveilles-2-4\/\" data-orig-file=\"https:\/\/i0.wp.com\/www.jojoenherbe.com\/wp-content\/uploads\/2021\/07\/Alice-au-pays-des-merveilles-2-scaled.jpg?fit=2560%2C1920&amp;ssl=1\" data-orig-size=\"2560,1920\" data-comments-opened=\"1\" data-image-meta=\"{&quot;aperture&quot;:&quot;1.8&quot;,&quot;credit&quot;:&quot;&quot;,&quot;camera&quot;:&quot;iPhone 7&quot;,&quot;caption&quot;:&quot;&quot;,&quot;created_timestamp&quot;:&quot;1625152930&quot;,&quot;copyright&quot;:&quot;&quot;,&quot;focal_length&quot;:&quot;3.99&quot;,&quot;iso&quot;:&quot;100&quot;,&quot;shutter_speed&quot;:&quot;0.2&quot;,&quot;title&quot;:&quot;&quot;,&quot;orientation&quot;:&quot;1&quot;}\" data-image-title=\"Alice au pays des merveilles 2\" data-image-description=\"\" data-image-caption=\"\" data-large-file=\"https:\/\/i0.wp.com\/www.jojoenherbe.com\/wp-content\/uploads\/2021\/07\/Alice-au-pays-des-merveilles-2-scaled.jpg?fit=676%2C507&amp;ssl=1\" class=\"alignleft size-thumbnail wp-image-19571\" src=\"https:\/\/i0.wp.com\/www.jojoenherbe.com\/wp-content\/uploads\/2021\/07\/Alice-au-pays-des-merveilles-2.jpg?resize=150%2C150\" alt=\"\" width=\"150\" height=\"150\" srcset=\"https:\/\/i0.wp.com\/www.jojoenherbe.com\/wp-content\/uploads\/2021\/07\/Alice-au-pays-des-merveilles-2-scaled.jpg?resize=150%2C150&amp;ssl=1 150w, https:\/\/i0.wp.com\/www.jojoenherbe.com\/wp-content\/uploads\/2021\/07\/Alice-au-pays-des-merveilles-2-scaled.jpg?zoom=2&amp;resize=150%2C150 300w, https:\/\/i0.wp.com\/www.jojoenherbe.com\/wp-content\/uploads\/2021\/07\/Alice-au-pays-des-merveilles-2-scaled.jpg?zoom=3&amp;resize=150%2C150 450w\" sizes=\"auto, (max-width: 150px) 100vw, 150px\" \/><\/a>J&rsquo;ai \u00e9galement emprunt\u00e9 une autre version illustr\u00e9e \u00e0 partir de la m\u00eame traduction fran\u00e7aise, celle d&rsquo;Henri Parisot: <span style=\"text-decoration: underline;\">Alice au Pays des Merveilles<\/span> de Lewis Carroll et illustr\u00e9 par Guillaume Sorel (\u00e9d. Rue de S\u00e8vres, 2014), un roman jeunesse (class\u00e9 aussi en BD jeunesse) \u00e0 partir de 13 ans. Guillaume Sorel pr\u00e9sente une Alice sous les traits d&rsquo;une adolescente plus qu&rsquo;une enfant et avec une apparence plus british et l&rsquo;ancrant dans une \u00e9poque victorienne. Les personnages rencontr\u00e9s et lieux visit\u00e9s par Alice sont plus angoissants bien qu&rsquo;enfantins au point que je me demande si c&rsquo;est un r\u00eave ou un cauchemar que fait la jeune fille.<br \/><\/em><\/p>\n<ul>\n<li><span style=\"text-decoration: underline;\"><em>Alice au Pays des Merveilles<\/em><\/span> <em>illustr\u00e9 par Helen Oxenbury<br \/><\/em><\/li>\n<\/ul>\n<p style=\"text-align: justify;\"><em><a href=\"https:\/\/i0.wp.com\/www.jojoenherbe.com\/wp-content\/uploads\/2021\/07\/Alice-au-Pays-des-Merveilles-2-1-scaled.jpg\"><img data-recalc-dims=\"1\" loading=\"lazy\" decoding=\"async\" data-attachment-id=\"19574\" data-permalink=\"https:\/\/www.jojoenherbe.com\/index.php\/2021\/09\/18\/nos-lectures-alice-au-pays-des-merveilles\/alice-au-pays-des-merveilles-2-5\/\" data-orig-file=\"https:\/\/i0.wp.com\/www.jojoenherbe.com\/wp-content\/uploads\/2021\/07\/Alice-au-Pays-des-Merveilles-2-1-scaled.jpg?fit=2517%2C2560&amp;ssl=1\" data-orig-size=\"2517,2560\" data-comments-opened=\"1\" data-image-meta=\"{&quot;aperture&quot;:&quot;1.8&quot;,&quot;credit&quot;:&quot;&quot;,&quot;camera&quot;:&quot;iPhone 7&quot;,&quot;caption&quot;:&quot;&quot;,&quot;created_timestamp&quot;:&quot;1623435663&quot;,&quot;copyright&quot;:&quot;&quot;,&quot;focal_length&quot;:&quot;3.99&quot;,&quot;iso&quot;:&quot;100&quot;,&quot;shutter_speed&quot;:&quot;0.11111111111111&quot;,&quot;title&quot;:&quot;&quot;,&quot;orientation&quot;:&quot;1&quot;}\" data-image-title=\"Alice au Pays des Merveilles 2\" data-image-description=\"\" data-image-caption=\"\" data-large-file=\"https:\/\/i0.wp.com\/www.jojoenherbe.com\/wp-content\/uploads\/2021\/07\/Alice-au-Pays-des-Merveilles-2-1-scaled.jpg?fit=676%2C687&amp;ssl=1\" class=\"size-thumbnail wp-image-19574 alignright\" src=\"https:\/\/i0.wp.com\/www.jojoenherbe.com\/wp-content\/uploads\/2021\/07\/Alice-au-Pays-des-Merveilles-2-1.jpg?resize=150%2C150\" alt=\"\" width=\"150\" height=\"150\" srcset=\"https:\/\/i0.wp.com\/www.jojoenherbe.com\/wp-content\/uploads\/2021\/07\/Alice-au-Pays-des-Merveilles-2-1-scaled.jpg?resize=150%2C150&amp;ssl=1 150w, https:\/\/i0.wp.com\/www.jojoenherbe.com\/wp-content\/uploads\/2021\/07\/Alice-au-Pays-des-Merveilles-2-1-scaled.jpg?zoom=2&amp;resize=150%2C150 300w, https:\/\/i0.wp.com\/www.jojoenherbe.com\/wp-content\/uploads\/2021\/07\/Alice-au-Pays-des-Merveilles-2-1-scaled.jpg?zoom=3&amp;resize=150%2C150 450w\" sizes=\"auto, (max-width: 150px) 100vw, 150px\" \/><\/a> <a href=\"https:\/\/i0.wp.com\/www.jojoenherbe.com\/wp-content\/uploads\/2021\/07\/Alice-au-Pays-des-Merveilles-1-scaled.jpg\"><img data-recalc-dims=\"1\" loading=\"lazy\" decoding=\"async\" data-attachment-id=\"19575\" data-permalink=\"https:\/\/www.jojoenherbe.com\/index.php\/2021\/09\/18\/nos-lectures-alice-au-pays-des-merveilles\/alice-au-pays-des-merveilles-14\/\" data-orig-file=\"https:\/\/i0.wp.com\/www.jojoenherbe.com\/wp-content\/uploads\/2021\/07\/Alice-au-Pays-des-Merveilles-1-scaled.jpg?fit=2560%2C1920&amp;ssl=1\" data-orig-size=\"2560,1920\" data-comments-opened=\"1\" data-image-meta=\"{&quot;aperture&quot;:&quot;1.8&quot;,&quot;credit&quot;:&quot;&quot;,&quot;camera&quot;:&quot;iPhone 7&quot;,&quot;caption&quot;:&quot;&quot;,&quot;created_timestamp&quot;:&quot;1623435347&quot;,&quot;copyright&quot;:&quot;&quot;,&quot;focal_length&quot;:&quot;3.99&quot;,&quot;iso&quot;:&quot;100&quot;,&quot;shutter_speed&quot;:&quot;0.16666666666667&quot;,&quot;title&quot;:&quot;&quot;,&quot;orientation&quot;:&quot;1&quot;}\" data-image-title=\"Alice au Pays des Merveilles\" data-image-description=\"\" data-image-caption=\"\" data-large-file=\"https:\/\/i0.wp.com\/www.jojoenherbe.com\/wp-content\/uploads\/2021\/07\/Alice-au-Pays-des-Merveilles-1-scaled.jpg?fit=676%2C507&amp;ssl=1\" class=\"size-thumbnail wp-image-19575 alignright\" src=\"https:\/\/i0.wp.com\/www.jojoenherbe.com\/wp-content\/uploads\/2021\/07\/Alice-au-Pays-des-Merveilles-1.jpg?resize=150%2C150\" alt=\"\" width=\"150\" height=\"150\" srcset=\"https:\/\/i0.wp.com\/www.jojoenherbe.com\/wp-content\/uploads\/2021\/07\/Alice-au-Pays-des-Merveilles-1-scaled.jpg?resize=150%2C150&amp;ssl=1 150w, https:\/\/i0.wp.com\/www.jojoenherbe.com\/wp-content\/uploads\/2021\/07\/Alice-au-Pays-des-Merveilles-1-scaled.jpg?zoom=2&amp;resize=150%2C150 300w, https:\/\/i0.wp.com\/www.jojoenherbe.com\/wp-content\/uploads\/2021\/07\/Alice-au-Pays-des-Merveilles-1-scaled.jpg?zoom=3&amp;resize=150%2C150 450w\" sizes=\"auto, (max-width: 150px) 100vw, 150px\" \/><\/a>Encore une version d&rsquo;<span style=\"text-decoration: underline;\">Alice au Pays des Merveilles<\/span> traduite par Henri Parisot et cette fois illustr\u00e9e par Helen Oxenbury (\u00e9d. Flammarion, 1999), un roman jeunesse \u00e0 partir de 12\/13 ans. Helen Oxenbury pr\u00e9sente Alice sous des traits d&rsquo;une petite fille pleine d&rsquo;esprit et de vie, dans des v\u00eatements modernes. L\u2019illustratrice alterne des illustrations en couleurs pastel et en noir et blanc dont il se d\u00e9gage une douceur et une ambiance enfantine, espi\u00e8gle et joyeuse o\u00f9 les personnages secondaires sont bien mis en avant. Et cette fois, nous avons la r\u00e9ponse a posteriori apport\u00e9e par Lewis Carroll \u00e0 No\u00ebl 1896 sur la devinette du Chapelier (\u00ab\u00a0Pourquoi un corbeau ressemble-t-il \u00e0 un bureau?\u00a0\u00bb).<\/em><\/p>\n<ul>\n<li><span style=\"text-decoration: underline;\"><em>Alice au Pays des Merveilles<\/em><\/span> <em>illustr\u00e9 par R\u00e9becca Dautremer<br \/><\/em><\/li>\n<\/ul>\n<p style=\"text-align: justify;\"><em><a href=\"https:\/\/i0.wp.com\/www.jojoenherbe.com\/wp-content\/uploads\/2021\/07\/Alice-au-Pays-des-Merveilles-3-scaled.jpg\"><img data-recalc-dims=\"1\" loading=\"lazy\" decoding=\"async\" data-attachment-id=\"19578\" data-permalink=\"https:\/\/www.jojoenherbe.com\/index.php\/2021\/09\/18\/nos-lectures-alice-au-pays-des-merveilles\/alice-au-pays-des-merveilles-15\/\" data-orig-file=\"https:\/\/i0.wp.com\/www.jojoenherbe.com\/wp-content\/uploads\/2021\/07\/Alice-au-Pays-des-Merveilles-3-scaled.jpg?fit=2560%2C2147&amp;ssl=1\" data-orig-size=\"2560,2147\" data-comments-opened=\"1\" data-image-meta=\"{&quot;aperture&quot;:&quot;1.8&quot;,&quot;credit&quot;:&quot;&quot;,&quot;camera&quot;:&quot;iPhone 7&quot;,&quot;caption&quot;:&quot;&quot;,&quot;created_timestamp&quot;:&quot;1622560597&quot;,&quot;copyright&quot;:&quot;&quot;,&quot;focal_length&quot;:&quot;3.99&quot;,&quot;iso&quot;:&quot;100&quot;,&quot;shutter_speed&quot;:&quot;0.076923076923077&quot;,&quot;title&quot;:&quot;&quot;,&quot;orientation&quot;:&quot;1&quot;}\" data-image-title=\"Alice au Pays des Merveilles\" data-image-description=\"\" data-image-caption=\"\" data-large-file=\"https:\/\/i0.wp.com\/www.jojoenherbe.com\/wp-content\/uploads\/2021\/07\/Alice-au-Pays-des-Merveilles-3-scaled.jpg?fit=676%2C567&amp;ssl=1\" class=\"alignleft size-thumbnail wp-image-19578\" src=\"https:\/\/i0.wp.com\/www.jojoenherbe.com\/wp-content\/uploads\/2021\/07\/Alice-au-Pays-des-Merveilles-3.jpg?resize=150%2C150\" alt=\"\" width=\"150\" height=\"150\" srcset=\"https:\/\/i0.wp.com\/www.jojoenherbe.com\/wp-content\/uploads\/2021\/07\/Alice-au-Pays-des-Merveilles-3-scaled.jpg?resize=150%2C150&amp;ssl=1 150w, https:\/\/i0.wp.com\/www.jojoenherbe.com\/wp-content\/uploads\/2021\/07\/Alice-au-Pays-des-Merveilles-3-scaled.jpg?zoom=2&amp;resize=150%2C150 300w, https:\/\/i0.wp.com\/www.jojoenherbe.com\/wp-content\/uploads\/2021\/07\/Alice-au-Pays-des-Merveilles-3-scaled.jpg?zoom=3&amp;resize=150%2C150 450w\" sizes=\"auto, (max-width: 150px) 100vw, 150px\" \/><\/a> <a href=\"https:\/\/i0.wp.com\/www.jojoenherbe.com\/wp-content\/uploads\/2021\/07\/Alice-au-Pays-des-Merveilles-2-2-scaled.jpg\"><img data-recalc-dims=\"1\" loading=\"lazy\" decoding=\"async\" data-attachment-id=\"19577\" data-permalink=\"https:\/\/www.jojoenherbe.com\/index.php\/2021\/09\/18\/nos-lectures-alice-au-pays-des-merveilles\/alice-au-pays-des-merveilles-2-6\/\" data-orig-file=\"https:\/\/i0.wp.com\/www.jojoenherbe.com\/wp-content\/uploads\/2021\/07\/Alice-au-Pays-des-Merveilles-2-2-scaled.jpg?fit=2560%2C1493&amp;ssl=1\" data-orig-size=\"2560,1493\" data-comments-opened=\"1\" data-image-meta=\"{&quot;aperture&quot;:&quot;1.8&quot;,&quot;credit&quot;:&quot;&quot;,&quot;camera&quot;:&quot;iPhone 7&quot;,&quot;caption&quot;:&quot;&quot;,&quot;created_timestamp&quot;:&quot;1623435883&quot;,&quot;copyright&quot;:&quot;&quot;,&quot;focal_length&quot;:&quot;3.99&quot;,&quot;iso&quot;:&quot;80&quot;,&quot;shutter_speed&quot;:&quot;0.125&quot;,&quot;title&quot;:&quot;&quot;,&quot;orientation&quot;:&quot;1&quot;}\" data-image-title=\"Alice au Pays des Merveilles 2\" data-image-description=\"\" data-image-caption=\"\" data-large-file=\"https:\/\/i0.wp.com\/www.jojoenherbe.com\/wp-content\/uploads\/2021\/07\/Alice-au-Pays-des-Merveilles-2-2-scaled.jpg?fit=676%2C394&amp;ssl=1\" class=\"alignleft size-thumbnail wp-image-19577\" src=\"https:\/\/i0.wp.com\/www.jojoenherbe.com\/wp-content\/uploads\/2021\/07\/Alice-au-Pays-des-Merveilles-2-2.jpg?resize=150%2C150\" alt=\"\" width=\"150\" height=\"150\" srcset=\"https:\/\/i0.wp.com\/www.jojoenherbe.com\/wp-content\/uploads\/2021\/07\/Alice-au-Pays-des-Merveilles-2-2-scaled.jpg?resize=150%2C150&amp;ssl=1 150w, https:\/\/i0.wp.com\/www.jojoenherbe.com\/wp-content\/uploads\/2021\/07\/Alice-au-Pays-des-Merveilles-2-2-scaled.jpg?zoom=2&amp;resize=150%2C150 300w, https:\/\/i0.wp.com\/www.jojoenherbe.com\/wp-content\/uploads\/2021\/07\/Alice-au-Pays-des-Merveilles-2-2-scaled.jpg?zoom=3&amp;resize=150%2C150 450w\" sizes=\"auto, (max-width: 150px) 100vw, 150px\" \/><\/a> Je lis aussi <span style=\"text-decoration: underline;\">Alice au Pays des Merveilles<\/span> de Lewis Carroll, illustr\u00e9 par R\u00e9becca Dautremer et traduit par Sophie Koechlin (\u00e9d. Gautier-Languereau, 2010), un roman jeunesse \u00e0 partir de 13 ans. R\u00e9becca Dautremer s&rsquo;est \u00e9loign\u00e9e de l&rsquo;image que Lewis Carroll avait donn\u00e9e d&rsquo;Alice puisqu&rsquo;ici, l&rsquo;illustratrice en fait une petite fille brune tr\u00e8s proche d&rsquo;Alice Riddel, la petite fille pour qui Lewis Carroll avait \u00e9crit ce conte. Le d\u00e9cor fait plus penser aux ann\u00e9es 50\/60 et aux bayous de Louisiane (Alice \u00e9voluant dans les mangroves et la maison du lapin blanc \u00e9tant sur pilotis par exemple).<\/em><\/p>\n<p><span style=\"text-decoration: underline;\"><strong>Des versions abr\u00e9g\u00e9es<\/strong><\/span><\/p>\n<ul>\n<li style=\"text-align: justify;\"><em><span style=\"text-decoration: underline;\">Alice au Pays des Merveilles<\/span> de Sophie de Mullenheim et Paku<\/em><\/li>\n<\/ul>\n<p style=\"text-align: justify;\"><em><a href=\"https:\/\/i0.wp.com\/www.jojoenherbe.com\/wp-content\/uploads\/2021\/06\/Alice-au-pays-des-merveilles-scaled.jpg\"><img data-recalc-dims=\"1\" loading=\"lazy\" decoding=\"async\" data-attachment-id=\"18852\" data-permalink=\"https:\/\/www.jojoenherbe.com\/index.php\/2021\/06\/05\/au-fil-des-pages-avec-alice-au-pays-des-merveilles\/alice-au-pays-des-merveilles-8\/\" data-orig-file=\"https:\/\/i0.wp.com\/www.jojoenherbe.com\/wp-content\/uploads\/2021\/06\/Alice-au-pays-des-merveilles-scaled.jpg?fit=2560%2C1920&amp;ssl=1\" data-orig-size=\"2560,1920\" data-comments-opened=\"1\" data-image-meta=\"{&quot;aperture&quot;:&quot;1.8&quot;,&quot;credit&quot;:&quot;&quot;,&quot;camera&quot;:&quot;iPhone 7&quot;,&quot;caption&quot;:&quot;&quot;,&quot;created_timestamp&quot;:&quot;1622560561&quot;,&quot;copyright&quot;:&quot;&quot;,&quot;focal_length&quot;:&quot;3.99&quot;,&quot;iso&quot;:&quot;100&quot;,&quot;shutter_speed&quot;:&quot;0.14285714285714&quot;,&quot;title&quot;:&quot;&quot;,&quot;orientation&quot;:&quot;1&quot;}\" data-image-title=\"Alice au pays des merveilles\" data-image-description=\"\" data-image-caption=\"\" data-large-file=\"https:\/\/i0.wp.com\/www.jojoenherbe.com\/wp-content\/uploads\/2021\/06\/Alice-au-pays-des-merveilles-scaled.jpg?fit=676%2C507&amp;ssl=1\" class=\"alignleft wp-image-18852 size-thumbnail\" src=\"https:\/\/i0.wp.com\/www.jojoenherbe.com\/wp-content\/uploads\/2021\/06\/Alice-au-pays-des-merveilles.jpg?resize=150%2C150\" alt=\"\" width=\"150\" height=\"150\" srcset=\"https:\/\/i0.wp.com\/www.jojoenherbe.com\/wp-content\/uploads\/2021\/06\/Alice-au-pays-des-merveilles-scaled.jpg?resize=150%2C150&amp;ssl=1 150w, https:\/\/i0.wp.com\/www.jojoenherbe.com\/wp-content\/uploads\/2021\/06\/Alice-au-pays-des-merveilles-scaled.jpg?zoom=2&amp;resize=150%2C150 300w, https:\/\/i0.wp.com\/www.jojoenherbe.com\/wp-content\/uploads\/2021\/06\/Alice-au-pays-des-merveilles-scaled.jpg?zoom=3&amp;resize=150%2C150 450w\" sizes=\"auto, (max-width: 150px) 100vw, 150px\" \/><\/a> <a href=\"https:\/\/i0.wp.com\/www.jojoenherbe.com\/wp-content\/uploads\/2021\/06\/Alice-au-pays-des-merveilles-4-scaled.jpg\"><img data-recalc-dims=\"1\" loading=\"lazy\" decoding=\"async\" data-attachment-id=\"18860\" data-permalink=\"https:\/\/www.jojoenherbe.com\/index.php\/2021\/06\/05\/au-fil-des-pages-avec-alice-au-pays-des-merveilles\/alice-au-pays-des-merveilles-4-2\/\" data-orig-file=\"https:\/\/i0.wp.com\/www.jojoenherbe.com\/wp-content\/uploads\/2021\/06\/Alice-au-pays-des-merveilles-4-scaled.jpg?fit=1920%2C2560&amp;ssl=1\" data-orig-size=\"1920,2560\" data-comments-opened=\"1\" data-image-meta=\"{&quot;aperture&quot;:&quot;1.8&quot;,&quot;credit&quot;:&quot;&quot;,&quot;camera&quot;:&quot;iPhone 7&quot;,&quot;caption&quot;:&quot;&quot;,&quot;created_timestamp&quot;:&quot;1622826974&quot;,&quot;copyright&quot;:&quot;&quot;,&quot;focal_length&quot;:&quot;3.99&quot;,&quot;iso&quot;:&quot;80&quot;,&quot;shutter_speed&quot;:&quot;0.16666666666667&quot;,&quot;title&quot;:&quot;&quot;,&quot;orientation&quot;:&quot;1&quot;}\" data-image-title=\"Alice au pays des merveilles 4\" data-image-description=\"\" data-image-caption=\"\" data-large-file=\"https:\/\/i0.wp.com\/www.jojoenherbe.com\/wp-content\/uploads\/2021\/06\/Alice-au-pays-des-merveilles-4-scaled.jpg?fit=676%2C901&amp;ssl=1\" class=\"alignleft size-thumbnail wp-image-18860\" src=\"https:\/\/i0.wp.com\/www.jojoenherbe.com\/wp-content\/uploads\/2021\/06\/Alice-au-pays-des-merveilles-4.jpg?resize=150%2C150\" alt=\"\" width=\"150\" height=\"150\" srcset=\"https:\/\/i0.wp.com\/www.jojoenherbe.com\/wp-content\/uploads\/2021\/06\/Alice-au-pays-des-merveilles-4-scaled.jpg?resize=150%2C150&amp;ssl=1 150w, https:\/\/i0.wp.com\/www.jojoenherbe.com\/wp-content\/uploads\/2021\/06\/Alice-au-pays-des-merveilles-4-scaled.jpg?zoom=2&amp;resize=150%2C150 300w, https:\/\/i0.wp.com\/www.jojoenherbe.com\/wp-content\/uploads\/2021\/06\/Alice-au-pays-des-merveilles-4-scaled.jpg?zoom=3&amp;resize=150%2C150 450w\" sizes=\"auto, (max-width: 150px) 100vw, 150px\" \/><\/a>Nous lisons <a href=\"http:\/\/www.jojoenherbe.com\/index.php\/2021\/06\/05\/au-fil-des-pages-avec-alice-au-pays-des-merveilles\/\"><span style=\"text-decoration: underline;\">Alice au pays des merveilles<\/span><\/a> de Sophie de Mullenheim et Paku, d&rsquo;apr\u00e8s le roman \u00e9ponyme de Lewis Carroll (\u00e9d. Auzou, coll. Les p&rsquo;tits classiques, 2016), un album jeunesse \u00e0 partir de 3 ans et qui est une version simplifi\u00e9e joliment illustr\u00e9e.<br \/><\/em><\/p>\n<ul>\n<li style=\"text-align: justify;\"><em><span style=\"text-decoration: underline;\">Alice au pays des merveilles, Dans le terrier du lapin blanc<\/span> illustr\u00e9 par \u00c9ric Puybaret<\/em><\/li>\n<\/ul>\n<p style=\"text-align: justify;\"><em><a href=\"https:\/\/i0.wp.com\/www.jojoenherbe.com\/wp-content\/uploads\/2021\/09\/Alice-au-pays-des-merveilles-Eric-Puybaret-scaled.jpg\"><img data-recalc-dims=\"1\" loading=\"lazy\" decoding=\"async\" data-attachment-id=\"20701\" data-permalink=\"https:\/\/www.jojoenherbe.com\/index.php\/2021\/09\/18\/nos-lectures-alice-au-pays-des-merveilles\/alice-au-pays-des-merveilles-eric-puybaret\/\" data-orig-file=\"https:\/\/i0.wp.com\/www.jojoenherbe.com\/wp-content\/uploads\/2021\/09\/Alice-au-pays-des-merveilles-Eric-Puybaret-scaled.jpg?fit=2560%2C1930&amp;ssl=1\" data-orig-size=\"2560,1930\" data-comments-opened=\"1\" data-image-meta=\"{&quot;aperture&quot;:&quot;1.8&quot;,&quot;credit&quot;:&quot;&quot;,&quot;camera&quot;:&quot;iPhone 7&quot;,&quot;caption&quot;:&quot;&quot;,&quot;created_timestamp&quot;:&quot;1622560534&quot;,&quot;copyright&quot;:&quot;&quot;,&quot;focal_length&quot;:&quot;3.99&quot;,&quot;iso&quot;:&quot;100&quot;,&quot;shutter_speed&quot;:&quot;0.11111111111111&quot;,&quot;title&quot;:&quot;&quot;,&quot;orientation&quot;:&quot;1&quot;}\" data-image-title=\"Alice au pays des merveilles (Eric Puybaret)\" data-image-description=\"\" data-image-caption=\"\" data-large-file=\"https:\/\/i0.wp.com\/www.jojoenherbe.com\/wp-content\/uploads\/2021\/09\/Alice-au-pays-des-merveilles-Eric-Puybaret-scaled.jpg?fit=676%2C510&amp;ssl=1\" class=\"size-thumbnail wp-image-20701 alignright\" src=\"https:\/\/i0.wp.com\/www.jojoenherbe.com\/wp-content\/uploads\/2021\/09\/Alice-au-pays-des-merveilles-Eric-Puybaret.jpg?resize=150%2C150\" alt=\"\" width=\"150\" height=\"150\" srcset=\"https:\/\/i0.wp.com\/www.jojoenherbe.com\/wp-content\/uploads\/2021\/09\/Alice-au-pays-des-merveilles-Eric-Puybaret-scaled.jpg?resize=150%2C150&amp;ssl=1 150w, https:\/\/i0.wp.com\/www.jojoenherbe.com\/wp-content\/uploads\/2021\/09\/Alice-au-pays-des-merveilles-Eric-Puybaret-scaled.jpg?zoom=2&amp;resize=150%2C150 300w, https:\/\/i0.wp.com\/www.jojoenherbe.com\/wp-content\/uploads\/2021\/09\/Alice-au-pays-des-merveilles-Eric-Puybaret-scaled.jpg?zoom=3&amp;resize=150%2C150 450w\" sizes=\"auto, (max-width: 150px) 100vw, 150px\" \/><\/a>Je lis aussi <span style=\"text-decoration: underline;\">Alice au pays des merveilles, Dans le terrier du lapin blanc<\/span> illustr\u00e9 par \u00c9ric Puybaret (\u00e9d. De la Martini\u00e8re Jeunesse, 2015), un album jeunesse \u00e0 partir de 6 ans et qui reprend les cinq premiers chapitres du roman originel, laissant pour la suite libre cours \u00e0 l&rsquo;imagination du lecteur. Un tr\u00e8s bon moment de lecture! A noter qu&rsquo;il existe une suite parue en 2017, <span style=\"text-decoration: underline;\">A l&rsquo;heure du th\u00e9 avec le chapelier<\/span>. <br \/><\/em><\/p>\n<p><span style=\"text-decoration: underline;\"><strong>Des versions d\u00e9tourn\u00e9es\/revisit\u00e9es du conte<\/strong> <\/span><\/p>\n<p><span style=\"text-decoration: underline;\"><strong>Des histoires reprenant le(s) personnage(s) du conte<\/strong><\/span><\/p>\n<ul>\n<li><em><span style=\"text-decoration: underline;\">Madame le Lapin Blanc<\/span> de Gilles Bachelet<\/em><\/li>\n<\/ul>\n<p style=\"text-align: justify;\"><em><a href=\"https:\/\/i0.wp.com\/www.jojoenherbe.com\/wp-content\/uploads\/2021\/09\/Madame-le-lapin-blanc-scaled.jpg\"><img data-recalc-dims=\"1\" loading=\"lazy\" decoding=\"async\" data-attachment-id=\"20871\" data-permalink=\"https:\/\/www.jojoenherbe.com\/index.php\/2021\/09\/18\/nos-lectures-alice-au-pays-des-merveilles\/madame-le-lapin-blanc\/\" data-orig-file=\"https:\/\/i0.wp.com\/www.jojoenherbe.com\/wp-content\/uploads\/2021\/09\/Madame-le-lapin-blanc-scaled.jpg?fit=2560%2C2337&amp;ssl=1\" data-orig-size=\"2560,2337\" data-comments-opened=\"1\" data-image-meta=\"{&quot;aperture&quot;:&quot;1.8&quot;,&quot;credit&quot;:&quot;&quot;,&quot;camera&quot;:&quot;iPhone 7&quot;,&quot;caption&quot;:&quot;&quot;,&quot;created_timestamp&quot;:&quot;1632237550&quot;,&quot;copyright&quot;:&quot;&quot;,&quot;focal_length&quot;:&quot;3.99&quot;,&quot;iso&quot;:&quot;50&quot;,&quot;shutter_speed&quot;:&quot;0.058823529411765&quot;,&quot;title&quot;:&quot;&quot;,&quot;orientation&quot;:&quot;1&quot;}\" data-image-title=\"Madame le lapin blanc\" data-image-description=\"\" data-image-caption=\"\" data-large-file=\"https:\/\/i0.wp.com\/www.jojoenherbe.com\/wp-content\/uploads\/2021\/09\/Madame-le-lapin-blanc-scaled.jpg?fit=676%2C617&amp;ssl=1\" class=\"alignleft size-thumbnail wp-image-20871\" src=\"https:\/\/i0.wp.com\/www.jojoenherbe.com\/wp-content\/uploads\/2021\/09\/Madame-le-lapin-blanc.jpg?resize=150%2C150\" alt=\"\" width=\"150\" height=\"150\" srcset=\"https:\/\/i0.wp.com\/www.jojoenherbe.com\/wp-content\/uploads\/2021\/09\/Madame-le-lapin-blanc-scaled.jpg?resize=150%2C150&amp;ssl=1 150w, https:\/\/i0.wp.com\/www.jojoenherbe.com\/wp-content\/uploads\/2021\/09\/Madame-le-lapin-blanc-scaled.jpg?zoom=2&amp;resize=150%2C150 300w, https:\/\/i0.wp.com\/www.jojoenherbe.com\/wp-content\/uploads\/2021\/09\/Madame-le-lapin-blanc-scaled.jpg?zoom=3&amp;resize=150%2C150 450w\" sizes=\"auto, (max-width: 150px) 100vw, 150px\" \/><\/a> <a href=\"https:\/\/i0.wp.com\/www.jojoenherbe.com\/wp-content\/uploads\/2021\/09\/Madame-le-lapin-blanc-2-scaled.jpg\"><img data-recalc-dims=\"1\" loading=\"lazy\" decoding=\"async\" data-attachment-id=\"20870\" data-permalink=\"https:\/\/www.jojoenherbe.com\/index.php\/2021\/09\/18\/nos-lectures-alice-au-pays-des-merveilles\/madame-le-lapin-blanc-2\/\" data-orig-file=\"https:\/\/i0.wp.com\/www.jojoenherbe.com\/wp-content\/uploads\/2021\/09\/Madame-le-lapin-blanc-2-scaled.jpg?fit=1920%2C2560&amp;ssl=1\" data-orig-size=\"1920,2560\" data-comments-opened=\"1\" data-image-meta=\"{&quot;aperture&quot;:&quot;1.8&quot;,&quot;credit&quot;:&quot;&quot;,&quot;camera&quot;:&quot;iPhone 7&quot;,&quot;caption&quot;:&quot;&quot;,&quot;created_timestamp&quot;:&quot;1632237593&quot;,&quot;copyright&quot;:&quot;&quot;,&quot;focal_length&quot;:&quot;3.99&quot;,&quot;iso&quot;:&quot;50&quot;,&quot;shutter_speed&quot;:&quot;0.058823529411765&quot;,&quot;title&quot;:&quot;&quot;,&quot;orientation&quot;:&quot;1&quot;}\" data-image-title=\"Madame le lapin blanc 2\" data-image-description=\"\" data-image-caption=\"\" data-large-file=\"https:\/\/i0.wp.com\/www.jojoenherbe.com\/wp-content\/uploads\/2021\/09\/Madame-le-lapin-blanc-2-scaled.jpg?fit=676%2C901&amp;ssl=1\" class=\"alignleft size-thumbnail wp-image-20870\" src=\"https:\/\/i0.wp.com\/www.jojoenherbe.com\/wp-content\/uploads\/2021\/09\/Madame-le-lapin-blanc-2.jpg?resize=150%2C150\" alt=\"\" width=\"150\" height=\"150\" srcset=\"https:\/\/i0.wp.com\/www.jojoenherbe.com\/wp-content\/uploads\/2021\/09\/Madame-le-lapin-blanc-2-scaled.jpg?resize=150%2C150&amp;ssl=1 150w, https:\/\/i0.wp.com\/www.jojoenherbe.com\/wp-content\/uploads\/2021\/09\/Madame-le-lapin-blanc-2-scaled.jpg?zoom=2&amp;resize=150%2C150 300w, https:\/\/i0.wp.com\/www.jojoenherbe.com\/wp-content\/uploads\/2021\/09\/Madame-le-lapin-blanc-2-scaled.jpg?zoom=3&amp;resize=150%2C150 450w\" sizes=\"auto, (max-width: 150px) 100vw, 150px\" \/><\/a>Je lis <a href=\"http:\/\/www.jojoenherbe.com\/index.php\/2021\/09\/28\/au-fil-des-pages-avec-madame-le-lapin-blanc\/\"><span style=\"text-decoration: underline;\">Madame le Lapin Blanc<\/span><\/a> de Gilles Bachelet (\u00e9d. Seuil Jeunesse, 2012), un album jeunesse prenant le point de vue de la femme du c\u00e9l\u00e8bre lapin blanc toujours en retard d&rsquo;Alice au Pays des Merveilles. \u00c9pouse et m\u00e8re au foyer d\u00e9bord\u00e9e, Madame le Lapin Blanc<\/em><em> \u00e9crit \u00e0 son journal son quotidien. Un tr\u00e8s bon moment de lecture!<br \/><\/em><\/p>\n<p><strong><span style=\"text-decoration: underline;\">Des histoires qui m&rsquo;ont fait penser \u00e0 Alice au pays des merveilles<\/span><br \/><\/strong><\/p>\n<ul>\n<li><em><span style=\"text-decoration: underline;\">L\u2019anniversaire<\/span> de Pierre Mornet<\/em><\/li>\n<\/ul>\n<p style=\"text-align: justify;\"><em><a href=\"https:\/\/i0.wp.com\/www.jojoenherbe.com\/wp-content\/uploads\/2021\/06\/Lanniversaire-scaled.jpg\"><img data-recalc-dims=\"1\" loading=\"lazy\" decoding=\"async\" data-attachment-id=\"19242\" data-permalink=\"https:\/\/www.jojoenherbe.com\/index.php\/2021\/06\/19\/au-fil-des-pages-avec-lanniversaire\/lanniversaire\/\" data-orig-file=\"https:\/\/i0.wp.com\/www.jojoenherbe.com\/wp-content\/uploads\/2021\/06\/Lanniversaire-scaled.jpg?fit=2560%2C2069&amp;ssl=1\" data-orig-size=\"2560,2069\" data-comments-opened=\"1\" data-image-meta=\"{&quot;aperture&quot;:&quot;1.8&quot;,&quot;credit&quot;:&quot;&quot;,&quot;camera&quot;:&quot;iPhone 7&quot;,&quot;caption&quot;:&quot;&quot;,&quot;created_timestamp&quot;:&quot;1624104720&quot;,&quot;copyright&quot;:&quot;&quot;,&quot;focal_length&quot;:&quot;3.99&quot;,&quot;iso&quot;:&quot;100&quot;,&quot;shutter_speed&quot;:&quot;0.125&quot;,&quot;title&quot;:&quot;&quot;,&quot;orientation&quot;:&quot;1&quot;}\" data-image-title=\"L&amp;rsquo;anniversaire\" data-image-description=\"\" data-image-caption=\"\" data-large-file=\"https:\/\/i0.wp.com\/www.jojoenherbe.com\/wp-content\/uploads\/2021\/06\/Lanniversaire-scaled.jpg?fit=676%2C547&amp;ssl=1\" class=\"alignleft size-thumbnail wp-image-19242\" src=\"https:\/\/i0.wp.com\/www.jojoenherbe.com\/wp-content\/uploads\/2021\/06\/Lanniversaire.jpg?resize=150%2C150\" alt=\"\" width=\"150\" height=\"150\" srcset=\"https:\/\/i0.wp.com\/www.jojoenherbe.com\/wp-content\/uploads\/2021\/06\/Lanniversaire-scaled.jpg?resize=150%2C150&amp;ssl=1 150w, https:\/\/i0.wp.com\/www.jojoenherbe.com\/wp-content\/uploads\/2021\/06\/Lanniversaire-scaled.jpg?zoom=2&amp;resize=150%2C150 300w, https:\/\/i0.wp.com\/www.jojoenherbe.com\/wp-content\/uploads\/2021\/06\/Lanniversaire-scaled.jpg?zoom=3&amp;resize=150%2C150 450w\" sizes=\"auto, (max-width: 150px) 100vw, 150px\" \/><\/a> <a href=\"https:\/\/i0.wp.com\/www.jojoenherbe.com\/wp-content\/uploads\/2021\/06\/Lanniversaire-4-scaled.jpg\"><img data-recalc-dims=\"1\" loading=\"lazy\" decoding=\"async\" data-attachment-id=\"19240\" data-permalink=\"https:\/\/www.jojoenherbe.com\/index.php\/2021\/06\/19\/au-fil-des-pages-avec-lanniversaire\/lanniversaire-4\/\" data-orig-file=\"https:\/\/i0.wp.com\/www.jojoenherbe.com\/wp-content\/uploads\/2021\/06\/Lanniversaire-4-scaled.jpg?fit=1920%2C2560&amp;ssl=1\" data-orig-size=\"1920,2560\" data-comments-opened=\"1\" data-image-meta=\"{&quot;aperture&quot;:&quot;1.8&quot;,&quot;credit&quot;:&quot;&quot;,&quot;camera&quot;:&quot;iPhone 7&quot;,&quot;caption&quot;:&quot;&quot;,&quot;created_timestamp&quot;:&quot;1624105611&quot;,&quot;copyright&quot;:&quot;&quot;,&quot;focal_length&quot;:&quot;3.99&quot;,&quot;iso&quot;:&quot;80&quot;,&quot;shutter_speed&quot;:&quot;0.16666666666667&quot;,&quot;title&quot;:&quot;&quot;,&quot;orientation&quot;:&quot;1&quot;}\" data-image-title=\"L&amp;rsquo;anniversaire 4\" data-image-description=\"\" data-image-caption=\"\" data-large-file=\"https:\/\/i0.wp.com\/www.jojoenherbe.com\/wp-content\/uploads\/2021\/06\/Lanniversaire-4-scaled.jpg?fit=676%2C901&amp;ssl=1\" class=\"alignleft size-thumbnail wp-image-19240\" src=\"https:\/\/i0.wp.com\/www.jojoenherbe.com\/wp-content\/uploads\/2021\/06\/Lanniversaire-4.jpg?resize=150%2C150\" alt=\"\" width=\"150\" height=\"150\" srcset=\"https:\/\/i0.wp.com\/www.jojoenherbe.com\/wp-content\/uploads\/2021\/06\/Lanniversaire-4-scaled.jpg?resize=150%2C150&amp;ssl=1 150w, https:\/\/i0.wp.com\/www.jojoenherbe.com\/wp-content\/uploads\/2021\/06\/Lanniversaire-4-scaled.jpg?zoom=2&amp;resize=150%2C150 300w, https:\/\/i0.wp.com\/www.jojoenherbe.com\/wp-content\/uploads\/2021\/06\/Lanniversaire-4-scaled.jpg?zoom=3&amp;resize=150%2C150 450w\" sizes=\"auto, (max-width: 150px) 100vw, 150px\" \/><\/a>En lecture commune avec Blandine, j&rsquo;ai <a href=\"http:\/\/www.jojoenherbe.com\/index.php\/2021\/06\/19\/au-fil-des-pages-avec-lanniversaire\/\"><span style=\"text-decoration: underline;\">L\u2019anniversaire<\/span><\/a> de Pierre Mornet (\u00e9d. Autrement, 2013), un album jeunesse \u00e0 partir de 8 ans et qui me replonge dans le monde de l\u2019enfance avec une petite fille qui rencontre le jour de son anniversaire celle qui deviendra sa meilleure amie. Un bon moment de lecture plein de po\u00e9sie, d&rsquo;onirisme et d&rsquo;imagination enfantine!<br \/><\/em><\/p>\n<p style=\"text-align: justify;\"><em>Pour d&rsquo;autres id\u00e9es de lectures autour d&rsquo;Alice au Pays des Merveilles: <a href=\"http:\/\/vivrelivre19.over-blog.com\">Blandine<\/a>.<\/em><\/p>\n<div id=\"attachment_27626\" style=\"width: 99px\" class=\"wp-caption alignleft\"><img loading=\"lazy\" decoding=\"async\" aria-describedby=\"caption-attachment-27626\" data-attachment-id=\"27626\" data-permalink=\"https:\/\/www.jojoenherbe.com\/index.php\/2022\/09\/15\/au-fil-des-pages-avec-graines-de-sable\/graines-de-sable-4\/\" data-orig-file=\"https:\/\/i0.wp.com\/www.jojoenherbe.com\/wp-content\/uploads\/2022\/09\/Graines-de-sable-4-scaled.jpg?fit=2560%2C1792&amp;ssl=1\" data-orig-size=\"2560,1792\" data-comments-opened=\"1\" data-image-meta=\"{&quot;aperture&quot;:&quot;1.8&quot;,&quot;credit&quot;:&quot;&quot;,&quot;camera&quot;:&quot;iPhone 7&quot;,&quot;caption&quot;:&quot;&quot;,&quot;created_timestamp&quot;:&quot;1663171585&quot;,&quot;copyright&quot;:&quot;&quot;,&quot;focal_length&quot;:&quot;3.99&quot;,&quot;iso&quot;:&quot;100&quot;,&quot;shutter_speed&quot;:&quot;0.071428571428571&quot;,&quot;title&quot;:&quot;&quot;,&quot;orientation&quot;:&quot;1&quot;}\" data-image-title=\"Graines de sable 4\" data-image-description=\"\" data-image-caption=\"\" data-large-file=\"https:\/\/i0.wp.com\/www.jojoenherbe.com\/wp-content\/uploads\/2022\/09\/Graines-de-sable-4-scaled.jpg?fit=676%2C473&amp;ssl=1\" class=\"wp-image-27626\" src=\"https:\/\/i1.wp.com\/www.myloubook.com\/wp-content\/uploads\/2021\/01\/Logo-A-year-in-England-02.png?resize=121%2C121\" sizes=\"auto, (max-width: 2160px) 100vw, 2160px\" srcset=\"https:\/\/i1.wp.com\/www.myloubook.com\/wp-content\/uploads\/2021\/01\/Logo-A-year-in-England-02.png?resize=121%2C121 2160w, http:\/\/www.myloubook.com\/wp-content\/uploads\/2021\/01\/Logo-A-year-in-England-02-150x150.png 150w, http:\/\/www.myloubook.com\/wp-content\/uploads\/2021\/01\/Logo-A-year-in-England-02-300x300.png 300w, http:\/\/www.myloubook.com\/wp-content\/uploads\/2021\/01\/Logo-A-year-in-England-02-768x768.png 768w, http:\/\/www.myloubook.com\/wp-content\/uploads\/2021\/01\/Logo-A-year-in-England-02-1024x1024.png 1024w, http:\/\/www.myloubook.com\/wp-content\/uploads\/2021\/01\/Logo-A-year-in-England-02-640x640.png 640w\" alt=\"\" width=\"89\" height=\"89\" aria-describedby=\"caption-attachment-27626\" data-recalc-dims=\"1\" \/><p id=\"caption-attachment-27626\" class=\"wp-caption-text\">Participation #36 Challenge A year in England pour les 10 ans du Mois Anglais de <a href=\"http:\/\/www.myloubook.com\/2021\/01\/30\/challenge-a-year-in-england-pour-les-10-ans-du-mois-anglais\/\">Lou<\/a>, <a href=\"https:\/\/plaisirsacultiver.com\/2021\/01\/30\/challenge-a-year-in-england-pour-les-10-ans-du-mois-anglais\/\">Titine<\/a> et <a href=\"http:\/\/cryssilda.canalblog.com\/archives\/2021\/01\/30\/38788358.html\">Cryssilda<\/a> #Billet th\u00e9matique<\/p><\/div>\n<div style=\"width: 107px\" class=\"wp-caption alignleft\"><img loading=\"lazy\" decoding=\"async\" class=\"nonealign widthoriginal\" src=\"https:\/\/i0.wp.com\/p4.storage.canalblog.com\/40\/68\/1394281\/128273873.png?resize=137%2C99&amp;ssl=1\" alt=\"\" width=\"97\" height=\"70\" border=\"0\" data-recalc-dims=\"1\" \/><p class=\"wp-caption-text\">Participation #58 Challenge Des livres (et des \u00e9crans) en cuisine de <a href=\"https:\/\/mapetitemediatheque.fr\/2020\/12\/des-livres-et-des-ecrans-en-cuisine-2021\/\">Bidib<\/a> et <a href=\"http:\/\/croquerlespages.canalblog.com\/archives\/2020\/12\/20\/38715076.html\">Fondant<\/a> #Tea-party<\/p><\/div>\n<div style=\"width: 108px\" class=\"wp-caption alignleft\"><img loading=\"lazy\" decoding=\"async\" class=\"\" src=\"https:\/\/i2.wp.com\/image.over-blog.com\/yI-7TM1HYsdq5TL9vZNWyIGfkew=\/filters:no_upscale()\/image%2F0776537%2F20210113%2Fob_cc2cb1_137210396-194275619064729-744701331835.png?resize=200%2C150&amp;ssl=1\" alt=\"\" width=\"98\" height=\"73\" data-amp-height=\"150\" data-amp-width=\"200\" data-recalc-dims=\"1\" \/><p class=\"wp-caption-text\">Participation #23 au challenge 2021, cette ann\u00e9e sera classique de <a href=\"http:\/\/vivrelivre19.over-blog.com\/2021\/01\/2021-cette-annee-sera-classique.html\">Blandine<\/a> et <a href=\"https:\/\/delivrer-des-livres.fr\/2021-cette-annee-sera-classique\/\">Nathalie<\/a> #Classique jeunesse<\/p><\/div>\n<div id=\"attachment_10219\" style=\"width: 84px\" class=\"wp-caption alignleft\"><img loading=\"lazy\" decoding=\"async\" aria-describedby=\"caption-attachment-10219\" data-attachment-id=\"10219\" data-permalink=\"https:\/\/www.jojoenherbe.com\/index.php\/2020\/03\/02\/au-fil-des-pages-avec-lievre-et-ours-sous-la-neige\/lievre-et-ours-sous-la-neige\/\" data-orig-file=\"https:\/\/i0.wp.com\/www.jojoenherbe.com\/wp-content\/uploads\/2020\/03\/Li%C3%A8vre-et-Ours-sous-la-neige-scaled.jpg?fit=2560%2C1892&amp;ssl=1\" data-orig-size=\"2560,1892\" data-comments-opened=\"1\" data-image-meta=\"{&quot;aperture&quot;:&quot;2.4&quot;,&quot;credit&quot;:&quot;&quot;,&quot;camera&quot;:&quot;iPhone 4S&quot;,&quot;caption&quot;:&quot;&quot;,&quot;created_timestamp&quot;:&quot;1583147305&quot;,&quot;copyright&quot;:&quot;&quot;,&quot;focal_length&quot;:&quot;4.28&quot;,&quot;iso&quot;:&quot;640&quot;,&quot;shutter_speed&quot;:&quot;0.066666666666667&quot;,&quot;title&quot;:&quot;&quot;,&quot;orientation&quot;:&quot;1&quot;}\" data-image-title=\"Li\u00e8vre et Ours, sous la neige\" data-image-description=\"\" data-image-caption=\"\" data-large-file=\"https:\/\/i0.wp.com\/www.jojoenherbe.com\/wp-content\/uploads\/2020\/03\/Li%C3%A8vre-et-Ours-sous-la-neige-scaled.jpg?fit=676%2C500&amp;ssl=1\" class=\"wp-image-10219\" src=\"https:\/\/i2.wp.com\/mapetitemediatheque.fr\/wp-content\/uploads\/2018\/11\/challenge-contes-et-l\u00e9gendes.jpg?resize=131%2C164\" sizes=\"auto, (max-width: 343px) 100vw, 343px\" srcset=\"https:\/\/i2.wp.com\/mapetitemediatheque.fr\/wp-content\/uploads\/2018\/11\/challenge-contes-et-l\u00e9gendes.jpg?resize=131%2C164 343w, http:\/\/mapetitemediatheque.fr\/wp-content\/uploads\/2018\/11\/challenge-contes-et-l\u00e9gendes-239x300.jpg 239w\" alt=\"\" width=\"74\" height=\"93\" aria-describedby=\"caption-attachment-10219\" data-attachment-id=\"10219\" data-permalink=\"http:\/\/www.jojoenherbe.com\/index.php\/2020\/03\/02\/au-fil-des-pages-avec-lievre-et-ours-sous-la-neige\/lievre-et-ours-sous-la-neige\/\" data-orig-file=\"https:\/\/i1.wp.com\/www.jojoenherbe.com\/wp-content\/uploads\/2020\/03\/Li\u00e8vre-et-Ours-sous-la-neige-scaled.jpg?fit=2560%2C1892\" data-orig-size=\"2560,1892\" data-comments-opened=\"1\" data-image-meta=\"{&quot;aperture&quot;:&quot;2.4&quot;,&quot;credit&quot;:&quot;&quot;,&quot;camera&quot;:&quot;iPhone 4S&quot;,&quot;caption&quot;:&quot;&quot;,&quot;created_timestamp&quot;:&quot;1583147305&quot;,&quot;copyright&quot;:&quot;&quot;,&quot;focal_length&quot;:&quot;4.28&quot;,&quot;iso&quot;:&quot;640&quot;,&quot;shutter_speed&quot;:&quot;0.066666666666667&quot;,&quot;title&quot;:&quot;&quot;,&quot;orientation&quot;:&quot;1&quot;}\" data-image-title=\"Li\u00e8vre et Ours, sous la neige\" data-image-description=\"\" data-medium-file=\"https:\/\/i1.wp.com\/www.jojoenherbe.com\/wp-content\/uploads\/2020\/03\/Li\u00e8vre-et-Ours-sous-la-neige-scaled.jpg?fit=300%2C222\" data-large-file=\"https:\/\/i1.wp.com\/www.jojoenherbe.com\/wp-content\/uploads\/2020\/03\/Li\u00e8vre-et-Ours-sous-la-neige-scaled.jpg?fit=676%2C500\" data-recalc-dims=\"1\" \/><p id=\"caption-attachment-10219\" class=\"wp-caption-text\">Participation #58 au Challenge Contes &amp; L\u00e9gendes 2021 de <a href=\"https:\/\/mapetitemediatheque.fr\/2020\/12\/challenge-contes-legendes-2021\/\">Bidib<\/a> #Contes et l\u00e9gendes au jardin<\/p><\/div>\n<div style=\"width: 81px\" class=\"wp-caption alignleft\"><img loading=\"lazy\" decoding=\"async\" class=\"attachment-post-image  wp-post-image\" src=\"https:\/\/i1.wp.com\/www.jojoenherbe.com\/wp-content\/uploads\/2021\/05\/challenge-cotagecore-2021-2-1.png?fit=228%2C283\" alt=\"\" width=\"71\" height=\"89\" data-attachment-id=\"18034\" data-permalink=\"http:\/\/www.jojoenherbe.com\/index.php\/2021\/05\/02\/billet-de-suivi-challenge-cottagecore-2021\/challenge-cotagecore-2021-2-1\/\" data-orig-file=\"https:\/\/i1.wp.com\/www.jojoenherbe.com\/wp-content\/uploads\/2021\/05\/challenge-cotagecore-2021-2-1.png?fit=228%2C283\" data-orig-size=\"228,283\" data-comments-opened=\"1\" data-image-meta=\"{&quot;aperture&quot;:&quot;0&quot;,&quot;credit&quot;:&quot;&quot;,&quot;camera&quot;:&quot;&quot;,&quot;caption&quot;:&quot;&quot;,&quot;created_timestamp&quot;:&quot;0&quot;,&quot;copyright&quot;:&quot;&quot;,&quot;focal_length&quot;:&quot;0&quot;,&quot;iso&quot;:&quot;0&quot;,&quot;shutter_speed&quot;:&quot;0&quot;,&quot;title&quot;:&quot;&quot;,&quot;orientation&quot;:&quot;0&quot;}\" data-image-title=\"\" data-image-description=\"\" data-medium-file=\"https:\/\/i1.wp.com\/www.jojoenherbe.com\/wp-content\/uploads\/2021\/05\/challenge-cotagecore-2021-2-1.png?fit=228%2C283\" data-large-file=\"https:\/\/i1.wp.com\/www.jojoenherbe.com\/wp-content\/uploads\/2021\/05\/challenge-cotagecore-2021-2-1.png?fit=228%2C283\" \/><p class=\"wp-caption-text\">Participation #20 au Challenge Cottagecore 2021 de <a href=\"https:\/\/artdelire.org\/challenge-cottagecore-billets-recapitulatifs\/\">MissyCornish<\/a> #Jardin<\/p><\/div>\n<div id=\"attachment_721\" style=\"width: 120px\" class=\"wp-caption alignleft\"><img loading=\"lazy\" decoding=\"async\" aria-describedby=\"caption-attachment-721\" class=\"wp-image-721\" src=\"https:\/\/i0.wp.com\/mapetitemediatheque.fr\/wp-content\/uploads\/2014\/02\/challenge-lecture-les-50-livres-recommand\u00e9-par-Hayao-Miyazaki.jpg?resize=186%2C101\" alt=\"\" width=\"110\" height=\"60\" aria-describedby=\"caption-attachment-721\" data-recalc-dims=\"1\" \/><p id=\"caption-attachment-721\" class=\"wp-caption-text\">Challenge des 50 livres recommand\u00e9s par Miyazaki \u2013 <a href=\"https:\/\/mapetitemediatheque.fr\/2014\/02\/challenge-les-50-livres-recommandees-par-hayao-miyazaki\/\">Bidib<\/a> (8)<\/p><\/div>\n\n\n<p><\/p>\n","protected":false},"excerpt":{"rendered":"<p>Pendant le Mois Anglais 2021, j&rsquo;ai voulu cette ann\u00e9e me replonger dans l&rsquo;univers carrollien avec Alice au Pays des Merveilles de Lewis Carroll (paru pour la premi\u00e8re fois en 1865) et sa suite, De l&rsquo;autre c\u00f4t\u00e9 du miroir (paru pour la premi\u00e8re fois en 1930). Et pour cette immersion dans le terrier du lapin blanc, [&hellip;]<\/p>\n","protected":false},"author":1,"featured_media":18675,"comment_status":"open","ping_status":"open","sticky":false,"template":"","format":"standard","meta":{"jetpack_post_was_ever_published":false,"_jetpack_newsletter_access":"","_jetpack_dont_email_post_to_subs":false,"_jetpack_newsletter_tier_id":0,"_jetpack_memberships_contains_paywalled_content":false,"_jetpack_memberships_contains_paid_content":false,"footnotes":""},"categories":[363],"tags":[1485,2068,785,1167,2226,596,2020,2483,1462,245,2019,2251,843,1210,2659,2654,2455,602,2597,2022,367,1209,1211,2567,2611,1295,2655,798,1177,2568],"class_list":["post-9858","post","type-post","status-publish","format-standard","has-post-thumbnail","hentry","category-mini-lecteur","tag-13-16-ans","tag-2021-cette-annee-sera-classique","tag-3-6-ans","tag-8-11-ans","tag-a-year-in-england-2021","tag-bandes-dessinees","tag-challenge-contes-et-legendes-2021","tag-challenge-cottagecore-2021","tag-challenge-des-50-livres-recommandes-par-miyazaki","tag-contes","tag-des-livres-et-des-ecrans-en-cuisine-2021","tag-eric-puybaret","tag-fantastique","tag-francois-amoretti","tag-gilles-bachelet","tag-guillaume-sorel","tag-helen-oxenbury","tag-imaginaire","tag-john-tenniel","tag-le-mois-anglais-2021","tag-lecture-jeunesse","tag-lewis-carroll","tag-nonsense","tag-paku","tag-pierre-mornet","tag-quete-didentite","tag-rebecca-dautremer","tag-reve","tag-roman-initiatique","tag-sophie-de-mullenheim","post-preview"],"jetpack_featured_media_url":"https:\/\/i0.wp.com\/www.jojoenherbe.com\/wp-content\/uploads\/2021\/06\/Nos-lectures-Alice-au-Pays-des-Merveilles-scaled.jpg?fit=2560%2C1186&ssl=1","jetpack_sharing_enabled":true,"jetpack_shortlink":"https:\/\/wp.me\/p9zhGx-2z0","jetpack_likes_enabled":true,"jetpack-related-posts":[{"id":18851,"url":"https:\/\/www.jojoenherbe.com\/index.php\/2021\/06\/05\/au-fil-des-pages-avec-alice-au-pays-des-merveilles\/","url_meta":{"origin":9858,"position":0},"title":"Au fil des pages avec Alice au pays des merveilles","author":"Jojo","date":"5 juin 2021","format":false,"excerpt":"Pour le Mois Anglais 2021, j'avais envie de partir \u00e0 la red\u00e9couverte d'Alice au pays des Merveilles en faisant un billet th\u00e9matique sur le roman de Lewis Carroll et sa suite, De l'autre c\u00f4t\u00e9 du miroir mais aussi dans des versions adapt\u00e9es, abr\u00e9g\u00e9es et\/ou illustr\u00e9es. Il s'est av\u00e9r\u00e9 que je\u2026","rel":"","context":"Dans &quot;Mini lecteur&quot;","block_context":{"text":"Mini lecteur","link":"https:\/\/www.jojoenherbe.com\/index.php\/category\/mini-lecteur\/"},"img":{"alt_text":"","src":"https:\/\/i0.wp.com\/www.jojoenherbe.com\/wp-content\/uploads\/2021\/06\/Alice-au-pays-des-merveilles-scaled.jpg?fit=1200%2C900&ssl=1&resize=350%2C200","width":350,"height":200,"srcset":"https:\/\/i0.wp.com\/www.jojoenherbe.com\/wp-content\/uploads\/2021\/06\/Alice-au-pays-des-merveilles-scaled.jpg?fit=1200%2C900&ssl=1&resize=350%2C200 1x, https:\/\/i0.wp.com\/www.jojoenherbe.com\/wp-content\/uploads\/2021\/06\/Alice-au-pays-des-merveilles-scaled.jpg?fit=1200%2C900&ssl=1&resize=525%2C300 1.5x, https:\/\/i0.wp.com\/www.jojoenherbe.com\/wp-content\/uploads\/2021\/06\/Alice-au-pays-des-merveilles-scaled.jpg?fit=1200%2C900&ssl=1&resize=700%2C400 2x, https:\/\/i0.wp.com\/www.jojoenherbe.com\/wp-content\/uploads\/2021\/06\/Alice-au-pays-des-merveilles-scaled.jpg?fit=1200%2C900&ssl=1&resize=1050%2C600 3x"},"classes":[]},{"id":19052,"url":"https:\/\/www.jojoenherbe.com\/index.php\/2021\/06\/12\/au-fil-des-pages-avec-alice-au-pays-des-merveilles-2\/","url_meta":{"origin":9858,"position":1},"title":"Au fil des pages avec Alice au pays des merveilles","author":"Jojo","date":"12 juin 2021","format":false,"excerpt":"Cette semaine, je continue mon aventure onirique et de non-sense en compagnie d'Alice au pays des merveilles avec cette fois la version magnifiquement illustr\u00e9e par Benjamin Lacombe et traduite dans sa version int\u00e9grale par Henri Parisot (\u00e9d. Soleil, d\u00e9cembre 2015, 290 page), un roman jeunesse pour les adolescents, \u00e0 partir\u2026","rel":"","context":"Dans &quot;Mini lecteur&quot;","block_context":{"text":"Mini lecteur","link":"https:\/\/www.jojoenherbe.com\/index.php\/category\/mini-lecteur\/"},"img":{"alt_text":"","src":"https:\/\/i0.wp.com\/www.jojoenherbe.com\/wp-content\/uploads\/2021\/06\/Alice-au-pays-des-merveilles-1-scaled.jpg?fit=1200%2C977&ssl=1&resize=350%2C200","width":350,"height":200,"srcset":"https:\/\/i0.wp.com\/www.jojoenherbe.com\/wp-content\/uploads\/2021\/06\/Alice-au-pays-des-merveilles-1-scaled.jpg?fit=1200%2C977&ssl=1&resize=350%2C200 1x, https:\/\/i0.wp.com\/www.jojoenherbe.com\/wp-content\/uploads\/2021\/06\/Alice-au-pays-des-merveilles-1-scaled.jpg?fit=1200%2C977&ssl=1&resize=525%2C300 1.5x, https:\/\/i0.wp.com\/www.jojoenherbe.com\/wp-content\/uploads\/2021\/06\/Alice-au-pays-des-merveilles-1-scaled.jpg?fit=1200%2C977&ssl=1&resize=700%2C400 2x, https:\/\/i0.wp.com\/www.jojoenherbe.com\/wp-content\/uploads\/2021\/06\/Alice-au-pays-des-merveilles-1-scaled.jpg?fit=1200%2C977&ssl=1&resize=1050%2C600 3x"},"classes":[]},{"id":18489,"url":"https:\/\/www.jojoenherbe.com\/index.php\/2021\/05\/25\/billet-de-suivi-le-mois-anglais-2021\/","url_meta":{"origin":9858,"position":2},"title":"Billet de suivi: Le Mois Anglais 2021","author":"Jojo","date":"25 mai 2021","format":false,"excerpt":"En juin 2021, ce sera les 10 ans du Mois Anglais coorganis\u00e9 par Lou, Titine et Cryssilda qui ont pr\u00e9vu, pour l'occasion, un programme facultatif et qui poursuit cette ann\u00e9e sp\u00e9ciale 10 ans, A Year in England 2021. Cela tombe bien, j'appr\u00e9cie beaucoup la litt\u00e9rature anglo-saxonne et nous allons donc\u2026","rel":"","context":"Dans &quot;Mini challenger&quot;","block_context":{"text":"Mini challenger","link":"https:\/\/www.jojoenherbe.com\/index.php\/category\/mini-challenger\/"},"img":{"alt_text":"","src":"https:\/\/i0.wp.com\/www.jojoenherbe.com\/wp-content\/uploads\/2021\/05\/Le-Mois-Anglais-2021.png?fit=1080%2C1080&ssl=1&resize=350%2C200","width":350,"height":200,"srcset":"https:\/\/i0.wp.com\/www.jojoenherbe.com\/wp-content\/uploads\/2021\/05\/Le-Mois-Anglais-2021.png?fit=1080%2C1080&ssl=1&resize=350%2C200 1x, https:\/\/i0.wp.com\/www.jojoenherbe.com\/wp-content\/uploads\/2021\/05\/Le-Mois-Anglais-2021.png?fit=1080%2C1080&ssl=1&resize=525%2C300 1.5x, https:\/\/i0.wp.com\/www.jojoenherbe.com\/wp-content\/uploads\/2021\/05\/Le-Mois-Anglais-2021.png?fit=1080%2C1080&ssl=1&resize=700%2C400 2x, https:\/\/i0.wp.com\/www.jojoenherbe.com\/wp-content\/uploads\/2021\/05\/Le-Mois-Anglais-2021.png?fit=1080%2C1080&ssl=1&resize=1050%2C600 3x"},"classes":[]},{"id":19547,"url":"https:\/\/www.jojoenherbe.com\/index.php\/2021\/07\/01\/notre-mois-bloguesque-de-juin-2021\/","url_meta":{"origin":9858,"position":3},"title":"Notre mois bloguesque de juin 2021","author":"Jojo","date":"1 juillet 2021","format":false,"excerpt":"C'est le premier du mois alors voici un petit retour bloguesque sur juin 2021 avec encore une fois beaucoup de lectures mais surtout anglaises, Mois Anglais oblige et le retour des balades avec le d\u00e9but de l'\u00e9t\u00e9. En juin, c'\u00e9tait en effet le Mois Anglais et m\u00eame les dix ans\u2026","rel":"","context":"Dans &quot;Mini blogueur&quot;","block_context":{"text":"Mini blogueur","link":"https:\/\/www.jojoenherbe.com\/index.php\/category\/mini-blogueur\/"},"img":{"alt_text":"","src":"https:\/\/i0.wp.com\/www.jojoenherbe.com\/wp-content\/uploads\/2021\/07\/Mois-bloguesque-juin-2021-scaled.jpg?fit=1200%2C737&ssl=1&resize=350%2C200","width":350,"height":200,"srcset":"https:\/\/i0.wp.com\/www.jojoenherbe.com\/wp-content\/uploads\/2021\/07\/Mois-bloguesque-juin-2021-scaled.jpg?fit=1200%2C737&ssl=1&resize=350%2C200 1x, https:\/\/i0.wp.com\/www.jojoenherbe.com\/wp-content\/uploads\/2021\/07\/Mois-bloguesque-juin-2021-scaled.jpg?fit=1200%2C737&ssl=1&resize=525%2C300 1.5x, https:\/\/i0.wp.com\/www.jojoenherbe.com\/wp-content\/uploads\/2021\/07\/Mois-bloguesque-juin-2021-scaled.jpg?fit=1200%2C737&ssl=1&resize=700%2C400 2x, https:\/\/i0.wp.com\/www.jojoenherbe.com\/wp-content\/uploads\/2021\/07\/Mois-bloguesque-juin-2021-scaled.jpg?fit=1200%2C737&ssl=1&resize=1050%2C600 3x"},"classes":[]},{"id":16806,"url":"https:\/\/www.jojoenherbe.com\/index.php\/2021\/06\/10\/au-fil-des-pages-avec-nina-et-le-doudou-magique\/","url_meta":{"origin":9858,"position":4},"title":"Au fil des pages avec Nina et le doudou magique","author":"Jojo","date":"10 juin 2021","format":false,"excerpt":"Depuis le d\u00e9but du printemps, nous lisons r\u00e9guli\u00e8rement Nina et le doudou magique de Nicola Killen (\u00e9d. Quatre Fleuves, coll. Livres po\u00e9tiques, 2019), un album jeunesse avec des d\u00e9coupes et \u00e0 partir de 3 ans. Lors d'un printemps pluvieux, Nina se d\u00e9sesp\u00e8re de pouvoir sortir dehors avec Merlin, son lapin\u2026","rel":"","context":"Dans &quot;Mini lecteur&quot;","block_context":{"text":"Mini lecteur","link":"https:\/\/www.jojoenherbe.com\/index.php\/category\/mini-lecteur\/"},"img":{"alt_text":"","src":"https:\/\/i0.wp.com\/www.jojoenherbe.com\/wp-content\/uploads\/2021\/06\/Nina-et-le-doudou-magique-scaled.jpg?fit=1200%2C900&ssl=1&resize=350%2C200","width":350,"height":200,"srcset":"https:\/\/i0.wp.com\/www.jojoenherbe.com\/wp-content\/uploads\/2021\/06\/Nina-et-le-doudou-magique-scaled.jpg?fit=1200%2C900&ssl=1&resize=350%2C200 1x, https:\/\/i0.wp.com\/www.jojoenherbe.com\/wp-content\/uploads\/2021\/06\/Nina-et-le-doudou-magique-scaled.jpg?fit=1200%2C900&ssl=1&resize=525%2C300 1.5x, https:\/\/i0.wp.com\/www.jojoenherbe.com\/wp-content\/uploads\/2021\/06\/Nina-et-le-doudou-magique-scaled.jpg?fit=1200%2C900&ssl=1&resize=700%2C400 2x, https:\/\/i0.wp.com\/www.jojoenherbe.com\/wp-content\/uploads\/2021\/06\/Nina-et-le-doudou-magique-scaled.jpg?fit=1200%2C900&ssl=1&resize=1050%2C600 3x"},"classes":[]},{"id":38175,"url":"https:\/\/www.jojoenherbe.com\/index.php\/2025\/02\/17\/au-fil-des-pages-avec-monsieur-le-lapin-blanc\/","url_meta":{"origin":9858,"position":5},"title":"Au fil des pages avec Monsieur le Lapin Blanc","author":"Jojo","date":"17 f\u00e9vrier 2025","format":false,"excerpt":"Nous avons lu et relu Monsieur le Lapin Blanc de Benjamin Lacombe (\u00e9d. Margot, diff. L'\u00e9cole des loisirs, octobre 2024, 48 pages), un album jeunesse grand format \u00e0 partir de 6 ans aux magnifiques illustrations. Ce n'est pas la premi\u00e8re fois que cet auteur-illustrateur se plonge dans l'univers d'Alice au\u2026","rel":"","context":"Dans &quot;Mini lecteur&quot;","block_context":{"text":"Mini lecteur","link":"https:\/\/www.jojoenherbe.com\/index.php\/category\/mini-lecteur\/"},"img":{"alt_text":"","src":"https:\/\/i0.wp.com\/www.jojoenherbe.com\/wp-content\/uploads\/2025\/01\/Monsieur-le-Lapin-Blanc-2-scaled.jpg?fit=1200%2C1005&ssl=1&resize=350%2C200","width":350,"height":200,"srcset":"https:\/\/i0.wp.com\/www.jojoenherbe.com\/wp-content\/uploads\/2025\/01\/Monsieur-le-Lapin-Blanc-2-scaled.jpg?fit=1200%2C1005&ssl=1&resize=350%2C200 1x, https:\/\/i0.wp.com\/www.jojoenherbe.com\/wp-content\/uploads\/2025\/01\/Monsieur-le-Lapin-Blanc-2-scaled.jpg?fit=1200%2C1005&ssl=1&resize=525%2C300 1.5x, https:\/\/i0.wp.com\/www.jojoenherbe.com\/wp-content\/uploads\/2025\/01\/Monsieur-le-Lapin-Blanc-2-scaled.jpg?fit=1200%2C1005&ssl=1&resize=700%2C400 2x, https:\/\/i0.wp.com\/www.jojoenherbe.com\/wp-content\/uploads\/2025\/01\/Monsieur-le-Lapin-Blanc-2-scaled.jpg?fit=1200%2C1005&ssl=1&resize=1050%2C600 3x"},"classes":[]}],"_links":{"self":[{"href":"https:\/\/www.jojoenherbe.com\/index.php\/wp-json\/wp\/v2\/posts\/9858","targetHints":{"allow":["GET"]}}],"collection":[{"href":"https:\/\/www.jojoenherbe.com\/index.php\/wp-json\/wp\/v2\/posts"}],"about":[{"href":"https:\/\/www.jojoenherbe.com\/index.php\/wp-json\/wp\/v2\/types\/post"}],"author":[{"embeddable":true,"href":"https:\/\/www.jojoenherbe.com\/index.php\/wp-json\/wp\/v2\/users\/1"}],"replies":[{"embeddable":true,"href":"https:\/\/www.jojoenherbe.com\/index.php\/wp-json\/wp\/v2\/comments?post=9858"}],"version-history":[{"count":5,"href":"https:\/\/www.jojoenherbe.com\/index.php\/wp-json\/wp\/v2\/posts\/9858\/revisions"}],"predecessor-version":[{"id":38295,"href":"https:\/\/www.jojoenherbe.com\/index.php\/wp-json\/wp\/v2\/posts\/9858\/revisions\/38295"}],"wp:featuredmedia":[{"embeddable":true,"href":"https:\/\/www.jojoenherbe.com\/index.php\/wp-json\/wp\/v2\/media\/18675"}],"wp:attachment":[{"href":"https:\/\/www.jojoenherbe.com\/index.php\/wp-json\/wp\/v2\/media?parent=9858"}],"wp:term":[{"taxonomy":"category","embeddable":true,"href":"https:\/\/www.jojoenherbe.com\/index.php\/wp-json\/wp\/v2\/categories?post=9858"},{"taxonomy":"post_tag","embeddable":true,"href":"https:\/\/www.jojoenherbe.com\/index.php\/wp-json\/wp\/v2\/tags?post=9858"}],"curies":[{"name":"wp","href":"https:\/\/api.w.org\/{rel}","templated":true}]}}