{"id":8880,"date":"2019-12-13T11:24:59","date_gmt":"2019-12-13T10:24:59","guid":{"rendered":"http:\/\/www.jojoenherbe.com\/?p=8880"},"modified":"2023-12-21T18:58:12","modified_gmt":"2023-12-21T17:58:12","slug":"un-premier-rat-de-noel-2019","status":"publish","type":"post","link":"https:\/\/www.jojoenherbe.com\/index.php\/2019\/12\/13\/un-premier-rat-de-noel-2019\/","title":{"rendered":"Un premier RAT de No\u00ebl 2019"},"content":{"rendered":"<p style=\"text-align: justify;\"><em>C&rsquo;est avec beaucoup d&rsquo;impatience que j&rsquo;attendais de d\u00e9buter ce premier RAT de No\u00ebl organis\u00e9 par Chicky Poo et Samarian du 13 d\u00e9cembre 21h au 15 d\u00e9cembre 2019 minuit, dans le cadre du Challenge \u00ab\u00a0Il \u00e9tait 7 fois No\u00ebl\u00a0\u00bb. J&rsquo;avais mis de c\u00f4t\u00e9 de nombreux albums jeunesse et romans. Certains ont d\u00e9j\u00e0 \u00e9t\u00e9 lus et rendus \u00e0 la biblioth\u00e8que &#8211; trop grande \u00e9tait l&rsquo;envie de les lire &#8211; mais d&rsquo;autres ont pris leur place. Alors voici notre pile de lectures pour ce premier RAT de No\u00ebl, en esp\u00e9rant ne pas trop \u00eatre d\u00e9rang\u00e9s par les lutins de No\u00ebl. Surtout que je suis partie pour le palier \u00ab\u00a0Silent Night\u00a0\u00bb (avec un tel logo forc\u00e9ment!) &#8211; \u00e0 savoir lire 1.000 pages.<\/em><\/p>\n<p><img data-recalc-dims=\"1\" loading=\"lazy\" decoding=\"async\" class=\"wp-image-4825 aligncenter\" src=\"https:\/\/i0.wp.com\/www.laplanquealibellules.fr\/wp-content\/uploads\/sites\/3\/2019\/11\/Silent-night.jpg?resize=348%2C169&#038;ssl=1\" sizes=\"auto, (max-width: 626px) 100vw, 626px\" srcset=\"https:\/\/www.laplanquealibellules.fr\/wp-content\/uploads\/sites\/3\/2019\/11\/Silent-night.jpg 626w, https:\/\/www.laplanquealibellules.fr\/wp-content\/uploads\/sites\/3\/2019\/11\/Silent-night-300x146.jpg 300w\" alt=\"\" width=\"348\" height=\"169\" data-id=\"4825\" data-link=\"https:\/\/www.laplanquealibellules.fr\/?attachment_id=4825\" \/><\/p>\n<p style=\"text-align: justify;\"><em>\u00a0Des albums jeunesse avec notamment (des titres rajout\u00e9s \u00e0 ma <a href=\"http:\/\/www.jojoenherbe.com\/index.php\/2019\/12\/02\/pal-de-decembre-2019\/\">PAL de d\u00e9cembre<\/a>):<\/em><\/p>\n<ul>\n<li style=\"text-align: justify;\"><em><a href=\"http:\/\/www.jojoenherbe.com\/index.php\/2019\/12\/21\/au-fil-des-pages-avec-les-bonshommes-de-neige-sont-eternels\/\"><span style=\"text-decoration: underline;\">Les bonhommes de neige sont \u00e9ternels<\/span><\/a> de Dedieu (LU)<br \/>\n<\/em><\/li>\n<li style=\"text-align: justify;\"><em><span style=\"text-decoration: underline;\">Demain c&rsquo;est No\u00ebl<\/span> de Claire Masurel et Marie H. Henry (LU)<br \/>\n<\/em><\/li>\n<li style=\"text-align: justify;\"><em><span style=\"text-decoration: underline;\">Le No\u00ebl de Rita et Machin<\/span> de Jean-Philippe Arrou-Vignod et Olivier Tallec (LU)<br \/>\n<\/em><\/li>\n<li style=\"text-align: justify;\"><em><a href=\"http:\/\/www.jojoenherbe.com\/index.php\/2019\/12\/23\/au-fil-des-pages-avec-le-premier-noel-de-lours\/\"><span style=\"text-decoration: underline;\">Le premier No\u00ebl de l&rsquo;ours<\/span><\/a> de Robert Kinerk et Jim LaMarche<\/em><\/li>\n<li style=\"text-align: justify;\"><em><a href=\"http:\/\/www.jojoenherbe.com\/index.php\/2019\/12\/22\/au-fil-des-pages-avec-un-vrai-noel\/\"><span style=\"text-decoration: underline;\">Un vrai No\u00ebl<\/span><\/a> de Catherine Metzmeyer et Herv\u00e9 Le Goff (LU)<\/em><\/li>\n<li style=\"text-align: justify;\"><em><a href=\"http:\/\/www.jojoenherbe.com\/index.php\/2019\/12\/18\/au-fil-des-pages-avec-le-joueur-de-flute-de-hamelin\/\"><span style=\"text-decoration: underline;\">Le joueur de fl\u00fbte de Hamelin<\/span><\/a> de Thomas Baas<\/em><\/li>\n<li style=\"text-align: justify;\"><em><a href=\"http:\/\/www.jojoenherbe.com\/index.php\/2019\/12\/24\/au-fil-des-pages-avec-le-noel-de-fenouil\/\"><span style=\"text-decoration: underline;\">Le No\u00ebl de Fenouil<\/span><\/a> de Brigitte Weninger et \u00c8ve Tharlet<\/em><\/li>\n<li style=\"text-align: justify;\"><em><span style=\"text-decoration: underline;\">Joyeux No\u00ebl petite souris!<\/span>\u00a0 d&rsquo;Audrey et Don Wood<\/em><\/li>\n<li style=\"text-align: justify;\"><em><span style=\"text-decoration: underline;\">Le premier grand voyage du P\u00e8re No\u00ebl<\/span> de Moe Price et Atsuko Morozumi (LU)<\/em><\/li>\n<li style=\"text-align: justify;\"><em><span style=\"text-decoration: underline;\">Les Monsieur Madame rencontrent le P\u00e8re No\u00ebl<\/span>\u00a0de Roger Hargreaves<\/em><\/li>\n<\/ul>\n<p style=\"text-align: justify;\"><em>Une BD jeunesse: le tome 3 des <a href=\"http:\/\/www.jojoenherbe.com\/index.php\/2019\/12\/17\/au-fil-des-pages-avec-le-tome-3-des-carnets-de-cerise\/\"><span style=\"text-decoration: underline;\">Carnets de Cerise, Le dernier des cinq tr\u00e9sors<\/span><\/a> de Joris Chamblain et Aur\u00e9lie Neyret (LU).<\/em><\/p>\n<p style=\"text-align: justify;\"><em>Des romans pour les plus grands:<\/em><\/p>\n<ul>\n<li style=\"text-align: justify;\"><em><span style=\"text-decoration: underline;\">Rendez-vous au Cupcake Caf\u00e9<\/span> de Jenny Colgan (540 pages) (LU)<\/em><\/li>\n<li style=\"text-align: justify;\"><em><span style=\"text-decoration: underline;\">Le livre de No\u00ebl<\/span> de Selma Lagerl\u00f6f (133 pages)<\/em><\/li>\n<li style=\"text-align: justify;\"><em><a href=\"http:\/\/www.jojoenherbe.com\/index.php\/2019\/12\/22\/au-fil-des-pages-avec-je-te-ferai-aimer-noel\/\"><span style=\"text-decoration: underline;\">Je te ferai aimer No\u00ebl<\/span><\/a> de Caro M. Leene (266 pages)<\/em><\/li>\n<\/ul>\n<p style=\"text-align: justify;\"><em>Voil\u00e0 ma pile pr\u00eate mais il faut attendre 21h! \u00c0 ce soir!<\/em><\/p>\n<p style=\"text-align: justify;\"><em>Pour d&rsquo;autres id\u00e9es de lectures sur No\u00ebl et sur l&rsquo;hiver, les autres participants du RAT: <a href=\"http:\/\/croquerlespages.canalblog.com\/archives\/2019\/12\/15\/37864142.html\">FondantGrignote<\/a>, Didine, <a href=\"http:\/\/www.lelivroblog.fr\/archive\/2019\/12\/13\/le-marathon-de-lecture-il-etait-7-fois-noel-6197976.html\">Hilde<\/a>, <a href=\"http:\/\/lilasviolet.blogspot.com\/2019\/12\/il-etait-sept-fois-noel-marathon-de.html\">LilasViolet<\/a>, Cazadora, Samlor, Oph\u00e9lie, M\u00e9line, Julia, <a href=\"https:\/\/sophieandtheseaofstories.wordpress.com\/2019\/12\/13\/marathon-de-lecture-de-noel\/\">Sophie<\/a>, LittleAread, <a href=\"http:\/\/jelydragon.blogspot.com\/2019\/12\/7xnoel-week-end-lecture-au-chalet.html\">Jelydragon<\/a>, NathChoco, Samarian, <a href=\"https:\/\/lorouge.wordpress.com\/2019\/12\/14\/il-etait-sept-fois-noel-le-rat-a-suivre-tout-le-week-end\/\">L&rsquo;Or Rouge<\/a>, <a href=\"https:\/\/www.laplanquealibellules.fr\/2019\/12\/il-etait-7-fois-noel-rat-billet-de-suivi.html\/\">Chicky Poo<\/a>, Coraline, <a href=\"https:\/\/souriresouslapluie.wordpress.com\/2019\/12\/13\/marathon-de-noeeeel\/\">Touloulou<\/a>, <a href=\"https:\/\/sorbetkiwi.wordpress.com\/2019\/12\/13\/il-etait-sept-fois-noel-marathon-de-lecture\/\">SorbetKiwi<\/a>, <a href=\"http:\/\/northanger.canalblog.com\/archives\/2019\/12\/14\/37865210.html\">Northanger<\/a> et <a href=\"http:\/\/www.unchocolatdansmonroman.fr\/2019\/12\/il-etait-7-fois-noel-marathon-lecture.html\">Unchocolatdansmonroman<\/a>.<br \/>\n<\/em><\/p>\n<p style=\"text-align: justify;\"><em><a href=\"https:\/\/i0.wp.com\/www.jojoenherbe.com\/wp-content\/uploads\/2019\/12\/Rendez-vous-au-Cupcake-caf%C3%A9.jpg\"><img data-recalc-dims=\"1\" loading=\"lazy\" decoding=\"async\" data-attachment-id=\"9019\" data-permalink=\"https:\/\/www.jojoenherbe.com\/index.php\/2019\/12\/13\/un-premier-rat-de-noel-2019\/rendez-vous-au-cupcake-cafe\/\" data-orig-file=\"https:\/\/i0.wp.com\/www.jojoenherbe.com\/wp-content\/uploads\/2019\/12\/Rendez-vous-au-Cupcake-caf%C3%A9.jpg?fit=2086%2C2142&amp;ssl=1\" data-orig-size=\"2086,2142\" data-comments-opened=\"1\" data-image-meta=\"{&quot;aperture&quot;:&quot;2.4&quot;,&quot;credit&quot;:&quot;&quot;,&quot;camera&quot;:&quot;iPhone 4S&quot;,&quot;caption&quot;:&quot;&quot;,&quot;created_timestamp&quot;:&quot;1576661789&quot;,&quot;copyright&quot;:&quot;&quot;,&quot;focal_length&quot;:&quot;4.28&quot;,&quot;iso&quot;:&quot;800&quot;,&quot;shutter_speed&quot;:&quot;0.066666666666667&quot;,&quot;title&quot;:&quot;&quot;,&quot;orientation&quot;:&quot;1&quot;}\" data-image-title=\"Rendez-vous au Cupcake caf\u00e9\" data-image-description=\"\" data-image-caption=\"\" data-large-file=\"https:\/\/i0.wp.com\/www.jojoenherbe.com\/wp-content\/uploads\/2019\/12\/Rendez-vous-au-Cupcake-caf%C3%A9.jpg?fit=676%2C694&amp;ssl=1\" class=\"alignleft size-thumbnail wp-image-9019\" src=\"https:\/\/i0.wp.com\/www.jojoenherbe.com\/wp-content\/uploads\/2019\/12\/Rendez-vous-au-Cupcake-caf%C3%A9.jpg?resize=150%2C150\" alt=\"\" width=\"150\" height=\"150\" srcset=\"https:\/\/i0.wp.com\/www.jojoenherbe.com\/wp-content\/uploads\/2019\/12\/Rendez-vous-au-Cupcake-caf%C3%A9.jpg?resize=150%2C150&amp;ssl=1 150w, https:\/\/i0.wp.com\/www.jojoenherbe.com\/wp-content\/uploads\/2019\/12\/Rendez-vous-au-Cupcake-caf%C3%A9.jpg?zoom=2&amp;resize=150%2C150 300w, https:\/\/i0.wp.com\/www.jojoenherbe.com\/wp-content\/uploads\/2019\/12\/Rendez-vous-au-Cupcake-caf%C3%A9.jpg?zoom=3&amp;resize=150%2C150 450w\" sizes=\"auto, (max-width: 150px) 100vw, 150px\" \/><\/a>Apr\u00e8s avoir lu plusieurs albums jeunesse en fin d&rsquo;apr\u00e8s-midi,\u00a0 j&rsquo;ai commenc\u00e9 le marathon de lectures \u00e0 21h pass\u00e9 avec <span style=\"text-decoration: underline;\">Rendez-vous au Cupcake Caf\u00e9<\/span> de Jenny Colgan (94 pages lues).<\/em><\/p>\n<p style=\"text-align: justify;\"><em>Apr\u00e8s une bonne nuit au pays des lutins,\u00a0 je laisse de c\u00f4t\u00e9 <span style=\"text-decoration: underline;\">Rendez-vous au Cupcake Caf\u00e9<\/span> pour plonger dans des albums jeunesse.\u00a0 Une fois le petit d\u00e9jeuner pris &#8211; un pain au chocolat et un caf\u00e9 ou un chocolat chaud &#8211; nous commen\u00e7ons notre journ\u00e9e lecture par <span style=\"text-decoration: underline;\">Les bonshommes de neige sont \u00e9ternels<\/span> de Dedieu. Un tr\u00e8s joli album grand format!\u00a0 Puis nous continuons avec deux albums jeunesse reprenant les \u00e9tapes des pr\u00e9paratifs de No\u00ebl: <span style=\"text-decoration: underline;\">Demain c&rsquo;est No\u00ebl<\/span> de Claire Masurel et Marie H. Henry et <span style=\"text-decoration: underline;\">Le No\u00ebl de Rita et Machin<\/span> de Jean &#8211; Philippe Arrou &#8211; Vignod et Olivier Tallec.\u00a0 Nous relisons <a href=\"http:\/\/www.jojoenherbe.com\/index.php\/2019\/12\/10\/au-fil-des-pages-avec-la-lettre-du-pere-noel\/\"><span style=\"text-decoration: underline;\">La lettre du P\u00e8re No\u00ebl<\/span><\/a> d&rsquo;Yukiko Tanno et Mako Taruishi puis encha\u00eenons avec <span style=\"text-decoration: underline;\">Le premier grand voyage du P\u00e8re No\u00ebl<\/span> de Moe Price et Atsuko Morozumi.\u00a0 Nous finissons ce moment lecture avec un livre d&rsquo;amiti\u00e9 qui rappelle l&rsquo;esprit de No\u00ebl m\u00eame si l&rsquo;histoire ne se d\u00e9roule pas \u00e0 No\u00ebl: <span style=\"text-decoration: underline;\">La maison des animaux<\/span> de Patricia Hegarty et Greg Abbott.<\/em><\/p>\n<p style=\"text-align: justify;\"><em>En fin de matin\u00e9e,\u00a0 je fais un petit tour chez les autres participants,\u00a0 de bons moments de lectures cosy aussi!\u00a0 Puis nous partons fl\u00e2ner au march\u00e9 de No\u00ebl de La Gaude qui se termine en d\u00e9but de soir\u00e9e par un d\u00e9fil\u00e9 de lampions et un spectacle feu.<\/em><\/p>\n<p style=\"text-align: justify;\"><em><a href=\"https:\/\/i0.wp.com\/www.jojoenherbe.com\/wp-content\/uploads\/2019\/12\/1er-RAT-de-No%C3%ABl-3.jpg\"><img data-recalc-dims=\"1\" loading=\"lazy\" decoding=\"async\" data-attachment-id=\"8927\" data-permalink=\"https:\/\/www.jojoenherbe.com\/index.php\/2019\/12\/13\/un-premier-rat-de-noel-2019\/1er-rat-de-noel-3\/\" data-orig-file=\"https:\/\/i0.wp.com\/www.jojoenherbe.com\/wp-content\/uploads\/2019\/12\/1er-RAT-de-No%C3%ABl-3.jpg?fit=2448%2C2463&amp;ssl=1\" data-orig-size=\"2448,2463\" data-comments-opened=\"1\" data-image-meta=\"{&quot;aperture&quot;:&quot;2.4&quot;,&quot;credit&quot;:&quot;&quot;,&quot;camera&quot;:&quot;iPhone 4S&quot;,&quot;caption&quot;:&quot;&quot;,&quot;created_timestamp&quot;:&quot;1576234827&quot;,&quot;copyright&quot;:&quot;&quot;,&quot;focal_length&quot;:&quot;4.28&quot;,&quot;iso&quot;:&quot;250&quot;,&quot;shutter_speed&quot;:&quot;0.05&quot;,&quot;title&quot;:&quot;&quot;,&quot;orientation&quot;:&quot;1&quot;}\" data-image-title=\"1er RAT de No\u00ebl 3\" data-image-description=\"\" data-image-caption=\"\" data-large-file=\"https:\/\/i0.wp.com\/www.jojoenherbe.com\/wp-content\/uploads\/2019\/12\/1er-RAT-de-No%C3%ABl-3.jpg?fit=676%2C680&amp;ssl=1\" class=\"wp-image-8927 size-thumbnail alignright\" src=\"https:\/\/i0.wp.com\/www.jojoenherbe.com\/wp-content\/uploads\/2019\/12\/1er-RAT-de-No%C3%ABl-3.jpg?resize=150%2C150\" alt=\"\" width=\"150\" height=\"150\" srcset=\"https:\/\/i0.wp.com\/www.jojoenherbe.com\/wp-content\/uploads\/2019\/12\/1er-RAT-de-No%C3%ABl-3.jpg?resize=150%2C150&amp;ssl=1 150w, https:\/\/i0.wp.com\/www.jojoenherbe.com\/wp-content\/uploads\/2019\/12\/1er-RAT-de-No%C3%ABl-3.jpg?resize=298%2C300&amp;ssl=1 298w, https:\/\/i0.wp.com\/www.jojoenherbe.com\/wp-content\/uploads\/2019\/12\/1er-RAT-de-No%C3%ABl-3.jpg?resize=1018%2C1024&amp;ssl=1 1018w, https:\/\/i0.wp.com\/www.jojoenherbe.com\/wp-content\/uploads\/2019\/12\/1er-RAT-de-No%C3%ABl-3.jpg?resize=768%2C773&amp;ssl=1 768w, https:\/\/i0.wp.com\/www.jojoenherbe.com\/wp-content\/uploads\/2019\/12\/1er-RAT-de-No%C3%ABl-3.jpg?resize=1527%2C1536&amp;ssl=1 1527w, https:\/\/i0.wp.com\/www.jojoenherbe.com\/wp-content\/uploads\/2019\/12\/1er-RAT-de-No%C3%ABl-3.jpg?resize=2036%2C2048&amp;ssl=1 2036w, https:\/\/i0.wp.com\/www.jojoenherbe.com\/wp-content\/uploads\/2019\/12\/1er-RAT-de-No%C3%ABl-3.jpg?resize=676%2C680&amp;ssl=1 676w, https:\/\/i0.wp.com\/www.jojoenherbe.com\/wp-content\/uploads\/2019\/12\/1er-RAT-de-No%C3%ABl-3.jpg?w=1352 1352w\" sizes=\"auto, (max-width: 150px) 100vw, 150px\" \/><\/a>Retour \u00e0 la maison, passage sur les blogs des autres participants et dans la lecture avec le tome 3 des <a href=\"http:\/\/www.jojoenherbe.com\/index.php\/2019\/12\/17\/au-fil-des-pages-avec-le-tome-3-des-carnets-de-cerise\/\"><span style=\"text-decoration: underline;\">Carnets de Cerise, Le dernier des cinq tr\u00e9sors<\/span><\/a> de Joris Chamblain et Aur\u00e9lie Neyret. Une enqu\u00eate pleine de nostalgie en p\u00e9riode de No\u00ebl pour Cerise et ses amies!<br \/>\n<\/em><\/p>\n<p style=\"text-align: justify;\"><em>Puis je finis ma soir\u00e9e de lecture en reprenant la suite des aventures d&rsquo;Izzi dans <span style=\"text-decoration: underline;\">Rendez-vous au Cupcake Caf\u00e9<\/span> de Jenny Colgan.<\/em><\/p>\n<p style=\"text-align: justify;\"><em>Dimanche 15 d\u00e9cembre,\u00a0 dernier jour de ce premier RAT. Un caf\u00e9 \u00e0 la main, je me pr\u00e9pare \u00e0 entrer dans le Cupcake Caf\u00e9 qu&rsquo;a enfin pris Izzy.\u00a0 Vous l&rsquo;aurez compris,\u00a0 je me replonge ce matin dans <span style=\"text-decoration: underline;\">Rendez-vous au Cupcake Caf\u00e9<\/span> apr\u00e8s un petit tour sur les blogs des autres participants.<br \/>\n<\/em><\/p>\n<p style=\"text-align: justify;\"><em>Le soleil \u00e9tant finalement bien pr\u00e9sent aujourd&rsquo;hui, nous choisissons de sortir profiter du beau temps. Nous ne rentrons que vers 16h30.\u00a0 Le temps d&rsquo;une petite pause go\u00fbter puis nous retournons dans la lecture avec le num\u00e9ro de d\u00e9cembre 2019 de Pomme d&rsquo;Api qui se pr\u00e9sente sous forme de 24 histoires accompagn\u00e9 d&rsquo;un calendrier de l&rsquo;avent. Nous lisons les pages du 1er d\u00e9cembre jusqu&rsquo;\u00e0 aujourd&rsquo;hui tout en ouvrant au-fur-et-\u00e0-mesure les cases correspondantes du calendrier. Nous lisons \u00e9galement l&rsquo;histoire principale du num\u00e9ro de d\u00e9cembre 2019 des Belles histoires, \u00ab\u00a0Le P\u00e8re No\u00ebl et la plume rouge\u00a0\u00bb. Puis nous relisons des albums jeunesse: <a href=\"http:\/\/www.jojoenherbe.com\/index.php\/2019\/12\/11\/au-fil-des-pages-avec-debout-cest-noel\/\"><span style=\"text-decoration: underline;\">Debout, c&rsquo;est No\u00ebl<\/span><\/a> de Catherine Metzmeyer et Anja Klauss, <span style=\"text-decoration: underline;\">Anton et le cadeau de No\u00ebl<\/span> d&rsquo;Ole K\u00f6nnecke, <a href=\"http:\/\/www.jojoenherbe.com\/index.php\/2019\/12\/06\/au-fil-des-pages-avec-linvite-de-noel\/\"><span style=\"text-decoration: underline;\">L&rsquo;invit\u00e9 de No\u00ebl<\/span><\/a> de France Quatromme et M\u00e9lanie Allag, <a href=\"http:\/\/www.jojoenherbe.com\/index.php\/2019\/12\/29\/au-fil-des-pages-avec-le-premier-noel-de-nina\/\"><span style=\"text-decoration: underline;\">Le premier No\u00ebl de Nina<\/span><\/a> de Christine Leeson et Gaby Hansen, <a href=\"http:\/\/www.jojoenherbe.com\/index.php\/2019\/12\/17\/au-fil-des-pages-avec-joyeux-noel-petite-taupe\/\"><span style=\"text-decoration: underline;\">Joyeux No\u00ebl, Petite taupe!<\/span><\/a> d&rsquo;Orianne Lallemand et Claire Frossard ainsi que <span style=\"text-decoration: underline;\">Mon imaginer de la po\u00e9sie<\/span> d&rsquo;Olivier Latyk.<\/em><\/p>\n<p style=\"text-align: justify;\"><em>Puis, apr\u00e8s le repas du soir, notre choix de lecture se porte sur deux albums jeunesse que nous n&rsquo;avions pas encore lus sur No\u00ebl mais sans P\u00e8re No\u00ebl: <a href=\"http:\/\/www.jojoenherbe.com\/index.php\/2019\/12\/18\/au-fil-des-pages-avec-plume-et-les-cadeaux-de-noel\/\"><span style=\"text-decoration: underline;\">Plume et les cadeaux de No\u00ebl<\/span><\/a> de Rebecca Harry et <a href=\"http:\/\/www.jojoenherbe.com\/index.php\/2019\/12\/22\/au-fil-des-pages-avec-un-vrai-noel\/\"><span style=\"text-decoration: underline;\">Un vrai No\u00ebl<\/span><\/a> de Catherine Metzmeyer et Herv\u00e9 Le Goff.<\/em><\/p>\n<p style=\"text-align: justify;\"><em>Je reprends ensuite ma lecture de <span style=\"text-decoration: underline;\">Rendez-vous au Cupcake Caf\u00e9<\/span> en esp\u00e9rant pouvoir le finir avant minuit. Finalement,\u00a0 je finis ce roman peu apr\u00e8s 23h30, arrivant tr\u00e8s accessoirement \u00e0 atteindre le palier \u00ab\u00a0Silent Night\u00a0\u00bb ( 1.060 pages).<\/em><\/p>\n<div id=\"attachment_4826\" style=\"width: 143px\" class=\"wp-caption aligncenter\"><img data-recalc-dims=\"1\" loading=\"lazy\" decoding=\"async\" aria-describedby=\"caption-attachment-4826\" class=\"wp-image-4826\" src=\"https:\/\/i0.wp.com\/www.laplanquealibellules.fr\/wp-content\/uploads\/sites\/3\/2019\/11\/Logo-Samarian_RAT_1.jpg?resize=133%2C133&#038;ssl=1\" sizes=\"auto, (max-width: 600px) 100vw, 600px\" srcset=\"https:\/\/www.laplanquealibellules.fr\/wp-content\/uploads\/sites\/3\/2019\/11\/Logo-Samarian_RAT_1.jpg 600w, https:\/\/www.laplanquealibellules.fr\/wp-content\/uploads\/sites\/3\/2019\/11\/Logo-Samarian_RAT_1-150x150.jpg 150w, https:\/\/www.laplanquealibellules.fr\/wp-content\/uploads\/sites\/3\/2019\/11\/Logo-Samarian_RAT_1-300x300.jpg 300w\" alt=\"\" width=\"133\" height=\"133\" data-id=\"4826\" data-link=\"https:\/\/www.laplanquealibellules.fr\/?attachment_id=4826\" \/><p id=\"caption-attachment-4826\" class=\"wp-caption-text\">Challenge Il \u00e9tait 7 fois No\u00ebl de <a href=\"https:\/\/www.laplanquealibellules.fr\/2019\/12\/il-etait-7-fois-noel-marathon-de-lecture.html\/\">Chicky Poo<\/a> et <a href=\"https:\/\/viedecontedefee.blogspot.com\/2019\/12\/1584-marathon-lecture-inscription-il.html\">Samarian<\/a> #RAT de No\u00ebl<\/p><\/div>\n","protected":false},"excerpt":{"rendered":"<p>C&rsquo;est avec beaucoup d&rsquo;impatience que j&rsquo;attendais de d\u00e9buter ce premier RAT de No\u00ebl organis\u00e9 par Chicky Poo et Samarian du 13 d\u00e9cembre 21h au 15 d\u00e9cembre 2019 minuit, dans le cadre du Challenge \u00ab\u00a0Il \u00e9tait 7 fois No\u00ebl\u00a0\u00bb. J&rsquo;avais mis de c\u00f4t\u00e9 de nombreux albums jeunesse et romans. Certains ont d\u00e9j\u00e0 \u00e9t\u00e9 lus et rendus [&hellip;]<\/p>\n","protected":false},"author":1,"featured_media":8930,"comment_status":"open","ping_status":"open","sticky":false,"template":"","format":"standard","meta":{"jetpack_post_was_ever_published":false,"_jetpack_newsletter_access":"","_jetpack_dont_email_post_to_subs":false,"_jetpack_newsletter_tier_id":0,"_jetpack_memberships_contains_paywalled_content":false,"_jetpack_memberships_contains_paid_content":false,"footnotes":""},"categories":[873,363],"tags":[983,982,367,1016,1056,905],"class_list":["post-8880","post","type-post","status-publish","format-standard","has-post-thumbnail","hentry","category-mini-challenger","category-mini-lecteur","tag-challenge-de-noel","tag-il-etait-7-fois-noel","tag-lecture-jeunesse","tag-lectures-dhiver","tag-lectures-de-noel","tag-romans-adulte","post-preview"],"jetpack_featured_media_url":"https:\/\/i0.wp.com\/www.jojoenherbe.com\/wp-content\/uploads\/2019\/12\/1er-RAT-de-No%C3%ABl.jpg?fit=1821%2C1872&ssl=1","jetpack_sharing_enabled":true,"jetpack_shortlink":"https:\/\/wp.me\/p9zhGx-2je","jetpack_likes_enabled":true,"jetpack-related-posts":[{"id":13574,"url":"https:\/\/www.jojoenherbe.com\/index.php\/2020\/11\/10\/billet-de-suivi-il-etait-8-fois-noel\/","url_meta":{"origin":8880,"position":0},"title":"Billet de suivi: Il \u00e9tait 8 fois No\u00ebl","author":"Jojo","date":"10 novembre 2020","format":false,"excerpt":"Le mois de d\u00e9cembre approchant, c'est le retour de Il \u00e9tait 8 fois No\u00ebl, un challenge de No\u00ebl organis\u00e9 par Chicky Poo et Samarian et qui se d\u00e9roule du 30 novembre 2020 au 3 janvier 2021. Pour plus d\u2019infos, n\u2019h\u00e9sitez pas \u00e0 aller sur leurs blogs. Ce billet sera actualis\u00e9\u2026","rel":"","context":"Dans &quot;Mini challenger&quot;","block_context":{"text":"Mini challenger","link":"https:\/\/www.jojoenherbe.com\/index.php\/category\/mini-challenger\/"},"img":{"alt_text":"","src":"https:\/\/i0.wp.com\/www.jojoenherbe.com\/wp-content\/uploads\/2020\/11\/Logo_2_2020-1024x992-1.jpg?fit=1024%2C992&ssl=1&resize=350%2C200","width":350,"height":200,"srcset":"https:\/\/i0.wp.com\/www.jojoenherbe.com\/wp-content\/uploads\/2020\/11\/Logo_2_2020-1024x992-1.jpg?fit=1024%2C992&ssl=1&resize=350%2C200 1x, https:\/\/i0.wp.com\/www.jojoenherbe.com\/wp-content\/uploads\/2020\/11\/Logo_2_2020-1024x992-1.jpg?fit=1024%2C992&ssl=1&resize=525%2C300 1.5x, https:\/\/i0.wp.com\/www.jojoenherbe.com\/wp-content\/uploads\/2020\/11\/Logo_2_2020-1024x992-1.jpg?fit=1024%2C992&ssl=1&resize=700%2C400 2x"},"classes":[]},{"id":22494,"url":"https:\/\/www.jojoenherbe.com\/index.php\/2021\/11\/17\/billet-de-suivi-il-etait-9-fois-noel\/","url_meta":{"origin":8880,"position":1},"title":"Billet de suivi: Il \u00e9tait 9 fois No\u00ebl","author":"Jojo","date":"17 novembre 2021","format":false,"excerpt":"Le mois de d\u00e9cembre approchant, c\u2019est le retour de Il \u00e9tait 9 fois No\u00ebl, un challenge de No\u00ebl organis\u00e9 par Chicky Poo et Samarian qui ouvrent les portes de leur Chalet du 29 novembre 2021 au 2 janvier 2022. Pour plus d\u2019infos, n\u2019h\u00e9sitez pas \u00e0 aller sur leurs blogs. Ce\u2026","rel":"","context":"Dans &quot;Mini challenger&quot;","block_context":{"text":"Mini challenger","link":"https:\/\/www.jojoenherbe.com\/index.php\/category\/mini-challenger\/"},"img":{"alt_text":"","src":"https:\/\/i0.wp.com\/www.jojoenherbe.com\/wp-content\/uploads\/2021\/11\/Il-etait-9-fois-Noel-logo.jpg?fit=500%2C500&ssl=1&resize=350%2C200","width":350,"height":200},"classes":[]},{"id":28631,"url":"https:\/\/www.jojoenherbe.com\/index.php\/2022\/11\/18\/billet-de-suivi-il-etait-10-fois-noel\/","url_meta":{"origin":8880,"position":2},"title":"Billet de suivi: Il \u00e9tait 10 fois No\u00ebl","author":"Jojo","date":"18 novembre 2022","format":false,"excerpt":"Le mois de d\u00e9cembre approchant, c\u2019est le retour de Il \u00e9tait 10 fois No\u00ebl, un challenge de No\u00ebl organis\u00e9 par Chicky Poo et Samarian qui ouvrent les portes de leur Chalet du 28 novembre 2021 au 8 janvier 2022. Pour plus d\u2019infos, n\u2019h\u00e9sitez pas \u00e0 aller sur leurs blogs. Ce\u2026","rel":"","context":"Dans &quot;Mini challenger&quot;","block_context":{"text":"Mini challenger","link":"https:\/\/www.jojoenherbe.com\/index.php\/category\/mini-challenger\/"},"img":{"alt_text":"","src":"https:\/\/i0.wp.com\/www.jojoenherbe.com\/wp-content\/uploads\/2022\/11\/Il-etait-10-fois-Noel.jpg?fit=824%2C824&ssl=1&resize=350%2C200","width":350,"height":200,"srcset":"https:\/\/i0.wp.com\/www.jojoenherbe.com\/wp-content\/uploads\/2022\/11\/Il-etait-10-fois-Noel.jpg?fit=824%2C824&ssl=1&resize=350%2C200 1x, https:\/\/i0.wp.com\/www.jojoenherbe.com\/wp-content\/uploads\/2022\/11\/Il-etait-10-fois-Noel.jpg?fit=824%2C824&ssl=1&resize=525%2C300 1.5x, https:\/\/i0.wp.com\/www.jojoenherbe.com\/wp-content\/uploads\/2022\/11\/Il-etait-10-fois-Noel.jpg?fit=824%2C824&ssl=1&resize=700%2C400 2x"},"classes":[]},{"id":41357,"url":"https:\/\/www.jojoenherbe.com\/index.php\/2025\/11\/15\/billet-de-suivi-il-etait-13-fois-noel\/","url_meta":{"origin":8880,"position":3},"title":"Billet de suivi: Il \u00e9tait 13 fois No\u00ebl","author":"Jojo","date":"15 novembre 2025","format":false,"excerpt":"Le mois de d\u00e9cembre approchant, c\u2019est le retour de Il \u00e9tait 13 fois No\u00ebl, un challenge de No\u00ebl coorganis\u00e9 par Chicky Poo et Samarian qui ouvrent les portes de leur Chalet du 15 novembre 2025 au 11 janvier 2026. Cette ann\u00e9e, elles ont imagin\u00e9 une nouvelle formule avec des cases\u2026","rel":"","context":"Dans &quot;Mini blogueur&quot;","block_context":{"text":"Mini blogueur","link":"https:\/\/www.jojoenherbe.com\/index.php\/category\/mini-blogueur\/"},"img":{"alt_text":"","src":"https:\/\/i0.wp.com\/www.jojoenherbe.com\/wp-content\/uploads\/2025\/11\/Il-etait-13-fois-Noel-logo.jpg?fit=626%2C589&ssl=1&resize=350%2C200","width":350,"height":200,"srcset":"https:\/\/i0.wp.com\/www.jojoenherbe.com\/wp-content\/uploads\/2025\/11\/Il-etait-13-fois-Noel-logo.jpg?fit=626%2C589&ssl=1&resize=350%2C200 1x, https:\/\/i0.wp.com\/www.jojoenherbe.com\/wp-content\/uploads\/2025\/11\/Il-etait-13-fois-Noel-logo.jpg?fit=626%2C589&ssl=1&resize=525%2C300 1.5x"},"classes":[]},{"id":22744,"url":"https:\/\/www.jojoenherbe.com\/index.php\/2021\/12\/11\/un-rat-de-noel-2021\/","url_meta":{"origin":8880,"position":4},"title":"Un RAT de No\u00ebl 2021","author":"Jojo","date":"11 d\u00e9cembre 2021","format":false,"excerpt":"Depuis hier soir, 21h a lieu un read-a-thon no\u00ebllesque propos\u00e9 par Samarian et Chicky Poo dans le cadre de leur challenge Il \u00e9tait 9 fois No\u00ebl. Ce RAT finit demain \u00e0 minuit. Nos deux Santa lutines nous proposent donc un long week-end de lectures au chalet avec des d\u00e9fis facultatifs:\u2026","rel":"","context":"Dans &quot;Mini challenger&quot;","block_context":{"text":"Mini challenger","link":"https:\/\/www.jojoenherbe.com\/index.php\/category\/mini-challenger\/"},"img":{"alt_text":"","src":"https:\/\/i0.wp.com\/www.jojoenherbe.com\/wp-content\/uploads\/2021\/12\/RAT-de-Noel-2021-scaled.jpg?fit=1200%2C838&ssl=1&resize=350%2C200","width":350,"height":200,"srcset":"https:\/\/i0.wp.com\/www.jojoenherbe.com\/wp-content\/uploads\/2021\/12\/RAT-de-Noel-2021-scaled.jpg?fit=1200%2C838&ssl=1&resize=350%2C200 1x, https:\/\/i0.wp.com\/www.jojoenherbe.com\/wp-content\/uploads\/2021\/12\/RAT-de-Noel-2021-scaled.jpg?fit=1200%2C838&ssl=1&resize=525%2C300 1.5x, https:\/\/i0.wp.com\/www.jojoenherbe.com\/wp-content\/uploads\/2021\/12\/RAT-de-Noel-2021-scaled.jpg?fit=1200%2C838&ssl=1&resize=700%2C400 2x, https:\/\/i0.wp.com\/www.jojoenherbe.com\/wp-content\/uploads\/2021\/12\/RAT-de-Noel-2021-scaled.jpg?fit=1200%2C838&ssl=1&resize=1050%2C600 3x"},"classes":[]},{"id":14380,"url":"https:\/\/www.jojoenherbe.com\/index.php\/2020\/12\/11\/un-premier-rat-de-noel-2020\/","url_meta":{"origin":8880,"position":5},"title":"Un premier RAT de No\u00ebl 2020","author":"Jojo","date":"11 d\u00e9cembre 2020","format":false,"excerpt":"Ce 11 d\u00e9cembre 2020 \u00e0 21h d\u00e9bute un premier RAT de No\u00ebl organis\u00e9 par Samarian et Chicky Poo dans le cadre du challenge \"Il \u00e9tait 8 fois No\u00ebl\", et ce jusqu'au 13 d\u00e9cembre minuit avec au moins une lecture sur le th\u00e8me de l\u2019hiver et\/ou de No\u00ebl. Alors on se\u2026","rel":"","context":"Dans &quot;Mini challenger&quot;","block_context":{"text":"Mini challenger","link":"https:\/\/www.jojoenherbe.com\/index.php\/category\/mini-challenger\/"},"img":{"alt_text":"","src":"https:\/\/i0.wp.com\/www.jojoenherbe.com\/wp-content\/uploads\/2020\/12\/PAL-du-1er-RAT-de-Noel-2020-scaled.jpg?fit=1200%2C774&ssl=1&resize=350%2C200","width":350,"height":200,"srcset":"https:\/\/i0.wp.com\/www.jojoenherbe.com\/wp-content\/uploads\/2020\/12\/PAL-du-1er-RAT-de-Noel-2020-scaled.jpg?fit=1200%2C774&ssl=1&resize=350%2C200 1x, https:\/\/i0.wp.com\/www.jojoenherbe.com\/wp-content\/uploads\/2020\/12\/PAL-du-1er-RAT-de-Noel-2020-scaled.jpg?fit=1200%2C774&ssl=1&resize=525%2C300 1.5x, https:\/\/i0.wp.com\/www.jojoenherbe.com\/wp-content\/uploads\/2020\/12\/PAL-du-1er-RAT-de-Noel-2020-scaled.jpg?fit=1200%2C774&ssl=1&resize=700%2C400 2x, https:\/\/i0.wp.com\/www.jojoenherbe.com\/wp-content\/uploads\/2020\/12\/PAL-du-1er-RAT-de-Noel-2020-scaled.jpg?fit=1200%2C774&ssl=1&resize=1050%2C600 3x"},"classes":[]}],"_links":{"self":[{"href":"https:\/\/www.jojoenherbe.com\/index.php\/wp-json\/wp\/v2\/posts\/8880","targetHints":{"allow":["GET"]}}],"collection":[{"href":"https:\/\/www.jojoenherbe.com\/index.php\/wp-json\/wp\/v2\/posts"}],"about":[{"href":"https:\/\/www.jojoenherbe.com\/index.php\/wp-json\/wp\/v2\/types\/post"}],"author":[{"embeddable":true,"href":"https:\/\/www.jojoenherbe.com\/index.php\/wp-json\/wp\/v2\/users\/1"}],"replies":[{"embeddable":true,"href":"https:\/\/www.jojoenherbe.com\/index.php\/wp-json\/wp\/v2\/comments?post=8880"}],"version-history":[{"count":1,"href":"https:\/\/www.jojoenherbe.com\/index.php\/wp-json\/wp\/v2\/posts\/8880\/revisions"}],"predecessor-version":[{"id":33711,"href":"https:\/\/www.jojoenherbe.com\/index.php\/wp-json\/wp\/v2\/posts\/8880\/revisions\/33711"}],"wp:featuredmedia":[{"embeddable":true,"href":"https:\/\/www.jojoenherbe.com\/index.php\/wp-json\/wp\/v2\/media\/8930"}],"wp:attachment":[{"href":"https:\/\/www.jojoenherbe.com\/index.php\/wp-json\/wp\/v2\/media?parent=8880"}],"wp:term":[{"taxonomy":"category","embeddable":true,"href":"https:\/\/www.jojoenherbe.com\/index.php\/wp-json\/wp\/v2\/categories?post=8880"},{"taxonomy":"post_tag","embeddable":true,"href":"https:\/\/www.jojoenherbe.com\/index.php\/wp-json\/wp\/v2\/tags?post=8880"}],"curies":[{"name":"wp","href":"https:\/\/api.w.org\/{rel}","templated":true}]}}