{"id":8873,"date":"2019-12-11T15:29:03","date_gmt":"2019-12-11T14:29:03","guid":{"rendered":"http:\/\/www.jojoenherbe.com\/?p=8873"},"modified":"2021-12-15T17:09:52","modified_gmt":"2021-12-15T16:09:52","slug":"au-fil-des-pages-avec-lulu-lagneau-qui-nen-faisait-qua-sa-tete","status":"publish","type":"post","link":"https:\/\/www.jojoenherbe.com\/index.php\/2019\/12\/11\/au-fil-des-pages-avec-lulu-lagneau-qui-nen-faisait-qua-sa-tete\/","title":{"rendered":"Au fil des pages avec Lulu l&rsquo;agneau qui n&rsquo;en faisait qu&rsquo;\u00e0 sa t\u00eate"},"content":{"rendered":"<p style=\"text-align: justify;\"><em><a href=\"https:\/\/i0.wp.com\/www.jojoenherbe.com\/wp-content\/uploads\/2019\/12\/Lulu-nen-fait-qu%C3%A0-sa-t%C3%AAte-2-scaled.jpg\"><img data-recalc-dims=\"1\" loading=\"lazy\" decoding=\"async\" data-attachment-id=\"8874\" data-permalink=\"https:\/\/www.jojoenherbe.com\/index.php\/2019\/12\/11\/au-fil-des-pages-avec-lulu-lagneau-qui-nen-faisait-qua-sa-tete\/lulu-nen-fait-qua-sa-tete-2\/\" data-orig-file=\"https:\/\/i0.wp.com\/www.jojoenherbe.com\/wp-content\/uploads\/2019\/12\/Lulu-nen-fait-qu%C3%A0-sa-t%C3%AAte-2-scaled.jpg?fit=2560%2C1772&amp;ssl=1\" data-orig-size=\"2560,1772\" data-comments-opened=\"1\" data-image-meta=\"{&quot;aperture&quot;:&quot;2.4&quot;,&quot;credit&quot;:&quot;&quot;,&quot;camera&quot;:&quot;iPhone 4S&quot;,&quot;caption&quot;:&quot;&quot;,&quot;created_timestamp&quot;:&quot;1569925712&quot;,&quot;copyright&quot;:&quot;&quot;,&quot;focal_length&quot;:&quot;4.28&quot;,&quot;iso&quot;:&quot;400&quot;,&quot;shutter_speed&quot;:&quot;0.066666666666667&quot;,&quot;title&quot;:&quot;&quot;,&quot;orientation&quot;:&quot;1&quot;}\" data-image-title=\"Lulu n&amp;rsquo;en fait qu&amp;rsquo;\u00e0 sa t\u00eate 2\" data-image-description=\"\" data-image-caption=\"\" data-large-file=\"https:\/\/i0.wp.com\/www.jojoenherbe.com\/wp-content\/uploads\/2019\/12\/Lulu-nen-fait-qu%C3%A0-sa-t%C3%AAte-2-scaled.jpg?fit=676%2C468&amp;ssl=1\" class=\"alignleft size-thumbnail wp-image-8874\" src=\"https:\/\/i0.wp.com\/www.jojoenherbe.com\/wp-content\/uploads\/2019\/12\/Lulu-nen-fait-qu%C3%A0-sa-t%C3%AAte-2.jpg?resize=150%2C150\" alt=\"\" width=\"150\" height=\"150\" srcset=\"https:\/\/i0.wp.com\/www.jojoenherbe.com\/wp-content\/uploads\/2019\/12\/Lulu-nen-fait-qu%C3%A0-sa-t%C3%AAte-2-scaled.jpg?resize=150%2C150&amp;ssl=1 150w, https:\/\/i0.wp.com\/www.jojoenherbe.com\/wp-content\/uploads\/2019\/12\/Lulu-nen-fait-qu%C3%A0-sa-t%C3%AAte-2-scaled.jpg?zoom=2&amp;resize=150%2C150 300w, https:\/\/i0.wp.com\/www.jojoenherbe.com\/wp-content\/uploads\/2019\/12\/Lulu-nen-fait-qu%C3%A0-sa-t%C3%AAte-2-scaled.jpg?zoom=3&amp;resize=150%2C150 450w\" sizes=\"auto, (max-width: 150px) 100vw, 150px\" \/><\/a> <a href=\"https:\/\/i0.wp.com\/www.jojoenherbe.com\/wp-content\/uploads\/2019\/12\/Lulu-nen-fait-qu%C3%A0-sa-t%C3%AAte-3-scaled.jpg\"><img data-recalc-dims=\"1\" loading=\"lazy\" decoding=\"async\" data-attachment-id=\"8875\" data-permalink=\"https:\/\/www.jojoenherbe.com\/index.php\/2019\/12\/11\/au-fil-des-pages-avec-lulu-lagneau-qui-nen-faisait-qua-sa-tete\/lulu-nen-fait-qua-sa-tete-3\/\" data-orig-file=\"https:\/\/i0.wp.com\/www.jojoenherbe.com\/wp-content\/uploads\/2019\/12\/Lulu-nen-fait-qu%C3%A0-sa-t%C3%AAte-3-scaled.jpg?fit=2560%2C1638&amp;ssl=1\" data-orig-size=\"2560,1638\" data-comments-opened=\"1\" data-image-meta=\"{&quot;aperture&quot;:&quot;2.4&quot;,&quot;credit&quot;:&quot;&quot;,&quot;camera&quot;:&quot;iPhone 4S&quot;,&quot;caption&quot;:&quot;&quot;,&quot;created_timestamp&quot;:&quot;1569925768&quot;,&quot;copyright&quot;:&quot;&quot;,&quot;focal_length&quot;:&quot;4.28&quot;,&quot;iso&quot;:&quot;400&quot;,&quot;shutter_speed&quot;:&quot;0.066666666666667&quot;,&quot;title&quot;:&quot;&quot;,&quot;orientation&quot;:&quot;1&quot;}\" data-image-title=\"Lulu n&amp;rsquo;en fait qu&amp;rsquo;\u00e0 sa t\u00eate 3\" data-image-description=\"\" data-image-caption=\"\" data-large-file=\"https:\/\/i0.wp.com\/www.jojoenherbe.com\/wp-content\/uploads\/2019\/12\/Lulu-nen-fait-qu%C3%A0-sa-t%C3%AAte-3-scaled.jpg?fit=676%2C432&amp;ssl=1\" class=\"alignleft size-thumbnail wp-image-8875\" src=\"https:\/\/i0.wp.com\/www.jojoenherbe.com\/wp-content\/uploads\/2019\/12\/Lulu-nen-fait-qu%C3%A0-sa-t%C3%AAte-3.jpg?resize=150%2C150\" alt=\"\" width=\"150\" height=\"150\" srcset=\"https:\/\/i0.wp.com\/www.jojoenherbe.com\/wp-content\/uploads\/2019\/12\/Lulu-nen-fait-qu%C3%A0-sa-t%C3%AAte-3-scaled.jpg?resize=150%2C150&amp;ssl=1 150w, https:\/\/i0.wp.com\/www.jojoenherbe.com\/wp-content\/uploads\/2019\/12\/Lulu-nen-fait-qu%C3%A0-sa-t%C3%AAte-3-scaled.jpg?zoom=2&amp;resize=150%2C150 300w, https:\/\/i0.wp.com\/www.jojoenherbe.com\/wp-content\/uploads\/2019\/12\/Lulu-nen-fait-qu%C3%A0-sa-t%C3%AAte-3-scaled.jpg?zoom=3&amp;resize=150%2C150 450w\" sizes=\"auto, (max-width: 150px) 100vw, 150px\" \/><\/a>Nous empruntons \u00e0 la biblioth\u00e8que <span style=\"text-decoration: underline;\">Lulu l&rsquo;agneau qui n&rsquo;en faisait qu&rsquo;\u00e0 sa t\u00eate<\/span> de Sylvain Victor (\u00e9d. Thierry Magnier, 2019), un album jeunesse rigolo \u00e0 partir de 3 ans. D\u00e9laiss\u00e9 par ses parents, Brigitte et Michel, trop occup\u00e9s \u00e0 manger des framboises, Lulu l&rsquo;agneau part, seul, \u00e0 l&rsquo;aventure. Aussi ent\u00eat\u00e9 qu&rsquo;il a de la chance, il devra affronter bien des \u00e9preuves et surmonter sa peur. Parviendra-t-il \u00e0 revenir aupr\u00e8s de ses parents? <\/em><\/p>\n<p style=\"text-align: justify;\"><em>Il y a beaucoup d&rsquo;humour dans cet album jeunesse qui joue sur le d\u00e9calage entre le texte et les illustrations, ce qui ne sera peut-\u00eatre pas compris des plus jeunes lecteurs qui pourront cependant se retrouver dans la soif d&rsquo;autonomie de Lulu. Cette histoire fait suite \u00e0 deux albums pr\u00e9c\u00e9dents de cet auteur, l&rsquo;un sur la m\u00e8re de Lulu, Brigitte et l&rsquo;autre sur son p\u00e8re, Michel.<br \/>\n<\/em><\/p>\n<div style=\"width: 128px\" class=\"wp-caption alignleft\"><img data-recalc-dims=\"1\" loading=\"lazy\" decoding=\"async\" class=\"\" src=\"https:\/\/i0.wp.com\/delivrer-des-livres.fr\/wp-content\/uploads\/2019\/05\/logoalbums2019.png?resize=118%2C118\" alt=\"\" width=\"118\" height=\"118\" \/><p class=\"wp-caption-text\">Participation #104 <a href=\"http:\/\/delivrer-des-livres.fr\/challenge-albums-2019\/\">Je lis aussi des albums<\/a><\/p><\/div>\n<div id=\"attachment_33643\" style=\"width: 146px\" class=\"wp-caption alignleft\"><img data-recalc-dims=\"1\" loading=\"lazy\" decoding=\"async\" aria-describedby=\"caption-attachment-33643\" class=\"wp-image-33643\" src=\"https:\/\/i0.wp.com\/delivrer-des-livres.fr\/wp-content\/uploads\/2019\/01\/petit-bac-2019.jpg?resize=136%2C103\" sizes=\"auto, (max-width: 200px) 100vw, 200px\" srcset=\"http:\/\/delivrer-des-livres.fr\/wp-content\/uploads\/2019\/01\/petit-bac-2019.jpg 285w, http:\/\/delivrer-des-livres.fr\/wp-content\/uploads\/2019\/01\/petit-bac-2019-150x114.jpg 150w\" alt=\"\" width=\"136\" height=\"103\" \/><p id=\"caption-attachment-33643\" class=\"wp-caption-text\"><a href=\"https:\/\/ennalit.wordpress.com\/2018\/12\/01\/challenge-petit-bac-2019-qui-veut-jouer\/\">Challenge Petit Bac d&rsquo;Enna<\/a> &#8211; #14 cat\u00e9gorie Partie du corps: \u00ab\u00a0T\u00eate\u00a0\u00bb<\/p><\/div>\n","protected":false},"excerpt":{"rendered":"<p>Nous empruntons \u00e0 la biblioth\u00e8que Lulu l&rsquo;agneau qui n&rsquo;en faisait qu&rsquo;\u00e0 sa t\u00eate de Sylvain Victor (\u00e9d. Thierry Magnier, 2019), un album jeunesse rigolo \u00e0 partir de 3 ans. D\u00e9laiss\u00e9 par ses parents, Brigitte et Michel, trop occup\u00e9s \u00e0 manger des framboises, Lulu l&rsquo;agneau part, seul, \u00e0 l&rsquo;aventure. Aussi ent\u00eat\u00e9 qu&rsquo;il a de la chance, [&hellip;]<\/p>\n","protected":false},"author":1,"featured_media":8876,"comment_status":"open","ping_status":"open","sticky":false,"template":"","format":"standard","meta":{"jetpack_post_was_ever_published":false,"_jetpack_newsletter_access":"","_jetpack_dont_email_post_to_subs":false,"_jetpack_newsletter_tier_id":0,"_jetpack_memberships_contains_paywalled_content":false,"_jetpack_memberships_contains_paid_content":false,"footnotes":""},"categories":[363],"tags":[785,409,742,601,1349,538,1350,367,542,2141,1068],"class_list":["post-8873","post","type-post","status-publish","format-standard","has-post-thumbnail","hentry","category-mini-lecteur","tag-3-6-ans","tag-albums-jeunesse","tag-autonomie","tag-aventure","tag-challenge-petit-bac-2019","tag-humour","tag-je-lis-aussi-des-albums-2019","tag-lecture-jeunesse","tag-mouton","tag-sylvain-victor","tag-tetu","post-preview"],"jetpack_featured_media_url":"https:\/\/i0.wp.com\/www.jojoenherbe.com\/wp-content\/uploads\/2019\/12\/Lulu-nen-fait-qu%C3%A0-sa-t%C3%AAte-scaled.jpg?fit=2560%2C1841&ssl=1","jetpack_sharing_enabled":true,"jetpack_shortlink":"https:\/\/wp.me\/p9zhGx-2j7","jetpack_likes_enabled":true,"jetpack-related-posts":[{"id":7461,"url":"https:\/\/www.jojoenherbe.com\/index.php\/2019\/09\/12\/au-fil-des-pages-avec-larrivee-dun-bebe\/","url_meta":{"origin":8873,"position":0},"title":"Au fil des pages avec l&rsquo;arriv\u00e9e d&rsquo;un b\u00e9b\u00e9","author":"Jojo","date":"12 septembre 2019","format":false,"excerpt":"Nous empruntons \u00e0 la biblioth\u00e8que deux albums sur l'arriv\u00e9e d'un b\u00e9b\u00e9 dans une famille, des albums \u00e0 partir de 2 ans et qui peuvent permettre de d\u00e9dramatiser l'arriv\u00e9e d'un nouvel enfant dans la famille ou tout simplement d'apporter les premi\u00e8res r\u00e9ponses au fait de voir des femmes avec des ventres\u2026","rel":"","context":"Dans &quot;Mini lecteur&quot;","block_context":{"text":"Mini lecteur","link":"https:\/\/www.jojoenherbe.com\/index.php\/category\/mini-lecteur\/"},"img":{"alt_text":"","src":"https:\/\/i0.wp.com\/www.jojoenherbe.com\/wp-content\/uploads\/2019\/09\/Albums-naissance.jpg?fit=1200%2C905&ssl=1&resize=350%2C200","width":350,"height":200,"srcset":"https:\/\/i0.wp.com\/www.jojoenherbe.com\/wp-content\/uploads\/2019\/09\/Albums-naissance.jpg?fit=1200%2C905&ssl=1&resize=350%2C200 1x, https:\/\/i0.wp.com\/www.jojoenherbe.com\/wp-content\/uploads\/2019\/09\/Albums-naissance.jpg?fit=1200%2C905&ssl=1&resize=525%2C300 1.5x, https:\/\/i0.wp.com\/www.jojoenherbe.com\/wp-content\/uploads\/2019\/09\/Albums-naissance.jpg?fit=1200%2C905&ssl=1&resize=700%2C400 2x, https:\/\/i0.wp.com\/www.jojoenherbe.com\/wp-content\/uploads\/2019\/09\/Albums-naissance.jpg?fit=1200%2C905&ssl=1&resize=1050%2C600 3x"},"classes":[]},{"id":10512,"url":"https:\/\/www.jojoenherbe.com\/index.php\/2020\/03\/19\/au-fil-des-pages-avec-le-pire-des-chevaliers\/","url_meta":{"origin":8873,"position":1},"title":"Au fil des pages avec Le pire des chevaliers","author":"Jojo","date":"19 mars 2020","format":false,"excerpt":"Nous avons emprunt\u00e9 \u00e0 la m\u00e9diath\u00e8que, il y a d\u00e9j\u00e0 quelques semaines, Le pire des chevaliers d'Anna Kemp et Sara Ogilvie (\u00e9d. Milan, 2015), un album jeunesse \u00e0 partir de 5 ans et qui a \u00e9t\u00e9 publi\u00e9 apr\u00e8s La Pire des princesses. Il \u00e9tait une fois petit crapaud, surnomm\u00e9 \"Riquiqui\"\u2026","rel":"","context":"Dans &quot;Mini lecteur&quot;","block_context":{"text":"Mini lecteur","link":"https:\/\/www.jojoenherbe.com\/index.php\/category\/mini-lecteur\/"},"img":{"alt_text":"","src":"https:\/\/i0.wp.com\/www.jojoenherbe.com\/wp-content\/uploads\/2020\/03\/Le-pire-des-chevaliers-scaled.jpg?fit=1200%2C900&ssl=1&resize=350%2C200","width":350,"height":200,"srcset":"https:\/\/i0.wp.com\/www.jojoenherbe.com\/wp-content\/uploads\/2020\/03\/Le-pire-des-chevaliers-scaled.jpg?fit=1200%2C900&ssl=1&resize=350%2C200 1x, https:\/\/i0.wp.com\/www.jojoenherbe.com\/wp-content\/uploads\/2020\/03\/Le-pire-des-chevaliers-scaled.jpg?fit=1200%2C900&ssl=1&resize=525%2C300 1.5x, https:\/\/i0.wp.com\/www.jojoenherbe.com\/wp-content\/uploads\/2020\/03\/Le-pire-des-chevaliers-scaled.jpg?fit=1200%2C900&ssl=1&resize=700%2C400 2x, https:\/\/i0.wp.com\/www.jojoenherbe.com\/wp-content\/uploads\/2020\/03\/Le-pire-des-chevaliers-scaled.jpg?fit=1200%2C900&ssl=1&resize=1050%2C600 3x"},"classes":[]},{"id":11963,"url":"https:\/\/www.jojoenherbe.com\/index.php\/2020\/08\/24\/au-fil-des-pages-avec-le-diner\/","url_meta":{"origin":8873,"position":2},"title":"Au fil des pages avec Le d\u00eener","author":"Jojo","date":"24 ao\u00fbt 2020","format":false,"excerpt":"Nous empruntons \u00e0 la m\u00e9diath\u00e8que Le d\u00eener de Michel Van Zeveren (\u00e9d. L'\u00e9cole des loisirs, coll. Pastel, 2012), un album jeunesse \u00e0 partir de 2\/3 ans. C'est bient\u00f4t l'heure du d\u00eener. En attendant et alors qu'il devrait patienter chez lui, Petit Lapin va jouer dans les bois et se fait\u2026","rel":"","context":"Dans &quot;Mini lecteur&quot;","block_context":{"text":"Mini lecteur","link":"https:\/\/www.jojoenherbe.com\/index.php\/category\/mini-lecteur\/"},"img":{"alt_text":"","src":"https:\/\/i0.wp.com\/www.jojoenherbe.com\/wp-content\/uploads\/2020\/08\/Le-diner-1-scaled.jpg?fit=1200%2C977&ssl=1&resize=350%2C200","width":350,"height":200,"srcset":"https:\/\/i0.wp.com\/www.jojoenherbe.com\/wp-content\/uploads\/2020\/08\/Le-diner-1-scaled.jpg?fit=1200%2C977&ssl=1&resize=350%2C200 1x, https:\/\/i0.wp.com\/www.jojoenherbe.com\/wp-content\/uploads\/2020\/08\/Le-diner-1-scaled.jpg?fit=1200%2C977&ssl=1&resize=525%2C300 1.5x, https:\/\/i0.wp.com\/www.jojoenherbe.com\/wp-content\/uploads\/2020\/08\/Le-diner-1-scaled.jpg?fit=1200%2C977&ssl=1&resize=700%2C400 2x, https:\/\/i0.wp.com\/www.jojoenherbe.com\/wp-content\/uploads\/2020\/08\/Le-diner-1-scaled.jpg?fit=1200%2C977&ssl=1&resize=1050%2C600 3x"},"classes":[]},{"id":9665,"url":"https:\/\/www.jojoenherbe.com\/index.php\/2020\/01\/17\/au-fil-des-pages-avec-cosette\/","url_meta":{"origin":8873,"position":3},"title":"Au fil des pages avec Cosette","author":"Jojo","date":"17 janvier 2020","format":false,"excerpt":"J'ai emprunt\u00e9 \u00e0 la m\u00e9diath\u00e8que Cosette d'Olivier Desvaux, d'apr\u00e8s Victor Hugo (\u00e9d. Belin Jeunesse, 2018, 51 pages), un album jeunesse \u00e0 partir de 8 ans qui permet aux jeunes lecteurs d'acc\u00e9der dans une version abr\u00e9g\u00e9e et joliment illustr\u00e9e \u00e0 l\u2019\u0153uvre magistrale de Victor Hugo parue en 1862, Les Mis\u00e9rables. Dans\u2026","rel":"","context":"Dans &quot;Mini lecteur&quot;","block_context":{"text":"Mini lecteur","link":"https:\/\/www.jojoenherbe.com\/index.php\/category\/mini-lecteur\/"},"img":{"alt_text":"","src":"https:\/\/i0.wp.com\/www.jojoenherbe.com\/wp-content\/uploads\/2020\/01\/Cosette-scaled.jpg?fit=1200%2C986&ssl=1&resize=350%2C200","width":350,"height":200,"srcset":"https:\/\/i0.wp.com\/www.jojoenherbe.com\/wp-content\/uploads\/2020\/01\/Cosette-scaled.jpg?fit=1200%2C986&ssl=1&resize=350%2C200 1x, https:\/\/i0.wp.com\/www.jojoenherbe.com\/wp-content\/uploads\/2020\/01\/Cosette-scaled.jpg?fit=1200%2C986&ssl=1&resize=525%2C300 1.5x, https:\/\/i0.wp.com\/www.jojoenherbe.com\/wp-content\/uploads\/2020\/01\/Cosette-scaled.jpg?fit=1200%2C986&ssl=1&resize=700%2C400 2x, https:\/\/i0.wp.com\/www.jojoenherbe.com\/wp-content\/uploads\/2020\/01\/Cosette-scaled.jpg?fit=1200%2C986&ssl=1&resize=1050%2C600 3x"},"classes":[]},{"id":6547,"url":"https:\/\/www.jojoenherbe.com\/index.php\/2019\/06\/26\/au-fil-des-pages-avec-la-plage\/","url_meta":{"origin":8873,"position":4},"title":"Au fil des pages avec la plage","author":"Jojo","date":"26 juin 2019","format":false,"excerpt":"Nous continuons \u00e0 emprunter des livres sur l'\u00e9t\u00e9, la plage et les vacances (d\u00e8s 2\/3 ans). Nous lisons Les souris \u00e0 la plage de Haruo Yamashita et Kazuo Iwamura (\u00e9d. L'\u00e9cole des loisirs, 1999). Nous retrouvons avec plaisir le coup de crayon de Kazuo Iwamura pour les illustrations mais une\u2026","rel":"","context":"Dans &quot;Mini lecteur&quot;","block_context":{"text":"Mini lecteur","link":"https:\/\/www.jojoenherbe.com\/index.php\/category\/mini-lecteur\/"},"img":{"alt_text":"","src":"https:\/\/i0.wp.com\/www.jojoenherbe.com\/wp-content\/uploads\/2019\/06\/%C3%A0-la-plage.jpg?fit=1200%2C900&ssl=1&resize=350%2C200","width":350,"height":200,"srcset":"https:\/\/i0.wp.com\/www.jojoenherbe.com\/wp-content\/uploads\/2019\/06\/%C3%A0-la-plage.jpg?fit=1200%2C900&ssl=1&resize=350%2C200 1x, https:\/\/i0.wp.com\/www.jojoenherbe.com\/wp-content\/uploads\/2019\/06\/%C3%A0-la-plage.jpg?fit=1200%2C900&ssl=1&resize=525%2C300 1.5x, https:\/\/i0.wp.com\/www.jojoenherbe.com\/wp-content\/uploads\/2019\/06\/%C3%A0-la-plage.jpg?fit=1200%2C900&ssl=1&resize=700%2C400 2x, https:\/\/i0.wp.com\/www.jojoenherbe.com\/wp-content\/uploads\/2019\/06\/%C3%A0-la-plage.jpg?fit=1200%2C900&ssl=1&resize=1050%2C600 3x"},"classes":[]},{"id":6909,"url":"https:\/\/www.jojoenherbe.com\/index.php\/2019\/07\/31\/au-fil-des-pages-avec-bob-marley-la-nuit\/","url_meta":{"origin":8873,"position":5},"title":"Au fil des pages avec Bob &#038; Marley, La nuit","author":"Jojo","date":"31 juillet 2019","format":false,"excerpt":"Nous retrouvons avec grand plaisir Bob et Marley, deux amis ours un brin chamailleurs que nous avions d\u00e9couverts avec Bob & Marley, Le cadeau. Nous empruntons, en effet, \u00e0 la biblioth\u00e8que Bob & Marley, La nuit de Fr\u00e9d\u00e9ric Marais et Thierry Dedieu (\u00e9d. Seuil Jeunesse, 2018), album jeunesse d\u00e8s 3\u2026","rel":"","context":"Dans &quot;Mini lecteur&quot;","block_context":{"text":"Mini lecteur","link":"https:\/\/www.jojoenherbe.com\/index.php\/category\/mini-lecteur\/"},"img":{"alt_text":"","src":"https:\/\/i0.wp.com\/www.jojoenherbe.com\/wp-content\/uploads\/2019\/07\/Bob-Marley-la-nuit.jpg?fit=1163%2C1200&ssl=1&resize=350%2C200","width":350,"height":200,"srcset":"https:\/\/i0.wp.com\/www.jojoenherbe.com\/wp-content\/uploads\/2019\/07\/Bob-Marley-la-nuit.jpg?fit=1163%2C1200&ssl=1&resize=350%2C200 1x, https:\/\/i0.wp.com\/www.jojoenherbe.com\/wp-content\/uploads\/2019\/07\/Bob-Marley-la-nuit.jpg?fit=1163%2C1200&ssl=1&resize=525%2C300 1.5x, https:\/\/i0.wp.com\/www.jojoenherbe.com\/wp-content\/uploads\/2019\/07\/Bob-Marley-la-nuit.jpg?fit=1163%2C1200&ssl=1&resize=700%2C400 2x, https:\/\/i0.wp.com\/www.jojoenherbe.com\/wp-content\/uploads\/2019\/07\/Bob-Marley-la-nuit.jpg?fit=1163%2C1200&ssl=1&resize=1050%2C600 3x"},"classes":[]}],"_links":{"self":[{"href":"https:\/\/www.jojoenherbe.com\/index.php\/wp-json\/wp\/v2\/posts\/8873","targetHints":{"allow":["GET"]}}],"collection":[{"href":"https:\/\/www.jojoenherbe.com\/index.php\/wp-json\/wp\/v2\/posts"}],"about":[{"href":"https:\/\/www.jojoenherbe.com\/index.php\/wp-json\/wp\/v2\/types\/post"}],"author":[{"embeddable":true,"href":"https:\/\/www.jojoenherbe.com\/index.php\/wp-json\/wp\/v2\/users\/1"}],"replies":[{"embeddable":true,"href":"https:\/\/www.jojoenherbe.com\/index.php\/wp-json\/wp\/v2\/comments?post=8873"}],"version-history":[{"count":0,"href":"https:\/\/www.jojoenherbe.com\/index.php\/wp-json\/wp\/v2\/posts\/8873\/revisions"}],"wp:featuredmedia":[{"embeddable":true,"href":"https:\/\/www.jojoenherbe.com\/index.php\/wp-json\/wp\/v2\/media\/8876"}],"wp:attachment":[{"href":"https:\/\/www.jojoenherbe.com\/index.php\/wp-json\/wp\/v2\/media?parent=8873"}],"wp:term":[{"taxonomy":"category","embeddable":true,"href":"https:\/\/www.jojoenherbe.com\/index.php\/wp-json\/wp\/v2\/categories?post=8873"},{"taxonomy":"post_tag","embeddable":true,"href":"https:\/\/www.jojoenherbe.com\/index.php\/wp-json\/wp\/v2\/tags?post=8873"}],"curies":[{"name":"wp","href":"https:\/\/api.w.org\/{rel}","templated":true}]}}