{"id":8799,"date":"2019-12-08T20:17:23","date_gmt":"2019-12-08T19:17:23","guid":{"rendered":"http:\/\/www.jojoenherbe.com\/?p=8799"},"modified":"2020-03-13T10:58:35","modified_gmt":"2020-03-13T09:58:35","slug":"une-photo-kitsch","status":"publish","type":"post","link":"https:\/\/www.jojoenherbe.com\/index.php\/2019\/12\/08\/une-photo-kitsch\/","title":{"rendered":"Une photo kitsch"},"content":{"rendered":"<p style=\"text-align: justify;\"><em>Pour la semaine 49 du Projet 52-2019 de Du c\u00f4t\u00e9 de chez Ma&rsquo;, le th\u00e8me est \u00ab\u00a0<a href=\"https:\/\/ducotedechezma.wordpress.com\/2019\/12\/07\/projet-52-2019-semaine-49-kitsch\/\">Kitsch<\/a>\u00ab\u00a0. J&rsquo;avais pens\u00e9 d&rsquo;abord illustrer ce th\u00e8me par une photo prise ce jour lors de notre sortie au circuit des cr\u00e8ches de Luc\u00e9ram. Mais finalement, je me suis rappel\u00e9e d&rsquo;une photo prise lors d&rsquo;une sortie \u00e0 Tourrette-Levens au cours de laquelle nous \u00e9tions tomb\u00e9s nez \u00e0 nez sur cette dr\u00f4le de diseuse de bonne aventure. A vous de juger, kitsch ou pas?<br \/>\n<\/em><\/p>\n","protected":false},"excerpt":{"rendered":"<p>Pour la semaine 49 du Projet 52-2019 de Du c\u00f4t\u00e9 de chez Ma&rsquo;, le th\u00e8me est \u00ab\u00a0Kitsch\u00ab\u00a0. J&rsquo;avais pens\u00e9 d&rsquo;abord illustrer ce th\u00e8me par une photo prise ce jour lors de notre sortie au circuit des cr\u00e8ches de Luc\u00e9ram. Mais finalement, je me suis rappel\u00e9e d&rsquo;une photo prise lors d&rsquo;une sortie \u00e0 Tourrette-Levens au cours [&hellip;]<\/p>\n","protected":false},"author":1,"featured_media":8800,"comment_status":"open","ping_status":"open","sticky":false,"template":"","format":"standard","meta":{"jetpack_post_was_ever_published":false,"_jetpack_newsletter_access":"","_jetpack_dont_email_post_to_subs":false,"_jetpack_newsletter_tier_id":0,"_jetpack_memberships_contains_paywalled_content":false,"_jetpack_memberships_contains_paid_content":false,"footnotes":""},"categories":[437],"tags":[25,1060,366,5,1059,1353,1354,629],"class_list":["post-8799","post","type-post","status-publish","format-standard","has-post-thumbnail","hentry","category-mini-photographe","tag-alpes-maritimes","tag-kitsch","tag-ours","tag-paca","tag-peluche","tag-projet-52-de-ma","tag-projet-52-2019","tag-tourrette-levens","post-preview"],"jetpack_featured_media_url":"https:\/\/i0.wp.com\/www.jojoenherbe.com\/wp-content\/uploads\/2019\/12\/Tourrette-Levens-scaled.jpg?fit=2443%2C2560&ssl=1","jetpack_sharing_enabled":true,"jetpack_shortlink":"https:\/\/wp.me\/p9zhGx-2hV","jetpack_likes_enabled":true,"jetpack-related-posts":[{"id":8775,"url":"https:\/\/www.jojoenherbe.com\/index.php\/2019\/12\/08\/le-circuit-des-creches-de-luceram\/","url_meta":{"origin":8799,"position":0},"title":"Le circuit des cr\u00e8ches de Luc\u00e9ram","author":"Jojo","date":"8 d\u00e9cembre 2019","format":false,"excerpt":"Ce 8 d\u00e9cembre 2019, nous sommes all\u00e9s voir le circuit des cr\u00e8ches de Luc\u00e9ram. Nous avons ainsi pu croiser au d\u00e9tour des ruelles Saint-Nicolas et le P\u00e8re Fouettard. Mais surtout, nous avons pu observer de nombreuses d\u00e9corations de No\u00ebl: kitsch diront certains ou dans l'esprit de No\u00ebl pour d'autres. D'ailleurs,\u2026","rel":"","context":"Dans &quot;Mini visiteur&quot;","block_context":{"text":"Mini visiteur","link":"https:\/\/www.jojoenherbe.com\/index.php\/category\/mini-crapahuteur\/mini-visiteur\/"},"img":{"alt_text":"","src":"https:\/\/i0.wp.com\/www.jojoenherbe.com\/wp-content\/uploads\/2019\/12\/Circuit-des-cr%C3%A8ches-Luc%C3%A9ram-4-scaled.jpg?fit=909%2C1200&ssl=1&resize=350%2C200","width":350,"height":200,"srcset":"https:\/\/i0.wp.com\/www.jojoenherbe.com\/wp-content\/uploads\/2019\/12\/Circuit-des-cr%C3%A8ches-Luc%C3%A9ram-4-scaled.jpg?fit=909%2C1200&ssl=1&resize=350%2C200 1x, https:\/\/i0.wp.com\/www.jojoenherbe.com\/wp-content\/uploads\/2019\/12\/Circuit-des-cr%C3%A8ches-Luc%C3%A9ram-4-scaled.jpg?fit=909%2C1200&ssl=1&resize=525%2C300 1.5x, https:\/\/i0.wp.com\/www.jojoenherbe.com\/wp-content\/uploads\/2019\/12\/Circuit-des-cr%C3%A8ches-Luc%C3%A9ram-4-scaled.jpg?fit=909%2C1200&ssl=1&resize=700%2C400 2x"},"classes":[]},{"id":6219,"url":"https:\/\/www.jojoenherbe.com\/index.php\/2019\/06\/10\/retour-dans-le-passe-a-tourrette-levens\/","url_meta":{"origin":8799,"position":1},"title":"Retour dans le pass\u00e9 \u00e0 Tourrette-Levens","author":"Jojo","date":"10 juin 2019","format":false,"excerpt":"Ce 2 juin 2016, nous allons \u00e0 Tourrette-Levens, village perch\u00e9 \u00e0 une dizaine de kilom\u00e8tres de Nice. Nous passons souvent dans cette municipalit\u00e9 mais n'avions pas pris le temps de la visiter, malgr\u00e9 notre curiosit\u00e9 pour les \u0153uvres d'art install\u00e9es au bord de la route et des ronds-points. Apr\u00e8s avoir\u2026","rel":"","context":"Dans &quot;Mini visiteur&quot;","block_context":{"text":"Mini visiteur","link":"https:\/\/www.jojoenherbe.com\/index.php\/category\/mini-crapahuteur\/mini-visiteur\/"},"img":{"alt_text":"","src":"https:\/\/i0.wp.com\/www.jojoenherbe.com\/wp-content\/uploads\/2019\/06\/Tourrette-Levens-5.jpg?fit=900%2C1200&ssl=1&resize=350%2C200","width":350,"height":200,"srcset":"https:\/\/i0.wp.com\/www.jojoenherbe.com\/wp-content\/uploads\/2019\/06\/Tourrette-Levens-5.jpg?fit=900%2C1200&ssl=1&resize=350%2C200 1x, https:\/\/i0.wp.com\/www.jojoenherbe.com\/wp-content\/uploads\/2019\/06\/Tourrette-Levens-5.jpg?fit=900%2C1200&ssl=1&resize=525%2C300 1.5x, https:\/\/i0.wp.com\/www.jojoenherbe.com\/wp-content\/uploads\/2019\/06\/Tourrette-Levens-5.jpg?fit=900%2C1200&ssl=1&resize=700%2C400 2x"},"classes":[]},{"id":8029,"url":"https:\/\/www.jojoenherbe.com\/index.php\/2019\/10\/13\/une-plante-face-a-la-mer\/","url_meta":{"origin":8799,"position":2},"title":"Une plante face \u00e0 la Mer","author":"Jojo","date":"13 octobre 2019","format":false,"excerpt":"Pour cette semaine 41 du Projet 52-2019 de Du c\u00f4t\u00e9 de chez Ma', le th\u00e8me est \"Plante\". Pour illustrer ce th\u00e8me, une petite photo prise lors d'une de nos sorties dans le Parc de la Grande Corniche, au-dessus d'\u00c8ze, du c\u00f4t\u00e9 du Fort de la Rev\u00e8re. J'aurai \u00e9galement pu choisir\u2026","rel":"","context":"Dans &quot;mini photographe&quot;","block_context":{"text":"mini photographe","link":"https:\/\/www.jojoenherbe.com\/index.php\/category\/mini-photographe\/"},"img":{"alt_text":"","src":"https:\/\/i0.wp.com\/www.jojoenherbe.com\/wp-content\/uploads\/2018\/10\/Fort-de-la-Rev%C3%A8re-1.jpg?fit=1200%2C900&ssl=1&resize=350%2C200","width":350,"height":200,"srcset":"https:\/\/i0.wp.com\/www.jojoenherbe.com\/wp-content\/uploads\/2018\/10\/Fort-de-la-Rev%C3%A8re-1.jpg?fit=1200%2C900&ssl=1&resize=350%2C200 1x, https:\/\/i0.wp.com\/www.jojoenherbe.com\/wp-content\/uploads\/2018\/10\/Fort-de-la-Rev%C3%A8re-1.jpg?fit=1200%2C900&ssl=1&resize=525%2C300 1.5x, https:\/\/i0.wp.com\/www.jojoenherbe.com\/wp-content\/uploads\/2018\/10\/Fort-de-la-Rev%C3%A8re-1.jpg?fit=1200%2C900&ssl=1&resize=700%2C400 2x, https:\/\/i0.wp.com\/www.jojoenherbe.com\/wp-content\/uploads\/2018\/10\/Fort-de-la-Rev%C3%A8re-1.jpg?fit=1200%2C900&ssl=1&resize=1050%2C600 3x"},"classes":[]},{"id":12134,"url":"https:\/\/www.jojoenherbe.com\/index.php\/2020\/09\/06\/semaine-36-du-projet-52-2020-touriste\/","url_meta":{"origin":8799,"position":3},"title":"Semaine 36 du Projet 52-2020: Touriste","author":"Jojo","date":"6 septembre 2020","format":false,"excerpt":"Pour la semaine 36 du Projet 52-2020 de Du c\u00f4t\u00e9 de chez Ma', le th\u00e8me est \"Touriste\". Voici une photo prise lors de notre balade d\u2019hier \u00e0 Isola 2000, une station hautement touristique de l\u2019arri\u00e8re-pays ni\u00e7ois. Il s\u2019agit de l\u2019Aigle ni\u00e7ois, une sculpture de C\u00e9dric Pignataro, un carnavalier ni\u00e7ois. Cette\u2026","rel":"","context":"Dans &quot;mini photographe&quot;","block_context":{"text":"mini photographe","link":"https:\/\/www.jojoenherbe.com\/index.php\/category\/mini-photographe\/"},"img":{"alt_text":"","src":"https:\/\/i0.wp.com\/www.jojoenherbe.com\/wp-content\/uploads\/2020\/09\/Laigle-nicois-Isola-2000-scaled.jpg?fit=1200%2C900&ssl=1&resize=350%2C200","width":350,"height":200,"srcset":"https:\/\/i0.wp.com\/www.jojoenherbe.com\/wp-content\/uploads\/2020\/09\/Laigle-nicois-Isola-2000-scaled.jpg?fit=1200%2C900&ssl=1&resize=350%2C200 1x, https:\/\/i0.wp.com\/www.jojoenherbe.com\/wp-content\/uploads\/2020\/09\/Laigle-nicois-Isola-2000-scaled.jpg?fit=1200%2C900&ssl=1&resize=525%2C300 1.5x, https:\/\/i0.wp.com\/www.jojoenherbe.com\/wp-content\/uploads\/2020\/09\/Laigle-nicois-Isola-2000-scaled.jpg?fit=1200%2C900&ssl=1&resize=700%2C400 2x, https:\/\/i0.wp.com\/www.jojoenherbe.com\/wp-content\/uploads\/2020\/09\/Laigle-nicois-Isola-2000-scaled.jpg?fit=1200%2C900&ssl=1&resize=1050%2C600 3x"},"classes":[]},{"id":30328,"url":"https:\/\/www.jojoenherbe.com\/index.php\/2023\/03\/18\/semaine-11-du-projet-52-2023-lenvers-du-decor\/","url_meta":{"origin":8799,"position":4},"title":"Semaine 11 du Projet 52-2023: L&rsquo;envers du d\u00e9cor","author":"Jojo","date":"18 mars 2023","format":false,"excerpt":"Pour la semaine 11 du Projet 52-2023 de Du c\u00f4t\u00e9 de chez Ma\u2019, le th\u00e8me est \"L'envers du d\u00e9cor\". Avec ce th\u00e8me, c'est l'occasion de parler de mon blog. J\u2019ai choisi une photo prise cet \u00e9t\u00e9 apr\u00e8s une sortie entre amis au parc de Vaugrenier, \u00e0 Villeneuve-Loubet. Nous avions pu\u2026","rel":"","context":"Dans &quot;mini photographe&quot;","block_context":{"text":"mini photographe","link":"https:\/\/www.jojoenherbe.com\/index.php\/category\/mini-photographe\/"},"img":{"alt_text":"","src":"https:\/\/i0.wp.com\/www.jojoenherbe.com\/wp-content\/uploads\/2023\/03\/Huppe-fasciee-scaled.jpg?fit=1200%2C900&ssl=1&resize=350%2C200","width":350,"height":200,"srcset":"https:\/\/i0.wp.com\/www.jojoenherbe.com\/wp-content\/uploads\/2023\/03\/Huppe-fasciee-scaled.jpg?fit=1200%2C900&ssl=1&resize=350%2C200 1x, https:\/\/i0.wp.com\/www.jojoenherbe.com\/wp-content\/uploads\/2023\/03\/Huppe-fasciee-scaled.jpg?fit=1200%2C900&ssl=1&resize=525%2C300 1.5x, https:\/\/i0.wp.com\/www.jojoenherbe.com\/wp-content\/uploads\/2023\/03\/Huppe-fasciee-scaled.jpg?fit=1200%2C900&ssl=1&resize=700%2C400 2x, https:\/\/i0.wp.com\/www.jojoenherbe.com\/wp-content\/uploads\/2023\/03\/Huppe-fasciee-scaled.jpg?fit=1200%2C900&ssl=1&resize=1050%2C600 3x"},"classes":[]},{"id":8272,"url":"https:\/\/www.jojoenherbe.com\/index.php\/2019\/11\/02\/comme-dans-un-conte-de-fees\/","url_meta":{"origin":8799,"position":5},"title":"Comme dans un conte de f\u00e9es","author":"Jojo","date":"2 novembre 2019","format":false,"excerpt":"Pour cette semaine 44 du Projet 52-2019 de Du c\u00f4t\u00e9 de chez Ma', le th\u00e8me est \"Conte\". En cette semaine d'Halloween qui est propice \u00e0 la relecture des contes et l\u00e9gendes, j'aurai pu choisir la couverture d'un livre ou un clich\u00e9 d'une repr\u00e9sentation th\u00e9\u00e2trale. Un loup, une for\u00eat, un panier\u2026","rel":"","context":"Dans &quot;mini photographe&quot;","block_context":{"text":"mini photographe","link":"https:\/\/www.jojoenherbe.com\/index.php\/category\/mini-photographe\/"},"img":{"alt_text":"","src":"https:\/\/i0.wp.com\/www.jojoenherbe.com\/wp-content\/uploads\/2019\/11\/Halaszbastya-Budapest.jpg?fit=900%2C1200&ssl=1&resize=350%2C200","width":350,"height":200,"srcset":"https:\/\/i0.wp.com\/www.jojoenherbe.com\/wp-content\/uploads\/2019\/11\/Halaszbastya-Budapest.jpg?fit=900%2C1200&ssl=1&resize=350%2C200 1x, https:\/\/i0.wp.com\/www.jojoenherbe.com\/wp-content\/uploads\/2019\/11\/Halaszbastya-Budapest.jpg?fit=900%2C1200&ssl=1&resize=525%2C300 1.5x, https:\/\/i0.wp.com\/www.jojoenherbe.com\/wp-content\/uploads\/2019\/11\/Halaszbastya-Budapest.jpg?fit=900%2C1200&ssl=1&resize=700%2C400 2x"},"classes":[]}],"_links":{"self":[{"href":"https:\/\/www.jojoenherbe.com\/index.php\/wp-json\/wp\/v2\/posts\/8799","targetHints":{"allow":["GET"]}}],"collection":[{"href":"https:\/\/www.jojoenherbe.com\/index.php\/wp-json\/wp\/v2\/posts"}],"about":[{"href":"https:\/\/www.jojoenherbe.com\/index.php\/wp-json\/wp\/v2\/types\/post"}],"author":[{"embeddable":true,"href":"https:\/\/www.jojoenherbe.com\/index.php\/wp-json\/wp\/v2\/users\/1"}],"replies":[{"embeddable":true,"href":"https:\/\/www.jojoenherbe.com\/index.php\/wp-json\/wp\/v2\/comments?post=8799"}],"version-history":[{"count":0,"href":"https:\/\/www.jojoenherbe.com\/index.php\/wp-json\/wp\/v2\/posts\/8799\/revisions"}],"wp:featuredmedia":[{"embeddable":true,"href":"https:\/\/www.jojoenherbe.com\/index.php\/wp-json\/wp\/v2\/media\/8800"}],"wp:attachment":[{"href":"https:\/\/www.jojoenherbe.com\/index.php\/wp-json\/wp\/v2\/media?parent=8799"}],"wp:term":[{"taxonomy":"category","embeddable":true,"href":"https:\/\/www.jojoenherbe.com\/index.php\/wp-json\/wp\/v2\/categories?post=8799"},{"taxonomy":"post_tag","embeddable":true,"href":"https:\/\/www.jojoenherbe.com\/index.php\/wp-json\/wp\/v2\/tags?post=8799"}],"curies":[{"name":"wp","href":"https:\/\/api.w.org\/{rel}","templated":true}]}}