{"id":8775,"date":"2019-12-08T19:54:44","date_gmt":"2019-12-08T18:54:44","guid":{"rendered":"http:\/\/www.jojoenherbe.com\/?p=8775"},"modified":"2019-12-09T14:20:57","modified_gmt":"2019-12-09T13:20:57","slug":"le-circuit-des-creches-de-luceram","status":"publish","type":"post","link":"https:\/\/www.jojoenherbe.com\/index.php\/2019\/12\/08\/le-circuit-des-creches-de-luceram\/","title":{"rendered":"Le circuit des cr\u00e8ches de Luc\u00e9ram"},"content":{"rendered":"<p style=\"text-align: justify;\"><em><a href=\"https:\/\/i0.wp.com\/www.jojoenherbe.com\/wp-content\/uploads\/2019\/12\/Circuit-des-cr%C3%A8ches-Luc%C3%A9ram-8-scaled.jpg\"><img data-recalc-dims=\"1\" loading=\"lazy\" decoding=\"async\" data-attachment-id=\"8784\" data-permalink=\"https:\/\/www.jojoenherbe.com\/index.php\/2019\/12\/08\/le-circuit-des-creches-de-luceram\/circuit-des-creches-luceram-8-2\/\" data-orig-file=\"https:\/\/i0.wp.com\/www.jojoenherbe.com\/wp-content\/uploads\/2019\/12\/Circuit-des-cr%C3%A8ches-Luc%C3%A9ram-8-scaled.jpg?fit=1920%2C2560&amp;ssl=1\" data-orig-size=\"1920,2560\" data-comments-opened=\"1\" data-image-meta=\"{&quot;aperture&quot;:&quot;2.8&quot;,&quot;credit&quot;:&quot;&quot;,&quot;camera&quot;:&quot;DSC-HX400V&quot;,&quot;caption&quot;:&quot;&quot;,&quot;created_timestamp&quot;:&quot;1575822520&quot;,&quot;copyright&quot;:&quot;&quot;,&quot;focal_length&quot;:&quot;4.3&quot;,&quot;iso&quot;:&quot;250&quot;,&quot;shutter_speed&quot;:&quot;0.033333333333333&quot;,&quot;title&quot;:&quot;&quot;,&quot;orientation&quot;:&quot;1&quot;}\" data-image-title=\"Circuit des cr\u00e8ches &amp;#8211; Luc\u00e9ram 8\" data-image-description=\"\" data-image-caption=\"\" data-large-file=\"https:\/\/i0.wp.com\/www.jojoenherbe.com\/wp-content\/uploads\/2019\/12\/Circuit-des-cr%C3%A8ches-Luc%C3%A9ram-8-scaled.jpg?fit=676%2C901&amp;ssl=1\" class=\"alignleft wp-image-8784 size-thumbnail\" src=\"https:\/\/i0.wp.com\/www.jojoenherbe.com\/wp-content\/uploads\/2019\/12\/Circuit-des-cr%C3%A8ches-Luc%C3%A9ram-8.jpg?resize=150%2C150\" alt=\"\" width=\"150\" height=\"150\" srcset=\"https:\/\/i0.wp.com\/www.jojoenherbe.com\/wp-content\/uploads\/2019\/12\/Circuit-des-cr%C3%A8ches-Luc%C3%A9ram-8-scaled.jpg?resize=150%2C150&amp;ssl=1 150w, https:\/\/i0.wp.com\/www.jojoenherbe.com\/wp-content\/uploads\/2019\/12\/Circuit-des-cr%C3%A8ches-Luc%C3%A9ram-8-scaled.jpg?zoom=2&amp;resize=150%2C150 300w, https:\/\/i0.wp.com\/www.jojoenherbe.com\/wp-content\/uploads\/2019\/12\/Circuit-des-cr%C3%A8ches-Luc%C3%A9ram-8-scaled.jpg?zoom=3&amp;resize=150%2C150 450w\" sizes=\"auto, (max-width: 150px) 100vw, 150px\" \/><\/a> <a href=\"https:\/\/i0.wp.com\/www.jojoenherbe.com\/wp-content\/uploads\/2019\/12\/Circuit-des-cr%C3%A8ches-Luc%C3%A9ram-2-scaled.jpg\"><img data-recalc-dims=\"1\" loading=\"lazy\" decoding=\"async\" data-attachment-id=\"8778\" data-permalink=\"https:\/\/www.jojoenherbe.com\/index.php\/2019\/12\/08\/le-circuit-des-creches-de-luceram\/circuit-des-creches-luceram-2-2\/\" data-orig-file=\"https:\/\/i0.wp.com\/www.jojoenherbe.com\/wp-content\/uploads\/2019\/12\/Circuit-des-cr%C3%A8ches-Luc%C3%A9ram-2-scaled.jpg?fit=2560%2C1920&amp;ssl=1\" data-orig-size=\"2560,1920\" data-comments-opened=\"1\" data-image-meta=\"{&quot;aperture&quot;:&quot;3.2&quot;,&quot;credit&quot;:&quot;&quot;,&quot;camera&quot;:&quot;DSC-HX400V&quot;,&quot;caption&quot;:&quot;&quot;,&quot;created_timestamp&quot;:&quot;1575820533&quot;,&quot;copyright&quot;:&quot;&quot;,&quot;focal_length&quot;:&quot;8.02&quot;,&quot;iso&quot;:&quot;640&quot;,&quot;shutter_speed&quot;:&quot;0.02&quot;,&quot;title&quot;:&quot;&quot;,&quot;orientation&quot;:&quot;1&quot;}\" data-image-title=\"Circuit des cr\u00e8ches &amp;#8211; Luc\u00e9ram 2\" data-image-description=\"\" data-image-caption=\"\" data-large-file=\"https:\/\/i0.wp.com\/www.jojoenherbe.com\/wp-content\/uploads\/2019\/12\/Circuit-des-cr%C3%A8ches-Luc%C3%A9ram-2-scaled.jpg?fit=676%2C507&amp;ssl=1\" class=\"alignleft size-thumbnail wp-image-8778\" src=\"https:\/\/i0.wp.com\/www.jojoenherbe.com\/wp-content\/uploads\/2019\/12\/Circuit-des-cr%C3%A8ches-Luc%C3%A9ram-2.jpg?resize=150%2C150\" alt=\"\" width=\"150\" height=\"150\" srcset=\"https:\/\/i0.wp.com\/www.jojoenherbe.com\/wp-content\/uploads\/2019\/12\/Circuit-des-cr%C3%A8ches-Luc%C3%A9ram-2-scaled.jpg?resize=150%2C150&amp;ssl=1 150w, https:\/\/i0.wp.com\/www.jojoenherbe.com\/wp-content\/uploads\/2019\/12\/Circuit-des-cr%C3%A8ches-Luc%C3%A9ram-2-scaled.jpg?zoom=2&amp;resize=150%2C150 300w, https:\/\/i0.wp.com\/www.jojoenherbe.com\/wp-content\/uploads\/2019\/12\/Circuit-des-cr%C3%A8ches-Luc%C3%A9ram-2-scaled.jpg?zoom=3&amp;resize=150%2C150 450w\" sizes=\"auto, (max-width: 150px) 100vw, 150px\" \/><\/a>Ce 8 d\u00e9cembre 2019, nous sommes all\u00e9s voir le <a href=\"http:\/\/www.jojoenherbe.com\/index.php\/2018\/12\/24\/circuit-des-creches-luceram\/\">circuit des cr\u00e8ches<\/a> de Luc\u00e9ram. Nous avons ainsi pu croiser au d\u00e9tour des ruelles Saint-Nicolas et le P\u00e8re Fouettard. Mais surtout, nous avons pu observer de nombreuses d\u00e9corations de No\u00ebl: kitsch diront certains ou dans l&rsquo;esprit de No\u00ebl pour d&rsquo;autres. <\/em><\/p>\n<p style=\"text-align: justify;\"><em><a href=\"https:\/\/i0.wp.com\/www.jojoenherbe.com\/wp-content\/uploads\/2019\/12\/Circuit-des-cr%C3%A8ches-Luc%C3%A9ram-3-scaled.jpg\"><img data-recalc-dims=\"1\" loading=\"lazy\" decoding=\"async\" data-attachment-id=\"8779\" data-permalink=\"https:\/\/www.jojoenherbe.com\/index.php\/2019\/12\/08\/le-circuit-des-creches-de-luceram\/circuit-des-creches-luceram-3-2\/\" data-orig-file=\"https:\/\/i0.wp.com\/www.jojoenherbe.com\/wp-content\/uploads\/2019\/12\/Circuit-des-cr%C3%A8ches-Luc%C3%A9ram-3-scaled.jpg?fit=2560%2C1206&amp;ssl=1\" data-orig-size=\"2560,1206\" data-comments-opened=\"1\" data-image-meta=\"{&quot;aperture&quot;:&quot;3.2&quot;,&quot;credit&quot;:&quot;&quot;,&quot;camera&quot;:&quot;DSC-HX400V&quot;,&quot;caption&quot;:&quot;&quot;,&quot;created_timestamp&quot;:&quot;1575820553&quot;,&quot;copyright&quot;:&quot;&quot;,&quot;focal_length&quot;:&quot;6.11&quot;,&quot;iso&quot;:&quot;500&quot;,&quot;shutter_speed&quot;:&quot;0.016666666666667&quot;,&quot;title&quot;:&quot;&quot;,&quot;orientation&quot;:&quot;1&quot;}\" data-image-title=\"Circuit des cr\u00e8ches &amp;#8211; Luc\u00e9ram 3\" data-image-description=\"\" data-image-caption=\"\" data-large-file=\"https:\/\/i0.wp.com\/www.jojoenherbe.com\/wp-content\/uploads\/2019\/12\/Circuit-des-cr%C3%A8ches-Luc%C3%A9ram-3-scaled.jpg?fit=676%2C318&amp;ssl=1\" class=\"wp-image-8779 size-thumbnail alignright\" src=\"https:\/\/i0.wp.com\/www.jojoenherbe.com\/wp-content\/uploads\/2019\/12\/Circuit-des-cr%C3%A8ches-Luc%C3%A9ram-3.jpg?resize=150%2C150\" alt=\"\" width=\"150\" height=\"150\" srcset=\"https:\/\/i0.wp.com\/www.jojoenherbe.com\/wp-content\/uploads\/2019\/12\/Circuit-des-cr%C3%A8ches-Luc%C3%A9ram-3-scaled.jpg?resize=150%2C150&amp;ssl=1 150w, https:\/\/i0.wp.com\/www.jojoenherbe.com\/wp-content\/uploads\/2019\/12\/Circuit-des-cr%C3%A8ches-Luc%C3%A9ram-3-scaled.jpg?zoom=2&amp;resize=150%2C150 300w, https:\/\/i0.wp.com\/www.jojoenherbe.com\/wp-content\/uploads\/2019\/12\/Circuit-des-cr%C3%A8ches-Luc%C3%A9ram-3-scaled.jpg?zoom=3&amp;resize=150%2C150 450w\" sizes=\"auto, (max-width: 150px) 100vw, 150px\" \/><\/a> <a href=\"https:\/\/i0.wp.com\/www.jojoenherbe.com\/wp-content\/uploads\/2019\/12\/Circuit-des-cr%C3%A8ches-Luc%C3%A9ram-5-scaled.jpg\"><img data-recalc-dims=\"1\" loading=\"lazy\" decoding=\"async\" data-attachment-id=\"8781\" data-permalink=\"https:\/\/www.jojoenherbe.com\/index.php\/2019\/12\/08\/le-circuit-des-creches-de-luceram\/circuit-des-creches-luceram-5-2\/\" data-orig-file=\"https:\/\/i0.wp.com\/www.jojoenherbe.com\/wp-content\/uploads\/2019\/12\/Circuit-des-cr%C3%A8ches-Luc%C3%A9ram-5-scaled.jpg?fit=1920%2C2560&amp;ssl=1\" data-orig-size=\"1920,2560\" data-comments-opened=\"1\" data-image-meta=\"{&quot;aperture&quot;:&quot;2.8&quot;,&quot;credit&quot;:&quot;&quot;,&quot;camera&quot;:&quot;DSC-HX400V&quot;,&quot;caption&quot;:&quot;&quot;,&quot;created_timestamp&quot;:&quot;1575820682&quot;,&quot;copyright&quot;:&quot;&quot;,&quot;focal_length&quot;:&quot;4.3&quot;,&quot;iso&quot;:&quot;320&quot;,&quot;shutter_speed&quot;:&quot;0.033333333333333&quot;,&quot;title&quot;:&quot;&quot;,&quot;orientation&quot;:&quot;1&quot;}\" data-image-title=\"Circuit des cr\u00e8ches &amp;#8211; Luc\u00e9ram 5\" data-image-description=\"\" data-image-caption=\"\" data-large-file=\"https:\/\/i0.wp.com\/www.jojoenherbe.com\/wp-content\/uploads\/2019\/12\/Circuit-des-cr%C3%A8ches-Luc%C3%A9ram-5-scaled.jpg?fit=676%2C901&amp;ssl=1\" class=\"wp-image-8781 size-thumbnail alignright\" src=\"https:\/\/i0.wp.com\/www.jojoenherbe.com\/wp-content\/uploads\/2019\/12\/Circuit-des-cr%C3%A8ches-Luc%C3%A9ram-5.jpg?resize=150%2C150\" alt=\"\" width=\"150\" height=\"150\" srcset=\"https:\/\/i0.wp.com\/www.jojoenherbe.com\/wp-content\/uploads\/2019\/12\/Circuit-des-cr%C3%A8ches-Luc%C3%A9ram-5-scaled.jpg?resize=150%2C150&amp;ssl=1 150w, https:\/\/i0.wp.com\/www.jojoenherbe.com\/wp-content\/uploads\/2019\/12\/Circuit-des-cr%C3%A8ches-Luc%C3%A9ram-5-scaled.jpg?zoom=2&amp;resize=150%2C150 300w, https:\/\/i0.wp.com\/www.jojoenherbe.com\/wp-content\/uploads\/2019\/12\/Circuit-des-cr%C3%A8ches-Luc%C3%A9ram-5-scaled.jpg?zoom=3&amp;resize=150%2C150 450w\" sizes=\"auto, (max-width: 150px) 100vw, 150px\" \/><\/a>D&rsquo;ailleurs, j&rsquo;en profite pour faire ma photo pour la semaine 49 du Projet 52-2019 de Du c\u00f4t\u00e9 de chez Ma&rsquo;, le th\u00e8me \u00e9tant \u00ab\u00a0Kitsch\u00a0\u00bb, ce qui m&rsquo;a fait tout de suite penser aux d\u00e9corations ou v\u00eatements de No\u00ebl. Mais finalement, je choisirai une photo kitsch d&rsquo;une autre sortie.<br \/>\n<\/em><\/p>\n<p style=\"text-align: justify;\"><em><a href=\"https:\/\/i0.wp.com\/www.jojoenherbe.com\/wp-content\/uploads\/2019\/12\/Circuit-des-cr%C3%A8ches-Luc%C3%A9ram-scaled.jpg\"><img data-recalc-dims=\"1\" loading=\"lazy\" decoding=\"async\" data-attachment-id=\"8786\" data-permalink=\"https:\/\/www.jojoenherbe.com\/index.php\/2019\/12\/08\/le-circuit-des-creches-de-luceram\/circuit-des-creches-luceram-23\/\" data-orig-file=\"https:\/\/i0.wp.com\/www.jojoenherbe.com\/wp-content\/uploads\/2019\/12\/Circuit-des-cr%C3%A8ches-Luc%C3%A9ram-scaled.jpg?fit=2560%2C1591&amp;ssl=1\" data-orig-size=\"2560,1591\" data-comments-opened=\"1\" data-image-meta=\"{&quot;aperture&quot;:&quot;2.8&quot;,&quot;credit&quot;:&quot;&quot;,&quot;camera&quot;:&quot;DSC-HX400V&quot;,&quot;caption&quot;:&quot;&quot;,&quot;created_timestamp&quot;:&quot;1575820515&quot;,&quot;copyright&quot;:&quot;&quot;,&quot;focal_length&quot;:&quot;4.3&quot;,&quot;iso&quot;:&quot;400&quot;,&quot;shutter_speed&quot;:&quot;0.033333333333333&quot;,&quot;title&quot;:&quot;&quot;,&quot;orientation&quot;:&quot;1&quot;}\" data-image-title=\"Circuit des cr\u00e8ches &amp;#8211; Luc\u00e9ram\" data-image-description=\"\" data-image-caption=\"\" data-large-file=\"https:\/\/i0.wp.com\/www.jojoenherbe.com\/wp-content\/uploads\/2019\/12\/Circuit-des-cr%C3%A8ches-Luc%C3%A9ram-scaled.jpg?fit=676%2C421&amp;ssl=1\" class=\"wp-image-8786 size-thumbnail alignleft\" src=\"https:\/\/i0.wp.com\/www.jojoenherbe.com\/wp-content\/uploads\/2019\/12\/Circuit-des-cr%C3%A8ches-Luc%C3%A9ram.jpg?resize=150%2C150\" alt=\"\" width=\"150\" height=\"150\" srcset=\"https:\/\/i0.wp.com\/www.jojoenherbe.com\/wp-content\/uploads\/2019\/12\/Circuit-des-cr%C3%A8ches-Luc%C3%A9ram-scaled.jpg?resize=150%2C150&amp;ssl=1 150w, https:\/\/i0.wp.com\/www.jojoenherbe.com\/wp-content\/uploads\/2019\/12\/Circuit-des-cr%C3%A8ches-Luc%C3%A9ram-scaled.jpg?zoom=2&amp;resize=150%2C150 300w, https:\/\/i0.wp.com\/www.jojoenherbe.com\/wp-content\/uploads\/2019\/12\/Circuit-des-cr%C3%A8ches-Luc%C3%A9ram-scaled.jpg?zoom=3&amp;resize=150%2C150 450w\" sizes=\"auto, (max-width: 150px) 100vw, 150px\" \/><\/a> <a href=\"https:\/\/i0.wp.com\/www.jojoenherbe.com\/wp-content\/uploads\/2019\/12\/Circuit-des-cr%C3%A8ches-Luc%C3%A9ram-7-scaled.jpg\"><img data-recalc-dims=\"1\" loading=\"lazy\" decoding=\"async\" data-attachment-id=\"8783\" data-permalink=\"https:\/\/www.jojoenherbe.com\/index.php\/2019\/12\/08\/le-circuit-des-creches-de-luceram\/circuit-des-creches-luceram-7-2\/\" data-orig-file=\"https:\/\/i0.wp.com\/www.jojoenherbe.com\/wp-content\/uploads\/2019\/12\/Circuit-des-cr%C3%A8ches-Luc%C3%A9ram-7-scaled.jpg?fit=2560%2C1920&amp;ssl=1\" data-orig-size=\"2560,1920\" data-comments-opened=\"1\" data-image-meta=\"{&quot;aperture&quot;:&quot;2.8&quot;,&quot;credit&quot;:&quot;&quot;,&quot;camera&quot;:&quot;DSC-HX400V&quot;,&quot;caption&quot;:&quot;&quot;,&quot;created_timestamp&quot;:&quot;1575822253&quot;,&quot;copyright&quot;:&quot;&quot;,&quot;focal_length&quot;:&quot;4.3&quot;,&quot;iso&quot;:&quot;500&quot;,&quot;shutter_speed&quot;:&quot;0.033333333333333&quot;,&quot;title&quot;:&quot;&quot;,&quot;orientation&quot;:&quot;1&quot;}\" data-image-title=\"Circuit des cr\u00e8ches &amp;#8211; Luc\u00e9ram 7\" data-image-description=\"\" data-image-caption=\"\" data-large-file=\"https:\/\/i0.wp.com\/www.jojoenherbe.com\/wp-content\/uploads\/2019\/12\/Circuit-des-cr%C3%A8ches-Luc%C3%A9ram-7-scaled.jpg?fit=676%2C507&amp;ssl=1\" class=\"wp-image-8783 size-thumbnail alignleft\" src=\"https:\/\/i0.wp.com\/www.jojoenherbe.com\/wp-content\/uploads\/2019\/12\/Circuit-des-cr%C3%A8ches-Luc%C3%A9ram-7.jpg?resize=150%2C150\" alt=\"\" width=\"150\" height=\"150\" srcset=\"https:\/\/i0.wp.com\/www.jojoenherbe.com\/wp-content\/uploads\/2019\/12\/Circuit-des-cr%C3%A8ches-Luc%C3%A9ram-7-scaled.jpg?resize=150%2C150&amp;ssl=1 150w, https:\/\/i0.wp.com\/www.jojoenherbe.com\/wp-content\/uploads\/2019\/12\/Circuit-des-cr%C3%A8ches-Luc%C3%A9ram-7-scaled.jpg?zoom=2&amp;resize=150%2C150 300w, https:\/\/i0.wp.com\/www.jojoenherbe.com\/wp-content\/uploads\/2019\/12\/Circuit-des-cr%C3%A8ches-Luc%C3%A9ram-7-scaled.jpg?zoom=3&amp;resize=150%2C150 450w\" sizes=\"auto, (max-width: 150px) 100vw, 150px\" \/><\/a>En tout \u00e9tat de cause, nous n&rsquo;\u00e9tions pas les seuls \u00e0 appr\u00e9cier notre visite, surtout les paniers automnaux, sapins de No\u00ebl et P\u00e8re No\u00ebl accroch\u00e9s ici ou l\u00e0. Je prends d&rsquo;autres photos qui rentrent \u00e9galement dans le th\u00e8me de ce jour du challenge \u00ab\u00a0Il \u00e9tait 7 fois No\u00ebl\u00a0\u00bb, les d\u00e9corations \u00e9tant \u00e0 l&rsquo;honneur.<\/em><\/p>\n<p style=\"text-align: justify;\"><em><a href=\"https:\/\/i0.wp.com\/www.jojoenherbe.com\/wp-content\/uploads\/2019\/12\/Circuit-des-cr%C3%A8ches-Luc%C3%A9ram-6-scaled.jpg\"><img data-recalc-dims=\"1\" loading=\"lazy\" decoding=\"async\" data-attachment-id=\"8782\" data-permalink=\"https:\/\/www.jojoenherbe.com\/index.php\/2019\/12\/08\/le-circuit-des-creches-de-luceram\/circuit-des-creches-luceram-6-2\/\" data-orig-file=\"https:\/\/i0.wp.com\/www.jojoenherbe.com\/wp-content\/uploads\/2019\/12\/Circuit-des-cr%C3%A8ches-Luc%C3%A9ram-6-scaled.jpg?fit=1920%2C2560&amp;ssl=1\" data-orig-size=\"1920,2560\" data-comments-opened=\"1\" data-image-meta=\"{&quot;aperture&quot;:&quot;2.8&quot;,&quot;credit&quot;:&quot;&quot;,&quot;camera&quot;:&quot;DSC-HX400V&quot;,&quot;caption&quot;:&quot;&quot;,&quot;created_timestamp&quot;:&quot;1575820928&quot;,&quot;copyright&quot;:&quot;&quot;,&quot;focal_length&quot;:&quot;4.3&quot;,&quot;iso&quot;:&quot;320&quot;,&quot;shutter_speed&quot;:&quot;0.033333333333333&quot;,&quot;title&quot;:&quot;&quot;,&quot;orientation&quot;:&quot;1&quot;}\" data-image-title=\"Circuit des cr\u00e8ches &amp;#8211; Luc\u00e9ram 6\" data-image-description=\"\" data-image-caption=\"\" data-large-file=\"https:\/\/i0.wp.com\/www.jojoenherbe.com\/wp-content\/uploads\/2019\/12\/Circuit-des-cr%C3%A8ches-Luc%C3%A9ram-6-scaled.jpg?fit=676%2C901&amp;ssl=1\" class=\"size-thumbnail wp-image-8782 alignright\" src=\"https:\/\/i0.wp.com\/www.jojoenherbe.com\/wp-content\/uploads\/2019\/12\/Circuit-des-cr%C3%A8ches-Luc%C3%A9ram-6.jpg?resize=150%2C150\" alt=\"\" width=\"150\" height=\"150\" srcset=\"https:\/\/i0.wp.com\/www.jojoenherbe.com\/wp-content\/uploads\/2019\/12\/Circuit-des-cr%C3%A8ches-Luc%C3%A9ram-6-scaled.jpg?resize=150%2C150&amp;ssl=1 150w, https:\/\/i0.wp.com\/www.jojoenherbe.com\/wp-content\/uploads\/2019\/12\/Circuit-des-cr%C3%A8ches-Luc%C3%A9ram-6-scaled.jpg?zoom=2&amp;resize=150%2C150 300w, https:\/\/i0.wp.com\/www.jojoenherbe.com\/wp-content\/uploads\/2019\/12\/Circuit-des-cr%C3%A8ches-Luc%C3%A9ram-6-scaled.jpg?zoom=3&amp;resize=150%2C150 450w\" sizes=\"auto, (max-width: 150px) 100vw, 150px\" \/><\/a><\/em><\/p>\n<div id=\"attachment_8785\" style=\"width: 160px\" class=\"wp-caption alignright\"><a href=\"https:\/\/i0.wp.com\/www.jojoenherbe.com\/wp-content\/uploads\/2019\/12\/Circuit-des-cr%C3%A8ches-Luc%C3%A9ram-9-scaled.jpg\"><img data-recalc-dims=\"1\" loading=\"lazy\" decoding=\"async\" aria-describedby=\"caption-attachment-8785\" data-attachment-id=\"8785\" data-permalink=\"https:\/\/www.jojoenherbe.com\/index.php\/2019\/12\/08\/le-circuit-des-creches-de-luceram\/circuit-des-creches-luceram-9-2\/\" data-orig-file=\"https:\/\/i0.wp.com\/www.jojoenherbe.com\/wp-content\/uploads\/2019\/12\/Circuit-des-cr%C3%A8ches-Luc%C3%A9ram-9-scaled.jpg?fit=2560%2C1273&amp;ssl=1\" data-orig-size=\"2560,1273\" data-comments-opened=\"1\" data-image-meta=\"{&quot;aperture&quot;:&quot;2.8&quot;,&quot;credit&quot;:&quot;&quot;,&quot;camera&quot;:&quot;DSC-HX400V&quot;,&quot;caption&quot;:&quot;&quot;,&quot;created_timestamp&quot;:&quot;1575824060&quot;,&quot;copyright&quot;:&quot;&quot;,&quot;focal_length&quot;:&quot;4.3&quot;,&quot;iso&quot;:&quot;200&quot;,&quot;shutter_speed&quot;:&quot;0.033333333333333&quot;,&quot;title&quot;:&quot;&quot;,&quot;orientation&quot;:&quot;1&quot;}\" data-image-title=\"Circuit des cr\u00e8ches &amp;#8211; Luc\u00e9ram 9\" data-image-description=\"\" data-image-caption=\"&lt;p&gt;Luc\u00e9ram&lt;\/p&gt;\n\" data-large-file=\"https:\/\/i0.wp.com\/www.jojoenherbe.com\/wp-content\/uploads\/2019\/12\/Circuit-des-cr%C3%A8ches-Luc%C3%A9ram-9-scaled.jpg?fit=676%2C336&amp;ssl=1\" class=\"size-thumbnail wp-image-8785\" src=\"https:\/\/i0.wp.com\/www.jojoenherbe.com\/wp-content\/uploads\/2019\/12\/Circuit-des-cr%C3%A8ches-Luc%C3%A9ram-9.jpg?resize=150%2C150\" alt=\"\" width=\"150\" height=\"150\" srcset=\"https:\/\/i0.wp.com\/www.jojoenherbe.com\/wp-content\/uploads\/2019\/12\/Circuit-des-cr%C3%A8ches-Luc%C3%A9ram-9-scaled.jpg?resize=150%2C150&amp;ssl=1 150w, https:\/\/i0.wp.com\/www.jojoenherbe.com\/wp-content\/uploads\/2019\/12\/Circuit-des-cr%C3%A8ches-Luc%C3%A9ram-9-scaled.jpg?zoom=2&amp;resize=150%2C150 300w, https:\/\/i0.wp.com\/www.jojoenherbe.com\/wp-content\/uploads\/2019\/12\/Circuit-des-cr%C3%A8ches-Luc%C3%A9ram-9-scaled.jpg?zoom=3&amp;resize=150%2C150 450w\" sizes=\"auto, (max-width: 150px) 100vw, 150px\" \/><\/a><p id=\"caption-attachment-8785\" class=\"wp-caption-text\">Luc\u00e9ram<\/p><\/div>\n<p style=\"text-align: justify;\"><em>Nous continuons \u00e0 d\u00e9ambuler dans le village, suivant ou non un petit escalier sous une arche, en rep\u00e9rant de nouvelles d\u00e9corations. Nous retrouvons d&rsquo;ailleurs des d\u00e9corations que nous avions d\u00e9j\u00e0 vues les ann\u00e9es pr\u00e9c\u00e9dentes mais plac\u00e9es \u00e0 d&rsquo;autres endroits. Puis nous retournons \u00e0 notre voiture, le soleil d\u00e9clinant et le brouillard \u00e9tant de plus en plus pr\u00e9gnant. Une bien agr\u00e9able sortie familiale en attendant la venue du P\u00e8re No\u00ebl!<\/em><\/p>\n<p><iframe loading=\"lazy\" style=\"border: 0;\" src=\"https:\/\/www.google.com\/maps\/embed?pb=!1m18!1m12!1m3!1d91996.26731935756!2d7.280477780969673!3d43.899682561166145!2m3!1f0!2f0!3f0!3m2!1i1024!2i768!4f13.1!3m3!1m2!1s0x12cdb92ad96c7503%3A0x40819a5fd979b20!2s06440+Luc%C3%A9ram!5e0!3m2!1sfr!2sfr!4v1545605978833\" allowfullscreen=\"allowfullscreen\" width=\"400\" height=\"300\" frameborder=\"0\"><\/iframe><\/p>\n<div id=\"attachment_4796\" style=\"width: 171px\" class=\"wp-caption aligncenter\"><img data-recalc-dims=\"1\" loading=\"lazy\" decoding=\"async\" aria-describedby=\"caption-attachment-4796\" class=\"wp-image-4796\" src=\"https:\/\/i0.wp.com\/www.laplanquealibellules.fr\/wp-content\/uploads\/sites\/3\/2019\/11\/Logo_1_2019-1024x1024.jpg?resize=161%2C161&#038;ssl=1\" sizes=\"auto, (max-width: 1024px) 100vw, 1024px\" srcset=\"https:\/\/www.laplanquealibellules.fr\/wp-content\/uploads\/sites\/3\/2019\/11\/Logo_1_2019-1024x1024.jpg 1024w, https:\/\/www.laplanquealibellules.fr\/wp-content\/uploads\/sites\/3\/2019\/11\/Logo_1_2019-150x150.jpg 150w, https:\/\/www.laplanquealibellules.fr\/wp-content\/uploads\/sites\/3\/2019\/11\/Logo_1_2019-300x300.jpg 300w, https:\/\/www.laplanquealibellules.fr\/wp-content\/uploads\/sites\/3\/2019\/11\/Logo_1_2019-768x768.jpg 768w, https:\/\/www.laplanquealibellules.fr\/wp-content\/uploads\/sites\/3\/2019\/11\/Logo_1_2019.jpg 2000w\" alt=\"\" data-id=\"4796\" data-link=\"https:\/\/www.laplanquealibellules.fr\/?attachment_id=4796\" width=\"161\" height=\"161\"><p id=\"caption-attachment-4796\" class=\"wp-caption-text\">Challenge Il \u00e9tait 7 fois No\u00ebl de <a href=\"https:\/\/www.laplanquealibellules.fr\/2019\/11\/il-etait-sept-fois-noel.html\/\">Chicky Poo<\/a> et <a href=\"https:\/\/viedecontedefee.blogspot.com\/2019\/11\/1577-il-etait-sept-fois-noel.html\">Samarian<\/a><\/p><\/div>\n","protected":false},"excerpt":{"rendered":"<p>Ce 8 d\u00e9cembre 2019, nous sommes all\u00e9s voir le circuit des cr\u00e8ches de Luc\u00e9ram. Nous avons ainsi pu croiser au d\u00e9tour des ruelles Saint-Nicolas et le P\u00e8re Fouettard. Mais surtout, nous avons pu observer de nombreuses d\u00e9corations de No\u00ebl: kitsch diront certains ou dans l&rsquo;esprit de No\u00ebl pour d&rsquo;autres. D&rsquo;ailleurs, j&rsquo;en profite pour faire ma [&hellip;]<\/p>\n","protected":false},"author":1,"featured_media":8780,"comment_status":"open","ping_status":"open","sticky":false,"template":"","format":"standard","meta":{"jetpack_post_was_ever_published":false,"_jetpack_newsletter_access":"","_jetpack_dont_email_post_to_subs":false,"_jetpack_newsletter_tier_id":0,"_jetpack_memberships_contains_paywalled_content":false,"_jetpack_memberships_contains_paid_content":false,"footnotes":""},"categories":[4],"tags":[20,25,89,357,72,19,5],"class_list":["post-8775","post","type-post","status-publish","format-standard","has-post-thumbnail","hentry","category-mini-visiteur","tag-activites-pour-les-enfants","tag-alpes-maritimes","tag-arriere-pays-nicois","tag-creches","tag-luceram","tag-noel","tag-paca","post-preview"],"jetpack_featured_media_url":"https:\/\/i0.wp.com\/www.jojoenherbe.com\/wp-content\/uploads\/2019\/12\/Circuit-des-cr%C3%A8ches-Luc%C3%A9ram-4-scaled.jpg?fit=1940%2C2560&ssl=1","jetpack_sharing_enabled":true,"jetpack_shortlink":"https:\/\/wp.me\/p9zhGx-2hx","jetpack_likes_enabled":true,"jetpack-related-posts":[{"id":4131,"url":"https:\/\/www.jojoenherbe.com\/index.php\/2018\/12\/24\/circuit-des-creches-luceram\/","url_meta":{"origin":8775,"position":0},"title":"Circuit des cr\u00e8ches &#8211; Luc\u00e9ram","author":"Jojo","date":"24 d\u00e9cembre 2018","format":false,"excerpt":"Ce 23 d\u00e9cembre 2018, nous partons \u00e0 Luc\u00e9ram, village m\u00e9di\u00e9val et perch\u00e9 dans le Haut Paillon, sur la route du Col de Turini. Au programme du jour, d\u00e9ambulations, sous les rayons du soleil, dans les ruelles de ce charmant village dans le cadre du vingt-et-uni\u00e8me circuit des cr\u00e8ches. Nous commen\u00e7ons\u2026","rel":"","context":"Dans &quot;Mini visiteur&quot;","block_context":{"text":"Mini visiteur","link":"https:\/\/www.jojoenherbe.com\/index.php\/category\/mini-crapahuteur\/mini-visiteur\/"},"img":{"alt_text":"","src":"https:\/\/i0.wp.com\/www.jojoenherbe.com\/wp-content\/uploads\/2018\/12\/circuit-des-cr%C3%A8ches-Luc%C3%A9ram-11.jpg?fit=1090%2C1200&ssl=1&resize=350%2C200","width":350,"height":200,"srcset":"https:\/\/i0.wp.com\/www.jojoenherbe.com\/wp-content\/uploads\/2018\/12\/circuit-des-cr%C3%A8ches-Luc%C3%A9ram-11.jpg?fit=1090%2C1200&ssl=1&resize=350%2C200 1x, https:\/\/i0.wp.com\/www.jojoenherbe.com\/wp-content\/uploads\/2018\/12\/circuit-des-cr%C3%A8ches-Luc%C3%A9ram-11.jpg?fit=1090%2C1200&ssl=1&resize=525%2C300 1.5x, https:\/\/i0.wp.com\/www.jojoenherbe.com\/wp-content\/uploads\/2018\/12\/circuit-des-cr%C3%A8ches-Luc%C3%A9ram-11.jpg?fit=1090%2C1200&ssl=1&resize=700%2C400 2x, https:\/\/i0.wp.com\/www.jojoenherbe.com\/wp-content\/uploads\/2018\/12\/circuit-des-cr%C3%A8ches-Luc%C3%A9ram-11.jpg?fit=1090%2C1200&ssl=1&resize=1050%2C600 3x"},"classes":[]},{"id":8799,"url":"https:\/\/www.jojoenherbe.com\/index.php\/2019\/12\/08\/une-photo-kitsch\/","url_meta":{"origin":8775,"position":1},"title":"Une photo kitsch","author":"Jojo","date":"8 d\u00e9cembre 2019","format":false,"excerpt":"Pour la semaine 49 du Projet 52-2019 de Du c\u00f4t\u00e9 de chez Ma', le th\u00e8me est \"Kitsch\". J'avais pens\u00e9 d'abord illustrer ce th\u00e8me par une photo prise ce jour lors de notre sortie au circuit des cr\u00e8ches de Luc\u00e9ram. Mais finalement, je me suis rappel\u00e9e d'une photo prise lors d'une\u2026","rel":"","context":"Dans &quot;mini photographe&quot;","block_context":{"text":"mini photographe","link":"https:\/\/www.jojoenherbe.com\/index.php\/category\/mini-photographe\/"},"img":{"alt_text":"","src":"https:\/\/i0.wp.com\/www.jojoenherbe.com\/wp-content\/uploads\/2019\/12\/Tourrette-Levens-scaled.jpg?fit=1145%2C1200&ssl=1&resize=350%2C200","width":350,"height":200,"srcset":"https:\/\/i0.wp.com\/www.jojoenherbe.com\/wp-content\/uploads\/2019\/12\/Tourrette-Levens-scaled.jpg?fit=1145%2C1200&ssl=1&resize=350%2C200 1x, https:\/\/i0.wp.com\/www.jojoenherbe.com\/wp-content\/uploads\/2019\/12\/Tourrette-Levens-scaled.jpg?fit=1145%2C1200&ssl=1&resize=525%2C300 1.5x, https:\/\/i0.wp.com\/www.jojoenherbe.com\/wp-content\/uploads\/2019\/12\/Tourrette-Levens-scaled.jpg?fit=1145%2C1200&ssl=1&resize=700%2C400 2x, https:\/\/i0.wp.com\/www.jojoenherbe.com\/wp-content\/uploads\/2019\/12\/Tourrette-Levens-scaled.jpg?fit=1145%2C1200&ssl=1&resize=1050%2C600 3x"},"classes":[]},{"id":512,"url":"https:\/\/www.jojoenherbe.com\/index.php\/2017\/09\/04\/pique-nique-au-col-de-lorme\/","url_meta":{"origin":8775,"position":2},"title":"Pique-nique au col de l&rsquo;Orme","author":"Jojo","date":"4 septembre 2017","format":false,"excerpt":"Ce 3 septembre 2017, nous finissons par nous d\u00e9cider, tard dans la matin\u00e9e, \u00e0 sortir pour pique-niquer. Nous nous rendons au col de l'Orme, au-dessus de Luc\u00e9ram. Ce que nous avions pris au loin pour de la neige se r\u00e9v\u00e8le \u00eatre des restes de gel\u00e9e matinale. Personne aux alentours, si\u2026","rel":"","context":"Dans &quot;Mini baladeur&quot;","block_context":{"text":"Mini baladeur","link":"https:\/\/www.jojoenherbe.com\/index.php\/category\/mini-crapahuteur\/mini-baladeur\/"},"img":{"alt_text":"","src":"https:\/\/i0.wp.com\/www.jojoenherbe.com\/wp-content\/uploads\/2018\/01\/Col-de-lOrme-3.jpg?fit=900%2C1200&ssl=1&resize=350%2C200","width":350,"height":200,"srcset":"https:\/\/i0.wp.com\/www.jojoenherbe.com\/wp-content\/uploads\/2018\/01\/Col-de-lOrme-3.jpg?fit=900%2C1200&ssl=1&resize=350%2C200 1x, https:\/\/i0.wp.com\/www.jojoenherbe.com\/wp-content\/uploads\/2018\/01\/Col-de-lOrme-3.jpg?fit=900%2C1200&ssl=1&resize=525%2C300 1.5x, https:\/\/i0.wp.com\/www.jojoenherbe.com\/wp-content\/uploads\/2018\/01\/Col-de-lOrme-3.jpg?fit=900%2C1200&ssl=1&resize=700%2C400 2x"},"classes":[]},{"id":23215,"url":"https:\/\/www.jojoenherbe.com\/index.php\/2021\/12\/31\/melis-melos-des-marches-de-noel-2021\/","url_meta":{"origin":8775,"position":3},"title":"M\u00e9lis-m\u00e9los des march\u00e9s de No\u00ebl 2021","author":"Jojo","date":"31 d\u00e9cembre 2021","format":false,"excerpt":"Pendant les vacances de No\u00ebl, nous n'avons pas pu faire tous les march\u00e9s de No\u00ebl comme nous le voulions. Mais nous avons pu quand m\u00eame en appr\u00e9cier quelques-uns. Le march\u00e9 de No\u00ebl de Sisteron Le 18 d\u00e9cembre 2021, nous sommes arriv\u00e9s dans l'apr\u00e8s-midi \u00e0 Sisteron, l'occasion de visiter la vieille\u2026","rel":"","context":"Dans &quot;Mini visiteur&quot;","block_context":{"text":"Mini visiteur","link":"https:\/\/www.jojoenherbe.com\/index.php\/category\/mini-crapahuteur\/mini-visiteur\/"},"img":{"alt_text":"","src":"https:\/\/i0.wp.com\/www.jojoenherbe.com\/wp-content\/uploads\/2021\/12\/St-Jean-Cap-Ferrat-Illuminations-5-scaled.jpg?fit=1200%2C900&ssl=1&resize=350%2C200","width":350,"height":200,"srcset":"https:\/\/i0.wp.com\/www.jojoenherbe.com\/wp-content\/uploads\/2021\/12\/St-Jean-Cap-Ferrat-Illuminations-5-scaled.jpg?fit=1200%2C900&ssl=1&resize=350%2C200 1x, https:\/\/i0.wp.com\/www.jojoenherbe.com\/wp-content\/uploads\/2021\/12\/St-Jean-Cap-Ferrat-Illuminations-5-scaled.jpg?fit=1200%2C900&ssl=1&resize=525%2C300 1.5x, https:\/\/i0.wp.com\/www.jojoenherbe.com\/wp-content\/uploads\/2021\/12\/St-Jean-Cap-Ferrat-Illuminations-5-scaled.jpg?fit=1200%2C900&ssl=1&resize=700%2C400 2x, https:\/\/i0.wp.com\/www.jojoenherbe.com\/wp-content\/uploads\/2021\/12\/St-Jean-Cap-Ferrat-Illuminations-5-scaled.jpg?fit=1200%2C900&ssl=1&resize=1050%2C600 3x"},"classes":[]},{"id":8717,"url":"https:\/\/www.jojoenherbe.com\/index.php\/2019\/12\/04\/petits-bricolages-diy-de-noel\/","url_meta":{"origin":8775,"position":4},"title":"Petits bricolages DIY de No\u00ebl","author":"Jojo","date":"4 d\u00e9cembre 2019","format":false,"excerpt":"En ce 4 d\u00e9cembre 2019, les ciseaux et paillettes sont de sortie au chalet du \"Il \u00e9tait 7 fois No\u00ebl\" pour des DIY de No\u00ebl. Nous nous rendons donc, sous les chants de No\u00ebl, \u00e0 l'atelier bricolage de Syl qui a d\u00e9j\u00e0 confectionn\u00e9 des petites couronnes. Chicky Poo a elle-aussi\u2026","rel":"","context":"Dans &quot;Mini joueur&quot;","block_context":{"text":"Mini joueur","link":"https:\/\/www.jojoenherbe.com\/index.php\/category\/mini-decouvreur\/mini-joueur\/"},"img":{"alt_text":"","src":"https:\/\/i0.wp.com\/www.jojoenherbe.com\/wp-content\/uploads\/2019\/12\/bricolages-DIY-No%C3%ABl-scaled.jpg?fit=1200%2C749&ssl=1&resize=350%2C200","width":350,"height":200,"srcset":"https:\/\/i0.wp.com\/www.jojoenherbe.com\/wp-content\/uploads\/2019\/12\/bricolages-DIY-No%C3%ABl-scaled.jpg?fit=1200%2C749&ssl=1&resize=350%2C200 1x, https:\/\/i0.wp.com\/www.jojoenherbe.com\/wp-content\/uploads\/2019\/12\/bricolages-DIY-No%C3%ABl-scaled.jpg?fit=1200%2C749&ssl=1&resize=525%2C300 1.5x, https:\/\/i0.wp.com\/www.jojoenherbe.com\/wp-content\/uploads\/2019\/12\/bricolages-DIY-No%C3%ABl-scaled.jpg?fit=1200%2C749&ssl=1&resize=700%2C400 2x, https:\/\/i0.wp.com\/www.jojoenherbe.com\/wp-content\/uploads\/2019\/12\/bricolages-DIY-No%C3%ABl-scaled.jpg?fit=1200%2C749&ssl=1&resize=1050%2C600 3x"},"classes":[]},{"id":21847,"url":"https:\/\/www.jojoenherbe.com\/index.php\/2021\/10\/26\/la-nature-au-fil-de-lautomne-2021\/","url_meta":{"origin":8775,"position":5},"title":"La Nature au fil de l&rsquo;automne 2021","author":"Jojo","date":"26 octobre 2021","format":false,"excerpt":"Ce mardi, je rejoins Syl et Isabelle et leur rendez-vous photo hebdomadaire d'\u00e9coute et d'observation de la Nature dans le cadre du Challenge Halloween 2021. Pour ce billet, ce sera un floril\u00e8ge des couleurs de l'automne, m\u00eame si par chez nous c'est encore bien vert. Voici quelques photos de notre\u2026","rel":"","context":"Dans &quot;Mini baladeur&quot;","block_context":{"text":"Mini baladeur","link":"https:\/\/www.jojoenherbe.com\/index.php\/category\/mini-crapahuteur\/mini-baladeur\/"},"img":{"alt_text":"","src":"https:\/\/i0.wp.com\/www.jojoenherbe.com\/wp-content\/uploads\/2021\/10\/Cols-de-lOrme-et-de-lAble.jpg?fit=1200%2C1200&ssl=1&resize=350%2C200","width":350,"height":200,"srcset":"https:\/\/i0.wp.com\/www.jojoenherbe.com\/wp-content\/uploads\/2021\/10\/Cols-de-lOrme-et-de-lAble.jpg?fit=1200%2C1200&ssl=1&resize=350%2C200 1x, https:\/\/i0.wp.com\/www.jojoenherbe.com\/wp-content\/uploads\/2021\/10\/Cols-de-lOrme-et-de-lAble.jpg?fit=1200%2C1200&ssl=1&resize=525%2C300 1.5x, https:\/\/i0.wp.com\/www.jojoenherbe.com\/wp-content\/uploads\/2021\/10\/Cols-de-lOrme-et-de-lAble.jpg?fit=1200%2C1200&ssl=1&resize=700%2C400 2x, https:\/\/i0.wp.com\/www.jojoenherbe.com\/wp-content\/uploads\/2021\/10\/Cols-de-lOrme-et-de-lAble.jpg?fit=1200%2C1200&ssl=1&resize=1050%2C600 3x"},"classes":[]}],"_links":{"self":[{"href":"https:\/\/www.jojoenherbe.com\/index.php\/wp-json\/wp\/v2\/posts\/8775","targetHints":{"allow":["GET"]}}],"collection":[{"href":"https:\/\/www.jojoenherbe.com\/index.php\/wp-json\/wp\/v2\/posts"}],"about":[{"href":"https:\/\/www.jojoenherbe.com\/index.php\/wp-json\/wp\/v2\/types\/post"}],"author":[{"embeddable":true,"href":"https:\/\/www.jojoenherbe.com\/index.php\/wp-json\/wp\/v2\/users\/1"}],"replies":[{"embeddable":true,"href":"https:\/\/www.jojoenherbe.com\/index.php\/wp-json\/wp\/v2\/comments?post=8775"}],"version-history":[{"count":0,"href":"https:\/\/www.jojoenherbe.com\/index.php\/wp-json\/wp\/v2\/posts\/8775\/revisions"}],"wp:featuredmedia":[{"embeddable":true,"href":"https:\/\/www.jojoenherbe.com\/index.php\/wp-json\/wp\/v2\/media\/8780"}],"wp:attachment":[{"href":"https:\/\/www.jojoenherbe.com\/index.php\/wp-json\/wp\/v2\/media?parent=8775"}],"wp:term":[{"taxonomy":"category","embeddable":true,"href":"https:\/\/www.jojoenherbe.com\/index.php\/wp-json\/wp\/v2\/categories?post=8775"},{"taxonomy":"post_tag","embeddable":true,"href":"https:\/\/www.jojoenherbe.com\/index.php\/wp-json\/wp\/v2\/tags?post=8775"}],"curies":[{"name":"wp","href":"https:\/\/api.w.org\/{rel}","templated":true}]}}