{"id":8742,"date":"2019-12-05T15:47:39","date_gmt":"2019-12-05T14:47:39","guid":{"rendered":"http:\/\/www.jojoenherbe.com\/?p=8742"},"modified":"2023-02-15T14:00:06","modified_gmt":"2023-02-15T13:00:06","slug":"au-fil-des-pages-avec-noel-de-sapin","status":"publish","type":"post","link":"https:\/\/www.jojoenherbe.com\/index.php\/2019\/12\/05\/au-fil-des-pages-avec-noel-de-sapin\/","title":{"rendered":"Au fil des pages avec No\u00ebl de sapin"},"content":{"rendered":"<p style=\"text-align: justify;\"><em><a href=\"https:\/\/i0.wp.com\/www.jojoenherbe.com\/wp-content\/uploads\/2019\/12\/No%C3%ABl-de-sapin-2-1-scaled.jpg\"><img data-recalc-dims=\"1\" loading=\"lazy\" decoding=\"async\" data-attachment-id=\"8746\" data-permalink=\"https:\/\/www.jojoenherbe.com\/index.php\/2019\/12\/05\/au-fil-des-pages-avec-noel-de-sapin\/noel-de-sapin-2-2\/\" data-orig-file=\"https:\/\/i0.wp.com\/www.jojoenherbe.com\/wp-content\/uploads\/2019\/12\/No%C3%ABl-de-sapin-2-1-scaled.jpg?fit=2560%2C2133&amp;ssl=1\" data-orig-size=\"2560,2133\" data-comments-opened=\"1\" data-image-meta=\"{&quot;aperture&quot;:&quot;2.4&quot;,&quot;credit&quot;:&quot;&quot;,&quot;camera&quot;:&quot;iPhone 4S&quot;,&quot;caption&quot;:&quot;&quot;,&quot;created_timestamp&quot;:&quot;1574158187&quot;,&quot;copyright&quot;:&quot;&quot;,&quot;focal_length&quot;:&quot;4.28&quot;,&quot;iso&quot;:&quot;400&quot;,&quot;shutter_speed&quot;:&quot;0.066666666666667&quot;,&quot;title&quot;:&quot;&quot;,&quot;orientation&quot;:&quot;1&quot;}\" data-image-title=\"No\u00ebl de sapin 2\" data-image-description=\"\" data-image-caption=\"\" data-large-file=\"https:\/\/i0.wp.com\/www.jojoenherbe.com\/wp-content\/uploads\/2019\/12\/No%C3%ABl-de-sapin-2-1-scaled.jpg?fit=676%2C563&amp;ssl=1\" class=\"alignleft wp-image-8746 size-thumbnail\" src=\"https:\/\/i0.wp.com\/www.jojoenherbe.com\/wp-content\/uploads\/2019\/12\/No%C3%ABl-de-sapin-2-1.jpg?resize=150%2C150\" alt=\"\" width=\"150\" height=\"150\" srcset=\"https:\/\/i0.wp.com\/www.jojoenherbe.com\/wp-content\/uploads\/2019\/12\/No%C3%ABl-de-sapin-2-1-scaled.jpg?resize=150%2C150&amp;ssl=1 150w, https:\/\/i0.wp.com\/www.jojoenherbe.com\/wp-content\/uploads\/2019\/12\/No%C3%ABl-de-sapin-2-1-scaled.jpg?zoom=2&amp;resize=150%2C150 300w, https:\/\/i0.wp.com\/www.jojoenherbe.com\/wp-content\/uploads\/2019\/12\/No%C3%ABl-de-sapin-2-1-scaled.jpg?zoom=3&amp;resize=150%2C150 450w\" sizes=\"auto, (max-width: 150px) 100vw, 150px\" \/><\/a> <a href=\"https:\/\/i0.wp.com\/www.jojoenherbe.com\/wp-content\/uploads\/2019\/12\/No%C3%ABl-de-sapin-3-1-scaled.jpg\"><img data-recalc-dims=\"1\" loading=\"lazy\" decoding=\"async\" data-attachment-id=\"8747\" data-permalink=\"https:\/\/www.jojoenherbe.com\/index.php\/2019\/12\/05\/au-fil-des-pages-avec-noel-de-sapin\/noel-de-sapin-3-2\/\" data-orig-file=\"https:\/\/i0.wp.com\/www.jojoenherbe.com\/wp-content\/uploads\/2019\/12\/No%C3%ABl-de-sapin-3-1-scaled.jpg?fit=2560%2C2081&amp;ssl=1\" data-orig-size=\"2560,2081\" data-comments-opened=\"1\" data-image-meta=\"{&quot;aperture&quot;:&quot;2.4&quot;,&quot;credit&quot;:&quot;&quot;,&quot;camera&quot;:&quot;iPhone 4S&quot;,&quot;caption&quot;:&quot;&quot;,&quot;created_timestamp&quot;:&quot;1574158215&quot;,&quot;copyright&quot;:&quot;&quot;,&quot;focal_length&quot;:&quot;4.28&quot;,&quot;iso&quot;:&quot;640&quot;,&quot;shutter_speed&quot;:&quot;0.066666666666667&quot;,&quot;title&quot;:&quot;&quot;,&quot;orientation&quot;:&quot;1&quot;}\" data-image-title=\"No\u00ebl de sapin 3\" data-image-description=\"\" data-image-caption=\"\" data-large-file=\"https:\/\/i0.wp.com\/www.jojoenherbe.com\/wp-content\/uploads\/2019\/12\/No%C3%ABl-de-sapin-3-1-scaled.jpg?fit=676%2C550&amp;ssl=1\" class=\"alignleft wp-image-8747 size-thumbnail\" src=\"https:\/\/i0.wp.com\/www.jojoenherbe.com\/wp-content\/uploads\/2019\/12\/No%C3%ABl-de-sapin-3-1.jpg?resize=150%2C150\" alt=\"\" width=\"150\" height=\"150\" srcset=\"https:\/\/i0.wp.com\/www.jojoenherbe.com\/wp-content\/uploads\/2019\/12\/No%C3%ABl-de-sapin-3-1-scaled.jpg?resize=150%2C150&amp;ssl=1 150w, https:\/\/i0.wp.com\/www.jojoenherbe.com\/wp-content\/uploads\/2019\/12\/No%C3%ABl-de-sapin-3-1-scaled.jpg?zoom=2&amp;resize=150%2C150 300w, https:\/\/i0.wp.com\/www.jojoenherbe.com\/wp-content\/uploads\/2019\/12\/No%C3%ABl-de-sapin-3-1-scaled.jpg?zoom=3&amp;resize=150%2C150 450w\" sizes=\"auto, (max-width: 150px) 100vw, 150px\" \/><\/a>Nous lisons pour d\u00e9buter nos lectures de No\u00ebl en cette fin novembre 2019 <span style=\"text-decoration: underline;\">No\u00ebl de sapin<\/span> de Michel Gay (\u00e9d. L&rsquo;\u00e9cole des loisirs, 2013), un album jeunesse \u00e0 partir de 3 ans. D\u00e8s les premi\u00e8res pages, cela m&rsquo;a fait penser au conte d&rsquo;Hans Christian Andersen, <span style=\"text-decoration: underline;\">Le sapin<\/span>. Un sapin est bien en peine lorsqu&rsquo;il est retir\u00e9 des siens pour servir de sapin de No\u00ebl. Une fois No\u00ebl pass\u00e9, il est jet\u00e9, sans m\u00e9nagement, \u00e0 la poubelle avec d&rsquo;autres d\u00e9corations. Mais sa rencontre avec Camion-Poubelle va tout changer. Les illustrations sont simples comme nous avait habitu\u00e9 l&rsquo;auteur avec <a href=\"http:\/\/www.jojoenherbe.com\/index.php\/2019\/09\/04\/au-fil-des-pages-avec-la-provision-de-bisous-de-zou\/\"><span style=\"text-decoration: underline;\">Zou<\/span><\/a> ou <a href=\"http:\/\/www.jojoenherbe.com\/index.php\/2019\/02\/05\/des-albums-jeunesse-sur-lhiver\/\"><span style=\"text-decoration: underline;\">\u00c0 trois, on a moins froid<\/span><\/a>. Mais l&rsquo;histoire, dans sa seconde partie, est attachante et dans l&rsquo;esprit de No\u00ebl. Un joli conte de No\u00ebl qui se finit bien contrairement \u00e0 celui d&rsquo;Andersen!<\/em><\/p>\n<div id=\"attachment_4796\" style=\"width: 133px\" class=\"wp-caption alignleft\"><img data-recalc-dims=\"1\" loading=\"lazy\" decoding=\"async\" aria-describedby=\"caption-attachment-4796\" class=\"wp-image-4796\" src=\"https:\/\/i0.wp.com\/www.laplanquealibellules.fr\/wp-content\/uploads\/sites\/3\/2019\/11\/Logo_1_2019-1024x1024.jpg?resize=123%2C123&#038;ssl=1\" sizes=\"auto, (max-width: 1024px) 100vw, 1024px\" srcset=\"https:\/\/www.laplanquealibellules.fr\/wp-content\/uploads\/sites\/3\/2019\/11\/Logo_1_2019-1024x1024.jpg 1024w, https:\/\/www.laplanquealibellules.fr\/wp-content\/uploads\/sites\/3\/2019\/11\/Logo_1_2019-150x150.jpg 150w, https:\/\/www.laplanquealibellules.fr\/wp-content\/uploads\/sites\/3\/2019\/11\/Logo_1_2019-300x300.jpg 300w, https:\/\/www.laplanquealibellules.fr\/wp-content\/uploads\/sites\/3\/2019\/11\/Logo_1_2019-768x768.jpg 768w, https:\/\/www.laplanquealibellules.fr\/wp-content\/uploads\/sites\/3\/2019\/11\/Logo_1_2019.jpg 2000w\" alt=\"\" data-id=\"4796\" data-link=\"https:\/\/www.laplanquealibellules.fr\/?attachment_id=4796\" width=\"123\" height=\"123\"><p id=\"caption-attachment-4796\" class=\"wp-caption-text\">Challenge Il \u00e9tait 7 fois No\u00ebl de <a href=\"https:\/\/www.laplanquealibellules.fr\/2019\/11\/il-etait-sept-fois-noel.html\/\">Chicky Poo<\/a> et <a href=\"https:\/\/viedecontedefee.blogspot.com\/2019\/11\/1577-il-etait-sept-fois-noel.html\">Samarian<\/a><\/p><\/div>\n<div style=\"width: 114px\" class=\"wp-caption alignleft\"><img data-recalc-dims=\"1\" loading=\"lazy\" decoding=\"async\" class=\"\" src=\"https:\/\/i0.wp.com\/delivrer-des-livres.fr\/wp-content\/uploads\/2019\/05\/logoalbums2019.png?resize=104%2C104\" alt=\"\" width=\"104\" height=\"104\"><p class=\"wp-caption-text\">Participation #100 <a href=\"http:\/\/delivrer-des-livres.fr\/challenge-albums-2019\/\">Je lis aussi des albums<\/a><\/p><\/div>\n<div style=\"width: 82px\" class=\"wp-caption alignleft\"><img data-recalc-dims=\"1\" loading=\"lazy\" decoding=\"async\" class=\"wp-caption-dt\" src=\"https:\/\/i0.wp.com\/2.bp.blogspot.com\/-TKBnABVnvwc\/Vx4rlxCGC1I\/AAAAAAAAL0o\/vWHf3kJJ_oQFnl5_LYs-AhwhkwyCAd2cgCPcBGAYYCw\/s200\/chut-les-enfants-lisent-logo-I.jpg?resize=72%2C130&#038;ssl=1\" alt=\"\" data-original-height=\"386\" data-original-width=\"215\" width=\"72\" height=\"130\" border=\"0\"><p class=\"wp-caption-text\">Participation #27 Devine qui vient Bloguer?<\/p><\/div>\n<div id=\"attachment_33643\" style=\"width: 142px\" class=\"wp-caption alignleft\"><img data-recalc-dims=\"1\" loading=\"lazy\" decoding=\"async\" aria-describedby=\"caption-attachment-33643\" class=\"wp-image-33643\" src=\"https:\/\/i0.wp.com\/delivrer-des-livres.fr\/wp-content\/uploads\/2019\/01\/petit-bac-2019.jpg?resize=132%2C100\" sizes=\"auto, (max-width: 200px) 100vw, 200px\" srcset=\"http:\/\/delivrer-des-livres.fr\/wp-content\/uploads\/2019\/01\/petit-bac-2019.jpg 285w, http:\/\/delivrer-des-livres.fr\/wp-content\/uploads\/2019\/01\/petit-bac-2019-150x114.jpg 150w\" alt=\"\" width=\"132\" height=\"100\"><p id=\"caption-attachment-33643\" class=\"wp-caption-text\"><a href=\"https:\/\/ennalit.wordpress.com\/2018\/12\/01\/challenge-petit-bac-2019-qui-veut-jouer\/\">Challenge Petit Bac d&rsquo;Enna<\/a> &#8211; #15 cat\u00e9gorie V\u00e9g\u00e9tal: \u00ab\u00a0Sapin\u00a0\u00bb<\/p><\/div>\n","protected":false},"excerpt":{"rendered":"<p>Nous lisons pour d\u00e9buter nos lectures de No\u00ebl en cette fin novembre 2019 No\u00ebl de sapin de Michel Gay (\u00e9d. L&rsquo;\u00e9cole des loisirs, 2013), un album jeunesse \u00e0 partir de 3 ans. D\u00e8s les premi\u00e8res pages, cela m&rsquo;a fait penser au conte d&rsquo;Hans Christian Andersen, Le sapin. Un sapin est bien en peine lorsqu&rsquo;il est [&hellip;]<\/p>\n","protected":false},"author":1,"featured_media":14493,"comment_status":"open","ping_status":"open","sticky":false,"template":"","format":"standard","meta":{"jetpack_post_was_ever_published":false,"_jetpack_newsletter_access":"","_jetpack_dont_email_post_to_subs":false,"_jetpack_newsletter_tier_id":0,"_jetpack_memberships_contains_paywalled_content":false,"_jetpack_memberships_contains_paid_content":false,"footnotes":""},"categories":[363],"tags":[785,409,1057,1349,1119,390,676,459,982,1350,367,1056,1024,19,451,348],"class_list":["post-8742","post","type-post","status-publish","format-standard","has-post-thumbnail","hentry","category-mini-lecteur","tag-3-6-ans","tag-albums-jeunesse","tag-camion-poubelle","tag-challenge-petit-bac-2019","tag-chut-les-enfants-lisent","tag-entraide","tag-etoiles","tag-famille","tag-il-etait-7-fois-noel","tag-je-lis-aussi-des-albums-2019","tag-lecture-jeunesse","tag-lectures-de-noel","tag-michel-gay","tag-noel","tag-partage","tag-sapin-de-noel","post-preview"],"jetpack_featured_media_url":"https:\/\/i0.wp.com\/www.jojoenherbe.com\/wp-content\/uploads\/2020\/12\/Noel-de-sapin-scaled.jpg?fit=2560%2C2211&ssl=1","jetpack_sharing_enabled":true,"jetpack_shortlink":"https:\/\/wp.me\/p9zhGx-2h0","jetpack_likes_enabled":true,"jetpack-related-posts":[{"id":14179,"url":"https:\/\/www.jojoenherbe.com\/index.php\/2020\/12\/01\/au-fil-des-pages-avec-23-decembre\/","url_meta":{"origin":8742,"position":0},"title":"Au fil des pages avec 23 d\u00e9cembre","author":"Jojo","date":"1 d\u00e9cembre 2020","format":false,"excerpt":"Nous empruntons \u00e0 la m\u00e9diath\u00e8que 23 d\u00e9cembre de Michel Gay (\u00e9d. L'\u00e9cole des loisirs, 2000), un album jeunesse \u00e0 partir de 3 ans. C'est d\u00e9j\u00e0 le 23 d\u00e9cembre. Marijo, une petite fille accompagn\u00e9e de son chien et de sa ch\u00e8vre, s'en va chercher le sapin de No\u00ebl. Mais trois petits\u2026","rel":"","context":"Dans &quot;Mini lecteur&quot;","block_context":{"text":"Mini lecteur","link":"https:\/\/www.jojoenherbe.com\/index.php\/category\/mini-lecteur\/"},"img":{"alt_text":"","src":"https:\/\/i0.wp.com\/www.jojoenherbe.com\/wp-content\/uploads\/2020\/12\/23-decembre-scaled.jpg?fit=1200%2C900&ssl=1&resize=350%2C200","width":350,"height":200,"srcset":"https:\/\/i0.wp.com\/www.jojoenherbe.com\/wp-content\/uploads\/2020\/12\/23-decembre-scaled.jpg?fit=1200%2C900&ssl=1&resize=350%2C200 1x, https:\/\/i0.wp.com\/www.jojoenherbe.com\/wp-content\/uploads\/2020\/12\/23-decembre-scaled.jpg?fit=1200%2C900&ssl=1&resize=525%2C300 1.5x, https:\/\/i0.wp.com\/www.jojoenherbe.com\/wp-content\/uploads\/2020\/12\/23-decembre-scaled.jpg?fit=1200%2C900&ssl=1&resize=700%2C400 2x, https:\/\/i0.wp.com\/www.jojoenherbe.com\/wp-content\/uploads\/2020\/12\/23-decembre-scaled.jpg?fit=1200%2C900&ssl=1&resize=1050%2C600 3x"},"classes":[]},{"id":14482,"url":"https:\/\/www.jojoenherbe.com\/index.php\/2020\/12\/22\/au-fil-des-pages-avec-le-sapin\/","url_meta":{"origin":8742,"position":1},"title":"Au fil des pages avec Le sapin","author":"Jojo","date":"22 d\u00e9cembre 2020","format":false,"excerpt":"J22 de notre calendrier livresque de No\u00ebl: No\u00ebl de sapin de Michel Gay (\u00e9d. L\u2019\u00e9cole des loisirs, 1991, r\u00e9\u00e9d. 2019), un album jeunesse \u00e0 partir de 3 ans que nous avions beaucoup lu et relu l'ann\u00e9e derni\u00e8re. Apr\u00e8s avoir servi de sapin de No\u00ebl, un jeune sapin est jet\u00e9 dans\u2026","rel":"","context":"Dans &quot;Mini lecteur&quot;","block_context":{"text":"Mini lecteur","link":"https:\/\/www.jojoenherbe.com\/index.php\/category\/mini-lecteur\/"},"img":{"alt_text":"","src":"https:\/\/i0.wp.com\/www.jojoenherbe.com\/wp-content\/uploads\/2020\/12\/Le-sapin-et-Noel-de-sapin-scaled.jpg?fit=1200%2C892&ssl=1&resize=350%2C200","width":350,"height":200,"srcset":"https:\/\/i0.wp.com\/www.jojoenherbe.com\/wp-content\/uploads\/2020\/12\/Le-sapin-et-Noel-de-sapin-scaled.jpg?fit=1200%2C892&ssl=1&resize=350%2C200 1x, https:\/\/i0.wp.com\/www.jojoenherbe.com\/wp-content\/uploads\/2020\/12\/Le-sapin-et-Noel-de-sapin-scaled.jpg?fit=1200%2C892&ssl=1&resize=525%2C300 1.5x, https:\/\/i0.wp.com\/www.jojoenherbe.com\/wp-content\/uploads\/2020\/12\/Le-sapin-et-Noel-de-sapin-scaled.jpg?fit=1200%2C892&ssl=1&resize=700%2C400 2x, https:\/\/i0.wp.com\/www.jojoenherbe.com\/wp-content\/uploads\/2020\/12\/Le-sapin-et-Noel-de-sapin-scaled.jpg?fit=1200%2C892&ssl=1&resize=1050%2C600 3x"},"classes":[]},{"id":9214,"url":"https:\/\/www.jojoenherbe.com\/index.php\/2019\/12\/29\/au-fil-des-pages-avec-cest-noel\/","url_meta":{"origin":8742,"position":2},"title":"Au fil des pages avec C&rsquo;est No\u00ebl!","author":"Jojo","date":"29 d\u00e9cembre 2019","format":false,"excerpt":"Au pied du sapin, nous avons d\u00e9couvert \u00e9galement une autre histoire d'un personnage que nous appr\u00e9cions: Arthur le petit rhinoc\u00e9ros. Il s'agit de C'est No\u00ebl de Tracey Corderoy et Tim Warnes (\u00e9d. Mijade, 2017), un album jeunesse \u00e0 partir de 3 ans. Que d'excitation chez Arthur \u00e0 quelques jours de\u2026","rel":"","context":"Dans &quot;Mini lecteur&quot;","block_context":{"text":"Mini lecteur","link":"https:\/\/www.jojoenherbe.com\/index.php\/category\/mini-lecteur\/"},"img":{"alt_text":"","src":"https:\/\/i0.wp.com\/www.jojoenherbe.com\/wp-content\/uploads\/2019\/12\/Cest-No%C3%ABl.jpg?fit=1200%2C1003&ssl=1&resize=350%2C200","width":350,"height":200,"srcset":"https:\/\/i0.wp.com\/www.jojoenherbe.com\/wp-content\/uploads\/2019\/12\/Cest-No%C3%ABl.jpg?fit=1200%2C1003&ssl=1&resize=350%2C200 1x, https:\/\/i0.wp.com\/www.jojoenherbe.com\/wp-content\/uploads\/2019\/12\/Cest-No%C3%ABl.jpg?fit=1200%2C1003&ssl=1&resize=525%2C300 1.5x, https:\/\/i0.wp.com\/www.jojoenherbe.com\/wp-content\/uploads\/2019\/12\/Cest-No%C3%ABl.jpg?fit=1200%2C1003&ssl=1&resize=700%2C400 2x, https:\/\/i0.wp.com\/www.jojoenherbe.com\/wp-content\/uploads\/2019\/12\/Cest-No%C3%ABl.jpg?fit=1200%2C1003&ssl=1&resize=1050%2C600 3x"},"classes":[]},{"id":9166,"url":"https:\/\/www.jojoenherbe.com\/index.php\/2020\/01\/03\/au-fil-des-pages-avec-demain-cest-noel\/","url_meta":{"origin":8742,"position":3},"title":"Au fil des pages avec Demain c&rsquo;est No\u00ebl","author":"Jojo","date":"3 janvier 2020","format":false,"excerpt":"Nous lisons et relisons Demain c'est No\u00ebl de Claire Masurel et Marie H. Henry (\u00e9d. L'\u00e9cole des loisirs, 1994, r\u00e9\u00e9d. 2013), un album jeunesse \u00e0 partir de 3 ans. Nous suivons les pr\u00e9paratifs de No\u00ebl chez Juliette, une petite fille avec ses parents et ses doudous: le choix du sapin,\u2026","rel":"","context":"Dans &quot;Mini lecteur&quot;","block_context":{"text":"Mini lecteur","link":"https:\/\/www.jojoenherbe.com\/index.php\/category\/mini-lecteur\/"},"img":{"alt_text":"","src":"https:\/\/i0.wp.com\/www.jojoenherbe.com\/wp-content\/uploads\/2020\/01\/Demain-cest-Noel-scaled.jpg?fit=1200%2C780&ssl=1&resize=350%2C200","width":350,"height":200,"srcset":"https:\/\/i0.wp.com\/www.jojoenherbe.com\/wp-content\/uploads\/2020\/01\/Demain-cest-Noel-scaled.jpg?fit=1200%2C780&ssl=1&resize=350%2C200 1x, https:\/\/i0.wp.com\/www.jojoenherbe.com\/wp-content\/uploads\/2020\/01\/Demain-cest-Noel-scaled.jpg?fit=1200%2C780&ssl=1&resize=525%2C300 1.5x, https:\/\/i0.wp.com\/www.jojoenherbe.com\/wp-content\/uploads\/2020\/01\/Demain-cest-Noel-scaled.jpg?fit=1200%2C780&ssl=1&resize=700%2C400 2x, https:\/\/i0.wp.com\/www.jojoenherbe.com\/wp-content\/uploads\/2020\/01\/Demain-cest-Noel-scaled.jpg?fit=1200%2C780&ssl=1&resize=1050%2C600 3x"},"classes":[]},{"id":9137,"url":"https:\/\/www.jojoenherbe.com\/index.php\/2019\/12\/29\/au-fil-des-pages-avec-le-premier-noel-de-nina\/","url_meta":{"origin":8742,"position":4},"title":"Au fil des pages avec Le premier No\u00ebl de Nina","author":"Jojo","date":"29 d\u00e9cembre 2019","format":false,"excerpt":"Lors du premier RAT du Challenge Il \u00e9tait 7 fois No\u00ebl, nous avons relu Le premier No\u00ebl de Nina de Christine Leeson et Gaby Hansen (\u00e9d. Milan Jeunesse, 2003), un album jeunesse \u00e0 partir de 3 ans. Nina, une petite souris, f\u00eate son premier No\u00ebl et souhaite avoir un joli\u2026","rel":"","context":"Dans &quot;Mini lecteur&quot;","block_context":{"text":"Mini lecteur","link":"https:\/\/www.jojoenherbe.com\/index.php\/category\/mini-lecteur\/"},"img":{"alt_text":"","src":"https:\/\/i0.wp.com\/www.jojoenherbe.com\/wp-content\/uploads\/2019\/12\/Le-premier-Noel-de-Nina-scaled.jpg?fit=1200%2C900&ssl=1&resize=350%2C200","width":350,"height":200,"srcset":"https:\/\/i0.wp.com\/www.jojoenherbe.com\/wp-content\/uploads\/2019\/12\/Le-premier-Noel-de-Nina-scaled.jpg?fit=1200%2C900&ssl=1&resize=350%2C200 1x, https:\/\/i0.wp.com\/www.jojoenherbe.com\/wp-content\/uploads\/2019\/12\/Le-premier-Noel-de-Nina-scaled.jpg?fit=1200%2C900&ssl=1&resize=525%2C300 1.5x, https:\/\/i0.wp.com\/www.jojoenherbe.com\/wp-content\/uploads\/2019\/12\/Le-premier-Noel-de-Nina-scaled.jpg?fit=1200%2C900&ssl=1&resize=700%2C400 2x, https:\/\/i0.wp.com\/www.jojoenherbe.com\/wp-content\/uploads\/2019\/12\/Le-premier-Noel-de-Nina-scaled.jpg?fit=1200%2C900&ssl=1&resize=1050%2C600 3x"},"classes":[]},{"id":9348,"url":"https:\/\/www.jojoenherbe.com\/index.php\/2020\/01\/03\/au-fil-des-pages-avec-joyeux-noel-splat\/","url_meta":{"origin":8742,"position":5},"title":"Au fil des pages avec Joyeux No\u00ebl, Splat!","author":"Jojo","date":"3 janvier 2020","format":false,"excerpt":"Nous lisons et relisons Joyeux No\u00ebl, Splat! de Rob Scotton (\u00e9d. Nathan, 2012), un album jeunesse \u00e0 partir de 3 ans. Apr\u00e8s Halloween, nous retrouvons Splat le chat et Harry Souris dans les derniers pr\u00e9paratifs avant No\u00ebl: la lettre au P\u00e8re No\u00ebl, le sapin de No\u00ebl et le repas du\u2026","rel":"","context":"Dans &quot;Mini lecteur&quot;","block_context":{"text":"Mini lecteur","link":"https:\/\/www.jojoenherbe.com\/index.php\/category\/mini-lecteur\/"},"img":{"alt_text":"","src":"https:\/\/i0.wp.com\/www.jojoenherbe.com\/wp-content\/uploads\/2020\/01\/Joyeux-Noel-Splat-scaled.jpg?fit=1200%2C900&ssl=1&resize=350%2C200","width":350,"height":200,"srcset":"https:\/\/i0.wp.com\/www.jojoenherbe.com\/wp-content\/uploads\/2020\/01\/Joyeux-Noel-Splat-scaled.jpg?fit=1200%2C900&ssl=1&resize=350%2C200 1x, https:\/\/i0.wp.com\/www.jojoenherbe.com\/wp-content\/uploads\/2020\/01\/Joyeux-Noel-Splat-scaled.jpg?fit=1200%2C900&ssl=1&resize=525%2C300 1.5x, https:\/\/i0.wp.com\/www.jojoenherbe.com\/wp-content\/uploads\/2020\/01\/Joyeux-Noel-Splat-scaled.jpg?fit=1200%2C900&ssl=1&resize=700%2C400 2x, https:\/\/i0.wp.com\/www.jojoenherbe.com\/wp-content\/uploads\/2020\/01\/Joyeux-Noel-Splat-scaled.jpg?fit=1200%2C900&ssl=1&resize=1050%2C600 3x"},"classes":[]}],"_links":{"self":[{"href":"https:\/\/www.jojoenherbe.com\/index.php\/wp-json\/wp\/v2\/posts\/8742","targetHints":{"allow":["GET"]}}],"collection":[{"href":"https:\/\/www.jojoenherbe.com\/index.php\/wp-json\/wp\/v2\/posts"}],"about":[{"href":"https:\/\/www.jojoenherbe.com\/index.php\/wp-json\/wp\/v2\/types\/post"}],"author":[{"embeddable":true,"href":"https:\/\/www.jojoenherbe.com\/index.php\/wp-json\/wp\/v2\/users\/1"}],"replies":[{"embeddable":true,"href":"https:\/\/www.jojoenherbe.com\/index.php\/wp-json\/wp\/v2\/comments?post=8742"}],"version-history":[{"count":1,"href":"https:\/\/www.jojoenherbe.com\/index.php\/wp-json\/wp\/v2\/posts\/8742\/revisions"}],"predecessor-version":[{"id":29826,"href":"https:\/\/www.jojoenherbe.com\/index.php\/wp-json\/wp\/v2\/posts\/8742\/revisions\/29826"}],"wp:featuredmedia":[{"embeddable":true,"href":"https:\/\/www.jojoenherbe.com\/index.php\/wp-json\/wp\/v2\/media\/14493"}],"wp:attachment":[{"href":"https:\/\/www.jojoenherbe.com\/index.php\/wp-json\/wp\/v2\/media?parent=8742"}],"wp:term":[{"taxonomy":"category","embeddable":true,"href":"https:\/\/www.jojoenherbe.com\/index.php\/wp-json\/wp\/v2\/categories?post=8742"},{"taxonomy":"post_tag","embeddable":true,"href":"https:\/\/www.jojoenherbe.com\/index.php\/wp-json\/wp\/v2\/tags?post=8742"}],"curies":[{"name":"wp","href":"https:\/\/api.w.org\/{rel}","templated":true}]}}