{"id":8398,"date":"2019-11-13T22:41:15","date_gmt":"2019-11-13T21:41:15","guid":{"rendered":"http:\/\/www.jojoenherbe.com\/?p=8398"},"modified":"2022-05-02T13:32:38","modified_gmt":"2022-05-02T11:32:38","slug":"au-fil-des-pages-autour-dun-oeuf","status":"publish","type":"post","link":"https:\/\/www.jojoenherbe.com\/index.php\/2019\/11\/13\/au-fil-des-pages-autour-dun-oeuf\/","title":{"rendered":"Au fil des pages autour d&rsquo;un \u0153uf"},"content":{"rendered":"<p style=\"text-align: justify;\"><em><a href=\"https:\/\/i0.wp.com\/www.jojoenherbe.com\/wp-content\/uploads\/2019\/11\/Cest-%C3%A0-moi-%C3%A7a.jpg\"><img data-recalc-dims=\"1\" loading=\"lazy\" decoding=\"async\" data-attachment-id=\"8401\" data-permalink=\"https:\/\/www.jojoenherbe.com\/index.php\/2019\/11\/13\/au-fil-des-pages-autour-dun-oeuf\/cest-a-moi-ca\/\" data-orig-file=\"https:\/\/i0.wp.com\/www.jojoenherbe.com\/wp-content\/uploads\/2019\/11\/Cest-%C3%A0-moi-%C3%A7a.jpg?fit=2558%2C2141&amp;ssl=1\" data-orig-size=\"2558,2141\" data-comments-opened=\"1\" data-image-meta=\"{&quot;aperture&quot;:&quot;2.4&quot;,&quot;credit&quot;:&quot;&quot;,&quot;camera&quot;:&quot;iPhone 4S&quot;,&quot;caption&quot;:&quot;&quot;,&quot;created_timestamp&quot;:&quot;1573221149&quot;,&quot;copyright&quot;:&quot;&quot;,&quot;focal_length&quot;:&quot;4.28&quot;,&quot;iso&quot;:&quot;200&quot;,&quot;shutter_speed&quot;:&quot;0.05&quot;,&quot;title&quot;:&quot;&quot;,&quot;orientation&quot;:&quot;1&quot;}\" data-image-title=\"C&amp;rsquo;est \u00e0 moi, \u00e7a\" data-image-description=\"\" data-image-caption=\"\" data-large-file=\"https:\/\/i0.wp.com\/www.jojoenherbe.com\/wp-content\/uploads\/2019\/11\/Cest-%C3%A0-moi-%C3%A7a.jpg?fit=676%2C566&amp;ssl=1\" class=\"alignleft size-thumbnail wp-image-8401\" src=\"https:\/\/i0.wp.com\/www.jojoenherbe.com\/wp-content\/uploads\/2019\/11\/Cest-%C3%A0-moi-%C3%A7a.jpg?resize=150%2C150\" alt=\"\" width=\"150\" height=\"150\" srcset=\"https:\/\/i0.wp.com\/www.jojoenherbe.com\/wp-content\/uploads\/2019\/11\/Cest-%C3%A0-moi-%C3%A7a.jpg?resize=150%2C150&amp;ssl=1 150w, https:\/\/i0.wp.com\/www.jojoenherbe.com\/wp-content\/uploads\/2019\/11\/Cest-%C3%A0-moi-%C3%A7a.jpg?zoom=2&amp;resize=150%2C150 300w, https:\/\/i0.wp.com\/www.jojoenherbe.com\/wp-content\/uploads\/2019\/11\/Cest-%C3%A0-moi-%C3%A7a.jpg?zoom=3&amp;resize=150%2C150 450w\" sizes=\"auto, (max-width: 150px) 100vw, 150px\" \/><\/a> <a href=\"https:\/\/i0.wp.com\/www.jojoenherbe.com\/wp-content\/uploads\/2019\/11\/Cest-%C3%A0-moi-%C3%A7a-2.jpg\"><img data-recalc-dims=\"1\" loading=\"lazy\" decoding=\"async\" data-attachment-id=\"8400\" data-permalink=\"https:\/\/www.jojoenherbe.com\/index.php\/2019\/11\/13\/au-fil-des-pages-autour-dun-oeuf\/cest-a-moi-ca-2\/\" data-orig-file=\"https:\/\/i0.wp.com\/www.jojoenherbe.com\/wp-content\/uploads\/2019\/11\/Cest-%C3%A0-moi-%C3%A7a-2.jpg?fit=3258%2C2047&amp;ssl=1\" data-orig-size=\"3258,2047\" data-comments-opened=\"1\" data-image-meta=\"{&quot;aperture&quot;:&quot;2.4&quot;,&quot;credit&quot;:&quot;&quot;,&quot;camera&quot;:&quot;iPhone 4S&quot;,&quot;caption&quot;:&quot;&quot;,&quot;created_timestamp&quot;:&quot;1573221287&quot;,&quot;copyright&quot;:&quot;&quot;,&quot;focal_length&quot;:&quot;4.28&quot;,&quot;iso&quot;:&quot;125&quot;,&quot;shutter_speed&quot;:&quot;0.05&quot;,&quot;title&quot;:&quot;&quot;,&quot;orientation&quot;:&quot;1&quot;}\" data-image-title=\"C&amp;rsquo;est \u00e0 moi, \u00e7a 2\" data-image-description=\"\" data-image-caption=\"\" data-large-file=\"https:\/\/i0.wp.com\/www.jojoenherbe.com\/wp-content\/uploads\/2019\/11\/Cest-%C3%A0-moi-%C3%A7a-2.jpg?fit=676%2C424&amp;ssl=1\" class=\"alignleft size-thumbnail wp-image-8400\" src=\"https:\/\/i0.wp.com\/www.jojoenherbe.com\/wp-content\/uploads\/2019\/11\/Cest-%C3%A0-moi-%C3%A7a-2.jpg?resize=150%2C150\" alt=\"\" width=\"150\" height=\"150\" srcset=\"https:\/\/i0.wp.com\/www.jojoenherbe.com\/wp-content\/uploads\/2019\/11\/Cest-%C3%A0-moi-%C3%A7a-2.jpg?resize=150%2C150&amp;ssl=1 150w, https:\/\/i0.wp.com\/www.jojoenherbe.com\/wp-content\/uploads\/2019\/11\/Cest-%C3%A0-moi-%C3%A7a-2.jpg?zoom=2&amp;resize=150%2C150 300w, https:\/\/i0.wp.com\/www.jojoenherbe.com\/wp-content\/uploads\/2019\/11\/Cest-%C3%A0-moi-%C3%A7a-2.jpg?zoom=3&amp;resize=150%2C150 450w\" sizes=\"auto, (max-width: 150px) 100vw, 150px\" \/><\/a>\u00c0 quelques jours d&rsquo;intervalles, nous empruntons \u00e0 la m\u00e9diath\u00e8que deux albums jeunesse traitant une histoire similaire: la d\u00e9couverte d&rsquo;un \u0153uf par un animal, m\u00eame si la fin diff\u00e8re.\u00a0 Il s&rsquo;agit, tout d&rsquo;abord, de <strong><span style=\"text-decoration: underline;\">C&rsquo;est \u00e0 moi, \u00e7a!<\/span><\/strong> de Michel Van Zeveren (\u00e9d. L&rsquo;\u00e9cole des loisirs, 2010), l&rsquo;auteur s&rsquo;amusant avec la p\u00e9riode des \u00ab\u00a0c&rsquo;est \u00e0 moi\u00a0\u00bb des tout-petits, vers 2\/3 ans. Une grenouille trouve un \u0153uf. Mais d&rsquo;autres animaux veulent le lui prendre. S&rsquo;ensuivent des disputes jusqu&rsquo;\u00e0 ce que l\u2019\u0153uf \u00e9close. De cet auteur, nous avions d\u00e9j\u00e0\u00a0 lu <a href=\"http:\/\/www.jojoenherbe.com\/index.php\/2019\/08\/23\/au-fil-des-pages-avec-123-petits-chats-qui-savaient-compter-jusqua-3\/\"><span style=\"text-decoration: underline;\">1,2,3 petits chats qui savaient compter jusqu&rsquo;\u00e0 3<\/span><\/a>. Quel animal sortira de cet \u0153uf? La grenouille ne devrait-elle pas se m\u00e9fier? L&rsquo;histoire comporte des rebondissements rigolos. Cet album jeunesse aborde, avec beaucoup d&rsquo;humour, les th\u00e8mes de la possession et de l&rsquo;apprentissage du partage chez les tout-petits.<br \/>\n<\/em><\/p>\n<p style=\"text-align: justify;\"><em><a href=\"https:\/\/i0.wp.com\/www.jojoenherbe.com\/wp-content\/uploads\/2019\/11\/Dr%C3%B4le-doeuf-2.jpg\"><img data-recalc-dims=\"1\" loading=\"lazy\" decoding=\"async\" data-attachment-id=\"8402\" data-permalink=\"https:\/\/www.jojoenherbe.com\/index.php\/2019\/11\/13\/au-fil-des-pages-autour-dun-oeuf\/drole-doeuf-2\/\" data-orig-file=\"https:\/\/i0.wp.com\/www.jojoenherbe.com\/wp-content\/uploads\/2019\/11\/Dr%C3%B4le-doeuf-2.jpg?fit=3264%2C2074&amp;ssl=1\" data-orig-size=\"3264,2074\" data-comments-opened=\"1\" data-image-meta=\"{&quot;aperture&quot;:&quot;2.4&quot;,&quot;credit&quot;:&quot;&quot;,&quot;camera&quot;:&quot;iPhone 4S&quot;,&quot;caption&quot;:&quot;&quot;,&quot;created_timestamp&quot;:&quot;1573221347&quot;,&quot;copyright&quot;:&quot;&quot;,&quot;focal_length&quot;:&quot;4.28&quot;,&quot;iso&quot;:&quot;100&quot;,&quot;shutter_speed&quot;:&quot;0.05&quot;,&quot;title&quot;:&quot;&quot;,&quot;orientation&quot;:&quot;1&quot;}\" data-image-title=\"Dr\u00f4le d&amp;rsquo;oeuf 2\" data-image-description=\"\" data-image-caption=\"\" data-large-file=\"https:\/\/i0.wp.com\/www.jojoenherbe.com\/wp-content\/uploads\/2019\/11\/Dr%C3%B4le-doeuf-2.jpg?fit=676%2C430&amp;ssl=1\" class=\"size-thumbnail wp-image-8402 alignright\" src=\"https:\/\/i0.wp.com\/www.jojoenherbe.com\/wp-content\/uploads\/2019\/11\/Dr%C3%B4le-doeuf-2.jpg?resize=150%2C150\" alt=\"\" width=\"150\" height=\"150\" srcset=\"https:\/\/i0.wp.com\/www.jojoenherbe.com\/wp-content\/uploads\/2019\/11\/Dr%C3%B4le-doeuf-2.jpg?resize=150%2C150&amp;ssl=1 150w, https:\/\/i0.wp.com\/www.jojoenherbe.com\/wp-content\/uploads\/2019\/11\/Dr%C3%B4le-doeuf-2.jpg?zoom=2&amp;resize=150%2C150 300w, https:\/\/i0.wp.com\/www.jojoenherbe.com\/wp-content\/uploads\/2019\/11\/Dr%C3%B4le-doeuf-2.jpg?zoom=3&amp;resize=150%2C150 450w\" sizes=\"auto, (max-width: 150px) 100vw, 150px\" \/><\/a> <a href=\"https:\/\/i0.wp.com\/www.jojoenherbe.com\/wp-content\/uploads\/2019\/11\/Dr%C3%B4le-doeuf.jpg\"><img data-recalc-dims=\"1\" loading=\"lazy\" decoding=\"async\" data-attachment-id=\"8403\" data-permalink=\"https:\/\/www.jojoenherbe.com\/index.php\/2019\/11\/13\/au-fil-des-pages-autour-dun-oeuf\/drole-doeuf\/\" data-orig-file=\"https:\/\/i0.wp.com\/www.jojoenherbe.com\/wp-content\/uploads\/2019\/11\/Dr%C3%B4le-doeuf.jpg?fit=3231%2C2147&amp;ssl=1\" data-orig-size=\"3231,2147\" data-comments-opened=\"1\" data-image-meta=\"{&quot;aperture&quot;:&quot;2.4&quot;,&quot;credit&quot;:&quot;&quot;,&quot;camera&quot;:&quot;iPhone 4S&quot;,&quot;caption&quot;:&quot;&quot;,&quot;created_timestamp&quot;:&quot;1573221300&quot;,&quot;copyright&quot;:&quot;&quot;,&quot;focal_length&quot;:&quot;4.28&quot;,&quot;iso&quot;:&quot;125&quot;,&quot;shutter_speed&quot;:&quot;0.05&quot;,&quot;title&quot;:&quot;&quot;,&quot;orientation&quot;:&quot;1&quot;}\" data-image-title=\"Dr\u00f4le d&amp;rsquo;oeuf\" data-image-description=\"\" data-image-caption=\"\" data-large-file=\"https:\/\/i0.wp.com\/www.jojoenherbe.com\/wp-content\/uploads\/2019\/11\/Dr%C3%B4le-doeuf.jpg?fit=676%2C449&amp;ssl=1\" class=\"size-thumbnail wp-image-8403 alignright\" src=\"https:\/\/i0.wp.com\/www.jojoenherbe.com\/wp-content\/uploads\/2019\/11\/Dr%C3%B4le-doeuf.jpg?resize=150%2C150\" alt=\"\" width=\"150\" height=\"150\" srcset=\"https:\/\/i0.wp.com\/www.jojoenherbe.com\/wp-content\/uploads\/2019\/11\/Dr%C3%B4le-doeuf.jpg?resize=150%2C150&amp;ssl=1 150w, https:\/\/i0.wp.com\/www.jojoenherbe.com\/wp-content\/uploads\/2019\/11\/Dr%C3%B4le-doeuf.jpg?zoom=2&amp;resize=150%2C150 300w, https:\/\/i0.wp.com\/www.jojoenherbe.com\/wp-content\/uploads\/2019\/11\/Dr%C3%B4le-doeuf.jpg?zoom=3&amp;resize=150%2C150 450w\" sizes=\"auto, (max-width: 150px) 100vw, 150px\" \/><\/a>Puis nous lisons <strong><span style=\"text-decoration: underline;\">Dr\u00f4le d\u2019\u0153uf<\/span><\/strong> d&rsquo;Emily Gravett (\u00e9d. Kal\u00e9idoscope, 2008), un album jeunesse cartonn\u00e9 \u00e0 partir de 2\/3 ans. Cette fois-ci, c&rsquo;est un canard qui trouve un \u0153uf qu&rsquo;il couve, longtemps, jusqu&rsquo;\u00e0 son \u00e9closion, sous le regard moqueur d&rsquo;autres oiseaux. La m\u00e9fiance sera-t-elle \u00e0 nouveau de mise? Nous retrouvons avec plaisir l&rsquo;humour de l&rsquo;autrice que nous avons d\u00e9couvert avec <a href=\"http:\/\/www.jojoenherbe.com\/index.php\/2019\/10\/09\/au-fil-des-pages-avec-sortileges\/\"><span style=\"text-decoration: underline;\">Sortil\u00e8ges<\/span><\/a>. Les illustrations sont rigolotes et dynamiques gr\u00e2ce aux d\u00e9coupes et rabats de l&rsquo;album, sans oublier les petits d\u00e9tails (les livres lus par la chouette, les chaussons tricot\u00e9s par le canard) qui rendent la chute vraiment tr\u00e8s dr\u00f4le. Un bon moment de lecture ponctu\u00e9 de rires!<br \/>\n<\/em><\/p>\n<p style=\"text-align: justify;\"><em>Pour prolonger la lecture de ces deux albums, nous nous amusons \u00e0 classer les \u0153ufs par leur taille. Nous abordons \u00e9galement la notion d&rsquo;ovipare ainsi que le cycle de vie d&rsquo;un animal ovipare, comme la poule que nous avions d\u00e9j\u00e0 \u00e9voqu\u00e9 \u00e0 P\u00e2ques. Nous voyons ainsi, par exemple, que le papillon, le l\u00e9zard des murailles, le serpent, la chouette, la poule, le canard, le crocodile, l&rsquo;abeille, la tortue, le manchot empereur et les poissons sont ovipares.<br \/>\n<\/em><\/p>\n<div style=\"width: 134px\" class=\"wp-caption alignleft\"><img data-recalc-dims=\"1\" loading=\"lazy\" decoding=\"async\" class=\"\" src=\"https:\/\/i0.wp.com\/delivrer-des-livres.fr\/wp-content\/uploads\/2019\/05\/logoalbums2019.png?resize=124%2C124\" alt=\"\" width=\"124\" height=\"124\" \/><p class=\"wp-caption-text\">Participation #85 <a href=\"http:\/\/delivrer-des-livres.fr\/challenge-albums-2019\/\">Je lis aussi des albums<\/a><\/p><\/div>\n<div style=\"width: 98px\" class=\"wp-caption alignleft\"><img data-recalc-dims=\"1\" loading=\"lazy\" decoding=\"async\" class=\"wp-caption-dt\" src=\"https:\/\/i0.wp.com\/2.bp.blogspot.com\/-TKBnABVnvwc\/Vx4rlxCGC1I\/AAAAAAAAL0o\/vWHf3kJJ_oQFnl5_LYs-AhwhkwyCAd2cgCPcBGAYYCw\/s200\/chut-les-enfants-lisent-logo-I.jpg?resize=88%2C158&#038;ssl=1\" alt=\"\" width=\"88\" height=\"158\" border=\"0\" data-original-height=\"386\" data-original-width=\"215\" \/><p class=\"wp-caption-text\">Participation #24 Devine qui vient Bloguer?<\/p><\/div>\n<div id=\"attachment_33643\" style=\"width: 139px\" class=\"wp-caption alignleft\"><img data-recalc-dims=\"1\" loading=\"lazy\" decoding=\"async\" aria-describedby=\"caption-attachment-33643\" class=\"wp-image-33643\" src=\"https:\/\/i0.wp.com\/delivrer-des-livres.fr\/wp-content\/uploads\/2019\/01\/petit-bac-2019.jpg?resize=129%2C98\" sizes=\"auto, (max-width: 200px) 100vw, 200px\" srcset=\"http:\/\/delivrer-des-livres.fr\/wp-content\/uploads\/2019\/01\/petit-bac-2019.jpg 285w, http:\/\/delivrer-des-livres.fr\/wp-content\/uploads\/2019\/01\/petit-bac-2019-150x114.jpg 150w\" alt=\"\" width=\"129\" height=\"98\" \/><p id=\"caption-attachment-33643\" class=\"wp-caption-text\"><a href=\"https:\/\/ennalit.wordpress.com\/2018\/12\/01\/challenge-petit-bac-2019-qui-veut-jouer\/\">Challenge Petit Bac d&rsquo;Enna<\/a> &#8211; #13 cat\u00e9gorie Lieu: \u00ab\u00a0Moi\u00a0\u00bb (localit\u00e9 de Norv\u00e8ge) et cat\u00e9gorie Adjectif: \u00ab\u00a0Dr\u00f4le\u00a0\u00bb<\/p><\/div>\n","protected":false},"excerpt":{"rendered":"<p>\u00c0 quelques jours d&rsquo;intervalles, nous empruntons \u00e0 la m\u00e9diath\u00e8que deux albums jeunesse traitant une histoire similaire: la d\u00e9couverte d&rsquo;un \u0153uf par un animal, m\u00eame si la fin diff\u00e8re.\u00a0 Il s&rsquo;agit, tout d&rsquo;abord, de C&rsquo;est \u00e0 moi, \u00e7a! de Michel Van Zeveren (\u00e9d. L&rsquo;\u00e9cole des loisirs, 2010), l&rsquo;auteur s&rsquo;amusant avec la p\u00e9riode des \u00ab\u00a0c&rsquo;est \u00e0 moi\u00a0\u00bb [&hellip;]<\/p>\n","protected":false},"author":1,"featured_media":8405,"comment_status":"open","ping_status":"open","sticky":false,"template":"","format":"standard","meta":{"jetpack_post_was_ever_published":false,"_jetpack_newsletter_access":"","_jetpack_dont_email_post_to_subs":false,"_jetpack_newsletter_tier_id":0,"_jetpack_memberships_contains_paywalled_content":false,"_jetpack_memberships_contains_paid_content":false,"footnotes":""},"categories":[363],"tags":[787,785,409,472,1349,1119,650,499,964,1000,963,1350,367,1001,962,965,966,448],"class_list":["post-8398","post","type-post","status-publish","format-standard","has-post-thumbnail","hentry","category-mini-lecteur","tag-2-5-ans","tag-3-6-ans","tag-albums-jeunesse","tag-canard","tag-challenge-petit-bac-2019","tag-chut-les-enfants-lisent","tag-crocodile","tag-cycle-de-vie","tag-eclosion","tag-emily-gravett","tag-grenouille","tag-je-lis-aussi-des-albums-2019","tag-lecture-jeunesse","tag-michel-van-zeveren","tag-oeuf","tag-ovipare","tag-reproduction","tag-vivre-ensemble","post-preview"],"jetpack_featured_media_url":"https:\/\/i0.wp.com\/www.jojoenherbe.com\/wp-content\/uploads\/2019\/11\/Albums-jeunesse-oeuf.jpg?fit=2481%2C2340&ssl=1","jetpack_sharing_enabled":true,"jetpack_shortlink":"https:\/\/wp.me\/p9zhGx-2bs","jetpack_likes_enabled":true,"jetpack-related-posts":[{"id":11963,"url":"https:\/\/www.jojoenherbe.com\/index.php\/2020\/08\/24\/au-fil-des-pages-avec-le-diner\/","url_meta":{"origin":8398,"position":0},"title":"Au fil des pages avec Le d\u00eener","author":"Jojo","date":"24 ao\u00fbt 2020","format":false,"excerpt":"Nous empruntons \u00e0 la m\u00e9diath\u00e8que Le d\u00eener de Michel Van Zeveren (\u00e9d. L'\u00e9cole des loisirs, coll. Pastel, 2012), un album jeunesse \u00e0 partir de 2\/3 ans. C'est bient\u00f4t l'heure du d\u00eener. En attendant et alors qu'il devrait patienter chez lui, Petit Lapin va jouer dans les bois et se fait\u2026","rel":"","context":"Dans &quot;Mini lecteur&quot;","block_context":{"text":"Mini lecteur","link":"https:\/\/www.jojoenherbe.com\/index.php\/category\/mini-lecteur\/"},"img":{"alt_text":"","src":"https:\/\/i0.wp.com\/www.jojoenherbe.com\/wp-content\/uploads\/2020\/08\/Le-diner-1-scaled.jpg?fit=1200%2C977&ssl=1&resize=350%2C200","width":350,"height":200,"srcset":"https:\/\/i0.wp.com\/www.jojoenherbe.com\/wp-content\/uploads\/2020\/08\/Le-diner-1-scaled.jpg?fit=1200%2C977&ssl=1&resize=350%2C200 1x, https:\/\/i0.wp.com\/www.jojoenherbe.com\/wp-content\/uploads\/2020\/08\/Le-diner-1-scaled.jpg?fit=1200%2C977&ssl=1&resize=525%2C300 1.5x, https:\/\/i0.wp.com\/www.jojoenherbe.com\/wp-content\/uploads\/2020\/08\/Le-diner-1-scaled.jpg?fit=1200%2C977&ssl=1&resize=700%2C400 2x, https:\/\/i0.wp.com\/www.jojoenherbe.com\/wp-content\/uploads\/2020\/08\/Le-diner-1-scaled.jpg?fit=1200%2C977&ssl=1&resize=1050%2C600 3x"},"classes":[]},{"id":10785,"url":"https:\/\/www.jojoenherbe.com\/index.php\/2020\/04\/20\/au-fil-des-pages-avec-3-histoires-de-paques\/","url_meta":{"origin":8398,"position":1},"title":"Au fil des pages avec 3 histoires de P\u00e2ques","author":"Jojo","date":"20 avril 2020","format":false,"excerpt":"Lors de la chasse aux \u0153ufs de la semaine derni\u00e8re, le lapin de P\u00e2ques a gliss\u00e9, entre les chocolats, 3 histoires de P\u00e2ques (\u00e9d. Flammarion Jeunesse, coll. P\u00e8re Castor, r\u00e9\u00e9d. 2020), un album jeunesse, \u00e0 partir de 3 ans, regroupant trois histoires d\u2019\u0153ufs, de lapins et de poules et qui\u2026","rel":"","context":"Dans &quot;Mini lecteur&quot;","block_context":{"text":"Mini lecteur","link":"https:\/\/www.jojoenherbe.com\/index.php\/category\/mini-lecteur\/"},"img":{"alt_text":"","src":"https:\/\/i0.wp.com\/www.jojoenherbe.com\/wp-content\/uploads\/2020\/04\/3-histoires-de-P%C3%A2ques-scaled.jpg?fit=1200%2C877&ssl=1&resize=350%2C200","width":350,"height":200,"srcset":"https:\/\/i0.wp.com\/www.jojoenherbe.com\/wp-content\/uploads\/2020\/04\/3-histoires-de-P%C3%A2ques-scaled.jpg?fit=1200%2C877&ssl=1&resize=350%2C200 1x, https:\/\/i0.wp.com\/www.jojoenherbe.com\/wp-content\/uploads\/2020\/04\/3-histoires-de-P%C3%A2ques-scaled.jpg?fit=1200%2C877&ssl=1&resize=525%2C300 1.5x, https:\/\/i0.wp.com\/www.jojoenherbe.com\/wp-content\/uploads\/2020\/04\/3-histoires-de-P%C3%A2ques-scaled.jpg?fit=1200%2C877&ssl=1&resize=700%2C400 2x, https:\/\/i0.wp.com\/www.jojoenherbe.com\/wp-content\/uploads\/2020\/04\/3-histoires-de-P%C3%A2ques-scaled.jpg?fit=1200%2C877&ssl=1&resize=1050%2C600 3x"},"classes":[]},{"id":7191,"url":"https:\/\/www.jojoenherbe.com\/index.php\/2019\/08\/23\/au-fil-des-pages-avec-123-petits-chats-qui-savaient-compter-jusqua-3\/","url_meta":{"origin":8398,"position":2},"title":"Au fil des pages avec 1,2,3 petits chats qui savaient compter jusqu&rsquo;\u00e0 3","author":"Jojo","date":"23 ao\u00fbt 2019","format":false,"excerpt":"Nous lisons 1,2,3 petits chats qui savaient compter jusqu'\u00e0 3 de Michel Van Zeveren (\u00e9d. L'\u00e9cole des loisirs, 2019), un album jeunesse \u00e0 partir de 3 ans que nous appr\u00e9cions beaucoup. Tendre et dr\u00f4le \u00e0 la fois, cette histoire permet aux tout-petits de compter jusqu'\u00e0 3 avec les personnages de\u2026","rel":"","context":"Dans &quot;Mini lecteur&quot;","block_context":{"text":"Mini lecteur","link":"https:\/\/www.jojoenherbe.com\/index.php\/category\/mini-lecteur\/"},"img":{"alt_text":"","src":"https:\/\/i0.wp.com\/www.jojoenherbe.com\/wp-content\/uploads\/2019\/08\/123-petits-chats.jpg?fit=1200%2C973&ssl=1&resize=350%2C200","width":350,"height":200,"srcset":"https:\/\/i0.wp.com\/www.jojoenherbe.com\/wp-content\/uploads\/2019\/08\/123-petits-chats.jpg?fit=1200%2C973&ssl=1&resize=350%2C200 1x, https:\/\/i0.wp.com\/www.jojoenherbe.com\/wp-content\/uploads\/2019\/08\/123-petits-chats.jpg?fit=1200%2C973&ssl=1&resize=525%2C300 1.5x, https:\/\/i0.wp.com\/www.jojoenherbe.com\/wp-content\/uploads\/2019\/08\/123-petits-chats.jpg?fit=1200%2C973&ssl=1&resize=700%2C400 2x, https:\/\/i0.wp.com\/www.jojoenherbe.com\/wp-content\/uploads\/2019\/08\/123-petits-chats.jpg?fit=1200%2C973&ssl=1&resize=1050%2C600 3x"},"classes":[]},{"id":16519,"url":"https:\/\/www.jojoenherbe.com\/index.php\/2021\/03\/14\/troisieme-alphabet-des-animaux-c-comme-chat\/","url_meta":{"origin":8398,"position":3},"title":"Troisi\u00e8me alphabet des animaux: C comme Chat","author":"Jojo","date":"14 mars 2021","format":false,"excerpt":"Pour la semaine 48 de mon challenge de l'alphabet des animaux illustr\u00e9s sur Instagram #jojoenherbeetcieillustre qui associe la premi\u00e8re lettre d'un animal avec une illustration tir\u00e9e de la litt\u00e9rature jeunesse en suivant l'ordre de l'alphabet, il s'agit du C comme Chat. Alors voici notre s\u00e9lection de chats qui sera mise\u2026","rel":"","context":"Dans &quot;Mini challenger&quot;","block_context":{"text":"Mini challenger","link":"https:\/\/www.jojoenherbe.com\/index.php\/category\/mini-challenger\/"},"img":{"alt_text":"","src":"https:\/\/i0.wp.com\/www.jojoenherbe.com\/wp-content\/uploads\/2021\/03\/Selection-Chats-scaled.jpg?fit=1200%2C737&ssl=1&resize=350%2C200","width":350,"height":200,"srcset":"https:\/\/i0.wp.com\/www.jojoenherbe.com\/wp-content\/uploads\/2021\/03\/Selection-Chats-scaled.jpg?fit=1200%2C737&ssl=1&resize=350%2C200 1x, https:\/\/i0.wp.com\/www.jojoenherbe.com\/wp-content\/uploads\/2021\/03\/Selection-Chats-scaled.jpg?fit=1200%2C737&ssl=1&resize=525%2C300 1.5x, https:\/\/i0.wp.com\/www.jojoenherbe.com\/wp-content\/uploads\/2021\/03\/Selection-Chats-scaled.jpg?fit=1200%2C737&ssl=1&resize=700%2C400 2x, https:\/\/i0.wp.com\/www.jojoenherbe.com\/wp-content\/uploads\/2021\/03\/Selection-Chats-scaled.jpg?fit=1200%2C737&ssl=1&resize=1050%2C600 3x"},"classes":[]},{"id":30629,"url":"https:\/\/www.jojoenherbe.com\/index.php\/2023\/04\/11\/au-fil-des-pages-avec-mon-meilleur-ami\/","url_meta":{"origin":8398,"position":4},"title":"Au fil des pages avec Mon meilleur ami","author":"Jojo","date":"11 avril 2023","format":false,"excerpt":"Nous avons lu Mon meilleur ami de Satoe Tone (\u00e9d. Passepartout, 2012), un album jeunesse \u00e0 partir de 3 ans avec l'histoire d'une jolie amiti\u00e9 entre un lapin vivant dans une pomme et un \u0153uf qu'il recueille. Mais un jour, la m\u00e8re de l\u2019\u0153uf le retrouve. Leur amiti\u00e9 survivra-t-elle \u00e0\u2026","rel":"","context":"Dans &quot;Mini lecteur&quot;","block_context":{"text":"Mini lecteur","link":"https:\/\/www.jojoenherbe.com\/index.php\/category\/mini-lecteur\/"},"img":{"alt_text":"","src":"https:\/\/i0.wp.com\/www.jojoenherbe.com\/wp-content\/uploads\/2023\/04\/Mon-meilleur-ami-scaled.jpg?fit=1200%2C765&ssl=1&resize=350%2C200","width":350,"height":200,"srcset":"https:\/\/i0.wp.com\/www.jojoenherbe.com\/wp-content\/uploads\/2023\/04\/Mon-meilleur-ami-scaled.jpg?fit=1200%2C765&ssl=1&resize=350%2C200 1x, https:\/\/i0.wp.com\/www.jojoenherbe.com\/wp-content\/uploads\/2023\/04\/Mon-meilleur-ami-scaled.jpg?fit=1200%2C765&ssl=1&resize=525%2C300 1.5x, https:\/\/i0.wp.com\/www.jojoenherbe.com\/wp-content\/uploads\/2023\/04\/Mon-meilleur-ami-scaled.jpg?fit=1200%2C765&ssl=1&resize=700%2C400 2x, https:\/\/i0.wp.com\/www.jojoenherbe.com\/wp-content\/uploads\/2023\/04\/Mon-meilleur-ami-scaled.jpg?fit=1200%2C765&ssl=1&resize=1050%2C600 3x"},"classes":[]},{"id":17074,"url":"https:\/\/www.jojoenherbe.com\/index.php\/2021\/04\/05\/semaine-13-du-projet-52-2021-oeuf\/","url_meta":{"origin":8398,"position":5},"title":"Semaine 13 du Projet 52-2021: \u0152uf","author":"Jojo","date":"5 avril 2021","format":false,"excerpt":"Pour la semaine 13 du Projet 52-2021 de Du c\u00f4t\u00e9 de chez Ma', le th\u00e8me est \"\u0152uf\". Pile poil dans le th\u00e8me de ce week-end de P\u00e2ques avec les \u0153ufs en chocolat. Voici donc nos trouvailles apr\u00e8s la chasse au tr\u00e9sor de P\u00e2ques avec plein de chocolats que nous avons\u2026","rel":"","context":"Dans &quot;Mini joueur&quot;","block_context":{"text":"Mini joueur","link":"https:\/\/www.jojoenherbe.com\/index.php\/category\/mini-decouvreur\/mini-joueur\/"},"img":{"alt_text":"","src":"https:\/\/i0.wp.com\/www.jojoenherbe.com\/wp-content\/uploads\/2021\/04\/Chasse-au-tresor-de-Paques-scaled.jpg?fit=1200%2C985&ssl=1&resize=350%2C200","width":350,"height":200,"srcset":"https:\/\/i0.wp.com\/www.jojoenherbe.com\/wp-content\/uploads\/2021\/04\/Chasse-au-tresor-de-Paques-scaled.jpg?fit=1200%2C985&ssl=1&resize=350%2C200 1x, https:\/\/i0.wp.com\/www.jojoenherbe.com\/wp-content\/uploads\/2021\/04\/Chasse-au-tresor-de-Paques-scaled.jpg?fit=1200%2C985&ssl=1&resize=525%2C300 1.5x, https:\/\/i0.wp.com\/www.jojoenherbe.com\/wp-content\/uploads\/2021\/04\/Chasse-au-tresor-de-Paques-scaled.jpg?fit=1200%2C985&ssl=1&resize=700%2C400 2x, https:\/\/i0.wp.com\/www.jojoenherbe.com\/wp-content\/uploads\/2021\/04\/Chasse-au-tresor-de-Paques-scaled.jpg?fit=1200%2C985&ssl=1&resize=1050%2C600 3x"},"classes":[]}],"_links":{"self":[{"href":"https:\/\/www.jojoenherbe.com\/index.php\/wp-json\/wp\/v2\/posts\/8398","targetHints":{"allow":["GET"]}}],"collection":[{"href":"https:\/\/www.jojoenherbe.com\/index.php\/wp-json\/wp\/v2\/posts"}],"about":[{"href":"https:\/\/www.jojoenherbe.com\/index.php\/wp-json\/wp\/v2\/types\/post"}],"author":[{"embeddable":true,"href":"https:\/\/www.jojoenherbe.com\/index.php\/wp-json\/wp\/v2\/users\/1"}],"replies":[{"embeddable":true,"href":"https:\/\/www.jojoenherbe.com\/index.php\/wp-json\/wp\/v2\/comments?post=8398"}],"version-history":[{"count":3,"href":"https:\/\/www.jojoenherbe.com\/index.php\/wp-json\/wp\/v2\/posts\/8398\/revisions"}],"predecessor-version":[{"id":25368,"href":"https:\/\/www.jojoenherbe.com\/index.php\/wp-json\/wp\/v2\/posts\/8398\/revisions\/25368"}],"wp:featuredmedia":[{"embeddable":true,"href":"https:\/\/www.jojoenherbe.com\/index.php\/wp-json\/wp\/v2\/media\/8405"}],"wp:attachment":[{"href":"https:\/\/www.jojoenherbe.com\/index.php\/wp-json\/wp\/v2\/media?parent=8398"}],"wp:term":[{"taxonomy":"category","embeddable":true,"href":"https:\/\/www.jojoenherbe.com\/index.php\/wp-json\/wp\/v2\/categories?post=8398"},{"taxonomy":"post_tag","embeddable":true,"href":"https:\/\/www.jojoenherbe.com\/index.php\/wp-json\/wp\/v2\/tags?post=8398"}],"curies":[{"name":"wp","href":"https:\/\/api.w.org\/{rel}","templated":true}]}}