{"id":8283,"date":"2019-11-02T18:32:49","date_gmt":"2019-11-02T17:32:49","guid":{"rendered":"http:\/\/www.jojoenherbe.com\/?p=8283"},"modified":"2019-11-02T18:32:49","modified_gmt":"2019-11-02T17:32:49","slug":"halloween-au-parc-alpha","status":"publish","type":"post","link":"https:\/\/www.jojoenherbe.com\/index.php\/2019\/11\/02\/halloween-au-parc-alpha\/","title":{"rendered":"Halloween au Parc Alpha"},"content":{"rendered":"<p style=\"text-align: justify;\"><em><a href=\"https:\/\/i0.wp.com\/www.jojoenherbe.com\/wp-content\/uploads\/2019\/11\/Parc-Alpha-Halloween-2.jpg\"><img data-recalc-dims=\"1\" loading=\"lazy\" decoding=\"async\" data-attachment-id=\"8285\" data-permalink=\"https:\/\/www.jojoenherbe.com\/index.php\/2019\/11\/02\/halloween-au-parc-alpha\/parc-alpha-halloween-2\/\" data-orig-file=\"https:\/\/i0.wp.com\/www.jojoenherbe.com\/wp-content\/uploads\/2019\/11\/Parc-Alpha-Halloween-2.jpg?fit=2431%2C2702&amp;ssl=1\" data-orig-size=\"2431,2702\" data-comments-opened=\"1\" data-image-meta=\"{&quot;aperture&quot;:&quot;2.4&quot;,&quot;credit&quot;:&quot;&quot;,&quot;camera&quot;:&quot;iPhone 4S&quot;,&quot;caption&quot;:&quot;&quot;,&quot;created_timestamp&quot;:&quot;1572532534&quot;,&quot;copyright&quot;:&quot;&quot;,&quot;focal_length&quot;:&quot;4.28&quot;,&quot;iso&quot;:&quot;64&quot;,&quot;shutter_speed&quot;:&quot;0.016666666666667&quot;,&quot;title&quot;:&quot;&quot;,&quot;orientation&quot;:&quot;1&quot;}\" data-image-title=\"Parc Alpha Halloween 2\" data-image-description=\"\" data-image-caption=\"\" data-large-file=\"https:\/\/i0.wp.com\/www.jojoenherbe.com\/wp-content\/uploads\/2019\/11\/Parc-Alpha-Halloween-2.jpg?fit=676%2C752&amp;ssl=1\" class=\"alignleft wp-image-8285 size-thumbnail\" src=\"https:\/\/i0.wp.com\/www.jojoenherbe.com\/wp-content\/uploads\/2019\/11\/Parc-Alpha-Halloween-2.jpg?resize=150%2C150\" alt=\"\" width=\"150\" height=\"150\" srcset=\"https:\/\/i0.wp.com\/www.jojoenherbe.com\/wp-content\/uploads\/2019\/11\/Parc-Alpha-Halloween-2.jpg?resize=150%2C150&amp;ssl=1 150w, https:\/\/i0.wp.com\/www.jojoenherbe.com\/wp-content\/uploads\/2019\/11\/Parc-Alpha-Halloween-2.jpg?zoom=2&amp;resize=150%2C150 300w, https:\/\/i0.wp.com\/www.jojoenherbe.com\/wp-content\/uploads\/2019\/11\/Parc-Alpha-Halloween-2.jpg?zoom=3&amp;resize=150%2C150 450w\" sizes=\"auto, (max-width: 150px) 100vw, 150px\" \/><\/a> <a href=\"https:\/\/i0.wp.com\/www.jojoenherbe.com\/wp-content\/uploads\/2019\/11\/Parc-Alpha-Halloween-3.jpg\"><img data-recalc-dims=\"1\" loading=\"lazy\" decoding=\"async\" data-attachment-id=\"8286\" data-permalink=\"https:\/\/www.jojoenherbe.com\/index.php\/2019\/11\/02\/halloween-au-parc-alpha\/parc-alpha-halloween-3\/\" data-orig-file=\"https:\/\/i0.wp.com\/www.jojoenherbe.com\/wp-content\/uploads\/2019\/11\/Parc-Alpha-Halloween-3.jpg?fit=2448%2C3264&amp;ssl=1\" data-orig-size=\"2448,3264\" data-comments-opened=\"1\" data-image-meta=\"{&quot;aperture&quot;:&quot;2.4&quot;,&quot;credit&quot;:&quot;&quot;,&quot;camera&quot;:&quot;iPhone 4S&quot;,&quot;caption&quot;:&quot;&quot;,&quot;created_timestamp&quot;:&quot;1572533936&quot;,&quot;copyright&quot;:&quot;&quot;,&quot;focal_length&quot;:&quot;4.28&quot;,&quot;iso&quot;:&quot;100&quot;,&quot;shutter_speed&quot;:&quot;0.05&quot;,&quot;title&quot;:&quot;&quot;,&quot;orientation&quot;:&quot;1&quot;}\" data-image-title=\"Parc Alpha Halloween 3\" data-image-description=\"\" data-image-caption=\"\" data-large-file=\"https:\/\/i0.wp.com\/www.jojoenherbe.com\/wp-content\/uploads\/2019\/11\/Parc-Alpha-Halloween-3.jpg?fit=676%2C901&amp;ssl=1\" class=\"alignleft size-thumbnail wp-image-8286\" src=\"https:\/\/i0.wp.com\/www.jojoenherbe.com\/wp-content\/uploads\/2019\/11\/Parc-Alpha-Halloween-3.jpg?resize=150%2C150\" alt=\"\" width=\"150\" height=\"150\" srcset=\"https:\/\/i0.wp.com\/www.jojoenherbe.com\/wp-content\/uploads\/2019\/11\/Parc-Alpha-Halloween-3.jpg?resize=150%2C150&amp;ssl=1 150w, https:\/\/i0.wp.com\/www.jojoenherbe.com\/wp-content\/uploads\/2019\/11\/Parc-Alpha-Halloween-3.jpg?zoom=2&amp;resize=150%2C150 300w, https:\/\/i0.wp.com\/www.jojoenherbe.com\/wp-content\/uploads\/2019\/11\/Parc-Alpha-Halloween-3.jpg?zoom=3&amp;resize=150%2C150 450w\" sizes=\"auto, (max-width: 150px) 100vw, 150px\" \/><\/a>Ce 31 octobre 2019, malgr\u00e9 le temps pluvieux annonc\u00e9, nous allons au <a href=\"http:\/\/www.jojoenherbe.com\/index.php\/2019\/05\/31\/le-temps-dune-visite-au-parc-alpha\/\">Parc Alpha<\/a> qui a organis\u00e9 des animations toute la journ\u00e9e pour Halloween: ateliers de la trouille avec fabrication par exemple de masque d&rsquo;Halloween, de potion magique ou citrouille&#8230; Finalement, nous \u00e9chappons \u00e0 la pluie sauf pour le trajet de retour en voiture.<br \/>\n<\/em><\/p>\n<p style=\"text-align: justify;\"><em><a href=\"https:\/\/i0.wp.com\/www.jojoenherbe.com\/wp-content\/uploads\/2019\/11\/Parc-Alpha-Halloween-6.jpg\"><img data-recalc-dims=\"1\" loading=\"lazy\" decoding=\"async\" data-attachment-id=\"8289\" data-permalink=\"https:\/\/www.jojoenherbe.com\/index.php\/2019\/11\/02\/halloween-au-parc-alpha\/parc-alpha-halloween-6\/\" data-orig-file=\"https:\/\/i0.wp.com\/www.jojoenherbe.com\/wp-content\/uploads\/2019\/11\/Parc-Alpha-Halloween-6.jpg?fit=5184%2C3888&amp;ssl=1\" data-orig-size=\"5184,3888\" data-comments-opened=\"1\" data-image-meta=\"{&quot;aperture&quot;:&quot;3.5&quot;,&quot;credit&quot;:&quot;&quot;,&quot;camera&quot;:&quot;DSC-HX400V&quot;,&quot;caption&quot;:&quot;&quot;,&quot;created_timestamp&quot;:&quot;1572535655&quot;,&quot;copyright&quot;:&quot;&quot;,&quot;focal_length&quot;:&quot;8.83&quot;,&quot;iso&quot;:&quot;800&quot;,&quot;shutter_speed&quot;:&quot;0.033333333333333&quot;,&quot;title&quot;:&quot;&quot;,&quot;orientation&quot;:&quot;1&quot;}\" data-image-title=\"Parc Alpha Halloween 6\" data-image-description=\"\" data-image-caption=\"\" data-large-file=\"https:\/\/i0.wp.com\/www.jojoenherbe.com\/wp-content\/uploads\/2019\/11\/Parc-Alpha-Halloween-6.jpg?fit=676%2C507&amp;ssl=1\" class=\"size-thumbnail wp-image-8289 alignright\" src=\"https:\/\/i0.wp.com\/www.jojoenherbe.com\/wp-content\/uploads\/2019\/11\/Parc-Alpha-Halloween-6.jpg?resize=150%2C150\" alt=\"\" width=\"150\" height=\"150\" srcset=\"https:\/\/i0.wp.com\/www.jojoenherbe.com\/wp-content\/uploads\/2019\/11\/Parc-Alpha-Halloween-6.jpg?resize=150%2C150&amp;ssl=1 150w, https:\/\/i0.wp.com\/www.jojoenherbe.com\/wp-content\/uploads\/2019\/11\/Parc-Alpha-Halloween-6.jpg?zoom=2&amp;resize=150%2C150 300w, https:\/\/i0.wp.com\/www.jojoenherbe.com\/wp-content\/uploads\/2019\/11\/Parc-Alpha-Halloween-6.jpg?zoom=3&amp;resize=150%2C150 450w\" sizes=\"auto, (max-width: 150px) 100vw, 150px\" \/><\/a> <a href=\"https:\/\/i0.wp.com\/www.jojoenherbe.com\/wp-content\/uploads\/2019\/11\/Parc-Alpha-Halloween-5.jpg\"><img data-recalc-dims=\"1\" loading=\"lazy\" decoding=\"async\" data-attachment-id=\"8288\" data-permalink=\"https:\/\/www.jojoenherbe.com\/index.php\/2019\/11\/02\/halloween-au-parc-alpha\/parc-alpha-halloween-5\/\" data-orig-file=\"https:\/\/i0.wp.com\/www.jojoenherbe.com\/wp-content\/uploads\/2019\/11\/Parc-Alpha-Halloween-5.jpg?fit=3888%2C5184&amp;ssl=1\" data-orig-size=\"3888,5184\" data-comments-opened=\"1\" data-image-meta=\"{&quot;aperture&quot;:&quot;4.5&quot;,&quot;credit&quot;:&quot;&quot;,&quot;camera&quot;:&quot;DSC-HX400V&quot;,&quot;caption&quot;:&quot;&quot;,&quot;created_timestamp&quot;:&quot;1572535681&quot;,&quot;copyright&quot;:&quot;&quot;,&quot;focal_length&quot;:&quot;23.17&quot;,&quot;iso&quot;:&quot;800&quot;,&quot;shutter_speed&quot;:&quot;0.076923076923077&quot;,&quot;title&quot;:&quot;&quot;,&quot;orientation&quot;:&quot;1&quot;}\" data-image-title=\"Parc Alpha Halloween 5\" data-image-description=\"\" data-image-caption=\"\" data-large-file=\"https:\/\/i0.wp.com\/www.jojoenherbe.com\/wp-content\/uploads\/2019\/11\/Parc-Alpha-Halloween-5.jpg?fit=676%2C901&amp;ssl=1\" class=\"size-thumbnail wp-image-8288 alignright\" src=\"https:\/\/i0.wp.com\/www.jojoenherbe.com\/wp-content\/uploads\/2019\/11\/Parc-Alpha-Halloween-5.jpg?resize=150%2C150\" alt=\"\" width=\"150\" height=\"150\" srcset=\"https:\/\/i0.wp.com\/www.jojoenherbe.com\/wp-content\/uploads\/2019\/11\/Parc-Alpha-Halloween-5.jpg?resize=150%2C150&amp;ssl=1 150w, https:\/\/i0.wp.com\/www.jojoenherbe.com\/wp-content\/uploads\/2019\/11\/Parc-Alpha-Halloween-5.jpg?zoom=2&amp;resize=150%2C150 300w, https:\/\/i0.wp.com\/www.jojoenherbe.com\/wp-content\/uploads\/2019\/11\/Parc-Alpha-Halloween-5.jpg?zoom=3&amp;resize=150%2C150 450w\" sizes=\"auto, (max-width: 150px) 100vw, 150px\" \/><\/a>Certaines de ces activit\u00e9s ont lieu \u00e0 la petite ferme, une des cabanes \u00e9tant devenue pour la journ\u00e9e la maison de la sorci\u00e8re. En t\u00e9moigne le linge accroch\u00e9. Un cimeti\u00e8re lugubre est \u00e9galement sorti de terre. Un moment de recueillement s&rsquo;impose alors devant la tombe de Jack (Jack O&rsquo;Lanterne bien s\u00fbr).<br \/>\n<\/em><\/p>\n<p style=\"text-align: justify;\"><em><a href=\"https:\/\/i0.wp.com\/www.jojoenherbe.com\/wp-content\/uploads\/2019\/11\/Parc-Alpha-Halloween-8.jpg\"><img data-recalc-dims=\"1\" loading=\"lazy\" decoding=\"async\" data-attachment-id=\"8291\" data-permalink=\"https:\/\/www.jojoenherbe.com\/index.php\/2019\/11\/02\/halloween-au-parc-alpha\/parc-alpha-halloween-8\/\" data-orig-file=\"https:\/\/i0.wp.com\/www.jojoenherbe.com\/wp-content\/uploads\/2019\/11\/Parc-Alpha-Halloween-8.jpg?fit=5184%2C3888&amp;ssl=1\" data-orig-size=\"5184,3888\" data-comments-opened=\"1\" data-image-meta=\"{&quot;aperture&quot;:&quot;3.5&quot;,&quot;credit&quot;:&quot;&quot;,&quot;camera&quot;:&quot;DSC-HX400V&quot;,&quot;caption&quot;:&quot;&quot;,&quot;created_timestamp&quot;:&quot;1572535665&quot;,&quot;copyright&quot;:&quot;&quot;,&quot;focal_length&quot;:&quot;8.83&quot;,&quot;iso&quot;:&quot;800&quot;,&quot;shutter_speed&quot;:&quot;0.05&quot;,&quot;title&quot;:&quot;&quot;,&quot;orientation&quot;:&quot;1&quot;}\" data-image-title=\"Parc Alpha Halloween 8\" data-image-description=\"\" data-image-caption=\"\" data-large-file=\"https:\/\/i0.wp.com\/www.jojoenherbe.com\/wp-content\/uploads\/2019\/11\/Parc-Alpha-Halloween-8.jpg?fit=676%2C507&amp;ssl=1\" class=\"alignleft size-thumbnail wp-image-8291\" src=\"https:\/\/i0.wp.com\/www.jojoenherbe.com\/wp-content\/uploads\/2019\/11\/Parc-Alpha-Halloween-8.jpg?resize=150%2C150\" alt=\"\" width=\"150\" height=\"150\" srcset=\"https:\/\/i0.wp.com\/www.jojoenherbe.com\/wp-content\/uploads\/2019\/11\/Parc-Alpha-Halloween-8.jpg?resize=150%2C150&amp;ssl=1 150w, https:\/\/i0.wp.com\/www.jojoenherbe.com\/wp-content\/uploads\/2019\/11\/Parc-Alpha-Halloween-8.jpg?zoom=2&amp;resize=150%2C150 300w, https:\/\/i0.wp.com\/www.jojoenherbe.com\/wp-content\/uploads\/2019\/11\/Parc-Alpha-Halloween-8.jpg?zoom=3&amp;resize=150%2C150 450w\" sizes=\"auto, (max-width: 150px) 100vw, 150px\" \/><\/a> <a href=\"https:\/\/i0.wp.com\/www.jojoenherbe.com\/wp-content\/uploads\/2019\/11\/Parc-Alpha-Halloween.jpg\"><img data-recalc-dims=\"1\" loading=\"lazy\" decoding=\"async\" data-attachment-id=\"8292\" data-permalink=\"https:\/\/www.jojoenherbe.com\/index.php\/2019\/11\/02\/halloween-au-parc-alpha\/parc-alpha-halloween\/\" data-orig-file=\"https:\/\/i0.wp.com\/www.jojoenherbe.com\/wp-content\/uploads\/2019\/11\/Parc-Alpha-Halloween.jpg?fit=3264%2C2448&amp;ssl=1\" data-orig-size=\"3264,2448\" data-comments-opened=\"1\" data-image-meta=\"{&quot;aperture&quot;:&quot;2.4&quot;,&quot;credit&quot;:&quot;&quot;,&quot;camera&quot;:&quot;iPhone 4S&quot;,&quot;caption&quot;:&quot;&quot;,&quot;created_timestamp&quot;:&quot;1572630236&quot;,&quot;copyright&quot;:&quot;&quot;,&quot;focal_length&quot;:&quot;4.28&quot;,&quot;iso&quot;:&quot;800&quot;,&quot;shutter_speed&quot;:&quot;0.066666666666667&quot;,&quot;title&quot;:&quot;&quot;,&quot;orientation&quot;:&quot;1&quot;}\" data-image-title=\"Parc Alpha Halloween\" data-image-description=\"\" data-image-caption=\"\" data-large-file=\"https:\/\/i0.wp.com\/www.jojoenherbe.com\/wp-content\/uploads\/2019\/11\/Parc-Alpha-Halloween.jpg?fit=676%2C507&amp;ssl=1\" class=\"alignleft size-thumbnail wp-image-8292\" src=\"https:\/\/i0.wp.com\/www.jojoenherbe.com\/wp-content\/uploads\/2019\/11\/Parc-Alpha-Halloween.jpg?resize=150%2C150\" alt=\"\" width=\"150\" height=\"150\" srcset=\"https:\/\/i0.wp.com\/www.jojoenherbe.com\/wp-content\/uploads\/2019\/11\/Parc-Alpha-Halloween.jpg?resize=150%2C150&amp;ssl=1 150w, https:\/\/i0.wp.com\/www.jojoenherbe.com\/wp-content\/uploads\/2019\/11\/Parc-Alpha-Halloween.jpg?zoom=2&amp;resize=150%2C150 300w, https:\/\/i0.wp.com\/www.jojoenherbe.com\/wp-content\/uploads\/2019\/11\/Parc-Alpha-Halloween.jpg?zoom=3&amp;resize=150%2C150 450w\" sizes=\"auto, (max-width: 150px) 100vw, 150px\" \/><\/a>Nous croiserons \u00e9galement dans le parc la sorci\u00e8re Grabouilla qui propose aux enfants des bonbons. Mais m\u00e9fiance, il se pourrait qu&rsquo;ils soient empoisonn\u00e9s comme la pomme mang\u00e9e par Blanche Neige&#8230; Nous assistons enfin \u00e0 la seconde repr\u00e9sentation d&rsquo;une pi\u00e8ce de th\u00e9\u00e2tre pour les enfants, \u00e0 partir de 4 ans, \u00ab\u00a0Le Petit Chaperon voit rouge\u00a0\u00bb, de la Compagnie ni\u00e7oise BAL Arts L\u00e9gers, (rajout\u00e9e au dernier moment vu le nombre d&rsquo;enfants pr\u00e9sents, ce qui fut tr\u00e8s appr\u00e9ci\u00e9). Une version revisit\u00e9e et d\u00e9jant\u00e9e du Petit Chaperon Rouge dans laquelle rien ne fait peur \u00e0 la petite fille qui en arriverait m\u00eame \u00e0 rendre docile et v\u00e9g\u00e9tarien le loup. Pourquoi le petit chaperon devrait mourir et ne jamais conna\u00eetre ce que \u00e7a fait d&rsquo;\u00eatre grande? La morale de ce conte d\u00e9tourn\u00e9 fera r\u00e9fl\u00e9chir tant les jeunes spectateurs que leurs parents. Une bien belle ambiance halloweenesque en territoire des loups!<\/em><\/p>\n<div id=\"attachment_25301\" style=\"width: 192px\" class=\"wp-caption aligncenter\"><img data-recalc-dims=\"1\" loading=\"lazy\" decoding=\"async\" aria-describedby=\"caption-attachment-25301\" class=\"wp-image-25301\" src=\"https:\/\/i0.wp.com\/www.myloubook.com\/wp-content\/uploads\/2019\/09\/logo-halloween-2019-candles.jpg?resize=182%2C123\" sizes=\"auto, (max-width: 1000px) 100vw, 1000px\" srcset=\"http:\/\/www.myloubook.com\/wp-content\/uploads\/2019\/09\/logo-halloween-2019-candles.jpg 1000w, http:\/\/www.myloubook.com\/wp-content\/uploads\/2019\/09\/logo-halloween-2019-candles-300x203.jpg 300w, http:\/\/www.myloubook.com\/wp-content\/uploads\/2019\/09\/logo-halloween-2019-candles-768x519.jpg 768w\" alt=\"\" width=\"182\" height=\"123\" \/><p id=\"caption-attachment-25301\" class=\"wp-caption-text\">Challenge Halloween 2019 de <a href=\"http:\/\/www.lelivroblog.fr\/archive\/2019\/09\/26\/le-recapitulatif-du-challenge-halloween-2019-6178421.html\">Hilde<\/a> et <a href=\"http:\/\/www.myloubook.com\/2019\/09\/28\/challenge-halloween-2019-10-ans-billet-recapitulatif\/\">Lou<\/a><\/p><\/div>\n<p><iframe loading=\"lazy\" style=\"border: 0;\" src=\"https:\/\/www.google.com\/maps\/embed?pb=!1m18!1m12!1m3!1d2864.558411071508!2d7.286247315512741!3d44.11310297910825!2m3!1f0!2f0!3f0!3m2!1i1024!2i768!4f13.1!3m3!1m2!1s0x12cda640f244fa7d%3A0xa9f54961d9617802!2sAlpha+-+Parc+Animalier!5e0!3m2!1sfr!2sfr!4v1516651610382\" width=\"400\" height=\"300\" frameborder=\"0\" allowfullscreen=\"allowfullscreen\"><\/iframe><\/p>\n","protected":false},"excerpt":{"rendered":"<p>Ce 31 octobre 2019, malgr\u00e9 le temps pluvieux annonc\u00e9, nous allons au Parc Alpha qui a organis\u00e9 des animations toute la journ\u00e9e pour Halloween: ateliers de la trouille avec fabrication par exemple de masque d&rsquo;Halloween, de potion magique ou citrouille&#8230; Finalement, nous \u00e9chappons \u00e0 la pluie sauf pour le trajet de retour en voiture. Certaines [&hellip;]<\/p>\n","protected":false},"author":1,"featured_media":8293,"comment_status":"open","ping_status":"open","sticky":false,"template":"","format":"standard","meta":{"jetpack_post_was_ever_published":false,"_jetpack_newsletter_access":"","_jetpack_dont_email_post_to_subs":false,"_jetpack_newsletter_tier_id":0,"_jetpack_memberships_contains_paywalled_content":false,"_jetpack_memberships_contains_paid_content":false,"footnotes":""},"categories":[4],"tags":[20,25,245,485,339,541,5,30,29,484,152,340,952,247],"class_list":["post-8283","post","type-post","status-publish","format-standard","has-post-thumbnail","hentry","category-mini-visiteur","tag-activites-pour-les-enfants","tag-alpes-maritimes","tag-contes","tag-contes-detournes","tag-halloween","tag-loup","tag-paca","tag-parc-alpha","tag-parcs-animaliers","tag-petit-chaperon-rouge","tag-saint-martin-vesubie","tag-sorciere","tag-theatre","tag-vallee-de-la-vesubie","post-preview"],"jetpack_featured_media_url":"https:\/\/i0.wp.com\/www.jojoenherbe.com\/wp-content\/uploads\/2019\/11\/Parc-Alpha-Halloween-4.jpg?fit=4776%2C3870&ssl=1","jetpack_sharing_enabled":true,"jetpack_shortlink":"https:\/\/wp.me\/p9zhGx-29B","jetpack_likes_enabled":true,"jetpack-related-posts":[{"id":290,"url":"https:\/\/www.jojoenherbe.com\/index.php\/2018\/01\/17\/sur-les-traces-du-loup-au-parc-alpha\/","url_meta":{"origin":8283,"position":0},"title":"Sur les traces du loup au Parc Alpha","author":"Jojo","date":"17 janvier 2018","format":false,"excerpt":"Nonobstant la journ\u00e9e bien entam\u00e9e, nous partons visiter le Parc Alpha, parc animalier consacr\u00e9 aux loups et situ\u00e9 juste apr\u00e8s le lac du barrage du Bor\u00e9on, \u00e0 1.480 m\u00e8tres d'altitude. Sur la route menant au parc, apr\u00e8s avoir pass\u00e9 Saint-Martin-V\u00e9subie, nous avons l'agr\u00e9able surprise de voir que la neige tomb\u00e9e\u2026","rel":"","context":"Dans &quot;Mini visiteur&quot;","block_context":{"text":"Mini visiteur","link":"https:\/\/www.jojoenherbe.com\/index.php\/category\/mini-crapahuteur\/mini-visiteur\/"},"img":{"alt_text":"","src":"https:\/\/i0.wp.com\/www.jojoenherbe.com\/wp-content\/uploads\/2018\/01\/Parc-Alpha-loups.jpg?fit=900%2C1200&ssl=1&resize=350%2C200","width":350,"height":200,"srcset":"https:\/\/i0.wp.com\/www.jojoenherbe.com\/wp-content\/uploads\/2018\/01\/Parc-Alpha-loups.jpg?fit=900%2C1200&ssl=1&resize=350%2C200 1x, https:\/\/i0.wp.com\/www.jojoenherbe.com\/wp-content\/uploads\/2018\/01\/Parc-Alpha-loups.jpg?fit=900%2C1200&ssl=1&resize=525%2C300 1.5x, https:\/\/i0.wp.com\/www.jojoenherbe.com\/wp-content\/uploads\/2018\/01\/Parc-Alpha-loups.jpg?fit=900%2C1200&ssl=1&resize=700%2C400 2x"},"classes":[]},{"id":10311,"url":"https:\/\/www.jojoenherbe.com\/index.php\/2020\/03\/10\/balade-hivernale-au-boreon\/","url_meta":{"origin":8283,"position":1},"title":"Balade hivernale au Bor\u00e9on","author":"Jojo","date":"10 mars 2020","format":false,"excerpt":"Ce 7 mars 2020, nous montons au Bor\u00e9on en passant devant la cascade et le lac encore en partie glac\u00e9e. Puis nous nous garons sur le parking en face du chalet d'accueil du Parc Alpha, la route pour monter au parking sup\u00e9rieur du Bor\u00e9on \u00e9tant ferm\u00e9 l'hiver. Puis nous suivons\u2026","rel":"","context":"Dans &quot;Mini baladeur&quot;","block_context":{"text":"Mini baladeur","link":"https:\/\/www.jojoenherbe.com\/index.php\/category\/mini-crapahuteur\/mini-baladeur\/"},"img":{"alt_text":"","src":"https:\/\/i0.wp.com\/www.jojoenherbe.com\/wp-content\/uploads\/2020\/03\/Bor%C3%A9on-4-scaled.jpg?fit=1200%2C900&ssl=1&resize=350%2C200","width":350,"height":200,"srcset":"https:\/\/i0.wp.com\/www.jojoenherbe.com\/wp-content\/uploads\/2020\/03\/Bor%C3%A9on-4-scaled.jpg?fit=1200%2C900&ssl=1&resize=350%2C200 1x, https:\/\/i0.wp.com\/www.jojoenherbe.com\/wp-content\/uploads\/2020\/03\/Bor%C3%A9on-4-scaled.jpg?fit=1200%2C900&ssl=1&resize=525%2C300 1.5x, https:\/\/i0.wp.com\/www.jojoenherbe.com\/wp-content\/uploads\/2020\/03\/Bor%C3%A9on-4-scaled.jpg?fit=1200%2C900&ssl=1&resize=700%2C400 2x, https:\/\/i0.wp.com\/www.jojoenherbe.com\/wp-content\/uploads\/2020\/03\/Bor%C3%A9on-4-scaled.jpg?fit=1200%2C900&ssl=1&resize=1050%2C600 3x"},"classes":[]},{"id":6118,"url":"https:\/\/www.jojoenherbe.com\/index.php\/2019\/05\/31\/le-temps-dune-visite-au-parc-alpha\/","url_meta":{"origin":8283,"position":2},"title":"Le temps d&rsquo;une visite au Parc Alpha","author":"Jojo","date":"31 mai 2019","format":false,"excerpt":"Ce 30 mai 2019, nous allons au Parc Alpha, le soleil \u00e9tant au rendez-vous. Avant de nous y rendre, nous avons relu Les loups d'Anne Royer et Shiilia (\u00e9d. Larousse, coll. Ma baby encyclop\u00e9die, 2017). En ce jour f\u00e9ri\u00e9, il y a beaucoup de visiteurs qui ont choisi de s'y\u2026","rel":"","context":"Dans &quot;Mini visiteur&quot;","block_context":{"text":"Mini visiteur","link":"https:\/\/www.jojoenherbe.com\/index.php\/category\/mini-crapahuteur\/mini-visiteur\/"},"img":{"alt_text":"","src":"https:\/\/i0.wp.com\/www.jojoenherbe.com\/wp-content\/uploads\/2019\/05\/Loup-canadien-Parc-Alpha-3.jpg?fit=1200%2C900&ssl=1&resize=350%2C200","width":350,"height":200,"srcset":"https:\/\/i0.wp.com\/www.jojoenherbe.com\/wp-content\/uploads\/2019\/05\/Loup-canadien-Parc-Alpha-3.jpg?fit=1200%2C900&ssl=1&resize=350%2C200 1x, https:\/\/i0.wp.com\/www.jojoenherbe.com\/wp-content\/uploads\/2019\/05\/Loup-canadien-Parc-Alpha-3.jpg?fit=1200%2C900&ssl=1&resize=525%2C300 1.5x, https:\/\/i0.wp.com\/www.jojoenherbe.com\/wp-content\/uploads\/2019\/05\/Loup-canadien-Parc-Alpha-3.jpg?fit=1200%2C900&ssl=1&resize=700%2C400 2x, https:\/\/i0.wp.com\/www.jojoenherbe.com\/wp-content\/uploads\/2019\/05\/Loup-canadien-Parc-Alpha-3.jpg?fit=1200%2C900&ssl=1&resize=1050%2C600 3x"},"classes":[]},{"id":2770,"url":"https:\/\/www.jojoenherbe.com\/index.php\/2014\/07\/17\/petite-balade-au-boreon-saint-martin-vesubie\/","url_meta":{"origin":8283,"position":3},"title":"Petite balade au Bor\u00e9on &#8211; Saint-Martin-V\u00e9subie","author":"Jojo","date":"17 juillet 2014","format":false,"excerpt":"Ce 13 juillet 2014, nous montons au lac du Bor\u00e9on situ\u00e9 \u00e0 quelques kilom\u00e8tres de Saint-Martin-V\u00e9subie. Nous nous garons sur le parking en face du Parc Alpha et commen\u00e7ons notre balade sur le sentier servant \u00e9galement de pistes de fond en hiver. Nous longeons les bords du cours d'eau Le\u2026","rel":"","context":"Dans &quot;Mini baladeur&quot;","block_context":{"text":"Mini baladeur","link":"https:\/\/www.jojoenherbe.com\/index.php\/category\/mini-crapahuteur\/mini-baladeur\/"},"img":{"alt_text":"","src":"https:\/\/i0.wp.com\/www.jojoenherbe.com\/wp-content\/uploads\/2014\/07\/Le-Bor%C3%A9on-Saint-Martin-V%C3%A9subie-2.jpg?fit=900%2C1200&ssl=1&resize=350%2C200","width":350,"height":200,"srcset":"https:\/\/i0.wp.com\/www.jojoenherbe.com\/wp-content\/uploads\/2014\/07\/Le-Bor%C3%A9on-Saint-Martin-V%C3%A9subie-2.jpg?fit=900%2C1200&ssl=1&resize=350%2C200 1x, https:\/\/i0.wp.com\/www.jojoenherbe.com\/wp-content\/uploads\/2014\/07\/Le-Bor%C3%A9on-Saint-Martin-V%C3%A9subie-2.jpg?fit=900%2C1200&ssl=1&resize=525%2C300 1.5x, https:\/\/i0.wp.com\/www.jojoenherbe.com\/wp-content\/uploads\/2014\/07\/Le-Bor%C3%A9on-Saint-Martin-V%C3%A9subie-2.jpg?fit=900%2C1200&ssl=1&resize=700%2C400 2x"},"classes":[]},{"id":6560,"url":"https:\/\/www.jojoenherbe.com\/index.php\/2019\/06\/29\/un-peu-de-fraicheur-au-boreon\/","url_meta":{"origin":8283,"position":4},"title":"Un peu de fra\u00eecheur au Bor\u00e9on","author":"Jojo","date":"29 juin 2019","format":false,"excerpt":"Ce 28 juin 2019, en cette journ\u00e9e qui s'annonce encore caniculaire, nous montons jusqu'\u00e0 un\u00a0 des parking du Bor\u00e9on, un peu apr\u00e8s l'entr\u00e9e du parc Alpha. Nous retrouvons avec plaisir les petits sentiers en sous-bois le long de la rivi\u00e8re Le Bor\u00e9on. Le thermom\u00e8tre de la voiture indique 35 degr\u00e9s\u2026","rel":"","context":"Dans &quot;Mini baladeur&quot;","block_context":{"text":"Mini baladeur","link":"https:\/\/www.jojoenherbe.com\/index.php\/category\/mini-crapahuteur\/mini-baladeur\/"},"img":{"alt_text":"","src":"https:\/\/i0.wp.com\/www.jojoenherbe.com\/wp-content\/uploads\/2019\/06\/Bor%C3%A9on.jpg?fit=1200%2C900&ssl=1&resize=350%2C200","width":350,"height":200,"srcset":"https:\/\/i0.wp.com\/www.jojoenherbe.com\/wp-content\/uploads\/2019\/06\/Bor%C3%A9on.jpg?fit=1200%2C900&ssl=1&resize=350%2C200 1x, https:\/\/i0.wp.com\/www.jojoenherbe.com\/wp-content\/uploads\/2019\/06\/Bor%C3%A9on.jpg?fit=1200%2C900&ssl=1&resize=525%2C300 1.5x, https:\/\/i0.wp.com\/www.jojoenherbe.com\/wp-content\/uploads\/2019\/06\/Bor%C3%A9on.jpg?fit=1200%2C900&ssl=1&resize=700%2C400 2x, https:\/\/i0.wp.com\/www.jojoenherbe.com\/wp-content\/uploads\/2019\/06\/Bor%C3%A9on.jpg?fit=1200%2C900&ssl=1&resize=1050%2C600 3x"},"classes":[]},{"id":10997,"url":"https:\/\/www.jojoenherbe.com\/index.php\/2020\/05\/22\/petite-balade-printaniere-au-boreon\/","url_meta":{"origin":8283,"position":5},"title":"Petite balade printani\u00e8re au Bor\u00e9on","author":"Jojo","date":"22 mai 2020","format":false,"excerpt":"En ce 21 mai 2020, nous partons nous balader et le soleil est enfin au rendez-vous. En cette premi\u00e8re balade post-confinement, direction un endroit que nous adorons: le Bor\u00e9on, dans la Haute-V\u00e9subie. Arriv\u00e9s au lac du Bor\u00e9on, il y a d\u00e9j\u00e0 beaucoup de monde et nous continuons jusqu'\u00e0 trouver un\u2026","rel":"","context":"Dans &quot;Mini baladeur&quot;","block_context":{"text":"Mini baladeur","link":"https:\/\/www.jojoenherbe.com\/index.php\/category\/mini-crapahuteur\/mini-baladeur\/"},"img":{"alt_text":"","src":"https:\/\/i0.wp.com\/www.jojoenherbe.com\/wp-content\/uploads\/2020\/05\/Bor%C3%A9on-3-scaled.jpg?fit=900%2C1200&ssl=1&resize=350%2C200","width":350,"height":200,"srcset":"https:\/\/i0.wp.com\/www.jojoenherbe.com\/wp-content\/uploads\/2020\/05\/Bor%C3%A9on-3-scaled.jpg?fit=900%2C1200&ssl=1&resize=350%2C200 1x, https:\/\/i0.wp.com\/www.jojoenherbe.com\/wp-content\/uploads\/2020\/05\/Bor%C3%A9on-3-scaled.jpg?fit=900%2C1200&ssl=1&resize=525%2C300 1.5x, https:\/\/i0.wp.com\/www.jojoenherbe.com\/wp-content\/uploads\/2020\/05\/Bor%C3%A9on-3-scaled.jpg?fit=900%2C1200&ssl=1&resize=700%2C400 2x"},"classes":[]}],"_links":{"self":[{"href":"https:\/\/www.jojoenherbe.com\/index.php\/wp-json\/wp\/v2\/posts\/8283","targetHints":{"allow":["GET"]}}],"collection":[{"href":"https:\/\/www.jojoenherbe.com\/index.php\/wp-json\/wp\/v2\/posts"}],"about":[{"href":"https:\/\/www.jojoenherbe.com\/index.php\/wp-json\/wp\/v2\/types\/post"}],"author":[{"embeddable":true,"href":"https:\/\/www.jojoenherbe.com\/index.php\/wp-json\/wp\/v2\/users\/1"}],"replies":[{"embeddable":true,"href":"https:\/\/www.jojoenherbe.com\/index.php\/wp-json\/wp\/v2\/comments?post=8283"}],"version-history":[{"count":0,"href":"https:\/\/www.jojoenherbe.com\/index.php\/wp-json\/wp\/v2\/posts\/8283\/revisions"}],"wp:featuredmedia":[{"embeddable":true,"href":"https:\/\/www.jojoenherbe.com\/index.php\/wp-json\/wp\/v2\/media\/8293"}],"wp:attachment":[{"href":"https:\/\/www.jojoenherbe.com\/index.php\/wp-json\/wp\/v2\/media?parent=8283"}],"wp:term":[{"taxonomy":"category","embeddable":true,"href":"https:\/\/www.jojoenherbe.com\/index.php\/wp-json\/wp\/v2\/categories?post=8283"},{"taxonomy":"post_tag","embeddable":true,"href":"https:\/\/www.jojoenherbe.com\/index.php\/wp-json\/wp\/v2\/tags?post=8283"}],"curies":[{"name":"wp","href":"https:\/\/api.w.org\/{rel}","templated":true}]}}