{"id":8118,"date":"2019-10-17T15:35:48","date_gmt":"2019-10-17T13:35:48","guid":{"rendered":"http:\/\/www.jojoenherbe.com\/?p=8118"},"modified":"2021-06-21T17:07:39","modified_gmt":"2021-06-21T15:07:39","slug":"au-fil-des-pages-avec-ciao-et-la-mer","status":"publish","type":"post","link":"https:\/\/www.jojoenherbe.com\/index.php\/2019\/10\/17\/au-fil-des-pages-avec-ciao-et-la-mer\/","title":{"rendered":"Au fil des pages avec Ciao et la mer"},"content":{"rendered":"<p style=\"text-align: justify;\"><em><a href=\"https:\/\/i0.wp.com\/www.jojoenherbe.com\/wp-content\/uploads\/2019\/10\/Ciao-et-la-mer-2.jpg\"><img data-recalc-dims=\"1\" loading=\"lazy\" decoding=\"async\" data-attachment-id=\"8119\" data-permalink=\"https:\/\/www.jojoenherbe.com\/index.php\/2019\/10\/17\/au-fil-des-pages-avec-ciao-et-la-mer\/ciao-et-la-mer-2\/\" data-orig-file=\"https:\/\/i0.wp.com\/www.jojoenherbe.com\/wp-content\/uploads\/2019\/10\/Ciao-et-la-mer-2.jpg?fit=3264%2C2084&amp;ssl=1\" data-orig-size=\"3264,2084\" data-comments-opened=\"1\" data-image-meta=\"{&quot;aperture&quot;:&quot;2.4&quot;,&quot;credit&quot;:&quot;&quot;,&quot;camera&quot;:&quot;iPhone 4S&quot;,&quot;caption&quot;:&quot;&quot;,&quot;created_timestamp&quot;:&quot;1571235529&quot;,&quot;copyright&quot;:&quot;&quot;,&quot;focal_length&quot;:&quot;4.28&quot;,&quot;iso&quot;:&quot;160&quot;,&quot;shutter_speed&quot;:&quot;0.05&quot;,&quot;title&quot;:&quot;&quot;,&quot;orientation&quot;:&quot;1&quot;}\" data-image-title=\"Ciao et la mer 2\" data-image-description=\"\" data-image-caption=\"\" data-large-file=\"https:\/\/i0.wp.com\/www.jojoenherbe.com\/wp-content\/uploads\/2019\/10\/Ciao-et-la-mer-2.jpg?fit=676%2C432&amp;ssl=1\" class=\"alignleft wp-image-8119 size-thumbnail\" src=\"https:\/\/i0.wp.com\/www.jojoenherbe.com\/wp-content\/uploads\/2019\/10\/Ciao-et-la-mer-2.jpg?resize=150%2C150\" alt=\"\" width=\"150\" height=\"150\" srcset=\"https:\/\/i0.wp.com\/www.jojoenherbe.com\/wp-content\/uploads\/2019\/10\/Ciao-et-la-mer-2.jpg?resize=150%2C150&amp;ssl=1 150w, https:\/\/i0.wp.com\/www.jojoenherbe.com\/wp-content\/uploads\/2019\/10\/Ciao-et-la-mer-2.jpg?zoom=2&amp;resize=150%2C150 300w, https:\/\/i0.wp.com\/www.jojoenherbe.com\/wp-content\/uploads\/2019\/10\/Ciao-et-la-mer-2.jpg?zoom=3&amp;resize=150%2C150 450w\" sizes=\"auto, (max-width: 150px) 100vw, 150px\" \/><\/a> <a href=\"https:\/\/i0.wp.com\/www.jojoenherbe.com\/wp-content\/uploads\/2019\/10\/Ciao-et-la-mer-3.jpg\"><img data-recalc-dims=\"1\" loading=\"lazy\" decoding=\"async\" data-attachment-id=\"8120\" data-permalink=\"https:\/\/www.jojoenherbe.com\/index.php\/2019\/10\/17\/au-fil-des-pages-avec-ciao-et-la-mer\/ciao-et-la-mer-3\/\" data-orig-file=\"https:\/\/i0.wp.com\/www.jojoenherbe.com\/wp-content\/uploads\/2019\/10\/Ciao-et-la-mer-3.jpg?fit=2901%2C2432&amp;ssl=1\" data-orig-size=\"2901,2432\" data-comments-opened=\"1\" data-image-meta=\"{&quot;aperture&quot;:&quot;2.4&quot;,&quot;credit&quot;:&quot;&quot;,&quot;camera&quot;:&quot;iPhone 4S&quot;,&quot;caption&quot;:&quot;&quot;,&quot;created_timestamp&quot;:&quot;1571235647&quot;,&quot;copyright&quot;:&quot;&quot;,&quot;focal_length&quot;:&quot;4.28&quot;,&quot;iso&quot;:&quot;100&quot;,&quot;shutter_speed&quot;:&quot;0.05&quot;,&quot;title&quot;:&quot;&quot;,&quot;orientation&quot;:&quot;1&quot;}\" data-image-title=\"Ciao et la mer 3\" data-image-description=\"\" data-image-caption=\"\" data-large-file=\"https:\/\/i0.wp.com\/www.jojoenherbe.com\/wp-content\/uploads\/2019\/10\/Ciao-et-la-mer-3.jpg?fit=676%2C566&amp;ssl=1\" class=\"alignleft wp-image-8120 size-thumbnail\" src=\"https:\/\/i0.wp.com\/www.jojoenherbe.com\/wp-content\/uploads\/2019\/10\/Ciao-et-la-mer-3.jpg?resize=150%2C150\" alt=\"\" width=\"150\" height=\"150\" srcset=\"https:\/\/i0.wp.com\/www.jojoenherbe.com\/wp-content\/uploads\/2019\/10\/Ciao-et-la-mer-3.jpg?resize=150%2C150&amp;ssl=1 150w, https:\/\/i0.wp.com\/www.jojoenherbe.com\/wp-content\/uploads\/2019\/10\/Ciao-et-la-mer-3.jpg?zoom=2&amp;resize=150%2C150 300w, https:\/\/i0.wp.com\/www.jojoenherbe.com\/wp-content\/uploads\/2019\/10\/Ciao-et-la-mer-3.jpg?zoom=3&amp;resize=150%2C150 450w\" sizes=\"auto, (max-width: 150px) 100vw, 150px\" \/><\/a>Nous lisons <span style=\"text-decoration: underline;\">Ciao et la mer<\/span> de Sarah Khoury (\u00e9d. P\u00e8re Fouettard, 2019), un album jeunesse pour les tout-petits. Nous plongeons avec Ciao, un lapin doudou, explorer les fonds marins \u00e0 la rencontre du peuple de la mer: poissons, requin et plein d&rsquo;autres animaux fascinants. Que de po\u00e9sie dans ce petit album jeunesse aux tr\u00e8s jolies illustrations! J&rsquo;avais craqu\u00e9 sur la frimousse de Ciao d\u00e8s que j&rsquo;ai vu la couverture de l&rsquo;album et nous ne le regrettons pas. Un vrai coup de c\u0153ur!<\/em><\/p>\n<p style=\"text-align: justify;\"><em><img data-recalc-dims=\"1\" loading=\"lazy\" decoding=\"async\" data-attachment-id=\"8122\" data-permalink=\"https:\/\/www.jojoenherbe.com\/index.php\/2019\/10\/17\/au-fil-des-pages-avec-ciao-et-la-mer\/jeu-peche-magnetique\/\" data-orig-file=\"https:\/\/i0.wp.com\/www.jojoenherbe.com\/wp-content\/uploads\/2019\/10\/Jeu-p%C3%AAche-magn%C3%A9tique.jpg?fit=3264%2C2448&amp;ssl=1\" data-orig-size=\"3264,2448\" data-comments-opened=\"1\" data-image-meta=\"{&quot;aperture&quot;:&quot;2.4&quot;,&quot;credit&quot;:&quot;&quot;,&quot;camera&quot;:&quot;iPhone 4S&quot;,&quot;caption&quot;:&quot;&quot;,&quot;created_timestamp&quot;:&quot;1571324480&quot;,&quot;copyright&quot;:&quot;&quot;,&quot;focal_length&quot;:&quot;4.28&quot;,&quot;iso&quot;:&quot;800&quot;,&quot;shutter_speed&quot;:&quot;0.066666666666667&quot;,&quot;title&quot;:&quot;&quot;,&quot;orientation&quot;:&quot;1&quot;}\" data-image-title=\"Jeu &amp;#8211; p\u00eache magn\u00e9tique\" data-image-description=\"\" data-image-caption=\"\" data-large-file=\"https:\/\/i0.wp.com\/www.jojoenherbe.com\/wp-content\/uploads\/2019\/10\/Jeu-p%C3%AAche-magn%C3%A9tique.jpg?fit=676%2C507&amp;ssl=1\" class=\"alignright wp-image-8122 size-thumbnail\" src=\"https:\/\/i0.wp.com\/www.jojoenherbe.com\/wp-content\/uploads\/2019\/10\/Jeu-p%C3%AAche-magn%C3%A9tique.jpg?resize=150%2C150\" alt=\"\" width=\"150\" height=\"150\" srcset=\"https:\/\/i0.wp.com\/www.jojoenherbe.com\/wp-content\/uploads\/2019\/10\/Jeu-p%C3%AAche-magn%C3%A9tique.jpg?resize=150%2C150&amp;ssl=1 150w, https:\/\/i0.wp.com\/www.jojoenherbe.com\/wp-content\/uploads\/2019\/10\/Jeu-p%C3%AAche-magn%C3%A9tique.jpg?zoom=2&amp;resize=150%2C150 300w, https:\/\/i0.wp.com\/www.jojoenherbe.com\/wp-content\/uploads\/2019\/10\/Jeu-p%C3%AAche-magn%C3%A9tique.jpg?zoom=3&amp;resize=150%2C150 450w\" sizes=\"auto, (max-width: 150px) 100vw, 150px\" \/>Pour prolonger la lecture, nous essayons de nommer d&rsquo;autres animaux de la mer. Nous regardons aussi des photos et vid\u00e9os de raies manta par exemple dans la passe de Pouembout en Nouvelle-Cal\u00e9donie, sur le blog de <a href=\"http:\/\/www.balades-naturalistes.fr\/2018\/10\/13\/la-passe-de-pouembout\/\">Balades naturalistes<\/a>. Puis nous jouons avec un jeu de p\u00eache magn\u00e9tique.<\/em><\/p>\n<div style=\"width: 136px\" class=\"wp-caption alignleft\"><img data-recalc-dims=\"1\" loading=\"lazy\" decoding=\"async\" class=\"\" src=\"https:\/\/i0.wp.com\/delivrer-des-livres.fr\/wp-content\/uploads\/2019\/05\/logoalbums2019.png?resize=126%2C126\" alt=\"\" width=\"126\" height=\"126\" \/><p class=\"wp-caption-text\">Participation #72 <a href=\"http:\/\/delivrer-des-livres.fr\/challenge-albums-2019\/\">Je lis aussi des albums<\/a><\/p><\/div>\n<div id=\"attachment_33643\" style=\"width: 167px\" class=\"wp-caption alignleft\"><img data-recalc-dims=\"1\" loading=\"lazy\" decoding=\"async\" aria-describedby=\"caption-attachment-33643\" class=\"wp-image-33643\" src=\"https:\/\/i0.wp.com\/delivrer-des-livres.fr\/wp-content\/uploads\/2019\/01\/petit-bac-2019.jpg?resize=157%2C119\" sizes=\"auto, (max-width: 200px) 100vw, 200px\" srcset=\"http:\/\/delivrer-des-livres.fr\/wp-content\/uploads\/2019\/01\/petit-bac-2019.jpg 285w, http:\/\/delivrer-des-livres.fr\/wp-content\/uploads\/2019\/01\/petit-bac-2019-150x114.jpg 150w\" alt=\"\" width=\"157\" height=\"119\" \/><p id=\"caption-attachment-33643\" class=\"wp-caption-text\"><a href=\"https:\/\/ennalit.wordpress.com\/2018\/12\/01\/challenge-petit-bac-2019-qui-veut-jouer\/\">Challenge Petit Bac d&rsquo;Enna<\/a> &#8211; #11 cat\u00e9gorie Lieu: \u00ab\u00a0Mer\u00a0\u00bb<\/p><\/div>\n\n\n<p><\/p>\n","protected":false},"excerpt":{"rendered":"<p>Nous lisons Ciao et la mer de Sarah Khoury (\u00e9d. P\u00e8re Fouettard, 2019), un album jeunesse pour les tout-petits. Nous plongeons avec Ciao, un lapin doudou, explorer les fonds marins \u00e0 la rencontre du peuple de la mer: poissons, requin et plein d&rsquo;autres animaux fascinants. Que de po\u00e9sie dans ce petit album jeunesse aux tr\u00e8s [&hellip;]<\/p>\n","protected":false},"author":1,"featured_media":8121,"comment_status":"open","ping_status":"open","sticky":false,"template":"","format":"standard","meta":{"jetpack_post_was_ever_published":false,"_jetpack_newsletter_access":"","_jetpack_dont_email_post_to_subs":false,"_jetpack_newsletter_tier_id":0,"_jetpack_memberships_contains_paywalled_content":false,"_jetpack_memberships_contains_paid_content":false,"footnotes":""},"categories":[363],"tags":[787,409,12,924,1349,408,611,923,1118,222,367,1020,658,2629],"class_list":["post-8118","post","type-post","status-publish","format-standard","has-post-thumbnail","hentry","category-mini-lecteur","tag-2-5-ans","tag-albums-jeunesse","tag-animaux","tag-animaux-de-la-mer","tag-challenge-petit-bac-2019","tag-doudou","tag-ete","tag-fonds-marins","tag-je-lis-aussi-des-albums","tag-lapin","tag-lecture-jeunesse","tag-lectures-dete","tag-mer","tag-sarah-khoury","post-preview"],"jetpack_featured_media_url":"https:\/\/i0.wp.com\/www.jojoenherbe.com\/wp-content\/uploads\/2019\/10\/Ciao-et-la-mer.jpg?fit=2885%2C2250&ssl=1","jetpack_sharing_enabled":true,"jetpack_shortlink":"https:\/\/wp.me\/p9zhGx-26W","jetpack_likes_enabled":true,"jetpack-related-posts":[{"id":12520,"url":"https:\/\/www.jojoenherbe.com\/index.php\/2020\/09\/28\/au-fil-des-pages-avec-ciao-dans-les-bois\/","url_meta":{"origin":8118,"position":0},"title":"Au fil des pages avec Ciao dans les bois","author":"Jojo","date":"28 septembre 2020","format":false,"excerpt":"En attendant de balader nous aussi en for\u00eat cet automne, nous lisons Ciao dans les bois de Sarah Khoury (\u00e9d. P\u00e8re Fouettard, 2020), un album jeunesse pour les tout-petits \u00e0 partir de 2 ans. Apr\u00e8s la d\u00e9couverte des fonds marins dans Ciao et la mer, nous partons explorer avec Ciao,\u2026","rel":"","context":"Dans &quot;Mini lecteur&quot;","block_context":{"text":"Mini lecteur","link":"https:\/\/www.jojoenherbe.com\/index.php\/category\/mini-lecteur\/"},"img":{"alt_text":"","src":"https:\/\/i0.wp.com\/www.jojoenherbe.com\/wp-content\/uploads\/2020\/09\/Ciao-dans-les-bois-scaled.jpg?fit=1200%2C900&ssl=1&resize=350%2C200","width":350,"height":200,"srcset":"https:\/\/i0.wp.com\/www.jojoenherbe.com\/wp-content\/uploads\/2020\/09\/Ciao-dans-les-bois-scaled.jpg?fit=1200%2C900&ssl=1&resize=350%2C200 1x, https:\/\/i0.wp.com\/www.jojoenherbe.com\/wp-content\/uploads\/2020\/09\/Ciao-dans-les-bois-scaled.jpg?fit=1200%2C900&ssl=1&resize=525%2C300 1.5x, https:\/\/i0.wp.com\/www.jojoenherbe.com\/wp-content\/uploads\/2020\/09\/Ciao-dans-les-bois-scaled.jpg?fit=1200%2C900&ssl=1&resize=700%2C400 2x, https:\/\/i0.wp.com\/www.jojoenherbe.com\/wp-content\/uploads\/2020\/09\/Ciao-dans-les-bois-scaled.jpg?fit=1200%2C900&ssl=1&resize=1050%2C600 3x"},"classes":[]},{"id":14522,"url":"https:\/\/www.jojoenherbe.com\/index.php\/2020\/12\/20\/deuxieme-alphabet-des-animaux-l-comme-lapin\/","url_meta":{"origin":8118,"position":1},"title":"Deuxi\u00e8me alphabet des animaux: L comme Lapin","author":"Jojo","date":"20 d\u00e9cembre 2020","format":false,"excerpt":"Pour la semaine 36 de mon challenge sur Instagram #jojoenherbeetcieillustre qui associe la premi\u00e8re lettre d'un animal avec une illustration tir\u00e9e de la litt\u00e9rature jeunesse en suivant l'ordre de l'alphabet, il s'agit du L comme Lapin. Alors voici notre s\u00e9lection de lapins qui sera mise \u00e0 jour au fur-et-\u00e0-mesure de\u2026","rel":"","context":"Dans &quot;Mini challenger&quot;","block_context":{"text":"Mini challenger","link":"https:\/\/www.jojoenherbe.com\/index.php\/category\/mini-challenger\/"},"img":{"alt_text":"","src":"https:\/\/i0.wp.com\/www.jojoenherbe.com\/wp-content\/uploads\/2020\/12\/Selection-de-lapins-scaled.jpg?fit=1200%2C773&ssl=1&resize=350%2C200","width":350,"height":200,"srcset":"https:\/\/i0.wp.com\/www.jojoenherbe.com\/wp-content\/uploads\/2020\/12\/Selection-de-lapins-scaled.jpg?fit=1200%2C773&ssl=1&resize=350%2C200 1x, https:\/\/i0.wp.com\/www.jojoenherbe.com\/wp-content\/uploads\/2020\/12\/Selection-de-lapins-scaled.jpg?fit=1200%2C773&ssl=1&resize=525%2C300 1.5x, https:\/\/i0.wp.com\/www.jojoenherbe.com\/wp-content\/uploads\/2020\/12\/Selection-de-lapins-scaled.jpg?fit=1200%2C773&ssl=1&resize=700%2C400 2x, https:\/\/i0.wp.com\/www.jojoenherbe.com\/wp-content\/uploads\/2020\/12\/Selection-de-lapins-scaled.jpg?fit=1200%2C773&ssl=1&resize=1050%2C600 3x"},"classes":[]},{"id":19352,"url":"https:\/\/www.jojoenherbe.com\/index.php\/2021\/06\/24\/nos-lectures-estivales-2021\/","url_meta":{"origin":8118,"position":2},"title":"Nos lectures estivales 2021","author":"Jojo","date":"24 juin 2021","format":false,"excerpt":"En ce 21 juin 2021 qui dit F\u00eate de la Musique et aussi \u00c9t\u00e9, nous remettons en avant de nos biblioth\u00e8ques les lectures estivales. Il y a bien s\u00fbr des histoires d\u00e9j\u00e0 les ann\u00e9es pr\u00e9c\u00e9dentes, d'autres que nous avons d\u00e9couvertes \u00e0 la m\u00e9diath\u00e8que avant qu'elles rejoignent ou non nos biblioth\u00e8ques\u2026","rel":"","context":"Dans &quot;Mini lecteur&quot;","block_context":{"text":"Mini lecteur","link":"https:\/\/www.jojoenherbe.com\/index.php\/category\/mini-lecteur\/"},"img":{"alt_text":"","src":"https:\/\/i0.wp.com\/www.jojoenherbe.com\/wp-content\/uploads\/2021\/06\/lectures-Ete-scaled.jpg?fit=1200%2C854&ssl=1&resize=350%2C200","width":350,"height":200,"srcset":"https:\/\/i0.wp.com\/www.jojoenherbe.com\/wp-content\/uploads\/2021\/06\/lectures-Ete-scaled.jpg?fit=1200%2C854&ssl=1&resize=350%2C200 1x, https:\/\/i0.wp.com\/www.jojoenherbe.com\/wp-content\/uploads\/2021\/06\/lectures-Ete-scaled.jpg?fit=1200%2C854&ssl=1&resize=525%2C300 1.5x, https:\/\/i0.wp.com\/www.jojoenherbe.com\/wp-content\/uploads\/2021\/06\/lectures-Ete-scaled.jpg?fit=1200%2C854&ssl=1&resize=700%2C400 2x, https:\/\/i0.wp.com\/www.jojoenherbe.com\/wp-content\/uploads\/2021\/06\/lectures-Ete-scaled.jpg?fit=1200%2C854&ssl=1&resize=1050%2C600 3x"},"classes":[]},{"id":20111,"url":"https:\/\/www.jojoenherbe.com\/index.php\/2021\/08\/06\/au-fil-des-pages-avec-des-vagues\/","url_meta":{"origin":8118,"position":3},"title":"Au fil des pages avec Des vagues","author":"Jojo","date":"6 ao\u00fbt 2021","format":false,"excerpt":"Lors de notre pique-nique sur la plage de Saint-Jean-Cap-Ferrat d'hier soir, nous avons relu Des vagues d'Isabelle Simler (\u00e9d. courtes et longues, 2014), un album jeunesse grand format \u00e0 partir de 2\/3 ans. Un jeune enfant plonge dans les vagues au plus pr\u00e8s des animaux marins, que ce soit un\u2026","rel":"","context":"Dans &quot;Mini lecteur&quot;","block_context":{"text":"Mini lecteur","link":"https:\/\/www.jojoenherbe.com\/index.php\/category\/mini-lecteur\/"},"img":{"alt_text":"","src":"https:\/\/i0.wp.com\/www.jojoenherbe.com\/wp-content\/uploads\/2021\/08\/Des-vagues-scaled.jpg?fit=900%2C1200&ssl=1&resize=350%2C200","width":350,"height":200,"srcset":"https:\/\/i0.wp.com\/www.jojoenherbe.com\/wp-content\/uploads\/2021\/08\/Des-vagues-scaled.jpg?fit=900%2C1200&ssl=1&resize=350%2C200 1x, https:\/\/i0.wp.com\/www.jojoenherbe.com\/wp-content\/uploads\/2021\/08\/Des-vagues-scaled.jpg?fit=900%2C1200&ssl=1&resize=525%2C300 1.5x, https:\/\/i0.wp.com\/www.jojoenherbe.com\/wp-content\/uploads\/2021\/08\/Des-vagues-scaled.jpg?fit=900%2C1200&ssl=1&resize=700%2C400 2x"},"classes":[]},{"id":7214,"url":"https:\/\/www.jojoenherbe.com\/index.php\/2019\/08\/26\/au-fil-des-pages-avec-bloub-bloub-bloub\/","url_meta":{"origin":8118,"position":4},"title":"Au fil des pages avec Bloub bloub bloub","author":"Jojo","date":"26 ao\u00fbt 2019","format":false,"excerpt":"En cette derni\u00e8re semaine d'ao\u00fbt et une matin\u00e9e pass\u00e9e \u00e0 la plage ce week-end, nous lisons et relisons Bloub bloub bloub de Yuichi Kasano (\u00e9d. L'\u00e9cole des loisirs, 2014), un album jeunesse cartonn\u00e9 pour les tout-petits (0-3 ans) et qui se lit dans le sens vertical. Nous suivons un petit\u2026","rel":"","context":"Dans &quot;Mini lecteur&quot;","block_context":{"text":"Mini lecteur","link":"https:\/\/www.jojoenherbe.com\/index.php\/category\/mini-lecteur\/"},"img":{"alt_text":"","src":"https:\/\/i0.wp.com\/www.jojoenherbe.com\/wp-content\/uploads\/2021\/06\/Bloub-bloub-bloub-scaled.jpg?fit=1200%2C808&ssl=1&resize=350%2C200","width":350,"height":200,"srcset":"https:\/\/i0.wp.com\/www.jojoenherbe.com\/wp-content\/uploads\/2021\/06\/Bloub-bloub-bloub-scaled.jpg?fit=1200%2C808&ssl=1&resize=350%2C200 1x, https:\/\/i0.wp.com\/www.jojoenherbe.com\/wp-content\/uploads\/2021\/06\/Bloub-bloub-bloub-scaled.jpg?fit=1200%2C808&ssl=1&resize=525%2C300 1.5x, https:\/\/i0.wp.com\/www.jojoenherbe.com\/wp-content\/uploads\/2021\/06\/Bloub-bloub-bloub-scaled.jpg?fit=1200%2C808&ssl=1&resize=700%2C400 2x, https:\/\/i0.wp.com\/www.jojoenherbe.com\/wp-content\/uploads\/2021\/06\/Bloub-bloub-bloub-scaled.jpg?fit=1200%2C808&ssl=1&resize=1050%2C600 3x"},"classes":[]},{"id":13580,"url":"https:\/\/www.jojoenherbe.com\/index.php\/2020\/11\/03\/nos-lectures-automnales-2020\/","url_meta":{"origin":8118,"position":5},"title":"Nos lectures automnales 2020","author":"Jojo","date":"3 novembre 2020","format":false,"excerpt":"En ce d\u00e9but du mois de novembre 2020, nous continuons nos lectures automnales, \u00e0 d\u00e9faut de pouvoir nous promener dans les parcs, jardins ou for\u00eats - second confinement oblige - et apr\u00e8s avoir pass\u00e9 un joli mois d'octobre halloweenesque. Ce sont pour la plupart des relectures des ann\u00e9es pr\u00e9c\u00e9dentes et\u2026","rel":"","context":"Dans &quot;Mini lecteur&quot;","block_context":{"text":"Mini lecteur","link":"https:\/\/www.jojoenherbe.com\/index.php\/category\/mini-lecteur\/"},"img":{"alt_text":"","src":"https:\/\/i0.wp.com\/www.jojoenherbe.com\/wp-content\/uploads\/2020\/11\/Lectures-automnales-scaled.jpg?fit=1200%2C881&ssl=1&resize=350%2C200","width":350,"height":200,"srcset":"https:\/\/i0.wp.com\/www.jojoenherbe.com\/wp-content\/uploads\/2020\/11\/Lectures-automnales-scaled.jpg?fit=1200%2C881&ssl=1&resize=350%2C200 1x, https:\/\/i0.wp.com\/www.jojoenherbe.com\/wp-content\/uploads\/2020\/11\/Lectures-automnales-scaled.jpg?fit=1200%2C881&ssl=1&resize=525%2C300 1.5x, https:\/\/i0.wp.com\/www.jojoenherbe.com\/wp-content\/uploads\/2020\/11\/Lectures-automnales-scaled.jpg?fit=1200%2C881&ssl=1&resize=700%2C400 2x, https:\/\/i0.wp.com\/www.jojoenherbe.com\/wp-content\/uploads\/2020\/11\/Lectures-automnales-scaled.jpg?fit=1200%2C881&ssl=1&resize=1050%2C600 3x"},"classes":[]}],"_links":{"self":[{"href":"https:\/\/www.jojoenherbe.com\/index.php\/wp-json\/wp\/v2\/posts\/8118","targetHints":{"allow":["GET"]}}],"collection":[{"href":"https:\/\/www.jojoenherbe.com\/index.php\/wp-json\/wp\/v2\/posts"}],"about":[{"href":"https:\/\/www.jojoenherbe.com\/index.php\/wp-json\/wp\/v2\/types\/post"}],"author":[{"embeddable":true,"href":"https:\/\/www.jojoenherbe.com\/index.php\/wp-json\/wp\/v2\/users\/1"}],"replies":[{"embeddable":true,"href":"https:\/\/www.jojoenherbe.com\/index.php\/wp-json\/wp\/v2\/comments?post=8118"}],"version-history":[{"count":0,"href":"https:\/\/www.jojoenherbe.com\/index.php\/wp-json\/wp\/v2\/posts\/8118\/revisions"}],"wp:featuredmedia":[{"embeddable":true,"href":"https:\/\/www.jojoenherbe.com\/index.php\/wp-json\/wp\/v2\/media\/8121"}],"wp:attachment":[{"href":"https:\/\/www.jojoenherbe.com\/index.php\/wp-json\/wp\/v2\/media?parent=8118"}],"wp:term":[{"taxonomy":"category","embeddable":true,"href":"https:\/\/www.jojoenherbe.com\/index.php\/wp-json\/wp\/v2\/categories?post=8118"},{"taxonomy":"post_tag","embeddable":true,"href":"https:\/\/www.jojoenherbe.com\/index.php\/wp-json\/wp\/v2\/tags?post=8118"}],"curies":[{"name":"wp","href":"https:\/\/api.w.org\/{rel}","templated":true}]}}