{"id":7935,"date":"2019-10-09T23:07:42","date_gmt":"2019-10-09T21:07:42","guid":{"rendered":"http:\/\/www.jojoenherbe.com\/?p=7935"},"modified":"2021-10-12T15:11:20","modified_gmt":"2021-10-12T13:11:20","slug":"au-fil-des-pages-avec-sortileges","status":"publish","type":"post","link":"https:\/\/www.jojoenherbe.com\/index.php\/2019\/10\/09\/au-fil-des-pages-avec-sortileges\/","title":{"rendered":"Au fil des pages avec Sortil\u00e8ges"},"content":{"rendered":"<p style=\"text-align: justify;\"><em> <a href=\"https:\/\/i0.wp.com\/www.jojoenherbe.com\/wp-content\/uploads\/2019\/10\/Sortileges-7-scaled.jpg\"><img data-recalc-dims=\"1\" loading=\"lazy\" decoding=\"async\" data-attachment-id=\"21417\" data-permalink=\"https:\/\/www.jojoenherbe.com\/index.php\/2019\/10\/09\/au-fil-des-pages-avec-sortileges\/sortileges-7\/\" data-orig-file=\"https:\/\/i0.wp.com\/www.jojoenherbe.com\/wp-content\/uploads\/2019\/10\/Sortileges-7-scaled.jpg?fit=2560%2C1774&amp;ssl=1\" data-orig-size=\"2560,1774\" data-comments-opened=\"1\" data-image-meta=\"{&quot;aperture&quot;:&quot;1.8&quot;,&quot;credit&quot;:&quot;&quot;,&quot;camera&quot;:&quot;iPhone 7&quot;,&quot;caption&quot;:&quot;&quot;,&quot;created_timestamp&quot;:&quot;1634051045&quot;,&quot;copyright&quot;:&quot;&quot;,&quot;focal_length&quot;:&quot;3.99&quot;,&quot;iso&quot;:&quot;100&quot;,&quot;shutter_speed&quot;:&quot;0.071428571428571&quot;,&quot;title&quot;:&quot;&quot;,&quot;orientation&quot;:&quot;1&quot;}\" data-image-title=\"Sortil\u00e8ges 7\" data-image-description=\"\" data-image-caption=\"\" data-large-file=\"https:\/\/i0.wp.com\/www.jojoenherbe.com\/wp-content\/uploads\/2019\/10\/Sortileges-7-scaled.jpg?fit=676%2C469&amp;ssl=1\" class=\"alignleft size-thumbnail wp-image-21417\" src=\"https:\/\/i0.wp.com\/www.jojoenherbe.com\/wp-content\/uploads\/2019\/10\/Sortileges-7.jpg?resize=150%2C150\" alt=\"\" width=\"150\" height=\"150\" srcset=\"https:\/\/i0.wp.com\/www.jojoenherbe.com\/wp-content\/uploads\/2019\/10\/Sortileges-7-scaled.jpg?resize=150%2C150&amp;ssl=1 150w, https:\/\/i0.wp.com\/www.jojoenherbe.com\/wp-content\/uploads\/2019\/10\/Sortileges-7-scaled.jpg?zoom=2&amp;resize=150%2C150 300w, https:\/\/i0.wp.com\/www.jojoenherbe.com\/wp-content\/uploads\/2019\/10\/Sortileges-7-scaled.jpg?zoom=3&amp;resize=150%2C150 450w\" sizes=\"auto, (max-width: 150px) 100vw, 150px\" \/><\/a> <a href=\"https:\/\/i0.wp.com\/www.jojoenherbe.com\/wp-content\/uploads\/2019\/10\/Sortileges-8-scaled.jpg\"><img data-recalc-dims=\"1\" loading=\"lazy\" decoding=\"async\" data-attachment-id=\"21419\" data-permalink=\"https:\/\/www.jojoenherbe.com\/index.php\/2019\/10\/09\/au-fil-des-pages-avec-sortileges\/sortileges-8\/\" data-orig-file=\"https:\/\/i0.wp.com\/www.jojoenherbe.com\/wp-content\/uploads\/2019\/10\/Sortileges-8-scaled.jpg?fit=2560%2C1920&amp;ssl=1\" data-orig-size=\"2560,1920\" data-comments-opened=\"1\" data-image-meta=\"{&quot;aperture&quot;:&quot;1.8&quot;,&quot;credit&quot;:&quot;&quot;,&quot;camera&quot;:&quot;iPhone 7&quot;,&quot;caption&quot;:&quot;&quot;,&quot;created_timestamp&quot;:&quot;1634051090&quot;,&quot;copyright&quot;:&quot;&quot;,&quot;focal_length&quot;:&quot;3.99&quot;,&quot;iso&quot;:&quot;100&quot;,&quot;shutter_speed&quot;:&quot;0.071428571428571&quot;,&quot;title&quot;:&quot;&quot;,&quot;orientation&quot;:&quot;1&quot;}\" data-image-title=\"Sortil\u00e8ges 8\" data-image-description=\"\" data-image-caption=\"\" data-large-file=\"https:\/\/i0.wp.com\/www.jojoenherbe.com\/wp-content\/uploads\/2019\/10\/Sortileges-8-scaled.jpg?fit=676%2C507&amp;ssl=1\" class=\"alignleft size-thumbnail wp-image-21419\" src=\"https:\/\/i0.wp.com\/www.jojoenherbe.com\/wp-content\/uploads\/2019\/10\/Sortileges-8.jpg?resize=150%2C150\" alt=\"\" width=\"150\" height=\"150\" srcset=\"https:\/\/i0.wp.com\/www.jojoenherbe.com\/wp-content\/uploads\/2019\/10\/Sortileges-8-scaled.jpg?resize=150%2C150&amp;ssl=1 150w, https:\/\/i0.wp.com\/www.jojoenherbe.com\/wp-content\/uploads\/2019\/10\/Sortileges-8-scaled.jpg?zoom=2&amp;resize=150%2C150 300w, https:\/\/i0.wp.com\/www.jojoenherbe.com\/wp-content\/uploads\/2019\/10\/Sortileges-8-scaled.jpg?zoom=3&amp;resize=150%2C150 450w\" sizes=\"auto, (max-width: 150px) 100vw, 150px\" \/><\/a>Lors des trois jours consacr\u00e9s aux monstres et cr\u00e9atures du Halloween Challenge 2019 (du 7 au 9 octobre), nous empruntons \u00e0 la biblioth\u00e8que <span style=\"text-decoration: underline;\">Sortil\u00e8ges<\/span> d&rsquo;Emily Gravett (\u00e9d. Kal\u00e9idoscope, 2008), un album jeunesse \u00e0 partir de 5 ans selon l&rsquo;\u00e9diteur. Nous suivons un crapaud qui, apr\u00e8s avoir d\u00e9couvert un vieux livre de sortil\u00e8ges tout d\u00e9chir\u00e9, tente de se m\u00e9tamorphoser en un prince charmant. Parviendra-t-il \u00e0 retrouver le bon sortil\u00e8ge pour y parvenir? <\/em><\/p>\n<p style=\"text-align: justify;\"><em><a href=\"https:\/\/i0.wp.com\/www.jojoenherbe.com\/wp-content\/uploads\/2019\/10\/Sortileges-9-scaled.jpg\"><img data-recalc-dims=\"1\" loading=\"lazy\" decoding=\"async\" data-attachment-id=\"21420\" data-permalink=\"https:\/\/www.jojoenherbe.com\/index.php\/2019\/10\/09\/au-fil-des-pages-avec-sortileges\/sortileges-9\/\" data-orig-file=\"https:\/\/i0.wp.com\/www.jojoenherbe.com\/wp-content\/uploads\/2019\/10\/Sortileges-9-scaled.jpg?fit=2560%2C1920&amp;ssl=1\" data-orig-size=\"2560,1920\" data-comments-opened=\"1\" data-image-meta=\"{&quot;aperture&quot;:&quot;1.8&quot;,&quot;credit&quot;:&quot;&quot;,&quot;camera&quot;:&quot;iPhone 7&quot;,&quot;caption&quot;:&quot;&quot;,&quot;created_timestamp&quot;:&quot;1634051098&quot;,&quot;copyright&quot;:&quot;&quot;,&quot;focal_length&quot;:&quot;3.99&quot;,&quot;iso&quot;:&quot;100&quot;,&quot;shutter_speed&quot;:&quot;0.071428571428571&quot;,&quot;title&quot;:&quot;&quot;,&quot;orientation&quot;:&quot;1&quot;}\" data-image-title=\"Sortil\u00e8ges 9\" data-image-description=\"\" data-image-caption=\"\" data-large-file=\"https:\/\/i0.wp.com\/www.jojoenherbe.com\/wp-content\/uploads\/2019\/10\/Sortileges-9-scaled.jpg?fit=676%2C507&amp;ssl=1\" class=\"size-thumbnail wp-image-21420 alignright\" src=\"https:\/\/i0.wp.com\/www.jojoenherbe.com\/wp-content\/uploads\/2019\/10\/Sortileges-9.jpg?resize=150%2C150\" alt=\"\" width=\"150\" height=\"150\" srcset=\"https:\/\/i0.wp.com\/www.jojoenherbe.com\/wp-content\/uploads\/2019\/10\/Sortileges-9-scaled.jpg?resize=150%2C150&amp;ssl=1 150w, https:\/\/i0.wp.com\/www.jojoenherbe.com\/wp-content\/uploads\/2019\/10\/Sortileges-9-scaled.jpg?zoom=2&amp;resize=150%2C150 300w, https:\/\/i0.wp.com\/www.jojoenherbe.com\/wp-content\/uploads\/2019\/10\/Sortileges-9-scaled.jpg?zoom=3&amp;resize=150%2C150 450w\" sizes=\"auto, (max-width: 150px) 100vw, 150px\" \/><\/a>L&rsquo;autrice s&rsquo;amuse avec les contes de f\u00e9es, notamment celui dans lequel le baiser d&rsquo;une princesse peut transformer un crapaud en prince. La chute de cette album jeunesse d\u00e9cal\u00e9 est tr\u00e8s dr\u00f4le, tout comme l&rsquo;apparition du prince charmant qui pourra faire rougir les plus jeunes lectrices. Les d\u00e9coupes \u00e0 l&rsquo;horizontal des pages permettent de tester diff\u00e9rentes recettes de sortil\u00e8ges et formules magiques en transformant le crapaud en d&rsquo;\u00e9tranges animaux hybrides jusqu&rsquo;\u00e0 m\u00e9langer les bons ingr\u00e9dients dans le chaudron. Les illustrations apportent une touche magique avec de la fum\u00e9e et des \u00e9toiles dor\u00e9es et scintillantes \u00e0 chaque m\u00e9tamorphose (rat\u00e9e ou non) du crapaud. Un tr\u00e8s bon moment de lecture et de rires!<\/em><\/p>\n<p style=\"text-align: justify;\"><em>Pour un autre avis sur cet album jeunesse : <a href=\"http:\/\/www.myloubook.com\/2019\/10\/08\/emily-gravett-sortileges\/\">Lou<\/a>.<\/em><\/p>\n<div id=\"attachment_25301\" style=\"width: 154px\" class=\"wp-caption alignleft\"><img data-recalc-dims=\"1\" loading=\"lazy\" decoding=\"async\" aria-describedby=\"caption-attachment-25301\" class=\"wp-image-25301\" src=\"https:\/\/i0.wp.com\/www.myloubook.com\/wp-content\/uploads\/2019\/09\/logo-halloween-2019-candles.jpg?resize=144%2C97\" sizes=\"auto, (max-width: 1000px) 100vw, 1000px\" srcset=\"http:\/\/www.myloubook.com\/wp-content\/uploads\/2019\/09\/logo-halloween-2019-candles.jpg 1000w, http:\/\/www.myloubook.com\/wp-content\/uploads\/2019\/09\/logo-halloween-2019-candles-300x203.jpg 300w, http:\/\/www.myloubook.com\/wp-content\/uploads\/2019\/09\/logo-halloween-2019-candles-768x519.jpg 768w\" alt=\"\" width=\"144\" height=\"97\" \/><p id=\"caption-attachment-25301\" class=\"wp-caption-text\">Challenge Halloween 2019 de <a href=\"http:\/\/www.lelivroblog.fr\/archive\/2019\/09\/26\/le-recapitulatif-du-challenge-halloween-2019-6178421.html\">Hilde<\/a> et <a href=\"http:\/\/www.myloubook.com\/2019\/09\/28\/challenge-halloween-2019-10-ans-billet-recapitulatif\/\">Lou<\/a><\/p><\/div>\n<div style=\"width: 145px\" class=\"wp-caption alignleft\"><img data-recalc-dims=\"1\" loading=\"lazy\" decoding=\"async\" class=\"\" src=\"https:\/\/i0.wp.com\/delivrer-des-livres.fr\/wp-content\/uploads\/2019\/05\/logoalbums2019.png?resize=135%2C135\" alt=\"\" width=\"135\" height=\"135\" \/><p class=\"wp-caption-text\">Participation #66 <a href=\"http:\/\/delivrer-des-livres.fr\/challenge-albums-2019\/\">Je lis aussi des albums<\/a><\/p><\/div>\n<div id=\"attachment_12539\" style=\"width: 155px\" class=\"wp-caption alignleft\"><img data-recalc-dims=\"1\" loading=\"lazy\" decoding=\"async\" aria-describedby=\"caption-attachment-12539\" class=\"wp-image-12539\" src=\"https:\/\/i0.wp.com\/mapetitemediatheque.fr\/wp-content\/uploads\/2019\/09\/challenge-halloween-contes-et-l%C3%A9gendes.jpg?resize=145%2C106\" alt=\"\" width=\"145\" height=\"106\" \/><p id=\"caption-attachment-12539\" class=\"wp-caption-text\">Participation #4 <a href=\"https:\/\/mapetitemediatheque.fr\/2019\/10\/le-challenge-contes-et-legendes-au-pays-dhalloween-avec-lou-et-hilde\/\">Challenge Contes et L\u00e9gendes au pays d&rsquo;Halloween<\/a> de Bidib<\/p><\/div>\n","protected":false},"excerpt":{"rendered":"<p>Lors des trois jours consacr\u00e9s aux monstres et cr\u00e9atures du Halloween Challenge 2019 (du 7 au 9 octobre), nous empruntons \u00e0 la biblioth\u00e8que Sortil\u00e8ges d&rsquo;Emily Gravett (\u00e9d. Kal\u00e9idoscope, 2008), un album jeunesse \u00e0 partir de 5 ans selon l&rsquo;\u00e9diteur. Nous suivons un crapaud qui, apr\u00e8s avoir d\u00e9couvert un vieux livre de sortil\u00e8ges tout d\u00e9chir\u00e9, tente [&hellip;]<\/p>\n","protected":false},"author":1,"featured_media":21416,"comment_status":"open","ping_status":"open","sticky":false,"template":"","format":"standard","meta":{"jetpack_post_was_ever_published":false,"_jetpack_newsletter_access":"","_jetpack_dont_email_post_to_subs":false,"_jetpack_newsletter_tier_id":0,"_jetpack_memberships_contains_paywalled_content":false,"_jetpack_memberships_contains_paid_content":false,"footnotes":""},"categories":[363],"tags":[995,409,888,1368,245,889,485,884,1000,853,1386,1350,367,727,890,886,885,854,887],"class_list":["post-7935","post","type-post","status-publish","format-standard","has-post-thumbnail","hentry","category-mini-lecteur","tag-5-8-ans","tag-albums-jeunesse","tag-baiser","tag-challenge-contes-et-legendes-2019","tag-contes","tag-contes-de-fees","tag-contes-detournes","tag-crapaud","tag-emily-gravett","tag-grimoire","tag-halloween-challenge-2019","tag-je-lis-aussi-des-albums-2019","tag-lecture-jeunesse","tag-magie","tag-metamorphose","tag-prince-charmant","tag-princesse","tag-sorcellerie","tag-sortileges","post-preview"],"jetpack_featured_media_url":"https:\/\/i0.wp.com\/www.jojoenherbe.com\/wp-content\/uploads\/2019\/10\/Sortileges-6-scaled.jpg?fit=2560%2C1920&ssl=1","jetpack_sharing_enabled":true,"jetpack_shortlink":"https:\/\/wp.me\/p9zhGx-23Z","jetpack_likes_enabled":true,"jetpack-related-posts":[{"id":13360,"url":"https:\/\/www.jojoenherbe.com\/index.php\/2020\/10\/28\/au-fil-des-pages-avec-les-lettres-de-mortimer-ma-sorciere-mexaspere\/","url_meta":{"origin":7935,"position":0},"title":"Au fil des pages avec Les lettres de Mortimer: Ma sorci\u00e8re m&rsquo;exasp\u00e8re!","author":"Jojo","date":"28 octobre 2020","format":false,"excerpt":"J'emprunte \u00e0 la m\u00e9diath\u00e8que Les lettres de Mortimer: Ma sorci\u00e8re m'exasp\u00e8re! d'Hiawyn Oram et Sarah Warburton (\u00e9d. Gr\u00fcnd, 2009), un album jeunesse \u00e0 rabats \u00e0 partir de 5 ans. D'ailleurs pour la petite histoire, je suis tomb\u00e9e par hasard sur cet album jeunesse dans un rayon de\u00a0 la m\u00e9diath\u00e8que en\u2026","rel":"","context":"Dans &quot;Mini lecteur&quot;","block_context":{"text":"Mini lecteur","link":"https:\/\/www.jojoenherbe.com\/index.php\/category\/mini-lecteur\/"},"img":{"alt_text":"","src":"https:\/\/i0.wp.com\/www.jojoenherbe.com\/wp-content\/uploads\/2020\/10\/Les-lettres-de-Mortimer-scaled.jpg?fit=1200%2C900&ssl=1&resize=350%2C200","width":350,"height":200,"srcset":"https:\/\/i0.wp.com\/www.jojoenherbe.com\/wp-content\/uploads\/2020\/10\/Les-lettres-de-Mortimer-scaled.jpg?fit=1200%2C900&ssl=1&resize=350%2C200 1x, https:\/\/i0.wp.com\/www.jojoenherbe.com\/wp-content\/uploads\/2020\/10\/Les-lettres-de-Mortimer-scaled.jpg?fit=1200%2C900&ssl=1&resize=525%2C300 1.5x, https:\/\/i0.wp.com\/www.jojoenherbe.com\/wp-content\/uploads\/2020\/10\/Les-lettres-de-Mortimer-scaled.jpg?fit=1200%2C900&ssl=1&resize=700%2C400 2x, https:\/\/i0.wp.com\/www.jojoenherbe.com\/wp-content\/uploads\/2020\/10\/Les-lettres-de-Mortimer-scaled.jpg?fit=1200%2C900&ssl=1&resize=1050%2C600 3x"},"classes":[]},{"id":10512,"url":"https:\/\/www.jojoenherbe.com\/index.php\/2020\/03\/19\/au-fil-des-pages-avec-le-pire-des-chevaliers\/","url_meta":{"origin":7935,"position":1},"title":"Au fil des pages avec Le pire des chevaliers","author":"Jojo","date":"19 mars 2020","format":false,"excerpt":"Nous avons emprunt\u00e9 \u00e0 la m\u00e9diath\u00e8que, il y a d\u00e9j\u00e0 quelques semaines, Le pire des chevaliers d'Anna Kemp et Sara Ogilvie (\u00e9d. Milan, 2015), un album jeunesse \u00e0 partir de 5 ans et qui a \u00e9t\u00e9 publi\u00e9 apr\u00e8s La Pire des princesses. Il \u00e9tait une fois petit crapaud, surnomm\u00e9 \"Riquiqui\"\u2026","rel":"","context":"Dans &quot;Mini lecteur&quot;","block_context":{"text":"Mini lecteur","link":"https:\/\/www.jojoenherbe.com\/index.php\/category\/mini-lecteur\/"},"img":{"alt_text":"","src":"https:\/\/i0.wp.com\/www.jojoenherbe.com\/wp-content\/uploads\/2020\/03\/Le-pire-des-chevaliers-scaled.jpg?fit=1200%2C900&ssl=1&resize=350%2C200","width":350,"height":200,"srcset":"https:\/\/i0.wp.com\/www.jojoenherbe.com\/wp-content\/uploads\/2020\/03\/Le-pire-des-chevaliers-scaled.jpg?fit=1200%2C900&ssl=1&resize=350%2C200 1x, https:\/\/i0.wp.com\/www.jojoenherbe.com\/wp-content\/uploads\/2020\/03\/Le-pire-des-chevaliers-scaled.jpg?fit=1200%2C900&ssl=1&resize=525%2C300 1.5x, https:\/\/i0.wp.com\/www.jojoenherbe.com\/wp-content\/uploads\/2020\/03\/Le-pire-des-chevaliers-scaled.jpg?fit=1200%2C900&ssl=1&resize=700%2C400 2x, https:\/\/i0.wp.com\/www.jojoenherbe.com\/wp-content\/uploads\/2020\/03\/Le-pire-des-chevaliers-scaled.jpg?fit=1200%2C900&ssl=1&resize=1050%2C600 3x"},"classes":[]},{"id":32717,"url":"https:\/\/www.jojoenherbe.com\/index.php\/2023\/10\/18\/au-fil-des-pages-avec-la-pire-des-princesses\/","url_meta":{"origin":7935,"position":2},"title":"Au fil des pages avec La pire des princesses","author":"Jojo","date":"18 octobre 2023","format":false,"excerpt":"Nous avons lu La pire des princesses d\u2019Anna Kemp et Sara Ogilvie (\u00e9d. Milan, avril 2013, 32 pages), un album jeunesse \u00e0 partir de 5 ans et class\u00e9 au rayon \"Halloween\" de notre m\u00e9diath\u00e8que. Il \u00e9tait une fois une princesse Z\u00e9lie qui s'ennuie d'attendre apr\u00e8s le prince charmant d'autant que\u2026","rel":"","context":"Dans &quot;Mini lecteur&quot;","block_context":{"text":"Mini lecteur","link":"https:\/\/www.jojoenherbe.com\/index.php\/category\/mini-lecteur\/"},"img":{"alt_text":"","src":"https:\/\/i0.wp.com\/www.jojoenherbe.com\/wp-content\/uploads\/2023\/10\/La-pire-des-princesses-scaled.jpg?fit=1200%2C848&ssl=1&resize=350%2C200","width":350,"height":200,"srcset":"https:\/\/i0.wp.com\/www.jojoenherbe.com\/wp-content\/uploads\/2023\/10\/La-pire-des-princesses-scaled.jpg?fit=1200%2C848&ssl=1&resize=350%2C200 1x, https:\/\/i0.wp.com\/www.jojoenherbe.com\/wp-content\/uploads\/2023\/10\/La-pire-des-princesses-scaled.jpg?fit=1200%2C848&ssl=1&resize=525%2C300 1.5x, https:\/\/i0.wp.com\/www.jojoenherbe.com\/wp-content\/uploads\/2023\/10\/La-pire-des-princesses-scaled.jpg?fit=1200%2C848&ssl=1&resize=700%2C400 2x, https:\/\/i0.wp.com\/www.jojoenherbe.com\/wp-content\/uploads\/2023\/10\/La-pire-des-princesses-scaled.jpg?fit=1200%2C848&ssl=1&resize=1050%2C600 3x"},"classes":[]},{"id":8575,"url":"https:\/\/www.jojoenherbe.com\/index.php\/2019\/11\/22\/au-fil-des-pages-avec-le-probleme-avec-les-lapins\/","url_meta":{"origin":7935,"position":3},"title":"Au fil des pages avec Le probl\u00e8me avec les lapins","author":"Jojo","date":"22 novembre 2019","format":false,"excerpt":"Nous empruntons \u00e0 la biblioth\u00e8que Le probl\u00e8me avec les lapins d'Emily Gravett (\u00e9d. Kal\u00e9idoscope, 2009), un album jeunesse \u00e0 partir de 6 ans. Partant des suites du math\u00e9maticien italien Fibonacci et de son probl\u00e8me de population des lapins r\u00e9solu au XIIIe si\u00e8cle, l'autrice s'amuse \u00e0 d\u00e9crire, mois par mois, la\u2026","rel":"","context":"Dans &quot;Mini lecteur&quot;","block_context":{"text":"Mini lecteur","link":"https:\/\/www.jojoenherbe.com\/index.php\/category\/mini-lecteur\/"},"img":{"alt_text":"","src":"https:\/\/i0.wp.com\/www.jojoenherbe.com\/wp-content\/uploads\/2019\/11\/Le-probl%C3%A8me-avec-les-lapins.jpg?fit=1200%2C1083&ssl=1&resize=350%2C200","width":350,"height":200,"srcset":"https:\/\/i0.wp.com\/www.jojoenherbe.com\/wp-content\/uploads\/2019\/11\/Le-probl%C3%A8me-avec-les-lapins.jpg?fit=1200%2C1083&ssl=1&resize=350%2C200 1x, https:\/\/i0.wp.com\/www.jojoenherbe.com\/wp-content\/uploads\/2019\/11\/Le-probl%C3%A8me-avec-les-lapins.jpg?fit=1200%2C1083&ssl=1&resize=525%2C300 1.5x, https:\/\/i0.wp.com\/www.jojoenherbe.com\/wp-content\/uploads\/2019\/11\/Le-probl%C3%A8me-avec-les-lapins.jpg?fit=1200%2C1083&ssl=1&resize=700%2C400 2x, https:\/\/i0.wp.com\/www.jojoenherbe.com\/wp-content\/uploads\/2019\/11\/Le-probl%C3%A8me-avec-les-lapins.jpg?fit=1200%2C1083&ssl=1&resize=1050%2C600 3x"},"classes":[]},{"id":7876,"url":"https:\/\/www.jojoenherbe.com\/index.php\/2019\/11\/08\/petit-recap-du-halloween-challenge-2019\/","url_meta":{"origin":7935,"position":4},"title":"Petit r\u00e9cap&rsquo; du Halloween Challenge 2019","author":"Jojo","date":"8 novembre 2019","format":false,"excerpt":"Pour clore le Halloween Challenge 2019 de Hilde et Lou, voici un petit r\u00e9cap' du mois \u00e9coul\u00e9 avec des lectures, bricolages, d\u00e9corations halloweenesques, etc. Un mois riche en d\u00e9couvertes, en \u00e9changes et partages avec les autres participants! Le challenge a d\u00e9but\u00e9 par un premier Hallow RAT du 27 septembre minuit\u2026","rel":"","context":"Dans &quot;Mini challenger&quot;","block_context":{"text":"Mini challenger","link":"https:\/\/www.jojoenherbe.com\/index.php\/category\/mini-challenger\/"},"img":{"alt_text":"","src":"https:\/\/i0.wp.com\/www.jojoenherbe.com\/wp-content\/uploads\/2019\/11\/Halloween-Challenge-2019.jpg?fit=1200%2C798&ssl=1&resize=350%2C200","width":350,"height":200,"srcset":"https:\/\/i0.wp.com\/www.jojoenherbe.com\/wp-content\/uploads\/2019\/11\/Halloween-Challenge-2019.jpg?fit=1200%2C798&ssl=1&resize=350%2C200 1x, https:\/\/i0.wp.com\/www.jojoenherbe.com\/wp-content\/uploads\/2019\/11\/Halloween-Challenge-2019.jpg?fit=1200%2C798&ssl=1&resize=525%2C300 1.5x, https:\/\/i0.wp.com\/www.jojoenherbe.com\/wp-content\/uploads\/2019\/11\/Halloween-Challenge-2019.jpg?fit=1200%2C798&ssl=1&resize=700%2C400 2x, https:\/\/i0.wp.com\/www.jojoenherbe.com\/wp-content\/uploads\/2019\/11\/Halloween-Challenge-2019.jpg?fit=1200%2C798&ssl=1&resize=1050%2C600 3x"},"classes":[]},{"id":7764,"url":"https:\/\/www.jojoenherbe.com\/index.php\/2019\/10\/02\/au-fil-des-pages-avec-genealogie-dune-sorciere\/","url_meta":{"origin":7935,"position":5},"title":"Au fil des pages avec G\u00e9n\u00e9alogie d&rsquo;une sorci\u00e8re","author":"Jojo","date":"2 octobre 2019","format":false,"excerpt":"Nous empruntons \u00e0 la biblioth\u00e8que un coffret en deux volumes aux magnifiques illustrations, G\u00e9n\u00e9alogie d'une sorci\u00e8re de Benjamin Lacombe et S\u00e9bastien Perez (\u00e9d. Seuil Jeunesse, 2008), les biblioth\u00e9caires - sans doute un brin sorci\u00e8res - l'ayant mis bien en \u00e9vidence cette semaine. Nous commen\u00e7ons par la lecture de La Petite\u2026","rel":"","context":"Dans &quot;Mini lecteur&quot;","block_context":{"text":"Mini lecteur","link":"https:\/\/www.jojoenherbe.com\/index.php\/category\/mini-lecteur\/"},"img":{"alt_text":"","src":"https:\/\/i0.wp.com\/www.jojoenherbe.com\/wp-content\/uploads\/2019\/10\/G%C3%A9n%C3%A9alogie-dune-sorci%C3%A8re.jpg?fit=1200%2C1175&ssl=1&resize=350%2C200","width":350,"height":200,"srcset":"https:\/\/i0.wp.com\/www.jojoenherbe.com\/wp-content\/uploads\/2019\/10\/G%C3%A9n%C3%A9alogie-dune-sorci%C3%A8re.jpg?fit=1200%2C1175&ssl=1&resize=350%2C200 1x, https:\/\/i0.wp.com\/www.jojoenherbe.com\/wp-content\/uploads\/2019\/10\/G%C3%A9n%C3%A9alogie-dune-sorci%C3%A8re.jpg?fit=1200%2C1175&ssl=1&resize=525%2C300 1.5x, https:\/\/i0.wp.com\/www.jojoenherbe.com\/wp-content\/uploads\/2019\/10\/G%C3%A9n%C3%A9alogie-dune-sorci%C3%A8re.jpg?fit=1200%2C1175&ssl=1&resize=700%2C400 2x, https:\/\/i0.wp.com\/www.jojoenherbe.com\/wp-content\/uploads\/2019\/10\/G%C3%A9n%C3%A9alogie-dune-sorci%C3%A8re.jpg?fit=1200%2C1175&ssl=1&resize=1050%2C600 3x"},"classes":[]}],"_links":{"self":[{"href":"https:\/\/www.jojoenherbe.com\/index.php\/wp-json\/wp\/v2\/posts\/7935","targetHints":{"allow":["GET"]}}],"collection":[{"href":"https:\/\/www.jojoenherbe.com\/index.php\/wp-json\/wp\/v2\/posts"}],"about":[{"href":"https:\/\/www.jojoenherbe.com\/index.php\/wp-json\/wp\/v2\/types\/post"}],"author":[{"embeddable":true,"href":"https:\/\/www.jojoenherbe.com\/index.php\/wp-json\/wp\/v2\/users\/1"}],"replies":[{"embeddable":true,"href":"https:\/\/www.jojoenherbe.com\/index.php\/wp-json\/wp\/v2\/comments?post=7935"}],"version-history":[{"count":0,"href":"https:\/\/www.jojoenherbe.com\/index.php\/wp-json\/wp\/v2\/posts\/7935\/revisions"}],"wp:featuredmedia":[{"embeddable":true,"href":"https:\/\/www.jojoenherbe.com\/index.php\/wp-json\/wp\/v2\/media\/21416"}],"wp:attachment":[{"href":"https:\/\/www.jojoenherbe.com\/index.php\/wp-json\/wp\/v2\/media?parent=7935"}],"wp:term":[{"taxonomy":"category","embeddable":true,"href":"https:\/\/www.jojoenherbe.com\/index.php\/wp-json\/wp\/v2\/categories?post=7935"},{"taxonomy":"post_tag","embeddable":true,"href":"https:\/\/www.jojoenherbe.com\/index.php\/wp-json\/wp\/v2\/tags?post=7935"}],"curies":[{"name":"wp","href":"https:\/\/api.w.org\/{rel}","templated":true}]}}