{"id":7216,"date":"2019-08-25T22:14:17","date_gmt":"2019-08-25T20:14:17","guid":{"rendered":"http:\/\/www.jojoenherbe.com\/?p=7216"},"modified":"2020-03-13T11:02:06","modified_gmt":"2020-03-13T10:02:06","slug":"sur-les-traces-des-trolls-islandais","status":"publish","type":"post","link":"https:\/\/www.jojoenherbe.com\/index.php\/2019\/08\/25\/sur-les-traces-des-trolls-islandais\/","title":{"rendered":"Sur les traces des trolls islandais"},"content":{"rendered":"<p style=\"text-align: justify;\"><em><a href=\"https:\/\/i0.wp.com\/www.jojoenherbe.com\/wp-content\/uploads\/2019\/08\/Trolls-islandais-2.jpg\"><img data-recalc-dims=\"1\" loading=\"lazy\" decoding=\"async\" data-attachment-id=\"7219\" data-permalink=\"https:\/\/www.jojoenherbe.com\/index.php\/2019\/08\/25\/sur-les-traces-des-trolls-islandais\/trolls-islandais-2\/\" data-orig-file=\"https:\/\/i0.wp.com\/www.jojoenherbe.com\/wp-content\/uploads\/2019\/08\/Trolls-islandais-2.jpg?fit=864%2C1158&amp;ssl=1\" data-orig-size=\"864,1158\" data-comments-opened=\"1\" data-image-meta=\"{&quot;aperture&quot;:&quot;2.7&quot;,&quot;credit&quot;:&quot;&quot;,&quot;camera&quot;:&quot;COOLPIX S5100&quot;,&quot;caption&quot;:&quot;&quot;,&quot;created_timestamp&quot;:&quot;1311860075&quot;,&quot;copyright&quot;:&quot;&quot;,&quot;focal_length&quot;:&quot;5&quot;,&quot;iso&quot;:&quot;100&quot;,&quot;shutter_speed&quot;:&quot;0.016666666666667&quot;,&quot;title&quot;:&quot;&quot;,&quot;orientation&quot;:&quot;1&quot;}\" data-image-title=\"Trolls islandais 2\" data-image-description=\"\" data-image-caption=\"\" data-large-file=\"https:\/\/i0.wp.com\/www.jojoenherbe.com\/wp-content\/uploads\/2019\/08\/Trolls-islandais-2.jpg?fit=676%2C906&amp;ssl=1\" class=\"alignleft wp-image-7219 size-thumbnail\" src=\"https:\/\/i0.wp.com\/www.jojoenherbe.com\/wp-content\/uploads\/2019\/08\/Trolls-islandais-2.jpg?resize=150%2C150\" alt=\"\" width=\"150\" height=\"150\" srcset=\"https:\/\/i0.wp.com\/www.jojoenherbe.com\/wp-content\/uploads\/2019\/08\/Trolls-islandais-2.jpg?resize=150%2C150&amp;ssl=1 150w, https:\/\/i0.wp.com\/www.jojoenherbe.com\/wp-content\/uploads\/2019\/08\/Trolls-islandais-2.jpg?zoom=2&amp;resize=150%2C150 300w, https:\/\/i0.wp.com\/www.jojoenherbe.com\/wp-content\/uploads\/2019\/08\/Trolls-islandais-2.jpg?zoom=3&amp;resize=150%2C150 450w\" sizes=\"auto, (max-width: 150px) 100vw, 150px\" \/><\/a> <a href=\"https:\/\/i0.wp.com\/www.jojoenherbe.com\/wp-content\/uploads\/2019\/08\/Trolls-islandais.jpg\"><img data-recalc-dims=\"1\" loading=\"lazy\" decoding=\"async\" data-attachment-id=\"7220\" data-permalink=\"https:\/\/www.jojoenherbe.com\/index.php\/2019\/08\/25\/sur-les-traces-des-trolls-islandais\/trolls-islandais\/\" data-orig-file=\"https:\/\/i0.wp.com\/www.jojoenherbe.com\/wp-content\/uploads\/2019\/08\/Trolls-islandais.jpg?fit=2048%2C1536&amp;ssl=1\" data-orig-size=\"2048,1536\" data-comments-opened=\"1\" data-image-meta=\"{&quot;aperture&quot;:&quot;2.7&quot;,&quot;credit&quot;:&quot;&quot;,&quot;camera&quot;:&quot;COOLPIX S5100&quot;,&quot;caption&quot;:&quot;&quot;,&quot;created_timestamp&quot;:&quot;1311706254&quot;,&quot;copyright&quot;:&quot;&quot;,&quot;focal_length&quot;:&quot;5&quot;,&quot;iso&quot;:&quot;100&quot;,&quot;shutter_speed&quot;:&quot;0.025&quot;,&quot;title&quot;:&quot;&quot;,&quot;orientation&quot;:&quot;1&quot;}\" data-image-title=\"Trolls islandais\" data-image-description=\"\" data-image-caption=\"\" data-large-file=\"https:\/\/i0.wp.com\/www.jojoenherbe.com\/wp-content\/uploads\/2019\/08\/Trolls-islandais.jpg?fit=676%2C507&amp;ssl=1\" class=\"wp-image-7220 size-thumbnail alignleft\" src=\"https:\/\/i0.wp.com\/www.jojoenherbe.com\/wp-content\/uploads\/2019\/08\/Trolls-islandais.jpg?resize=150%2C150\" alt=\"\" width=\"150\" height=\"150\" srcset=\"https:\/\/i0.wp.com\/www.jojoenherbe.com\/wp-content\/uploads\/2019\/08\/Trolls-islandais.jpg?resize=150%2C150&amp;ssl=1 150w, https:\/\/i0.wp.com\/www.jojoenherbe.com\/wp-content\/uploads\/2019\/08\/Trolls-islandais.jpg?zoom=2&amp;resize=150%2C150 300w, https:\/\/i0.wp.com\/www.jojoenherbe.com\/wp-content\/uploads\/2019\/08\/Trolls-islandais.jpg?zoom=3&amp;resize=150%2C150 450w\" sizes=\"auto, (max-width: 150px) 100vw, 150px\" \/><\/a>Pour cette semaine 34 du Projet 52-2019 de Du c\u00f4t\u00e9 de chez Ma&rsquo;, le th\u00e8me est \u00ab\u00a0<a href=\"https:\/\/ducotedechezma.wordpress.com\/2019\/08\/24\/projet-52-2019-semaine-34-rires\/\">Rire(s)<\/a>\u00ab\u00a0. Comme de plus en plus ces derniers temps, je pioche dans mes archives pour illustrer ce th\u00e8me avec une photo prise le 25 juillet 2011 \u00e0 <a href=\"http:\/\/www.jojoenherbe.com\/index.php\/2011\/08\/07\/face-a-limmensite-des-icebergs-de-jokulsarlon\/\">J\u00f6kulsarlon<\/a>. Pendant notre voyage, nous avons tent\u00e9 de voir ce peuple cach\u00e9 que sont les elfes et les trolls. Qui sait? nous en avons peut-\u00eatre approch\u00e9s sans le savoir! En tout \u00e9tat de cause, beaucoup de rires et m\u00eame de fous-rires \u00e0 d\u00e9busquer des trolls de toute taille dans les lieux que nous visitions, comme ce troll gardant la machine \u00e0 caf\u00e9!<br \/>\n<\/em><\/p>\n","protected":false},"excerpt":{"rendered":"<p>Pour cette semaine 34 du Projet 52-2019 de Du c\u00f4t\u00e9 de chez Ma&rsquo;, le th\u00e8me est \u00ab\u00a0Rire(s)\u00ab\u00a0. Comme de plus en plus ces derniers temps, je pioche dans mes archives pour illustrer ce th\u00e8me avec une photo prise le 25 juillet 2011 \u00e0 J\u00f6kulsarlon. Pendant notre voyage, nous avons tent\u00e9 de voir ce peuple cach\u00e9 [&hellip;]<\/p>\n","protected":false},"author":1,"featured_media":3262,"comment_status":"open","ping_status":"open","sticky":false,"template":"","format":"standard","meta":{"jetpack_post_was_ever_published":false,"_jetpack_newsletter_access":"","_jetpack_dont_email_post_to_subs":false,"_jetpack_newsletter_tier_id":0,"_jetpack_memberships_contains_paywalled_content":false,"_jetpack_memberships_contains_paid_content":false,"footnotes":""},"categories":[437],"tags":[281,287,775,1353,1354,774],"class_list":["post-7216","post","type-post","status-publish","format-standard","has-post-thumbnail","hentry","category-mini-photographe","tag-islande","tag-jokulsarlon","tag-legendes","tag-projet-52-de-ma","tag-projet-52-2019","tag-trolls","post-preview"],"jetpack_featured_media_url":"https:\/\/i0.wp.com\/www.jojoenherbe.com\/wp-content\/uploads\/2011\/08\/J%C3%B6kulsarlon-9.jpg?fit=1475%2C1522&ssl=1","jetpack_sharing_enabled":true,"jetpack_shortlink":"https:\/\/wp.me\/p9zhGx-1So","jetpack_likes_enabled":true,"jetpack-related-posts":[{"id":10199,"url":"https:\/\/www.jojoenherbe.com\/index.php\/2020\/03\/01\/semaine-9-du-projet-52-2020-couleur-froide\/","url_meta":{"origin":7216,"position":0},"title":"Semaine 9 du Projet 52-2020: Couleur froide","author":"Jojo","date":"1 mars 2020","format":false,"excerpt":"Pour la semaine 9 du Projet 52-2020 de Du c\u00f4t\u00e9 de chez Ma', le th\u00e8me est \"Couleur froide\", ce qui me fait penser aux icebergs de J\u00f6kulsarlon avec leur couleur bleue si caract\u00e9ristique. Voici donc une des photos prises en juillet 2011. Il y faisait d'ailleurs bien froid.","rel":"","context":"Dans &quot;mini photographe&quot;","block_context":{"text":"mini photographe","link":"https:\/\/www.jojoenherbe.com\/index.php\/category\/mini-photographe\/"},"img":{"alt_text":"","src":"https:\/\/i0.wp.com\/www.jojoenherbe.com\/wp-content\/uploads\/2011\/08\/J%C3%B6kulsarlon-11.jpg?fit=1200%2C900&ssl=1&resize=350%2C200","width":350,"height":200,"srcset":"https:\/\/i0.wp.com\/www.jojoenherbe.com\/wp-content\/uploads\/2011\/08\/J%C3%B6kulsarlon-11.jpg?fit=1200%2C900&ssl=1&resize=350%2C200 1x, https:\/\/i0.wp.com\/www.jojoenherbe.com\/wp-content\/uploads\/2011\/08\/J%C3%B6kulsarlon-11.jpg?fit=1200%2C900&ssl=1&resize=525%2C300 1.5x, https:\/\/i0.wp.com\/www.jojoenherbe.com\/wp-content\/uploads\/2011\/08\/J%C3%B6kulsarlon-11.jpg?fit=1200%2C900&ssl=1&resize=700%2C400 2x, https:\/\/i0.wp.com\/www.jojoenherbe.com\/wp-content\/uploads\/2011\/08\/J%C3%B6kulsarlon-11.jpg?fit=1200%2C900&ssl=1&resize=1050%2C600 3x"},"classes":[]},{"id":8603,"url":"https:\/\/www.jojoenherbe.com\/index.php\/2019\/11\/23\/montagne-et-mer\/","url_meta":{"origin":7216,"position":1},"title":"Montagne et mer","author":"Jojo","date":"23 novembre 2019","format":false,"excerpt":"Pour cette semaine 46 du Projet 52-2019 de Du c\u00f4t\u00e9 de chez Ma', le th\u00e8me est \"Paysage\" et celui de la semaine derni\u00e8re \"Ville\/Village\". J'ai choisi pour illustrer ce th\u00e8me une photo prise ce mois-ci, en fin d'apr\u00e8s-midi, \u00e0 un moment o\u00f9 il ne pleuvait plus, sur le bord de\u2026","rel":"","context":"Dans &quot;mini photographe&quot;","block_context":{"text":"mini photographe","link":"https:\/\/www.jojoenherbe.com\/index.php\/category\/mini-photographe\/"},"img":{"alt_text":"","src":"https:\/\/i0.wp.com\/www.jojoenherbe.com\/wp-content\/uploads\/2019\/11\/Villeneuve-Loubet-scaled.jpg?fit=1200%2C843&ssl=1&resize=350%2C200","width":350,"height":200,"srcset":"https:\/\/i0.wp.com\/www.jojoenherbe.com\/wp-content\/uploads\/2019\/11\/Villeneuve-Loubet-scaled.jpg?fit=1200%2C843&ssl=1&resize=350%2C200 1x, https:\/\/i0.wp.com\/www.jojoenherbe.com\/wp-content\/uploads\/2019\/11\/Villeneuve-Loubet-scaled.jpg?fit=1200%2C843&ssl=1&resize=525%2C300 1.5x, https:\/\/i0.wp.com\/www.jojoenherbe.com\/wp-content\/uploads\/2019\/11\/Villeneuve-Loubet-scaled.jpg?fit=1200%2C843&ssl=1&resize=700%2C400 2x, https:\/\/i0.wp.com\/www.jojoenherbe.com\/wp-content\/uploads\/2019\/11\/Villeneuve-Loubet-scaled.jpg?fit=1200%2C843&ssl=1&resize=1050%2C600 3x"},"classes":[]},{"id":7832,"url":"https:\/\/www.jojoenherbe.com\/index.php\/2019\/10\/05\/dettifoss-une-cascade-monumentale\/","url_meta":{"origin":7216,"position":2},"title":"Dettifoss, une cascade monumentale","author":"Jojo","date":"5 octobre 2019","format":false,"excerpt":"Pour cette semaine 40 du Projet 52-2019 de Du c\u00f4t\u00e9 de chez Ma', le th\u00e8me est \"Monumental\". Pour illustrer ce th\u00e8me, j'ai choisi la plus haute cascade d'Europe qui se situe en Islande (plus de 40 m\u00e8tres de hauteur), Dettifoss que nous avions pu voir en juillet 2011. Mais ce\u2026","rel":"","context":"Dans &quot;mini photographe&quot;","block_context":{"text":"mini photographe","link":"https:\/\/www.jojoenherbe.com\/index.php\/category\/mini-photographe\/"},"img":{"alt_text":"","src":"https:\/\/i0.wp.com\/www.jojoenherbe.com\/wp-content\/uploads\/2019\/10\/Dettifoss.jpg?fit=1200%2C900&ssl=1&resize=350%2C200","width":350,"height":200,"srcset":"https:\/\/i0.wp.com\/www.jojoenherbe.com\/wp-content\/uploads\/2019\/10\/Dettifoss.jpg?fit=1200%2C900&ssl=1&resize=350%2C200 1x, https:\/\/i0.wp.com\/www.jojoenherbe.com\/wp-content\/uploads\/2019\/10\/Dettifoss.jpg?fit=1200%2C900&ssl=1&resize=525%2C300 1.5x, https:\/\/i0.wp.com\/www.jojoenherbe.com\/wp-content\/uploads\/2019\/10\/Dettifoss.jpg?fit=1200%2C900&ssl=1&resize=700%2C400 2x, https:\/\/i0.wp.com\/www.jojoenherbe.com\/wp-content\/uploads\/2019\/10\/Dettifoss.jpg?fit=1200%2C900&ssl=1&resize=1050%2C600 3x"},"classes":[]},{"id":30328,"url":"https:\/\/www.jojoenherbe.com\/index.php\/2023\/03\/18\/semaine-11-du-projet-52-2023-lenvers-du-decor\/","url_meta":{"origin":7216,"position":3},"title":"Semaine 11 du Projet 52-2023: L&rsquo;envers du d\u00e9cor","author":"Jojo","date":"18 mars 2023","format":false,"excerpt":"Pour la semaine 11 du Projet 52-2023 de Du c\u00f4t\u00e9 de chez Ma\u2019, le th\u00e8me est \"L'envers du d\u00e9cor\". Avec ce th\u00e8me, c'est l'occasion de parler de mon blog. J\u2019ai choisi une photo prise cet \u00e9t\u00e9 apr\u00e8s une sortie entre amis au parc de Vaugrenier, \u00e0 Villeneuve-Loubet. Nous avions pu\u2026","rel":"","context":"Dans &quot;mini photographe&quot;","block_context":{"text":"mini photographe","link":"https:\/\/www.jojoenherbe.com\/index.php\/category\/mini-photographe\/"},"img":{"alt_text":"","src":"https:\/\/i0.wp.com\/www.jojoenherbe.com\/wp-content\/uploads\/2023\/03\/Huppe-fasciee-scaled.jpg?fit=1200%2C900&ssl=1&resize=350%2C200","width":350,"height":200,"srcset":"https:\/\/i0.wp.com\/www.jojoenherbe.com\/wp-content\/uploads\/2023\/03\/Huppe-fasciee-scaled.jpg?fit=1200%2C900&ssl=1&resize=350%2C200 1x, https:\/\/i0.wp.com\/www.jojoenherbe.com\/wp-content\/uploads\/2023\/03\/Huppe-fasciee-scaled.jpg?fit=1200%2C900&ssl=1&resize=525%2C300 1.5x, https:\/\/i0.wp.com\/www.jojoenherbe.com\/wp-content\/uploads\/2023\/03\/Huppe-fasciee-scaled.jpg?fit=1200%2C900&ssl=1&resize=700%2C400 2x, https:\/\/i0.wp.com\/www.jojoenherbe.com\/wp-content\/uploads\/2023\/03\/Huppe-fasciee-scaled.jpg?fit=1200%2C900&ssl=1&resize=1050%2C600 3x"},"classes":[]},{"id":9948,"url":"https:\/\/www.jojoenherbe.com\/index.php\/2020\/02\/08\/semaine-6-du-projet-52-2020-grains\/","url_meta":{"origin":7216,"position":4},"title":"Semaine 6 du Projet 52-2020: Grain(s)","author":"Jojo","date":"8 f\u00e9vrier 2020","format":false,"excerpt":"Pour la semaine 6 du Projet 52-2020 de Du c\u00f4t\u00e9 de chez Ma', le th\u00e8me est \"Grain(s)\", ce qui me fait penser \u00e0 la Camargue avec le sable, le sel et le riz. Quelle vari\u00e9t\u00e9 de grains! J'ai donc choisi d'illustrer ce th\u00e8me avec un paysage salinier: montagnes de sel\u2026","rel":"","context":"Dans &quot;mini photographe&quot;","block_context":{"text":"mini photographe","link":"https:\/\/www.jojoenherbe.com\/index.php\/category\/mini-photographe\/"},"img":{"alt_text":"","src":"https:\/\/i0.wp.com\/www.jojoenherbe.com\/wp-content\/uploads\/2020\/02\/Salins-Camargue-scaled.jpg?fit=1200%2C800&ssl=1&resize=350%2C200","width":350,"height":200,"srcset":"https:\/\/i0.wp.com\/www.jojoenherbe.com\/wp-content\/uploads\/2020\/02\/Salins-Camargue-scaled.jpg?fit=1200%2C800&ssl=1&resize=350%2C200 1x, https:\/\/i0.wp.com\/www.jojoenherbe.com\/wp-content\/uploads\/2020\/02\/Salins-Camargue-scaled.jpg?fit=1200%2C800&ssl=1&resize=525%2C300 1.5x, https:\/\/i0.wp.com\/www.jojoenherbe.com\/wp-content\/uploads\/2020\/02\/Salins-Camargue-scaled.jpg?fit=1200%2C800&ssl=1&resize=700%2C400 2x, https:\/\/i0.wp.com\/www.jojoenherbe.com\/wp-content\/uploads\/2020\/02\/Salins-Camargue-scaled.jpg?fit=1200%2C800&ssl=1&resize=1050%2C600 3x"},"classes":[]},{"id":9902,"url":"https:\/\/www.jojoenherbe.com\/index.php\/2020\/02\/03\/semaine-5-du-projet-52-2020-boutons\/","url_meta":{"origin":7216,"position":5},"title":"Semaine 5 du Projet 52-2020: Bouton(s)","author":"Jojo","date":"3 f\u00e9vrier 2020","format":false,"excerpt":"Pour la semaine 5 du Projet 52-2020 de Du c\u00f4t\u00e9 de chez Ma', le th\u00e8me est \"Bouton(s)\". J'ai choisi d'illustrer ce th\u00e8me avec des boutons de fleur. Si si il y a encore des boutons sur cette orchis photographi\u00e9e ce 1er f\u00e9vrier 2020 pendant le rallye-d\u00e9couverte organis\u00e9 par l'association Les\u2026","rel":"","context":"Dans &quot;mini photographe&quot;","block_context":{"text":"mini photographe","link":"https:\/\/www.jojoenherbe.com\/index.php\/category\/mini-photographe\/"},"img":{"alt_text":"","src":"https:\/\/i0.wp.com\/www.jojoenherbe.com\/wp-content\/uploads\/2020\/02\/Orchys-%C3%A9tangs-de-Villepey-scaled.jpg?fit=1005%2C1200&ssl=1&resize=350%2C200","width":350,"height":200,"srcset":"https:\/\/i0.wp.com\/www.jojoenherbe.com\/wp-content\/uploads\/2020\/02\/Orchys-%C3%A9tangs-de-Villepey-scaled.jpg?fit=1005%2C1200&ssl=1&resize=350%2C200 1x, https:\/\/i0.wp.com\/www.jojoenherbe.com\/wp-content\/uploads\/2020\/02\/Orchys-%C3%A9tangs-de-Villepey-scaled.jpg?fit=1005%2C1200&ssl=1&resize=525%2C300 1.5x, https:\/\/i0.wp.com\/www.jojoenherbe.com\/wp-content\/uploads\/2020\/02\/Orchys-%C3%A9tangs-de-Villepey-scaled.jpg?fit=1005%2C1200&ssl=1&resize=700%2C400 2x"},"classes":[]}],"_links":{"self":[{"href":"https:\/\/www.jojoenherbe.com\/index.php\/wp-json\/wp\/v2\/posts\/7216","targetHints":{"allow":["GET"]}}],"collection":[{"href":"https:\/\/www.jojoenherbe.com\/index.php\/wp-json\/wp\/v2\/posts"}],"about":[{"href":"https:\/\/www.jojoenherbe.com\/index.php\/wp-json\/wp\/v2\/types\/post"}],"author":[{"embeddable":true,"href":"https:\/\/www.jojoenherbe.com\/index.php\/wp-json\/wp\/v2\/users\/1"}],"replies":[{"embeddable":true,"href":"https:\/\/www.jojoenherbe.com\/index.php\/wp-json\/wp\/v2\/comments?post=7216"}],"version-history":[{"count":0,"href":"https:\/\/www.jojoenherbe.com\/index.php\/wp-json\/wp\/v2\/posts\/7216\/revisions"}],"wp:featuredmedia":[{"embeddable":true,"href":"https:\/\/www.jojoenherbe.com\/index.php\/wp-json\/wp\/v2\/media\/3262"}],"wp:attachment":[{"href":"https:\/\/www.jojoenherbe.com\/index.php\/wp-json\/wp\/v2\/media?parent=7216"}],"wp:term":[{"taxonomy":"category","embeddable":true,"href":"https:\/\/www.jojoenherbe.com\/index.php\/wp-json\/wp\/v2\/categories?post=7216"},{"taxonomy":"post_tag","embeddable":true,"href":"https:\/\/www.jojoenherbe.com\/index.php\/wp-json\/wp\/v2\/tags?post=7216"}],"curies":[{"name":"wp","href":"https:\/\/api.w.org\/{rel}","templated":true}]}}