{"id":6400,"date":"2019-06-15T16:17:45","date_gmt":"2019-06-15T14:17:45","guid":{"rendered":"http:\/\/www.jojoenherbe.com\/?p=6400"},"modified":"2020-03-13T11:04:37","modified_gmt":"2020-03-13T10:04:37","slug":"miam-miam-un-clafoutis-aux-pommes","status":"publish","type":"post","link":"https:\/\/www.jojoenherbe.com\/index.php\/2019\/06\/15\/miam-miam-un-clafoutis-aux-pommes\/","title":{"rendered":"Miam miam un clafoutis aux pommes!"},"content":{"rendered":"<p style=\"text-align: justify;\"><em><a href=\"https:\/\/i0.wp.com\/www.jojoenherbe.com\/wp-content\/uploads\/2019\/06\/clafoutis-aux-pommes.jpg\"><img data-recalc-dims=\"1\" loading=\"lazy\" decoding=\"async\" data-attachment-id=\"6404\" data-permalink=\"https:\/\/www.jojoenherbe.com\/index.php\/2019\/06\/15\/miam-miam-un-clafoutis-aux-pommes\/clafoutis-aux-pommes\/\" data-orig-file=\"https:\/\/i0.wp.com\/www.jojoenherbe.com\/wp-content\/uploads\/2019\/06\/clafoutis-aux-pommes.jpg?fit=2440%2C2195&amp;ssl=1\" data-orig-size=\"2440,2195\" data-comments-opened=\"1\" data-image-meta=\"{&quot;aperture&quot;:&quot;2.4&quot;,&quot;credit&quot;:&quot;&quot;,&quot;camera&quot;:&quot;iPhone 4S&quot;,&quot;caption&quot;:&quot;&quot;,&quot;created_timestamp&quot;:&quot;1560420628&quot;,&quot;copyright&quot;:&quot;&quot;,&quot;focal_length&quot;:&quot;4.28&quot;,&quot;iso&quot;:&quot;320&quot;,&quot;shutter_speed&quot;:&quot;0.05&quot;,&quot;title&quot;:&quot;&quot;,&quot;orientation&quot;:&quot;1&quot;}\" data-image-title=\"clafoutis aux pommes\" data-image-description=\"\" data-image-caption=\"\" data-large-file=\"https:\/\/i0.wp.com\/www.jojoenherbe.com\/wp-content\/uploads\/2019\/06\/clafoutis-aux-pommes.jpg?fit=676%2C608&amp;ssl=1\" class=\"alignleft size-thumbnail wp-image-6404\" src=\"https:\/\/i0.wp.com\/www.jojoenherbe.com\/wp-content\/uploads\/2019\/06\/clafoutis-aux-pommes.jpg?resize=150%2C150\" alt=\"\" width=\"150\" height=\"150\" srcset=\"https:\/\/i0.wp.com\/www.jojoenherbe.com\/wp-content\/uploads\/2019\/06\/clafoutis-aux-pommes.jpg?resize=150%2C150&amp;ssl=1 150w, https:\/\/i0.wp.com\/www.jojoenherbe.com\/wp-content\/uploads\/2019\/06\/clafoutis-aux-pommes.jpg?zoom=2&amp;resize=150%2C150 300w, https:\/\/i0.wp.com\/www.jojoenherbe.com\/wp-content\/uploads\/2019\/06\/clafoutis-aux-pommes.jpg?zoom=3&amp;resize=150%2C150 450w\" sizes=\"auto, (max-width: 150px) 100vw, 150px\" \/><\/a>Pour la semaine 24 du Projet 52-2019 de Du C\u00f4t\u00e9 de Chez Ma\u2019,&nbsp; le th\u00e8me est \u00ab\u00a0<a href=\"http:\/\/manuelles.canalblog.com\/archives\/2019\/06\/15\/37429156.html\">Repos<\/a>\u00ab\u00a0. Cela me fait penser \u00e0 l&rsquo;une des \u00e9tapes indispensable de ma recette de clafoutis aux pommes, lorsque je fais reposer la p\u00e2te. Sans repos, la levure ne pourra pas bien faire gonfler la p\u00e2te. Un bon repos gourmand!<br \/>\n<\/em><\/p>\n<p style=\"text-align: justify;\"><em><a href=\"https:\/\/i0.wp.com\/www.jojoenherbe.com\/wp-content\/uploads\/2019\/06\/clafoutis-aux-pommes-2.jpg\"><img data-recalc-dims=\"1\" loading=\"lazy\" decoding=\"async\" data-attachment-id=\"6401\" data-permalink=\"https:\/\/www.jojoenherbe.com\/index.php\/2019\/06\/15\/miam-miam-un-clafoutis-aux-pommes\/clafoutis-aux-pommes-2\/\" data-orig-file=\"https:\/\/i0.wp.com\/www.jojoenherbe.com\/wp-content\/uploads\/2019\/06\/clafoutis-aux-pommes-2.jpg?fit=2448%2C3264&amp;ssl=1\" data-orig-size=\"2448,3264\" data-comments-opened=\"1\" data-image-meta=\"{&quot;aperture&quot;:&quot;2.4&quot;,&quot;credit&quot;:&quot;&quot;,&quot;camera&quot;:&quot;iPhone 4S&quot;,&quot;caption&quot;:&quot;&quot;,&quot;created_timestamp&quot;:&quot;1560421651&quot;,&quot;copyright&quot;:&quot;&quot;,&quot;focal_length&quot;:&quot;4.28&quot;,&quot;iso&quot;:&quot;400&quot;,&quot;shutter_speed&quot;:&quot;0.066666666666667&quot;,&quot;title&quot;:&quot;&quot;,&quot;orientation&quot;:&quot;1&quot;}\" data-image-title=\"clafoutis aux pommes 2\" data-image-description=\"\" data-image-caption=\"\" data-large-file=\"https:\/\/i0.wp.com\/www.jojoenherbe.com\/wp-content\/uploads\/2019\/06\/clafoutis-aux-pommes-2.jpg?fit=676%2C901&amp;ssl=1\" class=\"size-thumbnail wp-image-6401 alignright\" src=\"https:\/\/i0.wp.com\/www.jojoenherbe.com\/wp-content\/uploads\/2019\/06\/clafoutis-aux-pommes-2.jpg?resize=150%2C150\" alt=\"\" width=\"150\" height=\"150\" srcset=\"https:\/\/i0.wp.com\/www.jojoenherbe.com\/wp-content\/uploads\/2019\/06\/clafoutis-aux-pommes-2.jpg?resize=150%2C150&amp;ssl=1 150w, https:\/\/i0.wp.com\/www.jojoenherbe.com\/wp-content\/uploads\/2019\/06\/clafoutis-aux-pommes-2.jpg?zoom=2&amp;resize=150%2C150 300w, https:\/\/i0.wp.com\/www.jojoenherbe.com\/wp-content\/uploads\/2019\/06\/clafoutis-aux-pommes-2.jpg?zoom=3&amp;resize=150%2C150 450w\" sizes=\"auto, (max-width: 150px) 100vw, 150px\" \/><\/a>Pour la recette, voici la liste des ingr\u00e9dients: 3 \u0153ufs, 6 cuill\u00e8res \u00e0 soupe de sucre en poudre, 6 cuill\u00e8res \u00e0 soupe bien pleines de farine, 6 cuill\u00e8res \u00e0 soupe de lait, un sachet de levure, une pinc\u00e9e de sel, 4 grosses pommes et un peu de beurre pour le moule. Je m\u00e9lange le tout apr\u00e8s avoir mont\u00e9 les blancs en neige. Pendant que je laisse reposer la p\u00e2te, je coupe en petits morceaux les pommes. Je les m\u00e9lange d\u00e9licatement \u00e0 la p\u00e2te. Puis dans un moule beurr\u00e9 et farin\u00e9, je verse le tout.<\/em><\/p>\n<p style=\"text-align: justify;\"><em><a href=\"https:\/\/i0.wp.com\/www.jojoenherbe.com\/wp-content\/uploads\/2019\/06\/clafoutis-aux-pommes-4.jpg\"><img data-recalc-dims=\"1\" loading=\"lazy\" decoding=\"async\" data-attachment-id=\"6403\" data-permalink=\"https:\/\/www.jojoenherbe.com\/index.php\/2019\/06\/15\/miam-miam-un-clafoutis-aux-pommes\/clafoutis-aux-pommes-4\/\" data-orig-file=\"https:\/\/i0.wp.com\/www.jojoenherbe.com\/wp-content\/uploads\/2019\/06\/clafoutis-aux-pommes-4.jpg?fit=2448%2C2542&amp;ssl=1\" data-orig-size=\"2448,2542\" data-comments-opened=\"1\" data-image-meta=\"{&quot;aperture&quot;:&quot;2.4&quot;,&quot;credit&quot;:&quot;&quot;,&quot;camera&quot;:&quot;iPhone 4S&quot;,&quot;caption&quot;:&quot;&quot;,&quot;created_timestamp&quot;:&quot;1560425157&quot;,&quot;copyright&quot;:&quot;&quot;,&quot;focal_length&quot;:&quot;4.28&quot;,&quot;iso&quot;:&quot;800&quot;,&quot;shutter_speed&quot;:&quot;0.066666666666667&quot;,&quot;title&quot;:&quot;&quot;,&quot;orientation&quot;:&quot;1&quot;}\" data-image-title=\"clafoutis aux pommes 4\" data-image-description=\"\" data-image-caption=\"\" data-large-file=\"https:\/\/i0.wp.com\/www.jojoenherbe.com\/wp-content\/uploads\/2019\/06\/clafoutis-aux-pommes-4.jpg?fit=676%2C702&amp;ssl=1\" class=\"size-thumbnail wp-image-6403 alignleft\" src=\"https:\/\/i0.wp.com\/www.jojoenherbe.com\/wp-content\/uploads\/2019\/06\/clafoutis-aux-pommes-4.jpg?resize=150%2C150\" alt=\"\" width=\"150\" height=\"150\" srcset=\"https:\/\/i0.wp.com\/www.jojoenherbe.com\/wp-content\/uploads\/2019\/06\/clafoutis-aux-pommes-4.jpg?resize=150%2C150&amp;ssl=1 150w, https:\/\/i0.wp.com\/www.jojoenherbe.com\/wp-content\/uploads\/2019\/06\/clafoutis-aux-pommes-4.jpg?zoom=2&amp;resize=150%2C150 300w, https:\/\/i0.wp.com\/www.jojoenherbe.com\/wp-content\/uploads\/2019\/06\/clafoutis-aux-pommes-4.jpg?zoom=3&amp;resize=150%2C150 450w\" sizes=\"auto, (max-width: 150px) 100vw, 150px\" \/><\/a>Vient ensuite le temps de la cuisson du g\u00e2teau (180 degr\u00e9s pendant environ 45 minutes). Mais il faudra encore attendre un peu qu&rsquo;il refroidisse pour le d\u00e9guster. Heureusement il peut se manger un peu ti\u00e8de. Miam miam!<\/em><\/p>\n","protected":false},"excerpt":{"rendered":"<p>Pour la semaine 24 du Projet 52-2019 de Du C\u00f4t\u00e9 de Chez Ma\u2019,&nbsp; le th\u00e8me est \u00ab\u00a0Repos\u00ab\u00a0. Cela me fait penser \u00e0 l&rsquo;une des \u00e9tapes indispensable de ma recette de clafoutis aux pommes, lorsque je fais reposer la p\u00e2te. Sans repos, la levure ne pourra pas bien faire gonfler la p\u00e2te. Un bon repos gourmand! [&hellip;]<\/p>\n","protected":false},"author":1,"featured_media":6402,"comment_status":"open","ping_status":"open","sticky":false,"template":"","format":"standard","meta":{"jetpack_post_was_ever_published":false,"_jetpack_newsletter_access":"","_jetpack_dont_email_post_to_subs":false,"_jetpack_newsletter_tier_id":0,"_jetpack_memberships_contains_paywalled_content":false,"_jetpack_memberships_contains_paid_content":false,"footnotes":""},"categories":[437,7],"tags":[671,9,438,498,1353,1354,398],"class_list":["post-6400","post","type-post","status-publish","format-standard","has-post-thumbnail","hentry","category-mini-photographe","category-mini-toque","tag-clafoutis","tag-cuisine","tag-gateaux","tag-pommes","tag-projet-52-de-ma","tag-projet-52-2019","tag-recettes","post-preview"],"jetpack_featured_media_url":"https:\/\/i0.wp.com\/www.jojoenherbe.com\/wp-content\/uploads\/2019\/06\/clafoutis-aux-pommes-3.jpg?fit=2888%2C2011&ssl=1","jetpack_sharing_enabled":true,"jetpack_shortlink":"https:\/\/wp.me\/p9zhGx-1Fe","jetpack_likes_enabled":true,"jetpack-related-posts":[{"id":8272,"url":"https:\/\/www.jojoenherbe.com\/index.php\/2019\/11\/02\/comme-dans-un-conte-de-fees\/","url_meta":{"origin":6400,"position":0},"title":"Comme dans un conte de f\u00e9es","author":"Jojo","date":"2 novembre 2019","format":false,"excerpt":"Pour cette semaine 44 du Projet 52-2019 de Du c\u00f4t\u00e9 de chez Ma', le th\u00e8me est \"Conte\". En cette semaine d'Halloween qui est propice \u00e0 la relecture des contes et l\u00e9gendes, j'aurai pu choisir la couverture d'un livre ou un clich\u00e9 d'une repr\u00e9sentation th\u00e9\u00e2trale. Un loup, une for\u00eat, un panier\u2026","rel":"","context":"Dans &quot;mini photographe&quot;","block_context":{"text":"mini photographe","link":"https:\/\/www.jojoenherbe.com\/index.php\/category\/mini-photographe\/"},"img":{"alt_text":"","src":"https:\/\/i0.wp.com\/www.jojoenherbe.com\/wp-content\/uploads\/2019\/11\/Halaszbastya-Budapest.jpg?fit=900%2C1200&ssl=1&resize=350%2C200","width":350,"height":200,"srcset":"https:\/\/i0.wp.com\/www.jojoenherbe.com\/wp-content\/uploads\/2019\/11\/Halaszbastya-Budapest.jpg?fit=900%2C1200&ssl=1&resize=350%2C200 1x, https:\/\/i0.wp.com\/www.jojoenherbe.com\/wp-content\/uploads\/2019\/11\/Halaszbastya-Budapest.jpg?fit=900%2C1200&ssl=1&resize=525%2C300 1.5x, https:\/\/i0.wp.com\/www.jojoenherbe.com\/wp-content\/uploads\/2019\/11\/Halaszbastya-Budapest.jpg?fit=900%2C1200&ssl=1&resize=700%2C400 2x"},"classes":[]},{"id":6081,"url":"https:\/\/www.jojoenherbe.com\/index.php\/2019\/05\/28\/miam-miam-un-gateau-aux-abricots\/","url_meta":{"origin":6400,"position":1},"title":"Miam miam un g\u00e2teau aux abricots!","author":"Jojo","date":"28 mai 2019","format":false,"excerpt":"M\u00eame si le printemps est tr\u00e8s pluvieux cette ann\u00e9e, les premiers abricots sont d\u00e9j\u00e0 arriv\u00e9s. Un bon kilo servira \u00e0 notre g\u00e2teau aux abricots. Pour la recette, voici la liste des ingr\u00e9dients: 3 \u0153ufs, 100 grammes de beurre mou, 100 grammes de sucre en poudre, 200 grammes de farine, 100\u2026","rel":"","context":"Dans &quot;Mini toque&quot;","block_context":{"text":"Mini toque","link":"https:\/\/www.jojoenherbe.com\/index.php\/category\/mini-decouvreur\/mini-toque\/"},"img":{"alt_text":"","src":"https:\/\/i0.wp.com\/www.jojoenherbe.com\/wp-content\/uploads\/2019\/05\/g%C3%A2teau-aux-abricots-3.jpg?fit=1200%2C939&ssl=1&resize=350%2C200","width":350,"height":200,"srcset":"https:\/\/i0.wp.com\/www.jojoenherbe.com\/wp-content\/uploads\/2019\/05\/g%C3%A2teau-aux-abricots-3.jpg?fit=1200%2C939&ssl=1&resize=350%2C200 1x, https:\/\/i0.wp.com\/www.jojoenherbe.com\/wp-content\/uploads\/2019\/05\/g%C3%A2teau-aux-abricots-3.jpg?fit=1200%2C939&ssl=1&resize=525%2C300 1.5x, https:\/\/i0.wp.com\/www.jojoenherbe.com\/wp-content\/uploads\/2019\/05\/g%C3%A2teau-aux-abricots-3.jpg?fit=1200%2C939&ssl=1&resize=700%2C400 2x, https:\/\/i0.wp.com\/www.jojoenherbe.com\/wp-content\/uploads\/2019\/05\/g%C3%A2teau-aux-abricots-3.jpg?fit=1200%2C939&ssl=1&resize=1050%2C600 3x"},"classes":[]},{"id":29206,"url":"https:\/\/www.jojoenherbe.com\/index.php\/2023\/01\/17\/semaine-2-du-projet-52-2023-partager\/","url_meta":{"origin":6400,"position":2},"title":"Semaine 2 du Projet 52-2023: Partager","author":"Jojo","date":"17 janvier 2023","format":false,"excerpt":"Pour la semaine 2 du Projet 52-2023 de Du c\u00f4t\u00e9 de chez Ma\u2019, le th\u00e8me est \"Partager\". Voici avec retard ma participation pour samedi dernier avec une galette des rois faite en suivant la recette prise dans La galette et le roi de Sch\u00e9h\u00e9razade Zeboudji et Marianne Barcilon (\u00e9d. Kal\u00e9idoscope,\u2026","rel":"","context":"Dans &quot;Mini lecteur&quot;","block_context":{"text":"Mini lecteur","link":"https:\/\/www.jojoenherbe.com\/index.php\/category\/mini-lecteur\/"},"img":{"alt_text":"","src":"https:\/\/i0.wp.com\/www.jojoenherbe.com\/wp-content\/uploads\/2023\/01\/Galette-des-rois-scaled.jpg?fit=900%2C1200&ssl=1&resize=350%2C200","width":350,"height":200,"srcset":"https:\/\/i0.wp.com\/www.jojoenherbe.com\/wp-content\/uploads\/2023\/01\/Galette-des-rois-scaled.jpg?fit=900%2C1200&ssl=1&resize=350%2C200 1x, https:\/\/i0.wp.com\/www.jojoenherbe.com\/wp-content\/uploads\/2023\/01\/Galette-des-rois-scaled.jpg?fit=900%2C1200&ssl=1&resize=525%2C300 1.5x, https:\/\/i0.wp.com\/www.jojoenherbe.com\/wp-content\/uploads\/2023\/01\/Galette-des-rois-scaled.jpg?fit=900%2C1200&ssl=1&resize=700%2C400 2x"},"classes":[]},{"id":10596,"url":"https:\/\/www.jojoenherbe.com\/index.php\/2020\/03\/28\/semaine-13-du-projet-52-2020-piquant\/","url_meta":{"origin":6400,"position":3},"title":"Semaine 13 du Projet 52-2020: Piquant","author":"Jojo","date":"28 mars 2020","format":false,"excerpt":"Pour la semaine 13 du Projet 52-2020 de Du c\u00f4t\u00e9 de chez Ma', le th\u00e8me est \"Piquant\". Cela me fait penser tout de suite aux h\u00e9rissons. Alors voici un h\u00e9risson en p\u00e2te \u00e0 modeler que nous avions r\u00e9alis\u00e9 d\u00e9but f\u00e9vrier 2020 avec des cure-dents, yeux mobiles, glands et leurs cupules\u2026","rel":"","context":"Dans &quot;Mini joueur&quot;","block_context":{"text":"Mini joueur","link":"https:\/\/www.jojoenherbe.com\/index.php\/category\/mini-decouvreur\/mini-joueur\/"},"img":{"alt_text":"","src":"https:\/\/i0.wp.com\/www.jojoenherbe.com\/wp-content\/uploads\/2020\/03\/H%C3%A9risson-p%C3%A2te-%C3%A0-modeler-2-scaled.jpg?fit=1200%2C852&ssl=1&resize=350%2C200","width":350,"height":200,"srcset":"https:\/\/i0.wp.com\/www.jojoenherbe.com\/wp-content\/uploads\/2020\/03\/H%C3%A9risson-p%C3%A2te-%C3%A0-modeler-2-scaled.jpg?fit=1200%2C852&ssl=1&resize=350%2C200 1x, https:\/\/i0.wp.com\/www.jojoenherbe.com\/wp-content\/uploads\/2020\/03\/H%C3%A9risson-p%C3%A2te-%C3%A0-modeler-2-scaled.jpg?fit=1200%2C852&ssl=1&resize=525%2C300 1.5x, https:\/\/i0.wp.com\/www.jojoenherbe.com\/wp-content\/uploads\/2020\/03\/H%C3%A9risson-p%C3%A2te-%C3%A0-modeler-2-scaled.jpg?fit=1200%2C852&ssl=1&resize=700%2C400 2x, https:\/\/i0.wp.com\/www.jojoenherbe.com\/wp-content\/uploads\/2020\/03\/H%C3%A9risson-p%C3%A2te-%C3%A0-modeler-2-scaled.jpg?fit=1200%2C852&ssl=1&resize=1050%2C600 3x"},"classes":[]},{"id":10695,"url":"https:\/\/www.jojoenherbe.com\/index.php\/2020\/04\/11\/semaine-15-du-projet-52-2020-cloche\/","url_meta":{"origin":6400,"position":4},"title":"Semaine 15 du Projet 52-2020: Cloche","author":"Jojo","date":"11 avril 2020","format":false,"excerpt":"Pour la semaine 15 du Projet 52-2020 de Du c\u00f4t\u00e9 de chez Ma', le th\u00e8me est \"Cloche\". Voici des cloches de P\u00e2ques faites en p\u00e2te \u00e0 modeler ce matin pour l'occasion en attendant les chocolats du lapin de P\u00e2ques, certes avec de la p\u00e2te \u00e0 modeler verte (\u00e0 d\u00e9faut de\u2026","rel":"","context":"Dans &quot;Mini joueur&quot;","block_context":{"text":"Mini joueur","link":"https:\/\/www.jojoenherbe.com\/index.php\/category\/mini-decouvreur\/mini-joueur\/"},"img":{"alt_text":"","src":"https:\/\/i0.wp.com\/www.jojoenherbe.com\/wp-content\/uploads\/2020\/04\/Cloche-2-scaled.jpg?fit=1125%2C1200&ssl=1&resize=350%2C200","width":350,"height":200,"srcset":"https:\/\/i0.wp.com\/www.jojoenherbe.com\/wp-content\/uploads\/2020\/04\/Cloche-2-scaled.jpg?fit=1125%2C1200&ssl=1&resize=350%2C200 1x, https:\/\/i0.wp.com\/www.jojoenherbe.com\/wp-content\/uploads\/2020\/04\/Cloche-2-scaled.jpg?fit=1125%2C1200&ssl=1&resize=525%2C300 1.5x, https:\/\/i0.wp.com\/www.jojoenherbe.com\/wp-content\/uploads\/2020\/04\/Cloche-2-scaled.jpg?fit=1125%2C1200&ssl=1&resize=700%2C400 2x, https:\/\/i0.wp.com\/www.jojoenherbe.com\/wp-content\/uploads\/2020\/04\/Cloche-2-scaled.jpg?fit=1125%2C1200&ssl=1&resize=1050%2C600 3x"},"classes":[]},{"id":27892,"url":"https:\/\/www.jojoenherbe.com\/index.php\/2022\/10\/02\/pause-gourmande-gateau-aux-pommes\/","url_meta":{"origin":6400,"position":5},"title":"Pause gourmande: G\u00e2teau aux pommes","author":"Jojo","date":"2 octobre 2022","format":false,"excerpt":"Le 23 septembre 2022, en ce premier jour d'automne 2022, j'ai pr\u00e9par\u00e9 un g\u00e2teau aux pommes en suivant (plus ou moins car la mesure des quantit\u00e9s se fait avec un verre) la recette de G\u00e2teau aux pommes de Dawn Casey et Genevi\u00e8ve Godbout (\u00e9d. La Past\u00e8que, 2019), un album jeunesse\u2026","rel":"","context":"Dans &quot;Mini lecteur&quot;","block_context":{"text":"Mini lecteur","link":"https:\/\/www.jojoenherbe.com\/index.php\/category\/mini-lecteur\/"},"img":{"alt_text":"","src":"https:\/\/i0.wp.com\/www.jojoenherbe.com\/wp-content\/uploads\/2022\/09\/Gateau-aux-pommes-10-scaled.jpg?fit=1200%2C900&ssl=1&resize=350%2C200","width":350,"height":200,"srcset":"https:\/\/i0.wp.com\/www.jojoenherbe.com\/wp-content\/uploads\/2022\/09\/Gateau-aux-pommes-10-scaled.jpg?fit=1200%2C900&ssl=1&resize=350%2C200 1x, https:\/\/i0.wp.com\/www.jojoenherbe.com\/wp-content\/uploads\/2022\/09\/Gateau-aux-pommes-10-scaled.jpg?fit=1200%2C900&ssl=1&resize=525%2C300 1.5x, https:\/\/i0.wp.com\/www.jojoenherbe.com\/wp-content\/uploads\/2022\/09\/Gateau-aux-pommes-10-scaled.jpg?fit=1200%2C900&ssl=1&resize=700%2C400 2x, https:\/\/i0.wp.com\/www.jojoenherbe.com\/wp-content\/uploads\/2022\/09\/Gateau-aux-pommes-10-scaled.jpg?fit=1200%2C900&ssl=1&resize=1050%2C600 3x"},"classes":[]}],"_links":{"self":[{"href":"https:\/\/www.jojoenherbe.com\/index.php\/wp-json\/wp\/v2\/posts\/6400","targetHints":{"allow":["GET"]}}],"collection":[{"href":"https:\/\/www.jojoenherbe.com\/index.php\/wp-json\/wp\/v2\/posts"}],"about":[{"href":"https:\/\/www.jojoenherbe.com\/index.php\/wp-json\/wp\/v2\/types\/post"}],"author":[{"embeddable":true,"href":"https:\/\/www.jojoenherbe.com\/index.php\/wp-json\/wp\/v2\/users\/1"}],"replies":[{"embeddable":true,"href":"https:\/\/www.jojoenherbe.com\/index.php\/wp-json\/wp\/v2\/comments?post=6400"}],"version-history":[{"count":0,"href":"https:\/\/www.jojoenherbe.com\/index.php\/wp-json\/wp\/v2\/posts\/6400\/revisions"}],"wp:featuredmedia":[{"embeddable":true,"href":"https:\/\/www.jojoenherbe.com\/index.php\/wp-json\/wp\/v2\/media\/6402"}],"wp:attachment":[{"href":"https:\/\/www.jojoenherbe.com\/index.php\/wp-json\/wp\/v2\/media?parent=6400"}],"wp:term":[{"taxonomy":"category","embeddable":true,"href":"https:\/\/www.jojoenherbe.com\/index.php\/wp-json\/wp\/v2\/categories?post=6400"},{"taxonomy":"post_tag","embeddable":true,"href":"https:\/\/www.jojoenherbe.com\/index.php\/wp-json\/wp\/v2\/tags?post=6400"}],"curies":[{"name":"wp","href":"https:\/\/api.w.org\/{rel}","templated":true}]}}