{"id":6024,"date":"2019-05-28T15:53:30","date_gmt":"2019-05-28T13:53:30","guid":{"rendered":"http:\/\/www.jojoenherbe.com\/?p=6024"},"modified":"2021-03-09T14:30:15","modified_gmt":"2021-03-09T13:30:15","slug":"au-fil-des-pages-avec-la-chose","status":"publish","type":"post","link":"https:\/\/www.jojoenherbe.com\/index.php\/2019\/05\/28\/au-fil-des-pages-avec-la-chose\/","title":{"rendered":"Au fil des pages avec Edmond et ses amis, La Chose"},"content":{"rendered":"<p style=\"text-align: justify;\"><em><a href=\"https:\/\/i0.wp.com\/www.jojoenherbe.com\/wp-content\/uploads\/2019\/05\/La-Chose-2.jpg\"><img data-recalc-dims=\"1\" loading=\"lazy\" decoding=\"async\" data-attachment-id=\"6089\" data-permalink=\"https:\/\/www.jojoenherbe.com\/index.php\/2019\/05\/28\/au-fil-des-pages-avec-la-chose\/la-chose-2\/\" data-orig-file=\"https:\/\/i0.wp.com\/www.jojoenherbe.com\/wp-content\/uploads\/2019\/05\/La-Chose-2.jpg?fit=3025%2C2227&amp;ssl=1\" data-orig-size=\"3025,2227\" data-comments-opened=\"1\" data-image-meta=\"{&quot;aperture&quot;:&quot;2.4&quot;,&quot;credit&quot;:&quot;&quot;,&quot;camera&quot;:&quot;iPhone 4S&quot;,&quot;caption&quot;:&quot;&quot;,&quot;created_timestamp&quot;:&quot;1559056864&quot;,&quot;copyright&quot;:&quot;&quot;,&quot;focal_length&quot;:&quot;4.28&quot;,&quot;iso&quot;:&quot;400&quot;,&quot;shutter_speed&quot;:&quot;0.05&quot;,&quot;title&quot;:&quot;&quot;,&quot;orientation&quot;:&quot;1&quot;}\" data-image-title=\"La Chose 2\" data-image-description=\"\" data-image-caption=\"\" data-large-file=\"https:\/\/i0.wp.com\/www.jojoenherbe.com\/wp-content\/uploads\/2019\/05\/La-Chose-2.jpg?fit=676%2C498&amp;ssl=1\" class=\"alignleft size-thumbnail wp-image-6089\" src=\"https:\/\/i0.wp.com\/www.jojoenherbe.com\/wp-content\/uploads\/2019\/05\/La-Chose-2.jpg?resize=150%2C150\" alt=\"\" width=\"150\" height=\"150\" srcset=\"https:\/\/i0.wp.com\/www.jojoenherbe.com\/wp-content\/uploads\/2019\/05\/La-Chose-2.jpg?resize=150%2C150&amp;ssl=1 150w, https:\/\/i0.wp.com\/www.jojoenherbe.com\/wp-content\/uploads\/2019\/05\/La-Chose-2.jpg?zoom=2&amp;resize=150%2C150 300w, https:\/\/i0.wp.com\/www.jojoenherbe.com\/wp-content\/uploads\/2019\/05\/La-Chose-2.jpg?zoom=3&amp;resize=150%2C150 450w\" sizes=\"auto, (max-width: 150px) 100vw, 150px\" \/><\/a> <a href=\"https:\/\/i0.wp.com\/www.jojoenherbe.com\/wp-content\/uploads\/2019\/05\/La-Chose-3.jpg\"><img data-recalc-dims=\"1\" loading=\"lazy\" decoding=\"async\" data-attachment-id=\"6090\" data-permalink=\"https:\/\/www.jojoenherbe.com\/index.php\/2019\/05\/28\/au-fil-des-pages-avec-la-chose\/la-chose-3\/\" data-orig-file=\"https:\/\/i0.wp.com\/www.jojoenherbe.com\/wp-content\/uploads\/2019\/05\/La-Chose-3.jpg?fit=2938%2C2362&amp;ssl=1\" data-orig-size=\"2938,2362\" data-comments-opened=\"1\" data-image-meta=\"{&quot;aperture&quot;:&quot;2.4&quot;,&quot;credit&quot;:&quot;&quot;,&quot;camera&quot;:&quot;iPhone 4S&quot;,&quot;caption&quot;:&quot;&quot;,&quot;created_timestamp&quot;:&quot;1559056910&quot;,&quot;copyright&quot;:&quot;&quot;,&quot;focal_length&quot;:&quot;4.28&quot;,&quot;iso&quot;:&quot;400&quot;,&quot;shutter_speed&quot;:&quot;0.05&quot;,&quot;title&quot;:&quot;&quot;,&quot;orientation&quot;:&quot;1&quot;}\" data-image-title=\"La Chose 3\" data-image-description=\"\" data-image-caption=\"\" data-large-file=\"https:\/\/i0.wp.com\/www.jojoenherbe.com\/wp-content\/uploads\/2019\/05\/La-Chose-3.jpg?fit=676%2C543&amp;ssl=1\" class=\"alignleft size-thumbnail wp-image-6090\" src=\"https:\/\/i0.wp.com\/www.jojoenherbe.com\/wp-content\/uploads\/2019\/05\/La-Chose-3.jpg?resize=150%2C150\" alt=\"\" width=\"150\" height=\"150\" srcset=\"https:\/\/i0.wp.com\/www.jojoenherbe.com\/wp-content\/uploads\/2019\/05\/La-Chose-3.jpg?resize=150%2C150&amp;ssl=1 150w, https:\/\/i0.wp.com\/www.jojoenherbe.com\/wp-content\/uploads\/2019\/05\/La-Chose-3.jpg?zoom=2&amp;resize=150%2C150 300w, https:\/\/i0.wp.com\/www.jojoenherbe.com\/wp-content\/uploads\/2019\/05\/La-Chose-3.jpg?zoom=3&amp;resize=150%2C150 450w\" sizes=\"auto, (max-width: 150px) 100vw, 150px\" \/><\/a>Nous continuons \u00e0 d\u00e9couvrir l&rsquo;univers d&rsquo;Edmond et ses amis. Cette fois-ci, nous lisons <span style=\"text-decoration: underline;\">La Chose<\/span> d&rsquo;Astrid Desbordes et de Marc Boutavant (\u00e9d. Nathan, 2016), un album jeunesse \u00e0 partir de 4 ans et m\u00eame avant. Georges Hibou et Edmond, un \u00e9cureuil toujours aussi peureux, tombent nez \u00e0 nez avec la Chose, une \u00e9trange cr\u00e9ature qui ne ressemble pas du tout aux animaux qu&rsquo;ils peuvent rencontrer dans la for\u00eat. Leur premier r\u00e9flexe est de s&rsquo;enfuir en courant. Mais en apprenant \u00e0 se conna\u00eetre, finiront-ils \u00e0 \u00ab\u00a0scratch poutcher\u00a0\u00bb? Cet album jeunesse aux illustrations toujours aussi chaleureuses et color\u00e9es aborde joliment le th\u00e8me de la diff\u00e9rence, de la peur de l&rsquo;autre et de l&rsquo;amiti\u00e9. Il ne nous reste plus qu&rsquo;\u00e0 faire et d\u00e9guster nos propres biscuits verts! Encore un joli coup de c\u0153ur!<br \/>\n<\/em><\/p>\n<p style=\"text-align: justify;\"><em>D&rsquo;autre part, en se concentrant sur le personnage de Georges Hibou, on peut initier les tout-petits \u00e0 la philosophie et plus pr\u00e9cis\u00e9ment au scepticisme. Comment \u00e7a, vous doutez? Sceptique comme Georges Hibou? Pourtant, \u00ab\u00a0\u00e0 chose effrayante, costume exceptionnel\u00a0\u00bb nous fait penser \u00e0 \u00ab\u00a0\u00e0 affirmation extraordinaire, preuve extraordinaire\u00a0\u00bb &#8211; phrase vulgaris\u00e9e de Marcello Truzzi, sociologue am\u00e9ricain et fondateur d&rsquo;un journal de z\u00e9t\u00e9tique, <span style=\"text-decoration: underline;\">The Zetetic<\/span> en 1976. Cette id\u00e9e peut ainsi se rapprocher des \u00e9crits de Pierre-Simon de Laplace et de David Hume, fondateur de l&#8217;empirisme moderne et auteur du <span style=\"text-decoration: underline;\">Trait\u00e9 de la nature humaine<\/span>.<\/em><\/p>\n<div style=\"width: 153px\" class=\"wp-caption alignleft\"><img data-recalc-dims=\"1\" loading=\"lazy\" decoding=\"async\" class=\"\" src=\"https:\/\/i0.wp.com\/delivrer-des-livres.fr\/wp-content\/uploads\/2019\/05\/logoalbums2019.png?resize=143%2C143\" alt=\"\" width=\"143\" height=\"143\" \/><p class=\"wp-caption-text\">Participation #1 <a href=\"http:\/\/delivrer-des-livres.fr\/challenge-albums-2019\/\">Challenge Je lis aussi des albums<\/a><\/p><\/div>\n<p style=\"text-align: justify;\"><em>Avec cet album jeunesse, je participe, pour la premi\u00e8re fois, au Challenge Je lis aussi des albums 2019 organis\u00e9 par Sophie H\u00e9risson du blog \u00ab\u00a0D\u00e9livrer des livres\u00a0\u00bb qui se d\u00e9roule cette ann\u00e9e de mai 2019 \u00e0 avril 2020. Pour plus d&rsquo;infos, n&rsquo;h\u00e9sitez pas \u00e0 aller sur son blog. Ci-joint le lien vers <a href=\"http:\/\/delivrer-des-livres.fr\/challenge-albums-2019\/\">les r\u00e8gles de ce challenge<\/a>.<\/em><\/p>\n<div style=\"width: 102px\" class=\"wp-caption aligncenter\"><img data-recalc-dims=\"1\" loading=\"lazy\" decoding=\"async\" class=\"wp-caption-dt\" src=\"https:\/\/i0.wp.com\/2.bp.blogspot.com\/-TKBnABVnvwc\/Vx4rlxCGC1I\/AAAAAAAAL0o\/vWHf3kJJ_oQFnl5_LYs-AhwhkwyCAd2cgCPcBGAYYCw\/s200\/chut-les-enfants-lisent-logo-I.jpg?resize=92%2C166&#038;ssl=1\" alt=\"\" width=\"92\" height=\"166\" border=\"0\" data-original-height=\"386\" data-original-width=\"215\" \/><p class=\"wp-caption-text\">Participation #12 <a href=\"http:\/\/www.devinequivientbloguer.fr\/le-plus-beau-bebe-du-monde-chut-les-enfants-lisent\/\">Devine qui vient Bloguer?<\/a><\/p><\/div>\n<div class=\"mceTemp\"><\/div>\n","protected":false},"excerpt":{"rendered":"<p>Nous continuons \u00e0 d\u00e9couvrir l&rsquo;univers d&rsquo;Edmond et ses amis. Cette fois-ci, nous lisons La Chose d&rsquo;Astrid Desbordes et de Marc Boutavant (\u00e9d. Nathan, 2016), un album jeunesse \u00e0 partir de 4 ans et m\u00eame avant. Georges Hibou et Edmond, un \u00e9cureuil toujours aussi peureux, tombent nez \u00e0 nez avec la Chose, une \u00e9trange cr\u00e9ature qui [&hellip;]<\/p>\n","protected":false},"author":1,"featured_media":6091,"comment_status":"open","ping_status":"open","sticky":false,"template":"","format":"standard","meta":{"jetpack_post_was_ever_published":false,"_jetpack_newsletter_access":"","_jetpack_dont_email_post_to_subs":false,"_jetpack_newsletter_tier_id":0,"_jetpack_memberships_contains_paywalled_content":false,"_jetpack_memberships_contains_paid_content":false,"footnotes":""},"categories":[363],"tags":[1031,409,386,1004,321,614,1119,612,391,1906,496,1350,367,1014,1005,555,465],"class_list":["post-6024","post","type-post","status-publish","format-standard","has-post-thumbnail","hentry","category-mini-lecteur","tag-4-7-ans","tag-albums-jeunesse","tag-amitie","tag-astrid-desbordes","tag-automne","tag-biscuits","tag-chut-les-enfants-lisent","tag-difference","tag-ecureuil","tag-edmond-et-ses-amis","tag-hibou","tag-je-lis-aussi-des-albums-2019","tag-lecture-jeunesse","tag-lectures-dautomne","tag-marc-boutavant","tag-peur","tag-tolerance","post-preview"],"jetpack_featured_media_url":"https:\/\/i0.wp.com\/www.jojoenherbe.com\/wp-content\/uploads\/2019\/05\/La-Chose.jpg?fit=2142%2C2435&ssl=1","jetpack_sharing_enabled":true,"jetpack_shortlink":"https:\/\/wp.me\/p9zhGx-1za","jetpack_likes_enabled":true,"jetpack-related-posts":[{"id":4319,"url":"https:\/\/www.jojoenherbe.com\/index.php\/2019\/01\/17\/au-fil-des-pages-de-la-course-de-luge\/","url_meta":{"origin":6024,"position":0},"title":"Au fil des pages avec Edmond et ses amis, La course de luge","author":"Jojo","date":"17 janvier 2019","format":false,"excerpt":"En attendant de se balader et jouer dans la neige cet hiver, nous lisons La course de luge d'Astrid Desbordes et de Marc Boutavant (\u00e9d. Nathan 2017), un album jeunesse \u00e0 partir de 4 ans et m\u00eame avant. Ce livre fait partie de la collection d'Edmond et ses amis. Edmond\u2026","rel":"","context":"Dans &quot;Mini lecteur&quot;","block_context":{"text":"Mini lecteur","link":"https:\/\/www.jojoenherbe.com\/index.php\/category\/mini-lecteur\/"},"img":{"alt_text":"","src":"https:\/\/i0.wp.com\/www.jojoenherbe.com\/wp-content\/uploads\/2019\/01\/la-course-de-luge.jpg?fit=1025%2C1200&ssl=1&resize=350%2C200","width":350,"height":200,"srcset":"https:\/\/i0.wp.com\/www.jojoenherbe.com\/wp-content\/uploads\/2019\/01\/la-course-de-luge.jpg?fit=1025%2C1200&ssl=1&resize=350%2C200 1x, https:\/\/i0.wp.com\/www.jojoenherbe.com\/wp-content\/uploads\/2019\/01\/la-course-de-luge.jpg?fit=1025%2C1200&ssl=1&resize=525%2C300 1.5x, https:\/\/i0.wp.com\/www.jojoenherbe.com\/wp-content\/uploads\/2019\/01\/la-course-de-luge.jpg?fit=1025%2C1200&ssl=1&resize=700%2C400 2x"},"classes":[]},{"id":13983,"url":"https:\/\/www.jojoenherbe.com\/index.php\/2020\/11\/19\/au-fil-des-pages-avec-edmond-et-ses-amis-la-piece-secrete\/","url_meta":{"origin":6024,"position":1},"title":"Au fil des pages avec Edmond et ses amis, La pi\u00e8ce secr\u00e8te","author":"Jojo","date":"19 novembre 2020","format":false,"excerpt":"Nous lisons et relisons en ce moment la derni\u00e8re histoire parue d'Edmond et ses amis, La pi\u00e8ce secr\u00e8te d\u2019Astrid Desbordes et Marc Boutavant (\u00e9d. Nathan, 2020), un album jeunesse \u00e0 partir de 4 ans. En plein pr\u00e9paratif du concert des oiseaux et alors que le vent souffle dehors, Edmond l\u2019\u00e9cureuil\u2026","rel":"","context":"Dans &quot;Mini lecteur&quot;","block_context":{"text":"Mini lecteur","link":"https:\/\/www.jojoenherbe.com\/index.php\/category\/mini-lecteur\/"},"img":{"alt_text":"","src":"https:\/\/i0.wp.com\/www.jojoenherbe.com\/wp-content\/uploads\/2020\/11\/Edmond-et-ses-amis-La-piece-secrete-4-scaled.jpg?fit=1200%2C900&ssl=1&resize=350%2C200","width":350,"height":200,"srcset":"https:\/\/i0.wp.com\/www.jojoenherbe.com\/wp-content\/uploads\/2020\/11\/Edmond-et-ses-amis-La-piece-secrete-4-scaled.jpg?fit=1200%2C900&ssl=1&resize=350%2C200 1x, https:\/\/i0.wp.com\/www.jojoenherbe.com\/wp-content\/uploads\/2020\/11\/Edmond-et-ses-amis-La-piece-secrete-4-scaled.jpg?fit=1200%2C900&ssl=1&resize=525%2C300 1.5x, https:\/\/i0.wp.com\/www.jojoenherbe.com\/wp-content\/uploads\/2020\/11\/Edmond-et-ses-amis-La-piece-secrete-4-scaled.jpg?fit=1200%2C900&ssl=1&resize=700%2C400 2x, https:\/\/i0.wp.com\/www.jojoenherbe.com\/wp-content\/uploads\/2020\/11\/Edmond-et-ses-amis-La-piece-secrete-4-scaled.jpg?fit=1200%2C900&ssl=1&resize=1050%2C600 3x"},"classes":[]},{"id":11465,"url":"https:\/\/www.jojoenherbe.com\/index.php\/2020\/07\/06\/au-fil-des-pages-avec-la-belle-journee\/","url_meta":{"origin":6024,"position":2},"title":"Au fil des pages avec Edmond et ses amis, La belle journ\u00e9e","author":"Jojo","date":"6 juillet 2020","format":false,"excerpt":"Nous lisons La belle journ\u00e9e d'Astrid Desbordes et Marc Boutavant (\u00e9d. Nathan, 2015, r\u00e9\u00e9d. 2019), un album jeunesse dans la s\u00e9rie Edmond et ses amis et \u00e0 partir de 4 ans. \u00c0 peine les yeux ouverts, l'ours \u00c9douard se d\u00e9p\u00eache de r\u00e9veiller son ami Edmond l'\u00e9cureuil pour une journ\u00e9e \u00e0\u2026","rel":"","context":"Dans &quot;Mini lecteur&quot;","block_context":{"text":"Mini lecteur","link":"https:\/\/www.jojoenherbe.com\/index.php\/category\/mini-lecteur\/"},"img":{"alt_text":"","src":"https:\/\/i0.wp.com\/www.jojoenherbe.com\/wp-content\/uploads\/2020\/07\/La-belle-journ%C3%A9e-scaled.jpg?fit=1200%2C1181&ssl=1&resize=350%2C200","width":350,"height":200,"srcset":"https:\/\/i0.wp.com\/www.jojoenherbe.com\/wp-content\/uploads\/2020\/07\/La-belle-journ%C3%A9e-scaled.jpg?fit=1200%2C1181&ssl=1&resize=350%2C200 1x, https:\/\/i0.wp.com\/www.jojoenherbe.com\/wp-content\/uploads\/2020\/07\/La-belle-journ%C3%A9e-scaled.jpg?fit=1200%2C1181&ssl=1&resize=525%2C300 1.5x, https:\/\/i0.wp.com\/www.jojoenherbe.com\/wp-content\/uploads\/2020\/07\/La-belle-journ%C3%A9e-scaled.jpg?fit=1200%2C1181&ssl=1&resize=700%2C400 2x, https:\/\/i0.wp.com\/www.jojoenherbe.com\/wp-content\/uploads\/2020\/07\/La-belle-journ%C3%A9e-scaled.jpg?fit=1200%2C1181&ssl=1&resize=1050%2C600 3x"},"classes":[]},{"id":5239,"url":"https:\/\/www.jojoenherbe.com\/index.php\/2019\/03\/25\/au-fil-des-pages-avec-la-lune\/","url_meta":{"origin":6024,"position":3},"title":"Au fil des pages avec la lune","author":"Jojo","date":"25 mars 2019","format":false,"excerpt":"Dans la nuit du 20 au 21 mars 2019, a eu lieu une nouvelle pleine lune. Quel \u00e9merveillement de pouvoir l'observer! Nous appr\u00e9cions \u00e9galement de lire des histoires avec pour toile de fond la lune et plus largement la nuit, comme par exemple Loup Gouloup et la lune ou La\u2026","rel":"","context":"Dans &quot;Mini lecteur&quot;","block_context":{"text":"Mini lecteur","link":"https:\/\/www.jojoenherbe.com\/index.php\/category\/mini-lecteur\/"},"img":{"alt_text":"","src":"https:\/\/i0.wp.com\/www.jojoenherbe.com\/wp-content\/uploads\/2019\/03\/Albums-jeunesse-lune.jpg?fit=1200%2C823&ssl=1&resize=350%2C200","width":350,"height":200,"srcset":"https:\/\/i0.wp.com\/www.jojoenherbe.com\/wp-content\/uploads\/2019\/03\/Albums-jeunesse-lune.jpg?fit=1200%2C823&ssl=1&resize=350%2C200 1x, https:\/\/i0.wp.com\/www.jojoenherbe.com\/wp-content\/uploads\/2019\/03\/Albums-jeunesse-lune.jpg?fit=1200%2C823&ssl=1&resize=525%2C300 1.5x, https:\/\/i0.wp.com\/www.jojoenherbe.com\/wp-content\/uploads\/2019\/03\/Albums-jeunesse-lune.jpg?fit=1200%2C823&ssl=1&resize=700%2C400 2x, https:\/\/i0.wp.com\/www.jojoenherbe.com\/wp-content\/uploads\/2019\/03\/Albums-jeunesse-lune.jpg?fit=1200%2C823&ssl=1&resize=1050%2C600 3x"},"classes":[]},{"id":9578,"url":"https:\/\/www.jojoenherbe.com\/index.php\/2020\/01\/13\/au-fil-des-pages-avec-polka-et-hortense-la-grande-aventure\/","url_meta":{"origin":6024,"position":4},"title":"Au fil des pages avec Polka et Hortense, La grande aventure","author":"Jojo","date":"13 janvier 2020","format":false,"excerpt":"Nous empruntons \u00e0 la biblioth\u00e8que Polka et Hortense, La grande aventure d'Astrid Desbordes et de Marc Boutavant (\u00e9d. Nathan, 2014), un album jeunesse \u00e0 partir de 3 ans. Munies de leur carte de la Clairi\u00e8re, deux petites souris, Polka et Hortense partent pour la Grande Montagne, l'objectif \u00e9tant de d\u00e9couvrir\u2026","rel":"","context":"Dans &quot;Mini lecteur&quot;","block_context":{"text":"Mini lecteur","link":"https:\/\/www.jojoenherbe.com\/index.php\/category\/mini-lecteur\/"},"img":{"alt_text":"","src":"https:\/\/i0.wp.com\/www.jojoenherbe.com\/wp-content\/uploads\/2020\/01\/Polka-et-Hortense-la-grande-aventure-1-scaled.jpg?fit=1200%2C900&ssl=1&resize=350%2C200","width":350,"height":200,"srcset":"https:\/\/i0.wp.com\/www.jojoenherbe.com\/wp-content\/uploads\/2020\/01\/Polka-et-Hortense-la-grande-aventure-1-scaled.jpg?fit=1200%2C900&ssl=1&resize=350%2C200 1x, https:\/\/i0.wp.com\/www.jojoenherbe.com\/wp-content\/uploads\/2020\/01\/Polka-et-Hortense-la-grande-aventure-1-scaled.jpg?fit=1200%2C900&ssl=1&resize=525%2C300 1.5x, https:\/\/i0.wp.com\/www.jojoenherbe.com\/wp-content\/uploads\/2020\/01\/Polka-et-Hortense-la-grande-aventure-1-scaled.jpg?fit=1200%2C900&ssl=1&resize=700%2C400 2x, https:\/\/i0.wp.com\/www.jojoenherbe.com\/wp-content\/uploads\/2020\/01\/Polka-et-Hortense-la-grande-aventure-1-scaled.jpg?fit=1200%2C900&ssl=1&resize=1050%2C600 3x"},"classes":[]},{"id":13363,"url":"https:\/\/www.jojoenherbe.com\/index.php\/2020\/10\/27\/une-peluche-hibou-en-feutrine\/","url_meta":{"origin":6024,"position":5},"title":"Une peluche Hibou en feutrine","author":"Jojo","date":"27 octobre 2020","format":false,"excerpt":"Apr\u00e8s Isabelle et Syl, me voici \u00e0 faire aussi une chouette en feutrine d'apr\u00e8s un tuto partag\u00e9 par Mes Madeleines sur le groupe FB du Challenge Halloween et venant du blog d'Erica Catarina. A regarder d'un peu plus pr\u00e8s le patron, il y a des aigrettes sur la t\u00eate. Alors\u2026","rel":"","context":"Dans &quot;Mini couturier&quot;","block_context":{"text":"Mini couturier","link":"https:\/\/www.jojoenherbe.com\/index.php\/category\/mini-decouvreur\/mini-couturier\/"},"img":{"alt_text":"","src":"https:\/\/i0.wp.com\/www.jojoenherbe.com\/wp-content\/uploads\/2020\/10\/Hibou-en-feutrine-scaled.jpg?fit=1200%2C900&ssl=1&resize=350%2C200","width":350,"height":200,"srcset":"https:\/\/i0.wp.com\/www.jojoenherbe.com\/wp-content\/uploads\/2020\/10\/Hibou-en-feutrine-scaled.jpg?fit=1200%2C900&ssl=1&resize=350%2C200 1x, https:\/\/i0.wp.com\/www.jojoenherbe.com\/wp-content\/uploads\/2020\/10\/Hibou-en-feutrine-scaled.jpg?fit=1200%2C900&ssl=1&resize=525%2C300 1.5x, https:\/\/i0.wp.com\/www.jojoenherbe.com\/wp-content\/uploads\/2020\/10\/Hibou-en-feutrine-scaled.jpg?fit=1200%2C900&ssl=1&resize=700%2C400 2x, https:\/\/i0.wp.com\/www.jojoenherbe.com\/wp-content\/uploads\/2020\/10\/Hibou-en-feutrine-scaled.jpg?fit=1200%2C900&ssl=1&resize=1050%2C600 3x"},"classes":[]}],"_links":{"self":[{"href":"https:\/\/www.jojoenherbe.com\/index.php\/wp-json\/wp\/v2\/posts\/6024","targetHints":{"allow":["GET"]}}],"collection":[{"href":"https:\/\/www.jojoenherbe.com\/index.php\/wp-json\/wp\/v2\/posts"}],"about":[{"href":"https:\/\/www.jojoenherbe.com\/index.php\/wp-json\/wp\/v2\/types\/post"}],"author":[{"embeddable":true,"href":"https:\/\/www.jojoenherbe.com\/index.php\/wp-json\/wp\/v2\/users\/1"}],"replies":[{"embeddable":true,"href":"https:\/\/www.jojoenherbe.com\/index.php\/wp-json\/wp\/v2\/comments?post=6024"}],"version-history":[{"count":0,"href":"https:\/\/www.jojoenherbe.com\/index.php\/wp-json\/wp\/v2\/posts\/6024\/revisions"}],"wp:featuredmedia":[{"embeddable":true,"href":"https:\/\/www.jojoenherbe.com\/index.php\/wp-json\/wp\/v2\/media\/6091"}],"wp:attachment":[{"href":"https:\/\/www.jojoenherbe.com\/index.php\/wp-json\/wp\/v2\/media?parent=6024"}],"wp:term":[{"taxonomy":"category","embeddable":true,"href":"https:\/\/www.jojoenherbe.com\/index.php\/wp-json\/wp\/v2\/categories?post=6024"},{"taxonomy":"post_tag","embeddable":true,"href":"https:\/\/www.jojoenherbe.com\/index.php\/wp-json\/wp\/v2\/tags?post=6024"}],"curies":[{"name":"wp","href":"https:\/\/api.w.org\/{rel}","templated":true}]}}