{"id":5824,"date":"2019-07-02T13:50:15","date_gmt":"2019-07-02T11:50:15","guid":{"rendered":"http:\/\/www.jojoenherbe.com\/?p=5824"},"modified":"2024-02-13T08:44:15","modified_gmt":"2024-02-13T07:44:15","slug":"au-fil-des-pages-avec-oh-non-george","status":"publish","type":"post","link":"https:\/\/www.jojoenherbe.com\/index.php\/2019\/07\/02\/au-fil-des-pages-avec-oh-non-george\/","title":{"rendered":"Au fil des pages avec Oh non, George"},"content":{"rendered":"<p style=\"text-align: justify;\"><em><a href=\"https:\/\/i0.wp.com\/www.jojoenherbe.com\/wp-content\/uploads\/2019\/05\/Oh-non-George-2.jpg\"><img data-recalc-dims=\"1\" loading=\"lazy\" decoding=\"async\" data-attachment-id=\"5820\" data-permalink=\"https:\/\/www.jojoenherbe.com\/index.php\/2019\/05\/03\/au-fil-des-pages-avec-un-peu-perdu\/oh-non-george-2\/\" data-orig-file=\"https:\/\/i0.wp.com\/www.jojoenherbe.com\/wp-content\/uploads\/2019\/05\/Oh-non-George-2.jpg?fit=3264%2C2448&amp;ssl=1\" data-orig-size=\"3264,2448\" data-comments-opened=\"1\" data-image-meta=\"{&quot;aperture&quot;:&quot;2.4&quot;,&quot;credit&quot;:&quot;&quot;,&quot;camera&quot;:&quot;iPhone 4S&quot;,&quot;caption&quot;:&quot;&quot;,&quot;created_timestamp&quot;:&quot;1556878540&quot;,&quot;copyright&quot;:&quot;&quot;,&quot;focal_length&quot;:&quot;4.28&quot;,&quot;iso&quot;:&quot;320&quot;,&quot;shutter_speed&quot;:&quot;0.05&quot;,&quot;title&quot;:&quot;&quot;,&quot;orientation&quot;:&quot;1&quot;}\" data-image-title=\"Oh non George 2\" data-image-description=\"\" data-image-caption=\"\" data-large-file=\"https:\/\/i0.wp.com\/www.jojoenherbe.com\/wp-content\/uploads\/2019\/05\/Oh-non-George-2.jpg?fit=676%2C507&amp;ssl=1\" class=\"alignleft size-thumbnail wp-image-5820\" src=\"https:\/\/i0.wp.com\/www.jojoenherbe.com\/wp-content\/uploads\/2019\/05\/Oh-non-George-2.jpg?resize=150%2C150\" alt=\"\" width=\"150\" height=\"150\" srcset=\"https:\/\/i0.wp.com\/www.jojoenherbe.com\/wp-content\/uploads\/2019\/05\/Oh-non-George-2.jpg?resize=150%2C150&amp;ssl=1 150w, https:\/\/i0.wp.com\/www.jojoenherbe.com\/wp-content\/uploads\/2019\/05\/Oh-non-George-2.jpg?zoom=2&amp;resize=150%2C150 300w, https:\/\/i0.wp.com\/www.jojoenherbe.com\/wp-content\/uploads\/2019\/05\/Oh-non-George-2.jpg?zoom=3&amp;resize=150%2C150 450w\" sizes=\"auto, (max-width: 150px) 100vw, 150px\" \/><\/a><a href=\"https:\/\/i0.wp.com\/www.jojoenherbe.com\/wp-content\/uploads\/2019\/07\/Oh-non-George-3.jpg\"><img data-recalc-dims=\"1\" loading=\"lazy\" decoding=\"async\" data-attachment-id=\"6620\" data-permalink=\"https:\/\/www.jojoenherbe.com\/index.php\/2019\/07\/02\/au-fil-des-pages-avec-oh-non-george\/oh-non-george-3\/\" data-orig-file=\"https:\/\/i0.wp.com\/www.jojoenherbe.com\/wp-content\/uploads\/2019\/07\/Oh-non-George-3.jpg?fit=3018%2C2332&amp;ssl=1\" data-orig-size=\"3018,2332\" data-comments-opened=\"1\" data-image-meta=\"{&quot;aperture&quot;:&quot;2.4&quot;,&quot;credit&quot;:&quot;&quot;,&quot;camera&quot;:&quot;iPhone 4S&quot;,&quot;caption&quot;:&quot;&quot;,&quot;created_timestamp&quot;:&quot;1562074861&quot;,&quot;copyright&quot;:&quot;&quot;,&quot;focal_length&quot;:&quot;4.28&quot;,&quot;iso&quot;:&quot;400&quot;,&quot;shutter_speed&quot;:&quot;0.058823529411765&quot;,&quot;title&quot;:&quot;&quot;,&quot;orientation&quot;:&quot;1&quot;}\" data-image-title=\"Oh non, George 3\" data-image-description=\"\" data-image-caption=\"\" data-large-file=\"https:\/\/i0.wp.com\/www.jojoenherbe.com\/wp-content\/uploads\/2019\/07\/Oh-non-George-3.jpg?fit=676%2C522&amp;ssl=1\" class=\"alignleft size-thumbnail wp-image-6620\" src=\"https:\/\/i0.wp.com\/www.jojoenherbe.com\/wp-content\/uploads\/2019\/07\/Oh-non-George-3.jpg?resize=150%2C150\" alt=\"\" width=\"150\" height=\"150\" srcset=\"https:\/\/i0.wp.com\/www.jojoenherbe.com\/wp-content\/uploads\/2019\/07\/Oh-non-George-3.jpg?resize=150%2C150&amp;ssl=1 150w, https:\/\/i0.wp.com\/www.jojoenherbe.com\/wp-content\/uploads\/2019\/07\/Oh-non-George-3.jpg?zoom=2&amp;resize=150%2C150 300w, https:\/\/i0.wp.com\/www.jojoenherbe.com\/wp-content\/uploads\/2019\/07\/Oh-non-George-3.jpg?zoom=3&amp;resize=150%2C150 450w\" sizes=\"auto, (max-width: 150px) 100vw, 150px\" \/><\/a>Nous lisons et relisons <span style=\"text-decoration: underline;\">Oh non, George!<\/span> de Chris Haughton (\u00e9d. Magnard, coll. Que d&rsquo;histoires!, 2016), un album jeunesse \u00e0 partir de 2 ans. Apr\u00e8s le d\u00e9part d&rsquo;Harry de la maison, le chien George ne peut r\u00e9sister \u00e0 commettre des b\u00eatises alors qu&rsquo;il avait promis d&rsquo;\u00eatre sage. Entre la g\u00e2teau, Chat et le parterre de fleurs, George a bien d\u00fb mal \u00e0 se ma\u00eetriser. Y parviendra-t-il?<br \/>\n<\/em><\/p>\n<p style=\"text-align: justify;\"><em>La r\u00e9p\u00e9tition du texte sous forme de conte-randonn\u00e9e renforce le c\u00f4t\u00e9 comique des illustrations \u00e9pur\u00e9es et tr\u00e8s color\u00e9es. <\/em><em>Nous adorons cette histoire de ce chien apprenant ou pas la sagesse, nous arrivant fr\u00e9quemment de dire devant une petite b\u00eatise faite ou une maladresse, \u00ab\u00a0oh non!\u00a0\u00bb. Avec beaucoup d&rsquo;humour, il y est ainsi question du fait de grandir, de petite enfance, d&rsquo;autonomie et de ma\u00eetrise de soi&#8230; Le jeune lecteur peut facilement identifier \u00e0 George qui personnifie \u00e0 merveille le jeune enfant. Coup de c\u0153ur pour cet album jeunesse tr\u00e8s rigolo qui nous a permis de d\u00e9couvrir cet auteur-illustrateur dont nous avons lu depuis ses autres livres comme par exemple <a href=\"https:\/\/www.jojoenherbe.com\/index.php\/2019\/05\/03\/au-fil-des-pages-avec-un-peu-perdu\/\"><span style=\"text-decoration: underline;\">Un peu perdu<\/span><\/a> de Chris Haughton (\u00e9d. Thierry Magnier, 2013) ou <a href=\"https:\/\/www.jojoenherbe.com\/index.php\/2019\/07\/10\/au-fil-des-pages-avec-chut-on-a-un-plan\/\"><span style=\"text-decoration: underline;\">Chut! On a un plan<\/span><\/a> de Chris Haughton (\u00e9d. Thierry Magnier, 2014)!<br \/>\n<\/em><\/p>\n<div style=\"width: 123px\" class=\"wp-caption alignleft\"><img data-recalc-dims=\"1\" loading=\"lazy\" decoding=\"async\" class=\"\" src=\"https:\/\/i0.wp.com\/delivrer-des-livres.fr\/wp-content\/uploads\/2019\/05\/logoalbums2019.png?resize=113%2C113\" alt=\"\" width=\"113\" height=\"113\" \/><p class=\"wp-caption-text\">Participation #17 <a href=\"http:\/\/delivrer-des-livres.fr\/challenge-albums-2019\/\">Je lis aussi des albums<\/a><\/p><\/div>\n<div id=\"attachment_33643\" style=\"width: 137px\" class=\"wp-caption alignleft\"><img data-recalc-dims=\"1\" loading=\"lazy\" decoding=\"async\" aria-describedby=\"caption-attachment-33643\" class=\"wp-image-33643\" src=\"https:\/\/i0.wp.com\/delivrer-des-livres.fr\/wp-content\/uploads\/2019\/01\/petit-bac-2019.jpg?resize=127%2C97\" sizes=\"auto, (max-width: 200px) 100vw, 200px\" srcset=\"http:\/\/delivrer-des-livres.fr\/wp-content\/uploads\/2019\/01\/petit-bac-2019.jpg 285w, http:\/\/delivrer-des-livres.fr\/wp-content\/uploads\/2019\/01\/petit-bac-2019-150x114.jpg 150w\" alt=\"\" width=\"127\" height=\"97\" \/><p id=\"caption-attachment-33643\" class=\"wp-caption-text\"><a href=\"https:\/\/ennalit.wordpress.com\/2018\/12\/01\/challenge-petit-bac-2019-qui-veut-jouer\/\">Challenge Petit Bac d&rsquo;Enna<\/a> &#8211; #6 cat\u00e9gorie Pr\u00e9nom: \u00ab\u00a0George\u00a0\u00bb<\/p><\/div>\n","protected":false},"excerpt":{"rendered":"<p>Nous lisons et relisons Oh non, George! de Chris Haughton (\u00e9d. Magnard, coll. Que d&rsquo;histoires!, 2016), un album jeunesse \u00e0 partir de 2 ans. Apr\u00e8s le d\u00e9part d&rsquo;Harry de la maison, le chien George ne peut r\u00e9sister \u00e0 commettre des b\u00eatises alors qu&rsquo;il avait promis d&rsquo;\u00eatre sage. Entre la g\u00e2teau, Chat et le parterre de [&hellip;]<\/p>\n","protected":false},"author":1,"featured_media":5813,"comment_status":"open","ping_status":"open","sticky":false,"template":"","format":"standard","meta":{"jetpack_post_was_ever_published":false,"_jetpack_newsletter_access":"","_jetpack_dont_email_post_to_subs":false,"_jetpack_newsletter_tier_id":0,"_jetpack_memberships_contains_paywalled_content":false,"_jetpack_memberships_contains_paid_content":false,"footnotes":""},"categories":[363],"tags":[787,409,456,1349,563,1003,446,538,1350,367,577,1258],"class_list":["post-5824","post","type-post","status-publish","format-standard","has-post-thumbnail","hentry","category-mini-lecteur","tag-2-5-ans","tag-albums-jeunesse","tag-betises","tag-challenge-petit-bac-2019","tag-chien","tag-chris-haughton","tag-conte-randonnee","tag-humour","tag-je-lis-aussi-des-albums-2019","tag-lecture-jeunesse","tag-maitrise-de-soi","tag-petite-enfance","post-preview"],"jetpack_featured_media_url":"https:\/\/i0.wp.com\/www.jojoenherbe.com\/wp-content\/uploads\/2019\/05\/Oh-non-George.jpg?fit=2448%2C2387&ssl=1","jetpack_sharing_enabled":true,"jetpack_shortlink":"https:\/\/wp.me\/p9zhGx-1vW","jetpack_likes_enabled":true,"jetpack-related-posts":[{"id":6600,"url":"https:\/\/www.jojoenherbe.com\/index.php\/2019\/07\/10\/au-fil-des-pages-avec-chut-on-a-un-plan\/","url_meta":{"origin":5824,"position":0},"title":"Au fil des pages avec Chut! On a un plan","author":"Jojo","date":"10 juillet 2019","format":false,"excerpt":"Apr\u00e8s Oh non, George! et Un peu perdu, nous lisons Chut! On a un plan de Chris Haughton (\u00e9d. Thierry Magnier, 2014), un album jeunesse dans sa forme grand format pouvant \u00eatre lu d\u00e8s 2 ou 3 ans. Nous suivons les p\u00e9rip\u00e9ties un brin gaffeuses de trois bonhommes qui tentent\u2026","rel":"","context":"Dans &quot;Mini lecteur&quot;","block_context":{"text":"Mini lecteur","link":"https:\/\/www.jojoenherbe.com\/index.php\/category\/mini-lecteur\/"},"img":{"alt_text":"","src":"https:\/\/i0.wp.com\/www.jojoenherbe.com\/wp-content\/uploads\/2019\/07\/Chut-on-a-un-plan.jpg?fit=1200%2C1069&ssl=1&resize=350%2C200","width":350,"height":200,"srcset":"https:\/\/i0.wp.com\/www.jojoenherbe.com\/wp-content\/uploads\/2019\/07\/Chut-on-a-un-plan.jpg?fit=1200%2C1069&ssl=1&resize=350%2C200 1x, https:\/\/i0.wp.com\/www.jojoenherbe.com\/wp-content\/uploads\/2019\/07\/Chut-on-a-un-plan.jpg?fit=1200%2C1069&ssl=1&resize=525%2C300 1.5x, https:\/\/i0.wp.com\/www.jojoenherbe.com\/wp-content\/uploads\/2019\/07\/Chut-on-a-un-plan.jpg?fit=1200%2C1069&ssl=1&resize=700%2C400 2x, https:\/\/i0.wp.com\/www.jojoenherbe.com\/wp-content\/uploads\/2019\/07\/Chut-on-a-un-plan.jpg?fit=1200%2C1069&ssl=1&resize=1050%2C600 3x"},"classes":[]},{"id":5807,"url":"https:\/\/www.jojoenherbe.com\/index.php\/2019\/05\/03\/au-fil-des-pages-avec-un-peu-perdu\/","url_meta":{"origin":5824,"position":1},"title":"Au fil des pages avec Un peu perdu","author":"Jojo","date":"3 mai 2019","format":false,"excerpt":"De Chris Haughton, nous avions lu, un nombre incalculable de fois, Oh non George!. J'avais rep\u00e9r\u00e9 que dans notre m\u00e9diath\u00e8que, nous pouvions emprunter Un peu perdu et Chut! On a un plan. Direction la m\u00e9diath\u00e8que et \u00e0 force de rechercher ces deux albums, je ne fais pas attention que j'emprunte\u2026","rel":"","context":"Dans &quot;Mini lecteur&quot;","block_context":{"text":"Mini lecteur","link":"https:\/\/www.jojoenherbe.com\/index.php\/category\/mini-lecteur\/"},"img":{"alt_text":"","src":"https:\/\/i0.wp.com\/www.jojoenherbe.com\/wp-content\/uploads\/2019\/05\/Un-peu-perdu.jpg?fit=1200%2C807&ssl=1&resize=350%2C200","width":350,"height":200,"srcset":"https:\/\/i0.wp.com\/www.jojoenherbe.com\/wp-content\/uploads\/2019\/05\/Un-peu-perdu.jpg?fit=1200%2C807&ssl=1&resize=350%2C200 1x, https:\/\/i0.wp.com\/www.jojoenherbe.com\/wp-content\/uploads\/2019\/05\/Un-peu-perdu.jpg?fit=1200%2C807&ssl=1&resize=525%2C300 1.5x, https:\/\/i0.wp.com\/www.jojoenherbe.com\/wp-content\/uploads\/2019\/05\/Un-peu-perdu.jpg?fit=1200%2C807&ssl=1&resize=700%2C400 2x, https:\/\/i0.wp.com\/www.jojoenherbe.com\/wp-content\/uploads\/2019\/05\/Un-peu-perdu.jpg?fit=1200%2C807&ssl=1&resize=1050%2C600 3x"},"classes":[]},{"id":11638,"url":"https:\/\/www.jojoenherbe.com\/index.php\/2020\/07\/26\/au-fil-des-pages-avec-pas-de-panique-petit-crabe\/","url_meta":{"origin":5824,"position":2},"title":"Au fil des pages avec Pas de panique, petit crabe","author":"Jojo","date":"26 juillet 2020","format":false,"excerpt":"Nous empruntons \u00e0 la m\u00e9diath\u00e8que Pas de panique, petit crabe de Chris Haughton (\u00e9d. Thierry Magnier, 2019), un album jeunesse \u00e0 partir de 3 ans et qui fera partie de la s\u00e9lection Maternelle du 33e Prix des Incos en 2022. Il s'agit du dernier album publi\u00e9 \u00e0 ce jour par\u2026","rel":"","context":"Dans &quot;Mini lecteur&quot;","block_context":{"text":"Mini lecteur","link":"https:\/\/www.jojoenherbe.com\/index.php\/category\/mini-lecteur\/"},"img":{"alt_text":"","src":"https:\/\/i0.wp.com\/www.jojoenherbe.com\/wp-content\/uploads\/2020\/07\/Pas-de-panique-petit-crabe-scaled.jpg?fit=1200%2C851&ssl=1&resize=350%2C200","width":350,"height":200,"srcset":"https:\/\/i0.wp.com\/www.jojoenherbe.com\/wp-content\/uploads\/2020\/07\/Pas-de-panique-petit-crabe-scaled.jpg?fit=1200%2C851&ssl=1&resize=350%2C200 1x, https:\/\/i0.wp.com\/www.jojoenherbe.com\/wp-content\/uploads\/2020\/07\/Pas-de-panique-petit-crabe-scaled.jpg?fit=1200%2C851&ssl=1&resize=525%2C300 1.5x, https:\/\/i0.wp.com\/www.jojoenherbe.com\/wp-content\/uploads\/2020\/07\/Pas-de-panique-petit-crabe-scaled.jpg?fit=1200%2C851&ssl=1&resize=700%2C400 2x, https:\/\/i0.wp.com\/www.jojoenherbe.com\/wp-content\/uploads\/2020\/07\/Pas-de-panique-petit-crabe-scaled.jpg?fit=1200%2C851&ssl=1&resize=1050%2C600 3x"},"classes":[]},{"id":25607,"url":"https:\/\/www.jojoenherbe.com\/index.php\/2022\/05\/25\/nos-lectures-de-la-selection-maternelle-du-prix-des-incos-2022\/","url_meta":{"origin":5824,"position":3},"title":"Nos lectures de la s\u00e9lection Maternelle du Prix des Incos 2022","author":"Jojo","date":"25 mai 2022","format":false,"excerpt":"Lorsque la s\u00e9lection Maternelle du 33\u00e8me Prix des Incos 2021\/2022 est parue, nous avons d\u00e9couvert avec plaisir que nous connaissions d\u00e9j\u00e0 4 albums jeunesse sur les 6 s\u00e9lectionn\u00e9s. La grande glissade de l\u2019ours de Richard T. Morris et LeUyen Pham (\u00e9d. Albin Michel Jeunesse, 2020), un album jeunesse \u00e0 partir\u2026","rel":"","context":"Dans &quot;Mini lecteur&quot;","block_context":{"text":"Mini lecteur","link":"https:\/\/www.jojoenherbe.com\/index.php\/category\/mini-lecteur\/"},"img":{"alt_text":"","src":"https:\/\/i0.wp.com\/www.jojoenherbe.com\/wp-content\/uploads\/2022\/05\/Selection-Maternelle-Prix-des-Incos-2022-scaled.jpg?fit=1200%2C951&ssl=1&resize=350%2C200","width":350,"height":200,"srcset":"https:\/\/i0.wp.com\/www.jojoenherbe.com\/wp-content\/uploads\/2022\/05\/Selection-Maternelle-Prix-des-Incos-2022-scaled.jpg?fit=1200%2C951&ssl=1&resize=350%2C200 1x, https:\/\/i0.wp.com\/www.jojoenherbe.com\/wp-content\/uploads\/2022\/05\/Selection-Maternelle-Prix-des-Incos-2022-scaled.jpg?fit=1200%2C951&ssl=1&resize=525%2C300 1.5x, https:\/\/i0.wp.com\/www.jojoenherbe.com\/wp-content\/uploads\/2022\/05\/Selection-Maternelle-Prix-des-Incos-2022-scaled.jpg?fit=1200%2C951&ssl=1&resize=700%2C400 2x, https:\/\/i0.wp.com\/www.jojoenherbe.com\/wp-content\/uploads\/2022\/05\/Selection-Maternelle-Prix-des-Incos-2022-scaled.jpg?fit=1200%2C951&ssl=1&resize=1050%2C600 3x"},"classes":[]},{"id":8042,"url":"https:\/\/www.jojoenherbe.com\/index.php\/2019\/10\/14\/au-fil-des-pages-avec-le-monstre-du-placard\/","url_meta":{"origin":5824,"position":4},"title":"Au fil des pages avec Le monstre du placard","author":"Jojo","date":"14 octobre 2019","format":false,"excerpt":"Nous empruntons \u00e0 la m\u00e9diath\u00e8que Le monstre du placard existe et je vais vous le prouver... d'Antoine Dole et Bruno Salamone (\u00e9d. Actes Sud Junior, 2016), un album jeunesse \u00e0 partir de 3 ans. Que d'imagination chez ce petit gar\u00e7on qui cohabiterait avec un monstre du placard! L'histoire qui se\u2026","rel":"","context":"Dans &quot;Mini lecteur&quot;","block_context":{"text":"Mini lecteur","link":"https:\/\/www.jojoenherbe.com\/index.php\/category\/mini-lecteur\/"},"img":{"alt_text":"","src":"https:\/\/i0.wp.com\/www.jojoenherbe.com\/wp-content\/uploads\/2019\/10\/Le-monstre-du-placard.jpg?fit=1200%2C1025&ssl=1&resize=350%2C200","width":350,"height":200,"srcset":"https:\/\/i0.wp.com\/www.jojoenherbe.com\/wp-content\/uploads\/2019\/10\/Le-monstre-du-placard.jpg?fit=1200%2C1025&ssl=1&resize=350%2C200 1x, https:\/\/i0.wp.com\/www.jojoenherbe.com\/wp-content\/uploads\/2019\/10\/Le-monstre-du-placard.jpg?fit=1200%2C1025&ssl=1&resize=525%2C300 1.5x, https:\/\/i0.wp.com\/www.jojoenherbe.com\/wp-content\/uploads\/2019\/10\/Le-monstre-du-placard.jpg?fit=1200%2C1025&ssl=1&resize=700%2C400 2x, https:\/\/i0.wp.com\/www.jojoenherbe.com\/wp-content\/uploads\/2019\/10\/Le-monstre-du-placard.jpg?fit=1200%2C1025&ssl=1&resize=1050%2C600 3x"},"classes":[]},{"id":7811,"url":"https:\/\/www.jojoenherbe.com\/index.php\/2019\/10\/04\/au-fil-des-pages-avec-boucle-dor-et-les-trois-ours\/","url_meta":{"origin":5824,"position":5},"title":"Au fil des pages avec Boucle d&rsquo;Or et les trois ours","author":"Jojo","date":"4 octobre 2019","format":false,"excerpt":"Nous empruntons \u00e0 la biblioth\u00e8que deux nouvelles versions de Boucle d'Or. Nous commen\u00e7ons par Les trois ours de Byron Barton (\u00e9d. L'\u00e9cole des loisirs, 2014), un album cartonn\u00e9 pour les tout-petits, \u00e0 partir de 2 ans qui pr\u00e9sente une version tr\u00e8s classique et color\u00e9e du conte. Mais pas de soupe\u2026","rel":"","context":"Dans &quot;Mini lecteur&quot;","block_context":{"text":"Mini lecteur","link":"https:\/\/www.jojoenherbe.com\/index.php\/category\/mini-lecteur\/"},"img":{"alt_text":"","src":"https:\/\/i0.wp.com\/www.jojoenherbe.com\/wp-content\/uploads\/2019\/10\/Boucle-dOr-et-les-trois-ours.jpg?fit=1200%2C900&ssl=1&resize=350%2C200","width":350,"height":200,"srcset":"https:\/\/i0.wp.com\/www.jojoenherbe.com\/wp-content\/uploads\/2019\/10\/Boucle-dOr-et-les-trois-ours.jpg?fit=1200%2C900&ssl=1&resize=350%2C200 1x, https:\/\/i0.wp.com\/www.jojoenherbe.com\/wp-content\/uploads\/2019\/10\/Boucle-dOr-et-les-trois-ours.jpg?fit=1200%2C900&ssl=1&resize=525%2C300 1.5x, https:\/\/i0.wp.com\/www.jojoenherbe.com\/wp-content\/uploads\/2019\/10\/Boucle-dOr-et-les-trois-ours.jpg?fit=1200%2C900&ssl=1&resize=700%2C400 2x, https:\/\/i0.wp.com\/www.jojoenherbe.com\/wp-content\/uploads\/2019\/10\/Boucle-dOr-et-les-trois-ours.jpg?fit=1200%2C900&ssl=1&resize=1050%2C600 3x"},"classes":[]}],"_links":{"self":[{"href":"https:\/\/www.jojoenherbe.com\/index.php\/wp-json\/wp\/v2\/posts\/5824","targetHints":{"allow":["GET"]}}],"collection":[{"href":"https:\/\/www.jojoenherbe.com\/index.php\/wp-json\/wp\/v2\/posts"}],"about":[{"href":"https:\/\/www.jojoenherbe.com\/index.php\/wp-json\/wp\/v2\/types\/post"}],"author":[{"embeddable":true,"href":"https:\/\/www.jojoenherbe.com\/index.php\/wp-json\/wp\/v2\/users\/1"}],"replies":[{"embeddable":true,"href":"https:\/\/www.jojoenherbe.com\/index.php\/wp-json\/wp\/v2\/comments?post=5824"}],"version-history":[{"count":2,"href":"https:\/\/www.jojoenherbe.com\/index.php\/wp-json\/wp\/v2\/posts\/5824\/revisions"}],"predecessor-version":[{"id":34773,"href":"https:\/\/www.jojoenherbe.com\/index.php\/wp-json\/wp\/v2\/posts\/5824\/revisions\/34773"}],"wp:featuredmedia":[{"embeddable":true,"href":"https:\/\/www.jojoenherbe.com\/index.php\/wp-json\/wp\/v2\/media\/5813"}],"wp:attachment":[{"href":"https:\/\/www.jojoenherbe.com\/index.php\/wp-json\/wp\/v2\/media?parent=5824"}],"wp:term":[{"taxonomy":"category","embeddable":true,"href":"https:\/\/www.jojoenherbe.com\/index.php\/wp-json\/wp\/v2\/categories?post=5824"},{"taxonomy":"post_tag","embeddable":true,"href":"https:\/\/www.jojoenherbe.com\/index.php\/wp-json\/wp\/v2\/tags?post=5824"}],"curies":[{"name":"wp","href":"https:\/\/api.w.org\/{rel}","templated":true}]}}