{"id":5760,"date":"2019-05-02T23:34:44","date_gmt":"2019-05-02T21:34:44","guid":{"rendered":"http:\/\/www.jojoenherbe.com\/?p=5760"},"modified":"2019-05-02T23:34:45","modified_gmt":"2019-05-02T21:34:45","slug":"a-la-decouverte-de-la-clue-de-saint-auban-en-voiture","status":"publish","type":"post","link":"https:\/\/www.jojoenherbe.com\/index.php\/2019\/05\/02\/a-la-decouverte-de-la-clue-de-saint-auban-en-voiture\/","title":{"rendered":"A la d\u00e9couverte de la clue de Saint-Auban en voiture"},"content":{"rendered":"<p style=\"text-align: justify;\"><em><a href=\"https:\/\/i0.wp.com\/www.jojoenherbe.com\/wp-content\/uploads\/2019\/05\/Jojo-1er-mai-muguet.jpg\"><img data-recalc-dims=\"1\" loading=\"lazy\" decoding=\"async\" data-attachment-id=\"5756\" data-permalink=\"https:\/\/www.jojoenherbe.com\/index.php\/page-d-exemple\/jojo-1er-mai-muguet\/\" data-orig-file=\"https:\/\/i0.wp.com\/www.jojoenherbe.com\/wp-content\/uploads\/2019\/05\/Jojo-1er-mai-muguet.jpg?fit=2444%2C2649&amp;ssl=1\" data-orig-size=\"2444,2649\" data-comments-opened=\"1\" data-image-meta=\"{&quot;aperture&quot;:&quot;2.4&quot;,&quot;credit&quot;:&quot;&quot;,&quot;camera&quot;:&quot;iPhone 4S&quot;,&quot;caption&quot;:&quot;&quot;,&quot;created_timestamp&quot;:&quot;1556718602&quot;,&quot;copyright&quot;:&quot;&quot;,&quot;focal_length&quot;:&quot;4.28&quot;,&quot;iso&quot;:&quot;50&quot;,&quot;shutter_speed&quot;:&quot;0.00057903879559931&quot;,&quot;title&quot;:&quot;&quot;,&quot;orientation&quot;:&quot;1&quot;}\" data-image-title=\"Jojo &amp;#8211; 1er mai muguet\" data-image-description=\"\" data-image-caption=\"\" data-large-file=\"https:\/\/i0.wp.com\/www.jojoenherbe.com\/wp-content\/uploads\/2019\/05\/Jojo-1er-mai-muguet.jpg?fit=676%2C733&amp;ssl=1\" class=\"alignleft size-thumbnail wp-image-5756\" src=\"https:\/\/i0.wp.com\/www.jojoenherbe.com\/wp-content\/uploads\/2019\/05\/Jojo-1er-mai-muguet.jpg?resize=150%2C150\" alt=\"\" width=\"150\" height=\"150\" srcset=\"https:\/\/i0.wp.com\/www.jojoenherbe.com\/wp-content\/uploads\/2019\/05\/Jojo-1er-mai-muguet.jpg?resize=150%2C150&amp;ssl=1 150w, https:\/\/i0.wp.com\/www.jojoenherbe.com\/wp-content\/uploads\/2019\/05\/Jojo-1er-mai-muguet.jpg?zoom=2&amp;resize=150%2C150 300w, https:\/\/i0.wp.com\/www.jojoenherbe.com\/wp-content\/uploads\/2019\/05\/Jojo-1er-mai-muguet.jpg?zoom=3&amp;resize=150%2C150 450w\" sizes=\"auto, (max-width: 150px) 100vw, 150px\" \/><\/a><\/em><\/p>\n<div id=\"attachment_5762\" style=\"width: 160px\" class=\"wp-caption alignleft\"><a href=\"https:\/\/i0.wp.com\/www.jojoenherbe.com\/wp-content\/uploads\/2019\/05\/La-Penne.jpg\"><img data-recalc-dims=\"1\" loading=\"lazy\" decoding=\"async\" aria-describedby=\"caption-attachment-5762\" data-attachment-id=\"5762\" data-permalink=\"https:\/\/www.jojoenherbe.com\/index.php\/2019\/05\/02\/a-la-decouverte-de-la-clue-de-saint-auban-en-voiture\/la-penne\/\" data-orig-file=\"https:\/\/i0.wp.com\/www.jojoenherbe.com\/wp-content\/uploads\/2019\/05\/La-Penne.jpg?fit=4723%2C3118&amp;ssl=1\" data-orig-size=\"4723,3118\" data-comments-opened=\"1\" data-image-meta=\"{&quot;aperture&quot;:&quot;3.2&quot;,&quot;credit&quot;:&quot;&quot;,&quot;camera&quot;:&quot;DSC-HX400V&quot;,&quot;caption&quot;:&quot;&quot;,&quot;created_timestamp&quot;:&quot;1556718848&quot;,&quot;copyright&quot;:&quot;&quot;,&quot;focal_length&quot;:&quot;6.44&quot;,&quot;iso&quot;:&quot;80&quot;,&quot;shutter_speed&quot;:&quot;0.00125&quot;,&quot;title&quot;:&quot;&quot;,&quot;orientation&quot;:&quot;1&quot;}\" data-image-title=\"La Penne\" data-image-description=\"\" data-image-caption=\"&lt;p&gt;La Penne&lt;\/p&gt;\n\" data-large-file=\"https:\/\/i0.wp.com\/www.jojoenherbe.com\/wp-content\/uploads\/2019\/05\/La-Penne.jpg?fit=676%2C446&amp;ssl=1\" class=\"size-thumbnail wp-image-5762\" src=\"https:\/\/i0.wp.com\/www.jojoenherbe.com\/wp-content\/uploads\/2019\/05\/La-Penne.jpg?resize=150%2C150\" alt=\"\" width=\"150\" height=\"150\" srcset=\"https:\/\/i0.wp.com\/www.jojoenherbe.com\/wp-content\/uploads\/2019\/05\/La-Penne.jpg?resize=150%2C150&amp;ssl=1 150w, https:\/\/i0.wp.com\/www.jojoenherbe.com\/wp-content\/uploads\/2019\/05\/La-Penne.jpg?zoom=2&amp;resize=150%2C150 300w, https:\/\/i0.wp.com\/www.jojoenherbe.com\/wp-content\/uploads\/2019\/05\/La-Penne.jpg?zoom=3&amp;resize=150%2C150 450w\" sizes=\"auto, (max-width: 150px) 100vw, 150px\" \/><\/a><p id=\"caption-attachment-5762\" class=\"wp-caption-text\">La Penne<\/p><\/div>\n<p style=\"text-align: justify;\"><em>En ce 1er mai 2019, nous partons \u00e0 la d\u00e9couverte des clues de Haute-Provence, dans le secteur Sud de Puget-Th\u00e9niers. Nous prenons la D2211A en direction de La Penne, petit village entour\u00e9 de prairies et dont nous apercevons au sommet un pigeonnier qui semble bien conserv\u00e9.<\/em><\/p>\n<div id=\"attachment_5768\" style=\"width: 160px\" class=\"wp-caption alignright\"><a href=\"https:\/\/i0.wp.com\/www.jojoenherbe.com\/wp-content\/uploads\/2019\/05\/Riolan.jpg\"><img data-recalc-dims=\"1\" loading=\"lazy\" decoding=\"async\" aria-describedby=\"caption-attachment-5768\" data-attachment-id=\"5768\" data-permalink=\"https:\/\/www.jojoenherbe.com\/index.php\/2019\/05\/02\/a-la-decouverte-de-la-clue-de-saint-auban-en-voiture\/riolan\/\" data-orig-file=\"https:\/\/i0.wp.com\/www.jojoenherbe.com\/wp-content\/uploads\/2019\/05\/Riolan.jpg?fit=3888%2C5184&amp;ssl=1\" data-orig-size=\"3888,5184\" data-comments-opened=\"1\" data-image-meta=\"{&quot;aperture&quot;:&quot;3.2&quot;,&quot;credit&quot;:&quot;&quot;,&quot;camera&quot;:&quot;DSC-HX400V&quot;,&quot;caption&quot;:&quot;&quot;,&quot;created_timestamp&quot;:&quot;1556719353&quot;,&quot;copyright&quot;:&quot;&quot;,&quot;focal_length&quot;:&quot;4.3&quot;,&quot;iso&quot;:&quot;80&quot;,&quot;shutter_speed&quot;:&quot;0.0005&quot;,&quot;title&quot;:&quot;&quot;,&quot;orientation&quot;:&quot;1&quot;}\" data-image-title=\"Riolan\" data-image-description=\"\" data-image-caption=\"&lt;p&gt;Riolan&lt;\/p&gt;\n\" data-large-file=\"https:\/\/i0.wp.com\/www.jojoenherbe.com\/wp-content\/uploads\/2019\/05\/Riolan.jpg?fit=676%2C901&amp;ssl=1\" class=\"size-thumbnail wp-image-5768\" src=\"https:\/\/i0.wp.com\/www.jojoenherbe.com\/wp-content\/uploads\/2019\/05\/Riolan.jpg?resize=150%2C150\" alt=\"\" width=\"150\" height=\"150\" srcset=\"https:\/\/i0.wp.com\/www.jojoenherbe.com\/wp-content\/uploads\/2019\/05\/Riolan.jpg?resize=150%2C150&amp;ssl=1 150w, https:\/\/i0.wp.com\/www.jojoenherbe.com\/wp-content\/uploads\/2019\/05\/Riolan.jpg?zoom=2&amp;resize=150%2C150 300w, https:\/\/i0.wp.com\/www.jojoenherbe.com\/wp-content\/uploads\/2019\/05\/Riolan.jpg?zoom=3&amp;resize=150%2C150 450w\" sizes=\"auto, (max-width: 150px) 100vw, 150px\" \/><\/a><p id=\"caption-attachment-5768\" class=\"wp-caption-text\">Riolan<\/p><\/div>\n<p style=\"text-align: justify;\"><em><a href=\"https:\/\/i0.wp.com\/www.jojoenherbe.com\/wp-content\/uploads\/2019\/05\/Riolan-2.jpg\"><img data-recalc-dims=\"1\" loading=\"lazy\" decoding=\"async\" data-attachment-id=\"5774\" data-permalink=\"https:\/\/www.jojoenherbe.com\/index.php\/2019\/05\/02\/a-la-decouverte-de-la-clue-de-saint-auban-en-voiture\/riolan-2\/\" data-orig-file=\"https:\/\/i0.wp.com\/www.jojoenherbe.com\/wp-content\/uploads\/2019\/05\/Riolan-2.jpg?fit=3888%2C5184&amp;ssl=1\" data-orig-size=\"3888,5184\" data-comments-opened=\"1\" data-image-meta=\"{&quot;aperture&quot;:&quot;3.2&quot;,&quot;credit&quot;:&quot;&quot;,&quot;camera&quot;:&quot;DSC-HX400V&quot;,&quot;caption&quot;:&quot;&quot;,&quot;created_timestamp&quot;:&quot;1556719349&quot;,&quot;copyright&quot;:&quot;&quot;,&quot;focal_length&quot;:&quot;4.3&quot;,&quot;iso&quot;:&quot;80&quot;,&quot;shutter_speed&quot;:&quot;0.00125&quot;,&quot;title&quot;:&quot;&quot;,&quot;orientation&quot;:&quot;1&quot;}\" data-image-title=\"Riolan 2\" data-image-description=\"\" data-image-caption=\"\" data-large-file=\"https:\/\/i0.wp.com\/www.jojoenherbe.com\/wp-content\/uploads\/2019\/05\/Riolan-2.jpg?fit=676%2C901&amp;ssl=1\" class=\"size-thumbnail wp-image-5774 alignright\" src=\"https:\/\/i0.wp.com\/www.jojoenherbe.com\/wp-content\/uploads\/2019\/05\/Riolan-2.jpg?resize=150%2C150\" alt=\"\" width=\"150\" height=\"150\" srcset=\"https:\/\/i0.wp.com\/www.jojoenherbe.com\/wp-content\/uploads\/2019\/05\/Riolan-2.jpg?resize=150%2C150&amp;ssl=1 150w, https:\/\/i0.wp.com\/www.jojoenherbe.com\/wp-content\/uploads\/2019\/05\/Riolan-2.jpg?zoom=2&amp;resize=150%2C150 300w, https:\/\/i0.wp.com\/www.jojoenherbe.com\/wp-content\/uploads\/2019\/05\/Riolan-2.jpg?zoom=3&amp;resize=150%2C150 450w\" sizes=\"auto, (max-width: 150px) 100vw, 150px\" \/><\/a>Puis nous passons \u00e0 c\u00f4t\u00e9 de la Clue de Riolan sans nous y rendre puisque celle-ci se situe sur la D17 en direction de Sigale. Mais les diff\u00e9rents points de vue sur le Riolan sont d\u00e9j\u00e0 tr\u00e8s beaux. Nous laissons derri\u00e8re nous cette rivi\u00e8re pour continuer la route d\u00e9partementale en direction de Brian\u00e7onnet et de ses ruines perch\u00e9es.<\/em><\/p>\n<div id=\"attachment_5771\" style=\"width: 160px\" class=\"wp-caption alignleft\"><a href=\"https:\/\/i0.wp.com\/www.jojoenherbe.com\/wp-content\/uploads\/2019\/05\/Clue-de-Saint-Auban-4.jpg\"><img data-recalc-dims=\"1\" loading=\"lazy\" decoding=\"async\" aria-describedby=\"caption-attachment-5771\" data-attachment-id=\"5771\" data-permalink=\"https:\/\/www.jojoenherbe.com\/index.php\/2019\/05\/02\/a-la-decouverte-de-la-clue-de-saint-auban-en-voiture\/clue-de-saint-auban-4\/\" data-orig-file=\"https:\/\/i0.wp.com\/www.jojoenherbe.com\/wp-content\/uploads\/2019\/05\/Clue-de-Saint-Auban-4.jpg?fit=3888%2C5184&amp;ssl=1\" data-orig-size=\"3888,5184\" data-comments-opened=\"1\" data-image-meta=\"{&quot;aperture&quot;:&quot;3.2&quot;,&quot;credit&quot;:&quot;&quot;,&quot;camera&quot;:&quot;DSC-HX400V&quot;,&quot;caption&quot;:&quot;&quot;,&quot;created_timestamp&quot;:&quot;1556721701&quot;,&quot;copyright&quot;:&quot;&quot;,&quot;focal_length&quot;:&quot;4.3&quot;,&quot;iso&quot;:&quot;80&quot;,&quot;shutter_speed&quot;:&quot;0.004&quot;,&quot;title&quot;:&quot;&quot;,&quot;orientation&quot;:&quot;1&quot;}\" data-image-title=\"Clue de Saint-Auban 4\" data-image-description=\"\" data-image-caption=\"\" data-large-file=\"https:\/\/i0.wp.com\/www.jojoenherbe.com\/wp-content\/uploads\/2019\/05\/Clue-de-Saint-Auban-4.jpg?fit=676%2C901&amp;ssl=1\" class=\"wp-image-5771 size-thumbnail\" src=\"https:\/\/i0.wp.com\/www.jojoenherbe.com\/wp-content\/uploads\/2019\/05\/Clue-de-Saint-Auban-4.jpg?resize=150%2C150\" alt=\"\" width=\"150\" height=\"150\" srcset=\"https:\/\/i0.wp.com\/www.jojoenherbe.com\/wp-content\/uploads\/2019\/05\/Clue-de-Saint-Auban-4.jpg?resize=150%2C150&amp;ssl=1 150w, https:\/\/i0.wp.com\/www.jojoenherbe.com\/wp-content\/uploads\/2019\/05\/Clue-de-Saint-Auban-4.jpg?zoom=2&amp;resize=150%2C150 300w, https:\/\/i0.wp.com\/www.jojoenherbe.com\/wp-content\/uploads\/2019\/05\/Clue-de-Saint-Auban-4.jpg?zoom=3&amp;resize=150%2C150 450w\" sizes=\"auto, (max-width: 150px) 100vw, 150px\" \/><\/a><p id=\"caption-attachment-5771\" class=\"wp-caption-text\">Clue de Saint-Auban<\/p><\/div>\n<p style=\"text-align: justify;\"><em><a href=\"https:\/\/i0.wp.com\/www.jojoenherbe.com\/wp-content\/uploads\/2019\/05\/Clue-de-Saint-Auban-3.jpg\"><img data-recalc-dims=\"1\" loading=\"lazy\" decoding=\"async\" data-attachment-id=\"5770\" data-permalink=\"https:\/\/www.jojoenherbe.com\/index.php\/2019\/05\/02\/a-la-decouverte-de-la-clue-de-saint-auban-en-voiture\/clue-de-saint-auban-3\/\" data-orig-file=\"https:\/\/i0.wp.com\/www.jojoenherbe.com\/wp-content\/uploads\/2019\/05\/Clue-de-Saint-Auban-3.jpg?fit=3888%2C5184&amp;ssl=1\" data-orig-size=\"3888,5184\" data-comments-opened=\"1\" data-image-meta=\"{&quot;aperture&quot;:&quot;4.5&quot;,&quot;credit&quot;:&quot;&quot;,&quot;camera&quot;:&quot;DSC-HX400V&quot;,&quot;caption&quot;:&quot;&quot;,&quot;created_timestamp&quot;:&quot;1556721691&quot;,&quot;copyright&quot;:&quot;&quot;,&quot;focal_length&quot;:&quot;29.44&quot;,&quot;iso&quot;:&quot;80&quot;,&quot;shutter_speed&quot;:&quot;0.0025&quot;,&quot;title&quot;:&quot;&quot;,&quot;orientation&quot;:&quot;1&quot;}\" data-image-title=\"Clue de Saint-Auban 3\" data-image-description=\"\" data-image-caption=\"\" data-large-file=\"https:\/\/i0.wp.com\/www.jojoenherbe.com\/wp-content\/uploads\/2019\/05\/Clue-de-Saint-Auban-3.jpg?fit=676%2C901&amp;ssl=1\" class=\"alignleft size-thumbnail wp-image-5770\" src=\"https:\/\/i0.wp.com\/www.jojoenherbe.com\/wp-content\/uploads\/2019\/05\/Clue-de-Saint-Auban-3.jpg?resize=150%2C150\" alt=\"\" width=\"150\" height=\"150\" srcset=\"https:\/\/i0.wp.com\/www.jojoenherbe.com\/wp-content\/uploads\/2019\/05\/Clue-de-Saint-Auban-3.jpg?resize=150%2C150&amp;ssl=1 150w, https:\/\/i0.wp.com\/www.jojoenherbe.com\/wp-content\/uploads\/2019\/05\/Clue-de-Saint-Auban-3.jpg?zoom=2&amp;resize=150%2C150 300w, https:\/\/i0.wp.com\/www.jojoenherbe.com\/wp-content\/uploads\/2019\/05\/Clue-de-Saint-Auban-3.jpg?zoom=3&amp;resize=150%2C150 450w\" sizes=\"auto, (max-width: 150px) 100vw, 150px\" \/><\/a>Apr\u00e8s ce dernier village, nous arrivons bient\u00f4t dans la Clue de Saint-Auban. De fa\u00e7on surprenante, nous passons devant la chapelle Notre-Dame de la Clue. Cette chapelle troglodyte a \u00e9t\u00e9 creus\u00e9e dans une grotte et a \u00e9t\u00e9 d\u00e9couverte au cours de travaux d&rsquo;am\u00e9nagement de la d\u00e9partementale. <\/em><em>Nous nous arr\u00eatons sur l&rsquo;un des deux points d&rsquo;arr\u00eat possibles apr\u00e8s la chapelle. La clue est vraiment impressionnante, entre les marmites, les petites cascades ainsi que les grottes et strates form\u00e9es par l&rsquo;Est\u00e9ron sur les parois verticales de la roche calcaire autour de nous.<br \/>\n<\/em><\/p>\n<div id=\"attachment_5764\" style=\"width: 160px\" class=\"wp-caption alignright\"><a href=\"https:\/\/i0.wp.com\/www.jojoenherbe.com\/wp-content\/uploads\/2019\/05\/Coucous-col-de-Bleine.jpg\"><img data-recalc-dims=\"1\" loading=\"lazy\" decoding=\"async\" aria-describedby=\"caption-attachment-5764\" data-attachment-id=\"5764\" data-permalink=\"https:\/\/www.jojoenherbe.com\/index.php\/2019\/05\/02\/a-la-decouverte-de-la-clue-de-saint-auban-en-voiture\/coucous-col-de-bleine\/\" data-orig-file=\"https:\/\/i0.wp.com\/www.jojoenherbe.com\/wp-content\/uploads\/2019\/05\/Coucous-col-de-Bleine.jpg?fit=5184%2C3888&amp;ssl=1\" data-orig-size=\"5184,3888\" data-comments-opened=\"1\" data-image-meta=\"{&quot;aperture&quot;:&quot;3.2&quot;,&quot;credit&quot;:&quot;&quot;,&quot;camera&quot;:&quot;DSC-HX400V&quot;,&quot;caption&quot;:&quot;&quot;,&quot;created_timestamp&quot;:&quot;1556724037&quot;,&quot;copyright&quot;:&quot;&quot;,&quot;focal_length&quot;:&quot;7.29&quot;,&quot;iso&quot;:&quot;80&quot;,&quot;shutter_speed&quot;:&quot;0.00625&quot;,&quot;title&quot;:&quot;&quot;,&quot;orientation&quot;:&quot;1&quot;}\" data-image-title=\"Coucous &amp;#8211; col de Bleine\" data-image-description=\"\" data-image-caption=\"\" data-large-file=\"https:\/\/i0.wp.com\/www.jojoenherbe.com\/wp-content\/uploads\/2019\/05\/Coucous-col-de-Bleine.jpg?fit=676%2C507&amp;ssl=1\" class=\"wp-image-5764 size-thumbnail\" src=\"https:\/\/i0.wp.com\/www.jojoenherbe.com\/wp-content\/uploads\/2019\/05\/Coucous-col-de-Bleine.jpg?resize=150%2C150\" alt=\"\" width=\"150\" height=\"150\" srcset=\"https:\/\/i0.wp.com\/www.jojoenherbe.com\/wp-content\/uploads\/2019\/05\/Coucous-col-de-Bleine.jpg?resize=150%2C150&amp;ssl=1 150w, https:\/\/i0.wp.com\/www.jojoenherbe.com\/wp-content\/uploads\/2019\/05\/Coucous-col-de-Bleine.jpg?zoom=2&amp;resize=150%2C150 300w, https:\/\/i0.wp.com\/www.jojoenherbe.com\/wp-content\/uploads\/2019\/05\/Coucous-col-de-Bleine.jpg?zoom=3&amp;resize=150%2C150 450w\" sizes=\"auto, (max-width: 150px) 100vw, 150px\" \/><\/a><p id=\"caption-attachment-5764\" class=\"wp-caption-text\">Fleurs de coucous<\/p><\/div>\n<div id=\"attachment_5776\" style=\"width: 160px\" class=\"wp-caption alignright\"><a href=\"https:\/\/i0.wp.com\/www.jojoenherbe.com\/wp-content\/uploads\/2019\/05\/Col-de-Bleine.jpg\"><img data-recalc-dims=\"1\" loading=\"lazy\" decoding=\"async\" aria-describedby=\"caption-attachment-5776\" data-attachment-id=\"5776\" data-permalink=\"https:\/\/www.jojoenherbe.com\/index.php\/2019\/05\/02\/a-la-decouverte-de-la-clue-de-saint-auban-en-voiture\/col-de-bleine\/\" data-orig-file=\"https:\/\/i0.wp.com\/www.jojoenherbe.com\/wp-content\/uploads\/2019\/05\/Col-de-Bleine.jpg?fit=5184%2C3888&amp;ssl=1\" data-orig-size=\"5184,3888\" data-comments-opened=\"1\" data-image-meta=\"{&quot;aperture&quot;:&quot;3.2&quot;,&quot;credit&quot;:&quot;&quot;,&quot;camera&quot;:&quot;DSC-HX400V&quot;,&quot;caption&quot;:&quot;&quot;,&quot;created_timestamp&quot;:&quot;1556724711&quot;,&quot;copyright&quot;:&quot;&quot;,&quot;focal_length&quot;:&quot;6.76&quot;,&quot;iso&quot;:&quot;80&quot;,&quot;shutter_speed&quot;:&quot;0.004&quot;,&quot;title&quot;:&quot;&quot;,&quot;orientation&quot;:&quot;1&quot;}\" data-image-title=\"Col de Bleine\" data-image-description=\"\" data-image-caption=\"&lt;p&gt;Col de Bleine&lt;\/p&gt;\n\" data-large-file=\"https:\/\/i0.wp.com\/www.jojoenherbe.com\/wp-content\/uploads\/2019\/05\/Col-de-Bleine.jpg?fit=676%2C507&amp;ssl=1\" class=\"size-thumbnail wp-image-5776\" src=\"https:\/\/i0.wp.com\/www.jojoenherbe.com\/wp-content\/uploads\/2019\/05\/Col-de-Bleine.jpg?resize=150%2C150\" alt=\"\" width=\"150\" height=\"150\" srcset=\"https:\/\/i0.wp.com\/www.jojoenherbe.com\/wp-content\/uploads\/2019\/05\/Col-de-Bleine.jpg?resize=150%2C150&amp;ssl=1 150w, https:\/\/i0.wp.com\/www.jojoenherbe.com\/wp-content\/uploads\/2019\/05\/Col-de-Bleine.jpg?zoom=2&amp;resize=150%2C150 300w, https:\/\/i0.wp.com\/www.jojoenherbe.com\/wp-content\/uploads\/2019\/05\/Col-de-Bleine.jpg?zoom=3&amp;resize=150%2C150 450w\" sizes=\"auto, (max-width: 150px) 100vw, 150px\" \/><\/a><p id=\"caption-attachment-5776\" class=\"wp-caption-text\">Col de Bleine<\/p><\/div>\n<p style=\"text-align: justify;\"><em>C&rsquo;est s\u00fbr, nous reviendrons pour d\u00e9couvrir les clues de Riolan et d&rsquo;Aiglun ainsi que la cascade de Vegay une prochaine fois. Nous rentrons en passant par le col de Bleine (1.439 m\u00e8tres d&rsquo;altitude) aux bas-c\u00f4t\u00e9s tr\u00e8s fleuris.<\/em><\/p>\n<p style=\"text-align: justify;\"><a href=\"https:\/\/i0.wp.com\/www.jojoenherbe.com\/wp-content\/uploads\/2019\/05\/Sur-la-route-du-Col-de-Bleine.jpg\"><img data-recalc-dims=\"1\" loading=\"lazy\" decoding=\"async\" data-attachment-id=\"5765\" data-permalink=\"https:\/\/www.jojoenherbe.com\/index.php\/2019\/05\/02\/a-la-decouverte-de-la-clue-de-saint-auban-en-voiture\/sur-la-route-du-col-de-bleine\/\" data-orig-file=\"https:\/\/i0.wp.com\/www.jojoenherbe.com\/wp-content\/uploads\/2019\/05\/Sur-la-route-du-Col-de-Bleine.jpg?fit=5184%2C3888&amp;ssl=1\" data-orig-size=\"5184,3888\" data-comments-opened=\"1\" data-image-meta=\"{&quot;aperture&quot;:&quot;4.5&quot;,&quot;credit&quot;:&quot;&quot;,&quot;camera&quot;:&quot;DSC-HX400V&quot;,&quot;caption&quot;:&quot;&quot;,&quot;created_timestamp&quot;:&quot;1556723483&quot;,&quot;copyright&quot;:&quot;&quot;,&quot;focal_length&quot;:&quot;23.17&quot;,&quot;iso&quot;:&quot;320&quot;,&quot;shutter_speed&quot;:&quot;0.00625&quot;,&quot;title&quot;:&quot;&quot;,&quot;orientation&quot;:&quot;1&quot;}\" data-image-title=\"Sur la route du Col de Bleine\" data-image-description=\"\" data-image-caption=\"\" data-large-file=\"https:\/\/i0.wp.com\/www.jojoenherbe.com\/wp-content\/uploads\/2019\/05\/Sur-la-route-du-Col-de-Bleine.jpg?fit=676%2C507&amp;ssl=1\" class=\"alignleft size-thumbnail wp-image-5765\" src=\"https:\/\/i0.wp.com\/www.jojoenherbe.com\/wp-content\/uploads\/2019\/05\/Sur-la-route-du-Col-de-Bleine.jpg?resize=150%2C150\" alt=\"\" width=\"150\" height=\"150\" srcset=\"https:\/\/i0.wp.com\/www.jojoenherbe.com\/wp-content\/uploads\/2019\/05\/Sur-la-route-du-Col-de-Bleine.jpg?resize=150%2C150&amp;ssl=1 150w, https:\/\/i0.wp.com\/www.jojoenherbe.com\/wp-content\/uploads\/2019\/05\/Sur-la-route-du-Col-de-Bleine.jpg?zoom=2&amp;resize=150%2C150 300w, https:\/\/i0.wp.com\/www.jojoenherbe.com\/wp-content\/uploads\/2019\/05\/Sur-la-route-du-Col-de-Bleine.jpg?zoom=3&amp;resize=150%2C150 450w\" sizes=\"auto, (max-width: 150px) 100vw, 150px\" \/><\/a> <a href=\"https:\/\/i0.wp.com\/www.jojoenherbe.com\/wp-content\/uploads\/2019\/05\/Sur-la-route-du-Col-de-Bleine-2.jpg\"><img data-recalc-dims=\"1\" loading=\"lazy\" decoding=\"async\" data-attachment-id=\"5775\" data-permalink=\"https:\/\/www.jojoenherbe.com\/index.php\/2019\/05\/02\/a-la-decouverte-de-la-clue-de-saint-auban-en-voiture\/sur-la-route-du-col-de-bleine-2\/\" data-orig-file=\"https:\/\/i0.wp.com\/www.jojoenherbe.com\/wp-content\/uploads\/2019\/05\/Sur-la-route-du-Col-de-Bleine-2.jpg?fit=3888%2C5184&amp;ssl=1\" data-orig-size=\"3888,5184\" data-comments-opened=\"1\" data-image-meta=\"{&quot;aperture&quot;:&quot;4.5&quot;,&quot;credit&quot;:&quot;&quot;,&quot;camera&quot;:&quot;DSC-HX400V&quot;,&quot;caption&quot;:&quot;&quot;,&quot;created_timestamp&quot;:&quot;1556723465&quot;,&quot;copyright&quot;:&quot;&quot;,&quot;focal_length&quot;:&quot;23.17&quot;,&quot;iso&quot;:&quot;250&quot;,&quot;shutter_speed&quot;:&quot;0.00625&quot;,&quot;title&quot;:&quot;&quot;,&quot;orientation&quot;:&quot;1&quot;}\" data-image-title=\"Sur la route du Col de Bleine 2\" data-image-description=\"\" data-image-caption=\"\" data-large-file=\"https:\/\/i0.wp.com\/www.jojoenherbe.com\/wp-content\/uploads\/2019\/05\/Sur-la-route-du-Col-de-Bleine-2.jpg?fit=676%2C901&amp;ssl=1\" class=\"alignleft size-thumbnail wp-image-5775\" src=\"https:\/\/i0.wp.com\/www.jojoenherbe.com\/wp-content\/uploads\/2019\/05\/Sur-la-route-du-Col-de-Bleine-2.jpg?resize=150%2C150\" alt=\"\" width=\"150\" height=\"150\" srcset=\"https:\/\/i0.wp.com\/www.jojoenherbe.com\/wp-content\/uploads\/2019\/05\/Sur-la-route-du-Col-de-Bleine-2.jpg?resize=150%2C150&amp;ssl=1 150w, https:\/\/i0.wp.com\/www.jojoenherbe.com\/wp-content\/uploads\/2019\/05\/Sur-la-route-du-Col-de-Bleine-2.jpg?zoom=2&amp;resize=150%2C150 300w, https:\/\/i0.wp.com\/www.jojoenherbe.com\/wp-content\/uploads\/2019\/05\/Sur-la-route-du-Col-de-Bleine-2.jpg?zoom=3&amp;resize=150%2C150 450w\" sizes=\"auto, (max-width: 150px) 100vw, 150px\" \/><\/a><em>Nous pouvons voir des fleurs de coucous et d&rsquo;autres fleurs printani\u00e8res pr\u00e9sentes tout au long du parcours dans le parc naturel r\u00e9gional des Pr\u00e9alpes d&rsquo;Azur. Sur de nombreux arbres, il y a \u00e9galement du gui.<br \/>\n<\/em><\/p>\n<div id=\"attachment_5767\" style=\"width: 160px\" class=\"wp-caption alignright\"><a href=\"https:\/\/i0.wp.com\/www.jojoenherbe.com\/wp-content\/uploads\/2019\/05\/Lac-de-Thorenc.jpg\"><img data-recalc-dims=\"1\" loading=\"lazy\" decoding=\"async\" aria-describedby=\"caption-attachment-5767\" data-attachment-id=\"5767\" data-permalink=\"https:\/\/www.jojoenherbe.com\/index.php\/2019\/05\/02\/a-la-decouverte-de-la-clue-de-saint-auban-en-voiture\/lac-de-thorenc-13\/\" data-orig-file=\"https:\/\/i0.wp.com\/www.jojoenherbe.com\/wp-content\/uploads\/2019\/05\/Lac-de-Thorenc.jpg?fit=3888%2C5184&amp;ssl=1\" data-orig-size=\"3888,5184\" data-comments-opened=\"1\" data-image-meta=\"{&quot;aperture&quot;:&quot;3.2&quot;,&quot;credit&quot;:&quot;&quot;,&quot;camera&quot;:&quot;DSC-HX400V&quot;,&quot;caption&quot;:&quot;&quot;,&quot;created_timestamp&quot;:&quot;1556726679&quot;,&quot;copyright&quot;:&quot;&quot;,&quot;focal_length&quot;:&quot;4.3&quot;,&quot;iso&quot;:&quot;80&quot;,&quot;shutter_speed&quot;:&quot;0.003125&quot;,&quot;title&quot;:&quot;&quot;,&quot;orientation&quot;:&quot;1&quot;}\" data-image-title=\"Lac de Thorenc\" data-image-description=\"\" data-image-caption=\"\" data-large-file=\"https:\/\/i0.wp.com\/www.jojoenherbe.com\/wp-content\/uploads\/2019\/05\/Lac-de-Thorenc.jpg?fit=676%2C901&amp;ssl=1\" class=\"wp-image-5767 size-thumbnail\" src=\"https:\/\/i0.wp.com\/www.jojoenherbe.com\/wp-content\/uploads\/2019\/05\/Lac-de-Thorenc.jpg?resize=150%2C150\" alt=\"\" width=\"150\" height=\"150\" srcset=\"https:\/\/i0.wp.com\/www.jojoenherbe.com\/wp-content\/uploads\/2019\/05\/Lac-de-Thorenc.jpg?resize=150%2C150&amp;ssl=1 150w, https:\/\/i0.wp.com\/www.jojoenherbe.com\/wp-content\/uploads\/2019\/05\/Lac-de-Thorenc.jpg?zoom=2&amp;resize=150%2C150 300w, https:\/\/i0.wp.com\/www.jojoenherbe.com\/wp-content\/uploads\/2019\/05\/Lac-de-Thorenc.jpg?zoom=3&amp;resize=150%2C150 450w\" sizes=\"auto, (max-width: 150px) 100vw, 150px\" \/><\/a><p id=\"caption-attachment-5767\" class=\"wp-caption-text\">Lac de Thorenc<\/p><\/div>\n<p style=\"text-align: justify;\"><em> <a href=\"https:\/\/i0.wp.com\/www.jojoenherbe.com\/wp-content\/uploads\/2019\/05\/Lac-de-Thorenc-2.jpg\"><img data-recalc-dims=\"1\" loading=\"lazy\" decoding=\"async\" data-attachment-id=\"5766\" data-permalink=\"https:\/\/www.jojoenherbe.com\/index.php\/2019\/05\/02\/a-la-decouverte-de-la-clue-de-saint-auban-en-voiture\/lac-de-thorenc-2-3\/\" data-orig-file=\"https:\/\/i0.wp.com\/www.jojoenherbe.com\/wp-content\/uploads\/2019\/05\/Lac-de-Thorenc-2.jpg?fit=3998%2C3092&amp;ssl=1\" data-orig-size=\"3998,3092\" data-comments-opened=\"1\" data-image-meta=\"{&quot;aperture&quot;:&quot;3.5&quot;,&quot;credit&quot;:&quot;&quot;,&quot;camera&quot;:&quot;DSC-HX400V&quot;,&quot;caption&quot;:&quot;&quot;,&quot;created_timestamp&quot;:&quot;1556726947&quot;,&quot;copyright&quot;:&quot;&quot;,&quot;focal_length&quot;:&quot;8.83&quot;,&quot;iso&quot;:&quot;80&quot;,&quot;shutter_speed&quot;:&quot;0.0015625&quot;,&quot;title&quot;:&quot;&quot;,&quot;orientation&quot;:&quot;1&quot;}\" data-image-title=\"Lac de Thorenc 2\" data-image-description=\"\" data-image-caption=\"\" data-large-file=\"https:\/\/i0.wp.com\/www.jojoenherbe.com\/wp-content\/uploads\/2019\/05\/Lac-de-Thorenc-2.jpg?fit=676%2C523&amp;ssl=1\" class=\"size-thumbnail wp-image-5766 alignright\" src=\"https:\/\/i0.wp.com\/www.jojoenherbe.com\/wp-content\/uploads\/2019\/05\/Lac-de-Thorenc-2.jpg?resize=150%2C150\" alt=\"\" width=\"150\" height=\"150\" srcset=\"https:\/\/i0.wp.com\/www.jojoenherbe.com\/wp-content\/uploads\/2019\/05\/Lac-de-Thorenc-2.jpg?resize=150%2C150&amp;ssl=1 150w, https:\/\/i0.wp.com\/www.jojoenherbe.com\/wp-content\/uploads\/2019\/05\/Lac-de-Thorenc-2.jpg?zoom=2&amp;resize=150%2C150 300w, https:\/\/i0.wp.com\/www.jojoenherbe.com\/wp-content\/uploads\/2019\/05\/Lac-de-Thorenc-2.jpg?zoom=3&amp;resize=150%2C150 450w\" sizes=\"auto, (max-width: 150px) 100vw, 150px\" \/><\/a>Nous faisons une pause de tr\u00e8s courte dur\u00e9e au lac de Thorenc, une averse \u00e9clatant quelques minutes apr\u00e8s notre arriv\u00e9e malgr\u00e9 le soleil. Il est vrai que la temp\u00e9rature a bien chut\u00e9, \u00e0 peine 13 degr\u00e9s. Tant pis pour la pause go\u00fbter sur les bords du lac.<br \/>\n<\/em><\/p>\n<p style=\"text-align: justify;\"><em><a href=\"https:\/\/i0.wp.com\/www.jojoenherbe.com\/wp-content\/uploads\/2019\/05\/Cheiron-arc-en-ciel.jpg\"><img data-recalc-dims=\"1\" loading=\"lazy\" decoding=\"async\" data-attachment-id=\"5778\" data-permalink=\"https:\/\/www.jojoenherbe.com\/index.php\/2019\/05\/02\/a-la-decouverte-de-la-clue-de-saint-auban-en-voiture\/cheiron-arc-en-ciel\/\" data-orig-file=\"https:\/\/i0.wp.com\/www.jojoenherbe.com\/wp-content\/uploads\/2019\/05\/Cheiron-arc-en-ciel.jpg?fit=5184%2C3888&amp;ssl=1\" data-orig-size=\"5184,3888\" data-comments-opened=\"1\" data-image-meta=\"{&quot;aperture&quot;:&quot;5.6&quot;,&quot;credit&quot;:&quot;&quot;,&quot;camera&quot;:&quot;DSC-HX400V&quot;,&quot;caption&quot;:&quot;&quot;,&quot;created_timestamp&quot;:&quot;1556727715&quot;,&quot;copyright&quot;:&quot;&quot;,&quot;focal_length&quot;:&quot;13.35&quot;,&quot;iso&quot;:&quot;80&quot;,&quot;shutter_speed&quot;:&quot;0.002&quot;,&quot;title&quot;:&quot;&quot;,&quot;orientation&quot;:&quot;1&quot;}\" data-image-title=\"Cheiron &amp;#8211; arc-en-ciel\" data-image-description=\"\" data-image-caption=\"\" data-large-file=\"https:\/\/i0.wp.com\/www.jojoenherbe.com\/wp-content\/uploads\/2019\/05\/Cheiron-arc-en-ciel.jpg?fit=676%2C507&amp;ssl=1\" class=\"alignleft size-thumbnail wp-image-5778\" src=\"https:\/\/i0.wp.com\/www.jojoenherbe.com\/wp-content\/uploads\/2019\/05\/Cheiron-arc-en-ciel.jpg?resize=150%2C150\" alt=\"\" width=\"150\" height=\"150\" srcset=\"https:\/\/i0.wp.com\/www.jojoenherbe.com\/wp-content\/uploads\/2019\/05\/Cheiron-arc-en-ciel.jpg?resize=150%2C150&amp;ssl=1 150w, https:\/\/i0.wp.com\/www.jojoenherbe.com\/wp-content\/uploads\/2019\/05\/Cheiron-arc-en-ciel.jpg?zoom=2&amp;resize=150%2C150 300w, https:\/\/i0.wp.com\/www.jojoenherbe.com\/wp-content\/uploads\/2019\/05\/Cheiron-arc-en-ciel.jpg?zoom=3&amp;resize=150%2C150 450w\" sizes=\"auto, (max-width: 150px) 100vw, 150px\" \/><\/a> <a href=\"https:\/\/i0.wp.com\/www.jojoenherbe.com\/wp-content\/uploads\/2019\/05\/Sur-la-route-de-Gr%C3%A9oli%C3%A8res-arc-en-ciel.jpg\"><img data-recalc-dims=\"1\" loading=\"lazy\" decoding=\"async\" data-attachment-id=\"5755\" data-permalink=\"https:\/\/www.jojoenherbe.com\/index.php\/2019\/05\/02\/a-la-decouverte-de-la-clue-de-saint-auban-en-voiture\/sur-la-route-de-greolieres-arc-en-ciel\/\" data-orig-file=\"https:\/\/i0.wp.com\/www.jojoenherbe.com\/wp-content\/uploads\/2019\/05\/Sur-la-route-de-Gr%C3%A9oli%C3%A8res-arc-en-ciel.jpg?fit=5184%2C3457&amp;ssl=1\" data-orig-size=\"5184,3457\" data-comments-opened=\"1\" data-image-meta=\"{&quot;aperture&quot;:&quot;3.2&quot;,&quot;credit&quot;:&quot;&quot;,&quot;camera&quot;:&quot;DSC-HX400V&quot;,&quot;caption&quot;:&quot;&quot;,&quot;created_timestamp&quot;:&quot;1556728122&quot;,&quot;copyright&quot;:&quot;&quot;,&quot;focal_length&quot;:&quot;7.84&quot;,&quot;iso&quot;:&quot;80&quot;,&quot;shutter_speed&quot;:&quot;0.0008&quot;,&quot;title&quot;:&quot;&quot;,&quot;orientation&quot;:&quot;1&quot;}\" data-image-title=\"Sur la route de Gr\u00e9oli\u00e8res &amp;#8211; arc-en-ciel\" data-image-description=\"\" data-image-caption=\"\" data-large-file=\"https:\/\/i0.wp.com\/www.jojoenherbe.com\/wp-content\/uploads\/2019\/05\/Sur-la-route-de-Gr%C3%A9oli%C3%A8res-arc-en-ciel.jpg?fit=676%2C451&amp;ssl=1\" class=\"alignleft size-thumbnail wp-image-5755\" src=\"https:\/\/i0.wp.com\/www.jojoenherbe.com\/wp-content\/uploads\/2019\/05\/Sur-la-route-de-Gr%C3%A9oli%C3%A8res-arc-en-ciel.jpg?resize=150%2C150\" alt=\"\" width=\"150\" height=\"150\" srcset=\"https:\/\/i0.wp.com\/www.jojoenherbe.com\/wp-content\/uploads\/2019\/05\/Sur-la-route-de-Gr%C3%A9oli%C3%A8res-arc-en-ciel.jpg?resize=150%2C150&amp;ssl=1 150w, https:\/\/i0.wp.com\/www.jojoenherbe.com\/wp-content\/uploads\/2019\/05\/Sur-la-route-de-Gr%C3%A9oli%C3%A8res-arc-en-ciel.jpg?zoom=2&amp;resize=150%2C150 300w, https:\/\/i0.wp.com\/www.jojoenherbe.com\/wp-content\/uploads\/2019\/05\/Sur-la-route-de-Gr%C3%A9oli%C3%A8res-arc-en-ciel.jpg?zoom=3&amp;resize=150%2C150 450w\" sizes=\"auto, (max-width: 150px) 100vw, 150px\" \/><\/a>Qui dit soleil et pluie en m\u00eame temps, dit arc-en-ciel. Nous avons de la chance et pouvons en observer un pendant un long moment: d&rsquo;abord au-dessus des arbres, puis du Cheiron et enfin sur la route descendant \u00e0 Gr\u00e9oli\u00e8res.<\/em><\/p>\n<p><iframe loading=\"lazy\" style=\"border: 0;\" src=\"https:\/\/www.google.com\/maps\/embed?pb=!1m18!1m12!1m3!1d23017.025722299935!2d6.70923041551966!3d43.853171113339904!2m3!1f0!2f0!3f0!3m2!1i1024!2i768!4f13.1!3m3!1m2!1s0x12cc15a26040233f%3A0xb27c6ff45ccd2ef1!2sClue+de+Saint-Auban!5e0!3m2!1sfr!2sfr!4v1556808901540!5m2!1sfr!2sfr\" width=\"400\" height=\"300\" frameborder=\"0\" allowfullscreen=\"allowfullscreen\"><\/iframe><\/p>\n","protected":false},"excerpt":{"rendered":"<p>En ce 1er mai 2019, nous partons \u00e0 la d\u00e9couverte des clues de Haute-Provence, dans le secteur Sud de Puget-Th\u00e9niers. Nous prenons la D2211A en direction de La Penne, petit village entour\u00e9 de prairies et dont nous apercevons au sommet un pigeonnier qui semble bien conserv\u00e9. Puis nous passons \u00e0 c\u00f4t\u00e9 de la Clue de [&hellip;]<\/p>\n","protected":false},"author":1,"featured_media":5769,"comment_status":"open","ping_status":"open","sticky":false,"template":"","format":"standard","meta":{"jetpack_post_was_ever_published":false,"_jetpack_newsletter_access":"","_jetpack_dont_email_post_to_subs":false,"_jetpack_newsletter_tier_id":0,"_jetpack_memberships_contains_paywalled_content":false,"_jetpack_memberships_contains_paid_content":false,"footnotes":""},"categories":[128],"tags":[25,561,557,562,559,5,306,558,560],"class_list":["post-5760","post","type-post","status-publish","format-standard","has-post-thumbnail","hentry","category-mini-baladeur","tag-alpes-maritimes","tag-clue-de-saint-auban","tag-clues","tag-clues-de-haute-provence","tag-la-penne","tag-paca","tag-parc-naturel-regional-des-prealpes-dazur","tag-puget-theniers","tag-saint-auban","post-preview"],"jetpack_featured_media_url":"https:\/\/i0.wp.com\/www.jojoenherbe.com\/wp-content\/uploads\/2019\/05\/Clue-de-Saint-Auban-2.jpg?fit=5184%2C3888&ssl=1","jetpack_sharing_enabled":true,"jetpack_shortlink":"https:\/\/wp.me\/p9zhGx-1uU","jetpack_likes_enabled":true,"jetpack-related-posts":[{"id":10980,"url":"https:\/\/www.jojoenherbe.com\/index.php\/2020\/05\/16\/semaine-20-du-projet-52-2020-moyen-de-transport\/","url_meta":{"origin":5760,"position":0},"title":"Semaine 20 du Projet 52-2020: Moyen de transport","author":"Jojo","date":"16 mai 2020","format":false,"excerpt":"Pour la semaine 20 du Projet 52-2020 de Du c\u00f4t\u00e9 de chez Ma', le th\u00e8me est \"Moyen de transport\". Voici une photo du train des Pignes avec sa locomotive \u00e0 vapeur au d\u00e9part de la gare d'Entrevaux, en octobre 2019. Il est possible d'y monter l'\u00e9t\u00e9 entre Puget-Th\u00e9niers et Annot.","rel":"","context":"Dans &quot;mini photographe&quot;","block_context":{"text":"mini photographe","link":"https:\/\/www.jojoenherbe.com\/index.php\/category\/mini-photographe\/"},"img":{"alt_text":"","src":"https:\/\/i0.wp.com\/www.jojoenherbe.com\/wp-content\/uploads\/2020\/05\/Train-des-Pignes-Entrevaux-scaled.jpg?fit=1200%2C805&ssl=1&resize=350%2C200","width":350,"height":200,"srcset":"https:\/\/i0.wp.com\/www.jojoenherbe.com\/wp-content\/uploads\/2020\/05\/Train-des-Pignes-Entrevaux-scaled.jpg?fit=1200%2C805&ssl=1&resize=350%2C200 1x, https:\/\/i0.wp.com\/www.jojoenherbe.com\/wp-content\/uploads\/2020\/05\/Train-des-Pignes-Entrevaux-scaled.jpg?fit=1200%2C805&ssl=1&resize=525%2C300 1.5x, https:\/\/i0.wp.com\/www.jojoenherbe.com\/wp-content\/uploads\/2020\/05\/Train-des-Pignes-Entrevaux-scaled.jpg?fit=1200%2C805&ssl=1&resize=700%2C400 2x, https:\/\/i0.wp.com\/www.jojoenherbe.com\/wp-content\/uploads\/2020\/05\/Train-des-Pignes-Entrevaux-scaled.jpg?fit=1200%2C805&ssl=1&resize=1050%2C600 3x"},"classes":[]},{"id":2130,"url":"https:\/\/www.jojoenherbe.com\/index.php\/2018\/04\/03\/balade-a-annot\/","url_meta":{"origin":5760,"position":1},"title":"Balade \u00e0 Annot","author":"Jojo","date":"3 avril 2018","format":false,"excerpt":"Ce 31 mars 2018, nous partons \u00e0 Annot. En raison de travaux de voirie, nous n'empruntons par l'itin\u00e9raire habituel, une d\u00e9viation \u00e9tant mise en place au niveau de la gare de Tin\u00e9e. La route est \u00e0 double sens jusqu'au viaduc de la Mescla. Puis nous r\u00e9cup\u00e9rons la route 202 en\u2026","rel":"","context":"Dans &quot;Mini baladeur&quot;","block_context":{"text":"Mini baladeur","link":"https:\/\/www.jojoenherbe.com\/index.php\/category\/mini-crapahuteur\/mini-baladeur\/"},"img":{"alt_text":"","src":"https:\/\/i0.wp.com\/www.jojoenherbe.com\/wp-content\/uploads\/2018\/04\/pont-sur-la-Va%C3%AFre-Annot.jpg?fit=1200%2C900&ssl=1&resize=350%2C200","width":350,"height":200,"srcset":"https:\/\/i0.wp.com\/www.jojoenherbe.com\/wp-content\/uploads\/2018\/04\/pont-sur-la-Va%C3%AFre-Annot.jpg?fit=1200%2C900&ssl=1&resize=350%2C200 1x, https:\/\/i0.wp.com\/www.jojoenherbe.com\/wp-content\/uploads\/2018\/04\/pont-sur-la-Va%C3%AFre-Annot.jpg?fit=1200%2C900&ssl=1&resize=525%2C300 1.5x, https:\/\/i0.wp.com\/www.jojoenherbe.com\/wp-content\/uploads\/2018\/04\/pont-sur-la-Va%C3%AFre-Annot.jpg?fit=1200%2C900&ssl=1&resize=700%2C400 2x, https:\/\/i0.wp.com\/www.jojoenherbe.com\/wp-content\/uploads\/2018\/04\/pont-sur-la-Va%C3%AFre-Annot.jpg?fit=1200%2C900&ssl=1&resize=1050%2C600 3x"},"classes":[]},{"id":2391,"url":"https:\/\/www.jojoenherbe.com\/index.php\/2007\/05\/23\/balade-autour-du-lac-de-castillon-a-saint-julien-du-verdon\/","url_meta":{"origin":5760,"position":2},"title":"Balade autour du lac de Castillon \u00e0 Saint-Julien-du-Verdon","author":"Jojo","date":"23 mai 2007","format":false,"excerpt":"Ce 20 mai 2007, nous nous rendons \u00e0 Saint-Julien-du-Verdon et plus exactement \u00e0 sa base nautique et ses plages qui sont situ\u00e9es sur la rive gauche du lac de Castillon. Ce lac est un des lacs artificiels du Verdon, en amont du lac de Sainte-Croix. Il existe depuis la cr\u00e9ation\u2026","rel":"","context":"Dans &quot;Mini baladeur&quot;","block_context":{"text":"Mini baladeur","link":"https:\/\/www.jojoenherbe.com\/index.php\/category\/mini-crapahuteur\/mini-baladeur\/"},"img":{"alt_text":"","src":"https:\/\/i0.wp.com\/www.jojoenherbe.com\/wp-content\/uploads\/2018\/04\/Lac-de-Castillon-Saint-Julien-du-Verdon.jpg?fit=1200%2C900&ssl=1&resize=350%2C200","width":350,"height":200,"srcset":"https:\/\/i0.wp.com\/www.jojoenherbe.com\/wp-content\/uploads\/2018\/04\/Lac-de-Castillon-Saint-Julien-du-Verdon.jpg?fit=1200%2C900&ssl=1&resize=350%2C200 1x, https:\/\/i0.wp.com\/www.jojoenherbe.com\/wp-content\/uploads\/2018\/04\/Lac-de-Castillon-Saint-Julien-du-Verdon.jpg?fit=1200%2C900&ssl=1&resize=525%2C300 1.5x, https:\/\/i0.wp.com\/www.jojoenherbe.com\/wp-content\/uploads\/2018\/04\/Lac-de-Castillon-Saint-Julien-du-Verdon.jpg?fit=1200%2C900&ssl=1&resize=700%2C400 2x, https:\/\/i0.wp.com\/www.jojoenherbe.com\/wp-content\/uploads\/2018\/04\/Lac-de-Castillon-Saint-Julien-du-Verdon.jpg?fit=1200%2C900&ssl=1&resize=1050%2C600 3x"},"classes":[]},{"id":3643,"url":"https:\/\/www.jojoenherbe.com\/index.php\/2018\/09\/16\/petite-pause-a-la-colle-saint-michel\/","url_meta":{"origin":5760,"position":3},"title":"Petite pause \u00e0 la Colle-Saint-Michel","author":"Jojo","date":"16 septembre 2018","format":false,"excerpt":"Ce 15 septembre 2018, nous faisons une pause \u00e0 la Colle-Saint-Michel, \u00e0 1.430 m\u00e8tres d'altitude, avant d'arriver \u00e0 Colmars-les-Alpes. Qu'il est agr\u00e9able de marcher dans le champ de fleurs! Le parking est un point de d\u00e9part de nombreuses randonn\u00e9es VTT ou p\u00e9destres et \u00e0 skis de fond ou \u00e0 raquettes\u2026","rel":"","context":"Dans &quot;Mini baladeur&quot;","block_context":{"text":"Mini baladeur","link":"https:\/\/www.jojoenherbe.com\/index.php\/category\/mini-crapahuteur\/mini-baladeur\/"},"img":{"alt_text":"","src":"https:\/\/i0.wp.com\/www.jojoenherbe.com\/wp-content\/uploads\/2018\/09\/La-Colle-Saint-Michel-2.jpg?fit=900%2C1200&ssl=1&resize=350%2C200","width":350,"height":200,"srcset":"https:\/\/i0.wp.com\/www.jojoenherbe.com\/wp-content\/uploads\/2018\/09\/La-Colle-Saint-Michel-2.jpg?fit=900%2C1200&ssl=1&resize=350%2C200 1x, https:\/\/i0.wp.com\/www.jojoenherbe.com\/wp-content\/uploads\/2018\/09\/La-Colle-Saint-Michel-2.jpg?fit=900%2C1200&ssl=1&resize=525%2C300 1.5x, https:\/\/i0.wp.com\/www.jojoenherbe.com\/wp-content\/uploads\/2018\/09\/La-Colle-Saint-Michel-2.jpg?fit=900%2C1200&ssl=1&resize=700%2C400 2x"},"classes":[]},{"id":1998,"url":"https:\/\/www.jojoenherbe.com\/index.php\/2018\/03\/26\/les-gorges-du-cians-petite-et-grande-clues\/","url_meta":{"origin":5760,"position":4},"title":"Les Gorges du Cians &#8211; Petite et Grande Clues","author":"Jojo","date":"26 mars 2018","format":false,"excerpt":"Ce 25 mars 2018, nous passons en voiture Tou\u00ebt-sur-Var sur la D6202. A l'Ouest du village, en tournant \u00e0 droite, nous remontons la D28, apr\u00e8s avoir pass\u00e9 le fleuve Var, dont le Cians est un de ses affluents. Nous d\u00e9butons alors les Gorges du Cians passant, selon les lacets, tr\u00e8s\u2026","rel":"","context":"Dans &quot;Mini baladeur&quot;","block_context":{"text":"Mini baladeur","link":"https:\/\/www.jojoenherbe.com\/index.php\/category\/mini-crapahuteur\/mini-baladeur\/"},"img":{"alt_text":"","src":"https:\/\/i0.wp.com\/www.jojoenherbe.com\/wp-content\/uploads\/2018\/03\/Petite-Clue-du-Cians-8.jpg?fit=900%2C1200&ssl=1&resize=350%2C200","width":350,"height":200,"srcset":"https:\/\/i0.wp.com\/www.jojoenherbe.com\/wp-content\/uploads\/2018\/03\/Petite-Clue-du-Cians-8.jpg?fit=900%2C1200&ssl=1&resize=350%2C200 1x, https:\/\/i0.wp.com\/www.jojoenherbe.com\/wp-content\/uploads\/2018\/03\/Petite-Clue-du-Cians-8.jpg?fit=900%2C1200&ssl=1&resize=525%2C300 1.5x, https:\/\/i0.wp.com\/www.jojoenherbe.com\/wp-content\/uploads\/2018\/03\/Petite-Clue-du-Cians-8.jpg?fit=900%2C1200&ssl=1&resize=700%2C400 2x"},"classes":[]},{"id":3276,"url":"https:\/\/www.jojoenherbe.com\/index.php\/2015\/07\/20\/balade-au-col-de-la-cayolle\/","url_meta":{"origin":5760,"position":5},"title":"Balade au col de la Cayolle","author":"Jojo","date":"20 juillet 2015","format":false,"excerpt":"Ce 19 juillet 2015, un peu avant 9h00, nous quittons le camping de Saint-Martin d'Entraunes, apr\u00e8s y avoir pris un petit d\u00e9jeuner sur la terrasse surplombant le Var et nous rendons au col de la Cayolle, \u00e0 la fronti\u00e8re entre les Alpes-Maritimes et les Alpes de Haute-Provence, \u00e0 2.326 m\u00e8tres\u2026","rel":"","context":"Dans &quot;Mini randonneur&quot;","block_context":{"text":"Mini randonneur","link":"https:\/\/www.jojoenherbe.com\/index.php\/category\/mini-crapahuteur\/mini-randonneur\/"},"img":{"alt_text":"","src":"https:\/\/i0.wp.com\/www.jojoenherbe.com\/wp-content\/uploads\/2015\/07\/Col-de-la-Cayolle.jpg?fit=900%2C1200&ssl=1&resize=350%2C200","width":350,"height":200,"srcset":"https:\/\/i0.wp.com\/www.jojoenherbe.com\/wp-content\/uploads\/2015\/07\/Col-de-la-Cayolle.jpg?fit=900%2C1200&ssl=1&resize=350%2C200 1x, https:\/\/i0.wp.com\/www.jojoenherbe.com\/wp-content\/uploads\/2015\/07\/Col-de-la-Cayolle.jpg?fit=900%2C1200&ssl=1&resize=525%2C300 1.5x, https:\/\/i0.wp.com\/www.jojoenherbe.com\/wp-content\/uploads\/2015\/07\/Col-de-la-Cayolle.jpg?fit=900%2C1200&ssl=1&resize=700%2C400 2x"},"classes":[]}],"_links":{"self":[{"href":"https:\/\/www.jojoenherbe.com\/index.php\/wp-json\/wp\/v2\/posts\/5760","targetHints":{"allow":["GET"]}}],"collection":[{"href":"https:\/\/www.jojoenherbe.com\/index.php\/wp-json\/wp\/v2\/posts"}],"about":[{"href":"https:\/\/www.jojoenherbe.com\/index.php\/wp-json\/wp\/v2\/types\/post"}],"author":[{"embeddable":true,"href":"https:\/\/www.jojoenherbe.com\/index.php\/wp-json\/wp\/v2\/users\/1"}],"replies":[{"embeddable":true,"href":"https:\/\/www.jojoenherbe.com\/index.php\/wp-json\/wp\/v2\/comments?post=5760"}],"version-history":[{"count":0,"href":"https:\/\/www.jojoenherbe.com\/index.php\/wp-json\/wp\/v2\/posts\/5760\/revisions"}],"wp:featuredmedia":[{"embeddable":true,"href":"https:\/\/www.jojoenherbe.com\/index.php\/wp-json\/wp\/v2\/media\/5769"}],"wp:attachment":[{"href":"https:\/\/www.jojoenherbe.com\/index.php\/wp-json\/wp\/v2\/media?parent=5760"}],"wp:term":[{"taxonomy":"category","embeddable":true,"href":"https:\/\/www.jojoenherbe.com\/index.php\/wp-json\/wp\/v2\/categories?post=5760"},{"taxonomy":"post_tag","embeddable":true,"href":"https:\/\/www.jojoenherbe.com\/index.php\/wp-json\/wp\/v2\/tags?post=5760"}],"curies":[{"name":"wp","href":"https:\/\/api.w.org\/{rel}","templated":true}]}}