{"id":5369,"date":"2019-04-02T14:43:51","date_gmt":"2019-04-02T12:43:51","guid":{"rendered":"http:\/\/www.jojoenherbe.com\/?p=5369"},"modified":"2022-01-31T11:02:50","modified_gmt":"2022-01-31T10:02:50","slug":"au-fil-des-pages-avec-banquise-blues","status":"publish","type":"post","link":"https:\/\/www.jojoenherbe.com\/index.php\/2019\/04\/02\/au-fil-des-pages-avec-banquise-blues\/","title":{"rendered":"Au fil des pages avec Banquise blues"},"content":{"rendered":"<p style=\"text-align: justify;\"><em><a href=\"https:\/\/i0.wp.com\/www.jojoenherbe.com\/wp-content\/uploads\/2019\/04\/Banquise-blues-2.jpg\"><img data-recalc-dims=\"1\" loading=\"lazy\" decoding=\"async\" data-attachment-id=\"5371\" data-permalink=\"https:\/\/www.jojoenherbe.com\/index.php\/2019\/04\/02\/au-fil-des-pages-avec-banquise-blues\/banquise-blues-2\/\" data-orig-file=\"https:\/\/i0.wp.com\/www.jojoenherbe.com\/wp-content\/uploads\/2019\/04\/Banquise-blues-2.jpg?fit=2448%2C2748&amp;ssl=1\" data-orig-size=\"2448,2748\" data-comments-opened=\"1\" data-image-meta=\"{&quot;aperture&quot;:&quot;2.4&quot;,&quot;credit&quot;:&quot;&quot;,&quot;camera&quot;:&quot;iPhone 4S&quot;,&quot;caption&quot;:&quot;&quot;,&quot;created_timestamp&quot;:&quot;1553698695&quot;,&quot;copyright&quot;:&quot;&quot;,&quot;focal_length&quot;:&quot;4.28&quot;,&quot;iso&quot;:&quot;125&quot;,&quot;shutter_speed&quot;:&quot;0.05&quot;,&quot;title&quot;:&quot;&quot;,&quot;orientation&quot;:&quot;1&quot;}\" data-image-title=\"Banquise blues 2\" data-image-description=\"\" data-image-caption=\"\" data-large-file=\"https:\/\/i0.wp.com\/www.jojoenherbe.com\/wp-content\/uploads\/2019\/04\/Banquise-blues-2.jpg?fit=676%2C759&amp;ssl=1\" class=\"alignleft size-thumbnail wp-image-5371\" src=\"https:\/\/i0.wp.com\/www.jojoenherbe.com\/wp-content\/uploads\/2019\/04\/Banquise-blues-2.jpg?resize=150%2C150\" alt=\"\" width=\"150\" height=\"150\" srcset=\"https:\/\/i0.wp.com\/www.jojoenherbe.com\/wp-content\/uploads\/2019\/04\/Banquise-blues-2.jpg?resize=150%2C150&amp;ssl=1 150w, https:\/\/i0.wp.com\/www.jojoenherbe.com\/wp-content\/uploads\/2019\/04\/Banquise-blues-2.jpg?zoom=2&amp;resize=150%2C150 300w, https:\/\/i0.wp.com\/www.jojoenherbe.com\/wp-content\/uploads\/2019\/04\/Banquise-blues-2.jpg?zoom=3&amp;resize=150%2C150 450w\" sizes=\"auto, (max-width: 150px) 100vw, 150px\" \/><\/a> <a href=\"https:\/\/i0.wp.com\/www.jojoenherbe.com\/wp-content\/uploads\/2019\/04\/Banquise-blues-3.jpg\"><img data-recalc-dims=\"1\" loading=\"lazy\" decoding=\"async\" data-attachment-id=\"5372\" data-permalink=\"https:\/\/www.jojoenherbe.com\/index.php\/2019\/04\/02\/au-fil-des-pages-avec-banquise-blues\/banquise-blues-3\/\" data-orig-file=\"https:\/\/i0.wp.com\/www.jojoenherbe.com\/wp-content\/uploads\/2019\/04\/Banquise-blues-3.jpg?fit=3158%2C2327&amp;ssl=1\" data-orig-size=\"3158,2327\" data-comments-opened=\"1\" data-image-meta=\"{&quot;aperture&quot;:&quot;2.4&quot;,&quot;credit&quot;:&quot;&quot;,&quot;camera&quot;:&quot;iPhone 4S&quot;,&quot;caption&quot;:&quot;&quot;,&quot;created_timestamp&quot;:&quot;1553698718&quot;,&quot;copyright&quot;:&quot;&quot;,&quot;focal_length&quot;:&quot;4.28&quot;,&quot;iso&quot;:&quot;100&quot;,&quot;shutter_speed&quot;:&quot;0.05&quot;,&quot;title&quot;:&quot;&quot;,&quot;orientation&quot;:&quot;1&quot;}\" data-image-title=\"Banquise blues 3\" data-image-description=\"\" data-image-caption=\"\" data-large-file=\"https:\/\/i0.wp.com\/www.jojoenherbe.com\/wp-content\/uploads\/2019\/04\/Banquise-blues-3.jpg?fit=676%2C498&amp;ssl=1\" class=\"alignleft size-thumbnail wp-image-5372\" src=\"https:\/\/i0.wp.com\/www.jojoenherbe.com\/wp-content\/uploads\/2019\/04\/Banquise-blues-3.jpg?resize=150%2C150\" alt=\"\" width=\"150\" height=\"150\" srcset=\"https:\/\/i0.wp.com\/www.jojoenherbe.com\/wp-content\/uploads\/2019\/04\/Banquise-blues-3.jpg?resize=150%2C150&amp;ssl=1 150w, https:\/\/i0.wp.com\/www.jojoenherbe.com\/wp-content\/uploads\/2019\/04\/Banquise-blues-3.jpg?zoom=2&amp;resize=150%2C150 300w, https:\/\/i0.wp.com\/www.jojoenherbe.com\/wp-content\/uploads\/2019\/04\/Banquise-blues-3.jpg?zoom=3&amp;resize=150%2C150 450w\" sizes=\"auto, (max-width: 150px) 100vw, 150px\" \/><\/a>Un vrai petit r\u00e9gal que <span style=\"text-decoration: underline;\">Banquise Blues<\/span> de Jory John et Lane Smith (\u00e9d. Gallimard Jeunesse, 2018), un album jeunesse \u00e0 partir de 3 ans et qui a fait partie de la s\u00e9lection CP du 31e Prix des Incos en 2020. Nous lisons cet album jeunesse avec beaucoup de rire (peut-\u00eatre plus chez le parent que l&rsquo;enfant surtout si ce dernier est encore petit). Pourtant, le petit manchot empereur de l&rsquo;histoire ne fait que se plaindre et r\u00e2ler: du froid, de la blancheur de la banquise, de son \u00eatre m\u00eame, etc. Les paroles d&rsquo;un morse lui permettront-elles de changer sa nature? Pas si s\u00fbr&#8230; Tout est bien r\u00e9sum\u00e9 au dos de la couverture: \u00ab\u00a0Oui je r\u00e2le et alors?\u00a0\u00bb. Encore un coup de c\u0153ur d\u00e9nich\u00e9 \u00e0 la m\u00e9diath\u00e8que et que nous avons fini par acheter! Cette histoire toute rigolote peut \u00eatre transpos\u00e9e sans probl\u00e8me \u00e0 notre vie quotidienne car n&rsquo;avons-nous pas tous un peu en nous ce c\u00f4t\u00e9 r\u00e2leur&#8230;<br \/>\n<\/em><\/p>\n<div id=\"attachment_33643\" style=\"width: 164px\" class=\"wp-caption aligncenter\"><img data-recalc-dims=\"1\" loading=\"lazy\" decoding=\"async\" aria-describedby=\"caption-attachment-33643\" class=\"wp-image-33643\" src=\"https:\/\/i0.wp.com\/delivrer-des-livres.fr\/wp-content\/uploads\/2019\/01\/petit-bac-2019.jpg?resize=154%2C117\" sizes=\"auto, (max-width: 200px) 100vw, 200px\" srcset=\"http:\/\/delivrer-des-livres.fr\/wp-content\/uploads\/2019\/01\/petit-bac-2019.jpg 285w, http:\/\/delivrer-des-livres.fr\/wp-content\/uploads\/2019\/01\/petit-bac-2019-150x114.jpg 150w\" alt=\"\" width=\"154\" height=\"117\" \/><p id=\"caption-attachment-33643\" class=\"wp-caption-text\"><a href=\"https:\/\/ennalit.wordpress.com\/2018\/12\/01\/challenge-petit-bac-2019-qui-veut-jouer\/\">Challenge Petit Bac d&rsquo;Enna<\/a> &#8211; #3 cat\u00e9gorie Lieu : \u00ab\u00a0Banquise\u00a0\u00bb<\/p><\/div>\n","protected":false},"excerpt":{"rendered":"<p>Un vrai petit r\u00e9gal que Banquise Blues de Jory John et Lane Smith (\u00e9d. Gallimard Jeunesse, 2018), un album jeunesse \u00e0 partir de 3 ans et qui a fait partie de la s\u00e9lection CP du 31e Prix des Incos en 2020. Nous lisons cet album jeunesse avec beaucoup de rire (peut-\u00eatre plus chez le parent [&hellip;]<\/p>\n","protected":false},"author":1,"featured_media":17413,"comment_status":"open","ping_status":"open","sticky":false,"template":"","format":"standard","meta":{"jetpack_post_was_ever_published":false,"_jetpack_newsletter_access":"","_jetpack_dont_email_post_to_subs":false,"_jetpack_newsletter_tier_id":0,"_jetpack_memberships_contains_paywalled_content":false,"_jetpack_memberships_contains_paid_content":false,"footnotes":""},"categories":[363],"tags":[785,409,387,1349,521,538,1453,1447,367,520,523,1673,2396,522],"class_list":["post-5369","post","type-post","status-publish","format-standard","has-post-thumbnail","hentry","category-mini-lecteur","tag-3-6-ans","tag-albums-jeunesse","tag-banquise","tag-challenge-petit-bac-2019","tag-depression","tag-humour","tag-jory-john","tag-lane-smith","tag-lecture-jeunesse","tag-manchot-empereur","tag-morse","tag-prix-des-incos","tag-prix-des-incos-2020","tag-raleur","post-preview"],"jetpack_featured_media_url":"https:\/\/i0.wp.com\/www.jojoenherbe.com\/wp-content\/uploads\/2019\/04\/Banquise-Blues-1-scaled.jpg?fit=2560%2C1920&ssl=1","jetpack_sharing_enabled":true,"jetpack_shortlink":"https:\/\/wp.me\/p9zhGx-1oB","jetpack_likes_enabled":true,"jetpack-related-posts":[{"id":7956,"url":"https:\/\/www.jojoenherbe.com\/index.php\/2019\/10\/10\/au-fil-des-pages-avec-alors-ca-mord\/","url_meta":{"origin":5369,"position":0},"title":"Au fil des pages avec Alors, \u00e7a mord?","author":"Jojo","date":"10 octobre 2019","format":false,"excerpt":"Nous empruntons \u00e0 la biblioth\u00e8que Alors, \u00e7a mord? de Jean Gourounas (\u00e9d. L'atelier du poisson soluble, 2016), un album jeunesse \u00e0 partir de 3 ans totalement loufoque, surr\u00e9aliste et qui n'est surtout pas un manuel de p\u00eache. Il fait d'ailleurs partie d'une s\u00e9rie avec les m\u00eames personnages: Elle est bonne?\u2026","rel":"","context":"Dans &quot;Mini lecteur&quot;","block_context":{"text":"Mini lecteur","link":"https:\/\/www.jojoenherbe.com\/index.php\/category\/mini-lecteur\/"},"img":{"alt_text":"","src":"https:\/\/i0.wp.com\/www.jojoenherbe.com\/wp-content\/uploads\/2019\/10\/Alors-ca-mord-scaled.jpg?fit=1200%2C900&ssl=1&resize=350%2C200","width":350,"height":200,"srcset":"https:\/\/i0.wp.com\/www.jojoenherbe.com\/wp-content\/uploads\/2019\/10\/Alors-ca-mord-scaled.jpg?fit=1200%2C900&ssl=1&resize=350%2C200 1x, https:\/\/i0.wp.com\/www.jojoenherbe.com\/wp-content\/uploads\/2019\/10\/Alors-ca-mord-scaled.jpg?fit=1200%2C900&ssl=1&resize=525%2C300 1.5x, https:\/\/i0.wp.com\/www.jojoenherbe.com\/wp-content\/uploads\/2019\/10\/Alors-ca-mord-scaled.jpg?fit=1200%2C900&ssl=1&resize=700%2C400 2x, https:\/\/i0.wp.com\/www.jojoenherbe.com\/wp-content\/uploads\/2019\/10\/Alors-ca-mord-scaled.jpg?fit=1200%2C900&ssl=1&resize=1050%2C600 3x"},"classes":[]},{"id":25607,"url":"https:\/\/www.jojoenherbe.com\/index.php\/2022\/05\/25\/nos-lectures-de-la-selection-maternelle-du-prix-des-incos-2022\/","url_meta":{"origin":5369,"position":1},"title":"Nos lectures de la s\u00e9lection Maternelle du Prix des Incos 2022","author":"Jojo","date":"25 mai 2022","format":false,"excerpt":"Lorsque la s\u00e9lection Maternelle du 33\u00e8me Prix des Incos 2021\/2022 est parue, nous avons d\u00e9couvert avec plaisir que nous connaissions d\u00e9j\u00e0 4 albums jeunesse sur les 6 s\u00e9lectionn\u00e9s. La grande glissade de l\u2019ours de Richard T. Morris et LeUyen Pham (\u00e9d. Albin Michel Jeunesse, 2020), un album jeunesse \u00e0 partir\u2026","rel":"","context":"Dans &quot;Mini lecteur&quot;","block_context":{"text":"Mini lecteur","link":"https:\/\/www.jojoenherbe.com\/index.php\/category\/mini-lecteur\/"},"img":{"alt_text":"","src":"https:\/\/i0.wp.com\/www.jojoenherbe.com\/wp-content\/uploads\/2022\/05\/Selection-Maternelle-Prix-des-Incos-2022-scaled.jpg?fit=1200%2C951&ssl=1&resize=350%2C200","width":350,"height":200,"srcset":"https:\/\/i0.wp.com\/www.jojoenherbe.com\/wp-content\/uploads\/2022\/05\/Selection-Maternelle-Prix-des-Incos-2022-scaled.jpg?fit=1200%2C951&ssl=1&resize=350%2C200 1x, https:\/\/i0.wp.com\/www.jojoenherbe.com\/wp-content\/uploads\/2022\/05\/Selection-Maternelle-Prix-des-Incos-2022-scaled.jpg?fit=1200%2C951&ssl=1&resize=525%2C300 1.5x, https:\/\/i0.wp.com\/www.jojoenherbe.com\/wp-content\/uploads\/2022\/05\/Selection-Maternelle-Prix-des-Incos-2022-scaled.jpg?fit=1200%2C951&ssl=1&resize=700%2C400 2x, https:\/\/i0.wp.com\/www.jojoenherbe.com\/wp-content\/uploads\/2022\/05\/Selection-Maternelle-Prix-des-Incos-2022-scaled.jpg?fit=1200%2C951&ssl=1&resize=1050%2C600 3x"},"classes":[]},{"id":17295,"url":"https:\/\/www.jojoenherbe.com\/index.php\/2021\/04\/19\/nos-lectures-de-la-selection-maternelle-du-prix-des-incos-2021\/","url_meta":{"origin":5369,"position":2},"title":"Nos lectures de la s\u00e9lection Maternelle du Prix des Incos 2021","author":"Jojo","date":"19 avril 2021","format":false,"excerpt":"Cette ann\u00e9e et comme d\u00e9j\u00e0 l'ann\u00e9e derni\u00e8re, nous avons pu lire la s\u00e9lection Maternelle du 32\u00e8me Prix des Incos 2020\/2021: Le bon c\u00f4t\u00e9 du mur de Jon Agee (\u00e9d. Gallimard Jeunesse, 2019), un album jeunesse \u00e0 partir de 3 ans. Au milieu du livre, il y a un mur. Un\u2026","rel":"","context":"Dans &quot;Mini lecteur&quot;","block_context":{"text":"Mini lecteur","link":"https:\/\/www.jojoenherbe.com\/index.php\/category\/mini-lecteur\/"},"img":{"alt_text":"","src":"https:\/\/i0.wp.com\/www.jojoenherbe.com\/wp-content\/uploads\/2021\/04\/Selection-Maternelle-Prix-des-Incos-2021-scaled.jpg?fit=1200%2C900&ssl=1&resize=350%2C200","width":350,"height":200,"srcset":"https:\/\/i0.wp.com\/www.jojoenherbe.com\/wp-content\/uploads\/2021\/04\/Selection-Maternelle-Prix-des-Incos-2021-scaled.jpg?fit=1200%2C900&ssl=1&resize=350%2C200 1x, https:\/\/i0.wp.com\/www.jojoenherbe.com\/wp-content\/uploads\/2021\/04\/Selection-Maternelle-Prix-des-Incos-2021-scaled.jpg?fit=1200%2C900&ssl=1&resize=525%2C300 1.5x, https:\/\/i0.wp.com\/www.jojoenherbe.com\/wp-content\/uploads\/2021\/04\/Selection-Maternelle-Prix-des-Incos-2021-scaled.jpg?fit=1200%2C900&ssl=1&resize=700%2C400 2x, https:\/\/i0.wp.com\/www.jojoenherbe.com\/wp-content\/uploads\/2021\/04\/Selection-Maternelle-Prix-des-Incos-2021-scaled.jpg?fit=1200%2C900&ssl=1&resize=1050%2C600 3x"},"classes":[]},{"id":24873,"url":"https:\/\/www.jojoenherbe.com\/index.php\/2022\/04\/14\/au-fil-des-pages-avec-le-cerf-volant-de-toshiro\/","url_meta":{"origin":5369,"position":3},"title":"Au fil des pages avec Le cerf-volant de Toshiro","author":"Jojo","date":"14 avril 2022","format":false,"excerpt":"Lors d'un Mois au Japon 2021, nous avions lu Le cerf-volant de Toshiro de Ghislaine Roman et St\u00e9phane Nicolet (\u00e9d. Nathan Jeunesse, 2018), un album jeunesse \u00e0 partir de 3 ans selon l'\u00e9diteur (mais je dirai plut\u00f4t 5\/6 ans) et qui a fait partie de la s\u00e9lection CE1 du 31e\u2026","rel":"","context":"Dans &quot;Mini lecteur&quot;","block_context":{"text":"Mini lecteur","link":"https:\/\/www.jojoenherbe.com\/index.php\/category\/mini-lecteur\/"},"img":{"alt_text":"","src":"https:\/\/i0.wp.com\/www.jojoenherbe.com\/wp-content\/uploads\/2022\/04\/Le-cerf-volant-de-Toshiro-scaled.jpg?fit=1200%2C858&ssl=1&resize=350%2C200","width":350,"height":200,"srcset":"https:\/\/i0.wp.com\/www.jojoenherbe.com\/wp-content\/uploads\/2022\/04\/Le-cerf-volant-de-Toshiro-scaled.jpg?fit=1200%2C858&ssl=1&resize=350%2C200 1x, https:\/\/i0.wp.com\/www.jojoenherbe.com\/wp-content\/uploads\/2022\/04\/Le-cerf-volant-de-Toshiro-scaled.jpg?fit=1200%2C858&ssl=1&resize=525%2C300 1.5x, https:\/\/i0.wp.com\/www.jojoenherbe.com\/wp-content\/uploads\/2022\/04\/Le-cerf-volant-de-Toshiro-scaled.jpg?fit=1200%2C858&ssl=1&resize=700%2C400 2x, https:\/\/i0.wp.com\/www.jojoenherbe.com\/wp-content\/uploads\/2022\/04\/Le-cerf-volant-de-Toshiro-scaled.jpg?fit=1200%2C858&ssl=1&resize=1050%2C600 3x"},"classes":[]},{"id":29309,"url":"https:\/\/www.jojoenherbe.com\/index.php\/2023\/01\/22\/au-fil-des-pages-avec-un-amour-de-petite-soeur\/","url_meta":{"origin":5369,"position":4},"title":"Au fil des pages avec Un amour de petite s\u0153ur","author":"Jojo","date":"22 janvier 2023","format":false,"excerpt":"Pendant les vacances de No\u00ebl, nous avons lu Un amour de petite s\u0153ur de Jean-Baptiste Baronian et Noris Kern (\u00e9d. Gallimard Jeunesse, 2005), un album jeunesse \u00e0 partir de 3 ans. En pleine hibernation, Valentine se r\u00e9veille pour poursuivre un oiseau, son grand fr\u00e8re Polo veillant sur elle. En chemin,\u2026","rel":"","context":"Dans &quot;Mini lecteur&quot;","block_context":{"text":"Mini lecteur","link":"https:\/\/www.jojoenherbe.com\/index.php\/category\/mini-lecteur\/"},"img":{"alt_text":"","src":"https:\/\/i0.wp.com\/www.jojoenherbe.com\/wp-content\/uploads\/2023\/01\/Un-amour-de-petite-soeur-scaled.jpg?fit=1200%2C904&ssl=1&resize=350%2C200","width":350,"height":200,"srcset":"https:\/\/i0.wp.com\/www.jojoenherbe.com\/wp-content\/uploads\/2023\/01\/Un-amour-de-petite-soeur-scaled.jpg?fit=1200%2C904&ssl=1&resize=350%2C200 1x, https:\/\/i0.wp.com\/www.jojoenherbe.com\/wp-content\/uploads\/2023\/01\/Un-amour-de-petite-soeur-scaled.jpg?fit=1200%2C904&ssl=1&resize=525%2C300 1.5x, https:\/\/i0.wp.com\/www.jojoenherbe.com\/wp-content\/uploads\/2023\/01\/Un-amour-de-petite-soeur-scaled.jpg?fit=1200%2C904&ssl=1&resize=700%2C400 2x, https:\/\/i0.wp.com\/www.jojoenherbe.com\/wp-content\/uploads\/2023\/01\/Un-amour-de-petite-soeur-scaled.jpg?fit=1200%2C904&ssl=1&resize=1050%2C600 3x"},"classes":[]},{"id":11638,"url":"https:\/\/www.jojoenherbe.com\/index.php\/2020\/07\/26\/au-fil-des-pages-avec-pas-de-panique-petit-crabe\/","url_meta":{"origin":5369,"position":5},"title":"Au fil des pages avec Pas de panique, petit crabe","author":"Jojo","date":"26 juillet 2020","format":false,"excerpt":"Nous empruntons \u00e0 la m\u00e9diath\u00e8que Pas de panique, petit crabe de Chris Haughton (\u00e9d. Thierry Magnier, 2019), un album jeunesse \u00e0 partir de 3 ans et qui fera partie de la s\u00e9lection Maternelle du 33e Prix des Incos en 2022. Il s'agit du dernier album publi\u00e9 \u00e0 ce jour par\u2026","rel":"","context":"Dans &quot;Mini lecteur&quot;","block_context":{"text":"Mini lecteur","link":"https:\/\/www.jojoenherbe.com\/index.php\/category\/mini-lecteur\/"},"img":{"alt_text":"","src":"https:\/\/i0.wp.com\/www.jojoenherbe.com\/wp-content\/uploads\/2020\/07\/Pas-de-panique-petit-crabe-scaled.jpg?fit=1200%2C851&ssl=1&resize=350%2C200","width":350,"height":200,"srcset":"https:\/\/i0.wp.com\/www.jojoenherbe.com\/wp-content\/uploads\/2020\/07\/Pas-de-panique-petit-crabe-scaled.jpg?fit=1200%2C851&ssl=1&resize=350%2C200 1x, https:\/\/i0.wp.com\/www.jojoenherbe.com\/wp-content\/uploads\/2020\/07\/Pas-de-panique-petit-crabe-scaled.jpg?fit=1200%2C851&ssl=1&resize=525%2C300 1.5x, https:\/\/i0.wp.com\/www.jojoenherbe.com\/wp-content\/uploads\/2020\/07\/Pas-de-panique-petit-crabe-scaled.jpg?fit=1200%2C851&ssl=1&resize=700%2C400 2x, https:\/\/i0.wp.com\/www.jojoenherbe.com\/wp-content\/uploads\/2020\/07\/Pas-de-panique-petit-crabe-scaled.jpg?fit=1200%2C851&ssl=1&resize=1050%2C600 3x"},"classes":[]}],"_links":{"self":[{"href":"https:\/\/www.jojoenherbe.com\/index.php\/wp-json\/wp\/v2\/posts\/5369","targetHints":{"allow":["GET"]}}],"collection":[{"href":"https:\/\/www.jojoenherbe.com\/index.php\/wp-json\/wp\/v2\/posts"}],"about":[{"href":"https:\/\/www.jojoenherbe.com\/index.php\/wp-json\/wp\/v2\/types\/post"}],"author":[{"embeddable":true,"href":"https:\/\/www.jojoenherbe.com\/index.php\/wp-json\/wp\/v2\/users\/1"}],"replies":[{"embeddable":true,"href":"https:\/\/www.jojoenherbe.com\/index.php\/wp-json\/wp\/v2\/comments?post=5369"}],"version-history":[{"count":0,"href":"https:\/\/www.jojoenherbe.com\/index.php\/wp-json\/wp\/v2\/posts\/5369\/revisions"}],"wp:featuredmedia":[{"embeddable":true,"href":"https:\/\/www.jojoenherbe.com\/index.php\/wp-json\/wp\/v2\/media\/17413"}],"wp:attachment":[{"href":"https:\/\/www.jojoenherbe.com\/index.php\/wp-json\/wp\/v2\/media?parent=5369"}],"wp:term":[{"taxonomy":"category","embeddable":true,"href":"https:\/\/www.jojoenherbe.com\/index.php\/wp-json\/wp\/v2\/categories?post=5369"},{"taxonomy":"post_tag","embeddable":true,"href":"https:\/\/www.jojoenherbe.com\/index.php\/wp-json\/wp\/v2\/tags?post=5369"}],"curies":[{"name":"wp","href":"https:\/\/api.w.org\/{rel}","templated":true}]}}