{"id":5075,"date":"2019-03-17T22:39:02","date_gmt":"2019-03-17T21:39:02","guid":{"rendered":"http:\/\/www.jojoenherbe.com\/?p=5075"},"modified":"2019-03-18T09:06:43","modified_gmt":"2019-03-18T08:06:43","slug":"des-fleurs-printanieres-parsemant-le-parc-daudet-peymeinade","status":"publish","type":"post","link":"https:\/\/www.jojoenherbe.com\/index.php\/2019\/03\/17\/des-fleurs-printanieres-parsemant-le-parc-daudet-peymeinade\/","title":{"rendered":"Des fleurs printani\u00e8res parsemant le parc Daudet &#8211; Peymeinade"},"content":{"rendered":"<div id=\"attachment_5078\" style=\"width: 160px\" class=\"wp-caption alignleft\"><a href=\"https:\/\/i0.wp.com\/www.jojoenherbe.com\/wp-content\/uploads\/2019\/03\/parc-Daudet-Peymeinade-3.jpg\"><img data-recalc-dims=\"1\" loading=\"lazy\" decoding=\"async\" aria-describedby=\"caption-attachment-5078\" data-attachment-id=\"5078\" data-permalink=\"https:\/\/www.jojoenherbe.com\/index.php\/2019\/03\/17\/des-fleurs-printanieres-parsemant-le-parc-daudet-peymeinade\/parc-daudet-peymeinade-3\/\" data-orig-file=\"https:\/\/i0.wp.com\/www.jojoenherbe.com\/wp-content\/uploads\/2019\/03\/parc-Daudet-Peymeinade-3.jpg?fit=3888%2C5184&amp;ssl=1\" data-orig-size=\"3888,5184\" data-comments-opened=\"1\" data-image-meta=\"{&quot;aperture&quot;:&quot;3.2&quot;,&quot;credit&quot;:&quot;&quot;,&quot;camera&quot;:&quot;DSC-HX400V&quot;,&quot;caption&quot;:&quot;&quot;,&quot;created_timestamp&quot;:&quot;1552827596&quot;,&quot;copyright&quot;:&quot;&quot;,&quot;focal_length&quot;:&quot;8.22&quot;,&quot;iso&quot;:&quot;80&quot;,&quot;shutter_speed&quot;:&quot;0.004&quot;,&quot;title&quot;:&quot;&quot;,&quot;orientation&quot;:&quot;1&quot;}\" data-image-title=\"parc Daudet &amp;#8211; Peymeinade 3\" data-image-description=\"\" data-image-caption=\"&lt;p&gt;Orchid\u00e9e&lt;\/p&gt;\n\" data-large-file=\"https:\/\/i0.wp.com\/www.jojoenherbe.com\/wp-content\/uploads\/2019\/03\/parc-Daudet-Peymeinade-3.jpg?fit=676%2C901&amp;ssl=1\" class=\"size-thumbnail wp-image-5078\" src=\"https:\/\/i0.wp.com\/www.jojoenherbe.com\/wp-content\/uploads\/2019\/03\/parc-Daudet-Peymeinade-3.jpg?resize=150%2C150\" alt=\"\" width=\"150\" height=\"150\" srcset=\"https:\/\/i0.wp.com\/www.jojoenherbe.com\/wp-content\/uploads\/2019\/03\/parc-Daudet-Peymeinade-3.jpg?resize=150%2C150&amp;ssl=1 150w, https:\/\/i0.wp.com\/www.jojoenherbe.com\/wp-content\/uploads\/2019\/03\/parc-Daudet-Peymeinade-3.jpg?zoom=2&amp;resize=150%2C150 300w, https:\/\/i0.wp.com\/www.jojoenherbe.com\/wp-content\/uploads\/2019\/03\/parc-Daudet-Peymeinade-3.jpg?zoom=3&amp;resize=150%2C150 450w\" sizes=\"auto, (max-width: 150px) 100vw, 150px\" \/><\/a><p id=\"caption-attachment-5078\" class=\"wp-caption-text\">Orchid\u00e9e<\/p><\/div>\n<p style=\"text-align: justify;\"><em><a href=\"https:\/\/i0.wp.com\/www.jojoenherbe.com\/wp-content\/uploads\/2019\/03\/parc-Daudet-Peymeinade-5.jpg\"><img data-recalc-dims=\"1\" loading=\"lazy\" decoding=\"async\" data-attachment-id=\"5080\" data-permalink=\"https:\/\/www.jojoenherbe.com\/index.php\/2019\/03\/17\/des-fleurs-printanieres-parsemant-le-parc-daudet-peymeinade\/parc-daudet-peymeinade-5\/\" data-orig-file=\"https:\/\/i0.wp.com\/www.jojoenherbe.com\/wp-content\/uploads\/2019\/03\/parc-Daudet-Peymeinade-5.jpg?fit=3541%2C4613&amp;ssl=1\" data-orig-size=\"3541,4613\" data-comments-opened=\"1\" data-image-meta=\"{&quot;aperture&quot;:&quot;3.2&quot;,&quot;credit&quot;:&quot;&quot;,&quot;camera&quot;:&quot;DSC-HX400V&quot;,&quot;caption&quot;:&quot;&quot;,&quot;created_timestamp&quot;:&quot;1552827686&quot;,&quot;copyright&quot;:&quot;&quot;,&quot;focal_length&quot;:&quot;8.22&quot;,&quot;iso&quot;:&quot;80&quot;,&quot;shutter_speed&quot;:&quot;0.01&quot;,&quot;title&quot;:&quot;&quot;,&quot;orientation&quot;:&quot;1&quot;}\" data-image-title=\"parc Daudet &amp;#8211; Peymeinade 5\" data-image-description=\"\" data-image-caption=\"\" data-large-file=\"https:\/\/i0.wp.com\/www.jojoenherbe.com\/wp-content\/uploads\/2019\/03\/parc-Daudet-Peymeinade-5.jpg?fit=676%2C881&amp;ssl=1\" class=\"alignleft size-thumbnail wp-image-5080\" src=\"https:\/\/i0.wp.com\/www.jojoenherbe.com\/wp-content\/uploads\/2019\/03\/parc-Daudet-Peymeinade-5.jpg?resize=150%2C150\" alt=\"\" width=\"150\" height=\"150\" srcset=\"https:\/\/i0.wp.com\/www.jojoenherbe.com\/wp-content\/uploads\/2019\/03\/parc-Daudet-Peymeinade-5.jpg?resize=150%2C150&amp;ssl=1 150w, https:\/\/i0.wp.com\/www.jojoenherbe.com\/wp-content\/uploads\/2019\/03\/parc-Daudet-Peymeinade-5.jpg?zoom=2&amp;resize=150%2C150 300w, https:\/\/i0.wp.com\/www.jojoenherbe.com\/wp-content\/uploads\/2019\/03\/parc-Daudet-Peymeinade-5.jpg?zoom=3&amp;resize=150%2C150 450w\" sizes=\"auto, (max-width: 150px) 100vw, 150px\" \/><\/a>Ce 17 mars 2019, nous allons \u00e0 Peymeinade pour le 5e Festival Manga et Culture japonaise \u00ab\u00a0Passionn\u00e9ment manga\u00a0\u00bb. Nous faisons, ensuite, le tour du petit parc Daudet dans lequel de nombreuses fleurs printani\u00e8res ont pouss\u00e9 au pied des arbres.<\/em><\/p>\n<div id=\"attachment_5081\" style=\"width: 160px\" class=\"wp-caption alignright\"><a href=\"https:\/\/i0.wp.com\/www.jojoenherbe.com\/wp-content\/uploads\/2019\/03\/parc-Daudet-Peymeinade.jpg\"><img data-recalc-dims=\"1\" loading=\"lazy\" decoding=\"async\" aria-describedby=\"caption-attachment-5081\" data-attachment-id=\"5081\" data-permalink=\"https:\/\/www.jojoenherbe.com\/index.php\/2019\/03\/17\/des-fleurs-printanieres-parsemant-le-parc-daudet-peymeinade\/parc-daudet-peymeinade\/\" data-orig-file=\"https:\/\/i0.wp.com\/www.jojoenherbe.com\/wp-content\/uploads\/2019\/03\/parc-Daudet-Peymeinade.jpg?fit=3888%2C5184&amp;ssl=1\" data-orig-size=\"3888,5184\" data-comments-opened=\"1\" data-image-meta=\"{&quot;aperture&quot;:&quot;3.5&quot;,&quot;credit&quot;:&quot;&quot;,&quot;camera&quot;:&quot;DSC-HX400V&quot;,&quot;caption&quot;:&quot;&quot;,&quot;created_timestamp&quot;:&quot;1552827138&quot;,&quot;copyright&quot;:&quot;&quot;,&quot;focal_length&quot;:&quot;12.58&quot;,&quot;iso&quot;:&quot;80&quot;,&quot;shutter_speed&quot;:&quot;0.00625&quot;,&quot;title&quot;:&quot;&quot;,&quot;orientation&quot;:&quot;1&quot;}\" data-image-title=\"parc Daudet &amp;#8211; Peymeinade\" data-image-description=\"\" data-image-caption=\"&lt;p&gt;Muscari&lt;\/p&gt;\n\" data-large-file=\"https:\/\/i0.wp.com\/www.jojoenherbe.com\/wp-content\/uploads\/2019\/03\/parc-Daudet-Peymeinade.jpg?fit=676%2C901&amp;ssl=1\" class=\"size-thumbnail wp-image-5081\" src=\"https:\/\/i0.wp.com\/www.jojoenherbe.com\/wp-content\/uploads\/2019\/03\/parc-Daudet-Peymeinade.jpg?resize=150%2C150\" alt=\"\" width=\"150\" height=\"150\" srcset=\"https:\/\/i0.wp.com\/www.jojoenherbe.com\/wp-content\/uploads\/2019\/03\/parc-Daudet-Peymeinade.jpg?resize=150%2C150&amp;ssl=1 150w, https:\/\/i0.wp.com\/www.jojoenherbe.com\/wp-content\/uploads\/2019\/03\/parc-Daudet-Peymeinade.jpg?zoom=2&amp;resize=150%2C150 300w, https:\/\/i0.wp.com\/www.jojoenherbe.com\/wp-content\/uploads\/2019\/03\/parc-Daudet-Peymeinade.jpg?zoom=3&amp;resize=150%2C150 450w\" sizes=\"auto, (max-width: 150px) 100vw, 150px\" \/><\/a><p id=\"caption-attachment-5081\" class=\"wp-caption-text\">Muscari<\/p><\/div>\n<p style=\"text-align: justify;\"><em><a href=\"https:\/\/i0.wp.com\/www.jojoenherbe.com\/wp-content\/uploads\/2019\/03\/parc-Daudet-Peymeinade-4.jpg\"><img data-recalc-dims=\"1\" loading=\"lazy\" decoding=\"async\" data-attachment-id=\"5079\" data-permalink=\"https:\/\/www.jojoenherbe.com\/index.php\/2019\/03\/17\/des-fleurs-printanieres-parsemant-le-parc-daudet-peymeinade\/parc-daudet-peymeinade-4\/\" data-orig-file=\"https:\/\/i0.wp.com\/www.jojoenherbe.com\/wp-content\/uploads\/2019\/03\/parc-Daudet-Peymeinade-4.jpg?fit=3888%2C5184&amp;ssl=1\" data-orig-size=\"3888,5184\" data-comments-opened=\"1\" data-image-meta=\"{&quot;aperture&quot;:&quot;3.2&quot;,&quot;credit&quot;:&quot;&quot;,&quot;camera&quot;:&quot;DSC-HX400V&quot;,&quot;caption&quot;:&quot;&quot;,&quot;created_timestamp&quot;:&quot;1552827608&quot;,&quot;copyright&quot;:&quot;&quot;,&quot;focal_length&quot;:&quot;8.22&quot;,&quot;iso&quot;:&quot;80&quot;,&quot;shutter_speed&quot;:&quot;0.004&quot;,&quot;title&quot;:&quot;&quot;,&quot;orientation&quot;:&quot;1&quot;}\" data-image-title=\"parc Daudet &amp;#8211; Peymeinade 4\" data-image-description=\"\" data-image-caption=\"\" data-large-file=\"https:\/\/i0.wp.com\/www.jojoenherbe.com\/wp-content\/uploads\/2019\/03\/parc-Daudet-Peymeinade-4.jpg?fit=676%2C901&amp;ssl=1\" class=\"size-thumbnail wp-image-5079 alignright\" src=\"https:\/\/i0.wp.com\/www.jojoenherbe.com\/wp-content\/uploads\/2019\/03\/parc-Daudet-Peymeinade-4.jpg?resize=150%2C150\" alt=\"\" width=\"150\" height=\"150\" srcset=\"https:\/\/i0.wp.com\/www.jojoenherbe.com\/wp-content\/uploads\/2019\/03\/parc-Daudet-Peymeinade-4.jpg?resize=150%2C150&amp;ssl=1 150w, https:\/\/i0.wp.com\/www.jojoenherbe.com\/wp-content\/uploads\/2019\/03\/parc-Daudet-Peymeinade-4.jpg?zoom=2&amp;resize=150%2C150 300w, https:\/\/i0.wp.com\/www.jojoenherbe.com\/wp-content\/uploads\/2019\/03\/parc-Daudet-Peymeinade-4.jpg?zoom=3&amp;resize=150%2C150 450w\" sizes=\"auto, (max-width: 150px) 100vw, 150px\" \/><\/a>D&rsquo;ailleurs, des pancartes sont pr\u00e9sentes un peu partout dans le parc pour rappeler l&rsquo;expertise faite en 2011 par la Mairie pour r\u00e9tablir la biodiversit\u00e9 dans ce lieu. Cette pin\u00e8de sert pourtant, tout l&rsquo;\u00e9t\u00e9, de cadre pour des spectacles. Mais pour le moment, place au spectacle floral!<br \/>\n<\/em><\/p>\n<p><iframe loading=\"lazy\" style=\"border: 0;\" src=\"https:\/\/www.google.com\/maps\/embed?pb=!1m18!1m12!1m3!1d2887.5185373854115!2d6.873984415497249!3d43.637378879121876!2m3!1f0!2f0!3f0!3m2!1i1024!2i768!4f13.1!3m3!1m2!1s0x12cc26f5db241707%3A0xb549104158130670!2sParc%2C+Pinede+Daudet!5e0!3m2!1sfr!2sfr!4v1552857901491\" width=\"400\" height=\"300\" frameborder=\"0\" allowfullscreen=\"allowfullscreen\"><\/iframe><\/p>\n","protected":false},"excerpt":{"rendered":"<p>Ce 17 mars 2019, nous allons \u00e0 Peymeinade pour le 5e Festival Manga et Culture japonaise \u00ab\u00a0Passionn\u00e9ment manga\u00a0\u00bb. Nous faisons, ensuite, le tour du petit parc Daudet dans lequel de nombreuses fleurs printani\u00e8res ont pouss\u00e9 au pied des arbres. D&rsquo;ailleurs, des pancartes sont pr\u00e9sentes un peu partout dans le parc pour rappeler l&rsquo;expertise faite en [&hellip;]<\/p>\n","protected":false},"author":1,"featured_media":5076,"comment_status":"open","ping_status":"open","sticky":false,"template":"","format":"standard","meta":{"jetpack_post_was_ever_published":false,"_jetpack_newsletter_access":"","_jetpack_dont_email_post_to_subs":false,"_jetpack_newsletter_tier_id":0,"_jetpack_memberships_contains_paywalled_content":false,"_jetpack_memberships_contains_paid_content":false,"footnotes":""},"categories":[4],"tags":[25,462,5,461,47,460,463],"class_list":["post-5075","post","type-post","status-publish","format-standard","has-post-thumbnail","hentry","category-mini-visiteur","tag-alpes-maritimes","tag-fleurs","tag-paca","tag-parc-daudet","tag-parcs-et-jardins","tag-peymeinade","tag-pinedes","post-preview"],"jetpack_featured_media_url":"https:\/\/i0.wp.com\/www.jojoenherbe.com\/wp-content\/uploads\/2019\/03\/Jojo-muscari.jpg?fit=5184%2C3888&ssl=1","jetpack_sharing_enabled":true,"jetpack_shortlink":"https:\/\/wp.me\/p9zhGx-1jR","jetpack_likes_enabled":true,"jetpack-related-posts":[{"id":25345,"url":"https:\/\/www.jojoenherbe.com\/index.php\/2022\/05\/03\/la-nature-au-fil-du-printemps-5\/","url_meta":{"origin":5075,"position":0},"title":"La Nature au fil du printemps #5","author":"Jojo","date":"3 mai 2022","format":false,"excerpt":"Pour ce nouveau rendez-vous photo avec Syl et Isabelle d\u2019\u00e9coute et d\u2019observation de la Nature au fil du printemps, voici quelques photos prises le 1er mai \u00e0 Vaugrenier, que ce soit c\u00f4t\u00e9 parc ou \u00e9tang. Comme \u00e0 chaque printemps, les iris des marais ont fleuri comme d'autres fleurs. Nous pouvons\u2026","rel":"","context":"Dans &quot;Mini baladeur&quot;","block_context":{"text":"Mini baladeur","link":"https:\/\/www.jojoenherbe.com\/index.php\/category\/mini-crapahuteur\/mini-baladeur\/"},"img":{"alt_text":"","src":"https:\/\/i0.wp.com\/www.jojoenherbe.com\/wp-content\/uploads\/2022\/05\/Iris-des-marais-Vaugrenier-scaled.jpg?fit=900%2C1200&ssl=1&resize=350%2C200","width":350,"height":200,"srcset":"https:\/\/i0.wp.com\/www.jojoenherbe.com\/wp-content\/uploads\/2022\/05\/Iris-des-marais-Vaugrenier-scaled.jpg?fit=900%2C1200&ssl=1&resize=350%2C200 1x, https:\/\/i0.wp.com\/www.jojoenherbe.com\/wp-content\/uploads\/2022\/05\/Iris-des-marais-Vaugrenier-scaled.jpg?fit=900%2C1200&ssl=1&resize=525%2C300 1.5x, https:\/\/i0.wp.com\/www.jojoenherbe.com\/wp-content\/uploads\/2022\/05\/Iris-des-marais-Vaugrenier-scaled.jpg?fit=900%2C1200&ssl=1&resize=700%2C400 2x"},"classes":[]},{"id":5760,"url":"https:\/\/www.jojoenherbe.com\/index.php\/2019\/05\/02\/a-la-decouverte-de-la-clue-de-saint-auban-en-voiture\/","url_meta":{"origin":5075,"position":1},"title":"A la d\u00e9couverte de la clue de Saint-Auban en voiture","author":"Jojo","date":"2 mai 2019","format":false,"excerpt":"En ce 1er mai 2019, nous partons \u00e0 la d\u00e9couverte des clues de Haute-Provence, dans le secteur Sud de Puget-Th\u00e9niers. Nous prenons la D2211A en direction de La Penne, petit village entour\u00e9 de prairies et dont nous apercevons au sommet un pigeonnier qui semble bien conserv\u00e9. Puis nous passons \u00e0\u2026","rel":"","context":"Dans &quot;Mini baladeur&quot;","block_context":{"text":"Mini baladeur","link":"https:\/\/www.jojoenherbe.com\/index.php\/category\/mini-crapahuteur\/mini-baladeur\/"},"img":{"alt_text":"","src":"https:\/\/i0.wp.com\/www.jojoenherbe.com\/wp-content\/uploads\/2019\/05\/Clue-de-Saint-Auban-2.jpg?fit=1200%2C900&ssl=1&resize=350%2C200","width":350,"height":200,"srcset":"https:\/\/i0.wp.com\/www.jojoenherbe.com\/wp-content\/uploads\/2019\/05\/Clue-de-Saint-Auban-2.jpg?fit=1200%2C900&ssl=1&resize=350%2C200 1x, https:\/\/i0.wp.com\/www.jojoenherbe.com\/wp-content\/uploads\/2019\/05\/Clue-de-Saint-Auban-2.jpg?fit=1200%2C900&ssl=1&resize=525%2C300 1.5x, https:\/\/i0.wp.com\/www.jojoenherbe.com\/wp-content\/uploads\/2019\/05\/Clue-de-Saint-Auban-2.jpg?fit=1200%2C900&ssl=1&resize=700%2C400 2x, https:\/\/i0.wp.com\/www.jojoenherbe.com\/wp-content\/uploads\/2019\/05\/Clue-de-Saint-Auban-2.jpg?fit=1200%2C900&ssl=1&resize=1050%2C600 3x"},"classes":[]},{"id":25714,"url":"https:\/\/www.jojoenherbe.com\/index.php\/2022\/05\/31\/la-nature-au-fil-du-printemps-6\/","url_meta":{"origin":5075,"position":2},"title":"La Nature au fil du printemps #6","author":"Jojo","date":"31 mai 2022","format":false,"excerpt":"Pour ce nouveau rendez-vous photo avec Syl et Isabelle d\u2019\u00e9coute et d\u2019observation de la Nature au fil du printemps, voici quelques photos prises le 28 mai 2022 \u00e0 Entrevaux. Que de roses de toutes les couleurs dans le parc du village surplomb\u00e9 par la citadelle, en particulier sur le mur\u2026","rel":"","context":"Dans &quot;mini photographe&quot;","block_context":{"text":"mini photographe","link":"https:\/\/www.jojoenherbe.com\/index.php\/category\/mini-photographe\/"},"img":{"alt_text":"","src":"https:\/\/i0.wp.com\/www.jojoenherbe.com\/wp-content\/uploads\/2022\/05\/Entrevaux-scaled.jpg?fit=857%2C1200&ssl=1&resize=350%2C200","width":350,"height":200,"srcset":"https:\/\/i0.wp.com\/www.jojoenherbe.com\/wp-content\/uploads\/2022\/05\/Entrevaux-scaled.jpg?fit=857%2C1200&ssl=1&resize=350%2C200 1x, https:\/\/i0.wp.com\/www.jojoenherbe.com\/wp-content\/uploads\/2022\/05\/Entrevaux-scaled.jpg?fit=857%2C1200&ssl=1&resize=525%2C300 1.5x, https:\/\/i0.wp.com\/www.jojoenherbe.com\/wp-content\/uploads\/2022\/05\/Entrevaux-scaled.jpg?fit=857%2C1200&ssl=1&resize=700%2C400 2x"},"classes":[]},{"id":4963,"url":"https:\/\/www.jojoenherbe.com\/index.php\/2019\/03\/11\/sortie-fleurie-au-fort-de-la-revere\/","url_meta":{"origin":5075,"position":3},"title":"Sortie fleurie au Fort de la Rev\u00e8re","author":"Jojo","date":"11 mars 2019","format":false,"excerpt":"Ce 10 mars 2019, avec ce temps bien printanier quoique venteux, nous retournons au Fort de la Rev\u00e8re en fin d'apr\u00e8s-midi. Malgr\u00e9 un ciel tr\u00e8s nuageux voire m\u00eame brumeux au loin, le printemps marque d\u00e9j\u00e0 de son empreinte le lieu: des fleurs de toute part, dans les arbres, au sol\u2026","rel":"","context":"Dans &quot;Mini baladeur&quot;","block_context":{"text":"Mini baladeur","link":"https:\/\/www.jojoenherbe.com\/index.php\/category\/mini-crapahuteur\/mini-baladeur\/"},"img":{"alt_text":"","src":"https:\/\/i0.wp.com\/www.jojoenherbe.com\/wp-content\/uploads\/2019\/03\/Eze.jpg?fit=900%2C1200&ssl=1&resize=350%2C200","width":350,"height":200,"srcset":"https:\/\/i0.wp.com\/www.jojoenherbe.com\/wp-content\/uploads\/2019\/03\/Eze.jpg?fit=900%2C1200&ssl=1&resize=350%2C200 1x, https:\/\/i0.wp.com\/www.jojoenherbe.com\/wp-content\/uploads\/2019\/03\/Eze.jpg?fit=900%2C1200&ssl=1&resize=525%2C300 1.5x, https:\/\/i0.wp.com\/www.jojoenherbe.com\/wp-content\/uploads\/2019\/03\/Eze.jpg?fit=900%2C1200&ssl=1&resize=700%2C400 2x"},"classes":[]},{"id":6118,"url":"https:\/\/www.jojoenherbe.com\/index.php\/2019\/05\/31\/le-temps-dune-visite-au-parc-alpha\/","url_meta":{"origin":5075,"position":4},"title":"Le temps d&rsquo;une visite au Parc Alpha","author":"Jojo","date":"31 mai 2019","format":false,"excerpt":"Ce 30 mai 2019, nous allons au Parc Alpha, le soleil \u00e9tant au rendez-vous. Avant de nous y rendre, nous avons relu Les loups d'Anne Royer et Shiilia (\u00e9d. Larousse, coll. Ma baby encyclop\u00e9die, 2017). En ce jour f\u00e9ri\u00e9, il y a beaucoup de visiteurs qui ont choisi de s'y\u2026","rel":"","context":"Dans &quot;Mini visiteur&quot;","block_context":{"text":"Mini visiteur","link":"https:\/\/www.jojoenherbe.com\/index.php\/category\/mini-crapahuteur\/mini-visiteur\/"},"img":{"alt_text":"","src":"https:\/\/i0.wp.com\/www.jojoenherbe.com\/wp-content\/uploads\/2019\/05\/Loup-canadien-Parc-Alpha-3.jpg?fit=1200%2C900&ssl=1&resize=350%2C200","width":350,"height":200,"srcset":"https:\/\/i0.wp.com\/www.jojoenherbe.com\/wp-content\/uploads\/2019\/05\/Loup-canadien-Parc-Alpha-3.jpg?fit=1200%2C900&ssl=1&resize=350%2C200 1x, https:\/\/i0.wp.com\/www.jojoenherbe.com\/wp-content\/uploads\/2019\/05\/Loup-canadien-Parc-Alpha-3.jpg?fit=1200%2C900&ssl=1&resize=525%2C300 1.5x, https:\/\/i0.wp.com\/www.jojoenherbe.com\/wp-content\/uploads\/2019\/05\/Loup-canadien-Parc-Alpha-3.jpg?fit=1200%2C900&ssl=1&resize=700%2C400 2x, https:\/\/i0.wp.com\/www.jojoenherbe.com\/wp-content\/uploads\/2019\/05\/Loup-canadien-Parc-Alpha-3.jpg?fit=1200%2C900&ssl=1&resize=1050%2C600 3x"},"classes":[]},{"id":5524,"url":"https:\/\/www.jojoenherbe.com\/index.php\/2019\/04\/14\/lobservatoire-de-caussols\/","url_meta":{"origin":5075,"position":5},"title":"L&rsquo;observatoire de Caussols","author":"Jojo","date":"14 avril 2019","format":false,"excerpt":"Ce 13 avril 2019, direction le plateau de Calern pour photographier un des b\u00e2timents de l'observatoire de Caussols, celui du GI2T (Grand interf\u00e9rom\u00e8tre \u00e0 deux t\u00e9lescopes) dans le cadre de la semaine 15 du Projet 52-2019 de Du C\u00f4t\u00e9 de Chez Ma\u2019, le th\u00e8me \u00e9tant \"architecture\". Nous y \u00e9tions d\u00e9j\u00e0\u2026","rel":"","context":"Dans &quot;Mini astronome&quot;","block_context":{"text":"Mini astronome","link":"https:\/\/www.jojoenherbe.com\/index.php\/category\/mini-decouvreur\/mini-astronome\/"},"img":{"alt_text":"","src":"https:\/\/i0.wp.com\/www.jojoenherbe.com\/wp-content\/uploads\/2019\/04\/Observatoire-de-Caussols.jpg?fit=1200%2C900&ssl=1&resize=350%2C200","width":350,"height":200,"srcset":"https:\/\/i0.wp.com\/www.jojoenherbe.com\/wp-content\/uploads\/2019\/04\/Observatoire-de-Caussols.jpg?fit=1200%2C900&ssl=1&resize=350%2C200 1x, https:\/\/i0.wp.com\/www.jojoenherbe.com\/wp-content\/uploads\/2019\/04\/Observatoire-de-Caussols.jpg?fit=1200%2C900&ssl=1&resize=525%2C300 1.5x, https:\/\/i0.wp.com\/www.jojoenherbe.com\/wp-content\/uploads\/2019\/04\/Observatoire-de-Caussols.jpg?fit=1200%2C900&ssl=1&resize=700%2C400 2x, https:\/\/i0.wp.com\/www.jojoenherbe.com\/wp-content\/uploads\/2019\/04\/Observatoire-de-Caussols.jpg?fit=1200%2C900&ssl=1&resize=1050%2C600 3x"},"classes":[]}],"_links":{"self":[{"href":"https:\/\/www.jojoenherbe.com\/index.php\/wp-json\/wp\/v2\/posts\/5075","targetHints":{"allow":["GET"]}}],"collection":[{"href":"https:\/\/www.jojoenherbe.com\/index.php\/wp-json\/wp\/v2\/posts"}],"about":[{"href":"https:\/\/www.jojoenherbe.com\/index.php\/wp-json\/wp\/v2\/types\/post"}],"author":[{"embeddable":true,"href":"https:\/\/www.jojoenherbe.com\/index.php\/wp-json\/wp\/v2\/users\/1"}],"replies":[{"embeddable":true,"href":"https:\/\/www.jojoenherbe.com\/index.php\/wp-json\/wp\/v2\/comments?post=5075"}],"version-history":[{"count":0,"href":"https:\/\/www.jojoenherbe.com\/index.php\/wp-json\/wp\/v2\/posts\/5075\/revisions"}],"wp:featuredmedia":[{"embeddable":true,"href":"https:\/\/www.jojoenherbe.com\/index.php\/wp-json\/wp\/v2\/media\/5076"}],"wp:attachment":[{"href":"https:\/\/www.jojoenherbe.com\/index.php\/wp-json\/wp\/v2\/media?parent=5075"}],"wp:term":[{"taxonomy":"category","embeddable":true,"href":"https:\/\/www.jojoenherbe.com\/index.php\/wp-json\/wp\/v2\/categories?post=5075"},{"taxonomy":"post_tag","embeddable":true,"href":"https:\/\/www.jojoenherbe.com\/index.php\/wp-json\/wp\/v2\/tags?post=5075"}],"curies":[{"name":"wp","href":"https:\/\/api.w.org\/{rel}","templated":true}]}}