{"id":5063,"date":"2019-03-11T21:26:20","date_gmt":"2019-03-11T20:26:20","guid":{"rendered":"http:\/\/www.jojoenherbe.com\/?p=5063"},"modified":"2020-03-13T11:08:45","modified_gmt":"2020-03-13T10:08:45","slug":"un-roman-ou-art-roman","status":"publish","type":"post","link":"https:\/\/www.jojoenherbe.com\/index.php\/2019\/03\/11\/un-roman-ou-art-roman\/","title":{"rendered":"Un roman ou art roman?"},"content":{"rendered":"<p style=\"text-align: justify;\"><em>Semaine 9 du Projet 52-2019 \u00ab\u00a0Roman\u00a0\u00bb: entre livre et architecture, je procrastine et n&rsquo;ai pas r\u00e9ussi \u00e0 me d\u00e9cider&#8230; <\/em><\/p>\n<p style=\"text-align: justify;\"><em>N&rsquo;h\u00e9sitez pas \u00e0 aller voir les photos des autres participants sur le blog de <a href=\"http:\/\/manuelles.canalblog.com\/archives\/2019\/03\/09\/37153485.html\"><span class=\"_247o\" spellcheck=\"false\" data-offset-key=\"ut88-1-0\">Du c\u00f4t\u00e9 de chez Ma&rsquo;<\/span><\/a>.<\/em><\/p>\n","protected":false},"excerpt":{"rendered":"<p>Semaine 9 du Projet 52-2019 \u00ab\u00a0Roman\u00a0\u00bb: entre livre et architecture, je procrastine et n&rsquo;ai pas r\u00e9ussi \u00e0 me d\u00e9cider&#8230; N&rsquo;h\u00e9sitez pas \u00e0 aller voir les photos des autres participants sur le blog de Du c\u00f4t\u00e9 de chez Ma&rsquo;.<\/p>\n","protected":false},"author":1,"featured_media":4942,"comment_status":"open","ping_status":"open","sticky":false,"template":"","format":"standard","meta":{"jetpack_post_was_ever_published":false,"_jetpack_newsletter_access":"","_jetpack_dont_email_post_to_subs":false,"_jetpack_newsletter_tier_id":0,"_jetpack_memberships_contains_paywalled_content":false,"_jetpack_memberships_contains_paid_content":false,"footnotes":""},"categories":[437],"tags":[1353,1354],"class_list":["post-5063","post","type-post","status-publish","format-standard","has-post-thumbnail","hentry","category-mini-photographe","tag-projet-52-de-ma","tag-projet-52-2019","post-preview"],"jetpack_featured_media_url":"https:\/\/i0.wp.com\/www.jojoenherbe.com\/wp-content\/uploads\/2019\/03\/Jojo-Projet-52-2019.jpg?fit=2448%2C2516&ssl=1","jetpack_sharing_enabled":true,"jetpack_shortlink":"https:\/\/wp.me\/p9zhGx-1jF","jetpack_likes_enabled":true,"jetpack-related-posts":[{"id":36913,"url":"https:\/\/www.jojoenherbe.com\/index.php\/2024\/08\/10\/semaine-32-du-projet-52-2024-vacances\/","url_meta":{"origin":5063,"position":0},"title":"Semaine 32 du Projet 52-2024: \u00ab\u00a0Vacances\u00a0\u00bb","author":"Jojo","date":"10 ao\u00fbt 2024","format":false,"excerpt":"Pour la semaine 32 du Projet 52-2024 de Du c\u00f4t\u00e9 de chez Ma\u2019, le th\u00e8me est \"Vacances\". J\u2019ai choisi pour illustrer ce th\u00e8me la plage o\u00f9 nous sommes all\u00e9s tr\u00e8s souvent ces derniers jours, surtout en soir\u00e9e mais aussi le matin et qui permet l'\u00e9vasion estivale tout pr\u00e8s de chez\u2026","rel":"","context":"Dans &quot;mini photographe&quot;","block_context":{"text":"mini photographe","link":"https:\/\/www.jojoenherbe.com\/index.php\/category\/mini-photographe\/"},"img":{"alt_text":"","src":"https:\/\/i0.wp.com\/www.jojoenherbe.com\/wp-content\/uploads\/2024\/08\/Villefranche-sur-Mer-scaled.jpg?fit=942%2C1200&ssl=1&resize=350%2C200","width":350,"height":200,"srcset":"https:\/\/i0.wp.com\/www.jojoenherbe.com\/wp-content\/uploads\/2024\/08\/Villefranche-sur-Mer-scaled.jpg?fit=942%2C1200&ssl=1&resize=350%2C200 1x, https:\/\/i0.wp.com\/www.jojoenherbe.com\/wp-content\/uploads\/2024\/08\/Villefranche-sur-Mer-scaled.jpg?fit=942%2C1200&ssl=1&resize=525%2C300 1.5x, https:\/\/i0.wp.com\/www.jojoenherbe.com\/wp-content\/uploads\/2024\/08\/Villefranche-sur-Mer-scaled.jpg?fit=942%2C1200&ssl=1&resize=700%2C400 2x"},"classes":[]},{"id":23101,"url":"https:\/\/www.jojoenherbe.com\/index.php\/2022\/01\/01\/semaine-52-du-projet-52-2021-fetes-de-fin-dannee\/","url_meta":{"origin":5063,"position":1},"title":"Semaine 52 du Projet 52-2021: F\u00eates de fin d&rsquo;ann\u00e9e","author":"Jojo","date":"1 janvier 2022","format":false,"excerpt":"Pour la semaine 52 du Projet 52-2021 de Du c\u00f4t\u00e9 de chez Ma', le th\u00e8me est \"F\u00eates de fin d'ann\u00e9e\". J'aurai pu choisir cette photo pour le th\u00e8me \"Scintiller\" de la semaine derni\u00e8re si elle n'avait pas \u00e9t\u00e9 prise cette fin de semaine. Qui dit f\u00eates de fin d'ann\u00e9e dit\u2026","rel":"","context":"Dans &quot;mini photographe&quot;","block_context":{"text":"mini photographe","link":"https:\/\/www.jojoenherbe.com\/index.php\/category\/mini-photographe\/"},"img":{"alt_text":"","src":"https:\/\/i0.wp.com\/www.jojoenherbe.com\/wp-content\/uploads\/2021\/12\/Illuminations-Nice-scaled.jpg?fit=900%2C1200&ssl=1&resize=350%2C200","width":350,"height":200,"srcset":"https:\/\/i0.wp.com\/www.jojoenherbe.com\/wp-content\/uploads\/2021\/12\/Illuminations-Nice-scaled.jpg?fit=900%2C1200&ssl=1&resize=350%2C200 1x, https:\/\/i0.wp.com\/www.jojoenherbe.com\/wp-content\/uploads\/2021\/12\/Illuminations-Nice-scaled.jpg?fit=900%2C1200&ssl=1&resize=525%2C300 1.5x, https:\/\/i0.wp.com\/www.jojoenherbe.com\/wp-content\/uploads\/2021\/12\/Illuminations-Nice-scaled.jpg?fit=900%2C1200&ssl=1&resize=700%2C400 2x"},"classes":[]},{"id":9682,"url":"https:\/\/www.jojoenherbe.com\/index.php\/2020\/01\/19\/semaine-3-du-projet-52-2020-motif\/","url_meta":{"origin":5063,"position":2},"title":"Semaine 3 du Projet 52-2020: Motif","author":"Jojo","date":"19 janvier 2020","format":false,"excerpt":"Pour la semaine 3 du Projet 52-2020 de Du c\u00f4t\u00e9 de chez Ma', le th\u00e8me est \"Motif\". J'aurai pu parler des motifs juridiques et le fameux \"par ces motifs\" des d\u00e9cisions de Justice qui r\u00e9pondent \u00e0 ceux d'une assignation ou d'une requ\u00eate ou de conclusions. Mais ce n'est pas tr\u00e8s\u2026","rel":"","context":"Dans &quot;Mini joueur&quot;","block_context":{"text":"Mini joueur","link":"https:\/\/www.jojoenherbe.com\/index.php\/category\/mini-decouvreur\/mini-joueur\/"},"img":{"alt_text":"","src":"https:\/\/i0.wp.com\/www.jojoenherbe.com\/wp-content\/uploads\/2020\/01\/Mandala-dhiver-scaled.jpg?fit=1200%2C793&ssl=1&resize=350%2C200","width":350,"height":200,"srcset":"https:\/\/i0.wp.com\/www.jojoenherbe.com\/wp-content\/uploads\/2020\/01\/Mandala-dhiver-scaled.jpg?fit=1200%2C793&ssl=1&resize=350%2C200 1x, https:\/\/i0.wp.com\/www.jojoenherbe.com\/wp-content\/uploads\/2020\/01\/Mandala-dhiver-scaled.jpg?fit=1200%2C793&ssl=1&resize=525%2C300 1.5x, https:\/\/i0.wp.com\/www.jojoenherbe.com\/wp-content\/uploads\/2020\/01\/Mandala-dhiver-scaled.jpg?fit=1200%2C793&ssl=1&resize=700%2C400 2x, https:\/\/i0.wp.com\/www.jojoenherbe.com\/wp-content\/uploads\/2020\/01\/Mandala-dhiver-scaled.jpg?fit=1200%2C793&ssl=1&resize=1050%2C600 3x"},"classes":[]},{"id":10151,"url":"https:\/\/www.jojoenherbe.com\/index.php\/2020\/02\/22\/semaine-8-du-projet-52-2020-sauvage\/","url_meta":{"origin":5063,"position":3},"title":"Semaine 8 du Projet 52-2020: Sauvage","author":"Jojo","date":"22 f\u00e9vrier 2020","format":false,"excerpt":"Pour la semaine 8 du Projet 52-2020 de Du c\u00f4t\u00e9 de chez Ma', le th\u00e8me est \"Sauvage\". J'ai longuement h\u00e9sit\u00e9 entre faune et flore. Puis finalement j'ai choisi un petit animal sauvage que j'ai pu croiser, en mai 2009, lors d'une randonn\u00e9e de Roubion jusqu'au torrent du D\u00e9mant, en passant\u2026","rel":"","context":"Dans &quot;mini photographe&quot;","block_context":{"text":"mini photographe","link":"https:\/\/www.jojoenherbe.com\/index.php\/category\/mini-photographe\/"},"img":{"alt_text":"","src":"https:\/\/i0.wp.com\/www.jojoenherbe.com\/wp-content\/uploads\/2020\/02\/Li%C3%A8vre-variable-Vignols.jpg?fit=1200%2C900&ssl=1&resize=350%2C200","width":350,"height":200,"srcset":"https:\/\/i0.wp.com\/www.jojoenherbe.com\/wp-content\/uploads\/2020\/02\/Li%C3%A8vre-variable-Vignols.jpg?fit=1200%2C900&ssl=1&resize=350%2C200 1x, https:\/\/i0.wp.com\/www.jojoenherbe.com\/wp-content\/uploads\/2020\/02\/Li%C3%A8vre-variable-Vignols.jpg?fit=1200%2C900&ssl=1&resize=525%2C300 1.5x, https:\/\/i0.wp.com\/www.jojoenherbe.com\/wp-content\/uploads\/2020\/02\/Li%C3%A8vre-variable-Vignols.jpg?fit=1200%2C900&ssl=1&resize=700%2C400 2x, https:\/\/i0.wp.com\/www.jojoenherbe.com\/wp-content\/uploads\/2020\/02\/Li%C3%A8vre-variable-Vignols.jpg?fit=1200%2C900&ssl=1&resize=1050%2C600 3x"},"classes":[]},{"id":8603,"url":"https:\/\/www.jojoenherbe.com\/index.php\/2019\/11\/23\/montagne-et-mer\/","url_meta":{"origin":5063,"position":4},"title":"Montagne et mer","author":"Jojo","date":"23 novembre 2019","format":false,"excerpt":"Pour cette semaine 46 du Projet 52-2019 de Du c\u00f4t\u00e9 de chez Ma', le th\u00e8me est \"Paysage\" et celui de la semaine derni\u00e8re \"Ville\/Village\". J'ai choisi pour illustrer ce th\u00e8me une photo prise ce mois-ci, en fin d'apr\u00e8s-midi, \u00e0 un moment o\u00f9 il ne pleuvait plus, sur le bord de\u2026","rel":"","context":"Dans &quot;mini photographe&quot;","block_context":{"text":"mini photographe","link":"https:\/\/www.jojoenherbe.com\/index.php\/category\/mini-photographe\/"},"img":{"alt_text":"","src":"https:\/\/i0.wp.com\/www.jojoenherbe.com\/wp-content\/uploads\/2019\/11\/Villeneuve-Loubet-scaled.jpg?fit=1200%2C843&ssl=1&resize=350%2C200","width":350,"height":200,"srcset":"https:\/\/i0.wp.com\/www.jojoenherbe.com\/wp-content\/uploads\/2019\/11\/Villeneuve-Loubet-scaled.jpg?fit=1200%2C843&ssl=1&resize=350%2C200 1x, https:\/\/i0.wp.com\/www.jojoenherbe.com\/wp-content\/uploads\/2019\/11\/Villeneuve-Loubet-scaled.jpg?fit=1200%2C843&ssl=1&resize=525%2C300 1.5x, https:\/\/i0.wp.com\/www.jojoenherbe.com\/wp-content\/uploads\/2019\/11\/Villeneuve-Loubet-scaled.jpg?fit=1200%2C843&ssl=1&resize=700%2C400 2x, https:\/\/i0.wp.com\/www.jojoenherbe.com\/wp-content\/uploads\/2019\/11\/Villeneuve-Loubet-scaled.jpg?fit=1200%2C843&ssl=1&resize=1050%2C600 3x"},"classes":[]},{"id":9383,"url":"https:\/\/www.jojoenherbe.com\/index.php\/2020\/01\/04\/semaine-1-du-projet-52-2020-directions\/","url_meta":{"origin":5063,"position":5},"title":"Semaine 1 du Projet 52-2020: Direction(s)","author":"Jojo","date":"4 janvier 2020","format":false,"excerpt":"En ce premier samedi de l'ann\u00e9e 2020, c'est reparti pour le projet photo organis\u00e9 par Ma' du blog Du c\u00f4t\u00e9 de chez Ma' et auquel je participe pour la deuxi\u00e8me ann\u00e9e. Le th\u00e8me de cette semaine 1 du Projet 52-2020 est \"Direction(s)\". Voici ma photo prise cette semaine, lors des\u2026","rel":"","context":"Dans &quot;mini photographe&quot;","block_context":{"text":"mini photographe","link":"https:\/\/www.jojoenherbe.com\/index.php\/category\/mini-photographe\/"},"img":{"alt_text":"","src":"https:\/\/i0.wp.com\/www.jojoenherbe.com\/wp-content\/uploads\/2020\/01\/Panneau-de-signalisation-March%C3%A9-de-No%C3%ABl-de-Nice-scaled.jpg?fit=900%2C1200&ssl=1&resize=350%2C200","width":350,"height":200,"srcset":"https:\/\/i0.wp.com\/www.jojoenherbe.com\/wp-content\/uploads\/2020\/01\/Panneau-de-signalisation-March%C3%A9-de-No%C3%ABl-de-Nice-scaled.jpg?fit=900%2C1200&ssl=1&resize=350%2C200 1x, https:\/\/i0.wp.com\/www.jojoenherbe.com\/wp-content\/uploads\/2020\/01\/Panneau-de-signalisation-March%C3%A9-de-No%C3%ABl-de-Nice-scaled.jpg?fit=900%2C1200&ssl=1&resize=525%2C300 1.5x, https:\/\/i0.wp.com\/www.jojoenherbe.com\/wp-content\/uploads\/2020\/01\/Panneau-de-signalisation-March%C3%A9-de-No%C3%ABl-de-Nice-scaled.jpg?fit=900%2C1200&ssl=1&resize=700%2C400 2x"},"classes":[]}],"_links":{"self":[{"href":"https:\/\/www.jojoenherbe.com\/index.php\/wp-json\/wp\/v2\/posts\/5063","targetHints":{"allow":["GET"]}}],"collection":[{"href":"https:\/\/www.jojoenherbe.com\/index.php\/wp-json\/wp\/v2\/posts"}],"about":[{"href":"https:\/\/www.jojoenherbe.com\/index.php\/wp-json\/wp\/v2\/types\/post"}],"author":[{"embeddable":true,"href":"https:\/\/www.jojoenherbe.com\/index.php\/wp-json\/wp\/v2\/users\/1"}],"replies":[{"embeddable":true,"href":"https:\/\/www.jojoenherbe.com\/index.php\/wp-json\/wp\/v2\/comments?post=5063"}],"version-history":[{"count":0,"href":"https:\/\/www.jojoenherbe.com\/index.php\/wp-json\/wp\/v2\/posts\/5063\/revisions"}],"wp:featuredmedia":[{"embeddable":true,"href":"https:\/\/www.jojoenherbe.com\/index.php\/wp-json\/wp\/v2\/media\/4942"}],"wp:attachment":[{"href":"https:\/\/www.jojoenherbe.com\/index.php\/wp-json\/wp\/v2\/media?parent=5063"}],"wp:term":[{"taxonomy":"category","embeddable":true,"href":"https:\/\/www.jojoenherbe.com\/index.php\/wp-json\/wp\/v2\/categories?post=5063"},{"taxonomy":"post_tag","embeddable":true,"href":"https:\/\/www.jojoenherbe.com\/index.php\/wp-json\/wp\/v2\/tags?post=5063"}],"curies":[{"name":"wp","href":"https:\/\/api.w.org\/{rel}","templated":true}]}}