{"id":4989,"date":"2019-03-12T14:49:50","date_gmt":"2019-03-12T13:49:50","guid":{"rendered":"http:\/\/www.jojoenherbe.com\/?p=4989"},"modified":"2021-02-11T15:18:56","modified_gmt":"2021-02-11T14:18:56","slug":"au-fil-des-pages-avec-fais-moi-une-petite-place","status":"publish","type":"post","link":"https:\/\/www.jojoenherbe.com\/index.php\/2019\/03\/12\/au-fil-des-pages-avec-fais-moi-une-petite-place\/","title":{"rendered":"Au fil des pages avec Fais-moi une petite place"},"content":{"rendered":"<p style=\"text-align: justify;\"><a href=\"https:\/\/i0.wp.com\/www.jojoenherbe.com\/wp-content\/uploads\/2019\/03\/Fais-moi-une-petite-place-2.jpg\"><img data-recalc-dims=\"1\" loading=\"lazy\" decoding=\"async\" data-attachment-id=\"4991\" data-permalink=\"https:\/\/www.jojoenherbe.com\/index.php\/2019\/03\/12\/au-fil-des-pages-avec-fais-moi-une-petite-place\/fais-moi-une-petite-place-2\/\" data-orig-file=\"https:\/\/i0.wp.com\/www.jojoenherbe.com\/wp-content\/uploads\/2019\/03\/Fais-moi-une-petite-place-2.jpg?fit=3264%2C1793&amp;ssl=1\" data-orig-size=\"3264,1793\" data-comments-opened=\"1\" data-image-meta=\"{&quot;aperture&quot;:&quot;2.4&quot;,&quot;credit&quot;:&quot;&quot;,&quot;camera&quot;:&quot;iPhone 4S&quot;,&quot;caption&quot;:&quot;&quot;,&quot;created_timestamp&quot;:&quot;1551361103&quot;,&quot;copyright&quot;:&quot;&quot;,&quot;focal_length&quot;:&quot;4.28&quot;,&quot;iso&quot;:&quot;80&quot;,&quot;shutter_speed&quot;:&quot;0.05&quot;,&quot;title&quot;:&quot;&quot;,&quot;orientation&quot;:&quot;1&quot;}\" data-image-title=\"Fais-moi une petite place 2\" data-image-description=\"\" data-image-caption=\"\" data-large-file=\"https:\/\/i0.wp.com\/www.jojoenherbe.com\/wp-content\/uploads\/2019\/03\/Fais-moi-une-petite-place-2.jpg?fit=676%2C372&amp;ssl=1\" class=\"alignleft size-thumbnail wp-image-4991\" src=\"https:\/\/i0.wp.com\/www.jojoenherbe.com\/wp-content\/uploads\/2019\/03\/Fais-moi-une-petite-place-2.jpg?resize=150%2C150\" alt=\"\" width=\"150\" height=\"150\" srcset=\"https:\/\/i0.wp.com\/www.jojoenherbe.com\/wp-content\/uploads\/2019\/03\/Fais-moi-une-petite-place-2.jpg?resize=150%2C150&amp;ssl=1 150w, https:\/\/i0.wp.com\/www.jojoenherbe.com\/wp-content\/uploads\/2019\/03\/Fais-moi-une-petite-place-2.jpg?zoom=2&amp;resize=150%2C150 300w, https:\/\/i0.wp.com\/www.jojoenherbe.com\/wp-content\/uploads\/2019\/03\/Fais-moi-une-petite-place-2.jpg?zoom=3&amp;resize=150%2C150 450w\" sizes=\"auto, (max-width: 150px) 100vw, 150px\" \/><\/a> <em>Nous lisons <span style=\"text-decoration: underline;\">Fais-moi une petite place!<\/span> de Susan Perez (\u00e9d. Lito, 2005). Max, un petit ours, est fort contrari\u00e9 lorsqu&rsquo;arrive Coco, une petite lapine. Il doit tout partager avec elle, m\u00eame Zo\u00e9. Ces deux peluches arriveront pourtant \u00e0 s&rsquo;appr\u00e9cier et \u00e0 ne plus pouvoir \u00eatre s\u00e9par\u00e9es l&rsquo;une de l&rsquo;autre. En effet, Max et Coco se testent, se chamaillent et finissent par devenir amis. Les th\u00e8mes abord\u00e9s sont joliment illustr\u00e9s \u00e0 travers ces deux petits personnages attachants. <\/em><\/p>\n<p style=\"text-align: justify;\"><em><a href=\"https:\/\/i0.wp.com\/www.jojoenherbe.com\/wp-content\/uploads\/2019\/03\/Fais-moi-une-petite-place-3.jpg\"><img data-recalc-dims=\"1\" loading=\"lazy\" decoding=\"async\" data-attachment-id=\"4992\" data-permalink=\"https:\/\/www.jojoenherbe.com\/index.php\/2019\/03\/12\/au-fil-des-pages-avec-fais-moi-une-petite-place\/fais-moi-une-petite-place-3\/\" data-orig-file=\"https:\/\/i0.wp.com\/www.jojoenherbe.com\/wp-content\/uploads\/2019\/03\/Fais-moi-une-petite-place-3.jpg?fit=3244%2C2362&amp;ssl=1\" data-orig-size=\"3244,2362\" data-comments-opened=\"1\" data-image-meta=\"{&quot;aperture&quot;:&quot;2.4&quot;,&quot;credit&quot;:&quot;&quot;,&quot;camera&quot;:&quot;iPhone 4S&quot;,&quot;caption&quot;:&quot;&quot;,&quot;created_timestamp&quot;:&quot;1551791977&quot;,&quot;copyright&quot;:&quot;&quot;,&quot;focal_length&quot;:&quot;4.28&quot;,&quot;iso&quot;:&quot;100&quot;,&quot;shutter_speed&quot;:&quot;0.05&quot;,&quot;title&quot;:&quot;&quot;,&quot;orientation&quot;:&quot;1&quot;}\" data-image-title=\"Fais-moi une petite place 3\" data-image-description=\"\" data-image-caption=\"\" data-large-file=\"https:\/\/i0.wp.com\/www.jojoenherbe.com\/wp-content\/uploads\/2019\/03\/Fais-moi-une-petite-place-3.jpg?fit=676%2C492&amp;ssl=1\" class=\"size-thumbnail wp-image-4992 alignright\" src=\"https:\/\/i0.wp.com\/www.jojoenherbe.com\/wp-content\/uploads\/2019\/03\/Fais-moi-une-petite-place-3.jpg?resize=150%2C150\" alt=\"\" width=\"150\" height=\"150\" srcset=\"https:\/\/i0.wp.com\/www.jojoenherbe.com\/wp-content\/uploads\/2019\/03\/Fais-moi-une-petite-place-3.jpg?resize=150%2C150&amp;ssl=1 150w, https:\/\/i0.wp.com\/www.jojoenherbe.com\/wp-content\/uploads\/2019\/03\/Fais-moi-une-petite-place-3.jpg?zoom=2&amp;resize=150%2C150 300w, https:\/\/i0.wp.com\/www.jojoenherbe.com\/wp-content\/uploads\/2019\/03\/Fais-moi-une-petite-place-3.jpg?zoom=3&amp;resize=150%2C150 450w\" sizes=\"auto, (max-width: 150px) 100vw, 150px\" \/><\/a>Cet album jeunesse peut faire \u00e9cho \u00e0 l&rsquo;arriv\u00e9e d&rsquo;un nouveau-n\u00e9 dans une famille. L&rsquo;histoire (notamment le moment o\u00f9 Max pousse Coco du lit) peut permettre \u00e9galement aux tout-petits d&rsquo;aborder le vivre ensemble au sein d&rsquo;un groupe d&rsquo;enfants, comme par exemple lorsqu&rsquo;ils ont envie au m\u00eame moment de jouer avec un m\u00eame objet (comme un toboggan au parc) ou avoir l&rsquo;attention d&rsquo;une m\u00eame personne (comme un parent dans une fratrie, la ma\u00eetresse ou le professeur \u00e0 l&rsquo;\u00e9cole).<\/em><\/p>\n<div id=\"attachment_33643\" style=\"width: 210px\" class=\"wp-caption aligncenter\"><img data-recalc-dims=\"1\" loading=\"lazy\" decoding=\"async\" aria-describedby=\"caption-attachment-33643\" class=\"wp-image-33643\" src=\"https:\/\/i0.wp.com\/delivrer-des-livres.fr\/wp-content\/uploads\/2019\/01\/petit-bac-2019.jpg?resize=200%2C152\" sizes=\"auto, (max-width: 200px) 100vw, 200px\" srcset=\"http:\/\/delivrer-des-livres.fr\/wp-content\/uploads\/2019\/01\/petit-bac-2019.jpg 285w, http:\/\/delivrer-des-livres.fr\/wp-content\/uploads\/2019\/01\/petit-bac-2019-150x114.jpg 150w\" alt=\"\" width=\"200\" height=\"152\"><p id=\"caption-attachment-33643\" class=\"wp-caption-text\"><a href=\"https:\/\/ennalit.wordpress.com\/2018\/12\/01\/challenge-petit-bac-2019-qui-veut-jouer\/\">Challenge Petit Bac d&rsquo;Enna<\/a> &#8211; #1 cat\u00e9gorie Adjectif \u00ab\u00a0Petite\u00a0\u00bb<\/p><\/div>\n","protected":false},"excerpt":{"rendered":"<p>Nous lisons Fais-moi une petite place! de Susan Perez (\u00e9d. Lito, 2005). Max, un petit ours, est fort contrari\u00e9 lorsqu&rsquo;arrive Coco, une petite lapine. Il doit tout partager avec elle, m\u00eame Zo\u00e9. Ces deux peluches arriveront pourtant \u00e0 s&rsquo;appr\u00e9cier et \u00e0 ne plus pouvoir \u00eatre s\u00e9par\u00e9es l&rsquo;une de l&rsquo;autre. En effet, Max et Coco se [&hellip;]<\/p>\n","protected":false},"author":1,"featured_media":4993,"comment_status":"open","ping_status":"open","sticky":false,"template":"","format":"standard","meta":{"jetpack_post_was_ever_published":false,"_jetpack_newsletter_access":"","_jetpack_dont_email_post_to_subs":false,"_jetpack_newsletter_tier_id":0,"_jetpack_memberships_contains_paywalled_content":false,"_jetpack_memberships_contains_paid_content":false,"footnotes":""},"categories":[363],"tags":[785,409,386,1349,408,814,222,367,382,366,451,1059,2199,448],"class_list":["post-4989","post","type-post","status-publish","format-standard","has-post-thumbnail","hentry","category-mini-lecteur","tag-3-6-ans","tag-albums-jeunesse","tag-amitie","tag-challenge-petit-bac-2019","tag-doudou","tag-jalousie","tag-lapin","tag-lecture-jeunesse","tag-livres","tag-ours","tag-partage","tag-peluche","tag-susan-perez","tag-vivre-ensemble","post-preview"],"jetpack_featured_media_url":"https:\/\/i0.wp.com\/www.jojoenherbe.com\/wp-content\/uploads\/2019\/03\/Fais-moi-une-petite-place.jpg?fit=2294%2C2248&ssl=1","jetpack_sharing_enabled":true,"jetpack_shortlink":"https:\/\/wp.me\/p9zhGx-1it","jetpack_likes_enabled":true,"jetpack-related-posts":[{"id":13940,"url":"https:\/\/www.jojoenherbe.com\/index.php\/2020\/11\/17\/au-fil-des-pages-avec-toi-moi-petit-ours\/","url_meta":{"origin":4989,"position":0},"title":"Au fil des pages avec Toi &#038; moi, Petit Ours","author":"Jojo","date":"17 novembre 2020","format":false,"excerpt":"Nous lisons dans nos derniers emprunts \u00e0 la m\u00e9diath\u00e8que Toi & moi, Petit Ours de Martin Waddell et Barbara Firth (\u00e9d. L'\u00e9cole des loisirs, coll. Pastel, 1998), un album jeunesse \u00e0 partir de 3 ans. Il \u00e9tait une fois deux ours, Petit Ours et Grand Ours que nous suivons le\u2026","rel":"","context":"Dans &quot;Mini lecteur&quot;","block_context":{"text":"Mini lecteur","link":"https:\/\/www.jojoenherbe.com\/index.php\/category\/mini-lecteur\/"},"img":{"alt_text":"","src":"https:\/\/i0.wp.com\/www.jojoenherbe.com\/wp-content\/uploads\/2020\/11\/Toi-Moi-Petit-Ours-scaled.jpg?fit=1200%2C938&ssl=1&resize=350%2C200","width":350,"height":200,"srcset":"https:\/\/i0.wp.com\/www.jojoenherbe.com\/wp-content\/uploads\/2020\/11\/Toi-Moi-Petit-Ours-scaled.jpg?fit=1200%2C938&ssl=1&resize=350%2C200 1x, https:\/\/i0.wp.com\/www.jojoenherbe.com\/wp-content\/uploads\/2020\/11\/Toi-Moi-Petit-Ours-scaled.jpg?fit=1200%2C938&ssl=1&resize=525%2C300 1.5x, https:\/\/i0.wp.com\/www.jojoenherbe.com\/wp-content\/uploads\/2020\/11\/Toi-Moi-Petit-Ours-scaled.jpg?fit=1200%2C938&ssl=1&resize=700%2C400 2x, https:\/\/i0.wp.com\/www.jojoenherbe.com\/wp-content\/uploads\/2020\/11\/Toi-Moi-Petit-Ours-scaled.jpg?fit=1200%2C938&ssl=1&resize=1050%2C600 3x"},"classes":[]},{"id":23126,"url":"https:\/\/www.jojoenherbe.com\/index.php\/2022\/01\/02\/au-fil-des-pages-avec-fais-un-voeu-petit-ours\/","url_meta":{"origin":4989,"position":1},"title":"Au fil des pages avec Fais un v\u0153u Petit Ours","author":"Jojo","date":"2 janvier 2022","format":false,"excerpt":"En ce d\u00e9but d'ann\u00e9e 2022, voici une histoire que nous avions lue l'hiver dernier: Fais un v\u0153u Petit Ours de Greg Foley (\u00e9d. Circonflexe, 2013), un album jeunesse \u00e0 partir de 2 ans. Un soir d'hiver enneig\u00e9, Petit Ours fait un v\u0153u apr\u00e8s avoir vu une belle \u00e9toile \u00e9tincelante dans\u2026","rel":"","context":"Dans &quot;Mini lecteur&quot;","block_context":{"text":"Mini lecteur","link":"https:\/\/www.jojoenherbe.com\/index.php\/category\/mini-lecteur\/"},"img":{"alt_text":"","src":"https:\/\/i0.wp.com\/www.jojoenherbe.com\/wp-content\/uploads\/2022\/01\/Fais-un-voeu-Petit-Ours-scaled.jpg?fit=1200%2C881&ssl=1&resize=350%2C200","width":350,"height":200,"srcset":"https:\/\/i0.wp.com\/www.jojoenherbe.com\/wp-content\/uploads\/2022\/01\/Fais-un-voeu-Petit-Ours-scaled.jpg?fit=1200%2C881&ssl=1&resize=350%2C200 1x, https:\/\/i0.wp.com\/www.jojoenherbe.com\/wp-content\/uploads\/2022\/01\/Fais-un-voeu-Petit-Ours-scaled.jpg?fit=1200%2C881&ssl=1&resize=525%2C300 1.5x, https:\/\/i0.wp.com\/www.jojoenherbe.com\/wp-content\/uploads\/2022\/01\/Fais-un-voeu-Petit-Ours-scaled.jpg?fit=1200%2C881&ssl=1&resize=700%2C400 2x, https:\/\/i0.wp.com\/www.jojoenherbe.com\/wp-content\/uploads\/2022\/01\/Fais-un-voeu-Petit-Ours-scaled.jpg?fit=1200%2C881&ssl=1&resize=1050%2C600 3x"},"classes":[]},{"id":7811,"url":"https:\/\/www.jojoenherbe.com\/index.php\/2019\/10\/04\/au-fil-des-pages-avec-boucle-dor-et-les-trois-ours\/","url_meta":{"origin":4989,"position":2},"title":"Au fil des pages avec Boucle d&rsquo;Or et les trois ours","author":"Jojo","date":"4 octobre 2019","format":false,"excerpt":"Nous empruntons \u00e0 la biblioth\u00e8que deux nouvelles versions de Boucle d'Or. Nous commen\u00e7ons par Les trois ours de Byron Barton (\u00e9d. L'\u00e9cole des loisirs, 2014), un album cartonn\u00e9 pour les tout-petits, \u00e0 partir de 2 ans qui pr\u00e9sente une version tr\u00e8s classique et color\u00e9e du conte. Mais pas de soupe\u2026","rel":"","context":"Dans &quot;Mini lecteur&quot;","block_context":{"text":"Mini lecteur","link":"https:\/\/www.jojoenherbe.com\/index.php\/category\/mini-lecteur\/"},"img":{"alt_text":"","src":"https:\/\/i0.wp.com\/www.jojoenherbe.com\/wp-content\/uploads\/2019\/10\/Boucle-dOr-et-les-trois-ours.jpg?fit=1200%2C900&ssl=1&resize=350%2C200","width":350,"height":200,"srcset":"https:\/\/i0.wp.com\/www.jojoenherbe.com\/wp-content\/uploads\/2019\/10\/Boucle-dOr-et-les-trois-ours.jpg?fit=1200%2C900&ssl=1&resize=350%2C200 1x, https:\/\/i0.wp.com\/www.jojoenherbe.com\/wp-content\/uploads\/2019\/10\/Boucle-dOr-et-les-trois-ours.jpg?fit=1200%2C900&ssl=1&resize=525%2C300 1.5x, https:\/\/i0.wp.com\/www.jojoenherbe.com\/wp-content\/uploads\/2019\/10\/Boucle-dOr-et-les-trois-ours.jpg?fit=1200%2C900&ssl=1&resize=700%2C400 2x, https:\/\/i0.wp.com\/www.jojoenherbe.com\/wp-content\/uploads\/2019\/10\/Boucle-dOr-et-les-trois-ours.jpg?fit=1200%2C900&ssl=1&resize=1050%2C600 3x"},"classes":[]},{"id":5647,"url":"https:\/\/www.jojoenherbe.com\/index.php\/2019\/04\/24\/au-fil-des-pages-avec-bob-marley\/","url_meta":{"origin":4989,"position":3},"title":"Au fil des pages avec Bob &#038; Marley","author":"Jojo","date":"24 avril 2019","format":false,"excerpt":"Nous avons emprunt\u00e9 \u00e0 la biblioth\u00e8que un album jeunesse plein d'humour: Bob et Marley, Le cadeau de Fr\u00e9d\u00e9ric Marais et Thierry Dedieu (\u00e9d. Seuil Jeunesse, 2015). Nous suivons les p\u00e9rip\u00e9ties de Marley, un grand ours noir et de Bob, un petit ours gris. Marley offre un tabouret comme cadeau \u00e0\u2026","rel":"","context":"Dans &quot;Mini lecteur&quot;","block_context":{"text":"Mini lecteur","link":"https:\/\/www.jojoenherbe.com\/index.php\/category\/mini-lecteur\/"},"img":{"alt_text":"","src":"https:\/\/i0.wp.com\/www.jojoenherbe.com\/wp-content\/uploads\/2019\/04\/bob-et-marley.jpg?fit=1200%2C1001&ssl=1&resize=350%2C200","width":350,"height":200,"srcset":"https:\/\/i0.wp.com\/www.jojoenherbe.com\/wp-content\/uploads\/2019\/04\/bob-et-marley.jpg?fit=1200%2C1001&ssl=1&resize=350%2C200 1x, https:\/\/i0.wp.com\/www.jojoenherbe.com\/wp-content\/uploads\/2019\/04\/bob-et-marley.jpg?fit=1200%2C1001&ssl=1&resize=525%2C300 1.5x, https:\/\/i0.wp.com\/www.jojoenherbe.com\/wp-content\/uploads\/2019\/04\/bob-et-marley.jpg?fit=1200%2C1001&ssl=1&resize=700%2C400 2x, https:\/\/i0.wp.com\/www.jojoenherbe.com\/wp-content\/uploads\/2019\/04\/bob-et-marley.jpg?fit=1200%2C1001&ssl=1&resize=1050%2C600 3x"},"classes":[]},{"id":15940,"url":"https:\/\/www.jojoenherbe.com\/index.php\/2021\/02\/21\/au-fil-des-pages-avec-elma-une-vie-dours\/","url_meta":{"origin":4989,"position":4},"title":"Au fil des pages avec Elma, une vie d&rsquo;ours","author":"Jojo","date":"21 f\u00e9vrier 2021","format":false,"excerpt":"J'ai emprunt\u00e9 \u00e0 la m\u00e9diath\u00e8que le diptyque Elma, une vie d'ours d'Ingrid Chabbert et L\u00e9a Maz\u00e9, une BD jeunesse \u00e0 partir de 7 ans. Dans le premier tome, Le grand voyage (\u00e9d. Dargaud, 2018), Elma, une petite fille de 7 ans a \u00e9t\u00e9 \u00e9lev\u00e9e par un ours, v\u00e9ritable p\u00e8re pour\u2026","rel":"","context":"Dans &quot;Mini lecteur&quot;","block_context":{"text":"Mini lecteur","link":"https:\/\/www.jojoenherbe.com\/index.php\/category\/mini-lecteur\/"},"img":{"alt_text":"","src":"https:\/\/i0.wp.com\/www.jojoenherbe.com\/wp-content\/uploads\/2021\/02\/Elma-Une-vie-dours-scaled.jpg?fit=1200%2C854&ssl=1&resize=350%2C200","width":350,"height":200,"srcset":"https:\/\/i0.wp.com\/www.jojoenherbe.com\/wp-content\/uploads\/2021\/02\/Elma-Une-vie-dours-scaled.jpg?fit=1200%2C854&ssl=1&resize=350%2C200 1x, https:\/\/i0.wp.com\/www.jojoenherbe.com\/wp-content\/uploads\/2021\/02\/Elma-Une-vie-dours-scaled.jpg?fit=1200%2C854&ssl=1&resize=525%2C300 1.5x, https:\/\/i0.wp.com\/www.jojoenherbe.com\/wp-content\/uploads\/2021\/02\/Elma-Une-vie-dours-scaled.jpg?fit=1200%2C854&ssl=1&resize=700%2C400 2x, https:\/\/i0.wp.com\/www.jojoenherbe.com\/wp-content\/uploads\/2021\/02\/Elma-Une-vie-dours-scaled.jpg?fit=1200%2C854&ssl=1&resize=1050%2C600 3x"},"classes":[]},{"id":18730,"url":"https:\/\/www.jojoenherbe.com\/index.php\/2021\/06\/02\/au-fil-des-pages-avec-gros-loup-et-la-petite-bete\/","url_meta":{"origin":4989,"position":5},"title":"Au fil des pages avec Gros Loup et la petite b\u00eate","author":"Jojo","date":"2 juin 2021","format":false,"excerpt":"Ces derniers jours, nous lisons et relisons Gros Loup et la petite b\u00eate de Rob Hodgson (\u00e9d. Belin Jeunesse, 2017), un album jeunesse \u00e0 partir de 3 ans et qui a fait partie de la s\u00e9lection Maternelle du 30e Prix des Incos en 2019. Dans une ambiance automnale, un loup\u2026","rel":"","context":"Dans &quot;Mini lecteur&quot;","block_context":{"text":"Mini lecteur","link":"https:\/\/www.jojoenherbe.com\/index.php\/category\/mini-lecteur\/"},"img":{"alt_text":"","src":"https:\/\/i0.wp.com\/www.jojoenherbe.com\/wp-content\/uploads\/2021\/06\/Gros-Loup-et-la-petite-bete-scaled.jpg?fit=1200%2C900&ssl=1&resize=350%2C200","width":350,"height":200,"srcset":"https:\/\/i0.wp.com\/www.jojoenherbe.com\/wp-content\/uploads\/2021\/06\/Gros-Loup-et-la-petite-bete-scaled.jpg?fit=1200%2C900&ssl=1&resize=350%2C200 1x, https:\/\/i0.wp.com\/www.jojoenherbe.com\/wp-content\/uploads\/2021\/06\/Gros-Loup-et-la-petite-bete-scaled.jpg?fit=1200%2C900&ssl=1&resize=525%2C300 1.5x, https:\/\/i0.wp.com\/www.jojoenherbe.com\/wp-content\/uploads\/2021\/06\/Gros-Loup-et-la-petite-bete-scaled.jpg?fit=1200%2C900&ssl=1&resize=700%2C400 2x, https:\/\/i0.wp.com\/www.jojoenherbe.com\/wp-content\/uploads\/2021\/06\/Gros-Loup-et-la-petite-bete-scaled.jpg?fit=1200%2C900&ssl=1&resize=1050%2C600 3x"},"classes":[]}],"_links":{"self":[{"href":"https:\/\/www.jojoenherbe.com\/index.php\/wp-json\/wp\/v2\/posts\/4989","targetHints":{"allow":["GET"]}}],"collection":[{"href":"https:\/\/www.jojoenherbe.com\/index.php\/wp-json\/wp\/v2\/posts"}],"about":[{"href":"https:\/\/www.jojoenherbe.com\/index.php\/wp-json\/wp\/v2\/types\/post"}],"author":[{"embeddable":true,"href":"https:\/\/www.jojoenherbe.com\/index.php\/wp-json\/wp\/v2\/users\/1"}],"replies":[{"embeddable":true,"href":"https:\/\/www.jojoenherbe.com\/index.php\/wp-json\/wp\/v2\/comments?post=4989"}],"version-history":[{"count":0,"href":"https:\/\/www.jojoenherbe.com\/index.php\/wp-json\/wp\/v2\/posts\/4989\/revisions"}],"wp:featuredmedia":[{"embeddable":true,"href":"https:\/\/www.jojoenherbe.com\/index.php\/wp-json\/wp\/v2\/media\/4993"}],"wp:attachment":[{"href":"https:\/\/www.jojoenherbe.com\/index.php\/wp-json\/wp\/v2\/media?parent=4989"}],"wp:term":[{"taxonomy":"category","embeddable":true,"href":"https:\/\/www.jojoenherbe.com\/index.php\/wp-json\/wp\/v2\/categories?post=4989"},{"taxonomy":"post_tag","embeddable":true,"href":"https:\/\/www.jojoenherbe.com\/index.php\/wp-json\/wp\/v2\/tags?post=4989"}],"curies":[{"name":"wp","href":"https:\/\/api.w.org\/{rel}","templated":true}]}}