{"id":4880,"date":"2019-03-05T23:02:10","date_gmt":"2019-03-05T22:02:10","guid":{"rendered":"http:\/\/www.jojoenherbe.com\/?p=4880"},"modified":"2022-02-14T13:20:30","modified_gmt":"2022-02-14T12:20:30","slug":"au-fil-des-pages-avec-la-moufle","status":"publish","type":"post","link":"https:\/\/www.jojoenherbe.com\/index.php\/2019\/03\/05\/au-fil-des-pages-avec-la-moufle\/","title":{"rendered":"Au fil des pages avec La moufle"},"content":{"rendered":"<p style=\"text-align: justify;\"><em>Un joli conte traditionnel russe \u00e0 lire ou relire lors de ces derniers jours d&rsquo;hiver: La Moufle. Nous en lisons deux versions parmi toutes celles existantes. Ce conte-randonn\u00e9e nous fait beaucoup rire, surtout quand la moufle \u00e9clate.<br \/>\n<\/em><\/p>\n<p style=\"text-align: justify;\"><a href=\"https:\/\/i0.wp.com\/www.jojoenherbe.com\/wp-content\/uploads\/2019\/03\/La-moufle-2.jpg\"><img data-recalc-dims=\"1\" loading=\"lazy\" decoding=\"async\" data-attachment-id=\"4885\" data-permalink=\"https:\/\/www.jojoenherbe.com\/index.php\/2019\/03\/05\/au-fil-des-pages-avec-la-moufle\/la-moufle-2\/\" data-orig-file=\"https:\/\/i0.wp.com\/www.jojoenherbe.com\/wp-content\/uploads\/2019\/03\/La-moufle-2.jpg?fit=3264%2C2448&amp;ssl=1\" data-orig-size=\"3264,2448\" data-comments-opened=\"1\" data-image-meta=\"{&quot;aperture&quot;:&quot;2.4&quot;,&quot;credit&quot;:&quot;&quot;,&quot;camera&quot;:&quot;iPhone 4S&quot;,&quot;caption&quot;:&quot;&quot;,&quot;created_timestamp&quot;:&quot;1551792931&quot;,&quot;copyright&quot;:&quot;&quot;,&quot;focal_length&quot;:&quot;4.28&quot;,&quot;iso&quot;:&quot;125&quot;,&quot;shutter_speed&quot;:&quot;0.05&quot;,&quot;title&quot;:&quot;&quot;,&quot;orientation&quot;:&quot;1&quot;}\" data-image-title=\"La moufle 2\" data-image-description=\"\" data-image-caption=\"\" data-large-file=\"https:\/\/i0.wp.com\/www.jojoenherbe.com\/wp-content\/uploads\/2019\/03\/La-moufle-2.jpg?fit=676%2C507&amp;ssl=1\" class=\"alignleft size-thumbnail wp-image-4885\" src=\"https:\/\/i0.wp.com\/www.jojoenherbe.com\/wp-content\/uploads\/2019\/03\/La-moufle-2.jpg?resize=150%2C150\" alt=\"\" width=\"150\" height=\"150\" srcset=\"https:\/\/i0.wp.com\/www.jojoenherbe.com\/wp-content\/uploads\/2019\/03\/La-moufle-2.jpg?resize=150%2C150&amp;ssl=1 150w, https:\/\/i0.wp.com\/www.jojoenherbe.com\/wp-content\/uploads\/2019\/03\/La-moufle-2.jpg?zoom=2&amp;resize=150%2C150 300w, https:\/\/i0.wp.com\/www.jojoenherbe.com\/wp-content\/uploads\/2019\/03\/La-moufle-2.jpg?zoom=3&amp;resize=150%2C150 450w\" sizes=\"auto, (max-width: 150px) 100vw, 150px\" \/><\/a> <a href=\"https:\/\/i0.wp.com\/www.jojoenherbe.com\/wp-content\/uploads\/2019\/03\/La-moufle-3.jpg\"><img data-recalc-dims=\"1\" loading=\"lazy\" decoding=\"async\" data-attachment-id=\"4884\" data-permalink=\"https:\/\/www.jojoenherbe.com\/index.php\/2019\/03\/05\/au-fil-des-pages-avec-la-moufle\/la-moufle-3\/\" data-orig-file=\"https:\/\/i0.wp.com\/www.jojoenherbe.com\/wp-content\/uploads\/2019\/03\/La-moufle-3.jpg?fit=3244%2C1950&amp;ssl=1\" data-orig-size=\"3244,1950\" data-comments-opened=\"1\" data-image-meta=\"{&quot;aperture&quot;:&quot;2.4&quot;,&quot;credit&quot;:&quot;&quot;,&quot;camera&quot;:&quot;iPhone 4S&quot;,&quot;caption&quot;:&quot;&quot;,&quot;created_timestamp&quot;:&quot;1551793004&quot;,&quot;copyright&quot;:&quot;&quot;,&quot;focal_length&quot;:&quot;4.28&quot;,&quot;iso&quot;:&quot;100&quot;,&quot;shutter_speed&quot;:&quot;0.05&quot;,&quot;title&quot;:&quot;&quot;,&quot;orientation&quot;:&quot;1&quot;}\" data-image-title=\"La moufle 3\" data-image-description=\"\" data-image-caption=\"\" data-large-file=\"https:\/\/i0.wp.com\/www.jojoenherbe.com\/wp-content\/uploads\/2019\/03\/La-moufle-3.jpg?fit=676%2C407&amp;ssl=1\" class=\"alignleft size-thumbnail wp-image-4884\" src=\"https:\/\/i0.wp.com\/www.jojoenherbe.com\/wp-content\/uploads\/2019\/03\/La-moufle-3.jpg?resize=150%2C150\" alt=\"\" width=\"150\" height=\"150\" srcset=\"https:\/\/i0.wp.com\/www.jojoenherbe.com\/wp-content\/uploads\/2019\/03\/La-moufle-3.jpg?resize=150%2C150&amp;ssl=1 150w, https:\/\/i0.wp.com\/www.jojoenherbe.com\/wp-content\/uploads\/2019\/03\/La-moufle-3.jpg?zoom=2&amp;resize=150%2C150 300w, https:\/\/i0.wp.com\/www.jojoenherbe.com\/wp-content\/uploads\/2019\/03\/La-moufle-3.jpg?zoom=3&amp;resize=150%2C150 450w\" sizes=\"auto, (max-width: 150px) 100vw, 150px\" \/><\/a><em><span style=\"text-decoration: underline;\">La moufle<\/span> de Florence Desnouveaux et C\u00e9cile Hudrisier (\u00e9d. Didier Jeunesse, coll. A petits petons, 2017). Une souris, un li\u00e8vre, un renard, un sanglier et un ours vont chercher \u00e0 se r\u00e9chauffer dans une moufle rouge d\u00e9pos\u00e9e par le vent sur la neige du chemin. Mais y aura-t-il de la place pour tout ce petit monde? Fous-rires garantis! Les illustrations sont aussi attachantes que le texte est dr\u00f4le.<br \/>\n<\/em><\/p>\n<p style=\"text-align: justify;\"><a href=\"https:\/\/i0.wp.com\/www.jojoenherbe.com\/wp-content\/uploads\/2019\/03\/La-moufle-4.jpg\"><img data-recalc-dims=\"1\" loading=\"lazy\" decoding=\"async\" data-attachment-id=\"4883\" data-permalink=\"https:\/\/www.jojoenherbe.com\/index.php\/2019\/03\/05\/au-fil-des-pages-avec-la-moufle\/la-moufle-4\/\" data-orig-file=\"https:\/\/i0.wp.com\/www.jojoenherbe.com\/wp-content\/uploads\/2019\/03\/La-moufle-4.jpg?fit=2668%2C2328&amp;ssl=1\" data-orig-size=\"2668,2328\" data-comments-opened=\"1\" data-image-meta=\"{&quot;aperture&quot;:&quot;2.4&quot;,&quot;credit&quot;:&quot;&quot;,&quot;camera&quot;:&quot;iPhone 4S&quot;,&quot;caption&quot;:&quot;&quot;,&quot;created_timestamp&quot;:&quot;1551793028&quot;,&quot;copyright&quot;:&quot;&quot;,&quot;focal_length&quot;:&quot;4.28&quot;,&quot;iso&quot;:&quot;100&quot;,&quot;shutter_speed&quot;:&quot;0.05&quot;,&quot;title&quot;:&quot;&quot;,&quot;orientation&quot;:&quot;1&quot;}\" data-image-title=\"La moufle 4\" data-image-description=\"\" data-image-caption=\"\" data-large-file=\"https:\/\/i0.wp.com\/www.jojoenherbe.com\/wp-content\/uploads\/2019\/03\/La-moufle-4.jpg?fit=676%2C590&amp;ssl=1\" class=\"size-thumbnail wp-image-4883 alignright\" src=\"https:\/\/i0.wp.com\/www.jojoenherbe.com\/wp-content\/uploads\/2019\/03\/La-moufle-4.jpg?resize=150%2C150\" alt=\"\" width=\"150\" height=\"150\" srcset=\"https:\/\/i0.wp.com\/www.jojoenherbe.com\/wp-content\/uploads\/2019\/03\/La-moufle-4.jpg?resize=150%2C150&amp;ssl=1 150w, https:\/\/i0.wp.com\/www.jojoenherbe.com\/wp-content\/uploads\/2019\/03\/La-moufle-4.jpg?zoom=2&amp;resize=150%2C150 300w, https:\/\/i0.wp.com\/www.jojoenherbe.com\/wp-content\/uploads\/2019\/03\/La-moufle-4.jpg?zoom=3&amp;resize=150%2C150 450w\" sizes=\"auto, (max-width: 150px) 100vw, 150px\" \/><\/a> <a href=\"https:\/\/i0.wp.com\/www.jojoenherbe.com\/wp-content\/uploads\/2019\/03\/La-moufle-5.jpg\"><img data-recalc-dims=\"1\" loading=\"lazy\" decoding=\"async\" data-attachment-id=\"4882\" data-permalink=\"https:\/\/www.jojoenherbe.com\/index.php\/2019\/03\/05\/au-fil-des-pages-avec-la-moufle\/la-moufle-5\/\" data-orig-file=\"https:\/\/i0.wp.com\/www.jojoenherbe.com\/wp-content\/uploads\/2019\/03\/La-moufle-5.jpg?fit=3264%2C2362&amp;ssl=1\" data-orig-size=\"3264,2362\" data-comments-opened=\"1\" data-image-meta=\"{&quot;aperture&quot;:&quot;2.4&quot;,&quot;credit&quot;:&quot;&quot;,&quot;camera&quot;:&quot;iPhone 4S&quot;,&quot;caption&quot;:&quot;&quot;,&quot;created_timestamp&quot;:&quot;1551793058&quot;,&quot;copyright&quot;:&quot;&quot;,&quot;focal_length&quot;:&quot;4.28&quot;,&quot;iso&quot;:&quot;100&quot;,&quot;shutter_speed&quot;:&quot;0.05&quot;,&quot;title&quot;:&quot;&quot;,&quot;orientation&quot;:&quot;1&quot;}\" data-image-title=\"La moufle 5\" data-image-description=\"\" data-image-caption=\"\" data-large-file=\"https:\/\/i0.wp.com\/www.jojoenherbe.com\/wp-content\/uploads\/2019\/03\/La-moufle-5.jpg?fit=676%2C489&amp;ssl=1\" class=\"size-thumbnail wp-image-4882 alignright\" src=\"https:\/\/i0.wp.com\/www.jojoenherbe.com\/wp-content\/uploads\/2019\/03\/La-moufle-5.jpg?resize=150%2C150\" alt=\"\" width=\"150\" height=\"150\" srcset=\"https:\/\/i0.wp.com\/www.jojoenherbe.com\/wp-content\/uploads\/2019\/03\/La-moufle-5.jpg?resize=150%2C150&amp;ssl=1 150w, https:\/\/i0.wp.com\/www.jojoenherbe.com\/wp-content\/uploads\/2019\/03\/La-moufle-5.jpg?zoom=2&amp;resize=150%2C150 300w, https:\/\/i0.wp.com\/www.jojoenherbe.com\/wp-content\/uploads\/2019\/03\/La-moufle-5.jpg?zoom=3&amp;resize=150%2C150 450w\" sizes=\"auto, (max-width: 150px) 100vw, 150px\" \/><\/a><em><span style=\"text-decoration: underline;\">La moufle<\/span> de Chlo\u00e9 Chauveau et C\u00e9line Bielak (\u00e9d. Lito, 2018). Une souris, un lapin, un renard, un sanglier, un ours et une fourmi vont chercher \u00e0 se r\u00e9chauffer dans une moufle perdue par un petit gar\u00e7on. Cette version est tout aussi rigolote que la pr\u00e9c\u00e9dente. Les illustrations remplies de tendresse nous ont aussi beaucoup plu. La r\u00e9p\u00e9tition du texte sert \u00e9galement \u00e0 entretenir le rire \u00e0 l&rsquo;arriv\u00e9e de chaque personnage.<br \/>\n<\/em><\/p>\n<p style=\"text-align: justify;\"><em><a href=\"https:\/\/i0.wp.com\/www.jojoenherbe.com\/wp-content\/uploads\/2019\/03\/marottes-la-moufle.jpg\"><img data-recalc-dims=\"1\" loading=\"lazy\" decoding=\"async\" data-attachment-id=\"4900\" data-permalink=\"https:\/\/www.jojoenherbe.com\/index.php\/2019\/03\/05\/au-fil-des-pages-avec-la-moufle\/marottes-la-moufle\/\" data-orig-file=\"https:\/\/i0.wp.com\/www.jojoenherbe.com\/wp-content\/uploads\/2019\/03\/marottes-la-moufle.jpg?fit=2811%2C2390&amp;ssl=1\" data-orig-size=\"2811,2390\" data-comments-opened=\"1\" data-image-meta=\"{&quot;aperture&quot;:&quot;2.4&quot;,&quot;credit&quot;:&quot;&quot;,&quot;camera&quot;:&quot;iPhone 4S&quot;,&quot;caption&quot;:&quot;&quot;,&quot;created_timestamp&quot;:&quot;1551872301&quot;,&quot;copyright&quot;:&quot;&quot;,&quot;focal_length&quot;:&quot;4.28&quot;,&quot;iso&quot;:&quot;400&quot;,&quot;shutter_speed&quot;:&quot;0.05&quot;,&quot;title&quot;:&quot;&quot;,&quot;orientation&quot;:&quot;1&quot;}\" data-image-title=\"marottes &amp;#8211; la moufle\" data-image-description=\"\" data-image-caption=\"\" data-large-file=\"https:\/\/i0.wp.com\/www.jojoenherbe.com\/wp-content\/uploads\/2019\/03\/marottes-la-moufle.jpg?fit=676%2C575&amp;ssl=1\" class=\"alignleft size-thumbnail wp-image-4900\" src=\"https:\/\/i0.wp.com\/www.jojoenherbe.com\/wp-content\/uploads\/2019\/03\/marottes-la-moufle.jpg?resize=150%2C150\" alt=\"\" width=\"150\" height=\"150\" srcset=\"https:\/\/i0.wp.com\/www.jojoenherbe.com\/wp-content\/uploads\/2019\/03\/marottes-la-moufle.jpg?resize=150%2C150&amp;ssl=1 150w, https:\/\/i0.wp.com\/www.jojoenherbe.com\/wp-content\/uploads\/2019\/03\/marottes-la-moufle.jpg?zoom=2&amp;resize=150%2C150 300w, https:\/\/i0.wp.com\/www.jojoenherbe.com\/wp-content\/uploads\/2019\/03\/marottes-la-moufle.jpg?zoom=3&amp;resize=150%2C150 450w\" sizes=\"auto, (max-width: 150px) 100vw, 150px\" \/><\/a> <a href=\"https:\/\/i0.wp.com\/www.jojoenherbe.com\/wp-content\/uploads\/2019\/03\/moufle-et-empreintes-de-main-2.jpg\"><img data-recalc-dims=\"1\" loading=\"lazy\" decoding=\"async\" data-attachment-id=\"4899\" data-permalink=\"https:\/\/www.jojoenherbe.com\/index.php\/2019\/03\/05\/au-fil-des-pages-avec-la-moufle\/moufle-et-empreintes-de-main-2\/\" data-orig-file=\"https:\/\/i0.wp.com\/www.jojoenherbe.com\/wp-content\/uploads\/2019\/03\/moufle-et-empreintes-de-main-2.jpg?fit=3264%2C2448&amp;ssl=1\" data-orig-size=\"3264,2448\" data-comments-opened=\"1\" data-image-meta=\"{&quot;aperture&quot;:&quot;2.4&quot;,&quot;credit&quot;:&quot;&quot;,&quot;camera&quot;:&quot;iPhone 4S&quot;,&quot;caption&quot;:&quot;&quot;,&quot;created_timestamp&quot;:&quot;1551872331&quot;,&quot;copyright&quot;:&quot;&quot;,&quot;focal_length&quot;:&quot;4.28&quot;,&quot;iso&quot;:&quot;320&quot;,&quot;shutter_speed&quot;:&quot;0.05&quot;,&quot;title&quot;:&quot;&quot;,&quot;orientation&quot;:&quot;1&quot;}\" data-image-title=\"moufle et empreintes de main 2\" data-image-description=\"\" data-image-caption=\"\" data-large-file=\"https:\/\/i0.wp.com\/www.jojoenherbe.com\/wp-content\/uploads\/2019\/03\/moufle-et-empreintes-de-main-2.jpg?fit=676%2C507&amp;ssl=1\" class=\"alignleft size-thumbnail wp-image-4899\" src=\"https:\/\/i0.wp.com\/www.jojoenherbe.com\/wp-content\/uploads\/2019\/03\/moufle-et-empreintes-de-main-2.jpg?resize=150%2C150\" alt=\"\" width=\"150\" height=\"150\" srcset=\"https:\/\/i0.wp.com\/www.jojoenherbe.com\/wp-content\/uploads\/2019\/03\/moufle-et-empreintes-de-main-2.jpg?resize=150%2C150&amp;ssl=1 150w, https:\/\/i0.wp.com\/www.jojoenherbe.com\/wp-content\/uploads\/2019\/03\/moufle-et-empreintes-de-main-2.jpg?zoom=2&amp;resize=150%2C150 300w, https:\/\/i0.wp.com\/www.jojoenherbe.com\/wp-content\/uploads\/2019\/03\/moufle-et-empreintes-de-main-2.jpg?zoom=3&amp;resize=150%2C150 450w\" sizes=\"auto, (max-width: 150px) 100vw, 150px\" \/><\/a>Pour prolonger la lecture, nous avons aussi fait des activit\u00e9s autour de ces albums jeunesse: des imagiers pour nommer et compter jusqu&rsquo;\u00e0 5, des puzzles de couverture, des marottes \u00e0 l&rsquo;effigie des diff\u00e9rents personnages que nous glissons les unes apr\u00e8s les autres dans une moufle fabriqu\u00e9e pr\u00e9alablement (en papier ou en feutrine). <\/em><em>Nous avons aussi colori\u00e9 des moufles en y ajoutant ou non des gommettes. Un autre jour, nous avons fait des moufles dans du papier cartonn\u00e9 rouge en y apposant nos empreintes de main avec de la peinture blanche&#8230;<br \/>\n<\/em><\/p>\n<div id=\"attachment_33643\" style=\"width: 153px\" class=\"wp-caption aligncenter\"><img data-recalc-dims=\"1\" loading=\"lazy\" decoding=\"async\" aria-describedby=\"caption-attachment-33643\" class=\"wp-image-33643\" src=\"https:\/\/i0.wp.com\/delivrer-des-livres.fr\/wp-content\/uploads\/2019\/01\/petit-bac-2019.jpg?resize=143%2C109\" sizes=\"auto, (max-width: 200px) 100vw, 200px\" srcset=\"http:\/\/delivrer-des-livres.fr\/wp-content\/uploads\/2019\/01\/petit-bac-2019.jpg 285w, http:\/\/delivrer-des-livres.fr\/wp-content\/uploads\/2019\/01\/petit-bac-2019-150x114.jpg 150w\" alt=\"\" width=\"143\" height=\"109\" \/><p id=\"caption-attachment-33643\" class=\"wp-caption-text\"><a href=\"https:\/\/ennalit.wordpress.com\/2018\/12\/01\/challenge-petit-bac-2019-qui-veut-jouer\/\">Challenge Petit Bac d&rsquo;Enna<\/a> &#8211; #1 cat\u00e9gorie Objet \u00ab\u00a0Moufle\u00a0\u00bb<\/p><\/div>\n","protected":false},"excerpt":{"rendered":"<p>Un joli conte traditionnel russe \u00e0 lire ou relire lors de ces derniers jours d&rsquo;hiver: La Moufle. Nous en lisons deux versions parmi toutes celles existantes. Ce conte-randonn\u00e9e nous fait beaucoup rire, surtout quand la moufle \u00e9clate. La moufle de Florence Desnouveaux et C\u00e9cile Hudrisier (\u00e9d. Didier Jeunesse, coll. A petits petons, 2017). Une souris, [&hellip;]<\/p>\n","protected":false},"author":1,"featured_media":4886,"comment_status":"open","ping_status":"open","sticky":false,"template":"","format":"standard","meta":{"jetpack_post_was_ever_published":false,"_jetpack_newsletter_access":"","_jetpack_dont_email_post_to_subs":false,"_jetpack_newsletter_tier_id":0,"_jetpack_memberships_contains_paywalled_content":false,"_jetpack_memberships_contains_paid_content":false,"footnotes":""},"categories":[363],"tags":[785,409,1385,2202,1349,2104,2157,446,245,749,2201,365,367,1016,382,444,46],"class_list":["post-4880","post","type-post","status-publish","format-standard","has-post-thumbnail","hentry","category-mini-lecteur","tag-3-6-ans","tag-albums-jeunesse","tag-cecile-hudrisier","tag-celine-bielak","tag-challenge-petit-bac-2019","tag-chloe-chauveau","tag-conte-russe","tag-conte-randonnee","tag-contes","tag-exploitation-pedagogique","tag-florence-desnouveaux","tag-hiver","tag-lecture-jeunesse","tag-lectures-dhiver","tag-livres","tag-moufles","tag-randonnees","post-preview"],"jetpack_featured_media_url":"https:\/\/i0.wp.com\/www.jojoenherbe.com\/wp-content\/uploads\/2019\/03\/La-moufle.jpg?fit=2801%2C1730&ssl=1","jetpack_sharing_enabled":true,"jetpack_shortlink":"https:\/\/wp.me\/p9zhGx-1gI","jetpack_likes_enabled":true,"jetpack-related-posts":[{"id":23574,"url":"https:\/\/www.jojoenherbe.com\/index.php\/2022\/02\/24\/nos-lectures-la-moufle\/","url_meta":{"origin":4880,"position":0},"title":"Nos lectures \u00ab\u00a0La moufle\u00a0\u00bb","author":"Jojo","date":"24 f\u00e9vrier 2022","format":false,"excerpt":"Bien que nous poss\u00e9dons d\u00e9j\u00e0 deux autres versions de La moufle, conte traditionnel que nous relisons r\u00e9guli\u00e8rement et pas seulement en hiver, j'en ai emprunt\u00e9 \u00e0 nouveau une autre \u00e0 la m\u00e9diath\u00e8que et ai achet\u00e9 d'autres versions qui reprennent plut\u00f4t la version ukrainienne que russe puisque l'objet qui deviendra un\u2026","rel":"","context":"Dans &quot;Mini lecteur&quot;","block_context":{"text":"Mini lecteur","link":"https:\/\/www.jojoenherbe.com\/index.php\/category\/mini-lecteur\/"},"img":{"alt_text":"","src":"https:\/\/i0.wp.com\/www.jojoenherbe.com\/wp-content\/uploads\/2022\/02\/Nos-lectures-La-moufle-scaled.jpg?fit=1200%2C860&ssl=1&resize=350%2C200","width":350,"height":200,"srcset":"https:\/\/i0.wp.com\/www.jojoenherbe.com\/wp-content\/uploads\/2022\/02\/Nos-lectures-La-moufle-scaled.jpg?fit=1200%2C860&ssl=1&resize=350%2C200 1x, https:\/\/i0.wp.com\/www.jojoenherbe.com\/wp-content\/uploads\/2022\/02\/Nos-lectures-La-moufle-scaled.jpg?fit=1200%2C860&ssl=1&resize=525%2C300 1.5x, https:\/\/i0.wp.com\/www.jojoenherbe.com\/wp-content\/uploads\/2022\/02\/Nos-lectures-La-moufle-scaled.jpg?fit=1200%2C860&ssl=1&resize=700%2C400 2x, https:\/\/i0.wp.com\/www.jojoenherbe.com\/wp-content\/uploads\/2022\/02\/Nos-lectures-La-moufle-scaled.jpg?fit=1200%2C860&ssl=1&resize=1050%2C600 3x"},"classes":[]},{"id":6267,"url":"https:\/\/www.jojoenherbe.com\/index.php\/2019\/06\/07\/au-fil-des-pages-avec-la-pomme-des-neiges\/","url_meta":{"origin":4880,"position":1},"title":"Au fil des pages avec La pomme des neiges","author":"Jojo","date":"7 juin 2019","format":false,"excerpt":"Nous empruntons un album jeunesse nous faisant replonger dans la saison hivernale: La pomme des neiges de Feridun Oral (\u00e9d. Minedition, 2013). Dans cette histoire, ce n'est plus une moufle perdue dans la neige qui r\u00e9unira les diff\u00e9rents protagonistes mais une pomme rouge comme dans La pomme rouge de Kazuo\u2026","rel":"","context":"Dans &quot;Mini lecteur&quot;","block_context":{"text":"Mini lecteur","link":"https:\/\/www.jojoenherbe.com\/index.php\/category\/mini-lecteur\/"},"img":{"alt_text":"","src":"https:\/\/i0.wp.com\/www.jojoenherbe.com\/wp-content\/uploads\/2019\/06\/La-pomme-des-neiges.jpg?fit=1040%2C1200&ssl=1&resize=350%2C200","width":350,"height":200,"srcset":"https:\/\/i0.wp.com\/www.jojoenherbe.com\/wp-content\/uploads\/2019\/06\/La-pomme-des-neiges.jpg?fit=1040%2C1200&ssl=1&resize=350%2C200 1x, https:\/\/i0.wp.com\/www.jojoenherbe.com\/wp-content\/uploads\/2019\/06\/La-pomme-des-neiges.jpg?fit=1040%2C1200&ssl=1&resize=525%2C300 1.5x, https:\/\/i0.wp.com\/www.jojoenherbe.com\/wp-content\/uploads\/2019\/06\/La-pomme-des-neiges.jpg?fit=1040%2C1200&ssl=1&resize=700%2C400 2x"},"classes":[]},{"id":23683,"url":"https:\/\/www.jojoenherbe.com\/index.php\/2022\/02\/01\/point-lecture-hebdomadaire-26\/","url_meta":{"origin":4880,"position":2},"title":"Point lecture hebdomadaire #26","author":"Jojo","date":"1 f\u00e9vrier 2022","format":false,"excerpt":"En ce d\u00e9but de semaine, voici notre point lecture hebdomadaire avec un retour sur nos lectures de la semaine derni\u00e8re et ma lecture en cours. Nos lectures du 24 au 30 janvier 2022: Des lectures jeunesse: Cette semaine, j'avais envie de relire avec mon mini lutin deux contes hivernaux dans\u2026","rel":"","context":"Dans &quot;Mini blogueur&quot;","block_context":{"text":"Mini blogueur","link":"https:\/\/www.jojoenherbe.com\/index.php\/category\/mini-blogueur\/"},"img":{"alt_text":"","src":"https:\/\/i0.wp.com\/www.jojoenherbe.com\/wp-content\/uploads\/2022\/02\/Point-lecture-hebdo-26-scaled.jpg?fit=1200%2C900&ssl=1&resize=350%2C200","width":350,"height":200,"srcset":"https:\/\/i0.wp.com\/www.jojoenherbe.com\/wp-content\/uploads\/2022\/02\/Point-lecture-hebdo-26-scaled.jpg?fit=1200%2C900&ssl=1&resize=350%2C200 1x, https:\/\/i0.wp.com\/www.jojoenherbe.com\/wp-content\/uploads\/2022\/02\/Point-lecture-hebdo-26-scaled.jpg?fit=1200%2C900&ssl=1&resize=525%2C300 1.5x, https:\/\/i0.wp.com\/www.jojoenherbe.com\/wp-content\/uploads\/2022\/02\/Point-lecture-hebdo-26-scaled.jpg?fit=1200%2C900&ssl=1&resize=700%2C400 2x, https:\/\/i0.wp.com\/www.jojoenherbe.com\/wp-content\/uploads\/2022\/02\/Point-lecture-hebdo-26-scaled.jpg?fit=1200%2C900&ssl=1&resize=1050%2C600 3x"},"classes":[]},{"id":8706,"url":"https:\/\/www.jojoenherbe.com\/index.php\/2019\/12\/02\/pal-de-decembre-2019\/","url_meta":{"origin":4880,"position":3},"title":"PAL de d\u00e9cembre 2019","author":"Jojo","date":"2 d\u00e9cembre 2019","format":false,"excerpt":"En ce 2 d\u00e9cembre 2019, Chicky Poo et Samarian nous proposent dans le cadre du challenge \"Il \u00e9tait 7 fois No\u00ebl\" de publier une photo de notre PAL de d\u00e9cembre. Voici donc notre PAL avec des livres sur l'hiver et sur No\u00ebl. Cette PAL est non-exhautive puisque nous la compl\u00e9terons\u2026","rel":"","context":"Dans &quot;Mini challenger&quot;","block_context":{"text":"Mini challenger","link":"https:\/\/www.jojoenherbe.com\/index.php\/category\/mini-challenger\/"},"img":{"alt_text":"","src":"https:\/\/i0.wp.com\/www.jojoenherbe.com\/wp-content\/uploads\/2019\/12\/PAL-de-No%C3%ABl-2019-scaled.jpg?fit=1200%2C787&ssl=1&resize=350%2C200","width":350,"height":200,"srcset":"https:\/\/i0.wp.com\/www.jojoenherbe.com\/wp-content\/uploads\/2019\/12\/PAL-de-No%C3%ABl-2019-scaled.jpg?fit=1200%2C787&ssl=1&resize=350%2C200 1x, https:\/\/i0.wp.com\/www.jojoenherbe.com\/wp-content\/uploads\/2019\/12\/PAL-de-No%C3%ABl-2019-scaled.jpg?fit=1200%2C787&ssl=1&resize=525%2C300 1.5x, https:\/\/i0.wp.com\/www.jojoenherbe.com\/wp-content\/uploads\/2019\/12\/PAL-de-No%C3%ABl-2019-scaled.jpg?fit=1200%2C787&ssl=1&resize=700%2C400 2x, https:\/\/i0.wp.com\/www.jojoenherbe.com\/wp-content\/uploads\/2019\/12\/PAL-de-No%C3%ABl-2019-scaled.jpg?fit=1200%2C787&ssl=1&resize=1050%2C600 3x"},"classes":[]},{"id":28289,"url":"https:\/\/www.jojoenherbe.com\/index.php\/2022\/10\/12\/au-fil-des-pages-avec-les-musiciens-de-la-nouvelle-breme\/","url_meta":{"origin":4880,"position":4},"title":"Au fil des pages avec Les Musiciens de la Nouvelle-Br\u00eame","author":"Jojo","date":"12 octobre 2022","format":false,"excerpt":"Nous avons lu Les Musiciens de la Nouvelle-Br\u00eame de Pierre Delye et C\u00e9cile Hudrisier (\u00e9d. Didier Jeunesse, 2010), un album jeunesse \u00e0 partir de 5 ans et qui revisite le conte traditionnel des fr\u00e8res Grimm paru pour la premi\u00e8re fois en 1819 en le situant au Canada. Franky le caribou,\u2026","rel":"","context":"Dans &quot;Mini lecteur&quot;","block_context":{"text":"Mini lecteur","link":"https:\/\/www.jojoenherbe.com\/index.php\/category\/mini-lecteur\/"},"img":{"alt_text":"","src":"https:\/\/i0.wp.com\/www.jojoenherbe.com\/wp-content\/uploads\/2022\/10\/Les-Musiciens-de-la-Nouvelle-Breme-scaled.jpg?fit=1200%2C900&ssl=1&resize=350%2C200","width":350,"height":200,"srcset":"https:\/\/i0.wp.com\/www.jojoenherbe.com\/wp-content\/uploads\/2022\/10\/Les-Musiciens-de-la-Nouvelle-Breme-scaled.jpg?fit=1200%2C900&ssl=1&resize=350%2C200 1x, https:\/\/i0.wp.com\/www.jojoenherbe.com\/wp-content\/uploads\/2022\/10\/Les-Musiciens-de-la-Nouvelle-Breme-scaled.jpg?fit=1200%2C900&ssl=1&resize=525%2C300 1.5x, https:\/\/i0.wp.com\/www.jojoenherbe.com\/wp-content\/uploads\/2022\/10\/Les-Musiciens-de-la-Nouvelle-Breme-scaled.jpg?fit=1200%2C900&ssl=1&resize=700%2C400 2x, https:\/\/i0.wp.com\/www.jojoenherbe.com\/wp-content\/uploads\/2022\/10\/Les-Musiciens-de-la-Nouvelle-Breme-scaled.jpg?fit=1200%2C900&ssl=1&resize=1050%2C600 3x"},"classes":[]},{"id":8302,"url":"https:\/\/www.jojoenherbe.com\/index.php\/2019\/11\/14\/au-fil-des-pages-avec-la-petite-poule-rousse\/","url_meta":{"origin":4880,"position":5},"title":"Au fil des pages avec La petite poule rousse","author":"Jojo","date":"14 novembre 2019","format":false,"excerpt":"Nous empruntons \u00e0 la m\u00e9diath\u00e8que La petite poule rousse de Pierre Delye et C\u00e9cile Hudrisier (\u00e9d. Didier Jeunesse, 2011), un album jeunesse \u00e0 partir de 3 ans. Il s'agit d'une version tr\u00e8s rigolote du conte traditionnel. Une petite poule rousse trouve quelques grains de bl\u00e9 qu'elle plante. Le temps passe.\u2026","rel":"","context":"Dans &quot;Mini lecteur&quot;","block_context":{"text":"Mini lecteur","link":"https:\/\/www.jojoenherbe.com\/index.php\/category\/mini-lecteur\/"},"img":{"alt_text":"","src":"https:\/\/i0.wp.com\/www.jojoenherbe.com\/wp-content\/uploads\/2019\/11\/La-petite-poule-rousse.jpg?fit=1200%2C1023&ssl=1&resize=350%2C200","width":350,"height":200,"srcset":"https:\/\/i0.wp.com\/www.jojoenherbe.com\/wp-content\/uploads\/2019\/11\/La-petite-poule-rousse.jpg?fit=1200%2C1023&ssl=1&resize=350%2C200 1x, https:\/\/i0.wp.com\/www.jojoenherbe.com\/wp-content\/uploads\/2019\/11\/La-petite-poule-rousse.jpg?fit=1200%2C1023&ssl=1&resize=525%2C300 1.5x, https:\/\/i0.wp.com\/www.jojoenherbe.com\/wp-content\/uploads\/2019\/11\/La-petite-poule-rousse.jpg?fit=1200%2C1023&ssl=1&resize=700%2C400 2x, https:\/\/i0.wp.com\/www.jojoenherbe.com\/wp-content\/uploads\/2019\/11\/La-petite-poule-rousse.jpg?fit=1200%2C1023&ssl=1&resize=1050%2C600 3x"},"classes":[]}],"_links":{"self":[{"href":"https:\/\/www.jojoenherbe.com\/index.php\/wp-json\/wp\/v2\/posts\/4880","targetHints":{"allow":["GET"]}}],"collection":[{"href":"https:\/\/www.jojoenherbe.com\/index.php\/wp-json\/wp\/v2\/posts"}],"about":[{"href":"https:\/\/www.jojoenherbe.com\/index.php\/wp-json\/wp\/v2\/types\/post"}],"author":[{"embeddable":true,"href":"https:\/\/www.jojoenherbe.com\/index.php\/wp-json\/wp\/v2\/users\/1"}],"replies":[{"embeddable":true,"href":"https:\/\/www.jojoenherbe.com\/index.php\/wp-json\/wp\/v2\/comments?post=4880"}],"version-history":[{"count":0,"href":"https:\/\/www.jojoenherbe.com\/index.php\/wp-json\/wp\/v2\/posts\/4880\/revisions"}],"wp:featuredmedia":[{"embeddable":true,"href":"https:\/\/www.jojoenherbe.com\/index.php\/wp-json\/wp\/v2\/media\/4886"}],"wp:attachment":[{"href":"https:\/\/www.jojoenherbe.com\/index.php\/wp-json\/wp\/v2\/media?parent=4880"}],"wp:term":[{"taxonomy":"category","embeddable":true,"href":"https:\/\/www.jojoenherbe.com\/index.php\/wp-json\/wp\/v2\/categories?post=4880"},{"taxonomy":"post_tag","embeddable":true,"href":"https:\/\/www.jojoenherbe.com\/index.php\/wp-json\/wp\/v2\/tags?post=4880"}],"curies":[{"name":"wp","href":"https:\/\/api.w.org\/{rel}","templated":true}]}}