{"id":4732,"date":"2019-02-23T14:18:48","date_gmt":"2019-02-23T13:18:48","guid":{"rendered":"http:\/\/www.jojoenherbe.com\/?p=4732"},"modified":"2019-02-23T16:02:15","modified_gmt":"2019-02-23T15:02:15","slug":"le-temps-dune-visite-a-la-fete-du-citron","status":"publish","type":"post","link":"https:\/\/www.jojoenherbe.com\/index.php\/2019\/02\/23\/le-temps-dune-visite-a-la-fete-du-citron\/","title":{"rendered":"Le temps d&rsquo;une visite \u00e0 la F\u00eate du Citron"},"content":{"rendered":"<p style=\"text-align: justify;\"><em><a href=\"https:\/\/i0.wp.com\/www.jojoenherbe.com\/wp-content\/uploads\/2019\/02\/F%C3%AAte-du-citron-5.jpg\"><img data-recalc-dims=\"1\" loading=\"lazy\" decoding=\"async\" data-attachment-id=\"4736\" data-permalink=\"https:\/\/www.jojoenherbe.com\/index.php\/2019\/02\/23\/le-temps-dune-visite-a-la-fete-du-citron\/fete-du-citron-5\/\" data-orig-file=\"https:\/\/i0.wp.com\/www.jojoenherbe.com\/wp-content\/uploads\/2019\/02\/F%C3%AAte-du-citron-5.jpg?fit=3888%2C5184&amp;ssl=1\" data-orig-size=\"3888,5184\" data-comments-opened=\"1\" data-image-meta=\"{&quot;aperture&quot;:&quot;0&quot;,&quot;credit&quot;:&quot;&quot;,&quot;camera&quot;:&quot;&quot;,&quot;caption&quot;:&quot;&quot;,&quot;created_timestamp&quot;:&quot;0&quot;,&quot;copyright&quot;:&quot;&quot;,&quot;focal_length&quot;:&quot;0&quot;,&quot;iso&quot;:&quot;0&quot;,&quot;shutter_speed&quot;:&quot;0&quot;,&quot;title&quot;:&quot;&quot;,&quot;orientation&quot;:&quot;0&quot;}\" data-image-title=\"F\u00eate du citron 5\" data-image-description=\"\" data-image-caption=\"\" data-large-file=\"https:\/\/i0.wp.com\/www.jojoenherbe.com\/wp-content\/uploads\/2019\/02\/F%C3%AAte-du-citron-5.jpg?fit=676%2C901&amp;ssl=1\" class=\"alignleft size-thumbnail wp-image-4736\" src=\"https:\/\/i0.wp.com\/www.jojoenherbe.com\/wp-content\/uploads\/2019\/02\/F%C3%AAte-du-citron-5.jpg?resize=150%2C150\" alt=\"\" width=\"150\" height=\"150\" srcset=\"https:\/\/i0.wp.com\/www.jojoenherbe.com\/wp-content\/uploads\/2019\/02\/F%C3%AAte-du-citron-5.jpg?resize=150%2C150&amp;ssl=1 150w, https:\/\/i0.wp.com\/www.jojoenherbe.com\/wp-content\/uploads\/2019\/02\/F%C3%AAte-du-citron-5.jpg?zoom=2&amp;resize=150%2C150 300w, https:\/\/i0.wp.com\/www.jojoenherbe.com\/wp-content\/uploads\/2019\/02\/F%C3%AAte-du-citron-5.jpg?zoom=3&amp;resize=150%2C150 450w\" sizes=\"auto, (max-width: 150px) 100vw, 150px\" \/><\/a> <a href=\"https:\/\/i0.wp.com\/www.jojoenherbe.com\/wp-content\/uploads\/2019\/02\/F%C3%AAte-du-citron-6.jpg\"><img data-recalc-dims=\"1\" loading=\"lazy\" decoding=\"async\" data-attachment-id=\"4737\" data-permalink=\"https:\/\/www.jojoenherbe.com\/index.php\/2019\/02\/23\/le-temps-dune-visite-a-la-fete-du-citron\/fete-du-citron-6\/\" data-orig-file=\"https:\/\/i0.wp.com\/www.jojoenherbe.com\/wp-content\/uploads\/2019\/02\/F%C3%AAte-du-citron-6.jpg?fit=5184%2C3888&amp;ssl=1\" data-orig-size=\"5184,3888\" data-comments-opened=\"1\" data-image-meta=\"{&quot;aperture&quot;:&quot;5.6&quot;,&quot;credit&quot;:&quot;&quot;,&quot;camera&quot;:&quot;DSC-HX400V&quot;,&quot;caption&quot;:&quot;&quot;,&quot;created_timestamp&quot;:&quot;1550756784&quot;,&quot;copyright&quot;:&quot;&quot;,&quot;focal_length&quot;:&quot;108.63&quot;,&quot;iso&quot;:&quot;80&quot;,&quot;shutter_speed&quot;:&quot;0.004&quot;,&quot;title&quot;:&quot;&quot;,&quot;orientation&quot;:&quot;1&quot;}\" data-image-title=\"F\u00eate du citron 6\" data-image-description=\"\" data-image-caption=\"\" data-large-file=\"https:\/\/i0.wp.com\/www.jojoenherbe.com\/wp-content\/uploads\/2019\/02\/F%C3%AAte-du-citron-6.jpg?fit=676%2C507&amp;ssl=1\" class=\"alignleft size-thumbnail wp-image-4737\" src=\"https:\/\/i0.wp.com\/www.jojoenherbe.com\/wp-content\/uploads\/2019\/02\/F%C3%AAte-du-citron-6.jpg?resize=150%2C150\" alt=\"\" width=\"150\" height=\"150\" srcset=\"https:\/\/i0.wp.com\/www.jojoenherbe.com\/wp-content\/uploads\/2019\/02\/F%C3%AAte-du-citron-6.jpg?resize=150%2C150&amp;ssl=1 150w, https:\/\/i0.wp.com\/www.jojoenherbe.com\/wp-content\/uploads\/2019\/02\/F%C3%AAte-du-citron-6.jpg?zoom=2&amp;resize=150%2C150 300w, https:\/\/i0.wp.com\/www.jojoenherbe.com\/wp-content\/uploads\/2019\/02\/F%C3%AAte-du-citron-6.jpg?zoom=3&amp;resize=150%2C150 450w\" sizes=\"auto, (max-width: 150px) 100vw, 150px\" \/><\/a>Ce 21 f\u00e9vrier 2019, nous allons en train \u00e0 Menton pour la 86\u00e8me F\u00eate du Citron. L&rsquo;exposition des motifs d&rsquo;agrumes a lieu dans les jardins Biov\u00e8s, \u00e0 quelques centaines de m\u00e8tres de la gare. Cette ann\u00e9e, le th\u00e8me est celui des \u00ab\u00a0Mondes Fantastiques\u00a0\u00bb. <\/em><\/p>\n<p style=\"text-align: justify;\"><em><a href=\"https:\/\/i0.wp.com\/www.jojoenherbe.com\/wp-content\/uploads\/2019\/02\/F%C3%AAte-du-citron-7.jpg\"><img data-recalc-dims=\"1\" loading=\"lazy\" decoding=\"async\" data-attachment-id=\"4738\" data-permalink=\"https:\/\/www.jojoenherbe.com\/index.php\/2019\/02\/23\/le-temps-dune-visite-a-la-fete-du-citron\/fete-du-citron-7\/\" data-orig-file=\"https:\/\/i0.wp.com\/www.jojoenherbe.com\/wp-content\/uploads\/2019\/02\/F%C3%AAte-du-citron-7.jpg?fit=3888%2C4753&amp;ssl=1\" data-orig-size=\"3888,4753\" data-comments-opened=\"1\" data-image-meta=\"{&quot;aperture&quot;:&quot;0&quot;,&quot;credit&quot;:&quot;&quot;,&quot;camera&quot;:&quot;&quot;,&quot;caption&quot;:&quot;&quot;,&quot;created_timestamp&quot;:&quot;0&quot;,&quot;copyright&quot;:&quot;&quot;,&quot;focal_length&quot;:&quot;0&quot;,&quot;iso&quot;:&quot;0&quot;,&quot;shutter_speed&quot;:&quot;0&quot;,&quot;title&quot;:&quot;&quot;,&quot;orientation&quot;:&quot;0&quot;}\" data-image-title=\"F\u00eate du citron 7\" data-image-description=\"\" data-image-caption=\"\" data-large-file=\"https:\/\/i0.wp.com\/www.jojoenherbe.com\/wp-content\/uploads\/2019\/02\/F%C3%AAte-du-citron-7.jpg?fit=676%2C826&amp;ssl=1\" class=\"size-thumbnail wp-image-4738 alignright\" src=\"https:\/\/i0.wp.com\/www.jojoenherbe.com\/wp-content\/uploads\/2019\/02\/F%C3%AAte-du-citron-7.jpg?resize=150%2C150\" alt=\"\" width=\"150\" height=\"150\" srcset=\"https:\/\/i0.wp.com\/www.jojoenherbe.com\/wp-content\/uploads\/2019\/02\/F%C3%AAte-du-citron-7.jpg?resize=150%2C150&amp;ssl=1 150w, https:\/\/i0.wp.com\/www.jojoenherbe.com\/wp-content\/uploads\/2019\/02\/F%C3%AAte-du-citron-7.jpg?zoom=2&amp;resize=150%2C150 300w, https:\/\/i0.wp.com\/www.jojoenherbe.com\/wp-content\/uploads\/2019\/02\/F%C3%AAte-du-citron-7.jpg?zoom=3&amp;resize=150%2C150 450w\" sizes=\"auto, (max-width: 150px) 100vw, 150px\" \/><\/a> <a href=\"https:\/\/i0.wp.com\/www.jojoenherbe.com\/wp-content\/uploads\/2019\/02\/F%C3%AAte-du-citron-3.jpg\"><img data-recalc-dims=\"1\" loading=\"lazy\" decoding=\"async\" data-attachment-id=\"4734\" data-permalink=\"https:\/\/www.jojoenherbe.com\/index.php\/2019\/02\/23\/le-temps-dune-visite-a-la-fete-du-citron\/fete-du-citron-3\/\" data-orig-file=\"https:\/\/i0.wp.com\/www.jojoenherbe.com\/wp-content\/uploads\/2019\/02\/F%C3%AAte-du-citron-3.jpg?fit=3888%2C5184&amp;ssl=1\" data-orig-size=\"3888,5184\" data-comments-opened=\"1\" data-image-meta=\"{&quot;aperture&quot;:&quot;0&quot;,&quot;credit&quot;:&quot;&quot;,&quot;camera&quot;:&quot;&quot;,&quot;caption&quot;:&quot;&quot;,&quot;created_timestamp&quot;:&quot;0&quot;,&quot;copyright&quot;:&quot;&quot;,&quot;focal_length&quot;:&quot;0&quot;,&quot;iso&quot;:&quot;0&quot;,&quot;shutter_speed&quot;:&quot;0&quot;,&quot;title&quot;:&quot;&quot;,&quot;orientation&quot;:&quot;0&quot;}\" data-image-title=\"F\u00eate du citron 3\" data-image-description=\"\" data-image-caption=\"\" data-large-file=\"https:\/\/i0.wp.com\/www.jojoenherbe.com\/wp-content\/uploads\/2019\/02\/F%C3%AAte-du-citron-3.jpg?fit=676%2C901&amp;ssl=1\" class=\"size-thumbnail wp-image-4734 alignright\" src=\"https:\/\/i0.wp.com\/www.jojoenherbe.com\/wp-content\/uploads\/2019\/02\/F%C3%AAte-du-citron-3.jpg?resize=150%2C150\" alt=\"\" width=\"150\" height=\"150\" srcset=\"https:\/\/i0.wp.com\/www.jojoenherbe.com\/wp-content\/uploads\/2019\/02\/F%C3%AAte-du-citron-3.jpg?resize=150%2C150&amp;ssl=1 150w, https:\/\/i0.wp.com\/www.jojoenherbe.com\/wp-content\/uploads\/2019\/02\/F%C3%AAte-du-citron-3.jpg?zoom=2&amp;resize=150%2C150 300w, https:\/\/i0.wp.com\/www.jojoenherbe.com\/wp-content\/uploads\/2019\/02\/F%C3%AAte-du-citron-3.jpg?zoom=3&amp;resize=150%2C150 450w\" sizes=\"auto, (max-width: 150px) 100vw, 150px\" \/><\/a>Les sculptures de citrons et d&rsquo;oranges sont de toute beaut\u00e9: dragon, ph\u00e9nix, maisons, tapis volant, dromadaire, etc. Elles nous transportent dans des mondes merveilleux et f\u00e9\u00e9riques. Un gros coup de c\u0153ur pour le dragon!<\/em><\/p>\n<p style=\"text-align: justify;\"><em><a href=\"https:\/\/i0.wp.com\/www.jojoenherbe.com\/wp-content\/uploads\/2019\/02\/F%C3%AAte-du-citron-4.jpg\"><img data-recalc-dims=\"1\" loading=\"lazy\" decoding=\"async\" data-attachment-id=\"4735\" data-permalink=\"https:\/\/www.jojoenherbe.com\/index.php\/2019\/02\/23\/le-temps-dune-visite-a-la-fete-du-citron\/fete-du-citron-4\/\" data-orig-file=\"https:\/\/i0.wp.com\/www.jojoenherbe.com\/wp-content\/uploads\/2019\/02\/F%C3%AAte-du-citron-4.jpg?fit=4591%2C3888&amp;ssl=1\" data-orig-size=\"4591,3888\" data-comments-opened=\"1\" data-image-meta=\"{&quot;aperture&quot;:&quot;0&quot;,&quot;credit&quot;:&quot;&quot;,&quot;camera&quot;:&quot;&quot;,&quot;caption&quot;:&quot;&quot;,&quot;created_timestamp&quot;:&quot;0&quot;,&quot;copyright&quot;:&quot;&quot;,&quot;focal_length&quot;:&quot;0&quot;,&quot;iso&quot;:&quot;0&quot;,&quot;shutter_speed&quot;:&quot;0&quot;,&quot;title&quot;:&quot;&quot;,&quot;orientation&quot;:&quot;0&quot;}\" data-image-title=\"F\u00eate du citron 4\" data-image-description=\"\" data-image-caption=\"\" data-large-file=\"https:\/\/i0.wp.com\/www.jojoenherbe.com\/wp-content\/uploads\/2019\/02\/F%C3%AAte-du-citron-4.jpg?fit=676%2C572&amp;ssl=1\" class=\"alignleft size-thumbnail wp-image-4735\" src=\"https:\/\/i0.wp.com\/www.jojoenherbe.com\/wp-content\/uploads\/2019\/02\/F%C3%AAte-du-citron-4.jpg?resize=150%2C150\" alt=\"\" width=\"150\" height=\"150\" srcset=\"https:\/\/i0.wp.com\/www.jojoenherbe.com\/wp-content\/uploads\/2019\/02\/F%C3%AAte-du-citron-4.jpg?resize=150%2C150&amp;ssl=1 150w, https:\/\/i0.wp.com\/www.jojoenherbe.com\/wp-content\/uploads\/2019\/02\/F%C3%AAte-du-citron-4.jpg?zoom=2&amp;resize=150%2C150 300w, https:\/\/i0.wp.com\/www.jojoenherbe.com\/wp-content\/uploads\/2019\/02\/F%C3%AAte-du-citron-4.jpg?zoom=3&amp;resize=150%2C150 450w\" sizes=\"auto, (max-width: 150px) 100vw, 150px\" \/><\/a> <a href=\"https:\/\/i0.wp.com\/www.jojoenherbe.com\/wp-content\/uploads\/2019\/02\/F%C3%AAte-du-citron-9.jpg\"><img data-recalc-dims=\"1\" loading=\"lazy\" decoding=\"async\" data-attachment-id=\"4740\" data-permalink=\"https:\/\/www.jojoenherbe.com\/index.php\/2019\/02\/23\/le-temps-dune-visite-a-la-fete-du-citron\/fete-du-citron-9\/\" data-orig-file=\"https:\/\/i0.wp.com\/www.jojoenherbe.com\/wp-content\/uploads\/2019\/02\/F%C3%AAte-du-citron-9.jpg?fit=3185%2C3306&amp;ssl=1\" data-orig-size=\"3185,3306\" data-comments-opened=\"1\" data-image-meta=\"{&quot;aperture&quot;:&quot;0&quot;,&quot;credit&quot;:&quot;&quot;,&quot;camera&quot;:&quot;&quot;,&quot;caption&quot;:&quot;&quot;,&quot;created_timestamp&quot;:&quot;0&quot;,&quot;copyright&quot;:&quot;&quot;,&quot;focal_length&quot;:&quot;0&quot;,&quot;iso&quot;:&quot;0&quot;,&quot;shutter_speed&quot;:&quot;0&quot;,&quot;title&quot;:&quot;&quot;,&quot;orientation&quot;:&quot;0&quot;}\" data-image-title=\"F\u00eate du citron 9\" data-image-description=\"\" data-image-caption=\"\" data-large-file=\"https:\/\/i0.wp.com\/www.jojoenherbe.com\/wp-content\/uploads\/2019\/02\/F%C3%AAte-du-citron-9.jpg?fit=676%2C701&amp;ssl=1\" class=\"alignleft size-thumbnail wp-image-4740\" src=\"https:\/\/i0.wp.com\/www.jojoenherbe.com\/wp-content\/uploads\/2019\/02\/F%C3%AAte-du-citron-9.jpg?resize=150%2C150\" alt=\"\" width=\"150\" height=\"150\" srcset=\"https:\/\/i0.wp.com\/www.jojoenherbe.com\/wp-content\/uploads\/2019\/02\/F%C3%AAte-du-citron-9.jpg?resize=150%2C150&amp;ssl=1 150w, https:\/\/i0.wp.com\/www.jojoenherbe.com\/wp-content\/uploads\/2019\/02\/F%C3%AAte-du-citron-9.jpg?zoom=2&amp;resize=150%2C150 300w, https:\/\/i0.wp.com\/www.jojoenherbe.com\/wp-content\/uploads\/2019\/02\/F%C3%AAte-du-citron-9.jpg?zoom=3&amp;resize=150%2C150 450w\" sizes=\"auto, (max-width: 150px) 100vw, 150px\" \/><\/a>Et dire que chaque fruit a \u00e9t\u00e9 d\u00e9pos\u00e9 un \u00e0 un pour r\u00e9aliser ces immenses sculptures \u00e9ph\u00e9m\u00e8res qui font la joie des petits et des grands. En effet, dans les all\u00e9es, les visiteurs sont de toute \u00e2ge et prennent leur temps pour admirer le moindre d\u00e9tail.<br \/>\n<\/em><\/p>\n<p style=\"text-align: justify;\"><em><a href=\"https:\/\/i0.wp.com\/www.jojoenherbe.com\/wp-content\/uploads\/2019\/02\/F%C3%AAte-du-citron-2.jpg\"><img data-recalc-dims=\"1\" loading=\"lazy\" decoding=\"async\" data-attachment-id=\"4733\" data-permalink=\"https:\/\/www.jojoenherbe.com\/index.php\/2019\/02\/23\/le-temps-dune-visite-a-la-fete-du-citron\/fete-du-citron-2\/\" data-orig-file=\"https:\/\/i0.wp.com\/www.jojoenherbe.com\/wp-content\/uploads\/2019\/02\/F%C3%AAte-du-citron-2.jpg?fit=3888%2C5184&amp;ssl=1\" data-orig-size=\"3888,5184\" data-comments-opened=\"1\" data-image-meta=\"{&quot;aperture&quot;:&quot;0&quot;,&quot;credit&quot;:&quot;&quot;,&quot;camera&quot;:&quot;&quot;,&quot;caption&quot;:&quot;&quot;,&quot;created_timestamp&quot;:&quot;0&quot;,&quot;copyright&quot;:&quot;&quot;,&quot;focal_length&quot;:&quot;0&quot;,&quot;iso&quot;:&quot;0&quot;,&quot;shutter_speed&quot;:&quot;0&quot;,&quot;title&quot;:&quot;&quot;,&quot;orientation&quot;:&quot;0&quot;}\" data-image-title=\"F\u00eate du citron 2\" data-image-description=\"\" data-image-caption=\"\" data-large-file=\"https:\/\/i0.wp.com\/www.jojoenherbe.com\/wp-content\/uploads\/2019\/02\/F%C3%AAte-du-citron-2.jpg?fit=676%2C901&amp;ssl=1\" class=\"size-thumbnail wp-image-4733 alignright\" src=\"https:\/\/i0.wp.com\/www.jojoenherbe.com\/wp-content\/uploads\/2019\/02\/F%C3%AAte-du-citron-2.jpg?resize=150%2C150\" alt=\"\" width=\"150\" height=\"150\" srcset=\"https:\/\/i0.wp.com\/www.jojoenherbe.com\/wp-content\/uploads\/2019\/02\/F%C3%AAte-du-citron-2.jpg?resize=150%2C150&amp;ssl=1 150w, https:\/\/i0.wp.com\/www.jojoenherbe.com\/wp-content\/uploads\/2019\/02\/F%C3%AAte-du-citron-2.jpg?zoom=2&amp;resize=150%2C150 300w, https:\/\/i0.wp.com\/www.jojoenherbe.com\/wp-content\/uploads\/2019\/02\/F%C3%AAte-du-citron-2.jpg?zoom=3&amp;resize=150%2C150 450w\" sizes=\"auto, (max-width: 150px) 100vw, 150px\" \/><\/a> <a href=\"https:\/\/i0.wp.com\/www.jojoenherbe.com\/wp-content\/uploads\/2019\/02\/F%C3%AAte-du-citron-10.jpg\"><img data-recalc-dims=\"1\" loading=\"lazy\" decoding=\"async\" data-attachment-id=\"4741\" data-permalink=\"https:\/\/www.jojoenherbe.com\/index.php\/2019\/02\/23\/le-temps-dune-visite-a-la-fete-du-citron\/fete-du-citron-10\/\" data-orig-file=\"https:\/\/i0.wp.com\/www.jojoenherbe.com\/wp-content\/uploads\/2019\/02\/F%C3%AAte-du-citron-10.jpg?fit=2856%2C4631&amp;ssl=1\" data-orig-size=\"2856,4631\" data-comments-opened=\"1\" data-image-meta=\"{&quot;aperture&quot;:&quot;3.2&quot;,&quot;credit&quot;:&quot;&quot;,&quot;camera&quot;:&quot;DSC-HX400V&quot;,&quot;caption&quot;:&quot;&quot;,&quot;created_timestamp&quot;:&quot;1550758364&quot;,&quot;copyright&quot;:&quot;&quot;,&quot;focal_length&quot;:&quot;4.3&quot;,&quot;iso&quot;:&quot;80&quot;,&quot;shutter_speed&quot;:&quot;0.000625&quot;,&quot;title&quot;:&quot;&quot;,&quot;orientation&quot;:&quot;1&quot;}\" data-image-title=\"F\u00eate du citron 10\" data-image-description=\"\" data-image-caption=\"\" data-large-file=\"https:\/\/i0.wp.com\/www.jojoenherbe.com\/wp-content\/uploads\/2019\/02\/F%C3%AAte-du-citron-10.jpg?fit=632%2C1024&amp;ssl=1\" class=\"size-thumbnail wp-image-4741 alignright\" src=\"https:\/\/i0.wp.com\/www.jojoenherbe.com\/wp-content\/uploads\/2019\/02\/F%C3%AAte-du-citron-10.jpg?resize=150%2C150\" alt=\"\" width=\"150\" height=\"150\" srcset=\"https:\/\/i0.wp.com\/www.jojoenherbe.com\/wp-content\/uploads\/2019\/02\/F%C3%AAte-du-citron-10.jpg?resize=150%2C150&amp;ssl=1 150w, https:\/\/i0.wp.com\/www.jojoenherbe.com\/wp-content\/uploads\/2019\/02\/F%C3%AAte-du-citron-10.jpg?zoom=2&amp;resize=150%2C150 300w, https:\/\/i0.wp.com\/www.jojoenherbe.com\/wp-content\/uploads\/2019\/02\/F%C3%AAte-du-citron-10.jpg?zoom=3&amp;resize=150%2C150 450w\" sizes=\"auto, (max-width: 150px) 100vw, 150px\" \/><\/a> Nous repartons vers 16h00, laissant les futurs visiteurs dans de longues queues d&rsquo;attente pour acheter des billets ou rentrer dans les jardins. Il est temps pour nous de regagner la gare pour rentrer.<\/em><\/p>\n<p><iframe loading=\"lazy\" style=\"border: 0;\" src=\"https:\/\/www.google.com\/maps\/embed?pb=!1m18!1m12!1m3!1d2880.9797453807364!2d7.496189115501633!3d43.773279279117446!2m3!1f0!2f0!3f0!3m2!1i1024!2i768!4f13.1!3m3!1m2!1s0x12cde961f6485087%3A0x9fdd691b3059d185!2sJardins+Biov%C3%A8s!5e0!3m2!1sfr!2sfr!4v1550927854956\" allowfullscreen=\"allowfullscreen\" width=\"400\" height=\"300\" frameborder=\"0\"><\/iframe><\/p>\n","protected":false},"excerpt":{"rendered":"<p>Ce 21 f\u00e9vrier 2019, nous allons en train \u00e0 Menton pour la 86\u00e8me F\u00eate du Citron. L&rsquo;exposition des motifs d&rsquo;agrumes a lieu dans les jardins Biov\u00e8s, \u00e0 quelques centaines de m\u00e8tres de la gare. Cette ann\u00e9e, le th\u00e8me est celui des \u00ab\u00a0Mondes Fantastiques\u00a0\u00bb. Les sculptures de citrons et d&rsquo;oranges sont de toute beaut\u00e9: dragon, ph\u00e9nix, [&hellip;]<\/p>\n","protected":false},"author":1,"featured_media":4739,"comment_status":"open","ping_status":"open","sticky":false,"template":"","format":"standard","meta":{"jetpack_post_was_ever_published":false,"_jetpack_newsletter_access":"","_jetpack_dont_email_post_to_subs":false,"_jetpack_newsletter_tier_id":0,"_jetpack_memberships_contains_paywalled_content":false,"_jetpack_memberships_contains_paid_content":false,"footnotes":""},"categories":[4],"tags":[20,422,25,420,333,421,419,5,47,423],"class_list":["post-4732","post","type-post","status-publish","format-standard","has-post-thumbnail","hentry","category-mini-visiteur","tag-activites-pour-les-enfants","tag-agrumes","tag-alpes-maritimes","tag-fete-du-citron","tag-fetes","tag-jardins-bioves","tag-menton","tag-paca","tag-parcs-et-jardins","tag-sculptures","post-preview"],"jetpack_featured_media_url":"https:\/\/i0.wp.com\/www.jojoenherbe.com\/wp-content\/uploads\/2019\/02\/F%C3%AAte-du-citron-8.jpg?fit=3501%2C5149&ssl=1","jetpack_sharing_enabled":true,"jetpack_shortlink":"https:\/\/wp.me\/p9zhGx-1ek","jetpack_likes_enabled":true,"jetpack-related-posts":[{"id":38542,"url":"https:\/\/www.jojoenherbe.com\/index.php\/2025\/03\/29\/le-temps-dune-visite-a-la-fete-du-citron-2025\/","url_meta":{"origin":4732,"position":0},"title":"Le temps d&rsquo;une visite \u00e0 la F\u00eate du Citron 2025","author":"Jojo","date":"29 mars 2025","format":false,"excerpt":"Nous sommes all\u00e9s, en train, \u00e0 Menton, le 2 mars 2025, dernier jour de l'\u00e9dition 2025 de la F\u00eate du Citron dont le th\u00e8me \u00e9tait \"Voyages dans les \u00e9toiles\" et qui a \u00e9t\u00e9 grandement appr\u00e9ci\u00e9 par mon mini lutin. Encore une \u00e9dition fort r\u00e9ussie! L\u2019exposition des motifs d\u2019agrumes a eu\u2026","rel":"","context":"Dans &quot;Mini visiteur&quot;","block_context":{"text":"Mini visiteur","link":"https:\/\/www.jojoenherbe.com\/index.php\/category\/mini-crapahuteur\/mini-visiteur\/"},"img":{"alt_text":"","src":"https:\/\/i0.wp.com\/www.jojoenherbe.com\/wp-content\/uploads\/2025\/03\/Fete-du-Citron-2025-logo.jpg?fit=1200%2C675&ssl=1&resize=350%2C200","width":350,"height":200,"srcset":"https:\/\/i0.wp.com\/www.jojoenherbe.com\/wp-content\/uploads\/2025\/03\/Fete-du-Citron-2025-logo.jpg?fit=1200%2C675&ssl=1&resize=350%2C200 1x, https:\/\/i0.wp.com\/www.jojoenherbe.com\/wp-content\/uploads\/2025\/03\/Fete-du-Citron-2025-logo.jpg?fit=1200%2C675&ssl=1&resize=525%2C300 1.5x, https:\/\/i0.wp.com\/www.jojoenherbe.com\/wp-content\/uploads\/2025\/03\/Fete-du-Citron-2025-logo.jpg?fit=1200%2C675&ssl=1&resize=700%2C400 2x, https:\/\/i0.wp.com\/www.jojoenherbe.com\/wp-content\/uploads\/2025\/03\/Fete-du-Citron-2025-logo.jpg?fit=1200%2C675&ssl=1&resize=1050%2C600 3x"},"classes":[]},{"id":43256,"url":"https:\/\/www.jojoenherbe.com\/index.php\/2026\/03\/15\/meli-melo-de-carnavals-2026\/","url_meta":{"origin":4732,"position":1},"title":"M\u00e9li-m\u00e9lo de carnavals 2026","author":"Jojo","date":"15 mars 2026","format":false,"excerpt":"Profitant d'un week-end encore pluvieux et ma derni\u00e8re lecture, Le lit clos de Sophie Brocas (\u00e9d. Mialet Barrault, janvier 2025, 336 pages) m'y ayant fait penser avec un passage sur les Gras de Douarnenez, j'en profite pour revenir sur les vacances scolaires pr\u00e9c\u00e9dentes avec les festivit\u00e9s carnavalesques 2026 et une\u2026","rel":"","context":"Dans &quot;Mini visiteur&quot;","block_context":{"text":"Mini visiteur","link":"https:\/\/www.jojoenherbe.com\/index.php\/category\/mini-crapahuteur\/mini-visiteur\/"},"img":{"alt_text":"","src":"https:\/\/i0.wp.com\/www.jojoenherbe.com\/wp-content\/uploads\/2026\/03\/Carnavals-2026.jpg?fit=1017%2C1200&ssl=1&resize=350%2C200","width":350,"height":200,"srcset":"https:\/\/i0.wp.com\/www.jojoenherbe.com\/wp-content\/uploads\/2026\/03\/Carnavals-2026.jpg?fit=1017%2C1200&ssl=1&resize=350%2C200 1x, https:\/\/i0.wp.com\/www.jojoenherbe.com\/wp-content\/uploads\/2026\/03\/Carnavals-2026.jpg?fit=1017%2C1200&ssl=1&resize=525%2C300 1.5x, https:\/\/i0.wp.com\/www.jojoenherbe.com\/wp-content\/uploads\/2026\/03\/Carnavals-2026.jpg?fit=1017%2C1200&ssl=1&resize=700%2C400 2x"},"classes":[]},{"id":5473,"url":"https:\/\/www.jojoenherbe.com\/index.php\/2019\/04\/10\/le-temps-dune-visite-au-festival-des-jardins-de-la-cote-dazur\/","url_meta":{"origin":4732,"position":2},"title":"Le temps d&rsquo;une visite au Festival des Jardins de la C\u00f4te d&rsquo;Azur","author":"Jojo","date":"10 avril 2019","format":false,"excerpt":"Ce 7 avril 2019, malgr\u00e9 le temps gris\u00e2tre et une nuit de pluie, nous allons voir les jardins \u00e9ph\u00e9m\u00e8res install\u00e9s dans le Jardin Albert 1er \u00e0 Nice. En effet, Nice participe au 2e Festival des Jardins de la C\u00f4te d'Azur, \u00e0 l'instar de Cannes, Antibes-Juan-Les-Pins, Grasse et Menton. Nous d\u00e9butons\u2026","rel":"","context":"Dans &quot;Mini visiteur&quot;","block_context":{"text":"Mini visiteur","link":"https:\/\/www.jojoenherbe.com\/index.php\/category\/mini-crapahuteur\/mini-visiteur\/"},"img":{"alt_text":"","src":"https:\/\/i0.wp.com\/www.jojoenherbe.com\/wp-content\/uploads\/2019\/04\/Jardin-Albert-1er-Nice-3.jpg?fit=900%2C1200&ssl=1&resize=350%2C200","width":350,"height":200,"srcset":"https:\/\/i0.wp.com\/www.jojoenherbe.com\/wp-content\/uploads\/2019\/04\/Jardin-Albert-1er-Nice-3.jpg?fit=900%2C1200&ssl=1&resize=350%2C200 1x, https:\/\/i0.wp.com\/www.jojoenherbe.com\/wp-content\/uploads\/2019\/04\/Jardin-Albert-1er-Nice-3.jpg?fit=900%2C1200&ssl=1&resize=525%2C300 1.5x, https:\/\/i0.wp.com\/www.jojoenherbe.com\/wp-content\/uploads\/2019\/04\/Jardin-Albert-1er-Nice-3.jpg?fit=900%2C1200&ssl=1&resize=700%2C400 2x"},"classes":[]},{"id":27785,"url":"https:\/\/www.jojoenherbe.com\/index.php\/2022\/10\/06\/au-fil-des-pages-avec-un-the-a-leau-de-parapluie\/","url_meta":{"origin":4732,"position":3},"title":"Au fil des pages avec Un th\u00e9 \u00e0 l&rsquo;eau de parapluie","author":"Jojo","date":"6 octobre 2022","format":false,"excerpt":"Nous lisons r\u00e9guli\u00e8rement Un th\u00e9 \u00e0 l\u2019eau de parapluie de Karen Hottois et Chlo\u00e9 Malard (\u00e9d. Seuil Jeunesse, 2020), un album jeunesse \u00e0 partir de 3 ans. Par une journ\u00e9e pluvieuse d\u2019automne, Elmo, un blaireau invite ses amis \u00e0 un th\u00e9 \u00e0 l\u2019eau de parapluie accompagn\u00e9 de bichons au citron.\u2026","rel":"","context":"Dans &quot;Mini lecteur&quot;","block_context":{"text":"Mini lecteur","link":"https:\/\/www.jojoenherbe.com\/index.php\/category\/mini-lecteur\/"},"img":{"alt_text":"","src":"https:\/\/i0.wp.com\/www.jojoenherbe.com\/wp-content\/uploads\/2021\/09\/Un-the-a-leau-de-parapluie-scaled.jpg?fit=1200%2C900&ssl=1&resize=350%2C200","width":350,"height":200,"srcset":"https:\/\/i0.wp.com\/www.jojoenherbe.com\/wp-content\/uploads\/2021\/09\/Un-the-a-leau-de-parapluie-scaled.jpg?fit=1200%2C900&ssl=1&resize=350%2C200 1x, https:\/\/i0.wp.com\/www.jojoenherbe.com\/wp-content\/uploads\/2021\/09\/Un-the-a-leau-de-parapluie-scaled.jpg?fit=1200%2C900&ssl=1&resize=525%2C300 1.5x, https:\/\/i0.wp.com\/www.jojoenherbe.com\/wp-content\/uploads\/2021\/09\/Un-the-a-leau-de-parapluie-scaled.jpg?fit=1200%2C900&ssl=1&resize=700%2C400 2x, https:\/\/i0.wp.com\/www.jojoenherbe.com\/wp-content\/uploads\/2021\/09\/Un-the-a-leau-de-parapluie-scaled.jpg?fit=1200%2C900&ssl=1&resize=1050%2C600 3x"},"classes":[]},{"id":16025,"url":"https:\/\/www.jojoenherbe.com\/index.php\/2021\/02\/23\/au-fil-des-pages-avec-le-carnaval-de-logre\/","url_meta":{"origin":4732,"position":4},"title":"Au fil des pages avec Le carnaval de l&rsquo;ogre","author":"Jojo","date":"23 f\u00e9vrier 2021","format":false,"excerpt":"Dans nos derniers emprunts \u00e0 la m\u00e9diath\u00e8que sur le th\u00e8me du carnaval, nous lisons Le carnaval de l\u2019ogre de Catherine Tamain et Marjorie B\u00e9al (\u00e9d. \u00c2ne b\u00e2t\u00e9, 2018), un album jeunesse \u00e0 partir de 3 ans. Pour le carnaval organis\u00e9 \u00e0 l\u2019\u00e9cole maternelle de Margotte, un ogre ne sait pas\u2026","rel":"","context":"Dans &quot;Mini lecteur&quot;","block_context":{"text":"Mini lecteur","link":"https:\/\/www.jojoenherbe.com\/index.php\/category\/mini-lecteur\/"},"img":{"alt_text":"","src":"https:\/\/i0.wp.com\/www.jojoenherbe.com\/wp-content\/uploads\/2021\/02\/Le-carnaval-de-logre-scaled.jpg?fit=1200%2C915&ssl=1&resize=350%2C200","width":350,"height":200,"srcset":"https:\/\/i0.wp.com\/www.jojoenherbe.com\/wp-content\/uploads\/2021\/02\/Le-carnaval-de-logre-scaled.jpg?fit=1200%2C915&ssl=1&resize=350%2C200 1x, https:\/\/i0.wp.com\/www.jojoenherbe.com\/wp-content\/uploads\/2021\/02\/Le-carnaval-de-logre-scaled.jpg?fit=1200%2C915&ssl=1&resize=525%2C300 1.5x, https:\/\/i0.wp.com\/www.jojoenherbe.com\/wp-content\/uploads\/2021\/02\/Le-carnaval-de-logre-scaled.jpg?fit=1200%2C915&ssl=1&resize=700%2C400 2x, https:\/\/i0.wp.com\/www.jojoenherbe.com\/wp-content\/uploads\/2021\/02\/Le-carnaval-de-logre-scaled.jpg?fit=1200%2C915&ssl=1&resize=1050%2C600 3x"},"classes":[]},{"id":5702,"url":"https:\/\/www.jojoenherbe.com\/index.php\/2019\/04\/30\/le-temps-dune-visite-a-la-fete-du-miel-de-mouans-sartoux\/","url_meta":{"origin":4732,"position":5},"title":"Le temps d&rsquo;une visite \u00e0 la F\u00eate du Miel de Mouans-Sartoux","author":"Jojo","date":"30 avril 2019","format":false,"excerpt":"Ce 28 avril 2019, nous nous rendons \u00e0 Mouans-Sartoux pour la 25\u00e8me F\u00eate du Miel. Nous nous garons sur l'un des parkings gratuits de la municipalit\u00e9. A quelques minutes de l\u00e0, nous arrivons bient\u00f4t sur la place\u00a0 du G\u00e9n\u00e9ral de Gaulle o\u00f9 les stands et l'Apimobile ont \u00e9t\u00e9 mont\u00e9s. L'Apimobile\u2026","rel":"","context":"Dans &quot;Mini visiteur&quot;","block_context":{"text":"Mini visiteur","link":"https:\/\/www.jojoenherbe.com\/index.php\/category\/mini-crapahuteur\/mini-visiteur\/"},"img":{"alt_text":"","src":"https:\/\/i0.wp.com\/www.jojoenherbe.com\/wp-content\/uploads\/2019\/04\/Ch%C3%A2teau-de-Mouans-Sartoux.jpg?fit=1200%2C900&ssl=1&resize=350%2C200","width":350,"height":200,"srcset":"https:\/\/i0.wp.com\/www.jojoenherbe.com\/wp-content\/uploads\/2019\/04\/Ch%C3%A2teau-de-Mouans-Sartoux.jpg?fit=1200%2C900&ssl=1&resize=350%2C200 1x, https:\/\/i0.wp.com\/www.jojoenherbe.com\/wp-content\/uploads\/2019\/04\/Ch%C3%A2teau-de-Mouans-Sartoux.jpg?fit=1200%2C900&ssl=1&resize=525%2C300 1.5x, https:\/\/i0.wp.com\/www.jojoenherbe.com\/wp-content\/uploads\/2019\/04\/Ch%C3%A2teau-de-Mouans-Sartoux.jpg?fit=1200%2C900&ssl=1&resize=700%2C400 2x, https:\/\/i0.wp.com\/www.jojoenherbe.com\/wp-content\/uploads\/2019\/04\/Ch%C3%A2teau-de-Mouans-Sartoux.jpg?fit=1200%2C900&ssl=1&resize=1050%2C600 3x"},"classes":[]}],"_links":{"self":[{"href":"https:\/\/www.jojoenherbe.com\/index.php\/wp-json\/wp\/v2\/posts\/4732","targetHints":{"allow":["GET"]}}],"collection":[{"href":"https:\/\/www.jojoenherbe.com\/index.php\/wp-json\/wp\/v2\/posts"}],"about":[{"href":"https:\/\/www.jojoenherbe.com\/index.php\/wp-json\/wp\/v2\/types\/post"}],"author":[{"embeddable":true,"href":"https:\/\/www.jojoenherbe.com\/index.php\/wp-json\/wp\/v2\/users\/1"}],"replies":[{"embeddable":true,"href":"https:\/\/www.jojoenherbe.com\/index.php\/wp-json\/wp\/v2\/comments?post=4732"}],"version-history":[{"count":0,"href":"https:\/\/www.jojoenherbe.com\/index.php\/wp-json\/wp\/v2\/posts\/4732\/revisions"}],"wp:featuredmedia":[{"embeddable":true,"href":"https:\/\/www.jojoenherbe.com\/index.php\/wp-json\/wp\/v2\/media\/4739"}],"wp:attachment":[{"href":"https:\/\/www.jojoenherbe.com\/index.php\/wp-json\/wp\/v2\/media?parent=4732"}],"wp:term":[{"taxonomy":"category","embeddable":true,"href":"https:\/\/www.jojoenherbe.com\/index.php\/wp-json\/wp\/v2\/categories?post=4732"},{"taxonomy":"post_tag","embeddable":true,"href":"https:\/\/www.jojoenherbe.com\/index.php\/wp-json\/wp\/v2\/tags?post=4732"}],"curies":[{"name":"wp","href":"https:\/\/api.w.org\/{rel}","templated":true}]}}