{"id":43972,"date":"2026-04-30T18:32:08","date_gmt":"2026-04-30T16:32:08","guid":{"rendered":"https:\/\/www.jojoenherbe.com\/?p=43972"},"modified":"2026-04-30T18:32:08","modified_gmt":"2026-04-30T16:32:08","slug":"throwback-thursday-livresque-en-mer","status":"publish","type":"post","link":"https:\/\/www.jojoenherbe.com\/index.php\/2026\/04\/30\/throwback-thursday-livresque-en-mer\/","title":{"rendered":"Throwback Thursday Livresque: En mer"},"content":{"rendered":"<div id=\"attachment_32593\" style=\"width: 196px\" class=\"wp-caption alignleft\"><img data-recalc-dims=\"1\" loading=\"lazy\" decoding=\"async\" aria-describedby=\"caption-attachment-32593\" data-attachment-id=\"32593\" data-permalink=\"https:\/\/www.jojoenherbe.com\/index.php\/2023\/10\/12\/throwback-thursday-livresque-voyage-dans-le-temps\/ttl-logo\/\" data-orig-file=\"https:\/\/i0.wp.com\/www.jojoenherbe.com\/wp-content\/uploads\/2023\/10\/TTL-logo.jpg?fit=540%2C174&amp;ssl=1\" data-orig-size=\"540,174\" data-comments-opened=\"1\" data-image-meta=\"{&quot;aperture&quot;:&quot;0&quot;,&quot;credit&quot;:&quot;&quot;,&quot;camera&quot;:&quot;&quot;,&quot;caption&quot;:&quot;&quot;,&quot;created_timestamp&quot;:&quot;0&quot;,&quot;copyright&quot;:&quot;&quot;,&quot;focal_length&quot;:&quot;0&quot;,&quot;iso&quot;:&quot;0&quot;,&quot;shutter_speed&quot;:&quot;0&quot;,&quot;title&quot;:&quot;&quot;,&quot;orientation&quot;:&quot;0&quot;}\" data-image-title=\"TTL logo\" data-image-description=\"\" data-image-caption=\"\" data-large-file=\"https:\/\/i0.wp.com\/www.jojoenherbe.com\/wp-content\/uploads\/2023\/10\/TTL-logo.jpg?fit=540%2C174&amp;ssl=1\" class=\"wp-image-32593\" src=\"https:\/\/i0.wp.com\/www.jojoenherbe.com\/wp-content\/uploads\/2023\/10\/TTL-logo.jpg?resize=186%2C60\" alt=\"\" width=\"186\" height=\"60\" srcset=\"https:\/\/i0.wp.com\/www.jojoenherbe.com\/wp-content\/uploads\/2023\/10\/TTL-logo.jpg?w=540&amp;ssl=1 540w, https:\/\/i0.wp.com\/www.jojoenherbe.com\/wp-content\/uploads\/2023\/10\/TTL-logo.jpg?resize=300%2C97&amp;ssl=1 300w\" sizes=\"auto, (max-width: 186px) 100vw, 186px\" \/><p id=\"caption-attachment-32593\" class=\"wp-caption-text\">TTL n\u00b0363 chez <a href=\"https:\/\/my-bo0ks.over-blog.com\/2026\/04\/throwback-thursday-livresque-n-363.html\">Carole<\/a> #En mer<\/p><\/div>\n<p style=\"text-align: justify;\"><em>Ce jeudi 30 avril 2026, je participe au Throwback Thursday Livresque, un rendez-vous livresque initialement chez Bettie Rose Books et repris depuis par Carole, les liens \u00e9tant \u00e0 d\u00e9poser chez <a href=\"https:\/\/my-bo0ks.over-blog.com\/\">My-Bo0ks<\/a>. Le principe est de partager chaque jeudi un livre \u00ab\u00a0ancien\u00a0\u00bb de notre biblioth\u00e8que en fonction d\u2019un th\u00e8me donn\u00e9. Cette semaine, le th\u00e8me est \u00ab En mer\u00a0(l&rsquo;histoire doit se d\u00e9rouler en grande partie en mer (ou oc\u00e9an).\u00a0Cela peut \u00eatre sur un bateau ou sous l&rsquo;eau \u00bb.<\/em><\/p>\n<p style=\"text-align: justify;\"><em>Pour illustrer ce th\u00e8me, j&rsquo;ai choisi d&rsquo;anciennes lectures m\u00eame si la BD pr\u00e9sent\u00e9e hier, <a href=\"https:\/\/www.jojoenherbe.com\/index.php\/2026\/04\/29\/au-fil-des-pages-avec-anita-conti-oceanographe\/\"><span style=\"text-decoration: underline;\">Anita Conti<\/span><\/a> aurait pu aussi \u00eatre mentionn\u00e9e:<\/em><\/p>\n<ul>\n<li style=\"text-align: justify;\"><em><span style=\"text-decoration: underline; color: #0000ff;\"><a href=\"https:\/\/i0.wp.com\/www.jojoenherbe.com\/wp-content\/uploads\/2024\/02\/Le-pirate-de-coeur-scaled.jpg\"><img data-recalc-dims=\"1\" loading=\"lazy\" decoding=\"async\" data-attachment-id=\"34810\" data-permalink=\"https:\/\/www.jojoenherbe.com\/index.php\/2024\/02\/16\/au-fil-des-pages-avec-le-pirate-de-coeur\/le-pirate-de-coeur\/\" data-orig-file=\"https:\/\/i0.wp.com\/www.jojoenherbe.com\/wp-content\/uploads\/2024\/02\/Le-pirate-de-coeur-scaled.jpg?fit=2560%2C1920&amp;ssl=1\" data-orig-size=\"2560,1920\" data-comments-opened=\"1\" data-image-meta=\"{&quot;aperture&quot;:&quot;1.8&quot;,&quot;credit&quot;:&quot;&quot;,&quot;camera&quot;:&quot;iPhone 7&quot;,&quot;caption&quot;:&quot;&quot;,&quot;created_timestamp&quot;:&quot;1624292195&quot;,&quot;copyright&quot;:&quot;&quot;,&quot;focal_length&quot;:&quot;3.99&quot;,&quot;iso&quot;:&quot;100&quot;,&quot;shutter_speed&quot;:&quot;0.071428571428571&quot;,&quot;title&quot;:&quot;&quot;,&quot;orientation&quot;:&quot;1&quot;}\" data-image-title=\"Le pirate de coeur\" data-image-description=\"\" data-image-caption=\"\" data-large-file=\"https:\/\/i0.wp.com\/www.jojoenherbe.com\/wp-content\/uploads\/2024\/02\/Le-pirate-de-coeur-scaled.jpg?fit=676%2C507&amp;ssl=1\" class=\"size-thumbnail wp-image-34810 alignright\" src=\"https:\/\/i0.wp.com\/www.jojoenherbe.com\/wp-content\/uploads\/2024\/02\/Le-pirate-de-coeur.jpg?resize=150%2C150\" alt=\"\" width=\"150\" height=\"150\" srcset=\"https:\/\/i0.wp.com\/www.jojoenherbe.com\/wp-content\/uploads\/2024\/02\/Le-pirate-de-coeur-scaled.jpg?resize=150%2C150&amp;ssl=1 150w, https:\/\/i0.wp.com\/www.jojoenherbe.com\/wp-content\/uploads\/2024\/02\/Le-pirate-de-coeur-scaled.jpg?zoom=2&amp;resize=150%2C150 300w, https:\/\/i0.wp.com\/www.jojoenherbe.com\/wp-content\/uploads\/2024\/02\/Le-pirate-de-coeur-scaled.jpg?zoom=3&amp;resize=150%2C150 450w\" sizes=\"auto, (max-width: 150px) 100vw, 150px\" \/><\/a>Le Pirate de c\u0153ur<\/span> de S\u00e9bastien Perez et Justine Brax (\u00e9d. Albin Michel Jeunesse, septembre 2019, 32 pages), un <a href=\"https:\/\/www.jojoenherbe.com\/index.php\/2024\/02\/16\/au-fil-des-pages-avec-le-pirate-de-coeur\/\">album jeunesse<\/a> grand format \u00e0 partir de 6 ans avec l&rsquo;histoire de Louis, fils et petit-fils de pirate, Louis <\/em><\/li>\n<li style=\"text-align: justify;\"><em><span class=\"_aacl _aaco _aacu _aacx _aad7 _aade\"><a href=\"https:\/\/i0.wp.com\/www.jojoenherbe.com\/wp-content\/uploads\/2022\/07\/Charlock-T5-scaled.jpg\"><img data-recalc-dims=\"1\" loading=\"lazy\" decoding=\"async\" data-attachment-id=\"26299\" data-permalink=\"https:\/\/www.jojoenherbe.com\/index.php\/2022\/07\/04\/point-lecture-hebdomadaire-48\/charlock-t5\/\" data-orig-file=\"https:\/\/i0.wp.com\/www.jojoenherbe.com\/wp-content\/uploads\/2022\/07\/Charlock-T5-scaled.jpg?fit=2560%2C1956&amp;ssl=1\" data-orig-size=\"2560,1956\" data-comments-opened=\"1\" data-image-meta=\"{&quot;aperture&quot;:&quot;1.8&quot;,&quot;credit&quot;:&quot;&quot;,&quot;camera&quot;:&quot;iPhone 7&quot;,&quot;caption&quot;:&quot;&quot;,&quot;created_timestamp&quot;:&quot;1657116474&quot;,&quot;copyright&quot;:&quot;&quot;,&quot;focal_length&quot;:&quot;3.99&quot;,&quot;iso&quot;:&quot;80&quot;,&quot;shutter_speed&quot;:&quot;0.16666666666667&quot;,&quot;title&quot;:&quot;&quot;,&quot;orientation&quot;:&quot;1&quot;}\" data-image-title=\"Charlock T5\" data-image-description=\"\" data-image-caption=\"\" data-large-file=\"https:\/\/i0.wp.com\/www.jojoenherbe.com\/wp-content\/uploads\/2022\/07\/Charlock-T5-scaled.jpg?fit=676%2C516&amp;ssl=1\" class=\"alignleft size-thumbnail wp-image-26299\" src=\"https:\/\/i0.wp.com\/www.jojoenherbe.com\/wp-content\/uploads\/2022\/07\/Charlock-T5.jpg?resize=150%2C150\" alt=\"\" width=\"150\" height=\"150\" srcset=\"https:\/\/i0.wp.com\/www.jojoenherbe.com\/wp-content\/uploads\/2022\/07\/Charlock-T5-scaled.jpg?resize=150%2C150&amp;ssl=1 150w, https:\/\/i0.wp.com\/www.jojoenherbe.com\/wp-content\/uploads\/2022\/07\/Charlock-T5-scaled.jpg?zoom=2&amp;resize=150%2C150 300w, https:\/\/i0.wp.com\/www.jojoenherbe.com\/wp-content\/uploads\/2022\/07\/Charlock-T5-scaled.jpg?zoom=3&amp;resize=150%2C150 450w\" sizes=\"auto, (max-width: 150px) 100vw, 150px\" \/><\/a>le <span style=\"color: #0000ff;\">tome 5<\/span> de <span style=\"text-decoration: underline; color: #0000ff;\">Charlock, \u00c0 la recherche du Tikki d\u2019or<\/span> de S\u00e9bastien Perez et Benjamin Lacombe (\u00e9d. Flammarion Jeunesse, 2022), un <a href=\"https:\/\/www.jojoenherbe.com\/index.php\/2022\/07\/12\/au-fil-des-pages-avec-le-tome-5-de-charlock\/\">roman jeunesse<\/a> pour les 8\/10 ans, Charlock se retrouvant capitaine d&rsquo;un bateau pirate, en 1657, dans l\u2019oc\u00e9an Pacifique<\/span><\/em><\/li>\n<li style=\"text-align: justify;\"><em><span style=\"text-decoration: underline; color: #0000ff;\"><a href=\"https:\/\/i0.wp.com\/www.jojoenherbe.com\/wp-content\/uploads\/2025\/01\/Des-reves-a-nen-plus-finir.jpg\"><img data-recalc-dims=\"1\" loading=\"lazy\" decoding=\"async\" data-attachment-id=\"37851\" data-permalink=\"https:\/\/www.jojoenherbe.com\/index.php\/2025\/01\/08\/point-lecture-hebdomadaire-2025-1\/screenshot-114\/\" data-orig-file=\"https:\/\/i0.wp.com\/www.jojoenherbe.com\/wp-content\/uploads\/2025\/01\/Des-reves-a-nen-plus-finir.jpg?fit=748%2C1114&amp;ssl=1\" data-orig-size=\"748,1114\" data-comments-opened=\"1\" data-image-meta=\"{&quot;aperture&quot;:&quot;0&quot;,&quot;credit&quot;:&quot;&quot;,&quot;camera&quot;:&quot;&quot;,&quot;caption&quot;:&quot;Screenshot&quot;,&quot;created_timestamp&quot;:&quot;0&quot;,&quot;copyright&quot;:&quot;&quot;,&quot;focal_length&quot;:&quot;0&quot;,&quot;iso&quot;:&quot;0&quot;,&quot;shutter_speed&quot;:&quot;0&quot;,&quot;title&quot;:&quot;Screenshot&quot;,&quot;orientation&quot;:&quot;1&quot;}\" data-image-title=\"\" data-image-description=\"\" data-image-caption=\"\" data-large-file=\"https:\/\/i0.wp.com\/www.jojoenherbe.com\/wp-content\/uploads\/2025\/01\/Des-reves-a-nen-plus-finir.jpg?fit=676%2C1006&amp;ssl=1\" class=\"size-thumbnail wp-image-37851 alignright\" src=\"https:\/\/i0.wp.com\/www.jojoenherbe.com\/wp-content\/uploads\/2025\/01\/Des-reves-a-nen-plus-finir.jpg?resize=150%2C150\" alt=\"\" width=\"150\" height=\"150\" srcset=\"https:\/\/i0.wp.com\/www.jojoenherbe.com\/wp-content\/uploads\/2025\/01\/Des-reves-a-nen-plus-finir.jpg?resize=150%2C150&amp;ssl=1 150w, https:\/\/i0.wp.com\/www.jojoenherbe.com\/wp-content\/uploads\/2025\/01\/Des-reves-a-nen-plus-finir.jpg?zoom=2&amp;resize=150%2C150 300w, https:\/\/i0.wp.com\/www.jojoenherbe.com\/wp-content\/uploads\/2025\/01\/Des-reves-a-nen-plus-finir.jpg?zoom=3&amp;resize=150%2C150 450w\" sizes=\"auto, (max-width: 150px) 100vw, 150px\" \/><\/a>Des r\u00eaves \u00e0 n\u2019en plus finir<\/span> de Romane Clessie (\u00e9d. Cyplog, mai 2024, 318 pages), une romance historique se d\u00e9roulant<\/em><em>\u00a0en mer, \u00e0 bord du Cristol, entre \u00c9lise, une princesse intr\u00e9pide, qui a fui, \u00e0 19 ans, son mariage arrang\u00e9 avec le prince de Conti et Christian, un marchand-pirate au bon c\u0153ur<\/em><em><br \/>\n<\/em><\/li>\n<\/ul>\n<p style=\"text-align: justify;\"><em>Et vous, quel livre auriez-vous choisi pour cette th\u00e9matique? La semaine prochaine, le th\u00e8me sera: \u00ab Un fruit sur la couverture du livre (pas le mot, mais bien le fruit) \u00bb.<\/em><\/p>\n","protected":false},"excerpt":{"rendered":"<p>Ce jeudi 30 avril 2026, je participe au Throwback Thursday Livresque, un rendez-vous livresque initialement chez Bettie Rose Books et repris depuis par Carole, les liens \u00e9tant \u00e0 d\u00e9poser chez My-Bo0ks. Le principe est de partager chaque jeudi un livre \u00ab\u00a0ancien\u00a0\u00bb de notre biblioth\u00e8que en fonction d\u2019un th\u00e8me donn\u00e9. Cette semaine, le th\u00e8me est \u00ab [&hellip;]<\/p>\n","protected":false},"author":1,"featured_media":32593,"comment_status":"open","ping_status":"open","sticky":false,"template":"","format":"standard","meta":{"jetpack_post_was_ever_published":false,"_jetpack_newsletter_access":"","_jetpack_dont_email_post_to_subs":false,"_jetpack_newsletter_tier_id":0,"_jetpack_memberships_contains_paywalled_content":false,"_jetpack_memberships_contains_paid_content":false,"footnotes":""},"categories":[2140,873,363],"tags":[409,1293,1573,3928,1085,367,3345,3630,905,789,1572,3868],"class_list":["post-43972","post","type-post","status-publish","format-standard","has-post-thumbnail","hentry","category-mini-blogueur","category-mini-challenger","category-mini-lecteur","tag-albums-jeunesse","tag-benjamin-lacombe","tag-justine-brax","tag-lecture-ado","tag-lecture-adulte","tag-lecture-jeunesse","tag-mer-ocean","tag-romane-clessie","tag-romans-adulte","tag-romans-jeunesse","tag-sebastien-perez","tag-throwback-thursday-livresque","post-preview"],"jetpack_featured_media_url":"https:\/\/i0.wp.com\/www.jojoenherbe.com\/wp-content\/uploads\/2023\/10\/TTL-logo.jpg?fit=540%2C174&ssl=1","jetpack_sharing_enabled":true,"jetpack_shortlink":"https:\/\/wp.me\/p9zhGx-bre","jetpack_likes_enabled":true,"jetpack-related-posts":[{"id":36739,"url":"https:\/\/www.jojoenherbe.com\/index.php\/2024\/08\/01\/throwback-thursday-livresque-couverture-avec-du-sable\/","url_meta":{"origin":43972,"position":0},"title":"Throwback Thursday Livresque: Couverture avec du sable","author":"Jojo","date":"1 ao\u00fbt 2024","format":false,"excerpt":"Ce jeudi 1er ao\u00fbt 2024, je participe au Throwback Thursday Livresque, un rendez-vous livresque initialement chez Bettie Rose Books et repris depuis par Carole, les liens \u00e9tant \u00e0 d\u00e9poser chez My-Bo0ks. Le principe est de partager chaque jeudi un livre en fonction d\u2019un th\u00e8me donn\u00e9. Cette semaine, le th\u00e8me est\u2026","rel":"","context":"Dans &quot;Mini challenger&quot;","block_context":{"text":"Mini challenger","link":"https:\/\/www.jojoenherbe.com\/index.php\/category\/mini-challenger\/"},"img":{"alt_text":"","src":"https:\/\/i0.wp.com\/www.jojoenherbe.com\/wp-content\/uploads\/2023\/10\/TTL-logo.jpg?resize=350%2C200","width":350,"height":200},"classes":[]},{"id":40983,"url":"https:\/\/www.jojoenherbe.com\/index.php\/2025\/10\/16\/throwback-thursday-livresque-un-ou-une-mage\/","url_meta":{"origin":43972,"position":1},"title":"Throwback Thursday Livresque: Un ou une mage","author":"Jojo","date":"16 octobre 2025","format":false,"excerpt":"Ce jeudi 16 octobre 2025, je participe au Throwback Thursday Livresque, un rendez-vous livresque initialement chez Bettie Rose Books et repris depuis par Carole, les liens \u00e9tant \u00e0 d\u00e9poser chez My-Bo0ks. Le principe est de partager chaque jeudi un livre en fonction d\u2019un th\u00e8me donn\u00e9. Cette semaine, le th\u00e8me est\u2026","rel":"","context":"Dans &quot;Mini blogueur&quot;","block_context":{"text":"Mini blogueur","link":"https:\/\/www.jojoenherbe.com\/index.php\/category\/mini-blogueur\/"},"img":{"alt_text":"","src":"https:\/\/i0.wp.com\/www.jojoenherbe.com\/wp-content\/uploads\/2023\/10\/TTL-logo.jpg?resize=350%2C200","width":350,"height":200},"classes":[]},{"id":36974,"url":"https:\/\/www.jojoenherbe.com\/index.php\/2024\/09\/05\/throwback-thursday-livresque-rentree\/","url_meta":{"origin":43972,"position":2},"title":"Throwback Thursday Livresque: Rentr\u00e9e","author":"Jojo","date":"5 septembre 2024","format":false,"excerpt":"Ce jeudi 5 septembre 2024, je participe au Throwback Thursday Livresque, un rendez-vous livresque initialement chez Bettie Rose Books et repris depuis par Carole, les liens \u00e9tant \u00e0 d\u00e9poser chez My-Bo0ks. Le principe est de partager chaque jeudi un livre en fonction d\u2019un th\u00e8me donn\u00e9. Cette semaine, le th\u00e8me est\u2026","rel":"","context":"Dans &quot;Mini challenger&quot;","block_context":{"text":"Mini challenger","link":"https:\/\/www.jojoenherbe.com\/index.php\/category\/mini-challenger\/"},"img":{"alt_text":"","src":"https:\/\/i0.wp.com\/www.jojoenherbe.com\/wp-content\/uploads\/2023\/10\/TTL-logo.jpg?resize=350%2C200","width":350,"height":200},"classes":[]},{"id":37114,"url":"https:\/\/www.jojoenherbe.com\/index.php\/2024\/10\/24\/throwback-thursday-livresque-medecin\/","url_meta":{"origin":43972,"position":3},"title":"Throwback Thursday Livresque: m\u00e9decin","author":"Jojo","date":"24 octobre 2024","format":false,"excerpt":"Ce jeudi 24 octobre 2024, je participe au Throwback Thursday Livresque, un rendez-vous livresque initialement chez Bettie Rose Books et repris depuis par Carole, les liens \u00e9tant \u00e0 d\u00e9poser chez My-Bo0ks. Le principe est de partager chaque jeudi un livre en fonction d\u2019un th\u00e8me donn\u00e9. Cette semaine, le th\u00e8me est\u2026","rel":"","context":"Dans &quot;Mini challenger&quot;","block_context":{"text":"Mini challenger","link":"https:\/\/www.jojoenherbe.com\/index.php\/category\/mini-challenger\/"},"img":{"alt_text":"","src":"https:\/\/i0.wp.com\/www.jojoenherbe.com\/wp-content\/uploads\/2023\/10\/TTL-logo.jpg?resize=350%2C200","width":350,"height":200},"classes":[]},{"id":43427,"url":"https:\/\/www.jojoenherbe.com\/index.php\/2026\/03\/26\/throwback-thursday-livresque-un-titre-en-3-mots\/","url_meta":{"origin":43972,"position":4},"title":"Throwback Thursday Livresque: Un titre en 3 mots","author":"Jojo","date":"26 mars 2026","format":false,"excerpt":"Ce jeudi 26 mars 2026, je participe au Throwback Thursday Livresque, un rendez-vous livresque initialement chez Bettie Rose Books et repris depuis par Carole, les liens \u00e9tant \u00e0 d\u00e9poser chez My-Bo0ks. Le principe est de partager chaque jeudi un livre \"ancien\" de notre biblioth\u00e8que en fonction d\u2019un th\u00e8me donn\u00e9. Cette\u2026","rel":"","context":"Dans &quot;Mini blogueur&quot;","block_context":{"text":"Mini blogueur","link":"https:\/\/www.jojoenherbe.com\/index.php\/category\/mini-blogueur\/"},"img":{"alt_text":"","src":"https:\/\/i0.wp.com\/www.jojoenherbe.com\/wp-content\/uploads\/2023\/10\/TTL-logo.jpg?resize=350%2C200","width":350,"height":200},"classes":[]},{"id":39005,"url":"https:\/\/www.jojoenherbe.com\/index.php\/2025\/04\/17\/throwback-thursday-livresque-personnage-introverti\/","url_meta":{"origin":43972,"position":5},"title":"Throwback Thursday Livresque: Personnage introverti","author":"Jojo","date":"17 avril 2025","format":false,"excerpt":"Ce jeudi 17 avril 2025, je participe au Throwback Thursday Livresque, un rendez-vous livresque initialement chez Bettie Rose Books et repris depuis par Carole, les liens \u00e9tant \u00e0 d\u00e9poser chez My-Bo0ks. Le principe est de partager chaque jeudi un livre en fonction d\u2019un th\u00e8me donn\u00e9. Cette semaine, le th\u00e8me est\u2026","rel":"","context":"Dans &quot;Mini blogueur&quot;","block_context":{"text":"Mini blogueur","link":"https:\/\/www.jojoenherbe.com\/index.php\/category\/mini-blogueur\/"},"img":{"alt_text":"","src":"https:\/\/i0.wp.com\/www.jojoenherbe.com\/wp-content\/uploads\/2023\/10\/TTL-logo.jpg?resize=350%2C200","width":350,"height":200},"classes":[]}],"_links":{"self":[{"href":"https:\/\/www.jojoenherbe.com\/index.php\/wp-json\/wp\/v2\/posts\/43972","targetHints":{"allow":["GET"]}}],"collection":[{"href":"https:\/\/www.jojoenherbe.com\/index.php\/wp-json\/wp\/v2\/posts"}],"about":[{"href":"https:\/\/www.jojoenherbe.com\/index.php\/wp-json\/wp\/v2\/types\/post"}],"author":[{"embeddable":true,"href":"https:\/\/www.jojoenherbe.com\/index.php\/wp-json\/wp\/v2\/users\/1"}],"replies":[{"embeddable":true,"href":"https:\/\/www.jojoenherbe.com\/index.php\/wp-json\/wp\/v2\/comments?post=43972"}],"version-history":[{"count":4,"href":"https:\/\/www.jojoenherbe.com\/index.php\/wp-json\/wp\/v2\/posts\/43972\/revisions"}],"predecessor-version":[{"id":43978,"href":"https:\/\/www.jojoenherbe.com\/index.php\/wp-json\/wp\/v2\/posts\/43972\/revisions\/43978"}],"wp:featuredmedia":[{"embeddable":true,"href":"https:\/\/www.jojoenherbe.com\/index.php\/wp-json\/wp\/v2\/media\/32593"}],"wp:attachment":[{"href":"https:\/\/www.jojoenherbe.com\/index.php\/wp-json\/wp\/v2\/media?parent=43972"}],"wp:term":[{"taxonomy":"category","embeddable":true,"href":"https:\/\/www.jojoenherbe.com\/index.php\/wp-json\/wp\/v2\/categories?post=43972"},{"taxonomy":"post_tag","embeddable":true,"href":"https:\/\/www.jojoenherbe.com\/index.php\/wp-json\/wp\/v2\/tags?post=43972"}],"curies":[{"name":"wp","href":"https:\/\/api.w.org\/{rel}","templated":true}]}}