{"id":43955,"date":"2026-04-29T16:55:26","date_gmt":"2026-04-29T14:55:26","guid":{"rendered":"https:\/\/www.jojoenherbe.com\/?p=43955"},"modified":"2026-04-29T17:16:18","modified_gmt":"2026-04-29T15:16:18","slug":"au-fil-des-pages-avec-anita-conti-oceanographe","status":"publish","type":"post","link":"https:\/\/www.jojoenherbe.com\/index.php\/2026\/04\/29\/au-fil-des-pages-avec-anita-conti-oceanographe\/","title":{"rendered":"Au fil des pages avec Anita Conti, oc\u00e9anographe"},"content":{"rendered":"<p style=\"text-align: justify;\"><em>Apr\u00e8s avoir d\u00e9couvert cette s\u00e9rie Les Pionni\u00e8res avec le tome sur <span style=\"text-decoration: underline;\">Nellie Bly<\/span>, j&rsquo;ai lu, pour le th\u00e8me \u00ab\u00a0Bulles Vertes\u00a0\u00bb de la BD de la Semaine, le premier tome, <span style=\"text-decoration: underline;\">Anita Conti, oc\u00e9anographe<\/span>\u00a0de Luca Blengino, Nathaniel Legendre, Katia Ranalli et Florent Daniel (\u00e9d. Soleil, coll. Aventure, mars 2020, 56 pages), une BD documentaire retra\u00e7ant la vie d&rsquo;Anita Conti.<\/em><\/p>\n<p style=\"text-align: justify;\"><em>Rien ne pr\u00e9destinait cette femme \u00e0 devenir la premi\u00e8re exploratrice oc\u00e9anographe fran\u00e7aise. N\u00e9e en 1899 et passionn\u00e9e d\u00e8s l&rsquo;enfance par la mer et la p\u00eache, elle met un terme \u00e0 son emploi de relieuse d&rsquo;art\u00a0 \u00e0 Paris et se fait engag\u00e9e, gr\u00e2ce \u00e0 ses \u00e9crits journalistiques, par l\u2019Office scientifique et technique des p\u00eaches maritimes (OSTPM) dans des missions scientifiques et campagnes de p\u00eache, en 1935. Dans un monde masculin dans lequel il est mal vu d&rsquo;\u00eatre une femme \u00e0 bord des bateaux de p\u00eache, Anita Conti, autodidacte se r\u00e9v\u00e8le bient\u00f4t indispensable pour dresser les premi\u00e8res cartes de p\u00eache et consigner le monde sous-marin. Mais la Seconde Guerre mondiale \u00e9clate et elle s&rsquo;engage dans la Marine nationale sous couvert de travaux scientifiques des fonds marins pour pister et d\u00e9truire les mines allemandes \u00e0 d\u00e9tonation magn\u00e9tique puis plus tard s&#8217;embarque sur un chalutier \u00e0 destination de l&rsquo;Afrique de l&rsquo;Ouest.\u00a0<\/em><\/p>\n<div class=\"tiled-gallery type-rectangular tiled-gallery-unresized\" data-original-width=\"676\" data-carousel-extra='{&quot;blog_id&quot;:1,&quot;permalink&quot;:&quot;https:\\\/\\\/www.jojoenherbe.com\\\/index.php\\\/2026\\\/04\\\/29\\\/au-fil-des-pages-avec-anita-conti-oceanographe\\\/&quot;,&quot;likes_blog_id&quot;:141396489}' itemscope itemtype=\"http:\/\/schema.org\/ImageGallery\" > <div class=\"gallery-row\" style=\"width: 676px; height: 161px;\" data-original-width=\"676\" data-original-height=\"161\" > <div class=\"gallery-group images-1\" style=\"width: 212px; height: 161px;\" data-original-width=\"212\" data-original-height=\"161\" > <div class=\"tiled-gallery-item tiled-gallery-item-small\" itemprop=\"associatedMedia\" itemscope itemtype=\"http:\/\/schema.org\/ImageObject\"> <a href=\"https:\/\/www.jojoenherbe.com\/index.php\/2026\/04\/29\/au-fil-des-pages-avec-anita-conti-oceanographe\/anita-conti-bd-2\/\" border=\"0\" itemprop=\"url\"> <meta itemprop=\"width\" content=\"208\"> <meta itemprop=\"height\" content=\"157\"> <img decoding=\"async\" class=\"\" data-attachment-id=\"43963\" data-orig-file=\"https:\/\/www.jojoenherbe.com\/wp-content\/uploads\/2026\/04\/Anita-Conti-BD-2-scaled.jpeg\" data-orig-size=\"2560,1934\" data-comments-opened=\"1\" data-image-meta=\"{&quot;aperture&quot;:&quot;1.8&quot;,&quot;credit&quot;:&quot;&quot;,&quot;camera&quot;:&quot;iPhone SE (3rd generation)&quot;,&quot;caption&quot;:&quot;&quot;,&quot;created_timestamp&quot;:&quot;1777474927&quot;,&quot;copyright&quot;:&quot;&quot;,&quot;focal_length&quot;:&quot;3.99&quot;,&quot;iso&quot;:&quot;320&quot;,&quot;shutter_speed&quot;:&quot;0.023809523809524&quot;,&quot;title&quot;:&quot;&quot;,&quot;orientation&quot;:&quot;1&quot;}\" data-image-title=\"Anita Conti BD 2\" data-image-description=\"\" data-medium-file=\"https:\/\/i0.wp.com\/www.jojoenherbe.com\/wp-content\/uploads\/2026\/04\/Anita-Conti-BD-2-scaled.jpeg?fit=300%2C227&#038;ssl=1\" data-large-file=\"https:\/\/i0.wp.com\/www.jojoenherbe.com\/wp-content\/uploads\/2026\/04\/Anita-Conti-BD-2-scaled.jpeg?fit=676%2C511&#038;ssl=1\" src=\"https:\/\/i0.wp.com\/www.jojoenherbe.com\/wp-content\/uploads\/2026\/04\/Anita-Conti-BD-2-scaled.jpeg?w=208&#038;h=157&#038;ssl=1\" srcset=\"https:\/\/i0.wp.com\/www.jojoenherbe.com\/wp-content\/uploads\/2026\/04\/Anita-Conti-BD-2-scaled.jpeg?w=2560&amp;ssl=1 2560w, https:\/\/i0.wp.com\/www.jojoenherbe.com\/wp-content\/uploads\/2026\/04\/Anita-Conti-BD-2-scaled.jpeg?resize=300%2C227&amp;ssl=1 300w, https:\/\/i0.wp.com\/www.jojoenherbe.com\/wp-content\/uploads\/2026\/04\/Anita-Conti-BD-2-scaled.jpeg?resize=1024%2C774&amp;ssl=1 1024w, https:\/\/i0.wp.com\/www.jojoenherbe.com\/wp-content\/uploads\/2026\/04\/Anita-Conti-BD-2-scaled.jpeg?resize=768%2C580&amp;ssl=1 768w, https:\/\/i0.wp.com\/www.jojoenherbe.com\/wp-content\/uploads\/2026\/04\/Anita-Conti-BD-2-scaled.jpeg?resize=1536%2C1161&amp;ssl=1 1536w, https:\/\/i0.wp.com\/www.jojoenherbe.com\/wp-content\/uploads\/2026\/04\/Anita-Conti-BD-2-scaled.jpeg?resize=2048%2C1547&amp;ssl=1 2048w, https:\/\/i0.wp.com\/www.jojoenherbe.com\/wp-content\/uploads\/2026\/04\/Anita-Conti-BD-2-scaled.jpeg?resize=676%2C511&amp;ssl=1 676w, https:\/\/i0.wp.com\/www.jojoenherbe.com\/wp-content\/uploads\/2026\/04\/Anita-Conti-BD-2-scaled.jpeg?w=1352 1352w\" width=\"208\" height=\"157\" loading=\"lazy\" data-original-width=\"208\" data-original-height=\"157\" itemprop=\"http:\/\/schema.org\/image\" title=\"Anita Conti BD 2\" alt=\"Anita Conti BD 2\" style=\"width: 208px; height: 157px;\" \/> <\/a> <\/div> <\/div> <!-- close group --> <div class=\"gallery-group images-1\" style=\"width: 213px; height: 161px;\" data-original-width=\"213\" data-original-height=\"161\" > <div class=\"tiled-gallery-item tiled-gallery-item-small\" itemprop=\"associatedMedia\" itemscope itemtype=\"http:\/\/schema.org\/ImageObject\"> <a href=\"https:\/\/www.jojoenherbe.com\/index.php\/2026\/04\/29\/au-fil-des-pages-avec-anita-conti-oceanographe\/anita-conti-bd-3\/\" border=\"0\" itemprop=\"url\"> <meta itemprop=\"width\" content=\"209\"> <meta itemprop=\"height\" content=\"157\"> <img decoding=\"async\" class=\"\" data-attachment-id=\"43964\" data-orig-file=\"https:\/\/www.jojoenherbe.com\/wp-content\/uploads\/2026\/04\/Anita-Conti-BD-3-scaled.jpeg\" data-orig-size=\"2560,1920\" data-comments-opened=\"1\" data-image-meta=\"{&quot;aperture&quot;:&quot;1.8&quot;,&quot;credit&quot;:&quot;&quot;,&quot;camera&quot;:&quot;iPhone SE (3rd generation)&quot;,&quot;caption&quot;:&quot;&quot;,&quot;created_timestamp&quot;:&quot;1777474948&quot;,&quot;copyright&quot;:&quot;&quot;,&quot;focal_length&quot;:&quot;3.99&quot;,&quot;iso&quot;:&quot;400&quot;,&quot;shutter_speed&quot;:&quot;0.026315789473684&quot;,&quot;title&quot;:&quot;&quot;,&quot;orientation&quot;:&quot;1&quot;}\" data-image-title=\"Anita Conti BD 3\" data-image-description=\"\" data-medium-file=\"https:\/\/i0.wp.com\/www.jojoenherbe.com\/wp-content\/uploads\/2026\/04\/Anita-Conti-BD-3-scaled.jpeg?fit=300%2C225&#038;ssl=1\" data-large-file=\"https:\/\/i0.wp.com\/www.jojoenherbe.com\/wp-content\/uploads\/2026\/04\/Anita-Conti-BD-3-scaled.jpeg?fit=676%2C507&#038;ssl=1\" src=\"https:\/\/i0.wp.com\/www.jojoenherbe.com\/wp-content\/uploads\/2026\/04\/Anita-Conti-BD-3-scaled.jpeg?w=209&#038;h=157&#038;ssl=1\" srcset=\"https:\/\/i0.wp.com\/www.jojoenherbe.com\/wp-content\/uploads\/2026\/04\/Anita-Conti-BD-3-scaled.jpeg?w=2560&amp;ssl=1 2560w, https:\/\/i0.wp.com\/www.jojoenherbe.com\/wp-content\/uploads\/2026\/04\/Anita-Conti-BD-3-scaled.jpeg?resize=300%2C225&amp;ssl=1 300w, https:\/\/i0.wp.com\/www.jojoenherbe.com\/wp-content\/uploads\/2026\/04\/Anita-Conti-BD-3-scaled.jpeg?resize=1024%2C768&amp;ssl=1 1024w, https:\/\/i0.wp.com\/www.jojoenherbe.com\/wp-content\/uploads\/2026\/04\/Anita-Conti-BD-3-scaled.jpeg?resize=768%2C576&amp;ssl=1 768w, https:\/\/i0.wp.com\/www.jojoenherbe.com\/wp-content\/uploads\/2026\/04\/Anita-Conti-BD-3-scaled.jpeg?resize=1536%2C1152&amp;ssl=1 1536w, https:\/\/i0.wp.com\/www.jojoenherbe.com\/wp-content\/uploads\/2026\/04\/Anita-Conti-BD-3-scaled.jpeg?resize=2048%2C1536&amp;ssl=1 2048w, https:\/\/i0.wp.com\/www.jojoenherbe.com\/wp-content\/uploads\/2026\/04\/Anita-Conti-BD-3-scaled.jpeg?resize=676%2C507&amp;ssl=1 676w, https:\/\/i0.wp.com\/www.jojoenherbe.com\/wp-content\/uploads\/2026\/04\/Anita-Conti-BD-3-scaled.jpeg?w=1352 1352w\" width=\"209\" height=\"157\" loading=\"lazy\" data-original-width=\"209\" data-original-height=\"157\" itemprop=\"http:\/\/schema.org\/image\" title=\"Anita Conti BD 3\" alt=\"Anita Conti BD 3\" style=\"width: 209px; height: 157px;\" \/> <\/a> <\/div> <\/div> <!-- close group --> <div class=\"gallery-group images-1\" style=\"width: 122px; height: 161px;\" data-original-width=\"122\" data-original-height=\"161\" > <div class=\"tiled-gallery-item tiled-gallery-item-small\" itemprop=\"associatedMedia\" itemscope itemtype=\"http:\/\/schema.org\/ImageObject\"> <a href=\"https:\/\/www.jojoenherbe.com\/index.php\/2026\/04\/29\/au-fil-des-pages-avec-anita-conti-oceanographe\/anita-conti-bd-4\/\" border=\"0\" itemprop=\"url\"> <meta itemprop=\"width\" content=\"118\"> <meta itemprop=\"height\" content=\"157\"> <img decoding=\"async\" class=\"\" data-attachment-id=\"43965\" data-orig-file=\"https:\/\/www.jojoenherbe.com\/wp-content\/uploads\/2026\/04\/Anita-Conti-BD-4-scaled.jpeg\" data-orig-size=\"1920,2560\" data-comments-opened=\"1\" data-image-meta=\"{&quot;aperture&quot;:&quot;1.8&quot;,&quot;credit&quot;:&quot;&quot;,&quot;camera&quot;:&quot;iPhone SE (3rd generation)&quot;,&quot;caption&quot;:&quot;&quot;,&quot;created_timestamp&quot;:&quot;1777475011&quot;,&quot;copyright&quot;:&quot;&quot;,&quot;focal_length&quot;:&quot;3.99&quot;,&quot;iso&quot;:&quot;400&quot;,&quot;shutter_speed&quot;:&quot;0.025&quot;,&quot;title&quot;:&quot;&quot;,&quot;orientation&quot;:&quot;1&quot;}\" data-image-title=\"Anita Conti BD 4\" data-image-description=\"\" data-medium-file=\"https:\/\/i0.wp.com\/www.jojoenherbe.com\/wp-content\/uploads\/2026\/04\/Anita-Conti-BD-4-scaled.jpeg?fit=225%2C300&#038;ssl=1\" data-large-file=\"https:\/\/i0.wp.com\/www.jojoenherbe.com\/wp-content\/uploads\/2026\/04\/Anita-Conti-BD-4-scaled.jpeg?fit=676%2C901&#038;ssl=1\" src=\"https:\/\/i0.wp.com\/www.jojoenherbe.com\/wp-content\/uploads\/2026\/04\/Anita-Conti-BD-4-scaled.jpeg?w=118&#038;h=157&#038;ssl=1\" srcset=\"https:\/\/i0.wp.com\/www.jojoenherbe.com\/wp-content\/uploads\/2026\/04\/Anita-Conti-BD-4-scaled.jpeg?w=1920&amp;ssl=1 1920w, https:\/\/i0.wp.com\/www.jojoenherbe.com\/wp-content\/uploads\/2026\/04\/Anita-Conti-BD-4-scaled.jpeg?resize=225%2C300&amp;ssl=1 225w, https:\/\/i0.wp.com\/www.jojoenherbe.com\/wp-content\/uploads\/2026\/04\/Anita-Conti-BD-4-scaled.jpeg?resize=768%2C1024&amp;ssl=1 768w, https:\/\/i0.wp.com\/www.jojoenherbe.com\/wp-content\/uploads\/2026\/04\/Anita-Conti-BD-4-scaled.jpeg?resize=1152%2C1536&amp;ssl=1 1152w, https:\/\/i0.wp.com\/www.jojoenherbe.com\/wp-content\/uploads\/2026\/04\/Anita-Conti-BD-4-scaled.jpeg?resize=1536%2C2048&amp;ssl=1 1536w, https:\/\/i0.wp.com\/www.jojoenherbe.com\/wp-content\/uploads\/2026\/04\/Anita-Conti-BD-4-scaled.jpeg?resize=676%2C901&amp;ssl=1 676w, https:\/\/i0.wp.com\/www.jojoenherbe.com\/wp-content\/uploads\/2026\/04\/Anita-Conti-BD-4-scaled.jpeg?w=1352 1352w\" width=\"118\" height=\"157\" loading=\"lazy\" data-original-width=\"118\" data-original-height=\"157\" itemprop=\"http:\/\/schema.org\/image\" title=\"Anita Conti BD 4\" alt=\"Anita Conti BD 4\" style=\"width: 118px; height: 157px;\" \/> <\/a> <\/div> <\/div> <!-- close group --> <div class=\"gallery-group images-1\" style=\"width: 129px; height: 161px;\" data-original-width=\"129\" data-original-height=\"161\" > <div class=\"tiled-gallery-item tiled-gallery-item-small\" itemprop=\"associatedMedia\" itemscope itemtype=\"http:\/\/schema.org\/ImageObject\"> <a href=\"https:\/\/www.jojoenherbe.com\/index.php\/2026\/04\/29\/au-fil-des-pages-avec-anita-conti-oceanographe\/anita-conti-bd-5\/\" border=\"0\" itemprop=\"url\"> <meta itemprop=\"width\" content=\"125\"> <meta itemprop=\"height\" content=\"157\"> <img decoding=\"async\" class=\"\" data-attachment-id=\"43966\" data-orig-file=\"https:\/\/www.jojoenherbe.com\/wp-content\/uploads\/2026\/04\/Anita-Conti-BD-5-scaled.jpeg\" data-orig-size=\"2029,2560\" data-comments-opened=\"1\" data-image-meta=\"{&quot;aperture&quot;:&quot;1.8&quot;,&quot;credit&quot;:&quot;&quot;,&quot;camera&quot;:&quot;iPhone SE (3rd generation)&quot;,&quot;caption&quot;:&quot;&quot;,&quot;created_timestamp&quot;:&quot;1777475033&quot;,&quot;copyright&quot;:&quot;&quot;,&quot;focal_length&quot;:&quot;3.99&quot;,&quot;iso&quot;:&quot;320&quot;,&quot;shutter_speed&quot;:&quot;0.023255813953488&quot;,&quot;title&quot;:&quot;&quot;,&quot;orientation&quot;:&quot;1&quot;}\" data-image-title=\"Anita Conti BD 5\" data-image-description=\"\" data-medium-file=\"https:\/\/i0.wp.com\/www.jojoenherbe.com\/wp-content\/uploads\/2026\/04\/Anita-Conti-BD-5-scaled.jpeg?fit=238%2C300&#038;ssl=1\" data-large-file=\"https:\/\/i0.wp.com\/www.jojoenherbe.com\/wp-content\/uploads\/2026\/04\/Anita-Conti-BD-5-scaled.jpeg?fit=676%2C852&#038;ssl=1\" src=\"https:\/\/i0.wp.com\/www.jojoenherbe.com\/wp-content\/uploads\/2026\/04\/Anita-Conti-BD-5-scaled.jpeg?w=125&#038;h=157&#038;ssl=1\" srcset=\"https:\/\/i0.wp.com\/www.jojoenherbe.com\/wp-content\/uploads\/2026\/04\/Anita-Conti-BD-5-scaled.jpeg?w=2029&amp;ssl=1 2029w, https:\/\/i0.wp.com\/www.jojoenherbe.com\/wp-content\/uploads\/2026\/04\/Anita-Conti-BD-5-scaled.jpeg?resize=238%2C300&amp;ssl=1 238w, https:\/\/i0.wp.com\/www.jojoenherbe.com\/wp-content\/uploads\/2026\/04\/Anita-Conti-BD-5-scaled.jpeg?resize=812%2C1024&amp;ssl=1 812w, https:\/\/i0.wp.com\/www.jojoenherbe.com\/wp-content\/uploads\/2026\/04\/Anita-Conti-BD-5-scaled.jpeg?resize=768%2C969&amp;ssl=1 768w, https:\/\/i0.wp.com\/www.jojoenherbe.com\/wp-content\/uploads\/2026\/04\/Anita-Conti-BD-5-scaled.jpeg?resize=1218%2C1536&amp;ssl=1 1218w, https:\/\/i0.wp.com\/www.jojoenherbe.com\/wp-content\/uploads\/2026\/04\/Anita-Conti-BD-5-scaled.jpeg?resize=1623%2C2048&amp;ssl=1 1623w, https:\/\/i0.wp.com\/www.jojoenherbe.com\/wp-content\/uploads\/2026\/04\/Anita-Conti-BD-5-scaled.jpeg?resize=676%2C853&amp;ssl=1 676w, https:\/\/i0.wp.com\/www.jojoenherbe.com\/wp-content\/uploads\/2026\/04\/Anita-Conti-BD-5-scaled.jpeg?w=1352 1352w\" width=\"125\" height=\"157\" loading=\"lazy\" data-original-width=\"125\" data-original-height=\"157\" itemprop=\"http:\/\/schema.org\/image\" title=\"Anita Conti BD 5\" alt=\"Anita Conti BD 5\" style=\"width: 125px; height: 157px;\" \/> <\/a> <\/div> <\/div> <!-- close group --> <\/div> <!-- close row --> <\/div>\n<p style=\"text-align: justify;\"><em>Cette BD d\u00e9veloppe surtout le d\u00e9but de ses travaux scientifiques, entre les 30 et 50. On y voit sa force de caract\u00e8re et sa t\u00e9nacit\u00e9, permettant par son audace, la qualit\u00e9 de son travail et son savoir-faire \u00e0 permettre l&rsquo;exploration des fonds marins, \u00e0 rationaliser les pratiques de la p\u00eache puis \u00e0 alerter sur les dangers de la surp\u00eache industrielle et la vuln\u00e9rabilit\u00e9 des fonds marins, au vu de son exp\u00e9rience sur le terrain ou bien encore en \u00e9tant \u00e0 l&rsquo;origine de la pisciculture ou plus largement de l&rsquo;aquaculture. On y croise \u00e9galement \u00e0 la fin un autre explorateur oc\u00e9anographe c\u00e9l\u00e8bre, le commandant Cousteau. <\/em><em>Un bon moment de lecture avec cette BD biographique, m\u00eame si je n&rsquo;ai pas trop accroch\u00e9 aux dessins et qui se termine sur un dossier biographique fort instructif!<\/em><\/p>\n<p style=\"text-align: justify;\"><em>Pour une autre BD documentaire sur Anita Conti: <a href=\"https:\/\/toursetculture.com\/2026\/04\/29\/bd-anita-conti-de-jose-louis-bocquet-et-catel\/\">Eimelle<\/a>. avec le roman graphique en noir et blanc dans la s\u00e9rie <span style=\"text-decoration: underline;\">Les Clandestines de l&rsquo;Histoire<\/span>, <span style=\"text-decoration: underline;\">Anita Conti<\/span> de Jos\u00e9-Louis Bocquet et Catel (\u00e9d. Casterman, septembre 2024, 368 pages).<\/em><\/p>\n<div id=\"attachment_40787\" style=\"width: 106px\" class=\"wp-caption alignleft\"><img data-recalc-dims=\"1\" loading=\"lazy\" decoding=\"async\" aria-describedby=\"caption-attachment-40787\" data-attachment-id=\"40787\" data-permalink=\"https:\/\/www.jojoenherbe.com\/index.php\/2025\/10\/01\/au-fil-des-pages-avec-le-tome-2-de-brume\/la-bd-de-la-semaine-logo-2\/\" data-orig-file=\"https:\/\/i0.wp.com\/www.jojoenherbe.com\/wp-content\/uploads\/2025\/09\/La-BD-de-la-Semaine-logo-2.jpg?fit=500%2C500&amp;ssl=1\" data-orig-size=\"500,500\" data-comments-opened=\"1\" data-image-meta=\"{&quot;aperture&quot;:&quot;0&quot;,&quot;credit&quot;:&quot;&quot;,&quot;camera&quot;:&quot;&quot;,&quot;caption&quot;:&quot;&quot;,&quot;created_timestamp&quot;:&quot;1758750983&quot;,&quot;copyright&quot;:&quot;&quot;,&quot;focal_length&quot;:&quot;0&quot;,&quot;iso&quot;:&quot;0&quot;,&quot;shutter_speed&quot;:&quot;0&quot;,&quot;title&quot;:&quot;&quot;,&quot;orientation&quot;:&quot;1&quot;}\" data-image-title=\"La BD de la Semaine &amp;#8211; logo 2\" data-image-description=\"\" data-image-caption=\"\" data-large-file=\"https:\/\/i0.wp.com\/www.jojoenherbe.com\/wp-content\/uploads\/2025\/09\/La-BD-de-la-Semaine-logo-2.jpg?fit=500%2C500&amp;ssl=1\" class=\"wp-image-40787\" src=\"https:\/\/i0.wp.com\/www.jojoenherbe.com\/wp-content\/uploads\/2025\/09\/La-BD-de-la-Semaine-logo-2.jpg?resize=96%2C96\" alt=\"\" width=\"96\" height=\"96\" srcset=\"https:\/\/i0.wp.com\/www.jojoenherbe.com\/wp-content\/uploads\/2025\/09\/La-BD-de-la-Semaine-logo-2.jpg?w=500&amp;ssl=1 500w, https:\/\/i0.wp.com\/www.jojoenherbe.com\/wp-content\/uploads\/2025\/09\/La-BD-de-la-Semaine-logo-2.jpg?resize=300%2C300&amp;ssl=1 300w, https:\/\/i0.wp.com\/www.jojoenherbe.com\/wp-content\/uploads\/2025\/09\/La-BD-de-la-Semaine-logo-2.jpg?resize=150%2C150&amp;ssl=1 150w\" sizes=\"auto, (max-width: 96px) 100vw, 96px\" \/><p id=\"caption-attachment-40787\" class=\"wp-caption-text\">La BD de la semaine chez <a href=\"https:\/\/vivrelivre19.over-blog.com\/2026\/04\/grizzly-jam.alice-chemama-2025-bd.html\">Blandine<\/a> pour cette semaine<\/p><\/div>\n<div id=\"attachment_42095\" style=\"width: 99px\" class=\"wp-caption alignleft\"><img data-recalc-dims=\"1\" loading=\"lazy\" decoding=\"async\" aria-describedby=\"caption-attachment-42095\" data-attachment-id=\"42095\" data-permalink=\"https:\/\/www.jojoenherbe.com\/index.php\/2026\/01\/02\/au-fil-des-pages-avec-le-tome-2-de-lady-sherlock\/challenge-petit-bac-2026-logo\/\" data-orig-file=\"https:\/\/i0.wp.com\/www.jojoenherbe.com\/wp-content\/uploads\/2026\/01\/Challenge-Petit-Bac-2026-logo.jpg?fit=285%2C217&amp;ssl=1\" data-orig-size=\"285,217\" data-comments-opened=\"1\" data-image-meta=\"{&quot;aperture&quot;:&quot;0&quot;,&quot;credit&quot;:&quot;&quot;,&quot;camera&quot;:&quot;&quot;,&quot;caption&quot;:&quot;&quot;,&quot;created_timestamp&quot;:&quot;0&quot;,&quot;copyright&quot;:&quot;&quot;,&quot;focal_length&quot;:&quot;0&quot;,&quot;iso&quot;:&quot;0&quot;,&quot;shutter_speed&quot;:&quot;0&quot;,&quot;title&quot;:&quot;&quot;,&quot;orientation&quot;:&quot;0&quot;}\" data-image-title=\"Challenge Petit Bac 2026 &amp;#8211; logo\" data-image-description=\"\" data-image-caption=\"\" data-large-file=\"https:\/\/i0.wp.com\/www.jojoenherbe.com\/wp-content\/uploads\/2026\/01\/Challenge-Petit-Bac-2026-logo.jpg?fit=285%2C217&amp;ssl=1\" class=\"wp-image-42095\" src=\"https:\/\/i0.wp.com\/www.jojoenherbe.com\/wp-content\/uploads\/2026\/01\/Challenge-Petit-Bac-2026-logo.jpg?resize=89%2C68\" alt=\"\" width=\"89\" height=\"68\" \/><p id=\"caption-attachment-42095\" class=\"wp-caption-text\">Challenge Petit Bac 2026 d\u2019<a href=\"https:\/\/ennalit.wordpress.com\/2025\/12\/01\/challenge-petit-bac-2026-qui-veut-jouer\/\">Enna<\/a> #3 Cat\u00e9gorie Pr\u00e9nom: \u00ab Anita \u00bb<\/p><\/div>\n","protected":false},"excerpt":{"rendered":"<p>Apr\u00e8s avoir d\u00e9couvert cette s\u00e9rie Les Pionni\u00e8res avec le tome sur Nellie Bly, j&rsquo;ai lu, pour le th\u00e8me \u00ab\u00a0Bulles Vertes\u00a0\u00bb de la BD de la Semaine, le premier tome, Anita Conti, oc\u00e9anographe\u00a0de Luca Blengino, Nathaniel Legendre, Katia Ranalli et Florent Daniel (\u00e9d. Soleil, coll. Aventure, mars 2020, 56 pages), une BD documentaire retra\u00e7ant la vie [&hellip;]<\/p>\n","protected":false},"author":1,"featured_media":43967,"comment_status":"open","ping_status":"open","sticky":false,"template":"","format":"standard","meta":{"jetpack_post_was_ever_published":false,"_jetpack_newsletter_access":"","_jetpack_dont_email_post_to_subs":false,"_jetpack_newsletter_tier_id":0,"_jetpack_memberships_contains_paywalled_content":false,"_jetpack_memberships_contains_paid_content":false,"footnotes":""},"categories":[363],"tags":[1347,5024,5030,596,2087,4460,4806,1492,1030,1178,765,4178,3764,5029,923,2594,5028,5026,3345,5027,543,5025,235,5031,491,3765,2613,5032],"class_list":["post-43955","post","type-post","status-publish","format-standard","has-post-thumbnail","hentry","category-mini-lecteur","tag-18-ans-et-plus","tag-anita-conti","tag-aquaculture","tag-bandes-dessinees","tag-bd-adulte","tag-biographie","tag-challenge-petit-bac-2026","tag-condition-de-la-femme","tag-documentaires","tag-ecologie","tag-environnement","tag-expedition-scientifique","tag-feminisme","tag-florent-daniel","tag-fonds-marins","tag-guerre","tag-katia-ranalli","tag-luca-blengino","tag-mer-ocean","tag-nathaniel-legendre","tag-nature","tag-oceanographe","tag-peche","tag-pisciculture","tag-pollution","tag-sciences","tag-seconde-guerre-mondiale","tag-surpeche","post-preview"],"jetpack_featured_media_url":"https:\/\/i0.wp.com\/www.jojoenherbe.com\/wp-content\/uploads\/2026\/04\/Anita-Conti-BD-scaled.jpeg?fit=2560%2C2254&ssl=1","jetpack_sharing_enabled":true,"jetpack_shortlink":"https:\/\/wp.me\/p9zhGx-bqX","jetpack_likes_enabled":true,"jetpack-related-posts":[{"id":7624,"url":"https:\/\/www.jojoenherbe.com\/index.php\/2019\/09\/25\/au-fil-des-pages-avec-devine-combien-je-taime-au-fil-des-saisons\/","url_meta":{"origin":43955,"position":0},"title":"Au fil des pages avec Devine combien je t&rsquo;aime au fil des saisons","author":"Jojo","date":"25 septembre 2019","format":false,"excerpt":"Nous empruntons \u00e0 la biblioth\u00e8que Devine combien je t'aime au fil des saisons de Sam McBratney et Anita Jeram (\u00e9d. L'\u00e9cole des loisirs, coll. Pastel, 2009). Nous suivons deux li\u00e8vres bruns, un grand et un petit du printemps \u00e0 l'hiver. Cet album jeunesse aux illustrations toutes douces m\u00eale beaucoup de\u2026","rel":"","context":"Dans &quot;Mini lecteur&quot;","block_context":{"text":"Mini lecteur","link":"https:\/\/www.jojoenherbe.com\/index.php\/category\/mini-lecteur\/"},"img":{"alt_text":"","src":"https:\/\/i0.wp.com\/www.jojoenherbe.com\/wp-content\/uploads\/2019\/09\/Devine-combien-je-taime.jpg?fit=1200%2C1017&ssl=1&resize=350%2C200","width":350,"height":200,"srcset":"https:\/\/i0.wp.com\/www.jojoenherbe.com\/wp-content\/uploads\/2019\/09\/Devine-combien-je-taime.jpg?fit=1200%2C1017&ssl=1&resize=350%2C200 1x, https:\/\/i0.wp.com\/www.jojoenherbe.com\/wp-content\/uploads\/2019\/09\/Devine-combien-je-taime.jpg?fit=1200%2C1017&ssl=1&resize=525%2C300 1.5x, https:\/\/i0.wp.com\/www.jojoenherbe.com\/wp-content\/uploads\/2019\/09\/Devine-combien-je-taime.jpg?fit=1200%2C1017&ssl=1&resize=700%2C400 2x, https:\/\/i0.wp.com\/www.jojoenherbe.com\/wp-content\/uploads\/2019\/09\/Devine-combien-je-taime.jpg?fit=1200%2C1017&ssl=1&resize=1050%2C600 3x"},"classes":[]},{"id":34817,"url":"https:\/\/www.jojoenherbe.com\/index.php\/2024\/02\/20\/au-fil-des-pages-avec-pierre-et-lou\/","url_meta":{"origin":43955,"position":1},"title":"Au fil des pages avec Pierre et Lou","author":"Jojo","date":"20 f\u00e9vrier 2024","format":false,"excerpt":"J'avais lu, en juin 2023, Pierre et Lou d'Eric Wantiez et Marie Deschamps (\u00e9d. Scutella, d\u00e9cembre 2009, 88 pages), un album illustr\u00e9 \u00e0 partir de 10\/11 ans, class\u00e9 au rayon \"Adolescents\" de ma m\u00e9diath\u00e8que. Nous suivons deux jeunes adolescents aux temp\u00e9raments bien diff\u00e9rents, Pierre, amoureux des oiseaux et aimant \u00eatre\u2026","rel":"","context":"Dans &quot;Mini lecteur&quot;","block_context":{"text":"Mini lecteur","link":"https:\/\/www.jojoenherbe.com\/index.php\/category\/mini-lecteur\/"},"img":{"alt_text":"","src":"https:\/\/i0.wp.com\/www.jojoenherbe.com\/wp-content\/uploads\/2024\/02\/Pierre-et-Lou-scaled.jpg?fit=1200%2C923&ssl=1&resize=350%2C200","width":350,"height":200,"srcset":"https:\/\/i0.wp.com\/www.jojoenherbe.com\/wp-content\/uploads\/2024\/02\/Pierre-et-Lou-scaled.jpg?fit=1200%2C923&ssl=1&resize=350%2C200 1x, https:\/\/i0.wp.com\/www.jojoenherbe.com\/wp-content\/uploads\/2024\/02\/Pierre-et-Lou-scaled.jpg?fit=1200%2C923&ssl=1&resize=525%2C300 1.5x, https:\/\/i0.wp.com\/www.jojoenherbe.com\/wp-content\/uploads\/2024\/02\/Pierre-et-Lou-scaled.jpg?fit=1200%2C923&ssl=1&resize=700%2C400 2x, https:\/\/i0.wp.com\/www.jojoenherbe.com\/wp-content\/uploads\/2024\/02\/Pierre-et-Lou-scaled.jpg?fit=1200%2C923&ssl=1&resize=1050%2C600 3x"},"classes":[]},{"id":43040,"url":"https:\/\/www.jojoenherbe.com\/index.php\/2026\/02\/27\/au-fil-des-pages-avec-recitatif\/","url_meta":{"origin":43955,"position":2},"title":"Au fil des pages avec R\u00e9citatif","author":"Jojo","date":"27 f\u00e9vrier 2026","format":false,"excerpt":"J'ai lu R\u00e9citatif de Toni Morrison (\u00e9d. Christian Bourgeois, ao\u00fbt 2022, 140 pages), la seule nouvelle de cette autrice publi\u00e9e pour la premi\u00e8re fois aux \u00c9tats-Unis en 1983. Plusieurs fois dans leur vie, Twyla et Roberta se croisent, apr\u00e8s une premi\u00e8re rencontre \u00e0 8 ans, dans les ann\u00e9es 50, au\u2026","rel":"","context":"Dans &quot;Mini lecteur&quot;","block_context":{"text":"Mini lecteur","link":"https:\/\/www.jojoenherbe.com\/index.php\/category\/mini-lecteur\/"},"img":{"alt_text":"","src":"https:\/\/i0.wp.com\/www.jojoenherbe.com\/wp-content\/uploads\/2026\/02\/Recitatif-scaled.jpeg?fit=1200%2C1062&ssl=1&resize=350%2C200","width":350,"height":200,"srcset":"https:\/\/i0.wp.com\/www.jojoenherbe.com\/wp-content\/uploads\/2026\/02\/Recitatif-scaled.jpeg?fit=1200%2C1062&ssl=1&resize=350%2C200 1x, https:\/\/i0.wp.com\/www.jojoenherbe.com\/wp-content\/uploads\/2026\/02\/Recitatif-scaled.jpeg?fit=1200%2C1062&ssl=1&resize=525%2C300 1.5x, https:\/\/i0.wp.com\/www.jojoenherbe.com\/wp-content\/uploads\/2026\/02\/Recitatif-scaled.jpeg?fit=1200%2C1062&ssl=1&resize=700%2C400 2x, https:\/\/i0.wp.com\/www.jojoenherbe.com\/wp-content\/uploads\/2026\/02\/Recitatif-scaled.jpeg?fit=1200%2C1062&ssl=1&resize=1050%2C600 3x"},"classes":[]},{"id":34510,"url":"https:\/\/www.jojoenherbe.com\/index.php\/2024\/01\/25\/au-fil-des-pages-avec-le-tome-1-de-mortelle-adele\/","url_meta":{"origin":43955,"position":3},"title":"Au fil des pages avec le tome 1 de Mortelle Ad\u00e8le","author":"Jojo","date":"25 janvier 2024","format":false,"excerpt":"Bien avant que mon mini lutin s'int\u00e9resse \u00e0 Mortelle Ad\u00e8le avec ses copains de classe, j'avais lu, en 2021, le tome 1 de cette BD jeunesse, ayant \u00e0 l'\u00e9poque l'id\u00e9e d'offrir une de ses histoires \u00e0 l'une de mes ni\u00e8ces. J'avais donc emprunt\u00e9 \u00e0 la m\u00e9diath\u00e8que, Ad\u00e8le, Tout \u00e7a finira\u2026","rel":"","context":"Dans &quot;Mini lecteur&quot;","block_context":{"text":"Mini lecteur","link":"https:\/\/www.jojoenherbe.com\/index.php\/category\/mini-lecteur\/"},"img":{"alt_text":"","src":"https:\/\/i0.wp.com\/www.jojoenherbe.com\/wp-content\/uploads\/2024\/01\/Mortelle-Adele-BD-T1-scaled.jpg?fit=1200%2C842&ssl=1&resize=350%2C200","width":350,"height":200,"srcset":"https:\/\/i0.wp.com\/www.jojoenherbe.com\/wp-content\/uploads\/2024\/01\/Mortelle-Adele-BD-T1-scaled.jpg?fit=1200%2C842&ssl=1&resize=350%2C200 1x, https:\/\/i0.wp.com\/www.jojoenherbe.com\/wp-content\/uploads\/2024\/01\/Mortelle-Adele-BD-T1-scaled.jpg?fit=1200%2C842&ssl=1&resize=525%2C300 1.5x, https:\/\/i0.wp.com\/www.jojoenherbe.com\/wp-content\/uploads\/2024\/01\/Mortelle-Adele-BD-T1-scaled.jpg?fit=1200%2C842&ssl=1&resize=700%2C400 2x, https:\/\/i0.wp.com\/www.jojoenherbe.com\/wp-content\/uploads\/2024\/01\/Mortelle-Adele-BD-T1-scaled.jpg?fit=1200%2C842&ssl=1&resize=1050%2C600 3x"},"classes":[]},{"id":11740,"url":"https:\/\/www.jojoenherbe.com\/index.php\/2020\/08\/06\/au-fil-des-pages-avec-plouf-splat\/","url_meta":{"origin":43955,"position":4},"title":"Au fil des pages avec Plouf, Splat!","author":"Jojo","date":"6 ao\u00fbt 2020","format":false,"excerpt":"Un peu de fra\u00eecheur avec une lecture du moment! Nous avons emprunt\u00e9 \u00e0 la m\u00e9diath\u00e8que Plouf, Splat! de Rob Scotton (\u00e9d. Nathan, 2011), un album jeunesse \u00e0 partir de 4 ans et m\u00eame avant. D\u00e8s le r\u00e9veil, la journ\u00e9e de Splat s\u2019annonce mauvaise... Entre son copain de classe, Grouff qui\u2026","rel":"","context":"Dans &quot;Mini lecteur&quot;","block_context":{"text":"Mini lecteur","link":"https:\/\/www.jojoenherbe.com\/index.php\/category\/mini-lecteur\/"},"img":{"alt_text":"","src":"https:\/\/i0.wp.com\/www.jojoenherbe.com\/wp-content\/uploads\/2020\/08\/Plouf-Splat-scaled.jpg?fit=1200%2C900&ssl=1&resize=350%2C200","width":350,"height":200,"srcset":"https:\/\/i0.wp.com\/www.jojoenherbe.com\/wp-content\/uploads\/2020\/08\/Plouf-Splat-scaled.jpg?fit=1200%2C900&ssl=1&resize=350%2C200 1x, https:\/\/i0.wp.com\/www.jojoenherbe.com\/wp-content\/uploads\/2020\/08\/Plouf-Splat-scaled.jpg?fit=1200%2C900&ssl=1&resize=525%2C300 1.5x, https:\/\/i0.wp.com\/www.jojoenherbe.com\/wp-content\/uploads\/2020\/08\/Plouf-Splat-scaled.jpg?fit=1200%2C900&ssl=1&resize=700%2C400 2x, https:\/\/i0.wp.com\/www.jojoenherbe.com\/wp-content\/uploads\/2020\/08\/Plouf-Splat-scaled.jpg?fit=1200%2C900&ssl=1&resize=1050%2C600 3x"},"classes":[]},{"id":30578,"url":"https:\/\/www.jojoenherbe.com\/index.php\/2023\/04\/04\/au-fil-des-pages-avec-florette\/","url_meta":{"origin":43955,"position":5},"title":"Au fil des pages avec Florette","author":"Jojo","date":"4 avril 2023","format":false,"excerpt":"Nous relisons cette ann\u00e9e Florette d'Anna Walker (\u00e9d. Kal\u00e9idoscope, diff. L'\u00e9cole des loisirs, 2019), un album jeunesse \u00e0 partir de 6 ans selon l'\u00e9diteur voire m\u00eame avant que nous avions lu pour la premi\u00e8re fois au printemps 2021. Lorsque Ma\u00e9 d\u00e9m\u00e9nage avec sa famille dans une grande ville, la nature\u2026","rel":"","context":"Dans &quot;Mini lecteur&quot;","block_context":{"text":"Mini lecteur","link":"https:\/\/www.jojoenherbe.com\/index.php\/category\/mini-lecteur\/"},"img":{"alt_text":"","src":"https:\/\/i0.wp.com\/www.jojoenherbe.com\/wp-content\/uploads\/2023\/04\/Florette-scaled.jpg?fit=1200%2C811&ssl=1&resize=350%2C200","width":350,"height":200,"srcset":"https:\/\/i0.wp.com\/www.jojoenherbe.com\/wp-content\/uploads\/2023\/04\/Florette-scaled.jpg?fit=1200%2C811&ssl=1&resize=350%2C200 1x, https:\/\/i0.wp.com\/www.jojoenherbe.com\/wp-content\/uploads\/2023\/04\/Florette-scaled.jpg?fit=1200%2C811&ssl=1&resize=525%2C300 1.5x, https:\/\/i0.wp.com\/www.jojoenherbe.com\/wp-content\/uploads\/2023\/04\/Florette-scaled.jpg?fit=1200%2C811&ssl=1&resize=700%2C400 2x, https:\/\/i0.wp.com\/www.jojoenherbe.com\/wp-content\/uploads\/2023\/04\/Florette-scaled.jpg?fit=1200%2C811&ssl=1&resize=1050%2C600 3x"},"classes":[]}],"_links":{"self":[{"href":"https:\/\/www.jojoenherbe.com\/index.php\/wp-json\/wp\/v2\/posts\/43955","targetHints":{"allow":["GET"]}}],"collection":[{"href":"https:\/\/www.jojoenherbe.com\/index.php\/wp-json\/wp\/v2\/posts"}],"about":[{"href":"https:\/\/www.jojoenherbe.com\/index.php\/wp-json\/wp\/v2\/types\/post"}],"author":[{"embeddable":true,"href":"https:\/\/www.jojoenherbe.com\/index.php\/wp-json\/wp\/v2\/users\/1"}],"replies":[{"embeddable":true,"href":"https:\/\/www.jojoenherbe.com\/index.php\/wp-json\/wp\/v2\/comments?post=43955"}],"version-history":[{"count":10,"href":"https:\/\/www.jojoenherbe.com\/index.php\/wp-json\/wp\/v2\/posts\/43955\/revisions"}],"predecessor-version":[{"id":43970,"href":"https:\/\/www.jojoenherbe.com\/index.php\/wp-json\/wp\/v2\/posts\/43955\/revisions\/43970"}],"wp:featuredmedia":[{"embeddable":true,"href":"https:\/\/www.jojoenherbe.com\/index.php\/wp-json\/wp\/v2\/media\/43967"}],"wp:attachment":[{"href":"https:\/\/www.jojoenherbe.com\/index.php\/wp-json\/wp\/v2\/media?parent=43955"}],"wp:term":[{"taxonomy":"category","embeddable":true,"href":"https:\/\/www.jojoenherbe.com\/index.php\/wp-json\/wp\/v2\/categories?post=43955"},{"taxonomy":"post_tag","embeddable":true,"href":"https:\/\/www.jojoenherbe.com\/index.php\/wp-json\/wp\/v2\/tags?post=43955"}],"curies":[{"name":"wp","href":"https:\/\/api.w.org\/{rel}","templated":true}]}}