{"id":43294,"date":"2026-03-16T19:17:02","date_gmt":"2026-03-16T18:17:02","guid":{"rendered":"https:\/\/www.jojoenherbe.com\/?p=43294"},"modified":"2026-03-16T19:17:02","modified_gmt":"2026-03-16T18:17:02","slug":"au-fil-des-pages-avec-le-lit-clos","status":"publish","type":"post","link":"https:\/\/www.jojoenherbe.com\/index.php\/2026\/03\/16\/au-fil-des-pages-avec-le-lit-clos\/","title":{"rendered":"Au fil des pages avec Le lit clos"},"content":{"rendered":"<p style=\"text-align: justify;\"><em>J&rsquo;ai lu <span style=\"text-decoration: underline;\">Le lit clos<\/span> de Sophie Brocas (\u00e9d. Mialet Barrault, janvier 2025, 336 pages), un roman historique en deux parties et inspir\u00e9 de faits r\u00e9els, ceux de la gr\u00e8ve des Sardini\u00e8res en novembre 1924 \u00e0 Douarnenez, en Bretagne, d\u00e9clench\u00e9e par les ouvri\u00e8res des conserveries de poissons qui r\u00e9clamaient une hausse de salaire (1,25 franc de l&rsquo;heure au lieu de 80 centimes) face \u00e0 la p\u00e9nibilit\u00e9 et m\u00eame l&rsquo;ill\u00e9galit\u00e9 de leurs conditions de travail (travail des enfants de moins de 12 ans et travail de nuit pourtant interdit pour les femmes), avec le soutien du maire communiste de la ville qui la m\u00e9diatisa. Cette gr\u00e8ve dura du 21 novembre 1924 au 6 janvier 2025, les usiniers refusant de c\u00e9der face aux gr\u00e9vistes unis et faisant appel \u00e0 des briseurs de gr\u00e8ve, man\u0153uvre qui n&rsquo;eut pas l&rsquo;effet escompt\u00e9.<\/em><\/p>\n<p style=\"text-align: justify;\"><em>Parmi les femmes gr\u00e9vistes de ce roman, l&rsquo;autrice imagine l&rsquo;histoire de deux d&rsquo;entre elles: Rose, une jeune paysanne catholique allant sur la fin de ses 17 ans et qui n&rsquo;a pas eu d&rsquo;autre choix que de se faire embaucher \u00e0 l&rsquo;usine apr\u00e8s le d\u00e9c\u00e8s de sa m\u00e8re en couches et Louise, une jeune veuve de 25 ans d&rsquo;un cheminot communiste, audacieuse, r\u00e9publicaine et \u00e0 la belle voix de chanteuse. Ce mouvement de r\u00e9volte permettra-t-il aussi l&rsquo;\u00e9mancipation f\u00e9minine et la libert\u00e9 d&rsquo;aimer qui on veut? Ou leur \u00e9ducation bien diff\u00e9rente \u00e0 chacune sera-t-elle un frein?\u00a0<\/em><\/p>\n<p style=\"text-align: justify;\"><em>Ce roman aurait pu se terminer sur la premi\u00e8re partie, malgr\u00e9 la fin ouverte, laissant chacune des deux femmes \u00e0 leur destin, l&rsquo;une dans un mariage conformiste et l&rsquo;autre tentant sa chance dans le Paris anticonformiste et avant-gardiste des ann\u00e9es Folles. Derri\u00e8re la gr\u00e8ve de 1924, il est, en effet, surtout question d&rsquo;un amour saphique impossible, de condition de la femme dans une Bretagne des ann\u00e9es 20 tr\u00e8s conservatrice et catholique, d&rsquo;ascension sociale, du poids des traditions et de la religion catholique&#8230;\u00a0<\/em><\/p>\n<p style=\"text-align: justify;\"><em>Mais l&rsquo;autrice a poursuivi son roman sur une seconde partie au style bien diff\u00e9rent et qui ne m&rsquo;a pas plu, Rose et Louise continuant leur vie chacune de leur c\u00f4t\u00e9, vie que nous d\u00e9couvrons \u00e0 travers leur journal intime. La passion partag\u00e9e lors de la gr\u00e8ve les hante encore mais d&rsquo;autres pr\u00e9occupations et aspirations dominent: la s\u00e9curit\u00e9 mat\u00e9rielle et le d\u00e9sir d&rsquo;enfant pour Rose qui veut sortir de la pauvret\u00e9 par un beau mariage avec un p\u00eacheur de langoustes vertes et le droit de vote pour les femmes et l&rsquo;\u00e9galit\u00e9 des sexes pour Louise qui se fait engag\u00e9e comme femme de chambre d&rsquo;une comtesse espagnole et qui va percer comme chanteuse de music-hall.\u00a0<\/em><\/p>\n<p style=\"text-align: justify;\"><em>Alors que la premi\u00e8re partie semblait bien document\u00e9e m\u00eame si tout s&rsquo;encha\u00eene tr\u00e8s vite et que l&rsquo;autrice a fait le choix de changer le nom du maire communiste de Douarnenez en lui donnant un fort mauvais r\u00f4le: manipulateur, arriviste et misogyne et m\u00eame si j&rsquo;ignore si Daniel Le Flanchec (1881\/1944) avait ou non une telle personnalit\u00e9, la seconde l&rsquo;ait moins puisque Louise se retrouve plong\u00e9e dans un Paris artistique des ann\u00e9es 20, rencontrant Fernand L\u00e9ger et Pablo Picasso et croisant m\u00eame Marcel Proust d\u00e9c\u00e9d\u00e9 en 1922&#8230;\u00a0 Je n&rsquo;ai pas compris cette charge id\u00e9ologique contre le Parti Communiste si ce n&rsquo;est, peut-\u00eatre, que l&rsquo;autrice actuellement Pr\u00e9f\u00e8te a voulu d\u00e9fendre ses propres id\u00e9es politiques. Je m&rsquo;attendais d&rsquo;ailleurs, \u00e0 un moment, que Louise soit parmi la liste des femmes envisag\u00e9es pour se pr\u00e9senter lors des \u00e9lections municipales de 1925, \u00e0 l&rsquo;image de Jos\u00e9phine Pencalet qui a \u00e9t\u00e9 \u00e9lue, sur la liste du PCF, gr\u00e2ce \u00e0 un flou juridique et qui a pu si\u00e9ger au conseil municipal de Douarnenez avant son annulation mais dont l&rsquo;autrice ne fait m\u00eame pas \u00e9tat.<\/em><\/p>\n<p style=\"text-align: justify;\"><em><a href=\"https:\/\/i0.wp.com\/www.jojoenherbe.com\/wp-content\/uploads\/2026\/03\/Le-Choeur-des-Sardinieres-BD.jpg\"><img data-recalc-dims=\"1\" loading=\"lazy\" decoding=\"async\" data-attachment-id=\"43299\" data-permalink=\"https:\/\/www.jojoenherbe.com\/index.php\/2026\/03\/16\/au-fil-des-pages-avec-le-lit-clos\/screenshot-425\/\" data-orig-file=\"https:\/\/i0.wp.com\/www.jojoenherbe.com\/wp-content\/uploads\/2026\/03\/Le-Choeur-des-Sardinieres-BD.jpg?fit=750%2C1130&amp;ssl=1\" data-orig-size=\"750,1130\" data-comments-opened=\"1\" data-image-meta=\"{&quot;aperture&quot;:&quot;0&quot;,&quot;credit&quot;:&quot;&quot;,&quot;camera&quot;:&quot;&quot;,&quot;caption&quot;:&quot;Screenshot&quot;,&quot;created_timestamp&quot;:&quot;0&quot;,&quot;copyright&quot;:&quot;&quot;,&quot;focal_length&quot;:&quot;0&quot;,&quot;iso&quot;:&quot;0&quot;,&quot;shutter_speed&quot;:&quot;0&quot;,&quot;title&quot;:&quot;Screenshot&quot;,&quot;orientation&quot;:&quot;1&quot;}\" data-image-title=\"\" data-image-description=\"\" data-image-caption=\"\" data-large-file=\"https:\/\/i0.wp.com\/www.jojoenherbe.com\/wp-content\/uploads\/2026\/03\/Le-Choeur-des-Sardinieres-BD.jpg?fit=676%2C1018&amp;ssl=1\" class=\"size-thumbnail wp-image-43299 alignright\" src=\"https:\/\/i0.wp.com\/www.jojoenherbe.com\/wp-content\/uploads\/2026\/03\/Le-Choeur-des-Sardinieres-BD.jpg?resize=150%2C150\" alt=\"\" width=\"150\" height=\"150\" srcset=\"https:\/\/i0.wp.com\/www.jojoenherbe.com\/wp-content\/uploads\/2026\/03\/Le-Choeur-des-Sardinieres-BD.jpg?resize=150%2C150&amp;ssl=1 150w, https:\/\/i0.wp.com\/www.jojoenherbe.com\/wp-content\/uploads\/2026\/03\/Le-Choeur-des-Sardinieres-BD.jpg?zoom=2&amp;resize=150%2C150 300w, https:\/\/i0.wp.com\/www.jojoenherbe.com\/wp-content\/uploads\/2026\/03\/Le-Choeur-des-Sardinieres-BD.jpg?zoom=3&amp;resize=150%2C150 450w\" sizes=\"auto, (max-width: 150px) 100vw, 150px\" \/><\/a>Une lecture bien d\u00e9cevante tant je m&rsquo;attendais \u00e0 ce que l&rsquo;histoire s&rsquo;ancre dans ce grand mouvement ouvrier f\u00e9minin du d\u00e9but du XXe si\u00e8cle et non \u00e0 ce que la romance saphique prenne ainsi le pas sur les revendications sociales et enjeux politiques, la gr\u00e8ve n&rsquo;\u00e9tant que le c\u0153ur du sujet de la premi\u00e8re partie! J&rsquo;ai d&rsquo;ailleurs failli arr\u00eat\u00e9 de le lire tant la seconde partie m&rsquo;a paru inutile et banale, malgr\u00e9 le personnage de la comtesse espagnole. J&rsquo;esp\u00e8re que la BD historique, <span style=\"text-decoration: underline;\">Le Ch\u0153ur des Sardini\u00e8res<\/span> de L\u00e9ah Touitou et Max Lewko (\u00e9d. Steinkis, janvier 2025, 137 pages), parue le m\u00eame mois et qui me tentait bien aussi autour de cette gr\u00e8ve sera mieux r\u00e9ussie.<\/em><\/p>\n<div id=\"attachment_42095\" style=\"width: 99px\" class=\"wp-caption aligncenter\"><img data-recalc-dims=\"1\" loading=\"lazy\" decoding=\"async\" aria-describedby=\"caption-attachment-42095\" data-attachment-id=\"42095\" data-permalink=\"https:\/\/www.jojoenherbe.com\/index.php\/2026\/01\/02\/au-fil-des-pages-avec-le-tome-2-de-lady-sherlock\/challenge-petit-bac-2026-logo\/\" data-orig-file=\"https:\/\/i0.wp.com\/www.jojoenherbe.com\/wp-content\/uploads\/2026\/01\/Challenge-Petit-Bac-2026-logo.jpg?fit=285%2C217&amp;ssl=1\" data-orig-size=\"285,217\" data-comments-opened=\"1\" data-image-meta=\"{&quot;aperture&quot;:&quot;0&quot;,&quot;credit&quot;:&quot;&quot;,&quot;camera&quot;:&quot;&quot;,&quot;caption&quot;:&quot;&quot;,&quot;created_timestamp&quot;:&quot;0&quot;,&quot;copyright&quot;:&quot;&quot;,&quot;focal_length&quot;:&quot;0&quot;,&quot;iso&quot;:&quot;0&quot;,&quot;shutter_speed&quot;:&quot;0&quot;,&quot;title&quot;:&quot;&quot;,&quot;orientation&quot;:&quot;0&quot;}\" data-image-title=\"Challenge Petit Bac 2026 &amp;#8211; logo\" data-image-description=\"\" data-image-caption=\"\" data-large-file=\"https:\/\/i0.wp.com\/www.jojoenherbe.com\/wp-content\/uploads\/2026\/01\/Challenge-Petit-Bac-2026-logo.jpg?fit=285%2C217&amp;ssl=1\" class=\"wp-image-42095\" src=\"https:\/\/i0.wp.com\/www.jojoenherbe.com\/wp-content\/uploads\/2026\/01\/Challenge-Petit-Bac-2026-logo.jpg?resize=89%2C68\" alt=\"\" width=\"89\" height=\"68\" \/><p id=\"caption-attachment-42095\" class=\"wp-caption-text\">Challenge Petit Bac 2026 d\u2019<a href=\"https:\/\/ennalit.wordpress.com\/2025\/12\/01\/challenge-petit-bac-2026-qui-veut-jouer\/\">Enna<\/a> #2 Cat\u00e9gorie Objet: \u00ab Lit \u00bb<\/p><\/div>\n","protected":false},"excerpt":{"rendered":"<p>J&rsquo;ai lu Le lit clos de Sophie Brocas (\u00e9d. Mialet Barrault, janvier 2025, 336 pages), un roman historique en deux parties et inspir\u00e9 de faits r\u00e9els, ceux de la gr\u00e8ve des Sardini\u00e8res en novembre 1924 \u00e0 Douarnenez, en Bretagne, d\u00e9clench\u00e9e par les ouvri\u00e8res des conserveries de poissons qui r\u00e9clamaient une hausse de salaire (1,25 franc [&hellip;]<\/p>\n","protected":false},"author":1,"featured_media":43298,"comment_status":"open","ping_status":"open","sticky":false,"template":"","format":"standard","meta":{"jetpack_post_was_ever_published":false,"_jetpack_newsletter_access":"","_jetpack_dont_email_post_to_subs":false,"_jetpack_newsletter_tier_id":0,"_jetpack_memberships_contains_paywalled_content":false,"_jetpack_memberships_contains_paid_content":false,"footnotes":""},"categories":[363],"tags":[1347,2643,3208,4920,4955,1645,3586,4806,4954,4251,2520,4953,3738,3943,3837,3764,3926,4924,4952,2750,4346,1085,4128,1570,2948,4956,4252,578,1705,1862,1818,905,564,4951,4256],"class_list":["post-43294","post","type-post","status-publish","format-standard","has-post-thumbnail","hentry","category-mini-lecteur","tag-18-ans-et-plus","tag-adultere","tag-annees-20","tag-annees-folles","tag-ascension-sociale","tag-bretagne","tag-catholicisme","tag-challenge-petit-bac-2026","tag-communisme","tag-conditions-de-travail","tag-conditions-sociales","tag-douarnenez","tag-droit-de-vote","tag-droits-des-femmes","tag-emancipation-feminine","tag-feminisme","tag-france","tag-greve","tag-greve-des-sardinieres","tag-homosexualite","tag-homosexualite-feminine","tag-lecture-adulte","tag-litterature-francaise","tag-mariage","tag-maternite","tag-mouvements-sociaux","tag-ouvrier","tag-paris","tag-relations-amoureuses","tag-religion","tag-roman-historique","tag-romans-adulte","tag-separation","tag-sophie-brocas","tag-usine","post-preview"],"jetpack_featured_media_url":"https:\/\/i0.wp.com\/www.jojoenherbe.com\/wp-content\/uploads\/2026\/03\/Le-lit-clos-scaled.jpeg?fit=2560%2C2222&ssl=1","jetpack_sharing_enabled":true,"jetpack_shortlink":"https:\/\/wp.me\/p9zhGx-bgi","jetpack_likes_enabled":true,"jetpack-related-posts":[{"id":43035,"url":"https:\/\/www.jojoenherbe.com\/index.php\/2026\/02\/28\/au-fil-des-pages-avec-shell-shock\/","url_meta":{"origin":43294,"position":0},"title":"Au fil des pages avec Shell Shock","author":"Jojo","date":"28 f\u00e9vrier 2026","format":false,"excerpt":"J'ai lu, en e-book,\u00a0Shell Shock de Micha\u00ebla Watteaux (\u00e9d. Hachette Fictions, coll. Black Lab, janvier 2025, 343 pages), un roman policier historique se d\u00e9roulant dans les Ann\u00e9es Folles, encore marqu\u00e9es par la Premi\u00e8re guerre mondiale. A l'automne 1925, \u00e0 Paris, tout juste embauch\u00e9e au Central t\u00e9l\u00e9phonique Gutenberg afin d\u2019enqu\u00eater sur\u2026","rel":"","context":"Dans &quot;Mini lecteur&quot;","block_context":{"text":"Mini lecteur","link":"https:\/\/www.jojoenherbe.com\/index.php\/category\/mini-lecteur\/"},"img":{"alt_text":"","src":"https:\/\/i0.wp.com\/www.jojoenherbe.com\/wp-content\/uploads\/2026\/02\/Shell-Shock.jpg?fit=750%2C1116&ssl=1&resize=350%2C200","width":350,"height":200,"srcset":"https:\/\/i0.wp.com\/www.jojoenherbe.com\/wp-content\/uploads\/2026\/02\/Shell-Shock.jpg?fit=750%2C1116&ssl=1&resize=350%2C200 1x, https:\/\/i0.wp.com\/www.jojoenherbe.com\/wp-content\/uploads\/2026\/02\/Shell-Shock.jpg?fit=750%2C1116&ssl=1&resize=525%2C300 1.5x, https:\/\/i0.wp.com\/www.jojoenherbe.com\/wp-content\/uploads\/2026\/02\/Shell-Shock.jpg?fit=750%2C1116&ssl=1&resize=700%2C400 2x"},"classes":[]},{"id":36417,"url":"https:\/\/www.jojoenherbe.com\/index.php\/2024\/06\/12\/au-fil-des-pages-avec-scandale-a-bath\/","url_meta":{"origin":43294,"position":1},"title":"Au fil des pages avec Scandale \u00e0 Bath","author":"Jojo","date":"12 juin 2024","format":false,"excerpt":"J\u2019ai lu Scandale \u00e0 Bath de Sophie Irwin (\u00e9d. Calmann-L\u00e9vy, janvier 2024, 380 pages), ayant appr\u00e9ci\u00e9 le premier tome, Recherche gentleman fortun\u00e9 m\u00eame si ce tome est totalement ind\u00e9pendant du pr\u00e9c\u00e9dent. Cette fois, la romance historique s\u2019int\u00e9resse \u00e0 une jeune veuve de 27 ans, Eliza Somerset, son vieil \u00e9poux lui\u2026","rel":"","context":"Dans &quot;Mini lecteur&quot;","block_context":{"text":"Mini lecteur","link":"https:\/\/www.jojoenherbe.com\/index.php\/category\/mini-lecteur\/"},"img":{"alt_text":"","src":"https:\/\/i0.wp.com\/www.jojoenherbe.com\/wp-content\/uploads\/2024\/06\/Scandale-a-Bath.jpg?fit=675%2C1200&ssl=1&resize=350%2C200","width":350,"height":200,"srcset":"https:\/\/i0.wp.com\/www.jojoenherbe.com\/wp-content\/uploads\/2024\/06\/Scandale-a-Bath.jpg?fit=675%2C1200&ssl=1&resize=350%2C200 1x, https:\/\/i0.wp.com\/www.jojoenherbe.com\/wp-content\/uploads\/2024\/06\/Scandale-a-Bath.jpg?fit=675%2C1200&ssl=1&resize=525%2C300 1.5x"},"classes":[]},{"id":43256,"url":"https:\/\/www.jojoenherbe.com\/index.php\/2026\/03\/15\/meli-melo-de-carnavals-2026\/","url_meta":{"origin":43294,"position":2},"title":"M\u00e9li-m\u00e9lo de carnavals 2026","author":"Jojo","date":"15 mars 2026","format":false,"excerpt":"Profitant d'un week-end encore pluvieux et ma derni\u00e8re lecture, Le lit clos de Sophie Brocas (\u00e9d. Mialet Barrault, janvier 2025, 336 pages) m'y ayant fait penser avec un passage sur les Gras de Douarnenez, j'en profite pour revenir sur les vacances scolaires pr\u00e9c\u00e9dentes avec les festivit\u00e9s carnavalesques 2026 et une\u2026","rel":"","context":"Dans &quot;Mini visiteur&quot;","block_context":{"text":"Mini visiteur","link":"https:\/\/www.jojoenherbe.com\/index.php\/category\/mini-crapahuteur\/mini-visiteur\/"},"img":{"alt_text":"","src":"https:\/\/i0.wp.com\/www.jojoenherbe.com\/wp-content\/uploads\/2026\/03\/Carnavals-2026.jpg?fit=1017%2C1200&ssl=1&resize=350%2C200","width":350,"height":200,"srcset":"https:\/\/i0.wp.com\/www.jojoenherbe.com\/wp-content\/uploads\/2026\/03\/Carnavals-2026.jpg?fit=1017%2C1200&ssl=1&resize=350%2C200 1x, https:\/\/i0.wp.com\/www.jojoenherbe.com\/wp-content\/uploads\/2026\/03\/Carnavals-2026.jpg?fit=1017%2C1200&ssl=1&resize=525%2C300 1.5x, https:\/\/i0.wp.com\/www.jojoenherbe.com\/wp-content\/uploads\/2026\/03\/Carnavals-2026.jpg?fit=1017%2C1200&ssl=1&resize=700%2C400 2x"},"classes":[]},{"id":41893,"url":"https:\/\/www.jojoenherbe.com\/index.php\/2026\/03\/20\/billet-de-suivi-challenge-petit-bac-2026\/","url_meta":{"origin":43294,"position":3},"title":"Billet de suivi: Challenge Petit Bac 2026","author":"Jojo","date":"20 mars 2026","format":false,"excerpt":"Je participe pour la neuvi\u00e8me ann\u00e9e cons\u00e9cutive au Challenge Petit Bac d\u2019Enna, les cinq premi\u00e8res cat\u00e9gories restant identiques aux ann\u00e9es pr\u00e9c\u00e9dentes. Je vais actualiser ce billet au fur-et-\u00e0 mesure des lignes valid\u00e9es et faire un point sur mes participations au challenge. Pour le moment, j\u2019ai fini ma premi\u00e8re ligne et\u2026","rel":"","context":"Dans &quot;Mini blogueur&quot;","block_context":{"text":"Mini blogueur","link":"https:\/\/www.jojoenherbe.com\/index.php\/category\/mini-blogueur\/"},"img":{"alt_text":"","src":"https:\/\/i0.wp.com\/www.jojoenherbe.com\/wp-content\/uploads\/2026\/01\/Challenge-Petit-Bac-2026-logo.jpg?fit=285%2C217&ssl=1&resize=350%2C200","width":350,"height":200},"classes":[]},{"id":43845,"url":"https:\/\/www.jojoenherbe.com\/index.php\/2026\/04\/21\/au-fil-des-pages-avec-lhomme-sous-lorage\/","url_meta":{"origin":43294,"position":4},"title":"Au fil des pages avec L&rsquo;homme sous l&rsquo;orage","author":"Jojo","date":"21 avril 2026","format":false,"excerpt":"J'ai lu L\u2019homme sous l\u2019orage de Ga\u00eblle Nohant (\u00e9d. L'Iconoclaste, ao\u00fbt 2025, 350 pages), un roman historique se d\u00e9roulant au cours de l'hiver 1917, dans un riche domaine viticole de l'arri\u00e8re-pays catalan, dans les Pyr\u00e9n\u00e9es, loin du Front qui s'enlise. Un soir d'orage, un visiteur demande asile \u00e0 Isaure Saurel\u2026","rel":"","context":"Dans &quot;Mini lecteur&quot;","block_context":{"text":"Mini lecteur","link":"https:\/\/www.jojoenherbe.com\/index.php\/category\/mini-lecteur\/"},"img":{"alt_text":"","src":"https:\/\/i0.wp.com\/www.jojoenherbe.com\/wp-content\/uploads\/2026\/04\/Lhomme-sous-lorage-scaled.jpeg?fit=1200%2C989&ssl=1&resize=350%2C200","width":350,"height":200,"srcset":"https:\/\/i0.wp.com\/www.jojoenherbe.com\/wp-content\/uploads\/2026\/04\/Lhomme-sous-lorage-scaled.jpeg?fit=1200%2C989&ssl=1&resize=350%2C200 1x, https:\/\/i0.wp.com\/www.jojoenherbe.com\/wp-content\/uploads\/2026\/04\/Lhomme-sous-lorage-scaled.jpeg?fit=1200%2C989&ssl=1&resize=525%2C300 1.5x, https:\/\/i0.wp.com\/www.jojoenherbe.com\/wp-content\/uploads\/2026\/04\/Lhomme-sous-lorage-scaled.jpeg?fit=1200%2C989&ssl=1&resize=700%2C400 2x, https:\/\/i0.wp.com\/www.jojoenherbe.com\/wp-content\/uploads\/2026\/04\/Lhomme-sous-lorage-scaled.jpeg?fit=1200%2C989&ssl=1&resize=1050%2C600 3x"},"classes":[]},{"id":31986,"url":"https:\/\/www.jojoenherbe.com\/index.php\/2023\/09\/16\/au-fil-des-pages-avec-les-mauvaises-epouses\/","url_meta":{"origin":43294,"position":5},"title":"Au fil des pages avec Les mauvaises \u00e9pouses","author":"Jojo","date":"16 septembre 2023","format":false,"excerpt":"Rep\u00e9r\u00e9 quelques mois apr\u00e8s sa parution, j'ai lu Les mauvaises \u00e9pouses de Zo\u00e9 Brisby (\u00e9d. Albin Michel, mars 2023, 336 pages), un roman historique se d\u00e9roulant entre 1952 et 1953, en pleine Guerre Froide et maccarthysme, sur la base militaire fictive d'Artemisia Lane, dans le d\u00e9sert du Nevada, \u00e0 quelques\u2026","rel":"","context":"Dans &quot;Mini lecteur&quot;","block_context":{"text":"Mini lecteur","link":"https:\/\/www.jojoenherbe.com\/index.php\/category\/mini-lecteur\/"},"img":{"alt_text":"","src":"https:\/\/i0.wp.com\/www.jojoenherbe.com\/wp-content\/uploads\/2023\/09\/Les-mauvaises-epouses.jpg?fit=675%2C1200&ssl=1&resize=350%2C200","width":350,"height":200,"srcset":"https:\/\/i0.wp.com\/www.jojoenherbe.com\/wp-content\/uploads\/2023\/09\/Les-mauvaises-epouses.jpg?fit=675%2C1200&ssl=1&resize=350%2C200 1x, https:\/\/i0.wp.com\/www.jojoenherbe.com\/wp-content\/uploads\/2023\/09\/Les-mauvaises-epouses.jpg?fit=675%2C1200&ssl=1&resize=525%2C300 1.5x"},"classes":[]}],"_links":{"self":[{"href":"https:\/\/www.jojoenherbe.com\/index.php\/wp-json\/wp\/v2\/posts\/43294","targetHints":{"allow":["GET"]}}],"collection":[{"href":"https:\/\/www.jojoenherbe.com\/index.php\/wp-json\/wp\/v2\/posts"}],"about":[{"href":"https:\/\/www.jojoenherbe.com\/index.php\/wp-json\/wp\/v2\/types\/post"}],"author":[{"embeddable":true,"href":"https:\/\/www.jojoenherbe.com\/index.php\/wp-json\/wp\/v2\/users\/1"}],"replies":[{"embeddable":true,"href":"https:\/\/www.jojoenherbe.com\/index.php\/wp-json\/wp\/v2\/comments?post=43294"}],"version-history":[{"count":17,"href":"https:\/\/www.jojoenherbe.com\/index.php\/wp-json\/wp\/v2\/posts\/43294\/revisions"}],"predecessor-version":[{"id":43313,"href":"https:\/\/www.jojoenherbe.com\/index.php\/wp-json\/wp\/v2\/posts\/43294\/revisions\/43313"}],"wp:featuredmedia":[{"embeddable":true,"href":"https:\/\/www.jojoenherbe.com\/index.php\/wp-json\/wp\/v2\/media\/43298"}],"wp:attachment":[{"href":"https:\/\/www.jojoenherbe.com\/index.php\/wp-json\/wp\/v2\/media?parent=43294"}],"wp:term":[{"taxonomy":"category","embeddable":true,"href":"https:\/\/www.jojoenherbe.com\/index.php\/wp-json\/wp\/v2\/categories?post=43294"},{"taxonomy":"post_tag","embeddable":true,"href":"https:\/\/www.jojoenherbe.com\/index.php\/wp-json\/wp\/v2\/tags?post=43294"}],"curies":[{"name":"wp","href":"https:\/\/api.w.org\/{rel}","templated":true}]}}