{"id":41752,"date":"2025-12-14T13:49:50","date_gmt":"2025-12-14T12:49:50","guid":{"rendered":"https:\/\/www.jojoenherbe.com\/?p=41752"},"modified":"2025-12-14T13:49:50","modified_gmt":"2025-12-14T12:49:50","slug":"semaine-50-du-projet-52-2025-eclairer","status":"publish","type":"post","link":"https:\/\/www.jojoenherbe.com\/index.php\/2025\/12\/14\/semaine-50-du-projet-52-2025-eclairer\/","title":{"rendered":"Semaine 50 du Projet 52-2025: \u00ab\u00a0\u00c9clairer\u00a0\u00bb"},"content":{"rendered":"<p style=\"text-align: justify;\"><em>Pour la semaine 50 du Projet 52-2025 de Du c\u00f4t\u00e9 de chez Ma\u2019, le th\u00e8me est \u00ab\u00a0<a href=\"https:\/\/ducotedechezma.fr\/2025\/12\/13\/projet-52-2025-semaine-50-eclairer\/\">\u00c9clairer<\/a>\u00ab\u00a0, un th\u00e8me qui m&rsquo;a imm\u00e9diatement fait penser au 8 d\u00e9cembre et \u00e0 la f\u00eate des lumi\u00e8res \u00e0 Lyon. Alors voici une photo prise hier soir pendant le d\u00e9fil\u00e9 des lampions, dans les rues \u00e0 proximit\u00e9 du ch\u00e2teau et avant le feu d&rsquo;artifices, \u00e0 Mouans-Sartoux et sa f\u00eate des lumi\u00e8res. Et c&rsquo;est aussi une nouvelle participation pour Il \u00e9tait 13 fois No\u00ebl et le challenge Christmas Time 2025.<\/em><\/p>\n<div class=\"tiled-gallery type-rectangular tiled-gallery-unresized\" data-original-width=\"676\" data-carousel-extra='{&quot;blog_id&quot;:1,&quot;permalink&quot;:&quot;https:\\\/\\\/www.jojoenherbe.com\\\/index.php\\\/2025\\\/12\\\/14\\\/semaine-50-du-projet-52-2025-eclairer\\\/&quot;,&quot;likes_blog_id&quot;:141396489}' itemscope itemtype=\"http:\/\/schema.org\/ImageGallery\" > <div class=\"gallery-row\" style=\"width: 676px; height: 212px;\" data-original-width=\"676\" data-original-height=\"212\" > <div class=\"gallery-group images-1\" style=\"width: 252px; height: 212px;\" data-original-width=\"252\" data-original-height=\"212\" > <div class=\"tiled-gallery-item tiled-gallery-item-small\" itemprop=\"associatedMedia\" itemscope itemtype=\"http:\/\/schema.org\/ImageObject\"> <a href=\"https:\/\/www.jojoenherbe.com\/index.php\/2025\/06\/07\/semaine-23-du-projet-52-2025-chateau\/projet-52-2025-du-cote-de-chez-ma\/\" border=\"0\" itemprop=\"url\"> <meta itemprop=\"width\" content=\"248\"> <meta itemprop=\"height\" content=\"208\"> <img decoding=\"async\" class=\"\" data-attachment-id=\"39634\" data-orig-file=\"https:\/\/www.jojoenherbe.com\/wp-content\/uploads\/2025\/06\/Projet-52-2025-Du-Cote-de-chez-Ma.jpg\" data-orig-size=\"767,643\" data-comments-opened=\"1\" data-image-meta=\"{&quot;aperture&quot;:&quot;0&quot;,&quot;credit&quot;:&quot;&quot;,&quot;camera&quot;:&quot;&quot;,&quot;caption&quot;:&quot;&quot;,&quot;created_timestamp&quot;:&quot;0&quot;,&quot;copyright&quot;:&quot;&quot;,&quot;focal_length&quot;:&quot;0&quot;,&quot;iso&quot;:&quot;0&quot;,&quot;shutter_speed&quot;:&quot;0&quot;,&quot;title&quot;:&quot;&quot;,&quot;orientation&quot;:&quot;0&quot;}\" data-image-title=\"Projet 52-2025 Du C\u00f4t\u00e9 de chez Ma&amp;rsquo;\" data-image-description=\"\" data-medium-file=\"https:\/\/i0.wp.com\/www.jojoenherbe.com\/wp-content\/uploads\/2025\/06\/Projet-52-2025-Du-Cote-de-chez-Ma.jpg?fit=300%2C251&#038;ssl=1\" data-large-file=\"https:\/\/i0.wp.com\/www.jojoenherbe.com\/wp-content\/uploads\/2025\/06\/Projet-52-2025-Du-Cote-de-chez-Ma.jpg?fit=676%2C567&#038;ssl=1\" src=\"https:\/\/i0.wp.com\/www.jojoenherbe.com\/wp-content\/uploads\/2025\/06\/Projet-52-2025-Du-Cote-de-chez-Ma.jpg?w=248&#038;h=208&#038;ssl=1\" srcset=\"https:\/\/i0.wp.com\/www.jojoenherbe.com\/wp-content\/uploads\/2025\/06\/Projet-52-2025-Du-Cote-de-chez-Ma.jpg?w=767&amp;ssl=1 767w, https:\/\/i0.wp.com\/www.jojoenherbe.com\/wp-content\/uploads\/2025\/06\/Projet-52-2025-Du-Cote-de-chez-Ma.jpg?resize=300%2C251&amp;ssl=1 300w, https:\/\/i0.wp.com\/www.jojoenherbe.com\/wp-content\/uploads\/2025\/06\/Projet-52-2025-Du-Cote-de-chez-Ma.jpg?resize=676%2C567&amp;ssl=1 676w\" width=\"248\" height=\"208\" loading=\"lazy\" data-original-width=\"248\" data-original-height=\"208\" itemprop=\"http:\/\/schema.org\/image\" title=\"Projet 52-2025 Du C\u00f4t\u00e9 de chez Ma&#039;\" alt=\"Projet 52-2025 Du C\u00f4t\u00e9 de chez Ma&#039;\" style=\"width: 248px; height: 208px;\" \/> <\/a> <\/div> <\/div> <!-- close group --> <div class=\"gallery-group images-1\" style=\"width: 212px; height: 212px;\" data-original-width=\"212\" data-original-height=\"212\" > <div class=\"tiled-gallery-item tiled-gallery-item-small\" itemprop=\"associatedMedia\" itemscope itemtype=\"http:\/\/schema.org\/ImageObject\"> <a href=\"https:\/\/www.jojoenherbe.com\/index.php\/2025\/11\/15\/billet-de-suivi-il-etait-13-fois-noel\/il-etait-13-fois-noel-logo-2\/\" border=\"0\" itemprop=\"url\"> <meta itemprop=\"width\" content=\"208\"> <meta itemprop=\"height\" content=\"208\"> <img decoding=\"async\" class=\"\" data-attachment-id=\"41358\" data-orig-file=\"https:\/\/www.jojoenherbe.com\/wp-content\/uploads\/2025\/11\/Il-etait-13-fois-Noel-logo-2.png\" data-orig-size=\"633,633\" data-comments-opened=\"1\" data-image-meta=\"{&quot;aperture&quot;:&quot;0&quot;,&quot;credit&quot;:&quot;&quot;,&quot;camera&quot;:&quot;&quot;,&quot;caption&quot;:&quot;&quot;,&quot;created_timestamp&quot;:&quot;0&quot;,&quot;copyright&quot;:&quot;&quot;,&quot;focal_length&quot;:&quot;0&quot;,&quot;iso&quot;:&quot;0&quot;,&quot;shutter_speed&quot;:&quot;0&quot;,&quot;title&quot;:&quot;&quot;,&quot;orientation&quot;:&quot;0&quot;}\" data-image-title=\"Il \u00e9tait 13 fois No\u00ebl &amp;#8211; logo 2\" data-image-description=\"\" data-medium-file=\"https:\/\/i0.wp.com\/www.jojoenherbe.com\/wp-content\/uploads\/2025\/11\/Il-etait-13-fois-Noel-logo-2.png?fit=300%2C300&#038;ssl=1\" data-large-file=\"https:\/\/i0.wp.com\/www.jojoenherbe.com\/wp-content\/uploads\/2025\/11\/Il-etait-13-fois-Noel-logo-2.png?fit=633%2C633&#038;ssl=1\" src=\"https:\/\/i0.wp.com\/www.jojoenherbe.com\/wp-content\/uploads\/2025\/11\/Il-etait-13-fois-Noel-logo-2.png?w=208&#038;h=208&#038;crop=1&#038;ssl=1\" srcset=\"https:\/\/i0.wp.com\/www.jojoenherbe.com\/wp-content\/uploads\/2025\/11\/Il-etait-13-fois-Noel-logo-2.png?w=633&amp;ssl=1 633w, https:\/\/i0.wp.com\/www.jojoenherbe.com\/wp-content\/uploads\/2025\/11\/Il-etait-13-fois-Noel-logo-2.png?resize=300%2C300&amp;ssl=1 300w, https:\/\/i0.wp.com\/www.jojoenherbe.com\/wp-content\/uploads\/2025\/11\/Il-etait-13-fois-Noel-logo-2.png?resize=150%2C150&amp;ssl=1 150w\" width=\"208\" height=\"208\" loading=\"lazy\" data-original-width=\"208\" data-original-height=\"208\" itemprop=\"http:\/\/schema.org\/image\" title=\"Il \u00e9tait 13 fois No\u00ebl - logo 2\" alt=\"Il \u00e9tait 13 fois No\u00ebl - logo 2\" style=\"width: 208px; height: 208px;\" \/> <\/a> <\/div> <\/div> <!-- close group --> <div class=\"gallery-group images-1\" style=\"width: 212px; height: 212px;\" data-original-width=\"212\" data-original-height=\"212\" > <div class=\"tiled-gallery-item tiled-gallery-item-small\" itemprop=\"associatedMedia\" itemscope itemtype=\"http:\/\/schema.org\/ImageObject\"> <a href=\"https:\/\/www.jojoenherbe.com\/index.php\/2025\/12\/01\/billet-de-suivi-challenge-christmas-time-2025\/challenge-christmas-time-2025-logo\/\" border=\"0\" itemprop=\"url\"> <meta itemprop=\"width\" content=\"208\"> <meta itemprop=\"height\" content=\"208\"> <img decoding=\"async\" class=\"\" data-attachment-id=\"41551\" data-orig-file=\"https:\/\/www.jojoenherbe.com\/wp-content\/uploads\/2025\/12\/Challenge-Christmas-Time-2025-logo.jpg\" data-orig-size=\"1024,1024\" data-comments-opened=\"1\" data-image-meta=\"{&quot;aperture&quot;:&quot;0&quot;,&quot;credit&quot;:&quot;&quot;,&quot;camera&quot;:&quot;&quot;,&quot;caption&quot;:&quot;&quot;,&quot;created_timestamp&quot;:&quot;1764610263&quot;,&quot;copyright&quot;:&quot;&quot;,&quot;focal_length&quot;:&quot;0&quot;,&quot;iso&quot;:&quot;0&quot;,&quot;shutter_speed&quot;:&quot;0&quot;,&quot;title&quot;:&quot;&quot;,&quot;orientation&quot;:&quot;0&quot;}\" data-image-title=\"Challenge Christmas Time 2025 &amp;#8211; logo\" data-image-description=\"\" data-medium-file=\"https:\/\/i0.wp.com\/www.jojoenherbe.com\/wp-content\/uploads\/2025\/12\/Challenge-Christmas-Time-2025-logo.jpg?fit=300%2C300&#038;ssl=1\" data-large-file=\"https:\/\/i0.wp.com\/www.jojoenherbe.com\/wp-content\/uploads\/2025\/12\/Challenge-Christmas-Time-2025-logo.jpg?fit=676%2C676&#038;ssl=1\" src=\"https:\/\/i0.wp.com\/www.jojoenherbe.com\/wp-content\/uploads\/2025\/12\/Challenge-Christmas-Time-2025-logo.jpg?w=208&#038;h=208&#038;crop=1&#038;ssl=1\" srcset=\"https:\/\/i0.wp.com\/www.jojoenherbe.com\/wp-content\/uploads\/2025\/12\/Challenge-Christmas-Time-2025-logo.jpg?w=1024&amp;ssl=1 1024w, https:\/\/i0.wp.com\/www.jojoenherbe.com\/wp-content\/uploads\/2025\/12\/Challenge-Christmas-Time-2025-logo.jpg?resize=300%2C300&amp;ssl=1 300w, https:\/\/i0.wp.com\/www.jojoenherbe.com\/wp-content\/uploads\/2025\/12\/Challenge-Christmas-Time-2025-logo.jpg?resize=150%2C150&amp;ssl=1 150w, https:\/\/i0.wp.com\/www.jojoenherbe.com\/wp-content\/uploads\/2025\/12\/Challenge-Christmas-Time-2025-logo.jpg?resize=768%2C768&amp;ssl=1 768w, https:\/\/i0.wp.com\/www.jojoenherbe.com\/wp-content\/uploads\/2025\/12\/Challenge-Christmas-Time-2025-logo.jpg?resize=676%2C676&amp;ssl=1 676w\" width=\"208\" height=\"208\" loading=\"lazy\" data-original-width=\"208\" data-original-height=\"208\" itemprop=\"http:\/\/schema.org\/image\" title=\"Challenge Christmas Time 2025 - logo\" alt=\"Challenge Christmas Time 2025 - logo\" style=\"width: 208px; height: 208px;\" \/> <\/a> <\/div> <\/div> <!-- close group --> <\/div> <!-- close row --> <\/div>\n","protected":false},"excerpt":{"rendered":"<p>Pour la semaine 50 du Projet 52-2025 de Du c\u00f4t\u00e9 de chez Ma\u2019, le th\u00e8me est \u00ab\u00a0\u00c9clairer\u00ab\u00a0, un th\u00e8me qui m&rsquo;a imm\u00e9diatement fait penser au 8 d\u00e9cembre et \u00e0 la f\u00eate des lumi\u00e8res \u00e0 Lyon. Alors voici une photo prise hier soir pendant le d\u00e9fil\u00e9 des lampions, dans les rues \u00e0 proximit\u00e9 du ch\u00e2teau et [&hellip;]<\/p>\n","protected":false},"author":1,"featured_media":41734,"comment_status":"open","ping_status":"open","sticky":false,"template":"","format":"standard","meta":{"jetpack_post_was_ever_published":false,"_jetpack_newsletter_access":"","_jetpack_dont_email_post_to_subs":false,"_jetpack_newsletter_tier_id":0,"_jetpack_memberships_contains_paywalled_content":false,"_jetpack_memberships_contains_paid_content":false,"footnotes":""},"categories":[437,4],"tags":[25,4755,21,24,4789,4754,550,19,5,4491,1506],"class_list":["post-41752","post","type-post","status-publish","format-standard","has-post-thumbnail","hentry","category-mini-photographe","category-mini-visiteur","tag-alpes-maritimes","tag-challenge-christmas-time-2025","tag-decorations","tag-festivites","tag-fete-des-lumieres","tag-il-etait-13-fois-noel","tag-mouans-sartoux","tag-noel","tag-paca","tag-projet-52-2025","tag-region-sud","post-preview"],"jetpack_featured_media_url":"https:\/\/i0.wp.com\/www.jojoenherbe.com\/wp-content\/uploads\/2025\/12\/Mouans-Sartoux-Noel-2025-2-scaled.jpg?fit=1920%2C2560&ssl=1","jetpack_sharing_enabled":true,"jetpack_shortlink":"https:\/\/wp.me\/p9zhGx-aRq","jetpack_likes_enabled":true,"jetpack-related-posts":[{"id":9108,"url":"https:\/\/www.jojoenherbe.com\/index.php\/2019\/12\/23\/melis-melos-des-marches-de-noel-2019\/","url_meta":{"origin":41752,"position":0},"title":"M\u00e9lis-m\u00e9los des march\u00e9s de No\u00ebl 2019","author":"Jojo","date":"23 d\u00e9cembre 2019","format":false,"excerpt":"Le temps ne nous permet pas cette ann\u00e9e de profiter comme il se doit des march\u00e9s de No\u00ebl dans les Alpes-Maritimes et dans le Var, entre les week-ends de confinement en raison des alertes rouges pluie-inondations, vague-submersions et encore ce week-end alerte orange pour les vents violents \u00e9galement. Mais nous\u2026","rel":"","context":"Dans &quot;mini photographe&quot;","block_context":{"text":"mini photographe","link":"https:\/\/www.jojoenherbe.com\/index.php\/category\/mini-photographe\/"},"img":{"alt_text":"","src":"https:\/\/i0.wp.com\/www.jojoenherbe.com\/wp-content\/uploads\/2019\/12\/Illuminations-Saint-Jean-Cap-Ferrat-2-scaled.jpg?fit=1200%2C900&ssl=1&resize=350%2C200","width":350,"height":200,"srcset":"https:\/\/i0.wp.com\/www.jojoenherbe.com\/wp-content\/uploads\/2019\/12\/Illuminations-Saint-Jean-Cap-Ferrat-2-scaled.jpg?fit=1200%2C900&ssl=1&resize=350%2C200 1x, https:\/\/i0.wp.com\/www.jojoenherbe.com\/wp-content\/uploads\/2019\/12\/Illuminations-Saint-Jean-Cap-Ferrat-2-scaled.jpg?fit=1200%2C900&ssl=1&resize=525%2C300 1.5x, https:\/\/i0.wp.com\/www.jojoenherbe.com\/wp-content\/uploads\/2019\/12\/Illuminations-Saint-Jean-Cap-Ferrat-2-scaled.jpg?fit=1200%2C900&ssl=1&resize=700%2C400 2x, https:\/\/i0.wp.com\/www.jojoenherbe.com\/wp-content\/uploads\/2019\/12\/Illuminations-Saint-Jean-Cap-Ferrat-2-scaled.jpg?fit=1200%2C900&ssl=1&resize=1050%2C600 3x"},"classes":[]},{"id":5837,"url":"https:\/\/www.jojoenherbe.com\/index.php\/2019\/05\/04\/du-street-art-a-mouans-sartoux\/","url_meta":{"origin":41752,"position":1},"title":"Du Street Art \u00e0 Mouans-Sartoux","author":"Jojo","date":"4 mai 2019","format":false,"excerpt":"Pour cette semaine 18 du Projet 52-2019 de Du C\u00f4t\u00e9 de Chez Ma\u2019,\u00a0 le th\u00e8me est \"\u00e9crire\". Il me vient en t\u00eate deux photos prises en avril 2019 dont celle-ci de dimanche dernier. Voici donc une bo\u00eete aux lettres pour illustrer ce th\u00e8me, une invitation \u00e0 l'\u00e9criture et au partage!\u2026","rel":"","context":"Dans &quot;mini photographe&quot;","block_context":{"text":"mini photographe","link":"https:\/\/www.jojoenherbe.com\/index.php\/category\/mini-photographe\/"},"img":{"alt_text":"","src":"https:\/\/i0.wp.com\/www.jojoenherbe.com\/wp-content\/uploads\/2019\/05\/Street-art-C215-Mouans-Sartoux.jpg?fit=883%2C1200&ssl=1&resize=350%2C200","width":350,"height":200,"srcset":"https:\/\/i0.wp.com\/www.jojoenherbe.com\/wp-content\/uploads\/2019\/05\/Street-art-C215-Mouans-Sartoux.jpg?fit=883%2C1200&ssl=1&resize=350%2C200 1x, https:\/\/i0.wp.com\/www.jojoenherbe.com\/wp-content\/uploads\/2019\/05\/Street-art-C215-Mouans-Sartoux.jpg?fit=883%2C1200&ssl=1&resize=525%2C300 1.5x, https:\/\/i0.wp.com\/www.jojoenherbe.com\/wp-content\/uploads\/2019\/05\/Street-art-C215-Mouans-Sartoux.jpg?fit=883%2C1200&ssl=1&resize=700%2C400 2x"},"classes":[]},{"id":41912,"url":"https:\/\/www.jojoenherbe.com\/index.php\/2025\/12\/21\/semaine-51-du-projet-52-2025-fetes-de-fin-dannee\/","url_meta":{"origin":41752,"position":2},"title":"Semaine 51 du Projet 52-2025: \u00ab\u00a0F\u00eates de fin d&rsquo;ann\u00e9e\u00a0\u00bb","author":"Jojo","date":"21 d\u00e9cembre 2025","format":false,"excerpt":"Pour la semaine 51 du Projet 52-2025 de Du c\u00f4t\u00e9 de chez Ma\u2019, le th\u00e8me est \"F\u00eates de fin d'ann\u00e9e\", un th\u00e8me bien de saison et pour lequel j'ai pioch\u00e9 dans les photos prises hier soir, \u00e0 Nice, sur le miroir d'eau de de la Coul\u00e9e Verte jouxtant la place\u2026","rel":"","context":"Dans &quot;Mini blogueur&quot;","block_context":{"text":"Mini blogueur","link":"https:\/\/www.jojoenherbe.com\/index.php\/category\/mini-blogueur\/"},"img":{"alt_text":"","src":"https:\/\/i0.wp.com\/www.jojoenherbe.com\/wp-content\/uploads\/2025\/12\/Nice-Noel-2025-scaled.jpg?fit=1040%2C1200&ssl=1&resize=350%2C200","width":350,"height":200,"srcset":"https:\/\/i0.wp.com\/www.jojoenherbe.com\/wp-content\/uploads\/2025\/12\/Nice-Noel-2025-scaled.jpg?fit=1040%2C1200&ssl=1&resize=350%2C200 1x, https:\/\/i0.wp.com\/www.jojoenherbe.com\/wp-content\/uploads\/2025\/12\/Nice-Noel-2025-scaled.jpg?fit=1040%2C1200&ssl=1&resize=525%2C300 1.5x, https:\/\/i0.wp.com\/www.jojoenherbe.com\/wp-content\/uploads\/2025\/12\/Nice-Noel-2025-scaled.jpg?fit=1040%2C1200&ssl=1&resize=700%2C400 2x"},"classes":[]},{"id":41357,"url":"https:\/\/www.jojoenherbe.com\/index.php\/2025\/11\/15\/billet-de-suivi-il-etait-13-fois-noel\/","url_meta":{"origin":41752,"position":3},"title":"Billet de suivi: Il \u00e9tait 13 fois No\u00ebl","author":"Jojo","date":"15 novembre 2025","format":false,"excerpt":"Le mois de d\u00e9cembre approchant, c\u2019est le retour de Il \u00e9tait 13 fois No\u00ebl, un challenge de No\u00ebl coorganis\u00e9 par Chicky Poo et Samarian qui ouvrent les portes de leur Chalet du 15 novembre 2025 au 11 janvier 2026. Cette ann\u00e9e, elles ont imagin\u00e9 une nouvelle formule avec des cases\u2026","rel":"","context":"Dans &quot;Mini blogueur&quot;","block_context":{"text":"Mini blogueur","link":"https:\/\/www.jojoenherbe.com\/index.php\/category\/mini-blogueur\/"},"img":{"alt_text":"","src":"https:\/\/i0.wp.com\/www.jojoenherbe.com\/wp-content\/uploads\/2025\/11\/Il-etait-13-fois-Noel-logo.jpg?fit=626%2C589&ssl=1&resize=350%2C200","width":350,"height":200,"srcset":"https:\/\/i0.wp.com\/www.jojoenherbe.com\/wp-content\/uploads\/2025\/11\/Il-etait-13-fois-Noel-logo.jpg?fit=626%2C589&ssl=1&resize=350%2C200 1x, https:\/\/i0.wp.com\/www.jojoenherbe.com\/wp-content\/uploads\/2025\/11\/Il-etait-13-fois-Noel-logo.jpg?fit=626%2C589&ssl=1&resize=525%2C300 1.5x"},"classes":[]},{"id":33606,"url":"https:\/\/www.jojoenherbe.com\/index.php\/2023\/12\/16\/semaine-50-du-projet-52-2023-scintiller\/","url_meta":{"origin":41752,"position":4},"title":"Semaine 50 du Projet 52-2023: Scintiller","author":"Jojo","date":"16 d\u00e9cembre 2023","format":false,"excerpt":"Pour la semaine 50 du Projet 52-2023 de Du c\u00f4t\u00e9 de chez Ma', le th\u00e8me est \"scintiller\". J'ai choisi pour illustrer ce th\u00e8me une des photos prises hier, en d\u00e9but de soir\u00e9e, sur le miroir d'eau de la Coul\u00e9e Verte \u00e0 Nice, c\u00f4t\u00e9 place Mass\u00e9na, en face du march\u00e9 de\u2026","rel":"","context":"Dans &quot;mini photographe&quot;","block_context":{"text":"mini photographe","link":"https:\/\/www.jojoenherbe.com\/index.php\/category\/mini-photographe\/"},"img":{"alt_text":"","src":"https:\/\/i0.wp.com\/www.jojoenherbe.com\/wp-content\/uploads\/2023\/12\/Iluminations-Nice-2023-scaled.jpg?fit=1200%2C900&ssl=1&resize=350%2C200","width":350,"height":200,"srcset":"https:\/\/i0.wp.com\/www.jojoenherbe.com\/wp-content\/uploads\/2023\/12\/Iluminations-Nice-2023-scaled.jpg?fit=1200%2C900&ssl=1&resize=350%2C200 1x, https:\/\/i0.wp.com\/www.jojoenherbe.com\/wp-content\/uploads\/2023\/12\/Iluminations-Nice-2023-scaled.jpg?fit=1200%2C900&ssl=1&resize=525%2C300 1.5x, https:\/\/i0.wp.com\/www.jojoenherbe.com\/wp-content\/uploads\/2023\/12\/Iluminations-Nice-2023-scaled.jpg?fit=1200%2C900&ssl=1&resize=700%2C400 2x, https:\/\/i0.wp.com\/www.jojoenherbe.com\/wp-content\/uploads\/2023\/12\/Iluminations-Nice-2023-scaled.jpg?fit=1200%2C900&ssl=1&resize=1050%2C600 3x"},"classes":[]},{"id":33793,"url":"https:\/\/www.jojoenherbe.com\/index.php\/2023\/12\/23\/semaine-51-du-projet-52-2023-noel\/","url_meta":{"origin":41752,"position":5},"title":"Semaine 51 du Projet 52-2023: No\u00ebl","author":"Jojo","date":"23 d\u00e9cembre 2023","format":false,"excerpt":"Pour la semaine 51 du Projet 52-2023 de Du c\u00f4t\u00e9 de chez Ma', le th\u00e8me est \"No\u00ebl\". J'ai choisi pour illustrer ce th\u00e8me la premi\u00e8re photo d'illuminations prises cette ann\u00e9e, \u00e0 la mi-d\u00e9cembre, sur la place Garibaldi \u00e0 Nice. C'est aussi une nouvelle participation pour les challenges de No\u00ebl, Il\u2026","rel":"","context":"Dans &quot;mini photographe&quot;","block_context":{"text":"mini photographe","link":"https:\/\/www.jojoenherbe.com\/index.php\/category\/mini-photographe\/"},"img":{"alt_text":"","src":"https:\/\/i0.wp.com\/www.jojoenherbe.com\/wp-content\/uploads\/2023\/12\/Decoration-Noel-Nice-2023-scaled.jpg?fit=1053%2C1200&ssl=1&resize=350%2C200","width":350,"height":200,"srcset":"https:\/\/i0.wp.com\/www.jojoenherbe.com\/wp-content\/uploads\/2023\/12\/Decoration-Noel-Nice-2023-scaled.jpg?fit=1053%2C1200&ssl=1&resize=350%2C200 1x, https:\/\/i0.wp.com\/www.jojoenherbe.com\/wp-content\/uploads\/2023\/12\/Decoration-Noel-Nice-2023-scaled.jpg?fit=1053%2C1200&ssl=1&resize=525%2C300 1.5x, https:\/\/i0.wp.com\/www.jojoenherbe.com\/wp-content\/uploads\/2023\/12\/Decoration-Noel-Nice-2023-scaled.jpg?fit=1053%2C1200&ssl=1&resize=700%2C400 2x, https:\/\/i0.wp.com\/www.jojoenherbe.com\/wp-content\/uploads\/2023\/12\/Decoration-Noel-Nice-2023-scaled.jpg?fit=1053%2C1200&ssl=1&resize=1050%2C600 3x"},"classes":[]}],"_links":{"self":[{"href":"https:\/\/www.jojoenherbe.com\/index.php\/wp-json\/wp\/v2\/posts\/41752","targetHints":{"allow":["GET"]}}],"collection":[{"href":"https:\/\/www.jojoenherbe.com\/index.php\/wp-json\/wp\/v2\/posts"}],"about":[{"href":"https:\/\/www.jojoenherbe.com\/index.php\/wp-json\/wp\/v2\/types\/post"}],"author":[{"embeddable":true,"href":"https:\/\/www.jojoenherbe.com\/index.php\/wp-json\/wp\/v2\/users\/1"}],"replies":[{"embeddable":true,"href":"https:\/\/www.jojoenherbe.com\/index.php\/wp-json\/wp\/v2\/comments?post=41752"}],"version-history":[{"count":3,"href":"https:\/\/www.jojoenherbe.com\/index.php\/wp-json\/wp\/v2\/posts\/41752\/revisions"}],"predecessor-version":[{"id":41755,"href":"https:\/\/www.jojoenherbe.com\/index.php\/wp-json\/wp\/v2\/posts\/41752\/revisions\/41755"}],"wp:featuredmedia":[{"embeddable":true,"href":"https:\/\/www.jojoenherbe.com\/index.php\/wp-json\/wp\/v2\/media\/41734"}],"wp:attachment":[{"href":"https:\/\/www.jojoenherbe.com\/index.php\/wp-json\/wp\/v2\/media?parent=41752"}],"wp:term":[{"taxonomy":"category","embeddable":true,"href":"https:\/\/www.jojoenherbe.com\/index.php\/wp-json\/wp\/v2\/categories?post=41752"},{"taxonomy":"post_tag","embeddable":true,"href":"https:\/\/www.jojoenherbe.com\/index.php\/wp-json\/wp\/v2\/tags?post=41752"}],"curies":[{"name":"wp","href":"https:\/\/api.w.org\/{rel}","templated":true}]}}