{"id":41069,"date":"2025-10-30T13:37:52","date_gmt":"2025-10-30T12:37:52","guid":{"rendered":"https:\/\/www.jojoenherbe.com\/?p=41069"},"modified":"2025-11-30T12:07:33","modified_gmt":"2025-11-30T11:07:33","slug":"au-fil-des-pages-avec-edgar-et-la-malediction-du-corbeau","status":"publish","type":"post","link":"https:\/\/www.jojoenherbe.com\/index.php\/2025\/10\/30\/au-fil-des-pages-avec-edgar-et-la-malediction-du-corbeau\/","title":{"rendered":"Au fil des pages avec Edgar et la mal\u00e9diction du corbeau"},"content":{"rendered":"<p style=\"text-align: justify;\"><em>Nous avons lu, avec mon mini sorcier, <span style=\"text-decoration: underline;\">Edgar et la mal\u00e9diction du corbeau<\/span> de S\u00e9verine Gauthier et Cl\u00e9ment Lef\u00e8vre (\u00e9d. Little Urban, septembre 2025, 48 pages), un album jeunesse \u00e0 partir de 4 ans. Edgar, un jeune gar\u00e7on vit dans un manoir hant\u00e9, s&rsquo;\u00e9tant li\u00e9 d&rsquo;amiti\u00e9 avec les fant\u00f4mes et esprits hantant les lieux, Elizabeth, une grande bibliophile, Pluton, le grand chat noir ou bien encore son amoureuse, la belle Annabel Lee, mi-enfant mi-sir\u00e8ne. Mais une mal\u00e9diction p\u00e8se sur eux: il sont retenus prisonniers des lieux par un grand corbeau sinistre. Edgar parviendra-t-il \u00e0 surmonter ses peurs et l&rsquo;affronter lors d&rsquo;une partie d&rsquo;\u00e9chec?\u00a0<\/em><\/p>\n<div class=\"tiled-gallery type-rectangular tiled-gallery-unresized\" data-original-width=\"676\" data-carousel-extra='{&quot;blog_id&quot;:1,&quot;permalink&quot;:&quot;https:\\\/\\\/www.jojoenherbe.com\\\/index.php\\\/2025\\\/10\\\/30\\\/au-fil-des-pages-avec-edgar-et-la-malediction-du-corbeau\\\/&quot;,&quot;likes_blog_id&quot;:141396489}' itemscope itemtype=\"http:\/\/schema.org\/ImageGallery\" > <div class=\"gallery-row\" style=\"width: 676px; height: 309px;\" data-original-width=\"676\" data-original-height=\"309\" > <div class=\"gallery-group images-2\" style=\"width: 210px; height: 309px;\" data-original-width=\"210\" data-original-height=\"309\" > <div class=\"tiled-gallery-item tiled-gallery-item-small\" itemprop=\"associatedMedia\" itemscope itemtype=\"http:\/\/schema.org\/ImageObject\"> <a href=\"https:\/\/www.jojoenherbe.com\/index.php\/2025\/10\/30\/au-fil-des-pages-avec-edgar-et-la-malediction-du-corbeau\/edgar-et-la-malediction-du-corbeau-6\/\" border=\"0\" itemprop=\"url\"> <meta itemprop=\"width\" content=\"206\"> <meta itemprop=\"height\" content=\"154\"> <img decoding=\"async\" class=\"\" data-attachment-id=\"41104\" data-orig-file=\"https:\/\/www.jojoenherbe.com\/wp-content\/uploads\/2025\/10\/Edgar-et-la-malediction-du-corbeau-6-scaled.jpg\" data-orig-size=\"2560,1920\" data-comments-opened=\"1\" data-image-meta=\"{&quot;aperture&quot;:&quot;1.8&quot;,&quot;credit&quot;:&quot;&quot;,&quot;camera&quot;:&quot;iPhone 7&quot;,&quot;caption&quot;:&quot;&quot;,&quot;created_timestamp&quot;:&quot;1761828418&quot;,&quot;copyright&quot;:&quot;&quot;,&quot;focal_length&quot;:&quot;3.99&quot;,&quot;iso&quot;:&quot;100&quot;,&quot;shutter_speed&quot;:&quot;0.14285714285714&quot;,&quot;title&quot;:&quot;&quot;,&quot;orientation&quot;:&quot;1&quot;}\" data-image-title=\"Edgar et la mal\u00e9diction du corbeau 6\" data-image-description=\"\" data-medium-file=\"https:\/\/i0.wp.com\/www.jojoenherbe.com\/wp-content\/uploads\/2025\/10\/Edgar-et-la-malediction-du-corbeau-6-scaled.jpg?fit=300%2C225&#038;ssl=1\" data-large-file=\"https:\/\/i0.wp.com\/www.jojoenherbe.com\/wp-content\/uploads\/2025\/10\/Edgar-et-la-malediction-du-corbeau-6-scaled.jpg?fit=676%2C507&#038;ssl=1\" src=\"https:\/\/i0.wp.com\/www.jojoenherbe.com\/wp-content\/uploads\/2025\/10\/Edgar-et-la-malediction-du-corbeau-6-scaled.jpg?w=206&#038;h=154&#038;ssl=1\" srcset=\"https:\/\/i0.wp.com\/www.jojoenherbe.com\/wp-content\/uploads\/2025\/10\/Edgar-et-la-malediction-du-corbeau-6-scaled.jpg?w=2560&amp;ssl=1 2560w, https:\/\/i0.wp.com\/www.jojoenherbe.com\/wp-content\/uploads\/2025\/10\/Edgar-et-la-malediction-du-corbeau-6-scaled.jpg?resize=300%2C225&amp;ssl=1 300w, https:\/\/i0.wp.com\/www.jojoenherbe.com\/wp-content\/uploads\/2025\/10\/Edgar-et-la-malediction-du-corbeau-6-scaled.jpg?resize=1024%2C768&amp;ssl=1 1024w, https:\/\/i0.wp.com\/www.jojoenherbe.com\/wp-content\/uploads\/2025\/10\/Edgar-et-la-malediction-du-corbeau-6-scaled.jpg?resize=768%2C576&amp;ssl=1 768w, https:\/\/i0.wp.com\/www.jojoenherbe.com\/wp-content\/uploads\/2025\/10\/Edgar-et-la-malediction-du-corbeau-6-scaled.jpg?resize=1536%2C1152&amp;ssl=1 1536w, https:\/\/i0.wp.com\/www.jojoenherbe.com\/wp-content\/uploads\/2025\/10\/Edgar-et-la-malediction-du-corbeau-6-scaled.jpg?resize=2048%2C1536&amp;ssl=1 2048w, https:\/\/i0.wp.com\/www.jojoenherbe.com\/wp-content\/uploads\/2025\/10\/Edgar-et-la-malediction-du-corbeau-6-scaled.jpg?resize=676%2C507&amp;ssl=1 676w, https:\/\/i0.wp.com\/www.jojoenherbe.com\/wp-content\/uploads\/2025\/10\/Edgar-et-la-malediction-du-corbeau-6-scaled.jpg?w=1352 1352w\" width=\"206\" height=\"154\" loading=\"lazy\" data-original-width=\"206\" data-original-height=\"154\" itemprop=\"http:\/\/schema.org\/image\" title=\"Edgar et la mal\u00e9diction du corbeau 6\" alt=\"Edgar et la mal\u00e9diction du corbeau 6\" style=\"width: 206px; height: 154px;\" \/> <\/a> <\/div> <div class=\"tiled-gallery-item tiled-gallery-item-small\" itemprop=\"associatedMedia\" itemscope itemtype=\"http:\/\/schema.org\/ImageObject\"> <a href=\"https:\/\/www.jojoenherbe.com\/index.php\/2025\/10\/30\/au-fil-des-pages-avec-edgar-et-la-malediction-du-corbeau\/edgar-et-la-malediction-du-corbeau-3\/\" border=\"0\" itemprop=\"url\"> <meta itemprop=\"width\" content=\"206\"> <meta itemprop=\"height\" content=\"147\"> <img decoding=\"async\" class=\"\" data-attachment-id=\"41099\" data-orig-file=\"https:\/\/www.jojoenherbe.com\/wp-content\/uploads\/2025\/10\/Edgar-et-la-malediction-du-corbeau-3-scaled.jpg\" data-orig-size=\"2560,1831\" data-comments-opened=\"1\" data-image-meta=\"{&quot;aperture&quot;:&quot;1.8&quot;,&quot;credit&quot;:&quot;&quot;,&quot;camera&quot;:&quot;iPhone 7&quot;,&quot;caption&quot;:&quot;&quot;,&quot;created_timestamp&quot;:&quot;1760456202&quot;,&quot;copyright&quot;:&quot;&quot;,&quot;focal_length&quot;:&quot;3.99&quot;,&quot;iso&quot;:&quot;64&quot;,&quot;shutter_speed&quot;:&quot;0.058823529411765&quot;,&quot;title&quot;:&quot;&quot;,&quot;orientation&quot;:&quot;1&quot;}\" data-image-title=\"Edgar et la mal\u00e9diction du corbeau 3\" data-image-description=\"\" data-medium-file=\"https:\/\/i0.wp.com\/www.jojoenherbe.com\/wp-content\/uploads\/2025\/10\/Edgar-et-la-malediction-du-corbeau-3-scaled.jpg?fit=300%2C215&#038;ssl=1\" data-large-file=\"https:\/\/i0.wp.com\/www.jojoenherbe.com\/wp-content\/uploads\/2025\/10\/Edgar-et-la-malediction-du-corbeau-3-scaled.jpg?fit=676%2C484&#038;ssl=1\" src=\"https:\/\/i0.wp.com\/www.jojoenherbe.com\/wp-content\/uploads\/2025\/10\/Edgar-et-la-malediction-du-corbeau-3-scaled.jpg?w=206&#038;h=147&#038;ssl=1\" srcset=\"https:\/\/i0.wp.com\/www.jojoenherbe.com\/wp-content\/uploads\/2025\/10\/Edgar-et-la-malediction-du-corbeau-3-scaled.jpg?w=2560&amp;ssl=1 2560w, https:\/\/i0.wp.com\/www.jojoenherbe.com\/wp-content\/uploads\/2025\/10\/Edgar-et-la-malediction-du-corbeau-3-scaled.jpg?resize=300%2C215&amp;ssl=1 300w, https:\/\/i0.wp.com\/www.jojoenherbe.com\/wp-content\/uploads\/2025\/10\/Edgar-et-la-malediction-du-corbeau-3-scaled.jpg?resize=1024%2C733&amp;ssl=1 1024w, https:\/\/i0.wp.com\/www.jojoenherbe.com\/wp-content\/uploads\/2025\/10\/Edgar-et-la-malediction-du-corbeau-3-scaled.jpg?resize=768%2C549&amp;ssl=1 768w, https:\/\/i0.wp.com\/www.jojoenherbe.com\/wp-content\/uploads\/2025\/10\/Edgar-et-la-malediction-du-corbeau-3-scaled.jpg?resize=1536%2C1099&amp;ssl=1 1536w, https:\/\/i0.wp.com\/www.jojoenherbe.com\/wp-content\/uploads\/2025\/10\/Edgar-et-la-malediction-du-corbeau-3-scaled.jpg?resize=2048%2C1465&amp;ssl=1 2048w, https:\/\/i0.wp.com\/www.jojoenherbe.com\/wp-content\/uploads\/2025\/10\/Edgar-et-la-malediction-du-corbeau-3-scaled.jpg?resize=676%2C484&amp;ssl=1 676w, https:\/\/i0.wp.com\/www.jojoenherbe.com\/wp-content\/uploads\/2025\/10\/Edgar-et-la-malediction-du-corbeau-3-scaled.jpg?w=1352 1352w\" width=\"206\" height=\"147\" loading=\"lazy\" data-original-width=\"206\" data-original-height=\"147\" itemprop=\"http:\/\/schema.org\/image\" title=\"Edgar et la mal\u00e9diction du corbeau 3\" alt=\"Edgar et la mal\u00e9diction du corbeau 3\" style=\"width: 206px; height: 147px;\" \/> <\/a> <\/div> <\/div> <!-- close group --> <div class=\"gallery-group images-1\" style=\"width: 233px; height: 309px;\" data-original-width=\"233\" data-original-height=\"309\" > <div class=\"tiled-gallery-item tiled-gallery-item-small\" itemprop=\"associatedMedia\" itemscope itemtype=\"http:\/\/schema.org\/ImageObject\"> <a href=\"https:\/\/www.jojoenherbe.com\/index.php\/2025\/10\/30\/au-fil-des-pages-avec-edgar-et-la-malediction-du-corbeau\/edgar-et-la-malediction-du-corbeau-5\/\" border=\"0\" itemprop=\"url\"> <meta itemprop=\"width\" content=\"229\"> <meta itemprop=\"height\" content=\"305\"> <img decoding=\"async\" class=\"\" data-attachment-id=\"41103\" data-orig-file=\"https:\/\/www.jojoenherbe.com\/wp-content\/uploads\/2025\/10\/Edgar-et-la-malediction-du-corbeau-5-scaled.jpg\" data-orig-size=\"1920,2560\" data-comments-opened=\"1\" data-image-meta=\"{&quot;aperture&quot;:&quot;1.8&quot;,&quot;credit&quot;:&quot;&quot;,&quot;camera&quot;:&quot;iPhone 7&quot;,&quot;caption&quot;:&quot;&quot;,&quot;created_timestamp&quot;:&quot;1761828355&quot;,&quot;copyright&quot;:&quot;&quot;,&quot;focal_length&quot;:&quot;3.99&quot;,&quot;iso&quot;:&quot;80&quot;,&quot;shutter_speed&quot;:&quot;0.16666666666667&quot;,&quot;title&quot;:&quot;&quot;,&quot;orientation&quot;:&quot;1&quot;}\" data-image-title=\"Edgar et la mal\u00e9diction du corbeau 5\" data-image-description=\"\" data-medium-file=\"https:\/\/i0.wp.com\/www.jojoenherbe.com\/wp-content\/uploads\/2025\/10\/Edgar-et-la-malediction-du-corbeau-5-scaled.jpg?fit=225%2C300&#038;ssl=1\" data-large-file=\"https:\/\/i0.wp.com\/www.jojoenherbe.com\/wp-content\/uploads\/2025\/10\/Edgar-et-la-malediction-du-corbeau-5-scaled.jpg?fit=676%2C901&#038;ssl=1\" src=\"https:\/\/i0.wp.com\/www.jojoenherbe.com\/wp-content\/uploads\/2025\/10\/Edgar-et-la-malediction-du-corbeau-5-scaled.jpg?w=229&#038;h=305&#038;ssl=1\" srcset=\"https:\/\/i0.wp.com\/www.jojoenherbe.com\/wp-content\/uploads\/2025\/10\/Edgar-et-la-malediction-du-corbeau-5-scaled.jpg?w=1920&amp;ssl=1 1920w, https:\/\/i0.wp.com\/www.jojoenherbe.com\/wp-content\/uploads\/2025\/10\/Edgar-et-la-malediction-du-corbeau-5-scaled.jpg?resize=225%2C300&amp;ssl=1 225w, https:\/\/i0.wp.com\/www.jojoenherbe.com\/wp-content\/uploads\/2025\/10\/Edgar-et-la-malediction-du-corbeau-5-scaled.jpg?resize=768%2C1024&amp;ssl=1 768w, https:\/\/i0.wp.com\/www.jojoenherbe.com\/wp-content\/uploads\/2025\/10\/Edgar-et-la-malediction-du-corbeau-5-scaled.jpg?resize=1152%2C1536&amp;ssl=1 1152w, https:\/\/i0.wp.com\/www.jojoenherbe.com\/wp-content\/uploads\/2025\/10\/Edgar-et-la-malediction-du-corbeau-5-scaled.jpg?resize=1536%2C2048&amp;ssl=1 1536w, https:\/\/i0.wp.com\/www.jojoenherbe.com\/wp-content\/uploads\/2025\/10\/Edgar-et-la-malediction-du-corbeau-5-scaled.jpg?resize=676%2C901&amp;ssl=1 676w, https:\/\/i0.wp.com\/www.jojoenherbe.com\/wp-content\/uploads\/2025\/10\/Edgar-et-la-malediction-du-corbeau-5-scaled.jpg?w=1352 1352w\" width=\"229\" height=\"305\" loading=\"lazy\" data-original-width=\"229\" data-original-height=\"305\" itemprop=\"http:\/\/schema.org\/image\" title=\"Edgar et la mal\u00e9diction du corbeau 5\" alt=\"Edgar et la mal\u00e9diction du corbeau 5\" style=\"width: 229px; height: 305px;\" \/> <\/a> <\/div> <\/div> <!-- close group --> <div class=\"gallery-group images-1\" style=\"width: 233px; height: 309px;\" data-original-width=\"233\" data-original-height=\"309\" > <div class=\"tiled-gallery-item tiled-gallery-item-small\" itemprop=\"associatedMedia\" itemscope itemtype=\"http:\/\/schema.org\/ImageObject\"> <a href=\"https:\/\/www.jojoenherbe.com\/index.php\/2025\/10\/30\/au-fil-des-pages-avec-edgar-et-la-malediction-du-corbeau\/edgar-et-la-malediction-du-corbeau-7\/\" border=\"0\" itemprop=\"url\"> <meta itemprop=\"width\" content=\"229\"> <meta itemprop=\"height\" content=\"305\"> <img decoding=\"async\" class=\"\" data-attachment-id=\"41105\" data-orig-file=\"https:\/\/www.jojoenherbe.com\/wp-content\/uploads\/2025\/10\/Edgar-et-la-malediction-du-corbeau-7-scaled.jpg\" data-orig-size=\"1920,2560\" data-comments-opened=\"1\" data-image-meta=\"{&quot;aperture&quot;:&quot;1.8&quot;,&quot;credit&quot;:&quot;&quot;,&quot;camera&quot;:&quot;iPhone 7&quot;,&quot;caption&quot;:&quot;&quot;,&quot;created_timestamp&quot;:&quot;1761828458&quot;,&quot;copyright&quot;:&quot;&quot;,&quot;focal_length&quot;:&quot;3.99&quot;,&quot;iso&quot;:&quot;100&quot;,&quot;shutter_speed&quot;:&quot;0.071428571428571&quot;,&quot;title&quot;:&quot;&quot;,&quot;orientation&quot;:&quot;1&quot;}\" data-image-title=\"Edgar et la mal\u00e9diction du corbeau 7\" data-image-description=\"\" data-medium-file=\"https:\/\/i0.wp.com\/www.jojoenherbe.com\/wp-content\/uploads\/2025\/10\/Edgar-et-la-malediction-du-corbeau-7-scaled.jpg?fit=225%2C300&#038;ssl=1\" data-large-file=\"https:\/\/i0.wp.com\/www.jojoenherbe.com\/wp-content\/uploads\/2025\/10\/Edgar-et-la-malediction-du-corbeau-7-scaled.jpg?fit=676%2C901&#038;ssl=1\" src=\"https:\/\/i0.wp.com\/www.jojoenherbe.com\/wp-content\/uploads\/2025\/10\/Edgar-et-la-malediction-du-corbeau-7-scaled.jpg?w=229&#038;h=305&#038;ssl=1\" srcset=\"https:\/\/i0.wp.com\/www.jojoenherbe.com\/wp-content\/uploads\/2025\/10\/Edgar-et-la-malediction-du-corbeau-7-scaled.jpg?w=1920&amp;ssl=1 1920w, https:\/\/i0.wp.com\/www.jojoenherbe.com\/wp-content\/uploads\/2025\/10\/Edgar-et-la-malediction-du-corbeau-7-scaled.jpg?resize=225%2C300&amp;ssl=1 225w, https:\/\/i0.wp.com\/www.jojoenherbe.com\/wp-content\/uploads\/2025\/10\/Edgar-et-la-malediction-du-corbeau-7-scaled.jpg?resize=768%2C1024&amp;ssl=1 768w, https:\/\/i0.wp.com\/www.jojoenherbe.com\/wp-content\/uploads\/2025\/10\/Edgar-et-la-malediction-du-corbeau-7-scaled.jpg?resize=1152%2C1536&amp;ssl=1 1152w, https:\/\/i0.wp.com\/www.jojoenherbe.com\/wp-content\/uploads\/2025\/10\/Edgar-et-la-malediction-du-corbeau-7-scaled.jpg?resize=1536%2C2048&amp;ssl=1 1536w, https:\/\/i0.wp.com\/www.jojoenherbe.com\/wp-content\/uploads\/2025\/10\/Edgar-et-la-malediction-du-corbeau-7-scaled.jpg?resize=676%2C901&amp;ssl=1 676w, https:\/\/i0.wp.com\/www.jojoenherbe.com\/wp-content\/uploads\/2025\/10\/Edgar-et-la-malediction-du-corbeau-7-scaled.jpg?w=1352 1352w\" width=\"229\" height=\"305\" loading=\"lazy\" data-original-width=\"229\" data-original-height=\"305\" itemprop=\"http:\/\/schema.org\/image\" title=\"Edgar et la mal\u00e9diction du corbeau 7\" alt=\"Edgar et la mal\u00e9diction du corbeau 7\" style=\"width: 229px; height: 305px;\" \/> <\/a> <\/div> <\/div> <!-- close group --> <\/div> <!-- close row --> <\/div>\n<p style=\"text-align: justify;\"><em>Cela m&rsquo;a donn\u00e9 envie de relire <span style=\"text-decoration: underline;\">Le Corbeau<\/span>, un po\u00e8me narratif d&rsquo;Edgar Allan Poe et paru pour la premi\u00e8re fois en 1845. M\u00eame si les plus jeunes lecteurs n&rsquo;auront pas cette r\u00e9f\u00e9rence, ils pourront tout \u00e0 fait appr\u00e9cier cet album jeunesse plein de bons sentiments o\u00f9 il est question de courage, d&rsquo;amiti\u00e9, de solidarit\u00e9 et de confiance en soi. Le personnage d&rsquo;Edgar est attachant, bienveillant et courageux, pr\u00eat \u00e0 d\u00e9passer ses peurs pour aider ses amis fant\u00f4mes, les jeunes enfants pouvant facilement s&rsquo;identifier \u00e0 lui. <\/em><\/p>\n<p style=\"text-align: justify;\"><em>J&rsquo;ai appr\u00e9ci\u00e9 la mani\u00e8re dont le r\u00e9cit en vers permet d&rsquo;aborder le th\u00e8me de la peur et des angoisses. Le c\u00f4t\u00e9 angoissant et frissonnant de l&rsquo;histoire est att\u00e9nu\u00e9 par les douces et jolies illustrations de Cl\u00e9ment Lef\u00e8vre si reconnaissables et non d\u00e9nu\u00e9s d&rsquo;humour, <\/em><em>dans une ambiance gothique et \u00ab\u00a0\u00e0 la Tim Burton\u00a0\u00bb avec tout un tas de d\u00e9tails et autres clins d\u2019\u0153il \u00e0 la pop culture comme par exemple dans la chambre du petit gar\u00e7on (tableaux de Totoro ou de Monsieur de Jack). Un bon voire tr\u00e8s bon moment de lecture!\u00a0<\/em><\/p>\n<p><em>Pour d&rsquo;autres avis sur cet album jeunesse: <a href=\"https:\/\/leslecturesdemarinette.blogspot.com\/2025\/09\/edgar-et-la-malediction-du-corbeau-de.html\">Marinette<\/a>, <a href=\"https:\/\/deslivresdeslivres.wordpress.com\/2025\/10\/08\/edgar-et-la-malediction-du-corbeau-severine-gauthier-clement-lefevre\/\">Bianca<\/a> et <a href=\"https:\/\/lelivroblog.fr\/2025\/11\/28\/edgar-et-la-malediction-du-corbeau\/\">Hilde<\/a>.<\/em><\/p>\n<div id=\"attachment_40723\" style=\"width: 89px\" class=\"wp-caption alignleft\"><img data-recalc-dims=\"1\" loading=\"lazy\" decoding=\"async\" aria-describedby=\"caption-attachment-40723\" data-attachment-id=\"40723\" data-permalink=\"https:\/\/www.jojoenherbe.com\/index.php\/2025\/09\/24\/billet-de-suivi-challenge-halloween-2025\/le-challenge-halloween-logo-2025-6\/\" data-orig-file=\"https:\/\/i0.wp.com\/www.jojoenherbe.com\/wp-content\/uploads\/2025\/09\/Le-Challenge-Halloween-logo-2025-6.jpg?fit=1399%2C1980&amp;ssl=1\" data-orig-size=\"1399,1980\" data-comments-opened=\"1\" data-image-meta=\"{&quot;aperture&quot;:&quot;0&quot;,&quot;credit&quot;:&quot;&quot;,&quot;camera&quot;:&quot;&quot;,&quot;caption&quot;:&quot;&quot;,&quot;created_timestamp&quot;:&quot;0&quot;,&quot;copyright&quot;:&quot;&quot;,&quot;focal_length&quot;:&quot;0&quot;,&quot;iso&quot;:&quot;0&quot;,&quot;shutter_speed&quot;:&quot;0&quot;,&quot;title&quot;:&quot;&quot;,&quot;orientation&quot;:&quot;0&quot;}\" data-image-title=\"Le Challenge Halloween &amp;#8211; logo 2025 (6)\" data-image-description=\"\" data-image-caption=\"\" data-large-file=\"https:\/\/i0.wp.com\/www.jojoenherbe.com\/wp-content\/uploads\/2025\/09\/Le-Challenge-Halloween-logo-2025-6.jpg?fit=676%2C956&amp;ssl=1\" class=\"wp-image-40723\" src=\"https:\/\/i0.wp.com\/www.jojoenherbe.com\/wp-content\/uploads\/2025\/09\/Le-Challenge-Halloween-logo-2025-6.jpg?resize=79%2C112\" alt=\"\" width=\"79\" height=\"112\" srcset=\"https:\/\/i0.wp.com\/www.jojoenherbe.com\/wp-content\/uploads\/2025\/09\/Le-Challenge-Halloween-logo-2025-6.jpg?w=1399&amp;ssl=1 1399w, https:\/\/i0.wp.com\/www.jojoenherbe.com\/wp-content\/uploads\/2025\/09\/Le-Challenge-Halloween-logo-2025-6.jpg?resize=212%2C300&amp;ssl=1 212w, https:\/\/i0.wp.com\/www.jojoenherbe.com\/wp-content\/uploads\/2025\/09\/Le-Challenge-Halloween-logo-2025-6.jpg?resize=724%2C1024&amp;ssl=1 724w, https:\/\/i0.wp.com\/www.jojoenherbe.com\/wp-content\/uploads\/2025\/09\/Le-Challenge-Halloween-logo-2025-6.jpg?resize=768%2C1087&amp;ssl=1 768w, https:\/\/i0.wp.com\/www.jojoenherbe.com\/wp-content\/uploads\/2025\/09\/Le-Challenge-Halloween-logo-2025-6.jpg?resize=1085%2C1536&amp;ssl=1 1085w, https:\/\/i0.wp.com\/www.jojoenherbe.com\/wp-content\/uploads\/2025\/09\/Le-Challenge-Halloween-logo-2025-6.jpg?resize=676%2C957&amp;ssl=1 676w\" sizes=\"auto, (max-width: 79px) 100vw, 79px\" \/><p id=\"caption-attachment-40723\" class=\"wp-caption-text\">Participation # Challenge Halloween 2025 de <em><a href=\"https:\/\/lelivroblog.fr\/2025\/09\/22\/le-challenge-halloween-2025\/\">Hilde<\/a> et <a href=\"https:\/\/www.myloubook.com\/2025\/09\/22\/le-challenge-halloween-2025\/\">Lou<\/a><\/em> #Manoir hant\u00e9<\/p><\/div>\n<div id=\"attachment_37823\" style=\"width: 106px\" class=\"wp-caption alignleft\"><img data-recalc-dims=\"1\" loading=\"lazy\" decoding=\"async\" aria-describedby=\"caption-attachment-37823\" data-attachment-id=\"37823\" data-permalink=\"https:\/\/www.jojoenherbe.com\/index.php\/2025\/01\/10\/mes-challenges-livresques-2025\/challenge-petit-bac-2025-denna-logo\/\" data-orig-file=\"https:\/\/i0.wp.com\/www.jojoenherbe.com\/wp-content\/uploads\/2024\/12\/Challenge-Petit-Bac-2025-dEnna-logo.jpg?fit=285%2C217&amp;ssl=1\" data-orig-size=\"285,217\" data-comments-opened=\"1\" data-image-meta=\"{&quot;aperture&quot;:&quot;0&quot;,&quot;credit&quot;:&quot;&quot;,&quot;camera&quot;:&quot;&quot;,&quot;caption&quot;:&quot;&quot;,&quot;created_timestamp&quot;:&quot;1735738492&quot;,&quot;copyright&quot;:&quot;&quot;,&quot;focal_length&quot;:&quot;0&quot;,&quot;iso&quot;:&quot;0&quot;,&quot;shutter_speed&quot;:&quot;0&quot;,&quot;title&quot;:&quot;&quot;,&quot;orientation&quot;:&quot;0&quot;}\" data-image-title=\"Challenge Petit Bac 2025 d&amp;rsquo;Enna &amp;#8211; logo\" data-image-description=\"\" data-image-caption=\"\" data-large-file=\"https:\/\/i0.wp.com\/www.jojoenherbe.com\/wp-content\/uploads\/2024\/12\/Challenge-Petit-Bac-2025-dEnna-logo.jpg?fit=285%2C217&amp;ssl=1\" class=\"wp-image-37823\" src=\"https:\/\/i0.wp.com\/www.jojoenherbe.com\/wp-content\/uploads\/2024\/12\/Challenge-Petit-Bac-2025-dEnna-logo.jpg?resize=96%2C73\" alt=\"\" width=\"96\" height=\"73\" \/><p id=\"caption-attachment-37823\" class=\"wp-caption-text\">Challenge Petit Bac d\u2019<em><a href=\"https:\/\/ennalit.wordpress.com\/2024\/12\/01\/challenge-petit-bac-2025-qui-veut-jouer\/\">Enna<\/a><\/em> #5 Cat\u00e9gorie Animal: \u00ab Corbeau \u00bb<\/p><\/div>\n<div id=\"attachment_41089\" style=\"width: 104px\" class=\"wp-caption alignleft\"><img data-recalc-dims=\"1\" loading=\"lazy\" decoding=\"async\" aria-describedby=\"caption-attachment-41089\" data-attachment-id=\"41089\" data-permalink=\"https:\/\/www.jojoenherbe.com\/index.php\/2025\/10\/29\/au-fil-des-pages-avec-le-tome-1-de-poltron-minet\/challenge-litterature-jeunesse-2025-2026-logo-1\/\" data-orig-file=\"https:\/\/i0.wp.com\/www.jojoenherbe.com\/wp-content\/uploads\/2025\/10\/Challenge-Litterature-jeunesse-2025-2026-logo-1.jpg?fit=600%2C495&amp;ssl=1\" data-orig-size=\"600,495\" data-comments-opened=\"1\" data-image-meta=\"{&quot;aperture&quot;:&quot;0&quot;,&quot;credit&quot;:&quot;&quot;,&quot;camera&quot;:&quot;&quot;,&quot;caption&quot;:&quot;&quot;,&quot;created_timestamp&quot;:&quot;0&quot;,&quot;copyright&quot;:&quot;&quot;,&quot;focal_length&quot;:&quot;0&quot;,&quot;iso&quot;:&quot;0&quot;,&quot;shutter_speed&quot;:&quot;0&quot;,&quot;title&quot;:&quot;&quot;,&quot;orientation&quot;:&quot;0&quot;}\" data-image-title=\"Challenge Litt\u00e9rature jeunesse 2025-2026 &amp;#8211; logo 1\" data-image-description=\"\" data-image-caption=\"\" data-large-file=\"https:\/\/i0.wp.com\/www.jojoenherbe.com\/wp-content\/uploads\/2025\/10\/Challenge-Litterature-jeunesse-2025-2026-logo-1.jpg?fit=600%2C495&amp;ssl=1\" class=\"wp-image-41089\" src=\"https:\/\/i0.wp.com\/www.jojoenherbe.com\/wp-content\/uploads\/2025\/10\/Challenge-Litterature-jeunesse-2025-2026-logo-1.jpg?resize=94%2C77\" alt=\"\" width=\"94\" height=\"77\" srcset=\"https:\/\/i0.wp.com\/www.jojoenherbe.com\/wp-content\/uploads\/2025\/10\/Challenge-Litterature-jeunesse-2025-2026-logo-1.jpg?w=600&amp;ssl=1 600w, https:\/\/i0.wp.com\/www.jojoenherbe.com\/wp-content\/uploads\/2025\/10\/Challenge-Litterature-jeunesse-2025-2026-logo-1.jpg?resize=300%2C248&amp;ssl=1 300w\" sizes=\"auto, (max-width: 94px) 100vw, 94px\" \/><p id=\"caption-attachment-41089\" class=\"wp-caption-text\">Participation #5 Challenge Litt\u00e9rature jeunesse 2025-2026 de <a href=\"https:\/\/pativore.wordpress.com\/2025\/09\/23\/challenge-litterature-jeunesse-2025-2026\/\">Pativore<\/a> #Album jeunesse<\/p><\/div>\n<div id=\"attachment_39019\" style=\"width: 124px\" class=\"wp-caption alignleft\"><img data-recalc-dims=\"1\" loading=\"lazy\" decoding=\"async\" aria-describedby=\"caption-attachment-39019\" data-attachment-id=\"39019\" data-permalink=\"https:\/\/www.jojoenherbe.com\/index.php\/2025\/04\/18\/au-fil-des-pages-avec-le-tour-du-monde-en-80-jours\/2025-sera-classique-aussi-logo\/\" data-orig-file=\"https:\/\/i0.wp.com\/www.jojoenherbe.com\/wp-content\/uploads\/2025\/04\/2025-sera-classique-aussi-logo.png?fit=768%2C430&amp;ssl=1\" data-orig-size=\"768,430\" data-comments-opened=\"1\" data-image-meta=\"{&quot;aperture&quot;:&quot;0&quot;,&quot;credit&quot;:&quot;&quot;,&quot;camera&quot;:&quot;&quot;,&quot;caption&quot;:&quot;&quot;,&quot;created_timestamp&quot;:&quot;0&quot;,&quot;copyright&quot;:&quot;&quot;,&quot;focal_length&quot;:&quot;0&quot;,&quot;iso&quot;:&quot;0&quot;,&quot;shutter_speed&quot;:&quot;0&quot;,&quot;title&quot;:&quot;&quot;,&quot;orientation&quot;:&quot;0&quot;}\" data-image-title=\"2025 sera classique aussi &amp;#8211; logo\" data-image-description=\"\" data-image-caption=\"\" data-large-file=\"https:\/\/i0.wp.com\/www.jojoenherbe.com\/wp-content\/uploads\/2025\/04\/2025-sera-classique-aussi-logo.png?fit=676%2C378&amp;ssl=1\" class=\"wp-image-39019\" src=\"https:\/\/i0.wp.com\/www.jojoenherbe.com\/wp-content\/uploads\/2025\/04\/2025-sera-classique-aussi-logo.png?resize=114%2C64\" alt=\"\" width=\"114\" height=\"64\" srcset=\"https:\/\/i0.wp.com\/www.jojoenherbe.com\/wp-content\/uploads\/2025\/04\/2025-sera-classique-aussi-logo.png?w=768&amp;ssl=1 768w, https:\/\/i0.wp.com\/www.jojoenherbe.com\/wp-content\/uploads\/2025\/04\/2025-sera-classique-aussi-logo.png?resize=300%2C168&amp;ssl=1 300w, https:\/\/i0.wp.com\/www.jojoenherbe.com\/wp-content\/uploads\/2025\/04\/2025-sera-classique-aussi-logo.png?resize=676%2C378&amp;ssl=1 676w\" sizes=\"auto, (max-width: 114px) 100vw, 114px\" \/><p id=\"caption-attachment-39019\" class=\"wp-caption-text\">Clin d\u2019\u0153il au Challenge 2025 sera classique aussi! de <a href=\"https:\/\/delivrer-des-livres.fr\/2025-sera-classique-aussi\/\">Nathalie<\/a> #Edgar Allan Poe<\/p><\/div>\n<div id=\"attachment_38013\" style=\"width: 122px\" class=\"wp-caption alignleft\"><img data-recalc-dims=\"1\" loading=\"lazy\" decoding=\"async\" aria-describedby=\"caption-attachment-38013\" data-attachment-id=\"38013\" data-permalink=\"https:\/\/www.jojoenherbe.com\/index.php\/2025\/01\/10\/mes-challenges-livresques-2025\/challenge-des-livres-et-des-ecrans-en-cuisine-2025-logo-2\/\" data-orig-file=\"https:\/\/i0.wp.com\/www.jojoenherbe.com\/wp-content\/uploads\/2025\/01\/Challenge-Des-livres-et-des-ecrans-en-cuisine-2025-logo-2.png?fit=300%2C169&amp;ssl=1\" data-orig-size=\"300,169\" data-comments-opened=\"1\" data-image-meta=\"{&quot;aperture&quot;:&quot;0&quot;,&quot;credit&quot;:&quot;&quot;,&quot;camera&quot;:&quot;&quot;,&quot;caption&quot;:&quot;&quot;,&quot;created_timestamp&quot;:&quot;0&quot;,&quot;copyright&quot;:&quot;&quot;,&quot;focal_length&quot;:&quot;0&quot;,&quot;iso&quot;:&quot;0&quot;,&quot;shutter_speed&quot;:&quot;0&quot;,&quot;title&quot;:&quot;&quot;,&quot;orientation&quot;:&quot;0&quot;}\" data-image-title=\"Challenge Des livres (et des \u00e9crans) en cuisine 2025 &amp;#8211; logo 2\" data-image-description=\"\" data-image-caption=\"\" data-large-file=\"https:\/\/i0.wp.com\/www.jojoenherbe.com\/wp-content\/uploads\/2025\/01\/Challenge-Des-livres-et-des-ecrans-en-cuisine-2025-logo-2.png?fit=300%2C169&amp;ssl=1\" class=\"wp-image-38013\" src=\"https:\/\/i0.wp.com\/www.jojoenherbe.com\/wp-content\/uploads\/2025\/01\/Challenge-Des-livres-et-des-ecrans-en-cuisine-2025-logo-2.png?resize=112%2C63\" alt=\"\" width=\"112\" height=\"63\" \/><p id=\"caption-attachment-38013\" class=\"wp-caption-text\">Participation #18 Challenge Des livres (et des \u00e9crans) en cuisine 2025 de <a href=\"https:\/\/mapetitemediatheque.fr\/2025\/01\/des-livres-et-des-ecrans-en-cuisine-2025\/\">Bidib<\/a> et <a href=\"http:\/\/croquerlespages.canalblog.com\/2025\/01\/livres-et-ecrans.html\">Fondant<\/a> #Go\u00fbter<\/p><\/div>\n","protected":false},"excerpt":{"rendered":"<p>Nous avons lu, avec mon mini sorcier, Edgar et la mal\u00e9diction du corbeau de S\u00e9verine Gauthier et Cl\u00e9ment Lef\u00e8vre (\u00e9d. Little Urban, septembre 2025, 48 pages), un album jeunesse \u00e0 partir de 4 ans. Edgar, un jeune gar\u00e7on vit dans un manoir hant\u00e9, s&rsquo;\u00e9tant li\u00e9 d&rsquo;amiti\u00e9 avec les fant\u00f4mes et esprits hantant les lieux, Elizabeth, [&hellip;]<\/p>\n","protected":false},"author":1,"featured_media":41101,"comment_status":"open","ping_status":"open","sticky":false,"template":"","format":"standard","meta":{"jetpack_post_was_ever_published":false,"_jetpack_newsletter_access":"","_jetpack_dont_email_post_to_subs":false,"_jetpack_newsletter_tier_id":0,"_jetpack_memberships_contains_paywalled_content":false,"_jetpack_memberships_contains_paid_content":false,"footnotes":""},"categories":[363],"tags":[4438,1031,4378,386,1562,4699,4743,4423,2830,970,1104,901,4744,4746,868,843,341,703,367,1797,739,830,872,555,1603,388],"class_list":["post-41069","post","type-post","status-publish","format-standard","has-post-thumbnail","hentry","category-mini-lecteur","tag-2025-sera-classique-aussi","tag-4-7-ans","tag-album-jeunesse","tag-amitie","tag-angoisse","tag-challenge-halloween-2025","tag-challenge-litterature-jeunesse-2025","tag-challenge-petit-bac-2025","tag-clement-lefevre","tag-confiance-en-soi","tag-corbeau","tag-courage","tag-echec","tag-edgar-allan-poe","tag-enfance","tag-fantastique","tag-fantome","tag-garcon","tag-lecture-jeunesse","tag-lectures-dhalloween","tag-liberte","tag-maison-hantee","tag-manoir-hante","tag-peur","tag-severine-gauthier","tag-solidarite","post-preview"],"jetpack_featured_media_url":"https:\/\/i0.wp.com\/www.jojoenherbe.com\/wp-content\/uploads\/2025\/10\/Edgar-et-la-malediction-du-corbeau-scaled.jpg?fit=2560%2C1855&ssl=1","jetpack_sharing_enabled":true,"jetpack_shortlink":"https:\/\/wp.me\/p9zhGx-aGp","jetpack_likes_enabled":true,"jetpack-related-posts":[{"id":40712,"url":"https:\/\/www.jojoenherbe.com\/index.php\/2025\/09\/24\/billet-de-suivi-challenge-halloween-2025\/","url_meta":{"origin":41069,"position":0},"title":"Billet de suivi: Challenge Halloween 2025","author":"Jojo","date":"24 septembre 2025","format":false,"excerpt":"Et voici d\u00e9j\u00e0 l'automne qui est arriv\u00e9 et avec lui, depuis lundi 22 septembre 2025, la nouvelle \u00e9dition du Challenge Halloween coorganis\u00e9 par Hilde et Lou. J'y participe cette ann\u00e9e encore, les portes du Manoir \u00e9tant d\u00e9sormais ouvertes pour notre plus grand plaisir. Le programme est majoritairement libre avec quelques\u2026","rel":"","context":"Dans &quot;Mini blogueur&quot;","block_context":{"text":"Mini blogueur","link":"https:\/\/www.jojoenherbe.com\/index.php\/category\/mini-blogueur\/"},"img":{"alt_text":"","src":"https:\/\/i0.wp.com\/www.jojoenherbe.com\/wp-content\/uploads\/2025\/09\/Le-Challenge-Halloween-logo-2025.jpg?fit=768%2C768&ssl=1&resize=350%2C200","width":350,"height":200,"srcset":"https:\/\/i0.wp.com\/www.jojoenherbe.com\/wp-content\/uploads\/2025\/09\/Le-Challenge-Halloween-logo-2025.jpg?fit=768%2C768&ssl=1&resize=350%2C200 1x, https:\/\/i0.wp.com\/www.jojoenherbe.com\/wp-content\/uploads\/2025\/09\/Le-Challenge-Halloween-logo-2025.jpg?fit=768%2C768&ssl=1&resize=525%2C300 1.5x, https:\/\/i0.wp.com\/www.jojoenherbe.com\/wp-content\/uploads\/2025\/09\/Le-Challenge-Halloween-logo-2025.jpg?fit=768%2C768&ssl=1&resize=700%2C400 2x"},"classes":[]},{"id":15124,"url":"https:\/\/www.jojoenherbe.com\/index.php\/2021\/01\/15\/au-fil-des-pages-avec-la-malediction-de-lanneau-dor\/","url_meta":{"origin":41069,"position":1},"title":"Au fil des pages avec La mal\u00e9diction de l&rsquo;anneau d&rsquo;or","author":"Jojo","date":"15 janvier 2021","format":false,"excerpt":"Apr\u00e8s avoir lu Anya et Tigre blanc, je lis La mal\u00e9diction de l'anneau d'or de Fred Bernard et Fran\u00e7ois Roca (\u00e9d. Albin Michel Jeunesse, 2017), un album jeunesse tr\u00e8s grand format \u00e0 partir de 8 ans et pr\u00e9quel du premier. L'histoire revient sur la vie de la sorci\u00e8re maudite, Corn\u00e9lia\u2026","rel":"","context":"Dans &quot;Mini lecteur&quot;","block_context":{"text":"Mini lecteur","link":"https:\/\/www.jojoenherbe.com\/index.php\/category\/mini-lecteur\/"},"img":{"alt_text":"","src":"https:\/\/i0.wp.com\/www.jojoenherbe.com\/wp-content\/uploads\/2021\/01\/La-malediction-de-lanneau-dor-scaled.jpg?fit=1160%2C1200&ssl=1&resize=350%2C200","width":350,"height":200,"srcset":"https:\/\/i0.wp.com\/www.jojoenherbe.com\/wp-content\/uploads\/2021\/01\/La-malediction-de-lanneau-dor-scaled.jpg?fit=1160%2C1200&ssl=1&resize=350%2C200 1x, https:\/\/i0.wp.com\/www.jojoenherbe.com\/wp-content\/uploads\/2021\/01\/La-malediction-de-lanneau-dor-scaled.jpg?fit=1160%2C1200&ssl=1&resize=525%2C300 1.5x, https:\/\/i0.wp.com\/www.jojoenherbe.com\/wp-content\/uploads\/2021\/01\/La-malediction-de-lanneau-dor-scaled.jpg?fit=1160%2C1200&ssl=1&resize=700%2C400 2x, https:\/\/i0.wp.com\/www.jojoenherbe.com\/wp-content\/uploads\/2021\/01\/La-malediction-de-lanneau-dor-scaled.jpg?fit=1160%2C1200&ssl=1&resize=1050%2C600 3x"},"classes":[]},{"id":38810,"url":"https:\/\/www.jojoenherbe.com\/index.php\/2025\/03\/31\/billet-de-suivi-challenge-petit-bac-2025\/","url_meta":{"origin":41069,"position":2},"title":"Billet de suivi: Challenge Petit Bac 2025","author":"Jojo","date":"31 mars 2025","format":false,"excerpt":"Je participe pour la septi\u00e8me ann\u00e9e cons\u00e9cutive au Challenge Petit Bac d\u2019Enna, les cinq premi\u00e8res cat\u00e9gories restant identiques aux ann\u00e9es pr\u00e9c\u00e9dentes. Je vais actualiser ce billet au fur-et-\u00e0 mesure des lignes valid\u00e9es et faire un point sur mes participations au challenge. Pour le moment, j\u2019ai termin\u00e9 mes 4 premi\u00e8res lignes\u2026","rel":"","context":"Dans &quot;Mini challenger&quot;","block_context":{"text":"Mini challenger","link":"https:\/\/www.jojoenherbe.com\/index.php\/category\/mini-challenger\/"},"img":{"alt_text":"","src":"https:\/\/i0.wp.com\/www.jojoenherbe.com\/wp-content\/uploads\/2024\/12\/Challenge-Petit-Bac-2025-dEnna-logo.jpg?fit=285%2C217&ssl=1&resize=350%2C200","width":350,"height":200},"classes":[]},{"id":7843,"url":"https:\/\/www.jojoenherbe.com\/index.php\/2019\/10\/06\/au-fil-des-pages-avec-coeur-de-pierre\/","url_meta":{"origin":41069,"position":3},"title":"Au fil des pages avec C\u0153ur de pierre","author":"Jojo","date":"6 octobre 2019","format":false,"excerpt":"Dans le cadre du Halloween Challenge 2019 organis\u00e9 par Hilde et Lou en duo avec Bidib de Ma Petite M\u00e9diath\u00e8que les 17 et 27 octobre 2019 pour le Challenge Contes et L\u00e9gendes au pays d'Halloween 2019, je lis C\u0153ur de pierre de S\u00e9verine Gauthier et J\u00e9r\u00e9mie Almanza (\u00e9d. Delcourt, 2013),\u2026","rel":"","context":"Dans &quot;Mini lecteur&quot;","block_context":{"text":"Mini lecteur","link":"https:\/\/www.jojoenherbe.com\/index.php\/category\/mini-lecteur\/"},"img":{"alt_text":"","src":"https:\/\/i0.wp.com\/www.jojoenherbe.com\/wp-content\/uploads\/2019\/10\/Coeur-de-pierre-1-scaled.jpg?fit=1200%2C900&ssl=1&resize=350%2C200","width":350,"height":200,"srcset":"https:\/\/i0.wp.com\/www.jojoenherbe.com\/wp-content\/uploads\/2019\/10\/Coeur-de-pierre-1-scaled.jpg?fit=1200%2C900&ssl=1&resize=350%2C200 1x, https:\/\/i0.wp.com\/www.jojoenherbe.com\/wp-content\/uploads\/2019\/10\/Coeur-de-pierre-1-scaled.jpg?fit=1200%2C900&ssl=1&resize=525%2C300 1.5x, https:\/\/i0.wp.com\/www.jojoenherbe.com\/wp-content\/uploads\/2019\/10\/Coeur-de-pierre-1-scaled.jpg?fit=1200%2C900&ssl=1&resize=700%2C400 2x, https:\/\/i0.wp.com\/www.jojoenherbe.com\/wp-content\/uploads\/2019\/10\/Coeur-de-pierre-1-scaled.jpg?fit=1200%2C900&ssl=1&resize=1050%2C600 3x"},"classes":[]},{"id":13089,"url":"https:\/\/www.jojoenherbe.com\/index.php\/2020\/10\/20\/notre-selection-fantomes-pour-le-challenge-halloween\/","url_meta":{"origin":41069,"position":4},"title":"Notre s\u00e9lection \u00ab\u00a0Fant\u00f4mes\u00a0\u00bb pour le Challenge Halloween","author":"Jojo","date":"20 octobre 2020","format":false,"excerpt":"Pour le Challenge Halloween 2020, je continue mes s\u00e9lections suivant les cr\u00e9atures halloweenesques que nous pouvons croiser. Apr\u00e8s les sorci\u00e8res et les ogres, voici notre s\u00e9lection \"Fant\u00f4mes\". Des albums jeunesse: Oscar le fant\u00f4me d'Andr\u00e9 Bouchard (\u00e9d. Saltimbanque, 2018), un album jeunesse \u00e0 partir de 3 ans selon l'\u00e9diteur mais, selon\u2026","rel":"","context":"Dans &quot;Mini challenger&quot;","block_context":{"text":"Mini challenger","link":"https:\/\/www.jojoenherbe.com\/index.php\/category\/mini-challenger\/"},"img":{"alt_text":"","src":"https:\/\/i0.wp.com\/www.jojoenherbe.com\/wp-content\/uploads\/2020\/10\/Selection-Fantomes-scaled.jpg?fit=1200%2C900&ssl=1&resize=350%2C200","width":350,"height":200,"srcset":"https:\/\/i0.wp.com\/www.jojoenherbe.com\/wp-content\/uploads\/2020\/10\/Selection-Fantomes-scaled.jpg?fit=1200%2C900&ssl=1&resize=350%2C200 1x, https:\/\/i0.wp.com\/www.jojoenherbe.com\/wp-content\/uploads\/2020\/10\/Selection-Fantomes-scaled.jpg?fit=1200%2C900&ssl=1&resize=525%2C300 1.5x, https:\/\/i0.wp.com\/www.jojoenherbe.com\/wp-content\/uploads\/2020\/10\/Selection-Fantomes-scaled.jpg?fit=1200%2C900&ssl=1&resize=700%2C400 2x, https:\/\/i0.wp.com\/www.jojoenherbe.com\/wp-content\/uploads\/2020\/10\/Selection-Fantomes-scaled.jpg?fit=1200%2C900&ssl=1&resize=1050%2C600 3x"},"classes":[]},{"id":21928,"url":"https:\/\/www.jojoenherbe.com\/index.php\/2021\/10\/27\/au-fil-des-pages-avec-chaque-jour-dracula\/","url_meta":{"origin":41069,"position":5},"title":"Au fil des pages avec Chaque jour Dracula","author":"Jojo","date":"27 octobre 2021","format":false,"excerpt":"Je lis Chaque jour Dracula de Lo\u00efc Cl\u00e9ment et Cl\u00e9ment Lef\u00e8vre (\u00e9d. Delcourt Jeunesse, 2018), une BD jeunesse \u00e0 partir de 9 ans avec un jeune Dracula victime de harc\u00e8lement scolaire avant de devenir le c\u00e9l\u00e8bre vampire sanguinaire. Chaque jour, \u00e0 l'\u00e9cole, Dracula subit les brimades et moqueries de certains\u2026","rel":"","context":"Dans &quot;Mini lecteur&quot;","block_context":{"text":"Mini lecteur","link":"https:\/\/www.jojoenherbe.com\/index.php\/category\/mini-lecteur\/"},"img":{"alt_text":"","src":"https:\/\/i0.wp.com\/www.jojoenherbe.com\/wp-content\/uploads\/2021\/10\/Chaque-jour-Dracula-scaled.jpg?fit=1200%2C1057&ssl=1&resize=350%2C200","width":350,"height":200,"srcset":"https:\/\/i0.wp.com\/www.jojoenherbe.com\/wp-content\/uploads\/2021\/10\/Chaque-jour-Dracula-scaled.jpg?fit=1200%2C1057&ssl=1&resize=350%2C200 1x, https:\/\/i0.wp.com\/www.jojoenherbe.com\/wp-content\/uploads\/2021\/10\/Chaque-jour-Dracula-scaled.jpg?fit=1200%2C1057&ssl=1&resize=525%2C300 1.5x, https:\/\/i0.wp.com\/www.jojoenherbe.com\/wp-content\/uploads\/2021\/10\/Chaque-jour-Dracula-scaled.jpg?fit=1200%2C1057&ssl=1&resize=700%2C400 2x, https:\/\/i0.wp.com\/www.jojoenherbe.com\/wp-content\/uploads\/2021\/10\/Chaque-jour-Dracula-scaled.jpg?fit=1200%2C1057&ssl=1&resize=1050%2C600 3x"},"classes":[]}],"_links":{"self":[{"href":"https:\/\/www.jojoenherbe.com\/index.php\/wp-json\/wp\/v2\/posts\/41069","targetHints":{"allow":["GET"]}}],"collection":[{"href":"https:\/\/www.jojoenherbe.com\/index.php\/wp-json\/wp\/v2\/posts"}],"about":[{"href":"https:\/\/www.jojoenherbe.com\/index.php\/wp-json\/wp\/v2\/types\/post"}],"author":[{"embeddable":true,"href":"https:\/\/www.jojoenherbe.com\/index.php\/wp-json\/wp\/v2\/users\/1"}],"replies":[{"embeddable":true,"href":"https:\/\/www.jojoenherbe.com\/index.php\/wp-json\/wp\/v2\/comments?post=41069"}],"version-history":[{"count":16,"href":"https:\/\/www.jojoenherbe.com\/index.php\/wp-json\/wp\/v2\/posts\/41069\/revisions"}],"predecessor-version":[{"id":41534,"href":"https:\/\/www.jojoenherbe.com\/index.php\/wp-json\/wp\/v2\/posts\/41069\/revisions\/41534"}],"wp:featuredmedia":[{"embeddable":true,"href":"https:\/\/www.jojoenherbe.com\/index.php\/wp-json\/wp\/v2\/media\/41101"}],"wp:attachment":[{"href":"https:\/\/www.jojoenherbe.com\/index.php\/wp-json\/wp\/v2\/media?parent=41069"}],"wp:term":[{"taxonomy":"category","embeddable":true,"href":"https:\/\/www.jojoenherbe.com\/index.php\/wp-json\/wp\/v2\/categories?post=41069"},{"taxonomy":"post_tag","embeddable":true,"href":"https:\/\/www.jojoenherbe.com\/index.php\/wp-json\/wp\/v2\/tags?post=41069"}],"curies":[{"name":"wp","href":"https:\/\/api.w.org\/{rel}","templated":true}]}}