{"id":41013,"date":"2025-10-23T10:30:05","date_gmt":"2025-10-23T08:30:05","guid":{"rendered":"https:\/\/www.jojoenherbe.com\/?p=41013"},"modified":"2025-10-25T10:40:41","modified_gmt":"2025-10-25T08:40:41","slug":"throwback-thursday-livresque-squelette-sur-la-couverture","status":"publish","type":"post","link":"https:\/\/www.jojoenherbe.com\/index.php\/2025\/10\/23\/throwback-thursday-livresque-squelette-sur-la-couverture\/","title":{"rendered":"Throwback Thursday Livresque: Squelette sur la couverture"},"content":{"rendered":"<div id=\"attachment_32593\" style=\"width: 196px\" class=\"wp-caption alignleft\"><img data-recalc-dims=\"1\" loading=\"lazy\" decoding=\"async\" aria-describedby=\"caption-attachment-32593\" data-attachment-id=\"32593\" data-permalink=\"https:\/\/www.jojoenherbe.com\/index.php\/2023\/10\/12\/throwback-thursday-livresque-voyage-dans-le-temps\/ttl-logo\/\" data-orig-file=\"https:\/\/i0.wp.com\/www.jojoenherbe.com\/wp-content\/uploads\/2023\/10\/TTL-logo.jpg?fit=540%2C174&amp;ssl=1\" data-orig-size=\"540,174\" data-comments-opened=\"1\" data-image-meta=\"{&quot;aperture&quot;:&quot;0&quot;,&quot;credit&quot;:&quot;&quot;,&quot;camera&quot;:&quot;&quot;,&quot;caption&quot;:&quot;&quot;,&quot;created_timestamp&quot;:&quot;0&quot;,&quot;copyright&quot;:&quot;&quot;,&quot;focal_length&quot;:&quot;0&quot;,&quot;iso&quot;:&quot;0&quot;,&quot;shutter_speed&quot;:&quot;0&quot;,&quot;title&quot;:&quot;&quot;,&quot;orientation&quot;:&quot;0&quot;}\" data-image-title=\"TTL logo\" data-image-description=\"\" data-image-caption=\"\" data-large-file=\"https:\/\/i0.wp.com\/www.jojoenherbe.com\/wp-content\/uploads\/2023\/10\/TTL-logo.jpg?fit=540%2C174&amp;ssl=1\" class=\"wp-image-32593\" src=\"https:\/\/i0.wp.com\/www.jojoenherbe.com\/wp-content\/uploads\/2023\/10\/TTL-logo.jpg?resize=186%2C60\" alt=\"\" width=\"186\" height=\"60\" srcset=\"https:\/\/i0.wp.com\/www.jojoenherbe.com\/wp-content\/uploads\/2023\/10\/TTL-logo.jpg?w=540&amp;ssl=1 540w, https:\/\/i0.wp.com\/www.jojoenherbe.com\/wp-content\/uploads\/2023\/10\/TTL-logo.jpg?resize=300%2C97&amp;ssl=1 300w\" sizes=\"auto, (max-width: 186px) 100vw, 186px\" \/><p id=\"caption-attachment-32593\" class=\"wp-caption-text\">TTL n\u00b0336 chez <a href=\"https:\/\/my-bo0ks.over-blog.com\/2025\/10\/throwback-thursday-livresque-n-338.html\">Carole<\/a> #Squelette sur la couverture<\/p><\/div>\n<p style=\"text-align: justify;\"><em>Ce jeudi 23 octobre 2025, je participe au Throwback Thursday Livresque, un rendez-vous livresque initialement chez Bettie Rose Books et repris depuis par Carole, les liens \u00e9tant \u00e0 d\u00e9poser chez <a href=\"https:\/\/my-bo0ks.over-blog.com\/\">My-Bo0ks<\/a>. Le principe est de partager chaque jeudi un livre en fonction d\u2019un th\u00e8me donn\u00e9. Cette semaine, le th\u00e8me est \u00ab <\/em><em>Squelette sur la couverture <\/em><em>\u00bb.<\/em><\/p>\n<p style=\"text-align: justify;\"><em>Pour illustrer ce th\u00e8me, j&rsquo;ai pioch\u00e9 dans des anciennes lectures jeunesse:<\/em><\/p>\n<ul>\n<li style=\"text-align: justify;\"><em><span style=\"text-decoration: underline;\"><a href=\"https:\/\/i0.wp.com\/www.jojoenherbe.com\/wp-content\/uploads\/2019\/10\/Le-sortil%C3%A8ge-des-enfants-squelettes.jpg\"><img data-recalc-dims=\"1\" loading=\"lazy\" decoding=\"async\" data-attachment-id=\"8247\" data-permalink=\"https:\/\/www.jojoenherbe.com\/index.php\/2019\/10\/28\/au-fil-des-pages-avec-le-sortilege-des-enfants-squelettes\/le-sortilege-des-enfants-squelettes\/\" data-orig-file=\"https:\/\/i0.wp.com\/www.jojoenherbe.com\/wp-content\/uploads\/2019\/10\/Le-sortil%C3%A8ge-des-enfants-squelettes.jpg?fit=2448%2C2552&amp;ssl=1\" data-orig-size=\"2448,2552\" data-comments-opened=\"1\" data-image-meta=\"{&quot;aperture&quot;:&quot;2.4&quot;,&quot;credit&quot;:&quot;&quot;,&quot;camera&quot;:&quot;iPhone 4S&quot;,&quot;caption&quot;:&quot;&quot;,&quot;created_timestamp&quot;:&quot;1572278235&quot;,&quot;copyright&quot;:&quot;&quot;,&quot;focal_length&quot;:&quot;4.28&quot;,&quot;iso&quot;:&quot;500&quot;,&quot;shutter_speed&quot;:&quot;0.066666666666667&quot;,&quot;title&quot;:&quot;&quot;,&quot;orientation&quot;:&quot;1&quot;}\" data-image-title=\"Le sortil\u00e8ge des enfants squelettes\" data-image-description=\"\" data-image-caption=\"\" data-large-file=\"https:\/\/i0.wp.com\/www.jojoenherbe.com\/wp-content\/uploads\/2019\/10\/Le-sortil%C3%A8ge-des-enfants-squelettes.jpg?fit=676%2C705&amp;ssl=1\" class=\"size-thumbnail wp-image-8247 alignright\" src=\"https:\/\/i0.wp.com\/www.jojoenherbe.com\/wp-content\/uploads\/2019\/10\/Le-sortil%C3%A8ge-des-enfants-squelettes.jpg?resize=150%2C150\" alt=\"\" width=\"150\" height=\"150\" srcset=\"https:\/\/i0.wp.com\/www.jojoenherbe.com\/wp-content\/uploads\/2019\/10\/Le-sortil%C3%A8ge-des-enfants-squelettes.jpg?resize=150%2C150&amp;ssl=1 150w, https:\/\/i0.wp.com\/www.jojoenherbe.com\/wp-content\/uploads\/2019\/10\/Le-sortil%C3%A8ge-des-enfants-squelettes.jpg?zoom=2&amp;resize=150%2C150 300w, https:\/\/i0.wp.com\/www.jojoenherbe.com\/wp-content\/uploads\/2019\/10\/Le-sortil%C3%A8ge-des-enfants-squelettes.jpg?zoom=3&amp;resize=150%2C150 450w\" sizes=\"auto, (max-width: 150px) 100vw, 150px\" \/><\/a><span style=\"color: #0000ff; text-decoration: underline;\">Le sortil\u00e8ge des enfants squelettes<\/span><\/span> de S\u00e9bastiaan Van Doninck (\u00e9d. Alice Jeunesse, 2018), un <a href=\"https:\/\/www.jojoenherbe.com\/index.php\/2019\/10\/28\/au-fil-des-pages-avec-le-sortilege-des-enfants-squelettes\/\">album jeunesse<\/a> \u00e0 partir de 6 ans et sous-titr\u00e9 \u00ab Une histoire un peu effrayante \u00bb<\/em><\/li>\n<li style=\"text-align: justify;\"><em><a href=\"https:\/\/i0.wp.com\/www.jojoenherbe.com\/wp-content\/uploads\/2022\/10\/Oscar-et-Carrosse-T1-7-scaled.jpg\"><img data-recalc-dims=\"1\" loading=\"lazy\" decoding=\"async\" data-attachment-id=\"28828\" data-permalink=\"https:\/\/www.jojoenherbe.com\/index.php\/2022\/10\/08\/au-fil-des-pages-avec-le-tome-1-doscar-et-carrosse\/oscar-et-carrosse-t1-7\/\" data-orig-file=\"https:\/\/i0.wp.com\/www.jojoenherbe.com\/wp-content\/uploads\/2022\/10\/Oscar-et-Carrosse-T1-7-scaled.jpg?fit=2560%2C1920&amp;ssl=1\" data-orig-size=\"2560,1920\" data-comments-opened=\"1\" data-image-meta=\"{&quot;aperture&quot;:&quot;1.8&quot;,&quot;credit&quot;:&quot;&quot;,&quot;camera&quot;:&quot;iPhone 7&quot;,&quot;caption&quot;:&quot;&quot;,&quot;created_timestamp&quot;:&quot;1670850067&quot;,&quot;copyright&quot;:&quot;&quot;,&quot;focal_length&quot;:&quot;3.99&quot;,&quot;iso&quot;:&quot;64&quot;,&quot;shutter_speed&quot;:&quot;0.058823529411765&quot;,&quot;title&quot;:&quot;&quot;,&quot;orientation&quot;:&quot;1&quot;}\" data-image-title=\"Oscar et Carrosse T1 (7)\" data-image-description=\"\" data-image-caption=\"\" data-large-file=\"https:\/\/i0.wp.com\/www.jojoenherbe.com\/wp-content\/uploads\/2022\/10\/Oscar-et-Carrosse-T1-7-scaled.jpg?fit=676%2C507&amp;ssl=1\" class=\"alignleft size-thumbnail wp-image-28828\" src=\"https:\/\/i0.wp.com\/www.jojoenherbe.com\/wp-content\/uploads\/2022\/10\/Oscar-et-Carrosse-T1-7.jpg?resize=150%2C150\" alt=\"\" width=\"150\" height=\"150\" srcset=\"https:\/\/i0.wp.com\/www.jojoenherbe.com\/wp-content\/uploads\/2022\/10\/Oscar-et-Carrosse-T1-7-scaled.jpg?resize=150%2C150&amp;ssl=1 150w, https:\/\/i0.wp.com\/www.jojoenherbe.com\/wp-content\/uploads\/2022\/10\/Oscar-et-Carrosse-T1-7-scaled.jpg?zoom=2&amp;resize=150%2C150 300w, https:\/\/i0.wp.com\/www.jojoenherbe.com\/wp-content\/uploads\/2022\/10\/Oscar-et-Carrosse-T1-7-scaled.jpg?zoom=3&amp;resize=150%2C150 450w\" sizes=\"auto, (max-width: 150px) 100vw, 150px\" \/><\/a>le <a href=\"https:\/\/www.jojoenherbe.com\/index.php\/2022\/10\/08\/au-fil-des-pages-avec-le-tome-1-doscar-et-carrosse\/\">tome 1<\/a> d\u2019<span style=\"text-decoration: underline; color: #0000ff;\">Oscar et Carrosse, La soupe de p\u00e2tes<\/span> de Ludovic Lecomte et Ir\u00e8ne Bonacina (\u00e9d. L\u2019\u00e9cole des loisirs, coll. Moucheron, 2020, 47 pages), un roman jeunesse \u00e0 partir de 6 ans et une s\u00e9rie livresque qui a bien plu aussi \u00e0 mon mini sorcier.<\/em><\/li>\n<\/ul>\n<p style=\"text-align: justify;\"><em>Et vous, quel livre auriez-vous choisi pour cette th\u00e9matique? La semaine prochaine, le th\u00e8me sera: \u00ab Livre dont (au moins) une sc\u00e8ne se d\u00e9roule \u00e0 Halloween \u00bb.<\/em><\/p>\n","protected":false},"excerpt":{"rendered":"<p>Ce jeudi 23 octobre 2025, je participe au Throwback Thursday Livresque, un rendez-vous livresque initialement chez Bettie Rose Books et repris depuis par Carole, les liens \u00e9tant \u00e0 d\u00e9poser chez My-Bo0ks. Le principe est de partager chaque jeudi un livre en fonction d\u2019un th\u00e8me donn\u00e9. Cette semaine, le th\u00e8me est \u00ab Squelette sur la couverture [&hellip;]<\/p>\n","protected":false},"author":1,"featured_media":32593,"comment_status":"open","ping_status":"open","sticky":false,"template":"","format":"standard","meta":{"jetpack_post_was_ever_published":false,"_jetpack_newsletter_access":"","_jetpack_dont_email_post_to_subs":false,"_jetpack_newsletter_tier_id":0,"_jetpack_memberships_contains_paywalled_content":false,"_jetpack_memberships_contains_paid_content":false,"footnotes":""},"categories":[2140,873,363],"tags":[409,2016,3385,367,1797,3384,789,1751,934,3868],"class_list":["post-41013","post","type-post","status-publish","format-standard","has-post-thumbnail","hentry","category-mini-blogueur","category-mini-challenger","category-mini-lecteur","tag-albums-jeunesse","tag-challenge-livresque","tag-irene-bonacina","tag-lecture-jeunesse","tag-lectures-dhalloween","tag-ludovic-lecomte","tag-romans-jeunesse","tag-sebastiaan-van-doninck","tag-squelette","tag-throwback-thursday-livresque","post-preview"],"jetpack_featured_media_url":"https:\/\/i0.wp.com\/www.jojoenherbe.com\/wp-content\/uploads\/2023\/10\/TTL-logo.jpg?fit=540%2C174&ssl=1","jetpack_sharing_enabled":true,"jetpack_shortlink":"https:\/\/wp.me\/p9zhGx-aFv","jetpack_likes_enabled":true,"jetpack-related-posts":[{"id":40983,"url":"https:\/\/www.jojoenherbe.com\/index.php\/2025\/10\/16\/throwback-thursday-livresque-un-ou-une-mage\/","url_meta":{"origin":41013,"position":0},"title":"Throwback Thursday Livresque: Un ou une mage","author":"Jojo","date":"16 octobre 2025","format":false,"excerpt":"Ce jeudi 16 octobre 2025, je participe au Throwback Thursday Livresque, un rendez-vous livresque initialement chez Bettie Rose Books et repris depuis par Carole, les liens \u00e9tant \u00e0 d\u00e9poser chez My-Bo0ks. Le principe est de partager chaque jeudi un livre en fonction d\u2019un th\u00e8me donn\u00e9. Cette semaine, le th\u00e8me est\u2026","rel":"","context":"Dans &quot;Mini blogueur&quot;","block_context":{"text":"Mini blogueur","link":"https:\/\/www.jojoenherbe.com\/index.php\/category\/mini-blogueur\/"},"img":{"alt_text":"","src":"https:\/\/i0.wp.com\/www.jojoenherbe.com\/wp-content\/uploads\/2023\/10\/TTL-logo.jpg?resize=350%2C200","width":350,"height":200},"classes":[]},{"id":43764,"url":"https:\/\/www.jojoenherbe.com\/index.php\/2026\/04\/16\/throwback-thursday-livresque-de-la-pluie-sur-la-couverture\/","url_meta":{"origin":41013,"position":1},"title":"Throwback Thursday Livresque: De la pluie sur la couverture","author":"Jojo","date":"16 avril 2026","format":false,"excerpt":"Ce jeudi 16 avril 2026, je participe au Throwback Thursday Livresque, un rendez-vous livresque initialement chez Bettie Rose Books et repris depuis par Carole, les liens \u00e9tant \u00e0 d\u00e9poser chez My-Bo0ks. Le principe est de partager chaque jeudi un livre \"ancien\" de notre biblioth\u00e8que en fonction d\u2019un th\u00e8me donn\u00e9. Cette\u2026","rel":"","context":"Dans &quot;Mini blogueur&quot;","block_context":{"text":"Mini blogueur","link":"https:\/\/www.jojoenherbe.com\/index.php\/category\/mini-blogueur\/"},"img":{"alt_text":"","src":"https:\/\/i0.wp.com\/www.jojoenherbe.com\/wp-content\/uploads\/2023\/10\/TTL-logo.jpg?resize=350%2C200","width":350,"height":200},"classes":[]},{"id":36739,"url":"https:\/\/www.jojoenherbe.com\/index.php\/2024\/08\/01\/throwback-thursday-livresque-couverture-avec-du-sable\/","url_meta":{"origin":41013,"position":2},"title":"Throwback Thursday Livresque: Couverture avec du sable","author":"Jojo","date":"1 ao\u00fbt 2024","format":false,"excerpt":"Ce jeudi 1er ao\u00fbt 2024, je participe au Throwback Thursday Livresque, un rendez-vous livresque initialement chez Bettie Rose Books et repris depuis par Carole, les liens \u00e9tant \u00e0 d\u00e9poser chez My-Bo0ks. Le principe est de partager chaque jeudi un livre en fonction d\u2019un th\u00e8me donn\u00e9. Cette semaine, le th\u00e8me est\u2026","rel":"","context":"Dans &quot;Mini challenger&quot;","block_context":{"text":"Mini challenger","link":"https:\/\/www.jojoenherbe.com\/index.php\/category\/mini-challenger\/"},"img":{"alt_text":"","src":"https:\/\/i0.wp.com\/www.jojoenherbe.com\/wp-content\/uploads\/2023\/10\/TTL-logo.jpg?resize=350%2C200","width":350,"height":200},"classes":[]},{"id":42761,"url":"https:\/\/www.jojoenherbe.com\/index.php\/2026\/02\/12\/throwback-thursday-livresque-des-coeurs-sur-la-couverture\/","url_meta":{"origin":41013,"position":3},"title":"Throwback Thursday Livresque: Des c\u0153urs sur la couverture","author":"Jojo","date":"12 f\u00e9vrier 2026","format":false,"excerpt":"Ce jeudi 12 f\u00e9vrier 2026, je participe au Throwback Thursday Livresque, un rendez-vous livresque initialement chez Bettie Rose Books et repris depuis par Carole, les liens \u00e9tant \u00e0 d\u00e9poser chez My-Bo0ks. Le principe est de partager chaque jeudi un livre \"ancien\" de notre biblioth\u00e8que en fonction d\u2019un th\u00e8me donn\u00e9. Cette\u2026","rel":"","context":"Dans &quot;Mini blogueur&quot;","block_context":{"text":"Mini blogueur","link":"https:\/\/www.jojoenherbe.com\/index.php\/category\/mini-blogueur\/"},"img":{"alt_text":"","src":"https:\/\/i0.wp.com\/www.jojoenherbe.com\/wp-content\/uploads\/2023\/10\/TTL-logo.jpg?resize=350%2C200","width":350,"height":200},"classes":[]},{"id":38973,"url":"https:\/\/www.jojoenherbe.com\/index.php\/2025\/04\/10\/throwback-thursday-livresque-couverture-pastel\/","url_meta":{"origin":41013,"position":4},"title":"Throwback Thursday Livresque: Couverture pastel","author":"Jojo","date":"10 avril 2025","format":false,"excerpt":"Ce jeudi 10 avril 2025, je participe au Throwback Thursday Livresque, un rendez-vous livresque initialement chez Bettie Rose Books et repris depuis par Carole, les liens \u00e9tant \u00e0 d\u00e9poser chez My-Bo0ks. Le principe est de partager chaque jeudi un livre en fonction d\u2019un th\u00e8me donn\u00e9. Cette semaine, le th\u00e8me est\u2026","rel":"","context":"Dans &quot;Mini blogueur&quot;","block_context":{"text":"Mini blogueur","link":"https:\/\/www.jojoenherbe.com\/index.php\/category\/mini-blogueur\/"},"img":{"alt_text":"","src":"https:\/\/i0.wp.com\/www.jojoenherbe.com\/wp-content\/uploads\/2023\/10\/TTL-logo.jpg?resize=350%2C200","width":350,"height":200},"classes":[]},{"id":38553,"url":"https:\/\/www.jojoenherbe.com\/index.php\/2025\/03\/06\/throwback-thursday-livresque-un-livre-sur-la-couverture\/","url_meta":{"origin":41013,"position":5},"title":"Throwback Thursday Livresque: Un livre sur la couverture","author":"Jojo","date":"6 mars 2025","format":false,"excerpt":"Ce jeudi 6 mars 2025, je participe au Throwback Thursday Livresque, un rendez-vous livresque initialement chez Bettie Rose Books et repris depuis par Carole, les liens \u00e9tant \u00e0 d\u00e9poser chez My-Bo0ks. Le principe est de partager chaque jeudi un livre en fonction d\u2019un th\u00e8me donn\u00e9. Cette semaine, le th\u00e8me est\u2026","rel":"","context":"Dans &quot;Mini blogueur&quot;","block_context":{"text":"Mini blogueur","link":"https:\/\/www.jojoenherbe.com\/index.php\/category\/mini-blogueur\/"},"img":{"alt_text":"","src":"https:\/\/i0.wp.com\/www.jojoenherbe.com\/wp-content\/uploads\/2023\/10\/TTL-logo.jpg?resize=350%2C200","width":350,"height":200},"classes":[]}],"_links":{"self":[{"href":"https:\/\/www.jojoenherbe.com\/index.php\/wp-json\/wp\/v2\/posts\/41013","targetHints":{"allow":["GET"]}}],"collection":[{"href":"https:\/\/www.jojoenherbe.com\/index.php\/wp-json\/wp\/v2\/posts"}],"about":[{"href":"https:\/\/www.jojoenherbe.com\/index.php\/wp-json\/wp\/v2\/types\/post"}],"author":[{"embeddable":true,"href":"https:\/\/www.jojoenherbe.com\/index.php\/wp-json\/wp\/v2\/users\/1"}],"replies":[{"embeddable":true,"href":"https:\/\/www.jojoenherbe.com\/index.php\/wp-json\/wp\/v2\/comments?post=41013"}],"version-history":[{"count":1,"href":"https:\/\/www.jojoenherbe.com\/index.php\/wp-json\/wp\/v2\/posts\/41013\/revisions"}],"predecessor-version":[{"id":41016,"href":"https:\/\/www.jojoenherbe.com\/index.php\/wp-json\/wp\/v2\/posts\/41013\/revisions\/41016"}],"wp:featuredmedia":[{"embeddable":true,"href":"https:\/\/www.jojoenherbe.com\/index.php\/wp-json\/wp\/v2\/media\/32593"}],"wp:attachment":[{"href":"https:\/\/www.jojoenherbe.com\/index.php\/wp-json\/wp\/v2\/media?parent=41013"}],"wp:term":[{"taxonomy":"category","embeddable":true,"href":"https:\/\/www.jojoenherbe.com\/index.php\/wp-json\/wp\/v2\/categories?post=41013"},{"taxonomy":"post_tag","embeddable":true,"href":"https:\/\/www.jojoenherbe.com\/index.php\/wp-json\/wp\/v2\/tags?post=41013"}],"curies":[{"name":"wp","href":"https:\/\/api.w.org\/{rel}","templated":true}]}}