{"id":39674,"date":"2025-06-11T07:55:23","date_gmt":"2025-06-11T05:55:23","guid":{"rendered":"https:\/\/www.jojoenherbe.com\/?p=39674"},"modified":"2025-06-14T09:13:10","modified_gmt":"2025-06-14T07:13:10","slug":"au-fil-des-pages-avec-the-wendy-project","status":"publish","type":"post","link":"https:\/\/www.jojoenherbe.com\/index.php\/2025\/06\/11\/au-fil-des-pages-avec-the-wendy-project\/","title":{"rendered":"Au fil des pages avec The Wendy Project"},"content":{"rendered":"<p style=\"text-align: justify;\"><em><a href=\"https:\/\/i0.wp.com\/www.jojoenherbe.com\/wp-content\/uploads\/2025\/06\/The-Wendy-Project-2.jpg\"><img data-recalc-dims=\"1\" loading=\"lazy\" decoding=\"async\" data-attachment-id=\"39681\" data-permalink=\"https:\/\/www.jojoenherbe.com\/index.php\/2025\/06\/11\/au-fil-des-pages-avec-the-wendy-project\/screenshot-218\/\" data-orig-file=\"https:\/\/i0.wp.com\/www.jojoenherbe.com\/wp-content\/uploads\/2025\/06\/The-Wendy-Project-2.jpg?fit=749%2C1141&amp;ssl=1\" data-orig-size=\"749,1141\" data-comments-opened=\"1\" data-image-meta=\"{&quot;aperture&quot;:&quot;0&quot;,&quot;credit&quot;:&quot;&quot;,&quot;camera&quot;:&quot;&quot;,&quot;caption&quot;:&quot;Screenshot&quot;,&quot;created_timestamp&quot;:&quot;0&quot;,&quot;copyright&quot;:&quot;&quot;,&quot;focal_length&quot;:&quot;0&quot;,&quot;iso&quot;:&quot;0&quot;,&quot;shutter_speed&quot;:&quot;0&quot;,&quot;title&quot;:&quot;Screenshot&quot;,&quot;orientation&quot;:&quot;1&quot;}\" data-image-title=\"\" data-image-description=\"\" data-image-caption=\"\" data-large-file=\"https:\/\/i0.wp.com\/www.jojoenherbe.com\/wp-content\/uploads\/2025\/06\/The-Wendy-Project-2.jpg?fit=672%2C1024&amp;ssl=1\" class=\"alignleft size-thumbnail wp-image-39681\" src=\"https:\/\/i0.wp.com\/www.jojoenherbe.com\/wp-content\/uploads\/2025\/06\/The-Wendy-Project-2.jpg?resize=150%2C150\" alt=\"\" width=\"150\" height=\"150\" srcset=\"https:\/\/i0.wp.com\/www.jojoenherbe.com\/wp-content\/uploads\/2025\/06\/The-Wendy-Project-2.jpg?resize=150%2C150&amp;ssl=1 150w, https:\/\/i0.wp.com\/www.jojoenherbe.com\/wp-content\/uploads\/2025\/06\/The-Wendy-Project-2.jpg?zoom=2&amp;resize=150%2C150 300w, https:\/\/i0.wp.com\/www.jojoenherbe.com\/wp-content\/uploads\/2025\/06\/The-Wendy-Project-2.jpg?zoom=3&amp;resize=150%2C150 450w\" sizes=\"auto, (max-width: 150px) 100vw, 150px\" \/><\/a> <a href=\"https:\/\/i0.wp.com\/www.jojoenherbe.com\/wp-content\/uploads\/2025\/06\/The-Wendy-Project-3.jpg\"><img data-recalc-dims=\"1\" loading=\"lazy\" decoding=\"async\" data-attachment-id=\"39682\" data-permalink=\"https:\/\/www.jojoenherbe.com\/index.php\/2025\/06\/11\/au-fil-des-pages-avec-the-wendy-project\/screenshot-219\/\" data-orig-file=\"https:\/\/i0.wp.com\/www.jojoenherbe.com\/wp-content\/uploads\/2025\/06\/The-Wendy-Project-3.jpg?fit=750%2C1133&amp;ssl=1\" data-orig-size=\"750,1133\" data-comments-opened=\"1\" data-image-meta=\"{&quot;aperture&quot;:&quot;0&quot;,&quot;credit&quot;:&quot;&quot;,&quot;camera&quot;:&quot;&quot;,&quot;caption&quot;:&quot;Screenshot&quot;,&quot;created_timestamp&quot;:&quot;0&quot;,&quot;copyright&quot;:&quot;&quot;,&quot;focal_length&quot;:&quot;0&quot;,&quot;iso&quot;:&quot;0&quot;,&quot;shutter_speed&quot;:&quot;0&quot;,&quot;title&quot;:&quot;Screenshot&quot;,&quot;orientation&quot;:&quot;1&quot;}\" data-image-title=\"\" data-image-description=\"\" data-image-caption=\"\" data-large-file=\"https:\/\/i0.wp.com\/www.jojoenherbe.com\/wp-content\/uploads\/2025\/06\/The-Wendy-Project-3.jpg?fit=676%2C1021&amp;ssl=1\" class=\"alignleft size-thumbnail wp-image-39682\" src=\"https:\/\/i0.wp.com\/www.jojoenherbe.com\/wp-content\/uploads\/2025\/06\/The-Wendy-Project-3.jpg?resize=150%2C150\" alt=\"\" width=\"150\" height=\"150\" srcset=\"https:\/\/i0.wp.com\/www.jojoenherbe.com\/wp-content\/uploads\/2025\/06\/The-Wendy-Project-3.jpg?resize=150%2C150&amp;ssl=1 150w, https:\/\/i0.wp.com\/www.jojoenherbe.com\/wp-content\/uploads\/2025\/06\/The-Wendy-Project-3.jpg?zoom=2&amp;resize=150%2C150 300w, https:\/\/i0.wp.com\/www.jojoenherbe.com\/wp-content\/uploads\/2025\/06\/The-Wendy-Project-3.jpg?zoom=3&amp;resize=150%2C150 450w\" sizes=\"auto, (max-width: 150px) 100vw, 150px\" \/><\/a>J&rsquo;ai lu, en version num\u00e9rique via ma m\u00e9diath\u00e8que, <span style=\"text-decoration: underline;\">The Wendy Project<\/span> de Melissa Jane Osborne et Veronica Fish (\u00e9d. Ankama, coll. \u00c9tincelle, mai 2019, 96 pages), un roman graphique avec le difficile deuil de Wendy Davies, \u00e2g\u00e9e de 16 ans, apr\u00e8s la mort de son jeune fr\u00e8re Michael dont le corps n&rsquo;a pas \u00e9t\u00e9 retrouv\u00e9, apr\u00e8s un terrible accident de la circulation, \u00e0 travers son journal intime. L&rsquo;adolescente refuse son d\u00e9c\u00e8s au point de croire que son fr\u00e8re vit encore aupr\u00e8s d&rsquo;un gar\u00e7on volant tandis que son autre fr\u00e8re, John est devenu mutique depuis l&rsquo;accident. Ses parents sont inquiets de son \u00e9tat et l&#8217;emm\u00e8ne voir une psychologue. Wendy parviendra-t-elle \u00e0 faire le deuil de son fr\u00e8re? Comment se reconstruire et accepter de vivre apr\u00e8s un tel drame?<\/em><\/p>\n<p style=\"text-align: justify;\"><em><a href=\"https:\/\/i0.wp.com\/www.jojoenherbe.com\/wp-content\/uploads\/2025\/06\/The-Wendy-Project-7.jpg\"><img data-recalc-dims=\"1\" loading=\"lazy\" decoding=\"async\" data-attachment-id=\"39686\" data-permalink=\"https:\/\/www.jojoenherbe.com\/index.php\/2025\/06\/11\/au-fil-des-pages-avec-the-wendy-project\/screenshot-223\/\" data-orig-file=\"https:\/\/i0.wp.com\/www.jojoenherbe.com\/wp-content\/uploads\/2025\/06\/The-Wendy-Project-7.jpg?fit=750%2C891&amp;ssl=1\" data-orig-size=\"750,891\" data-comments-opened=\"1\" data-image-meta=\"{&quot;aperture&quot;:&quot;0&quot;,&quot;credit&quot;:&quot;&quot;,&quot;camera&quot;:&quot;&quot;,&quot;caption&quot;:&quot;Screenshot&quot;,&quot;created_timestamp&quot;:&quot;0&quot;,&quot;copyright&quot;:&quot;&quot;,&quot;focal_length&quot;:&quot;0&quot;,&quot;iso&quot;:&quot;0&quot;,&quot;shutter_speed&quot;:&quot;0&quot;,&quot;title&quot;:&quot;Screenshot&quot;,&quot;orientation&quot;:&quot;1&quot;}\" data-image-title=\"\" data-image-description=\"\" data-image-caption=\"\" data-large-file=\"https:\/\/i0.wp.com\/www.jojoenherbe.com\/wp-content\/uploads\/2025\/06\/The-Wendy-Project-7.jpg?fit=676%2C803&amp;ssl=1\" class=\"size-thumbnail wp-image-39686 alignright\" src=\"https:\/\/i0.wp.com\/www.jojoenherbe.com\/wp-content\/uploads\/2025\/06\/The-Wendy-Project-7.jpg?resize=150%2C150\" alt=\"\" width=\"150\" height=\"150\" srcset=\"https:\/\/i0.wp.com\/www.jojoenherbe.com\/wp-content\/uploads\/2025\/06\/The-Wendy-Project-7.jpg?resize=150%2C150&amp;ssl=1 150w, https:\/\/i0.wp.com\/www.jojoenherbe.com\/wp-content\/uploads\/2025\/06\/The-Wendy-Project-7.jpg?zoom=2&amp;resize=150%2C150 300w, https:\/\/i0.wp.com\/www.jojoenherbe.com\/wp-content\/uploads\/2025\/06\/The-Wendy-Project-7.jpg?zoom=3&amp;resize=150%2C150 450w\" sizes=\"auto, (max-width: 150px) 100vw, 150px\" \/><\/a> <a href=\"https:\/\/i0.wp.com\/www.jojoenherbe.com\/wp-content\/uploads\/2025\/06\/The-Wendy-Project-6.jpg\"><img data-recalc-dims=\"1\" loading=\"lazy\" decoding=\"async\" data-attachment-id=\"39685\" data-permalink=\"https:\/\/www.jojoenherbe.com\/index.php\/2025\/06\/11\/au-fil-des-pages-avec-the-wendy-project\/screenshot-222\/\" data-orig-file=\"https:\/\/i0.wp.com\/www.jojoenherbe.com\/wp-content\/uploads\/2025\/06\/The-Wendy-Project-6.jpg?fit=750%2C1132&amp;ssl=1\" data-orig-size=\"750,1132\" data-comments-opened=\"1\" data-image-meta=\"{&quot;aperture&quot;:&quot;0&quot;,&quot;credit&quot;:&quot;&quot;,&quot;camera&quot;:&quot;&quot;,&quot;caption&quot;:&quot;Screenshot&quot;,&quot;created_timestamp&quot;:&quot;0&quot;,&quot;copyright&quot;:&quot;&quot;,&quot;focal_length&quot;:&quot;0&quot;,&quot;iso&quot;:&quot;0&quot;,&quot;shutter_speed&quot;:&quot;0&quot;,&quot;title&quot;:&quot;Screenshot&quot;,&quot;orientation&quot;:&quot;1&quot;}\" data-image-title=\"\" data-image-description=\"\" data-image-caption=\"\" data-large-file=\"https:\/\/i0.wp.com\/www.jojoenherbe.com\/wp-content\/uploads\/2025\/06\/The-Wendy-Project-6.jpg?fit=676%2C1021&amp;ssl=1\" class=\"size-thumbnail wp-image-39685 alignright\" src=\"https:\/\/i0.wp.com\/www.jojoenherbe.com\/wp-content\/uploads\/2025\/06\/The-Wendy-Project-6.jpg?resize=150%2C150\" alt=\"\" width=\"150\" height=\"150\" srcset=\"https:\/\/i0.wp.com\/www.jojoenherbe.com\/wp-content\/uploads\/2025\/06\/The-Wendy-Project-6.jpg?resize=150%2C150&amp;ssl=1 150w, https:\/\/i0.wp.com\/www.jojoenherbe.com\/wp-content\/uploads\/2025\/06\/The-Wendy-Project-6.jpg?zoom=2&amp;resize=150%2C150 300w, https:\/\/i0.wp.com\/www.jojoenherbe.com\/wp-content\/uploads\/2025\/06\/The-Wendy-Project-6.jpg?zoom=3&amp;resize=150%2C150 450w\" sizes=\"auto, (max-width: 150px) 100vw, 150px\" \/><\/a> J\u2019ai beaucoup appr\u00e9ci\u00e9 cette BD, se d\u00e9roulant en Nouvelle-Angleterre et qui est une reprise r\u00e9ussie du roman originel <\/em><em>de James Matthew Barrie (\u00e9d. Librio, r\u00e9\u00e9d. 2017, 143 pages) en abordant de fa\u00e7on r\u00e9aliste les \u00e9tapes du deuil, entre d\u00e9ni, tristesse et culpabilit\u00e9. J&rsquo;ai \u00e9galement appr\u00e9ci\u00e9 la relation entre les deux enfants, Wendy et John, dont les liens fraternels se ressoudent apr\u00e8s ce drame. Ces \u00e9tapes apparaissent \u00e9galement graphiquement, la dessinatrice passant du noir et blanc (le monde r\u00e9el) aux couleurs vives et oniriques (monde imaginaire). <\/em><\/p>\n<p style=\"text-align: justify;\"><em><a href=\"https:\/\/i0.wp.com\/www.jojoenherbe.com\/wp-content\/uploads\/2025\/06\/The-Wendy-Project-4.jpg\"><img data-recalc-dims=\"1\" loading=\"lazy\" decoding=\"async\" data-attachment-id=\"39683\" data-permalink=\"https:\/\/www.jojoenherbe.com\/index.php\/2025\/06\/11\/au-fil-des-pages-avec-the-wendy-project\/screenshot-220\/\" data-orig-file=\"https:\/\/i0.wp.com\/www.jojoenherbe.com\/wp-content\/uploads\/2025\/06\/The-Wendy-Project-4.jpg?fit=749%2C1134&amp;ssl=1\" data-orig-size=\"749,1134\" data-comments-opened=\"1\" data-image-meta=\"{&quot;aperture&quot;:&quot;0&quot;,&quot;credit&quot;:&quot;&quot;,&quot;camera&quot;:&quot;&quot;,&quot;caption&quot;:&quot;Screenshot&quot;,&quot;created_timestamp&quot;:&quot;0&quot;,&quot;copyright&quot;:&quot;&quot;,&quot;focal_length&quot;:&quot;0&quot;,&quot;iso&quot;:&quot;0&quot;,&quot;shutter_speed&quot;:&quot;0&quot;,&quot;title&quot;:&quot;Screenshot&quot;,&quot;orientation&quot;:&quot;1&quot;}\" data-image-title=\"\" data-image-description=\"\" data-image-caption=\"\" data-large-file=\"https:\/\/i0.wp.com\/www.jojoenherbe.com\/wp-content\/uploads\/2025\/06\/The-Wendy-Project-4.jpg?fit=676%2C1024&amp;ssl=1\" class=\"alignleft size-thumbnail wp-image-39683\" src=\"https:\/\/i0.wp.com\/www.jojoenherbe.com\/wp-content\/uploads\/2025\/06\/The-Wendy-Project-4.jpg?resize=150%2C150\" alt=\"\" width=\"150\" height=\"150\" srcset=\"https:\/\/i0.wp.com\/www.jojoenherbe.com\/wp-content\/uploads\/2025\/06\/The-Wendy-Project-4.jpg?resize=150%2C150&amp;ssl=1 150w, https:\/\/i0.wp.com\/www.jojoenherbe.com\/wp-content\/uploads\/2025\/06\/The-Wendy-Project-4.jpg?zoom=2&amp;resize=150%2C150 300w, https:\/\/i0.wp.com\/www.jojoenherbe.com\/wp-content\/uploads\/2025\/06\/The-Wendy-Project-4.jpg?zoom=3&amp;resize=150%2C150 450w\" sizes=\"auto, (max-width: 150px) 100vw, 150px\" \/><\/a> <a href=\"https:\/\/i0.wp.com\/www.jojoenherbe.com\/wp-content\/uploads\/2025\/06\/The-Wendy-Project-5.jpg\"><img data-recalc-dims=\"1\" loading=\"lazy\" decoding=\"async\" data-attachment-id=\"39684\" data-permalink=\"https:\/\/www.jojoenherbe.com\/index.php\/2025\/06\/11\/au-fil-des-pages-avec-the-wendy-project\/screenshot-221\/\" data-orig-file=\"https:\/\/i0.wp.com\/www.jojoenherbe.com\/wp-content\/uploads\/2025\/06\/The-Wendy-Project-5.jpg?fit=750%2C1142&amp;ssl=1\" data-orig-size=\"750,1142\" data-comments-opened=\"1\" data-image-meta=\"{&quot;aperture&quot;:&quot;0&quot;,&quot;credit&quot;:&quot;&quot;,&quot;camera&quot;:&quot;&quot;,&quot;caption&quot;:&quot;Screenshot&quot;,&quot;created_timestamp&quot;:&quot;0&quot;,&quot;copyright&quot;:&quot;&quot;,&quot;focal_length&quot;:&quot;0&quot;,&quot;iso&quot;:&quot;0&quot;,&quot;shutter_speed&quot;:&quot;0&quot;,&quot;title&quot;:&quot;Screenshot&quot;,&quot;orientation&quot;:&quot;1&quot;}\" data-image-title=\"\" data-image-description=\"\" data-image-caption=\"\" data-large-file=\"https:\/\/i0.wp.com\/www.jojoenherbe.com\/wp-content\/uploads\/2025\/06\/The-Wendy-Project-5.jpg?fit=673%2C1024&amp;ssl=1\" class=\"alignleft size-thumbnail wp-image-39684\" src=\"https:\/\/i0.wp.com\/www.jojoenherbe.com\/wp-content\/uploads\/2025\/06\/The-Wendy-Project-5.jpg?resize=150%2C150\" alt=\"\" width=\"150\" height=\"150\" srcset=\"https:\/\/i0.wp.com\/www.jojoenherbe.com\/wp-content\/uploads\/2025\/06\/The-Wendy-Project-5.jpg?resize=150%2C150&amp;ssl=1 150w, https:\/\/i0.wp.com\/www.jojoenherbe.com\/wp-content\/uploads\/2025\/06\/The-Wendy-Project-5.jpg?zoom=2&amp;resize=150%2C150 300w, https:\/\/i0.wp.com\/www.jojoenherbe.com\/wp-content\/uploads\/2025\/06\/The-Wendy-Project-5.jpg?zoom=3&amp;resize=150%2C150 450w\" sizes=\"auto, (max-width: 150px) 100vw, 150px\" \/><\/a>Les \u00e9l\u00e9ments du conte originel se fondent dans l&rsquo;intrigue agr\u00e9ment\u00e9e de certaines citations, l&rsquo;imagination de l&rsquo;adolescente meurtrie identifiant les personnages originels \u00e0 son entourage (la chambre de Michael renvoyant au Pays Imaginaire, les enfants perdus ou Peter Pan \u00e0 un adolescent d\u00e9linquant dont elle est amoureuse, la f\u00e9e Clochette \u00e0 la fille populaire de son lyc\u00e9e&#8230;). On ressent les \u00e9motions intenses de l&rsquo;adolescente qui perd de plus en plus pied, \u00e0 travers son carnet de dessins remis par la psychologue qui la suit. Un tr\u00e8s bon moment de lecture!<\/em><\/p>\n<p style=\"text-align: justify;\"><em>Pour d&rsquo;autres avis sur cette BD: <a href=\"https:\/\/vivrelivre19.over-blog.com\/2021\/04\/the-wendy-project.osborne-fish-2019-bd.html\">Blandine<\/a> et <a href=\"https:\/\/aumilieudeslivres.wordpress.com\/2021\/08\/11\/the-wendy-project-melissa-jane-osborne-veronica-fish\/\">Moka<\/a>.\u00a0<\/em><\/p>\n<div id=\"attachment_38614\" style=\"width: 87px\" class=\"wp-caption alignleft\"><img data-recalc-dims=\"1\" loading=\"lazy\" decoding=\"async\" aria-describedby=\"caption-attachment-38614\" data-attachment-id=\"38614\" data-permalink=\"https:\/\/www.jojoenherbe.com\/index.php\/2025\/03\/12\/au-fil-des-pages-avec-histoires-de-sororite\/la-bd-de-la-semaine-logo\/\" data-orig-file=\"https:\/\/i0.wp.com\/www.jojoenherbe.com\/wp-content\/uploads\/2025\/03\/La-BD-de-la-Semaine-logo.jpg?fit=500%2C500&amp;ssl=1\" data-orig-size=\"500,500\" data-comments-opened=\"1\" data-image-meta=\"{&quot;aperture&quot;:&quot;0&quot;,&quot;credit&quot;:&quot;&quot;,&quot;camera&quot;:&quot;&quot;,&quot;caption&quot;:&quot;&quot;,&quot;created_timestamp&quot;:&quot;1741767479&quot;,&quot;copyright&quot;:&quot;&quot;,&quot;focal_length&quot;:&quot;0&quot;,&quot;iso&quot;:&quot;0&quot;,&quot;shutter_speed&quot;:&quot;0&quot;,&quot;title&quot;:&quot;&quot;,&quot;orientation&quot;:&quot;0&quot;}\" data-image-title=\"La BD de la Semaine &amp;#8211; logo\" data-image-description=\"\" data-image-caption=\"\" data-large-file=\"https:\/\/i0.wp.com\/www.jojoenherbe.com\/wp-content\/uploads\/2025\/03\/La-BD-de-la-Semaine-logo.jpg?fit=500%2C500&amp;ssl=1\" class=\"wp-image-38614\" src=\"https:\/\/i0.wp.com\/www.jojoenherbe.com\/wp-content\/uploads\/2025\/03\/La-BD-de-la-Semaine-logo.jpg?resize=77%2C77\" alt=\"\" width=\"77\" height=\"77\" srcset=\"https:\/\/i0.wp.com\/www.jojoenherbe.com\/wp-content\/uploads\/2025\/03\/La-BD-de-la-Semaine-logo.jpg?w=500&amp;ssl=1 500w, https:\/\/i0.wp.com\/www.jojoenherbe.com\/wp-content\/uploads\/2025\/03\/La-BD-de-la-Semaine-logo.jpg?resize=300%2C300&amp;ssl=1 300w, https:\/\/i0.wp.com\/www.jojoenherbe.com\/wp-content\/uploads\/2025\/03\/La-BD-de-la-Semaine-logo.jpg?resize=150%2C150&amp;ssl=1 150w\" sizes=\"auto, (max-width: 77px) 100vw, 77px\" \/><p id=\"caption-attachment-38614\" class=\"wp-caption-text\">La BD de la semaine chez <a href=\"https:\/\/aumilieudeslivres.wordpress.com\/2025\/06\/11\/la-marche-brume-les-chimeres-stephane-fert-tome-2\/\">Moka<\/a> pour cette semaine<\/p><\/div>\n<div style=\"width: 75px\" class=\"wp-caption alignleft\"><img loading=\"lazy\" decoding=\"async\" class=\"\" src=\"https:\/\/i0.wp.com\/mapetitemediatheque.fr\/wp-content\/uploads\/2021\/07\/challenge-contes-et-legendes-239x300-1.jpg?resize=137%2C172\" alt=\"\" width=\"65\" height=\"81\" data-recalc-dims=\"1\" \/><p class=\"wp-caption-text\">Participation #10 Challenge Contes &amp; L\u00e9gendes 2025 <em>de <a href=\"https:\/\/mapetitemediatheque.fr\/2025\/01\/challenge-contes-legendes-2025\/\">Bidib<\/a><\/em> #Classique jeunesse anglais revisit\u00e9<\/p><\/div>\n<div id=\"attachment_39555\" style=\"width: 83px\" class=\"wp-caption alignleft\"><img data-recalc-dims=\"1\" loading=\"lazy\" decoding=\"async\" aria-describedby=\"caption-attachment-39555\" data-attachment-id=\"39555\" data-permalink=\"https:\/\/www.jojoenherbe.com\/index.php\/2025\/06\/01\/billet-de-suivi-le-mois-anglais-2025\/le-mois-anglais-2025-logo\/\" data-orig-file=\"https:\/\/i0.wp.com\/www.jojoenherbe.com\/wp-content\/uploads\/2025\/06\/Le-Mois-Anglais-2025-logo.jpg?fit=768%2C960&amp;ssl=1\" data-orig-size=\"768,960\" data-comments-opened=\"1\" data-image-meta=\"{&quot;aperture&quot;:&quot;0&quot;,&quot;credit&quot;:&quot;&quot;,&quot;camera&quot;:&quot;&quot;,&quot;caption&quot;:&quot;&quot;,&quot;created_timestamp&quot;:&quot;1747251773&quot;,&quot;copyright&quot;:&quot;&quot;,&quot;focal_length&quot;:&quot;0&quot;,&quot;iso&quot;:&quot;0&quot;,&quot;shutter_speed&quot;:&quot;0&quot;,&quot;title&quot;:&quot;&quot;,&quot;orientation&quot;:&quot;1&quot;}\" data-image-title=\"Le Mois Anglais 2025 &amp;#8211; logo\" data-image-description=\"\" data-image-caption=\"\" data-large-file=\"https:\/\/i0.wp.com\/www.jojoenherbe.com\/wp-content\/uploads\/2025\/06\/Le-Mois-Anglais-2025-logo.jpg?fit=676%2C845&amp;ssl=1\" class=\"wp-image-39555\" src=\"https:\/\/i0.wp.com\/www.jojoenherbe.com\/wp-content\/uploads\/2025\/06\/Le-Mois-Anglais-2025-logo.jpg?resize=73%2C91\" alt=\"\" width=\"73\" height=\"91\" srcset=\"https:\/\/i0.wp.com\/www.jojoenherbe.com\/wp-content\/uploads\/2025\/06\/Le-Mois-Anglais-2025-logo.jpg?w=768&amp;ssl=1 768w, https:\/\/i0.wp.com\/www.jojoenherbe.com\/wp-content\/uploads\/2025\/06\/Le-Mois-Anglais-2025-logo.jpg?resize=240%2C300&amp;ssl=1 240w, https:\/\/i0.wp.com\/www.jojoenherbe.com\/wp-content\/uploads\/2025\/06\/Le-Mois-Anglais-2025-logo.jpg?resize=676%2C845&amp;ssl=1 676w\" sizes=\"auto, (max-width: 73px) 100vw, 73px\" \/><p id=\"caption-attachment-39555\" class=\"wp-caption-text\">Participation #3 Le Mois Anglais 2025 de Lou et Titine #Roman graphique<\/p><\/div>\n<div id=\"attachment_39019\" style=\"width: 108px\" class=\"wp-caption alignleft\"><img data-recalc-dims=\"1\" loading=\"lazy\" decoding=\"async\" aria-describedby=\"caption-attachment-39019\" data-attachment-id=\"39019\" data-permalink=\"https:\/\/www.jojoenherbe.com\/index.php\/2025\/04\/18\/au-fil-des-pages-avec-le-tour-du-monde-en-80-jours\/2025-sera-classique-aussi-logo\/\" data-orig-file=\"https:\/\/i0.wp.com\/www.jojoenherbe.com\/wp-content\/uploads\/2025\/04\/2025-sera-classique-aussi-logo.png?fit=768%2C430&amp;ssl=1\" data-orig-size=\"768,430\" data-comments-opened=\"1\" data-image-meta=\"{&quot;aperture&quot;:&quot;0&quot;,&quot;credit&quot;:&quot;&quot;,&quot;camera&quot;:&quot;&quot;,&quot;caption&quot;:&quot;&quot;,&quot;created_timestamp&quot;:&quot;0&quot;,&quot;copyright&quot;:&quot;&quot;,&quot;focal_length&quot;:&quot;0&quot;,&quot;iso&quot;:&quot;0&quot;,&quot;shutter_speed&quot;:&quot;0&quot;,&quot;title&quot;:&quot;&quot;,&quot;orientation&quot;:&quot;0&quot;}\" data-image-title=\"2025 sera classique aussi &amp;#8211; logo\" data-image-description=\"\" data-image-caption=\"\" data-large-file=\"https:\/\/i0.wp.com\/www.jojoenherbe.com\/wp-content\/uploads\/2025\/04\/2025-sera-classique-aussi-logo.png?fit=676%2C378&amp;ssl=1\" class=\"wp-image-39019\" src=\"https:\/\/i0.wp.com\/www.jojoenherbe.com\/wp-content\/uploads\/2025\/04\/2025-sera-classique-aussi-logo.png?resize=98%2C55\" alt=\"\" width=\"98\" height=\"55\" srcset=\"https:\/\/i0.wp.com\/www.jojoenherbe.com\/wp-content\/uploads\/2025\/04\/2025-sera-classique-aussi-logo.png?w=768&amp;ssl=1 768w, https:\/\/i0.wp.com\/www.jojoenherbe.com\/wp-content\/uploads\/2025\/04\/2025-sera-classique-aussi-logo.png?resize=300%2C168&amp;ssl=1 300w, https:\/\/i0.wp.com\/www.jojoenherbe.com\/wp-content\/uploads\/2025\/04\/2025-sera-classique-aussi-logo.png?resize=676%2C378&amp;ssl=1 676w\" sizes=\"auto, (max-width: 98px) 100vw, 98px\" \/><p id=\"caption-attachment-39019\" class=\"wp-caption-text\">Participation #6 Challenge 2025 sera classique aussi! de <a href=\"https:\/\/delivrer-des-livres.fr\/2025-sera-classique-aussi\/\">Nathalie<\/a> #Adaptation BD<\/p><\/div>\n<div id=\"attachment_19954\" style=\"width: 94px\" class=\"wp-caption alignleft\"><img loading=\"lazy\" decoding=\"async\" aria-describedby=\"caption-attachment-19954\" class=\"wp-image-19954\" src=\"https:\/\/i0.wp.com\/mapetitemediatheque.fr\/wp-content\/uploads\/2021\/11\/Inkedle-tour-du-monde-en-80-livres-2_LI.jpg?resize=116%2C87&amp;ssl=1\" sizes=\"auto, (max-width: 500px) 100vw, 500px\" srcset=\"https:\/\/i0.wp.com\/mapetitemediatheque.fr\/wp-content\/uploads\/2021\/11\/Inkedle-tour-du-monde-en-80-livres-2_LI.jpg?resize=116%2C87&amp;ssl=1 500w, https:\/\/mapetitemediatheque.fr\/wp-content\/uploads\/2021\/11\/Inkedle-tour-du-monde-en-80-livres-2_LI-300x226.jpg 300w, https:\/\/mapetitemediatheque.fr\/wp-content\/uploads\/2021\/11\/Inkedle-tour-du-monde-en-80-livres-2_LI-120x90.jpg 120w\" alt=\"\" width=\"84\" height=\"63\" aria-describedby=\"caption-attachment-19954\" \/><p id=\"caption-attachment-19954\" class=\"wp-caption-text\">Participation #13 (Parcours illustr\u00e9) Challenge Le tour du monde en 80 livres 2025 de <a href=\"https:\/\/mapetitemediatheque.fr\/2025\/01\/le-tour-du-monde-en-80-livres-2025\/\">Bidib<\/a> #\u00c9tats-Unis<\/p><\/div>\n<div id=\"attachment_37823\" style=\"width: 98px\" class=\"wp-caption alignleft\"><img data-recalc-dims=\"1\" loading=\"lazy\" decoding=\"async\" aria-describedby=\"caption-attachment-37823\" data-attachment-id=\"37823\" data-permalink=\"https:\/\/www.jojoenherbe.com\/index.php\/2025\/01\/10\/mes-challenges-livresques-2025\/challenge-petit-bac-2025-denna-logo\/\" data-orig-file=\"https:\/\/i0.wp.com\/www.jojoenherbe.com\/wp-content\/uploads\/2024\/12\/Challenge-Petit-Bac-2025-dEnna-logo.jpg?fit=285%2C217&amp;ssl=1\" data-orig-size=\"285,217\" data-comments-opened=\"1\" data-image-meta=\"{&quot;aperture&quot;:&quot;0&quot;,&quot;credit&quot;:&quot;&quot;,&quot;camera&quot;:&quot;&quot;,&quot;caption&quot;:&quot;&quot;,&quot;created_timestamp&quot;:&quot;1735738492&quot;,&quot;copyright&quot;:&quot;&quot;,&quot;focal_length&quot;:&quot;0&quot;,&quot;iso&quot;:&quot;0&quot;,&quot;shutter_speed&quot;:&quot;0&quot;,&quot;title&quot;:&quot;&quot;,&quot;orientation&quot;:&quot;0&quot;}\" data-image-title=\"Challenge Petit Bac 2025 d&amp;rsquo;Enna &amp;#8211; logo\" data-image-description=\"\" data-image-caption=\"\" data-large-file=\"https:\/\/i0.wp.com\/www.jojoenherbe.com\/wp-content\/uploads\/2024\/12\/Challenge-Petit-Bac-2025-dEnna-logo.jpg?fit=285%2C217&amp;ssl=1\" class=\"wp-image-37823\" src=\"https:\/\/i0.wp.com\/www.jojoenherbe.com\/wp-content\/uploads\/2024\/12\/Challenge-Petit-Bac-2025-dEnna-logo.jpg?resize=88%2C67\" alt=\"\" width=\"88\" height=\"67\" \/><p id=\"caption-attachment-37823\" class=\"wp-caption-text\">Challenge Petit Bac 2025 d\u2019<em><a href=\"https:\/\/ennalit.wordpress.com\/2024\/12\/01\/challenge-petit-bac-2025-qui-veut-jouer\/\">Enna<\/a><\/em> #4 Cat\u00e9gorie Pr\u00e9nom: \u00ab Wendy \u00bb<\/p><\/div>\n\n\n<p><\/p>\n","protected":false},"excerpt":{"rendered":"<p>J&rsquo;ai lu, en version num\u00e9rique via ma m\u00e9diath\u00e8que, The Wendy Project de Melissa Jane Osborne et Veronica Fish (\u00e9d. Ankama, coll. \u00c9tincelle, mai 2019, 96 pages), un roman graphique avec le difficile deuil de Wendy Davies, \u00e2g\u00e9e de 16 ans, apr\u00e8s la mort de son jeune fr\u00e8re Michael dont le corps n&rsquo;a pas \u00e9t\u00e9 retrouv\u00e9, [&hellip;]<\/p>\n","protected":false},"author":1,"featured_media":39669,"comment_status":"open","ping_status":"open","sticky":false,"template":"","format":"standard","meta":{"jetpack_post_was_ever_published":false,"_jetpack_newsletter_access":"","_jetpack_dont_email_post_to_subs":false,"_jetpack_newsletter_tier_id":0,"_jetpack_memberships_contains_paywalled_content":false,"_jetpack_memberships_contains_paid_content":false,"footnotes":""},"categories":[363],"tags":[2169,4438,3903,1842,596,4520,1226,4424,4423,2858,936,459,602,453,2743,1076,4618,4425,1712,4627,2742,4602,3562,2088,4417,796,4628],"class_list":["post-39674","post","type-post","status-publish","format-standard","has-post-thumbnail","hentry","category-mini-lecteur","tag-16-18-ans","tag-2025-sera-classique-aussi","tag-accident-de-la-circulation","tag-adolescence","tag-bandes-dessinees","tag-bd-de-la-semaine","tag-bd-jeunesse","tag-challenge-contes-et-legendes-2025","tag-challenge-petit-bac-2025","tag-culpabilite","tag-deuil","tag-famille","tag-imaginaire","tag-imagination","tag-james-matthew-barrie","tag-journal-intime","tag-le-mois-anglais-2025","tag-le-tour-du-monde-en-80-livres-2025","tag-litterature-americaine","tag-melissa-jane-osborne","tag-peter-pan","tag-psychologue","tag-relation-frere-soeur","tag-roman-graphique","tag-therapie","tag-tristesse","tag-veronica-fish","post-preview"],"jetpack_featured_media_url":"https:\/\/i0.wp.com\/www.jojoenherbe.com\/wp-content\/uploads\/2025\/06\/The-Wendy-Project.jpg?fit=750%2C1130&ssl=1","jetpack_sharing_enabled":true,"jetpack_shortlink":"https:\/\/wp.me\/p9zhGx-ajU","jetpack_likes_enabled":true,"jetpack-related-posts":[{"id":39554,"url":"https:\/\/www.jojoenherbe.com\/index.php\/2025\/06\/01\/billet-de-suivi-le-mois-anglais-2025\/","url_meta":{"origin":39674,"position":0},"title":"Billet de suivi: Le Mois Anglais 2025","author":"Jojo","date":"1 juin 2025","format":false,"excerpt":"Comme d\u00e9j\u00e0 depuis plusieurs ann\u00e9es, je participe tout au long du mois de juin au challenge Le Mois Anglais 2025 coorganis\u00e9 par Lou et Titine. Le programme est libre. J'ai pr\u00e9vu plusieurs lectures, un atelier cr\u00e9atif avec les copinautes Syl, Isabelle et Hilde ainsi que des pauses gourmandes avec la\u2026","rel":"","context":"Dans &quot;Mini blogueur&quot;","block_context":{"text":"Mini blogueur","link":"https:\/\/www.jojoenherbe.com\/index.php\/category\/mini-blogueur\/"},"img":{"alt_text":"","src":"https:\/\/i0.wp.com\/www.jojoenherbe.com\/wp-content\/uploads\/2025\/06\/Le-Mois-Anglais-2025-logo.jpg?fit=768%2C960&ssl=1&resize=350%2C200","width":350,"height":200,"srcset":"https:\/\/i0.wp.com\/www.jojoenherbe.com\/wp-content\/uploads\/2025\/06\/Le-Mois-Anglais-2025-logo.jpg?fit=768%2C960&ssl=1&resize=350%2C200 1x, https:\/\/i0.wp.com\/www.jojoenherbe.com\/wp-content\/uploads\/2025\/06\/Le-Mois-Anglais-2025-logo.jpg?fit=768%2C960&ssl=1&resize=525%2C300 1.5x, https:\/\/i0.wp.com\/www.jojoenherbe.com\/wp-content\/uploads\/2025\/06\/Le-Mois-Anglais-2025-logo.jpg?fit=768%2C960&ssl=1&resize=700%2C400 2x"},"classes":[]},{"id":39649,"url":"https:\/\/www.jojoenherbe.com\/index.php\/2025\/06\/09\/week-end-detente-lectures-juin-2025\/","url_meta":{"origin":39674,"position":1},"title":"Week-end d\u00e9tente &amp; lectures juin 2025","author":"Jojo","date":"9 juin 2025","format":false,"excerpt":"Avec ce long week-end de Pentec\u00f4te, je rejoins le read-a-thon improvis\u00e9 par Chicky Poo qui avait pr\u00e9vu un week-end lecture et qui a \u00e9t\u00e9 rejointe par Hilde et Samarian. Je n'ai pas pris le temps de faire un billet m\u00eame si j'ai suivi depuis vendredi, leurs carnets de bord. Petit\u2026","rel":"","context":"Dans &quot;Mini blogueur&quot;","block_context":{"text":"Mini blogueur","link":"https:\/\/www.jojoenherbe.com\/index.php\/category\/mini-blogueur\/"},"img":{"alt_text":"","src":"https:\/\/i0.wp.com\/www.jojoenherbe.com\/wp-content\/uploads\/2025\/06\/macareux-fleurs-et-livres.png?fit=1024%2C1024&ssl=1&resize=350%2C200","width":350,"height":200,"srcset":"https:\/\/i0.wp.com\/www.jojoenherbe.com\/wp-content\/uploads\/2025\/06\/macareux-fleurs-et-livres.png?fit=1024%2C1024&ssl=1&resize=350%2C200 1x, https:\/\/i0.wp.com\/www.jojoenherbe.com\/wp-content\/uploads\/2025\/06\/macareux-fleurs-et-livres.png?fit=1024%2C1024&ssl=1&resize=525%2C300 1.5x, https:\/\/i0.wp.com\/www.jojoenherbe.com\/wp-content\/uploads\/2025\/06\/macareux-fleurs-et-livres.png?fit=1024%2C1024&ssl=1&resize=700%2C400 2x"},"classes":[]},{"id":15027,"url":"https:\/\/www.jojoenherbe.com\/index.php\/2021\/01\/13\/au-fil-des-pages-avec-diane\/","url_meta":{"origin":39674,"position":2},"title":"Au fil des pages avec Diane","author":"Jojo","date":"13 janvier 2021","format":false,"excerpt":"L'\u00e9t\u00e9 dernier, lors du RAT gourmand d'ao\u00fbt 2020, j'avais lu Les gens heureux lisent et boivent du caf\u00e9 d\u2019Agn\u00e8s Martin-Lugand (\u00e9d. Michel Lafon, \u00e9d. Pocket, n\u00b015716, 2014), le premier roman court de l'autrice. Un an apr\u00e8s le terrible accident de la circulation qui a emport\u00e9 son mari Colin et sa\u2026","rel":"","context":"Dans &quot;Mini lecteur&quot;","block_context":{"text":"Mini lecteur","link":"https:\/\/www.jojoenherbe.com\/index.php\/category\/mini-lecteur\/"},"img":{"alt_text":"","src":"https:\/\/i0.wp.com\/www.jojoenherbe.com\/wp-content\/uploads\/2021\/01\/Les-gens-heureux-lisent-et-boivent-du-cafe-scaled.jpg?fit=1200%2C807&ssl=1&resize=350%2C200","width":350,"height":200,"srcset":"https:\/\/i0.wp.com\/www.jojoenherbe.com\/wp-content\/uploads\/2021\/01\/Les-gens-heureux-lisent-et-boivent-du-cafe-scaled.jpg?fit=1200%2C807&ssl=1&resize=350%2C200 1x, https:\/\/i0.wp.com\/www.jojoenherbe.com\/wp-content\/uploads\/2021\/01\/Les-gens-heureux-lisent-et-boivent-du-cafe-scaled.jpg?fit=1200%2C807&ssl=1&resize=525%2C300 1.5x, https:\/\/i0.wp.com\/www.jojoenherbe.com\/wp-content\/uploads\/2021\/01\/Les-gens-heureux-lisent-et-boivent-du-cafe-scaled.jpg?fit=1200%2C807&ssl=1&resize=700%2C400 2x, https:\/\/i0.wp.com\/www.jojoenherbe.com\/wp-content\/uploads\/2021\/01\/Les-gens-heureux-lisent-et-boivent-du-cafe-scaled.jpg?fit=1200%2C807&ssl=1&resize=1050%2C600 3x"},"classes":[]},{"id":15648,"url":"https:\/\/www.jojoenherbe.com\/index.php\/2021\/11\/05\/au-fil-des-pages-avec-le-reveil-des-sorcieres\/","url_meta":{"origin":39674,"position":3},"title":"Au fil des pages avec Le r\u00e9veil des sorci\u00e8res","author":"Jojo","date":"5 novembre 2021","format":false,"excerpt":"Au hasard des romans mis en avant \u00e0 la m\u00e9diath\u00e8que, j'avais lu d\u00e9but f\u00e9vrier 2021 Le r\u00e9veil des sorci\u00e8res de St\u00e9phanie Janicot (\u00e9d. Albin Michel, 2020), un roman policier sous fond de sorcellerie sur les terres bretonnes, du c\u00f4t\u00e9 de Broc\u00e9liande. Alors qu'elle se rendait au petit matin, sur une\u2026","rel":"","context":"Dans &quot;Mini lecteur&quot;","block_context":{"text":"Mini lecteur","link":"https:\/\/www.jojoenherbe.com\/index.php\/category\/mini-lecteur\/"},"img":{"alt_text":"","src":"https:\/\/i0.wp.com\/www.jojoenherbe.com\/wp-content\/uploads\/2021\/02\/Le-reveil-des-sorcieres-scaled.jpg?fit=1200%2C754&ssl=1&resize=350%2C200","width":350,"height":200,"srcset":"https:\/\/i0.wp.com\/www.jojoenherbe.com\/wp-content\/uploads\/2021\/02\/Le-reveil-des-sorcieres-scaled.jpg?fit=1200%2C754&ssl=1&resize=350%2C200 1x, https:\/\/i0.wp.com\/www.jojoenherbe.com\/wp-content\/uploads\/2021\/02\/Le-reveil-des-sorcieres-scaled.jpg?fit=1200%2C754&ssl=1&resize=525%2C300 1.5x, https:\/\/i0.wp.com\/www.jojoenherbe.com\/wp-content\/uploads\/2021\/02\/Le-reveil-des-sorcieres-scaled.jpg?fit=1200%2C754&ssl=1&resize=700%2C400 2x, https:\/\/i0.wp.com\/www.jojoenherbe.com\/wp-content\/uploads\/2021\/02\/Le-reveil-des-sorcieres-scaled.jpg?fit=1200%2C754&ssl=1&resize=1050%2C600 3x"},"classes":[]},{"id":36670,"url":"https:\/\/www.jojoenherbe.com\/index.php\/2025\/01\/06\/au-fil-des-pages-avec-je-vais-bien-ne-ten-fais-pas\/","url_meta":{"origin":39674,"position":4},"title":"Au fil des pages avec Je vais bien, ne t&rsquo;en fais pas","author":"Jojo","date":"6 janvier 2025","format":false,"excerpt":"L'\u00e9t\u00e9 dernier, j'ai lu, en e-book, Je vais bien, ne t'en fais pas d'Olivier Adam (\u00e9d. La dilettante, janvier 2000, 192 pages), un roman court contemporain. Cela faisait un moment que je voulais le lire, ayant bien appr\u00e9ci\u00e9 son adaptation en film r\u00e9alis\u00e9 par Philippe Lioret et sorti en 2006\u2026","rel":"","context":"Dans &quot;Mini cin\u00e9phile&quot;","block_context":{"text":"Mini cin\u00e9phile","link":"https:\/\/www.jojoenherbe.com\/index.php\/category\/mini-cinephile\/"},"img":{"alt_text":"","src":"https:\/\/i0.wp.com\/www.jojoenherbe.com\/wp-content\/uploads\/2024\/07\/Je-vais-bien-ne-ten-fais-pas.jpg?fit=750%2C1192&ssl=1&resize=350%2C200","width":350,"height":200,"srcset":"https:\/\/i0.wp.com\/www.jojoenherbe.com\/wp-content\/uploads\/2024\/07\/Je-vais-bien-ne-ten-fais-pas.jpg?fit=750%2C1192&ssl=1&resize=350%2C200 1x, https:\/\/i0.wp.com\/www.jojoenherbe.com\/wp-content\/uploads\/2024\/07\/Je-vais-bien-ne-ten-fais-pas.jpg?fit=750%2C1192&ssl=1&resize=525%2C300 1.5x, https:\/\/i0.wp.com\/www.jojoenherbe.com\/wp-content\/uploads\/2024\/07\/Je-vais-bien-ne-ten-fais-pas.jpg?fit=750%2C1192&ssl=1&resize=700%2C400 2x"},"classes":[]},{"id":42897,"url":"https:\/\/www.jojoenherbe.com\/index.php\/2026\/02\/18\/au-fil-des-pages-avec-les-jours-sucres\/","url_meta":{"origin":39674,"position":5},"title":"Au fil des pages avec Les jours sucr\u00e9s","author":"Jojo","date":"18 f\u00e9vrier 2026","format":false,"excerpt":"J'ai lu, en version num\u00e9rique via ma m\u00e9diath\u00e8que, Les jours sucr\u00e9s de Lo\u00efc Cl\u00e9ment et Anne Montel (\u00e9d. Dargaud, f\u00e9vrier 2016, 148 pages), un roman graphique qui se d\u00e9cline comme une BD (romance) feel good contemporaine. Au d\u00e9c\u00e8s de son p\u00e8re, \u00c9glantine Larticho, \u00e2g\u00e9e de 25 ans, revient \u00e0 Klervi,\u2026","rel":"","context":"Dans &quot;Mini lecteur&quot;","block_context":{"text":"Mini lecteur","link":"https:\/\/www.jojoenherbe.com\/index.php\/category\/mini-lecteur\/"},"img":{"alt_text":"","src":"https:\/\/i0.wp.com\/www.jojoenherbe.com\/wp-content\/uploads\/2026\/02\/Les-jours-sucres.jpg?fit=748%2C1055&ssl=1&resize=350%2C200","width":350,"height":200,"srcset":"https:\/\/i0.wp.com\/www.jojoenherbe.com\/wp-content\/uploads\/2026\/02\/Les-jours-sucres.jpg?fit=748%2C1055&ssl=1&resize=350%2C200 1x, https:\/\/i0.wp.com\/www.jojoenherbe.com\/wp-content\/uploads\/2026\/02\/Les-jours-sucres.jpg?fit=748%2C1055&ssl=1&resize=525%2C300 1.5x, https:\/\/i0.wp.com\/www.jojoenherbe.com\/wp-content\/uploads\/2026\/02\/Les-jours-sucres.jpg?fit=748%2C1055&ssl=1&resize=700%2C400 2x"},"classes":[]}],"_links":{"self":[{"href":"https:\/\/www.jojoenherbe.com\/index.php\/wp-json\/wp\/v2\/posts\/39674","targetHints":{"allow":["GET"]}}],"collection":[{"href":"https:\/\/www.jojoenherbe.com\/index.php\/wp-json\/wp\/v2\/posts"}],"about":[{"href":"https:\/\/www.jojoenherbe.com\/index.php\/wp-json\/wp\/v2\/types\/post"}],"author":[{"embeddable":true,"href":"https:\/\/www.jojoenherbe.com\/index.php\/wp-json\/wp\/v2\/users\/1"}],"replies":[{"embeddable":true,"href":"https:\/\/www.jojoenherbe.com\/index.php\/wp-json\/wp\/v2\/comments?post=39674"}],"version-history":[{"count":7,"href":"https:\/\/www.jojoenherbe.com\/index.php\/wp-json\/wp\/v2\/posts\/39674\/revisions"}],"predecessor-version":[{"id":39692,"href":"https:\/\/www.jojoenherbe.com\/index.php\/wp-json\/wp\/v2\/posts\/39674\/revisions\/39692"}],"wp:featuredmedia":[{"embeddable":true,"href":"https:\/\/www.jojoenherbe.com\/index.php\/wp-json\/wp\/v2\/media\/39669"}],"wp:attachment":[{"href":"https:\/\/www.jojoenherbe.com\/index.php\/wp-json\/wp\/v2\/media?parent=39674"}],"wp:term":[{"taxonomy":"category","embeddable":true,"href":"https:\/\/www.jojoenherbe.com\/index.php\/wp-json\/wp\/v2\/categories?post=39674"},{"taxonomy":"post_tag","embeddable":true,"href":"https:\/\/www.jojoenherbe.com\/index.php\/wp-json\/wp\/v2\/tags?post=39674"}],"curies":[{"name":"wp","href":"https:\/\/api.w.org\/{rel}","templated":true}]}}