{"id":39649,"date":"2025-06-09T11:18:43","date_gmt":"2025-06-09T09:18:43","guid":{"rendered":"https:\/\/www.jojoenherbe.com\/?p=39649"},"modified":"2025-07-13T20:21:56","modified_gmt":"2025-07-13T18:21:56","slug":"week-end-detente-lectures-juin-2025","status":"publish","type":"post","link":"https:\/\/www.jojoenherbe.com\/index.php\/2025\/06\/09\/week-end-detente-lectures-juin-2025\/","title":{"rendered":"Week-end d\u00e9tente &amp; lectures juin 2025"},"content":{"rendered":"<p style=\"text-align: justify;\"><em>Avec ce long week-end de Pentec\u00f4te, je rejoins le read-a-thon improvis\u00e9 par <a href=\"https:\/\/www.laplanquealibellules.fr\/2025\/06\/un-week-end-lecture-carnet-de-bord.html\/\">Chicky Poo<\/a> qui avait pr\u00e9vu un week-end lecture et qui a \u00e9t\u00e9 rejointe par <a href=\"https:\/\/lelivroblog.fr\/2025\/06\/06\/journal-du-week-end-du-6-au-8-juin-2025\/\">Hilde<\/a> et <a href=\"https:\/\/viedecontedefee.blogspot.com\/2025\/06\/1811-un-weekend-canape-lecture-billet.html\">Samarian<\/a>. Je n&rsquo;ai pas pris le temps de faire un billet m\u00eame si j&rsquo;ai suivi depuis vendredi, leurs carnets de bord. Petit retour en arri\u00e8re du week-end qui se termine, pour moi, ce soir avec la reprise du travail demain.<\/em><\/p>\n<p><em><span style=\"text-decoration: underline;\">Vendredi 6 juin 2025<\/span><\/em><\/p>\n<p style=\"text-align: justify;\"><em><a href=\"https:\/\/i0.wp.com\/www.jojoenherbe.com\/wp-content\/uploads\/2025\/06\/A-petit-feu.jpg\"><img data-recalc-dims=\"1\" loading=\"lazy\" decoding=\"async\" data-attachment-id=\"39574\" data-permalink=\"https:\/\/www.jojoenherbe.com\/index.php\/2025\/06\/01\/billet-de-suivi-le-mois-anglais-2025\/screenshot-213\/\" data-orig-file=\"https:\/\/i0.wp.com\/www.jojoenherbe.com\/wp-content\/uploads\/2025\/06\/A-petit-feu.jpg?fit=750%2C1235&amp;ssl=1\" data-orig-size=\"750,1235\" data-comments-opened=\"1\" data-image-meta=\"{&quot;aperture&quot;:&quot;0&quot;,&quot;credit&quot;:&quot;&quot;,&quot;camera&quot;:&quot;&quot;,&quot;caption&quot;:&quot;Screenshot&quot;,&quot;created_timestamp&quot;:&quot;0&quot;,&quot;copyright&quot;:&quot;&quot;,&quot;focal_length&quot;:&quot;0&quot;,&quot;iso&quot;:&quot;0&quot;,&quot;shutter_speed&quot;:&quot;0&quot;,&quot;title&quot;:&quot;Screenshot&quot;,&quot;orientation&quot;:&quot;1&quot;}\" data-image-title=\"\" data-image-description=\"\" data-image-caption=\"\" data-large-file=\"https:\/\/i0.wp.com\/www.jojoenherbe.com\/wp-content\/uploads\/2025\/06\/A-petit-feu.jpg?fit=622%2C1024&amp;ssl=1\" class=\"alignleft size-thumbnail wp-image-39574\" src=\"https:\/\/i0.wp.com\/www.jojoenherbe.com\/wp-content\/uploads\/2025\/06\/A-petit-feu.jpg?resize=150%2C150\" alt=\"\" width=\"150\" height=\"150\" srcset=\"https:\/\/i0.wp.com\/www.jojoenherbe.com\/wp-content\/uploads\/2025\/06\/A-petit-feu.jpg?resize=150%2C150&amp;ssl=1 150w, https:\/\/i0.wp.com\/www.jojoenherbe.com\/wp-content\/uploads\/2025\/06\/A-petit-feu.jpg?zoom=2&amp;resize=150%2C150 300w, https:\/\/i0.wp.com\/www.jojoenherbe.com\/wp-content\/uploads\/2025\/06\/A-petit-feu.jpg?zoom=3&amp;resize=150%2C150 450w\" sizes=\"auto, (max-width: 150px) 100vw, 150px\" \/><\/a>Apr\u00e8s le travail et l&rsquo;\u00e9cole pour le mini lutin, nous sommes all\u00e9s au parc o\u00f9 j&rsquo;ai fini de lire <span style=\"text-decoration: underline;\">\u00c0 petit feu<\/span> d\u2019Elizabeth Jane Howard (\u00e9d. La Table Ronde, coll. Quai Voltaire, mai 2025, 336 pages), un roman choral paru pour la premi\u00e8re fois en 1969 avec l\u2019histoire de 3 femmes dans l\u2019Angleterre des ann\u00e9es 60, la m\u00e8re, May qui se retrouve seule avec son second \u00e9poux, le colonel Herbert Browne-Lacey, apr\u00e8s le mariage de sa belle-fille, Alice et le d\u00e9part \u00e0 Londres de ses deux enfants, Oliver et Elizabeth. Un bon voire tr\u00e8s bon moment de lecture!<\/em><\/p>\n<p style=\"text-align: justify;\"><em><a href=\"https:\/\/i0.wp.com\/www.jojoenherbe.com\/wp-content\/uploads\/2025\/06\/Ballet-aerien-UNOC-2025-scaled.jpg\"><img data-recalc-dims=\"1\" loading=\"lazy\" decoding=\"async\" data-attachment-id=\"39656\" data-permalink=\"https:\/\/www.jojoenherbe.com\/index.php\/2025\/06\/09\/week-end-detente-lectures-juin-2025\/ballet-aerien-unoc-2025\/\" data-orig-file=\"https:\/\/i0.wp.com\/www.jojoenherbe.com\/wp-content\/uploads\/2025\/06\/Ballet-aerien-UNOC-2025-scaled.jpg?fit=2560%2C1620&amp;ssl=1\" data-orig-size=\"2560,1620\" data-comments-opened=\"1\" data-image-meta=\"{&quot;aperture&quot;:&quot;3.2&quot;,&quot;credit&quot;:&quot;&quot;,&quot;camera&quot;:&quot;DSC-HX400V&quot;,&quot;caption&quot;:&quot;&quot;,&quot;created_timestamp&quot;:&quot;1749248673&quot;,&quot;copyright&quot;:&quot;&quot;,&quot;focal_length&quot;:&quot;8.02&quot;,&quot;iso&quot;:&quot;800&quot;,&quot;shutter_speed&quot;:&quot;0.1&quot;,&quot;title&quot;:&quot;&quot;,&quot;orientation&quot;:&quot;1&quot;}\" data-image-title=\"Ballet a\u00e9rien UNOC 2025\" data-image-description=\"\" data-image-caption=\"\" data-large-file=\"https:\/\/i0.wp.com\/www.jojoenherbe.com\/wp-content\/uploads\/2025\/06\/Ballet-aerien-UNOC-2025-scaled.jpg?fit=676%2C428&amp;ssl=1\" class=\"size-thumbnail wp-image-39656 alignright\" src=\"https:\/\/i0.wp.com\/www.jojoenherbe.com\/wp-content\/uploads\/2025\/06\/Ballet-aerien-UNOC-2025.jpg?resize=150%2C150\" alt=\"\" width=\"150\" height=\"150\" srcset=\"https:\/\/i0.wp.com\/www.jojoenherbe.com\/wp-content\/uploads\/2025\/06\/Ballet-aerien-UNOC-2025-scaled.jpg?resize=150%2C150&amp;ssl=1 150w, https:\/\/i0.wp.com\/www.jojoenherbe.com\/wp-content\/uploads\/2025\/06\/Ballet-aerien-UNOC-2025-scaled.jpg?zoom=2&amp;resize=150%2C150 300w, https:\/\/i0.wp.com\/www.jojoenherbe.com\/wp-content\/uploads\/2025\/06\/Ballet-aerien-UNOC-2025-scaled.jpg?zoom=3&amp;resize=150%2C150 450w\" sizes=\"auto, (max-width: 150px) 100vw, 150px\" \/><\/a>Puis nous sommes all\u00e9s dans le Vieux-Nice pour un repas libanais qui fut tr\u00e8s long \u00e0 servir, ce qui nous a permis de lire presque 2 chapitres du tome 2 de <span style=\"text-decoration: underline;\">La l\u00e9gende de Podkin le Brave, Le tr\u00e9sor du terrier maudit<\/span> de Kieran Larwood (\u00e9d. Gallimard Jeunesse, coll. Folio Junior, octobre 2020, 304 pages), le petit groupe de lapins \u00e9tant sur le point de r\u00e9cup\u00e9rer le marteau cach\u00e9 pr\u00e8s de Pomme Crois\u00e9e. Puis nous avons encore attendu avec impatience, sur la Promenade des Anglais, le ballet a\u00e9rien de 2025 drones pr\u00e9vu dans le cadre du Sommet de l&rsquo;ONU sur l&rsquo;Oc\u00e9an et qui s&rsquo;est termin\u00e9 par un tr\u00e8s joli feu d&rsquo;artifices. C&rsquo;\u00e9tait magnifique m\u00eame si un palmier \u00e9tait devant nous pour le spectacle! Mais nous \u00e9tions tr\u00e8s bien plac\u00e9s pour le feu d&rsquo;artifices.\u00a0<\/em><\/p>\n<p><span class=\"embed-youtube\" style=\"text-align:center; display: block;\"><iframe loading=\"lazy\" class=\"youtube-player\" width=\"676\" height=\"381\" src=\"https:\/\/www.youtube.com\/embed\/XZULCoKUFOM?version=3&#038;rel=1&#038;showsearch=0&#038;showinfo=1&#038;iv_load_policy=1&#038;fs=1&#038;hl=fr-FR&#038;autohide=2&#038;start=771&#038;wmode=transparent\" allowfullscreen=\"true\" style=\"border:0;\" sandbox=\"allow-scripts allow-same-origin allow-popups allow-presentation allow-popups-to-escape-sandbox\"><\/iframe><\/span><\/p>\n<p><em><span style=\"text-decoration: underline;\">Samedi 7 juin 2025<\/span><\/em><\/p>\n<p style=\"text-align: justify;\"><em>Je suis all\u00e9e lire les carnets de bord de Chicky Poo (qui a pr\u00e9vu de lire de nombreuses BD comme <span style=\"text-decoration: underline;\">Rebis<\/span> et un roman, <span style=\"text-decoration: underline;\">Derni\u00e8re soir\u00e9e<\/span> de Lisa Gardner), Hilde (qui s&rsquo;est amus\u00e9e \u00e0 mettre en sc\u00e8ne hier un teatime sp\u00e9cial Winnie l&rsquo;Ourson (j&rsquo;adore!) et qui est en train de lire <span style=\"text-decoration: underline;\">Le Club Jane Austen<\/span> de Karen Joy Fowler) et Samarian (qui est en train de lire le tome 8 des <span style=\"text-decoration: underline;\">D\u00e9tectives du Yorkshire<\/span>, une s\u00e9rie cosy mystery termin\u00e9e et qui m&rsquo;a beaucoup plu ainsi que l&rsquo;adaptation BD d&rsquo;<span style=\"text-decoration: underline;\">Or et d&rsquo;oreillers<\/span> qui me tente beaucoup).\u00a0\u00a0<\/em><\/p>\n<p style=\"text-align: justify;\"><em><a href=\"https:\/\/i0.wp.com\/www.jojoenherbe.com\/wp-content\/uploads\/2025\/06\/Monet-Nomade-de-la-lumiere.jpg\"><img data-recalc-dims=\"1\" loading=\"lazy\" decoding=\"async\" data-attachment-id=\"39672\" data-permalink=\"https:\/\/www.jojoenherbe.com\/index.php\/2025\/06\/09\/week-end-detente-lectures-juin-2025\/screenshot-217\/\" data-orig-file=\"https:\/\/i0.wp.com\/www.jojoenherbe.com\/wp-content\/uploads\/2025\/06\/Monet-Nomade-de-la-lumiere.jpg?fit=750%2C1084&amp;ssl=1\" data-orig-size=\"750,1084\" data-comments-opened=\"1\" data-image-meta=\"{&quot;aperture&quot;:&quot;0&quot;,&quot;credit&quot;:&quot;&quot;,&quot;camera&quot;:&quot;&quot;,&quot;caption&quot;:&quot;Screenshot&quot;,&quot;created_timestamp&quot;:&quot;0&quot;,&quot;copyright&quot;:&quot;&quot;,&quot;focal_length&quot;:&quot;0&quot;,&quot;iso&quot;:&quot;0&quot;,&quot;shutter_speed&quot;:&quot;0&quot;,&quot;title&quot;:&quot;Screenshot&quot;,&quot;orientation&quot;:&quot;1&quot;}\" data-image-title=\"\" data-image-description=\"\" data-image-caption=\"\" data-large-file=\"https:\/\/i0.wp.com\/www.jojoenherbe.com\/wp-content\/uploads\/2025\/06\/Monet-Nomade-de-la-lumiere.jpg?fit=676%2C978&amp;ssl=1\" class=\"size-thumbnail wp-image-39672 alignright\" src=\"https:\/\/i0.wp.com\/www.jojoenherbe.com\/wp-content\/uploads\/2025\/06\/Monet-Nomade-de-la-lumiere.jpg?resize=150%2C150\" alt=\"\" width=\"150\" height=\"150\" srcset=\"https:\/\/i0.wp.com\/www.jojoenherbe.com\/wp-content\/uploads\/2025\/06\/Monet-Nomade-de-la-lumiere.jpg?resize=150%2C150&amp;ssl=1 150w, https:\/\/i0.wp.com\/www.jojoenherbe.com\/wp-content\/uploads\/2025\/06\/Monet-Nomade-de-la-lumiere.jpg?zoom=2&amp;resize=150%2C150 300w, https:\/\/i0.wp.com\/www.jojoenherbe.com\/wp-content\/uploads\/2025\/06\/Monet-Nomade-de-la-lumiere.jpg?zoom=3&amp;resize=150%2C150 450w\" sizes=\"auto, (max-width: 150px) 100vw, 150px\" \/><\/a>Apr\u00e8s la visite de la Carri\u00e8re des Lumi\u00e8res la semaine derni\u00e8re, je me suis rappel\u00e9e que je n&rsquo;avais toujours pas lu <span style=\"text-decoration: underline;\">Monet, Nomade de la lumi\u00e8re<\/span> de Rubo Salva et Efa (\u00e9d. Lombard, mars 2017, 112 pages), une BD biographique\/roman graphique \u00e0 partir de 9 ans selon l&rsquo;\u00e9diteur mais que je conseillerai quand m\u00eame pour les plus grands. C&rsquo;est chose faite cet apr\u00e8s-midi, en version num\u00e9rique via ma m\u00e9diath\u00e8que.\u00a0<\/em><\/p>\n<p style=\"text-align: justify;\"><em><a href=\"https:\/\/i0.wp.com\/www.jojoenherbe.com\/wp-content\/uploads\/2025\/06\/Lady-Susan-scaled.jpg\"><img data-recalc-dims=\"1\" loading=\"lazy\" decoding=\"async\" data-attachment-id=\"39695\" data-permalink=\"https:\/\/www.jojoenherbe.com\/index.php\/2025\/06\/01\/billet-de-suivi-le-mois-anglais-2025\/lady-susan\/\" data-orig-file=\"https:\/\/i0.wp.com\/www.jojoenherbe.com\/wp-content\/uploads\/2025\/06\/Lady-Susan-scaled.jpg?fit=2560%2C2287&amp;ssl=1\" data-orig-size=\"2560,2287\" data-comments-opened=\"1\" data-image-meta=\"{&quot;aperture&quot;:&quot;1.8&quot;,&quot;credit&quot;:&quot;&quot;,&quot;camera&quot;:&quot;iPhone 7&quot;,&quot;caption&quot;:&quot;&quot;,&quot;created_timestamp&quot;:&quot;1749583806&quot;,&quot;copyright&quot;:&quot;&quot;,&quot;focal_length&quot;:&quot;3.99&quot;,&quot;iso&quot;:&quot;100&quot;,&quot;shutter_speed&quot;:&quot;0.2&quot;,&quot;title&quot;:&quot;&quot;,&quot;orientation&quot;:&quot;1&quot;}\" data-image-title=\"Lady Susan\" data-image-description=\"\" data-image-caption=\"\" data-large-file=\"https:\/\/i0.wp.com\/www.jojoenherbe.com\/wp-content\/uploads\/2025\/06\/Lady-Susan-scaled.jpg?fit=676%2C604&amp;ssl=1\" class=\"alignleft size-thumbnail wp-image-39695\" src=\"https:\/\/i0.wp.com\/www.jojoenherbe.com\/wp-content\/uploads\/2025\/06\/Lady-Susan.jpg?resize=150%2C150\" alt=\"\" width=\"150\" height=\"150\" srcset=\"https:\/\/i0.wp.com\/www.jojoenherbe.com\/wp-content\/uploads\/2025\/06\/Lady-Susan-scaled.jpg?resize=150%2C150&amp;ssl=1 150w, https:\/\/i0.wp.com\/www.jojoenherbe.com\/wp-content\/uploads\/2025\/06\/Lady-Susan-scaled.jpg?zoom=2&amp;resize=150%2C150 300w, https:\/\/i0.wp.com\/www.jojoenherbe.com\/wp-content\/uploads\/2025\/06\/Lady-Susan-scaled.jpg?zoom=3&amp;resize=150%2C150 450w\" sizes=\"auto, (max-width: 150px) 100vw, 150px\" \/><\/a>En soir\u00e9e, apr\u00e8s la lecture journali\u00e8re du tome 2 de <span style=\"text-decoration: underline;\">La l\u00e9gende de Podkin le Brave<\/span> avec mon mini lutin, j&rsquo;ai relu, pour le Mois Anglais 2025, <span style=\"text-decoration: underline;\">Lady Susan<\/span> de Jane Austen (\u00e9d. Gallimard, coll. Folio, \u00e9d. 2006, r\u00e9\u00e9d. f\u00e9vrier 2023, n\u00b04396, 128 pages), un court roman \u00e9pistolaire \u00e9crit vers 1794 et paru pour la premi\u00e8re fois en 1871.<\/em><\/p>\n<p><span style=\"text-decoration: underline;\"><em>Dimanche 8 juin 2025<\/em><\/span><\/p>\n<p style=\"text-align: justify;\"><em><a href=\"https:\/\/i0.wp.com\/www.jojoenherbe.com\/wp-content\/uploads\/2025\/06\/Silo-T2-et-gaufres-scaled.jpg\"><img data-recalc-dims=\"1\" loading=\"lazy\" decoding=\"async\" data-attachment-id=\"39655\" data-permalink=\"https:\/\/www.jojoenherbe.com\/index.php\/2025\/06\/09\/week-end-detente-lectures-juin-2025\/silo-t2-et-gaufres\/\" data-orig-file=\"https:\/\/i0.wp.com\/www.jojoenherbe.com\/wp-content\/uploads\/2025\/06\/Silo-T2-et-gaufres-scaled.jpg?fit=2560%2C1743&amp;ssl=1\" data-orig-size=\"2560,1743\" data-comments-opened=\"1\" data-image-meta=\"{&quot;aperture&quot;:&quot;1.8&quot;,&quot;credit&quot;:&quot;&quot;,&quot;camera&quot;:&quot;iPhone 7&quot;,&quot;caption&quot;:&quot;&quot;,&quot;created_timestamp&quot;:&quot;1749466330&quot;,&quot;copyright&quot;:&quot;&quot;,&quot;focal_length&quot;:&quot;3.99&quot;,&quot;iso&quot;:&quot;64&quot;,&quot;shutter_speed&quot;:&quot;0.058823529411765&quot;,&quot;title&quot;:&quot;&quot;,&quot;orientation&quot;:&quot;1&quot;}\" data-image-title=\"Silo T2 et gaufres\" data-image-description=\"\" data-image-caption=\"\" data-large-file=\"https:\/\/i0.wp.com\/www.jojoenherbe.com\/wp-content\/uploads\/2025\/06\/Silo-T2-et-gaufres-scaled.jpg?fit=676%2C460&amp;ssl=1\" class=\"size-thumbnail wp-image-39655 alignright\" src=\"https:\/\/i0.wp.com\/www.jojoenherbe.com\/wp-content\/uploads\/2025\/06\/Silo-T2-et-gaufres.jpg?resize=150%2C150\" alt=\"\" width=\"150\" height=\"150\" srcset=\"https:\/\/i0.wp.com\/www.jojoenherbe.com\/wp-content\/uploads\/2025\/06\/Silo-T2-et-gaufres-scaled.jpg?resize=150%2C150&amp;ssl=1 150w, https:\/\/i0.wp.com\/www.jojoenherbe.com\/wp-content\/uploads\/2025\/06\/Silo-T2-et-gaufres-scaled.jpg?zoom=2&amp;resize=150%2C150 300w, https:\/\/i0.wp.com\/www.jojoenherbe.com\/wp-content\/uploads\/2025\/06\/Silo-T2-et-gaufres-scaled.jpg?zoom=3&amp;resize=150%2C150 450w\" sizes=\"auto, (max-width: 150px) 100vw, 150px\" \/><\/a>Compte-tenu de l&rsquo;UNOC et des p\u00e9rim\u00e8tres de s\u00e9curit\u00e9 mis en place, nous avons h\u00e9sit\u00e9 \u00e0 sortir ce week-end. Alors j&rsquo;ai pass\u00e9 la journ\u00e9e \u00e0 lire le tome 2 de <span style=\"text-decoration: underline;\">Silo, Origines<\/span> de Hugh Howey (\u00e9d. Actes Sud, mai 2014, 576 pages), un roman revenant sur les origines du projet des silos d\u00e9but\u00e9 en 2049, dans l\u2019\u00c9tat de G\u00e9orgie aux \u00c9tats-Unis. Ce deuxi\u00e8me tome est tout aussi addictif que le premier, oscillant entre le monde d&rsquo;avant et celui d&rsquo;apr\u00e8s, \u00e0 des temps de factions diff\u00e9rentes. J&rsquo;appr\u00e9cie beaucoup ma lecture tout aussi prenante et angoissante que la premi\u00e8re, l&rsquo;espoir pour l&rsquo;Humanit\u00e9 \u00e9tant toujours si t\u00e9nue.\u00a0<\/em><\/p>\n<p style=\"text-align: justify;\"><em>Dans l&rsquo;apr\u00e8s-midi, pour le go\u00fbter, j&rsquo;ai repris la recette d&rsquo;<a href=\"https:\/\/ribambelledhistoires.over-blog.com\/2025\/03\/gaufres-de-liege.html\">Isabelle<\/a> pour les gaufres de Li\u00e8ge (en la modifiant tr\u00e8s peu). Le sucre perl\u00e9 apporte une touche croquante et caram\u00e9lisant. C&rsquo;est d\u00e9licieux. Puis j&rsquo;ai continu\u00e9 ma lecture. De son c\u00f4t\u00e9, Chicky Poo a pr\u00e9par\u00e9 des cookies chocolat\/framboise.<\/em><\/p>\n<p style=\"text-align: justify;\"><em><a href=\"https:\/\/i0.wp.com\/www.jojoenherbe.com\/wp-content\/uploads\/2025\/06\/lectures-WE-6-au-09.06.25-1-scaled.jpg\"><img data-recalc-dims=\"1\" loading=\"lazy\" decoding=\"async\" data-attachment-id=\"39654\" data-permalink=\"https:\/\/www.jojoenherbe.com\/index.php\/2025\/06\/09\/week-end-detente-lectures-juin-2025\/lectures-we-6-au-09-06-25-2\/\" data-orig-file=\"https:\/\/i0.wp.com\/www.jojoenherbe.com\/wp-content\/uploads\/2025\/06\/lectures-WE-6-au-09.06.25-1-scaled.jpg?fit=2102%2C2560&amp;ssl=1\" data-orig-size=\"2102,2560\" data-comments-opened=\"1\" data-image-meta=\"{&quot;aperture&quot;:&quot;3.2&quot;,&quot;credit&quot;:&quot;&quot;,&quot;camera&quot;:&quot;DSC-HX400V&quot;,&quot;caption&quot;:&quot;&quot;,&quot;created_timestamp&quot;:&quot;1749412612&quot;,&quot;copyright&quot;:&quot;&quot;,&quot;focal_length&quot;:&quot;4.3&quot;,&quot;iso&quot;:&quot;80&quot;,&quot;shutter_speed&quot;:&quot;0.033333333333333&quot;,&quot;title&quot;:&quot;&quot;,&quot;orientation&quot;:&quot;1&quot;}\" data-image-title=\"lectures WE 6 au 09.06.25\" data-image-description=\"\" data-image-caption=\"\" data-large-file=\"https:\/\/i0.wp.com\/www.jojoenherbe.com\/wp-content\/uploads\/2025\/06\/lectures-WE-6-au-09.06.25-1-scaled.jpg?fit=676%2C823&amp;ssl=1\" class=\"alignleft size-thumbnail wp-image-39654\" src=\"https:\/\/i0.wp.com\/www.jojoenherbe.com\/wp-content\/uploads\/2025\/06\/lectures-WE-6-au-09.06.25-1.jpg?resize=150%2C150\" alt=\"\" width=\"150\" height=\"150\" srcset=\"https:\/\/i0.wp.com\/www.jojoenherbe.com\/wp-content\/uploads\/2025\/06\/lectures-WE-6-au-09.06.25-1-scaled.jpg?resize=150%2C150&amp;ssl=1 150w, https:\/\/i0.wp.com\/www.jojoenherbe.com\/wp-content\/uploads\/2025\/06\/lectures-WE-6-au-09.06.25-1-scaled.jpg?zoom=2&amp;resize=150%2C150 300w, https:\/\/i0.wp.com\/www.jojoenherbe.com\/wp-content\/uploads\/2025\/06\/lectures-WE-6-au-09.06.25-1-scaled.jpg?zoom=3&amp;resize=150%2C150 450w\" sizes=\"auto, (max-width: 150px) 100vw, 150px\" \/><\/a>Pour la soir\u00e9e, nous sommes all\u00e9s manger des pizzas sur les hauteurs d&rsquo;\u00c8ze, au plateau de la Justice, la fra\u00eecheur faisant du bien apr\u00e8s une journ\u00e9e lourde et ensoleill\u00e9e. J&rsquo;ai continu\u00e9 \u00e0 lire le tome 2 de <span style=\"text-decoration: underline;\">Silo<\/span> jusqu&rsquo;au chapitre 40.<\/em><\/p>\n<p><span style=\"text-decoration: underline;\"><em>Lundi 9 juin 2025<\/em><\/span><\/p>\n<p style=\"text-align: justify;\"><em><a href=\"https:\/\/i0.wp.com\/www.jojoenherbe.com\/wp-content\/uploads\/2025\/06\/passiflore-Nice-juin-2025-scaled.jpg\"><img data-recalc-dims=\"1\" loading=\"lazy\" decoding=\"async\" data-attachment-id=\"39668\" data-permalink=\"https:\/\/www.jojoenherbe.com\/index.php\/2025\/06\/09\/week-end-detente-lectures-juin-2025\/passiflore-nice-juin-2025\/\" data-orig-file=\"https:\/\/i0.wp.com\/www.jojoenherbe.com\/wp-content\/uploads\/2025\/06\/passiflore-Nice-juin-2025-scaled.jpg?fit=1920%2C2560&amp;ssl=1\" data-orig-size=\"1920,2560\" data-comments-opened=\"1\" data-image-meta=\"{&quot;aperture&quot;:&quot;1.8&quot;,&quot;credit&quot;:&quot;&quot;,&quot;camera&quot;:&quot;iPhone 7&quot;,&quot;caption&quot;:&quot;&quot;,&quot;created_timestamp&quot;:&quot;1749494255&quot;,&quot;copyright&quot;:&quot;&quot;,&quot;focal_length&quot;:&quot;3.99&quot;,&quot;iso&quot;:&quot;20&quot;,&quot;shutter_speed&quot;:&quot;0.01&quot;,&quot;title&quot;:&quot;&quot;,&quot;orientation&quot;:&quot;1&quot;}\" data-image-title=\"passiflore &amp;#8211; Nice juin 2025\" data-image-description=\"\" data-image-caption=\"\" data-large-file=\"https:\/\/i0.wp.com\/www.jojoenherbe.com\/wp-content\/uploads\/2025\/06\/passiflore-Nice-juin-2025-scaled.jpg?fit=676%2C901&amp;ssl=1\" class=\"size-thumbnail wp-image-39668 alignright\" src=\"https:\/\/i0.wp.com\/www.jojoenherbe.com\/wp-content\/uploads\/2025\/06\/passiflore-Nice-juin-2025.jpg?resize=150%2C150\" alt=\"\" width=\"150\" height=\"150\" srcset=\"https:\/\/i0.wp.com\/www.jojoenherbe.com\/wp-content\/uploads\/2025\/06\/passiflore-Nice-juin-2025-scaled.jpg?resize=150%2C150&amp;ssl=1 150w, https:\/\/i0.wp.com\/www.jojoenherbe.com\/wp-content\/uploads\/2025\/06\/passiflore-Nice-juin-2025-scaled.jpg?zoom=2&amp;resize=150%2C150 300w, https:\/\/i0.wp.com\/www.jojoenherbe.com\/wp-content\/uploads\/2025\/06\/passiflore-Nice-juin-2025-scaled.jpg?zoom=3&amp;resize=150%2C150 450w\" sizes=\"auto, (max-width: 150px) 100vw, 150px\" \/><\/a>D\u00e8s le petit d\u00e9jeuner (gaufres et caf\u00e9), j&rsquo;ai continu\u00e9 ma lecture du tome 2 de <span style=\"text-decoration: underline;\">Silo, Origines<\/span>. Apr\u00e8s le go\u00fbter, nous sommes all\u00e9s au parc o\u00f9 vers l&rsquo;une des entr\u00e9es, il y avait des passiflores en fleur, avec dans le sac ma lecture en cours que je termine en toute fin d&rsquo;apr\u00e8s-midi. J&rsquo;ai bien appr\u00e9ci\u00e9 ce second tome et ai h\u00e2te de d\u00e9couvrir le troisi\u00e8me, <span style=\"text-decoration: underline;\">G\u00e9n\u00e9rations<\/span> qui vient clore cette trilogie, une partie de l&rsquo;intrigue venant rejoindre les \u00e9l\u00e9ments du tome pr\u00e9c\u00e9dent. Quel avenir possible pour les survivants des silos? Un tr\u00e8s bon moment de lecture!<\/em><\/p>\n<p style=\"text-align: justify;\"><em><a href=\"https:\/\/i0.wp.com\/www.jojoenherbe.com\/wp-content\/uploads\/2025\/06\/The-Wendy-Project.jpg\"><img data-recalc-dims=\"1\" loading=\"lazy\" decoding=\"async\" data-attachment-id=\"39669\" data-permalink=\"https:\/\/www.jojoenherbe.com\/index.php\/2025\/06\/09\/week-end-detente-lectures-juin-2025\/screenshot-216\/\" data-orig-file=\"https:\/\/i0.wp.com\/www.jojoenherbe.com\/wp-content\/uploads\/2025\/06\/The-Wendy-Project.jpg?fit=750%2C1130&amp;ssl=1\" data-orig-size=\"750,1130\" data-comments-opened=\"1\" data-image-meta=\"{&quot;aperture&quot;:&quot;0&quot;,&quot;credit&quot;:&quot;&quot;,&quot;camera&quot;:&quot;&quot;,&quot;caption&quot;:&quot;Screenshot&quot;,&quot;created_timestamp&quot;:&quot;0&quot;,&quot;copyright&quot;:&quot;&quot;,&quot;focal_length&quot;:&quot;0&quot;,&quot;iso&quot;:&quot;0&quot;,&quot;shutter_speed&quot;:&quot;0&quot;,&quot;title&quot;:&quot;Screenshot&quot;,&quot;orientation&quot;:&quot;1&quot;}\" data-image-title=\"\" data-image-description=\"\" data-image-caption=\"\" data-large-file=\"https:\/\/i0.wp.com\/www.jojoenherbe.com\/wp-content\/uploads\/2025\/06\/The-Wendy-Project.jpg?fit=676%2C1018&amp;ssl=1\" class=\"alignleft size-thumbnail wp-image-39669\" src=\"https:\/\/i0.wp.com\/www.jojoenherbe.com\/wp-content\/uploads\/2025\/06\/The-Wendy-Project.jpg?resize=150%2C150\" alt=\"\" width=\"150\" height=\"150\" srcset=\"https:\/\/i0.wp.com\/www.jojoenherbe.com\/wp-content\/uploads\/2025\/06\/The-Wendy-Project.jpg?resize=150%2C150&amp;ssl=1 150w, https:\/\/i0.wp.com\/www.jojoenherbe.com\/wp-content\/uploads\/2025\/06\/The-Wendy-Project.jpg?zoom=2&amp;resize=150%2C150 300w, https:\/\/i0.wp.com\/www.jojoenherbe.com\/wp-content\/uploads\/2025\/06\/The-Wendy-Project.jpg?zoom=3&amp;resize=150%2C150 450w\" sizes=\"auto, (max-width: 150px) 100vw, 150px\" \/><\/a>En soir\u00e9e, apr\u00e8s un nouveau chapitre du <span style=\"text-decoration: underline;\">Tr\u00e9sor du terrier maudit<\/span>, j&rsquo;ai lu, en version num\u00e9rique via ma m\u00e9diath\u00e8que, <span style=\"text-decoration: underline;\">The Wendy Project<\/span> de Melissa Jane Osborne et Veronica Fish (\u00e9d. Ankama, mai 2019, 96 pages), un roman graphique avec le difficile deuil de Wendy Davies, \u00e2g\u00e9e de 16 ans, apr\u00e8s la mort de son jeune fr\u00e8re Michael. J&rsquo;ai beaucoup appr\u00e9ci\u00e9 cette BD. Une reprise r\u00e9ussie du roman originel de <span style=\"text-decoration: underline;\">Peter Pan<\/span>! J&rsquo;en reparle tr\u00e8s vite mercredi pour la BD de la Semaine.\u00a0<\/em><\/p>\n<p>Belle semaine \u00e0 tous!<\/p>\n<p>&nbsp;<\/p>\n<p>&nbsp;<\/p>\n\n\n<p><\/p>\n","protected":false},"excerpt":{"rendered":"<p>Avec ce long week-end de Pentec\u00f4te, je rejoins le read-a-thon improvis\u00e9 par Chicky Poo qui avait pr\u00e9vu un week-end lecture et qui a \u00e9t\u00e9 rejointe par Hilde et Samarian. Je n&rsquo;ai pas pris le temps de faire un billet m\u00eame si j&rsquo;ai suivi depuis vendredi, leurs carnets de bord. Petit retour en arri\u00e8re du week-end [&hellip;]<\/p>\n","protected":false},"author":1,"featured_media":40130,"comment_status":"open","ping_status":"open","sticky":false,"template":"","format":"standard","meta":{"jetpack_post_was_ever_published":false,"_jetpack_newsletter_access":"","_jetpack_dont_email_post_to_subs":false,"_jetpack_newsletter_tier_id":0,"_jetpack_memberships_contains_paywalled_content":false,"_jetpack_memberships_contains_paid_content":false,"footnotes":""},"categories":[2140,363,3005],"tags":[4599,4565,2310,4626],"class_list":["post-39649","post","type-post","status-publish","format-standard","has-post-thumbnail","hentry","category-mini-blogueur","category-mini-lecteur","category-mini-spectateur","tag-hugh-howey","tag-kieran-larwood","tag-read-a-thon","tag-unoc-2025","post-preview"],"jetpack_featured_media_url":"https:\/\/i0.wp.com\/www.jojoenherbe.com\/wp-content\/uploads\/2025\/06\/macareux-fleurs-et-livres.png?fit=1024%2C1024&ssl=1","jetpack_sharing_enabled":true,"jetpack_shortlink":"https:\/\/wp.me\/p9zhGx-ajv","jetpack_likes_enabled":true,"jetpack-related-posts":[{"id":26091,"url":"https:\/\/www.jojoenherbe.com\/index.php\/2022\/06\/24\/rat-du-mois-anglais-2022\/","url_meta":{"origin":39649,"position":0},"title":"RAT du Mois Anglais 2022","author":"Jojo","date":"24 juin 2022","format":false,"excerpt":"Je participe du 24 au\u00a0 26 juin 2022 au RAT\u00a0 du Mois Anglais 2022 (read-a-thon\/marathon de lectures). Encore de chouettes moments de lecture et d\u2019\u00e9change au fil du week-end \u00e0 venir avec les autres participants! Mais pas que. Ce sera aussi l\u2019occasion de partager des gourmandises comme dimanche avec Syl,\u2026","rel":"","context":"Dans &quot;Mini challenger&quot;","block_context":{"text":"Mini challenger","link":"https:\/\/www.jojoenherbe.com\/index.php\/category\/mini-challenger\/"},"img":{"alt_text":"","src":"https:\/\/i0.wp.com\/www.jojoenherbe.com\/wp-content\/uploads\/2022\/06\/RAT-du-Mois-Anglais-2022.jpg?fit=1080%2C1080&ssl=1&resize=350%2C200","width":350,"height":200,"srcset":"https:\/\/i0.wp.com\/www.jojoenherbe.com\/wp-content\/uploads\/2022\/06\/RAT-du-Mois-Anglais-2022.jpg?fit=1080%2C1080&ssl=1&resize=350%2C200 1x, https:\/\/i0.wp.com\/www.jojoenherbe.com\/wp-content\/uploads\/2022\/06\/RAT-du-Mois-Anglais-2022.jpg?fit=1080%2C1080&ssl=1&resize=525%2C300 1.5x, https:\/\/i0.wp.com\/www.jojoenherbe.com\/wp-content\/uploads\/2022\/06\/RAT-du-Mois-Anglais-2022.jpg?fit=1080%2C1080&ssl=1&resize=700%2C400 2x, https:\/\/i0.wp.com\/www.jojoenherbe.com\/wp-content\/uploads\/2022\/06\/RAT-du-Mois-Anglais-2022.jpg?fit=1080%2C1080&ssl=1&resize=1050%2C600 3x"},"classes":[]},{"id":37072,"url":"https:\/\/www.jojoenherbe.com\/index.php\/2024\/10\/05\/rat-dhalloween-2024\/","url_meta":{"origin":39649,"position":1},"title":"RAT d&rsquo;Halloween 2024","author":"Jojo","date":"5 octobre 2024","format":false,"excerpt":"Nos 2 sorci\u00e8res coorganisatrices, Hilde et Lou ont pr\u00e9vu du 4 au 6 octobre 2024 un RAT (un marathon de lectures mais pas que) dans le cadre de leur challenge Halloween 2024. Pour l\u2019occasion, je ferai un journal de bord de ce read-a-thon halloweenesque tout en continuant de mettre \u00e0\u2026","rel":"","context":"Dans &quot;Mini blogueur&quot;","block_context":{"text":"Mini blogueur","link":"https:\/\/www.jojoenherbe.com\/index.php\/category\/mini-blogueur\/"},"img":{"alt_text":"","src":"https:\/\/i0.wp.com\/www.jojoenherbe.com\/wp-content\/uploads\/2024\/10\/logo-Challenge-Halloween-2024-2.jpg?fit=1080%2C1080&ssl=1&resize=350%2C200","width":350,"height":200,"srcset":"https:\/\/i0.wp.com\/www.jojoenherbe.com\/wp-content\/uploads\/2024\/10\/logo-Challenge-Halloween-2024-2.jpg?fit=1080%2C1080&ssl=1&resize=350%2C200 1x, https:\/\/i0.wp.com\/www.jojoenherbe.com\/wp-content\/uploads\/2024\/10\/logo-Challenge-Halloween-2024-2.jpg?fit=1080%2C1080&ssl=1&resize=525%2C300 1.5x, https:\/\/i0.wp.com\/www.jojoenherbe.com\/wp-content\/uploads\/2024\/10\/logo-Challenge-Halloween-2024-2.jpg?fit=1080%2C1080&ssl=1&resize=700%2C400 2x, https:\/\/i0.wp.com\/www.jojoenherbe.com\/wp-content\/uploads\/2024\/10\/logo-Challenge-Halloween-2024-2.jpg?fit=1080%2C1080&ssl=1&resize=1050%2C600 3x"},"classes":[]},{"id":39390,"url":"https:\/\/www.jojoenherbe.com\/index.php\/2025\/05\/12\/rat-a-week-un-mois-au-japon-2025\/","url_meta":{"origin":39649,"position":2},"title":"RAT a week Un mois au Japon 2025","author":"Jojo","date":"12 mai 2025","format":false,"excerpt":"Cette semaine, du 12 au 18 mai 2025, Hilde et Lou nous proposent un RAT a week dans le cadre de leur challenge Un Mois au Japon 2025, l'occasion de prolonger notre escale japonaise. Pour plus d\u2019infos, n\u2019h\u00e9sitez pas \u00e0 aller sur leurs blogs, rejoindre le fil de discussion sur\u2026","rel":"","context":"Dans &quot;Mini blogueur&quot;","block_context":{"text":"Mini blogueur","link":"https:\/\/www.jojoenherbe.com\/index.php\/category\/mini-blogueur\/"},"img":{"alt_text":"","src":"https:\/\/i0.wp.com\/www.jojoenherbe.com\/wp-content\/uploads\/2025\/05\/RAT-a-week-Un-Mois-au-Japon-2025.jpg?fit=768%2C767&ssl=1&resize=350%2C200","width":350,"height":200,"srcset":"https:\/\/i0.wp.com\/www.jojoenherbe.com\/wp-content\/uploads\/2025\/05\/RAT-a-week-Un-Mois-au-Japon-2025.jpg?fit=768%2C767&ssl=1&resize=350%2C200 1x, https:\/\/i0.wp.com\/www.jojoenherbe.com\/wp-content\/uploads\/2025\/05\/RAT-a-week-Un-Mois-au-Japon-2025.jpg?fit=768%2C767&ssl=1&resize=525%2C300 1.5x, https:\/\/i0.wp.com\/www.jojoenherbe.com\/wp-content\/uploads\/2025\/05\/RAT-a-week-Un-Mois-au-Japon-2025.jpg?fit=768%2C767&ssl=1&resize=700%2C400 2x"},"classes":[]},{"id":36522,"url":"https:\/\/www.jojoenherbe.com\/index.php\/2024\/06\/28\/rat-gourmand-des-contes-et-legendes-dinde-2024\/","url_meta":{"origin":39649,"position":3},"title":"RAT gourmand des Contes et l\u00e9gendes d&rsquo;Inde 2024","author":"Jojo","date":"28 juin 2024","format":false,"excerpt":"Comme les ann\u00e9es pr\u00e9c\u00e9dentes avec l'arriv\u00e9e de l'\u00e9t\u00e9, Hilde, Bidib et Fondant coorganisent \u00e0 partir de ce vendredi 28 juin matin jusqu\u2019\u00e0 dimanche 30 juin minuit, un read-a-thon gourmand avec une escale gourmande de contes et l\u00e9gendes en Inde en lien avec leurs challenges respectifs Les \u00c9tapes Indiennes, Des livres\u2026","rel":"","context":"Dans &quot;Mini challenger&quot;","block_context":{"text":"Mini challenger","link":"https:\/\/www.jojoenherbe.com\/index.php\/category\/mini-challenger\/"},"img":{"alt_text":"","src":"https:\/\/i0.wp.com\/www.jojoenherbe.com\/wp-content\/uploads\/2024\/06\/RAT-indien-juin-2024-logo.png?fit=600%2C600&ssl=1&resize=350%2C200","width":350,"height":200,"srcset":"https:\/\/i0.wp.com\/www.jojoenherbe.com\/wp-content\/uploads\/2024\/06\/RAT-indien-juin-2024-logo.png?fit=600%2C600&ssl=1&resize=350%2C200 1x, https:\/\/i0.wp.com\/www.jojoenherbe.com\/wp-content\/uploads\/2024\/06\/RAT-indien-juin-2024-logo.png?fit=600%2C600&ssl=1&resize=525%2C300 1.5x"},"classes":[]},{"id":37330,"url":"https:\/\/www.jojoenherbe.com\/index.php\/2024\/11\/24\/week-end-a-1000-novembre-2024\/","url_meta":{"origin":39649,"position":4},"title":"Week-end \u00e0 1000 \u2013 novembre 2024","author":"Jojo","date":"24 novembre 2024","format":false,"excerpt":"Ce week-end, du vendredi 22 novembre 19h \u00e0 dimanche minuit se d\u00e9roule un week-end \u00e0 mille. Il s\u2019agit d\u2019un d\u00e9fi livresque o\u00f9 l\u2019objectif est de lire au moins 1000 pages, quel que soit le support ou genre (romans, albums illustr\u00e9s, BD, romans graphiques, mangas, livres audio\u2026). Mais ce nombre de\u2026","rel":"","context":"Dans &quot;Mini challenger&quot;","block_context":{"text":"Mini challenger","link":"https:\/\/www.jojoenherbe.com\/index.php\/category\/mini-challenger\/"},"img":{"alt_text":"","src":"https:\/\/i0.wp.com\/www.jojoenherbe.com\/wp-content\/uploads\/2024\/01\/Week-end-a-1000-logo-2024-01.jpg?fit=706%2C758&ssl=1&resize=350%2C200","width":350,"height":200,"srcset":"https:\/\/i0.wp.com\/www.jojoenherbe.com\/wp-content\/uploads\/2024\/01\/Week-end-a-1000-logo-2024-01.jpg?fit=706%2C758&ssl=1&resize=350%2C200 1x, https:\/\/i0.wp.com\/www.jojoenherbe.com\/wp-content\/uploads\/2024\/01\/Week-end-a-1000-logo-2024-01.jpg?fit=706%2C758&ssl=1&resize=525%2C300 1.5x, https:\/\/i0.wp.com\/www.jojoenherbe.com\/wp-content\/uploads\/2024\/01\/Week-end-a-1000-logo-2024-01.jpg?fit=706%2C758&ssl=1&resize=700%2C400 2x"},"classes":[]},{"id":38053,"url":"https:\/\/www.jojoenherbe.com\/index.php\/2025\/01\/17\/week-end-a-1000-janvier-2025\/","url_meta":{"origin":39649,"position":5},"title":"Week-end \u00e0 1000 \u2013 janvier 2025","author":"Jojo","date":"17 janvier 2025","format":false,"excerpt":"Ce week-end, du vendredi 17 janvier 19h \u00e0 dimanche minuit se d\u00e9roule un week-end \u00e0 mille. Il s\u2019agit d\u2019un d\u00e9fi livresque o\u00f9 l\u2019objectif est de lire au moins 1000 pages, quel que soit le support ou genre (romans, albums illustr\u00e9s, BD, romans graphiques, mangas, livres audio\u2026). Mais ce nombre de\u2026","rel":"","context":"Dans &quot;Mini blogueur&quot;","block_context":{"text":"Mini blogueur","link":"https:\/\/www.jojoenherbe.com\/index.php\/category\/mini-blogueur\/"},"img":{"alt_text":"","src":"https:\/\/i0.wp.com\/www.jojoenherbe.com\/wp-content\/uploads\/2024\/01\/Week-end-a-1000-logo-2024-01.jpg?fit=706%2C758&ssl=1&resize=350%2C200","width":350,"height":200,"srcset":"https:\/\/i0.wp.com\/www.jojoenherbe.com\/wp-content\/uploads\/2024\/01\/Week-end-a-1000-logo-2024-01.jpg?fit=706%2C758&ssl=1&resize=350%2C200 1x, https:\/\/i0.wp.com\/www.jojoenherbe.com\/wp-content\/uploads\/2024\/01\/Week-end-a-1000-logo-2024-01.jpg?fit=706%2C758&ssl=1&resize=525%2C300 1.5x, https:\/\/i0.wp.com\/www.jojoenherbe.com\/wp-content\/uploads\/2024\/01\/Week-end-a-1000-logo-2024-01.jpg?fit=706%2C758&ssl=1&resize=700%2C400 2x"},"classes":[]}],"_links":{"self":[{"href":"https:\/\/www.jojoenherbe.com\/index.php\/wp-json\/wp\/v2\/posts\/39649","targetHints":{"allow":["GET"]}}],"collection":[{"href":"https:\/\/www.jojoenherbe.com\/index.php\/wp-json\/wp\/v2\/posts"}],"about":[{"href":"https:\/\/www.jojoenherbe.com\/index.php\/wp-json\/wp\/v2\/types\/post"}],"author":[{"embeddable":true,"href":"https:\/\/www.jojoenherbe.com\/index.php\/wp-json\/wp\/v2\/users\/1"}],"replies":[{"embeddable":true,"href":"https:\/\/www.jojoenherbe.com\/index.php\/wp-json\/wp\/v2\/comments?post=39649"}],"version-history":[{"count":13,"href":"https:\/\/www.jojoenherbe.com\/index.php\/wp-json\/wp\/v2\/posts\/39649\/revisions"}],"predecessor-version":[{"id":39698,"href":"https:\/\/www.jojoenherbe.com\/index.php\/wp-json\/wp\/v2\/posts\/39649\/revisions\/39698"}],"wp:featuredmedia":[{"embeddable":true,"href":"https:\/\/www.jojoenherbe.com\/index.php\/wp-json\/wp\/v2\/media\/40130"}],"wp:attachment":[{"href":"https:\/\/www.jojoenherbe.com\/index.php\/wp-json\/wp\/v2\/media?parent=39649"}],"wp:term":[{"taxonomy":"category","embeddable":true,"href":"https:\/\/www.jojoenherbe.com\/index.php\/wp-json\/wp\/v2\/categories?post=39649"},{"taxonomy":"post_tag","embeddable":true,"href":"https:\/\/www.jojoenherbe.com\/index.php\/wp-json\/wp\/v2\/tags?post=39649"}],"curies":[{"name":"wp","href":"https:\/\/api.w.org\/{rel}","templated":true}]}}