{"id":39633,"date":"2025-06-07T11:25:29","date_gmt":"2025-06-07T09:25:29","guid":{"rendered":"https:\/\/www.jojoenherbe.com\/?p=39633"},"modified":"2025-06-07T11:25:29","modified_gmt":"2025-06-07T09:25:29","slug":"semaine-23-du-projet-52-2025-chateau","status":"publish","type":"post","link":"https:\/\/www.jojoenherbe.com\/index.php\/2025\/06\/07\/semaine-23-du-projet-52-2025-chateau\/","title":{"rendered":"Semaine 23 du Projet 52-2025: \u00ab\u00a0Ch\u00e2teau\u00a0\u00bb"},"content":{"rendered":"<p style=\"text-align: justify;\"><em>Pour la semaine 23 du Projet 52-2025 de Du c\u00f4t\u00e9 de chez Ma\u2019, le th\u00e8me est \u00ab\u00a0<a href=\"https:\/\/ducotedechezma.fr\/2025\/06\/07\/projet-52-2025-semaine-23-chateau\/\">Ch\u00e2teau<\/a>\u00ab\u00a0. J&rsquo;ai tout de suite pens\u00e9 pour illustrer ce th\u00e8me \u00e0 notre derni\u00e8re visite du Ch\u00e2teau des Baux-de-Provence de la semaine derni\u00e8re, une forteresse m\u00e9di\u00e9vale semi-troglodytique du XIIe si\u00e8cle et dont on retrouve des traces de castrum d\u00e8s le Xe si\u00e8cle, dans le massif des Alpilles, dans les Bouches-du-Rh\u00f4ne. Les vestiges du ch\u00e2teau fort class\u00e9 Monument historique en 1904 t\u00e9moignent de plusieurs \u00e9poques et du pass\u00e9 de la famille des Baux, le site ayant subi les affres des guerres de religion, passant du Comt\u00e9 de Provence au Royaume de France ou bien encore des Grimaldi. Ils surplombent le village en contrebas. Sur la photo, on y voit le donjon et le pigeonnier.\u00a0<\/em><\/p>\n<p style=\"text-align: justify;\"><em>Le jour de notre visite, nous avons pu assister \u00e0 des animations recr\u00e9ant l&rsquo;ambiance m\u00e9di\u00e9vale avec des reconstitutions en costume d&rsquo;une herboristerie, d&rsquo;une taverne ou de combats de chevaliers&#8230; Nous avons particuli\u00e8rement appr\u00e9ci\u00e9 de d\u00e9couvrir le jardin m\u00e9di\u00e9val avec son potager et ses plantes m\u00e9dicinales, les devinettes de l&rsquo;herboriste sur l&rsquo;utilisation des simples, les machines de si\u00e8ge telles que tr\u00e9buchet, b\u00e9lier, catapulte, couillards ou bricoles&#8230; Le paysage proven\u00e7al \u00e9tait aussi impressionnant.\u00a0<\/em><\/p>\n<div class=\"tiled-gallery type-rectangular tiled-gallery-unresized\" data-original-width=\"676\" data-carousel-extra='{&quot;blog_id&quot;:1,&quot;permalink&quot;:&quot;https:\\\/\\\/www.jojoenherbe.com\\\/index.php\\\/2025\\\/06\\\/07\\\/semaine-23-du-projet-52-2025-chateau\\\/&quot;,&quot;likes_blog_id&quot;:141396489}' itemscope itemtype=\"http:\/\/schema.org\/ImageGallery\" > <div class=\"gallery-row\" style=\"width: 676px; height: 339px;\" data-original-width=\"676\" data-original-height=\"339\" > <div class=\"gallery-group images-2\" style=\"width: 225px; height: 339px;\" data-original-width=\"225\" data-original-height=\"339\" > <div class=\"tiled-gallery-item tiled-gallery-item-small\" itemprop=\"associatedMedia\" itemscope itemtype=\"http:\/\/schema.org\/ImageObject\"> <a href=\"https:\/\/www.jojoenherbe.com\/index.php\/2025\/06\/07\/semaine-23-du-projet-52-2025-chateau\/chateau-des-baux-de-provence-2\/\" border=\"0\" itemprop=\"url\"> <meta itemprop=\"width\" content=\"221\"> <meta itemprop=\"height\" content=\"166\"> <img decoding=\"async\" class=\"\" data-attachment-id=\"39639\" data-orig-file=\"https:\/\/www.jojoenherbe.com\/wp-content\/uploads\/2025\/06\/chateau-des-Baux-de-Provence-2-scaled.jpg\" data-orig-size=\"2560,1920\" data-comments-opened=\"1\" data-image-meta=\"{&quot;aperture&quot;:&quot;3.2&quot;,&quot;credit&quot;:&quot;&quot;,&quot;camera&quot;:&quot;DSC-HX400V&quot;,&quot;caption&quot;:&quot;&quot;,&quot;created_timestamp&quot;:&quot;1748532067&quot;,&quot;copyright&quot;:&quot;&quot;,&quot;focal_length&quot;:&quot;4.3&quot;,&quot;iso&quot;:&quot;80&quot;,&quot;shutter_speed&quot;:&quot;0.001&quot;,&quot;title&quot;:&quot;&quot;,&quot;orientation&quot;:&quot;1&quot;}\" data-image-title=\"ch\u00e2teau des Baux-de-Provence 2\" data-image-description=\"\" data-medium-file=\"https:\/\/i0.wp.com\/www.jojoenherbe.com\/wp-content\/uploads\/2025\/06\/chateau-des-Baux-de-Provence-2-scaled.jpg?fit=300%2C225&#038;ssl=1\" data-large-file=\"https:\/\/i0.wp.com\/www.jojoenherbe.com\/wp-content\/uploads\/2025\/06\/chateau-des-Baux-de-Provence-2-scaled.jpg?fit=676%2C507&#038;ssl=1\" src=\"https:\/\/i0.wp.com\/www.jojoenherbe.com\/wp-content\/uploads\/2025\/06\/chateau-des-Baux-de-Provence-2-scaled.jpg?w=221&#038;h=166&#038;ssl=1\" srcset=\"https:\/\/i0.wp.com\/www.jojoenherbe.com\/wp-content\/uploads\/2025\/06\/chateau-des-Baux-de-Provence-2-scaled.jpg?w=2560&amp;ssl=1 2560w, https:\/\/i0.wp.com\/www.jojoenherbe.com\/wp-content\/uploads\/2025\/06\/chateau-des-Baux-de-Provence-2-scaled.jpg?resize=300%2C225&amp;ssl=1 300w, https:\/\/i0.wp.com\/www.jojoenherbe.com\/wp-content\/uploads\/2025\/06\/chateau-des-Baux-de-Provence-2-scaled.jpg?resize=1024%2C768&amp;ssl=1 1024w, https:\/\/i0.wp.com\/www.jojoenherbe.com\/wp-content\/uploads\/2025\/06\/chateau-des-Baux-de-Provence-2-scaled.jpg?resize=768%2C576&amp;ssl=1 768w, https:\/\/i0.wp.com\/www.jojoenherbe.com\/wp-content\/uploads\/2025\/06\/chateau-des-Baux-de-Provence-2-scaled.jpg?resize=1536%2C1152&amp;ssl=1 1536w, https:\/\/i0.wp.com\/www.jojoenherbe.com\/wp-content\/uploads\/2025\/06\/chateau-des-Baux-de-Provence-2-scaled.jpg?resize=2048%2C1536&amp;ssl=1 2048w, https:\/\/i0.wp.com\/www.jojoenherbe.com\/wp-content\/uploads\/2025\/06\/chateau-des-Baux-de-Provence-2-scaled.jpg?resize=676%2C507&amp;ssl=1 676w, https:\/\/i0.wp.com\/www.jojoenherbe.com\/wp-content\/uploads\/2025\/06\/chateau-des-Baux-de-Provence-2-scaled.jpg?w=1352 1352w\" width=\"221\" height=\"166\" loading=\"lazy\" data-original-width=\"221\" data-original-height=\"166\" itemprop=\"http:\/\/schema.org\/image\" title=\"ch\u00e2teau des Baux-de-Provence 2\" alt=\"ch\u00e2teau des Baux-de-Provence 2\" style=\"width: 221px; height: 166px;\" \/> <\/a> <\/div> <div class=\"tiled-gallery-item tiled-gallery-item-small\" itemprop=\"associatedMedia\" itemscope itemtype=\"http:\/\/schema.org\/ImageObject\"> <a href=\"https:\/\/www.jojoenherbe.com\/index.php\/2025\/06\/07\/semaine-23-du-projet-52-2025-chateau\/chateau-des-baux-de-provence-4\/\" border=\"0\" itemprop=\"url\"> <meta itemprop=\"width\" content=\"221\"> <meta itemprop=\"height\" content=\"165\"> <img decoding=\"async\" class=\"\" data-attachment-id=\"39641\" data-orig-file=\"https:\/\/www.jojoenherbe.com\/wp-content\/uploads\/2025\/06\/chateau-des-Baux-de-Provence-4-scaled.jpg\" data-orig-size=\"2560,1920\" data-comments-opened=\"1\" data-image-meta=\"{&quot;aperture&quot;:&quot;3.2&quot;,&quot;credit&quot;:&quot;&quot;,&quot;camera&quot;:&quot;DSC-HX400V&quot;,&quot;caption&quot;:&quot;&quot;,&quot;created_timestamp&quot;:&quot;1748533477&quot;,&quot;copyright&quot;:&quot;&quot;,&quot;focal_length&quot;:&quot;4.3&quot;,&quot;iso&quot;:&quot;80&quot;,&quot;shutter_speed&quot;:&quot;0.0005&quot;,&quot;title&quot;:&quot;&quot;,&quot;orientation&quot;:&quot;1&quot;}\" data-image-title=\"ch\u00e2teau des Baux-de-Provence 4\" data-image-description=\"\" data-medium-file=\"https:\/\/i0.wp.com\/www.jojoenherbe.com\/wp-content\/uploads\/2025\/06\/chateau-des-Baux-de-Provence-4-scaled.jpg?fit=300%2C225&#038;ssl=1\" data-large-file=\"https:\/\/i0.wp.com\/www.jojoenherbe.com\/wp-content\/uploads\/2025\/06\/chateau-des-Baux-de-Provence-4-scaled.jpg?fit=676%2C507&#038;ssl=1\" src=\"https:\/\/i0.wp.com\/www.jojoenherbe.com\/wp-content\/uploads\/2025\/06\/chateau-des-Baux-de-Provence-4-scaled.jpg?w=221&#038;h=165&#038;ssl=1\" srcset=\"https:\/\/i0.wp.com\/www.jojoenherbe.com\/wp-content\/uploads\/2025\/06\/chateau-des-Baux-de-Provence-4-scaled.jpg?w=2560&amp;ssl=1 2560w, https:\/\/i0.wp.com\/www.jojoenherbe.com\/wp-content\/uploads\/2025\/06\/chateau-des-Baux-de-Provence-4-scaled.jpg?resize=300%2C225&amp;ssl=1 300w, https:\/\/i0.wp.com\/www.jojoenherbe.com\/wp-content\/uploads\/2025\/06\/chateau-des-Baux-de-Provence-4-scaled.jpg?resize=1024%2C768&amp;ssl=1 1024w, https:\/\/i0.wp.com\/www.jojoenherbe.com\/wp-content\/uploads\/2025\/06\/chateau-des-Baux-de-Provence-4-scaled.jpg?resize=768%2C576&amp;ssl=1 768w, https:\/\/i0.wp.com\/www.jojoenherbe.com\/wp-content\/uploads\/2025\/06\/chateau-des-Baux-de-Provence-4-scaled.jpg?resize=1536%2C1152&amp;ssl=1 1536w, https:\/\/i0.wp.com\/www.jojoenherbe.com\/wp-content\/uploads\/2025\/06\/chateau-des-Baux-de-Provence-4-scaled.jpg?resize=2048%2C1536&amp;ssl=1 2048w, https:\/\/i0.wp.com\/www.jojoenherbe.com\/wp-content\/uploads\/2025\/06\/chateau-des-Baux-de-Provence-4-scaled.jpg?resize=676%2C507&amp;ssl=1 676w, https:\/\/i0.wp.com\/www.jojoenherbe.com\/wp-content\/uploads\/2025\/06\/chateau-des-Baux-de-Provence-4-scaled.jpg?w=1352 1352w\" width=\"221\" height=\"165\" loading=\"lazy\" data-original-width=\"221\" data-original-height=\"165\" itemprop=\"http:\/\/schema.org\/image\" title=\"ch\u00e2teau des Baux-de-Provence 4\" alt=\"ch\u00e2teau des Baux-de-Provence 4\" style=\"width: 221px; height: 165px;\" \/> <\/a> <\/div> <\/div> <!-- close group --> <div class=\"gallery-group images-1\" style=\"width: 451px; height: 339px;\" data-original-width=\"451\" data-original-height=\"339\" > <div class=\"tiled-gallery-item tiled-gallery-item-large\" itemprop=\"associatedMedia\" itemscope itemtype=\"http:\/\/schema.org\/ImageObject\"> <a href=\"https:\/\/www.jojoenherbe.com\/index.php\/2025\/06\/07\/semaine-23-du-projet-52-2025-chateau\/chateau-des-baux-de-provence-3\/\" border=\"0\" itemprop=\"url\"> <meta itemprop=\"width\" content=\"447\"> <meta itemprop=\"height\" content=\"335\"> <img decoding=\"async\" class=\"\" data-attachment-id=\"39640\" data-orig-file=\"https:\/\/www.jojoenherbe.com\/wp-content\/uploads\/2025\/06\/chateau-des-Baux-de-Provence-3-scaled.jpg\" data-orig-size=\"2560,1920\" data-comments-opened=\"1\" data-image-meta=\"{&quot;aperture&quot;:&quot;3.2&quot;,&quot;credit&quot;:&quot;&quot;,&quot;camera&quot;:&quot;DSC-HX400V&quot;,&quot;caption&quot;:&quot;&quot;,&quot;created_timestamp&quot;:&quot;1748533512&quot;,&quot;copyright&quot;:&quot;&quot;,&quot;focal_length&quot;:&quot;4.3&quot;,&quot;iso&quot;:&quot;80&quot;,&quot;shutter_speed&quot;:&quot;0.0008&quot;,&quot;title&quot;:&quot;&quot;,&quot;orientation&quot;:&quot;1&quot;}\" data-image-title=\"ch\u00e2teau des Baux-de-Provence 3\" data-image-description=\"\" data-medium-file=\"https:\/\/i0.wp.com\/www.jojoenherbe.com\/wp-content\/uploads\/2025\/06\/chateau-des-Baux-de-Provence-3-scaled.jpg?fit=300%2C225&#038;ssl=1\" data-large-file=\"https:\/\/i0.wp.com\/www.jojoenherbe.com\/wp-content\/uploads\/2025\/06\/chateau-des-Baux-de-Provence-3-scaled.jpg?fit=676%2C507&#038;ssl=1\" src=\"https:\/\/i0.wp.com\/www.jojoenherbe.com\/wp-content\/uploads\/2025\/06\/chateau-des-Baux-de-Provence-3-scaled.jpg?w=447&#038;h=335&#038;ssl=1\" srcset=\"https:\/\/i0.wp.com\/www.jojoenherbe.com\/wp-content\/uploads\/2025\/06\/chateau-des-Baux-de-Provence-3-scaled.jpg?w=2560&amp;ssl=1 2560w, https:\/\/i0.wp.com\/www.jojoenherbe.com\/wp-content\/uploads\/2025\/06\/chateau-des-Baux-de-Provence-3-scaled.jpg?resize=300%2C225&amp;ssl=1 300w, https:\/\/i0.wp.com\/www.jojoenherbe.com\/wp-content\/uploads\/2025\/06\/chateau-des-Baux-de-Provence-3-scaled.jpg?resize=1024%2C768&amp;ssl=1 1024w, https:\/\/i0.wp.com\/www.jojoenherbe.com\/wp-content\/uploads\/2025\/06\/chateau-des-Baux-de-Provence-3-scaled.jpg?resize=768%2C576&amp;ssl=1 768w, https:\/\/i0.wp.com\/www.jojoenherbe.com\/wp-content\/uploads\/2025\/06\/chateau-des-Baux-de-Provence-3-scaled.jpg?resize=1536%2C1152&amp;ssl=1 1536w, https:\/\/i0.wp.com\/www.jojoenherbe.com\/wp-content\/uploads\/2025\/06\/chateau-des-Baux-de-Provence-3-scaled.jpg?resize=2048%2C1536&amp;ssl=1 2048w, https:\/\/i0.wp.com\/www.jojoenherbe.com\/wp-content\/uploads\/2025\/06\/chateau-des-Baux-de-Provence-3-scaled.jpg?resize=676%2C507&amp;ssl=1 676w, https:\/\/i0.wp.com\/www.jojoenherbe.com\/wp-content\/uploads\/2025\/06\/chateau-des-Baux-de-Provence-3-scaled.jpg?w=1352 1352w\" width=\"447\" height=\"335\" loading=\"lazy\" data-original-width=\"447\" data-original-height=\"335\" itemprop=\"http:\/\/schema.org\/image\" title=\"ch\u00e2teau des Baux-de-Provence 3\" alt=\"ch\u00e2teau des Baux-de-Provence 3\" style=\"width: 447px; height: 335px;\" \/> <\/a> <\/div> <\/div> <!-- close group --> <\/div> <!-- close row --> <\/div>\n<p><a href=\"https:\/\/i0.wp.com\/www.jojoenherbe.com\/wp-content\/uploads\/2025\/06\/Projet-52-2025-Du-Cote-de-chez-Ma.jpg\"><img data-recalc-dims=\"1\" loading=\"lazy\" decoding=\"async\" data-attachment-id=\"39634\" data-permalink=\"https:\/\/www.jojoenherbe.com\/index.php\/2025\/06\/07\/semaine-23-du-projet-52-2025-chateau\/projet-52-2025-du-cote-de-chez-ma\/\" data-orig-file=\"https:\/\/i0.wp.com\/www.jojoenherbe.com\/wp-content\/uploads\/2025\/06\/Projet-52-2025-Du-Cote-de-chez-Ma.jpg?fit=767%2C643&amp;ssl=1\" data-orig-size=\"767,643\" data-comments-opened=\"1\" data-image-meta=\"{&quot;aperture&quot;:&quot;0&quot;,&quot;credit&quot;:&quot;&quot;,&quot;camera&quot;:&quot;&quot;,&quot;caption&quot;:&quot;&quot;,&quot;created_timestamp&quot;:&quot;0&quot;,&quot;copyright&quot;:&quot;&quot;,&quot;focal_length&quot;:&quot;0&quot;,&quot;iso&quot;:&quot;0&quot;,&quot;shutter_speed&quot;:&quot;0&quot;,&quot;title&quot;:&quot;&quot;,&quot;orientation&quot;:&quot;0&quot;}\" data-image-title=\"Projet 52-2025 Du C\u00f4t\u00e9 de chez Ma&amp;rsquo;\" data-image-description=\"\" data-image-caption=\"\" data-large-file=\"https:\/\/i0.wp.com\/www.jojoenherbe.com\/wp-content\/uploads\/2025\/06\/Projet-52-2025-Du-Cote-de-chez-Ma.jpg?fit=676%2C567&amp;ssl=1\" class=\"wp-image-39634 aligncenter\" src=\"https:\/\/i0.wp.com\/www.jojoenherbe.com\/wp-content\/uploads\/2025\/06\/Projet-52-2025-Du-Cote-de-chez-Ma.jpg?resize=183%2C154\" alt=\"\" width=\"183\" height=\"154\" srcset=\"https:\/\/i0.wp.com\/www.jojoenherbe.com\/wp-content\/uploads\/2025\/06\/Projet-52-2025-Du-Cote-de-chez-Ma.jpg?w=767&amp;ssl=1 767w, https:\/\/i0.wp.com\/www.jojoenherbe.com\/wp-content\/uploads\/2025\/06\/Projet-52-2025-Du-Cote-de-chez-Ma.jpg?resize=300%2C251&amp;ssl=1 300w, https:\/\/i0.wp.com\/www.jojoenherbe.com\/wp-content\/uploads\/2025\/06\/Projet-52-2025-Du-Cote-de-chez-Ma.jpg?resize=676%2C567&amp;ssl=1 676w\" sizes=\"auto, (max-width: 183px) 100vw, 183px\" \/><\/a><\/p>\n\n\n<p><\/p>\n","protected":false},"excerpt":{"rendered":"<p>Pour la semaine 23 du Projet 52-2025 de Du c\u00f4t\u00e9 de chez Ma\u2019, le th\u00e8me est \u00ab\u00a0Ch\u00e2teau\u00ab\u00a0. J&rsquo;ai tout de suite pens\u00e9 pour illustrer ce th\u00e8me \u00e0 notre derni\u00e8re visite du Ch\u00e2teau des Baux-de-Provence de la semaine derni\u00e8re, une forteresse m\u00e9di\u00e9vale semi-troglodytique du XIIe si\u00e8cle et dont on retrouve des traces de castrum d\u00e8s le [&hellip;]<\/p>\n","protected":false},"author":1,"featured_media":39636,"comment_status":"open","ping_status":"open","sticky":false,"template":"","format":"standard","meta":{"jetpack_post_was_ever_published":false,"_jetpack_newsletter_access":"","_jetpack_dont_email_post_to_subs":false,"_jetpack_newsletter_tier_id":0,"_jetpack_memberships_contains_paywalled_content":false,"_jetpack_memberships_contains_paid_content":false,"footnotes":""},"categories":[437,4],"tags":[4620,60,976,4621,4624,3378,654,4623,4625,55,5,3132,532,4491,4622,1506],"class_list":["post-39633","post","type-post","status-publish","format-standard","has-post-thumbnail","hentry","category-mini-photographe","category-mini-visiteur","tag-baux-de-provence","tag-bouches-du-rhone","tag-chateau","tag-chateau-fort","tag-donjon","tag-habitation-semi-troglodytique","tag-jardin-medieval","tag-machine-de-siege","tag-massif-des-alpilles","tag-monuments-historiques","tag-paca","tag-pigeonnier","tag-potager","tag-projet-52-2025","tag-provence-medievale","tag-region-sud","post-preview"],"jetpack_featured_media_url":"https:\/\/i0.wp.com\/www.jojoenherbe.com\/wp-content\/uploads\/2025\/06\/chateau-des-Baux-de-Provence-scaled.jpg?fit=2560%2C2093&ssl=1","jetpack_sharing_enabled":true,"jetpack_shortlink":"https:\/\/wp.me\/p9zhGx-ajf","jetpack_likes_enabled":true,"jetpack-related-posts":[{"id":41752,"url":"https:\/\/www.jojoenherbe.com\/index.php\/2025\/12\/14\/semaine-50-du-projet-52-2025-eclairer\/","url_meta":{"origin":39633,"position":0},"title":"Semaine 50 du Projet 52-2025: \u00ab\u00a0\u00c9clairer\u00a0\u00bb","author":"Jojo","date":"14 d\u00e9cembre 2025","format":false,"excerpt":"Pour la semaine 50 du Projet 52-2025 de Du c\u00f4t\u00e9 de chez Ma\u2019, le th\u00e8me est \"\u00c9clairer\", un th\u00e8me qui m'a imm\u00e9diatement fait penser au 8 d\u00e9cembre et \u00e0 la f\u00eate des lumi\u00e8res \u00e0 Lyon. Alors voici une photo prise hier soir pendant le d\u00e9fil\u00e9 des lampions, dans les rues\u2026","rel":"","context":"Dans &quot;mini photographe&quot;","block_context":{"text":"mini photographe","link":"https:\/\/www.jojoenherbe.com\/index.php\/category\/mini-photographe\/"},"img":{"alt_text":"","src":"https:\/\/i0.wp.com\/www.jojoenherbe.com\/wp-content\/uploads\/2025\/12\/Mouans-Sartoux-Noel-2025-2-scaled.jpg?fit=900%2C1200&ssl=1&resize=350%2C200","width":350,"height":200,"srcset":"https:\/\/i0.wp.com\/www.jojoenherbe.com\/wp-content\/uploads\/2025\/12\/Mouans-Sartoux-Noel-2025-2-scaled.jpg?fit=900%2C1200&ssl=1&resize=350%2C200 1x, https:\/\/i0.wp.com\/www.jojoenherbe.com\/wp-content\/uploads\/2025\/12\/Mouans-Sartoux-Noel-2025-2-scaled.jpg?fit=900%2C1200&ssl=1&resize=525%2C300 1.5x, https:\/\/i0.wp.com\/www.jojoenherbe.com\/wp-content\/uploads\/2025\/12\/Mouans-Sartoux-Noel-2025-2-scaled.jpg?fit=900%2C1200&ssl=1&resize=700%2C400 2x"},"classes":[]},{"id":26049,"url":"https:\/\/www.jojoenherbe.com\/index.php\/2022\/06\/19\/semaine-24-du-projet-52-2022-se-mettre-au-vert\/","url_meta":{"origin":39633,"position":1},"title":"Semaine 24 du Projet 52-2022: Se mettre au vert","author":"Jojo","date":"19 juin 2022","format":false,"excerpt":"Pour la semaine 24 du Projet 52-2022 de Du c\u00f4t\u00e9 de chez Ma\u2019, le th\u00e8me est \"Se mettre au vert\". Voici une photo prise cet apr\u00e8s-midi \u00e0 la colline du ch\u00e2teau de Nice. Il s'agit de la cascade m\u00eame si elle ne fonctionne en raison de la s\u00e9cheresse actuelle. Mais\u2026","rel":"","context":"Dans &quot;mini photographe&quot;","block_context":{"text":"mini photographe","link":"https:\/\/www.jojoenherbe.com\/index.php\/category\/mini-photographe\/"},"img":{"alt_text":"","src":"https:\/\/i0.wp.com\/www.jojoenherbe.com\/wp-content\/uploads\/2022\/06\/Cascade-colline-du-chateau-de-Nice-scaled.jpg?fit=1200%2C900&ssl=1&resize=350%2C200","width":350,"height":200,"srcset":"https:\/\/i0.wp.com\/www.jojoenherbe.com\/wp-content\/uploads\/2022\/06\/Cascade-colline-du-chateau-de-Nice-scaled.jpg?fit=1200%2C900&ssl=1&resize=350%2C200 1x, https:\/\/i0.wp.com\/www.jojoenherbe.com\/wp-content\/uploads\/2022\/06\/Cascade-colline-du-chateau-de-Nice-scaled.jpg?fit=1200%2C900&ssl=1&resize=525%2C300 1.5x, https:\/\/i0.wp.com\/www.jojoenherbe.com\/wp-content\/uploads\/2022\/06\/Cascade-colline-du-chateau-de-Nice-scaled.jpg?fit=1200%2C900&ssl=1&resize=700%2C400 2x, https:\/\/i0.wp.com\/www.jojoenherbe.com\/wp-content\/uploads\/2022\/06\/Cascade-colline-du-chateau-de-Nice-scaled.jpg?fit=1200%2C900&ssl=1&resize=1050%2C600 3x"},"classes":[]},{"id":8029,"url":"https:\/\/www.jojoenherbe.com\/index.php\/2019\/10\/13\/une-plante-face-a-la-mer\/","url_meta":{"origin":39633,"position":2},"title":"Une plante face \u00e0 la Mer","author":"Jojo","date":"13 octobre 2019","format":false,"excerpt":"Pour cette semaine 41 du Projet 52-2019 de Du c\u00f4t\u00e9 de chez Ma', le th\u00e8me est \"Plante\". Pour illustrer ce th\u00e8me, une petite photo prise lors d'une de nos sorties dans le Parc de la Grande Corniche, au-dessus d'\u00c8ze, du c\u00f4t\u00e9 du Fort de la Rev\u00e8re. J'aurai \u00e9galement pu choisir\u2026","rel":"","context":"Dans &quot;mini photographe&quot;","block_context":{"text":"mini photographe","link":"https:\/\/www.jojoenherbe.com\/index.php\/category\/mini-photographe\/"},"img":{"alt_text":"","src":"https:\/\/i0.wp.com\/www.jojoenherbe.com\/wp-content\/uploads\/2018\/10\/Fort-de-la-Rev%C3%A8re-1.jpg?fit=1200%2C900&ssl=1&resize=350%2C200","width":350,"height":200,"srcset":"https:\/\/i0.wp.com\/www.jojoenherbe.com\/wp-content\/uploads\/2018\/10\/Fort-de-la-Rev%C3%A8re-1.jpg?fit=1200%2C900&ssl=1&resize=350%2C200 1x, https:\/\/i0.wp.com\/www.jojoenherbe.com\/wp-content\/uploads\/2018\/10\/Fort-de-la-Rev%C3%A8re-1.jpg?fit=1200%2C900&ssl=1&resize=525%2C300 1.5x, https:\/\/i0.wp.com\/www.jojoenherbe.com\/wp-content\/uploads\/2018\/10\/Fort-de-la-Rev%C3%A8re-1.jpg?fit=1200%2C900&ssl=1&resize=700%2C400 2x, https:\/\/i0.wp.com\/www.jojoenherbe.com\/wp-content\/uploads\/2018\/10\/Fort-de-la-Rev%C3%A8re-1.jpg?fit=1200%2C900&ssl=1&resize=1050%2C600 3x"},"classes":[]},{"id":39744,"url":"https:\/\/www.jojoenherbe.com\/index.php\/2025\/06\/15\/semaine-24-du-projet-52-2025-faire-attention\/","url_meta":{"origin":39633,"position":3},"title":"Semaine 24 du Projet 52-2025: \u00ab\u00a0Faire attention\u00a0\u00bb","author":"Jojo","date":"15 juin 2025","format":false,"excerpt":"Pour la semaine 24 du Projet 52-2025 de Du c\u00f4t\u00e9 de chez Ma\u2019, le th\u00e8me est \"Faire attention\". J'ai tout de suite pens\u00e9 pour illustrer ce th\u00e8me \u00e0 deux panneaux au bord du sentier permettant de rejoindre les rives de la rivi\u00e8re de la Durance, au pied de l'ancien pont\u2026","rel":"","context":"Dans &quot;Mini baladeur&quot;","block_context":{"text":"Mini baladeur","link":"https:\/\/www.jojoenherbe.com\/index.php\/category\/mini-crapahuteur\/mini-baladeur\/"},"img":{"alt_text":"","src":"https:\/\/i0.wp.com\/www.jojoenherbe.com\/wp-content\/uploads\/2025\/06\/Pont-suspendu-Mallemort-6-scaled.jpg?fit=1200%2C708&ssl=1&resize=350%2C200","width":350,"height":200,"srcset":"https:\/\/i0.wp.com\/www.jojoenherbe.com\/wp-content\/uploads\/2025\/06\/Pont-suspendu-Mallemort-6-scaled.jpg?fit=1200%2C708&ssl=1&resize=350%2C200 1x, https:\/\/i0.wp.com\/www.jojoenherbe.com\/wp-content\/uploads\/2025\/06\/Pont-suspendu-Mallemort-6-scaled.jpg?fit=1200%2C708&ssl=1&resize=525%2C300 1.5x, https:\/\/i0.wp.com\/www.jojoenherbe.com\/wp-content\/uploads\/2025\/06\/Pont-suspendu-Mallemort-6-scaled.jpg?fit=1200%2C708&ssl=1&resize=700%2C400 2x, https:\/\/i0.wp.com\/www.jojoenherbe.com\/wp-content\/uploads\/2025\/06\/Pont-suspendu-Mallemort-6-scaled.jpg?fit=1200%2C708&ssl=1&resize=1050%2C600 3x"},"classes":[]},{"id":25704,"url":"https:\/\/www.jojoenherbe.com\/index.php\/2022\/05\/29\/semaine-21-du-projet-52-2022-animal\/","url_meta":{"origin":39633,"position":4},"title":"Semaine 21 du Projet 52-2022: Animal","author":"Jojo","date":"29 mai 2022","format":false,"excerpt":"Pour la semaine 21 du Projet 52-2022 de Du c\u00f4t\u00e9 de chez Ma\u2019, le th\u00e8me est \"Animal\". Je reste au m\u00eame endroit que la semaine derni\u00e8re avec une photo de marmottes prise hier au col de la Cayolle permettant de passer des Alpes-Maritimes aux Alpes-de-Haute-Provence. Contrairement \u00e0 juillet 2015, il\u2026","rel":"","context":"Dans &quot;mini photographe&quot;","block_context":{"text":"mini photographe","link":"https:\/\/www.jojoenherbe.com\/index.php\/category\/mini-photographe\/"},"img":{"alt_text":"","src":"https:\/\/i0.wp.com\/www.jojoenherbe.com\/wp-content\/uploads\/2022\/05\/Marmotte-Col-de-la-Cayolle-2-scaled.jpg?fit=1200%2C900&ssl=1&resize=350%2C200","width":350,"height":200,"srcset":"https:\/\/i0.wp.com\/www.jojoenherbe.com\/wp-content\/uploads\/2022\/05\/Marmotte-Col-de-la-Cayolle-2-scaled.jpg?fit=1200%2C900&ssl=1&resize=350%2C200 1x, https:\/\/i0.wp.com\/www.jojoenherbe.com\/wp-content\/uploads\/2022\/05\/Marmotte-Col-de-la-Cayolle-2-scaled.jpg?fit=1200%2C900&ssl=1&resize=525%2C300 1.5x, https:\/\/i0.wp.com\/www.jojoenherbe.com\/wp-content\/uploads\/2022\/05\/Marmotte-Col-de-la-Cayolle-2-scaled.jpg?fit=1200%2C900&ssl=1&resize=700%2C400 2x, https:\/\/i0.wp.com\/www.jojoenherbe.com\/wp-content\/uploads\/2022\/05\/Marmotte-Col-de-la-Cayolle-2-scaled.jpg?fit=1200%2C900&ssl=1&resize=1050%2C600 3x"},"classes":[]},{"id":6808,"url":"https:\/\/www.jojoenherbe.com\/index.php\/2019\/07\/20\/des-boulets-dans-le-vieux-nice\/","url_meta":{"origin":39633,"position":5},"title":"Des boulets dans le Vieux-Nice","author":"Jojo","date":"20 juillet 2019","format":false,"excerpt":"Pour la semaine 29 du Projet 52-2019 de Du C\u00f4t\u00e9 de Chez Ma\u2019, le th\u00e8me est \"Rond\". Bien que nous c\u00e9l\u00e9brons le cinquanti\u00e8me anniversaire des premiers pas de l'Homme sur la Lune, j'ai choisi un autre sujet tout aussi historique et qui permet une d\u00e9ambulation un brin insolite dans le\u2026","rel":"","context":"Dans &quot;mini photographe&quot;","block_context":{"text":"mini photographe","link":"https:\/\/www.jojoenherbe.com\/index.php\/category\/mini-photographe\/"},"img":{"alt_text":"","src":"https:\/\/i0.wp.com\/www.jojoenherbe.com\/wp-content\/uploads\/2019\/07\/Boulet-Nice.jpg?fit=1200%2C900&ssl=1&resize=350%2C200","width":350,"height":200,"srcset":"https:\/\/i0.wp.com\/www.jojoenherbe.com\/wp-content\/uploads\/2019\/07\/Boulet-Nice.jpg?fit=1200%2C900&ssl=1&resize=350%2C200 1x, https:\/\/i0.wp.com\/www.jojoenherbe.com\/wp-content\/uploads\/2019\/07\/Boulet-Nice.jpg?fit=1200%2C900&ssl=1&resize=525%2C300 1.5x, https:\/\/i0.wp.com\/www.jojoenherbe.com\/wp-content\/uploads\/2019\/07\/Boulet-Nice.jpg?fit=1200%2C900&ssl=1&resize=700%2C400 2x, https:\/\/i0.wp.com\/www.jojoenherbe.com\/wp-content\/uploads\/2019\/07\/Boulet-Nice.jpg?fit=1200%2C900&ssl=1&resize=1050%2C600 3x"},"classes":[]}],"_links":{"self":[{"href":"https:\/\/www.jojoenherbe.com\/index.php\/wp-json\/wp\/v2\/posts\/39633","targetHints":{"allow":["GET"]}}],"collection":[{"href":"https:\/\/www.jojoenherbe.com\/index.php\/wp-json\/wp\/v2\/posts"}],"about":[{"href":"https:\/\/www.jojoenherbe.com\/index.php\/wp-json\/wp\/v2\/types\/post"}],"author":[{"embeddable":true,"href":"https:\/\/www.jojoenherbe.com\/index.php\/wp-json\/wp\/v2\/users\/1"}],"replies":[{"embeddable":true,"href":"https:\/\/www.jojoenherbe.com\/index.php\/wp-json\/wp\/v2\/comments?post=39633"}],"version-history":[{"count":7,"href":"https:\/\/www.jojoenherbe.com\/index.php\/wp-json\/wp\/v2\/posts\/39633\/revisions"}],"predecessor-version":[{"id":39645,"href":"https:\/\/www.jojoenherbe.com\/index.php\/wp-json\/wp\/v2\/posts\/39633\/revisions\/39645"}],"wp:featuredmedia":[{"embeddable":true,"href":"https:\/\/www.jojoenherbe.com\/index.php\/wp-json\/wp\/v2\/media\/39636"}],"wp:attachment":[{"href":"https:\/\/www.jojoenherbe.com\/index.php\/wp-json\/wp\/v2\/media?parent=39633"}],"wp:term":[{"taxonomy":"category","embeddable":true,"href":"https:\/\/www.jojoenherbe.com\/index.php\/wp-json\/wp\/v2\/categories?post=39633"},{"taxonomy":"post_tag","embeddable":true,"href":"https:\/\/www.jojoenherbe.com\/index.php\/wp-json\/wp\/v2\/tags?post=39633"}],"curies":[{"name":"wp","href":"https:\/\/api.w.org\/{rel}","templated":true}]}}