{"id":39554,"date":"2025-06-01T17:28:32","date_gmt":"2025-06-01T15:28:32","guid":{"rendered":"https:\/\/www.jojoenherbe.com\/?p=39554"},"modified":"2025-06-28T19:19:26","modified_gmt":"2025-06-28T17:19:26","slug":"billet-de-suivi-le-mois-anglais-2025","status":"publish","type":"post","link":"https:\/\/www.jojoenherbe.com\/index.php\/2025\/06\/01\/billet-de-suivi-le-mois-anglais-2025\/","title":{"rendered":"Billet de suivi: Le Mois Anglais 2025"},"content":{"rendered":"<p style=\"text-align: justify;\"><em>Comme d\u00e9j\u00e0 depuis plusieurs ann\u00e9es, je participe tout au long du mois de juin au challenge Le Mois Anglais 2025 coorganis\u00e9 par <a href=\"https:\/\/www.myloubook.com\/\">Lou<\/a> et <a href=\"https:\/\/plaisirsacultiver.com\/\">Titine<\/a>. Le programme est libre. J&rsquo;ai pr\u00e9vu plusieurs lectures, un atelier cr\u00e9atif avec les copinautes Syl, Isabelle et Hilde ainsi que des pauses gourmandes avec la Brigade des Marmitonnes le dimanche. Pour plus d\u2019infos, n\u2019h\u00e9sitez pas \u00e0 aller sur leurs blogs ou \u00e0 rejoindre le groupe FB: <a href=\"https:\/\/www.facebook.com\/groups\/295105743832863\">ici<\/a>.<\/em><\/p>\n<p style=\"text-align: justify;\"><em>Ce billet sera actualis\u00e9 au fil du mois en tenant compte uniquement de nos lectures anglaises tout en faisant un billet s\u00e9par\u00e9 pour chaque participation. <\/em><\/p>\n<p style=\"text-align: justify;\"><em>Pour des id\u00e9es anglaises chez les autres participantes: Lou, Titine, <a href=\"https:\/\/lelivroblog.fr\/2025\/06\/01\/le-mois-anglais-2025-billet-de-presentation-et-recapitulatif\/\">Hilde<\/a>, Syl, Isabelle, Nathalie, <a href=\"https:\/\/croquerlespages.canalblog.com\/2025\/05\/english-month-diary.html\">Fondant<\/a>, Bidib, <a href=\"https:\/\/ennalit.wordpress.com\/2025\/05\/31\/le-mois-anglais-2025\/\">Enna<\/a>, Eimelle, <a href=\"https:\/\/lightandsmell.wordpress.com\/2025\/06\/03\/challenge-le-mois-anglais-2025-mon-programme\/\">Audrey<\/a>, <a href=\"https:\/\/deslivresdeslivres.wordpress.com\/2025\/05\/24\/le-mois-anglais-2025\/\">Bianca<\/a>, <a href=\"https:\/\/thecanniballecteur.wordpress.com\/2025\/05\/25\/the-english-month-or-not-english-month-le-mois-anhttps:\/\/thecanniballecteur.wordpress.com\/2025\/05\/25\/the-english-month-or-not-english-month-le-mois-anglais-juin-2025-%f0%9f%87%ac%f0%9f%87%a7\/\">Belette<\/a>&#8230;<\/em><\/p>\n<p><span style=\"text-decoration: underline;\"><em>Semaine 1 du Mois Anglais 2025<\/em><\/span><\/p>\n<p style=\"text-align: justify;\"><em><a href=\"https:\/\/i0.wp.com\/www.jojoenherbe.com\/wp-content\/uploads\/2025\/06\/Les-Souris-du-Buisson-aux-Mures-La-Mer-scaled.jpg\"><img data-recalc-dims=\"1\" loading=\"lazy\" decoding=\"async\" data-attachment-id=\"39573\" data-permalink=\"https:\/\/www.jojoenherbe.com\/index.php\/2025\/06\/01\/billet-de-suivi-le-mois-anglais-2025\/les-souris-du-buisson-aux-mures-la-mer\/\" data-orig-file=\"https:\/\/i0.wp.com\/www.jojoenherbe.com\/wp-content\/uploads\/2025\/06\/Les-Souris-du-Buisson-aux-Mures-La-Mer-scaled.jpg?fit=2560%2C1957&amp;ssl=1\" data-orig-size=\"2560,1957\" data-comments-opened=\"1\" data-image-meta=\"{&quot;aperture&quot;:&quot;1.8&quot;,&quot;credit&quot;:&quot;&quot;,&quot;camera&quot;:&quot;iPhone 7&quot;,&quot;caption&quot;:&quot;&quot;,&quot;created_timestamp&quot;:&quot;1748880755&quot;,&quot;copyright&quot;:&quot;&quot;,&quot;focal_length&quot;:&quot;3.99&quot;,&quot;iso&quot;:&quot;100&quot;,&quot;shutter_speed&quot;:&quot;0.16666666666667&quot;,&quot;title&quot;:&quot;&quot;,&quot;orientation&quot;:&quot;1&quot;}\" data-image-title=\"Les Souris du Buisson-aux-M\u00fbres, La Mer\" data-image-description=\"\" data-image-caption=\"\" data-large-file=\"https:\/\/i0.wp.com\/www.jojoenherbe.com\/wp-content\/uploads\/2025\/06\/Les-Souris-du-Buisson-aux-Mures-La-Mer-scaled.jpg?fit=676%2C517&amp;ssl=1\" class=\"alignleft size-thumbnail wp-image-39573\" src=\"https:\/\/i0.wp.com\/www.jojoenherbe.com\/wp-content\/uploads\/2025\/06\/Les-Souris-du-Buisson-aux-Mures-La-Mer.jpg?resize=150%2C150\" alt=\"\" width=\"150\" height=\"150\" srcset=\"https:\/\/i0.wp.com\/www.jojoenherbe.com\/wp-content\/uploads\/2025\/06\/Les-Souris-du-Buisson-aux-Mures-La-Mer-scaled.jpg?resize=150%2C150&amp;ssl=1 150w, https:\/\/i0.wp.com\/www.jojoenherbe.com\/wp-content\/uploads\/2025\/06\/Les-Souris-du-Buisson-aux-Mures-La-Mer-scaled.jpg?zoom=2&amp;resize=150%2C150 300w, https:\/\/i0.wp.com\/www.jojoenherbe.com\/wp-content\/uploads\/2025\/06\/Les-Souris-du-Buisson-aux-Mures-La-Mer-scaled.jpg?zoom=3&amp;resize=150%2C150 450w\" sizes=\"auto, (max-width: 150px) 100vw, 150px\" \/><\/a>Dimanche soir, apr\u00e8s avoir lu le chapitre 9 du <span style=\"color: #3366ff;\">tome 2<\/span> de <span style=\"text-decoration: underline; color: #3366ff;\">La l\u00e9gende de Podkin le Brave<\/span> de Kieran Larwood, mon mini lutin a lu, tout seul, <span style=\"text-decoration: underline; color: #ff99cc;\">Les Souris du Buisson-aux-M\u00fbres, La Mer<\/span> de Jill Barklem (\u00e9d. Qilinn \u00c9ditions, avril 2025, 32 pages), une nouvelle histoire qui lui a \u00e9galement bien plu comme les pr\u00e9c\u00e9dentes, les souris embarquant sur le bateau de Rusty.<\/em><\/p>\n<p style=\"text-align: justify;\"><em><a href=\"https:\/\/i0.wp.com\/www.jojoenherbe.com\/wp-content\/uploads\/2025\/06\/A-petit-feu.jpg\"><img data-recalc-dims=\"1\" loading=\"lazy\" decoding=\"async\" data-attachment-id=\"39574\" data-permalink=\"https:\/\/www.jojoenherbe.com\/index.php\/2025\/06\/01\/billet-de-suivi-le-mois-anglais-2025\/screenshot-213\/\" data-orig-file=\"https:\/\/i0.wp.com\/www.jojoenherbe.com\/wp-content\/uploads\/2025\/06\/A-petit-feu.jpg?fit=750%2C1235&amp;ssl=1\" data-orig-size=\"750,1235\" data-comments-opened=\"1\" data-image-meta=\"{&quot;aperture&quot;:&quot;0&quot;,&quot;credit&quot;:&quot;&quot;,&quot;camera&quot;:&quot;&quot;,&quot;caption&quot;:&quot;Screenshot&quot;,&quot;created_timestamp&quot;:&quot;0&quot;,&quot;copyright&quot;:&quot;&quot;,&quot;focal_length&quot;:&quot;0&quot;,&quot;iso&quot;:&quot;0&quot;,&quot;shutter_speed&quot;:&quot;0&quot;,&quot;title&quot;:&quot;Screenshot&quot;,&quot;orientation&quot;:&quot;1&quot;}\" data-image-title=\"\" data-image-description=\"\" data-image-caption=\"\" data-large-file=\"https:\/\/i0.wp.com\/www.jojoenherbe.com\/wp-content\/uploads\/2025\/06\/A-petit-feu.jpg?fit=622%2C1024&amp;ssl=1\" class=\"size-thumbnail wp-image-39574 alignright\" src=\"https:\/\/i0.wp.com\/www.jojoenherbe.com\/wp-content\/uploads\/2025\/06\/A-petit-feu.jpg?resize=150%2C150\" alt=\"\" width=\"150\" height=\"150\" srcset=\"https:\/\/i0.wp.com\/www.jojoenherbe.com\/wp-content\/uploads\/2025\/06\/A-petit-feu.jpg?resize=150%2C150&amp;ssl=1 150w, https:\/\/i0.wp.com\/www.jojoenherbe.com\/wp-content\/uploads\/2025\/06\/A-petit-feu.jpg?zoom=2&amp;resize=150%2C150 300w, https:\/\/i0.wp.com\/www.jojoenherbe.com\/wp-content\/uploads\/2025\/06\/A-petit-feu.jpg?zoom=3&amp;resize=150%2C150 450w\" sizes=\"auto, (max-width: 150px) 100vw, 150px\" \/><\/a>De mon c\u00f4t\u00e9, j&rsquo;ai commenc\u00e9 \u00e0 lire, en soir\u00e9e, <span style=\"text-decoration: underline; color: #ff99cc;\">\u00c0 petit feu<\/span> d&rsquo;Elizabeth Jane Howard (\u00e9d. La Table Ronde, coll. Quai Voltaire, mai 2025, 336 pages), un roman choral paru pour la premi\u00e8re fois en 1969 avec l&rsquo;histoire de 3 femmes dans l&rsquo;Angleterre des ann\u00e9es 60, la m\u00e8re, May qui se retrouve seule avec son second \u00e9poux, le colonel Herbert Browne-Lacey, apr\u00e8s le mariage de sa belle-fille, Alice et le d\u00e9part \u00e0 Londres de ses deux enfants, Oliver et Elizabeth. Ce sera \u00e9galement une nouvelle participation pour le challenge 2025 sera classique aussi.<\/em><\/p>\n<ul>\n<li style=\"text-align: justify;\"><em><a href=\"https:\/\/i0.wp.com\/www.jojoenherbe.com\/wp-content\/uploads\/2025\/06\/Les-Souris-du-Buisson-aux-Mures-Le-Printemps-scaled.jpg\"><img data-recalc-dims=\"1\" loading=\"lazy\" decoding=\"async\" data-attachment-id=\"39566\" data-permalink=\"https:\/\/www.jojoenherbe.com\/index.php\/2025\/06\/02\/au-fil-des-pages-avec-les-souris-du-buisson-aux-mures-le-printemps\/les-souris-du-buisson-aux-mures-le-printemps\/\" data-orig-file=\"https:\/\/i0.wp.com\/www.jojoenherbe.com\/wp-content\/uploads\/2025\/06\/Les-Souris-du-Buisson-aux-Mures-Le-Printemps-scaled.jpg?fit=2560%2C2172&amp;ssl=1\" data-orig-size=\"2560,2172\" data-comments-opened=\"1\" data-image-meta=\"{&quot;aperture&quot;:&quot;1.8&quot;,&quot;credit&quot;:&quot;&quot;,&quot;camera&quot;:&quot;iPhone 7&quot;,&quot;caption&quot;:&quot;&quot;,&quot;created_timestamp&quot;:&quot;1748178821&quot;,&quot;copyright&quot;:&quot;&quot;,&quot;focal_length&quot;:&quot;3.99&quot;,&quot;iso&quot;:&quot;100&quot;,&quot;shutter_speed&quot;:&quot;0.1&quot;,&quot;title&quot;:&quot;&quot;,&quot;orientation&quot;:&quot;1&quot;}\" data-image-title=\"Les Souris du Buisson-aux-M\u00fbres, Le Printemps\" data-image-description=\"\" data-image-caption=\"\" data-large-file=\"https:\/\/i0.wp.com\/www.jojoenherbe.com\/wp-content\/uploads\/2025\/06\/Les-Souris-du-Buisson-aux-Mures-Le-Printemps-scaled.jpg?fit=676%2C574&amp;ssl=1\" class=\"alignleft size-thumbnail wp-image-39566\" src=\"https:\/\/i0.wp.com\/www.jojoenherbe.com\/wp-content\/uploads\/2025\/06\/Les-Souris-du-Buisson-aux-Mures-Le-Printemps.jpg?resize=150%2C150\" alt=\"\" width=\"150\" height=\"150\" srcset=\"https:\/\/i0.wp.com\/www.jojoenherbe.com\/wp-content\/uploads\/2025\/06\/Les-Souris-du-Buisson-aux-Mures-Le-Printemps-scaled.jpg?resize=150%2C150&amp;ssl=1 150w, https:\/\/i0.wp.com\/www.jojoenherbe.com\/wp-content\/uploads\/2025\/06\/Les-Souris-du-Buisson-aux-Mures-Le-Printemps-scaled.jpg?zoom=2&amp;resize=150%2C150 300w, https:\/\/i0.wp.com\/www.jojoenherbe.com\/wp-content\/uploads\/2025\/06\/Les-Souris-du-Buisson-aux-Mures-Le-Printemps-scaled.jpg?zoom=3&amp;resize=150%2C150 450w\" sizes=\"auto, (max-width: 150px) 100vw, 150px\" \/><\/a>2 juin\/Album jeunesse: <a href=\"https:\/\/www.jojoenherbe.com\/index.php\/2025\/06\/02\/au-fil-des-pages-avec-les-souris-du-buisson-aux-mures-le-printemps\/\"><span style=\"text-decoration: underline;\">Les Souris du Buisson-aux-M\u00fbres, Le Printemps<\/span><\/a> de Jill Barklem (\u00e9d. Qilinn \u00c9ditions, mars 2024, 32 pages), un album jeunesse \u00e0 partir de 3 ans et paru pour la premi\u00e8re fois au Royaume-Uni en 1980<\/em><\/li>\n<li style=\"text-align: justify;\"><em><a href=\"https:\/\/i0.wp.com\/www.jojoenherbe.com\/wp-content\/uploads\/2025\/06\/Le-voile-blanc-7.jpg\"><img data-recalc-dims=\"1\" loading=\"lazy\" decoding=\"async\" data-attachment-id=\"39598\" data-permalink=\"https:\/\/www.jojoenherbe.com\/index.php\/2025\/06\/01\/billet-de-suivi-le-mois-anglais-2025\/le-voile-blanc-7\/\" data-orig-file=\"https:\/\/i0.wp.com\/www.jojoenherbe.com\/wp-content\/uploads\/2025\/06\/Le-voile-blanc-7.jpg?fit=539%2C712&amp;ssl=1\" data-orig-size=\"539,712\" data-comments-opened=\"1\" data-image-meta=\"{&quot;aperture&quot;:&quot;0&quot;,&quot;credit&quot;:&quot;&quot;,&quot;camera&quot;:&quot;&quot;,&quot;caption&quot;:&quot;&quot;,&quot;created_timestamp&quot;:&quot;1746963482&quot;,&quot;copyright&quot;:&quot;&quot;,&quot;focal_length&quot;:&quot;0&quot;,&quot;iso&quot;:&quot;0&quot;,&quot;shutter_speed&quot;:&quot;0&quot;,&quot;title&quot;:&quot;&quot;,&quot;orientation&quot;:&quot;0&quot;}\" data-image-title=\"Le voile blanc 7\" data-image-description=\"\" data-image-caption=\"\" data-large-file=\"https:\/\/i0.wp.com\/www.jojoenherbe.com\/wp-content\/uploads\/2025\/06\/Le-voile-blanc-7.jpg?fit=539%2C712&amp;ssl=1\" class=\"size-thumbnail wp-image-39598 alignright\" src=\"https:\/\/i0.wp.com\/www.jojoenherbe.com\/wp-content\/uploads\/2025\/06\/Le-voile-blanc-7.jpg?resize=150%2C150\" alt=\"\" width=\"150\" height=\"150\" srcset=\"https:\/\/i0.wp.com\/www.jojoenherbe.com\/wp-content\/uploads\/2025\/06\/Le-voile-blanc-7.jpg?resize=150%2C150&amp;ssl=1 150w, https:\/\/i0.wp.com\/www.jojoenherbe.com\/wp-content\/uploads\/2025\/06\/Le-voile-blanc-7.jpg?zoom=2&amp;resize=150%2C150 300w, https:\/\/i0.wp.com\/www.jojoenherbe.com\/wp-content\/uploads\/2025\/06\/Le-voile-blanc-7.jpg?zoom=3&amp;resize=150%2C150 450w\" sizes=\"auto, (max-width: 150px) 100vw, 150px\" \/><\/a>4 juin\/Roman graphique: <a href=\"https:\/\/www.jojoenherbe.com\/index.php\/2025\/06\/04\/au-fil-des-pages-avec-le-voile-blanc\/\"><span style=\"text-decoration: underline;\">Le voile blanc<\/span><\/a> de Romina Denti et Valentino Forlini (\u00e9d. Akileos, mars 2022, 208 pages), une uchronie se d\u00e9roulant en 1851, de Londres aux for\u00eats de glace de Novgorod, le froid de l\u2019hiver s\u2019\u00e9tant r\u00e9pandu depuis 3 si\u00e8cles sur Terre<\/em><\/li>\n<li style=\"text-align: justify;\"><em>8 juin\/Les Gourmandises d\u2019Isabelle et Syl<\/em><\/li>\n<\/ul>\n<p style=\"text-align: justify;\"><em><a href=\"https:\/\/i0.wp.com\/www.jojoenherbe.com\/wp-content\/uploads\/2025\/06\/Lady-Susan-scaled.jpg\"><img data-recalc-dims=\"1\" loading=\"lazy\" decoding=\"async\" data-attachment-id=\"39695\" data-permalink=\"https:\/\/www.jojoenherbe.com\/index.php\/2025\/06\/01\/billet-de-suivi-le-mois-anglais-2025\/lady-susan\/\" data-orig-file=\"https:\/\/i0.wp.com\/www.jojoenherbe.com\/wp-content\/uploads\/2025\/06\/Lady-Susan-scaled.jpg?fit=2560%2C2287&amp;ssl=1\" data-orig-size=\"2560,2287\" data-comments-opened=\"1\" data-image-meta=\"{&quot;aperture&quot;:&quot;1.8&quot;,&quot;credit&quot;:&quot;&quot;,&quot;camera&quot;:&quot;iPhone 7&quot;,&quot;caption&quot;:&quot;&quot;,&quot;created_timestamp&quot;:&quot;1749583806&quot;,&quot;copyright&quot;:&quot;&quot;,&quot;focal_length&quot;:&quot;3.99&quot;,&quot;iso&quot;:&quot;100&quot;,&quot;shutter_speed&quot;:&quot;0.2&quot;,&quot;title&quot;:&quot;&quot;,&quot;orientation&quot;:&quot;1&quot;}\" data-image-title=\"Lady Susan\" data-image-description=\"\" data-image-caption=\"\" data-large-file=\"https:\/\/i0.wp.com\/www.jojoenherbe.com\/wp-content\/uploads\/2025\/06\/Lady-Susan-scaled.jpg?fit=676%2C604&amp;ssl=1\" class=\"alignleft size-thumbnail wp-image-39695\" src=\"https:\/\/i0.wp.com\/www.jojoenherbe.com\/wp-content\/uploads\/2025\/06\/Lady-Susan.jpg?resize=150%2C150\" alt=\"\" width=\"150\" height=\"150\" srcset=\"https:\/\/i0.wp.com\/www.jojoenherbe.com\/wp-content\/uploads\/2025\/06\/Lady-Susan-scaled.jpg?resize=150%2C150&amp;ssl=1 150w, https:\/\/i0.wp.com\/www.jojoenherbe.com\/wp-content\/uploads\/2025\/06\/Lady-Susan-scaled.jpg?zoom=2&amp;resize=150%2C150 300w, https:\/\/i0.wp.com\/www.jojoenherbe.com\/wp-content\/uploads\/2025\/06\/Lady-Susan-scaled.jpg?zoom=3&amp;resize=150%2C150 450w\" sizes=\"auto, (max-width: 150px) 100vw, 150px\" \/><\/a>En fin de semaine, dans le cadre d&rsquo;un <a href=\"https:\/\/www.jojoenherbe.com\/index.php\/2025\/06\/09\/week-end-detente-lectures-juin-2025\/\">week-end lectures<\/a> improvis\u00e9 par Chicky Poo, j&rsquo;ai lu <span style=\"text-decoration: underline; color: #ff99cc;\">Lady Susan<\/span> de Jane Austen (\u00e9d. Gallimard, coll. Folio, \u00e9d. 2006, r\u00e9\u00e9d. f\u00e9vrier 2023, n\u00b04396, 128 pages), un court roman \u00e9pistolaire \u00e9crit vers 1794 et paru pour la premi\u00e8re fois en 1871.<\/em><\/p>\n<p><span style=\"text-decoration: underline;\"><em>Semaine 2 du Mois Anglais 2025<\/em><\/span><\/p>\n<p style=\"text-align: justify;\"><em>Lundi soir, j&rsquo;ai lu <span style=\"text-decoration: underline; color: #ff99cc;\">The Wendy Project<\/span> de Melissa Jane Osborne et Veronica Fish (\u00e9d. Ankama, mai 2019, 96 pages), un roman graphique avec le difficile deuil de Wendy Davies, \u00e2g\u00e9e de 16 ans, apr\u00e8s la mort de son jeune fr\u00e8re Michael et faisant \u00e9cho au roman originel de <span style=\"text-decoration: underline;\">Peter Pan<\/span>.\u00a0<\/em><\/p>\n<ul>\n<li style=\"text-align: justify;\"><em><a href=\"https:\/\/i0.wp.com\/www.jojoenherbe.com\/wp-content\/uploads\/2025\/06\/The-Wendy-Project.jpg\"><img data-recalc-dims=\"1\" loading=\"lazy\" decoding=\"async\" data-attachment-id=\"39669\" data-permalink=\"https:\/\/www.jojoenherbe.com\/index.php\/2025\/06\/09\/week-end-detente-lectures-juin-2025\/screenshot-216\/\" data-orig-file=\"https:\/\/i0.wp.com\/www.jojoenherbe.com\/wp-content\/uploads\/2025\/06\/The-Wendy-Project.jpg?fit=750%2C1130&amp;ssl=1\" data-orig-size=\"750,1130\" data-comments-opened=\"1\" data-image-meta=\"{&quot;aperture&quot;:&quot;0&quot;,&quot;credit&quot;:&quot;&quot;,&quot;camera&quot;:&quot;&quot;,&quot;caption&quot;:&quot;Screenshot&quot;,&quot;created_timestamp&quot;:&quot;0&quot;,&quot;copyright&quot;:&quot;&quot;,&quot;focal_length&quot;:&quot;0&quot;,&quot;iso&quot;:&quot;0&quot;,&quot;shutter_speed&quot;:&quot;0&quot;,&quot;title&quot;:&quot;Screenshot&quot;,&quot;orientation&quot;:&quot;1&quot;}\" data-image-title=\"\" data-image-description=\"\" data-image-caption=\"\" data-large-file=\"https:\/\/i0.wp.com\/www.jojoenherbe.com\/wp-content\/uploads\/2025\/06\/The-Wendy-Project.jpg?fit=676%2C1018&amp;ssl=1\" class=\"size-thumbnail wp-image-39669 alignright\" src=\"https:\/\/i0.wp.com\/www.jojoenherbe.com\/wp-content\/uploads\/2025\/06\/The-Wendy-Project.jpg?resize=150%2C150\" alt=\"\" width=\"150\" height=\"150\" srcset=\"https:\/\/i0.wp.com\/www.jojoenherbe.com\/wp-content\/uploads\/2025\/06\/The-Wendy-Project.jpg?resize=150%2C150&amp;ssl=1 150w, https:\/\/i0.wp.com\/www.jojoenherbe.com\/wp-content\/uploads\/2025\/06\/The-Wendy-Project.jpg?zoom=2&amp;resize=150%2C150 300w, https:\/\/i0.wp.com\/www.jojoenherbe.com\/wp-content\/uploads\/2025\/06\/The-Wendy-Project.jpg?zoom=3&amp;resize=150%2C150 450w\" sizes=\"auto, (max-width: 150px) 100vw, 150px\" \/><\/a>11 juin\/Roman graphique: <a href=\"https:\/\/www.jojoenherbe.com\/index.php\/2025\/06\/11\/au-fil-des-pages-avec-the-wendy-project\/\"><span style=\"text-decoration: underline;\">The Wendy Project<\/span><\/a> de Melissa Jane Osborne et Veronica Fish (\u00e9d. Ankama, mai 2019, 96 pages)<\/em><\/li>\n<li style=\"text-align: justify;\"><em>14 juin\/Classique anglais: <a href=\"https:\/\/www.jojoenherbe.com\/index.php\/2025\/06\/14\/au-fil-des-pages-avec-a-petit-feu\/\"><span style=\"text-decoration: underline;\">\u00c0 petit feu<\/span><\/a> d\u2019Elizabeth Jane Howard (\u00e9d. La Table Ronde, coll. Quai Voltaire, mai 2025, 336 pages)<\/em><\/li>\n<li style=\"text-align: justify;\"><em>15 juin\/Les Gourmandises d\u2019Isabelle et Syl<\/em><\/li>\n<\/ul>\n<p style=\"text-align: justify;\"><em>J&rsquo;ai \u00e9galement lu <span style=\"text-decoration: underline; color: #ff99cc;\">Le Carnet de Lady Rebecca<\/span> de Felicia Kingsley (\u00e9d. Charleston, mai 2025, 622 pages), une romance historique avec une touche fantastique (le voyage dans le temps), Rebecca Sheridan, \u00e2g\u00e9e de 21 ans et \u00e9tudiante, \u00e0 notre \u00e9poque, en \u00e9gyptologie se retrouvant projet\u00e9e dans le Londres de 1816, en pleine R\u00e9gence anglaise qui la passionne.<\/em><\/p>\n<p><span style=\"text-decoration: underline;\"><em>Semaine 3 du Mois Anglais 2025<\/em><\/span><\/p>\n<p style=\"text-align: justify;\"><em><a href=\"https:\/\/i0.wp.com\/www.jojoenherbe.com\/wp-content\/uploads\/2025\/06\/La-Rose-du-Highlander-T4.jpg\"><img data-recalc-dims=\"1\" loading=\"lazy\" decoding=\"async\" data-attachment-id=\"39836\" data-permalink=\"https:\/\/www.jojoenherbe.com\/index.php\/2025\/06\/29\/point-lecture-hebdomadaire-2025-25\/screenshot-236\/\" data-orig-file=\"https:\/\/i0.wp.com\/www.jojoenherbe.com\/wp-content\/uploads\/2025\/06\/La-Rose-du-Highlander-T4.jpg?fit=750%2C1163&amp;ssl=1\" data-orig-size=\"750,1163\" data-comments-opened=\"1\" data-image-meta=\"{&quot;aperture&quot;:&quot;0&quot;,&quot;credit&quot;:&quot;&quot;,&quot;camera&quot;:&quot;&quot;,&quot;caption&quot;:&quot;Screenshot&quot;,&quot;created_timestamp&quot;:&quot;0&quot;,&quot;copyright&quot;:&quot;&quot;,&quot;focal_length&quot;:&quot;0&quot;,&quot;iso&quot;:&quot;0&quot;,&quot;shutter_speed&quot;:&quot;0&quot;,&quot;title&quot;:&quot;Screenshot&quot;,&quot;orientation&quot;:&quot;1&quot;}\" data-image-title=\"\" data-image-description=\"\" data-image-caption=\"\" data-large-file=\"https:\/\/i0.wp.com\/www.jojoenherbe.com\/wp-content\/uploads\/2025\/06\/La-Rose-du-Highlander-T4.jpg?fit=660%2C1024&amp;ssl=1\" class=\"alignleft size-thumbnail wp-image-39836\" src=\"https:\/\/i0.wp.com\/www.jojoenherbe.com\/wp-content\/uploads\/2025\/06\/La-Rose-du-Highlander-T4.jpg?resize=150%2C150\" alt=\"\" width=\"150\" height=\"150\" srcset=\"https:\/\/i0.wp.com\/www.jojoenherbe.com\/wp-content\/uploads\/2025\/06\/La-Rose-du-Highlander-T4.jpg?resize=150%2C150&amp;ssl=1 150w, https:\/\/i0.wp.com\/www.jojoenherbe.com\/wp-content\/uploads\/2025\/06\/La-Rose-du-Highlander-T4.jpg?zoom=2&amp;resize=150%2C150 300w, https:\/\/i0.wp.com\/www.jojoenherbe.com\/wp-content\/uploads\/2025\/06\/La-Rose-du-Highlander-T4.jpg?zoom=3&amp;resize=150%2C150 450w\" sizes=\"auto, (max-width: 150px) 100vw, 150px\" \/><\/a>J&rsquo;ai lu, en e-book, le <span style=\"color: #ff99cc;\">tome 4<\/span> du <span style=\"text-decoration: underline; color: #ff99cc;\">Clan MacPherson, La Rose du Highlander<\/span> de Liv Fox (\u00e9d. Auto\u00e9dition, avril 2025, 217 pages), une romance historique se d\u00e9roulant en 1318, en pleine guerre entre l&rsquo;Angleterre et l\u2019\u00c9cosse, Niall MacPherson, r\u00e9ussissant \u00e0 s&rsquo;\u00e9chapper de sa captivit\u00e9 en prenant en otage, Margaret de Bohun, une des nombreuses ni\u00e8ces du roi d\u2019Angleterre.<\/em><\/p>\n<ul>\n<li><em>22 juin\/Les Gourmandises d\u2019Isabelle et Syl<\/em><\/li>\n<\/ul>\n<p><span style=\"text-decoration: underline;\"><em>Semaine 4 du Mois Anglais 2025<\/em><\/span><\/p>\n<p style=\"text-align: justify;\"><em><a href=\"https:\/\/i0.wp.com\/www.jojoenherbe.com\/wp-content\/uploads\/2025\/06\/Le-duc-de-glace-T3.jpg\"><img data-recalc-dims=\"1\" loading=\"lazy\" decoding=\"async\" data-attachment-id=\"39897\" data-permalink=\"https:\/\/www.jojoenherbe.com\/index.php\/2025\/06\/01\/billet-de-suivi-le-mois-anglais-2025\/screenshot-239\/\" data-orig-file=\"https:\/\/i0.wp.com\/www.jojoenherbe.com\/wp-content\/uploads\/2025\/06\/Le-duc-de-glace-T3.jpg?fit=749%2C1222&amp;ssl=1\" data-orig-size=\"749,1222\" data-comments-opened=\"1\" data-image-meta=\"{&quot;aperture&quot;:&quot;0&quot;,&quot;credit&quot;:&quot;&quot;,&quot;camera&quot;:&quot;&quot;,&quot;caption&quot;:&quot;Screenshot&quot;,&quot;created_timestamp&quot;:&quot;0&quot;,&quot;copyright&quot;:&quot;&quot;,&quot;focal_length&quot;:&quot;0&quot;,&quot;iso&quot;:&quot;0&quot;,&quot;shutter_speed&quot;:&quot;0&quot;,&quot;title&quot;:&quot;Screenshot&quot;,&quot;orientation&quot;:&quot;1&quot;}\" data-image-title=\"\" data-image-description=\"\" data-image-caption=\"\" data-large-file=\"https:\/\/i0.wp.com\/www.jojoenherbe.com\/wp-content\/uploads\/2025\/06\/Le-duc-de-glace-T3.jpg?fit=628%2C1024&amp;ssl=1\" class=\"size-thumbnail wp-image-39897 alignright\" src=\"https:\/\/i0.wp.com\/www.jojoenherbe.com\/wp-content\/uploads\/2025\/06\/Le-duc-de-glace-T3.jpg?resize=150%2C150\" alt=\"\" width=\"150\" height=\"150\" srcset=\"https:\/\/i0.wp.com\/www.jojoenherbe.com\/wp-content\/uploads\/2025\/06\/Le-duc-de-glace-T3.jpg?resize=150%2C150&amp;ssl=1 150w, https:\/\/i0.wp.com\/www.jojoenherbe.com\/wp-content\/uploads\/2025\/06\/Le-duc-de-glace-T3.jpg?zoom=2&amp;resize=150%2C150 300w, https:\/\/i0.wp.com\/www.jojoenherbe.com\/wp-content\/uploads\/2025\/06\/Le-duc-de-glace-T3.jpg?zoom=3&amp;resize=150%2C150 450w\" sizes=\"auto, (max-width: 150px) 100vw, 150px\" \/><\/a>J&rsquo;ai lu, en e-book, autre romance historique se d\u00e9roulant dans la campagne anglaise, \u00e0 quelques jours de No\u00ebl: le <span style=\"color: #ff99cc;\">tome 3<\/span> des <span style=\"text-decoration: underline; color: #ff99cc;\">Ducs \u00e0 tomber, Le duc de glace<\/span> d&rsquo;Anna Bradley (\u00e9d. J\u2019ai lu pour elle, coll. Aventures &amp; Passions, juin 2025, 378 pages), avec l&rsquo;histoire de Maxwell Burke, duc de Grantham qui est bien d\u00e9cid\u00e9 \u00e0 r\u00e9cup\u00e9rer, par tous les moyens, m\u00eame les plus sournois, le manoir familial dont a h\u00e9rit\u00e9 \u00e0 parts \u00e9gales avec lui Rose St. Claire, la fille adoptive de celui qu&rsquo;il tient pour responsable depuis 20 ans de cette privation et qui vient de d\u00e9c\u00e9der.<\/em><\/p>\n<ul>\n<li style=\"text-align: justify;\"><em><a href=\"https:\/\/i0.wp.com\/www.jojoenherbe.com\/wp-content\/uploads\/2025\/06\/Le-Carnet-de-Lady-Rebecca-1.jpg\"><img data-recalc-dims=\"1\" loading=\"lazy\" decoding=\"async\" data-attachment-id=\"39892\" data-permalink=\"https:\/\/www.jojoenherbe.com\/index.php\/2025\/06\/01\/billet-de-suivi-le-mois-anglais-2025\/le-carnet-de-lady-rebecca-2\/\" data-orig-file=\"https:\/\/i0.wp.com\/www.jojoenherbe.com\/wp-content\/uploads\/2025\/06\/Le-Carnet-de-Lady-Rebecca-1.jpg?fit=1400%2C2203&amp;ssl=1\" data-orig-size=\"1400,2203\" data-comments-opened=\"1\" data-image-meta=\"{&quot;aperture&quot;:&quot;0&quot;,&quot;credit&quot;:&quot;&quot;,&quot;camera&quot;:&quot;&quot;,&quot;caption&quot;:&quot;&quot;,&quot;created_timestamp&quot;:&quot;1749836431&quot;,&quot;copyright&quot;:&quot;&quot;,&quot;focal_length&quot;:&quot;0&quot;,&quot;iso&quot;:&quot;0&quot;,&quot;shutter_speed&quot;:&quot;0&quot;,&quot;title&quot;:&quot;&quot;,&quot;orientation&quot;:&quot;0&quot;}\" data-image-title=\"Le Carnet de Lady Rebecca\" data-image-description=\"\" data-image-caption=\"\" data-large-file=\"https:\/\/i0.wp.com\/www.jojoenherbe.com\/wp-content\/uploads\/2025\/06\/Le-Carnet-de-Lady-Rebecca-1.jpg?fit=651%2C1024&amp;ssl=1\" class=\"size-thumbnail wp-image-39892 alignleft\" src=\"https:\/\/i0.wp.com\/www.jojoenherbe.com\/wp-content\/uploads\/2025\/06\/Le-Carnet-de-Lady-Rebecca-1.jpg?resize=150%2C150\" alt=\"\" width=\"150\" height=\"150\" srcset=\"https:\/\/i0.wp.com\/www.jojoenherbe.com\/wp-content\/uploads\/2025\/06\/Le-Carnet-de-Lady-Rebecca-1.jpg?resize=150%2C150&amp;ssl=1 150w, https:\/\/i0.wp.com\/www.jojoenherbe.com\/wp-content\/uploads\/2025\/06\/Le-Carnet-de-Lady-Rebecca-1.jpg?zoom=2&amp;resize=150%2C150 300w, https:\/\/i0.wp.com\/www.jojoenherbe.com\/wp-content\/uploads\/2025\/06\/Le-Carnet-de-Lady-Rebecca-1.jpg?zoom=3&amp;resize=150%2C150 450w\" sizes=\"auto, (max-width: 150px) 100vw, 150px\" \/><\/a>28 juin\/Romance historique: <a href=\"https:\/\/www.jojoenherbe.com\/index.php\/2025\/06\/28\/au-fil-des-pages-avec-le-carnet-de-lady-rebecca\/\"><span style=\"text-decoration: underline;\">Le Carnet de Lady Rebecca<\/span><\/a> de Felicia Kingsley (\u00e9d. Charleston, mai 2025, 622 pages), une romance historique avec une touche fantastique (le voyage dans le temps)<\/em><\/li>\n<li style=\"text-align: justify;\"><em>29 juin\/Les Gourmandises d\u2019Isabelle et Syl<\/em><\/li>\n<\/ul>\n<p>&nbsp;<\/p>\n<p>&nbsp;<\/p>\n<p>&nbsp;<\/p>\n<p>&nbsp;<\/p>\n<p>&nbsp;<\/p>\n<p>&nbsp;<\/p>\n<p>&nbsp;<\/p>\n\n\n<p><\/p>\n","protected":false},"excerpt":{"rendered":"<p>Comme d\u00e9j\u00e0 depuis plusieurs ann\u00e9es, je participe tout au long du mois de juin au challenge Le Mois Anglais 2025 coorganis\u00e9 par Lou et Titine. Le programme est libre. J&rsquo;ai pr\u00e9vu plusieurs lectures, un atelier cr\u00e9atif avec les copinautes Syl, Isabelle et Hilde ainsi que des pauses gourmandes avec la Brigade des Marmitonnes le dimanche. [&hellip;]<\/p>\n","protected":false},"author":1,"featured_media":39555,"comment_status":"open","ping_status":"open","sticky":false,"template":"","format":"standard","meta":{"jetpack_post_was_ever_published":false,"_jetpack_newsletter_access":"","_jetpack_dont_email_post_to_subs":false,"_jetpack_newsletter_tier_id":0,"_jetpack_memberships_contains_paywalled_content":false,"_jetpack_memberships_contains_paid_content":false,"footnotes":""},"categories":[2140,873,363],"tags":[2016,4618,2525],"class_list":["post-39554","post","type-post","status-publish","format-standard","has-post-thumbnail","hentry","category-mini-blogueur","category-mini-challenger","category-mini-lecteur","tag-challenge-livresque","tag-le-mois-anglais-2025","tag-lecture-anglaise","post-preview"],"jetpack_featured_media_url":"https:\/\/i0.wp.com\/www.jojoenherbe.com\/wp-content\/uploads\/2025\/06\/Le-Mois-Anglais-2025-logo.jpg?fit=768%2C960&ssl=1","jetpack_sharing_enabled":true,"jetpack_shortlink":"https:\/\/wp.me\/p9zhGx-ahY","jetpack_likes_enabled":true,"jetpack-related-posts":[{"id":31144,"url":"https:\/\/www.jojoenherbe.com\/index.php\/2023\/07\/01\/bilan-de-lecture-juin-2023\/","url_meta":{"origin":39554,"position":0},"title":"Bilan de lecture: juin 2023","author":"Jojo","date":"1 juillet 2023","format":false,"excerpt":"En juin, c\u2019\u00e9tait le retour du Mois Anglais 2023 coorganis\u00e9 par Lou et Titine ainsi que le d\u00e9but de l\u2019\u00e9t\u00e9. Au programme, des lectures jeunesse avec mon mini lutin comme des l\u00e9gendes arthuriennes, Paddington, Beatrix Potter\u2026 et pour moi, des romances historiques so british, des cosy mystery\u2026 sans oublier l\u2019atelier\u2026","rel":"","context":"Dans &quot;Mini blogueur&quot;","block_context":{"text":"Mini blogueur","link":"https:\/\/www.jojoenherbe.com\/index.php\/category\/mini-blogueur\/"},"img":{"alt_text":"","src":"https:\/\/i0.wp.com\/www.jojoenherbe.com\/wp-content\/uploads\/2023\/06\/Selection-Juin-2023-scaled.jpg?fit=1200%2C931&ssl=1&resize=350%2C200","width":350,"height":200,"srcset":"https:\/\/i0.wp.com\/www.jojoenherbe.com\/wp-content\/uploads\/2023\/06\/Selection-Juin-2023-scaled.jpg?fit=1200%2C931&ssl=1&resize=350%2C200 1x, https:\/\/i0.wp.com\/www.jojoenherbe.com\/wp-content\/uploads\/2023\/06\/Selection-Juin-2023-scaled.jpg?fit=1200%2C931&ssl=1&resize=525%2C300 1.5x, https:\/\/i0.wp.com\/www.jojoenherbe.com\/wp-content\/uploads\/2023\/06\/Selection-Juin-2023-scaled.jpg?fit=1200%2C931&ssl=1&resize=700%2C400 2x, https:\/\/i0.wp.com\/www.jojoenherbe.com\/wp-content\/uploads\/2023\/06\/Selection-Juin-2023-scaled.jpg?fit=1200%2C931&ssl=1&resize=1050%2C600 3x"},"classes":[]},{"id":36584,"url":"https:\/\/www.jojoenherbe.com\/index.php\/2024\/07\/17\/bilan-de-lecture-juin-2024\/","url_meta":{"origin":39554,"position":1},"title":"Bilan de lecture: juin 2024","author":"Jojo","date":"17 juillet 2024","format":false,"excerpt":"Avec retard, voici le bilan de lecture du mois de juin 2024. Cette ann\u00e9e, le printemps \u00e9tait bien pluvieux et les sorties se sont faites encore rares le mois dernier. Le temps \u00e9tait donc propice \u00e0 la lecture encore une fois. En juin, c\u2019\u00e9tait le retour du Mois Anglais 2024\u2026","rel":"","context":"Dans &quot;Mini blogueur&quot;","block_context":{"text":"Mini blogueur","link":"https:\/\/www.jojoenherbe.com\/index.php\/category\/mini-blogueur\/"},"img":{"alt_text":"","src":"https:\/\/i0.wp.com\/www.jojoenherbe.com\/wp-content\/uploads\/2024\/06\/Selection-juin-2024-scaled.jpg?fit=1200%2C857&ssl=1&resize=350%2C200","width":350,"height":200,"srcset":"https:\/\/i0.wp.com\/www.jojoenherbe.com\/wp-content\/uploads\/2024\/06\/Selection-juin-2024-scaled.jpg?fit=1200%2C857&ssl=1&resize=350%2C200 1x, https:\/\/i0.wp.com\/www.jojoenherbe.com\/wp-content\/uploads\/2024\/06\/Selection-juin-2024-scaled.jpg?fit=1200%2C857&ssl=1&resize=525%2C300 1.5x, https:\/\/i0.wp.com\/www.jojoenherbe.com\/wp-content\/uploads\/2024\/06\/Selection-juin-2024-scaled.jpg?fit=1200%2C857&ssl=1&resize=700%2C400 2x, https:\/\/i0.wp.com\/www.jojoenherbe.com\/wp-content\/uploads\/2024\/06\/Selection-juin-2024-scaled.jpg?fit=1200%2C857&ssl=1&resize=1050%2C600 3x"},"classes":[]},{"id":19547,"url":"https:\/\/www.jojoenherbe.com\/index.php\/2021\/07\/01\/notre-mois-bloguesque-de-juin-2021\/","url_meta":{"origin":39554,"position":2},"title":"Notre mois bloguesque de juin 2021","author":"Jojo","date":"1 juillet 2021","format":false,"excerpt":"C'est le premier du mois alors voici un petit retour bloguesque sur juin 2021 avec encore une fois beaucoup de lectures mais surtout anglaises, Mois Anglais oblige et le retour des balades avec le d\u00e9but de l'\u00e9t\u00e9. En juin, c'\u00e9tait en effet le Mois Anglais et m\u00eame les dix ans\u2026","rel":"","context":"Dans &quot;Mini blogueur&quot;","block_context":{"text":"Mini blogueur","link":"https:\/\/www.jojoenherbe.com\/index.php\/category\/mini-blogueur\/"},"img":{"alt_text":"","src":"https:\/\/i0.wp.com\/www.jojoenherbe.com\/wp-content\/uploads\/2021\/07\/Mois-bloguesque-juin-2021-scaled.jpg?fit=1200%2C737&ssl=1&resize=350%2C200","width":350,"height":200,"srcset":"https:\/\/i0.wp.com\/www.jojoenherbe.com\/wp-content\/uploads\/2021\/07\/Mois-bloguesque-juin-2021-scaled.jpg?fit=1200%2C737&ssl=1&resize=350%2C200 1x, https:\/\/i0.wp.com\/www.jojoenherbe.com\/wp-content\/uploads\/2021\/07\/Mois-bloguesque-juin-2021-scaled.jpg?fit=1200%2C737&ssl=1&resize=525%2C300 1.5x, https:\/\/i0.wp.com\/www.jojoenherbe.com\/wp-content\/uploads\/2021\/07\/Mois-bloguesque-juin-2021-scaled.jpg?fit=1200%2C737&ssl=1&resize=700%2C400 2x, https:\/\/i0.wp.com\/www.jojoenherbe.com\/wp-content\/uploads\/2021\/07\/Mois-bloguesque-juin-2021-scaled.jpg?fit=1200%2C737&ssl=1&resize=1050%2C600 3x"},"classes":[]},{"id":36255,"url":"https:\/\/www.jojoenherbe.com\/index.php\/2024\/06\/01\/billet-de-suivi-le-mois-anglais-2024\/","url_meta":{"origin":39554,"position":3},"title":"Billet de suivi: Le Mois Anglais 2024","author":"Jojo","date":"1 juin 2024","format":false,"excerpt":"Comme d\u00e9j\u00e0 depuis plusieurs ann\u00e9es, je participe tout au long du mois de juin au challenge Le Mois Anglais 2024 coorganis\u00e9 par Lou et Titine. Pour cette nouvelle \u00e9dition, le programme est libre. J'ai pr\u00e9vu plusieurs lectures, un atelier cr\u00e9atif \u00a0avec les copinautes Syl, Isabelle et Hilde ainsi que des\u2026","rel":"","context":"Dans &quot;Mini challenger&quot;","block_context":{"text":"Mini challenger","link":"https:\/\/www.jojoenherbe.com\/index.php\/category\/mini-challenger\/"},"img":{"alt_text":"","src":"https:\/\/i0.wp.com\/www.jojoenherbe.com\/wp-content\/uploads\/2024\/06\/Le-Mois-Anglais-2024-logo.jpg?fit=1080%2C1080&ssl=1&resize=350%2C200","width":350,"height":200,"srcset":"https:\/\/i0.wp.com\/www.jojoenherbe.com\/wp-content\/uploads\/2024\/06\/Le-Mois-Anglais-2024-logo.jpg?fit=1080%2C1080&ssl=1&resize=350%2C200 1x, https:\/\/i0.wp.com\/www.jojoenherbe.com\/wp-content\/uploads\/2024\/06\/Le-Mois-Anglais-2024-logo.jpg?fit=1080%2C1080&ssl=1&resize=525%2C300 1.5x, https:\/\/i0.wp.com\/www.jojoenherbe.com\/wp-content\/uploads\/2024\/06\/Le-Mois-Anglais-2024-logo.jpg?fit=1080%2C1080&ssl=1&resize=700%2C400 2x, https:\/\/i0.wp.com\/www.jojoenherbe.com\/wp-content\/uploads\/2024\/06\/Le-Mois-Anglais-2024-logo.jpg?fit=1080%2C1080&ssl=1&resize=1050%2C600 3x"},"classes":[]},{"id":25755,"url":"https:\/\/www.jojoenherbe.com\/index.php\/2022\/06\/01\/notre-mois-bloguesque-de-mai-2022\/","url_meta":{"origin":39554,"position":4},"title":"Notre mois bloguesque de mai 2022","author":"Jojo","date":"1 juin 2022","format":false,"excerpt":"C'est le premier du mois alors voici un petit retour bloguesque sur mai 2022. Comme en avril, nous avons continu\u00e9 en mai nos lectures pour Un mois au Japon 2022 de Hilde et Lou, le challenge Cottagecore de MissyCornish ainsi que nos lectures printani\u00e8res. J'ai d\u00e9j\u00e0 pioch\u00e9 dans la PAL\u2026","rel":"","context":"Dans &quot;Mini blogueur&quot;","block_context":{"text":"Mini blogueur","link":"https:\/\/www.jojoenherbe.com\/index.php\/category\/mini-blogueur\/"},"img":{"alt_text":"","src":"https:\/\/i0.wp.com\/www.jojoenherbe.com\/wp-content\/uploads\/2022\/05\/Selection-Mai-2022-scaled.jpg?fit=1200%2C750&ssl=1&resize=350%2C200","width":350,"height":200,"srcset":"https:\/\/i0.wp.com\/www.jojoenherbe.com\/wp-content\/uploads\/2022\/05\/Selection-Mai-2022-scaled.jpg?fit=1200%2C750&ssl=1&resize=350%2C200 1x, https:\/\/i0.wp.com\/www.jojoenherbe.com\/wp-content\/uploads\/2022\/05\/Selection-Mai-2022-scaled.jpg?fit=1200%2C750&ssl=1&resize=525%2C300 1.5x, https:\/\/i0.wp.com\/www.jojoenherbe.com\/wp-content\/uploads\/2022\/05\/Selection-Mai-2022-scaled.jpg?fit=1200%2C750&ssl=1&resize=700%2C400 2x, https:\/\/i0.wp.com\/www.jojoenherbe.com\/wp-content\/uploads\/2022\/05\/Selection-Mai-2022-scaled.jpg?fit=1200%2C750&ssl=1&resize=1050%2C600 3x"},"classes":[]},{"id":42035,"url":"https:\/\/www.jojoenherbe.com\/index.php\/2026\/01\/01\/bilan-de-lecture-decembre-2025\/","url_meta":{"origin":39554,"position":5},"title":"Bilan de lecture: d\u00e9cembre 2025","author":"Jojo","date":"1 janvier 2026","format":false,"excerpt":"En ce premier janvier 2026, voici le bilan de lecture du mois de d\u00e9cembre 2025 et pendant lequel nous nous sommes plong\u00e9s dans l\u2019ambiance de No\u00ebl, des f\u00eates de fin d\u2019ann\u00e9e et du retour des challenges de No\u00ebl (Il \u00e9tait 13 fois No\u00ebl et Christmas Time 2025), tout en jouant\u2026","rel":"","context":"Dans &quot;Mini blogueur&quot;","block_context":{"text":"Mini blogueur","link":"https:\/\/www.jojoenherbe.com\/index.php\/category\/mini-blogueur\/"},"img":{"alt_text":"","src":"https:\/\/i0.wp.com\/www.jojoenherbe.com\/wp-content\/uploads\/2025\/12\/Selection-Decembre-2025-scaled.jpg?fit=1200%2C873&ssl=1&resize=350%2C200","width":350,"height":200,"srcset":"https:\/\/i0.wp.com\/www.jojoenherbe.com\/wp-content\/uploads\/2025\/12\/Selection-Decembre-2025-scaled.jpg?fit=1200%2C873&ssl=1&resize=350%2C200 1x, https:\/\/i0.wp.com\/www.jojoenherbe.com\/wp-content\/uploads\/2025\/12\/Selection-Decembre-2025-scaled.jpg?fit=1200%2C873&ssl=1&resize=525%2C300 1.5x, https:\/\/i0.wp.com\/www.jojoenherbe.com\/wp-content\/uploads\/2025\/12\/Selection-Decembre-2025-scaled.jpg?fit=1200%2C873&ssl=1&resize=700%2C400 2x, https:\/\/i0.wp.com\/www.jojoenherbe.com\/wp-content\/uploads\/2025\/12\/Selection-Decembre-2025-scaled.jpg?fit=1200%2C873&ssl=1&resize=1050%2C600 3x"},"classes":[]}],"_links":{"self":[{"href":"https:\/\/www.jojoenherbe.com\/index.php\/wp-json\/wp\/v2\/posts\/39554","targetHints":{"allow":["GET"]}}],"collection":[{"href":"https:\/\/www.jojoenherbe.com\/index.php\/wp-json\/wp\/v2\/posts"}],"about":[{"href":"https:\/\/www.jojoenherbe.com\/index.php\/wp-json\/wp\/v2\/types\/post"}],"author":[{"embeddable":true,"href":"https:\/\/www.jojoenherbe.com\/index.php\/wp-json\/wp\/v2\/users\/1"}],"replies":[{"embeddable":true,"href":"https:\/\/www.jojoenherbe.com\/index.php\/wp-json\/wp\/v2\/comments?post=39554"}],"version-history":[{"count":22,"href":"https:\/\/www.jojoenherbe.com\/index.php\/wp-json\/wp\/v2\/posts\/39554\/revisions"}],"predecessor-version":[{"id":39899,"href":"https:\/\/www.jojoenherbe.com\/index.php\/wp-json\/wp\/v2\/posts\/39554\/revisions\/39899"}],"wp:featuredmedia":[{"embeddable":true,"href":"https:\/\/www.jojoenherbe.com\/index.php\/wp-json\/wp\/v2\/media\/39555"}],"wp:attachment":[{"href":"https:\/\/www.jojoenherbe.com\/index.php\/wp-json\/wp\/v2\/media?parent=39554"}],"wp:term":[{"taxonomy":"category","embeddable":true,"href":"https:\/\/www.jojoenherbe.com\/index.php\/wp-json\/wp\/v2\/categories?post=39554"},{"taxonomy":"post_tag","embeddable":true,"href":"https:\/\/www.jojoenherbe.com\/index.php\/wp-json\/wp\/v2\/tags?post=39554"}],"curies":[{"name":"wp","href":"https:\/\/api.w.org\/{rel}","templated":true}]}}