{"id":39430,"date":"2025-05-26T17:09:40","date_gmt":"2025-05-26T15:09:40","guid":{"rendered":"https:\/\/www.jojoenherbe.com\/?p=39430"},"modified":"2025-05-26T17:09:40","modified_gmt":"2025-05-26T15:09:40","slug":"point-lecture-hebdomadaire-2025-21","status":"publish","type":"post","link":"https:\/\/www.jojoenherbe.com\/index.php\/2025\/05\/26\/point-lecture-hebdomadaire-2025-21\/","title":{"rendered":"Point lecture hebdomadaire 2025 #21"},"content":{"rendered":"<p style=\"text-align: justify;\"><em>En ce d\u00e9but de semaine, voici mon point lecture hebdomadaire avec un retour sur nos lectures (mais pas nos relectures) de la semaine derni\u00e8re, ayant \u00e9galement regard\u00e9 l&rsquo;anime du <span style=\"text-decoration: underline;\">Pavillon des hommes<\/span>.<\/em><\/p>\n<p><strong><span style=\"text-decoration: underline;\">Nos lectures du 19 au 25 mai 2025<\/span>:<\/strong><\/p>\n<p><em><span style=\"text-decoration: underline;\">Des lectures jeunesse<\/span>:<\/em><\/p>\n<p style=\"text-align: justify;\"><em><a href=\"https:\/\/i0.wp.com\/www.jojoenherbe.com\/wp-content\/uploads\/2025\/05\/La-legende-de-Podkin-le-Brave-T2.jpg\"><img data-recalc-dims=\"1\" loading=\"lazy\" decoding=\"async\" data-attachment-id=\"39446\" data-permalink=\"https:\/\/www.jojoenherbe.com\/index.php\/2025\/05\/12\/rat-a-week-un-mois-au-japon-2025\/screenshot-207\/\" data-orig-file=\"https:\/\/i0.wp.com\/www.jojoenherbe.com\/wp-content\/uploads\/2025\/05\/La-legende-de-Podkin-le-Brave-T2.jpg?fit=750%2C1106&amp;ssl=1\" data-orig-size=\"750,1106\" data-comments-opened=\"1\" data-image-meta=\"{&quot;aperture&quot;:&quot;0&quot;,&quot;credit&quot;:&quot;&quot;,&quot;camera&quot;:&quot;&quot;,&quot;caption&quot;:&quot;Screenshot&quot;,&quot;created_timestamp&quot;:&quot;0&quot;,&quot;copyright&quot;:&quot;&quot;,&quot;focal_length&quot;:&quot;0&quot;,&quot;iso&quot;:&quot;0&quot;,&quot;shutter_speed&quot;:&quot;0&quot;,&quot;title&quot;:&quot;Screenshot&quot;,&quot;orientation&quot;:&quot;1&quot;}\" data-image-title=\"\" data-image-description=\"\" data-image-caption=\"\" data-large-file=\"https:\/\/i0.wp.com\/www.jojoenherbe.com\/wp-content\/uploads\/2025\/05\/La-legende-de-Podkin-le-Brave-T2.jpg?fit=676%2C997&amp;ssl=1\" class=\"alignleft size-thumbnail wp-image-39446\" src=\"https:\/\/i0.wp.com\/www.jojoenherbe.com\/wp-content\/uploads\/2025\/05\/La-legende-de-Podkin-le-Brave-T2.jpg?resize=150%2C150\" alt=\"\" width=\"150\" height=\"150\" srcset=\"https:\/\/i0.wp.com\/www.jojoenherbe.com\/wp-content\/uploads\/2025\/05\/La-legende-de-Podkin-le-Brave-T2.jpg?resize=150%2C150&amp;ssl=1 150w, https:\/\/i0.wp.com\/www.jojoenherbe.com\/wp-content\/uploads\/2025\/05\/La-legende-de-Podkin-le-Brave-T2.jpg?zoom=2&amp;resize=150%2C150 300w, https:\/\/i0.wp.com\/www.jojoenherbe.com\/wp-content\/uploads\/2025\/05\/La-legende-de-Podkin-le-Brave-T2.jpg?zoom=3&amp;resize=150%2C150 450w\" sizes=\"auto, (max-width: 150px) 100vw, 150px\" \/><\/a>Nous avons continu\u00e9 de lire jusqu&rsquo;au chapitre 8 le tome 2 de <span style=\"text-decoration: underline;\"><strong>La l\u00e9gende de Podkin le Brave<\/strong>, <strong>Le tr\u00e9sor du terrier maudit<\/strong><\/span> de Kieran Larwood (\u00e9d. Gallimard Jeunesse, coll. Folio Junior, octobre 2020, 304 pages), le petit groupe de lapins partant dans une nouvelle mission p\u00e9rilleuse, en territoire Gorm, afin de r\u00e9cup\u00e9rer un des 12 Dons, le marteau cach\u00e9 pr\u00e8s de Pomme Crois\u00e9e. L&rsquo;histoire pla\u00eet toujours autant \u00e0 mon mini lutin, que ce soit les aventures de Podkin que les interludes du barde et de son apprenti Rutsi.<\/em><\/p>\n<p><em><span style=\"text-decoration: underline;\">Des lectures adulte<\/span>:<\/em><\/p>\n<ul>\n<li style=\"text-align: justify;\"><em>(Roman historique) <strong><span style=\"text-decoration: underline;\">Les Disparues de Nellie Bly<\/span><\/strong> d&rsquo;Isadora et Samuel Avril <\/em><\/li>\n<\/ul>\n<p style=\"text-align: justify;\"><em><a href=\"https:\/\/i0.wp.com\/www.jojoenherbe.com\/wp-content\/uploads\/2025\/05\/Les-Disparues-de-Nellie-Bly.jpg\"><img data-recalc-dims=\"1\" loading=\"lazy\" decoding=\"async\" data-attachment-id=\"39503\" data-permalink=\"https:\/\/www.jojoenherbe.com\/index.php\/2025\/05\/21\/au-fil-des-pages-avec-les-disparues-de-nellie-bly\/screenshot-210\/\" data-orig-file=\"https:\/\/i0.wp.com\/www.jojoenherbe.com\/wp-content\/uploads\/2025\/05\/Les-Disparues-de-Nellie-Bly.jpg?fit=749%2C1109&amp;ssl=1\" data-orig-size=\"749,1109\" data-comments-opened=\"1\" data-image-meta=\"{&quot;aperture&quot;:&quot;0&quot;,&quot;credit&quot;:&quot;&quot;,&quot;camera&quot;:&quot;&quot;,&quot;caption&quot;:&quot;Screenshot&quot;,&quot;created_timestamp&quot;:&quot;0&quot;,&quot;copyright&quot;:&quot;&quot;,&quot;focal_length&quot;:&quot;0&quot;,&quot;iso&quot;:&quot;0&quot;,&quot;shutter_speed&quot;:&quot;0&quot;,&quot;title&quot;:&quot;Screenshot&quot;,&quot;orientation&quot;:&quot;1&quot;}\" data-image-title=\"\" data-image-description=\"\" data-image-caption=\"\" data-large-file=\"https:\/\/i0.wp.com\/www.jojoenherbe.com\/wp-content\/uploads\/2025\/05\/Les-Disparues-de-Nellie-Bly.jpg?fit=676%2C1000&amp;ssl=1\" class=\"size-thumbnail wp-image-39503 alignright\" src=\"https:\/\/i0.wp.com\/www.jojoenherbe.com\/wp-content\/uploads\/2025\/05\/Les-Disparues-de-Nellie-Bly.jpg?resize=150%2C150\" alt=\"\" width=\"150\" height=\"150\" srcset=\"https:\/\/i0.wp.com\/www.jojoenherbe.com\/wp-content\/uploads\/2025\/05\/Les-Disparues-de-Nellie-Bly.jpg?resize=150%2C150&amp;ssl=1 150w, https:\/\/i0.wp.com\/www.jojoenherbe.com\/wp-content\/uploads\/2025\/05\/Les-Disparues-de-Nellie-Bly.jpg?zoom=2&amp;resize=150%2C150 300w, https:\/\/i0.wp.com\/www.jojoenherbe.com\/wp-content\/uploads\/2025\/05\/Les-Disparues-de-Nellie-Bly.jpg?zoom=3&amp;resize=150%2C150 450w\" sizes=\"auto, (max-width: 150px) 100vw, 150px\" \/><\/a>J&rsquo;ai lu <a href=\"https:\/\/www.jojoenherbe.com\/index.php\/2025\/05\/21\/au-fil-des-pages-avec-les-disparues-de-nellie-bly\/\"><span style=\"text-decoration: underline;\">Les Disparues de Nellie Bly<\/span><\/a> d&rsquo;Isadora et Samuel Avril (\u00e9d. Prisma, mai 2024, 299 pages), un roman historique s&rsquo;inspirant, de fa\u00e7on romanc\u00e9e, d&rsquo;une partie de la vie d&rsquo;Elizabeth Cochrane, de ses premiers pas de journaliste d&rsquo;investigation au sein du Pittsburgh Dispatch jusqu&rsquo;\u00e0 son d\u00e9part pour relever le pari d&rsquo;un tour du monde en moins de 80 jours. <\/em><em>Ce n&rsquo;est pas une biographie en tant que telle, le couple d&rsquo;auteurs ayant fait le choix d&rsquo;une trame narrative avec pour fil conducteur la motivation de la jeune femme \u00e0 d\u00e9couvrir, envers et contre tous, le sort des femmes disparues, celles de sa premi\u00e8re infiltration au sein d&rsquo;une fabrique de conserves, \u00e0 Pittsburgh puis au sein de l&rsquo;asile sur l&rsquo;\u00eele de Blackwell, \u00e0 New York<\/em>. <em>Un bon moment de lecture dans l&rsquo;ensemble!<\/em><\/p>\n<ul>\n<li style=\"text-align: justify;\"><em>(Roman policier contemporain) <strong><span style=\"text-decoration: underline;\">La mort en face<\/span><\/strong> d\u2019Antonio Lanzetta<\/em><\/li>\n<\/ul>\n<p style=\"text-align: justify;\"><em><a href=\"https:\/\/i0.wp.com\/www.jojoenherbe.com\/wp-content\/uploads\/2025\/05\/La-mort-en-face.jpg\"><img data-recalc-dims=\"1\" loading=\"lazy\" decoding=\"async\" data-attachment-id=\"39467\" data-permalink=\"https:\/\/www.jojoenherbe.com\/index.php\/2025\/05\/05\/billet-de-suivi-le-mois-italien-2025\/screenshot-208\/\" data-orig-file=\"https:\/\/i0.wp.com\/www.jojoenherbe.com\/wp-content\/uploads\/2025\/05\/La-mort-en-face.jpg?fit=749%2C1148&amp;ssl=1\" data-orig-size=\"749,1148\" data-comments-opened=\"1\" data-image-meta=\"{&quot;aperture&quot;:&quot;0&quot;,&quot;credit&quot;:&quot;&quot;,&quot;camera&quot;:&quot;&quot;,&quot;caption&quot;:&quot;Screenshot&quot;,&quot;created_timestamp&quot;:&quot;0&quot;,&quot;copyright&quot;:&quot;&quot;,&quot;focal_length&quot;:&quot;0&quot;,&quot;iso&quot;:&quot;0&quot;,&quot;shutter_speed&quot;:&quot;0&quot;,&quot;title&quot;:&quot;Screenshot&quot;,&quot;orientation&quot;:&quot;1&quot;}\" data-image-title=\"\" data-image-description=\"\" data-image-caption=\"\" data-large-file=\"https:\/\/i0.wp.com\/www.jojoenherbe.com\/wp-content\/uploads\/2025\/05\/La-mort-en-face.jpg?fit=668%2C1024&amp;ssl=1\" class=\"alignleft size-thumbnail wp-image-39467\" src=\"https:\/\/i0.wp.com\/www.jojoenherbe.com\/wp-content\/uploads\/2025\/05\/La-mort-en-face.jpg?resize=150%2C150\" alt=\"\" width=\"150\" height=\"150\" srcset=\"https:\/\/i0.wp.com\/www.jojoenherbe.com\/wp-content\/uploads\/2025\/05\/La-mort-en-face.jpg?resize=150%2C150&amp;ssl=1 150w, https:\/\/i0.wp.com\/www.jojoenherbe.com\/wp-content\/uploads\/2025\/05\/La-mort-en-face.jpg?zoom=2&amp;resize=150%2C150 300w, https:\/\/i0.wp.com\/www.jojoenherbe.com\/wp-content\/uploads\/2025\/05\/La-mort-en-face.jpg?zoom=3&amp;resize=150%2C150 450w\" sizes=\"auto, (max-width: 150px) 100vw, 150px\" \/><\/a>J\u2019ai lu, en e-book, <a href=\"https:\/\/www.jojoenherbe.com\/index.php\/2025\/05\/23\/au-fil-des-pages-avec-la-mort-en-face\/\"><span style=\"text-decoration: underline;\">La mort en face<\/span><\/a> d\u2019Antonio Lanzetta (\u00e9d. Mera Editions, novembre 2024, 262 pages), un roman policier contemporain avec une touche de paranormal se d\u00e9roulant \u00e0 Salerne et sous-titr\u00e9 \u00ab\u00a0La folie cache parfois de sombres v\u00e9rit\u00e9s\u00a0\u00bb, pour une lecture commune facultative propos\u00e9e par Eimelle dans le cadre d\u2019Un mois en Italie 2025. Le commissaire Massimo Trotta Lidia Basso, psychologue, professeure de psychologie \u00e0 l\u2019universit\u00e9 et consultante aupr\u00e8s de la police sont charg\u00e9s d&rsquo;enqu\u00eater sur le meurtre d&rsquo;une \u00e9tudiante. Leur enqu\u00eate les conduit aupr\u00e8s d\u2019un adolescent de 17 ans, Matteo, plac\u00e9 dans un \u00e9tablissement p\u00e9dopsychiatrique depuis 10 ans, apr\u00e8s avoir surv\u00e9cu \u00e0 la \u00ab ferme de l\u2019horreur \u00bb et qui dessine, depuis le soir du meurtre, la jeune femme assassin\u00e9e. Les deux affaires seraient-elles li\u00e9es? <\/em><em>Un bon moment de lecture dans l\u2019ensemble sous fond de parapsychologie m\u00eame si j\u2019ai trouv\u00e9 que la fin ouverte ne r\u00e9pondait pas \u00e0 toutes les questions laiss\u00e9es en suspens et \u00e9tait un peu pr\u00e9cipit\u00e9e!<\/em><\/p>\n<ul>\n<li style=\"text-align: justify;\"><em>(Romance bit-lit surnaturelle) <strong><span style=\"text-decoration: underline;\">The Fake Mate<\/span><\/strong> de Lana Ferguson<\/em><\/li>\n<\/ul>\n<p style=\"text-align: justify;\"><em><a href=\"https:\/\/i0.wp.com\/www.jojoenherbe.com\/wp-content\/uploads\/2025\/05\/The-Fake-Mate.jpg\"><img data-recalc-dims=\"1\" loading=\"lazy\" decoding=\"async\" data-attachment-id=\"39528\" data-permalink=\"https:\/\/www.jojoenherbe.com\/index.php\/2025\/05\/26\/point-lecture-hebdomadaire-2025-21\/screenshot-211\/\" data-orig-file=\"https:\/\/i0.wp.com\/www.jojoenherbe.com\/wp-content\/uploads\/2025\/05\/The-Fake-Mate.jpg?fit=750%2C1152&amp;ssl=1\" data-orig-size=\"750,1152\" data-comments-opened=\"1\" data-image-meta=\"{&quot;aperture&quot;:&quot;0&quot;,&quot;credit&quot;:&quot;&quot;,&quot;camera&quot;:&quot;&quot;,&quot;caption&quot;:&quot;Screenshot&quot;,&quot;created_timestamp&quot;:&quot;0&quot;,&quot;copyright&quot;:&quot;&quot;,&quot;focal_length&quot;:&quot;0&quot;,&quot;iso&quot;:&quot;0&quot;,&quot;shutter_speed&quot;:&quot;0&quot;,&quot;title&quot;:&quot;Screenshot&quot;,&quot;orientation&quot;:&quot;1&quot;}\" data-image-title=\"\" data-image-description=\"\" data-image-caption=\"\" data-large-file=\"https:\/\/i0.wp.com\/www.jojoenherbe.com\/wp-content\/uploads\/2025\/05\/The-Fake-Mate.jpg?fit=667%2C1024&amp;ssl=1\" class=\"size-thumbnail wp-image-39528 alignright\" src=\"https:\/\/i0.wp.com\/www.jojoenherbe.com\/wp-content\/uploads\/2025\/05\/The-Fake-Mate.jpg?resize=150%2C150\" alt=\"\" width=\"150\" height=\"150\" srcset=\"https:\/\/i0.wp.com\/www.jojoenherbe.com\/wp-content\/uploads\/2025\/05\/The-Fake-Mate.jpg?resize=150%2C150&amp;ssl=1 150w, https:\/\/i0.wp.com\/www.jojoenherbe.com\/wp-content\/uploads\/2025\/05\/The-Fake-Mate.jpg?zoom=2&amp;resize=150%2C150 300w, https:\/\/i0.wp.com\/www.jojoenherbe.com\/wp-content\/uploads\/2025\/05\/The-Fake-Mate.jpg?zoom=3&amp;resize=150%2C150 450w\" sizes=\"auto, (max-width: 150px) 100vw, 150px\" \/><\/a>J&rsquo;ai lu <span style=\"text-decoration: underline;\">The Fake Mate<\/span> de Lana Ferguson (\u00e9d. Milady, mai 2025, 418 pages), une romance bit-lit surnaturelle.\u00a0Mackenzie Carter, m\u00e9decin urgentiste et m\u00e9tamorphe om\u00e9ga de 29 ans ne supporte plus l&rsquo;insistance de sa grand-m\u00e8re de la voir marier et avec des enfants. Apr\u00e8s de trop nombreux rendez-vous rat\u00e9s, elle r\u00e9ussit \u00e0 convaincre Noah Taylor, un cardiologue antipathique et m\u00e9tamorphe alpha de 36 ans de se faire passer pour son petit ami, ce que celui-ci accepte plus facilement qu&rsquo;elle ne l&rsquo;aurait cru, Noah ayant besoin d&rsquo;une \u00ab\u00a0moiti\u00e9\u00a0\u00bb afin de ne pas \u00eatre p\u00e9nalis\u00e9 par l&rsquo;administration de l&rsquo;h\u00f4pital de Denver. Le couple Mackenzie\/Noah fonctionne tr\u00e8s bien, fond\u00e9 sur le trope \u00ab Grumpy\/Sunshine \u00bb, m\u00eame si leurs comportements amoureux sont plus proches de jeunes adultes connaissant leur premi\u00e8re relation de couple. L&rsquo;autrice s&rsquo;amuse avec les codes de l&rsquo;om\u00e9gaverse sans pour autant tomber dans le c\u00f4t\u00e9 dominant\/domin\u00e9e. Une lecture l\u00e9g\u00e8re et rigolote!<\/em><\/p>\n<ul>\n<li style=\"text-align: justify;\"><em>(Romance historique) <strong><span style=\"text-decoration: underline;\">Les diaboliques, L&rsquo;explosive lady Imog\u00e8ne<\/span><\/strong> de Sarah MacLean<strong> (T3)<\/strong><\/em><\/li>\n<\/ul>\n<p style=\"text-align: justify;\"><em><a href=\"https:\/\/i0.wp.com\/www.jojoenherbe.com\/wp-content\/uploads\/2025\/05\/Lexplosive-lady-Imogene-T3.jpg\"><img data-recalc-dims=\"1\" loading=\"lazy\" decoding=\"async\" data-attachment-id=\"39529\" data-permalink=\"https:\/\/www.jojoenherbe.com\/index.php\/2025\/05\/26\/point-lecture-hebdomadaire-2025-21\/screenshot-212\/\" data-orig-file=\"https:\/\/i0.wp.com\/www.jojoenherbe.com\/wp-content\/uploads\/2025\/05\/Lexplosive-lady-Imogene-T3.jpg?fit=750%2C1222&amp;ssl=1\" data-orig-size=\"750,1222\" data-comments-opened=\"1\" data-image-meta=\"{&quot;aperture&quot;:&quot;0&quot;,&quot;credit&quot;:&quot;&quot;,&quot;camera&quot;:&quot;&quot;,&quot;caption&quot;:&quot;Screenshot&quot;,&quot;created_timestamp&quot;:&quot;0&quot;,&quot;copyright&quot;:&quot;&quot;,&quot;focal_length&quot;:&quot;0&quot;,&quot;iso&quot;:&quot;0&quot;,&quot;shutter_speed&quot;:&quot;0&quot;,&quot;title&quot;:&quot;Screenshot&quot;,&quot;orientation&quot;:&quot;1&quot;}\" data-image-title=\"\" data-image-description=\"\" data-image-caption=\"\" data-large-file=\"https:\/\/i0.wp.com\/www.jojoenherbe.com\/wp-content\/uploads\/2025\/05\/Lexplosive-lady-Imogene-T3.jpg?fit=628%2C1024&amp;ssl=1\" class=\"alignleft size-thumbnail wp-image-39529\" src=\"https:\/\/i0.wp.com\/www.jojoenherbe.com\/wp-content\/uploads\/2025\/05\/Lexplosive-lady-Imogene-T3.jpg?resize=150%2C150\" alt=\"\" width=\"150\" height=\"150\" srcset=\"https:\/\/i0.wp.com\/www.jojoenherbe.com\/wp-content\/uploads\/2025\/05\/Lexplosive-lady-Imogene-T3.jpg?resize=150%2C150&amp;ssl=1 150w, https:\/\/i0.wp.com\/www.jojoenherbe.com\/wp-content\/uploads\/2025\/05\/Lexplosive-lady-Imogene-T3.jpg?zoom=2&amp;resize=150%2C150 300w, https:\/\/i0.wp.com\/www.jojoenherbe.com\/wp-content\/uploads\/2025\/05\/Lexplosive-lady-Imogene-T3.jpg?zoom=3&amp;resize=150%2C150 450w\" sizes=\"auto, (max-width: 150px) 100vw, 150px\" \/><\/a>J&rsquo;ai lu le tome 3 des <span style=\"text-decoration: underline;\">Diaboliques, L&rsquo;explosive lady Imog\u00e8ne<\/span> de Sarah MacLean (\u00e9d. J\u2019ai lu, coll. Aventures et Passions, d\u00e9cembre 2023,\u00a0 418 pages), une romance historique se d\u00e9roulant en Angleterre, \u00e0 l&rsquo;hiver 1840, l&rsquo;inspecteur Thomas Peck enqu\u00eatant sur une s\u00e9rie d&rsquo;explosions de nature criminelle dans l&rsquo;East End et trouvant, \u00e0 chaque fois, sur les lieux Lady Imog\u00e8ne Loveless et ses amies, celles-ci semblant lui cacher des informations sur les commanditaires. La jeune femme de 24 ans, passionn\u00e9e de chimie et d&rsquo;explosifs, est bien loin de l&rsquo;image de la jeune lady \u00e0 marier, comme le souhaiterait son fr\u00e8re et mettant dans tous ses \u00e9tats l&rsquo;inspecteur de 30 ans. J&rsquo;\u00e9tais curieuse de d\u00e9couvrir ce troisi\u00e8me tome, ayant d\u00e9j\u00e0 bien appr\u00e9ci\u00e9 les interactions entre ces deux personnages dans les deux pr\u00e9c\u00e9dents tomes. L&rsquo;alchimie entre les deux est \u00ab\u00a0explosive\u00a0\u00bb. Leur romance m&rsquo;a bien plu, sous fond de diff\u00e9rence de classes sociales, l&rsquo;inspecteur ayant grandi dans l&rsquo;East End et Lady Imog\u00e8ne \u00e9tant la fille d&rsquo;un comte vivant dans les beaux-quartiers de Mayflair. J&rsquo;ai \u00e9galement une nouvelle fois appr\u00e9ci\u00e9 ces justici\u00e8res de l&rsquo;ombre et leurs activit\u00e9s secr\u00e8tes afin de prot\u00e9ger les plus faibles, m\u00eame si un des derniers rebondissements ne m&rsquo;a pas convaincu, peu plausible vu le rang social de la jeune femme. Un bon moment de lecture avec cette romance non d\u00e9nu\u00e9e d&rsquo;humour et spicy que j&rsquo;ai choisie pour le th\u00e8me \u00ab\u00a0Intrigues et secrets\u00a0\u00bb du mois d&rsquo;avril 2025 du Challenge Romances Historiques! Je pensais qu&rsquo;il s&rsquo;agissait d&rsquo;une trilogie mais au vu de l&rsquo;\u00e9pilogue, il y aura un quatri\u00e8me tome (je me disais bien d\u00e8s le d\u00e9part que le mariage de la Duchesse de Trevescan \u00e9tait suspect).<br \/>\n<\/em><\/p>\n<p style=\"text-align: justify;\"><em><a href=\"https:\/\/i0.wp.com\/www.jojoenherbe.com\/wp-content\/uploads\/2025\/01\/Semaine-a-1000-du-Pingoin-Vert-dates-2025.jpg\"><img data-recalc-dims=\"1\" loading=\"lazy\" decoding=\"async\" data-attachment-id=\"38247\" data-permalink=\"https:\/\/www.jojoenherbe.com\/index.php\/2025\/01\/27\/point-lecture-hebdomadaire-2025-4\/semaine-a-1000-du-pingoin-vert-dates-2025\/\" data-orig-file=\"https:\/\/i0.wp.com\/www.jojoenherbe.com\/wp-content\/uploads\/2025\/01\/Semaine-a-1000-du-Pingoin-Vert-dates-2025.jpg?fit=800%2C800&amp;ssl=1\" data-orig-size=\"800,800\" data-comments-opened=\"1\" data-image-meta=\"{&quot;aperture&quot;:&quot;0&quot;,&quot;credit&quot;:&quot;&quot;,&quot;camera&quot;:&quot;&quot;,&quot;caption&quot;:&quot;&quot;,&quot;created_timestamp&quot;:&quot;1732437280&quot;,&quot;copyright&quot;:&quot;&quot;,&quot;focal_length&quot;:&quot;0&quot;,&quot;iso&quot;:&quot;0&quot;,&quot;shutter_speed&quot;:&quot;0&quot;,&quot;title&quot;:&quot;&quot;,&quot;orientation&quot;:&quot;1&quot;}\" data-image-title=\"Semaine \u00e0 1000 du Pingoin Vert &amp;#8211; dates 2025\" data-image-description=\"\" data-image-caption=\"\" data-large-file=\"https:\/\/i0.wp.com\/www.jojoenherbe.com\/wp-content\/uploads\/2025\/01\/Semaine-a-1000-du-Pingoin-Vert-dates-2025.jpg?fit=676%2C676&amp;ssl=1\" class=\"wp-image-38247 alignright\" src=\"https:\/\/i0.wp.com\/www.jojoenherbe.com\/wp-content\/uploads\/2025\/01\/Semaine-a-1000-du-Pingoin-Vert-dates-2025.jpg?resize=141%2C141\" alt=\"\" width=\"141\" height=\"141\" srcset=\"https:\/\/i0.wp.com\/www.jojoenherbe.com\/wp-content\/uploads\/2025\/01\/Semaine-a-1000-du-Pingoin-Vert-dates-2025.jpg?w=800&amp;ssl=1 800w, https:\/\/i0.wp.com\/www.jojoenherbe.com\/wp-content\/uploads\/2025\/01\/Semaine-a-1000-du-Pingoin-Vert-dates-2025.jpg?resize=300%2C300&amp;ssl=1 300w, https:\/\/i0.wp.com\/www.jojoenherbe.com\/wp-content\/uploads\/2025\/01\/Semaine-a-1000-du-Pingoin-Vert-dates-2025.jpg?resize=150%2C150&amp;ssl=1 150w, https:\/\/i0.wp.com\/www.jojoenherbe.com\/wp-content\/uploads\/2025\/01\/Semaine-a-1000-du-Pingoin-Vert-dates-2025.jpg?resize=768%2C768&amp;ssl=1 768w, https:\/\/i0.wp.com\/www.jojoenherbe.com\/wp-content\/uploads\/2025\/01\/Semaine-a-1000-du-Pingoin-Vert-dates-2025.jpg?resize=676%2C676&amp;ssl=1 676w\" sizes=\"auto, (max-width: 141px) 100vw, 141px\" \/><\/a>Cette semaine c\u2019\u00e9tait une Semaine \u00e0 mille pages organis\u00e9e par <a href=\"https:\/\/www.instagram.com\/petit_pingouin_vert\/\">Le pingouin vert<\/a> sur IG chaque mois tout au long de l\u2019ann\u00e9e 2025. Alors combien ai-je lu de pages cette semaine?\u00a0 1.395 pages lues sans compter le roman jeunesse lu avec mon mini lutin.<\/em><\/p>\n","protected":false},"excerpt":{"rendered":"<p>En ce d\u00e9but de semaine, voici mon point lecture hebdomadaire avec un retour sur nos lectures (mais pas nos relectures) de la semaine derni\u00e8re, ayant \u00e9galement regard\u00e9 l&rsquo;anime du Pavillon des hommes. Nos lectures du 19 au 25 mai 2025: Des lectures jeunesse: Nous avons continu\u00e9 de lire jusqu&rsquo;au chapitre 8 le tome 2 de [&hellip;]<\/p>\n","protected":false},"author":1,"featured_media":39530,"comment_status":"open","ping_status":"open","sticky":false,"template":"","format":"standard","meta":{"jetpack_post_was_ever_published":false,"_jetpack_newsletter_access":"","_jetpack_dont_email_post_to_subs":false,"_jetpack_newsletter_tier_id":0,"_jetpack_memberships_contains_paywalled_content":false,"_jetpack_memberships_contains_paid_content":false,"footnotes":""},"categories":[2140,363],"tags":[4601,870,4609,4565,4616,1085,367,2767,1818,1329,844,3209,3557,905,789,4610,4617],"class_list":["post-39430","post","type-post","status-publish","format-standard","has-post-thumbnail","hentry","category-mini-blogueur","category-mini-lecteur","tag-antonio-lanzetta","tag-fantasy","tag-isadora-avril","tag-kieran-larwood","tag-lana-ferguson","tag-lecture-adulte","tag-lecture-jeunesse","tag-point-lecture-hebdo","tag-roman-historique","tag-roman-policier","tag-romance","tag-romance-historique","tag-romance-surnaturelle","tag-romans-adulte","tag-romans-jeunesse","tag-samuel-avril","tag-sarah-maclean","post-preview"],"jetpack_featured_media_url":"https:\/\/i0.wp.com\/www.jojoenherbe.com\/wp-content\/uploads\/2025\/05\/Point-lecture-hebdo-2025-21.jpg?fit=1922%2C1504&ssl=1","jetpack_sharing_enabled":true,"jetpack_shortlink":"https:\/\/wp.me\/p9zhGx-afY","jetpack_likes_enabled":true,"jetpack-related-posts":[{"id":39835,"url":"https:\/\/www.jojoenherbe.com\/index.php\/2025\/06\/29\/point-lecture-hebdomadaire-2025-25\/","url_meta":{"origin":39430,"position":0},"title":"Point lecture hebdomadaire 2025 #25","author":"Jojo","date":"29 juin 2025","format":false,"excerpt":"En cette fin de semaine, voici mon point lecture hebdomadaire avec un retour sur nos lectures (mais pas nos relectures) de la semaine derni\u00e8re qui ont \u00e9t\u00e9 peu nombreuses, compte-tenu de nos sorties du soir (plage, f\u00eate de la musique...) ou visionnages.\u00a0 Nos lectures du 16 au 22 juin 2025:\u2026","rel":"","context":"Dans &quot;Mini blogueur&quot;","block_context":{"text":"Mini blogueur","link":"https:\/\/www.jojoenherbe.com\/index.php\/category\/mini-blogueur\/"},"img":{"alt_text":"","src":"https:\/\/i0.wp.com\/www.jojoenherbe.com\/wp-content\/uploads\/2025\/06\/Point-lecture-hebdo-2025-25.jpg?fit=1200%2C871&ssl=1&resize=350%2C200","width":350,"height":200,"srcset":"https:\/\/i0.wp.com\/www.jojoenherbe.com\/wp-content\/uploads\/2025\/06\/Point-lecture-hebdo-2025-25.jpg?fit=1200%2C871&ssl=1&resize=350%2C200 1x, https:\/\/i0.wp.com\/www.jojoenherbe.com\/wp-content\/uploads\/2025\/06\/Point-lecture-hebdo-2025-25.jpg?fit=1200%2C871&ssl=1&resize=525%2C300 1.5x, https:\/\/i0.wp.com\/www.jojoenherbe.com\/wp-content\/uploads\/2025\/06\/Point-lecture-hebdo-2025-25.jpg?fit=1200%2C871&ssl=1&resize=700%2C400 2x, https:\/\/i0.wp.com\/www.jojoenherbe.com\/wp-content\/uploads\/2025\/06\/Point-lecture-hebdo-2025-25.jpg?fit=1200%2C871&ssl=1&resize=1050%2C600 3x"},"classes":[]},{"id":39382,"url":"https:\/\/www.jojoenherbe.com\/index.php\/2025\/05\/16\/point-lecture-hebdomadaire-2025-19\/","url_meta":{"origin":39430,"position":1},"title":"Point lecture hebdomadaire 2025 #19","author":"Jojo","date":"16 mai 2025","format":false,"excerpt":"En cette presque fin de semaine, voici mon point lecture hebdomadaire avec un retour sur nos lectures (mais pas nos relectures) de la semaine derni\u00e8re. Nos lectures du 5 au 11 mai 2025: Des lectures jeunesse: Nous avons fini de lire le tome 1 d'une trilogie fantasy : La l\u00e9gende\u2026","rel":"","context":"Dans &quot;Mini blogueur&quot;","block_context":{"text":"Mini blogueur","link":"https:\/\/www.jojoenherbe.com\/index.php\/category\/mini-blogueur\/"},"img":{"alt_text":"","src":"https:\/\/i0.wp.com\/www.jojoenherbe.com\/wp-content\/uploads\/2025\/05\/Point-lecture-hebdo-2025-19.jpg?fit=1200%2C915&ssl=1&resize=350%2C200","width":350,"height":200,"srcset":"https:\/\/i0.wp.com\/www.jojoenherbe.com\/wp-content\/uploads\/2025\/05\/Point-lecture-hebdo-2025-19.jpg?fit=1200%2C915&ssl=1&resize=350%2C200 1x, https:\/\/i0.wp.com\/www.jojoenherbe.com\/wp-content\/uploads\/2025\/05\/Point-lecture-hebdo-2025-19.jpg?fit=1200%2C915&ssl=1&resize=525%2C300 1.5x, https:\/\/i0.wp.com\/www.jojoenherbe.com\/wp-content\/uploads\/2025\/05\/Point-lecture-hebdo-2025-19.jpg?fit=1200%2C915&ssl=1&resize=700%2C400 2x, https:\/\/i0.wp.com\/www.jojoenherbe.com\/wp-content\/uploads\/2025\/05\/Point-lecture-hebdo-2025-19.jpg?fit=1200%2C915&ssl=1&resize=1050%2C600 3x"},"classes":[]},{"id":39991,"url":"https:\/\/www.jojoenherbe.com\/index.php\/2025\/07\/11\/point-lecture-hebdomadaire-2025-27\/","url_meta":{"origin":39430,"position":2},"title":"Point lecture hebdomadaire 2025 #27","author":"Jojo","date":"11 juillet 2025","format":false,"excerpt":"En cette fin de semaine, voici mon point lecture hebdomadaire avec un retour sur nos lectures (mais pas nos relectures) de la semaine derni\u00e8re qui s'est termin\u00e9e sur un Week-end \u00e0 mille. Nos lectures du 30 juin au 6 juillet 2025: Des lectures jeunesse: Nous avons continu\u00e9 de lire, chaque\u2026","rel":"","context":"Dans &quot;Mini blogueur&quot;","block_context":{"text":"Mini blogueur","link":"https:\/\/www.jojoenherbe.com\/index.php\/category\/mini-blogueur\/"},"img":{"alt_text":"","src":"https:\/\/i0.wp.com\/www.jojoenherbe.com\/wp-content\/uploads\/2025\/07\/Point-lecture-hebdo-2025-27.jpg?fit=1080%2C1033&ssl=1&resize=350%2C200","width":350,"height":200,"srcset":"https:\/\/i0.wp.com\/www.jojoenherbe.com\/wp-content\/uploads\/2025\/07\/Point-lecture-hebdo-2025-27.jpg?fit=1080%2C1033&ssl=1&resize=350%2C200 1x, https:\/\/i0.wp.com\/www.jojoenherbe.com\/wp-content\/uploads\/2025\/07\/Point-lecture-hebdo-2025-27.jpg?fit=1080%2C1033&ssl=1&resize=525%2C300 1.5x, https:\/\/i0.wp.com\/www.jojoenherbe.com\/wp-content\/uploads\/2025\/07\/Point-lecture-hebdo-2025-27.jpg?fit=1080%2C1033&ssl=1&resize=700%2C400 2x, https:\/\/i0.wp.com\/www.jojoenherbe.com\/wp-content\/uploads\/2025\/07\/Point-lecture-hebdo-2025-27.jpg?fit=1080%2C1033&ssl=1&resize=1050%2C600 3x"},"classes":[]},{"id":39365,"url":"https:\/\/www.jojoenherbe.com\/index.php\/2025\/05\/09\/point-lecture-hebdomadaire-2025-18\/","url_meta":{"origin":39430,"position":3},"title":"Point lecture hebdomadaire 2025 #18","author":"Jojo","date":"9 mai 2025","format":false,"excerpt":"En cette presque fin de semaine, voici mon point lecture hebdomadaire avec un retour sur nos lectures (mais pas nos relectures) de la semaine derni\u00e8re. Nos lectures du 28 avril au 4 mai 2025: Des lectures jeunesse: Nous avons continu\u00e9 \u00e0 lire le tome 1 d'une trilogie fantasy : La\u2026","rel":"","context":"Dans &quot;Mini blogueur&quot;","block_context":{"text":"Mini blogueur","link":"https:\/\/www.jojoenherbe.com\/index.php\/category\/mini-blogueur\/"},"img":{"alt_text":"","src":"https:\/\/i0.wp.com\/www.jojoenherbe.com\/wp-content\/uploads\/2025\/05\/Point-lecture-hebdo-2025-18.jpg?fit=1200%2C975&ssl=1&resize=350%2C200","width":350,"height":200,"srcset":"https:\/\/i0.wp.com\/www.jojoenherbe.com\/wp-content\/uploads\/2025\/05\/Point-lecture-hebdo-2025-18.jpg?fit=1200%2C975&ssl=1&resize=350%2C200 1x, https:\/\/i0.wp.com\/www.jojoenherbe.com\/wp-content\/uploads\/2025\/05\/Point-lecture-hebdo-2025-18.jpg?fit=1200%2C975&ssl=1&resize=525%2C300 1.5x, https:\/\/i0.wp.com\/www.jojoenherbe.com\/wp-content\/uploads\/2025\/05\/Point-lecture-hebdo-2025-18.jpg?fit=1200%2C975&ssl=1&resize=700%2C400 2x, https:\/\/i0.wp.com\/www.jojoenherbe.com\/wp-content\/uploads\/2025\/05\/Point-lecture-hebdo-2025-18.jpg?fit=1200%2C975&ssl=1&resize=1050%2C600 3x"},"classes":[]},{"id":39861,"url":"https:\/\/www.jojoenherbe.com\/index.php\/2025\/06\/30\/point-lecture-hebdomadaire-2025-26\/","url_meta":{"origin":39430,"position":4},"title":"Point lecture hebdomadaire 2025 #26","author":"Jojo","date":"30 juin 2025","format":false,"excerpt":"En ce d\u00e9but de semaine, voici mon point lecture hebdomadaire avec un retour sur nos lectures (mais pas nos relectures) de la semaine derni\u00e8re qui a \u00e9t\u00e9 marqu\u00e9e par la canicule propice \u00e0 rester au frais et \u00e0 lire et la fin du Mois Anglais 2025. Nos lectures du 23\u2026","rel":"","context":"Dans &quot;Mini blogueur&quot;","block_context":{"text":"Mini blogueur","link":"https:\/\/www.jojoenherbe.com\/index.php\/category\/mini-blogueur\/"},"img":{"alt_text":"","src":"https:\/\/i0.wp.com\/www.jojoenherbe.com\/wp-content\/uploads\/2025\/07\/Point-lecture-hebdo-2025-26.jpg?fit=1200%2C866&ssl=1&resize=350%2C200","width":350,"height":200,"srcset":"https:\/\/i0.wp.com\/www.jojoenherbe.com\/wp-content\/uploads\/2025\/07\/Point-lecture-hebdo-2025-26.jpg?fit=1200%2C866&ssl=1&resize=350%2C200 1x, https:\/\/i0.wp.com\/www.jojoenherbe.com\/wp-content\/uploads\/2025\/07\/Point-lecture-hebdo-2025-26.jpg?fit=1200%2C866&ssl=1&resize=525%2C300 1.5x, https:\/\/i0.wp.com\/www.jojoenherbe.com\/wp-content\/uploads\/2025\/07\/Point-lecture-hebdo-2025-26.jpg?fit=1200%2C866&ssl=1&resize=700%2C400 2x, https:\/\/i0.wp.com\/www.jojoenherbe.com\/wp-content\/uploads\/2025\/07\/Point-lecture-hebdo-2025-26.jpg?fit=1200%2C866&ssl=1&resize=1050%2C600 3x"},"classes":[]},{"id":40060,"url":"https:\/\/www.jojoenherbe.com\/index.php\/2025\/07\/14\/point-lecture-hebdomadaire-2025-28\/","url_meta":{"origin":39430,"position":5},"title":"Point lecture hebdomadaire 2025 #28","author":"Jojo","date":"14 juillet 2025","format":false,"excerpt":"En ce d\u00e9but de semaine, voici mon point lecture hebdomadaire avec un retour sur nos lectures (mais pas nos relectures) de la semaine derni\u00e8re, ayant \u00e9galement regard\u00e9 la mini-s\u00e9rie en 3-D r\u00e9alis\u00e9e en 2025 par Alain Chabat, Ast\u00e9rix et Ob\u00e9lix, Le combat des Chefs.\u00a0 Nos lectures du 7 au 13\u2026","rel":"","context":"Dans &quot;Mini blogueur&quot;","block_context":{"text":"Mini blogueur","link":"https:\/\/www.jojoenherbe.com\/index.php\/category\/mini-blogueur\/"},"img":{"alt_text":"","src":"https:\/\/i0.wp.com\/www.jojoenherbe.com\/wp-content\/uploads\/2025\/07\/Point-lecture-hebdo-2025-28.jpg?fit=1200%2C905&ssl=1&resize=350%2C200","width":350,"height":200,"srcset":"https:\/\/i0.wp.com\/www.jojoenherbe.com\/wp-content\/uploads\/2025\/07\/Point-lecture-hebdo-2025-28.jpg?fit=1200%2C905&ssl=1&resize=350%2C200 1x, https:\/\/i0.wp.com\/www.jojoenherbe.com\/wp-content\/uploads\/2025\/07\/Point-lecture-hebdo-2025-28.jpg?fit=1200%2C905&ssl=1&resize=525%2C300 1.5x, https:\/\/i0.wp.com\/www.jojoenherbe.com\/wp-content\/uploads\/2025\/07\/Point-lecture-hebdo-2025-28.jpg?fit=1200%2C905&ssl=1&resize=700%2C400 2x, https:\/\/i0.wp.com\/www.jojoenherbe.com\/wp-content\/uploads\/2025\/07\/Point-lecture-hebdo-2025-28.jpg?fit=1200%2C905&ssl=1&resize=1050%2C600 3x"},"classes":[]}],"_links":{"self":[{"href":"https:\/\/www.jojoenherbe.com\/index.php\/wp-json\/wp\/v2\/posts\/39430","targetHints":{"allow":["GET"]}}],"collection":[{"href":"https:\/\/www.jojoenherbe.com\/index.php\/wp-json\/wp\/v2\/posts"}],"about":[{"href":"https:\/\/www.jojoenherbe.com\/index.php\/wp-json\/wp\/v2\/types\/post"}],"author":[{"embeddable":true,"href":"https:\/\/www.jojoenherbe.com\/index.php\/wp-json\/wp\/v2\/users\/1"}],"replies":[{"embeddable":true,"href":"https:\/\/www.jojoenherbe.com\/index.php\/wp-json\/wp\/v2\/comments?post=39430"}],"version-history":[{"count":6,"href":"https:\/\/www.jojoenherbe.com\/index.php\/wp-json\/wp\/v2\/posts\/39430\/revisions"}],"predecessor-version":[{"id":39535,"href":"https:\/\/www.jojoenherbe.com\/index.php\/wp-json\/wp\/v2\/posts\/39430\/revisions\/39535"}],"wp:featuredmedia":[{"embeddable":true,"href":"https:\/\/www.jojoenherbe.com\/index.php\/wp-json\/wp\/v2\/media\/39530"}],"wp:attachment":[{"href":"https:\/\/www.jojoenherbe.com\/index.php\/wp-json\/wp\/v2\/media?parent=39430"}],"wp:term":[{"taxonomy":"category","embeddable":true,"href":"https:\/\/www.jojoenherbe.com\/index.php\/wp-json\/wp\/v2\/categories?post=39430"},{"taxonomy":"post_tag","embeddable":true,"href":"https:\/\/www.jojoenherbe.com\/index.php\/wp-json\/wp\/v2\/tags?post=39430"}],"curies":[{"name":"wp","href":"https:\/\/api.w.org\/{rel}","templated":true}]}}