{"id":39296,"date":"2025-05-07T15:17:06","date_gmt":"2025-05-07T13:17:06","guid":{"rendered":"https:\/\/www.jojoenherbe.com\/?p=39296"},"modified":"2025-05-07T15:17:06","modified_gmt":"2025-05-07T13:17:06","slug":"au-fil-des-pages-avec-la-vie-dadulte","status":"publish","type":"post","link":"https:\/\/www.jojoenherbe.com\/index.php\/2025\/05\/07\/au-fil-des-pages-avec-la-vie-dadulte\/","title":{"rendered":"Au fil des pages avec La vie d&rsquo;adulte"},"content":{"rendered":"<p style=\"text-align: justify;\"><em><a href=\"https:\/\/i0.wp.com\/www.jojoenherbe.com\/wp-content\/uploads\/2025\/05\/La-vie-dadulte-7-scaled.jpg\"><img data-recalc-dims=\"1\" loading=\"lazy\" decoding=\"async\" data-attachment-id=\"39305\" data-permalink=\"https:\/\/www.jojoenherbe.com\/index.php\/2025\/05\/07\/au-fil-des-pages-avec-la-vie-dadulte\/la-vie-dadulte-7\/\" data-orig-file=\"https:\/\/i0.wp.com\/www.jojoenherbe.com\/wp-content\/uploads\/2025\/05\/La-vie-dadulte-7-scaled.jpg?fit=2560%2C2013&amp;ssl=1\" data-orig-size=\"2560,2013\" data-comments-opened=\"1\" data-image-meta=\"{&quot;aperture&quot;:&quot;1.8&quot;,&quot;credit&quot;:&quot;&quot;,&quot;camera&quot;:&quot;iPhone 7&quot;,&quot;caption&quot;:&quot;&quot;,&quot;created_timestamp&quot;:&quot;1746555832&quot;,&quot;copyright&quot;:&quot;&quot;,&quot;focal_length&quot;:&quot;3.99&quot;,&quot;iso&quot;:&quot;100&quot;,&quot;shutter_speed&quot;:&quot;0.071428571428571&quot;,&quot;title&quot;:&quot;&quot;,&quot;orientation&quot;:&quot;1&quot;}\" data-image-title=\"La vie d&amp;rsquo;adulte 7\" data-image-description=\"\" data-image-caption=\"\" data-large-file=\"https:\/\/i0.wp.com\/www.jojoenherbe.com\/wp-content\/uploads\/2025\/05\/La-vie-dadulte-7-scaled.jpg?fit=676%2C531&amp;ssl=1\" class=\"alignleft size-thumbnail wp-image-39305\" src=\"https:\/\/i0.wp.com\/www.jojoenherbe.com\/wp-content\/uploads\/2025\/05\/La-vie-dadulte-7.jpg?resize=150%2C150\" alt=\"\" width=\"150\" height=\"150\" srcset=\"https:\/\/i0.wp.com\/www.jojoenherbe.com\/wp-content\/uploads\/2025\/05\/La-vie-dadulte-7-scaled.jpg?resize=150%2C150&amp;ssl=1 150w, https:\/\/i0.wp.com\/www.jojoenherbe.com\/wp-content\/uploads\/2025\/05\/La-vie-dadulte-7-scaled.jpg?zoom=2&amp;resize=150%2C150 300w, https:\/\/i0.wp.com\/www.jojoenherbe.com\/wp-content\/uploads\/2025\/05\/La-vie-dadulte-7-scaled.jpg?zoom=3&amp;resize=150%2C150 450w\" sizes=\"auto, (max-width: 150px) 100vw, 150px\" \/><\/a> <a href=\"https:\/\/i0.wp.com\/www.jojoenherbe.com\/wp-content\/uploads\/2025\/05\/La-vie-dadulte-5-scaled.jpg\"><img data-recalc-dims=\"1\" loading=\"lazy\" decoding=\"async\" data-attachment-id=\"39303\" data-permalink=\"https:\/\/www.jojoenherbe.com\/index.php\/2025\/05\/07\/au-fil-des-pages-avec-la-vie-dadulte\/la-vie-dadulte-5\/\" data-orig-file=\"https:\/\/i0.wp.com\/www.jojoenherbe.com\/wp-content\/uploads\/2025\/05\/La-vie-dadulte-5-scaled.jpg?fit=2560%2C1834&amp;ssl=1\" data-orig-size=\"2560,1834\" data-comments-opened=\"1\" data-image-meta=\"{&quot;aperture&quot;:&quot;1.8&quot;,&quot;credit&quot;:&quot;&quot;,&quot;camera&quot;:&quot;iPhone 7&quot;,&quot;caption&quot;:&quot;&quot;,&quot;created_timestamp&quot;:&quot;1746555610&quot;,&quot;copyright&quot;:&quot;&quot;,&quot;focal_length&quot;:&quot;3.99&quot;,&quot;iso&quot;:&quot;100&quot;,&quot;shutter_speed&quot;:&quot;0.076923076923077&quot;,&quot;title&quot;:&quot;&quot;,&quot;orientation&quot;:&quot;1&quot;}\" data-image-title=\"La vie d&amp;rsquo;adulte 5\" data-image-description=\"\" data-image-caption=\"\" data-large-file=\"https:\/\/i0.wp.com\/www.jojoenherbe.com\/wp-content\/uploads\/2025\/05\/La-vie-dadulte-5-scaled.jpg?fit=676%2C485&amp;ssl=1\" class=\"alignleft size-thumbnail wp-image-39303\" src=\"https:\/\/i0.wp.com\/www.jojoenherbe.com\/wp-content\/uploads\/2025\/05\/La-vie-dadulte-5.jpg?resize=150%2C150\" alt=\"\" width=\"150\" height=\"150\" srcset=\"https:\/\/i0.wp.com\/www.jojoenherbe.com\/wp-content\/uploads\/2025\/05\/La-vie-dadulte-5-scaled.jpg?resize=150%2C150&amp;ssl=1 150w, https:\/\/i0.wp.com\/www.jojoenherbe.com\/wp-content\/uploads\/2025\/05\/La-vie-dadulte-5-scaled.jpg?zoom=2&amp;resize=150%2C150 300w, https:\/\/i0.wp.com\/www.jojoenherbe.com\/wp-content\/uploads\/2025\/05\/La-vie-dadulte-5-scaled.jpg?zoom=3&amp;resize=150%2C150 450w\" sizes=\"auto, (max-width: 150px) 100vw, 150px\" \/><\/a>Pour une lecture commune propos\u00e9e par Eimelle dans le cadre du Mois Italien 2025, j&rsquo;ai lu <span style=\"text-decoration: underline;\">La vie d&rsquo;adulte<\/span> de Sophie Adriansen, Eloisa Scichilone et Mauro Gandini (\u00e9d. First Editions, coll. La vie en bulles, octobre 2022, 216 pages), un roman graphique qui me tentait depuis un moment et qui \u00e9tait (enfin) disponible \u00e0 ma m\u00e9diath\u00e8que. On y suit Marina qui remet sa vie en question, \u00e0 l&rsquo;aube de ses 30 ans, apr\u00e8s un accident de la circulation qui lui r\u00e9v\u00e8le l&rsquo;existence d&rsquo;un an\u00e9vrisme qu&rsquo;elle se fait op\u00e9rer. Quelques temps apr\u00e8s son op\u00e9ration, elle d\u00e9cide de laisser derri\u00e8re sa vie \u00e0 Paris qui ne lui convient plus (au ch\u00f4mage, enlis\u00e9e dans une relation de couple qui ne la satisfait plus) et se rend, sans pr\u00e9venir personne, en Italie, d&rsquo;abord \u00e0 Rome puis en Toscane au sein d&rsquo;une association ayant pour projet de r\u00e9habiliter une oliveraie pr\u00e8s d&rsquo;Impruneta. Au gr\u00e9 de ses rencontres, elle tente de donner un sens \u00e0 sa vie et se d\u00e9couvrir elle-m\u00eame. Y parviendra-t-elle? Serait-ce ainsi la vie d&rsquo;adulte?<br \/><\/em><\/p>\n<p style=\"text-align: justify;\"><em><a href=\"https:\/\/i0.wp.com\/www.jojoenherbe.com\/wp-content\/uploads\/2025\/05\/La-vie-dadulte-8-scaled.jpg\"><img data-recalc-dims=\"1\" loading=\"lazy\" decoding=\"async\" data-attachment-id=\"39306\" data-permalink=\"https:\/\/www.jojoenherbe.com\/index.php\/2025\/05\/07\/au-fil-des-pages-avec-la-vie-dadulte\/la-vie-dadulte-8\/\" data-orig-file=\"https:\/\/i0.wp.com\/www.jojoenherbe.com\/wp-content\/uploads\/2025\/05\/La-vie-dadulte-8-scaled.jpg?fit=2560%2C1956&amp;ssl=1\" data-orig-size=\"2560,1956\" data-comments-opened=\"1\" data-image-meta=\"{&quot;aperture&quot;:&quot;1.8&quot;,&quot;credit&quot;:&quot;&quot;,&quot;camera&quot;:&quot;iPhone 7&quot;,&quot;caption&quot;:&quot;&quot;,&quot;created_timestamp&quot;:&quot;1746555890&quot;,&quot;copyright&quot;:&quot;&quot;,&quot;focal_length&quot;:&quot;3.99&quot;,&quot;iso&quot;:&quot;100&quot;,&quot;shutter_speed&quot;:&quot;0.076923076923077&quot;,&quot;title&quot;:&quot;&quot;,&quot;orientation&quot;:&quot;1&quot;}\" data-image-title=\"La vie d&amp;rsquo;adulte 8\" data-image-description=\"\" data-image-caption=\"\" data-large-file=\"https:\/\/i0.wp.com\/www.jojoenherbe.com\/wp-content\/uploads\/2025\/05\/La-vie-dadulte-8-scaled.jpg?fit=676%2C516&amp;ssl=1\" class=\"size-thumbnail wp-image-39306 alignright\" src=\"https:\/\/i0.wp.com\/www.jojoenherbe.com\/wp-content\/uploads\/2025\/05\/La-vie-dadulte-8.jpg?resize=150%2C150\" alt=\"\" width=\"150\" height=\"150\" srcset=\"https:\/\/i0.wp.com\/www.jojoenherbe.com\/wp-content\/uploads\/2025\/05\/La-vie-dadulte-8-scaled.jpg?resize=150%2C150&amp;ssl=1 150w, https:\/\/i0.wp.com\/www.jojoenherbe.com\/wp-content\/uploads\/2025\/05\/La-vie-dadulte-8-scaled.jpg?zoom=2&amp;resize=150%2C150 300w, https:\/\/i0.wp.com\/www.jojoenherbe.com\/wp-content\/uploads\/2025\/05\/La-vie-dadulte-8-scaled.jpg?zoom=3&amp;resize=150%2C150 450w\" sizes=\"auto, (max-width: 150px) 100vw, 150px\" \/><\/a>Il y est ainsi question de qu\u00eate de soi et de ce que signifie \u00ab\u00a0\u00eatre adulte\u00a0\u00bb, de choix de mode de vie priv\u00e9e et\/ou professionnelle, loin des pressions sociales ou suppos\u00e9s imp\u00e9ratifs soci\u00e9taux comme celui du poids de la maternit\u00e9 sur la femme ou des d\u00e9sirs d&rsquo;enfant enfouis, de rapport m\u00e8re\/fille, de libre-arbitre, de rencontres fortuites, amicales ou amoureuses, qui peuvent devenir d\u00e9terminantes, de changement de vie&#8230; J&rsquo;ai appr\u00e9ci\u00e9 voir \u00e9voluer au fil des bulles la jeune femme qui s&rsquo;\u00e9panouit au fur-et-\u00e0-mesure de son p\u00e9riple d\u00e9paysant, tant dans son changement d&rsquo;esprit que dans son apparence physique.<\/em><\/p>\n<p style=\"text-align: justify;\"><em><a href=\"https:\/\/i0.wp.com\/www.jojoenherbe.com\/wp-content\/uploads\/2025\/05\/La-vie-dadulte-9-scaled.jpg\"><img data-recalc-dims=\"1\" loading=\"lazy\" decoding=\"async\" data-attachment-id=\"39307\" data-permalink=\"https:\/\/www.jojoenherbe.com\/index.php\/2025\/05\/07\/au-fil-des-pages-avec-la-vie-dadulte\/la-vie-dadulte-9\/\" data-orig-file=\"https:\/\/i0.wp.com\/www.jojoenherbe.com\/wp-content\/uploads\/2025\/05\/La-vie-dadulte-9-scaled.jpg?fit=2560%2C1998&amp;ssl=1\" data-orig-size=\"2560,1998\" data-comments-opened=\"1\" data-image-meta=\"{&quot;aperture&quot;:&quot;1.8&quot;,&quot;credit&quot;:&quot;&quot;,&quot;camera&quot;:&quot;iPhone 7&quot;,&quot;caption&quot;:&quot;&quot;,&quot;created_timestamp&quot;:&quot;1746555916&quot;,&quot;copyright&quot;:&quot;&quot;,&quot;focal_length&quot;:&quot;3.99&quot;,&quot;iso&quot;:&quot;100&quot;,&quot;shutter_speed&quot;:&quot;0.058823529411765&quot;,&quot;title&quot;:&quot;&quot;,&quot;orientation&quot;:&quot;1&quot;}\" data-image-title=\"La vie d&amp;rsquo;adulte 9\" data-image-description=\"\" data-image-caption=\"\" data-large-file=\"https:\/\/i0.wp.com\/www.jojoenherbe.com\/wp-content\/uploads\/2025\/05\/La-vie-dadulte-9-scaled.jpg?fit=676%2C527&amp;ssl=1\" class=\"alignleft size-thumbnail wp-image-39307\" src=\"https:\/\/i0.wp.com\/www.jojoenherbe.com\/wp-content\/uploads\/2025\/05\/La-vie-dadulte-9.jpg?resize=150%2C150\" alt=\"\" width=\"150\" height=\"150\" srcset=\"https:\/\/i0.wp.com\/www.jojoenherbe.com\/wp-content\/uploads\/2025\/05\/La-vie-dadulte-9-scaled.jpg?resize=150%2C150&amp;ssl=1 150w, https:\/\/i0.wp.com\/www.jojoenherbe.com\/wp-content\/uploads\/2025\/05\/La-vie-dadulte-9-scaled.jpg?zoom=2&amp;resize=150%2C150 300w, https:\/\/i0.wp.com\/www.jojoenherbe.com\/wp-content\/uploads\/2025\/05\/La-vie-dadulte-9-scaled.jpg?zoom=3&amp;resize=150%2C150 450w\" sizes=\"auto, (max-width: 150px) 100vw, 150px\" \/><\/a>Outre l&rsquo;histoire qui interroge sur le fait de devenir adulte avec une jeune femme touchante et en pleine crise existentielle, je l&rsquo;ai \u00e9galement appr\u00e9ci\u00e9 graphiquement, les illustrations crayonn\u00e9es et aux douces couleurs pastel \u00e9tant pleines de pep&rsquo;s et avec une mise en page dynamique. <\/em><em>Un bon voire tr\u00e8s bon moment de lecture avec ce roman graphique feel good dont l&rsquo;\u00e9pigraphe en r\u00e9sume bien l&rsquo;esprit et qui donne envie, si besoin \u00e9tait, de repartir en Italie ou en Charente-Maritime tant pour les yeux que pour les papilles! <\/em><\/p>\n<p style=\"text-align: justify;\"><em>J&rsquo;ai d&rsquo;ailleurs not\u00e9 de nombreuses bulles gourmandes dans ce roman avec des pizzas, des glaces, des suppli (sp\u00e9cialit\u00e9 romaine: boulettes de riz pan\u00e9), un affogato (un dessert napolitain avec une boule de glace noy\u00e9e dans un caf\u00e9 espresso), c\u00f4t\u00e9 cuisine italienne mais aussi les hu\u00eetres de Marennes&#8230;<\/em><\/p>\n<div class=\"tiled-gallery type-rectangular tiled-gallery-unresized\" data-original-width=\"676\" data-carousel-extra='{&quot;blog_id&quot;:1,&quot;permalink&quot;:&quot;https:\\\/\\\/www.jojoenherbe.com\\\/index.php\\\/2025\\\/05\\\/07\\\/au-fil-des-pages-avec-la-vie-dadulte\\\/&quot;,&quot;likes_blog_id&quot;:141396489}' itemscope itemtype=\"http:\/\/schema.org\/ImageGallery\" > <div class=\"gallery-row\" style=\"width: 676px; height: 177px;\" data-original-width=\"676\" data-original-height=\"177\" > <div class=\"gallery-group images-1\" style=\"width: 234px; height: 177px;\" data-original-width=\"234\" data-original-height=\"177\" > <div class=\"tiled-gallery-item tiled-gallery-item-small\" itemprop=\"associatedMedia\" itemscope itemtype=\"http:\/\/schema.org\/ImageObject\"> <a href=\"https:\/\/www.jojoenherbe.com\/index.php\/2025\/05\/07\/au-fil-des-pages-avec-la-vie-dadulte\/la-vie-dadulte-3\/\" border=\"0\" itemprop=\"url\"> <meta itemprop=\"width\" content=\"230\"> <meta itemprop=\"height\" content=\"173\"> <img decoding=\"async\" class=\"\" data-attachment-id=\"39301\" data-orig-file=\"https:\/\/www.jojoenherbe.com\/wp-content\/uploads\/2025\/05\/La-vie-dadulte-3-scaled.jpg\" data-orig-size=\"2560,1920\" data-comments-opened=\"1\" data-image-meta=\"{&quot;aperture&quot;:&quot;1.8&quot;,&quot;credit&quot;:&quot;&quot;,&quot;camera&quot;:&quot;iPhone 7&quot;,&quot;caption&quot;:&quot;&quot;,&quot;created_timestamp&quot;:&quot;1746555507&quot;,&quot;copyright&quot;:&quot;&quot;,&quot;focal_length&quot;:&quot;3.99&quot;,&quot;iso&quot;:&quot;32&quot;,&quot;shutter_speed&quot;:&quot;0.03030303030303&quot;,&quot;title&quot;:&quot;&quot;,&quot;orientation&quot;:&quot;1&quot;}\" data-image-title=\"La vie d&amp;rsquo;adulte 3\" data-image-description=\"\" data-medium-file=\"https:\/\/i0.wp.com\/www.jojoenherbe.com\/wp-content\/uploads\/2025\/05\/La-vie-dadulte-3-scaled.jpg?fit=300%2C225&#038;ssl=1\" data-large-file=\"https:\/\/i0.wp.com\/www.jojoenherbe.com\/wp-content\/uploads\/2025\/05\/La-vie-dadulte-3-scaled.jpg?fit=676%2C507&#038;ssl=1\" src=\"https:\/\/i0.wp.com\/www.jojoenherbe.com\/wp-content\/uploads\/2025\/05\/La-vie-dadulte-3-scaled.jpg?w=230&#038;h=173&#038;ssl=1\" srcset=\"https:\/\/i0.wp.com\/www.jojoenherbe.com\/wp-content\/uploads\/2025\/05\/La-vie-dadulte-3-scaled.jpg?w=2560&amp;ssl=1 2560w, https:\/\/i0.wp.com\/www.jojoenherbe.com\/wp-content\/uploads\/2025\/05\/La-vie-dadulte-3-scaled.jpg?resize=300%2C225&amp;ssl=1 300w, https:\/\/i0.wp.com\/www.jojoenherbe.com\/wp-content\/uploads\/2025\/05\/La-vie-dadulte-3-scaled.jpg?resize=1024%2C768&amp;ssl=1 1024w, https:\/\/i0.wp.com\/www.jojoenherbe.com\/wp-content\/uploads\/2025\/05\/La-vie-dadulte-3-scaled.jpg?resize=768%2C576&amp;ssl=1 768w, https:\/\/i0.wp.com\/www.jojoenherbe.com\/wp-content\/uploads\/2025\/05\/La-vie-dadulte-3-scaled.jpg?resize=1536%2C1152&amp;ssl=1 1536w, https:\/\/i0.wp.com\/www.jojoenherbe.com\/wp-content\/uploads\/2025\/05\/La-vie-dadulte-3-scaled.jpg?resize=2048%2C1536&amp;ssl=1 2048w, https:\/\/i0.wp.com\/www.jojoenherbe.com\/wp-content\/uploads\/2025\/05\/La-vie-dadulte-3-scaled.jpg?resize=676%2C507&amp;ssl=1 676w, https:\/\/i0.wp.com\/www.jojoenherbe.com\/wp-content\/uploads\/2025\/05\/La-vie-dadulte-3-scaled.jpg?w=1352 1352w\" width=\"230\" height=\"173\" loading=\"lazy\" data-original-width=\"230\" data-original-height=\"173\" itemprop=\"http:\/\/schema.org\/image\" title=\"La vie d&#039;adulte 3\" alt=\"La vie d&#039;adulte 3\" style=\"width: 230px; height: 173px;\" \/> <\/a> <\/div> <\/div> <!-- close group --> <div class=\"gallery-group images-1\" style=\"width: 234px; height: 177px;\" data-original-width=\"234\" data-original-height=\"177\" > <div class=\"tiled-gallery-item tiled-gallery-item-small\" itemprop=\"associatedMedia\" itemscope itemtype=\"http:\/\/schema.org\/ImageObject\"> <a href=\"https:\/\/www.jojoenherbe.com\/index.php\/2025\/05\/07\/au-fil-des-pages-avec-la-vie-dadulte\/la-vie-dadulte-4\/\" border=\"0\" itemprop=\"url\"> <meta itemprop=\"width\" content=\"230\"> <meta itemprop=\"height\" content=\"173\"> <img decoding=\"async\" class=\"\" data-attachment-id=\"39302\" data-orig-file=\"https:\/\/www.jojoenherbe.com\/wp-content\/uploads\/2025\/05\/La-vie-dadulte-4-scaled.jpg\" data-orig-size=\"2560,1920\" data-comments-opened=\"1\" data-image-meta=\"{&quot;aperture&quot;:&quot;1.8&quot;,&quot;credit&quot;:&quot;&quot;,&quot;camera&quot;:&quot;iPhone 7&quot;,&quot;caption&quot;:&quot;&quot;,&quot;created_timestamp&quot;:&quot;1746555552&quot;,&quot;copyright&quot;:&quot;&quot;,&quot;focal_length&quot;:&quot;3.99&quot;,&quot;iso&quot;:&quot;32&quot;,&quot;shutter_speed&quot;:&quot;0.04&quot;,&quot;title&quot;:&quot;&quot;,&quot;orientation&quot;:&quot;1&quot;}\" data-image-title=\"La vie d&amp;rsquo;adulte 4\" data-image-description=\"\" data-medium-file=\"https:\/\/i0.wp.com\/www.jojoenherbe.com\/wp-content\/uploads\/2025\/05\/La-vie-dadulte-4-scaled.jpg?fit=300%2C225&#038;ssl=1\" data-large-file=\"https:\/\/i0.wp.com\/www.jojoenherbe.com\/wp-content\/uploads\/2025\/05\/La-vie-dadulte-4-scaled.jpg?fit=676%2C507&#038;ssl=1\" src=\"https:\/\/i0.wp.com\/www.jojoenherbe.com\/wp-content\/uploads\/2025\/05\/La-vie-dadulte-4-scaled.jpg?w=230&#038;h=173&#038;ssl=1\" srcset=\"https:\/\/i0.wp.com\/www.jojoenherbe.com\/wp-content\/uploads\/2025\/05\/La-vie-dadulte-4-scaled.jpg?w=2560&amp;ssl=1 2560w, https:\/\/i0.wp.com\/www.jojoenherbe.com\/wp-content\/uploads\/2025\/05\/La-vie-dadulte-4-scaled.jpg?resize=300%2C225&amp;ssl=1 300w, https:\/\/i0.wp.com\/www.jojoenherbe.com\/wp-content\/uploads\/2025\/05\/La-vie-dadulte-4-scaled.jpg?resize=1024%2C768&amp;ssl=1 1024w, https:\/\/i0.wp.com\/www.jojoenherbe.com\/wp-content\/uploads\/2025\/05\/La-vie-dadulte-4-scaled.jpg?resize=768%2C576&amp;ssl=1 768w, https:\/\/i0.wp.com\/www.jojoenherbe.com\/wp-content\/uploads\/2025\/05\/La-vie-dadulte-4-scaled.jpg?resize=1536%2C1152&amp;ssl=1 1536w, https:\/\/i0.wp.com\/www.jojoenherbe.com\/wp-content\/uploads\/2025\/05\/La-vie-dadulte-4-scaled.jpg?resize=2048%2C1536&amp;ssl=1 2048w, https:\/\/i0.wp.com\/www.jojoenherbe.com\/wp-content\/uploads\/2025\/05\/La-vie-dadulte-4-scaled.jpg?resize=676%2C507&amp;ssl=1 676w, https:\/\/i0.wp.com\/www.jojoenherbe.com\/wp-content\/uploads\/2025\/05\/La-vie-dadulte-4-scaled.jpg?w=1352 1352w\" width=\"230\" height=\"173\" loading=\"lazy\" data-original-width=\"230\" data-original-height=\"173\" itemprop=\"http:\/\/schema.org\/image\" title=\"La vie d&#039;adulte 4\" alt=\"La vie d&#039;adulte 4\" style=\"width: 230px; height: 173px;\" \/> <\/a> <\/div> <\/div> <!-- close group --> <div class=\"gallery-group images-1\" style=\"width: 208px; height: 177px;\" data-original-width=\"208\" data-original-height=\"177\" > <div class=\"tiled-gallery-item tiled-gallery-item-small\" itemprop=\"associatedMedia\" itemscope itemtype=\"http:\/\/schema.org\/ImageObject\"> <a href=\"https:\/\/www.jojoenherbe.com\/index.php\/2025\/05\/07\/au-fil-des-pages-avec-la-vie-dadulte\/la-vie-dadulte-6\/\" border=\"0\" itemprop=\"url\"> <meta itemprop=\"width\" content=\"204\"> <meta itemprop=\"height\" content=\"173\"> <img decoding=\"async\" class=\"\" data-attachment-id=\"39304\" data-orig-file=\"https:\/\/www.jojoenherbe.com\/wp-content\/uploads\/2025\/05\/La-vie-dadulte-6-scaled.jpg\" data-orig-size=\"2560,2174\" data-comments-opened=\"1\" data-image-meta=\"{&quot;aperture&quot;:&quot;1.8&quot;,&quot;credit&quot;:&quot;&quot;,&quot;camera&quot;:&quot;iPhone 7&quot;,&quot;caption&quot;:&quot;&quot;,&quot;created_timestamp&quot;:&quot;1746555749&quot;,&quot;copyright&quot;:&quot;&quot;,&quot;focal_length&quot;:&quot;3.99&quot;,&quot;iso&quot;:&quot;80&quot;,&quot;shutter_speed&quot;:&quot;0.058823529411765&quot;,&quot;title&quot;:&quot;&quot;,&quot;orientation&quot;:&quot;1&quot;}\" data-image-title=\"La vie d&amp;rsquo;adulte 6\" data-image-description=\"\" data-medium-file=\"https:\/\/i0.wp.com\/www.jojoenherbe.com\/wp-content\/uploads\/2025\/05\/La-vie-dadulte-6-scaled.jpg?fit=300%2C255&#038;ssl=1\" data-large-file=\"https:\/\/i0.wp.com\/www.jojoenherbe.com\/wp-content\/uploads\/2025\/05\/La-vie-dadulte-6-scaled.jpg?fit=676%2C574&#038;ssl=1\" src=\"https:\/\/i0.wp.com\/www.jojoenherbe.com\/wp-content\/uploads\/2025\/05\/La-vie-dadulte-6-scaled.jpg?w=204&#038;h=173&#038;ssl=1\" srcset=\"https:\/\/i0.wp.com\/www.jojoenherbe.com\/wp-content\/uploads\/2025\/05\/La-vie-dadulte-6-scaled.jpg?w=2560&amp;ssl=1 2560w, https:\/\/i0.wp.com\/www.jojoenherbe.com\/wp-content\/uploads\/2025\/05\/La-vie-dadulte-6-scaled.jpg?resize=300%2C255&amp;ssl=1 300w, https:\/\/i0.wp.com\/www.jojoenherbe.com\/wp-content\/uploads\/2025\/05\/La-vie-dadulte-6-scaled.jpg?resize=1024%2C870&amp;ssl=1 1024w, https:\/\/i0.wp.com\/www.jojoenherbe.com\/wp-content\/uploads\/2025\/05\/La-vie-dadulte-6-scaled.jpg?resize=768%2C652&amp;ssl=1 768w, https:\/\/i0.wp.com\/www.jojoenherbe.com\/wp-content\/uploads\/2025\/05\/La-vie-dadulte-6-scaled.jpg?resize=1536%2C1304&amp;ssl=1 1536w, https:\/\/i0.wp.com\/www.jojoenherbe.com\/wp-content\/uploads\/2025\/05\/La-vie-dadulte-6-scaled.jpg?resize=2048%2C1739&amp;ssl=1 2048w, https:\/\/i0.wp.com\/www.jojoenherbe.com\/wp-content\/uploads\/2025\/05\/La-vie-dadulte-6-scaled.jpg?resize=676%2C574&amp;ssl=1 676w, https:\/\/i0.wp.com\/www.jojoenherbe.com\/wp-content\/uploads\/2025\/05\/La-vie-dadulte-6-scaled.jpg?w=1352 1352w\" width=\"204\" height=\"173\" loading=\"lazy\" data-original-width=\"204\" data-original-height=\"173\" itemprop=\"http:\/\/schema.org\/image\" title=\"La vie d&#039;adulte 6\" alt=\"La vie d&#039;adulte 6\" style=\"width: 204px; height: 173px;\" \/> <\/a> <\/div> <\/div> <!-- close group --> <\/div> <!-- close row --> <\/div>\n<p><em>Pour d&rsquo;autres avis sur ce roman graphique: <a href=\"https:\/\/toursetculture.com\/2025\/05\/07\/bd-la-vie-dadulte-adriansen-scichilone-et-gandini\/\">Eimelle<\/a>, Nathalie (<a href=\"https:\/\/www.instagram.com\/p\/DBgtnVlt8cb\">IG<\/a>).<\/em><\/p>\n<div id=\"attachment_38614\" style=\"width: 115px\" class=\"wp-caption alignleft\"><img data-recalc-dims=\"1\" loading=\"lazy\" decoding=\"async\" aria-describedby=\"caption-attachment-38614\" data-attachment-id=\"38614\" data-permalink=\"https:\/\/www.jojoenherbe.com\/index.php\/2025\/03\/12\/au-fil-des-pages-avec-histoires-de-sororite\/la-bd-de-la-semaine-logo\/\" data-orig-file=\"https:\/\/i0.wp.com\/www.jojoenherbe.com\/wp-content\/uploads\/2025\/03\/La-BD-de-la-Semaine-logo.jpg?fit=500%2C500&amp;ssl=1\" data-orig-size=\"500,500\" data-comments-opened=\"1\" data-image-meta=\"{&quot;aperture&quot;:&quot;0&quot;,&quot;credit&quot;:&quot;&quot;,&quot;camera&quot;:&quot;&quot;,&quot;caption&quot;:&quot;&quot;,&quot;created_timestamp&quot;:&quot;1741767479&quot;,&quot;copyright&quot;:&quot;&quot;,&quot;focal_length&quot;:&quot;0&quot;,&quot;iso&quot;:&quot;0&quot;,&quot;shutter_speed&quot;:&quot;0&quot;,&quot;title&quot;:&quot;&quot;,&quot;orientation&quot;:&quot;0&quot;}\" data-image-title=\"La BD de la Semaine &amp;#8211; logo\" data-image-description=\"\" data-image-caption=\"\" data-large-file=\"https:\/\/i0.wp.com\/www.jojoenherbe.com\/wp-content\/uploads\/2025\/03\/La-BD-de-la-Semaine-logo.jpg?fit=500%2C500&amp;ssl=1\" class=\"wp-image-38614\" src=\"https:\/\/i0.wp.com\/www.jojoenherbe.com\/wp-content\/uploads\/2025\/03\/La-BD-de-la-Semaine-logo.jpg?resize=105%2C105\" alt=\"\" width=\"105\" height=\"105\" srcset=\"https:\/\/i0.wp.com\/www.jojoenherbe.com\/wp-content\/uploads\/2025\/03\/La-BD-de-la-Semaine-logo.jpg?w=500&amp;ssl=1 500w, https:\/\/i0.wp.com\/www.jojoenherbe.com\/wp-content\/uploads\/2025\/03\/La-BD-de-la-Semaine-logo.jpg?resize=300%2C300&amp;ssl=1 300w, https:\/\/i0.wp.com\/www.jojoenherbe.com\/wp-content\/uploads\/2025\/03\/La-BD-de-la-Semaine-logo.jpg?resize=150%2C150&amp;ssl=1 150w\" sizes=\"auto, (max-width: 105px) 100vw, 105px\" \/><p id=\"caption-attachment-38614\" class=\"wp-caption-text\">La BD de la semaine chez <a href=\"https:\/\/pagesversicolores.wordpress.com\/2025\/05\/07\/les-nageuses-de-minuit-valentina-grand\/\">Fanny<\/a> pour cette semaine<\/p><\/div>\n<div id=\"attachment_39282\" style=\"width: 98px\" class=\"wp-caption alignleft\"><img data-recalc-dims=\"1\" loading=\"lazy\" decoding=\"async\" aria-describedby=\"caption-attachment-39282\" data-attachment-id=\"39282\" data-permalink=\"https:\/\/www.jojoenherbe.com\/index.php\/2025\/05\/05\/billet-de-suivi-le-mois-italien-2025\/challenge-italie-logo\/\" data-orig-file=\"https:\/\/i0.wp.com\/www.jojoenherbe.com\/wp-content\/uploads\/2025\/05\/Challenge-Italie-logo.jpg?fit=564%2C654&amp;ssl=1\" data-orig-size=\"564,654\" data-comments-opened=\"1\" data-image-meta=\"{&quot;aperture&quot;:&quot;0&quot;,&quot;credit&quot;:&quot;&quot;,&quot;camera&quot;:&quot;&quot;,&quot;caption&quot;:&quot;&quot;,&quot;created_timestamp&quot;:&quot;1745066562&quot;,&quot;copyright&quot;:&quot;&quot;,&quot;focal_length&quot;:&quot;0&quot;,&quot;iso&quot;:&quot;0&quot;,&quot;shutter_speed&quot;:&quot;0&quot;,&quot;title&quot;:&quot;&quot;,&quot;orientation&quot;:&quot;1&quot;}\" data-image-title=\"Challenge Italie &amp;#8211; logo\" data-image-description=\"\" data-image-caption=\"\" data-large-file=\"https:\/\/i0.wp.com\/www.jojoenherbe.com\/wp-content\/uploads\/2025\/05\/Challenge-Italie-logo.jpg?fit=564%2C654&amp;ssl=1\" class=\"wp-image-39282\" src=\"https:\/\/i0.wp.com\/www.jojoenherbe.com\/wp-content\/uploads\/2025\/05\/Challenge-Italie-logo.jpg?resize=88%2C102\" alt=\"\" width=\"88\" height=\"102\" srcset=\"https:\/\/i0.wp.com\/www.jojoenherbe.com\/wp-content\/uploads\/2025\/05\/Challenge-Italie-logo.jpg?w=564&amp;ssl=1 564w, https:\/\/i0.wp.com\/www.jojoenherbe.com\/wp-content\/uploads\/2025\/05\/Challenge-Italie-logo.jpg?resize=259%2C300&amp;ssl=1 259w\" sizes=\"auto, (max-width: 88px) 100vw, 88px\" \/><p id=\"caption-attachment-39282\" class=\"wp-caption-text\">Participation #1 Le Mois Italien 2025 d&rsquo;Eimelle #LC<\/p><\/div>\n<div id=\"attachment_19954\" style=\"width: 110px\" class=\"wp-caption alignleft\"><img loading=\"lazy\" decoding=\"async\" aria-describedby=\"caption-attachment-19954\" class=\"wp-image-19954\" src=\"https:\/\/i0.wp.com\/mapetitemediatheque.fr\/wp-content\/uploads\/2021\/11\/Inkedle-tour-du-monde-en-80-livres-2_LI.jpg?resize=116%2C87&amp;ssl=1\" sizes=\"auto, (max-width: 500px) 100vw, 500px\" srcset=\"https:\/\/i0.wp.com\/mapetitemediatheque.fr\/wp-content\/uploads\/2021\/11\/Inkedle-tour-du-monde-en-80-livres-2_LI.jpg?resize=116%2C87&amp;ssl=1 500w, https:\/\/mapetitemediatheque.fr\/wp-content\/uploads\/2021\/11\/Inkedle-tour-du-monde-en-80-livres-2_LI-300x226.jpg 300w, https:\/\/mapetitemediatheque.fr\/wp-content\/uploads\/2021\/11\/Inkedle-tour-du-monde-en-80-livres-2_LI-120x90.jpg 120w\" alt=\"\" width=\"100\" height=\"75\" aria-describedby=\"caption-attachment-19954\" \/><p id=\"caption-attachment-19954\" class=\"wp-caption-text\">Participation #10 (Parcours illustr\u00e9) Challenge Le tour du monde en 80 livres 2025 de <a href=\"https:\/\/mapetitemediatheque.fr\/2025\/01\/le-tour-du-monde-en-80-livres-2025\/\">Bidib<\/a> #Italie (Dessinateurs)<\/p><\/div>\n<div id=\"attachment_38013\" style=\"width: 127px\" class=\"wp-caption alignleft\"><img data-recalc-dims=\"1\" loading=\"lazy\" decoding=\"async\" aria-describedby=\"caption-attachment-38013\" data-attachment-id=\"38013\" data-permalink=\"https:\/\/www.jojoenherbe.com\/index.php\/2025\/01\/10\/mes-challenges-livresques-2025\/challenge-des-livres-et-des-ecrans-en-cuisine-2025-logo-2\/\" data-orig-file=\"https:\/\/i0.wp.com\/www.jojoenherbe.com\/wp-content\/uploads\/2025\/01\/Challenge-Des-livres-et-des-ecrans-en-cuisine-2025-logo-2.png?fit=300%2C169&amp;ssl=1\" data-orig-size=\"300,169\" data-comments-opened=\"1\" data-image-meta=\"{&quot;aperture&quot;:&quot;0&quot;,&quot;credit&quot;:&quot;&quot;,&quot;camera&quot;:&quot;&quot;,&quot;caption&quot;:&quot;&quot;,&quot;created_timestamp&quot;:&quot;0&quot;,&quot;copyright&quot;:&quot;&quot;,&quot;focal_length&quot;:&quot;0&quot;,&quot;iso&quot;:&quot;0&quot;,&quot;shutter_speed&quot;:&quot;0&quot;,&quot;title&quot;:&quot;&quot;,&quot;orientation&quot;:&quot;0&quot;}\" data-image-title=\"Challenge Des livres (et des \u00e9crans) en cuisine 2025 &amp;#8211; logo 2\" data-image-description=\"\" data-image-caption=\"\" data-large-file=\"https:\/\/i0.wp.com\/www.jojoenherbe.com\/wp-content\/uploads\/2025\/01\/Challenge-Des-livres-et-des-ecrans-en-cuisine-2025-logo-2.png?fit=300%2C169&amp;ssl=1\" class=\"wp-image-38013\" src=\"https:\/\/i0.wp.com\/www.jojoenherbe.com\/wp-content\/uploads\/2025\/01\/Challenge-Des-livres-et-des-ecrans-en-cuisine-2025-logo-2.png?resize=117%2C66\" alt=\"\" width=\"117\" height=\"66\" \/><p id=\"caption-attachment-38013\" class=\"wp-caption-text\">Participation #12 Challenge Des livres (et des \u00e9crans) en cuisine 2025 de <a href=\"https:\/\/mapetitemediatheque.fr\/2025\/01\/des-livres-et-des-ecrans-en-cuisine-2025\/\">Bidib<\/a> et <a href=\"http:\/\/croquerlespages.canalblog.com\/2025\/01\/livres-et-ecrans.html\">Fondant<\/a> #Cuisine italienne<\/p><\/div>\n\n\n<p><\/p>\n","protected":false},"excerpt":{"rendered":"<p>Pour une lecture commune propos\u00e9e par Eimelle dans le cadre du Mois Italien 2025, j&rsquo;ai lu La vie d&rsquo;adulte de Sophie Adriansen, Eloisa Scichilone et Mauro Gandini (\u00e9d. First Editions, coll. La vie en bulles, octobre 2022, 216 pages), un roman graphique qui me tentait depuis un moment et qui \u00e9tait (enfin) disponible \u00e0 ma [&hellip;]<\/p>\n","protected":false},"author":1,"featured_media":39293,"comment_status":"open","ping_status":"open","sticky":false,"template":"","format":"standard","meta":{"jetpack_post_was_ever_published":false,"_jetpack_newsletter_access":"","_jetpack_dont_email_post_to_subs":false,"_jetpack_newsletter_tier_id":0,"_jetpack_memberships_contains_paywalled_content":false,"_jetpack_memberships_contains_paid_content":false,"footnotes":""},"categories":[363],"tags":[1347,596,2087,4520,753,4585,4056,4583,1692,3926,103,4581,4425,782,81,2948,4584,578,1278,2081,2088,844,4586,4582,264],"class_list":["post-39296","post","type-post","status-publish","format-standard","has-post-thumbnail","hentry","category-mini-lecteur","tag-18-ans-et-plus","tag-bandes-dessinees","tag-bd-adulte","tag-bd-de-la-semaine","tag-campagne","tag-campagne-italienne","tag-changement-de-vie","tag-eloisa-scichilone","tag-feel-good","tag-france","tag-italie","tag-le-mois-italien-2025","tag-le-tour-du-monde-en-80-livres-2025","tag-maladie","tag-marennes","tag-maternite","tag-mauro-gandini","tag-paris","tag-relation-mere-fille","tag-resilience","tag-roman-graphique","tag-romance","tag-rome","tag-sophie-adriansen","tag-toscane","post-preview"],"jetpack_featured_media_url":"https:\/\/i0.wp.com\/www.jojoenherbe.com\/wp-content\/uploads\/2025\/05\/La-vie-dadulte-scaled.jpg?fit=2560%2C2118&ssl=1","jetpack_sharing_enabled":true,"jetpack_shortlink":"https:\/\/wp.me\/p9zhGx-adO","jetpack_likes_enabled":true,"jetpack-related-posts":[{"id":39279,"url":"https:\/\/www.jojoenherbe.com\/index.php\/2025\/05\/05\/billet-de-suivi-le-mois-italien-2025\/","url_meta":{"origin":39296,"position":0},"title":"Billet de suivi: Le Mois Italien 2025","author":"Jojo","date":"5 mai 2025","format":false,"excerpt":"Avec un peu de retard, voici mon billet de suivi pour Le Mois Italien 2025 organis\u00e9 \u00e0 l'origine par Titine et repris depuis quelques ann\u00e9es, avec son accord, par Eimelle. Pour cette nouvelle \u00e9dition qui se d\u00e9roule du 1er au 31 mai 2025, le programme est libre. Eimelle a \u00e9galement\u2026","rel":"","context":"Dans &quot;Mini blogueur&quot;","block_context":{"text":"Mini blogueur","link":"https:\/\/www.jojoenherbe.com\/index.php\/category\/mini-blogueur\/"},"img":{"alt_text":"","src":"https:\/\/i0.wp.com\/www.jojoenherbe.com\/wp-content\/uploads\/2025\/05\/Challenge-Italie-logo-2.jpg?fit=960%2C486&ssl=1&resize=350%2C200","width":350,"height":200,"srcset":"https:\/\/i0.wp.com\/www.jojoenherbe.com\/wp-content\/uploads\/2025\/05\/Challenge-Italie-logo-2.jpg?fit=960%2C486&ssl=1&resize=350%2C200 1x, https:\/\/i0.wp.com\/www.jojoenherbe.com\/wp-content\/uploads\/2025\/05\/Challenge-Italie-logo-2.jpg?fit=960%2C486&ssl=1&resize=525%2C300 1.5x, https:\/\/i0.wp.com\/www.jojoenherbe.com\/wp-content\/uploads\/2025\/05\/Challenge-Italie-logo-2.jpg?fit=960%2C486&ssl=1&resize=700%2C400 2x"},"classes":[]},{"id":39382,"url":"https:\/\/www.jojoenherbe.com\/index.php\/2025\/05\/16\/point-lecture-hebdomadaire-2025-19\/","url_meta":{"origin":39296,"position":1},"title":"Point lecture hebdomadaire 2025 #19","author":"Jojo","date":"16 mai 2025","format":false,"excerpt":"En cette presque fin de semaine, voici mon point lecture hebdomadaire avec un retour sur nos lectures (mais pas nos relectures) de la semaine derni\u00e8re. Nos lectures du 5 au 11 mai 2025: Des lectures jeunesse: Nous avons fini de lire le tome 1 d'une trilogie fantasy : La l\u00e9gende\u2026","rel":"","context":"Dans &quot;Mini blogueur&quot;","block_context":{"text":"Mini blogueur","link":"https:\/\/www.jojoenherbe.com\/index.php\/category\/mini-blogueur\/"},"img":{"alt_text":"","src":"https:\/\/i0.wp.com\/www.jojoenherbe.com\/wp-content\/uploads\/2025\/05\/Point-lecture-hebdo-2025-19.jpg?fit=1200%2C915&ssl=1&resize=350%2C200","width":350,"height":200,"srcset":"https:\/\/i0.wp.com\/www.jojoenherbe.com\/wp-content\/uploads\/2025\/05\/Point-lecture-hebdo-2025-19.jpg?fit=1200%2C915&ssl=1&resize=350%2C200 1x, https:\/\/i0.wp.com\/www.jojoenherbe.com\/wp-content\/uploads\/2025\/05\/Point-lecture-hebdo-2025-19.jpg?fit=1200%2C915&ssl=1&resize=525%2C300 1.5x, https:\/\/i0.wp.com\/www.jojoenherbe.com\/wp-content\/uploads\/2025\/05\/Point-lecture-hebdo-2025-19.jpg?fit=1200%2C915&ssl=1&resize=700%2C400 2x, https:\/\/i0.wp.com\/www.jojoenherbe.com\/wp-content\/uploads\/2025\/05\/Point-lecture-hebdo-2025-19.jpg?fit=1200%2C915&ssl=1&resize=1050%2C600 3x"},"classes":[]},{"id":39541,"url":"https:\/\/www.jojoenherbe.com\/index.php\/2025\/06\/06\/bilan-de-lecture-mai-2025\/","url_meta":{"origin":39296,"position":2},"title":"Bilan de lecture: mai 2025","author":"Jojo","date":"6 juin 2025","format":false,"excerpt":"En ce d\u00e9but juin, voici mon bilan de lectures de mai 2025, mois qui s'est termin\u00e9 en vadrouille en famille, avec le pont de l'Ascension. Comme le mois dernier, j'ai poursuivi\u00a0mon escale japonaise avec le Mois au Japon\u00a0 en participant au\u00a0 RAT a week japonais du 12 au 18 mai\u2026","rel":"","context":"Dans &quot;Mini blogueur&quot;","block_context":{"text":"Mini blogueur","link":"https:\/\/www.jojoenherbe.com\/index.php\/category\/mini-blogueur\/"},"img":{"alt_text":"","src":"https:\/\/i0.wp.com\/www.jojoenherbe.com\/wp-content\/uploads\/2025\/05\/Selection-Mai-2025-scaled.jpg?fit=1200%2C986&ssl=1&resize=350%2C200","width":350,"height":200,"srcset":"https:\/\/i0.wp.com\/www.jojoenherbe.com\/wp-content\/uploads\/2025\/05\/Selection-Mai-2025-scaled.jpg?fit=1200%2C986&ssl=1&resize=350%2C200 1x, https:\/\/i0.wp.com\/www.jojoenherbe.com\/wp-content\/uploads\/2025\/05\/Selection-Mai-2025-scaled.jpg?fit=1200%2C986&ssl=1&resize=525%2C300 1.5x, https:\/\/i0.wp.com\/www.jojoenherbe.com\/wp-content\/uploads\/2025\/05\/Selection-Mai-2025-scaled.jpg?fit=1200%2C986&ssl=1&resize=700%2C400 2x, https:\/\/i0.wp.com\/www.jojoenherbe.com\/wp-content\/uploads\/2025\/05\/Selection-Mai-2025-scaled.jpg?fit=1200%2C986&ssl=1&resize=1050%2C600 3x"},"classes":[]},{"id":39067,"url":"https:\/\/www.jojoenherbe.com\/index.php\/2025\/04\/23\/au-fil-des-pages-avec-shamisen\/","url_meta":{"origin":39296,"position":3},"title":"Au fil des pages avec Shamisen","author":"Jojo","date":"23 avril 2025","format":false,"excerpt":"J'ai lu, en version num\u00e9rique via ma m\u00e9diath\u00e8que, Shamisen de Guilherme Petreca et Tiago Minamisawa (\u00e9d. Ankama, avril 2023, 160 pages), un roman graphique s'inspirant de la vie de la musicienne itin\u00e9rante non-voyante, Haru Kobayashi (1900\/2005), l'une des derni\u00e8res Gozes c\u00e9l\u00e8bres ayant v\u00e9cu au Japon. Abandonn\u00e9e \u00e0 sa naissance par\u2026","rel":"","context":"Dans &quot;Mini lecteur&quot;","block_context":{"text":"Mini lecteur","link":"https:\/\/www.jojoenherbe.com\/index.php\/category\/mini-lecteur\/"},"img":{"alt_text":"","src":"https:\/\/i0.wp.com\/www.jojoenherbe.com\/wp-content\/uploads\/2025\/04\/Shamisen.jpg?fit=750%2C1089&ssl=1&resize=350%2C200","width":350,"height":200,"srcset":"https:\/\/i0.wp.com\/www.jojoenherbe.com\/wp-content\/uploads\/2025\/04\/Shamisen.jpg?fit=750%2C1089&ssl=1&resize=350%2C200 1x, https:\/\/i0.wp.com\/www.jojoenherbe.com\/wp-content\/uploads\/2025\/04\/Shamisen.jpg?fit=750%2C1089&ssl=1&resize=525%2C300 1.5x, https:\/\/i0.wp.com\/www.jojoenherbe.com\/wp-content\/uploads\/2025\/04\/Shamisen.jpg?fit=750%2C1089&ssl=1&resize=700%2C400 2x"},"classes":[]},{"id":36707,"url":"https:\/\/www.jojoenherbe.com\/index.php\/2025\/05\/11\/au-fil-des-pages-avec-mamma-maria\/","url_meta":{"origin":39296,"position":4},"title":"Au fil des pages avec Mamma Maria","author":"Jojo","date":"11 mai 2025","format":false,"excerpt":"L'\u00e9t\u00e9 dernier, j'ai lu, en e-book, Mamma Maria de Serena Giuliano (\u00e9d. Cherche Midi, mars 2020, 224 pages),\u00a0 un roman contemporain feel-good qui se d\u00e9roule en Italie du Sud, sur la c\u00f4te amalfitaine. Je profite du Mois Italien 2025 pour le chroniquer. Apr\u00e8s une rupture sentimentale dont elle ne semble\u2026","rel":"","context":"Dans &quot;Mini lecteur&quot;","block_context":{"text":"Mini lecteur","link":"https:\/\/www.jojoenherbe.com\/index.php\/category\/mini-lecteur\/"},"img":{"alt_text":"","src":"https:\/\/i0.wp.com\/www.jojoenherbe.com\/wp-content\/uploads\/2024\/07\/Mamma-Maria.jpg?fit=727%2C1200&ssl=1&resize=350%2C200","width":350,"height":200,"srcset":"https:\/\/i0.wp.com\/www.jojoenherbe.com\/wp-content\/uploads\/2024\/07\/Mamma-Maria.jpg?fit=727%2C1200&ssl=1&resize=350%2C200 1x, https:\/\/i0.wp.com\/www.jojoenherbe.com\/wp-content\/uploads\/2024\/07\/Mamma-Maria.jpg?fit=727%2C1200&ssl=1&resize=525%2C300 1.5x, https:\/\/i0.wp.com\/www.jojoenherbe.com\/wp-content\/uploads\/2024\/07\/Mamma-Maria.jpg?fit=727%2C1200&ssl=1&resize=700%2C400 2x"},"classes":[]},{"id":39725,"url":"https:\/\/www.jojoenherbe.com\/index.php\/2025\/06\/14\/au-fil-des-pages-avec-a-petit-feu\/","url_meta":{"origin":39296,"position":5},"title":"Au fil des pages avec A petit feu","author":"Jojo","date":"14 juin 2025","format":false,"excerpt":"J'ai lu \u00c0 petit feu d\u2019Elizabeth Jane Howard (\u00e9d. La Table Ronde, coll. Quai Voltaire, mai 2025, 336 pages), un roman choral paru pour la premi\u00e8re fois en 1969. On y suit, sur plusieurs mois, la vie d'une famille recompos\u00e9e plut\u00f4t ais\u00e9e dans l'Angleterre des ann\u00e9es 60, chacun se retranchant\u2026","rel":"","context":"Dans &quot;Mini lecteur&quot;","block_context":{"text":"Mini lecteur","link":"https:\/\/www.jojoenherbe.com\/index.php\/category\/mini-lecteur\/"},"img":{"alt_text":"","src":"https:\/\/i0.wp.com\/www.jojoenherbe.com\/wp-content\/uploads\/2025\/06\/A-petit-feu.jpg?fit=729%2C1200&ssl=1&resize=350%2C200","width":350,"height":200,"srcset":"https:\/\/i0.wp.com\/www.jojoenherbe.com\/wp-content\/uploads\/2025\/06\/A-petit-feu.jpg?fit=729%2C1200&ssl=1&resize=350%2C200 1x, https:\/\/i0.wp.com\/www.jojoenherbe.com\/wp-content\/uploads\/2025\/06\/A-petit-feu.jpg?fit=729%2C1200&ssl=1&resize=525%2C300 1.5x, https:\/\/i0.wp.com\/www.jojoenherbe.com\/wp-content\/uploads\/2025\/06\/A-petit-feu.jpg?fit=729%2C1200&ssl=1&resize=700%2C400 2x"},"classes":[]}],"_links":{"self":[{"href":"https:\/\/www.jojoenherbe.com\/index.php\/wp-json\/wp\/v2\/posts\/39296","targetHints":{"allow":["GET"]}}],"collection":[{"href":"https:\/\/www.jojoenherbe.com\/index.php\/wp-json\/wp\/v2\/posts"}],"about":[{"href":"https:\/\/www.jojoenherbe.com\/index.php\/wp-json\/wp\/v2\/types\/post"}],"author":[{"embeddable":true,"href":"https:\/\/www.jojoenherbe.com\/index.php\/wp-json\/wp\/v2\/users\/1"}],"replies":[{"embeddable":true,"href":"https:\/\/www.jojoenherbe.com\/index.php\/wp-json\/wp\/v2\/comments?post=39296"}],"version-history":[{"count":13,"href":"https:\/\/www.jojoenherbe.com\/index.php\/wp-json\/wp\/v2\/posts\/39296\/revisions"}],"predecessor-version":[{"id":39334,"href":"https:\/\/www.jojoenherbe.com\/index.php\/wp-json\/wp\/v2\/posts\/39296\/revisions\/39334"}],"wp:featuredmedia":[{"embeddable":true,"href":"https:\/\/www.jojoenherbe.com\/index.php\/wp-json\/wp\/v2\/media\/39293"}],"wp:attachment":[{"href":"https:\/\/www.jojoenherbe.com\/index.php\/wp-json\/wp\/v2\/media?parent=39296"}],"wp:term":[{"taxonomy":"category","embeddable":true,"href":"https:\/\/www.jojoenherbe.com\/index.php\/wp-json\/wp\/v2\/categories?post=39296"},{"taxonomy":"post_tag","embeddable":true,"href":"https:\/\/www.jojoenherbe.com\/index.php\/wp-json\/wp\/v2\/tags?post=39296"}],"curies":[{"name":"wp","href":"https:\/\/api.w.org\/{rel}","templated":true}]}}