{"id":38993,"date":"2025-06-02T15:56:47","date_gmt":"2025-06-02T13:56:47","guid":{"rendered":"https:\/\/www.jojoenherbe.com\/?p=38993"},"modified":"2025-06-02T15:56:47","modified_gmt":"2025-06-02T13:56:47","slug":"au-fil-des-pages-avec-les-souris-du-buisson-aux-mures-le-printemps","status":"publish","type":"post","link":"https:\/\/www.jojoenherbe.com\/index.php\/2025\/06\/02\/au-fil-des-pages-avec-les-souris-du-buisson-aux-mures-le-printemps\/","title":{"rendered":"Au fil des pages avec Les Souris du Buisson-aux-M\u00fbres, Le Printemps"},"content":{"rendered":"<p style=\"text-align: justify;\"><em><a href=\"https:\/\/i0.wp.com\/www.jojoenherbe.com\/wp-content\/uploads\/2025\/06\/Les-Souris-du-Buisson-aux-Mures-Le-Printemps-2-scaled.jpg\"><img data-recalc-dims=\"1\" loading=\"lazy\" decoding=\"async\" data-attachment-id=\"39563\" data-permalink=\"https:\/\/www.jojoenherbe.com\/index.php\/2025\/06\/02\/au-fil-des-pages-avec-les-souris-du-buisson-aux-mures-le-printemps\/les-souris-du-buisson-aux-mures-le-printemps-2\/\" data-orig-file=\"https:\/\/i0.wp.com\/www.jojoenherbe.com\/wp-content\/uploads\/2025\/06\/Les-Souris-du-Buisson-aux-Mures-Le-Printemps-2-scaled.jpg?fit=2560%2C2000&amp;ssl=1\" data-orig-size=\"2560,2000\" data-comments-opened=\"1\" data-image-meta=\"{&quot;aperture&quot;:&quot;1.8&quot;,&quot;credit&quot;:&quot;&quot;,&quot;camera&quot;:&quot;iPhone 7&quot;,&quot;caption&quot;:&quot;&quot;,&quot;created_timestamp&quot;:&quot;1748178841&quot;,&quot;copyright&quot;:&quot;&quot;,&quot;focal_length&quot;:&quot;3.99&quot;,&quot;iso&quot;:&quot;80&quot;,&quot;shutter_speed&quot;:&quot;0.058823529411765&quot;,&quot;title&quot;:&quot;&quot;,&quot;orientation&quot;:&quot;1&quot;}\" data-image-title=\"Les Souris du Buisson-aux-M\u00fbres, Le Printemps 2\" data-image-description=\"\" data-image-caption=\"\" data-large-file=\"https:\/\/i0.wp.com\/www.jojoenherbe.com\/wp-content\/uploads\/2025\/06\/Les-Souris-du-Buisson-aux-Mures-Le-Printemps-2-scaled.jpg?fit=676%2C528&amp;ssl=1\" class=\"alignleft size-thumbnail wp-image-39563\" src=\"https:\/\/i0.wp.com\/www.jojoenherbe.com\/wp-content\/uploads\/2025\/06\/Les-Souris-du-Buisson-aux-Mures-Le-Printemps-2.jpg?resize=150%2C150\" alt=\"\" width=\"150\" height=\"150\" srcset=\"https:\/\/i0.wp.com\/www.jojoenherbe.com\/wp-content\/uploads\/2025\/06\/Les-Souris-du-Buisson-aux-Mures-Le-Printemps-2-scaled.jpg?resize=150%2C150&amp;ssl=1 150w, https:\/\/i0.wp.com\/www.jojoenherbe.com\/wp-content\/uploads\/2025\/06\/Les-Souris-du-Buisson-aux-Mures-Le-Printemps-2-scaled.jpg?zoom=2&amp;resize=150%2C150 300w, https:\/\/i0.wp.com\/www.jojoenherbe.com\/wp-content\/uploads\/2025\/06\/Les-Souris-du-Buisson-aux-Mures-Le-Printemps-2-scaled.jpg?zoom=3&amp;resize=150%2C150 450w\" sizes=\"auto, (max-width: 150px) 100vw, 150px\" \/><\/a>Nous avons lu <span style=\"text-decoration: underline;\">Les Souris du Buisson-aux-M\u00fbres, Le Printemps<\/span> de Jill Barklem (\u00e9d. Qilinn \u00c9ditions, mars 2024, 32 pages), un album jeunesse \u00e0 partir de 3 ans et paru pour la premi\u00e8re fois au Royaume-Uni en 1980. Dans ce tome, les souris organisent un pique-nique surprise pour l\u2019anniversaire du petit Wilfred Toadflax. Le jeune souriceau se sent d\u00e9laiss\u00e9 depuis qu&rsquo;il s&rsquo;est lev\u00e9 et d\u00e9couvert parmi ses cadeaux une fl\u00fbte. <br \/><\/em><\/p>\n<p style=\"text-align: justify;\"><em><a href=\"https:\/\/i0.wp.com\/www.jojoenherbe.com\/wp-content\/uploads\/2025\/06\/Les-Souris-du-Buisson-aux-Mures-Le-Printemps-4-scaled.jpg\"><img data-recalc-dims=\"1\" loading=\"lazy\" decoding=\"async\" data-attachment-id=\"39565\" data-permalink=\"https:\/\/www.jojoenherbe.com\/index.php\/2025\/06\/02\/au-fil-des-pages-avec-les-souris-du-buisson-aux-mures-le-printemps\/les-souris-du-buisson-aux-mures-le-printemps-4\/\" data-orig-file=\"https:\/\/i0.wp.com\/www.jojoenherbe.com\/wp-content\/uploads\/2025\/06\/Les-Souris-du-Buisson-aux-Mures-Le-Printemps-4-scaled.jpg?fit=2560%2C1920&amp;ssl=1\" data-orig-size=\"2560,1920\" data-comments-opened=\"1\" data-image-meta=\"{&quot;aperture&quot;:&quot;1.8&quot;,&quot;credit&quot;:&quot;&quot;,&quot;camera&quot;:&quot;iPhone 7&quot;,&quot;caption&quot;:&quot;&quot;,&quot;created_timestamp&quot;:&quot;1748178895&quot;,&quot;copyright&quot;:&quot;&quot;,&quot;focal_length&quot;:&quot;3.99&quot;,&quot;iso&quot;:&quot;100&quot;,&quot;shutter_speed&quot;:&quot;0.058823529411765&quot;,&quot;title&quot;:&quot;&quot;,&quot;orientation&quot;:&quot;1&quot;}\" data-image-title=\"Les Souris du Buisson-aux-M\u00fbres, Le Printemps 4\" data-image-description=\"\" data-image-caption=\"\" data-large-file=\"https:\/\/i0.wp.com\/www.jojoenherbe.com\/wp-content\/uploads\/2025\/06\/Les-Souris-du-Buisson-aux-Mures-Le-Printemps-4-scaled.jpg?fit=676%2C507&amp;ssl=1\" class=\"size-thumbnail wp-image-39565 alignright\" src=\"https:\/\/i0.wp.com\/www.jojoenherbe.com\/wp-content\/uploads\/2025\/06\/Les-Souris-du-Buisson-aux-Mures-Le-Printemps-4.jpg?resize=150%2C150\" alt=\"\" width=\"150\" height=\"150\" srcset=\"https:\/\/i0.wp.com\/www.jojoenherbe.com\/wp-content\/uploads\/2025\/06\/Les-Souris-du-Buisson-aux-Mures-Le-Printemps-4-scaled.jpg?resize=150%2C150&amp;ssl=1 150w, https:\/\/i0.wp.com\/www.jojoenherbe.com\/wp-content\/uploads\/2025\/06\/Les-Souris-du-Buisson-aux-Mures-Le-Printemps-4-scaled.jpg?zoom=2&amp;resize=150%2C150 300w, https:\/\/i0.wp.com\/www.jojoenherbe.com\/wp-content\/uploads\/2025\/06\/Les-Souris-du-Buisson-aux-Mures-Le-Printemps-4-scaled.jpg?zoom=3&amp;resize=150%2C150 450w\" sizes=\"auto, (max-width: 150px) 100vw, 150px\" \/><\/a> <a href=\"https:\/\/i0.wp.com\/www.jojoenherbe.com\/wp-content\/uploads\/2025\/06\/Les-Souris-du-Buisson-aux-Mures-Le-Printemps-3-scaled.jpg\"><img data-recalc-dims=\"1\" loading=\"lazy\" decoding=\"async\" data-attachment-id=\"39564\" data-permalink=\"https:\/\/www.jojoenherbe.com\/index.php\/2025\/06\/02\/au-fil-des-pages-avec-les-souris-du-buisson-aux-mures-le-printemps\/les-souris-du-buisson-aux-mures-le-printemps-3\/\" data-orig-file=\"https:\/\/i0.wp.com\/www.jojoenherbe.com\/wp-content\/uploads\/2025\/06\/Les-Souris-du-Buisson-aux-Mures-Le-Printemps-3-scaled.jpg?fit=2560%2C1920&amp;ssl=1\" data-orig-size=\"2560,1920\" data-comments-opened=\"1\" data-image-meta=\"{&quot;aperture&quot;:&quot;1.8&quot;,&quot;credit&quot;:&quot;&quot;,&quot;camera&quot;:&quot;iPhone 7&quot;,&quot;caption&quot;:&quot;&quot;,&quot;created_timestamp&quot;:&quot;1748178855&quot;,&quot;copyright&quot;:&quot;&quot;,&quot;focal_length&quot;:&quot;3.99&quot;,&quot;iso&quot;:&quot;80&quot;,&quot;shutter_speed&quot;:&quot;0.058823529411765&quot;,&quot;title&quot;:&quot;&quot;,&quot;orientation&quot;:&quot;1&quot;}\" data-image-title=\"Les Souris du Buisson-aux-M\u00fbres, Le Printemps 3\" data-image-description=\"\" data-image-caption=\"\" data-large-file=\"https:\/\/i0.wp.com\/www.jojoenherbe.com\/wp-content\/uploads\/2025\/06\/Les-Souris-du-Buisson-aux-Mures-Le-Printemps-3-scaled.jpg?fit=676%2C507&amp;ssl=1\" class=\"size-thumbnail wp-image-39564 alignright\" src=\"https:\/\/i0.wp.com\/www.jojoenherbe.com\/wp-content\/uploads\/2025\/06\/Les-Souris-du-Buisson-aux-Mures-Le-Printemps-3.jpg?resize=150%2C150\" alt=\"\" width=\"150\" height=\"150\" srcset=\"https:\/\/i0.wp.com\/www.jojoenherbe.com\/wp-content\/uploads\/2025\/06\/Les-Souris-du-Buisson-aux-Mures-Le-Printemps-3-scaled.jpg?resize=150%2C150&amp;ssl=1 150w, https:\/\/i0.wp.com\/www.jojoenherbe.com\/wp-content\/uploads\/2025\/06\/Les-Souris-du-Buisson-aux-Mures-Le-Printemps-3-scaled.jpg?zoom=2&amp;resize=150%2C150 300w, https:\/\/i0.wp.com\/www.jojoenherbe.com\/wp-content\/uploads\/2025\/06\/Les-Souris-du-Buisson-aux-Mures-Le-Printemps-3-scaled.jpg?zoom=3&amp;resize=150%2C150 450w\" sizes=\"auto, (max-width: 150px) 100vw, 150px\" \/><\/a>Je pense qu&rsquo;il vaut mieux commencer par ce tome car il pr\u00e9sente les diff\u00e9rentes familles de souris vivant au Buisson-aux-M\u00fbres et qu&rsquo;on avait d\u00e9couvert avec le tome automnal. C&rsquo;est tout aussi mignon et gourmand que les autres histoires saisonni\u00e8res. Les illustrations alternent en effet avec des passages \u00e0 l&rsquo;int\u00e9rieur des foyers des souris, la nourriture n&rsquo;\u00e9tant jamais loin ou en pleine nature ici printani\u00e8re. Nous avons d&rsquo;ailleurs depuis d\u00e9couvert un autre tome, celui sur <span style=\"text-decoration: underline;\">La Mer<\/span> (\u00e9d. Qilinn \u00c9ditions, avril 2025, 32 pages).<\/em><\/p>\n<p><em>Pour d&rsquo;autres avis sur ce tome printanier: <a href=\"https:\/\/sylectures.wordpress.com\/2024\/06\/22\/le-printemps\/\">Syl<\/a>.<\/em><\/p>\n<div id=\"attachment_39555\" style=\"width: 103px\" class=\"wp-caption alignleft\"><img data-recalc-dims=\"1\" loading=\"lazy\" decoding=\"async\" aria-describedby=\"caption-attachment-39555\" data-attachment-id=\"39555\" data-permalink=\"https:\/\/www.jojoenherbe.com\/index.php\/2025\/06\/01\/billet-de-suivi-le-mois-anglais-2025\/le-mois-anglais-2025-logo\/\" data-orig-file=\"https:\/\/i0.wp.com\/www.jojoenherbe.com\/wp-content\/uploads\/2025\/06\/Le-Mois-Anglais-2025-logo.jpg?fit=768%2C960&amp;ssl=1\" data-orig-size=\"768,960\" data-comments-opened=\"1\" data-image-meta=\"{&quot;aperture&quot;:&quot;0&quot;,&quot;credit&quot;:&quot;&quot;,&quot;camera&quot;:&quot;&quot;,&quot;caption&quot;:&quot;&quot;,&quot;created_timestamp&quot;:&quot;1747251773&quot;,&quot;copyright&quot;:&quot;&quot;,&quot;focal_length&quot;:&quot;0&quot;,&quot;iso&quot;:&quot;0&quot;,&quot;shutter_speed&quot;:&quot;0&quot;,&quot;title&quot;:&quot;&quot;,&quot;orientation&quot;:&quot;1&quot;}\" data-image-title=\"Le Mois Anglais 2025 &amp;#8211; logo\" data-image-description=\"\" data-image-caption=\"\" data-large-file=\"https:\/\/i0.wp.com\/www.jojoenherbe.com\/wp-content\/uploads\/2025\/06\/Le-Mois-Anglais-2025-logo.jpg?fit=676%2C845&amp;ssl=1\" class=\"wp-image-39555\" src=\"https:\/\/i0.wp.com\/www.jojoenherbe.com\/wp-content\/uploads\/2025\/06\/Le-Mois-Anglais-2025-logo.jpg?resize=93%2C116\" alt=\"\" width=\"93\" height=\"116\" srcset=\"https:\/\/i0.wp.com\/www.jojoenherbe.com\/wp-content\/uploads\/2025\/06\/Le-Mois-Anglais-2025-logo.jpg?w=768&amp;ssl=1 768w, https:\/\/i0.wp.com\/www.jojoenherbe.com\/wp-content\/uploads\/2025\/06\/Le-Mois-Anglais-2025-logo.jpg?resize=240%2C300&amp;ssl=1 240w, https:\/\/i0.wp.com\/www.jojoenherbe.com\/wp-content\/uploads\/2025\/06\/Le-Mois-Anglais-2025-logo.jpg?resize=676%2C845&amp;ssl=1 676w\" sizes=\"auto, (max-width: 93px) 100vw, 93px\" \/><p id=\"caption-attachment-39555\" class=\"wp-caption-text\">Participation #1 Le Mois Anglais 2025 de Lou et Titine #Album jeunesse<\/p><\/div>\n<div id=\"attachment_19954\" style=\"width: 111px\" class=\"wp-caption alignleft\"><img loading=\"lazy\" decoding=\"async\" aria-describedby=\"caption-attachment-19954\" class=\"wp-image-19954\" src=\"https:\/\/i0.wp.com\/mapetitemediatheque.fr\/wp-content\/uploads\/2021\/11\/Inkedle-tour-du-monde-en-80-livres-2_LI.jpg?resize=116%2C87&amp;ssl=1\" sizes=\"auto, (max-width: 500px) 100vw, 500px\" srcset=\"https:\/\/i0.wp.com\/mapetitemediatheque.fr\/wp-content\/uploads\/2021\/11\/Inkedle-tour-du-monde-en-80-livres-2_LI.jpg?resize=116%2C87&amp;ssl=1 500w, https:\/\/mapetitemediatheque.fr\/wp-content\/uploads\/2021\/11\/Inkedle-tour-du-monde-en-80-livres-2_LI-300x226.jpg 300w, https:\/\/mapetitemediatheque.fr\/wp-content\/uploads\/2021\/11\/Inkedle-tour-du-monde-en-80-livres-2_LI-120x90.jpg 120w\" alt=\"\" width=\"101\" height=\"76\" aria-describedby=\"caption-attachment-19954\" \/><p id=\"caption-attachment-19954\" class=\"wp-caption-text\">Participation #11 (Parcours illustr\u00e9) Challenge Le tour du monde en 80 livres 2025 de <a href=\"https:\/\/mapetitemediatheque.fr\/2025\/01\/le-tour-du-monde-en-80-livres-2025\/\">Bidib<\/a> #Royaume-Uni (Angleterre)<\/p><\/div>\n<div id=\"attachment_37823\" style=\"width: 109px\" class=\"wp-caption alignleft\"><img data-recalc-dims=\"1\" loading=\"lazy\" decoding=\"async\" aria-describedby=\"caption-attachment-37823\" data-attachment-id=\"37823\" data-permalink=\"https:\/\/www.jojoenherbe.com\/index.php\/2025\/01\/10\/mes-challenges-livresques-2025\/challenge-petit-bac-2025-denna-logo\/\" data-orig-file=\"https:\/\/i0.wp.com\/www.jojoenherbe.com\/wp-content\/uploads\/2024\/12\/Challenge-Petit-Bac-2025-dEnna-logo.jpg?fit=285%2C217&amp;ssl=1\" data-orig-size=\"285,217\" data-comments-opened=\"1\" data-image-meta=\"{&quot;aperture&quot;:&quot;0&quot;,&quot;credit&quot;:&quot;&quot;,&quot;camera&quot;:&quot;&quot;,&quot;caption&quot;:&quot;&quot;,&quot;created_timestamp&quot;:&quot;1735738492&quot;,&quot;copyright&quot;:&quot;&quot;,&quot;focal_length&quot;:&quot;0&quot;,&quot;iso&quot;:&quot;0&quot;,&quot;shutter_speed&quot;:&quot;0&quot;,&quot;title&quot;:&quot;&quot;,&quot;orientation&quot;:&quot;0&quot;}\" data-image-title=\"Challenge Petit Bac 2025 d&amp;rsquo;Enna &amp;#8211; logo\" data-image-description=\"\" data-image-caption=\"\" data-large-file=\"https:\/\/i0.wp.com\/www.jojoenherbe.com\/wp-content\/uploads\/2024\/12\/Challenge-Petit-Bac-2025-dEnna-logo.jpg?fit=285%2C217&amp;ssl=1\" class=\"wp-image-37823\" src=\"https:\/\/i0.wp.com\/www.jojoenherbe.com\/wp-content\/uploads\/2024\/12\/Challenge-Petit-Bac-2025-dEnna-logo.jpg?resize=99%2C75\" alt=\"\" width=\"99\" height=\"75\" \/><p id=\"caption-attachment-37823\" class=\"wp-caption-text\">Challenge Petit Bac d\u2019<em><a href=\"https:\/\/ennalit.wordpress.com\/2024\/12\/01\/challenge-petit-bac-2025-qui-veut-jouer\/\">Enna<\/a><\/em> #3 Cat\u00e9gorie Animal: \u00ab Souris \u00bb<\/p><\/div>\n<div id=\"attachment_38013\" style=\"width: 127px\" class=\"wp-caption alignleft\"><img data-recalc-dims=\"1\" loading=\"lazy\" decoding=\"async\" aria-describedby=\"caption-attachment-38013\" data-attachment-id=\"38013\" data-permalink=\"https:\/\/www.jojoenherbe.com\/index.php\/2025\/01\/10\/mes-challenges-livresques-2025\/challenge-des-livres-et-des-ecrans-en-cuisine-2025-logo-2\/\" data-orig-file=\"https:\/\/i0.wp.com\/www.jojoenherbe.com\/wp-content\/uploads\/2025\/01\/Challenge-Des-livres-et-des-ecrans-en-cuisine-2025-logo-2.png?fit=300%2C169&amp;ssl=1\" data-orig-size=\"300,169\" data-comments-opened=\"1\" data-image-meta=\"{&quot;aperture&quot;:&quot;0&quot;,&quot;credit&quot;:&quot;&quot;,&quot;camera&quot;:&quot;&quot;,&quot;caption&quot;:&quot;&quot;,&quot;created_timestamp&quot;:&quot;0&quot;,&quot;copyright&quot;:&quot;&quot;,&quot;focal_length&quot;:&quot;0&quot;,&quot;iso&quot;:&quot;0&quot;,&quot;shutter_speed&quot;:&quot;0&quot;,&quot;title&quot;:&quot;&quot;,&quot;orientation&quot;:&quot;0&quot;}\" data-image-title=\"Challenge Des livres (et des \u00e9crans) en cuisine 2025 &amp;#8211; logo 2\" data-image-description=\"\" data-image-caption=\"\" data-large-file=\"https:\/\/i0.wp.com\/www.jojoenherbe.com\/wp-content\/uploads\/2025\/01\/Challenge-Des-livres-et-des-ecrans-en-cuisine-2025-logo-2.png?fit=300%2C169&amp;ssl=1\" class=\"wp-image-38013\" src=\"https:\/\/i0.wp.com\/www.jojoenherbe.com\/wp-content\/uploads\/2025\/01\/Challenge-Des-livres-et-des-ecrans-en-cuisine-2025-logo-2.png?resize=117%2C66\" alt=\"\" width=\"117\" height=\"66\" \/><p id=\"caption-attachment-38013\" class=\"wp-caption-text\">Participation #14 Challenge Des livres (et des \u00e9crans) en cuisine 2025 de <a href=\"https:\/\/mapetitemediatheque.fr\/2025\/01\/des-livres-et-des-ecrans-en-cuisine-2025\/\">Bidib<\/a> et <a href=\"http:\/\/croquerlespages.canalblog.com\/2025\/01\/livres-et-ecrans.html\">Fondant<\/a> #Go\u00fbter d&rsquo;anniversaire<\/p><\/div>\n\n\n<p><\/p>\n\n\n\n<p><\/p>\n","protected":false},"excerpt":{"rendered":"<p>Nous avons lu Les Souris du Buisson-aux-M\u00fbres, Le Printemps de Jill Barklem (\u00e9d. Qilinn \u00c9ditions, mars 2024, 32 pages), un album jeunesse \u00e0 partir de 3 ans et paru pour la premi\u00e8re fois au Royaume-Uni en 1980. Dans ce tome, les souris organisent un pique-nique surprise pour l\u2019anniversaire du petit Wilfred Toadflax. Le jeune souriceau [&hellip;]<\/p>\n","protected":false},"author":1,"featured_media":39566,"comment_status":"open","ping_status":"open","sticky":false,"template":"","format":"standard","meta":{"jetpack_post_was_ever_published":false,"_jetpack_newsletter_access":"","_jetpack_dont_email_post_to_subs":false,"_jetpack_newsletter_tier_id":0,"_jetpack_memberships_contains_paywalled_content":false,"_jetpack_memberships_contains_paid_content":false,"footnotes":""},"categories":[363],"tags":[785,4378,1097,753,1333,4423,4429,3742,3482,1277,4397,4618,4425,367,1022,543,207,1399,495],"class_list":["post-38993","post","type-post","status-publish","format-standard","has-post-thumbnail","hentry","category-mini-lecteur","tag-3-6-ans","tag-album-jeunesse","tag-anniversaire","tag-campagne","tag-campagne-anglaise","tag-challenge-petit-bac-2025","tag-des-livres-et-des-ecrans-en-cuisine-2025","tag-fete","tag-fete-danniversaire","tag-foret","tag-jill-barklem","tag-le-mois-anglais-2025","tag-le-tour-du-monde-en-80-livres-2025","tag-lecture-jeunesse","tag-lectures-de-printemps","tag-nature","tag-printemps","tag-saison","tag-souris","post-preview"],"jetpack_featured_media_url":"https:\/\/i0.wp.com\/www.jojoenherbe.com\/wp-content\/uploads\/2025\/06\/Les-Souris-du-Buisson-aux-Mures-Le-Printemps-scaled.jpg?fit=2560%2C2172&ssl=1","jetpack_sharing_enabled":true,"jetpack_shortlink":"https:\/\/wp.me\/p9zhGx-a8V","jetpack_likes_enabled":true,"jetpack-related-posts":[{"id":37905,"url":"https:\/\/www.jojoenherbe.com\/index.php\/2025\/01\/28\/au-fil-des-pages-avec-les-souris-du-buisson-aux-mures-lhiver\/","url_meta":{"origin":38993,"position":0},"title":"Au fil des pages avec Les Souris du Buisson-aux-M\u00fbres, L&rsquo;Hiver","author":"Jojo","date":"28 janvier 2025","format":false,"excerpt":"Apr\u00e8s le tome sur L\u2019Automne, nous avons lu et relu Les Souris du Buisson-aux-M\u00fbres, L'Hiver de Jill Barklem (\u00e9d. Qilinn \u00c9ditions, mars 2024, 32 pages), un album jeunesse \u00e0 partir de 3 ans et paru pour la premi\u00e8re fois au Royaume-Uni en 1980. Au milieu de l'hiver, les premiers flocons\u2026","rel":"","context":"Dans &quot;Mini lecteur&quot;","block_context":{"text":"Mini lecteur","link":"https:\/\/www.jojoenherbe.com\/index.php\/category\/mini-lecteur\/"},"img":{"alt_text":"","src":"https:\/\/i0.wp.com\/www.jojoenherbe.com\/wp-content\/uploads\/2025\/01\/Les-Souris-du-Buisson-aux-Mures-LHiver-scaled.jpg?fit=1200%2C957&ssl=1&resize=350%2C200","width":350,"height":200,"srcset":"https:\/\/i0.wp.com\/www.jojoenherbe.com\/wp-content\/uploads\/2025\/01\/Les-Souris-du-Buisson-aux-Mures-LHiver-scaled.jpg?fit=1200%2C957&ssl=1&resize=350%2C200 1x, https:\/\/i0.wp.com\/www.jojoenherbe.com\/wp-content\/uploads\/2025\/01\/Les-Souris-du-Buisson-aux-Mures-LHiver-scaled.jpg?fit=1200%2C957&ssl=1&resize=525%2C300 1.5x, https:\/\/i0.wp.com\/www.jojoenherbe.com\/wp-content\/uploads\/2025\/01\/Les-Souris-du-Buisson-aux-Mures-LHiver-scaled.jpg?fit=1200%2C957&ssl=1&resize=700%2C400 2x, https:\/\/i0.wp.com\/www.jojoenherbe.com\/wp-content\/uploads\/2025\/01\/Les-Souris-du-Buisson-aux-Mures-LHiver-scaled.jpg?fit=1200%2C957&ssl=1&resize=1050%2C600 3x"},"classes":[]},{"id":37310,"url":"https:\/\/www.jojoenherbe.com\/index.php\/2024\/11\/22\/au-fil-des-pages-avec-les-souris-du-buisson-aux-mures-lautomne\/","url_meta":{"origin":38993,"position":1},"title":"Au fil des pages avec Les Souris du Buisson-aux-M\u00fbres, L&rsquo;Automne","author":"Jojo","date":"22 novembre 2024","format":false,"excerpt":"Comme les copinautes, nous avons lu avec mon mini lutin Les Souris du Buisson-aux-M\u00fbres en commen\u00e7ant par le tome de saison, celui sur L'Automne de Jill Barklem (\u00e9d. Qilinn \u00c9ditions, mars 2024, 32 pages), un album jeunesse \u00e0 partir de 3 ans et paru pour la premi\u00e8re fois au Royaume-Uni\u2026","rel":"","context":"Dans &quot;Mini lecteur&quot;","block_context":{"text":"Mini lecteur","link":"https:\/\/www.jojoenherbe.com\/index.php\/category\/mini-lecteur\/"},"img":{"alt_text":"","src":"https:\/\/i0.wp.com\/www.jojoenherbe.com\/wp-content\/uploads\/2024\/11\/Les-Souris-du-Buisson-aux-Mures-LAutomne-scaled.jpg?fit=1200%2C1019&ssl=1&resize=350%2C200","width":350,"height":200,"srcset":"https:\/\/i0.wp.com\/www.jojoenherbe.com\/wp-content\/uploads\/2024\/11\/Les-Souris-du-Buisson-aux-Mures-LAutomne-scaled.jpg?fit=1200%2C1019&ssl=1&resize=350%2C200 1x, https:\/\/i0.wp.com\/www.jojoenherbe.com\/wp-content\/uploads\/2024\/11\/Les-Souris-du-Buisson-aux-Mures-LAutomne-scaled.jpg?fit=1200%2C1019&ssl=1&resize=525%2C300 1.5x, https:\/\/i0.wp.com\/www.jojoenherbe.com\/wp-content\/uploads\/2024\/11\/Les-Souris-du-Buisson-aux-Mures-LAutomne-scaled.jpg?fit=1200%2C1019&ssl=1&resize=700%2C400 2x, https:\/\/i0.wp.com\/www.jojoenherbe.com\/wp-content\/uploads\/2024\/11\/Les-Souris-du-Buisson-aux-Mures-LAutomne-scaled.jpg?fit=1200%2C1019&ssl=1&resize=1050%2C600 3x"},"classes":[]},{"id":40743,"url":"https:\/\/www.jojoenherbe.com\/index.php\/2025\/09\/25\/throwback-thursday-livresque-livre-dont-le-titre-comporte-le-mot-automne\/","url_meta":{"origin":38993,"position":2},"title":"Throwback Thursday Livresque: Livre dont le titre comporte le mot \u00ab\u00a0Automne\u00a0\u00bb","author":"Jojo","date":"25 septembre 2025","format":false,"excerpt":"Ce jeudi 25 septembre 2025, je participe au Throwback Thursday Livresque, un rendez-vous livresque initialement chez Bettie Rose Books et repris depuis par Carole, les liens \u00e9tant \u00e0 d\u00e9poser chez My-Bo0ks. Le principe est de partager chaque jeudi un livre en fonction d\u2019un th\u00e8me donn\u00e9. Cette semaine, le th\u00e8me est\u2026","rel":"","context":"Dans &quot;Mini blogueur&quot;","block_context":{"text":"Mini blogueur","link":"https:\/\/www.jojoenherbe.com\/index.php\/category\/mini-blogueur\/"},"img":{"alt_text":"","src":"https:\/\/i0.wp.com\/www.jojoenherbe.com\/wp-content\/uploads\/2023\/10\/TTL-logo.jpg?resize=350%2C200","width":350,"height":200},"classes":[]},{"id":39554,"url":"https:\/\/www.jojoenherbe.com\/index.php\/2025\/06\/01\/billet-de-suivi-le-mois-anglais-2025\/","url_meta":{"origin":38993,"position":3},"title":"Billet de suivi: Le Mois Anglais 2025","author":"Jojo","date":"1 juin 2025","format":false,"excerpt":"Comme d\u00e9j\u00e0 depuis plusieurs ann\u00e9es, je participe tout au long du mois de juin au challenge Le Mois Anglais 2025 coorganis\u00e9 par Lou et Titine. Le programme est libre. J'ai pr\u00e9vu plusieurs lectures, un atelier cr\u00e9atif avec les copinautes Syl, Isabelle et Hilde ainsi que des pauses gourmandes avec la\u2026","rel":"","context":"Dans &quot;Mini blogueur&quot;","block_context":{"text":"Mini blogueur","link":"https:\/\/www.jojoenherbe.com\/index.php\/category\/mini-blogueur\/"},"img":{"alt_text":"","src":"https:\/\/i0.wp.com\/www.jojoenherbe.com\/wp-content\/uploads\/2025\/06\/Le-Mois-Anglais-2025-logo.jpg?fit=768%2C960&ssl=1&resize=350%2C200","width":350,"height":200,"srcset":"https:\/\/i0.wp.com\/www.jojoenherbe.com\/wp-content\/uploads\/2025\/06\/Le-Mois-Anglais-2025-logo.jpg?fit=768%2C960&ssl=1&resize=350%2C200 1x, https:\/\/i0.wp.com\/www.jojoenherbe.com\/wp-content\/uploads\/2025\/06\/Le-Mois-Anglais-2025-logo.jpg?fit=768%2C960&ssl=1&resize=525%2C300 1.5x, https:\/\/i0.wp.com\/www.jojoenherbe.com\/wp-content\/uploads\/2025\/06\/Le-Mois-Anglais-2025-logo.jpg?fit=768%2C960&ssl=1&resize=700%2C400 2x"},"classes":[]},{"id":38757,"url":"https:\/\/www.jojoenherbe.com\/index.php\/2025\/04\/01\/point-lecture-hebdomadaire-2025-13\/","url_meta":{"origin":38993,"position":4},"title":"Point lecture hebdomadaire 2025 #13","author":"Jojo","date":"1 avril 2025","format":false,"excerpt":"En cette d\u00e9but de semaine, voici mon point lecture hebdomadaire avec un retour sur nos lectures (mais pas nos relectures) de la semaine derni\u00e8re. Nos lectures du\u00a0 24 au 30 mars 2025: Des lectures jeunesse: Nous continuons \u00e0 lire avec mon mini lutin Le tour du monde en 80 jours\u2026","rel":"","context":"Dans &quot;Mini blogueur&quot;","block_context":{"text":"Mini blogueur","link":"https:\/\/www.jojoenherbe.com\/index.php\/category\/mini-blogueur\/"},"img":{"alt_text":"","src":"https:\/\/i0.wp.com\/www.jojoenherbe.com\/wp-content\/uploads\/2025\/03\/Point-lecture-hebdo-2025-13.jpg?fit=1200%2C960&ssl=1&resize=350%2C200","width":350,"height":200,"srcset":"https:\/\/i0.wp.com\/www.jojoenherbe.com\/wp-content\/uploads\/2025\/03\/Point-lecture-hebdo-2025-13.jpg?fit=1200%2C960&ssl=1&resize=350%2C200 1x, https:\/\/i0.wp.com\/www.jojoenherbe.com\/wp-content\/uploads\/2025\/03\/Point-lecture-hebdo-2025-13.jpg?fit=1200%2C960&ssl=1&resize=525%2C300 1.5x, https:\/\/i0.wp.com\/www.jojoenherbe.com\/wp-content\/uploads\/2025\/03\/Point-lecture-hebdo-2025-13.jpg?fit=1200%2C960&ssl=1&resize=700%2C400 2x, https:\/\/i0.wp.com\/www.jojoenherbe.com\/wp-content\/uploads\/2025\/03\/Point-lecture-hebdo-2025-13.jpg?fit=1200%2C960&ssl=1&resize=1050%2C600 3x"},"classes":[]},{"id":42205,"url":"https:\/\/www.jojoenherbe.com\/index.php\/2026\/01\/08\/throwback-thursday-livresque-un-anniversaire-dans-le-roman\/","url_meta":{"origin":38993,"position":5},"title":"Throwback Thursday Livresque: Un anniversaire dans le roman","author":"Jojo","date":"8 janvier 2026","format":false,"excerpt":"Ce jeudi 8 janvier 2026, je participe au Throwback Thursday Livresque, un rendez-vous livresque initialement chez Bettie Rose Books et repris depuis par Carole, les liens \u00e9tant \u00e0 d\u00e9poser chez My-Bo0ks. Le principe est de partager chaque jeudi un livre \"ancien\" de notre biblioth\u00e8que en fonction d\u2019un th\u00e8me donn\u00e9. Cette\u2026","rel":"","context":"Dans &quot;Mini blogueur&quot;","block_context":{"text":"Mini blogueur","link":"https:\/\/www.jojoenherbe.com\/index.php\/category\/mini-blogueur\/"},"img":{"alt_text":"","src":"https:\/\/i0.wp.com\/www.jojoenherbe.com\/wp-content\/uploads\/2023\/10\/TTL-logo.jpg?resize=350%2C200","width":350,"height":200},"classes":[]}],"_links":{"self":[{"href":"https:\/\/www.jojoenherbe.com\/index.php\/wp-json\/wp\/v2\/posts\/38993","targetHints":{"allow":["GET"]}}],"collection":[{"href":"https:\/\/www.jojoenherbe.com\/index.php\/wp-json\/wp\/v2\/posts"}],"about":[{"href":"https:\/\/www.jojoenherbe.com\/index.php\/wp-json\/wp\/v2\/types\/post"}],"author":[{"embeddable":true,"href":"https:\/\/www.jojoenherbe.com\/index.php\/wp-json\/wp\/v2\/users\/1"}],"replies":[{"embeddable":true,"href":"https:\/\/www.jojoenherbe.com\/index.php\/wp-json\/wp\/v2\/comments?post=38993"}],"version-history":[{"count":6,"href":"https:\/\/www.jojoenherbe.com\/index.php\/wp-json\/wp\/v2\/posts\/38993\/revisions"}],"predecessor-version":[{"id":39567,"href":"https:\/\/www.jojoenherbe.com\/index.php\/wp-json\/wp\/v2\/posts\/38993\/revisions\/39567"}],"wp:featuredmedia":[{"embeddable":true,"href":"https:\/\/www.jojoenherbe.com\/index.php\/wp-json\/wp\/v2\/media\/39566"}],"wp:attachment":[{"href":"https:\/\/www.jojoenherbe.com\/index.php\/wp-json\/wp\/v2\/media?parent=38993"}],"wp:term":[{"taxonomy":"category","embeddable":true,"href":"https:\/\/www.jojoenherbe.com\/index.php\/wp-json\/wp\/v2\/categories?post=38993"},{"taxonomy":"post_tag","embeddable":true,"href":"https:\/\/www.jojoenherbe.com\/index.php\/wp-json\/wp\/v2\/tags?post=38993"}],"curies":[{"name":"wp","href":"https:\/\/api.w.org\/{rel}","templated":true}]}}