{"id":38575,"date":"2025-03-10T18:36:36","date_gmt":"2025-03-10T17:36:36","guid":{"rendered":"https:\/\/www.jojoenherbe.com\/?p=38575"},"modified":"2025-03-11T18:34:21","modified_gmt":"2025-03-11T17:34:21","slug":"point-lecture-hebdomadaire-2025-10","status":"publish","type":"post","link":"https:\/\/www.jojoenherbe.com\/index.php\/2025\/03\/10\/point-lecture-hebdomadaire-2025-10\/","title":{"rendered":"Point lecture hebdomadaire 2025 #10"},"content":{"rendered":"<p style=\"text-align: justify;\"><em>En ce d\u00e9but de semaine, voici mon point lecture hebdomadaire avec un retour sur nos lectures (mais pas nos relectures) de la semaine derni\u00e8re.<\/em><\/p>\n<p><strong><span style=\"text-decoration: underline;\">Nos lectures du\u00a0 3 au 9 mars 2025<\/span>:<\/strong><\/p>\n<p><em><span style=\"text-decoration: underline;\">Des lectures jeunesse<\/span>:<\/em><\/p>\n<ul>\n<li><em>(Roman jeunesse) <span style=\"text-decoration: underline;\"><strong>Le tour du monde en 80 jours<\/strong><\/span> de Jules Verne<\/em><\/li>\n<\/ul>\n<p style=\"text-align: justify;\"><em><a href=\"https:\/\/i0.wp.com\/www.jojoenherbe.com\/wp-content\/uploads\/2025\/03\/Le-tour-du-monde-en-80-jours-scaled.jpg\"><img data-recalc-dims=\"1\" loading=\"lazy\" decoding=\"async\" data-attachment-id=\"38538\" data-permalink=\"https:\/\/www.jojoenherbe.com\/?attachment_id=38538\" data-orig-file=\"https:\/\/i0.wp.com\/www.jojoenherbe.com\/wp-content\/uploads\/2025\/03\/Le-tour-du-monde-en-80-jours-scaled.jpg?fit=2560%2C2483&amp;ssl=1\" data-orig-size=\"2560,2483\" data-comments-opened=\"1\" data-image-meta=\"{&quot;aperture&quot;:&quot;1.8&quot;,&quot;credit&quot;:&quot;&quot;,&quot;camera&quot;:&quot;iPhone 7&quot;,&quot;caption&quot;:&quot;&quot;,&quot;created_timestamp&quot;:&quot;1741193593&quot;,&quot;copyright&quot;:&quot;&quot;,&quot;focal_length&quot;:&quot;3.99&quot;,&quot;iso&quot;:&quot;80&quot;,&quot;shutter_speed&quot;:&quot;0.16666666666667&quot;,&quot;title&quot;:&quot;&quot;,&quot;orientation&quot;:&quot;1&quot;}\" data-image-title=\"Le tour du monde en 80 jours\" data-image-description=\"\" data-image-caption=\"\" data-large-file=\"https:\/\/i0.wp.com\/www.jojoenherbe.com\/wp-content\/uploads\/2025\/03\/Le-tour-du-monde-en-80-jours-scaled.jpg?fit=676%2C656&amp;ssl=1\" class=\"alignleft size-thumbnail wp-image-38538\" src=\"https:\/\/i0.wp.com\/www.jojoenherbe.com\/wp-content\/uploads\/2025\/03\/Le-tour-du-monde-en-80-jours.jpg?resize=150%2C150\" alt=\"\" width=\"150\" height=\"150\" srcset=\"https:\/\/i0.wp.com\/www.jojoenherbe.com\/wp-content\/uploads\/2025\/03\/Le-tour-du-monde-en-80-jours-scaled.jpg?resize=150%2C150&amp;ssl=1 150w, https:\/\/i0.wp.com\/www.jojoenherbe.com\/wp-content\/uploads\/2025\/03\/Le-tour-du-monde-en-80-jours-scaled.jpg?zoom=2&amp;resize=150%2C150 300w, https:\/\/i0.wp.com\/www.jojoenherbe.com\/wp-content\/uploads\/2025\/03\/Le-tour-du-monde-en-80-jours-scaled.jpg?zoom=3&amp;resize=150%2C150 450w\" sizes=\"auto, (max-width: 150px) 100vw, 150px\" \/><\/a>Nous continuons \u00e0 lire avec mon mini lutin <span style=\"text-decoration: underline;\">Le tour du monde en 80 jours<\/span> de Jules Verne (\u00e9d. Hatier, ao\u00fbt 2011, 352 pages), un roman jeunesse d&rsquo;aventures paru pour la premi\u00e8re fois en 1872, Phileas Fogg et Passepartout continuant leur p\u00e9riple, en compagnie d\u00e9sormais de Mrs. Aouda, Fix \u00e9tant toujours \u00e0 leur poursuite. Le pari sera-t-il relev\u00e9?<\/em><\/p>\n<p><em><span style=\"text-decoration: underline;\">Des lectures adulte<\/span>: <\/em><\/p>\n<ul>\n<li><em>(Roman contemporain) <span style=\"text-decoration: underline;\"><strong>C\u00e9l\u00e8bre<\/strong><\/span> de Maud Ventura<\/em><\/li>\n<\/ul>\n<p style=\"text-align: justify;\"><em><a href=\"https:\/\/i0.wp.com\/www.jojoenherbe.com\/wp-content\/uploads\/2025\/03\/Celebre.jpg\"><img data-recalc-dims=\"1\" loading=\"lazy\" decoding=\"async\" data-attachment-id=\"38528\" data-permalink=\"https:\/\/www.jojoenherbe.com\/index.php\/2025\/03\/05\/au-fil-des-pages-avec-celebre\/screenshot-152\/\" data-orig-file=\"https:\/\/i0.wp.com\/www.jojoenherbe.com\/wp-content\/uploads\/2025\/03\/Celebre.jpg?fit=750%2C1070&amp;ssl=1\" data-orig-size=\"750,1070\" data-comments-opened=\"1\" data-image-meta=\"{&quot;aperture&quot;:&quot;0&quot;,&quot;credit&quot;:&quot;&quot;,&quot;camera&quot;:&quot;&quot;,&quot;caption&quot;:&quot;Screenshot&quot;,&quot;created_timestamp&quot;:&quot;0&quot;,&quot;copyright&quot;:&quot;&quot;,&quot;focal_length&quot;:&quot;0&quot;,&quot;iso&quot;:&quot;0&quot;,&quot;shutter_speed&quot;:&quot;0&quot;,&quot;title&quot;:&quot;Screenshot&quot;,&quot;orientation&quot;:&quot;1&quot;}\" data-image-title=\"\" data-image-description=\"\" data-image-caption=\"\" data-large-file=\"https:\/\/i0.wp.com\/www.jojoenherbe.com\/wp-content\/uploads\/2025\/03\/Celebre.jpg?fit=676%2C964&amp;ssl=1\" class=\"size-thumbnail wp-image-38528 alignright\" src=\"https:\/\/i0.wp.com\/www.jojoenherbe.com\/wp-content\/uploads\/2025\/03\/Celebre.jpg?resize=150%2C150\" alt=\"\" width=\"150\" height=\"150\" srcset=\"https:\/\/i0.wp.com\/www.jojoenherbe.com\/wp-content\/uploads\/2025\/03\/Celebre.jpg?resize=150%2C150&amp;ssl=1 150w, https:\/\/i0.wp.com\/www.jojoenherbe.com\/wp-content\/uploads\/2025\/03\/Celebre.jpg?zoom=2&amp;resize=150%2C150 300w, https:\/\/i0.wp.com\/www.jojoenherbe.com\/wp-content\/uploads\/2025\/03\/Celebre.jpg?zoom=3&amp;resize=150%2C150 450w\" sizes=\"auto, (max-width: 150px) 100vw, 150px\" \/><\/a>J&rsquo;ai fini de lire <a href=\"https:\/\/www.jojoenherbe.com\/index.php\/2025\/03\/05\/au-fil-des-pages-avec-celebre\/\"><span style=\"text-decoration: underline;\">C\u00e9l\u00e8bre<\/span><\/a> de Maud Ventura (\u00e9d. L&rsquo;Iconoclaste, ao\u00fbt 2024, 540 pages), un roman contemporain avec l&rsquo;histoire de Cl\u00e9o Louvent d\u00e9sormais \u00e2g\u00e9e de 32 ans, star mondiale de la chanson et qui revient sur sa vie pass\u00e9e, son d\u00e9sir obsessionnel depuis l&rsquo;enfance de devenir c\u00e9l\u00e8bre et sa r\u00e9ussite \u00e0 l&rsquo;\u00eatre \u00e0 25 ans. Certes, la jeune femme est d\u00e9testable, m\u00e9prisante et arrogante, avec un ego surdimensionn\u00e9 mais elle cache \u00e9galement ses failles derri\u00e8re une rigueur et une volont\u00e9 \u00e0 toute \u00e9preuve, s&rsquo;automutilant d\u00e8s qu&rsquo;elle consid\u00e8re avoir failli.\u00a0 Un bon voire tr\u00e8s bon moment de lecture avec ce roman satirique voire plut\u00f4t tout en ironie, avec le portrait dress\u00e9 sans concessions par l&rsquo;autrice d&rsquo;une star mondiale de la chanson par l\u2019autrice, la superficialit\u00e9, les apparences et la popularit\u00e9 devenant prioritaires sur la v\u00e9rit\u00e9, l\u2019intimit\u00e9 et le bonheur! Cela m&rsquo;a donn\u00e9 envie de lire son premier roman, <span style=\"text-decoration: underline;\">Mon mari<\/span>.<br \/>\n<\/em><\/p>\n<ul>\n<li style=\"text-align: justify;\"><em>(Romance historique) <span style=\"text-decoration: underline;\"><strong>Le Choix des S\u0153urs Sayden, L\u2019Australien<\/strong><\/span> d\u2019Aur\u00e9lie Depraz <strong>(T3)<\/strong><\/em><\/li>\n<\/ul>\n<p style=\"text-align: justify;\"><em><a href=\"https:\/\/i0.wp.com\/www.jojoenherbe.com\/wp-content\/uploads\/2025\/03\/Le-choix-des-Soeurs-Sayden-T3.jpg\"><img data-recalc-dims=\"1\" loading=\"lazy\" decoding=\"async\" data-attachment-id=\"38594\" data-permalink=\"https:\/\/www.jojoenherbe.com\/index.php\/2025\/03\/10\/point-lecture-hebdomadaire-2025-10\/screenshot-155\/\" data-orig-file=\"https:\/\/i0.wp.com\/www.jojoenherbe.com\/wp-content\/uploads\/2025\/03\/Le-choix-des-Soeurs-Sayden-T3.jpg?fit=750%2C1237&amp;ssl=1\" data-orig-size=\"750,1237\" data-comments-opened=\"1\" data-image-meta=\"{&quot;aperture&quot;:&quot;0&quot;,&quot;credit&quot;:&quot;&quot;,&quot;camera&quot;:&quot;&quot;,&quot;caption&quot;:&quot;Screenshot&quot;,&quot;created_timestamp&quot;:&quot;0&quot;,&quot;copyright&quot;:&quot;&quot;,&quot;focal_length&quot;:&quot;0&quot;,&quot;iso&quot;:&quot;0&quot;,&quot;shutter_speed&quot;:&quot;0&quot;,&quot;title&quot;:&quot;Screenshot&quot;,&quot;orientation&quot;:&quot;1&quot;}\" data-image-title=\"\" data-image-description=\"\" data-image-caption=\"\" data-large-file=\"https:\/\/i0.wp.com\/www.jojoenherbe.com\/wp-content\/uploads\/2025\/03\/Le-choix-des-Soeurs-Sayden-T3.jpg?fit=621%2C1024&amp;ssl=1\" class=\"alignleft size-thumbnail wp-image-38594\" src=\"https:\/\/i0.wp.com\/www.jojoenherbe.com\/wp-content\/uploads\/2025\/03\/Le-choix-des-Soeurs-Sayden-T3.jpg?resize=150%2C150\" alt=\"\" width=\"150\" height=\"150\" srcset=\"https:\/\/i0.wp.com\/www.jojoenherbe.com\/wp-content\/uploads\/2025\/03\/Le-choix-des-Soeurs-Sayden-T3.jpg?resize=150%2C150&amp;ssl=1 150w, https:\/\/i0.wp.com\/www.jojoenherbe.com\/wp-content\/uploads\/2025\/03\/Le-choix-des-Soeurs-Sayden-T3.jpg?zoom=2&amp;resize=150%2C150 300w, https:\/\/i0.wp.com\/www.jojoenherbe.com\/wp-content\/uploads\/2025\/03\/Le-choix-des-Soeurs-Sayden-T3.jpg?zoom=3&amp;resize=150%2C150 450w\" sizes=\"auto, (max-width: 150px) 100vw, 150px\" \/><\/a>Paru cette semaine, j&rsquo;ai lu, en e-book, le dernier tome du <span style=\"text-decoration: underline;\">Choix des S\u0153urs Sayden, L&rsquo;Australien<\/span> d&rsquo;Aur\u00e9lie Depraz (\u00e9d. Auto\u00e9dition, mars 2025,\u00a0 373 pages), une romance historique se d\u00e9roulant, en 1860, en Australie-Accidentale. Apr\u00e8s le d\u00e9c\u00e8s de sa tante Millicent Clark et de son oncle Robert, Sheila Sayden, d\u00e9sormais \u00e2g\u00e9e de 20 ans, se rend, \u00e0 sa demande, aupr\u00e8s de son tuteur, James Whistle, son oncle maternel dont elle sait seulement qu&rsquo;il a \u00e9migr\u00e9, au m\u00eame \u00e2ge qu&rsquo;elle, en Australie 30 ans plus t\u00f4t. Bien loin du confort de sa longue travers\u00e9e en premi\u00e8res classes, voil\u00e0 la jeune femme au c\u0153ur d&rsquo;un p\u00e9riple p\u00e9rilleux dans l&rsquo;Outback, entre Perth et Whistle Creek Station, le ranch de son oncle, avec pour escorte, Mickey MacKinnen et deux anciens bagnards quinquag\u00e9naires, Pat et Joey. Un bon voire tr\u00e8s bon moment de lecture avec ce tome (mon pr\u00e9f\u00e9r\u00e9 des trois) que j&rsquo;ai trouv\u00e9 plus \u00e9quilibr\u00e9 entre son aspect historique et la romance \u00ab\u00a0enemies to lovers\u00a0\u00bb, le jeune homme se faisant une fausse id\u00e9e de Sheila qu&rsquo;il catalogue comme une lady raffin\u00e9e et peureuse alors que cette derni\u00e8re \u00e9tait jusque-l\u00e0 consid\u00e9r\u00e9e comme peu gracieuse, non respectueuse de l&rsquo;\u00e9tiquette, pr\u00e9f\u00e9rant de loin monter \u00e0 cheval et sachant manier les armes \u00e0 feu!<\/em><\/p>\n<ul>\n<li style=\"text-align: justify;\"><em>(Roman historique) <strong><span style=\"text-decoration: underline;\">La double vie de Dina Miller<\/span><\/strong> de Zo\u00e9 Brisby<\/em><\/li>\n<\/ul>\n<p style=\"text-align: justify;\"><a href=\"https:\/\/i0.wp.com\/www.jojoenherbe.com\/wp-content\/uploads\/2025\/03\/La-double-vie-de-Dina-Miller.jpg\"><img data-recalc-dims=\"1\" loading=\"lazy\" decoding=\"async\" data-attachment-id=\"38585\" data-permalink=\"https:\/\/www.jojoenherbe.com\/index.php\/2025\/03\/26\/au-fil-des-pages-avec-la-double-vie-de-dina-miller\/screenshot-154\/\" data-orig-file=\"https:\/\/i0.wp.com\/www.jojoenherbe.com\/wp-content\/uploads\/2025\/03\/La-double-vie-de-Dina-Miller.jpg?fit=750%2C1132&amp;ssl=1\" data-orig-size=\"750,1132\" data-comments-opened=\"1\" data-image-meta=\"{&quot;aperture&quot;:&quot;0&quot;,&quot;credit&quot;:&quot;&quot;,&quot;camera&quot;:&quot;&quot;,&quot;caption&quot;:&quot;Screenshot&quot;,&quot;created_timestamp&quot;:&quot;0&quot;,&quot;copyright&quot;:&quot;&quot;,&quot;focal_length&quot;:&quot;0&quot;,&quot;iso&quot;:&quot;0&quot;,&quot;shutter_speed&quot;:&quot;0&quot;,&quot;title&quot;:&quot;Screenshot&quot;,&quot;orientation&quot;:&quot;1&quot;}\" data-image-title=\"\" data-image-description=\"\" data-image-caption=\"\" data-large-file=\"https:\/\/i0.wp.com\/www.jojoenherbe.com\/wp-content\/uploads\/2025\/03\/La-double-vie-de-Dina-Miller.jpg?fit=676%2C1021&amp;ssl=1\" class=\"size-thumbnail wp-image-38585 alignright\" src=\"https:\/\/i0.wp.com\/www.jojoenherbe.com\/wp-content\/uploads\/2025\/03\/La-double-vie-de-Dina-Miller.jpg?resize=150%2C150\" alt=\"\" width=\"150\" height=\"150\" srcset=\"https:\/\/i0.wp.com\/www.jojoenherbe.com\/wp-content\/uploads\/2025\/03\/La-double-vie-de-Dina-Miller.jpg?resize=150%2C150&amp;ssl=1 150w, https:\/\/i0.wp.com\/www.jojoenherbe.com\/wp-content\/uploads\/2025\/03\/La-double-vie-de-Dina-Miller.jpg?zoom=2&amp;resize=150%2C150 300w, https:\/\/i0.wp.com\/www.jojoenherbe.com\/wp-content\/uploads\/2025\/03\/La-double-vie-de-Dina-Miller.jpg?zoom=3&amp;resize=150%2C150 450w\" sizes=\"auto, (max-width: 150px) 100vw, 150px\" \/><\/a><em>J&rsquo;ai lu <span style=\"text-decoration: underline;\">La double vie de Dina Miller<\/span> de Zo\u00e9 Brisby (\u00e9d. Albin Michel, mars 2024, 272 pages), un roman historique se d\u00e9roulant au d\u00e9but des ann\u00e9es 60, Dina Miller, agent du Mossad \u00e2g\u00e9e de 26 ans, devant exfiltrer des \u00c9tats-Unis, Oscar Stanford, un ancien m\u00e9decin nazi faisant partie du programme Mercury, au sein du Centre spatial bas\u00e9 \u00e0 Huntsville, en Alabama, apr\u00e8s avoir b\u00e9n\u00e9ficier de l&rsquo;op\u00e9ration PaperClip, au lendemain de la Seconde Guerre Mondiale. M\u00ealant des personnages fictifs \u00e0 l&rsquo;Histoire, l&rsquo;autrice rappelle le r\u00f4le jouer par d&rsquo;anciens nazis dans la conqu\u00eate spatiale, pendant la Guerre froide et questionne sur ce qu&rsquo;on peut accepter ou non au nom de l&rsquo;avanc\u00e9e de la science, au m\u00e9pris de l&rsquo;\u00e9thique et de la Justice. Encore un tr\u00e8s bon moment de lecture avec ce roman que j&rsquo;ai encore plus appr\u00e9ci\u00e9 que son pr\u00e9c\u00e9dent, <a href=\"https:\/\/www.jojoenherbe.com\/index.php\/2023\/09\/16\/au-fil-des-pages-avec-les-mauvaises-epouses\/\"><span style=\"text-decoration: underline;\">Les mauvaises \u00e9pouses<\/span><\/a>, qui m&rsquo;avait pourtant d\u00e9j\u00e0 bien plu! J&rsquo;en reparle tr\u00e8s vite.<\/em><\/p>\n<ul>\n<li style=\"text-align: justify;\"><em>(BD\/Roman graphique) <strong><span style=\"text-decoration: underline;\">Histoires de sororit\u00e9<\/span><\/strong> de Caroline Cohen Ring<\/em><\/li>\n<\/ul>\n<p style=\"text-align: justify;\"><em><a href=\"https:\/\/i0.wp.com\/www.jojoenherbe.com\/wp-content\/uploads\/2025\/03\/Histoires-de-sororite.jpg\"><img data-recalc-dims=\"1\" loading=\"lazy\" decoding=\"async\" data-attachment-id=\"38597\" data-permalink=\"https:\/\/www.jojoenherbe.com\/index.php\/2025\/03\/10\/point-lecture-hebdomadaire-2025-10\/screenshot-157\/\" data-orig-file=\"https:\/\/i0.wp.com\/www.jojoenherbe.com\/wp-content\/uploads\/2025\/03\/Histoires-de-sororite.jpg?fit=750%2C1028&amp;ssl=1\" data-orig-size=\"750,1028\" data-comments-opened=\"1\" data-image-meta=\"{&quot;aperture&quot;:&quot;0&quot;,&quot;credit&quot;:&quot;&quot;,&quot;camera&quot;:&quot;&quot;,&quot;caption&quot;:&quot;Screenshot&quot;,&quot;created_timestamp&quot;:&quot;0&quot;,&quot;copyright&quot;:&quot;&quot;,&quot;focal_length&quot;:&quot;0&quot;,&quot;iso&quot;:&quot;0&quot;,&quot;shutter_speed&quot;:&quot;0&quot;,&quot;title&quot;:&quot;Screenshot&quot;,&quot;orientation&quot;:&quot;1&quot;}\" data-image-title=\"\" data-image-description=\"\" data-image-caption=\"\" data-large-file=\"https:\/\/i0.wp.com\/www.jojoenherbe.com\/wp-content\/uploads\/2025\/03\/Histoires-de-sororite.jpg?fit=676%2C927&amp;ssl=1\" class=\"alignleft size-thumbnail wp-image-38597\" src=\"https:\/\/i0.wp.com\/www.jojoenherbe.com\/wp-content\/uploads\/2025\/03\/Histoires-de-sororite.jpg?resize=150%2C150\" alt=\"\" width=\"150\" height=\"150\" srcset=\"https:\/\/i0.wp.com\/www.jojoenherbe.com\/wp-content\/uploads\/2025\/03\/Histoires-de-sororite.jpg?resize=150%2C150&amp;ssl=1 150w, https:\/\/i0.wp.com\/www.jojoenherbe.com\/wp-content\/uploads\/2025\/03\/Histoires-de-sororite.jpg?zoom=2&amp;resize=150%2C150 300w, https:\/\/i0.wp.com\/www.jojoenherbe.com\/wp-content\/uploads\/2025\/03\/Histoires-de-sororite.jpg?zoom=3&amp;resize=150%2C150 450w\" sizes=\"auto, (max-width: 150px) 100vw, 150px\" \/><\/a>J&rsquo;ai lu, en version num\u00e9rique via ma m\u00e9diath\u00e8que, <span style=\"text-decoration: underline;\">Histoires de sororit\u00e9<\/span> de Caroline Cohen Ring (\u00e9d. Gl\u00e9nat, f\u00e9vrier 2025, 160 pages), un roman graphique dans lequel l&rsquo;autrice-illustratrice revient sur des femmes ayant marqu\u00e9 l&rsquo;Histoire et particip\u00e9, au fil des si\u00e8cles, aux droits des femmes. Sa r\u00e9flexion la conduit \u00e0 se demander si la vision de femmes rivales ou en conflit pr\u00e9sente de fa\u00e7on r\u00e9currente dans la culture populaire n\u2019est pas fond\u00e9e sur le patriarcat et se dire qu&rsquo;en r\u00e9alit\u00e9, l&rsquo;entraide entre les femmes est bien plus pr\u00e9sente et source d&rsquo;un f\u00e9minisme bas\u00e9e sur la sororit\u00e9. De la Pr\u00e9histoire (avec la Dame du Cavillon qui lors de sa d\u00e9couverte avait \u00e9t\u00e9 consid\u00e9r\u00e9e, par les arch\u00e9ologues, comme ne pouvant \u00eatre qu&rsquo;un homme) \u00e0 nos jours, elle met en avant de nombreux portraits de femmes. J&rsquo;ai trouv\u00e9 ce roman graphique plus proche d&rsquo;un essai fort int\u00e9ressant et accessible pour les adolescents. J&rsquo;en reparle tr\u00e8s vite pour la BD de la Semaine.<\/em><\/p>\n<ul>\n<li style=\"text-align: justify;\"><em>(Romance historique) <strong><span style=\"text-decoration: underline;\">Les Audacieuses, Danser jusqu&rsquo;\u00e0 l&rsquo;Aube<\/span><\/strong> d\u2019Emma V. Leech <strong>(T12)<\/strong><\/em><\/li>\n<\/ul>\n<p style=\"text-align: justify;\"><em><a href=\"https:\/\/i0.wp.com\/www.jojoenherbe.com\/wp-content\/uploads\/2025\/03\/Les-Audacieuses-T12.jpg\"><img data-recalc-dims=\"1\" loading=\"lazy\" decoding=\"async\" data-attachment-id=\"38595\" data-permalink=\"https:\/\/www.jojoenherbe.com\/index.php\/2025\/03\/10\/point-lecture-hebdomadaire-2025-10\/screenshot-156\/\" data-orig-file=\"https:\/\/i0.wp.com\/www.jojoenherbe.com\/wp-content\/uploads\/2025\/03\/Les-Audacieuses-T12.jpg?fit=750%2C1179&amp;ssl=1\" data-orig-size=\"750,1179\" data-comments-opened=\"1\" data-image-meta=\"{&quot;aperture&quot;:&quot;0&quot;,&quot;credit&quot;:&quot;&quot;,&quot;camera&quot;:&quot;&quot;,&quot;caption&quot;:&quot;Screenshot&quot;,&quot;created_timestamp&quot;:&quot;0&quot;,&quot;copyright&quot;:&quot;&quot;,&quot;focal_length&quot;:&quot;0&quot;,&quot;iso&quot;:&quot;0&quot;,&quot;shutter_speed&quot;:&quot;0&quot;,&quot;title&quot;:&quot;Screenshot&quot;,&quot;orientation&quot;:&quot;1&quot;}\" data-image-title=\"\" data-image-description=\"\" data-image-caption=\"\" data-large-file=\"https:\/\/i0.wp.com\/www.jojoenherbe.com\/wp-content\/uploads\/2025\/03\/Les-Audacieuses-T12.jpg?fit=651%2C1024&amp;ssl=1\" class=\"size-thumbnail wp-image-38595 alignright\" src=\"https:\/\/i0.wp.com\/www.jojoenherbe.com\/wp-content\/uploads\/2025\/03\/Les-Audacieuses-T12.jpg?resize=150%2C150\" alt=\"\" width=\"150\" height=\"150\" srcset=\"https:\/\/i0.wp.com\/www.jojoenherbe.com\/wp-content\/uploads\/2025\/03\/Les-Audacieuses-T12.jpg?resize=150%2C150&amp;ssl=1 150w, https:\/\/i0.wp.com\/www.jojoenherbe.com\/wp-content\/uploads\/2025\/03\/Les-Audacieuses-T12.jpg?zoom=2&amp;resize=150%2C150 300w, https:\/\/i0.wp.com\/www.jojoenherbe.com\/wp-content\/uploads\/2025\/03\/Les-Audacieuses-T12.jpg?zoom=3&amp;resize=150%2C150 450w\" sizes=\"auto, (max-width: 150px) 100vw, 150px\" \/><\/a>J&rsquo;ai \u00e9galement lu une autre parution de cette semaine, en e-book, le tome 12 des <span style=\"text-decoration: underline;\">Audacieuses, Danser jusqu&rsquo;\u00e0 l&rsquo;Aube<\/span> d\u2019Emma V. Leech (\u00e9d. Auto\u00e9dition, mars 2025,\u00a0 318 pages), une romance historique se d\u00e9roulant en Angleterre, 10 ans apr\u00e8s les pr\u00e9c\u00e9dents tomes avec Phoebe Barrington, la fille adoptive (et ni\u00e8ce) du marquis de Montagu d\u00e9sormais \u00e2g\u00e9e de 20 ans et qui commet une erreur de jugement qui l&rsquo;entra\u00eene \u00e0 Paris, en avril 1827, \u00e0 la poursuite d&rsquo;un marquis voleur et qui lui fait voir sous un autre jour, un des amis de son p\u00e8re \u00e2g\u00e9 de 28 ans, Maximilian \u00ab\u00a0Max\u00a0\u00bb Carmichael, comte d&rsquo;Ellisborough, qui, \u00e0 l&rsquo;insu de tous, a tir\u00e9 un des papiers de d\u00e9fi du vieux chapeau des Audacieuses et qui d\u00e9sesp\u00e8re de son amour \u00e0 sens unique dont Phoebe ne voit rien. J&rsquo;ai trouv\u00e9 que l&rsquo;alchimie entre les 2 fonctionnait tr\u00e8s bien, avec la fougueuse et ind\u00e9pendante jeune femme et le jeune homme plus pos\u00e9. Un bon voire tr\u00e8s bon moment de lecture avec ce dernier tome de la s\u00e9rie Les Audacieuses et qui permet la transition vers la nouvelle s\u00e9rie, <span style=\"text-decoration: underline;\">Les filles des Audacieuse<\/span>s!<\/em><\/p>\n","protected":false},"excerpt":{"rendered":"<p>En ce d\u00e9but de semaine, voici mon point lecture hebdomadaire avec un retour sur nos lectures (mais pas nos relectures) de la semaine derni\u00e8re. Nos lectures du\u00a0 3 au 9 mars 2025: Des lectures jeunesse: (Roman jeunesse) Le tour du monde en 80 jours de Jules Verne Nous continuons \u00e0 lire avec mon mini lutin [&hellip;]<\/p>\n","protected":false},"author":1,"featured_media":38598,"comment_status":"open","ping_status":"open","sticky":false,"template":"","format":"standard","meta":{"jetpack_post_was_ever_published":false,"_jetpack_newsletter_access":"","_jetpack_dont_email_post_to_subs":false,"_jetpack_newsletter_tier_id":0,"_jetpack_memberships_contains_paywalled_content":false,"_jetpack_memberships_contains_paid_content":false,"footnotes":""},"categories":[2140,873,363],"tags":[4131,4519,3581,4510,1085,367,4502,2767,3777,2088,1818,3209,905,789,3832],"class_list":["post-38575","post","type-post","status-publish","format-standard","has-post-thumbnail","hentry","category-mini-blogueur","category-mini-challenger","category-mini-lecteur","tag-aurelie-depraz","tag-caroline-cohen-ring","tag-emma-v-leech","tag-jules-verne","tag-lecture-adulte","tag-lecture-jeunesse","tag-maud-ventura","tag-point-lecture-hebdo","tag-roman-contemporain","tag-roman-graphique","tag-roman-historique","tag-romance-historique","tag-romans-adulte","tag-romans-jeunesse","tag-zoe-brisby","post-preview"],"jetpack_featured_media_url":"https:\/\/i0.wp.com\/www.jojoenherbe.com\/wp-content\/uploads\/2025\/03\/Point-lecture-hebdo-2025-10.jpg?fit=2000%2C1600&ssl=1","jetpack_sharing_enabled":true,"jetpack_shortlink":"https:\/\/wp.me\/p9zhGx-a2b","jetpack_likes_enabled":true,"jetpack-related-posts":[{"id":39120,"url":"https:\/\/www.jojoenherbe.com\/index.php\/2025\/04\/30\/point-lecture-hebdomadaire-2025-17\/","url_meta":{"origin":38575,"position":0},"title":"Point lecture hebdomadaire 2025 #17","author":"Jojo","date":"30 avril 2025","format":false,"excerpt":"En ce milieu de semaine, voici mon point lecture hebdomadaire avec un retour sur nos lectures (mais pas nos relectures) de la semaine derni\u00e8re. Nos lectures du\u00a0\u00a0 21 au 27 avril 2025: Des lectures jeunesse: Nous avons continu\u00e9 \u00e0 lire le tome 1 d'une trilogie fantasy : La l\u00e9gende de\u2026","rel":"","context":"Dans &quot;Mini blogueur&quot;","block_context":{"text":"Mini blogueur","link":"https:\/\/www.jojoenherbe.com\/index.php\/category\/mini-blogueur\/"},"img":{"alt_text":"","src":"https:\/\/i0.wp.com\/www.jojoenherbe.com\/wp-content\/uploads\/2025\/04\/Point-lecture-hebdo-2025-17.jpg?fit=1200%2C891&ssl=1&resize=350%2C200","width":350,"height":200,"srcset":"https:\/\/i0.wp.com\/www.jojoenherbe.com\/wp-content\/uploads\/2025\/04\/Point-lecture-hebdo-2025-17.jpg?fit=1200%2C891&ssl=1&resize=350%2C200 1x, https:\/\/i0.wp.com\/www.jojoenherbe.com\/wp-content\/uploads\/2025\/04\/Point-lecture-hebdo-2025-17.jpg?fit=1200%2C891&ssl=1&resize=525%2C300 1.5x, https:\/\/i0.wp.com\/www.jojoenherbe.com\/wp-content\/uploads\/2025\/04\/Point-lecture-hebdo-2025-17.jpg?fit=1200%2C891&ssl=1&resize=700%2C400 2x, https:\/\/i0.wp.com\/www.jojoenherbe.com\/wp-content\/uploads\/2025\/04\/Point-lecture-hebdo-2025-17.jpg?fit=1200%2C891&ssl=1&resize=1050%2C600 3x"},"classes":[]},{"id":38702,"url":"https:\/\/www.jojoenherbe.com\/index.php\/2025\/03\/28\/point-lecture-hebdomadaire-2025-12\/","url_meta":{"origin":38575,"position":1},"title":"Point lecture hebdomadaire 2025 #12","author":"Jojo","date":"28 mars 2025","format":false,"excerpt":"En cette fin de semaine, voici mon point lecture hebdomadaire avec un retour sur nos lectures (mais pas nos relectures) de la semaine derni\u00e8re et qui \u00e9tait \u00e0 la fois une semaine du Week-end \u00e0 1000 (jusqu'au 21 mars 2025) et une semaine \u00e0 1000 pages du Pingouin Vert. Nos\u2026","rel":"","context":"Dans &quot;Mini blogueur&quot;","block_context":{"text":"Mini blogueur","link":"https:\/\/www.jojoenherbe.com\/index.php\/category\/mini-blogueur\/"},"img":{"alt_text":"","src":"https:\/\/i0.wp.com\/www.jojoenherbe.com\/wp-content\/uploads\/2025\/03\/Point-lecture-hebdo-2025-12.jpg?fit=1200%2C960&ssl=1&resize=350%2C200","width":350,"height":200,"srcset":"https:\/\/i0.wp.com\/www.jojoenherbe.com\/wp-content\/uploads\/2025\/03\/Point-lecture-hebdo-2025-12.jpg?fit=1200%2C960&ssl=1&resize=350%2C200 1x, https:\/\/i0.wp.com\/www.jojoenherbe.com\/wp-content\/uploads\/2025\/03\/Point-lecture-hebdo-2025-12.jpg?fit=1200%2C960&ssl=1&resize=525%2C300 1.5x, https:\/\/i0.wp.com\/www.jojoenherbe.com\/wp-content\/uploads\/2025\/03\/Point-lecture-hebdo-2025-12.jpg?fit=1200%2C960&ssl=1&resize=700%2C400 2x, https:\/\/i0.wp.com\/www.jojoenherbe.com\/wp-content\/uploads\/2025\/03\/Point-lecture-hebdo-2025-12.jpg?fit=1200%2C960&ssl=1&resize=1050%2C600 3x"},"classes":[]},{"id":39012,"url":"https:\/\/www.jojoenherbe.com\/index.php\/2025\/04\/23\/point-lecture-hebdomadaire-2025-16\/","url_meta":{"origin":38575,"position":2},"title":"Point lecture hebdomadaire 2025 #16","author":"Jojo","date":"23 avril 2025","format":false,"excerpt":"En ce milieu de semaine, voici mon point lecture hebdomadaire avec un retour sur nos lectures (mais pas nos relectures) de la semaine derni\u00e8re qui \u00e9tait \u00e0 la fois une semaine \u00e0 1000 pages du Pingouin Vert et un Week-end \u00e0 1000 du 18 au 20 avril 2025. Nos lectures\u2026","rel":"","context":"Dans &quot;Mini blogueur&quot;","block_context":{"text":"Mini blogueur","link":"https:\/\/www.jojoenherbe.com\/index.php\/category\/mini-blogueur\/"},"img":{"alt_text":"","src":"https:\/\/i0.wp.com\/www.jojoenherbe.com\/wp-content\/uploads\/2025\/04\/Point-lecture-hebdo-2025-16.jpg?fit=1200%2C893&ssl=1&resize=350%2C200","width":350,"height":200,"srcset":"https:\/\/i0.wp.com\/www.jojoenherbe.com\/wp-content\/uploads\/2025\/04\/Point-lecture-hebdo-2025-16.jpg?fit=1200%2C893&ssl=1&resize=350%2C200 1x, https:\/\/i0.wp.com\/www.jojoenherbe.com\/wp-content\/uploads\/2025\/04\/Point-lecture-hebdo-2025-16.jpg?fit=1200%2C893&ssl=1&resize=525%2C300 1.5x, https:\/\/i0.wp.com\/www.jojoenherbe.com\/wp-content\/uploads\/2025\/04\/Point-lecture-hebdo-2025-16.jpg?fit=1200%2C893&ssl=1&resize=700%2C400 2x, https:\/\/i0.wp.com\/www.jojoenherbe.com\/wp-content\/uploads\/2025\/04\/Point-lecture-hebdo-2025-16.jpg?fit=1200%2C893&ssl=1&resize=1050%2C600 3x"},"classes":[]},{"id":38483,"url":"https:\/\/www.jojoenherbe.com\/index.php\/2025\/03\/01\/bilan-de-lecture-fevrier-2025\/","url_meta":{"origin":38575,"position":3},"title":"Bilan de lecture: f\u00e9vrier 2025","author":"Jojo","date":"1 mars 2025","format":false,"excerpt":"En ce 1er mars 2025, voici un petit retour livresque sur f\u00e9vrier 2025 qui a \u00e9t\u00e9 rythm\u00e9, malgr\u00e9 le temps pluvieux, par les carnavals (cr\u00eapes et bugnes aussi bien s\u00fbr!) et les vacances scolaires pour mon mini lutin. C\u2019\u00e9tait aussi l\u2019African-American History Month Challenge 2025 d\u2019Enna que je prolongerai le\u2026","rel":"","context":"Dans &quot;Mini blogueur&quot;","block_context":{"text":"Mini blogueur","link":"https:\/\/www.jojoenherbe.com\/index.php\/category\/mini-blogueur\/"},"img":{"alt_text":"","src":"https:\/\/i0.wp.com\/www.jojoenherbe.com\/wp-content\/uploads\/2025\/03\/Carnaval-Nice-2025-scaled.jpg?resize=350%2C200","width":350,"height":200},"classes":[]},{"id":38757,"url":"https:\/\/www.jojoenherbe.com\/index.php\/2025\/04\/01\/point-lecture-hebdomadaire-2025-13\/","url_meta":{"origin":38575,"position":4},"title":"Point lecture hebdomadaire 2025 #13","author":"Jojo","date":"1 avril 2025","format":false,"excerpt":"En cette d\u00e9but de semaine, voici mon point lecture hebdomadaire avec un retour sur nos lectures (mais pas nos relectures) de la semaine derni\u00e8re. Nos lectures du\u00a0 24 au 30 mars 2025: Des lectures jeunesse: Nous continuons \u00e0 lire avec mon mini lutin Le tour du monde en 80 jours\u2026","rel":"","context":"Dans &quot;Mini blogueur&quot;","block_context":{"text":"Mini blogueur","link":"https:\/\/www.jojoenherbe.com\/index.php\/category\/mini-blogueur\/"},"img":{"alt_text":"","src":"https:\/\/i0.wp.com\/www.jojoenherbe.com\/wp-content\/uploads\/2025\/03\/Point-lecture-hebdo-2025-13.jpg?fit=1200%2C960&ssl=1&resize=350%2C200","width":350,"height":200,"srcset":"https:\/\/i0.wp.com\/www.jojoenherbe.com\/wp-content\/uploads\/2025\/03\/Point-lecture-hebdo-2025-13.jpg?fit=1200%2C960&ssl=1&resize=350%2C200 1x, https:\/\/i0.wp.com\/www.jojoenherbe.com\/wp-content\/uploads\/2025\/03\/Point-lecture-hebdo-2025-13.jpg?fit=1200%2C960&ssl=1&resize=525%2C300 1.5x, https:\/\/i0.wp.com\/www.jojoenherbe.com\/wp-content\/uploads\/2025\/03\/Point-lecture-hebdo-2025-13.jpg?fit=1200%2C960&ssl=1&resize=700%2C400 2x, https:\/\/i0.wp.com\/www.jojoenherbe.com\/wp-content\/uploads\/2025\/03\/Point-lecture-hebdo-2025-13.jpg?fit=1200%2C960&ssl=1&resize=1050%2C600 3x"},"classes":[]},{"id":37057,"url":"https:\/\/www.jojoenherbe.com\/index.php\/2024\/09\/30\/point-lecture-hebdomadaire-2024-39\/","url_meta":{"origin":38575,"position":5},"title":"Point lecture hebdomadaire 2024 #39","author":"Jojo","date":"30 septembre 2024","format":false,"excerpt":"En ce d\u00e9but de semaine, voici mon point lecture hebdomadaire avec un retour sur nos lectures (mais pas nos relectures) de la semaine derni\u00e8re. Nos lectures du 23 au 29 septembre 2024: Des lectures jeunesse: Nous avons continu\u00e9 chaque soir et presque fini de lire Le jardin secret de Frances\u2026","rel":"","context":"Dans &quot;Mini blogueur&quot;","block_context":{"text":"Mini blogueur","link":"https:\/\/www.jojoenherbe.com\/index.php\/category\/mini-blogueur\/"},"img":{"alt_text":"","src":"https:\/\/i0.wp.com\/www.jojoenherbe.com\/wp-content\/uploads\/2020\/04\/Le-jardin-secret-150x150.jpg?resize=350%2C200","width":350,"height":200},"classes":[]}],"_links":{"self":[{"href":"https:\/\/www.jojoenherbe.com\/index.php\/wp-json\/wp\/v2\/posts\/38575","targetHints":{"allow":["GET"]}}],"collection":[{"href":"https:\/\/www.jojoenherbe.com\/index.php\/wp-json\/wp\/v2\/posts"}],"about":[{"href":"https:\/\/www.jojoenherbe.com\/index.php\/wp-json\/wp\/v2\/types\/post"}],"author":[{"embeddable":true,"href":"https:\/\/www.jojoenherbe.com\/index.php\/wp-json\/wp\/v2\/users\/1"}],"replies":[{"embeddable":true,"href":"https:\/\/www.jojoenherbe.com\/index.php\/wp-json\/wp\/v2\/comments?post=38575"}],"version-history":[{"count":12,"href":"https:\/\/www.jojoenherbe.com\/index.php\/wp-json\/wp\/v2\/posts\/38575\/revisions"}],"predecessor-version":[{"id":38610,"href":"https:\/\/www.jojoenherbe.com\/index.php\/wp-json\/wp\/v2\/posts\/38575\/revisions\/38610"}],"wp:featuredmedia":[{"embeddable":true,"href":"https:\/\/www.jojoenherbe.com\/index.php\/wp-json\/wp\/v2\/media\/38598"}],"wp:attachment":[{"href":"https:\/\/www.jojoenherbe.com\/index.php\/wp-json\/wp\/v2\/media?parent=38575"}],"wp:term":[{"taxonomy":"category","embeddable":true,"href":"https:\/\/www.jojoenherbe.com\/index.php\/wp-json\/wp\/v2\/categories?post=38575"},{"taxonomy":"post_tag","embeddable":true,"href":"https:\/\/www.jojoenherbe.com\/index.php\/wp-json\/wp\/v2\/tags?post=38575"}],"curies":[{"name":"wp","href":"https:\/\/api.w.org\/{rel}","templated":true}]}}