{"id":38501,"date":"2025-03-05T16:10:44","date_gmt":"2025-03-05T15:10:44","guid":{"rendered":"https:\/\/www.jojoenherbe.com\/?p=38501"},"modified":"2025-04-23T15:02:25","modified_gmt":"2025-04-23T13:02:25","slug":"au-fil-des-pages-avec-celebre","status":"publish","type":"post","link":"https:\/\/www.jojoenherbe.com\/index.php\/2025\/03\/05\/au-fil-des-pages-avec-celebre\/","title":{"rendered":"Au fil des pages avec C\u00e9l\u00e8bre"},"content":{"rendered":"<p style=\"text-align: justify;\"><em>J&rsquo;ai lu <span style=\"text-decoration: underline;\">C\u00e9l\u00e8bre<\/span> de Maud Ventura (\u00e9d. L&rsquo;Iconoclaste, ao\u00fbt 2024, 540 pages), un roman contemporain dans lequel la narratrice, Cl\u00e9o Louvent d\u00e9sormais \u00e2g\u00e9e de 32 ans, star mondiale de la chanson passe trois semaines sur une \u00eele d\u00e9serte au milieu de l&rsquo;oc\u00e9an Pacifique, dans des conditions rustiques et en totale d\u00e9connexion avec le monde ext\u00e9rieur. C&rsquo;est l&rsquo;occasion de se rem\u00e9morer sa vie et de cr\u00e9er de nouvelles chansons pour son prochain album. Depuis l&rsquo;enfance, la jeune femme, fille franco-am\u00e9ricaine d&rsquo;universitaires n&rsquo;a qu&rsquo;une id\u00e9e en t\u00eate: devenir c\u00e9l\u00e8bre et y parviendra \u00e0 ses 25 ans, apr\u00e8s avoir quitt\u00e9 Paris pour s&rsquo;installer aux \u00c9tats-Unis.<\/em>\u00a0<\/p>\n<p style=\"text-align: justify;\"><em>Certes, la jeune femme est d\u00e9testable, m\u00e9prisante et arrogante, avec un ego surdimensionn\u00e9 mais elle est \u00e9galement tout en contradictions, cachant ses failles derri\u00e8re une rigueur et une volont\u00e9 \u00e0 toute \u00e9preuve, affichant \u00e0 ses fans une image souriante et humaine qui se veut naturelle, alors que tout est calcul\u00e9, chaque geste ou mot prononc\u00e9 \u00e9tant un moyen d&rsquo;assouvir son d\u00e9sir de c\u00e9l\u00e9brit\u00e9 qui tourne \u00e0 l&rsquo;obsession, s\u2019immis\u00e7ant en elle comme un poison ou une drogue qui la d\u00e9shumanise et l&rsquo;isole de son entourage. En effet, derri\u00e8re le visage officielle de la chanteuse, elle se r\u00e9v\u00e8le bien calculatrice et sans \u00e2me \u00e0 l&rsquo;\u00e9gard de celles et ceux qu&rsquo;elle n&rsquo;estiment pas \u00e0 sa hauteur ou qui ne peuvent la servir \u00e0 son ascension ou encore \u00e0 l&rsquo;\u00e9gard de ses assistantes qu&rsquo;elle rabaisse sans cesse.<\/em><\/p>\n<p style=\"text-align: justify;\"><em>Alors qu&rsquo;elle se convainc de sa sup\u00e9riorit\u00e9 tout en s&rsquo;automutilant \u00e0 chaque fois qu&rsquo;elle consid\u00e8re avoir \u00e9chou\u00e9 ou ne pas avoir fait assez dans ses concerts ou interviews, elle devient elle-m\u00eame un pur produit du star system, ne sachant plus qui elle est v\u00e9ritablement, derri\u00e8re tous les mensonges invent\u00e9s au fil des ann\u00e9es. Plus sa notori\u00e9t\u00e9 grandit, plus elle est victime de son succ\u00e8s, se renfermant de plus en plus sur elle tout en s&rsquo;\u00e9nervant et s&#8217;emportant de plus en plus facilement, r\u00e9duite \u00e0 n&rsquo;\u00eatre qu&rsquo;un simple objet entre les mains de ses employ\u00e9s ou de ses fans, au point de croire que tout acte de sa part pourra rester impuni. L&rsquo;\u00e9cart entre la r\u00e9alit\u00e9 et son ressenti ne fait alors que se creuser. Peut-on v\u00e9ritablement tout ma\u00eetriser? Un peu de l\u00e2cher-prise ne pourrait-il pas lui \u00eatre salvateur? <br \/><\/em><\/p>\n<p style=\"text-align: justify;\"><em>Un bon voire tr\u00e8s bon moment de lecture avec ce roman satirique voire plut\u00f4t tout en ironie, la r\u00e9alit\u00e9 \u00e9tant chez certaines \u00ab\u00a0c\u00e9l\u00e9brit\u00e9s\u00a0\u00bb proche de ce portrait dress\u00e9 sans concessions par l&rsquo;autrice ou en tout cas de ce qu&rsquo;on peut s&rsquo;en faire, la superficialit\u00e9 et la popularit\u00e9 devenant prioritaires sur la v\u00e9rit\u00e9, l&rsquo;intimit\u00e9 et le bonheur! Un passage du roman m&rsquo;a rappel\u00e9 une interview de Lili-Rose Depp en d\u00e9cembre dernier lorsqu&rsquo;elle fait d\u00e9couvrir \u00e0 Jimmy Fallon, lors de la promotion du film Nosferatu, l&rsquo;expression fran\u00e7aise \u00ab\u00a0Il y a anguille sous roche\u00a0\u00bb. Cela m&rsquo;a fait \u00e9galement \u00e0 bien d&rsquo;autres personnes connues, que ce soit dans la musique ou le cin\u00e9ma, ce qui n&rsquo;est pas fortuit, comme l&rsquo;explique l&rsquo;autrice \u00e0 la fin du livre.\u00a0<\/em><\/p>\n<p><em>Pour d&rsquo;autres avis: <a href=\"https:\/\/lirerelire.blogspot.com\/2025\/02\/celebre-de-maud-ventura.html\">Estelle<\/a>, <a href=\"https:\/\/toursetculture.com\/2024\/09\/16\/celebre-maud-ventura\/\">Eimelle<\/a>, <a href=\"https:\/\/tetedelecture.com\/2024\/12\/09\/celebre-de-maud-ventura\/\">Sandrine<\/a> et <a href=\"https:\/\/lightandsmell.wordpress.com\/2025\/04\/23\/celebre-maud-ventura\/\">Audrey<\/a>.<\/em><\/p>\n\n\n<p><\/p>\n","protected":false},"excerpt":{"rendered":"<p>J&rsquo;ai lu C\u00e9l\u00e8bre de Maud Ventura (\u00e9d. L&rsquo;Iconoclaste, ao\u00fbt 2024, 540 pages), un roman contemporain dans lequel la narratrice, Cl\u00e9o Louvent d\u00e9sormais \u00e2g\u00e9e de 32 ans, star mondiale de la chanson passe trois semaines sur une \u00eele d\u00e9serte au milieu de l&rsquo;oc\u00e9an Pacifique, dans des conditions rustiques et en totale d\u00e9connexion avec le monde ext\u00e9rieur. [&hellip;]<\/p>\n","protected":false},"author":1,"featured_media":38528,"comment_status":"open","ping_status":"open","sticky":false,"template":"","format":"standard","meta":{"jetpack_post_was_ever_published":false,"_jetpack_newsletter_access":"","_jetpack_dont_email_post_to_subs":false,"_jetpack_newsletter_tier_id":0,"_jetpack_memberships_contains_paywalled_content":false,"_jetpack_memberships_contains_paid_content":false,"footnotes":""},"categories":[363],"tags":[1347,4506,3317,3349,4503,4509,4502,2338,1331,632,1868,4507,4508,3777,905,619,4504,3316,4505,2519],"class_list":["post-38501","post","type-post","status-publish","format-standard","has-post-thumbnail","hentry","category-mini-lecteur","tag-18-ans-et-plus","tag-automutilation","tag-celebrite","tag-chanteur","tag-cynisme","tag-impunite","tag-maud-ventura","tag-mepris","tag-meurtre","tag-musique","tag-nature-humaine","tag-notoriete","tag-popularite","tag-roman-contemporain","tag-romans-adulte","tag-solitude","tag-star-system","tag-succes","tag-vedette","tag-vengeance","post-preview"],"jetpack_featured_media_url":"https:\/\/i0.wp.com\/www.jojoenherbe.com\/wp-content\/uploads\/2025\/03\/Celebre.jpg?fit=750%2C1070&ssl=1","jetpack_sharing_enabled":true,"jetpack_shortlink":"https:\/\/wp.me\/p9zhGx-a0Z","jetpack_likes_enabled":true,"jetpack-related-posts":[{"id":38575,"url":"https:\/\/www.jojoenherbe.com\/index.php\/2025\/03\/10\/point-lecture-hebdomadaire-2025-10\/","url_meta":{"origin":38501,"position":0},"title":"Point lecture hebdomadaire 2025 #10","author":"Jojo","date":"10 mars 2025","format":false,"excerpt":"En ce d\u00e9but de semaine, voici mon point lecture hebdomadaire avec un retour sur nos lectures (mais pas nos relectures) de la semaine derni\u00e8re. Nos lectures du\u00a0 3 au 9 mars 2025: Des lectures jeunesse: (Roman jeunesse) Le tour du monde en 80 jours de Jules Verne Nous continuons \u00e0\u2026","rel":"","context":"Dans &quot;Mini blogueur&quot;","block_context":{"text":"Mini blogueur","link":"https:\/\/www.jojoenherbe.com\/index.php\/category\/mini-blogueur\/"},"img":{"alt_text":"","src":"https:\/\/i0.wp.com\/www.jojoenherbe.com\/wp-content\/uploads\/2025\/03\/Point-lecture-hebdo-2025-10.jpg?fit=1200%2C960&ssl=1&resize=350%2C200","width":350,"height":200,"srcset":"https:\/\/i0.wp.com\/www.jojoenherbe.com\/wp-content\/uploads\/2025\/03\/Point-lecture-hebdo-2025-10.jpg?fit=1200%2C960&ssl=1&resize=350%2C200 1x, https:\/\/i0.wp.com\/www.jojoenherbe.com\/wp-content\/uploads\/2025\/03\/Point-lecture-hebdo-2025-10.jpg?fit=1200%2C960&ssl=1&resize=525%2C300 1.5x, https:\/\/i0.wp.com\/www.jojoenherbe.com\/wp-content\/uploads\/2025\/03\/Point-lecture-hebdo-2025-10.jpg?fit=1200%2C960&ssl=1&resize=700%2C400 2x, https:\/\/i0.wp.com\/www.jojoenherbe.com\/wp-content\/uploads\/2025\/03\/Point-lecture-hebdo-2025-10.jpg?fit=1200%2C960&ssl=1&resize=1050%2C600 3x"},"classes":[]},{"id":39902,"url":"https:\/\/www.jojoenherbe.com\/index.php\/2025\/06\/29\/au-fil-des-pages-avec-mon-mari\/","url_meta":{"origin":38501,"position":1},"title":"Au fil des pages avec Mon mari","author":"Jojo","date":"29 juin 2025","format":false,"excerpt":"J'ai lu Mon Mari de Maud Ventura (\u00e9d. L\u2019Iconoclaste, ao\u00fbt 2021, 355 pages), le premier roman de l'autrice apr\u00e8s avoir lu, en mars dernier, son second, C\u00e9l\u00e8bre. La narratrice, \u00e2g\u00e9e de 40 ans nous parle de son mari depuis 15 ans et de la fa\u00e7on dont elle vit leur relation\u2026","rel":"","context":"Dans &quot;Mini lecteur&quot;","block_context":{"text":"Mini lecteur","link":"https:\/\/www.jojoenherbe.com\/index.php\/category\/mini-lecteur\/"},"img":{"alt_text":"","src":"https:\/\/i0.wp.com\/www.jojoenherbe.com\/wp-content\/uploads\/2025\/06\/Mon-mari-scaled.jpg?fit=1200%2C960&ssl=1&resize=350%2C200","width":350,"height":200,"srcset":"https:\/\/i0.wp.com\/www.jojoenherbe.com\/wp-content\/uploads\/2025\/06\/Mon-mari-scaled.jpg?fit=1200%2C960&ssl=1&resize=350%2C200 1x, https:\/\/i0.wp.com\/www.jojoenherbe.com\/wp-content\/uploads\/2025\/06\/Mon-mari-scaled.jpg?fit=1200%2C960&ssl=1&resize=525%2C300 1.5x, https:\/\/i0.wp.com\/www.jojoenherbe.com\/wp-content\/uploads\/2025\/06\/Mon-mari-scaled.jpg?fit=1200%2C960&ssl=1&resize=700%2C400 2x, https:\/\/i0.wp.com\/www.jojoenherbe.com\/wp-content\/uploads\/2025\/06\/Mon-mari-scaled.jpg?fit=1200%2C960&ssl=1&resize=1050%2C600 3x"},"classes":[]},{"id":39861,"url":"https:\/\/www.jojoenherbe.com\/index.php\/2025\/06\/30\/point-lecture-hebdomadaire-2025-26\/","url_meta":{"origin":38501,"position":2},"title":"Point lecture hebdomadaire 2025 #26","author":"Jojo","date":"30 juin 2025","format":false,"excerpt":"En ce d\u00e9but de semaine, voici mon point lecture hebdomadaire avec un retour sur nos lectures (mais pas nos relectures) de la semaine derni\u00e8re qui a \u00e9t\u00e9 marqu\u00e9e par la canicule propice \u00e0 rester au frais et \u00e0 lire et la fin du Mois Anglais 2025. Nos lectures du 23\u2026","rel":"","context":"Dans &quot;Mini blogueur&quot;","block_context":{"text":"Mini blogueur","link":"https:\/\/www.jojoenherbe.com\/index.php\/category\/mini-blogueur\/"},"img":{"alt_text":"","src":"https:\/\/i0.wp.com\/www.jojoenherbe.com\/wp-content\/uploads\/2025\/07\/Point-lecture-hebdo-2025-26.jpg?fit=1200%2C866&ssl=1&resize=350%2C200","width":350,"height":200,"srcset":"https:\/\/i0.wp.com\/www.jojoenherbe.com\/wp-content\/uploads\/2025\/07\/Point-lecture-hebdo-2025-26.jpg?fit=1200%2C866&ssl=1&resize=350%2C200 1x, https:\/\/i0.wp.com\/www.jojoenherbe.com\/wp-content\/uploads\/2025\/07\/Point-lecture-hebdo-2025-26.jpg?fit=1200%2C866&ssl=1&resize=525%2C300 1.5x, https:\/\/i0.wp.com\/www.jojoenherbe.com\/wp-content\/uploads\/2025\/07\/Point-lecture-hebdo-2025-26.jpg?fit=1200%2C866&ssl=1&resize=700%2C400 2x, https:\/\/i0.wp.com\/www.jojoenherbe.com\/wp-content\/uploads\/2025\/07\/Point-lecture-hebdo-2025-26.jpg?fit=1200%2C866&ssl=1&resize=1050%2C600 3x"},"classes":[]},{"id":38940,"url":"https:\/\/www.jojoenherbe.com\/index.php\/2025\/04\/11\/au-fil-des-pages-avec-nos-armes\/","url_meta":{"origin":38501,"position":3},"title":"Au fil des pages avec Nos armes","author":"Jojo","date":"11 avril 2025","format":false,"excerpt":"J'ai lu Nos armes de Marion Brunet (\u00e9d. Albin Michel, f\u00e9vrier 2024, 384 pages), un roman social noir contemporain. En 1996, Axelle et Mano, \u00e2g\u00e9e respectivement de 19 et 23 ans, se rencontrent, port\u00e9es par les m\u00eame aspirations et revendications sociales de gauche jusqu'\u00e0 ce qu'un braquage dans une banque\u2026","rel":"","context":"Dans &quot;Mini lecteur&quot;","block_context":{"text":"Mini lecteur","link":"https:\/\/www.jojoenherbe.com\/index.php\/category\/mini-lecteur\/"},"img":{"alt_text":"","src":"https:\/\/i0.wp.com\/www.jojoenherbe.com\/wp-content\/uploads\/2025\/04\/Nos-armes.jpg?fit=750%2C1128&ssl=1&resize=350%2C200","width":350,"height":200,"srcset":"https:\/\/i0.wp.com\/www.jojoenherbe.com\/wp-content\/uploads\/2025\/04\/Nos-armes.jpg?fit=750%2C1128&ssl=1&resize=350%2C200 1x, https:\/\/i0.wp.com\/www.jojoenherbe.com\/wp-content\/uploads\/2025\/04\/Nos-armes.jpg?fit=750%2C1128&ssl=1&resize=525%2C300 1.5x, https:\/\/i0.wp.com\/www.jojoenherbe.com\/wp-content\/uploads\/2025\/04\/Nos-armes.jpg?fit=750%2C1128&ssl=1&resize=700%2C400 2x"},"classes":[]},{"id":25920,"url":"https:\/\/www.jojoenherbe.com\/index.php\/2022\/06\/14\/nos-lectures-le-jardin-secret\/","url_meta":{"origin":38501,"position":4},"title":"Nos lectures \u00ab\u00a0Le jardin secret\u00a0\u00bb","author":"Jojo","date":"14 juin 2022","format":false,"excerpt":"Pour cette journ\u00e9e \"Garden\" du 14 juin 2022 du Mois Anglais, j'ai choisi de regrouper dans un billet nos lectures autour du Jardin secret de Frances H. Burnett, un classique de la litt\u00e9rature jeunesse anglaise paru pour la premi\u00e8re fois en 1911. (Roman jeunesse) Le jardin secret de Frances H.\u2026","rel":"","context":"Dans &quot;Mini lecteur&quot;","block_context":{"text":"Mini lecteur","link":"https:\/\/www.jojoenherbe.com\/index.php\/category\/mini-lecteur\/"},"img":{"alt_text":"","src":"https:\/\/i0.wp.com\/www.jojoenherbe.com\/wp-content\/uploads\/2022\/06\/Le-jardin-secret-scaled.jpg?fit=1200%2C960&ssl=1&resize=350%2C200","width":350,"height":200,"srcset":"https:\/\/i0.wp.com\/www.jojoenherbe.com\/wp-content\/uploads\/2022\/06\/Le-jardin-secret-scaled.jpg?fit=1200%2C960&ssl=1&resize=350%2C200 1x, https:\/\/i0.wp.com\/www.jojoenherbe.com\/wp-content\/uploads\/2022\/06\/Le-jardin-secret-scaled.jpg?fit=1200%2C960&ssl=1&resize=525%2C300 1.5x, https:\/\/i0.wp.com\/www.jojoenherbe.com\/wp-content\/uploads\/2022\/06\/Le-jardin-secret-scaled.jpg?fit=1200%2C960&ssl=1&resize=700%2C400 2x, https:\/\/i0.wp.com\/www.jojoenherbe.com\/wp-content\/uploads\/2022\/06\/Le-jardin-secret-scaled.jpg?fit=1200%2C960&ssl=1&resize=1050%2C600 3x"},"classes":[]},{"id":20214,"url":"https:\/\/www.jojoenherbe.com\/index.php\/2021\/08\/17\/point-lecture-hebdomadaire-2\/","url_meta":{"origin":38501,"position":5},"title":"Point lecture hebdomadaire #2","author":"Jojo","date":"17 ao\u00fbt 2021","format":false,"excerpt":"Comme mardi dernier, voici notre point lecture hebdomadaire avec un retour sur nos lectures de la semaine derni\u00e8re, celle en cours et sans doute nos prochaines. Nos lectures du 9 au 15 ao\u00fbt 2021: Des albums jeunesse: (Album jeunesse) Deux dr\u00f4les de b\u00eates dans la for\u00eat de Fiona Roberton Nous\u2026","rel":"","context":"Dans &quot;Mini blogueur&quot;","block_context":{"text":"Mini blogueur","link":"https:\/\/www.jojoenherbe.com\/index.php\/category\/mini-blogueur\/"},"img":{"alt_text":"","src":"https:\/\/i0.wp.com\/www.jojoenherbe.com\/wp-content\/uploads\/2021\/08\/Point-lecture-hebdo-2-scaled.jpg?fit=1200%2C941&ssl=1&resize=350%2C200","width":350,"height":200,"srcset":"https:\/\/i0.wp.com\/www.jojoenherbe.com\/wp-content\/uploads\/2021\/08\/Point-lecture-hebdo-2-scaled.jpg?fit=1200%2C941&ssl=1&resize=350%2C200 1x, https:\/\/i0.wp.com\/www.jojoenherbe.com\/wp-content\/uploads\/2021\/08\/Point-lecture-hebdo-2-scaled.jpg?fit=1200%2C941&ssl=1&resize=525%2C300 1.5x, https:\/\/i0.wp.com\/www.jojoenherbe.com\/wp-content\/uploads\/2021\/08\/Point-lecture-hebdo-2-scaled.jpg?fit=1200%2C941&ssl=1&resize=700%2C400 2x, https:\/\/i0.wp.com\/www.jojoenherbe.com\/wp-content\/uploads\/2021\/08\/Point-lecture-hebdo-2-scaled.jpg?fit=1200%2C941&ssl=1&resize=1050%2C600 3x"},"classes":[]}],"_links":{"self":[{"href":"https:\/\/www.jojoenherbe.com\/index.php\/wp-json\/wp\/v2\/posts\/38501","targetHints":{"allow":["GET"]}}],"collection":[{"href":"https:\/\/www.jojoenherbe.com\/index.php\/wp-json\/wp\/v2\/posts"}],"about":[{"href":"https:\/\/www.jojoenherbe.com\/index.php\/wp-json\/wp\/v2\/types\/post"}],"author":[{"embeddable":true,"href":"https:\/\/www.jojoenherbe.com\/index.php\/wp-json\/wp\/v2\/users\/1"}],"replies":[{"embeddable":true,"href":"https:\/\/www.jojoenherbe.com\/index.php\/wp-json\/wp\/v2\/comments?post=38501"}],"version-history":[{"count":16,"href":"https:\/\/www.jojoenherbe.com\/index.php\/wp-json\/wp\/v2\/posts\/38501\/revisions"}],"predecessor-version":[{"id":39102,"href":"https:\/\/www.jojoenherbe.com\/index.php\/wp-json\/wp\/v2\/posts\/38501\/revisions\/39102"}],"wp:featuredmedia":[{"embeddable":true,"href":"https:\/\/www.jojoenherbe.com\/index.php\/wp-json\/wp\/v2\/media\/38528"}],"wp:attachment":[{"href":"https:\/\/www.jojoenherbe.com\/index.php\/wp-json\/wp\/v2\/media?parent=38501"}],"wp:term":[{"taxonomy":"category","embeddable":true,"href":"https:\/\/www.jojoenherbe.com\/index.php\/wp-json\/wp\/v2\/categories?post=38501"},{"taxonomy":"post_tag","embeddable":true,"href":"https:\/\/www.jojoenherbe.com\/index.php\/wp-json\/wp\/v2\/tags?post=38501"}],"curies":[{"name":"wp","href":"https:\/\/api.w.org\/{rel}","templated":true}]}}