{"id":38337,"date":"2025-02-06T17:29:02","date_gmt":"2025-02-06T16:29:02","guid":{"rendered":"https:\/\/www.jojoenherbe.com\/?p=38337"},"modified":"2025-02-06T17:46:28","modified_gmt":"2025-02-06T16:46:28","slug":"throwback-thursday-livresque-couverture-beige","status":"publish","type":"post","link":"https:\/\/www.jojoenherbe.com\/index.php\/2025\/02\/06\/throwback-thursday-livresque-couverture-beige\/","title":{"rendered":"Throwback Thursday Livresque: Couverture beige"},"content":{"rendered":"<div id=\"attachment_32593\" style=\"width: 196px\" class=\"wp-caption alignleft\"><img data-recalc-dims=\"1\" loading=\"lazy\" decoding=\"async\" aria-describedby=\"caption-attachment-32593\" data-attachment-id=\"32593\" data-permalink=\"https:\/\/www.jojoenherbe.com\/index.php\/2023\/10\/12\/throwback-thursday-livresque-voyage-dans-le-temps\/ttl-logo\/\" data-orig-file=\"https:\/\/i0.wp.com\/www.jojoenherbe.com\/wp-content\/uploads\/2023\/10\/TTL-logo.jpg?fit=540%2C174&amp;ssl=1\" data-orig-size=\"540,174\" data-comments-opened=\"1\" data-image-meta=\"{&quot;aperture&quot;:&quot;0&quot;,&quot;credit&quot;:&quot;&quot;,&quot;camera&quot;:&quot;&quot;,&quot;caption&quot;:&quot;&quot;,&quot;created_timestamp&quot;:&quot;0&quot;,&quot;copyright&quot;:&quot;&quot;,&quot;focal_length&quot;:&quot;0&quot;,&quot;iso&quot;:&quot;0&quot;,&quot;shutter_speed&quot;:&quot;0&quot;,&quot;title&quot;:&quot;&quot;,&quot;orientation&quot;:&quot;0&quot;}\" data-image-title=\"TTL logo\" data-image-description=\"\" data-image-caption=\"\" data-large-file=\"https:\/\/i0.wp.com\/www.jojoenherbe.com\/wp-content\/uploads\/2023\/10\/TTL-logo.jpg?fit=540%2C174&amp;ssl=1\" class=\"wp-image-32593\" src=\"https:\/\/i0.wp.com\/www.jojoenherbe.com\/wp-content\/uploads\/2023\/10\/TTL-logo.jpg?resize=186%2C60\" alt=\"\" width=\"186\" height=\"60\" srcset=\"https:\/\/i0.wp.com\/www.jojoenherbe.com\/wp-content\/uploads\/2023\/10\/TTL-logo.jpg?w=540&amp;ssl=1 540w, https:\/\/i0.wp.com\/www.jojoenherbe.com\/wp-content\/uploads\/2023\/10\/TTL-logo.jpg?resize=300%2C97&amp;ssl=1 300w\" sizes=\"auto, (max-width: 186px) 100vw, 186px\" \/><p id=\"caption-attachment-32593\" class=\"wp-caption-text\">TTL n\u00b0301 chez <a href=\"https:\/\/my-bo0ks.over-blog.com\/2025\/02\/throwback-thursday-livresque-n-301.html\">Carole<\/a> #Couverture (principalement) beige<\/p><\/div>\n<p style=\"text-align: justify;\"><em>Ce jeudi 6 f\u00e9vrier 2025, je participe au Throwback Thursday Livresque, un rendez-vous livresque initialement chez Bettie Rose Books et repris depuis par Carole, les liens \u00e9tant \u00e0 d\u00e9poser chez <a href=\"https:\/\/my-bo0ks.over-blog.com\/\">My-Bo0ks<\/a>. Le principe est de partager chaque jeudi un livre en fonction d\u2019un th\u00e8me donn\u00e9. Cette semaine, le th\u00e8me est \u00ab Couverture (principalement) beige \u00bb<\/em>.<\/p>\n<p><em>Pour illustrer ce th\u00e8me, j&rsquo;ai choisi 4 livres:<\/em><\/p>\n<ul>\n<li style=\"text-align: justify;\"><em><a href=\"https:\/\/i0.wp.com\/www.jojoenherbe.com\/wp-content\/uploads\/2021\/03\/Deux-pour-moi-Un-pour-toi-scaled.jpg\"><img data-recalc-dims=\"1\" loading=\"lazy\" decoding=\"async\" data-attachment-id=\"16225\" data-permalink=\"https:\/\/www.jojoenherbe.com\/index.php\/2021\/03\/03\/au-fil-des-pages-avec-deux-pour-moi-un-pour-toi\/deux-pour-moi-un-pour-toi\/\" data-orig-file=\"https:\/\/i0.wp.com\/www.jojoenherbe.com\/wp-content\/uploads\/2021\/03\/Deux-pour-moi-Un-pour-toi-scaled.jpg?fit=2560%2C1920&amp;ssl=1\" data-orig-size=\"2560,1920\" data-comments-opened=\"1\" data-image-meta=\"{&quot;aperture&quot;:&quot;1.8&quot;,&quot;credit&quot;:&quot;&quot;,&quot;camera&quot;:&quot;iPhone 7&quot;,&quot;caption&quot;:&quot;&quot;,&quot;created_timestamp&quot;:&quot;1614787218&quot;,&quot;copyright&quot;:&quot;&quot;,&quot;focal_length&quot;:&quot;3.99&quot;,&quot;iso&quot;:&quot;100&quot;,&quot;shutter_speed&quot;:&quot;0.16666666666667&quot;,&quot;title&quot;:&quot;&quot;,&quot;orientation&quot;:&quot;1&quot;}\" data-image-title=\"Deux pour moi Un pour toi\" data-image-description=\"\" data-image-caption=\"\" data-large-file=\"https:\/\/i0.wp.com\/www.jojoenherbe.com\/wp-content\/uploads\/2021\/03\/Deux-pour-moi-Un-pour-toi-scaled.jpg?fit=676%2C507&amp;ssl=1\" class=\"size-thumbnail wp-image-16225 alignright\" src=\"https:\/\/i0.wp.com\/www.jojoenherbe.com\/wp-content\/uploads\/2021\/03\/Deux-pour-moi-Un-pour-toi.jpg?resize=150%2C150\" alt=\"\" width=\"150\" height=\"150\" srcset=\"https:\/\/i0.wp.com\/www.jojoenherbe.com\/wp-content\/uploads\/2021\/03\/Deux-pour-moi-Un-pour-toi-scaled.jpg?resize=150%2C150&amp;ssl=1 150w, https:\/\/i0.wp.com\/www.jojoenherbe.com\/wp-content\/uploads\/2021\/03\/Deux-pour-moi-Un-pour-toi-scaled.jpg?zoom=2&amp;resize=150%2C150 300w, https:\/\/i0.wp.com\/www.jojoenherbe.com\/wp-content\/uploads\/2021\/03\/Deux-pour-moi-Un-pour-toi-scaled.jpg?zoom=3&amp;resize=150%2C150 450w\" sizes=\"auto, (max-width: 150px) 100vw, 150px\" \/><\/a>(Album jeunesse) <span style=\"color: #d99f7c;\"><strong><span style=\"text-decoration: underline;\">Deux pour moi, Un pour toi<\/span><\/strong><\/span> de J\u00f6rg M\u00fchle (\u00e9d. L\u2019\u00e9cole des loisirs, coll. Minimax, 2021), un <a href=\"http:\/\/www.jojoenherbe.com\/index.php\/2021\/03\/03\/au-fil-des-pages-avec-deux-pour-moi-un-pour-toi\/\">album jeunesse<\/a> \u00e0 partir de 3 ans et tr\u00e8s rigolo avec l&rsquo;histoire d&rsquo;un ours et d&rsquo;une belette qui ont bien du mal \u00e0 partager trois champignons. <\/em><\/li>\n<li style=\"text-align: justify;\"><a href=\"https:\/\/i0.wp.com\/www.jojoenherbe.com\/wp-content\/uploads\/2025\/01\/Peter-Pan-dans-les-jardins-de-Kensington-scaled.jpg\"><img data-recalc-dims=\"1\" loading=\"lazy\" decoding=\"async\" data-attachment-id=\"38039\" data-permalink=\"https:\/\/www.jojoenherbe.com\/index.php\/2025\/01\/15\/au-fil-des-pages-avec-peter-pan-de-kensington\/peter-pan-dans-les-jardins-de-kensington\/\" data-orig-file=\"https:\/\/i0.wp.com\/www.jojoenherbe.com\/wp-content\/uploads\/2025\/01\/Peter-Pan-dans-les-jardins-de-Kensington-scaled.jpg?fit=2560%2C2265&amp;ssl=1\" data-orig-size=\"2560,2265\" data-comments-opened=\"1\" data-image-meta=\"{&quot;aperture&quot;:&quot;1.8&quot;,&quot;credit&quot;:&quot;&quot;,&quot;camera&quot;:&quot;iPhone 7&quot;,&quot;caption&quot;:&quot;&quot;,&quot;created_timestamp&quot;:&quot;1736966110&quot;,&quot;copyright&quot;:&quot;&quot;,&quot;focal_length&quot;:&quot;3.99&quot;,&quot;iso&quot;:&quot;100&quot;,&quot;shutter_speed&quot;:&quot;0.16666666666667&quot;,&quot;title&quot;:&quot;&quot;,&quot;orientation&quot;:&quot;1&quot;}\" data-image-title=\"Peter Pan dans les jardins de Kensington\" data-image-description=\"\" data-image-caption=\"\" data-large-file=\"https:\/\/i0.wp.com\/www.jojoenherbe.com\/wp-content\/uploads\/2025\/01\/Peter-Pan-dans-les-jardins-de-Kensington-scaled.jpg?fit=676%2C598&amp;ssl=1\" class=\"alignleft size-thumbnail wp-image-38039\" src=\"https:\/\/i0.wp.com\/www.jojoenherbe.com\/wp-content\/uploads\/2025\/01\/Peter-Pan-dans-les-jardins-de-Kensington.jpg?resize=150%2C150\" alt=\"\" width=\"150\" height=\"150\" srcset=\"https:\/\/i0.wp.com\/www.jojoenherbe.com\/wp-content\/uploads\/2025\/01\/Peter-Pan-dans-les-jardins-de-Kensington-scaled.jpg?resize=150%2C150&amp;ssl=1 150w, https:\/\/i0.wp.com\/www.jojoenherbe.com\/wp-content\/uploads\/2025\/01\/Peter-Pan-dans-les-jardins-de-Kensington-scaled.jpg?zoom=2&amp;resize=150%2C150 300w, https:\/\/i0.wp.com\/www.jojoenherbe.com\/wp-content\/uploads\/2025\/01\/Peter-Pan-dans-les-jardins-de-Kensington-scaled.jpg?zoom=3&amp;resize=150%2C150 450w\" sizes=\"auto, (max-width: 150px) 100vw, 150px\" \/><\/a><em>(Roman illustr\u00e9) <span style=\"color: #d99f7c;\"><strong><span style=\"text-decoration: underline;\">Peter Pan dans les jardins de Kensington<\/span><\/strong><\/span> de\u00a0 James Matthew Barrie et illustr\u00e9 par Arthur Rackham (\u00e9d. Biblioth\u00e8que nationale de France, r\u00e9\u00e9d. d\u00e9cembre 2021, 128 pages), avec les pr\u00e9misses de Peter Pan.<\/em><\/li>\n<li style=\"text-align: justify;\"><em><a href=\"https:\/\/i0.wp.com\/www.jojoenherbe.com\/wp-content\/uploads\/2020\/09\/Beloved-scaled.jpg\"><img data-recalc-dims=\"1\" loading=\"lazy\" decoding=\"async\" data-attachment-id=\"12109\" data-permalink=\"https:\/\/www.jojoenherbe.com\/index.php\/2020\/09\/04\/au-fil-des-pages-avec-beloved\/beloved\/\" data-orig-file=\"https:\/\/i0.wp.com\/www.jojoenherbe.com\/wp-content\/uploads\/2020\/09\/Beloved-scaled.jpg?fit=2560%2C1920&amp;ssl=1\" data-orig-size=\"2560,1920\" data-comments-opened=\"1\" data-image-meta=\"{&quot;aperture&quot;:&quot;1.8&quot;,&quot;credit&quot;:&quot;&quot;,&quot;camera&quot;:&quot;iPhone 7&quot;,&quot;caption&quot;:&quot;&quot;,&quot;created_timestamp&quot;:&quot;1599245413&quot;,&quot;copyright&quot;:&quot;&quot;,&quot;focal_length&quot;:&quot;3.99&quot;,&quot;iso&quot;:&quot;80&quot;,&quot;shutter_speed&quot;:&quot;0.058823529411765&quot;,&quot;title&quot;:&quot;&quot;,&quot;orientation&quot;:&quot;1&quot;}\" data-image-title=\"Beloved\" data-image-description=\"\" data-image-caption=\"\" data-large-file=\"https:\/\/i0.wp.com\/www.jojoenherbe.com\/wp-content\/uploads\/2020\/09\/Beloved-scaled.jpg?fit=676%2C507&amp;ssl=1\" class=\"size-thumbnail wp-image-12109 alignright\" src=\"https:\/\/i0.wp.com\/www.jojoenherbe.com\/wp-content\/uploads\/2020\/09\/Beloved.jpg?resize=150%2C150\" alt=\"\" width=\"150\" height=\"150\" srcset=\"https:\/\/i0.wp.com\/www.jojoenherbe.com\/wp-content\/uploads\/2020\/09\/Beloved-scaled.jpg?resize=150%2C150&amp;ssl=1 150w, https:\/\/i0.wp.com\/www.jojoenherbe.com\/wp-content\/uploads\/2020\/09\/Beloved-scaled.jpg?zoom=2&amp;resize=150%2C150 300w, https:\/\/i0.wp.com\/www.jojoenherbe.com\/wp-content\/uploads\/2020\/09\/Beloved-scaled.jpg?zoom=3&amp;resize=150%2C150 450w\" sizes=\"auto, (max-width: 150px) 100vw, 150px\" \/><\/a>(Roman adulte) <span style=\"color: #d99f7c;\"><strong><span style=\"text-decoration: underline;\">Beloved<\/span><\/strong><\/span> de Toni Morrison (\u00e9d. 10\/18, 1986, r\u00e9\u00e9d. 2009), un <a href=\"http:\/\/www.jojoenherbe.com\/index.php\/2020\/09\/04\/au-fil-des-pages-avec-beloved\/\">roman<\/a> ayant re\u00e7u le Prix Pulitzer Fiction en 1988 avec l&rsquo;histoire de Sethe, <span class=\"\">hant\u00e9e par son pass\u00e9 d\u2019esclave au sein de la plantation du Bon-Abri, dans le Kentucky et par le fant\u00f4me de sa fille a\u00een\u00e9e Beloved d\u00e9c\u00e9d\u00e9e et qui tente de se reconstruire en femme libre avec sa fille cadette Denver en 1873 \u00e0 Cincinnati, dans l\u2019Ohio, quelques ann\u00e9es apr\u00e8s la Guerre de S\u00e9cession.<\/span><\/em><\/li>\n<li style=\"text-align: justify;\"><a href=\"https:\/\/i0.wp.com\/www.jojoenherbe.com\/wp-content\/uploads\/2024\/05\/Mississippi-scaled.jpg\"><img data-recalc-dims=\"1\" loading=\"lazy\" decoding=\"async\" data-attachment-id=\"36105\" data-permalink=\"https:\/\/www.jojoenherbe.com\/index.php\/2024\/05\/13\/point-lecture-hebdomadaire-2024-19\/mississippi\/\" data-orig-file=\"https:\/\/i0.wp.com\/www.jojoenherbe.com\/wp-content\/uploads\/2024\/05\/Mississippi-scaled.jpg?fit=2560%2C2065&amp;ssl=1\" data-orig-size=\"2560,2065\" data-comments-opened=\"1\" data-image-meta=\"{&quot;aperture&quot;:&quot;1.8&quot;,&quot;credit&quot;:&quot;&quot;,&quot;camera&quot;:&quot;iPhone 7&quot;,&quot;caption&quot;:&quot;&quot;,&quot;created_timestamp&quot;:&quot;1715616348&quot;,&quot;copyright&quot;:&quot;&quot;,&quot;focal_length&quot;:&quot;3.99&quot;,&quot;iso&quot;:&quot;100&quot;,&quot;shutter_speed&quot;:&quot;0.16666666666667&quot;,&quot;title&quot;:&quot;&quot;,&quot;orientation&quot;:&quot;1&quot;}\" data-image-title=\"Mississippi\" data-image-description=\"\" data-image-caption=\"\" data-large-file=\"https:\/\/i0.wp.com\/www.jojoenherbe.com\/wp-content\/uploads\/2024\/05\/Mississippi-scaled.jpg?fit=676%2C545&amp;ssl=1\" class=\"alignleft size-thumbnail wp-image-36105\" src=\"https:\/\/i0.wp.com\/www.jojoenherbe.com\/wp-content\/uploads\/2024\/05\/Mississippi.jpg?resize=150%2C150\" alt=\"\" width=\"150\" height=\"150\" srcset=\"https:\/\/i0.wp.com\/www.jojoenherbe.com\/wp-content\/uploads\/2024\/05\/Mississippi-scaled.jpg?resize=150%2C150&amp;ssl=1 150w, https:\/\/i0.wp.com\/www.jojoenherbe.com\/wp-content\/uploads\/2024\/05\/Mississippi-scaled.jpg?zoom=2&amp;resize=150%2C150 300w, https:\/\/i0.wp.com\/www.jojoenherbe.com\/wp-content\/uploads\/2024\/05\/Mississippi-scaled.jpg?zoom=3&amp;resize=150%2C150 450w\" sizes=\"auto, (max-width: 150px) 100vw, 150px\" \/><\/a><em>(Roman adulte)<\/em> <em><span style=\"color: #d99f7c;\"><strong><span style=\"text-decoration: underline;\">Mississippi<\/span><\/strong><\/span> d\u2019Hillary Jordan (\u00e9d. 10\/18, juin 2011, 365 pages), un roman choral qui se d\u00e9roule dans l\u2019apr\u00e8s-guerre, dans les ann\u00e9es 40, dans une Mississippi s\u00e9gr\u00e9gationniste, autour de deux familles, l\u2019une blanche, Henry McCallan, le fr\u00e8re a\u00een\u00e9 ayant achet\u00e9 une ferme pour cultiver du coton, y vivant avec sa femme, Laura, leurs deux petites filles, son p\u00e8re Pappy et son fr\u00e8re cadet, Jamie, aviateur pendant la Seconde Guerre Mondiale et l\u2019autre noire, des m\u00e9tayers sur sa ferme, Florence et Hap Jackson ainsi que leur fils a\u00een\u00e9, Ronsel. <\/em><\/li>\n<\/ul>\n<p style=\"text-align: justify;\"><em>Et vous, quel livre auriez-vous choisi pour cette th\u00e9matique? La semaine prochaine, le th\u00e8me sera: \u00ab Un roman avec une d\u00e9claration d&rsquo;amour marquante \u00bb.<\/em><\/p>\n\n\n<p><\/p>\n","protected":false},"excerpt":{"rendered":"<p>Ce jeudi 6 f\u00e9vrier 2025, je participe au Throwback Thursday Livresque, un rendez-vous livresque initialement chez Bettie Rose Books et repris depuis par Carole, les liens \u00e9tant \u00e0 d\u00e9poser chez My-Bo0ks. Le principe est de partager chaque jeudi un livre en fonction d\u2019un th\u00e8me donn\u00e9. Cette semaine, le th\u00e8me est \u00ab Couverture (principalement) beige \u00bb. [&hellip;]<\/p>\n","protected":false},"author":1,"featured_media":32593,"comment_status":"open","ping_status":"open","sticky":false,"template":"","format":"standard","meta":{"jetpack_post_was_ever_published":false,"_jetpack_newsletter_access":"","_jetpack_dont_email_post_to_subs":false,"_jetpack_newsletter_tier_id":0,"_jetpack_memberships_contains_paywalled_content":false,"_jetpack_memberships_contains_paid_content":false,"footnotes":""},"categories":[2140,873,363],"tags":[4378,2451,4298,2743,2265,1085,367,905,789,3868,1718],"class_list":["post-38337","post","type-post","status-publish","format-standard","has-post-thumbnail","hentry","category-mini-blogueur","category-mini-challenger","category-mini-lecteur","tag-album-jeunesse","tag-arthur-rackham","tag-hillary-jordan","tag-james-matthew-barrie","tag-jorg-muhle","tag-lecture-adulte","tag-lecture-jeunesse","tag-romans-adulte","tag-romans-jeunesse","tag-throwback-thursday-livresque","tag-toni-morrison","post-preview"],"jetpack_featured_media_url":"https:\/\/i0.wp.com\/www.jojoenherbe.com\/wp-content\/uploads\/2023\/10\/TTL-logo.jpg?fit=540%2C174&ssl=1","jetpack_sharing_enabled":true,"jetpack_shortlink":"https:\/\/wp.me\/p9zhGx-9Yl","jetpack_likes_enabled":true,"jetpack-related-posts":[{"id":43764,"url":"https:\/\/www.jojoenherbe.com\/index.php\/2026\/04\/16\/throwback-thursday-livresque-de-la-pluie-sur-la-couverture\/","url_meta":{"origin":38337,"position":0},"title":"Throwback Thursday Livresque: De la pluie sur la couverture","author":"Jojo","date":"16 avril 2026","format":false,"excerpt":"Ce jeudi 16 avril 2026, je participe au Throwback Thursday Livresque, un rendez-vous livresque initialement chez Bettie Rose Books et repris depuis par Carole, les liens \u00e9tant \u00e0 d\u00e9poser chez My-Bo0ks. Le principe est de partager chaque jeudi un livre \"ancien\" de notre biblioth\u00e8que en fonction d\u2019un th\u00e8me donn\u00e9. Cette\u2026","rel":"","context":"Dans &quot;Mini blogueur&quot;","block_context":{"text":"Mini blogueur","link":"https:\/\/www.jojoenherbe.com\/index.php\/category\/mini-blogueur\/"},"img":{"alt_text":"","src":"https:\/\/i0.wp.com\/www.jojoenherbe.com\/wp-content\/uploads\/2023\/10\/TTL-logo.jpg?resize=350%2C200","width":350,"height":200},"classes":[]},{"id":41013,"url":"https:\/\/www.jojoenherbe.com\/index.php\/2025\/10\/23\/throwback-thursday-livresque-squelette-sur-la-couverture\/","url_meta":{"origin":38337,"position":1},"title":"Throwback Thursday Livresque: Squelette sur la couverture","author":"Jojo","date":"23 octobre 2025","format":false,"excerpt":"Ce jeudi 23 octobre 2025, je participe au Throwback Thursday Livresque, un rendez-vous livresque initialement chez Bettie Rose Books et repris depuis par Carole, les liens \u00e9tant \u00e0 d\u00e9poser chez My-Bo0ks. Le principe est de partager chaque jeudi un livre en fonction d\u2019un th\u00e8me donn\u00e9. Cette semaine, le th\u00e8me est\u2026","rel":"","context":"Dans &quot;Mini blogueur&quot;","block_context":{"text":"Mini blogueur","link":"https:\/\/www.jojoenherbe.com\/index.php\/category\/mini-blogueur\/"},"img":{"alt_text":"","src":"https:\/\/i0.wp.com\/www.jojoenherbe.com\/wp-content\/uploads\/2023\/10\/TTL-logo.jpg?resize=350%2C200","width":350,"height":200},"classes":[]},{"id":42761,"url":"https:\/\/www.jojoenherbe.com\/index.php\/2026\/02\/12\/throwback-thursday-livresque-des-coeurs-sur-la-couverture\/","url_meta":{"origin":38337,"position":2},"title":"Throwback Thursday Livresque: Des c\u0153urs sur la couverture","author":"Jojo","date":"12 f\u00e9vrier 2026","format":false,"excerpt":"Ce jeudi 12 f\u00e9vrier 2026, je participe au Throwback Thursday Livresque, un rendez-vous livresque initialement chez Bettie Rose Books et repris depuis par Carole, les liens \u00e9tant \u00e0 d\u00e9poser chez My-Bo0ks. Le principe est de partager chaque jeudi un livre \"ancien\" de notre biblioth\u00e8que en fonction d\u2019un th\u00e8me donn\u00e9. Cette\u2026","rel":"","context":"Dans &quot;Mini blogueur&quot;","block_context":{"text":"Mini blogueur","link":"https:\/\/www.jojoenherbe.com\/index.php\/category\/mini-blogueur\/"},"img":{"alt_text":"","src":"https:\/\/i0.wp.com\/www.jojoenherbe.com\/wp-content\/uploads\/2023\/10\/TTL-logo.jpg?resize=350%2C200","width":350,"height":200},"classes":[]},{"id":36739,"url":"https:\/\/www.jojoenherbe.com\/index.php\/2024\/08\/01\/throwback-thursday-livresque-couverture-avec-du-sable\/","url_meta":{"origin":38337,"position":3},"title":"Throwback Thursday Livresque: Couverture avec du sable","author":"Jojo","date":"1 ao\u00fbt 2024","format":false,"excerpt":"Ce jeudi 1er ao\u00fbt 2024, je participe au Throwback Thursday Livresque, un rendez-vous livresque initialement chez Bettie Rose Books et repris depuis par Carole, les liens \u00e9tant \u00e0 d\u00e9poser chez My-Bo0ks. Le principe est de partager chaque jeudi un livre en fonction d\u2019un th\u00e8me donn\u00e9. Cette semaine, le th\u00e8me est\u2026","rel":"","context":"Dans &quot;Mini challenger&quot;","block_context":{"text":"Mini challenger","link":"https:\/\/www.jojoenherbe.com\/index.php\/category\/mini-challenger\/"},"img":{"alt_text":"","src":"https:\/\/i0.wp.com\/www.jojoenherbe.com\/wp-content\/uploads\/2023\/10\/TTL-logo.jpg?resize=350%2C200","width":350,"height":200},"classes":[]},{"id":38973,"url":"https:\/\/www.jojoenherbe.com\/index.php\/2025\/04\/10\/throwback-thursday-livresque-couverture-pastel\/","url_meta":{"origin":38337,"position":4},"title":"Throwback Thursday Livresque: Couverture pastel","author":"Jojo","date":"10 avril 2025","format":false,"excerpt":"Ce jeudi 10 avril 2025, je participe au Throwback Thursday Livresque, un rendez-vous livresque initialement chez Bettie Rose Books et repris depuis par Carole, les liens \u00e9tant \u00e0 d\u00e9poser chez My-Bo0ks. Le principe est de partager chaque jeudi un livre en fonction d\u2019un th\u00e8me donn\u00e9. Cette semaine, le th\u00e8me est\u2026","rel":"","context":"Dans &quot;Mini blogueur&quot;","block_context":{"text":"Mini blogueur","link":"https:\/\/www.jojoenherbe.com\/index.php\/category\/mini-blogueur\/"},"img":{"alt_text":"","src":"https:\/\/i0.wp.com\/www.jojoenherbe.com\/wp-content\/uploads\/2023\/10\/TTL-logo.jpg?resize=350%2C200","width":350,"height":200},"classes":[]},{"id":40983,"url":"https:\/\/www.jojoenherbe.com\/index.php\/2025\/10\/16\/throwback-thursday-livresque-un-ou-une-mage\/","url_meta":{"origin":38337,"position":5},"title":"Throwback Thursday Livresque: Un ou une mage","author":"Jojo","date":"16 octobre 2025","format":false,"excerpt":"Ce jeudi 16 octobre 2025, je participe au Throwback Thursday Livresque, un rendez-vous livresque initialement chez Bettie Rose Books et repris depuis par Carole, les liens \u00e9tant \u00e0 d\u00e9poser chez My-Bo0ks. Le principe est de partager chaque jeudi un livre en fonction d\u2019un th\u00e8me donn\u00e9. Cette semaine, le th\u00e8me est\u2026","rel":"","context":"Dans &quot;Mini blogueur&quot;","block_context":{"text":"Mini blogueur","link":"https:\/\/www.jojoenherbe.com\/index.php\/category\/mini-blogueur\/"},"img":{"alt_text":"","src":"https:\/\/i0.wp.com\/www.jojoenherbe.com\/wp-content\/uploads\/2023\/10\/TTL-logo.jpg?resize=350%2C200","width":350,"height":200},"classes":[]}],"_links":{"self":[{"href":"https:\/\/www.jojoenherbe.com\/index.php\/wp-json\/wp\/v2\/posts\/38337","targetHints":{"allow":["GET"]}}],"collection":[{"href":"https:\/\/www.jojoenherbe.com\/index.php\/wp-json\/wp\/v2\/posts"}],"about":[{"href":"https:\/\/www.jojoenherbe.com\/index.php\/wp-json\/wp\/v2\/types\/post"}],"author":[{"embeddable":true,"href":"https:\/\/www.jojoenherbe.com\/index.php\/wp-json\/wp\/v2\/users\/1"}],"replies":[{"embeddable":true,"href":"https:\/\/www.jojoenherbe.com\/index.php\/wp-json\/wp\/v2\/comments?post=38337"}],"version-history":[{"count":5,"href":"https:\/\/www.jojoenherbe.com\/index.php\/wp-json\/wp\/v2\/posts\/38337\/revisions"}],"predecessor-version":[{"id":38342,"href":"https:\/\/www.jojoenherbe.com\/index.php\/wp-json\/wp\/v2\/posts\/38337\/revisions\/38342"}],"wp:featuredmedia":[{"embeddable":true,"href":"https:\/\/www.jojoenherbe.com\/index.php\/wp-json\/wp\/v2\/media\/32593"}],"wp:attachment":[{"href":"https:\/\/www.jojoenherbe.com\/index.php\/wp-json\/wp\/v2\/media?parent=38337"}],"wp:term":[{"taxonomy":"category","embeddable":true,"href":"https:\/\/www.jojoenherbe.com\/index.php\/wp-json\/wp\/v2\/categories?post=38337"},{"taxonomy":"post_tag","embeddable":true,"href":"https:\/\/www.jojoenherbe.com\/index.php\/wp-json\/wp\/v2\/tags?post=38337"}],"curies":[{"name":"wp","href":"https:\/\/api.w.org\/{rel}","templated":true}]}}