{"id":38069,"date":"2025-01-17T17:15:33","date_gmt":"2025-01-17T16:15:33","guid":{"rendered":"https:\/\/www.jojoenherbe.com\/?p=38069"},"modified":"2025-03-31T17:50:36","modified_gmt":"2025-03-31T15:50:36","slug":"au-fil-des-pages-avec-tous-a-laffut","status":"publish","type":"post","link":"https:\/\/www.jojoenherbe.com\/index.php\/2025\/01\/17\/au-fil-des-pages-avec-tous-a-laffut\/","title":{"rendered":"Au fil des pages avec Tous \u00e0 l&rsquo;aff\u00fbt!"},"content":{"rendered":"<p style=\"text-align: justify;\"><em><a href=\"https:\/\/i0.wp.com\/www.jojoenherbe.com\/wp-content\/uploads\/2025\/01\/Tous-a-laffut-2-scaled.jpg\"><img data-recalc-dims=\"1\" loading=\"lazy\" decoding=\"async\" data-attachment-id=\"38075\" data-permalink=\"https:\/\/www.jojoenherbe.com\/index.php\/2025\/01\/17\/au-fil-des-pages-avec-tous-a-laffut\/tous-a-laffut-2\/\" data-orig-file=\"https:\/\/i0.wp.com\/www.jojoenherbe.com\/wp-content\/uploads\/2025\/01\/Tous-a-laffut-2-scaled.jpg?fit=2560%2C1895&amp;ssl=1\" data-orig-size=\"2560,1895\" data-comments-opened=\"1\" data-image-meta=\"{&quot;aperture&quot;:&quot;1.8&quot;,&quot;credit&quot;:&quot;&quot;,&quot;camera&quot;:&quot;iPhone 7&quot;,&quot;caption&quot;:&quot;&quot;,&quot;created_timestamp&quot;:&quot;1737127798&quot;,&quot;copyright&quot;:&quot;&quot;,&quot;focal_length&quot;:&quot;3.99&quot;,&quot;iso&quot;:&quot;40&quot;,&quot;shutter_speed&quot;:&quot;0.03030303030303&quot;,&quot;title&quot;:&quot;&quot;,&quot;orientation&quot;:&quot;1&quot;}\" data-image-title=\"Tous \u00e0 l&amp;rsquo;aff\u00fbt! 2\" data-image-description=\"\" data-image-caption=\"\" data-large-file=\"https:\/\/i0.wp.com\/www.jojoenherbe.com\/wp-content\/uploads\/2025\/01\/Tous-a-laffut-2-scaled.jpg?fit=676%2C500&amp;ssl=1\" class=\"alignleft size-thumbnail wp-image-38075\" src=\"https:\/\/i0.wp.com\/www.jojoenherbe.com\/wp-content\/uploads\/2025\/01\/Tous-a-laffut-2.jpg?resize=150%2C150\" alt=\"\" width=\"150\" height=\"150\" srcset=\"https:\/\/i0.wp.com\/www.jojoenherbe.com\/wp-content\/uploads\/2025\/01\/Tous-a-laffut-2-scaled.jpg?resize=150%2C150&amp;ssl=1 150w, https:\/\/i0.wp.com\/www.jojoenherbe.com\/wp-content\/uploads\/2025\/01\/Tous-a-laffut-2-scaled.jpg?zoom=2&amp;resize=150%2C150 300w, https:\/\/i0.wp.com\/www.jojoenherbe.com\/wp-content\/uploads\/2025\/01\/Tous-a-laffut-2-scaled.jpg?zoom=3&amp;resize=150%2C150 450w\" sizes=\"auto, (max-width: 150px) 100vw, 150px\" \/><\/a> <a href=\"https:\/\/i0.wp.com\/www.jojoenherbe.com\/wp-content\/uploads\/2025\/01\/Tous-a-laffut-3-scaled.jpg\"><img data-recalc-dims=\"1\" loading=\"lazy\" decoding=\"async\" data-attachment-id=\"38076\" data-permalink=\"https:\/\/www.jojoenherbe.com\/index.php\/2025\/01\/17\/au-fil-des-pages-avec-tous-a-laffut\/tous-a-laffut-3\/\" data-orig-file=\"https:\/\/i0.wp.com\/www.jojoenherbe.com\/wp-content\/uploads\/2025\/01\/Tous-a-laffut-3-scaled.jpg?fit=1920%2C2560&amp;ssl=1\" data-orig-size=\"1920,2560\" data-comments-opened=\"1\" data-image-meta=\"{&quot;aperture&quot;:&quot;1.8&quot;,&quot;credit&quot;:&quot;&quot;,&quot;camera&quot;:&quot;iPhone 7&quot;,&quot;caption&quot;:&quot;&quot;,&quot;created_timestamp&quot;:&quot;1737127805&quot;,&quot;copyright&quot;:&quot;&quot;,&quot;focal_length&quot;:&quot;3.99&quot;,&quot;iso&quot;:&quot;40&quot;,&quot;shutter_speed&quot;:&quot;0.04&quot;,&quot;title&quot;:&quot;&quot;,&quot;orientation&quot;:&quot;1&quot;}\" data-image-title=\"Tous \u00e0 l&amp;rsquo;aff\u00fbt! 3\" data-image-description=\"\" data-image-caption=\"\" data-large-file=\"https:\/\/i0.wp.com\/www.jojoenherbe.com\/wp-content\/uploads\/2025\/01\/Tous-a-laffut-3-scaled.jpg?fit=676%2C901&amp;ssl=1\" class=\"alignleft size-thumbnail wp-image-38076\" src=\"https:\/\/i0.wp.com\/www.jojoenherbe.com\/wp-content\/uploads\/2025\/01\/Tous-a-laffut-3.jpg?resize=150%2C150\" alt=\"\" width=\"150\" height=\"150\" srcset=\"https:\/\/i0.wp.com\/www.jojoenherbe.com\/wp-content\/uploads\/2025\/01\/Tous-a-laffut-3-scaled.jpg?resize=150%2C150&amp;ssl=1 150w, https:\/\/i0.wp.com\/www.jojoenherbe.com\/wp-content\/uploads\/2025\/01\/Tous-a-laffut-3-scaled.jpg?zoom=2&amp;resize=150%2C150 300w, https:\/\/i0.wp.com\/www.jojoenherbe.com\/wp-content\/uploads\/2025\/01\/Tous-a-laffut-3-scaled.jpg?zoom=3&amp;resize=150%2C150 450w\" sizes=\"auto, (max-width: 150px) 100vw, 150px\" \/><\/a>Nous avons lu <span style=\"text-decoration: underline;\">Tous \u00e0 l&rsquo;aff\u00fbt!<\/span> de Rosalinde Bonnet (\u00e9d. Minedition, octobre 2024, 32 pages), un album jeunesse \u00e0 partir de 3 ans. Evalou se rend dans la for\u00eat, par\u00e9e de ses belles couleurs automnales, avec pour projet de photographier le grand cerf rouge ainsi, qui sait, gagner un concours photo. Elle le guette \u00e0 l&rsquo;int\u00e9rieur de son aff\u00fbt. Mais y parviendra-t-elle? Son aff\u00fbt est-il suffisant discret aux yeux des autres animaux de la for\u00eat qui se montrent tant\u00f4t curieux, tant\u00f4t bruyants?<\/em><\/p>\n<p style=\"text-align: justify;\"><em><a href=\"https:\/\/i0.wp.com\/www.jojoenherbe.com\/wp-content\/uploads\/2025\/01\/Tous-a-laffut-5-scaled.jpg\"><img data-recalc-dims=\"1\" loading=\"lazy\" decoding=\"async\" data-attachment-id=\"38078\" data-permalink=\"https:\/\/www.jojoenherbe.com\/index.php\/2025\/01\/17\/au-fil-des-pages-avec-tous-a-laffut\/tous-a-laffut-5\/\" data-orig-file=\"https:\/\/i0.wp.com\/www.jojoenherbe.com\/wp-content\/uploads\/2025\/01\/Tous-a-laffut-5-scaled.jpg?fit=2560%2C1954&amp;ssl=1\" data-orig-size=\"2560,1954\" data-comments-opened=\"1\" data-image-meta=\"{&quot;aperture&quot;:&quot;1.8&quot;,&quot;credit&quot;:&quot;&quot;,&quot;camera&quot;:&quot;iPhone 7&quot;,&quot;caption&quot;:&quot;&quot;,&quot;created_timestamp&quot;:&quot;1737127872&quot;,&quot;copyright&quot;:&quot;&quot;,&quot;focal_length&quot;:&quot;3.99&quot;,&quot;iso&quot;:&quot;32&quot;,&quot;shutter_speed&quot;:&quot;0.04&quot;,&quot;title&quot;:&quot;&quot;,&quot;orientation&quot;:&quot;1&quot;}\" data-image-title=\"Tous \u00e0 l&amp;rsquo;aff\u00fbt! 5\" data-image-description=\"\" data-image-caption=\"\" data-large-file=\"https:\/\/i0.wp.com\/www.jojoenherbe.com\/wp-content\/uploads\/2025\/01\/Tous-a-laffut-5-scaled.jpg?fit=676%2C516&amp;ssl=1\" class=\"size-thumbnail wp-image-38078 alignright\" src=\"https:\/\/i0.wp.com\/www.jojoenherbe.com\/wp-content\/uploads\/2025\/01\/Tous-a-laffut-5.jpg?resize=150%2C150\" alt=\"\" width=\"150\" height=\"150\" srcset=\"https:\/\/i0.wp.com\/www.jojoenherbe.com\/wp-content\/uploads\/2025\/01\/Tous-a-laffut-5-scaled.jpg?resize=150%2C150&amp;ssl=1 150w, https:\/\/i0.wp.com\/www.jojoenherbe.com\/wp-content\/uploads\/2025\/01\/Tous-a-laffut-5-scaled.jpg?zoom=2&amp;resize=150%2C150 300w, https:\/\/i0.wp.com\/www.jojoenherbe.com\/wp-content\/uploads\/2025\/01\/Tous-a-laffut-5-scaled.jpg?zoom=3&amp;resize=150%2C150 450w\" sizes=\"auto, (max-width: 150px) 100vw, 150px\" \/><\/a>L&rsquo;histoire est construite en randonn\u00e9e, entretenant au fil de pages le suspense. Quel animal va venir perturber la concentration de la petite fille? Verra-t-elle ce fameux cerf si discret? Il y ainsi question de patience, d&rsquo;\u00e9merveillement, d&rsquo;amiti\u00e9, d&rsquo;entraide, de photographie, d&rsquo;observation de la Nature, de respect de la faune, avec son lot d&rsquo;impr\u00e9vus. Nous appr\u00e9cions toujours autant cette autrice\/illustratrice, tant dans l&rsquo;histoire racont\u00e9e qui a des faux airs du conte russe <a href=\"https:\/\/www.jojoenherbe.com\/index.php\/2022\/02\/24\/nos-lectures-la-moufle\/\"><span style=\"text-decoration: underline;\">La moufle<\/span><\/a> que dans les illustrations aux crayons de couleur, tout en d\u00e9tails et expressivit\u00e9. Cela me fait penser que je n&rsquo;ai toujours pas chroniqu\u00e9 sur le blog un autre de ses albums jeunesse pr\u00e9c\u00e9dents, lu et relu, <span style=\"text-decoration: underline;\">La f\u00e9e sous mon lit<\/span>.<\/em><\/p>\n<p style=\"text-align: justify;\"><em><a href=\"https:\/\/i0.wp.com\/www.jojoenherbe.com\/wp-content\/uploads\/2025\/01\/Tous-a-laffut-4-scaled.jpg\"><img data-recalc-dims=\"1\" loading=\"lazy\" decoding=\"async\" data-attachment-id=\"38077\" data-permalink=\"https:\/\/www.jojoenherbe.com\/index.php\/2025\/01\/17\/au-fil-des-pages-avec-tous-a-laffut\/tous-a-laffut-4\/\" data-orig-file=\"https:\/\/i0.wp.com\/www.jojoenherbe.com\/wp-content\/uploads\/2025\/01\/Tous-a-laffut-4-scaled.jpg?fit=1920%2C2560&amp;ssl=1\" data-orig-size=\"1920,2560\" data-comments-opened=\"1\" data-image-meta=\"{&quot;aperture&quot;:&quot;1.8&quot;,&quot;credit&quot;:&quot;&quot;,&quot;camera&quot;:&quot;iPhone 7&quot;,&quot;caption&quot;:&quot;&quot;,&quot;created_timestamp&quot;:&quot;1737127828&quot;,&quot;copyright&quot;:&quot;&quot;,&quot;focal_length&quot;:&quot;3.99&quot;,&quot;iso&quot;:&quot;40&quot;,&quot;shutter_speed&quot;:&quot;0.05&quot;,&quot;title&quot;:&quot;&quot;,&quot;orientation&quot;:&quot;1&quot;}\" data-image-title=\"Tous \u00e0 l&amp;rsquo;aff\u00fbt! 4\" data-image-description=\"\" data-image-caption=\"\" data-large-file=\"https:\/\/i0.wp.com\/www.jojoenherbe.com\/wp-content\/uploads\/2025\/01\/Tous-a-laffut-4-scaled.jpg?fit=676%2C901&amp;ssl=1\" class=\"alignleft size-thumbnail wp-image-38077\" src=\"https:\/\/i0.wp.com\/www.jojoenherbe.com\/wp-content\/uploads\/2025\/01\/Tous-a-laffut-4.jpg?resize=150%2C150\" alt=\"\" width=\"150\" height=\"150\" srcset=\"https:\/\/i0.wp.com\/www.jojoenherbe.com\/wp-content\/uploads\/2025\/01\/Tous-a-laffut-4-scaled.jpg?resize=150%2C150&amp;ssl=1 150w, https:\/\/i0.wp.com\/www.jojoenherbe.com\/wp-content\/uploads\/2025\/01\/Tous-a-laffut-4-scaled.jpg?zoom=2&amp;resize=150%2C150 300w, https:\/\/i0.wp.com\/www.jojoenherbe.com\/wp-content\/uploads\/2025\/01\/Tous-a-laffut-4-scaled.jpg?zoom=3&amp;resize=150%2C150 450w\" sizes=\"auto, (max-width: 150px) 100vw, 150px\" \/><\/a>Encore une histoire toute mignonne et rigolote avec une chute finale bien trouv\u00e9e! Un tr\u00e8s bon moment de lecture, \u00ab\u00a0tout en suspense et malice\u00a0\u00bb, comme l&rsquo;\u00e9crit l&rsquo;\u00e9diteur! Mais elle est aussi gourmande, ayant rep\u00e9r\u00e9 deux passages gourmands pour le Challenge Des livres (et des \u00e9crans) en cuisine 2025. Je coche au passage la case \u00ab\u00a0\u00c0 l&rsquo;heure du go\u00fbter\u00a0\u00bb du bingo gourmand.<\/em><\/p>\n<div id=\"attachment_37823\" style=\"width: 109px\" class=\"wp-caption alignleft\"><img data-recalc-dims=\"1\" loading=\"lazy\" decoding=\"async\" aria-describedby=\"caption-attachment-37823\" data-attachment-id=\"37823\" data-permalink=\"https:\/\/www.jojoenherbe.com\/index.php\/2025\/01\/10\/mes-challenges-livresques-2025\/challenge-petit-bac-2025-denna-logo\/\" data-orig-file=\"https:\/\/i0.wp.com\/www.jojoenherbe.com\/wp-content\/uploads\/2024\/12\/Challenge-Petit-Bac-2025-dEnna-logo.jpg?fit=285%2C217&amp;ssl=1\" data-orig-size=\"285,217\" data-comments-opened=\"1\" data-image-meta=\"{&quot;aperture&quot;:&quot;0&quot;,&quot;credit&quot;:&quot;&quot;,&quot;camera&quot;:&quot;&quot;,&quot;caption&quot;:&quot;&quot;,&quot;created_timestamp&quot;:&quot;1735738492&quot;,&quot;copyright&quot;:&quot;&quot;,&quot;focal_length&quot;:&quot;0&quot;,&quot;iso&quot;:&quot;0&quot;,&quot;shutter_speed&quot;:&quot;0&quot;,&quot;title&quot;:&quot;&quot;,&quot;orientation&quot;:&quot;0&quot;}\" data-image-title=\"Challenge Petit Bac 2025 d&amp;rsquo;Enna &amp;#8211; logo\" data-image-description=\"\" data-image-caption=\"\" data-large-file=\"https:\/\/i0.wp.com\/www.jojoenherbe.com\/wp-content\/uploads\/2024\/12\/Challenge-Petit-Bac-2025-dEnna-logo.jpg?fit=285%2C217&amp;ssl=1\" class=\"wp-image-37823\" src=\"https:\/\/i0.wp.com\/www.jojoenherbe.com\/wp-content\/uploads\/2024\/12\/Challenge-Petit-Bac-2025-dEnna-logo.jpg?resize=99%2C75\" alt=\"\" width=\"99\" height=\"75\" \/><p id=\"caption-attachment-37823\" class=\"wp-caption-text\">Challenge Petit Bac d\u2019<em><a href=\"https:\/\/ennalit.wordpress.com\/2024\/12\/01\/challenge-petit-bac-2025-qui-veut-jouer\/\">Enna<\/a><\/em> #1 Cat\u00e9gorie Lettre isol\u00e9e: \u00ab \u00e0 \u00bb<\/p><\/div>\n<div id=\"attachment_38013\" style=\"width: 127px\" class=\"wp-caption alignleft\"><img data-recalc-dims=\"1\" loading=\"lazy\" decoding=\"async\" aria-describedby=\"caption-attachment-38013\" data-attachment-id=\"38013\" data-permalink=\"https:\/\/www.jojoenherbe.com\/index.php\/2025\/01\/10\/mes-challenges-livresques-2025\/challenge-des-livres-et-des-ecrans-en-cuisine-2025-logo-2\/\" data-orig-file=\"https:\/\/i0.wp.com\/www.jojoenherbe.com\/wp-content\/uploads\/2025\/01\/Challenge-Des-livres-et-des-ecrans-en-cuisine-2025-logo-2.png?fit=300%2C169&amp;ssl=1\" data-orig-size=\"300,169\" data-comments-opened=\"1\" data-image-meta=\"{&quot;aperture&quot;:&quot;0&quot;,&quot;credit&quot;:&quot;&quot;,&quot;camera&quot;:&quot;&quot;,&quot;caption&quot;:&quot;&quot;,&quot;created_timestamp&quot;:&quot;0&quot;,&quot;copyright&quot;:&quot;&quot;,&quot;focal_length&quot;:&quot;0&quot;,&quot;iso&quot;:&quot;0&quot;,&quot;shutter_speed&quot;:&quot;0&quot;,&quot;title&quot;:&quot;&quot;,&quot;orientation&quot;:&quot;0&quot;}\" data-image-title=\"Challenge Des livres (et des \u00e9crans) en cuisine 2025 &amp;#8211; logo 2\" data-image-description=\"\" data-image-caption=\"\" data-large-file=\"https:\/\/i0.wp.com\/www.jojoenherbe.com\/wp-content\/uploads\/2025\/01\/Challenge-Des-livres-et-des-ecrans-en-cuisine-2025-logo-2.png?fit=300%2C169&amp;ssl=1\" class=\"wp-image-38013\" src=\"https:\/\/i0.wp.com\/www.jojoenherbe.com\/wp-content\/uploads\/2025\/01\/Challenge-Des-livres-et-des-ecrans-en-cuisine-2025-logo-2.png?resize=117%2C66\" alt=\"\" width=\"117\" height=\"66\" \/><p id=\"caption-attachment-38013\" class=\"wp-caption-text\">Participation #1 Challenge Des livres (et des \u00e9crans) en cuisine 2025 de <a href=\"https:\/\/mapetitemediatheque.fr\/2025\/01\/des-livres-et-des-ecrans-en-cuisine-2025\/\">Bidib<\/a> et <a href=\"http:\/\/croquerlespages.canalblog.com\/2025\/01\/livres-et-ecrans.html\">Fondant<\/a> #L&rsquo;heure du go\u00fbter<\/p><\/div>\n","protected":false},"excerpt":{"rendered":"<p>Nous avons lu Tous \u00e0 l&rsquo;aff\u00fbt! de Rosalinde Bonnet (\u00e9d. Minedition, octobre 2024, 32 pages), un album jeunesse \u00e0 partir de 3 ans. Evalou se rend dans la for\u00eat, par\u00e9e de ses belles couleurs automnales, avec pour projet de photographier le grand cerf rouge ainsi, qui sait, gagner un concours photo. Elle le guette \u00e0 [&hellip;]<\/p>\n","protected":false},"author":1,"featured_media":38079,"comment_status":"open","ping_status":"open","sticky":false,"template":"","format":"standard","meta":{"jetpack_post_was_ever_published":false,"_jetpack_newsletter_access":"","_jetpack_dont_email_post_to_subs":false,"_jetpack_newsletter_tier_id":0,"_jetpack_memberships_contains_paywalled_content":false,"_jetpack_memberships_contains_paid_content":false,"footnotes":""},"categories":[363],"tags":[785,4454,4378,386,808,321,1541,4423,412,4429,868,390,1277,538,367,1014,543,2848,764,956,4455,2680,4453],"class_list":["post-38069","post","type-post","status-publish","format-standard","has-post-thumbnail","hentry","category-mini-lecteur","tag-3-6-ans","tag-affut","tag-album-jeunesse","tag-amitie","tag-animaux-de-la-foret","tag-automne","tag-cerf","tag-challenge-petit-bac-2025","tag-curiosite","tag-des-livres-et-des-ecrans-en-cuisine-2025","tag-enfance","tag-entraide","tag-foret","tag-humour","tag-lecture-jeunesse","tag-lectures-dautomne","tag-nature","tag-observation","tag-patience","tag-petite-fille","tag-photographe-nature","tag-photographie","tag-rosalinde-bonnet","post-preview"],"jetpack_featured_media_url":"https:\/\/i0.wp.com\/www.jojoenherbe.com\/wp-content\/uploads\/2025\/01\/Tous-a-laffut-scaled.jpg?fit=2560%2C2310&ssl=1","jetpack_sharing_enabled":true,"jetpack_shortlink":"https:\/\/wp.me\/p9zhGx-9U1","jetpack_likes_enabled":true,"jetpack-related-posts":[{"id":13595,"url":"https:\/\/www.jojoenherbe.com\/index.php\/2020\/11\/04\/au-fil-des-pages-avec-gare-au-monstre\/","url_meta":{"origin":38069,"position":0},"title":"Au fil des pages avec Gare au monstre!","author":"Jojo","date":"4 novembre 2020","format":false,"excerpt":"Nous lisons, parmi nos emprunts \u00e0 la m\u00e9diath\u00e8que, Gare au monstre! de Sunghee Shin (\u00e9d. Circonflexe, 2017), un album jeunesse \u00e0 partir de 3 ans et qui a fait partie de la s\u00e9lection Maternelle du 30\u00e8me Prix des Incos en 2019. Avec ce titre et l'illustration de la couverture avec\u2026","rel":"","context":"Dans &quot;Mini lecteur&quot;","block_context":{"text":"Mini lecteur","link":"https:\/\/www.jojoenherbe.com\/index.php\/category\/mini-lecteur\/"},"img":{"alt_text":"","src":"https:\/\/i0.wp.com\/www.jojoenherbe.com\/wp-content\/uploads\/2020\/11\/Gare-au-monstre-scaled.jpg?fit=1200%2C900&ssl=1&resize=350%2C200","width":350,"height":200,"srcset":"https:\/\/i0.wp.com\/www.jojoenherbe.com\/wp-content\/uploads\/2020\/11\/Gare-au-monstre-scaled.jpg?fit=1200%2C900&ssl=1&resize=350%2C200 1x, https:\/\/i0.wp.com\/www.jojoenherbe.com\/wp-content\/uploads\/2020\/11\/Gare-au-monstre-scaled.jpg?fit=1200%2C900&ssl=1&resize=525%2C300 1.5x, https:\/\/i0.wp.com\/www.jojoenherbe.com\/wp-content\/uploads\/2020\/11\/Gare-au-monstre-scaled.jpg?fit=1200%2C900&ssl=1&resize=700%2C400 2x, https:\/\/i0.wp.com\/www.jojoenherbe.com\/wp-content\/uploads\/2020\/11\/Gare-au-monstre-scaled.jpg?fit=1200%2C900&ssl=1&resize=1050%2C600 3x"},"classes":[]},{"id":19730,"url":"https:\/\/www.jojoenherbe.com\/index.php\/2021\/07\/20\/au-fil-des-pages-avec-sauvage\/","url_meta":{"origin":38069,"position":1},"title":"Au fil des pages avec Sauvage","author":"Jojo","date":"20 juillet 2021","format":false,"excerpt":"Nous lisons Sauvage d'Emily Hugues (\u00e9d. Autrement, 2014), un album jeunesse \u00e0 partir de 5 ans et qui a fait partie de la s\u00e9lection CP du du 28\u00e8me Prix des Incos en 2017. Une petite fille grandit en pleine nature, \u00e9lev\u00e9e par les animaux de la for\u00eat qui la prot\u00e8gent.\u2026","rel":"","context":"Dans &quot;Mini lecteur&quot;","block_context":{"text":"Mini lecteur","link":"https:\/\/www.jojoenherbe.com\/index.php\/category\/mini-lecteur\/"},"img":{"alt_text":"","src":"https:\/\/i0.wp.com\/www.jojoenherbe.com\/wp-content\/uploads\/2021\/07\/Sauvage-scaled.jpg?fit=1200%2C900&ssl=1&resize=350%2C200","width":350,"height":200,"srcset":"https:\/\/i0.wp.com\/www.jojoenherbe.com\/wp-content\/uploads\/2021\/07\/Sauvage-scaled.jpg?fit=1200%2C900&ssl=1&resize=350%2C200 1x, https:\/\/i0.wp.com\/www.jojoenherbe.com\/wp-content\/uploads\/2021\/07\/Sauvage-scaled.jpg?fit=1200%2C900&ssl=1&resize=525%2C300 1.5x, https:\/\/i0.wp.com\/www.jojoenherbe.com\/wp-content\/uploads\/2021\/07\/Sauvage-scaled.jpg?fit=1200%2C900&ssl=1&resize=700%2C400 2x, https:\/\/i0.wp.com\/www.jojoenherbe.com\/wp-content\/uploads\/2021\/07\/Sauvage-scaled.jpg?fit=1200%2C900&ssl=1&resize=1050%2C600 3x"},"classes":[]},{"id":38177,"url":"https:\/\/www.jojoenherbe.com\/index.php\/2025\/01\/24\/au-fil-des-pages-avec-quelque-part-dans-la-neige\/","url_meta":{"origin":38069,"position":2},"title":"Au fil des pages avec Quelque part dans la neige","author":"Jojo","date":"24 janvier 2025","format":false,"excerpt":"Nous avons relu Quelque part dans la neige de Linde Faas (\u00e9d. Kal\u00e9idoscope, diff. L'\u00e9cole des loisirs, d\u00e9cembre 2023, 36 pages), un album jeunesse grand format \u00e0 partir de 3 ans qui se d\u00e9roule pendant No\u00ebl. Alors que la plupart des gens sont en pleins pr\u00e9paratifs de No\u00ebl, ce n'est\u2026","rel":"","context":"Dans &quot;Mini lecteur&quot;","block_context":{"text":"Mini lecteur","link":"https:\/\/www.jojoenherbe.com\/index.php\/category\/mini-lecteur\/"},"img":{"alt_text":"","src":"https:\/\/i0.wp.com\/www.jojoenherbe.com\/wp-content\/uploads\/2025\/01\/Quelque-part-dans-la-neige-2-scaled.jpg?fit=1200%2C1040&ssl=1&resize=350%2C200","width":350,"height":200,"srcset":"https:\/\/i0.wp.com\/www.jojoenherbe.com\/wp-content\/uploads\/2025\/01\/Quelque-part-dans-la-neige-2-scaled.jpg?fit=1200%2C1040&ssl=1&resize=350%2C200 1x, https:\/\/i0.wp.com\/www.jojoenherbe.com\/wp-content\/uploads\/2025\/01\/Quelque-part-dans-la-neige-2-scaled.jpg?fit=1200%2C1040&ssl=1&resize=525%2C300 1.5x, https:\/\/i0.wp.com\/www.jojoenherbe.com\/wp-content\/uploads\/2025\/01\/Quelque-part-dans-la-neige-2-scaled.jpg?fit=1200%2C1040&ssl=1&resize=700%2C400 2x, https:\/\/i0.wp.com\/www.jojoenherbe.com\/wp-content\/uploads\/2025\/01\/Quelque-part-dans-la-neige-2-scaled.jpg?fit=1200%2C1040&ssl=1&resize=1050%2C600 3x"},"classes":[]},{"id":14690,"url":"https:\/\/www.jojoenherbe.com\/index.php\/2021\/01\/01\/au-fil-des-pages-avec-larbre-a-voeux\/","url_meta":{"origin":38069,"position":3},"title":"Au fil des pages avec L&rsquo;arbre \u00e0 v\u0153ux","author":"Jojo","date":"1 janvier 2021","format":false,"excerpt":"Pour mon premier billet lecture de cette ann\u00e9e 2021, j'ai choisi un album jeunesse que nous lisons depuis le mois dernier pour les f\u00eates de fin d'ann\u00e9e et que j'ai emprunt\u00e9 \u00e0 la m\u00e9diath\u00e8que: L'arbre \u00e0 v\u0153ux de Kyo Maclear et Chris Turnham (\u00e9d. Little Urban, 2017), un album jeunesse\u2026","rel":"","context":"Dans &quot;Mini lecteur&quot;","block_context":{"text":"Mini lecteur","link":"https:\/\/www.jojoenherbe.com\/index.php\/category\/mini-lecteur\/"},"img":{"alt_text":"","src":"https:\/\/i0.wp.com\/www.jojoenherbe.com\/wp-content\/uploads\/2021\/01\/Larbre-a-voeux-scaled.jpg?fit=1200%2C900&ssl=1&resize=350%2C200","width":350,"height":200,"srcset":"https:\/\/i0.wp.com\/www.jojoenherbe.com\/wp-content\/uploads\/2021\/01\/Larbre-a-voeux-scaled.jpg?fit=1200%2C900&ssl=1&resize=350%2C200 1x, https:\/\/i0.wp.com\/www.jojoenherbe.com\/wp-content\/uploads\/2021\/01\/Larbre-a-voeux-scaled.jpg?fit=1200%2C900&ssl=1&resize=525%2C300 1.5x, https:\/\/i0.wp.com\/www.jojoenherbe.com\/wp-content\/uploads\/2021\/01\/Larbre-a-voeux-scaled.jpg?fit=1200%2C900&ssl=1&resize=700%2C400 2x, https:\/\/i0.wp.com\/www.jojoenherbe.com\/wp-content\/uploads\/2021\/01\/Larbre-a-voeux-scaled.jpg?fit=1200%2C900&ssl=1&resize=1050%2C600 3x"},"classes":[]},{"id":15151,"url":"https:\/\/www.jojoenherbe.com\/index.php\/2021\/01\/18\/au-fil-des-pages-avec-un-gouter-en-foret\/","url_meta":{"origin":38069,"position":4},"title":"Au fil des pages avec Un go\u00fbter en for\u00eat","author":"Jojo","date":"18 janvier 2021","format":false,"excerpt":"Nous empruntons \u00e0 la m\u00e9diath\u00e8que Un go\u00fbter en for\u00eat d'Akiko Miyakoshi (\u00e9d. Syros, 2011), un album jeunesse \u00e0 partir 4 ans et qui a fait partie de la s\u00e9lection CP du 25\u00e8me Prix des Incos en 2014. Son p\u00e8re ayant oubli\u00e9 le g\u00e2teau pr\u00e9vu pour sa grand-m\u00e8re, Akiko d\u00e9cide de\u2026","rel":"","context":"Dans &quot;Mini lecteur&quot;","block_context":{"text":"Mini lecteur","link":"https:\/\/www.jojoenherbe.com\/index.php\/category\/mini-lecteur\/"},"img":{"alt_text":"","src":"https:\/\/i0.wp.com\/www.jojoenherbe.com\/wp-content\/uploads\/2021\/01\/Un-gouter-en-foret-2-scaled.jpg?fit=1200%2C900&ssl=1&resize=350%2C200","width":350,"height":200,"srcset":"https:\/\/i0.wp.com\/www.jojoenherbe.com\/wp-content\/uploads\/2021\/01\/Un-gouter-en-foret-2-scaled.jpg?fit=1200%2C900&ssl=1&resize=350%2C200 1x, https:\/\/i0.wp.com\/www.jojoenherbe.com\/wp-content\/uploads\/2021\/01\/Un-gouter-en-foret-2-scaled.jpg?fit=1200%2C900&ssl=1&resize=525%2C300 1.5x, https:\/\/i0.wp.com\/www.jojoenherbe.com\/wp-content\/uploads\/2021\/01\/Un-gouter-en-foret-2-scaled.jpg?fit=1200%2C900&ssl=1&resize=700%2C400 2x, https:\/\/i0.wp.com\/www.jojoenherbe.com\/wp-content\/uploads\/2021\/01\/Un-gouter-en-foret-2-scaled.jpg?fit=1200%2C900&ssl=1&resize=1050%2C600 3x"},"classes":[]},{"id":20710,"url":"https:\/\/www.jojoenherbe.com\/index.php\/2021\/09\/15\/au-fil-des-pages-avec-deux-droles-de-betes-dans-la-foret\/","url_meta":{"origin":38069,"position":5},"title":"Au fil des pages avec Deux dr\u00f4les de b\u00eates dans la for\u00eat","author":"Jojo","date":"15 septembre 2021","format":false,"excerpt":"Nous lisons Deux dr\u00f4les de b\u00eates dans la for\u00eat, Mais qui dit vrai dans cette histoire? de Fiona Roberton (\u00e9d. Circonflexe, 2015), un album jeunesse \u00e0 partir de 4 ans et qui a \u00e9t\u00e9 laur\u00e9at du 28\u00e8me Prix des Incos en 2017 dans la s\u00e9lection CE1. Une petite fille recueille\u2026","rel":"","context":"Dans &quot;Mini lecteur&quot;","block_context":{"text":"Mini lecteur","link":"https:\/\/www.jojoenherbe.com\/index.php\/category\/mini-lecteur\/"},"img":{"alt_text":"","src":"https:\/\/i0.wp.com\/www.jojoenherbe.com\/wp-content\/uploads\/2021\/09\/Deux-droles-de-betes-dans-la-foret-scaled.jpg?fit=1200%2C936&ssl=1&resize=350%2C200","width":350,"height":200,"srcset":"https:\/\/i0.wp.com\/www.jojoenherbe.com\/wp-content\/uploads\/2021\/09\/Deux-droles-de-betes-dans-la-foret-scaled.jpg?fit=1200%2C936&ssl=1&resize=350%2C200 1x, https:\/\/i0.wp.com\/www.jojoenherbe.com\/wp-content\/uploads\/2021\/09\/Deux-droles-de-betes-dans-la-foret-scaled.jpg?fit=1200%2C936&ssl=1&resize=525%2C300 1.5x, https:\/\/i0.wp.com\/www.jojoenherbe.com\/wp-content\/uploads\/2021\/09\/Deux-droles-de-betes-dans-la-foret-scaled.jpg?fit=1200%2C936&ssl=1&resize=700%2C400 2x, https:\/\/i0.wp.com\/www.jojoenherbe.com\/wp-content\/uploads\/2021\/09\/Deux-droles-de-betes-dans-la-foret-scaled.jpg?fit=1200%2C936&ssl=1&resize=1050%2C600 3x"},"classes":[]}],"_links":{"self":[{"href":"https:\/\/www.jojoenherbe.com\/index.php\/wp-json\/wp\/v2\/posts\/38069","targetHints":{"allow":["GET"]}}],"collection":[{"href":"https:\/\/www.jojoenherbe.com\/index.php\/wp-json\/wp\/v2\/posts"}],"about":[{"href":"https:\/\/www.jojoenherbe.com\/index.php\/wp-json\/wp\/v2\/types\/post"}],"author":[{"embeddable":true,"href":"https:\/\/www.jojoenherbe.com\/index.php\/wp-json\/wp\/v2\/users\/1"}],"replies":[{"embeddable":true,"href":"https:\/\/www.jojoenherbe.com\/index.php\/wp-json\/wp\/v2\/comments?post=38069"}],"version-history":[{"count":10,"href":"https:\/\/www.jojoenherbe.com\/index.php\/wp-json\/wp\/v2\/posts\/38069\/revisions"}],"predecessor-version":[{"id":38813,"href":"https:\/\/www.jojoenherbe.com\/index.php\/wp-json\/wp\/v2\/posts\/38069\/revisions\/38813"}],"wp:featuredmedia":[{"embeddable":true,"href":"https:\/\/www.jojoenherbe.com\/index.php\/wp-json\/wp\/v2\/media\/38079"}],"wp:attachment":[{"href":"https:\/\/www.jojoenherbe.com\/index.php\/wp-json\/wp\/v2\/media?parent=38069"}],"wp:term":[{"taxonomy":"category","embeddable":true,"href":"https:\/\/www.jojoenherbe.com\/index.php\/wp-json\/wp\/v2\/categories?post=38069"},{"taxonomy":"post_tag","embeddable":true,"href":"https:\/\/www.jojoenherbe.com\/index.php\/wp-json\/wp\/v2\/tags?post=38069"}],"curies":[{"name":"wp","href":"https:\/\/api.w.org\/{rel}","templated":true}]}}