{"id":38036,"date":"2025-03-29T09:42:28","date_gmt":"2025-03-29T08:42:28","guid":{"rendered":"https:\/\/www.jojoenherbe.com\/?p=38036"},"modified":"2026-01-04T14:17:52","modified_gmt":"2026-01-04T13:17:52","slug":"au-fil-des-pages-avec-poussiere-blonde","status":"publish","type":"post","link":"https:\/\/www.jojoenherbe.com\/index.php\/2025\/03\/29\/au-fil-des-pages-avec-poussiere-blonde\/","title":{"rendered":"Au fil des pages avec Poussi\u00e8re blonde"},"content":{"rendered":"<p style=\"text-align: justify;\"><em><a href=\"https:\/\/i0.wp.com\/www.jojoenherbe.com\/wp-content\/uploads\/2025\/03\/Poussiere-blonde-2-scaled.jpg\"><img data-recalc-dims=\"1\" loading=\"lazy\" decoding=\"async\" data-attachment-id=\"41573\" data-permalink=\"https:\/\/www.jojoenherbe.com\/index.php\/2025\/03\/29\/au-fil-des-pages-avec-poussiere-blonde\/poussiere-blonde-2\/\" data-orig-file=\"https:\/\/i0.wp.com\/www.jojoenherbe.com\/wp-content\/uploads\/2025\/03\/Poussiere-blonde-2-scaled.jpg?fit=2560%2C2312&amp;ssl=1\" data-orig-size=\"2560,2312\" data-comments-opened=\"1\" data-image-meta=\"{&quot;aperture&quot;:&quot;1.8&quot;,&quot;credit&quot;:&quot;&quot;,&quot;camera&quot;:&quot;iPhone 7&quot;,&quot;caption&quot;:&quot;&quot;,&quot;created_timestamp&quot;:&quot;1762960476&quot;,&quot;copyright&quot;:&quot;&quot;,&quot;focal_length&quot;:&quot;3.99&quot;,&quot;iso&quot;:&quot;80&quot;,&quot;shutter_speed&quot;:&quot;0.16666666666667&quot;,&quot;title&quot;:&quot;&quot;,&quot;orientation&quot;:&quot;1&quot;}\" data-image-title=\"Poussi\u00e8re blonde (2)\" data-image-description=\"\" data-image-caption=\"\" data-large-file=\"https:\/\/i0.wp.com\/www.jojoenherbe.com\/wp-content\/uploads\/2025\/03\/Poussiere-blonde-2-scaled.jpg?fit=676%2C611&amp;ssl=1\" class=\"alignleft size-thumbnail wp-image-41573\" src=\"https:\/\/i0.wp.com\/www.jojoenherbe.com\/wp-content\/uploads\/2025\/03\/Poussiere-blonde-2.jpg?resize=150%2C150\" alt=\"\" width=\"150\" height=\"150\" srcset=\"https:\/\/i0.wp.com\/www.jojoenherbe.com\/wp-content\/uploads\/2025\/03\/Poussiere-blonde-2-scaled.jpg?resize=150%2C150&amp;ssl=1 150w, https:\/\/i0.wp.com\/www.jojoenherbe.com\/wp-content\/uploads\/2025\/03\/Poussiere-blonde-2-scaled.jpg?zoom=2&amp;resize=150%2C150 300w, https:\/\/i0.wp.com\/www.jojoenherbe.com\/wp-content\/uploads\/2025\/03\/Poussiere-blonde-2-scaled.jpg?zoom=3&amp;resize=150%2C150 450w\" sizes=\"auto, (max-width: 150px) 100vw, 150px\" \/><\/a>En janvier dernier, j\u2019ai lu <span style=\"text-decoration: underline;\">Poussi\u00e8re blonde<\/span> de Tatiana de Rosnay (\u00e9d. Albin Michel, f\u00e9vrier 2024, 320 pages), un roman qui faisait \u00e9cho \u00e0 ma pr\u00e9c\u00e9dente lecture sur <a href=\"https:\/\/www.jojoenherbe.com\/index.php\/2025\/01\/22\/au-fil-des-pages-avec-ava-quarante-huit-heures-dans-la-vie-dava-gardner\/\">Ava Gardner<\/a> avec une autre ic\u00f4ne de l\u2019\u00e2ge d\u2019or du cin\u00e9ma hollywoodien, Marilyn Monroe. <\/em><\/p>\n<p style=\"text-align: justify;\"><em>En janvier 2020, Pauline Bazelet assiste \u00e0 la destruction du Mapes Hotel, palace r\u00e9put\u00e9 mais ferm\u00e9 et \u00e0 l\u2019abandon depuis plusieurs d\u00e9cennies, \u00e0 Reno, dans le Nevada, avec sa meilleure amie Billie-Pearl. C\u2019est l\u2019occasion de se souvenir d\u2019une rencontre qui a chang\u00e9 son destin, pendant l\u2019\u00e9t\u00e9 1960, lors du tournage du film <span style=\"text-decoration: underline;\">Les D\u00e9sax\u00e9s<\/span> de John Huston. En ce temps-l\u00e0, Pauline \u00e9tait une jeune m\u00e8re c\u00e9libataire discr\u00e8te et effac\u00e9e de 20 ans vivant chez ses parents et qui travaillait comme femme de chambre au Mapes Hotel, ayant d\u00fb laisser de c\u00f4t\u00e9 ses r\u00eaves de devenir v\u00e9t\u00e9rinaire. Lorsqu\u2019elle est appel\u00e9e pour nettoyer la suite 614, elle ne s\u2019attendait pas \u00e0 faire la connaissance de Mrs Miller, une femme hagarde dont elle ne comprend pas tout de suite qu\u2019elle est Marilyn Monroe. <\/em><\/p>\n<p style=\"text-align: justify;\"><em>J\u2019ai appr\u00e9ci\u00e9 d\u00e9couvrir la vie de Pauline et son \u00e9mancipation \u00e0 travers des flashbacks et ses \u00e9changes avec l\u2019actrice qui se montre tout \u00e0 la fois fragile et \u00e0 fleur de peau, sous l\u2019emprise des m\u00e9dicaments et pourtant si gentille et bienveillante \u00e0 l\u2019\u00e9gard de la jeune femme. <\/em><em>M\u00eame si l&rsquo;illustration de couverture est une photographie de Marilyn Monroe, ce livre n&rsquo;en est pas une biographie romanc\u00e9e, l&rsquo;actrice \u00e9tant un personnage qui permettra \u00e0 l&rsquo;h\u00e9ro\u00efne du roman, Pauline, de reprendre sa vie en main. On y d\u00e9couvre cependant l&rsquo;actrice \u00e0 un moment particulier de sa vie, quelques mois avant son d\u00e9c\u00e8s en 1962, la fin de son mariage d\u00e9sastreux avec Arthur Miller qui l&rsquo;a pourtant choisi comme actrice de son film et son nouvel amour pour son amant Yves Montand rencontr\u00e9 lors du tournage du <span style=\"text-decoration: underline;\">Milliardaire<\/span> et qui ne quittera pas sa femme pour elle.<\/em><\/p>\n<p style=\"text-align: justify;\"><em>Il y est ainsi question de qu\u00eate initiatique, d&rsquo;\u00e9mancipation f\u00e9minine, de choix de vie&#8230; J&rsquo;ai appr\u00e9ci\u00e9 le style d&rsquo;\u00e9criture de l&rsquo;autrice, \u00e0 la fois d\u00e9licat et immersif. Un tr\u00e8s bon moment de lecture avec cette rencontre amicale, improbable, lib\u00e9ratrice et touchante entre deux femmes que rien ne pr\u00e9destinait \u00e0 se c\u00f4toyer, \u00e0 l&rsquo;image des mustangs, ces chevaux sauvages qui ont \u00e9galement leur importance dans le r\u00e9cit! Cela m&rsquo;a rappel\u00e9 <a href=\"https:\/\/www.jojoenherbe.com\/index.php\/2024\/05\/15\/au-fil-des-pages-avec-au-prochain-arret\/\"><span style=\"text-decoration: underline;\">Au prochain arr\u00eat<\/span><\/a> de Hiro Arikawa (\u00e9d. Actes Sud, mai 2021, 192 pages), un court roman choral avec les rencontres fortuites de passagers empruntant la ligne ferroviaire reliant Takarazuka \u00e0 Nishinomiya.<br \/><\/em><\/p>\n<p><em>Pour d&rsquo;autres avis sur ce roman: <a href=\"https:\/\/ennalit.wordpress.com\/2025\/04\/26\/poussiere-blonde-tatiana-de-rosnay-lu-par-francoise-cadol\/\">Enna<\/a> (en version audio).<\/em><\/p>\n\n\n<p><\/p>\n","protected":false},"excerpt":{"rendered":"<p>En janvier dernier, j\u2019ai lu Poussi\u00e8re blonde de Tatiana de Rosnay (\u00e9d. Albin Michel, f\u00e9vrier 2024, 320 pages), un roman qui faisait \u00e9cho \u00e0 ma pr\u00e9c\u00e9dente lecture sur Ava Gardner avec une autre ic\u00f4ne de l\u2019\u00e2ge d\u2019or du cin\u00e9ma hollywoodien, Marilyn Monroe. En janvier 2020, Pauline Bazelet assiste \u00e0 la destruction du Mapes Hotel, palace [&hellip;]<\/p>\n","protected":false},"author":1,"featured_media":38020,"comment_status":"open","ping_status":"open","sticky":false,"template":"","format":"standard","meta":{"jetpack_post_was_ever_published":false,"_jetpack_newsletter_access":"","_jetpack_dont_email_post_to_subs":false,"_jetpack_newsletter_tier_id":0,"_jetpack_memberships_contains_paywalled_content":false,"_jetpack_memberships_contains_paid_content":false,"footnotes":""},"categories":[363],"tags":[1347,2643,386,3779,1194,4446,1492,521,3837,1724,4490,1085,4444,3588,3834,3913,905,4439,4447,4445,2544],"class_list":["post-38036","post","type-post","status-publish","format-standard","has-post-thumbnail","hentry","category-mini-lecteur","tag-18-ans-et-plus","tag-adultere","tag-amitie","tag-annees-60","tag-cheval","tag-cinema","tag-condition-de-la-femme","tag-depression","tag-emancipation-feminine","tag-etats-unis","tag-haras","tag-lecture-adulte","tag-marylin-monroe","tag-mere-celibataire","tag-nevada","tag-patriarcat","tag-romans-adulte","tag-tatiana-de-rosnay","tag-tournage-de-film","tag-veterinaire","tag-violences-conjugales","post-preview"],"jetpack_featured_media_url":"https:\/\/i0.wp.com\/www.jojoenherbe.com\/wp-content\/uploads\/2025\/01\/Poussiere-blonde.jpg?fit=750%2C1165&ssl=1","jetpack_sharing_enabled":true,"jetpack_shortlink":"https:\/\/wp.me\/p9zhGx-9Tu","jetpack_likes_enabled":true,"jetpack-related-posts":[{"id":38049,"url":"https:\/\/www.jojoenherbe.com\/index.php\/2025\/01\/16\/throwback-thursday-livresque-personnage-divorce\/","url_meta":{"origin":38036,"position":0},"title":"Throwback Thursday Livresque: Personnage divorc\u00e9","author":"Jojo","date":"16 janvier 2025","format":false,"excerpt":"Ce jeudi 16 janvier 2025, je participe au Throwback Thursday Livresque, un rendez-vous livresque initialement chez Bettie Rose Books et repris depuis par Carole, les liens \u00e9tant \u00e0 d\u00e9poser chez My-Bo0ks. Le principe est de partager chaque jeudi un livre en fonction d\u2019un th\u00e8me donn\u00e9. Cette semaine, le th\u00e8me est\u2026","rel":"","context":"Dans &quot;Mini blogueur&quot;","block_context":{"text":"Mini blogueur","link":"https:\/\/www.jojoenherbe.com\/index.php\/category\/mini-blogueur\/"},"img":{"alt_text":"","src":"https:\/\/i0.wp.com\/www.jojoenherbe.com\/wp-content\/uploads\/2023\/10\/TTL-logo.jpg?resize=350%2C200","width":350,"height":200},"classes":[]},{"id":38000,"url":"https:\/\/www.jojoenherbe.com\/index.php\/2025\/01\/15\/point-lecture-hebdomadaire-2025-2\/","url_meta":{"origin":38036,"position":1},"title":"Point lecture hebdomadaire 2025 #2","author":"Jojo","date":"15 janvier 2025","format":false,"excerpt":"En ce (presque) d\u00e9but de semaine, voici mon point lecture hebdomadaire avec un retour sur nos lectures (mais pas nos relectures) de la semaine derni\u00e8re. J'ai moins lu cette semaine car j'ai regard\u00e9 des s\u00e9ries dont Black Doves. Nos lectures du\u00a0 6 au 12 janvier 2025: Des lectures jeunesse: Mon\u2026","rel":"","context":"Dans &quot;Mini blogueur&quot;","block_context":{"text":"Mini blogueur","link":"https:\/\/www.jojoenherbe.com\/index.php\/category\/mini-blogueur\/"},"img":{"alt_text":"","src":"https:\/\/i0.wp.com\/www.jojoenherbe.com\/wp-content\/uploads\/2025\/01\/Point-lecture-hebdo-2025-2.jpg?fit=1200%2C960&ssl=1&resize=350%2C200","width":350,"height":200,"srcset":"https:\/\/i0.wp.com\/www.jojoenherbe.com\/wp-content\/uploads\/2025\/01\/Point-lecture-hebdo-2025-2.jpg?fit=1200%2C960&ssl=1&resize=350%2C200 1x, https:\/\/i0.wp.com\/www.jojoenherbe.com\/wp-content\/uploads\/2025\/01\/Point-lecture-hebdo-2025-2.jpg?fit=1200%2C960&ssl=1&resize=525%2C300 1.5x, https:\/\/i0.wp.com\/www.jojoenherbe.com\/wp-content\/uploads\/2025\/01\/Point-lecture-hebdo-2025-2.jpg?fit=1200%2C960&ssl=1&resize=700%2C400 2x, https:\/\/i0.wp.com\/www.jojoenherbe.com\/wp-content\/uploads\/2025\/01\/Point-lecture-hebdo-2025-2.jpg?fit=1200%2C960&ssl=1&resize=1050%2C600 3x"},"classes":[]},{"id":37289,"url":"https:\/\/www.jojoenherbe.com\/index.php\/2024\/11\/20\/au-fil-des-pages-avec-poussiere-crapaud-et-ver-de-terre-t2\/","url_meta":{"origin":38036,"position":2},"title":"Au fil des pages avec Poussi\u00e8re, Crapaud et Ver de terre (T2)","author":"Jojo","date":"20 novembre 2024","format":false,"excerpt":"Parmi nos lectures halloweenesques de cette ann\u00e9e, nous avons d\u00e9couvert le tome 2 de Poussi\u00e8re, Crapaud et Ver de terre de Sibylline et Julie Gore (\u00e9d. Sens dessus dessous, septembre 2024, 56 pages), un album jeunesse \u00e0 partir de 4 ans. Au c\u0153ur de la toute toute petite for\u00eat, Crapaud\u2026","rel":"","context":"Dans &quot;Mini lecteur&quot;","block_context":{"text":"Mini lecteur","link":"https:\/\/www.jojoenherbe.com\/index.php\/category\/mini-lecteur\/"},"img":{"alt_text":"","src":"https:\/\/i0.wp.com\/www.jojoenherbe.com\/wp-content\/uploads\/2024\/11\/Poussiere-Crapaud-et-Ver-de-terre-scaled.jpg?fit=1200%2C865&ssl=1&resize=350%2C200","width":350,"height":200,"srcset":"https:\/\/i0.wp.com\/www.jojoenherbe.com\/wp-content\/uploads\/2024\/11\/Poussiere-Crapaud-et-Ver-de-terre-scaled.jpg?fit=1200%2C865&ssl=1&resize=350%2C200 1x, https:\/\/i0.wp.com\/www.jojoenherbe.com\/wp-content\/uploads\/2024\/11\/Poussiere-Crapaud-et-Ver-de-terre-scaled.jpg?fit=1200%2C865&ssl=1&resize=525%2C300 1.5x, https:\/\/i0.wp.com\/www.jojoenherbe.com\/wp-content\/uploads\/2024\/11\/Poussiere-Crapaud-et-Ver-de-terre-scaled.jpg?fit=1200%2C865&ssl=1&resize=700%2C400 2x, https:\/\/i0.wp.com\/www.jojoenherbe.com\/wp-content\/uploads\/2024\/11\/Poussiere-Crapaud-et-Ver-de-terre-scaled.jpg?fit=1200%2C865&ssl=1&resize=1050%2C600 3x"},"classes":[]},{"id":29554,"url":"https:\/\/www.jojoenherbe.com\/index.php\/2023\/02\/01\/bilan-livresque-janvier-2023\/","url_meta":{"origin":38036,"position":3},"title":"Bilan de lecture: janvier 2023","author":"Jojo","date":"1 f\u00e9vrier 2023","format":false,"excerpt":"C\u2019est le premier du mois alors voici un petit retour bloguesque sur janvier 2023 qui a d\u00e9marr\u00e9 avec des marathons de lecture et de nombreuses (re)lectures no\u00eblesques et hivernales ainsi que la remise \u00e0 z\u00e9ro des challenges livresques qui auront lieu tout au long de l\u2019ann\u00e9e 2023 et auxquels je\u2026","rel":"","context":"Dans &quot;Mini blogueur&quot;","block_context":{"text":"Mini blogueur","link":"https:\/\/www.jojoenherbe.com\/index.php\/category\/mini-blogueur\/"},"img":{"alt_text":"","src":"https:\/\/i0.wp.com\/www.jojoenherbe.com\/wp-content\/uploads\/2023\/01\/Selection-Janvier-2023-scaled.jpg?fit=1200%2C878&ssl=1&resize=350%2C200","width":350,"height":200,"srcset":"https:\/\/i0.wp.com\/www.jojoenherbe.com\/wp-content\/uploads\/2023\/01\/Selection-Janvier-2023-scaled.jpg?fit=1200%2C878&ssl=1&resize=350%2C200 1x, https:\/\/i0.wp.com\/www.jojoenherbe.com\/wp-content\/uploads\/2023\/01\/Selection-Janvier-2023-scaled.jpg?fit=1200%2C878&ssl=1&resize=525%2C300 1.5x, https:\/\/i0.wp.com\/www.jojoenherbe.com\/wp-content\/uploads\/2023\/01\/Selection-Janvier-2023-scaled.jpg?fit=1200%2C878&ssl=1&resize=700%2C400 2x, https:\/\/i0.wp.com\/www.jojoenherbe.com\/wp-content\/uploads\/2023\/01\/Selection-Janvier-2023-scaled.jpg?fit=1200%2C878&ssl=1&resize=1050%2C600 3x"},"classes":[]},{"id":34362,"url":"https:\/\/www.jojoenherbe.com\/index.php\/2024\/01\/21\/week-end-a-mille-janvier-2024\/","url_meta":{"origin":38036,"position":4},"title":"Week-end \u00e0 1000 &#8211; janvier 2024","author":"Jojo","date":"21 janvier 2024","format":false,"excerpt":"Ce week-end, du vendredi 19 janvier 19h \u00e0 dimanche minuit se d\u00e9roule un week-end \u00e0 mille. Il s'agit d'un d\u00e9fi livresque o\u00f9 l'objectif est de lire au moins 1000 pages, quel que soit le support ou genre (romans, albums illustr\u00e9s, BD, romans graphiques, mangas, livres audio...). Mais ce nombre de\u2026","rel":"","context":"Dans &quot;Mini challenger&quot;","block_context":{"text":"Mini challenger","link":"https:\/\/www.jojoenherbe.com\/index.php\/category\/mini-challenger\/"},"img":{"alt_text":"","src":"https:\/\/i0.wp.com\/www.jojoenherbe.com\/wp-content\/uploads\/2024\/01\/Week-end-a-1000-logo-2024-01.jpg?fit=706%2C758&ssl=1&resize=350%2C200","width":350,"height":200,"srcset":"https:\/\/i0.wp.com\/www.jojoenherbe.com\/wp-content\/uploads\/2024\/01\/Week-end-a-1000-logo-2024-01.jpg?fit=706%2C758&ssl=1&resize=350%2C200 1x, https:\/\/i0.wp.com\/www.jojoenherbe.com\/wp-content\/uploads\/2024\/01\/Week-end-a-1000-logo-2024-01.jpg?fit=706%2C758&ssl=1&resize=525%2C300 1.5x, https:\/\/i0.wp.com\/www.jojoenherbe.com\/wp-content\/uploads\/2024\/01\/Week-end-a-1000-logo-2024-01.jpg?fit=706%2C758&ssl=1&resize=700%2C400 2x"},"classes":[]},{"id":39707,"url":"https:\/\/www.jojoenherbe.com\/index.php\/2025\/06\/12\/throwback-thursday-livresque-titre-en-deux-mots\/","url_meta":{"origin":38036,"position":5},"title":"Throwback Thursday Livresque: Titre en deux mots","author":"Jojo","date":"12 juin 2025","format":false,"excerpt":"Ce jeudi 12 juin 2025, je participe au Throwback Thursday Livresque, un rendez-vous livresque initialement chez Bettie Rose Books et repris depuis par Carole, les liens \u00e9tant \u00e0 d\u00e9poser chez My-Bo0ks. Le principe est de partager chaque jeudi un livre en fonction d\u2019un th\u00e8me donn\u00e9. Cette semaine, le th\u00e8me est\u2026","rel":"","context":"Dans &quot;Mini blogueur&quot;","block_context":{"text":"Mini blogueur","link":"https:\/\/www.jojoenherbe.com\/index.php\/category\/mini-blogueur\/"},"img":{"alt_text":"","src":"https:\/\/i0.wp.com\/www.jojoenherbe.com\/wp-content\/uploads\/2023\/10\/TTL-logo.jpg?resize=350%2C200","width":350,"height":200},"classes":[]}],"_links":{"self":[{"href":"https:\/\/www.jojoenherbe.com\/index.php\/wp-json\/wp\/v2\/posts\/38036","targetHints":{"allow":["GET"]}}],"collection":[{"href":"https:\/\/www.jojoenherbe.com\/index.php\/wp-json\/wp\/v2\/posts"}],"about":[{"href":"https:\/\/www.jojoenherbe.com\/index.php\/wp-json\/wp\/v2\/types\/post"}],"author":[{"embeddable":true,"href":"https:\/\/www.jojoenherbe.com\/index.php\/wp-json\/wp\/v2\/users\/1"}],"replies":[{"embeddable":true,"href":"https:\/\/www.jojoenherbe.com\/index.php\/wp-json\/wp\/v2\/comments?post=38036"}],"version-history":[{"count":17,"href":"https:\/\/www.jojoenherbe.com\/index.php\/wp-json\/wp\/v2\/posts\/38036\/revisions"}],"predecessor-version":[{"id":42133,"href":"https:\/\/www.jojoenherbe.com\/index.php\/wp-json\/wp\/v2\/posts\/38036\/revisions\/42133"}],"wp:featuredmedia":[{"embeddable":true,"href":"https:\/\/www.jojoenherbe.com\/index.php\/wp-json\/wp\/v2\/media\/38020"}],"wp:attachment":[{"href":"https:\/\/www.jojoenherbe.com\/index.php\/wp-json\/wp\/v2\/media?parent=38036"}],"wp:term":[{"taxonomy":"category","embeddable":true,"href":"https:\/\/www.jojoenherbe.com\/index.php\/wp-json\/wp\/v2\/categories?post=38036"},{"taxonomy":"post_tag","embeddable":true,"href":"https:\/\/www.jojoenherbe.com\/index.php\/wp-json\/wp\/v2\/tags?post=38036"}],"curies":[{"name":"wp","href":"https:\/\/api.w.org\/{rel}","templated":true}]}}