{"id":37902,"date":"2025-01-15T20:03:48","date_gmt":"2025-01-15T19:03:48","guid":{"rendered":"http:\/\/www.jojoenherbe.com\/?p=37902"},"modified":"2025-04-19T10:56:18","modified_gmt":"2025-04-19T08:56:18","slug":"au-fil-des-pages-avec-peter-pan-de-kensington","status":"publish","type":"post","link":"https:\/\/www.jojoenherbe.com\/index.php\/2025\/01\/15\/au-fil-des-pages-avec-peter-pan-de-kensington\/","title":{"rendered":"Au fil des pages avec Peter Pan de Kensington"},"content":{"rendered":"<p style=\"text-align: justify;\"><em><a href=\"https:\/\/i0.wp.com\/www.jojoenherbe.com\/wp-content\/uploads\/2025\/01\/Peter-Pan-de-Kensington-BD-2.jpg\"><img data-recalc-dims=\"1\" loading=\"lazy\" decoding=\"async\" data-attachment-id=\"37990\" data-permalink=\"https:\/\/www.jojoenherbe.com\/index.php\/2025\/01\/15\/au-fil-des-pages-avec-peter-pan-de-kensington\/screenshot-117\/\" data-orig-file=\"https:\/\/i0.wp.com\/www.jojoenherbe.com\/wp-content\/uploads\/2025\/01\/Peter-Pan-de-Kensington-BD-2.jpg?fit=750%2C1063&amp;ssl=1\" data-orig-size=\"750,1063\" data-comments-opened=\"1\" data-image-meta=\"{&quot;aperture&quot;:&quot;0&quot;,&quot;credit&quot;:&quot;&quot;,&quot;camera&quot;:&quot;&quot;,&quot;caption&quot;:&quot;Screenshot&quot;,&quot;created_timestamp&quot;:&quot;0&quot;,&quot;copyright&quot;:&quot;&quot;,&quot;focal_length&quot;:&quot;0&quot;,&quot;iso&quot;:&quot;0&quot;,&quot;shutter_speed&quot;:&quot;0&quot;,&quot;title&quot;:&quot;Screenshot&quot;,&quot;orientation&quot;:&quot;1&quot;}\" data-image-title=\"\" data-image-description=\"\" data-image-caption=\"\" data-large-file=\"https:\/\/i0.wp.com\/www.jojoenherbe.com\/wp-content\/uploads\/2025\/01\/Peter-Pan-de-Kensington-BD-2.jpg?fit=676%2C959&amp;ssl=1\" class=\"alignleft size-thumbnail wp-image-37990\" src=\"https:\/\/i0.wp.com\/www.jojoenherbe.com\/wp-content\/uploads\/2025\/01\/Peter-Pan-de-Kensington-BD-2.jpg?resize=150%2C150\" alt=\"\" width=\"150\" height=\"150\" srcset=\"https:\/\/i0.wp.com\/www.jojoenherbe.com\/wp-content\/uploads\/2025\/01\/Peter-Pan-de-Kensington-BD-2.jpg?resize=150%2C150&amp;ssl=1 150w, https:\/\/i0.wp.com\/www.jojoenherbe.com\/wp-content\/uploads\/2025\/01\/Peter-Pan-de-Kensington-BD-2.jpg?zoom=2&amp;resize=150%2C150 300w, https:\/\/i0.wp.com\/www.jojoenherbe.com\/wp-content\/uploads\/2025\/01\/Peter-Pan-de-Kensington-BD-2.jpg?zoom=3&amp;resize=150%2C150 450w\" sizes=\"auto, (max-width: 150px) 100vw, 150px\" \/><\/a>Apr\u00e8s avoir grandement appr\u00e9ci\u00e9 son interpr\u00e9tation d\u2019<a href=\"http:\/\/www.jojoenherbe.com\/index.php\/2024\/01\/05\/au-fil-des-pages-avec-un-chant-de-noel-une-histoire-de-fantomes\/\"><span style=\"text-decoration: underline;\">Un chant de No\u00ebl, une histoire de fant\u00f4mes<\/span><\/a> (\u00e9d. Dargaud, novembre 2022, 80 pages), \u00e0 No\u00ebl dernier, j\u2019ai lu, en version num\u00e9rique via ma m\u00e9diath\u00e8que, <span style=\"text-decoration: underline;\">Peter Pan de Kensington<\/span>\u00a0 de Jose Luis Munuera (\u00e9d. Dargaud, ao\u00fbt 2024, 96 pages), une BD jeunesse selon l\u2019\u00e9diteur mais que je conseillerai pour les adolescents et qui adapte <span style=\"text-decoration: underline;\">Le Petit Oiseau blanc<\/span> de James Matthew Barrie paru en 1902 et qui mentionnait pour la premi\u00e8re fois le personnage de Peter Pan, avant la pi\u00e8ce de th\u00e9\u00e2tre de 1904 et le roman \u00e9ponyme de 1911. <\/em><\/p>\n<p><em><a href=\"https:\/\/i0.wp.com\/www.jojoenherbe.com\/wp-content\/uploads\/2025\/01\/Peter-Pan-de-Kensington-BD-6.jpg\"><img data-recalc-dims=\"1\" loading=\"lazy\" decoding=\"async\" data-attachment-id=\"37994\" data-permalink=\"https:\/\/www.jojoenherbe.com\/index.php\/2025\/01\/15\/au-fil-des-pages-avec-peter-pan-de-kensington\/screenshot-121\/\" data-orig-file=\"https:\/\/i0.wp.com\/www.jojoenherbe.com\/wp-content\/uploads\/2025\/01\/Peter-Pan-de-Kensington-BD-6.jpg?fit=750%2C1029&amp;ssl=1\" data-orig-size=\"750,1029\" data-comments-opened=\"1\" data-image-meta=\"{&quot;aperture&quot;:&quot;0&quot;,&quot;credit&quot;:&quot;&quot;,&quot;camera&quot;:&quot;&quot;,&quot;caption&quot;:&quot;Screenshot&quot;,&quot;created_timestamp&quot;:&quot;0&quot;,&quot;copyright&quot;:&quot;&quot;,&quot;focal_length&quot;:&quot;0&quot;,&quot;iso&quot;:&quot;0&quot;,&quot;shutter_speed&quot;:&quot;0&quot;,&quot;title&quot;:&quot;Screenshot&quot;,&quot;orientation&quot;:&quot;1&quot;}\" data-image-title=\"\" data-image-description=\"\" data-image-caption=\"\" data-large-file=\"https:\/\/i0.wp.com\/www.jojoenherbe.com\/wp-content\/uploads\/2025\/01\/Peter-Pan-de-Kensington-BD-6.jpg?fit=676%2C928&amp;ssl=1\" class=\"size-thumbnail wp-image-37994 alignright\" src=\"https:\/\/i0.wp.com\/www.jojoenherbe.com\/wp-content\/uploads\/2025\/01\/Peter-Pan-de-Kensington-BD-6.jpg?resize=150%2C150\" alt=\"\" width=\"150\" height=\"150\" srcset=\"https:\/\/i0.wp.com\/www.jojoenherbe.com\/wp-content\/uploads\/2025\/01\/Peter-Pan-de-Kensington-BD-6.jpg?resize=150%2C150&amp;ssl=1 150w, https:\/\/i0.wp.com\/www.jojoenherbe.com\/wp-content\/uploads\/2025\/01\/Peter-Pan-de-Kensington-BD-6.jpg?zoom=2&amp;resize=150%2C150 300w, https:\/\/i0.wp.com\/www.jojoenherbe.com\/wp-content\/uploads\/2025\/01\/Peter-Pan-de-Kensington-BD-6.jpg?zoom=3&amp;resize=150%2C150 450w\" sizes=\"auto, (max-width: 150px) 100vw, 150px\" \/><\/a> <a href=\"https:\/\/i0.wp.com\/www.jojoenherbe.com\/wp-content\/uploads\/2025\/01\/Peter-Pan-de-Kensington-BD-3.jpg\"><img data-recalc-dims=\"1\" loading=\"lazy\" decoding=\"async\" data-attachment-id=\"37991\" data-permalink=\"https:\/\/www.jojoenherbe.com\/index.php\/2025\/01\/15\/au-fil-des-pages-avec-peter-pan-de-kensington\/screenshot-118\/\" data-orig-file=\"https:\/\/i0.wp.com\/www.jojoenherbe.com\/wp-content\/uploads\/2025\/01\/Peter-Pan-de-Kensington-BD-3.jpg?fit=750%2C1060&amp;ssl=1\" data-orig-size=\"750,1060\" data-comments-opened=\"1\" data-image-meta=\"{&quot;aperture&quot;:&quot;0&quot;,&quot;credit&quot;:&quot;&quot;,&quot;camera&quot;:&quot;&quot;,&quot;caption&quot;:&quot;Screenshot&quot;,&quot;created_timestamp&quot;:&quot;0&quot;,&quot;copyright&quot;:&quot;&quot;,&quot;focal_length&quot;:&quot;0&quot;,&quot;iso&quot;:&quot;0&quot;,&quot;shutter_speed&quot;:&quot;0&quot;,&quot;title&quot;:&quot;Screenshot&quot;,&quot;orientation&quot;:&quot;1&quot;}\" data-image-title=\"\" data-image-description=\"\" data-image-caption=\"\" data-large-file=\"https:\/\/i0.wp.com\/www.jojoenherbe.com\/wp-content\/uploads\/2025\/01\/Peter-Pan-de-Kensington-BD-3.jpg?fit=676%2C955&amp;ssl=1\" class=\"size-thumbnail wp-image-37991 alignright\" src=\"https:\/\/i0.wp.com\/www.jojoenherbe.com\/wp-content\/uploads\/2025\/01\/Peter-Pan-de-Kensington-BD-3.jpg?resize=150%2C150\" alt=\"\" width=\"150\" height=\"150\" srcset=\"https:\/\/i0.wp.com\/www.jojoenherbe.com\/wp-content\/uploads\/2025\/01\/Peter-Pan-de-Kensington-BD-3.jpg?resize=150%2C150&amp;ssl=1 150w, https:\/\/i0.wp.com\/www.jojoenherbe.com\/wp-content\/uploads\/2025\/01\/Peter-Pan-de-Kensington-BD-3.jpg?zoom=2&amp;resize=150%2C150 300w, https:\/\/i0.wp.com\/www.jojoenherbe.com\/wp-content\/uploads\/2025\/01\/Peter-Pan-de-Kensington-BD-3.jpg?zoom=3&amp;resize=150%2C150 450w\" sizes=\"auto, (max-width: 150px) 100vw, 150px\" \/><\/a>Dans les jardins de Kensington, \u00e0 Londres, Maimie Mannering, une fillette de six ans s\u2019est perdue \u00e0 la nuit tomb\u00e9e et ne sait pas comment rentrer chez elle. Elle demande de l\u2019aide \u00e0 Peter Pan qui la conduit aupr\u00e8s de la Reine des f\u00e9es qui leur soumet une \u00e9nigme improbable. Le temps est compt\u00e9. Ils ont jusqu\u2019au lever du jour pour la r\u00e9soudre sinon la fillette restera bloquer dans le parc \u00e0 tout jamais. Y parviendront-ils \u00e0 temps?<br \/>\n<\/em><\/p>\n<p style=\"text-align: justify;\"><em><a href=\"https:\/\/i0.wp.com\/www.jojoenherbe.com\/wp-content\/uploads\/2025\/01\/Peter-Pan-de-Kensington-BD-4.jpg\"><img data-recalc-dims=\"1\" loading=\"lazy\" decoding=\"async\" data-attachment-id=\"37992\" data-permalink=\"https:\/\/www.jojoenherbe.com\/index.php\/2025\/01\/15\/au-fil-des-pages-avec-peter-pan-de-kensington\/screenshot-119\/\" data-orig-file=\"https:\/\/i0.wp.com\/www.jojoenherbe.com\/wp-content\/uploads\/2025\/01\/Peter-Pan-de-Kensington-BD-4.jpg?fit=750%2C1054&amp;ssl=1\" data-orig-size=\"750,1054\" data-comments-opened=\"1\" data-image-meta=\"{&quot;aperture&quot;:&quot;0&quot;,&quot;credit&quot;:&quot;&quot;,&quot;camera&quot;:&quot;&quot;,&quot;caption&quot;:&quot;Screenshot&quot;,&quot;created_timestamp&quot;:&quot;0&quot;,&quot;copyright&quot;:&quot;&quot;,&quot;focal_length&quot;:&quot;0&quot;,&quot;iso&quot;:&quot;0&quot;,&quot;shutter_speed&quot;:&quot;0&quot;,&quot;title&quot;:&quot;Screenshot&quot;,&quot;orientation&quot;:&quot;1&quot;}\" data-image-title=\"\" data-image-description=\"\" data-image-caption=\"\" data-large-file=\"https:\/\/i0.wp.com\/www.jojoenherbe.com\/wp-content\/uploads\/2025\/01\/Peter-Pan-de-Kensington-BD-4.jpg?fit=676%2C950&amp;ssl=1\" class=\"alignleft size-thumbnail wp-image-37992\" src=\"https:\/\/i0.wp.com\/www.jojoenherbe.com\/wp-content\/uploads\/2025\/01\/Peter-Pan-de-Kensington-BD-4.jpg?resize=150%2C150\" alt=\"\" width=\"150\" height=\"150\" srcset=\"https:\/\/i0.wp.com\/www.jojoenherbe.com\/wp-content\/uploads\/2025\/01\/Peter-Pan-de-Kensington-BD-4.jpg?resize=150%2C150&amp;ssl=1 150w, https:\/\/i0.wp.com\/www.jojoenherbe.com\/wp-content\/uploads\/2025\/01\/Peter-Pan-de-Kensington-BD-4.jpg?zoom=2&amp;resize=150%2C150 300w, https:\/\/i0.wp.com\/www.jojoenherbe.com\/wp-content\/uploads\/2025\/01\/Peter-Pan-de-Kensington-BD-4.jpg?zoom=3&amp;resize=150%2C150 450w\" sizes=\"auto, (max-width: 150px) 100vw, 150px\" \/><\/a> <a href=\"https:\/\/i0.wp.com\/www.jojoenherbe.com\/wp-content\/uploads\/2025\/01\/Peter-Pan-de-Kensington-BD-5.jpg\"><img data-recalc-dims=\"1\" loading=\"lazy\" decoding=\"async\" data-attachment-id=\"37993\" data-permalink=\"https:\/\/www.jojoenherbe.com\/index.php\/2025\/01\/15\/au-fil-des-pages-avec-peter-pan-de-kensington\/screenshot-120\/\" data-orig-file=\"https:\/\/i0.wp.com\/www.jojoenherbe.com\/wp-content\/uploads\/2025\/01\/Peter-Pan-de-Kensington-BD-5.jpg?fit=750%2C1040&amp;ssl=1\" data-orig-size=\"750,1040\" data-comments-opened=\"1\" data-image-meta=\"{&quot;aperture&quot;:&quot;0&quot;,&quot;credit&quot;:&quot;&quot;,&quot;camera&quot;:&quot;&quot;,&quot;caption&quot;:&quot;Screenshot&quot;,&quot;created_timestamp&quot;:&quot;0&quot;,&quot;copyright&quot;:&quot;&quot;,&quot;focal_length&quot;:&quot;0&quot;,&quot;iso&quot;:&quot;0&quot;,&quot;shutter_speed&quot;:&quot;0&quot;,&quot;title&quot;:&quot;Screenshot&quot;,&quot;orientation&quot;:&quot;1&quot;}\" data-image-title=\"\" data-image-description=\"\" data-image-caption=\"\" data-large-file=\"https:\/\/i0.wp.com\/www.jojoenherbe.com\/wp-content\/uploads\/2025\/01\/Peter-Pan-de-Kensington-BD-5.jpg?fit=676%2C938&amp;ssl=1\" class=\"alignleft size-thumbnail wp-image-37993\" src=\"https:\/\/i0.wp.com\/www.jojoenherbe.com\/wp-content\/uploads\/2025\/01\/Peter-Pan-de-Kensington-BD-5.jpg?resize=150%2C150\" alt=\"\" width=\"150\" height=\"150\" srcset=\"https:\/\/i0.wp.com\/www.jojoenherbe.com\/wp-content\/uploads\/2025\/01\/Peter-Pan-de-Kensington-BD-5.jpg?resize=150%2C150&amp;ssl=1 150w, https:\/\/i0.wp.com\/www.jojoenherbe.com\/wp-content\/uploads\/2025\/01\/Peter-Pan-de-Kensington-BD-5.jpg?zoom=2&amp;resize=150%2C150 300w, https:\/\/i0.wp.com\/www.jojoenherbe.com\/wp-content\/uploads\/2025\/01\/Peter-Pan-de-Kensington-BD-5.jpg?zoom=3&amp;resize=150%2C150 450w\" sizes=\"auto, (max-width: 150px) 100vw, 150px\" \/><\/a>J\u2019ai une nouvelle fois bien appr\u00e9ci\u00e9 cette lecture, m\u00eame si je n\u2019ai pas lu le roman originel de 1902, seulement <span style=\"text-decoration: underline;\">Peter Pan<\/span> dont on retrouve le c\u00f4t\u00e9 sombre et cruel dans sa fa\u00e7on de se comporter, par moment, avec la fillette. J\u2019ai \u00e9galement appr\u00e9ci\u00e9 ce petit peuple de la nuit qui prend vie dans le parc, la Reine des f\u00e9es \u00e9tant le double nocturne de la Reine Victoria dans une version reprenant les caricatures satiriques des journaux de l&rsquo;\u00e9poque victorienne et qui apporte une touche de l\u00e9g\u00e8ret\u00e9 et d&rsquo;humour au r\u00e9cit bien sombre.<\/em><\/p>\n<p style=\"text-align: justify;\"><em><a href=\"https:\/\/i0.wp.com\/www.jojoenherbe.com\/wp-content\/uploads\/2025\/01\/Peter-Pan-dans-les-jardins-de-Kensington-scaled.jpg\"><img data-recalc-dims=\"1\" loading=\"lazy\" decoding=\"async\" data-attachment-id=\"38039\" data-permalink=\"https:\/\/www.jojoenherbe.com\/index.php\/2025\/01\/15\/au-fil-des-pages-avec-peter-pan-de-kensington\/peter-pan-dans-les-jardins-de-kensington\/\" data-orig-file=\"https:\/\/i0.wp.com\/www.jojoenherbe.com\/wp-content\/uploads\/2025\/01\/Peter-Pan-dans-les-jardins-de-Kensington-scaled.jpg?fit=2560%2C2265&amp;ssl=1\" data-orig-size=\"2560,2265\" data-comments-opened=\"1\" data-image-meta=\"{&quot;aperture&quot;:&quot;1.8&quot;,&quot;credit&quot;:&quot;&quot;,&quot;camera&quot;:&quot;iPhone 7&quot;,&quot;caption&quot;:&quot;&quot;,&quot;created_timestamp&quot;:&quot;1736966110&quot;,&quot;copyright&quot;:&quot;&quot;,&quot;focal_length&quot;:&quot;3.99&quot;,&quot;iso&quot;:&quot;100&quot;,&quot;shutter_speed&quot;:&quot;0.16666666666667&quot;,&quot;title&quot;:&quot;&quot;,&quot;orientation&quot;:&quot;1&quot;}\" data-image-title=\"Peter Pan dans les jardins de Kensington\" data-image-description=\"\" data-image-caption=\"\" data-large-file=\"https:\/\/i0.wp.com\/www.jojoenherbe.com\/wp-content\/uploads\/2025\/01\/Peter-Pan-dans-les-jardins-de-Kensington-scaled.jpg?fit=676%2C598&amp;ssl=1\" class=\"size-thumbnail wp-image-38039 alignright\" src=\"https:\/\/i0.wp.com\/www.jojoenherbe.com\/wp-content\/uploads\/2025\/01\/Peter-Pan-dans-les-jardins-de-Kensington.jpg?resize=150%2C150\" alt=\"\" width=\"150\" height=\"150\" srcset=\"https:\/\/i0.wp.com\/www.jojoenherbe.com\/wp-content\/uploads\/2025\/01\/Peter-Pan-dans-les-jardins-de-Kensington-scaled.jpg?resize=150%2C150&amp;ssl=1 150w, https:\/\/i0.wp.com\/www.jojoenherbe.com\/wp-content\/uploads\/2025\/01\/Peter-Pan-dans-les-jardins-de-Kensington-scaled.jpg?zoom=2&amp;resize=150%2C150 300w, https:\/\/i0.wp.com\/www.jojoenherbe.com\/wp-content\/uploads\/2025\/01\/Peter-Pan-dans-les-jardins-de-Kensington-scaled.jpg?zoom=3&amp;resize=150%2C150 450w\" sizes=\"auto, (max-width: 150px) 100vw, 150px\" \/><\/a>Il y est ainsi question d&rsquo;enfance, de la place de l&rsquo;enfant au sein de la famille, en particulier de la perte d&rsquo;un enfant, de deuil, d&rsquo;oubli, d&rsquo;amour parental ou filial, de mortalit\u00e9 enfantine&#8230; Le monde de l&rsquo;enfance peut basculer \u00e0 tout moment, tout tenant dans un \u00e9quilibre pr\u00e9caire entre merveilleux et cruaut\u00e9, \u00e0 l&rsquo;image de la vie, th\u00e9\u00e2tre de la trag\u00e9die humaine. Les illustrations sont magnifiques, entre r\u00e9alisme et onirisme, entre innocence enfantine et peurs nocturnes, la mort hantant les lieux. Comme le lui demande Peter Pan, que peut bien \u00eatre Maimie? Et m\u00eame Peter lui-m\u00eame? <\/em><em>Un tr\u00e8s bon moment de lecture bien que les th\u00e8mes abord\u00e9s soient sombres et tristes! <\/em><em>Cela m\u2019a donn\u00e9 envie de lire l\u2019\u0153uvre illustr\u00e9e par Arthur Rackham, <span style=\"text-decoration: underline;\">Peter Pan dans les jardins de Kensington<\/span> (\u00e9d. Biblioth\u00e8que nationale de France, r\u00e9\u00e9d. d\u00e9cembre 2021, 128 pages), une version r\u00e9duite de\u00a0 James Matthew Barrie, n&rsquo;ayant pas r\u00e9ussi \u00e0 d\u00e9nicher <span style=\"text-decoration: underline;\">Le Petit Oiseau blanc<\/span>.<br \/>\n<\/em><\/p>\n<p style=\"text-align: justify;\"><em>Je coche au passage ma premi\u00e8re case du bingo du Challenge Contes et L\u00e9gendes \u00ab\u00a0une BD\u00a0\u00bb.<\/em><\/p>\n<div style=\"width: 91px\" class=\"wp-caption alignleft\"><img loading=\"lazy\" decoding=\"async\" src=\"https:\/\/i0.wp.com\/mapetitemediatheque.fr\/wp-content\/uploads\/2021\/07\/challenge-contes-et-legendes-239x300-1.jpg?resize=137%2C172\" alt=\"\" width=\"81\" height=\"101\" data-recalc-dims=\"1\" \/><p class=\"wp-caption-text\">Participation #1 Challenge Contes &amp; L\u00e9gendes 2025 de <a href=\"https:\/\/mapetitemediatheque.fr\/2025\/01\/challenge-contes-legendes-2025\/\">Bidib<\/a> #Classique jeunesse anglais<\/p><\/div>\n<div id=\"attachment_37823\" style=\"width: 109px\" class=\"wp-caption alignleft\"><img data-recalc-dims=\"1\" loading=\"lazy\" decoding=\"async\" aria-describedby=\"caption-attachment-37823\" data-attachment-id=\"37823\" data-permalink=\"https:\/\/www.jojoenherbe.com\/index.php\/2025\/01\/10\/mes-challenges-livresques-2025\/challenge-petit-bac-2025-denna-logo\/\" data-orig-file=\"https:\/\/i0.wp.com\/www.jojoenherbe.com\/wp-content\/uploads\/2024\/12\/Challenge-Petit-Bac-2025-dEnna-logo.jpg?fit=285%2C217&amp;ssl=1\" data-orig-size=\"285,217\" data-comments-opened=\"1\" data-image-meta=\"{&quot;aperture&quot;:&quot;0&quot;,&quot;credit&quot;:&quot;&quot;,&quot;camera&quot;:&quot;&quot;,&quot;caption&quot;:&quot;&quot;,&quot;created_timestamp&quot;:&quot;1735738492&quot;,&quot;copyright&quot;:&quot;&quot;,&quot;focal_length&quot;:&quot;0&quot;,&quot;iso&quot;:&quot;0&quot;,&quot;shutter_speed&quot;:&quot;0&quot;,&quot;title&quot;:&quot;&quot;,&quot;orientation&quot;:&quot;0&quot;}\" data-image-title=\"Challenge Petit Bac 2025 d&amp;rsquo;Enna &amp;#8211; logo\" data-image-description=\"\" data-image-caption=\"\" data-large-file=\"https:\/\/i0.wp.com\/www.jojoenherbe.com\/wp-content\/uploads\/2024\/12\/Challenge-Petit-Bac-2025-dEnna-logo.jpg?fit=285%2C217&amp;ssl=1\" class=\"wp-image-37823\" src=\"https:\/\/i0.wp.com\/www.jojoenherbe.com\/wp-content\/uploads\/2024\/12\/Challenge-Petit-Bac-2025-dEnna-logo.jpg?resize=99%2C75\" alt=\"\" width=\"99\" height=\"75\" \/><p id=\"caption-attachment-37823\" class=\"wp-caption-text\">Challenge Petit Bac d\u2019<em><a href=\"https:\/\/ennalit.wordpress.com\/2024\/12\/01\/challenge-petit-bac-2025-qui-veut-jouer\/\">Enna<\/a><\/em> #1 Cat\u00e9gorie Pr\u00e9nom: \u00ab Peter \u00bb<\/p><\/div>\n<div id=\"attachment_19954\" style=\"width: 112px\" class=\"wp-caption alignleft\"><img loading=\"lazy\" decoding=\"async\" aria-describedby=\"caption-attachment-19954\" class=\"wp-image-19954\" src=\"https:\/\/i0.wp.com\/mapetitemediatheque.fr\/wp-content\/uploads\/2021\/11\/Inkedle-tour-du-monde-en-80-livres-2_LI.jpg?resize=116%2C87&amp;ssl=1\" sizes=\"auto, (max-width: 500px) 100vw, 500px\" srcset=\"https:\/\/i0.wp.com\/mapetitemediatheque.fr\/wp-content\/uploads\/2021\/11\/Inkedle-tour-du-monde-en-80-livres-2_LI.jpg?resize=116%2C87&amp;ssl=1 500w, https:\/\/mapetitemediatheque.fr\/wp-content\/uploads\/2021\/11\/Inkedle-tour-du-monde-en-80-livres-2_LI-300x226.jpg 300w, https:\/\/mapetitemediatheque.fr\/wp-content\/uploads\/2021\/11\/Inkedle-tour-du-monde-en-80-livres-2_LI-120x90.jpg 120w\" alt=\"\" width=\"102\" height=\"77\" aria-describedby=\"caption-attachment-19954\" \/><p id=\"caption-attachment-19954\" class=\"wp-caption-text\">Participation #1 (Parcours illustr\u00e9) Challenge Le tour du monde en 80 livres 2025 de <a href=\"https:\/\/mapetitemediatheque.fr\/2025\/01\/le-tour-du-monde-en-80-livres-2025\/\">Bidib<\/a> #Espagne (Dessinateur) et Royaume-Uni\/\u00c9cosse (Auteur)<\/p><\/div>\n<div id=\"attachment_39019\" style=\"width: 124px\" class=\"wp-caption alignleft\"><img data-recalc-dims=\"1\" loading=\"lazy\" decoding=\"async\" aria-describedby=\"caption-attachment-39019\" data-attachment-id=\"39019\" data-permalink=\"https:\/\/www.jojoenherbe.com\/index.php\/2025\/04\/18\/au-fil-des-pages-avec-le-tour-du-monde-en-80-jours\/2025-sera-classique-aussi-logo\/\" data-orig-file=\"https:\/\/i0.wp.com\/www.jojoenherbe.com\/wp-content\/uploads\/2025\/04\/2025-sera-classique-aussi-logo.png?fit=768%2C430&amp;ssl=1\" data-orig-size=\"768,430\" data-comments-opened=\"1\" data-image-meta=\"{&quot;aperture&quot;:&quot;0&quot;,&quot;credit&quot;:&quot;&quot;,&quot;camera&quot;:&quot;&quot;,&quot;caption&quot;:&quot;&quot;,&quot;created_timestamp&quot;:&quot;0&quot;,&quot;copyright&quot;:&quot;&quot;,&quot;focal_length&quot;:&quot;0&quot;,&quot;iso&quot;:&quot;0&quot;,&quot;shutter_speed&quot;:&quot;0&quot;,&quot;title&quot;:&quot;&quot;,&quot;orientation&quot;:&quot;0&quot;}\" data-image-title=\"2025 sera classique aussi &amp;#8211; logo\" data-image-description=\"\" data-image-caption=\"\" data-large-file=\"https:\/\/i0.wp.com\/www.jojoenherbe.com\/wp-content\/uploads\/2025\/04\/2025-sera-classique-aussi-logo.png?fit=676%2C378&amp;ssl=1\" class=\"wp-image-39019\" src=\"https:\/\/i0.wp.com\/www.jojoenherbe.com\/wp-content\/uploads\/2025\/04\/2025-sera-classique-aussi-logo.png?resize=114%2C64\" alt=\"\" width=\"114\" height=\"64\" srcset=\"https:\/\/i0.wp.com\/www.jojoenherbe.com\/wp-content\/uploads\/2025\/04\/2025-sera-classique-aussi-logo.png?w=768&amp;ssl=1 768w, https:\/\/i0.wp.com\/www.jojoenherbe.com\/wp-content\/uploads\/2025\/04\/2025-sera-classique-aussi-logo.png?resize=300%2C168&amp;ssl=1 300w, https:\/\/i0.wp.com\/www.jojoenherbe.com\/wp-content\/uploads\/2025\/04\/2025-sera-classique-aussi-logo.png?resize=676%2C378&amp;ssl=1 676w\" sizes=\"auto, (max-width: 114px) 100vw, 114px\" \/><p id=\"caption-attachment-39019\" class=\"wp-caption-text\">Participation #1 Challenge 2025 sera classique aussi! de <a href=\"https:\/\/delivrer-des-livres.fr\/2025-sera-classique-aussi\/\">Nathalie<\/a> #Adaptation BD<\/p><\/div>\n","protected":false},"excerpt":{"rendered":"<p>Apr\u00e8s avoir grandement appr\u00e9ci\u00e9 son interpr\u00e9tation d\u2019Un chant de No\u00ebl, une histoire de fant\u00f4mes (\u00e9d. Dargaud, novembre 2022, 80 pages), \u00e0 No\u00ebl dernier, j\u2019ai lu, en version num\u00e9rique via ma m\u00e9diath\u00e8que, Peter Pan de Kensington\u00a0 de Jose Luis Munuera (\u00e9d. Dargaud, ao\u00fbt 2024, 96 pages), une BD jeunesse selon l\u2019\u00e9diteur mais que je conseillerai pour [&hellip;]<\/p>\n","protected":false},"author":1,"featured_media":37791,"comment_status":"open","ping_status":"open","sticky":false,"template":"","format":"standard","meta":{"jetpack_post_was_ever_published":false,"_jetpack_newsletter_access":"","_jetpack_dont_email_post_to_subs":false,"_jetpack_newsletter_tier_id":0,"_jetpack_memberships_contains_paywalled_content":false,"_jetpack_memberships_contains_paid_content":false,"footnotes":""},"categories":[363],"tags":[2169,1347,4438,2444,386,1461,596,2087,1226,4424,4423,936,868,1098,1622,459,341,912,2743,1225,4425,4448,429,1522,2742,920,555,1409,2088],"class_list":["post-37902","post","type-post","status-publish","format-standard","has-post-thumbnail","hentry","category-mini-lecteur","tag-16-18-ans","tag-18-ans-et-plus","tag-2025-sera-classique-aussi","tag-adaptation","tag-amitie","tag-angleterre","tag-bandes-dessinees","tag-bd-adulte","tag-bd-jeunesse","tag-challenge-contes-et-legendes-2025","tag-challenge-petit-bac-2025","tag-deuil","tag-enfance","tag-enigmes","tag-epoque-victorienne","tag-famille","tag-fantome","tag-fee","tag-james-matthew-barrie","tag-jose-luis-munuera","tag-le-tour-du-monde-en-80-livres-2025","tag-mortalite-enfantine","tag-nuit","tag-parc","tag-peter-pan","tag-petit-peuple","tag-peur","tag-relation-parent-enfant","tag-roman-graphique","post-preview"],"jetpack_featured_media_url":"https:\/\/i0.wp.com\/www.jojoenherbe.com\/wp-content\/uploads\/2025\/01\/Peter-Pan-de-Kensington-BD.jpg?fit=750%2C1030&ssl=1","jetpack_sharing_enabled":true,"jetpack_shortlink":"https:\/\/wp.me\/p9zhGx-9Rk","jetpack_likes_enabled":true,"jetpack-related-posts":[{"id":37737,"url":"https:\/\/www.jojoenherbe.com\/index.php\/2025\/01\/04\/point-lecture-hebdomadaire-2024-52\/","url_meta":{"origin":37902,"position":0},"title":"Point lecture hebdomadaire 2024 #52","author":"Jojo","date":"4 janvier 2025","format":false,"excerpt":"En cette fin de semaine, voici, avec retard, mon point lecture hebdomadaire avec un retour sur nos lectures (mais pas nos relectures) de la semaine derni\u00e8re qui \u00e9tait aussi une semaine de cong\u00e9s. Nos lectures du\u00a0 23 au 29 d\u00e9cembre 2024: Des lectures jeunesse: Avec mon mini lutin nous avons\u2026","rel":"","context":"Dans &quot;Mini blogueur&quot;","block_context":{"text":"Mini blogueur","link":"https:\/\/www.jojoenherbe.com\/index.php\/category\/mini-blogueur\/"},"img":{"alt_text":"","src":"https:\/\/i0.wp.com\/www.jojoenherbe.com\/wp-content\/uploads\/2024\/12\/Point-lecture-hebdo-2024-52.jpg?fit=1200%2C960&ssl=1&resize=350%2C200","width":350,"height":200,"srcset":"https:\/\/i0.wp.com\/www.jojoenherbe.com\/wp-content\/uploads\/2024\/12\/Point-lecture-hebdo-2024-52.jpg?fit=1200%2C960&ssl=1&resize=350%2C200 1x, https:\/\/i0.wp.com\/www.jojoenherbe.com\/wp-content\/uploads\/2024\/12\/Point-lecture-hebdo-2024-52.jpg?fit=1200%2C960&ssl=1&resize=525%2C300 1.5x, https:\/\/i0.wp.com\/www.jojoenherbe.com\/wp-content\/uploads\/2024\/12\/Point-lecture-hebdo-2024-52.jpg?fit=1200%2C960&ssl=1&resize=700%2C400 2x, https:\/\/i0.wp.com\/www.jojoenherbe.com\/wp-content\/uploads\/2024\/12\/Point-lecture-hebdo-2024-52.jpg?fit=1200%2C960&ssl=1&resize=1050%2C600 3x"},"classes":[]},{"id":41766,"url":"https:\/\/www.jojoenherbe.com\/index.php\/2025\/12\/17\/au-fil-des-pages-avec-lhomme-qui-pouvait-accomplir-des-miracles\/","url_meta":{"origin":37902,"position":1},"title":"Au fil des pages avec L\u2019homme qui pouvait accomplir des miracles","author":"Jojo","date":"17 d\u00e9cembre 2025","format":false,"excerpt":"J'ai\u00a0lu, en version num\u00e9rique via ma m\u00e9diath\u00e8que, L\u2019homme qui pouvait accomplir des miracles de Jose Luis Munuera (\u00e9d.Dargaud, septembre 2025, 72 pages), une BD adulte d\u2019apr\u00e8s la nouvelle \u00e9ponyme de H.G. Wells parue pour la premi\u00e8re fois en 1898. George Mcwhirter Fotheringay est un homme ordinaire sans ambition ni imagination,\u2026","rel":"","context":"Dans &quot;Mini lecteur&quot;","block_context":{"text":"Mini lecteur","link":"https:\/\/www.jojoenherbe.com\/index.php\/category\/mini-lecteur\/"},"img":{"alt_text":"","src":"https:\/\/i0.wp.com\/www.jojoenherbe.com\/wp-content\/uploads\/2025\/12\/Lhomme-qui-pouvait-accomplir-des-miracles.jpg?fit=750%2C989&ssl=1&resize=350%2C200","width":350,"height":200,"srcset":"https:\/\/i0.wp.com\/www.jojoenherbe.com\/wp-content\/uploads\/2025\/12\/Lhomme-qui-pouvait-accomplir-des-miracles.jpg?fit=750%2C989&ssl=1&resize=350%2C200 1x, https:\/\/i0.wp.com\/www.jojoenherbe.com\/wp-content\/uploads\/2025\/12\/Lhomme-qui-pouvait-accomplir-des-miracles.jpg?fit=750%2C989&ssl=1&resize=525%2C300 1.5x, https:\/\/i0.wp.com\/www.jojoenherbe.com\/wp-content\/uploads\/2025\/12\/Lhomme-qui-pouvait-accomplir-des-miracles.jpg?fit=750%2C989&ssl=1&resize=700%2C400 2x"},"classes":[]},{"id":8633,"url":"https:\/\/www.jojoenherbe.com\/index.php\/2020\/02\/03\/au-fil-des-pages-avec-le-tome-3-de-ptit-boule-bill\/","url_meta":{"origin":37902,"position":2},"title":"Au fil des pages avec le tome 3 de P&rsquo;tit Boule &#038; Bill","author":"Jojo","date":"3 f\u00e9vrier 2020","format":false,"excerpt":"Nous empruntons un nouveau tome des aventures de P'tit Boule & Bill. Il s'agit du tome 3, P'tit Boule & Bill, Cabanes de Laurence Gillot et Jose Luis Munuera, d'apr\u00e8s Jean Roba (\u00e9d. Dargaud, 2013), une bande dessin\u00e9e au format \u00e0 l'italienne pour les jeunes lecteurs\u00a0 \u00e0 partir de 3\u2026","rel":"","context":"Dans &quot;Mini lecteur&quot;","block_context":{"text":"Mini lecteur","link":"https:\/\/www.jojoenherbe.com\/index.php\/category\/mini-lecteur\/"},"img":{"alt_text":"","src":"https:\/\/i0.wp.com\/www.jojoenherbe.com\/wp-content\/uploads\/2019\/11\/Ptit-Boule-Bill-Cabanes-scaled.jpg?fit=1200%2C856&ssl=1&resize=350%2C200","width":350,"height":200,"srcset":"https:\/\/i0.wp.com\/www.jojoenherbe.com\/wp-content\/uploads\/2019\/11\/Ptit-Boule-Bill-Cabanes-scaled.jpg?fit=1200%2C856&ssl=1&resize=350%2C200 1x, https:\/\/i0.wp.com\/www.jojoenherbe.com\/wp-content\/uploads\/2019\/11\/Ptit-Boule-Bill-Cabanes-scaled.jpg?fit=1200%2C856&ssl=1&resize=525%2C300 1.5x, https:\/\/i0.wp.com\/www.jojoenherbe.com\/wp-content\/uploads\/2019\/11\/Ptit-Boule-Bill-Cabanes-scaled.jpg?fit=1200%2C856&ssl=1&resize=700%2C400 2x, https:\/\/i0.wp.com\/www.jojoenherbe.com\/wp-content\/uploads\/2019\/11\/Ptit-Boule-Bill-Cabanes-scaled.jpg?fit=1200%2C856&ssl=1&resize=1050%2C600 3x"},"classes":[]},{"id":20311,"url":"https:\/\/www.jojoenherbe.com\/index.php\/2021\/09\/02\/point-lecture-hebdomadaire-4\/","url_meta":{"origin":37902,"position":3},"title":"Point lecture hebdomadaire #4","author":"Jojo","date":"2 septembre 2021","format":false,"excerpt":"En ces derniers jours d'ao\u00fbt 2021, voici notre point lecture hebdomadaire avec un retour sur nos lectures de la semaine derni\u00e8re, celle en cours et sans doute nos prochaines. Nos lectures du 23 au 29 ao\u00fbt 2021: Cette semaine, il y a surtout en albums jeunesse des relectures, en particulier\u2026","rel":"","context":"Dans &quot;Mini blogueur&quot;","block_context":{"text":"Mini blogueur","link":"https:\/\/www.jojoenherbe.com\/index.php\/category\/mini-blogueur\/"},"img":{"alt_text":"","src":"https:\/\/i0.wp.com\/www.jojoenherbe.com\/wp-content\/uploads\/2021\/09\/Point-lecture-hebdo-4-scaled.jpg?fit=1200%2C900&ssl=1&resize=350%2C200","width":350,"height":200,"srcset":"https:\/\/i0.wp.com\/www.jojoenherbe.com\/wp-content\/uploads\/2021\/09\/Point-lecture-hebdo-4-scaled.jpg?fit=1200%2C900&ssl=1&resize=350%2C200 1x, https:\/\/i0.wp.com\/www.jojoenherbe.com\/wp-content\/uploads\/2021\/09\/Point-lecture-hebdo-4-scaled.jpg?fit=1200%2C900&ssl=1&resize=525%2C300 1.5x, https:\/\/i0.wp.com\/www.jojoenherbe.com\/wp-content\/uploads\/2021\/09\/Point-lecture-hebdo-4-scaled.jpg?fit=1200%2C900&ssl=1&resize=700%2C400 2x, https:\/\/i0.wp.com\/www.jojoenherbe.com\/wp-content\/uploads\/2021\/09\/Point-lecture-hebdo-4-scaled.jpg?fit=1200%2C900&ssl=1&resize=1050%2C600 3x"},"classes":[]},{"id":39674,"url":"https:\/\/www.jojoenherbe.com\/index.php\/2025\/06\/11\/au-fil-des-pages-avec-the-wendy-project\/","url_meta":{"origin":37902,"position":4},"title":"Au fil des pages avec The Wendy Project","author":"Jojo","date":"11 juin 2025","format":false,"excerpt":"J'ai lu, en version num\u00e9rique via ma m\u00e9diath\u00e8que, The Wendy Project de Melissa Jane Osborne et Veronica Fish (\u00e9d. Ankama, coll. \u00c9tincelle, mai 2019, 96 pages), un roman graphique avec le difficile deuil de Wendy Davies, \u00e2g\u00e9e de 16 ans, apr\u00e8s la mort de son jeune fr\u00e8re Michael dont le\u2026","rel":"","context":"Dans &quot;Mini lecteur&quot;","block_context":{"text":"Mini lecteur","link":"https:\/\/www.jojoenherbe.com\/index.php\/category\/mini-lecteur\/"},"img":{"alt_text":"","src":"https:\/\/i0.wp.com\/www.jojoenherbe.com\/wp-content\/uploads\/2025\/06\/The-Wendy-Project.jpg?fit=750%2C1130&ssl=1&resize=350%2C200","width":350,"height":200,"srcset":"https:\/\/i0.wp.com\/www.jojoenherbe.com\/wp-content\/uploads\/2025\/06\/The-Wendy-Project.jpg?fit=750%2C1130&ssl=1&resize=350%2C200 1x, https:\/\/i0.wp.com\/www.jojoenherbe.com\/wp-content\/uploads\/2025\/06\/The-Wendy-Project.jpg?fit=750%2C1130&ssl=1&resize=525%2C300 1.5x, https:\/\/i0.wp.com\/www.jojoenherbe.com\/wp-content\/uploads\/2025\/06\/The-Wendy-Project.jpg?fit=750%2C1130&ssl=1&resize=700%2C400 2x"},"classes":[]},{"id":33950,"url":"https:\/\/www.jojoenherbe.com\/index.php\/2024\/01\/05\/au-fil-des-pages-avec-un-chant-de-noel-une-histoire-de-fantomes\/","url_meta":{"origin":37902,"position":5},"title":"Au fil des pages avec Un chant de No\u00ebl, une histoire de fant\u00f4mes","author":"Jojo","date":"5 janvier 2024","format":false,"excerpt":"J'ai lu Un chant de No\u00ebl, une histoire de fant\u00f4mes de Jos\u00e9 Luis Munuera (\u00e9d. Dargaud, novembre 2022, 80 pages), une BD adulte adaptant la nouvelle \u00e9ponyme de Charles Dickens parue pour la premi\u00e8re fois en 1843. A Londres, en ce 24 d\u00e9cembre 1843, tout le monde se pr\u00e9pare \u00e0\u2026","rel":"","context":"Dans &quot;Mini lecteur&quot;","block_context":{"text":"Mini lecteur","link":"https:\/\/www.jojoenherbe.com\/index.php\/category\/mini-lecteur\/"},"img":{"alt_text":"","src":"https:\/\/i0.wp.com\/www.jojoenherbe.com\/wp-content\/uploads\/2024\/01\/Un-chant-de-Noel-BD-2-scaled.jpg?fit=1200%2C797&ssl=1&resize=350%2C200","width":350,"height":200,"srcset":"https:\/\/i0.wp.com\/www.jojoenherbe.com\/wp-content\/uploads\/2024\/01\/Un-chant-de-Noel-BD-2-scaled.jpg?fit=1200%2C797&ssl=1&resize=350%2C200 1x, https:\/\/i0.wp.com\/www.jojoenherbe.com\/wp-content\/uploads\/2024\/01\/Un-chant-de-Noel-BD-2-scaled.jpg?fit=1200%2C797&ssl=1&resize=525%2C300 1.5x, https:\/\/i0.wp.com\/www.jojoenherbe.com\/wp-content\/uploads\/2024\/01\/Un-chant-de-Noel-BD-2-scaled.jpg?fit=1200%2C797&ssl=1&resize=700%2C400 2x, https:\/\/i0.wp.com\/www.jojoenherbe.com\/wp-content\/uploads\/2024\/01\/Un-chant-de-Noel-BD-2-scaled.jpg?fit=1200%2C797&ssl=1&resize=1050%2C600 3x"},"classes":[]}],"_links":{"self":[{"href":"https:\/\/www.jojoenherbe.com\/index.php\/wp-json\/wp\/v2\/posts\/37902","targetHints":{"allow":["GET"]}}],"collection":[{"href":"https:\/\/www.jojoenherbe.com\/index.php\/wp-json\/wp\/v2\/posts"}],"about":[{"href":"https:\/\/www.jojoenherbe.com\/index.php\/wp-json\/wp\/v2\/types\/post"}],"author":[{"embeddable":true,"href":"https:\/\/www.jojoenherbe.com\/index.php\/wp-json\/wp\/v2\/users\/1"}],"replies":[{"embeddable":true,"href":"https:\/\/www.jojoenherbe.com\/index.php\/wp-json\/wp\/v2\/comments?post=37902"}],"version-history":[{"count":9,"href":"https:\/\/www.jojoenherbe.com\/index.php\/wp-json\/wp\/v2\/posts\/37902\/revisions"}],"predecessor-version":[{"id":39052,"href":"https:\/\/www.jojoenherbe.com\/index.php\/wp-json\/wp\/v2\/posts\/37902\/revisions\/39052"}],"wp:featuredmedia":[{"embeddable":true,"href":"https:\/\/www.jojoenherbe.com\/index.php\/wp-json\/wp\/v2\/media\/37791"}],"wp:attachment":[{"href":"https:\/\/www.jojoenherbe.com\/index.php\/wp-json\/wp\/v2\/media?parent=37902"}],"wp:term":[{"taxonomy":"category","embeddable":true,"href":"https:\/\/www.jojoenherbe.com\/index.php\/wp-json\/wp\/v2\/categories?post=37902"},{"taxonomy":"post_tag","embeddable":true,"href":"https:\/\/www.jojoenherbe.com\/index.php\/wp-json\/wp\/v2\/tags?post=37902"}],"curies":[{"name":"wp","href":"https:\/\/api.w.org\/{rel}","templated":true}]}}