{"id":37533,"date":"2024-12-24T13:43:44","date_gmt":"2024-12-24T12:43:44","guid":{"rendered":"https:\/\/www.jojoenherbe.com\/?p=37533"},"modified":"2024-12-25T11:22:07","modified_gmt":"2024-12-25T10:22:07","slug":"au-fil-des-pages-avec-la-lettre-de-loup-au-pere-noel","status":"publish","type":"post","link":"https:\/\/www.jojoenherbe.com\/index.php\/2024\/12\/24\/au-fil-des-pages-avec-la-lettre-de-loup-au-pere-noel\/","title":{"rendered":"Au fil des pages avec La lettre de Loup au P\u00e8re No\u00ebl"},"content":{"rendered":"<p style=\"text-align: justify;\"><em><a href=\"https:\/\/i0.wp.com\/www.jojoenherbe.com\/wp-content\/uploads\/2024\/12\/La-lettre-du-Loup-au-Pere-Noel-3-scaled.jpg\"><img data-recalc-dims=\"1\" loading=\"lazy\" decoding=\"async\" data-attachment-id=\"37591\" data-permalink=\"https:\/\/www.jojoenherbe.com\/index.php\/2024\/12\/24\/au-fil-des-pages-avec-la-lettre-de-loup-au-pere-noel\/la-lettre-du-loup-au-pere-noel-3\/\" data-orig-file=\"https:\/\/i0.wp.com\/www.jojoenherbe.com\/wp-content\/uploads\/2024\/12\/La-lettre-du-Loup-au-Pere-Noel-3-scaled.jpg?fit=2560%2C1920&amp;ssl=1\" data-orig-size=\"2560,1920\" data-comments-opened=\"1\" data-image-meta=\"{&quot;aperture&quot;:&quot;1.8&quot;,&quot;credit&quot;:&quot;&quot;,&quot;camera&quot;:&quot;iPhone 7&quot;,&quot;caption&quot;:&quot;&quot;,&quot;created_timestamp&quot;:&quot;1735042538&quot;,&quot;copyright&quot;:&quot;&quot;,&quot;focal_length&quot;:&quot;3.99&quot;,&quot;iso&quot;:&quot;40&quot;,&quot;shutter_speed&quot;:&quot;0.05&quot;,&quot;title&quot;:&quot;&quot;,&quot;orientation&quot;:&quot;1&quot;}\" data-image-title=\"La lettre du Loup au P\u00e8re No\u00ebl 3\" data-image-description=\"\" data-image-caption=\"\" data-large-file=\"https:\/\/i0.wp.com\/www.jojoenherbe.com\/wp-content\/uploads\/2024\/12\/La-lettre-du-Loup-au-Pere-Noel-3-scaled.jpg?fit=676%2C507&amp;ssl=1\" class=\"alignleft size-thumbnail wp-image-37591\" src=\"https:\/\/i0.wp.com\/www.jojoenherbe.com\/wp-content\/uploads\/2024\/12\/La-lettre-du-Loup-au-Pere-Noel-3.jpg?resize=150%2C150\" alt=\"\" width=\"150\" height=\"150\" srcset=\"https:\/\/i0.wp.com\/www.jojoenherbe.com\/wp-content\/uploads\/2024\/12\/La-lettre-du-Loup-au-Pere-Noel-3-scaled.jpg?resize=150%2C150&amp;ssl=1 150w, https:\/\/i0.wp.com\/www.jojoenherbe.com\/wp-content\/uploads\/2024\/12\/La-lettre-du-Loup-au-Pere-Noel-3-scaled.jpg?zoom=2&amp;resize=150%2C150 300w, https:\/\/i0.wp.com\/www.jojoenherbe.com\/wp-content\/uploads\/2024\/12\/La-lettre-du-Loup-au-Pere-Noel-3-scaled.jpg?zoom=3&amp;resize=150%2C150 450w\" sizes=\"auto, (max-width: 150px) 100vw, 150px\" \/><\/a> <a href=\"https:\/\/i0.wp.com\/www.jojoenherbe.com\/wp-content\/uploads\/2024\/12\/La-lettre-du-Loup-au-Pere-Noel-4-scaled.jpg\"><img data-recalc-dims=\"1\" loading=\"lazy\" decoding=\"async\" data-attachment-id=\"37592\" data-permalink=\"https:\/\/www.jojoenherbe.com\/index.php\/2024\/12\/24\/au-fil-des-pages-avec-la-lettre-de-loup-au-pere-noel\/la-lettre-du-loup-au-pere-noel-4\/\" data-orig-file=\"https:\/\/i0.wp.com\/www.jojoenherbe.com\/wp-content\/uploads\/2024\/12\/La-lettre-du-Loup-au-Pere-Noel-4-scaled.jpg?fit=2560%2C1743&amp;ssl=1\" data-orig-size=\"2560,1743\" data-comments-opened=\"1\" data-image-meta=\"{&quot;aperture&quot;:&quot;1.8&quot;,&quot;credit&quot;:&quot;&quot;,&quot;camera&quot;:&quot;iPhone 7&quot;,&quot;caption&quot;:&quot;&quot;,&quot;created_timestamp&quot;:&quot;1735042673&quot;,&quot;copyright&quot;:&quot;&quot;,&quot;focal_length&quot;:&quot;3.99&quot;,&quot;iso&quot;:&quot;32&quot;,&quot;shutter_speed&quot;:&quot;0.05&quot;,&quot;title&quot;:&quot;&quot;,&quot;orientation&quot;:&quot;1&quot;}\" data-image-title=\"La lettre du Loup au P\u00e8re No\u00ebl 4\" data-image-description=\"\" data-image-caption=\"\" data-large-file=\"https:\/\/i0.wp.com\/www.jojoenherbe.com\/wp-content\/uploads\/2024\/12\/La-lettre-du-Loup-au-Pere-Noel-4-scaled.jpg?fit=676%2C460&amp;ssl=1\" class=\"alignleft size-thumbnail wp-image-37592\" src=\"https:\/\/i0.wp.com\/www.jojoenherbe.com\/wp-content\/uploads\/2024\/12\/La-lettre-du-Loup-au-Pere-Noel-4.jpg?resize=150%2C150\" alt=\"\" width=\"150\" height=\"150\" srcset=\"https:\/\/i0.wp.com\/www.jojoenherbe.com\/wp-content\/uploads\/2024\/12\/La-lettre-du-Loup-au-Pere-Noel-4-scaled.jpg?resize=150%2C150&amp;ssl=1 150w, https:\/\/i0.wp.com\/www.jojoenherbe.com\/wp-content\/uploads\/2024\/12\/La-lettre-du-Loup-au-Pere-Noel-4-scaled.jpg?zoom=2&amp;resize=150%2C150 300w, https:\/\/i0.wp.com\/www.jojoenherbe.com\/wp-content\/uploads\/2024\/12\/La-lettre-du-Loup-au-Pere-Noel-4-scaled.jpg?zoom=3&amp;resize=150%2C150 450w\" sizes=\"auto, (max-width: 150px) 100vw, 150px\" \/><\/a>Nous avons lu et relu avec mon mini lutin <span style=\"text-decoration: underline;\">La lettre de Loup au P\u00e8re No\u00ebl<\/span> de Shakti Staal et Marianne Barcilon (\u00e9d. Kal\u00e9idoscope, diff. L\u2019\u00e9cole des loisirs, novembre 2024, 40 pages), un album jeunesse grand format \u00e0 partir de 3 ans avec des flaps et des lettres \u00e0 ouvrir. Apr\u00e8s avoir vu dans le journal une photo du P\u00e8re No\u00ebl, Loup est bien d\u00e9cid\u00e9 \u00e0 le manger et lui envoie une lettre. Mais comment le faire venir chez lui sans que le P\u00e8re No\u00ebl ne se doute \u00eatre le repas? <\/em><\/p>\n<p style=\"text-align: justify;\"><em><a href=\"https:\/\/i0.wp.com\/www.jojoenherbe.com\/wp-content\/uploads\/2024\/12\/La-lettre-du-Loup-au-Pere-Noel-6-scaled.jpg\"><img data-recalc-dims=\"1\" loading=\"lazy\" decoding=\"async\" data-attachment-id=\"37601\" data-permalink=\"https:\/\/www.jojoenherbe.com\/index.php\/2024\/12\/24\/au-fil-des-pages-avec-la-lettre-de-loup-au-pere-noel\/la-lettre-du-loup-au-pere-noel-6\/\" data-orig-file=\"https:\/\/i0.wp.com\/www.jojoenherbe.com\/wp-content\/uploads\/2024\/12\/La-lettre-du-Loup-au-Pere-Noel-6-scaled.jpg?fit=1920%2C2560&amp;ssl=1\" data-orig-size=\"1920,2560\" data-comments-opened=\"1\" data-image-meta=\"{&quot;aperture&quot;:&quot;1.8&quot;,&quot;credit&quot;:&quot;&quot;,&quot;camera&quot;:&quot;iPhone 7&quot;,&quot;caption&quot;:&quot;&quot;,&quot;created_timestamp&quot;:&quot;1735047447&quot;,&quot;copyright&quot;:&quot;&quot;,&quot;focal_length&quot;:&quot;3.99&quot;,&quot;iso&quot;:&quot;40&quot;,&quot;shutter_speed&quot;:&quot;0.058823529411765&quot;,&quot;title&quot;:&quot;&quot;,&quot;orientation&quot;:&quot;1&quot;}\" data-image-title=\"La lettre du Loup au P\u00e8re No\u00ebl 6\" data-image-description=\"\" data-image-caption=\"\" data-large-file=\"https:\/\/i0.wp.com\/www.jojoenherbe.com\/wp-content\/uploads\/2024\/12\/La-lettre-du-Loup-au-Pere-Noel-6-scaled.jpg?fit=676%2C901&amp;ssl=1\" class=\"size-thumbnail wp-image-37601 alignright\" src=\"https:\/\/i0.wp.com\/www.jojoenherbe.com\/wp-content\/uploads\/2024\/12\/La-lettre-du-Loup-au-Pere-Noel-6.jpg?resize=150%2C150\" alt=\"\" width=\"150\" height=\"150\" srcset=\"https:\/\/i0.wp.com\/www.jojoenherbe.com\/wp-content\/uploads\/2024\/12\/La-lettre-du-Loup-au-Pere-Noel-6-scaled.jpg?resize=150%2C150&amp;ssl=1 150w, https:\/\/i0.wp.com\/www.jojoenherbe.com\/wp-content\/uploads\/2024\/12\/La-lettre-du-Loup-au-Pere-Noel-6-scaled.jpg?zoom=2&amp;resize=150%2C150 300w, https:\/\/i0.wp.com\/www.jojoenherbe.com\/wp-content\/uploads\/2024\/12\/La-lettre-du-Loup-au-Pere-Noel-6-scaled.jpg?zoom=3&amp;resize=150%2C150 450w\" sizes=\"auto, (max-width: 150px) 100vw, 150px\" \/><\/a> <a href=\"https:\/\/i0.wp.com\/www.jojoenherbe.com\/wp-content\/uploads\/2024\/12\/La-lettre-du-Loup-au-Pere-Noel-5-scaled.jpg\"><img data-recalc-dims=\"1\" loading=\"lazy\" decoding=\"async\" data-attachment-id=\"37593\" data-permalink=\"https:\/\/www.jojoenherbe.com\/index.php\/2024\/12\/24\/au-fil-des-pages-avec-la-lettre-de-loup-au-pere-noel\/la-lettre-du-loup-au-pere-noel-5\/\" data-orig-file=\"https:\/\/i0.wp.com\/www.jojoenherbe.com\/wp-content\/uploads\/2024\/12\/La-lettre-du-Loup-au-Pere-Noel-5-scaled.jpg?fit=1920%2C2560&amp;ssl=1\" data-orig-size=\"1920,2560\" data-comments-opened=\"1\" data-image-meta=\"{&quot;aperture&quot;:&quot;1.8&quot;,&quot;credit&quot;:&quot;&quot;,&quot;camera&quot;:&quot;iPhone 7&quot;,&quot;caption&quot;:&quot;&quot;,&quot;created_timestamp&quot;:&quot;1735042629&quot;,&quot;copyright&quot;:&quot;&quot;,&quot;focal_length&quot;:&quot;3.99&quot;,&quot;iso&quot;:&quot;40&quot;,&quot;shutter_speed&quot;:&quot;0.05&quot;,&quot;title&quot;:&quot;&quot;,&quot;orientation&quot;:&quot;1&quot;}\" data-image-title=\"La lettre du Loup au P\u00e8re No\u00ebl 5\" data-image-description=\"\" data-image-caption=\"\" data-large-file=\"https:\/\/i0.wp.com\/www.jojoenherbe.com\/wp-content\/uploads\/2024\/12\/La-lettre-du-Loup-au-Pere-Noel-5-scaled.jpg?fit=676%2C901&amp;ssl=1\" class=\"size-thumbnail wp-image-37593 alignright\" src=\"https:\/\/i0.wp.com\/www.jojoenherbe.com\/wp-content\/uploads\/2024\/12\/La-lettre-du-Loup-au-Pere-Noel-5.jpg?resize=150%2C150\" alt=\"\" width=\"150\" height=\"150\" srcset=\"https:\/\/i0.wp.com\/www.jojoenherbe.com\/wp-content\/uploads\/2024\/12\/La-lettre-du-Loup-au-Pere-Noel-5-scaled.jpg?resize=150%2C150&amp;ssl=1 150w, https:\/\/i0.wp.com\/www.jojoenherbe.com\/wp-content\/uploads\/2024\/12\/La-lettre-du-Loup-au-Pere-Noel-5-scaled.jpg?zoom=2&amp;resize=150%2C150 300w, https:\/\/i0.wp.com\/www.jojoenherbe.com\/wp-content\/uploads\/2024\/12\/La-lettre-du-Loup-au-Pere-Noel-5-scaled.jpg?zoom=3&amp;resize=150%2C150 450w\" sizes=\"auto, (max-width: 150px) 100vw, 150px\" \/><\/a>Nous avons ador\u00e9 cette histoire \u00e9pistolaire avec ce loup gourmand et fac\u00e9tieux qui doit s&rsquo;y reprendre \u00e0 plusieurs reprises pour attirer le P\u00e8re No\u00ebl chez lui sans lui d\u00e9voiler ses v\u00e9ritables intentions. Fous rires garantis! Les illustrations si reconnaissables de Marianne Barcilon y participent grandement (entre les mimiques si expressives de Loup et de son pyjama de No\u00ebl) ainsi que le texte en rimes plein d\u2019humour. Nous retrouvons avec humour les pr\u00e9paratifs de No\u00ebl (lettre au P\u00e8re No\u00ebl, repas du r\u00e9veillon, l&rsquo;attente des cadeaux&#8230;). Coup de c\u0153ur no\u00ebllesque avec une chute toute aussi espi\u00e8gle de la part du P\u00e8re No\u00ebl! Toutefois, peut-\u00eatre \u00e0 r\u00e9server \u00e0 des enfants qui ne croient plus au P\u00e8re No\u00ebl pour savourer pleinement cette histoire.<br \/>\n<\/em><\/p>\n<p style=\"text-align: justify;\"><em><a href=\"https:\/\/i0.wp.com\/www.jojoenherbe.com\/wp-content\/uploads\/2024\/12\/Galette-loups-de-Marianne-Barcilon-scaled.jpg\"><img data-recalc-dims=\"1\" loading=\"lazy\" decoding=\"async\" data-attachment-id=\"37476\" data-permalink=\"https:\/\/www.jojoenherbe.com\/index.php\/2024\/12\/07\/rat-de-noel-2024\/galette-loups-de-marianne-barcilon\/\" data-orig-file=\"https:\/\/i0.wp.com\/www.jojoenherbe.com\/wp-content\/uploads\/2024\/12\/Galette-loups-de-Marianne-Barcilon-scaled.jpg?fit=2560%2C1920&amp;ssl=1\" data-orig-size=\"2560,1920\" data-comments-opened=\"1\" data-image-meta=\"{&quot;aperture&quot;:&quot;1.8&quot;,&quot;credit&quot;:&quot;&quot;,&quot;camera&quot;:&quot;iPhone 7&quot;,&quot;caption&quot;:&quot;&quot;,&quot;created_timestamp&quot;:&quot;1733674985&quot;,&quot;copyright&quot;:&quot;&quot;,&quot;focal_length&quot;:&quot;3.99&quot;,&quot;iso&quot;:&quot;100&quot;,&quot;shutter_speed&quot;:&quot;0.2&quot;,&quot;title&quot;:&quot;&quot;,&quot;orientation&quot;:&quot;1&quot;}\" data-image-title=\"Galette &amp;#8211; loups de Marianne Barcilon\" data-image-description=\"\" data-image-caption=\"\" data-large-file=\"https:\/\/i0.wp.com\/www.jojoenherbe.com\/wp-content\/uploads\/2024\/12\/Galette-loups-de-Marianne-Barcilon-scaled.jpg?fit=676%2C507&amp;ssl=1\" class=\"alignleft size-thumbnail wp-image-37476\" src=\"https:\/\/i0.wp.com\/www.jojoenherbe.com\/wp-content\/uploads\/2024\/12\/Galette-loups-de-Marianne-Barcilon.jpg?resize=150%2C150\" alt=\"\" width=\"150\" height=\"150\" srcset=\"https:\/\/i0.wp.com\/www.jojoenherbe.com\/wp-content\/uploads\/2024\/12\/Galette-loups-de-Marianne-Barcilon-scaled.jpg?resize=150%2C150&amp;ssl=1 150w, https:\/\/i0.wp.com\/www.jojoenherbe.com\/wp-content\/uploads\/2024\/12\/Galette-loups-de-Marianne-Barcilon-scaled.jpg?zoom=2&amp;resize=150%2C150 300w, https:\/\/i0.wp.com\/www.jojoenherbe.com\/wp-content\/uploads\/2024\/12\/Galette-loups-de-Marianne-Barcilon-scaled.jpg?zoom=3&amp;resize=150%2C150 450w\" sizes=\"auto, (max-width: 150px) 100vw, 150px\" \/><\/a>Ce loup nous a d&rsquo;ailleurs fait penser \u00e0 un autre loup gourmand de Marianne Barcilon, celui de <a href=\"https:\/\/www.jojoenherbe.com\/index.php\/2021\/01\/06\/au-fil-des-pages-avec-la-galette-et-le-roi\/\"><span style=\"text-decoration: underline;\">La galette et le roi<\/span><\/a> de Sch\u00e9h\u00e9razade Zeboudji et Marianne Barcilon (\u00e9d. Kal\u00e9idoscope, diff. L\u2019\u00e9cole des Loisirs, d\u00e9cembre 2020, 40 pages ) dont j\u2019ai utilis\u00e9 la recette pour en d\u00e9guster une lors du <a href=\"https:\/\/www.jojoenherbe.com\/index.php\/2024\/12\/07\/rat-de-noel-2024\/\">RAT de No\u00ebl 2024<\/a>.<\/em><\/p>\n<div id=\"attachment_37224\" style=\"width: 99px\" class=\"wp-caption alignleft\"><img data-recalc-dims=\"1\" loading=\"lazy\" decoding=\"async\" aria-describedby=\"caption-attachment-37224\" data-attachment-id=\"37224\" data-permalink=\"https:\/\/www.jojoenherbe.com\/index.php\/2024\/11\/12\/billet-de-suivi-il-etait-12-fois-noel\/il-etait-12-fois-noel-logo\/\" data-orig-file=\"https:\/\/i0.wp.com\/www.jojoenherbe.com\/wp-content\/uploads\/2024\/11\/Il-etait-12-fois-Noel-logo.jpg?fit=768%2C636&amp;ssl=1\" data-orig-size=\"768,636\" data-comments-opened=\"1\" data-image-meta=\"{&quot;aperture&quot;:&quot;0&quot;,&quot;credit&quot;:&quot;&quot;,&quot;camera&quot;:&quot;&quot;,&quot;caption&quot;:&quot;&quot;,&quot;created_timestamp&quot;:&quot;1731434035&quot;,&quot;copyright&quot;:&quot;&quot;,&quot;focal_length&quot;:&quot;0&quot;,&quot;iso&quot;:&quot;0&quot;,&quot;shutter_speed&quot;:&quot;0&quot;,&quot;title&quot;:&quot;&quot;,&quot;orientation&quot;:&quot;0&quot;}\" data-image-title=\"Il \u00e9tait 12 fois No\u00ebl &amp;#8211; logo\" data-image-description=\"\" data-image-caption=\"\" data-large-file=\"https:\/\/i0.wp.com\/www.jojoenherbe.com\/wp-content\/uploads\/2024\/11\/Il-etait-12-fois-Noel-logo.jpg?fit=676%2C560&amp;ssl=1\" class=\"wp-image-37224\" src=\"https:\/\/i0.wp.com\/www.jojoenherbe.com\/wp-content\/uploads\/2024\/11\/Il-etait-12-fois-Noel-logo.jpg?resize=89%2C74\" alt=\"\" width=\"89\" height=\"74\" srcset=\"https:\/\/i0.wp.com\/www.jojoenherbe.com\/wp-content\/uploads\/2024\/11\/Il-etait-12-fois-Noel-logo.jpg?w=768&amp;ssl=1 768w, https:\/\/i0.wp.com\/www.jojoenherbe.com\/wp-content\/uploads\/2024\/11\/Il-etait-12-fois-Noel-logo.jpg?resize=300%2C248&amp;ssl=1 300w, https:\/\/i0.wp.com\/www.jojoenherbe.com\/wp-content\/uploads\/2024\/11\/Il-etait-12-fois-Noel-logo.jpg?resize=676%2C560&amp;ssl=1 676w\" sizes=\"auto, (max-width: 89px) 100vw, 89px\" \/><p id=\"caption-attachment-37224\" class=\"wp-caption-text\">Participation #3 Challenge Il \u00e9tait 12 fois No\u00ebl de <em> <a href=\"https:\/\/www.laplanquealibellules.fr\/2024\/11\/il-etait-douze-fois-noel.html\/\">Chicky Poo<\/a> et <a href=\"http:\/\/viedecontedefee.blogspot.com\/2024\/11\/1766.html\">Samarian<\/a><\/em> #Album jeunesse<\/p><\/div>\n<div id=\"attachment_37266\" style=\"width: 101px\" class=\"wp-caption alignleft\"><img data-recalc-dims=\"1\" loading=\"lazy\" decoding=\"async\" aria-describedby=\"caption-attachment-37266\" data-attachment-id=\"37266\" data-permalink=\"https:\/\/www.jojoenherbe.com\/index.php\/2024\/11\/17\/billet-de-suivi-challenge-christmas-time-2024\/challenge-christmas-time-2024-logo\/\" data-orig-file=\"https:\/\/i0.wp.com\/www.jojoenherbe.com\/wp-content\/uploads\/2024\/11\/Challenge-Christmas-Time-2024-logo.jpg?fit=623%2C457&amp;ssl=1\" data-orig-size=\"623,457\" data-comments-opened=\"1\" data-image-meta=\"{&quot;aperture&quot;:&quot;0&quot;,&quot;credit&quot;:&quot;&quot;,&quot;camera&quot;:&quot;&quot;,&quot;caption&quot;:&quot;&quot;,&quot;created_timestamp&quot;:&quot;1731840239&quot;,&quot;copyright&quot;:&quot;&quot;,&quot;focal_length&quot;:&quot;0&quot;,&quot;iso&quot;:&quot;0&quot;,&quot;shutter_speed&quot;:&quot;0&quot;,&quot;title&quot;:&quot;&quot;,&quot;orientation&quot;:&quot;0&quot;}\" data-image-title=\"Challenge Christmas Time 2024 &amp;#8211; logo\" data-image-description=\"\" data-image-caption=\"\" data-large-file=\"https:\/\/i0.wp.com\/www.jojoenherbe.com\/wp-content\/uploads\/2024\/11\/Challenge-Christmas-Time-2024-logo.jpg?fit=623%2C457&amp;ssl=1\" class=\"wp-image-37266\" src=\"https:\/\/i0.wp.com\/www.jojoenherbe.com\/wp-content\/uploads\/2024\/11\/Challenge-Christmas-Time-2024-logo.jpg?resize=91%2C67\" alt=\"\" width=\"91\" height=\"67\" srcset=\"https:\/\/i0.wp.com\/www.jojoenherbe.com\/wp-content\/uploads\/2024\/11\/Challenge-Christmas-Time-2024-logo.jpg?w=623&amp;ssl=1 623w, https:\/\/i0.wp.com\/www.jojoenherbe.com\/wp-content\/uploads\/2024\/11\/Challenge-Christmas-Time-2024-logo.jpg?resize=300%2C220&amp;ssl=1 300w\" sizes=\"auto, (max-width: 91px) 100vw, 91px\" \/><p id=\"caption-attachment-37266\" class=\"wp-caption-text\">Participation #2 Challenge Christmas Time 2024 de <em><a href=\"http:\/\/mya-books.over-blog.com\/2024\/11\/challenge-christmas-time-2024.html\">MyaRosa<\/a><\/em> #Album jeunesse<\/p><\/div>\n<div id=\"attachment_33586\" style=\"width: 98px\" class=\"wp-caption alignleft\"><img data-recalc-dims=\"1\" loading=\"lazy\" decoding=\"async\" aria-describedby=\"caption-attachment-33586\" data-attachment-id=\"33586\" data-permalink=\"https:\/\/www.jojoenherbe.com\/index.php\/2024\/03\/12\/billet-de-suivi-challenge-petit-bac-2024\/challenge-petit-bac-2024\/\" data-orig-file=\"https:\/\/i0.wp.com\/www.jojoenherbe.com\/wp-content\/uploads\/2023\/12\/Challenge-Petit-Bac-2024.jpg?fit=285%2C217&amp;ssl=1\" data-orig-size=\"285,217\" data-comments-opened=\"1\" data-image-meta=\"{&quot;aperture&quot;:&quot;0&quot;,&quot;credit&quot;:&quot;&quot;,&quot;camera&quot;:&quot;&quot;,&quot;caption&quot;:&quot;&quot;,&quot;created_timestamp&quot;:&quot;1702656450&quot;,&quot;copyright&quot;:&quot;&quot;,&quot;focal_length&quot;:&quot;0&quot;,&quot;iso&quot;:&quot;0&quot;,&quot;shutter_speed&quot;:&quot;0&quot;,&quot;title&quot;:&quot;&quot;,&quot;orientation&quot;:&quot;0&quot;}\" data-image-title=\"Challenge Petit Bac 2024\" data-image-description=\"\" data-image-caption=\"\" data-large-file=\"https:\/\/i0.wp.com\/www.jojoenherbe.com\/wp-content\/uploads\/2023\/12\/Challenge-Petit-Bac-2024.jpg?fit=285%2C217&amp;ssl=1\" class=\"wp-image-33586\" src=\"https:\/\/i0.wp.com\/www.jojoenherbe.com\/wp-content\/uploads\/2023\/12\/Challenge-Petit-Bac-2024.jpg?resize=88%2C67\" alt=\"\" width=\"88\" height=\"67\" \/><p id=\"caption-attachment-33586\" class=\"wp-caption-text\">Challenge Petit Bac d\u2019<a href=\"https:\/\/ennalit.wordpress.com\/2023\/12\/01\/challenge-petit-bac-2024-qui-veut-jouer\/\">Enna<\/a> #4 Cat\u00e9gorie Objet: \u00ab Lettre \u00bb<\/p><\/div>\n<div id=\"attachment_34172\" style=\"width: 99px\" class=\"wp-caption alignleft\"><img data-recalc-dims=\"1\" loading=\"lazy\" decoding=\"async\" aria-describedby=\"caption-attachment-34172\" data-attachment-id=\"34172\" data-permalink=\"https:\/\/www.jojoenherbe.com\/index.php\/2024\/01\/02\/mes-challenges-livresques-2024\/challenge-des-livres-et-des-ecrans-en-cuisine-2024-logo\/\" data-orig-file=\"https:\/\/i0.wp.com\/www.jojoenherbe.com\/wp-content\/uploads\/2024\/01\/Challenge-Des-livres-et-des-ecrans-en-cuisine-2024-logo.png?fit=1004%2C641&amp;ssl=1\" data-orig-size=\"1004,641\" data-comments-opened=\"1\" data-image-meta=\"{&quot;aperture&quot;:&quot;0&quot;,&quot;credit&quot;:&quot;&quot;,&quot;camera&quot;:&quot;&quot;,&quot;caption&quot;:&quot;&quot;,&quot;created_timestamp&quot;:&quot;0&quot;,&quot;copyright&quot;:&quot;&quot;,&quot;focal_length&quot;:&quot;0&quot;,&quot;iso&quot;:&quot;0&quot;,&quot;shutter_speed&quot;:&quot;0&quot;,&quot;title&quot;:&quot;&quot;,&quot;orientation&quot;:&quot;0&quot;}\" data-image-title=\"Challenge Des livres (et des \u00e9crans) en cuisine 2024 &amp;#8211; logo\" data-image-description=\"\" data-image-caption=\"\" data-large-file=\"https:\/\/i0.wp.com\/www.jojoenherbe.com\/wp-content\/uploads\/2024\/01\/Challenge-Des-livres-et-des-ecrans-en-cuisine-2024-logo.png?fit=676%2C432&amp;ssl=1\" class=\"wp-image-34172\" src=\"https:\/\/i0.wp.com\/www.jojoenherbe.com\/wp-content\/uploads\/2024\/01\/Challenge-Des-livres-et-des-ecrans-en-cuisine-2024-logo.png?resize=89%2C57\" alt=\"\" width=\"89\" height=\"57\" srcset=\"https:\/\/i0.wp.com\/www.jojoenherbe.com\/wp-content\/uploads\/2024\/01\/Challenge-Des-livres-et-des-ecrans-en-cuisine-2024-logo.png?w=1004&amp;ssl=1 1004w, https:\/\/i0.wp.com\/www.jojoenherbe.com\/wp-content\/uploads\/2024\/01\/Challenge-Des-livres-et-des-ecrans-en-cuisine-2024-logo.png?resize=300%2C192&amp;ssl=1 300w, https:\/\/i0.wp.com\/www.jojoenherbe.com\/wp-content\/uploads\/2024\/01\/Challenge-Des-livres-et-des-ecrans-en-cuisine-2024-logo.png?resize=768%2C490&amp;ssl=1 768w, https:\/\/i0.wp.com\/www.jojoenherbe.com\/wp-content\/uploads\/2024\/01\/Challenge-Des-livres-et-des-ecrans-en-cuisine-2024-logo.png?resize=676%2C432&amp;ssl=1 676w\" sizes=\"auto, (max-width: 89px) 100vw, 89px\" \/><p id=\"caption-attachment-34172\" class=\"wp-caption-text\">Participation # Challenge Des livres (et des \u00e9crans) en cuisine 2024 de <em><a href=\"https:\/\/mapetitemediatheque.fr\/2024\/01\/des-livres-et-des-ecrans-en-cuisine-2024\/\">Bidib<\/a> et <a href=\"http:\/\/croquerlespages.canalblog.com\/archives\/2024\/01\/08\/40165644.html\">Fondant<\/a><\/em> #Repas de No\u00ebl<\/p><\/div>\n","protected":false},"excerpt":{"rendered":"<p>Nous avons lu et relu avec mon mini lutin La lettre de Loup au P\u00e8re No\u00ebl de Shakti Staal et Marianne Barcilon (\u00e9d. Kal\u00e9idoscope, diff. L\u2019\u00e9cole des loisirs, novembre 2024, 40 pages), un album jeunesse grand format \u00e0 partir de 3 ans avec des flaps et des lettres \u00e0 ouvrir. Apr\u00e8s avoir vu dans le [&hellip;]<\/p>\n","protected":false},"author":1,"featured_media":37590,"comment_status":"open","ping_status":"open","sticky":false,"template":"","format":"standard","meta":{"jetpack_post_was_ever_published":false,"_jetpack_newsletter_access":"","_jetpack_dont_email_post_to_subs":false,"_jetpack_newsletter_tier_id":0,"_jetpack_memberships_contains_paywalled_content":false,"_jetpack_memberships_contains_paid_content":false,"footnotes":""},"categories":[363],"tags":[785,4378,4393,3974,4027,947,538,4385,367,1056,1981,541,1476,19,698,1163,4412],"class_list":["post-37533","post","type-post","status-publish","format-standard","has-post-thumbnail","hentry","category-mini-lecteur","tag-3-6-ans","tag-album-jeunesse","tag-challenge-christmas-time-2024","tag-challenge-petit-bac-2024","tag-des-livres-et-des-ecrans-en-cuisine-2024","tag-flaps","tag-humour","tag-il-etait-12-fois-noel","tag-lecture-jeunesse","tag-lectures-de-noel","tag-lettre","tag-loup","tag-marianne-barcilon","tag-noel","tag-pere-noel","tag-repas","tag-shakti-staal","post-preview"],"jetpack_featured_media_url":"https:\/\/i0.wp.com\/www.jojoenherbe.com\/wp-content\/uploads\/2024\/12\/La-lettre-du-Loup-au-Pere-Noel-2-scaled.jpg?fit=2560%2C2157&ssl=1","jetpack_sharing_enabled":true,"jetpack_shortlink":"https:\/\/wp.me\/p9zhGx-9Ln","jetpack_likes_enabled":true,"jetpack-related-posts":[{"id":37263,"url":"https:\/\/www.jojoenherbe.com\/index.php\/2024\/11\/17\/billet-de-suivi-challenge-christmas-time-2024\/","url_meta":{"origin":37533,"position":0},"title":"Billet de suivi: Challenge Christmas Time 2024","author":"Jojo","date":"17 novembre 2024","format":false,"excerpt":"Le mois de d\u00e9cembre approchant, c\u2019est le retour du Challenge Christmas Time 2024, un challenge de No\u00ebl organis\u00e9 par MyaRosa et qui se d\u00e9roule du 15 novembre 2024 au 15 janvier 2025. Encore cette ann\u00e9e, MyaRosa a r\u00e9alis\u00e9 de tr\u00e8s jolis logos et h\u00e9site \u00e0 \u00e9laborer un planning facultatif. Tous\u2026","rel":"","context":"Dans &quot;Mini challenger&quot;","block_context":{"text":"Mini challenger","link":"https:\/\/www.jojoenherbe.com\/index.php\/category\/mini-challenger\/"},"img":{"alt_text":"","src":"https:\/\/i0.wp.com\/www.jojoenherbe.com\/wp-content\/uploads\/2024\/11\/Challenge-Christmas-Time-2024-logo.jpg?fit=623%2C457&ssl=1&resize=350%2C200","width":350,"height":200,"srcset":"https:\/\/i0.wp.com\/www.jojoenherbe.com\/wp-content\/uploads\/2024\/11\/Challenge-Christmas-Time-2024-logo.jpg?fit=623%2C457&ssl=1&resize=350%2C200 1x, https:\/\/i0.wp.com\/www.jojoenherbe.com\/wp-content\/uploads\/2024\/11\/Challenge-Christmas-Time-2024-logo.jpg?fit=623%2C457&ssl=1&resize=525%2C300 1.5x"},"classes":[]},{"id":37450,"url":"https:\/\/www.jojoenherbe.com\/index.php\/2024\/12\/07\/rat-de-noel-2024\/","url_meta":{"origin":37533,"position":1},"title":"RAT de No\u00ebl 2024","author":"Jojo","date":"7 d\u00e9cembre 2024","format":false,"excerpt":"Depuis hier soir, 6 d\u00e9cembre 2024 \u00e0 21h a d\u00e9but\u00e9 un RAT de No\u00ebl coorganis\u00e9 par Chicky Poo et Samarian\u00a0 dans le cadre du challenge Il \u00e9tait 12 fois No\u00ebl, et ce jusqu\u2019\u00e0 demain soir, 8 d\u00e9cembre minuit avec au moins une lecture sur le th\u00e8me de l\u2019hiver et\/ou de\u2026","rel":"","context":"Dans &quot;Mini lecteur&quot;","block_context":{"text":"Mini lecteur","link":"https:\/\/www.jojoenherbe.com\/index.php\/category\/mini-lecteur\/"},"img":{"alt_text":"","src":"https:\/\/i0.wp.com\/www.jojoenherbe.com\/wp-content\/uploads\/2024\/11\/Il-etait-12-fois-Noel-logo-3.jpg?fit=464%2C464&ssl=1&resize=350%2C200","width":350,"height":200},"classes":[]},{"id":37216,"url":"https:\/\/www.jojoenherbe.com\/index.php\/2024\/11\/12\/billet-de-suivi-il-etait-12-fois-noel\/","url_meta":{"origin":37533,"position":2},"title":"Billet de suivi: Il \u00e9tait 12 fois No\u00ebl","author":"Jojo","date":"12 novembre 2024","format":false,"excerpt":"Le mois de d\u00e9cembre approchant, c\u2019est le retour de Il \u00e9tait 12 fois No\u00ebl, un challenge de No\u00ebl coorganis\u00e9 par Chicky Poo et Samarian qui ouvrent les portes de leur Chalet du 15 novembre 2024 au 5 janvier 2025. Pour plus d\u2019infos, n\u2019h\u00e9sitez pas \u00e0 aller sur leurs blogs et\u2026","rel":"","context":"Dans &quot;Mini blogueur&quot;","block_context":{"text":"Mini blogueur","link":"https:\/\/www.jojoenherbe.com\/index.php\/category\/mini-blogueur\/"},"img":{"alt_text":"","src":"https:\/\/i0.wp.com\/www.jojoenherbe.com\/wp-content\/uploads\/2024\/11\/Il-etait-12-fois-Noel-logo.jpg?fit=768%2C636&ssl=1&resize=350%2C200","width":350,"height":200,"srcset":"https:\/\/i0.wp.com\/www.jojoenherbe.com\/wp-content\/uploads\/2024\/11\/Il-etait-12-fois-Noel-logo.jpg?fit=768%2C636&ssl=1&resize=350%2C200 1x, https:\/\/i0.wp.com\/www.jojoenherbe.com\/wp-content\/uploads\/2024\/11\/Il-etait-12-fois-Noel-logo.jpg?fit=768%2C636&ssl=1&resize=525%2C300 1.5x, https:\/\/i0.wp.com\/www.jojoenherbe.com\/wp-content\/uploads\/2024\/11\/Il-etait-12-fois-Noel-logo.jpg?fit=768%2C636&ssl=1&resize=700%2C400 2x"},"classes":[]},{"id":14313,"url":"https:\/\/www.jojoenherbe.com\/index.php\/2020\/12\/04\/au-fil-des-pages-avec-cher-pere-noel\/","url_meta":{"origin":37533,"position":3},"title":"Au fil des pages avec Cher P\u00e8re No\u00ebl","author":"Jojo","date":"4 d\u00e9cembre 2020","format":false,"excerpt":"J4 de notre calendrier livresque: il s'agit de Cher P\u00e8re No\u00ebl d'Emma Yarlett (\u00e9d. Albin Michel Jeunesse, 2020), un album jeunesse cartonn\u00e9 \u00e0 flaps \u00e0 partir de 4 ans. Une derni\u00e8re lettre arrive, \u00e0 la derni\u00e8re minute, dans la chemin\u00e9e allum\u00e9e du P\u00e8re No\u00ebl. Une petite fille Anna souhaite avoir\u2026","rel":"","context":"Dans &quot;Mini lecteur&quot;","block_context":{"text":"Mini lecteur","link":"https:\/\/www.jojoenherbe.com\/index.php\/category\/mini-lecteur\/"},"img":{"alt_text":"","src":"https:\/\/i0.wp.com\/www.jojoenherbe.com\/wp-content\/uploads\/2020\/12\/Cher-Pere-Noel-scaled.jpg?fit=1200%2C833&ssl=1&resize=350%2C200","width":350,"height":200,"srcset":"https:\/\/i0.wp.com\/www.jojoenherbe.com\/wp-content\/uploads\/2020\/12\/Cher-Pere-Noel-scaled.jpg?fit=1200%2C833&ssl=1&resize=350%2C200 1x, https:\/\/i0.wp.com\/www.jojoenherbe.com\/wp-content\/uploads\/2020\/12\/Cher-Pere-Noel-scaled.jpg?fit=1200%2C833&ssl=1&resize=525%2C300 1.5x, https:\/\/i0.wp.com\/www.jojoenherbe.com\/wp-content\/uploads\/2020\/12\/Cher-Pere-Noel-scaled.jpg?fit=1200%2C833&ssl=1&resize=700%2C400 2x, https:\/\/i0.wp.com\/www.jojoenherbe.com\/wp-content\/uploads\/2020\/12\/Cher-Pere-Noel-scaled.jpg?fit=1200%2C833&ssl=1&resize=1050%2C600 3x"},"classes":[]},{"id":8832,"url":"https:\/\/www.jojoenherbe.com\/index.php\/2019\/12\/10\/au-fil-des-pages-avec-la-lettre-du-pere-noel\/","url_meta":{"origin":37533,"position":4},"title":"Au fil des pages avec La lettre du P\u00e8re No\u00ebl","author":"Jojo","date":"10 d\u00e9cembre 2019","format":false,"excerpt":"Nous lisons La lettre du P\u00e8re No\u00ebl de Yukiko Tanno et Mako Taruishi (\u00e9d. L'\u00e9cole des loisirs, 2018), un album jeunesse \u00e0 partir de 3 ans. La veille de No\u00ebl, Facteur Souris est bien malheureux lorsqu'il fait tomber tout le courrier \u00e0 distribuer dans la neige et s'apercevant alors que\u2026","rel":"","context":"Dans &quot;Mini lecteur&quot;","block_context":{"text":"Mini lecteur","link":"https:\/\/www.jojoenherbe.com\/index.php\/category\/mini-lecteur\/"},"img":{"alt_text":"","src":"https:\/\/i0.wp.com\/www.jojoenherbe.com\/wp-content\/uploads\/2019\/12\/La-lettre-du-P%C3%A8re-No%C3%ABl-scaled.jpg?fit=1200%2C867&ssl=1&resize=350%2C200","width":350,"height":200,"srcset":"https:\/\/i0.wp.com\/www.jojoenherbe.com\/wp-content\/uploads\/2019\/12\/La-lettre-du-P%C3%A8re-No%C3%ABl-scaled.jpg?fit=1200%2C867&ssl=1&resize=350%2C200 1x, https:\/\/i0.wp.com\/www.jojoenherbe.com\/wp-content\/uploads\/2019\/12\/La-lettre-du-P%C3%A8re-No%C3%ABl-scaled.jpg?fit=1200%2C867&ssl=1&resize=525%2C300 1.5x, https:\/\/i0.wp.com\/www.jojoenherbe.com\/wp-content\/uploads\/2019\/12\/La-lettre-du-P%C3%A8re-No%C3%ABl-scaled.jpg?fit=1200%2C867&ssl=1&resize=700%2C400 2x, https:\/\/i0.wp.com\/www.jojoenherbe.com\/wp-content\/uploads\/2019\/12\/La-lettre-du-P%C3%A8re-No%C3%ABl-scaled.jpg?fit=1200%2C867&ssl=1&resize=1050%2C600 3x"},"classes":[]},{"id":33712,"url":"https:\/\/www.jojoenherbe.com\/index.php\/2023\/12\/23\/au-fil-des-pages-avec-le-tome-5-de-rita-et-machin\/","url_meta":{"origin":37533,"position":5},"title":"Au fil des pages avec le tome 5 de Rita et Machin","author":"Jojo","date":"23 d\u00e9cembre 2023","format":false,"excerpt":"Lors du RAT de No\u00ebl 2019, nous avions lu le tome 5 de Rita et Machin, Le No\u00ebl de Rita et Machin de Jean-Philippe Arrou-Vignod et Olivier Tallec (\u00e9d. Gallimard Jeunesse, 2006, 28 pages), un album jeunesse \u00e0 partir de 4 ans. Ce soir, c'est la nuit de No\u00ebl mais\u2026","rel":"","context":"Dans &quot;Mini lecteur&quot;","block_context":{"text":"Mini lecteur","link":"https:\/\/www.jojoenherbe.com\/index.php\/category\/mini-lecteur\/"},"img":{"alt_text":"","src":"https:\/\/i0.wp.com\/www.jojoenherbe.com\/wp-content\/uploads\/2023\/12\/Le-Noel-de-Rita-et-Machin-scaled.jpg?fit=1200%2C833&ssl=1&resize=350%2C200","width":350,"height":200,"srcset":"https:\/\/i0.wp.com\/www.jojoenherbe.com\/wp-content\/uploads\/2023\/12\/Le-Noel-de-Rita-et-Machin-scaled.jpg?fit=1200%2C833&ssl=1&resize=350%2C200 1x, https:\/\/i0.wp.com\/www.jojoenherbe.com\/wp-content\/uploads\/2023\/12\/Le-Noel-de-Rita-et-Machin-scaled.jpg?fit=1200%2C833&ssl=1&resize=525%2C300 1.5x, https:\/\/i0.wp.com\/www.jojoenherbe.com\/wp-content\/uploads\/2023\/12\/Le-Noel-de-Rita-et-Machin-scaled.jpg?fit=1200%2C833&ssl=1&resize=700%2C400 2x, https:\/\/i0.wp.com\/www.jojoenherbe.com\/wp-content\/uploads\/2023\/12\/Le-Noel-de-Rita-et-Machin-scaled.jpg?fit=1200%2C833&ssl=1&resize=1050%2C600 3x"},"classes":[]}],"_links":{"self":[{"href":"https:\/\/www.jojoenherbe.com\/index.php\/wp-json\/wp\/v2\/posts\/37533","targetHints":{"allow":["GET"]}}],"collection":[{"href":"https:\/\/www.jojoenherbe.com\/index.php\/wp-json\/wp\/v2\/posts"}],"about":[{"href":"https:\/\/www.jojoenherbe.com\/index.php\/wp-json\/wp\/v2\/types\/post"}],"author":[{"embeddable":true,"href":"https:\/\/www.jojoenherbe.com\/index.php\/wp-json\/wp\/v2\/users\/1"}],"replies":[{"embeddable":true,"href":"https:\/\/www.jojoenherbe.com\/index.php\/wp-json\/wp\/v2\/comments?post=37533"}],"version-history":[{"count":15,"href":"https:\/\/www.jojoenherbe.com\/index.php\/wp-json\/wp\/v2\/posts\/37533\/revisions"}],"predecessor-version":[{"id":37619,"href":"https:\/\/www.jojoenherbe.com\/index.php\/wp-json\/wp\/v2\/posts\/37533\/revisions\/37619"}],"wp:featuredmedia":[{"embeddable":true,"href":"https:\/\/www.jojoenherbe.com\/index.php\/wp-json\/wp\/v2\/media\/37590"}],"wp:attachment":[{"href":"https:\/\/www.jojoenherbe.com\/index.php\/wp-json\/wp\/v2\/media?parent=37533"}],"wp:term":[{"taxonomy":"category","embeddable":true,"href":"https:\/\/www.jojoenherbe.com\/index.php\/wp-json\/wp\/v2\/categories?post=37533"},{"taxonomy":"post_tag","embeddable":true,"href":"https:\/\/www.jojoenherbe.com\/index.php\/wp-json\/wp\/v2\/tags?post=37533"}],"curies":[{"name":"wp","href":"https:\/\/api.w.org\/{rel}","templated":true}]}}