{"id":37431,"date":"2024-12-05T17:58:47","date_gmt":"2024-12-05T16:58:47","guid":{"rendered":"https:\/\/www.jojoenherbe.com\/?p=37431"},"modified":"2025-01-24T17:40:24","modified_gmt":"2025-01-24T16:40:24","slug":"throwback-thursday-livresque-couverture-avec-de-la-neige","status":"publish","type":"post","link":"https:\/\/www.jojoenherbe.com\/index.php\/2024\/12\/05\/throwback-thursday-livresque-couverture-avec-de-la-neige\/","title":{"rendered":"Throwback Thursday Livresque: Couverture avec de la neige"},"content":{"rendered":"<div id=\"attachment_32593\" style=\"width: 196px\" class=\"wp-caption alignleft\"><img data-recalc-dims=\"1\" loading=\"lazy\" decoding=\"async\" aria-describedby=\"caption-attachment-32593\" data-attachment-id=\"32593\" data-permalink=\"https:\/\/www.jojoenherbe.com\/index.php\/2023\/10\/12\/throwback-thursday-livresque-voyage-dans-le-temps\/ttl-logo\/\" data-orig-file=\"https:\/\/i0.wp.com\/www.jojoenherbe.com\/wp-content\/uploads\/2023\/10\/TTL-logo.jpg?fit=540%2C174&amp;ssl=1\" data-orig-size=\"540,174\" data-comments-opened=\"1\" data-image-meta=\"{&quot;aperture&quot;:&quot;0&quot;,&quot;credit&quot;:&quot;&quot;,&quot;camera&quot;:&quot;&quot;,&quot;caption&quot;:&quot;&quot;,&quot;created_timestamp&quot;:&quot;0&quot;,&quot;copyright&quot;:&quot;&quot;,&quot;focal_length&quot;:&quot;0&quot;,&quot;iso&quot;:&quot;0&quot;,&quot;shutter_speed&quot;:&quot;0&quot;,&quot;title&quot;:&quot;&quot;,&quot;orientation&quot;:&quot;0&quot;}\" data-image-title=\"TTL logo\" data-image-description=\"\" data-image-caption=\"\" data-large-file=\"https:\/\/i0.wp.com\/www.jojoenherbe.com\/wp-content\/uploads\/2023\/10\/TTL-logo.jpg?fit=540%2C174&amp;ssl=1\" class=\"wp-image-32593\" src=\"https:\/\/i0.wp.com\/www.jojoenherbe.com\/wp-content\/uploads\/2023\/10\/TTL-logo.jpg?resize=186%2C60\" alt=\"\" width=\"186\" height=\"60\" srcset=\"https:\/\/i0.wp.com\/www.jojoenherbe.com\/wp-content\/uploads\/2023\/10\/TTL-logo.jpg?w=540&amp;ssl=1 540w, https:\/\/i0.wp.com\/www.jojoenherbe.com\/wp-content\/uploads\/2023\/10\/TTL-logo.jpg?resize=300%2C97&amp;ssl=1 300w\" sizes=\"auto, (max-width: 186px) 100vw, 186px\" \/><p id=\"caption-attachment-32593\" class=\"wp-caption-text\">TTL n\u00b0292 chez <a href=\"https:\/\/my-bo0ks.over-blog.com\/2024\/12\/throwback-thursday-livresque-n-292.html\">Carole<\/a> #Couverture avec de la neige<\/p><\/div>\n<p style=\"text-align: justify;\"><em>Ce jeudi 5 d\u00e9cembre 2024, je participe au Throwback Thursday Livresque, un rendez-vous livresque initialement chez Bettie Rose Books et repris depuis par Carole, les liens \u00e9tant \u00e0 d\u00e9poser chez <a href=\"https:\/\/my-bo0ks.over-blog.com\/\">My-Bo0ks<\/a>. Le principe est de partager chaque jeudi un livre en fonction d\u2019un th\u00e8me donn\u00e9. Cette semaine, le th\u00e8me est \u00ab Couverture avec de la neige \u00bb.<\/em><\/p>\n<p style=\"text-align: justify;\"><em>Parmi les nombreux choix possibles, j&rsquo;ai choisi des lectures jeunesses hivernales et\/ou de No\u00ebl et des romances de No\u00ebl:<\/em><\/p>\n<ul>\n<li style=\"text-align: justify;\"><a href=\"https:\/\/i0.wp.com\/www.jojoenherbe.com\/wp-content\/uploads\/2021\/12\/Hotel-Heartwood-T2-scaled.jpg\"><img data-recalc-dims=\"1\" loading=\"lazy\" decoding=\"async\" data-attachment-id=\"22779\" data-permalink=\"https:\/\/www.jojoenherbe.com\/index.php\/2021\/12\/13\/point-lecture-hebdomadaire-19\/hotel-heartwood-t2\/\" data-orig-file=\"https:\/\/i0.wp.com\/www.jojoenherbe.com\/wp-content\/uploads\/2021\/12\/Hotel-Heartwood-T2-scaled.jpg?fit=2560%2C1920&amp;ssl=1\" data-orig-size=\"2560,1920\" data-comments-opened=\"1\" data-image-meta=\"{&quot;aperture&quot;:&quot;1.8&quot;,&quot;credit&quot;:&quot;&quot;,&quot;camera&quot;:&quot;iPhone 7&quot;,&quot;caption&quot;:&quot;&quot;,&quot;created_timestamp&quot;:&quot;1639391328&quot;,&quot;copyright&quot;:&quot;&quot;,&quot;focal_length&quot;:&quot;3.99&quot;,&quot;iso&quot;:&quot;100&quot;,&quot;shutter_speed&quot;:&quot;0.071428571428571&quot;,&quot;title&quot;:&quot;&quot;,&quot;orientation&quot;:&quot;1&quot;}\" data-image-title=\"H\u00f4tel Heartwood T2\" data-image-description=\"\" data-image-caption=\"\" data-large-file=\"https:\/\/i0.wp.com\/www.jojoenherbe.com\/wp-content\/uploads\/2021\/12\/Hotel-Heartwood-T2-scaled.jpg?fit=676%2C507&amp;ssl=1\" class=\"size-thumbnail wp-image-22779 alignright\" src=\"https:\/\/i0.wp.com\/www.jojoenherbe.com\/wp-content\/uploads\/2021\/12\/Hotel-Heartwood-T2.jpg?resize=150%2C150\" alt=\"\" width=\"150\" height=\"150\" srcset=\"https:\/\/i0.wp.com\/www.jojoenherbe.com\/wp-content\/uploads\/2021\/12\/Hotel-Heartwood-T2-scaled.jpg?resize=150%2C150&amp;ssl=1 150w, https:\/\/i0.wp.com\/www.jojoenherbe.com\/wp-content\/uploads\/2021\/12\/Hotel-Heartwood-T2-scaled.jpg?zoom=2&amp;resize=150%2C150 300w, https:\/\/i0.wp.com\/www.jojoenherbe.com\/wp-content\/uploads\/2021\/12\/Hotel-Heartwood-T2-scaled.jpg?zoom=3&amp;resize=150%2C150 450w\" sizes=\"auto, (max-width: 150px) 100vw, 150px\" \/><\/a><em>(Roman jeunesse) le <a href=\"https:\/\/www.jojoenherbe.com\/index.php\/2023\/02\/15\/au-fil-des-pages-avec-le-tome-2-dhotel-heartwood\/\">tome 2<\/a> d\u2019<span style=\"text-decoration: underline; color: #0000ff;\">H\u00f4tel Heartwood, Un hiver si doux<\/span> de Kallie George et Stephanie Graegin (\u00e9d. Casterman Jeunesse, 2019, 187 pages), un roman jeunesse \u00e0 partir de 8 ans et aux jolies illustrations en noir et blanc. <\/em><\/li>\n<li style=\"text-align: justify;\"><em><a href=\"https:\/\/i0.wp.com\/www.jojoenherbe.com\/wp-content\/uploads\/2025\/01\/Quelque-part-dans-la-neige-2-scaled.jpg\"><img data-recalc-dims=\"1\" loading=\"lazy\" decoding=\"async\" data-attachment-id=\"38179\" data-permalink=\"https:\/\/www.jojoenherbe.com\/index.php\/2025\/01\/24\/au-fil-des-pages-avec-quelque-part-dans-la-neige\/quelque-part-dans-la-neige-2\/\" data-orig-file=\"https:\/\/i0.wp.com\/www.jojoenherbe.com\/wp-content\/uploads\/2025\/01\/Quelque-part-dans-la-neige-2-scaled.jpg?fit=2560%2C2218&amp;ssl=1\" data-orig-size=\"2560,2218\" data-comments-opened=\"1\" data-image-meta=\"{&quot;aperture&quot;:&quot;1.8&quot;,&quot;credit&quot;:&quot;&quot;,&quot;camera&quot;:&quot;iPhone 7&quot;,&quot;caption&quot;:&quot;&quot;,&quot;created_timestamp&quot;:&quot;1737729516&quot;,&quot;copyright&quot;:&quot;&quot;,&quot;focal_length&quot;:&quot;3.99&quot;,&quot;iso&quot;:&quot;32&quot;,&quot;shutter_speed&quot;:&quot;0.05&quot;,&quot;title&quot;:&quot;&quot;,&quot;orientation&quot;:&quot;1&quot;}\" data-image-title=\"Quelque part dans la neige 2\" data-image-description=\"\" data-image-caption=\"\" data-large-file=\"https:\/\/i0.wp.com\/www.jojoenherbe.com\/wp-content\/uploads\/2025\/01\/Quelque-part-dans-la-neige-2-scaled.jpg?fit=676%2C586&amp;ssl=1\" class=\"alignleft size-thumbnail wp-image-38179\" src=\"https:\/\/i0.wp.com\/www.jojoenherbe.com\/wp-content\/uploads\/2025\/01\/Quelque-part-dans-la-neige-2.jpg?resize=150%2C150\" alt=\"\" width=\"150\" height=\"150\" srcset=\"https:\/\/i0.wp.com\/www.jojoenherbe.com\/wp-content\/uploads\/2025\/01\/Quelque-part-dans-la-neige-2-scaled.jpg?resize=150%2C150&amp;ssl=1 150w, https:\/\/i0.wp.com\/www.jojoenherbe.com\/wp-content\/uploads\/2025\/01\/Quelque-part-dans-la-neige-2-scaled.jpg?zoom=2&amp;resize=150%2C150 300w, https:\/\/i0.wp.com\/www.jojoenherbe.com\/wp-content\/uploads\/2025\/01\/Quelque-part-dans-la-neige-2-scaled.jpg?zoom=3&amp;resize=150%2C150 450w\" sizes=\"auto, (max-width: 150px) 100vw, 150px\" \/><\/a>(Album jeunesse) <span style=\"text-decoration: underline; color: #0000ff;\">Quelque part dans la neige<\/span> de Linde Faas (\u00e9d. Kal\u00e9idoscope, diff. L&rsquo;\u00e9cole des loisirs, d\u00e9cembre 2023, 36 pages), un <a href=\"https:\/\/www.jojoenherbe.com\/index.php\/2025\/01\/24\/au-fil-des-pages-avec-quelque-part-dans-la-neige\/\">album jeunesse<\/a> \u00e0 partir de 3 ans que nous avons d\u00e9couvert en d\u00e9cembre dernier et que nous allons relire cette ann\u00e9e mais que je n&rsquo;ai pas encore chroniqu\u00e9 sur le blog<\/em><\/li>\n<li style=\"text-align: justify;\"><em><a href=\"https:\/\/i0.wp.com\/www.jojoenherbe.com\/wp-content\/uploads\/2024\/12\/Snow-Crystal-scaled.jpg\"><img data-recalc-dims=\"1\" loading=\"lazy\" decoding=\"async\" data-attachment-id=\"37438\" data-permalink=\"https:\/\/www.jojoenherbe.com\/index.php\/2024\/12\/05\/throwback-thursday-livresque-couverture-avec-de-la-neige\/snow-crystal\/\" data-orig-file=\"https:\/\/i0.wp.com\/www.jojoenherbe.com\/wp-content\/uploads\/2024\/12\/Snow-Crystal-scaled.jpg?fit=2560%2C1975&amp;ssl=1\" data-orig-size=\"2560,1975\" data-comments-opened=\"1\" data-image-meta=\"{&quot;aperture&quot;:&quot;1.8&quot;,&quot;credit&quot;:&quot;&quot;,&quot;camera&quot;:&quot;iPhone 7&quot;,&quot;caption&quot;:&quot;&quot;,&quot;created_timestamp&quot;:&quot;1733418960&quot;,&quot;copyright&quot;:&quot;&quot;,&quot;focal_length&quot;:&quot;3.99&quot;,&quot;iso&quot;:&quot;100&quot;,&quot;shutter_speed&quot;:&quot;0.25&quot;,&quot;title&quot;:&quot;&quot;,&quot;orientation&quot;:&quot;1&quot;}\" data-image-title=\"Snow Crystal\" data-image-description=\"\" data-image-caption=\"\" data-large-file=\"https:\/\/i0.wp.com\/www.jojoenherbe.com\/wp-content\/uploads\/2024\/12\/Snow-Crystal-scaled.jpg?fit=676%2C522&amp;ssl=1\" class=\"size-thumbnail wp-image-37438 alignright\" src=\"https:\/\/i0.wp.com\/www.jojoenherbe.com\/wp-content\/uploads\/2024\/12\/Snow-Crystal.jpg?resize=150%2C150\" alt=\"\" width=\"150\" height=\"150\" srcset=\"https:\/\/i0.wp.com\/www.jojoenherbe.com\/wp-content\/uploads\/2024\/12\/Snow-Crystal-scaled.jpg?resize=150%2C150&amp;ssl=1 150w, https:\/\/i0.wp.com\/www.jojoenherbe.com\/wp-content\/uploads\/2024\/12\/Snow-Crystal-scaled.jpg?zoom=2&amp;resize=150%2C150 300w, https:\/\/i0.wp.com\/www.jojoenherbe.com\/wp-content\/uploads\/2024\/12\/Snow-Crystal-scaled.jpg?zoom=3&amp;resize=150%2C150 450w\" sizes=\"auto, (max-width: 150px) 100vw, 150px\" \/><\/a>(Romances de No\u00ebl) la trilogie <span style=\"text-decoration: underline; color: #0000ff;\">Snow Crystal<\/span> de Sarah Morgan (\u00e9d. Harper Collins Poche, 2020) avec les 3 fr\u00e8res O&rsquo;Neil: <span style=\"text-decoration: underline; color: #0000ff;\">La danse h\u00e9sitante des flocons de neige<\/span> (Jackson\/Kayla), <span style=\"text-decoration: underline; color: #0000ff;\">L\u2019exquise clart\u00e9 d\u2019un rayon de lune<\/span> (Sean\/Elise) et <span style=\"text-decoration: underline; color: #0000ff;\">La douce caresse d\u2019un vent d\u2019hiver<\/span> (Tyler\/Brenna). J&rsquo;aurai d&rsquo;ailleurs tr\u00e8s bien choisir ma photo d&rsquo;illustration de mon billet de PAL de romances de No\u00ebl 2020: <a href=\"https:\/\/www.jojoenherbe.com\/index.php\/2020\/12\/20\/notre-pal-de-romances-de-noel-2020\/\">ici<\/a>. <br \/><\/em><\/li>\n<\/ul>\n<p style=\"text-align: justify;\"><a href=\"https:\/\/i0.wp.com\/www.jojoenherbe.com\/wp-content\/uploads\/2024\/01\/Les-enfants-du-blizzard.jpg\"><img data-recalc-dims=\"1\" loading=\"lazy\" decoding=\"async\" data-attachment-id=\"34300\" data-permalink=\"https:\/\/www.jojoenherbe.com\/index.php\/2024\/01\/15\/point-lecture-hebdomadaire-2024-2\/les-enfants-du-blizzard\/\" data-orig-file=\"https:\/\/i0.wp.com\/www.jojoenherbe.com\/wp-content\/uploads\/2024\/01\/Les-enfants-du-blizzard.jpg?fit=750%2C1334&amp;ssl=1\" data-orig-size=\"750,1334\" data-comments-opened=\"1\" data-image-meta=\"{&quot;aperture&quot;:&quot;0&quot;,&quot;credit&quot;:&quot;&quot;,&quot;camera&quot;:&quot;&quot;,&quot;caption&quot;:&quot;&quot;,&quot;created_timestamp&quot;:&quot;0&quot;,&quot;copyright&quot;:&quot;&quot;,&quot;focal_length&quot;:&quot;0&quot;,&quot;iso&quot;:&quot;0&quot;,&quot;shutter_speed&quot;:&quot;0&quot;,&quot;title&quot;:&quot;&quot;,&quot;orientation&quot;:&quot;1&quot;}\" data-image-title=\"Les enfants du blizzard\" data-image-description=\"\" data-image-caption=\"\" data-large-file=\"https:\/\/i0.wp.com\/www.jojoenherbe.com\/wp-content\/uploads\/2024\/01\/Les-enfants-du-blizzard.jpg?fit=576%2C1024&amp;ssl=1\" class=\"alignleft size-thumbnail wp-image-34300\" src=\"https:\/\/i0.wp.com\/www.jojoenherbe.com\/wp-content\/uploads\/2024\/01\/Les-enfants-du-blizzard.jpg?resize=150%2C150\" alt=\"\" width=\"150\" height=\"150\" srcset=\"https:\/\/i0.wp.com\/www.jojoenherbe.com\/wp-content\/uploads\/2024\/01\/Les-enfants-du-blizzard.jpg?resize=150%2C150&amp;ssl=1 150w, https:\/\/i0.wp.com\/www.jojoenherbe.com\/wp-content\/uploads\/2024\/01\/Les-enfants-du-blizzard.jpg?zoom=2&amp;resize=150%2C150 300w, https:\/\/i0.wp.com\/www.jojoenherbe.com\/wp-content\/uploads\/2024\/01\/Les-enfants-du-blizzard.jpg?zoom=3&amp;resize=150%2C150 450w\" sizes=\"auto, (max-width: 150px) 100vw, 150px\" \/><\/a><em>Dans un registre plus sombre, j&rsquo;ai \u00e9galement choisi <span style=\"text-decoration: underline; color: #0000ff;\">Les enfants du blizzard<\/span> de Melanie Benjamin (\u00e9d. Albin Michel, novembre 2023, 400 pages), un <a href=\"https:\/\/www.jojoenherbe.com\/index.php\/2024\/01\/18\/au-fil-des-pages-avec-les-enfants-du-blizzard\/\">roman historique<\/a> retra\u00e7ant un terrible fait divers am\u00e9ricain et qui a co\u00fbt\u00e9 la vie \u00e0 de nombreux enfants en janvier 1888, dans les plaines du Nebraska et Dakota.<br \/><\/em><\/p>\n<p style=\"text-align: justify;\"><em><a href=\"https:\/\/i0.wp.com\/www.jojoenherbe.com\/wp-content\/uploads\/2024\/12\/Winston-1-scaled.jpg\"><img data-recalc-dims=\"1\" loading=\"lazy\" decoding=\"async\" data-attachment-id=\"37437\" data-permalink=\"https:\/\/www.jojoenherbe.com\/index.php\/2024\/12\/05\/throwback-thursday-livresque-couverture-avec-de-la-neige\/winston-2\/\" data-orig-file=\"https:\/\/i0.wp.com\/www.jojoenherbe.com\/wp-content\/uploads\/2024\/12\/Winston-1-scaled.jpg?fit=2560%2C2004&amp;ssl=1\" data-orig-size=\"2560,2004\" data-comments-opened=\"1\" data-image-meta=\"{&quot;aperture&quot;:&quot;1.8&quot;,&quot;credit&quot;:&quot;&quot;,&quot;camera&quot;:&quot;iPhone 7&quot;,&quot;caption&quot;:&quot;&quot;,&quot;created_timestamp&quot;:&quot;1733418520&quot;,&quot;copyright&quot;:&quot;&quot;,&quot;focal_length&quot;:&quot;3.99&quot;,&quot;iso&quot;:&quot;80&quot;,&quot;shutter_speed&quot;:&quot;0.2&quot;,&quot;title&quot;:&quot;&quot;,&quot;orientation&quot;:&quot;1&quot;}\" data-image-title=\"Winston\" data-image-description=\"\" data-image-caption=\"\" data-large-file=\"https:\/\/i0.wp.com\/www.jojoenherbe.com\/wp-content\/uploads\/2024\/12\/Winston-1-scaled.jpg?fit=676%2C529&amp;ssl=1\" class=\"size-thumbnail wp-image-37437 alignright\" src=\"https:\/\/i0.wp.com\/www.jojoenherbe.com\/wp-content\/uploads\/2024\/12\/Winston-1.jpg?resize=150%2C150\" alt=\"\" width=\"150\" height=\"150\" srcset=\"https:\/\/i0.wp.com\/www.jojoenherbe.com\/wp-content\/uploads\/2024\/12\/Winston-1-scaled.jpg?resize=150%2C150&amp;ssl=1 150w, https:\/\/i0.wp.com\/www.jojoenherbe.com\/wp-content\/uploads\/2024\/12\/Winston-1-scaled.jpg?zoom=2&amp;resize=150%2C150 300w, https:\/\/i0.wp.com\/www.jojoenherbe.com\/wp-content\/uploads\/2024\/12\/Winston-1-scaled.jpg?zoom=3&amp;resize=150%2C150 450w\" sizes=\"auto, (max-width: 150px) 100vw, 150px\" \/><\/a>Mon mini lutin a aussi voulu jouer et il a choisi notre lecture du soir jusqu&rsquo;\u00e0 No\u00ebl et celui de l&rsquo;ann\u00e9e derni\u00e8re avec les aventures no\u00ebllesques de l&rsquo;adorable souris Winston: <span style=\"text-decoration: underline; color: #0000ff;\">Le No\u00ebl enchant\u00e9 de Winston<\/span> d\u2019Alex T. Smith (\u00e9d. Casterman Jeunesse, octobre 2024,\u00a0 176 pages) et <span style=\"text-decoration: underline; color: #0000ff;\">Comment Winston a sauv\u00e9 No\u00ebl<\/span> d\u2019Alex T. Smith (\u00e9d. Casterman Jeunesse, octobre 2023,\u00a0 176 pages), des albums jeunesse pour les 6\/10 ans, chacun des chapitres se terminant sur une activit\u00e9 manuelle \u00e0 r\u00e9aliser. <\/em><\/p>\n<p style=\"text-align: justify;\"><a href=\"https:\/\/i0.wp.com\/www.jojoenherbe.com\/wp-content\/uploads\/2023\/01\/Un-hiver-chez-Bleuet-scaled.jpg\"><img data-recalc-dims=\"1\" loading=\"lazy\" decoding=\"async\" data-attachment-id=\"29336\" data-permalink=\"https:\/\/www.jojoenherbe.com\/index.php\/2023\/01\/23\/point-lecture-hebdomadaire-2023-3\/un-hiver-chez-bleuet\/\" data-orig-file=\"https:\/\/i0.wp.com\/www.jojoenherbe.com\/wp-content\/uploads\/2023\/01\/Un-hiver-chez-Bleuet-scaled.jpg?fit=2560%2C1920&amp;ssl=1\" data-orig-size=\"2560,1920\" data-comments-opened=\"1\" data-image-meta=\"{&quot;aperture&quot;:&quot;1.8&quot;,&quot;credit&quot;:&quot;&quot;,&quot;camera&quot;:&quot;iPhone 7&quot;,&quot;caption&quot;:&quot;&quot;,&quot;created_timestamp&quot;:&quot;1674472583&quot;,&quot;copyright&quot;:&quot;&quot;,&quot;focal_length&quot;:&quot;3.99&quot;,&quot;iso&quot;:&quot;100&quot;,&quot;shutter_speed&quot;:&quot;0.16666666666667&quot;,&quot;title&quot;:&quot;&quot;,&quot;orientation&quot;:&quot;1&quot;}\" data-image-title=\"Un hiver chez Bleuet\" data-image-description=\"\" data-image-caption=\"\" data-large-file=\"https:\/\/i0.wp.com\/www.jojoenherbe.com\/wp-content\/uploads\/2023\/01\/Un-hiver-chez-Bleuet-scaled.jpg?fit=676%2C507&amp;ssl=1\" class=\"alignleft size-thumbnail wp-image-29336\" src=\"https:\/\/i0.wp.com\/www.jojoenherbe.com\/wp-content\/uploads\/2023\/01\/Un-hiver-chez-Bleuet.jpg?resize=150%2C150\" alt=\"\" width=\"150\" height=\"150\" srcset=\"https:\/\/i0.wp.com\/www.jojoenherbe.com\/wp-content\/uploads\/2023\/01\/Un-hiver-chez-Bleuet-scaled.jpg?resize=150%2C150&amp;ssl=1 150w, https:\/\/i0.wp.com\/www.jojoenherbe.com\/wp-content\/uploads\/2023\/01\/Un-hiver-chez-Bleuet-scaled.jpg?zoom=2&amp;resize=150%2C150 300w, https:\/\/i0.wp.com\/www.jojoenherbe.com\/wp-content\/uploads\/2023\/01\/Un-hiver-chez-Bleuet-scaled.jpg?zoom=3&amp;resize=150%2C150 450w\" sizes=\"auto, (max-width: 150px) 100vw, 150px\" \/><\/a><em>On aurait aussi pu choisir <span style=\"text-decoration: underline; color: #0000ff;\">Un hiver chez Bleuet<\/span> de Heegyum Kim (\u00e9d. Michi, 2023, 40 pages), un <a href=\"https:\/\/www.jojoenherbe.com\/index.php\/2023\/03\/17\/au-fil-des-pages-avec-un-hiver-chez-bleuet\/\">album jeunesse<\/a> \u00e0 partir de 4 ans avec l&rsquo;histoire toute douce et mignonne de Bleuet, un ours timide et solitaire. D&rsquo;ailleurs, si vous voulez voir plus de couverture avec de la neige, n&rsquo;h\u00e9sitez pas \u00e0 allez voir dans mes tags sp\u00e9cial \u00ab lectures d\u2019hiver \u00bb: <a href=\"https:\/\/www.jojoenherbe.com\/index.php\/tag\/lectures-dhiver\/\">ici<\/a> ou sp\u00e9cial \u00ab lectures de No\u00ebl \u00bb: <a href=\"https:\/\/www.jojoenherbe.com\/index.php\/tag\/lectures-de-noel\/\">ici<\/a>.<\/em><\/p>\n<p style=\"text-align: justify;\"><em>Et vous, quel livre auriez-vous choisi pour cette th\u00e9matique? La semaine prochaine, le th\u00e8me sera: \u00ab Dans un pays froid \u00bb.<\/em><\/p>\n\n\n<p><\/p>\n","protected":false},"excerpt":{"rendered":"<p>Ce jeudi 5 d\u00e9cembre 2024, je participe au Throwback Thursday Livresque, un rendez-vous livresque initialement chez Bettie Rose Books et repris depuis par Carole, les liens \u00e9tant \u00e0 d\u00e9poser chez My-Bo0ks. Le principe est de partager chaque jeudi un livre en fonction d\u2019un th\u00e8me donn\u00e9. Cette semaine, le th\u00e8me est \u00ab Couverture avec de la [&hellip;]<\/p>\n","protected":false},"author":1,"featured_media":32593,"comment_status":"open","ping_status":"open","sticky":false,"template":"","format":"standard","meta":{"jetpack_post_was_ever_published":false,"_jetpack_newsletter_access":"","_jetpack_dont_email_post_to_subs":false,"_jetpack_newsletter_tier_id":0,"_jetpack_memberships_contains_paywalled_content":false,"_jetpack_memberships_contains_paid_content":false,"footnotes":""},"categories":[873,363],"tags":[3948,4378,3951,2538,1085,1015,367,1056,4406,4046,369,1086,905,789,1994,3115,3868],"class_list":["post-37431","post","type-post","status-publish","format-standard","has-post-thumbnail","hentry","category-mini-challenger","category-mini-lecteur","tag-album-de-lavent","tag-album-jeunesse","tag-alex-t-smith","tag-kallie-george","tag-lecture-adulte","tag-lecture-dhiver","tag-lecture-jeunesse","tag-lectures-de-noel","tag-linde-faas","tag-melanie-benjamin","tag-neige","tag-romance-de-noel","tag-romans-adulte","tag-romans-jeunesse","tag-sarah-morgan","tag-stephanie-graegin","tag-throwback-thursday-livresque","post-preview"],"jetpack_featured_media_url":"https:\/\/i0.wp.com\/www.jojoenherbe.com\/wp-content\/uploads\/2023\/10\/TTL-logo.jpg?fit=540%2C174&ssl=1","jetpack_sharing_enabled":true,"jetpack_shortlink":"https:\/\/wp.me\/p9zhGx-9JJ","jetpack_likes_enabled":true,"jetpack-related-posts":[{"id":37491,"url":"https:\/\/www.jojoenherbe.com\/index.php\/2024\/12\/12\/throwback-thursday-livresque-romance-dans-un-pays-froid\/","url_meta":{"origin":37431,"position":0},"title":"Throwback Thursday Livresque:  Romance dans un pays froid","author":"Jojo","date":"12 d\u00e9cembre 2024","format":false,"excerpt":"Ce jeudi 12 d\u00e9cembre 2024, je participe au Throwback Thursday Livresque, un rendez-vous livresque initialement chez Bettie Rose Books et repris depuis par Carole, les liens \u00e9tant \u00e0 d\u00e9poser chez My-Bo0ks. Le principe est de partager chaque jeudi un livre en fonction d\u2019un th\u00e8me donn\u00e9. Cette semaine, le th\u00e8me est\u2026","rel":"","context":"Dans &quot;Mini challenger&quot;","block_context":{"text":"Mini challenger","link":"https:\/\/www.jojoenherbe.com\/index.php\/category\/mini-challenger\/"},"img":{"alt_text":"","src":"https:\/\/i0.wp.com\/www.jojoenherbe.com\/wp-content\/uploads\/2023\/10\/TTL-logo.jpg?resize=350%2C200","width":350,"height":200},"classes":[]},{"id":42761,"url":"https:\/\/www.jojoenherbe.com\/index.php\/2026\/02\/12\/throwback-thursday-livresque-des-coeurs-sur-la-couverture\/","url_meta":{"origin":37431,"position":1},"title":"Throwback Thursday Livresque: Des c\u0153urs sur la couverture","author":"Jojo","date":"12 f\u00e9vrier 2026","format":false,"excerpt":"Ce jeudi 12 f\u00e9vrier 2026, je participe au Throwback Thursday Livresque, un rendez-vous livresque initialement chez Bettie Rose Books et repris depuis par Carole, les liens \u00e9tant \u00e0 d\u00e9poser chez My-Bo0ks. Le principe est de partager chaque jeudi un livre \"ancien\" de notre biblioth\u00e8que en fonction d\u2019un th\u00e8me donn\u00e9. Cette\u2026","rel":"","context":"Dans &quot;Mini blogueur&quot;","block_context":{"text":"Mini blogueur","link":"https:\/\/www.jojoenherbe.com\/index.php\/category\/mini-blogueur\/"},"img":{"alt_text":"","src":"https:\/\/i0.wp.com\/www.jojoenherbe.com\/wp-content\/uploads\/2023\/10\/TTL-logo.jpg?resize=350%2C200","width":350,"height":200},"classes":[]},{"id":41789,"url":"https:\/\/www.jojoenherbe.com\/index.php\/2025\/12\/18\/throwback-thursday-livresque-noel-dans-le-titre\/","url_meta":{"origin":37431,"position":2},"title":"Throwback Thursday Livresque: \u00ab\u00a0No\u00ebl\u00a0\u00bb dans le titre","author":"Jojo","date":"18 d\u00e9cembre 2025","format":false,"excerpt":"Ce jeudi 18 d\u00e9cembre 2025, je participe au Throwback Thursday Livresque, un rendez-vous livresque initialement chez Bettie Rose Books et repris depuis par Carole, les liens \u00e9tant \u00e0 d\u00e9poser chez My-Bo0ks. Le principe est de partager chaque jeudi un livre \"ancien\" de notre biblioth\u00e8que en fonction d\u2019un th\u00e8me donn\u00e9. Cette\u2026","rel":"","context":"Dans &quot;Mini blogueur&quot;","block_context":{"text":"Mini blogueur","link":"https:\/\/www.jojoenherbe.com\/index.php\/category\/mini-blogueur\/"},"img":{"alt_text":"","src":"https:\/\/i0.wp.com\/www.jojoenherbe.com\/wp-content\/uploads\/2023\/10\/TTL-logo.jpg?resize=350%2C200","width":350,"height":200},"classes":[]},{"id":41678,"url":"https:\/\/www.jojoenherbe.com\/index.php\/2025\/12\/11\/throwback-thursday-livresque-un-des-cadeaux-sur-la-couverture\/","url_meta":{"origin":37431,"position":3},"title":"Throwback Thursday Livresque: Un\/des cadeaux sur la couverture","author":"Jojo","date":"11 d\u00e9cembre 2025","format":false,"excerpt":"Ce jeudi 11 d\u00e9cembre 2025, je participe au Throwback Thursday Livresque, un rendez-vous livresque initialement chez Bettie Rose Books et repris depuis par Carole, les liens \u00e9tant \u00e0 d\u00e9poser chez My-Bo0ks. Le principe est de partager chaque jeudi un livre \"ancien\" de notre biblioth\u00e8que en fonction d\u2019un th\u00e8me donn\u00e9. Cette\u2026","rel":"","context":"Dans &quot;Mini blogueur&quot;","block_context":{"text":"Mini blogueur","link":"https:\/\/www.jojoenherbe.com\/index.php\/category\/mini-blogueur\/"},"img":{"alt_text":"","src":"https:\/\/i0.wp.com\/www.jojoenherbe.com\/wp-content\/uploads\/2023\/10\/TTL-logo.jpg?resize=350%2C200","width":350,"height":200},"classes":[]},{"id":43764,"url":"https:\/\/www.jojoenherbe.com\/index.php\/2026\/04\/16\/throwback-thursday-livresque-de-la-pluie-sur-la-couverture\/","url_meta":{"origin":37431,"position":4},"title":"Throwback Thursday Livresque: De la pluie sur la couverture","author":"Jojo","date":"16 avril 2026","format":false,"excerpt":"Ce jeudi 16 avril 2026, je participe au Throwback Thursday Livresque, un rendez-vous livresque initialement chez Bettie Rose Books et repris depuis par Carole, les liens \u00e9tant \u00e0 d\u00e9poser chez My-Bo0ks. Le principe est de partager chaque jeudi un livre \"ancien\" de notre biblioth\u00e8que en fonction d\u2019un th\u00e8me donn\u00e9. Cette\u2026","rel":"","context":"Dans &quot;Mini blogueur&quot;","block_context":{"text":"Mini blogueur","link":"https:\/\/www.jojoenherbe.com\/index.php\/category\/mini-blogueur\/"},"img":{"alt_text":"","src":"https:\/\/i0.wp.com\/www.jojoenherbe.com\/wp-content\/uploads\/2023\/10\/TTL-logo.jpg?resize=350%2C200","width":350,"height":200},"classes":[]},{"id":36739,"url":"https:\/\/www.jojoenherbe.com\/index.php\/2024\/08\/01\/throwback-thursday-livresque-couverture-avec-du-sable\/","url_meta":{"origin":37431,"position":5},"title":"Throwback Thursday Livresque: Couverture avec du sable","author":"Jojo","date":"1 ao\u00fbt 2024","format":false,"excerpt":"Ce jeudi 1er ao\u00fbt 2024, je participe au Throwback Thursday Livresque, un rendez-vous livresque initialement chez Bettie Rose Books et repris depuis par Carole, les liens \u00e9tant \u00e0 d\u00e9poser chez My-Bo0ks. Le principe est de partager chaque jeudi un livre en fonction d\u2019un th\u00e8me donn\u00e9. Cette semaine, le th\u00e8me est\u2026","rel":"","context":"Dans &quot;Mini challenger&quot;","block_context":{"text":"Mini challenger","link":"https:\/\/www.jojoenherbe.com\/index.php\/category\/mini-challenger\/"},"img":{"alt_text":"","src":"https:\/\/i0.wp.com\/www.jojoenherbe.com\/wp-content\/uploads\/2023\/10\/TTL-logo.jpg?resize=350%2C200","width":350,"height":200},"classes":[]}],"_links":{"self":[{"href":"https:\/\/www.jojoenherbe.com\/index.php\/wp-json\/wp\/v2\/posts\/37431","targetHints":{"allow":["GET"]}}],"collection":[{"href":"https:\/\/www.jojoenherbe.com\/index.php\/wp-json\/wp\/v2\/posts"}],"about":[{"href":"https:\/\/www.jojoenherbe.com\/index.php\/wp-json\/wp\/v2\/types\/post"}],"author":[{"embeddable":true,"href":"https:\/\/www.jojoenherbe.com\/index.php\/wp-json\/wp\/v2\/users\/1"}],"replies":[{"embeddable":true,"href":"https:\/\/www.jojoenherbe.com\/index.php\/wp-json\/wp\/v2\/comments?post=37431"}],"version-history":[{"count":12,"href":"https:\/\/www.jojoenherbe.com\/index.php\/wp-json\/wp\/v2\/posts\/37431\/revisions"}],"predecessor-version":[{"id":38189,"href":"https:\/\/www.jojoenherbe.com\/index.php\/wp-json\/wp\/v2\/posts\/37431\/revisions\/38189"}],"wp:featuredmedia":[{"embeddable":true,"href":"https:\/\/www.jojoenherbe.com\/index.php\/wp-json\/wp\/v2\/media\/32593"}],"wp:attachment":[{"href":"https:\/\/www.jojoenherbe.com\/index.php\/wp-json\/wp\/v2\/media?parent=37431"}],"wp:term":[{"taxonomy":"category","embeddable":true,"href":"https:\/\/www.jojoenherbe.com\/index.php\/wp-json\/wp\/v2\/categories?post=37431"},{"taxonomy":"post_tag","embeddable":true,"href":"https:\/\/www.jojoenherbe.com\/index.php\/wp-json\/wp\/v2\/tags?post=37431"}],"curies":[{"name":"wp","href":"https:\/\/api.w.org\/{rel}","templated":true}]}}