{"id":37419,"date":"2024-12-18T17:46:46","date_gmt":"2024-12-18T16:46:46","guid":{"rendered":"https:\/\/www.jojoenherbe.com\/?p=37419"},"modified":"2025-11-17T15:15:02","modified_gmt":"2025-11-17T14:15:02","slug":"au-fil-des-pages-avec-desenchantees","status":"publish","type":"post","link":"https:\/\/www.jojoenherbe.com\/index.php\/2024\/12\/18\/au-fil-des-pages-avec-desenchantees\/","title":{"rendered":"Au fil des pages avec D\u00e9senchant\u00e9es"},"content":{"rendered":"<p style=\"text-align: justify;\"><em>Ayant appr\u00e9ci\u00e9 un de ses romans pr\u00e9c\u00e9dents, <span style=\"text-decoration: underline;\">Ainsi g\u00e8lent les bulles de savon<\/span>, j&rsquo;ai lu cet \u00e9t\u00e9, en e-book, <span style=\"text-decoration: underline;\">D\u00e9senchant\u00e9es<\/span> de Marie Vareille (\u00e9d. Charleston, mars 2023, 312 pages), un roman \u00e0 suspense contemporain se d\u00e9roulant dans les ann\u00e9es 2010, 20 ans apr\u00e8s la disparition inqui\u00e9tante de Sarah Leroy, alors \u00e2g\u00e9e de 15 ans, une des 4 adolescentes surnomm\u00e9es les \u00ab\u00a0D\u00e9senchant\u00e9es\u00a0\u00bb avec Ang\u00e9lique, Morgane et Jasmine.<\/em><\/p>\n<p style=\"text-align: justify;\"><em>Au d\u00e9c\u00e8s de sa m\u00e8re, Fanny, la s\u0153ur d&rsquo;Ang\u00e9lique, retourne dans son village natal, Bouville-sur-Mer, dans le Pas-de-Calais, sa responsable lui confiant une enqu\u00eate journalistique sur l&rsquo;affaire Sarah Leroy, le coupable devant \u00eatre lib\u00e9r\u00e9 prochainement. C&rsquo;est bien \u00e0 contrec\u0153ur que la jeune femme se retrouve \u00e0 enqu\u00eater, accompagn\u00e9e de sa belle-fille, Lilou qui s&rsquo;est impos\u00e9e comme stagiaire lyc\u00e9enne et dont les rapports avec elle sont conflictuels. Son pass\u00e9 s&rsquo;entrechoque avec sa vie actuelle. Qu&rsquo;a-t-elle cach\u00e9 lors la disparition de Sarah pour prot\u00e9ger sa s\u0153ur Ang\u00e9lique de poursuites judiciaires? <\/em><\/p>\n<p style=\"text-align: justify;\"><em>Ce qui est arriv\u00e9 \u00e0 Sarah \u00e9tait-ce une fugue? Un suicide? Un meurtre? Que pouvait cacher cette adolescente timide et sans histoires qui en-dehors du lyc\u00e9e passaient son temps \u00e0 la piscine, au sein d&rsquo;une famille recompos\u00e9e, son p\u00e8re s&rsquo;\u00e9tant tr\u00e8s vite remari\u00e9e au d\u00e9c\u00e8s de sa m\u00e8re avec Iris qui avait elle-m\u00eame deux gar\u00e7ons, Eric, de 5 ans son a\u00een\u00e9 et Benjamin du m\u00eame \u00e2ge qu&rsquo;elle? Ayant perdu tout espoir et n&rsquo;obtenant le soutien d&rsquo;aucun adulte qui ne voit pas sa souffrance v\u00e9cue ou ne veut pas l&rsquo;entendre, comme sa belle-m\u00e8re qui la maltraite, pouvait-elle se confier \u00e0 ses amies? Devant l&rsquo;insoutenable, comment y survivre et ne pas laisser son agresseur impuni?<\/em><\/p>\n<p style=\"text-align: justify;\"><em>Il y est question d&rsquo;adolescence dans les ann\u00e9es 90 (ce qui a donn\u00e9 un c\u00f4t\u00e9 nostalgique \u00e0 cette lecture), d&rsquo;amiti\u00e9, de deuil, de famille recompos\u00e9e, de maternit\u00e9, de r\u00e9silience sous fond de thriller&#8230; La structure du roman est similaire \u00e0 celui que j&rsquo;avais pr\u00e9c\u00e9demment lu de l&rsquo;autrice, donnant la voix \u00e0 chacune des D\u00e9senchant\u00e9es et \u00e9galement \u00e0 la s\u0153ur a\u00een\u00e9e d&rsquo;Ang\u00e9lique, Fanny et entrecoup\u00e9es des documents de travail de l&rsquo;affaire Sarah Leroy de 1992 \u00e0 1995. Les allers-retours entre pass\u00e9 et pr\u00e9sent accentuent les r\u00e9percussions sur la vie de celles qui ont \u00ab\u00a0surv\u00e9cu\u00a0\u00bb \u00e0 l&rsquo;affaire Sarah Leroy. Tr\u00e8s vite, on est pris dans l&rsquo;engrenage sans espoir dans lequel se sont enferm\u00e9es les adolescentes.<\/em><\/p>\n<p style=\"text-align: justify;\"><em>Tout au long de ma lecture j&rsquo;ai d&rsquo;ailleurs eu en t\u00eate la chanson de Myl\u00e8ne Farmer m\u00eame si la fin de ce roman n&rsquo;est pas aussi sombre que celui du clip-vid\u00e9o. Un bon voire tr\u00e8s bon moment de lecture m\u00eame si j&rsquo;avais rep\u00e9r\u00e9 bien vite le twist final et que cela aurait sans doute \u00e9t\u00e9 plus percutant avec une fin moins feel-good au vu des th\u00e8mes abord\u00e9s!<\/em><\/p>\n<p><em>Pour d&rsquo;autres avis sur ce roman: <a href=\"https:\/\/mya-books.over-blog.com\/2025\/11\/desenchantees-marie-vareille.html\">MyaRosa<\/a>.<\/em><\/p>\n<div id=\"attachment_33586\" style=\"width: 108px\" class=\"wp-caption aligncenter\"><img data-recalc-dims=\"1\" loading=\"lazy\" decoding=\"async\" aria-describedby=\"caption-attachment-33586\" data-attachment-id=\"33586\" data-permalink=\"https:\/\/www.jojoenherbe.com\/index.php\/2024\/03\/12\/billet-de-suivi-challenge-petit-bac-2024\/challenge-petit-bac-2024\/\" data-orig-file=\"https:\/\/i0.wp.com\/www.jojoenherbe.com\/wp-content\/uploads\/2023\/12\/Challenge-Petit-Bac-2024.jpg?fit=285%2C217&amp;ssl=1\" data-orig-size=\"285,217\" data-comments-opened=\"1\" data-image-meta=\"{&quot;aperture&quot;:&quot;0&quot;,&quot;credit&quot;:&quot;&quot;,&quot;camera&quot;:&quot;&quot;,&quot;caption&quot;:&quot;&quot;,&quot;created_timestamp&quot;:&quot;1702656450&quot;,&quot;copyright&quot;:&quot;&quot;,&quot;focal_length&quot;:&quot;0&quot;,&quot;iso&quot;:&quot;0&quot;,&quot;shutter_speed&quot;:&quot;0&quot;,&quot;title&quot;:&quot;&quot;,&quot;orientation&quot;:&quot;0&quot;}\" data-image-title=\"Challenge Petit Bac 2024\" data-image-description=\"\" data-image-caption=\"\" data-large-file=\"https:\/\/i0.wp.com\/www.jojoenherbe.com\/wp-content\/uploads\/2023\/12\/Challenge-Petit-Bac-2024.jpg?fit=285%2C217&amp;ssl=1\" class=\"wp-image-33586\" src=\"https:\/\/i0.wp.com\/www.jojoenherbe.com\/wp-content\/uploads\/2023\/12\/Challenge-Petit-Bac-2024.jpg?resize=98%2C75\" alt=\"\" width=\"98\" height=\"75\" \/><p id=\"caption-attachment-33586\" class=\"wp-caption-text\">Challenge Petit Bac d\u2019<a href=\"https:\/\/ennalit.wordpress.com\/2023\/12\/01\/challenge-petit-bac-2024-qui-veut-jouer\/\">Enna<\/a> #5 Cat\u00e9gorie Adjectif: \u00ab D\u00e9senchant\u00e9es \u00bb<\/p><\/div>\n","protected":false},"excerpt":{"rendered":"<p>Ayant appr\u00e9ci\u00e9 un de ses romans pr\u00e9c\u00e9dents, Ainsi g\u00e8lent les bulles de savon, j&rsquo;ai lu cet \u00e9t\u00e9, en e-book, D\u00e9senchant\u00e9es de Marie Vareille (\u00e9d. Charleston, mars 2023, 312 pages), un roman \u00e0 suspense contemporain se d\u00e9roulant dans les ann\u00e9es 2010, 20 ans apr\u00e8s la disparition inqui\u00e9tante de Sarah Leroy, alors \u00e2g\u00e9e de 15 ans, une [&hellip;]<\/p>\n","protected":false},"author":1,"featured_media":36996,"comment_status":"open","ping_status":"open","sticky":false,"template":"","format":"standard","meta":{"jetpack_post_was_ever_published":false,"_jetpack_newsletter_access":"","_jetpack_dont_email_post_to_subs":false,"_jetpack_newsletter_tier_id":0,"_jetpack_memberships_contains_paywalled_content":false,"_jetpack_memberships_contains_paid_content":false,"footnotes":""},"categories":[363],"tags":[1347,1842,386,4404,4405,3974,936,1081,914,4067,4403,1171,3337,2948,568,1658,1633,1409,2081,2759,3777,1329,905,1330,388,2649,2640,3085],"class_list":["post-37419","post","type-post","status-publish","format-standard","has-post-thumbnail","hentry","category-mini-lecteur","tag-18-ans-et-plus","tag-adolescence","tag-amitie","tag-annees-90","tag-belle-mere","tag-challenge-petit-bac-2024","tag-deuil","tag-disparition","tag-enquete","tag-enquete-journalistique","tag-famille-recomposee","tag-maltraitance","tag-marie-vareille","tag-maternite","tag-mere","tag-natation","tag-parentalite","tag-relation-parent-enfant","tag-resilience","tag-roman-a-suspense","tag-roman-contemporain","tag-roman-policier","tag-romans-adulte","tag-secrets-de-famille","tag-solidarite","tag-sororite","tag-viol","tag-violences-intrafamiliales","post-preview"],"jetpack_featured_media_url":"https:\/\/i0.wp.com\/www.jojoenherbe.com\/wp-content\/uploads\/2024\/09\/Desenchantees.jpg?fit=750%2C1225&ssl=1","jetpack_sharing_enabled":true,"jetpack_shortlink":"https:\/\/wp.me\/p9zhGx-9Jx","jetpack_likes_enabled":true,"jetpack-related-posts":[{"id":42442,"url":"https:\/\/www.jojoenherbe.com\/index.php\/2026\/01\/22\/throwback-thursday-livresque-un-journaliste\/","url_meta":{"origin":37419,"position":0},"title":"Throwback Thursday Livresque: Un journaliste","author":"Jojo","date":"22 janvier 2026","format":false,"excerpt":"Ce jeudi 22 janvier 2026, je participe au Throwback Thursday Livresque, un rendez-vous livresque initialement chez Bettie Rose Books et repris depuis par Carole, les liens \u00e9tant \u00e0 d\u00e9poser chez My-Bo0ks. Le principe est de partager chaque jeudi un livre \"ancien\" de notre biblioth\u00e8que en fonction d\u2019un th\u00e8me donn\u00e9. Cette\u2026","rel":"","context":"Dans &quot;Mini blogueur&quot;","block_context":{"text":"Mini blogueur","link":"https:\/\/www.jojoenherbe.com\/index.php\/category\/mini-blogueur\/"},"img":{"alt_text":"","src":"https:\/\/i0.wp.com\/www.jojoenherbe.com\/wp-content\/uploads\/2023\/10\/TTL-logo.jpg?resize=350%2C200","width":350,"height":200},"classes":[]},{"id":39012,"url":"https:\/\/www.jojoenherbe.com\/index.php\/2025\/04\/23\/point-lecture-hebdomadaire-2025-16\/","url_meta":{"origin":37419,"position":1},"title":"Point lecture hebdomadaire 2025 #16","author":"Jojo","date":"23 avril 2025","format":false,"excerpt":"En ce milieu de semaine, voici mon point lecture hebdomadaire avec un retour sur nos lectures (mais pas nos relectures) de la semaine derni\u00e8re qui \u00e9tait \u00e0 la fois une semaine \u00e0 1000 pages du Pingouin Vert et un Week-end \u00e0 1000 du 18 au 20 avril 2025. Nos lectures\u2026","rel":"","context":"Dans &quot;Mini blogueur&quot;","block_context":{"text":"Mini blogueur","link":"https:\/\/www.jojoenherbe.com\/index.php\/category\/mini-blogueur\/"},"img":{"alt_text":"","src":"https:\/\/i0.wp.com\/www.jojoenherbe.com\/wp-content\/uploads\/2025\/04\/Point-lecture-hebdo-2025-16.jpg?fit=1200%2C893&ssl=1&resize=350%2C200","width":350,"height":200,"srcset":"https:\/\/i0.wp.com\/www.jojoenherbe.com\/wp-content\/uploads\/2025\/04\/Point-lecture-hebdo-2025-16.jpg?fit=1200%2C893&ssl=1&resize=350%2C200 1x, https:\/\/i0.wp.com\/www.jojoenherbe.com\/wp-content\/uploads\/2025\/04\/Point-lecture-hebdo-2025-16.jpg?fit=1200%2C893&ssl=1&resize=525%2C300 1.5x, https:\/\/i0.wp.com\/www.jojoenherbe.com\/wp-content\/uploads\/2025\/04\/Point-lecture-hebdo-2025-16.jpg?fit=1200%2C893&ssl=1&resize=700%2C400 2x, https:\/\/i0.wp.com\/www.jojoenherbe.com\/wp-content\/uploads\/2025\/04\/Point-lecture-hebdo-2025-16.jpg?fit=1200%2C893&ssl=1&resize=1050%2C600 3x"},"classes":[]},{"id":27010,"url":"https:\/\/www.jojoenherbe.com\/index.php\/2022\/08\/15\/point-lecture-hebdomadaire-54\/","url_meta":{"origin":37419,"position":2},"title":"Point lecture hebdomadaire #54","author":"Jojo","date":"15 ao\u00fbt 2022","format":false,"excerpt":"En ce d\u00e9but de semaine, voici notre point lecture hebdomadaire avec un retour sur nos lectures de la semaine derni\u00e8re (mais pas nos relectures) et ma lecture en cours. Nos lectures du 8 au 14 ao\u00fbt 2022: Des lectures jeunesse: (Album jeunesse) L'\u00e9trange myst\u00e8re du lac perdu de Paddy Donnely\u2026","rel":"","context":"Dans &quot;Mini blogueur&quot;","block_context":{"text":"Mini blogueur","link":"https:\/\/www.jojoenherbe.com\/index.php\/category\/mini-blogueur\/"},"img":{"alt_text":"","src":"https:\/\/i0.wp.com\/www.jojoenherbe.com\/wp-content\/uploads\/2022\/08\/Point-lecture-hebdo-54-scaled.jpg?fit=1200%2C1001&ssl=1&resize=350%2C200","width":350,"height":200,"srcset":"https:\/\/i0.wp.com\/www.jojoenherbe.com\/wp-content\/uploads\/2022\/08\/Point-lecture-hebdo-54-scaled.jpg?fit=1200%2C1001&ssl=1&resize=350%2C200 1x, https:\/\/i0.wp.com\/www.jojoenherbe.com\/wp-content\/uploads\/2022\/08\/Point-lecture-hebdo-54-scaled.jpg?fit=1200%2C1001&ssl=1&resize=525%2C300 1.5x, https:\/\/i0.wp.com\/www.jojoenherbe.com\/wp-content\/uploads\/2022\/08\/Point-lecture-hebdo-54-scaled.jpg?fit=1200%2C1001&ssl=1&resize=700%2C400 2x, https:\/\/i0.wp.com\/www.jojoenherbe.com\/wp-content\/uploads\/2022\/08\/Point-lecture-hebdo-54-scaled.jpg?fit=1200%2C1001&ssl=1&resize=1050%2C600 3x"},"classes":[]},{"id":35180,"url":"https:\/\/www.jojoenherbe.com\/index.php\/2024\/03\/21\/au-fil-des-pages-avec-les-roches-rouges\/","url_meta":{"origin":37419,"position":3},"title":"Au fil des pages avec Les roches rouges","author":"Jojo","date":"21 mars 2024","format":false,"excerpt":"L'\u00e9t\u00e9 dernier, j'\u2019avais lu Les roches rouges d\u2019Olivier Adam (\u00e9d. R, 2020, 240 pages), un roman Young Adult contemporain class\u00e9 au rayon adulte de ma m\u00e9diath\u00e8que de vacances et vendu en roman adolescent par la plupart des librairies (je dirai pour des adolescents avertis de plus de 16 ans, au\u2026","rel":"","context":"Dans &quot;Mini lecteur&quot;","block_context":{"text":"Mini lecteur","link":"https:\/\/www.jojoenherbe.com\/index.php\/category\/mini-lecteur\/"},"img":{"alt_text":"","src":"https:\/\/i0.wp.com\/www.jojoenherbe.com\/wp-content\/uploads\/2024\/03\/Les-roches-rouges-2.jpg?fit=940%2C788&ssl=1&resize=350%2C200","width":350,"height":200,"srcset":"https:\/\/i0.wp.com\/www.jojoenherbe.com\/wp-content\/uploads\/2024\/03\/Les-roches-rouges-2.jpg?fit=940%2C788&ssl=1&resize=350%2C200 1x, https:\/\/i0.wp.com\/www.jojoenherbe.com\/wp-content\/uploads\/2024\/03\/Les-roches-rouges-2.jpg?fit=940%2C788&ssl=1&resize=525%2C300 1.5x, https:\/\/i0.wp.com\/www.jojoenherbe.com\/wp-content\/uploads\/2024\/03\/Les-roches-rouges-2.jpg?fit=940%2C788&ssl=1&resize=700%2C400 2x"},"classes":[]},{"id":10457,"url":"https:\/\/www.jojoenherbe.com\/index.php\/2020\/04\/23\/au-fil-des-pages-avec-le-tome-1-des-enquetes-denola-holmes\/","url_meta":{"origin":37419,"position":4},"title":"Au fil des pages avec le tome 1 des Enqu\u00eates d&rsquo;Enola Holmes","author":"Jojo","date":"23 avril 2020","format":false,"excerpt":"Avec plusieurs semaines de retard, voici enfin mon billet d'un roman jeunesse emprunt\u00e9 et lu lors du premier RAT du Challenge British Mysteries 2020. Il s'agit du tome 1 d'une s\u00e9rie de romans policiers jeunesse \u00e0 partir de 9 ans: Les Enqu\u00eates d'Enola Holmes, La double disparition de Nancy Springer\u2026","rel":"","context":"Dans &quot;Mini lecteur&quot;","block_context":{"text":"Mini lecteur","link":"https:\/\/www.jojoenherbe.com\/index.php\/category\/mini-lecteur\/"},"img":{"alt_text":"","src":"https:\/\/i0.wp.com\/www.jojoenherbe.com\/wp-content\/uploads\/2020\/03\/Les-enqu%C3%AAtes-dEnola-Holmes-T1-scaled.jpg?fit=1200%2C900&ssl=1&resize=350%2C200","width":350,"height":200,"srcset":"https:\/\/i0.wp.com\/www.jojoenherbe.com\/wp-content\/uploads\/2020\/03\/Les-enqu%C3%AAtes-dEnola-Holmes-T1-scaled.jpg?fit=1200%2C900&ssl=1&resize=350%2C200 1x, https:\/\/i0.wp.com\/www.jojoenherbe.com\/wp-content\/uploads\/2020\/03\/Les-enqu%C3%AAtes-dEnola-Holmes-T1-scaled.jpg?fit=1200%2C900&ssl=1&resize=525%2C300 1.5x, https:\/\/i0.wp.com\/www.jojoenherbe.com\/wp-content\/uploads\/2020\/03\/Les-enqu%C3%AAtes-dEnola-Holmes-T1-scaled.jpg?fit=1200%2C900&ssl=1&resize=700%2C400 2x, https:\/\/i0.wp.com\/www.jojoenherbe.com\/wp-content\/uploads\/2020\/03\/Les-enqu%C3%AAtes-dEnola-Holmes-T1-scaled.jpg?fit=1200%2C900&ssl=1&resize=1050%2C600 3x"},"classes":[]},{"id":38940,"url":"https:\/\/www.jojoenherbe.com\/index.php\/2025\/04\/11\/au-fil-des-pages-avec-nos-armes\/","url_meta":{"origin":37419,"position":5},"title":"Au fil des pages avec Nos armes","author":"Jojo","date":"11 avril 2025","format":false,"excerpt":"J'ai lu Nos armes de Marion Brunet (\u00e9d. Albin Michel, f\u00e9vrier 2024, 384 pages), un roman social noir contemporain. En 1996, Axelle et Mano, \u00e2g\u00e9e respectivement de 19 et 23 ans, se rencontrent, port\u00e9es par les m\u00eame aspirations et revendications sociales de gauche jusqu'\u00e0 ce qu'un braquage dans une banque\u2026","rel":"","context":"Dans &quot;Mini lecteur&quot;","block_context":{"text":"Mini lecteur","link":"https:\/\/www.jojoenherbe.com\/index.php\/category\/mini-lecteur\/"},"img":{"alt_text":"","src":"https:\/\/i0.wp.com\/www.jojoenherbe.com\/wp-content\/uploads\/2025\/04\/Nos-armes.jpg?fit=750%2C1128&ssl=1&resize=350%2C200","width":350,"height":200,"srcset":"https:\/\/i0.wp.com\/www.jojoenherbe.com\/wp-content\/uploads\/2025\/04\/Nos-armes.jpg?fit=750%2C1128&ssl=1&resize=350%2C200 1x, https:\/\/i0.wp.com\/www.jojoenherbe.com\/wp-content\/uploads\/2025\/04\/Nos-armes.jpg?fit=750%2C1128&ssl=1&resize=525%2C300 1.5x, https:\/\/i0.wp.com\/www.jojoenherbe.com\/wp-content\/uploads\/2025\/04\/Nos-armes.jpg?fit=750%2C1128&ssl=1&resize=700%2C400 2x"},"classes":[]}],"_links":{"self":[{"href":"https:\/\/www.jojoenherbe.com\/index.php\/wp-json\/wp\/v2\/posts\/37419","targetHints":{"allow":["GET"]}}],"collection":[{"href":"https:\/\/www.jojoenherbe.com\/index.php\/wp-json\/wp\/v2\/posts"}],"about":[{"href":"https:\/\/www.jojoenherbe.com\/index.php\/wp-json\/wp\/v2\/types\/post"}],"author":[{"embeddable":true,"href":"https:\/\/www.jojoenherbe.com\/index.php\/wp-json\/wp\/v2\/users\/1"}],"replies":[{"embeddable":true,"href":"https:\/\/www.jojoenherbe.com\/index.php\/wp-json\/wp\/v2\/comments?post=37419"}],"version-history":[{"count":9,"href":"https:\/\/www.jojoenherbe.com\/index.php\/wp-json\/wp\/v2\/posts\/37419\/revisions"}],"predecessor-version":[{"id":41394,"href":"https:\/\/www.jojoenherbe.com\/index.php\/wp-json\/wp\/v2\/posts\/37419\/revisions\/41394"}],"wp:featuredmedia":[{"embeddable":true,"href":"https:\/\/www.jojoenherbe.com\/index.php\/wp-json\/wp\/v2\/media\/36996"}],"wp:attachment":[{"href":"https:\/\/www.jojoenherbe.com\/index.php\/wp-json\/wp\/v2\/media?parent=37419"}],"wp:term":[{"taxonomy":"category","embeddable":true,"href":"https:\/\/www.jojoenherbe.com\/index.php\/wp-json\/wp\/v2\/categories?post=37419"},{"taxonomy":"post_tag","embeddable":true,"href":"https:\/\/www.jojoenherbe.com\/index.php\/wp-json\/wp\/v2\/tags?post=37419"}],"curies":[{"name":"wp","href":"https:\/\/api.w.org\/{rel}","templated":true}]}}