{"id":37285,"date":"2025-05-20T15:41:36","date_gmt":"2025-05-20T13:41:36","guid":{"rendered":"https:\/\/www.jojoenherbe.com\/?p=37285"},"modified":"2025-05-25T15:41:56","modified_gmt":"2025-05-25T13:41:56","slug":"au-fil-des-pages-avec-moi-meduse","status":"publish","type":"post","link":"https:\/\/www.jojoenherbe.com\/index.php\/2025\/05\/20\/au-fil-des-pages-avec-moi-meduse\/","title":{"rendered":"Au fil des pages avec Moi, M\u00e9duse"},"content":{"rendered":"<p style=\"text-align: justify;\"><em><a href=\"https:\/\/i0.wp.com\/www.jojoenherbe.com\/wp-content\/uploads\/2025\/01\/Moi-Meduse-2-scaled.jpg\"><img data-recalc-dims=\"1\" loading=\"lazy\" decoding=\"async\" data-attachment-id=\"37872\" data-permalink=\"https:\/\/www.jojoenherbe.com\/index.php\/2025\/05\/20\/au-fil-des-pages-avec-moi-meduse\/moi-meduse-2\/\" data-orig-file=\"https:\/\/i0.wp.com\/www.jojoenherbe.com\/wp-content\/uploads\/2025\/01\/Moi-Meduse-2-scaled.jpg?fit=1924%2C2560&amp;ssl=1\" data-orig-size=\"1924,2560\" data-comments-opened=\"1\" data-image-meta=\"{&quot;aperture&quot;:&quot;1.8&quot;,&quot;credit&quot;:&quot;&quot;,&quot;camera&quot;:&quot;iPhone 7&quot;,&quot;caption&quot;:&quot;&quot;,&quot;created_timestamp&quot;:&quot;1736177990&quot;,&quot;copyright&quot;:&quot;&quot;,&quot;focal_length&quot;:&quot;3.99&quot;,&quot;iso&quot;:&quot;100&quot;,&quot;shutter_speed&quot;:&quot;0.2&quot;,&quot;title&quot;:&quot;&quot;,&quot;orientation&quot;:&quot;1&quot;}\" data-image-title=\"Moi, M\u00e9duse 2\" data-image-description=\"\" data-image-caption=\"\" data-large-file=\"https:\/\/i0.wp.com\/www.jojoenherbe.com\/wp-content\/uploads\/2025\/01\/Moi-Meduse-2-scaled.jpg?fit=676%2C899&amp;ssl=1\" class=\"alignleft size-thumbnail wp-image-37872\" src=\"https:\/\/i0.wp.com\/www.jojoenherbe.com\/wp-content\/uploads\/2025\/01\/Moi-Meduse-2.jpg?resize=150%2C150\" alt=\"\" width=\"150\" height=\"150\" srcset=\"https:\/\/i0.wp.com\/www.jojoenherbe.com\/wp-content\/uploads\/2025\/01\/Moi-Meduse-2-scaled.jpg?resize=150%2C150&amp;ssl=1 150w, https:\/\/i0.wp.com\/www.jojoenherbe.com\/wp-content\/uploads\/2025\/01\/Moi-Meduse-2-scaled.jpg?zoom=2&amp;resize=150%2C150 300w, https:\/\/i0.wp.com\/www.jojoenherbe.com\/wp-content\/uploads\/2025\/01\/Moi-Meduse-2-scaled.jpg?zoom=3&amp;resize=150%2C150 450w\" sizes=\"auto, (max-width: 150px) 100vw, 150px\" \/><\/a>J&rsquo;avais lu le 5e tome de cette collection mythologique: <span style=\"text-decoration: underline;\">Moi, M\u00e9duse<\/span> de Sylvie Baussier (\u00e9d. Scrineo, coll. Mythologie, janvier 2021, 112 pages), un court roman jeunesse \u00e0 partir de 10 ans avec dans les premi\u00e8res pages de jolies illustrations en noir et blanc de Tristan Gian et qui se place du point de vue des monstres de la mythologie grecque et non des h\u00e9ros mais ne prends le temps de le chroniquer que ce mois-ci. <\/em><\/p>\n<p style=\"text-align: justify;\"><em>Tr\u00e8s belle jeune fille dont on loue la beaut\u00e9 de la longue chevelure brune ondul\u00e9e, M\u00e9duse ne se sent pas pr\u00eate \u00e0 se marier et refuse tout demande au point d&rsquo;\u00eatre consid\u00e9r\u00e9e comme une humaine orgueilleuse, rendant fou de d\u00e9sir Pos\u00e9idon, un de ses nombreux pr\u00e9tendants dont elle repousse, comme elle peut, les avances et provoquant la jalousie d&rsquo;Ath\u00e9na. Mais alors qu&rsquo;elle est viol\u00e9e par Pos\u00e9idon dans un temple d\u00e9di\u00e9 \u00e0 Ath\u00e9na, cette derni\u00e8re punit M\u00e9duse en la transformant en un monstre hideux, sa chevelure devenant des serpents et pouvant transformer en statue quiconque croise son regard.<\/em><\/p>\n<p style=\"text-align: justify;\"><em>Comme lors de ma lecture de <span style=\"text-decoration: underline;\">Moi, Charybde, pi\u00e9g\u00e9e avec Scylla<\/span> (\u00e9d. Scrineo, coll. Mythologie, f\u00e9vrier 2022, 111 pages), j&rsquo;ai, une nouvelle fois, appr\u00e9ci\u00e9 le parti pris de l&rsquo;autrice qui se place du point de vue de M\u00e9duse, bien plus victime du Destin, des manigances et jalousies des Dieux et D\u00e9esses (ici la jalousie d&rsquo;Ath\u00e9na et le d\u00e9sir non r\u00e9ciproque de Pos\u00e9idon) que \u00ab\u00a0monstre\u00a0\u00bb qui p\u00e9trifie les hommes de son regard, surtout au regard de la mythologie grecque et des droits de la femme. Pers\u00e9e est son pendant masculin qui, lui en tant que \u00ab\u00a0h\u00e9ros\u00a0\u00bb, a le soutien et la protection des divinit\u00e9s, en particulier d&rsquo;Ath\u00e9na. Comme dans les autres tomes de cette collection, il y a la fin un petit dossier documentaire sur le mythe de M\u00e9duse ainsi qu\u2019un cahier de jeux sur la compr\u00e9hension de l\u2019histoire. Un bon moment de lecture instructif et qui questionne sur la condition de la femme dans la Gr\u00e8ce antique!<\/em><\/p>\n<div style=\"width: 91px\" class=\"wp-caption alignleft\"><img loading=\"lazy\" decoding=\"async\" src=\"https:\/\/i0.wp.com\/mapetitemediatheque.fr\/wp-content\/uploads\/2021\/07\/challenge-contes-et-legendes-239x300-1.jpg?resize=137%2C172\" alt=\"\" width=\"81\" height=\"101\" data-recalc-dims=\"1\" \/><p class=\"wp-caption-text\">Participation #8 Challenge Contes &amp; L\u00e9gendes 2025 <em>de <a href=\"https:\/\/mapetitemediatheque.fr\/2025\/01\/challenge-contes-legendes-2025\/\">Bidib<\/a><\/em>#Mythologie grecque<\/p><\/div>\n<div id=\"attachment_37823\" style=\"width: 109px\" class=\"wp-caption alignleft\"><img data-recalc-dims=\"1\" loading=\"lazy\" decoding=\"async\" aria-describedby=\"caption-attachment-37823\" data-attachment-id=\"37823\" data-permalink=\"https:\/\/www.jojoenherbe.com\/index.php\/2025\/01\/10\/mes-challenges-livresques-2025\/challenge-petit-bac-2025-denna-logo\/\" data-orig-file=\"https:\/\/i0.wp.com\/www.jojoenherbe.com\/wp-content\/uploads\/2024\/12\/Challenge-Petit-Bac-2025-dEnna-logo.jpg?fit=285%2C217&amp;ssl=1\" data-orig-size=\"285,217\" data-comments-opened=\"1\" data-image-meta=\"{&quot;aperture&quot;:&quot;0&quot;,&quot;credit&quot;:&quot;&quot;,&quot;camera&quot;:&quot;&quot;,&quot;caption&quot;:&quot;&quot;,&quot;created_timestamp&quot;:&quot;1735738492&quot;,&quot;copyright&quot;:&quot;&quot;,&quot;focal_length&quot;:&quot;0&quot;,&quot;iso&quot;:&quot;0&quot;,&quot;shutter_speed&quot;:&quot;0&quot;,&quot;title&quot;:&quot;&quot;,&quot;orientation&quot;:&quot;0&quot;}\" data-image-title=\"Challenge Petit Bac 2025 d&amp;rsquo;Enna &amp;#8211; logo\" data-image-description=\"\" data-image-caption=\"\" data-large-file=\"https:\/\/i0.wp.com\/www.jojoenherbe.com\/wp-content\/uploads\/2024\/12\/Challenge-Petit-Bac-2025-dEnna-logo.jpg?fit=285%2C217&amp;ssl=1\" class=\"wp-image-37823\" src=\"https:\/\/i0.wp.com\/www.jojoenherbe.com\/wp-content\/uploads\/2024\/12\/Challenge-Petit-Bac-2025-dEnna-logo.jpg?resize=99%2C75\" alt=\"\" width=\"99\" height=\"75\" \/><p id=\"caption-attachment-37823\" class=\"wp-caption-text\">Challenge Petit Bac d\u2019<em><a href=\"https:\/\/ennalit.wordpress.com\/2024\/12\/01\/challenge-petit-bac-2025-qui-veut-jouer\/\">Enna<\/a><\/em> #2 Cat\u00e9gorie Animal: \u00ab M\u00e9duse \u00bb<\/p><\/div>\n","protected":false},"excerpt":{"rendered":"<p>J&rsquo;avais lu le 5e tome de cette collection mythologique: Moi, M\u00e9duse de Sylvie Baussier (\u00e9d. Scrineo, coll. Mythologie, janvier 2021, 112 pages), un court roman jeunesse \u00e0 partir de 10 ans avec dans les premi\u00e8res pages de jolies illustrations en noir et blanc de Tristan Gian et qui se place du point de vue des [&hellip;]<\/p>\n","protected":false},"author":1,"featured_media":37871,"comment_status":"open","ping_status":"open","sticky":false,"template":"","format":"standard","meta":{"jetpack_post_was_ever_published":false,"_jetpack_newsletter_access":"","_jetpack_dont_email_post_to_subs":false,"_jetpack_newsletter_tier_id":0,"_jetpack_memberships_contains_paywalled_content":false,"_jetpack_memberships_contains_paid_content":false,"footnotes":""},"categories":[363],"tags":[2506,2702,4424,4423,1492,1593,3764,2540,814,367,1594,4270,770,2532,2533,789,3288,2640],"class_list":["post-37285","post","type-post","status-publish","format-standard","has-post-thumbnail","hentry","category-mini-lecteur","tag-10-13-ans","tag-beaute","tag-challenge-contes-et-legendes-2025","tag-challenge-petit-bac-2025","tag-condition-de-la-femme","tag-divinites","tag-feminisme","tag-grece-antique","tag-jalousie","tag-lecture-jeunesse","tag-malediction","tag-meduse","tag-monstre","tag-mythologie","tag-mythologie-grecque","tag-romans-jeunesse","tag-sylvie-baussier","tag-viol","post-preview"],"jetpack_featured_media_url":"https:\/\/i0.wp.com\/www.jojoenherbe.com\/wp-content\/uploads\/2025\/01\/Moi-Meduse-scaled.jpg?fit=2560%2C2039&ssl=1","jetpack_sharing_enabled":true,"jetpack_shortlink":"https:\/\/wp.me\/p9zhGx-9Hn","jetpack_likes_enabled":true,"jetpack-related-posts":[{"id":35831,"url":"https:\/\/www.jojoenherbe.com\/index.php\/2024\/04\/19\/au-fil-des-pages-avec-meduse\/","url_meta":{"origin":37285,"position":0},"title":"Au fil des pages avec M\u00e9duse","author":"Jojo","date":"19 avril 2024","format":false,"excerpt":"J'ai lu M\u00e9duse de Martine Desjardins (\u00e9d. L'Atalante, septembre 2023, 206 pages), un court roman dont l'illustration de couverture \u00e0 la fois envo\u00fbtante et d\u00e9rangeante m'avait intrigu\u00e9e comme le r\u00e9sum\u00e9 de quatri\u00e8me couverture et sa description par l'\u00e9diteur comme un conte gothique f\u00e9minin et cruel. Surnomm\u00e9e M\u00e9duse par ses s\u0153urs\u2026","rel":"","context":"Dans &quot;Mini lecteur&quot;","block_context":{"text":"Mini lecteur","link":"https:\/\/www.jojoenherbe.com\/index.php\/category\/mini-lecteur\/"},"img":{"alt_text":"","src":"https:\/\/i0.wp.com\/www.jojoenherbe.com\/wp-content\/uploads\/2024\/04\/Meduse-scaled.jpg?fit=1200%2C902&ssl=1&resize=350%2C200","width":350,"height":200,"srcset":"https:\/\/i0.wp.com\/www.jojoenherbe.com\/wp-content\/uploads\/2024\/04\/Meduse-scaled.jpg?fit=1200%2C902&ssl=1&resize=350%2C200 1x, https:\/\/i0.wp.com\/www.jojoenherbe.com\/wp-content\/uploads\/2024\/04\/Meduse-scaled.jpg?fit=1200%2C902&ssl=1&resize=525%2C300 1.5x, https:\/\/i0.wp.com\/www.jojoenherbe.com\/wp-content\/uploads\/2024\/04\/Meduse-scaled.jpg?fit=1200%2C902&ssl=1&resize=700%2C400 2x, https:\/\/i0.wp.com\/www.jojoenherbe.com\/wp-content\/uploads\/2024\/04\/Meduse-scaled.jpg?fit=1200%2C902&ssl=1&resize=1050%2C600 3x"},"classes":[]},{"id":18539,"url":"https:\/\/www.jojoenherbe.com\/index.php\/2021\/05\/29\/nos-lectures-pour-le-mois-mythologie-grecque-et-perse-2021\/","url_meta":{"origin":37285,"position":1},"title":"Nos lectures pour le mois \u00ab\u00a0Mythologie grecque et perse\u00a0\u00bb 2021","author":"Jojo","date":"29 mai 2021","format":false,"excerpt":"En mai 2021, c'est aussi un mois d\u00e9di\u00e9 \u00e0 la mythologie grecque et perse avec le Challenge Contes et L\u00e9gendes de Bidib et 2021, cette ann\u00e9e sera classique de Blandine et Nathalie. Le temps filant \u00e0 toute vitesse, je n'aurai pas le temps de chroniquer toutes nos lectures et regroupe\u2026","rel":"","context":"Dans &quot;Mini lecteur&quot;","block_context":{"text":"Mini lecteur","link":"https:\/\/www.jojoenherbe.com\/index.php\/category\/mini-lecteur\/"},"img":{"alt_text":"","src":"https:\/\/i0.wp.com\/www.jojoenherbe.com\/wp-content\/uploads\/2021\/05\/Selection-Mythologie-grecque-scaled.jpg?fit=1200%2C859&ssl=1&resize=350%2C200","width":350,"height":200,"srcset":"https:\/\/i0.wp.com\/www.jojoenherbe.com\/wp-content\/uploads\/2021\/05\/Selection-Mythologie-grecque-scaled.jpg?fit=1200%2C859&ssl=1&resize=350%2C200 1x, https:\/\/i0.wp.com\/www.jojoenherbe.com\/wp-content\/uploads\/2021\/05\/Selection-Mythologie-grecque-scaled.jpg?fit=1200%2C859&ssl=1&resize=525%2C300 1.5x, https:\/\/i0.wp.com\/www.jojoenherbe.com\/wp-content\/uploads\/2021\/05\/Selection-Mythologie-grecque-scaled.jpg?fit=1200%2C859&ssl=1&resize=700%2C400 2x, https:\/\/i0.wp.com\/www.jojoenherbe.com\/wp-content\/uploads\/2021\/05\/Selection-Mythologie-grecque-scaled.jpg?fit=1200%2C859&ssl=1&resize=1050%2C600 3x"},"classes":[]},{"id":35528,"url":"https:\/\/www.jojoenherbe.com\/index.php\/2024\/04\/03\/au-fil-des-pages-avec-la-naissance-du-printemps\/","url_meta":{"origin":37285,"position":2},"title":"Au fil des pages avec La naissance du printemps","author":"Jojo","date":"3 avril 2024","format":false,"excerpt":"Nous avons lu hier soir La naissance du printemps de Roxane Marie Galliez et Eric Puybaret (\u00e9d. Balivernes, avril 2019,\u00a0 32 pages), un album jeunesse \u00e0 partir de 6 ans. Bien avant l'arriv\u00e9e des \u00eatres humains, vivaient Orithye la nymphe dont le pouvoir \u00e9tait de donner des couleurs \u00e0 la\u2026","rel":"","context":"Dans &quot;Mini lecteur&quot;","block_context":{"text":"Mini lecteur","link":"https:\/\/www.jojoenherbe.com\/index.php\/category\/mini-lecteur\/"},"img":{"alt_text":"","src":"https:\/\/i0.wp.com\/www.jojoenherbe.com\/wp-content\/uploads\/2024\/04\/La-naissance-du-printemps-scaled.jpg?fit=1200%2C910&ssl=1&resize=350%2C200","width":350,"height":200,"srcset":"https:\/\/i0.wp.com\/www.jojoenherbe.com\/wp-content\/uploads\/2024\/04\/La-naissance-du-printemps-scaled.jpg?fit=1200%2C910&ssl=1&resize=350%2C200 1x, https:\/\/i0.wp.com\/www.jojoenherbe.com\/wp-content\/uploads\/2024\/04\/La-naissance-du-printemps-scaled.jpg?fit=1200%2C910&ssl=1&resize=525%2C300 1.5x, https:\/\/i0.wp.com\/www.jojoenherbe.com\/wp-content\/uploads\/2024\/04\/La-naissance-du-printemps-scaled.jpg?fit=1200%2C910&ssl=1&resize=700%2C400 2x, https:\/\/i0.wp.com\/www.jojoenherbe.com\/wp-content\/uploads\/2024\/04\/La-naissance-du-printemps-scaled.jpg?fit=1200%2C910&ssl=1&resize=1050%2C600 3x"},"classes":[]},{"id":23825,"url":"https:\/\/www.jojoenherbe.com\/index.php\/2022\/02\/03\/billet-de-suivi-challenge-contes-et-legendes-2022\/","url_meta":{"origin":37285,"position":3},"title":"Billet de suivi: Challenge Contes et L\u00e9gendes 2022","author":"Jojo","date":"3 f\u00e9vrier 2022","format":false,"excerpt":"Cette ann\u00e9e, je participe \u00e0 nouveau au challenge Contes et L\u00e9gendes de Bidib et qui se d\u00e9roule aussi du 1er janvier au 31 d\u00e9cembre 2022. Pour cette nouvelle \u00e9dition, Bidib propose 10 th\u00e8mes \u00e0 explorer toutes l\u2019ann\u00e9e, suivant nos envies. Pour plus d\u2019infos, n\u2019h\u00e9sitez pas \u00e0 aller sur son blog.\u2026","rel":"","context":"Dans &quot;Mini challenger&quot;","block_context":{"text":"Mini challenger","link":"https:\/\/www.jojoenherbe.com\/index.php\/category\/mini-challenger\/"},"img":{"alt_text":"","src":"https:\/\/i0.wp.com\/www.jojoenherbe.com\/wp-content\/uploads\/2022\/04\/Kamisama-T1-150x150.jpg?resize=350%2C200","width":350,"height":200},"classes":[]},{"id":33943,"url":"https:\/\/www.jojoenherbe.com\/index.php\/2024\/03\/07\/au-fil-des-pages-avec-antigone\/","url_meta":{"origin":37285,"position":4},"title":"Au fil des pages avec Antigone","author":"Jojo","date":"7 mars 2024","format":false,"excerpt":"J'ai lu Antigone d'Yann Liotard et Marie-Claire Redon (\u00e9d. La ville br\u00fble, octobre 2017, 52 pages), un album jeunesse \u00e0 partir de 8 ans selon l'\u00e9diteur mais je dirai plut\u00f4t pour les adolescents, \u00e0 partir de 12\/13 ans. J'ai appr\u00e9ci\u00e9 l'id\u00e9e de rendre accessible aux plus jeunes Antigone de Sophocle,\u2026","rel":"","context":"Dans &quot;Mini lecteur&quot;","block_context":{"text":"Mini lecteur","link":"https:\/\/www.jojoenherbe.com\/index.php\/category\/mini-lecteur\/"},"img":{"alt_text":"","src":"https:\/\/i0.wp.com\/www.jojoenherbe.com\/wp-content\/uploads\/2024\/02\/Antigone-scaled.jpg?fit=1200%2C1023&ssl=1&resize=350%2C200","width":350,"height":200,"srcset":"https:\/\/i0.wp.com\/www.jojoenherbe.com\/wp-content\/uploads\/2024\/02\/Antigone-scaled.jpg?fit=1200%2C1023&ssl=1&resize=350%2C200 1x, https:\/\/i0.wp.com\/www.jojoenherbe.com\/wp-content\/uploads\/2024\/02\/Antigone-scaled.jpg?fit=1200%2C1023&ssl=1&resize=525%2C300 1.5x, https:\/\/i0.wp.com\/www.jojoenherbe.com\/wp-content\/uploads\/2024\/02\/Antigone-scaled.jpg?fit=1200%2C1023&ssl=1&resize=700%2C400 2x, https:\/\/i0.wp.com\/www.jojoenherbe.com\/wp-content\/uploads\/2024\/02\/Antigone-scaled.jpg?fit=1200%2C1023&ssl=1&resize=1050%2C600 3x"},"classes":[]},{"id":38810,"url":"https:\/\/www.jojoenherbe.com\/index.php\/2025\/03\/31\/billet-de-suivi-challenge-petit-bac-2025\/","url_meta":{"origin":37285,"position":5},"title":"Billet de suivi: Challenge Petit Bac 2025","author":"Jojo","date":"31 mars 2025","format":false,"excerpt":"Je participe pour la septi\u00e8me ann\u00e9e cons\u00e9cutive au Challenge Petit Bac d\u2019Enna, les cinq premi\u00e8res cat\u00e9gories restant identiques aux ann\u00e9es pr\u00e9c\u00e9dentes. Je vais actualiser ce billet au fur-et-\u00e0 mesure des lignes valid\u00e9es et faire un point sur mes participations au challenge. Pour le moment, j\u2019ai termin\u00e9 mes 4 premi\u00e8res lignes\u2026","rel":"","context":"Dans &quot;Mini challenger&quot;","block_context":{"text":"Mini challenger","link":"https:\/\/www.jojoenherbe.com\/index.php\/category\/mini-challenger\/"},"img":{"alt_text":"","src":"https:\/\/i0.wp.com\/www.jojoenherbe.com\/wp-content\/uploads\/2024\/12\/Challenge-Petit-Bac-2025-dEnna-logo.jpg?fit=285%2C217&ssl=1&resize=350%2C200","width":350,"height":200},"classes":[]}],"_links":{"self":[{"href":"https:\/\/www.jojoenherbe.com\/index.php\/wp-json\/wp\/v2\/posts\/37285","targetHints":{"allow":["GET"]}}],"collection":[{"href":"https:\/\/www.jojoenherbe.com\/index.php\/wp-json\/wp\/v2\/posts"}],"about":[{"href":"https:\/\/www.jojoenherbe.com\/index.php\/wp-json\/wp\/v2\/types\/post"}],"author":[{"embeddable":true,"href":"https:\/\/www.jojoenherbe.com\/index.php\/wp-json\/wp\/v2\/users\/1"}],"replies":[{"embeddable":true,"href":"https:\/\/www.jojoenherbe.com\/index.php\/wp-json\/wp\/v2\/comments?post=37285"}],"version-history":[{"count":9,"href":"https:\/\/www.jojoenherbe.com\/index.php\/wp-json\/wp\/v2\/posts\/37285\/revisions"}],"predecessor-version":[{"id":39524,"href":"https:\/\/www.jojoenherbe.com\/index.php\/wp-json\/wp\/v2\/posts\/37285\/revisions\/39524"}],"wp:featuredmedia":[{"embeddable":true,"href":"https:\/\/www.jojoenherbe.com\/index.php\/wp-json\/wp\/v2\/media\/37871"}],"wp:attachment":[{"href":"https:\/\/www.jojoenherbe.com\/index.php\/wp-json\/wp\/v2\/media?parent=37285"}],"wp:term":[{"taxonomy":"category","embeddable":true,"href":"https:\/\/www.jojoenherbe.com\/index.php\/wp-json\/wp\/v2\/categories?post=37285"},{"taxonomy":"post_tag","embeddable":true,"href":"https:\/\/www.jojoenherbe.com\/index.php\/wp-json\/wp\/v2\/tags?post=37285"}],"curies":[{"name":"wp","href":"https:\/\/api.w.org\/{rel}","templated":true}]}}