{"id":36913,"date":"2024-08-10T14:00:37","date_gmt":"2024-08-10T12:00:37","guid":{"rendered":"https:\/\/www.jojoenherbe.com\/?p=36913"},"modified":"2024-08-10T14:03:59","modified_gmt":"2024-08-10T12:03:59","slug":"semaine-32-du-projet-52-2024-vacances","status":"publish","type":"post","link":"https:\/\/www.jojoenherbe.com\/index.php\/2024\/08\/10\/semaine-32-du-projet-52-2024-vacances\/","title":{"rendered":"Semaine 32 du Projet 52-2024: \u00ab\u00a0Vacances\u00a0\u00bb"},"content":{"rendered":"<p style=\"text-align: justify;\"><em>Pour la semaine 32 du Projet 52-2024 de Du c\u00f4t\u00e9 de chez Ma\u2019, le th\u00e8me est \u00ab\u00a0<a href=\"https:\/\/ducotedechezma.fr\/2024\/08\/10\/projet-52-2024-semaine-32-vacances\/\">Vacances<\/a>\u00ab\u00a0. J\u2019ai choisi pour illustrer ce th\u00e8me la plage o\u00f9 nous sommes all\u00e9s tr\u00e8s souvent ces derniers jours, surtout en soir\u00e9e mais aussi le matin et qui permet l&rsquo;\u00e9vasion estivale tout pr\u00e8s de chez soi. Ce n&rsquo;est pas la premi\u00e8re fois que j&rsquo;en parle sur le blog puisqu&rsquo;il s&rsquo;agit de la plage des Marini\u00e8res \u00e0 Villefranche-sur-Mer.<br \/><\/em><\/p>\n<p style=\"text-align: justify;\"><em>C&rsquo;est d&rsquo;ailleurs ici, en soir\u00e9e, que j&rsquo;ai commenc\u00e9 \u00e0 lire, par exemple <span style=\"text-decoration: underline;\">Les vacances d\u2019Hercule Poirot<\/span> d\u2019Agatha Christie (\u00e9d. Le Masque, r\u00e9\u00e9d. janvier 2013, 210 pages), un roman policier de saison paru pour la premi\u00e8re fois en 1941. <\/em><\/p>\n<div class=\"tiled-gallery type-rectangular tiled-gallery-unresized\" data-original-width=\"676\" data-carousel-extra='{&quot;blog_id&quot;:1,&quot;permalink&quot;:&quot;https:\\\/\\\/www.jojoenherbe.com\\\/index.php\\\/2024\\\/08\\\/10\\\/semaine-32-du-projet-52-2024-vacances\\\/&quot;,&quot;likes_blog_id&quot;:141396489}' itemscope itemtype=\"http:\/\/schema.org\/ImageGallery\" > <div class=\"gallery-row\" style=\"width: 676px; height: 309px;\" data-original-width=\"676\" data-original-height=\"309\" > <div class=\"gallery-group images-1\" style=\"width: 309px; height: 309px;\" data-original-width=\"309\" data-original-height=\"309\" > <div class=\"tiled-gallery-item tiled-gallery-item-large\" itemprop=\"associatedMedia\" itemscope itemtype=\"http:\/\/schema.org\/ImageObject\"> <a href=\"https:\/\/www.jojoenherbe.com\/index.php\/2024\/08\/10\/semaine-32-du-projet-52-2024-vacances\/les-vacances-dhercule-poirot-2\/\" border=\"0\" itemprop=\"url\"> <meta itemprop=\"width\" content=\"305\"> <meta itemprop=\"height\" content=\"305\"> <img decoding=\"async\" class=\"\" data-attachment-id=\"36914\" data-orig-file=\"https:\/\/www.jojoenherbe.com\/wp-content\/uploads\/2024\/08\/Les-vacances-dHercule-Poirot-2.jpg\" data-orig-size=\"1080,1080\" data-comments-opened=\"1\" data-image-meta=\"{&quot;aperture&quot;:&quot;0&quot;,&quot;credit&quot;:&quot;&quot;,&quot;camera&quot;:&quot;&quot;,&quot;caption&quot;:&quot;&quot;,&quot;created_timestamp&quot;:&quot;1722371762&quot;,&quot;copyright&quot;:&quot;&quot;,&quot;focal_length&quot;:&quot;0&quot;,&quot;iso&quot;:&quot;0&quot;,&quot;shutter_speed&quot;:&quot;0&quot;,&quot;title&quot;:&quot;&quot;,&quot;orientation&quot;:&quot;1&quot;}\" data-image-title=\"Les vacances d&amp;rsquo;Hercule Poirot (2)\" data-image-description=\"\" data-medium-file=\"https:\/\/i0.wp.com\/www.jojoenherbe.com\/wp-content\/uploads\/2024\/08\/Les-vacances-dHercule-Poirot-2.jpg?fit=300%2C300&#038;ssl=1\" data-large-file=\"https:\/\/i0.wp.com\/www.jojoenherbe.com\/wp-content\/uploads\/2024\/08\/Les-vacances-dHercule-Poirot-2.jpg?fit=676%2C676&#038;ssl=1\" src=\"https:\/\/i0.wp.com\/www.jojoenherbe.com\/wp-content\/uploads\/2024\/08\/Les-vacances-dHercule-Poirot-2.jpg?w=305&#038;h=305&#038;crop=1&#038;ssl=1\" srcset=\"https:\/\/i0.wp.com\/www.jojoenherbe.com\/wp-content\/uploads\/2024\/08\/Les-vacances-dHercule-Poirot-2.jpg?w=1080&amp;ssl=1 1080w, https:\/\/i0.wp.com\/www.jojoenherbe.com\/wp-content\/uploads\/2024\/08\/Les-vacances-dHercule-Poirot-2.jpg?resize=300%2C300&amp;ssl=1 300w, https:\/\/i0.wp.com\/www.jojoenherbe.com\/wp-content\/uploads\/2024\/08\/Les-vacances-dHercule-Poirot-2.jpg?resize=1024%2C1024&amp;ssl=1 1024w, https:\/\/i0.wp.com\/www.jojoenherbe.com\/wp-content\/uploads\/2024\/08\/Les-vacances-dHercule-Poirot-2.jpg?resize=150%2C150&amp;ssl=1 150w, https:\/\/i0.wp.com\/www.jojoenherbe.com\/wp-content\/uploads\/2024\/08\/Les-vacances-dHercule-Poirot-2.jpg?resize=768%2C768&amp;ssl=1 768w, https:\/\/i0.wp.com\/www.jojoenherbe.com\/wp-content\/uploads\/2024\/08\/Les-vacances-dHercule-Poirot-2.jpg?resize=676%2C676&amp;ssl=1 676w\" width=\"305\" height=\"305\" loading=\"lazy\" data-original-width=\"305\" data-original-height=\"305\" itemprop=\"http:\/\/schema.org\/image\" title=\"Les vacances d&#039;Hercule Poirot (2)\" alt=\"Les vacances d&#039;Hercule Poirot (2)\" style=\"width: 305px; height: 305px;\" \/> <\/a> <\/div> <\/div> <!-- close group --> <div class=\"gallery-group images-1\" style=\"width: 367px; height: 309px;\" data-original-width=\"367\" data-original-height=\"309\" > <div class=\"tiled-gallery-item tiled-gallery-item-large\" itemprop=\"associatedMedia\" itemscope itemtype=\"http:\/\/schema.org\/ImageObject\"> <a href=\"https:\/\/www.jojoenherbe.com\/index.php\/2024\/01\/13\/semaine-2-du-projet-52-2024-hiver\/projet-52-2024-du-cote-de-chez-ma\/\" border=\"0\" itemprop=\"url\"> <meta itemprop=\"width\" content=\"363\"> <meta itemprop=\"height\" content=\"305\"> <img decoding=\"async\" class=\"\" data-attachment-id=\"34278\" data-orig-file=\"https:\/\/www.jojoenherbe.com\/wp-content\/uploads\/2024\/01\/Projet-52-2024-Du-cote-de-chez-Ma.jpg\" data-orig-size=\"940,788\" data-comments-opened=\"1\" data-image-meta=\"{&quot;aperture&quot;:&quot;0&quot;,&quot;credit&quot;:&quot;&quot;,&quot;camera&quot;:&quot;&quot;,&quot;caption&quot;:&quot;&quot;,&quot;created_timestamp&quot;:&quot;0&quot;,&quot;copyright&quot;:&quot;&quot;,&quot;focal_length&quot;:&quot;0&quot;,&quot;iso&quot;:&quot;0&quot;,&quot;shutter_speed&quot;:&quot;0&quot;,&quot;title&quot;:&quot;&quot;,&quot;orientation&quot;:&quot;0&quot;}\" data-image-title=\"Projet 52-2024 Du c\u00f4t\u00e9 de chez Ma&amp;rsquo;\" data-image-description=\"\" data-medium-file=\"https:\/\/i0.wp.com\/www.jojoenherbe.com\/wp-content\/uploads\/2024\/01\/Projet-52-2024-Du-cote-de-chez-Ma.jpg?fit=300%2C251&#038;ssl=1\" data-large-file=\"https:\/\/i0.wp.com\/www.jojoenherbe.com\/wp-content\/uploads\/2024\/01\/Projet-52-2024-Du-cote-de-chez-Ma.jpg?fit=676%2C567&#038;ssl=1\" src=\"https:\/\/i0.wp.com\/www.jojoenherbe.com\/wp-content\/uploads\/2024\/01\/Projet-52-2024-Du-cote-de-chez-Ma.jpg?w=363&#038;h=305&#038;ssl=1\" srcset=\"https:\/\/i0.wp.com\/www.jojoenherbe.com\/wp-content\/uploads\/2024\/01\/Projet-52-2024-Du-cote-de-chez-Ma.jpg?w=940&amp;ssl=1 940w, https:\/\/i0.wp.com\/www.jojoenherbe.com\/wp-content\/uploads\/2024\/01\/Projet-52-2024-Du-cote-de-chez-Ma.jpg?resize=300%2C251&amp;ssl=1 300w, https:\/\/i0.wp.com\/www.jojoenherbe.com\/wp-content\/uploads\/2024\/01\/Projet-52-2024-Du-cote-de-chez-Ma.jpg?resize=768%2C644&amp;ssl=1 768w, https:\/\/i0.wp.com\/www.jojoenherbe.com\/wp-content\/uploads\/2024\/01\/Projet-52-2024-Du-cote-de-chez-Ma.jpg?resize=676%2C567&amp;ssl=1 676w\" width=\"363\" height=\"305\" loading=\"lazy\" data-original-width=\"363\" data-original-height=\"305\" itemprop=\"http:\/\/schema.org\/image\" title=\"Projet 52-2024 Du c\u00f4t\u00e9 de chez Ma&#039;\" alt=\"Projet 52-2024 Du c\u00f4t\u00e9 de chez Ma&#039;\" style=\"width: 363px; height: 305px;\" \/> <\/a> <\/div> <\/div> <!-- close group --> <\/div> <!-- close row --> <\/div>\n\n\n<p><\/p>\n","protected":false},"excerpt":{"rendered":"<p>Pour la semaine 32 du Projet 52-2024 de Du c\u00f4t\u00e9 de chez Ma\u2019, le th\u00e8me est \u00ab\u00a0Vacances\u00ab\u00a0. J\u2019ai choisi pour illustrer ce th\u00e8me la plage o\u00f9 nous sommes all\u00e9s tr\u00e8s souvent ces derniers jours, surtout en soir\u00e9e mais aussi le matin et qui permet l&rsquo;\u00e9vasion estivale tout pr\u00e8s de chez soi. Ce n&rsquo;est pas la [&hellip;]<\/p>\n","protected":false},"author":1,"featured_media":36915,"comment_status":"open","ping_status":"open","sticky":false,"template":"","format":"standard","meta":{"jetpack_post_was_ever_published":false,"_jetpack_newsletter_access":"","_jetpack_dont_email_post_to_subs":false,"_jetpack_newsletter_tier_id":0,"_jetpack_memberships_contains_paywalled_content":false,"_jetpack_memberships_contains_paid_content":false,"footnotes":""},"categories":[437,4],"tags":[25,611,5,3094,571,1353,4043,1506,133],"class_list":["post-36913","post","type-post","status-publish","format-standard","has-post-thumbnail","hentry","category-mini-photographe","category-mini-visiteur","tag-alpes-maritimes","tag-ete","tag-paca","tag-plage-2","tag-plage-des-marinieres","tag-projet-52-de-ma","tag-projet-52-2024","tag-region-sud","tag-villefranche-sur-mer","post-preview"],"jetpack_featured_media_url":"https:\/\/i0.wp.com\/www.jojoenherbe.com\/wp-content\/uploads\/2024\/08\/Villefranche-sur-Mer-scaled.jpg?fit=2010%2C2560&ssl=1","jetpack_sharing_enabled":true,"jetpack_shortlink":"https:\/\/wp.me\/p9zhGx-9Bn","jetpack_likes_enabled":true,"jetpack-related-posts":[{"id":7350,"url":"https:\/\/www.jojoenherbe.com\/index.php\/2019\/08\/31\/le-temps-des-vacances-a-la-plage\/","url_meta":{"origin":36913,"position":0},"title":"Le temps des vacances \u00e0 la plage","author":"Jojo","date":"31 ao\u00fbt 2019","format":false,"excerpt":"Pour cette semaine 35 du Projet 52-2019 de Du c\u00f4t\u00e9 de chez Ma', le th\u00e8me est \"Vacances\". Le mois d'ao\u00fbt se terminant, le temps des vacances va laisser place \u00e0 la fr\u00e9n\u00e9sie de la rentr\u00e9e. Voici une photo d'un oursin prise pendant une sortie plage \u00e0 Villefranche-sur-Mer ce mois-ci mais\u2026","rel":"","context":"Dans &quot;mini photographe&quot;","block_context":{"text":"mini photographe","link":"https:\/\/www.jojoenherbe.com\/index.php\/category\/mini-photographe\/"},"img":{"alt_text":"","src":"https:\/\/i0.wp.com\/www.jojoenherbe.com\/wp-content\/uploads\/2019\/08\/Oursin-Villefranche-sur-Mer.jpg?fit=1200%2C900&ssl=1&resize=350%2C200","width":350,"height":200,"srcset":"https:\/\/i0.wp.com\/www.jojoenherbe.com\/wp-content\/uploads\/2019\/08\/Oursin-Villefranche-sur-Mer.jpg?fit=1200%2C900&ssl=1&resize=350%2C200 1x, https:\/\/i0.wp.com\/www.jojoenherbe.com\/wp-content\/uploads\/2019\/08\/Oursin-Villefranche-sur-Mer.jpg?fit=1200%2C900&ssl=1&resize=525%2C300 1.5x, https:\/\/i0.wp.com\/www.jojoenherbe.com\/wp-content\/uploads\/2019\/08\/Oursin-Villefranche-sur-Mer.jpg?fit=1200%2C900&ssl=1&resize=700%2C400 2x, https:\/\/i0.wp.com\/www.jojoenherbe.com\/wp-content\/uploads\/2019\/08\/Oursin-Villefranche-sur-Mer.jpg?fit=1200%2C900&ssl=1&resize=1050%2C600 3x"},"classes":[]},{"id":40249,"url":"https:\/\/www.jojoenherbe.com\/index.php\/2025\/08\/02\/semaine-31-du-projet-52-2025-soiree\/","url_meta":{"origin":36913,"position":1},"title":"Semaine 31 du Projet 52-2025: \u00ab\u00a0Soir\u00e9e\u00a0\u00bb","author":"Jojo","date":"2 ao\u00fbt 2025","format":false,"excerpt":"Pour la semaine 31 du Projet 52-2025 de Du c\u00f4t\u00e9 de chez Ma\u2019, le th\u00e8me est \"Soir\u00e9e\". Je ne suis pas all\u00e9e loin dans le temps pour illustrer le th\u00e8me de la semaine puisque nous sommes all\u00e9s hier soir \u00e0 Villefranche-sur-Mer pour une soir\u00e9e-plage comme tr\u00e8s souvent l'\u00e9t\u00e9, emportant toujours\u2026","rel":"","context":"Dans &quot;mini photographe&quot;","block_context":{"text":"mini photographe","link":"https:\/\/www.jojoenherbe.com\/index.php\/category\/mini-photographe\/"},"img":{"alt_text":"","src":"https:\/\/i0.wp.com\/www.jojoenherbe.com\/wp-content\/uploads\/2025\/08\/Villefranche-sur-mer-plage-scaled.jpg?fit=1200%2C900&ssl=1&resize=350%2C200","width":350,"height":200,"srcset":"https:\/\/i0.wp.com\/www.jojoenherbe.com\/wp-content\/uploads\/2025\/08\/Villefranche-sur-mer-plage-scaled.jpg?fit=1200%2C900&ssl=1&resize=350%2C200 1x, https:\/\/i0.wp.com\/www.jojoenherbe.com\/wp-content\/uploads\/2025\/08\/Villefranche-sur-mer-plage-scaled.jpg?fit=1200%2C900&ssl=1&resize=525%2C300 1.5x, https:\/\/i0.wp.com\/www.jojoenherbe.com\/wp-content\/uploads\/2025\/08\/Villefranche-sur-mer-plage-scaled.jpg?fit=1200%2C900&ssl=1&resize=700%2C400 2x, https:\/\/i0.wp.com\/www.jojoenherbe.com\/wp-content\/uploads\/2025\/08\/Villefranche-sur-mer-plage-scaled.jpg?fit=1200%2C900&ssl=1&resize=1050%2C600 3x"},"classes":[]},{"id":27512,"url":"https:\/\/www.jojoenherbe.com\/index.php\/2022\/09\/10\/semaine-36-du-projet-52-2022-chacun-fait-ce-quil-lui-plait\/","url_meta":{"origin":36913,"position":2},"title":"Semaine 36 du Projet 52-2022: Chacun fait ce qu&rsquo;il lui pla\u00eet","author":"Jojo","date":"10 septembre 2022","format":false,"excerpt":"Pour la semaine 36 du Projet 52-2022 de Du c\u00f4t\u00e9 de chez Ma\u2019, le th\u00e8me est \"Chacun fait ce qu'il lui pla\u00eet\". En cette fin d'\u00e9t\u00e9 et une rentr\u00e9e bien remplie, le th\u00e8me propos\u00e9 par Ma' donne envie d'\u00e9vasion et de farniente, m\u00eame si nous sommes en septembre et non\u2026","rel":"","context":"Dans &quot;mini photographe&quot;","block_context":{"text":"mini photographe","link":"https:\/\/www.jojoenherbe.com\/index.php\/category\/mini-photographe\/"},"img":{"alt_text":"","src":"https:\/\/i0.wp.com\/www.jojoenherbe.com\/wp-content\/uploads\/2022\/09\/Plage-Robinson-Mandelieu-La-Napoule-scaled.jpg?fit=1200%2C900&ssl=1&resize=350%2C200","width":350,"height":200,"srcset":"https:\/\/i0.wp.com\/www.jojoenherbe.com\/wp-content\/uploads\/2022\/09\/Plage-Robinson-Mandelieu-La-Napoule-scaled.jpg?fit=1200%2C900&ssl=1&resize=350%2C200 1x, https:\/\/i0.wp.com\/www.jojoenherbe.com\/wp-content\/uploads\/2022\/09\/Plage-Robinson-Mandelieu-La-Napoule-scaled.jpg?fit=1200%2C900&ssl=1&resize=525%2C300 1.5x, https:\/\/i0.wp.com\/www.jojoenherbe.com\/wp-content\/uploads\/2022\/09\/Plage-Robinson-Mandelieu-La-Napoule-scaled.jpg?fit=1200%2C900&ssl=1&resize=700%2C400 2x, https:\/\/i0.wp.com\/www.jojoenherbe.com\/wp-content\/uploads\/2022\/09\/Plage-Robinson-Mandelieu-La-Napoule-scaled.jpg?fit=1200%2C900&ssl=1&resize=1050%2C600 3x"},"classes":[]},{"id":1877,"url":"https:\/\/www.jojoenherbe.com\/index.php\/2018\/03\/19\/quelques-pas-sur-la-plage-des-marinieres-villefranche-sur-mer\/","url_meta":{"origin":36913,"position":3},"title":"Quelques pas sur la plage des Marini\u00e8res &#8211; Villefranche-sur-Mer","author":"Jojo","date":"19 mars 2018","format":false,"excerpt":"Ce 17 mars 2018, le soleil faisant une petite apparition,\u00a0 nous allons \u00e0 Villefranche-sur-Mer prendre un peu l'air marin. Nous nous garons sur le parking (gratuit hors saison) de la plage des Marini\u00e8res. Le vent souffle un peu. A plusieurs endroits, la plage a m\u00eame disparu sous les vagues. Nous\u2026","rel":"","context":"Dans &quot;Mini baladeur&quot;","block_context":{"text":"Mini baladeur","link":"https:\/\/www.jojoenherbe.com\/index.php\/category\/mini-crapahuteur\/mini-baladeur\/"},"img":{"alt_text":"","src":"https:\/\/i0.wp.com\/www.jojoenherbe.com\/wp-content\/uploads\/2018\/03\/Villefranche-sur-Mer-4.jpg?fit=900%2C1200&ssl=1&resize=350%2C200","width":350,"height":200,"srcset":"https:\/\/i0.wp.com\/www.jojoenherbe.com\/wp-content\/uploads\/2018\/03\/Villefranche-sur-Mer-4.jpg?fit=900%2C1200&ssl=1&resize=350%2C200 1x, https:\/\/i0.wp.com\/www.jojoenherbe.com\/wp-content\/uploads\/2018\/03\/Villefranche-sur-Mer-4.jpg?fit=900%2C1200&ssl=1&resize=525%2C300 1.5x, https:\/\/i0.wp.com\/www.jojoenherbe.com\/wp-content\/uploads\/2018\/03\/Villefranche-sur-Mer-4.jpg?fit=900%2C1200&ssl=1&resize=700%2C400 2x"},"classes":[]},{"id":33606,"url":"https:\/\/www.jojoenherbe.com\/index.php\/2023\/12\/16\/semaine-50-du-projet-52-2023-scintiller\/","url_meta":{"origin":36913,"position":4},"title":"Semaine 50 du Projet 52-2023: Scintiller","author":"Jojo","date":"16 d\u00e9cembre 2023","format":false,"excerpt":"Pour la semaine 50 du Projet 52-2023 de Du c\u00f4t\u00e9 de chez Ma', le th\u00e8me est \"scintiller\". J'ai choisi pour illustrer ce th\u00e8me une des photos prises hier, en d\u00e9but de soir\u00e9e, sur le miroir d'eau de la Coul\u00e9e Verte \u00e0 Nice, c\u00f4t\u00e9 place Mass\u00e9na, en face du march\u00e9 de\u2026","rel":"","context":"Dans &quot;mini photographe&quot;","block_context":{"text":"mini photographe","link":"https:\/\/www.jojoenherbe.com\/index.php\/category\/mini-photographe\/"},"img":{"alt_text":"","src":"https:\/\/i0.wp.com\/www.jojoenherbe.com\/wp-content\/uploads\/2023\/12\/Iluminations-Nice-2023-scaled.jpg?fit=1200%2C900&ssl=1&resize=350%2C200","width":350,"height":200,"srcset":"https:\/\/i0.wp.com\/www.jojoenherbe.com\/wp-content\/uploads\/2023\/12\/Iluminations-Nice-2023-scaled.jpg?fit=1200%2C900&ssl=1&resize=350%2C200 1x, https:\/\/i0.wp.com\/www.jojoenherbe.com\/wp-content\/uploads\/2023\/12\/Iluminations-Nice-2023-scaled.jpg?fit=1200%2C900&ssl=1&resize=525%2C300 1.5x, https:\/\/i0.wp.com\/www.jojoenherbe.com\/wp-content\/uploads\/2023\/12\/Iluminations-Nice-2023-scaled.jpg?fit=1200%2C900&ssl=1&resize=700%2C400 2x, https:\/\/i0.wp.com\/www.jojoenherbe.com\/wp-content\/uploads\/2023\/12\/Iluminations-Nice-2023-scaled.jpg?fit=1200%2C900&ssl=1&resize=1050%2C600 3x"},"classes":[]},{"id":19464,"url":"https:\/\/www.jojoenherbe.com\/index.php\/2021\/06\/27\/semaine-25-du-projet-52-2021-ete\/","url_meta":{"origin":36913,"position":5},"title":"Semaine 25 du Projet 52-2021: \u00c9t\u00e9","author":"Jojo","date":"27 juin 2021","format":false,"excerpt":"Pour la semaine 25 du Projet 52-2021 de Du c\u00f4t\u00e9 de chez Ma', le th\u00e8me est \"\u00c9t\u00e9\". En ce d\u00e9but estival 2021, nous reprenons nos balades avec ce week-end une journ\u00e9e \u00e0 l'\u00eele Sainte-Marguerite, apr\u00e8s 15 minutes de travers\u00e9e en bateau depuis Cannes. J'ai donc choisi une photo d'\u00e9t\u00e9 c\u00f4t\u00e9\u2026","rel":"","context":"Dans &quot;mini photographe&quot;","block_context":{"text":"mini photographe","link":"https:\/\/www.jojoenherbe.com\/index.php\/category\/mini-photographe\/"},"img":{"alt_text":"","src":"https:\/\/i0.wp.com\/www.jojoenherbe.com\/wp-content\/uploads\/2021\/06\/Ile-Sainte-Marguerite-scaled.jpg?fit=1200%2C900&ssl=1&resize=350%2C200","width":350,"height":200,"srcset":"https:\/\/i0.wp.com\/www.jojoenherbe.com\/wp-content\/uploads\/2021\/06\/Ile-Sainte-Marguerite-scaled.jpg?fit=1200%2C900&ssl=1&resize=350%2C200 1x, https:\/\/i0.wp.com\/www.jojoenherbe.com\/wp-content\/uploads\/2021\/06\/Ile-Sainte-Marguerite-scaled.jpg?fit=1200%2C900&ssl=1&resize=525%2C300 1.5x, https:\/\/i0.wp.com\/www.jojoenherbe.com\/wp-content\/uploads\/2021\/06\/Ile-Sainte-Marguerite-scaled.jpg?fit=1200%2C900&ssl=1&resize=700%2C400 2x, https:\/\/i0.wp.com\/www.jojoenherbe.com\/wp-content\/uploads\/2021\/06\/Ile-Sainte-Marguerite-scaled.jpg?fit=1200%2C900&ssl=1&resize=1050%2C600 3x"},"classes":[]}],"_links":{"self":[{"href":"https:\/\/www.jojoenherbe.com\/index.php\/wp-json\/wp\/v2\/posts\/36913","targetHints":{"allow":["GET"]}}],"collection":[{"href":"https:\/\/www.jojoenherbe.com\/index.php\/wp-json\/wp\/v2\/posts"}],"about":[{"href":"https:\/\/www.jojoenherbe.com\/index.php\/wp-json\/wp\/v2\/types\/post"}],"author":[{"embeddable":true,"href":"https:\/\/www.jojoenherbe.com\/index.php\/wp-json\/wp\/v2\/users\/1"}],"replies":[{"embeddable":true,"href":"https:\/\/www.jojoenherbe.com\/index.php\/wp-json\/wp\/v2\/comments?post=36913"}],"version-history":[{"count":3,"href":"https:\/\/www.jojoenherbe.com\/index.php\/wp-json\/wp\/v2\/posts\/36913\/revisions"}],"predecessor-version":[{"id":36918,"href":"https:\/\/www.jojoenherbe.com\/index.php\/wp-json\/wp\/v2\/posts\/36913\/revisions\/36918"}],"wp:featuredmedia":[{"embeddable":true,"href":"https:\/\/www.jojoenherbe.com\/index.php\/wp-json\/wp\/v2\/media\/36915"}],"wp:attachment":[{"href":"https:\/\/www.jojoenherbe.com\/index.php\/wp-json\/wp\/v2\/media?parent=36913"}],"wp:term":[{"taxonomy":"category","embeddable":true,"href":"https:\/\/www.jojoenherbe.com\/index.php\/wp-json\/wp\/v2\/categories?post=36913"},{"taxonomy":"post_tag","embeddable":true,"href":"https:\/\/www.jojoenherbe.com\/index.php\/wp-json\/wp\/v2\/tags?post=36913"}],"curies":[{"name":"wp","href":"https:\/\/api.w.org\/{rel}","templated":true}]}}