{"id":36273,"date":"2024-06-05T17:44:48","date_gmt":"2024-06-05T15:44:48","guid":{"rendered":"https:\/\/www.jojoenherbe.com\/?p=36273"},"modified":"2024-09-01T11:52:53","modified_gmt":"2024-09-01T09:52:53","slug":"au-fil-des-pages-avec-le-tome-1-du-pont-des-tempetes","status":"publish","type":"post","link":"https:\/\/www.jojoenherbe.com\/index.php\/2024\/06\/05\/au-fil-des-pages-avec-le-tome-1-du-pont-des-tempetes\/","title":{"rendered":"Au fil des pages avec le tome 1 du Pont des Temp\u00eates"},"content":{"rendered":"<p style=\"text-align: justify;\"><em><a href=\"https:\/\/i0.wp.com\/www.jojoenherbe.com\/wp-content\/uploads\/2023\/03\/Le-Pont-des-Tempetes-T1.jpg\"><img data-recalc-dims=\"1\" loading=\"lazy\" decoding=\"async\" data-attachment-id=\"30129\" data-permalink=\"https:\/\/www.jojoenherbe.com\/index.php\/2023\/03\/13\/point-lecture-hebdomadaire-2023-10\/le-pont-des-tempetes-t1\/\" data-orig-file=\"https:\/\/i0.wp.com\/www.jojoenherbe.com\/wp-content\/uploads\/2023\/03\/Le-Pont-des-Tempetes-T1.jpg?fit=750%2C1334&amp;ssl=1\" data-orig-size=\"750,1334\" data-comments-opened=\"1\" data-image-meta=\"{&quot;aperture&quot;:&quot;0&quot;,&quot;credit&quot;:&quot;&quot;,&quot;camera&quot;:&quot;&quot;,&quot;caption&quot;:&quot;&quot;,&quot;created_timestamp&quot;:&quot;0&quot;,&quot;copyright&quot;:&quot;&quot;,&quot;focal_length&quot;:&quot;0&quot;,&quot;iso&quot;:&quot;0&quot;,&quot;shutter_speed&quot;:&quot;0&quot;,&quot;title&quot;:&quot;&quot;,&quot;orientation&quot;:&quot;0&quot;}\" data-image-title=\"Le Pont des Temp\u00eates T1\" data-image-description=\"\" data-image-caption=\"\" data-large-file=\"https:\/\/i0.wp.com\/www.jojoenherbe.com\/wp-content\/uploads\/2023\/03\/Le-Pont-des-Tempetes-T1.jpg?fit=576%2C1024&amp;ssl=1\" class=\"alignleft wp-image-30129 \" src=\"https:\/\/i0.wp.com\/www.jojoenherbe.com\/wp-content\/uploads\/2023\/03\/Le-Pont-des-Tempetes-T1.jpg?resize=104%2C185\" alt=\"\" width=\"104\" height=\"185\" srcset=\"https:\/\/i0.wp.com\/www.jojoenherbe.com\/wp-content\/uploads\/2023\/03\/Le-Pont-des-Tempetes-T1.jpg?w=750&amp;ssl=1 750w, https:\/\/i0.wp.com\/www.jojoenherbe.com\/wp-content\/uploads\/2023\/03\/Le-Pont-des-Tempetes-T1.jpg?resize=169%2C300&amp;ssl=1 169w, https:\/\/i0.wp.com\/www.jojoenherbe.com\/wp-content\/uploads\/2023\/03\/Le-Pont-des-Tempetes-T1.jpg?resize=576%2C1024&amp;ssl=1 576w, https:\/\/i0.wp.com\/www.jojoenherbe.com\/wp-content\/uploads\/2023\/03\/Le-Pont-des-Tempetes-T1.jpg?resize=676%2C1202&amp;ssl=1 676w\" sizes=\"auto, (max-width: 104px) 100vw, 104px\" \/><\/a>Ayant lu la semaine derni\u00e8re le tome 3 de la s\u00e9rie du <span style=\"text-decoration: underline;\">Pont des Temp\u00eates<\/span>, je me suis rendue compte que je n&rsquo;avais pas \u00e9crit de billet sur les deux tomes pr\u00e9c\u00e9dents. Alors voici mon avis sur le tome 1 que j&rsquo;ai lu l&rsquo;ann\u00e9e derni\u00e8re: <span style=\"text-decoration: underline;\">Le Pont des Temp\u00eates<\/span> de Danielle L. Jensen (\u00e9d. Bragelonne, coll. Fantasy, mars 2023, 442 pages), une romantasy se d\u00e9roulant dans un monde ravag\u00e9 par des temp\u00eates sauvages, l\u2019unique voie de passage commerciale \u00e9tant le pont des temp\u00eates d\u00e9tenu par le roi d\u2019Ithicana. <\/em><\/p>\n<p style=\"text-align: justify;\"><em>\u00c2g\u00e9e de 20 ans, Lara Veliant, fille du <span class=\"a-text-bold\">roi de Maridrina<\/span> a \u00e9t\u00e9 \u00e9lev\u00e9e pendant 15 ans dans le d\u00e9sert pour devenir une espionne tueuse afin de lib\u00e9rer son peuple du joug du royaume d\u2019Ithicana et de s\u2019accaparer le pont des temp\u00eates. Sous pr\u00e9texte d\u2019honorer un trait\u00e9 de paix entre Maridrina et Ithicana, le mariage de Lara est arrang\u00e9 avec Aren, roi d\u2019<span class=\"cr-widget-FocalReviews\" data-hook=\"cr-widget-FocalReviews\"><span class=\"a-size-base review-text\" data-hook=\"review-body\">Ithicana<\/span><\/span> \u00e2g\u00e9 de 24 ans. Mais une fois son arriv\u00e9e sur l\u2019\u00eele centrale d\u2019Ithicana, rien ne se passe comme pr\u00e9vu. Aren ne correspond pas du tout \u00e0 ce qui lui a \u00e9t\u00e9 enseign\u00e9. Certes, il est un guerrier impitoyable mais il se r\u00e9v\u00e8le bien plus humain, juste et id\u00e9aliste, \u00e0 l\u2019\u00e9coute de son propre peuple qui subit les saisons des temp\u00eates. Lara remet alors petit \u00e0 petit en question tout ce qu\u2019elle a appris jusqu\u2019alors. Sa d\u00e9termination pour sauver son peuple suffira-t-elle pour mener \u00e0 bien sa mission?<\/em><\/p>\n<p style=\"text-align: justify;\"><em>J\u2019ai bien appr\u00e9ci\u00e9 l\u2019univers imagin\u00e9 par l\u2019autrice avec au centre de ce monde, le pont des temp\u00eates, objet de toutes les convoitises. Nous avons d\u2019un c\u00f4t\u00e9 le royaume d\u00e9sertique de Maridrina et dont le peuple souffre de famine et de l\u2019autre le royaume d\u2019Ithicana constitu\u00e9 de nombreuses \u00eeles reli\u00e9es par le pont des temp\u00eates et vivant sous le rythme des saisons des temp\u00eates, des attaques et en autarcie. Le duo form\u00e9 par Lara et Aren est attachant, l\u2019un et l\u2019autre vouant leur vie \u00e0 sauver leur peuple, l\u2019une de la famine et l\u2019autre des attaques incessantes des autres royaumes.<\/em><\/p>\n<p style=\"text-align: justify;\"><em>L\u2019\u00e9criture est fluide et addictive, la tension \u00e9tant palpable \u00e0 chaque page, Lara \u00e9tant amen\u00e9e \u00e0 faire un choix crucial qui peut faire ou non tomber le royaume d\u2019Ithicana. <\/em><em>Un tr\u00e8s bon moment de lecture avec ce premier tome riche en actions, rebondissements, d\u2019intrigues politiques et mensonges sous fond de romance slow burn \u00ab\u00a0enemies to lovers\u00a0\u00bb et de mariage arrang\u00e9! J\u2019ai vu qu\u2019il existait en VO 5 tomes \u00e0 cette saga fantasy. J\u2019ai depuis lu les trois premiers tomes et ai h\u00e2te de lire le tome suivant. <br \/><\/em><\/p>\n<p style=\"text-align: justify;\"><em>Pour d&rsquo;autres avis sur cette s\u00e9rie: <a href=\"https:\/\/mapetitemediatheque.fr\/2024\/03\/la-saga-le-pont-des-tempetes-by-kio\/\">Kio<\/a> chez Bidib (tomes 1 et 2).<\/em><\/p>\n<div id=\"attachment_33586\" style=\"width: 119px\" class=\"wp-caption alignleft\"><img data-recalc-dims=\"1\" loading=\"lazy\" decoding=\"async\" aria-describedby=\"caption-attachment-33586\" data-attachment-id=\"33586\" data-permalink=\"https:\/\/www.jojoenherbe.com\/index.php\/2024\/03\/12\/billet-de-suivi-challenge-petit-bac-2024\/challenge-petit-bac-2024\/\" data-orig-file=\"https:\/\/i0.wp.com\/www.jojoenherbe.com\/wp-content\/uploads\/2023\/12\/Challenge-Petit-Bac-2024.jpg?fit=285%2C217&amp;ssl=1\" data-orig-size=\"285,217\" data-comments-opened=\"1\" data-image-meta=\"{&quot;aperture&quot;:&quot;0&quot;,&quot;credit&quot;:&quot;&quot;,&quot;camera&quot;:&quot;&quot;,&quot;caption&quot;:&quot;&quot;,&quot;created_timestamp&quot;:&quot;1702656450&quot;,&quot;copyright&quot;:&quot;&quot;,&quot;focal_length&quot;:&quot;0&quot;,&quot;iso&quot;:&quot;0&quot;,&quot;shutter_speed&quot;:&quot;0&quot;,&quot;title&quot;:&quot;&quot;,&quot;orientation&quot;:&quot;0&quot;}\" data-image-title=\"Challenge Petit Bac 2024\" data-image-description=\"\" data-image-caption=\"\" data-large-file=\"https:\/\/i0.wp.com\/www.jojoenherbe.com\/wp-content\/uploads\/2023\/12\/Challenge-Petit-Bac-2024.jpg?fit=285%2C217&amp;ssl=1\" class=\"wp-image-33586\" src=\"https:\/\/i0.wp.com\/www.jojoenherbe.com\/wp-content\/uploads\/2023\/12\/Challenge-Petit-Bac-2024.jpg?resize=109%2C83\" alt=\"\" width=\"109\" height=\"83\" \/><p id=\"caption-attachment-33586\" class=\"wp-caption-text\">Challenge Petit Bac d\u2019<a href=\"https:\/\/ennalit.wordpress.com\/2023\/12\/01\/challenge-petit-bac-2024-qui-veut-jouer\/\">Enna<\/a> #4 Cat\u00e9gorie Lieu: \u00ab Pont \u00bb<\/p><\/div>\n<div id=\"attachment_19954\" style=\"width: 111px\" class=\"wp-caption alignleft\"><img loading=\"lazy\" decoding=\"async\" aria-describedby=\"caption-attachment-19954\" class=\"wp-image-19954\" src=\"https:\/\/i0.wp.com\/mapetitemediatheque.fr\/wp-content\/uploads\/2021\/11\/Inkedle-tour-du-monde-en-80-livres-2_LI.jpg?resize=116%2C87&amp;ssl=1\" sizes=\"auto, (max-width: 500px) 100vw, 500px\" srcset=\"https:\/\/i0.wp.com\/mapetitemediatheque.fr\/wp-content\/uploads\/2021\/11\/Inkedle-tour-du-monde-en-80-livres-2_LI.jpg?resize=116%2C87&amp;ssl=1 500w, https:\/\/mapetitemediatheque.fr\/wp-content\/uploads\/2021\/11\/Inkedle-tour-du-monde-en-80-livres-2_LI-300x226.jpg 300w, https:\/\/mapetitemediatheque.fr\/wp-content\/uploads\/2021\/11\/Inkedle-tour-du-monde-en-80-livres-2_LI-120x90.jpg 120w\" alt=\"\" width=\"101\" height=\"76\" aria-describedby=\"caption-attachment-19954\" \/><p id=\"caption-attachment-19954\" class=\"wp-caption-text\">Participation #12 (Parcours litt\u00e9raire) Challenge Le tour du monde en 80 livres 2024 de <em><a href=\"https:\/\/mapetitemediatheque.fr\/2023\/12\/le-tour-du-monde-en-80-livres-embarquez-pour-2024\/\">Bidib<\/a><\/em> #Canada<\/p><\/div>\n\n\n<p><\/p>\n","protected":false},"excerpt":{"rendered":"<p>Ayant lu la semaine derni\u00e8re le tome 3 de la s\u00e9rie du Pont des Temp\u00eates, je me suis rendue compte que je n&rsquo;avais pas \u00e9crit de billet sur les deux tomes pr\u00e9c\u00e9dents. Alors voici mon avis sur le tome 1 que j&rsquo;ai lu l&rsquo;ann\u00e9e derni\u00e8re: Le Pont des Temp\u00eates de Danielle L. Jensen (\u00e9d. Bragelonne, [&hellip;]<\/p>\n","protected":false},"author":1,"featured_media":36275,"comment_status":"open","ping_status":"open","sticky":false,"template":"","format":"standard","meta":{"jetpack_post_was_ever_published":false,"_jetpack_newsletter_access":"","_jetpack_dont_email_post_to_subs":false,"_jetpack_newsletter_tier_id":0,"_jetpack_memberships_contains_paywalled_content":false,"_jetpack_memberships_contains_paid_content":false,"footnotes":""},"categories":[363],"tags":[1347,4324,3974,1854,4197,3663,4325,2474,2594,4323,4014,1085,2751,1419,1331,2001,844,905,3570,3979,937],"class_list":["post-36273","post","type-post","status-publish","format-standard","has-post-thumbnail","hentry","category-mini-lecteur","tag-18-ans-et-plus","tag-autarcie","tag-challenge-petit-bac-2024","tag-complot","tag-complot-politique","tag-danielle-l-jensen","tag-enemies-to-lovers","tag-famine","tag-guerre","tag-le-pont-des-tempetes","tag-le-tour-du-monde-en-80-livres-2024","tag-lecture-adulte","tag-mariage-arrange","tag-mensonge","tag-meurtre","tag-pont","tag-romance","tag-romans-adulte","tag-romantasy","tag-slow-burn","tag-tempete","post-preview"],"jetpack_featured_media_url":"https:\/\/i0.wp.com\/www.jojoenherbe.com\/wp-content\/uploads\/2024\/06\/Le-pont-des-tempetes-T1-scaled.jpg?fit=2560%2C2126&ssl=1","jetpack_sharing_enabled":true,"jetpack_shortlink":"https:\/\/wp.me\/p9zhGx-9r3","jetpack_likes_enabled":true,"jetpack-related-posts":[{"id":36282,"url":"https:\/\/www.jojoenherbe.com\/index.php\/2024\/07\/30\/au-fil-des-pages-avec-le-tome-3-du-pont-des-tempetes\/","url_meta":{"origin":36273,"position":0},"title":"Au fil des pages avec le tome 3 du Pont des Temp\u00eates","author":"Jojo","date":"30 juillet 2024","format":false,"excerpt":"J'ai lu le tome 3 du Pont des Temp\u00eates, L'h\u00e9ritier insoumis de Danielle L. Jensen (\u00e9d. Bragelonne, coll. Fantasy, mars 2024, 552 pages), une romantasy se d\u00e9roulant dans un monde en guerre et ravag\u00e9 par des temp\u00eates sauvages, l\u2019unique voie de passage commerciale \u00e9tant le pont des temp\u00eates d\u00e9tenu par\u2026","rel":"","context":"Dans &quot;Mini lecteur&quot;","block_context":{"text":"Mini lecteur","link":"https:\/\/www.jojoenherbe.com\/index.php\/category\/mini-lecteur\/"},"img":{"alt_text":"","src":"https:\/\/i0.wp.com\/www.jojoenherbe.com\/wp-content\/uploads\/2024\/06\/Lheritier-insoumis-T3.jpg?resize=350%2C200","width":350,"height":200},"classes":[]},{"id":40979,"url":"https:\/\/www.jojoenherbe.com\/index.php\/2025\/10\/17\/au-fil-des-pages-avec-le-tome-5-du-pont-des-tempetes\/","url_meta":{"origin":36273,"position":1},"title":"Au fil des pages avec le tome 5 du Pont des Temp\u00eates","author":"Jojo","date":"17 octobre 2025","format":false,"excerpt":"Sit\u00f4t paru, j'ai lu, en e-book, le tome 5 du Pont des Temp\u00eates, Le tr\u00f4ne tourment\u00e9 de Danielle L. Jensen (\u00e9d. Bragelonne, coll. Fantasy, octobre 2025, 468 pages), une romantasy se d\u00e9roulant dans un monde en guerre et ravag\u00e9 par des temp\u00eates sauvages, l\u2019unique voie de passage commerciale \u00e9tant le\u2026","rel":"","context":"Dans &quot;Mini lecteur&quot;","block_context":{"text":"Mini lecteur","link":"https:\/\/www.jojoenherbe.com\/index.php\/category\/mini-lecteur\/"},"img":{"alt_text":"","src":"https:\/\/i0.wp.com\/www.jojoenherbe.com\/wp-content\/uploads\/2025\/10\/Le-trone-tourmente-T5.jpg?fit=750%2C1177&ssl=1&resize=350%2C200","width":350,"height":200,"srcset":"https:\/\/i0.wp.com\/www.jojoenherbe.com\/wp-content\/uploads\/2025\/10\/Le-trone-tourmente-T5.jpg?fit=750%2C1177&ssl=1&resize=350%2C200 1x, https:\/\/i0.wp.com\/www.jojoenherbe.com\/wp-content\/uploads\/2025\/10\/Le-trone-tourmente-T5.jpg?fit=750%2C1177&ssl=1&resize=525%2C300 1.5x, https:\/\/i0.wp.com\/www.jojoenherbe.com\/wp-content\/uploads\/2025\/10\/Le-trone-tourmente-T5.jpg?fit=750%2C1177&ssl=1&resize=700%2C400 2x"},"classes":[]},{"id":36739,"url":"https:\/\/www.jojoenherbe.com\/index.php\/2024\/08\/01\/throwback-thursday-livresque-couverture-avec-du-sable\/","url_meta":{"origin":36273,"position":2},"title":"Throwback Thursday Livresque: Couverture avec du sable","author":"Jojo","date":"1 ao\u00fbt 2024","format":false,"excerpt":"Ce jeudi 1er ao\u00fbt 2024, je participe au Throwback Thursday Livresque, un rendez-vous livresque initialement chez Bettie Rose Books et repris depuis par Carole, les liens \u00e9tant \u00e0 d\u00e9poser chez My-Bo0ks. Le principe est de partager chaque jeudi un livre en fonction d\u2019un th\u00e8me donn\u00e9. Cette semaine, le th\u00e8me est\u2026","rel":"","context":"Dans &quot;Mini challenger&quot;","block_context":{"text":"Mini challenger","link":"https:\/\/www.jojoenherbe.com\/index.php\/category\/mini-challenger\/"},"img":{"alt_text":"","src":"https:\/\/i0.wp.com\/www.jojoenherbe.com\/wp-content\/uploads\/2023\/10\/TTL-logo.jpg?resize=350%2C200","width":350,"height":200},"classes":[]},{"id":36936,"url":"https:\/\/www.jojoenherbe.com\/index.php\/2024\/08\/29\/throwback-thursday-livresque-romantasy\/","url_meta":{"origin":36273,"position":3},"title":"Throwback Thursday Livresque: Romantasy","author":"Jojo","date":"29 ao\u00fbt 2024","format":false,"excerpt":"Ce jeudi 26 ao\u00fbt 2024, je participe au Throwback Thursday Livresque, un rendez-vous livresque initialement chez Bettie Rose Books et repris depuis par Carole, les liens \u00e9tant \u00e0 d\u00e9poser chez My-Bo0ks. Le principe est de partager chaque jeudi un livre en fonction d\u2019un th\u00e8me donn\u00e9. Cette semaine, le th\u00e8me est\u2026","rel":"","context":"Dans &quot;Mini challenger&quot;","block_context":{"text":"Mini challenger","link":"https:\/\/www.jojoenherbe.com\/index.php\/category\/mini-challenger\/"},"img":{"alt_text":"","src":"https:\/\/i0.wp.com\/www.jojoenherbe.com\/wp-content\/uploads\/2023\/10\/TTL-logo.jpg?resize=350%2C200","width":350,"height":200},"classes":[]},{"id":36253,"url":"https:\/\/www.jojoenherbe.com\/index.php\/2024\/06\/03\/point-lecture-hebdomadaire-2024-22\/","url_meta":{"origin":36273,"position":4},"title":"Point lecture hebdomadaire 2024 #22","author":"Jojo","date":"3 juin 2024","format":false,"excerpt":"En ce d\u00e9but de semaine, voici mon point lecture hebdomadaire avec un retour sur nos lectures (mais pas nos relectures) de la semaine derni\u00e8re. Nos lectures du 27 mai au 2 juin 2024: Des lectures jeunesse: Avec mon mini lutin, il y a eu surtout des relectures d'albums jeunesse qu'il\u2026","rel":"","context":"Dans &quot;Mini blogueur&quot;","block_context":{"text":"Mini blogueur","link":"https:\/\/www.jojoenherbe.com\/index.php\/category\/mini-blogueur\/"},"img":{"alt_text":"","src":"https:\/\/i0.wp.com\/www.jojoenherbe.com\/wp-content\/uploads\/2024\/06\/Le-loup-en-slip-sarrache-T7-150x150.jpg?resize=350%2C200","width":350,"height":200},"classes":[]},{"id":30127,"url":"https:\/\/www.jojoenherbe.com\/index.php\/2023\/03\/13\/point-lecture-hebdomadaire-2023-10\/","url_meta":{"origin":36273,"position":5},"title":"Point lecture hebdomadaire 2023 #10","author":"Jojo","date":"13 mars 2023","format":false,"excerpt":"En ce d\u00e9but de semaine, voici notre point lecture hebdomadaire avec un retour sur nos lectures de la semaine derni\u00e8re (mais pas nos relectures), avec des lectures indiennes pour le RAT de Holi coorganis\u00e9 par Hilde et Blandine dans le cadre de leur challenges Les \u00c9tapes Indiennes 2023 et qui\u2026","rel":"","context":"Dans &quot;Mini blogueur&quot;","block_context":{"text":"Mini blogueur","link":"https:\/\/www.jojoenherbe.com\/index.php\/category\/mini-blogueur\/"},"img":{"alt_text":"","src":"https:\/\/i0.wp.com\/www.jojoenherbe.com\/wp-content\/uploads\/2023\/03\/Point-lecture-hebdomadaire-2023-10-scaled.jpg?fit=1200%2C951&ssl=1&resize=350%2C200","width":350,"height":200,"srcset":"https:\/\/i0.wp.com\/www.jojoenherbe.com\/wp-content\/uploads\/2023\/03\/Point-lecture-hebdomadaire-2023-10-scaled.jpg?fit=1200%2C951&ssl=1&resize=350%2C200 1x, https:\/\/i0.wp.com\/www.jojoenherbe.com\/wp-content\/uploads\/2023\/03\/Point-lecture-hebdomadaire-2023-10-scaled.jpg?fit=1200%2C951&ssl=1&resize=525%2C300 1.5x, https:\/\/i0.wp.com\/www.jojoenherbe.com\/wp-content\/uploads\/2023\/03\/Point-lecture-hebdomadaire-2023-10-scaled.jpg?fit=1200%2C951&ssl=1&resize=700%2C400 2x, https:\/\/i0.wp.com\/www.jojoenherbe.com\/wp-content\/uploads\/2023\/03\/Point-lecture-hebdomadaire-2023-10-scaled.jpg?fit=1200%2C951&ssl=1&resize=1050%2C600 3x"},"classes":[]}],"_links":{"self":[{"href":"https:\/\/www.jojoenherbe.com\/index.php\/wp-json\/wp\/v2\/posts\/36273","targetHints":{"allow":["GET"]}}],"collection":[{"href":"https:\/\/www.jojoenherbe.com\/index.php\/wp-json\/wp\/v2\/posts"}],"about":[{"href":"https:\/\/www.jojoenherbe.com\/index.php\/wp-json\/wp\/v2\/types\/post"}],"author":[{"embeddable":true,"href":"https:\/\/www.jojoenherbe.com\/index.php\/wp-json\/wp\/v2\/users\/1"}],"replies":[{"embeddable":true,"href":"https:\/\/www.jojoenherbe.com\/index.php\/wp-json\/wp\/v2\/comments?post=36273"}],"version-history":[{"count":9,"href":"https:\/\/www.jojoenherbe.com\/index.php\/wp-json\/wp\/v2\/posts\/36273\/revisions"}],"predecessor-version":[{"id":36941,"href":"https:\/\/www.jojoenherbe.com\/index.php\/wp-json\/wp\/v2\/posts\/36273\/revisions\/36941"}],"wp:featuredmedia":[{"embeddable":true,"href":"https:\/\/www.jojoenherbe.com\/index.php\/wp-json\/wp\/v2\/media\/36275"}],"wp:attachment":[{"href":"https:\/\/www.jojoenherbe.com\/index.php\/wp-json\/wp\/v2\/media?parent=36273"}],"wp:term":[{"taxonomy":"category","embeddable":true,"href":"https:\/\/www.jojoenherbe.com\/index.php\/wp-json\/wp\/v2\/categories?post=36273"},{"taxonomy":"post_tag","embeddable":true,"href":"https:\/\/www.jojoenherbe.com\/index.php\/wp-json\/wp\/v2\/tags?post=36273"}],"curies":[{"name":"wp","href":"https:\/\/api.w.org\/{rel}","templated":true}]}}