{"id":35779,"date":"2024-04-17T18:49:18","date_gmt":"2024-04-17T16:49:18","guid":{"rendered":"http:\/\/www.jojoenherbe.com\/?p=35779"},"modified":"2024-04-17T18:49:18","modified_gmt":"2024-04-17T16:49:18","slug":"au-fil-des-pages-avec-la-fin-de-cheri","status":"publish","type":"post","link":"https:\/\/www.jojoenherbe.com\/index.php\/2024\/04\/17\/au-fil-des-pages-avec-la-fin-de-cheri\/","title":{"rendered":"Au fil des pages avec La fin de Ch\u00e9ri"},"content":{"rendered":"<p style=\"text-align: justify;\"><em>Pour une lecture commune avec Isabelle et Nathalie, j&rsquo;ai lu <span style=\"text-decoration: underline;\">La fin de Ch\u00e9ri<\/span> de Colette (\u00e9d. France Loisirs, f\u00e9vrier 1996, 271 pages, \u00e0 partir de la page 145), un court roman paru pour la premi\u00e8re fois en 1926 et se d\u00e9roulant 6 ans apr\u00e8s <a href=\"http:\/\/www.jojoenherbe.com\/index.php\/2024\/02\/19\/au-fil-des-pages-avec-cheri\/\"><span style=\"text-decoration: underline;\">Ch\u00e9ri<\/span><\/a>, en 1919\/1920. D\u00e9sormais \u00e2g\u00e9 de 30 ans et marqu\u00e9 par la Grande Guerre, Fred Peloux ne sait plus que faire de sa vie. D\u00e9laiss\u00e9 par sa femme Esm\u00e9e qui passe son temps \u00e0 travailler en temps qu&rsquo;infirmi\u00e8re aupr\u00e8s du m\u00e9decin dont elle s&rsquo;est entich\u00e9e dans un h\u00f4pital de bless\u00e9s de guerre, il n&rsquo;a plus go\u00fbt \u00e0 rien, pas m\u00eame \u00e0 l&rsquo;argent et d\u00e9cide de revoir son ancienne ma\u00eetresse, L\u00e9a, la seule dont il se dit avoir \u00e9t\u00e9 amoureux. Ses retrouvailles lui permettront-elles de mettre fin \u00e0 sa d\u00e9pression?<br \/>\n<\/em><\/p>\n<p style=\"text-align: justify;\"><em>La Grande Guerre a profond\u00e9ment chang\u00e9 la soci\u00e9t\u00e9 fran\u00e7aise, accordant plus de place aux femmes lorsque les hommes sont partis au front. J&rsquo;ai d&rsquo;ailleurs appr\u00e9ci\u00e9 retrouv\u00e9 le personnage d&rsquo;Esm\u00e9e qui a bien m\u00fbri et trouv\u00e9 sa place au sein de son mariage arrang\u00e9, m\u00eame si ce n&rsquo;est pas aupr\u00e8s de son \u00e9poux dont elle n&rsquo;attend plus rien.<\/em><\/p>\n<p style=\"text-align: justify;\"><em>Comme dans <span style=\"text-decoration: underline;\">Ch\u00e9ri<\/span>, j&rsquo;ai trouv\u00e9 surprenantes et incongrues certaines r\u00e9flexions de Colette sur la f\u00e9minit\u00e9 et plus largement sur la condition femme, en particulier de la femme \u00e2g\u00e9e, m\u00eame si la vision retranscrite de L\u00e9a est celle de Ch\u00e9ri et est donc bien partiale. Celle-ci est d&rsquo;ailleurs tr\u00e8s peu pr\u00e9sente dans cette suite qui s&rsquo;\u00e9panche sur les \u00e9tats d&rsquo;\u00e2me de Fred.\u00a0<\/em><\/p>\n<p style=\"text-align: justify;\"><em>Le jeune homme, en \u00ab\u00a0pleine crise\u00a0\u00bb des 30 ans se sent vieux et incompris, victime du syndrome du survivant. Il perd compl\u00e8tement pied dans cette soci\u00e9t\u00e9 d&rsquo;apr\u00e8s-guerre, ne r\u00e9ussissant pas \u00e0 trouver sa place parmi des femmes \u00ab\u00a0viriles\u00a0\u00bb qui n&rsquo;ont plus besoin d&rsquo;un homme \u00e0 leurs c\u00f4t\u00e9s comme sa m\u00e8re ou sa femme (ces derni\u00e8res continuant leurs combines mises en place pendant la guerre par exemple). Il tente, comme il l&rsquo;avait d\u00e9j\u00e0 fait dans <span style=\"text-decoration: underline;\">Ch\u00e9ri<\/span>, de retrouver son amour perdu dans les souvenirs d&rsquo;une L\u00e9a jeune et belle, \u00e0 travers des photos conserv\u00e9es par une amie commune, l\u00e0-m\u00eame aupr\u00e8s de qui il s&rsquo;\u00e9tait d\u00e9j\u00e0 r\u00e9fugi\u00e9 et dont le collier de perles lui rappelait alors L\u00e9a.<\/em><\/p>\n<p style=\"text-align: justify;\"><em>Il n&rsquo;a donn\u00e9 aucune chance \u00e0 son couple, m\u00eame s&rsquo;il ne trompe plus Esm\u00e9e. Son insouciance a laiss\u00e9 place \u00e0 une m\u00e9chancet\u00e9 \u00e0 l&rsquo;\u00e9gard de sa femme, prenant un plaisir malsain \u00e0 jouer sur sa vuln\u00e9rabilit\u00e9, Esm\u00e9e s&rsquo;inqui\u00e9tant \u00e0 raison pour lui \u00e0 d\u00e9faut de l&rsquo;aimer.<\/em> <em>Bien que le roman soit court, j&rsquo;ai trouv\u00e9 les \u00e9panchements du jeune homme bien longs et ne pouvant que d\u00e9boucher sur un drame. Une lecture en demi-teinte, avant tout pour Esm\u00e9e et pour le tableau de la soci\u00e9t\u00e9 d&rsquo;apr\u00e8s-guerre!<\/em><\/p>\n<div id=\"attachment_34167\" style=\"width: 143px\" class=\"wp-caption alignleft\"><img data-recalc-dims=\"1\" loading=\"lazy\" decoding=\"async\" aria-describedby=\"caption-attachment-34167\" data-attachment-id=\"34167\" data-permalink=\"https:\/\/www.jojoenherbe.com\/index.php\/2024\/01\/02\/mes-challenges-livresques-2024\/2024-sera-classique-aussi-logo\/\" data-orig-file=\"https:\/\/i0.wp.com\/www.jojoenherbe.com\/wp-content\/uploads\/2024\/01\/2024-sera-classique-aussi-logo.png?fit=768%2C430&amp;ssl=1\" data-orig-size=\"768,430\" data-comments-opened=\"1\" data-image-meta=\"{&quot;aperture&quot;:&quot;0&quot;,&quot;credit&quot;:&quot;&quot;,&quot;camera&quot;:&quot;&quot;,&quot;caption&quot;:&quot;&quot;,&quot;created_timestamp&quot;:&quot;0&quot;,&quot;copyright&quot;:&quot;&quot;,&quot;focal_length&quot;:&quot;0&quot;,&quot;iso&quot;:&quot;0&quot;,&quot;shutter_speed&quot;:&quot;0&quot;,&quot;title&quot;:&quot;&quot;,&quot;orientation&quot;:&quot;0&quot;}\" data-image-title=\"2024 sera classique aussi &amp;#8211; logo\" data-image-description=\"\" data-image-caption=\"\" data-large-file=\"https:\/\/i0.wp.com\/www.jojoenherbe.com\/wp-content\/uploads\/2024\/01\/2024-sera-classique-aussi-logo.png?fit=676%2C378&amp;ssl=1\" class=\"wp-image-34167\" src=\"https:\/\/i0.wp.com\/www.jojoenherbe.com\/wp-content\/uploads\/2024\/01\/2024-sera-classique-aussi-logo.png?resize=133%2C75\" alt=\"\" width=\"133\" height=\"75\" srcset=\"https:\/\/i0.wp.com\/www.jojoenherbe.com\/wp-content\/uploads\/2024\/01\/2024-sera-classique-aussi-logo.png?w=768&amp;ssl=1 768w, https:\/\/i0.wp.com\/www.jojoenherbe.com\/wp-content\/uploads\/2024\/01\/2024-sera-classique-aussi-logo.png?resize=300%2C168&amp;ssl=1 300w, https:\/\/i0.wp.com\/www.jojoenherbe.com\/wp-content\/uploads\/2024\/01\/2024-sera-classique-aussi-logo.png?resize=676%2C378&amp;ssl=1 676w\" sizes=\"auto, (max-width: 133px) 100vw, 133px\" \/><p id=\"caption-attachment-34167\" class=\"wp-caption-text\">Participation#7 Challenge 2024 sera classique aussi! de <em><a href=\"https:\/\/delivrer-des-livres.fr\/2024-sera-classique-aussi\/\">Nathalie<\/a><\/em><\/p><\/div>\n<div id=\"attachment_34164\" style=\"width: 146px\" class=\"wp-caption alignleft\"><img data-recalc-dims=\"1\" loading=\"lazy\" decoding=\"async\" aria-describedby=\"caption-attachment-34164\" data-attachment-id=\"34164\" data-permalink=\"https:\/\/www.jojoenherbe.com\/index.php\/2024\/01\/02\/mes-challenges-livresques-2024\/challenge-pages-de-la-grande-guerre-logo-2024\/\" data-orig-file=\"https:\/\/i0.wp.com\/www.jojoenherbe.com\/wp-content\/uploads\/2024\/01\/Challenge-Pages-de-la-Grande-Guerre-logo-2024.jpg?fit=1456%2C816&amp;ssl=1\" data-orig-size=\"1456,816\" data-comments-opened=\"1\" data-image-meta=\"{&quot;aperture&quot;:&quot;0&quot;,&quot;credit&quot;:&quot;&quot;,&quot;camera&quot;:&quot;&quot;,&quot;caption&quot;:&quot;&quot;,&quot;created_timestamp&quot;:&quot;1704737812&quot;,&quot;copyright&quot;:&quot;&quot;,&quot;focal_length&quot;:&quot;0&quot;,&quot;iso&quot;:&quot;0&quot;,&quot;shutter_speed&quot;:&quot;0&quot;,&quot;title&quot;:&quot;&quot;,&quot;orientation&quot;:&quot;1&quot;}\" data-image-title=\"Challenge Pages de la Grande Guerre &amp;#8211; logo 2024\" data-image-description=\"\" data-image-caption=\"\" data-large-file=\"https:\/\/i0.wp.com\/www.jojoenherbe.com\/wp-content\/uploads\/2024\/01\/Challenge-Pages-de-la-Grande-Guerre-logo-2024.jpg?fit=676%2C379&amp;ssl=1\" class=\"wp-image-34164\" src=\"https:\/\/i0.wp.com\/www.jojoenherbe.com\/wp-content\/uploads\/2024\/01\/Challenge-Pages-de-la-Grande-Guerre-logo-2024.jpg?resize=136%2C76\" alt=\"\" width=\"136\" height=\"76\" srcset=\"https:\/\/i0.wp.com\/www.jojoenherbe.com\/wp-content\/uploads\/2024\/01\/Challenge-Pages-de-la-Grande-Guerre-logo-2024.jpg?w=1456&amp;ssl=1 1456w, https:\/\/i0.wp.com\/www.jojoenherbe.com\/wp-content\/uploads\/2024\/01\/Challenge-Pages-de-la-Grande-Guerre-logo-2024.jpg?resize=300%2C168&amp;ssl=1 300w, https:\/\/i0.wp.com\/www.jojoenherbe.com\/wp-content\/uploads\/2024\/01\/Challenge-Pages-de-la-Grande-Guerre-logo-2024.jpg?resize=1024%2C574&amp;ssl=1 1024w, https:\/\/i0.wp.com\/www.jojoenherbe.com\/wp-content\/uploads\/2024\/01\/Challenge-Pages-de-la-Grande-Guerre-logo-2024.jpg?resize=768%2C430&amp;ssl=1 768w, https:\/\/i0.wp.com\/www.jojoenherbe.com\/wp-content\/uploads\/2024\/01\/Challenge-Pages-de-la-Grande-Guerre-logo-2024.jpg?resize=676%2C379&amp;ssl=1 676w, https:\/\/i0.wp.com\/www.jojoenherbe.com\/wp-content\/uploads\/2024\/01\/Challenge-Pages-de-la-Grande-Guerre-logo-2024.jpg?w=1352 1352w\" sizes=\"auto, (max-width: 136px) 100vw, 136px\" \/><p id=\"caption-attachment-34164\" class=\"wp-caption-text\">Participation #1 Challenge Pages de la Grande Guerre de <em><a href=\"https:\/\/delivrer-des-livres.fr\/pages-de-la-grande-guerre-challenge\/\">Nathalie<\/a><\/em> #La fin et les suites de la guerre<\/p><\/div>\n","protected":false},"excerpt":{"rendered":"<p>Pour une lecture commune avec Isabelle et Nathalie, j&rsquo;ai lu La fin de Ch\u00e9ri de Colette (\u00e9d. France Loisirs, f\u00e9vrier 1996, 271 pages, \u00e0 partir de la page 145), un court roman paru pour la premi\u00e8re fois en 1926 et se d\u00e9roulant 6 ans apr\u00e8s Ch\u00e9ri, en 1919\/1920. D\u00e9sormais \u00e2g\u00e9 de 30 ans et marqu\u00e9 [&hellip;]<\/p>\n","protected":false},"author":1,"featured_media":35151,"comment_status":"open","ping_status":"open","sticky":false,"template":"","format":"standard","meta":{"jetpack_post_was_ever_published":false,"_jetpack_newsletter_access":"","_jetpack_dont_email_post_to_subs":false,"_jetpack_newsletter_tier_id":0,"_jetpack_memberships_contains_paywalled_content":false,"_jetpack_memberships_contains_paid_content":false,"footnotes":""},"categories":[363],"tags":[1347,4013,777,3921,4023,4127,1492,521,1289,1085,1570,3203,1643,905,1833],"class_list":["post-35779","post","type-post","status-publish","format-standard","has-post-thumbnail","hentry","category-mini-lecteur","tag-18-ans-et-plus","tag-2024-sera-classique-aussi","tag-amour","tag-apres-guerre","tag-challenge-pages-de-la-grande-guerre-2024","tag-colette","tag-condition-de-la-femme","tag-depression","tag-drame","tag-lecture-adulte","tag-mariage","tag-premiere-guerre-mondiale","tag-roman-court","tag-romans-adulte","tag-suicide","post-preview"],"jetpack_featured_media_url":"https:\/\/i0.wp.com\/www.jojoenherbe.com\/wp-content\/uploads\/2024\/03\/La-fin-de-Cheri-scaled.jpg?fit=2560%2C2045&ssl=1","jetpack_sharing_enabled":true,"jetpack_shortlink":"https:\/\/wp.me\/p9zhGx-9j5","jetpack_likes_enabled":true,"jetpack-related-posts":[{"id":34827,"url":"https:\/\/www.jojoenherbe.com\/index.php\/2024\/02\/19\/au-fil-des-pages-avec-cheri\/","url_meta":{"origin":35779,"position":0},"title":"Au fil des pages avec Ch\u00e9ri","author":"Jojo","date":"19 f\u00e9vrier 2024","format":false,"excerpt":"Pour une lecture commune avec Nathalie et Isabelle dans le cadre du challenge 2024 sera classique aussi!, le mois de f\u00e9vrier 2024 \u00e9tant d\u00e9di\u00e9 aux classiques fran\u00e7ais, j'ai relu Ch\u00e9ri de Colette (\u00e9d. Le Livre de poche, n\u00b036557, avril 2023, 282 pages), un roman paru pour la premi\u00e8re fois en\u2026","rel":"","context":"Dans &quot;Mini lecteur&quot;","block_context":{"text":"Mini lecteur","link":"https:\/\/www.jojoenherbe.com\/index.php\/category\/mini-lecteur\/"},"img":{"alt_text":"","src":"https:\/\/i0.wp.com\/www.jojoenherbe.com\/wp-content\/uploads\/2024\/02\/Cheri-scaled.jpg?fit=1200%2C836&ssl=1&resize=350%2C200","width":350,"height":200,"srcset":"https:\/\/i0.wp.com\/www.jojoenherbe.com\/wp-content\/uploads\/2024\/02\/Cheri-scaled.jpg?fit=1200%2C836&ssl=1&resize=350%2C200 1x, https:\/\/i0.wp.com\/www.jojoenherbe.com\/wp-content\/uploads\/2024\/02\/Cheri-scaled.jpg?fit=1200%2C836&ssl=1&resize=525%2C300 1.5x, https:\/\/i0.wp.com\/www.jojoenherbe.com\/wp-content\/uploads\/2024\/02\/Cheri-scaled.jpg?fit=1200%2C836&ssl=1&resize=700%2C400 2x, https:\/\/i0.wp.com\/www.jojoenherbe.com\/wp-content\/uploads\/2024\/02\/Cheri-scaled.jpg?fit=1200%2C836&ssl=1&resize=1050%2C600 3x"},"classes":[]},{"id":38199,"url":"https:\/\/www.jojoenherbe.com\/index.php\/2025\/01\/26\/au-fil-des-pages-avec-la-neige-etait-sale\/","url_meta":{"origin":35779,"position":1},"title":"Au fil des pages avec La neige \u00e9tait sale","author":"Jojo","date":"26 janvier 2025","format":false,"excerpt":"J'ai lu, cette semaine, en version num\u00e9rique via ma m\u00e9diath\u00e8que La neige \u00e9tait sale de Jean-Luc Fromental et Bernard Yslaire (\u00e9d. Dargaud, janvier 2024, 104 pages),\u00a0 une BD adulte adaptant le roman \u00e9ponyme de Georges Simenon paru pour la premi\u00e8re fois en 1948 avec la d\u00e9ch\u00e9ance de Frank Friedmaier, \u00e2g\u00e9\u2026","rel":"","context":"Dans &quot;Mini lecteur&quot;","block_context":{"text":"Mini lecteur","link":"https:\/\/www.jojoenherbe.com\/index.php\/category\/mini-lecteur\/"},"img":{"alt_text":"","src":"https:\/\/i0.wp.com\/www.jojoenherbe.com\/wp-content\/uploads\/2025\/01\/La-neige-etait-sale-BD.jpg?fit=750%2C1039&ssl=1&resize=350%2C200","width":350,"height":200,"srcset":"https:\/\/i0.wp.com\/www.jojoenherbe.com\/wp-content\/uploads\/2025\/01\/La-neige-etait-sale-BD.jpg?fit=750%2C1039&ssl=1&resize=350%2C200 1x, https:\/\/i0.wp.com\/www.jojoenherbe.com\/wp-content\/uploads\/2025\/01\/La-neige-etait-sale-BD.jpg?fit=750%2C1039&ssl=1&resize=525%2C300 1.5x, https:\/\/i0.wp.com\/www.jojoenherbe.com\/wp-content\/uploads\/2025\/01\/La-neige-etait-sale-BD.jpg?fit=750%2C1039&ssl=1&resize=700%2C400 2x"},"classes":[]},{"id":43845,"url":"https:\/\/www.jojoenherbe.com\/index.php\/2026\/04\/21\/au-fil-des-pages-avec-lhomme-sous-lorage\/","url_meta":{"origin":35779,"position":2},"title":"Au fil des pages avec L&rsquo;homme sous l&rsquo;orage","author":"Jojo","date":"21 avril 2026","format":false,"excerpt":"J'ai lu L\u2019homme sous l\u2019orage de Ga\u00eblle Nohant (\u00e9d. L'Iconoclaste, ao\u00fbt 2025, 350 pages), un roman historique se d\u00e9roulant au cours de l'hiver 1917, dans un riche domaine viticole de l'arri\u00e8re-pays catalan, dans les Pyr\u00e9n\u00e9es, loin du Front qui s'enlise. Un soir d'orage, un visiteur demande asile \u00e0 Isaure Saurel\u2026","rel":"","context":"Dans &quot;Mini lecteur&quot;","block_context":{"text":"Mini lecteur","link":"https:\/\/www.jojoenherbe.com\/index.php\/category\/mini-lecteur\/"},"img":{"alt_text":"","src":"https:\/\/i0.wp.com\/www.jojoenherbe.com\/wp-content\/uploads\/2026\/04\/Lhomme-sous-lorage-scaled.jpeg?fit=1200%2C989&ssl=1&resize=350%2C200","width":350,"height":200,"srcset":"https:\/\/i0.wp.com\/www.jojoenherbe.com\/wp-content\/uploads\/2026\/04\/Lhomme-sous-lorage-scaled.jpeg?fit=1200%2C989&ssl=1&resize=350%2C200 1x, https:\/\/i0.wp.com\/www.jojoenherbe.com\/wp-content\/uploads\/2026\/04\/Lhomme-sous-lorage-scaled.jpeg?fit=1200%2C989&ssl=1&resize=525%2C300 1.5x, https:\/\/i0.wp.com\/www.jojoenherbe.com\/wp-content\/uploads\/2026\/04\/Lhomme-sous-lorage-scaled.jpeg?fit=1200%2C989&ssl=1&resize=700%2C400 2x, https:\/\/i0.wp.com\/www.jojoenherbe.com\/wp-content\/uploads\/2026\/04\/Lhomme-sous-lorage-scaled.jpeg?fit=1200%2C989&ssl=1&resize=1050%2C600 3x"},"classes":[]},{"id":35130,"url":"https:\/\/www.jojoenherbe.com\/index.php\/2024\/03\/11\/point-lecture-hebdomadaire-2024-10\/","url_meta":{"origin":35779,"position":3},"title":"Point lecture hebdomadaire 2024 #10","author":"Jojo","date":"11 mars 2024","format":false,"excerpt":"En ce d\u00e9but de semaine, voici mon point lecture hebdomadaire avec un retour sur nos lectures de la semaine derni\u00e8re (mais pas nos relectures). J'ai moins lu cette semaine ayant profit\u00e9 d'\u00eatre en famille. Nos lectures du 4 au 10 mars 2024: Des lectures jeunesse: (Album jeunesse) Mon voyage \u00e0\u2026","rel":"","context":"Dans &quot;Mini blogueur&quot;","block_context":{"text":"Mini blogueur","link":"https:\/\/www.jojoenherbe.com\/index.php\/category\/mini-blogueur\/"},"img":{"alt_text":"","src":"https:\/\/i0.wp.com\/www.jojoenherbe.com\/wp-content\/uploads\/2024\/03\/Point-lecture-hebdo-2024-10-scaled.jpg?fit=1200%2C669&ssl=1&resize=350%2C200","width":350,"height":200,"srcset":"https:\/\/i0.wp.com\/www.jojoenherbe.com\/wp-content\/uploads\/2024\/03\/Point-lecture-hebdo-2024-10-scaled.jpg?fit=1200%2C669&ssl=1&resize=350%2C200 1x, https:\/\/i0.wp.com\/www.jojoenherbe.com\/wp-content\/uploads\/2024\/03\/Point-lecture-hebdo-2024-10-scaled.jpg?fit=1200%2C669&ssl=1&resize=525%2C300 1.5x, https:\/\/i0.wp.com\/www.jojoenherbe.com\/wp-content\/uploads\/2024\/03\/Point-lecture-hebdo-2024-10-scaled.jpg?fit=1200%2C669&ssl=1&resize=700%2C400 2x, https:\/\/i0.wp.com\/www.jojoenherbe.com\/wp-content\/uploads\/2024\/03\/Point-lecture-hebdo-2024-10-scaled.jpg?fit=1200%2C669&ssl=1&resize=1050%2C600 3x"},"classes":[]},{"id":38158,"url":"https:\/\/www.jojoenherbe.com\/index.php\/2025\/01\/23\/au-fil-des-pages-avec-laffaire-des-fees-de-cottingley\/","url_meta":{"origin":35779,"position":4},"title":"Au fil des pages avec L&rsquo;affaire des f\u00e9es de Cottingley","author":"Jojo","date":"23 janvier 2025","format":false,"excerpt":"J\u2019ai lu L\u2019affaire des f\u00e9es de Cottingley de Natacha Henry (\u00e9d. Rageot, ao\u00fbt 2020, 192 pages), un roman jeunesse pour adolescents, l\u2019autrice s\u2019inspirant de faits r\u00e9els, \u00e0 savoir les photographies prises par une adolescente de 16 ans, Elsie Wright et sa cousine de 9 ans, Frances Griffith, \u00e0 l\u2019\u00e9t\u00e9 1917,\u2026","rel":"","context":"Dans &quot;Mini lecteur&quot;","block_context":{"text":"Mini lecteur","link":"https:\/\/www.jojoenherbe.com\/index.php\/category\/mini-lecteur\/"},"img":{"alt_text":"","src":"https:\/\/i0.wp.com\/www.jojoenherbe.com\/wp-content\/uploads\/2025\/01\/Laffaire-des-fees-de-Cottingley-2-scaled.jpg?fit=1200%2C979&ssl=1&resize=350%2C200","width":350,"height":200,"srcset":"https:\/\/i0.wp.com\/www.jojoenherbe.com\/wp-content\/uploads\/2025\/01\/Laffaire-des-fees-de-Cottingley-2-scaled.jpg?fit=1200%2C979&ssl=1&resize=350%2C200 1x, https:\/\/i0.wp.com\/www.jojoenherbe.com\/wp-content\/uploads\/2025\/01\/Laffaire-des-fees-de-Cottingley-2-scaled.jpg?fit=1200%2C979&ssl=1&resize=525%2C300 1.5x, https:\/\/i0.wp.com\/www.jojoenherbe.com\/wp-content\/uploads\/2025\/01\/Laffaire-des-fees-de-Cottingley-2-scaled.jpg?fit=1200%2C979&ssl=1&resize=700%2C400 2x, https:\/\/i0.wp.com\/www.jojoenherbe.com\/wp-content\/uploads\/2025\/01\/Laffaire-des-fees-de-Cottingley-2-scaled.jpg?fit=1200%2C979&ssl=1&resize=1050%2C600 3x"},"classes":[]},{"id":33111,"url":"https:\/\/www.jojoenherbe.com\/index.php\/2023\/11\/30\/au-fil-des-pages-avec-comme-si-nous-etions-des-fantomes\/","url_meta":{"origin":35779,"position":5},"title":"Au fil des pages avec Comme si nous \u00e9tions des fant\u00f4mes","author":"Jojo","date":"30 novembre 2023","format":false,"excerpt":"J'ai lu, pendant le week-end du 11 novembre, Comme si nous \u00e9tions des fant\u00f4mes de Philip Gray (\u00e9d. Sonatine, septembre 2023, 504 pages), un thriller historique se d\u00e9roulant au lendemain de la 1\u00e8re Guerre mondiale et premier roman de l'auteur. En mars 1919, pr\u00e8s d'Amiens, une jeune lady anglaise, Amy\u2026","rel":"","context":"Dans &quot;Mini lecteur&quot;","block_context":{"text":"Mini lecteur","link":"https:\/\/www.jojoenherbe.com\/index.php\/category\/mini-lecteur\/"},"img":{"alt_text":"","src":"https:\/\/i0.wp.com\/www.jojoenherbe.com\/wp-content\/uploads\/2023\/11\/Comme-si-nous-etions-des-fantomes.jpg?fit=675%2C1200&ssl=1&resize=350%2C200","width":350,"height":200,"srcset":"https:\/\/i0.wp.com\/www.jojoenherbe.com\/wp-content\/uploads\/2023\/11\/Comme-si-nous-etions-des-fantomes.jpg?fit=675%2C1200&ssl=1&resize=350%2C200 1x, https:\/\/i0.wp.com\/www.jojoenherbe.com\/wp-content\/uploads\/2023\/11\/Comme-si-nous-etions-des-fantomes.jpg?fit=675%2C1200&ssl=1&resize=525%2C300 1.5x"},"classes":[]}],"_links":{"self":[{"href":"https:\/\/www.jojoenherbe.com\/index.php\/wp-json\/wp\/v2\/posts\/35779","targetHints":{"allow":["GET"]}}],"collection":[{"href":"https:\/\/www.jojoenherbe.com\/index.php\/wp-json\/wp\/v2\/posts"}],"about":[{"href":"https:\/\/www.jojoenherbe.com\/index.php\/wp-json\/wp\/v2\/types\/post"}],"author":[{"embeddable":true,"href":"https:\/\/www.jojoenherbe.com\/index.php\/wp-json\/wp\/v2\/users\/1"}],"replies":[{"embeddable":true,"href":"https:\/\/www.jojoenherbe.com\/index.php\/wp-json\/wp\/v2\/comments?post=35779"}],"version-history":[{"count":5,"href":"https:\/\/www.jojoenherbe.com\/index.php\/wp-json\/wp\/v2\/posts\/35779\/revisions"}],"predecessor-version":[{"id":35789,"href":"https:\/\/www.jojoenherbe.com\/index.php\/wp-json\/wp\/v2\/posts\/35779\/revisions\/35789"}],"wp:featuredmedia":[{"embeddable":true,"href":"https:\/\/www.jojoenherbe.com\/index.php\/wp-json\/wp\/v2\/media\/35151"}],"wp:attachment":[{"href":"https:\/\/www.jojoenherbe.com\/index.php\/wp-json\/wp\/v2\/media?parent=35779"}],"wp:term":[{"taxonomy":"category","embeddable":true,"href":"https:\/\/www.jojoenherbe.com\/index.php\/wp-json\/wp\/v2\/categories?post=35779"},{"taxonomy":"post_tag","embeddable":true,"href":"https:\/\/www.jojoenherbe.com\/index.php\/wp-json\/wp\/v2\/tags?post=35779"}],"curies":[{"name":"wp","href":"https:\/\/api.w.org\/{rel}","templated":true}]}}