{"id":35521,"date":"2024-04-05T06:00:00","date_gmt":"2024-04-05T04:00:00","guid":{"rendered":"https:\/\/www.jojoenherbe.com\/?p=35521"},"modified":"2024-04-19T18:29:45","modified_gmt":"2024-04-19T16:29:45","slug":"rat-du-mois-au-japon-2024","status":"publish","type":"post","link":"https:\/\/www.jojoenherbe.com\/index.php\/2024\/04\/05\/rat-du-mois-au-japon-2024\/","title":{"rendered":"RAT du Mois au Japon 2024"},"content":{"rendered":"<p style=\"text-align: justify;\"><em>Nous finissons cette premi\u00e8re semaine d&rsquo;avril avec un read-a-thon du 5 avril au 7 avril 2024 minuit, ce marathon de lectures (mais pas que) \u00e9tant coorganis\u00e9 par <a href=\"https:\/\/lelivroblog.fr\/2024\/04\/01\/un-mois-au-japon-2024-septieme-edition-presentation-et-recapitulatif\/\">Hilde<\/a> et <a href=\"http:\/\/www.myloubook.com\/2024\/04\/01\/un-mois-au-japon-2024-septieme-edition\/\">Lou<\/a> dans le cadre de leur challenge Un Mois au Japon 2024. Ce sera l&rsquo;occasion d&rsquo;une escale livresque au Japon et de cuisiner avec la Brigade des Marmitonnes d\u2019<a href=\"https:\/\/ribambelledhistoires.over-blog.com\/\">Isabelle<\/a>. <\/em><\/p>\n<p style=\"text-align: justify;\"><em>Alors que vais-je lire pendant ce RAT?Je suis d\u00e9j\u00e0 pass\u00e9e \u00e0 la m\u00e9diath\u00e8que mardi apr\u00e8s-midi et ai r\u00e9cup\u00e9r\u00e9 quelques titres japonais que ce soit en jeunesse ou en adulte, m\u00eame si j&rsquo;ai cherch\u00e9 en vain dans les rayonnages le tome 3 des <span style=\"text-decoration: underline;\">Carnets de l&rsquo;Apothicaire<\/span>. J&rsquo;ai \u00e9galement quelques titres dans ma liseuse.\u00a0<\/em><\/p>\n<p><a href=\"https:\/\/i0.wp.com\/www.jojoenherbe.com\/wp-content\/uploads\/2024\/04\/Un-Mois-au-Japon-2024-PAL-2-scaled.jpg\"><img data-recalc-dims=\"1\" loading=\"lazy\" decoding=\"async\" data-attachment-id=\"35517\" data-permalink=\"https:\/\/www.jojoenherbe.com\/index.php\/page-d-exemple\/un-mois-au-japon-2024-pal-2\/\" data-orig-file=\"https:\/\/i0.wp.com\/www.jojoenherbe.com\/wp-content\/uploads\/2024\/04\/Un-Mois-au-Japon-2024-PAL-2-scaled.jpg?fit=2560%2C2033&amp;ssl=1\" data-orig-size=\"2560,2033\" data-comments-opened=\"1\" data-image-meta=\"{&quot;aperture&quot;:&quot;1.8&quot;,&quot;credit&quot;:&quot;&quot;,&quot;camera&quot;:&quot;iPhone 7&quot;,&quot;caption&quot;:&quot;&quot;,&quot;created_timestamp&quot;:&quot;1712072858&quot;,&quot;copyright&quot;:&quot;&quot;,&quot;focal_length&quot;:&quot;3.99&quot;,&quot;iso&quot;:&quot;64&quot;,&quot;shutter_speed&quot;:&quot;0.058823529411765&quot;,&quot;title&quot;:&quot;&quot;,&quot;orientation&quot;:&quot;1&quot;}\" data-image-title=\"Un Mois au Japon 2024 &amp;#8211; PAL (2)\" data-image-description=\"\" data-image-caption=\"\" data-large-file=\"https:\/\/i0.wp.com\/www.jojoenherbe.com\/wp-content\/uploads\/2024\/04\/Un-Mois-au-Japon-2024-PAL-2-scaled.jpg?fit=676%2C537&amp;ssl=1\" class=\"aligncenter size-large wp-image-35517\" src=\"https:\/\/i0.wp.com\/www.jojoenherbe.com\/wp-content\/uploads\/2024\/04\/Un-Mois-au-Japon-2024-PAL-2.jpg?resize=676%2C537\" alt=\"\" width=\"676\" height=\"537\" srcset=\"https:\/\/i0.wp.com\/www.jojoenherbe.com\/wp-content\/uploads\/2024\/04\/Un-Mois-au-Japon-2024-PAL-2-scaled.jpg?resize=1024%2C813&amp;ssl=1 1024w, https:\/\/i0.wp.com\/www.jojoenherbe.com\/wp-content\/uploads\/2024\/04\/Un-Mois-au-Japon-2024-PAL-2-scaled.jpg?resize=300%2C238&amp;ssl=1 300w, https:\/\/i0.wp.com\/www.jojoenherbe.com\/wp-content\/uploads\/2024\/04\/Un-Mois-au-Japon-2024-PAL-2-scaled.jpg?resize=768%2C610&amp;ssl=1 768w, https:\/\/i0.wp.com\/www.jojoenherbe.com\/wp-content\/uploads\/2024\/04\/Un-Mois-au-Japon-2024-PAL-2-scaled.jpg?resize=1536%2C1220&amp;ssl=1 1536w, https:\/\/i0.wp.com\/www.jojoenherbe.com\/wp-content\/uploads\/2024\/04\/Un-Mois-au-Japon-2024-PAL-2-scaled.jpg?resize=2048%2C1626&amp;ssl=1 2048w, https:\/\/i0.wp.com\/www.jojoenherbe.com\/wp-content\/uploads\/2024\/04\/Un-Mois-au-Japon-2024-PAL-2-scaled.jpg?resize=676%2C537&amp;ssl=1 676w, https:\/\/i0.wp.com\/www.jojoenherbe.com\/wp-content\/uploads\/2024\/04\/Un-Mois-au-Japon-2024-PAL-2-scaled.jpg?w=1352 1352w\" sizes=\"auto, (max-width: 676px) 100vw, 676px\" \/><\/a><\/p>\n<p style=\"text-align: justify;\"><em>Ce billet de suivi sera actualis\u00e9 tout le long du marathon et sera ponctu\u00e9 aussi par les passages sur les blogs et\/ou r\u00e9seaux sociaux des autres participantes.<\/em><\/p>\n<p style=\"text-align: justify;\"><em>Pour d\u2019autres id\u00e9es autour du Japon (lectures, recettes et autres activit\u00e9s), les autres participantes: <a href=\"https:\/\/lelivroblog.fr\/2024\/04\/05\/journal-de-bord-read-a-thon-un-mois-au-japon-2024\/\">Hilde<\/a>, <a href=\"http:\/\/www.myloubook.com\/2024\/04\/05\/mois-au-japon-2024-rea-a-thon-journal-de-bord\/\">Lou<\/a>, Nathalie (<a href=\"https:\/\/www.instagram.com\/56nath56\/\">IG<\/a>), Tiphanya (stories <a href=\"https:\/\/www.instagram.com\/tiphanya_blog\/\">IG<\/a>), <a href=\"https:\/\/pativore.wordpress.com\/2024\/04\/06\/week-end-a-1000-et-read-a-thon-un-mois-au-japon-avril-2024\/\">Pativore<\/a>&#8230;<\/em><\/p>\n<p><span style=\"text-decoration: underline; color: #e33b8f;\"><em>Vendredi 5 avril 2024<\/em><\/span><\/p>\n<p style=\"text-align: justify;\"><em>En fin d&rsquo;apr\u00e8s-midi, je commence ce read-a-thon par un passage chez les copinautes et r\u00e9seaux sociaux. Lou et Hilde ont d\u00e9j\u00e0 commenc\u00e9 des activit\u00e9s et lectures. Ce soir pour le repas, j&rsquo;ai pr\u00e9vu des gyozas.<\/em><\/p>\n<p style=\"text-align: justify;\"><em><a href=\"https:\/\/i0.wp.com\/www.jojoenherbe.com\/wp-content\/uploads\/2024\/04\/Japorama-2-scaled.jpg\"><img data-recalc-dims=\"1\" loading=\"lazy\" decoding=\"async\" data-attachment-id=\"35587\" data-permalink=\"https:\/\/www.jojoenherbe.com\/index.php\/2024\/04\/05\/rat-du-mois-au-japon-2024\/japorama-2\/\" data-orig-file=\"https:\/\/i0.wp.com\/www.jojoenherbe.com\/wp-content\/uploads\/2024\/04\/Japorama-2-scaled.jpg?fit=2560%2C2290&amp;ssl=1\" data-orig-size=\"2560,2290\" data-comments-opened=\"1\" data-image-meta=\"{&quot;aperture&quot;:&quot;1.8&quot;,&quot;credit&quot;:&quot;&quot;,&quot;camera&quot;:&quot;iPhone 7&quot;,&quot;caption&quot;:&quot;&quot;,&quot;created_timestamp&quot;:&quot;1712428237&quot;,&quot;copyright&quot;:&quot;&quot;,&quot;focal_length&quot;:&quot;3.99&quot;,&quot;iso&quot;:&quot;80&quot;,&quot;shutter_speed&quot;:&quot;0.16666666666667&quot;,&quot;title&quot;:&quot;&quot;,&quot;orientation&quot;:&quot;1&quot;}\" data-image-title=\"Japorama (2)\" data-image-description=\"\" data-image-caption=\"\" data-large-file=\"https:\/\/i0.wp.com\/www.jojoenherbe.com\/wp-content\/uploads\/2024\/04\/Japorama-2-scaled.jpg?fit=676%2C605&amp;ssl=1\" class=\"size-thumbnail wp-image-35587 alignleft\" src=\"https:\/\/i0.wp.com\/www.jojoenherbe.com\/wp-content\/uploads\/2024\/04\/Japorama-2.jpg?resize=150%2C150\" alt=\"\" width=\"150\" height=\"150\" srcset=\"https:\/\/i0.wp.com\/www.jojoenherbe.com\/wp-content\/uploads\/2024\/04\/Japorama-2-scaled.jpg?resize=150%2C150&amp;ssl=1 150w, https:\/\/i0.wp.com\/www.jojoenherbe.com\/wp-content\/uploads\/2024\/04\/Japorama-2-scaled.jpg?zoom=2&amp;resize=150%2C150 300w, https:\/\/i0.wp.com\/www.jojoenherbe.com\/wp-content\/uploads\/2024\/04\/Japorama-2-scaled.jpg?zoom=3&amp;resize=150%2C150 450w\" sizes=\"auto, (max-width: 150px) 100vw, 150px\" \/><\/a>En fin d&rsquo;apr\u00e8s-midi, je lis <span style=\"text-decoration: underline; color: #e33b8f;\">Japorama<\/span> de Marco Reggiani et Sabrina Ferrero (\u00e9d. Casterman Jeunesse, octobre 2019, 224 pages), un documentaire jeunesse \u00e0 partir de 11 ans, entre guide pratique et carnet de voyage. Intrigu\u00e9, mon mini lutin a voulu que je lise \u00e0 voix haute tout en regardant les jolies illustrations. Une bien jolie plong\u00e9e dans la culture japonaise qui donne envie de faire nos bagages!<\/em><\/p>\n<p style=\"text-align: justify;\"><em><a href=\"https:\/\/i0.wp.com\/www.jojoenherbe.com\/wp-content\/uploads\/2024\/04\/RAT-Un-Mois-au-Japon-2024-3-scaled.jpg\"><img data-recalc-dims=\"1\" loading=\"lazy\" decoding=\"async\" data-attachment-id=\"35580\" data-permalink=\"https:\/\/www.jojoenherbe.com\/index.php\/2024\/04\/05\/rat-du-mois-au-japon-2024\/rat-un-mois-au-japon-2024-3\/\" data-orig-file=\"https:\/\/i0.wp.com\/www.jojoenherbe.com\/wp-content\/uploads\/2024\/04\/RAT-Un-Mois-au-Japon-2024-3-scaled.jpg?fit=2560%2C1852&amp;ssl=1\" data-orig-size=\"2560,1852\" data-comments-opened=\"1\" data-image-meta=\"{&quot;aperture&quot;:&quot;1.8&quot;,&quot;credit&quot;:&quot;&quot;,&quot;camera&quot;:&quot;iPhone 7&quot;,&quot;caption&quot;:&quot;&quot;,&quot;created_timestamp&quot;:&quot;1712345461&quot;,&quot;copyright&quot;:&quot;&quot;,&quot;focal_length&quot;:&quot;3.99&quot;,&quot;iso&quot;:&quot;100&quot;,&quot;shutter_speed&quot;:&quot;0.076923076923077&quot;,&quot;title&quot;:&quot;&quot;,&quot;orientation&quot;:&quot;1&quot;}\" data-image-title=\"RAT Un Mois au Japon 2024 (3)\" data-image-description=\"\" data-image-caption=\"\" data-large-file=\"https:\/\/i0.wp.com\/www.jojoenherbe.com\/wp-content\/uploads\/2024\/04\/RAT-Un-Mois-au-Japon-2024-3-scaled.jpg?fit=676%2C489&amp;ssl=1\" class=\"size-thumbnail wp-image-35580 alignright\" src=\"https:\/\/i0.wp.com\/www.jojoenherbe.com\/wp-content\/uploads\/2024\/04\/RAT-Un-Mois-au-Japon-2024-3.jpg?resize=150%2C150\" alt=\"\" width=\"150\" height=\"150\" srcset=\"https:\/\/i0.wp.com\/www.jojoenherbe.com\/wp-content\/uploads\/2024\/04\/RAT-Un-Mois-au-Japon-2024-3-scaled.jpg?resize=150%2C150&amp;ssl=1 150w, https:\/\/i0.wp.com\/www.jojoenherbe.com\/wp-content\/uploads\/2024\/04\/RAT-Un-Mois-au-Japon-2024-3-scaled.jpg?zoom=2&amp;resize=150%2C150 300w, https:\/\/i0.wp.com\/www.jojoenherbe.com\/wp-content\/uploads\/2024\/04\/RAT-Un-Mois-au-Japon-2024-3-scaled.jpg?zoom=3&amp;resize=150%2C150 450w\" sizes=\"auto, (max-width: 150px) 100vw, 150px\" \/><\/a>Puis apr\u00e8s un repas de gyozas, <\/em><em>j&rsquo;avais pr\u00e9vu au d\u00e9part de lire, en soir\u00e9e, <span style=\"text-decoration: underline;\">Contes merveilleux du printemps<\/span>. Mais finalement, j&rsquo;ai surf\u00e9 sur Internet pour en savoir plus sur Tsukimi, la f\u00eate de la pleine lune et la l\u00e9gende japonaise selon laquelle la lune est habit\u00e9e par un lapin. Cela m&rsquo;a d&rsquo;ailleurs fait penser \u00e0 une estampe japonaise de <span class=\"x193iq5w xeuugli x13faqbe x1vvkbs x1xmvt09 x1lliihq x1s928wv xhkezso x1gmr53x x1cpjm7i x1fgarty x1943h6x xudqn12 x3x7a5m x6prxxf xvq8zen xo1l8bm xzsf02u x1yc453h\" dir=\"auto\">Toshiyuki Enoki<\/span> que <a href=\"http:\/\/biblio-jeunesse.over-blog.com\/\">Kiona<\/a> a partag\u00e9e sur le groupe FB. J&rsquo;ai en particulier lu cet article fort int\u00e9ressant sur cette f\u00eate: <a href=\"https:\/\/www.journaldujapon.com\/2021\/10\/05\/tsukimi-et-lapins-sur-la-lune\/\">ici<\/a>. J&rsquo;ai ainsi rep\u00e9r\u00e9 quelques prochaines lectures comme par exemple <span style=\"text-decoration: underline;\">Le gar\u00e7on de la Lune<\/span> de Lee Young-Lou (\u00e9d. Clair de Lune, d\u00e9cembre 2009, 174 pages), un manga class\u00e9 \u00e0 partir de 12 ans par ma m\u00e9diath\u00e8que. <br \/><\/em><\/p>\n<div class=\"tiled-gallery type-rectangular tiled-gallery-unresized\" data-original-width=\"676\" data-carousel-extra='{&quot;blog_id&quot;:1,&quot;permalink&quot;:&quot;https:\\\/\\\/www.jojoenherbe.com\\\/index.php\\\/2024\\\/04\\\/05\\\/rat-du-mois-au-japon-2024\\\/&quot;,&quot;likes_blog_id&quot;:141396489}' itemscope itemtype=\"http:\/\/schema.org\/ImageGallery\" > <div class=\"gallery-row\" style=\"width: 676px; height: 336px;\" data-original-width=\"676\" data-original-height=\"336\" > <div class=\"gallery-group images-1\" style=\"width: 447px; height: 336px;\" data-original-width=\"447\" data-original-height=\"336\" > <div class=\"tiled-gallery-item tiled-gallery-item-large\" itemprop=\"associatedMedia\" itemscope itemtype=\"http:\/\/schema.org\/ImageObject\"> <a href=\"https:\/\/www.jojoenherbe.com\/index.php\/2024\/04\/05\/rat-du-mois-au-japon-2024\/japorama-3\/\" border=\"0\" itemprop=\"url\"> <meta itemprop=\"width\" content=\"443\"> <meta itemprop=\"height\" content=\"332\"> <img decoding=\"async\" class=\"\" data-attachment-id=\"35588\" data-orig-file=\"https:\/\/www.jojoenherbe.com\/wp-content\/uploads\/2024\/04\/Japorama-3-scaled.jpg\" data-orig-size=\"2560,1920\" data-comments-opened=\"1\" data-image-meta=\"{&quot;aperture&quot;:&quot;1.8&quot;,&quot;credit&quot;:&quot;&quot;,&quot;camera&quot;:&quot;iPhone 7&quot;,&quot;caption&quot;:&quot;&quot;,&quot;created_timestamp&quot;:&quot;1712428168&quot;,&quot;copyright&quot;:&quot;&quot;,&quot;focal_length&quot;:&quot;3.99&quot;,&quot;iso&quot;:&quot;125&quot;,&quot;shutter_speed&quot;:&quot;0.25&quot;,&quot;title&quot;:&quot;&quot;,&quot;orientation&quot;:&quot;1&quot;}\" data-image-title=\"Japorama (3)\" data-image-description=\"\" data-medium-file=\"https:\/\/i0.wp.com\/www.jojoenherbe.com\/wp-content\/uploads\/2024\/04\/Japorama-3-scaled.jpg?fit=300%2C225&#038;ssl=1\" data-large-file=\"https:\/\/i0.wp.com\/www.jojoenherbe.com\/wp-content\/uploads\/2024\/04\/Japorama-3-scaled.jpg?fit=676%2C507&#038;ssl=1\" src=\"https:\/\/i0.wp.com\/www.jojoenherbe.com\/wp-content\/uploads\/2024\/04\/Japorama-3-scaled.jpg?w=443&#038;h=332&#038;ssl=1\" srcset=\"https:\/\/i0.wp.com\/www.jojoenherbe.com\/wp-content\/uploads\/2024\/04\/Japorama-3-scaled.jpg?w=2560&amp;ssl=1 2560w, https:\/\/i0.wp.com\/www.jojoenherbe.com\/wp-content\/uploads\/2024\/04\/Japorama-3-scaled.jpg?resize=300%2C225&amp;ssl=1 300w, https:\/\/i0.wp.com\/www.jojoenherbe.com\/wp-content\/uploads\/2024\/04\/Japorama-3-scaled.jpg?resize=1024%2C768&amp;ssl=1 1024w, https:\/\/i0.wp.com\/www.jojoenherbe.com\/wp-content\/uploads\/2024\/04\/Japorama-3-scaled.jpg?resize=768%2C576&amp;ssl=1 768w, https:\/\/i0.wp.com\/www.jojoenherbe.com\/wp-content\/uploads\/2024\/04\/Japorama-3-scaled.jpg?resize=1536%2C1152&amp;ssl=1 1536w, https:\/\/i0.wp.com\/www.jojoenherbe.com\/wp-content\/uploads\/2024\/04\/Japorama-3-scaled.jpg?resize=2048%2C1536&amp;ssl=1 2048w, https:\/\/i0.wp.com\/www.jojoenherbe.com\/wp-content\/uploads\/2024\/04\/Japorama-3-scaled.jpg?resize=676%2C507&amp;ssl=1 676w, https:\/\/i0.wp.com\/www.jojoenherbe.com\/wp-content\/uploads\/2024\/04\/Japorama-3-scaled.jpg?w=1352 1352w\" width=\"443\" height=\"332\" loading=\"lazy\" data-original-width=\"443\" data-original-height=\"332\" itemprop=\"http:\/\/schema.org\/image\" title=\"Japorama (3)\" alt=\"Japorama (3)\" style=\"width: 443px; height: 332px;\" \/> <\/a> <\/div> <\/div> <!-- close group --> <div class=\"gallery-group images-1\" style=\"width: 229px; height: 336px;\" data-original-width=\"229\" data-original-height=\"336\" > <div class=\"tiled-gallery-item tiled-gallery-item-small\" itemprop=\"associatedMedia\" itemscope itemtype=\"http:\/\/schema.org\/ImageObject\"> <a href=\"https:\/\/www.jojoenherbe.com\/index.php\/2024\/04\/05\/rat-du-mois-au-japon-2024\/toshiyuki-enoki-estampe\/\" border=\"0\" itemprop=\"url\"> <meta itemprop=\"width\" content=\"225\"> <meta itemprop=\"height\" content=\"332\"> <img decoding=\"async\" class=\"\" data-attachment-id=\"35589\" data-orig-file=\"https:\/\/www.jojoenherbe.com\/wp-content\/uploads\/2024\/04\/Toshiyuki-Enoki-estampe.jpg\" data-orig-size=\"649,960\" data-comments-opened=\"1\" data-image-meta=\"{&quot;aperture&quot;:&quot;0&quot;,&quot;credit&quot;:&quot;&quot;,&quot;camera&quot;:&quot;&quot;,&quot;caption&quot;:&quot;&quot;,&quot;created_timestamp&quot;:&quot;0&quot;,&quot;copyright&quot;:&quot;&quot;,&quot;focal_length&quot;:&quot;0&quot;,&quot;iso&quot;:&quot;0&quot;,&quot;shutter_speed&quot;:&quot;0&quot;,&quot;title&quot;:&quot;&quot;,&quot;orientation&quot;:&quot;0&quot;}\" data-image-title=\"Toshiyuki Enoki &amp;#8211; estampe\" data-image-description=\"\" data-medium-file=\"https:\/\/i0.wp.com\/www.jojoenherbe.com\/wp-content\/uploads\/2024\/04\/Toshiyuki-Enoki-estampe.jpg?fit=203%2C300&#038;ssl=1\" data-large-file=\"https:\/\/i0.wp.com\/www.jojoenherbe.com\/wp-content\/uploads\/2024\/04\/Toshiyuki-Enoki-estampe.jpg?fit=649%2C960&#038;ssl=1\" src=\"https:\/\/i0.wp.com\/www.jojoenherbe.com\/wp-content\/uploads\/2024\/04\/Toshiyuki-Enoki-estampe.jpg?w=225&#038;h=332&#038;ssl=1\" srcset=\"https:\/\/i0.wp.com\/www.jojoenherbe.com\/wp-content\/uploads\/2024\/04\/Toshiyuki-Enoki-estampe.jpg?w=649&amp;ssl=1 649w, https:\/\/i0.wp.com\/www.jojoenherbe.com\/wp-content\/uploads\/2024\/04\/Toshiyuki-Enoki-estampe.jpg?resize=203%2C300&amp;ssl=1 203w\" width=\"225\" height=\"332\" loading=\"lazy\" data-original-width=\"225\" data-original-height=\"332\" itemprop=\"http:\/\/schema.org\/image\" title=\"Toshiyuki Enoki - estampe\" alt=\"Toshiyuki Enoki - estampe\" style=\"width: 225px; height: 332px;\" \/> <\/a> <\/div> <\/div> <!-- close group --> <\/div> <!-- close row --> <\/div>\n<p><span style=\"text-decoration: underline; color: #e33b8f;\"><em>Samedi 6 avril 2024<\/em><\/span><\/p>\n<p style=\"text-align: justify;\"><em>Ce n&rsquo;est que ce matin que je lis <span style=\"color: #e33b8f;\"><span style=\"text-decoration: underline;\">Contes merveilleux du<\/span><span style=\"text-decoration: underline;\"> printemps<\/span><\/span> de Monday Recover, d&rsquo;apr\u00e8s l\u2019\u0153uvre originale de Shuang-tsu Yang\u00a0 (\u00e9d. Maho, mai 2022), un manga \u00e0 partir de 10 ans selon l&rsquo;\u00e9diteur mais je dirai, vu les th\u00e8mes abord\u00e9s, \u00e0 partir de 16 ans, certaines librairies le classant en mature sh\u00f4jo. Contrairement \u00e0 ce que je m&rsquo;attendais en lisant le titre, le r\u00e9sum\u00e9 de 4e couverture et l&rsquo;illustration tr\u00e8s color\u00e9e, joyeuse et printani\u00e8re du manga, les 4 nouvelles sont bien plus sombres et abordent, avec une grande part surnaturelle, des romances lesbiennes \u00e0 travers des femmes de la famille Lin, des expatri\u00e9s chinois \u00e0 Ta\u00efwan, qui ont le don de pouvoir voir les fant\u00f4mes. Les 3 premi\u00e8res se passent en 1936 et la derni\u00e8re, plus l\u00e9g\u00e8re, \u00e0 notre \u00e9poque. <br \/><\/em><\/p>\n<p style=\"text-align: justify;\"><em>Il est temps d&rsquo;aller pr\u00e9parer le d\u00e9jeuner. Ce sera des cr\u00eapes accompagn\u00e9es de frites et de cidre (du jus d&rsquo;orange bien s\u00fbr pour le mini lutin). Puis je suis all\u00e9e \u00e0 la m\u00e9diath\u00e8que avec ma petite liste de lectures s\u00e9lectionn\u00e9es hier soir, suite \u00e0 notre lecture de <span style=\"text-decoration: underline;\">Joparama<\/span> et des id\u00e9es lecture rep\u00e9r\u00e9es chez les autres participantes comme par exemple le livre d&rsquo;art des \u00e9ditions Hazan chez Hilde. <br \/><\/em><\/p>\n<p style=\"text-align: justify;\"><em><a href=\"https:\/\/i0.wp.com\/www.jojoenherbe.com\/wp-content\/uploads\/2024\/04\/Extraits-livres-sakura-scaled.jpg\"><img data-recalc-dims=\"1\" loading=\"lazy\" decoding=\"async\" data-attachment-id=\"35586\" data-permalink=\"https:\/\/www.jojoenherbe.com\/index.php\/2024\/04\/05\/rat-du-mois-au-japon-2024\/extraits-livres-sakura\/\" data-orig-file=\"https:\/\/i0.wp.com\/www.jojoenherbe.com\/wp-content\/uploads\/2024\/04\/Extraits-livres-sakura-scaled.jpg?fit=2244%2C2560&amp;ssl=1\" data-orig-size=\"2244,2560\" data-comments-opened=\"1\" data-image-meta=\"{&quot;aperture&quot;:&quot;1.8&quot;,&quot;credit&quot;:&quot;&quot;,&quot;camera&quot;:&quot;iPhone 7&quot;,&quot;caption&quot;:&quot;&quot;,&quot;created_timestamp&quot;:&quot;1712424578&quot;,&quot;copyright&quot;:&quot;&quot;,&quot;focal_length&quot;:&quot;3.99&quot;,&quot;iso&quot;:&quot;40&quot;,&quot;shutter_speed&quot;:&quot;0.01&quot;,&quot;title&quot;:&quot;&quot;,&quot;orientation&quot;:&quot;1&quot;}\" data-image-title=\"Extraits livres sakura\" data-image-description=\"\" data-image-caption=\"\" data-large-file=\"https:\/\/i0.wp.com\/www.jojoenherbe.com\/wp-content\/uploads\/2024\/04\/Extraits-livres-sakura-scaled.jpg?fit=676%2C771&amp;ssl=1\" class=\"size-medium wp-image-35586 alignleft\" src=\"https:\/\/i0.wp.com\/www.jojoenherbe.com\/wp-content\/uploads\/2024\/04\/Extraits-livres-sakura.jpg?resize=263%2C300\" alt=\"\" width=\"263\" height=\"300\" srcset=\"https:\/\/i0.wp.com\/www.jojoenherbe.com\/wp-content\/uploads\/2024\/04\/Extraits-livres-sakura-scaled.jpg?resize=263%2C300&amp;ssl=1 263w, https:\/\/i0.wp.com\/www.jojoenherbe.com\/wp-content\/uploads\/2024\/04\/Extraits-livres-sakura-scaled.jpg?resize=898%2C1024&amp;ssl=1 898w, https:\/\/i0.wp.com\/www.jojoenherbe.com\/wp-content\/uploads\/2024\/04\/Extraits-livres-sakura-scaled.jpg?resize=768%2C876&amp;ssl=1 768w, https:\/\/i0.wp.com\/www.jojoenherbe.com\/wp-content\/uploads\/2024\/04\/Extraits-livres-sakura-scaled.jpg?resize=1347%2C1536&amp;ssl=1 1347w, https:\/\/i0.wp.com\/www.jojoenherbe.com\/wp-content\/uploads\/2024\/04\/Extraits-livres-sakura-scaled.jpg?resize=1795%2C2048&amp;ssl=1 1795w, https:\/\/i0.wp.com\/www.jojoenherbe.com\/wp-content\/uploads\/2024\/04\/Extraits-livres-sakura-scaled.jpg?resize=676%2C771&amp;ssl=1 676w, https:\/\/i0.wp.com\/www.jojoenherbe.com\/wp-content\/uploads\/2024\/04\/Extraits-livres-sakura-scaled.jpg?w=2028 2028w\" sizes=\"auto, (max-width: 263px) 100vw, 263px\" \/><\/a>A mon retour, apr\u00e8s un go\u00fbter de cr\u00eapes sucr\u00e9es, j&rsquo;ai pioch\u00e9 dans les documentaires, estampes japonaises et r\u00e9cits du folklore japonais mettant en avant les <span style=\"color: #e33b8f;\">fleurs de cerisiers<\/span>. J&rsquo;ai d&rsquo;ailleurs pris une photo de cet instant livresque \u00ab\u00a0<span style=\"color: #e33b8f;\">Sakura<\/span>\u00ab\u00a0. Parmi ces derniers ouvrages emprunt\u00e9s, il y a des extraits suivants:<\/em><\/p>\n<ul>\n<li style=\"text-align: justify;\"><em>du coffret <span style=\"text-decoration: underline; color: #e33b8f;\">La lune par les grands ma\u00eetres de l&rsquo;estampe japonaise<\/span> d&rsquo;Anne Sefrioui (\u00e9d. Hazan, octobre 2021, 186 pages), un livre accord\u00e9on aux magnifiques estampes ayant pour th\u00e8me commun la lune et accompagn\u00e9 d&rsquo;un livret en noir et blanc des estampes imprim\u00e9es. Un magnifique livre d&rsquo;art que j&rsquo;ai d\u00e9roul\u00e9 d\u00e9licatement!<\/em><\/li>\n<li style=\"text-align: justify;\"><em><span style=\"text-decoration: underline; color: #e33b8f;\"><a href=\"https:\/\/i0.wp.com\/www.jojoenherbe.com\/wp-content\/uploads\/2024\/04\/Esprits-Creatures-du-Japon-scaled.jpg\"><img data-recalc-dims=\"1\" loading=\"lazy\" decoding=\"async\" data-attachment-id=\"35613\" data-permalink=\"https:\/\/www.jojoenherbe.com\/index.php\/2024\/04\/05\/rat-du-mois-au-japon-2024\/esprits-creatures-du-japon\/\" data-orig-file=\"https:\/\/i0.wp.com\/www.jojoenherbe.com\/wp-content\/uploads\/2024\/04\/Esprits-Creatures-du-Japon-scaled.jpg?fit=2560%2C2082&amp;ssl=1\" data-orig-size=\"2560,2082\" data-comments-opened=\"1\" data-image-meta=\"{&quot;aperture&quot;:&quot;1.8&quot;,&quot;credit&quot;:&quot;&quot;,&quot;camera&quot;:&quot;iPhone 7&quot;,&quot;caption&quot;:&quot;&quot;,&quot;created_timestamp&quot;:&quot;1712520042&quot;,&quot;copyright&quot;:&quot;&quot;,&quot;focal_length&quot;:&quot;3.99&quot;,&quot;iso&quot;:&quot;100&quot;,&quot;shutter_speed&quot;:&quot;0.25&quot;,&quot;title&quot;:&quot;&quot;,&quot;orientation&quot;:&quot;1&quot;}\" data-image-title=\"Esprits &amp;#038; Cr\u00e9atures du Japon\" data-image-description=\"\" data-image-caption=\"\" data-large-file=\"https:\/\/i0.wp.com\/www.jojoenherbe.com\/wp-content\/uploads\/2024\/04\/Esprits-Creatures-du-Japon-scaled.jpg?fit=676%2C550&amp;ssl=1\" class=\"size-thumbnail wp-image-35613 alignright\" src=\"https:\/\/i0.wp.com\/www.jojoenherbe.com\/wp-content\/uploads\/2024\/04\/Esprits-Creatures-du-Japon.jpg?resize=150%2C150\" alt=\"\" width=\"150\" height=\"150\" srcset=\"https:\/\/i0.wp.com\/www.jojoenherbe.com\/wp-content\/uploads\/2024\/04\/Esprits-Creatures-du-Japon-scaled.jpg?resize=150%2C150&amp;ssl=1 150w, https:\/\/i0.wp.com\/www.jojoenherbe.com\/wp-content\/uploads\/2024\/04\/Esprits-Creatures-du-Japon-scaled.jpg?zoom=2&amp;resize=150%2C150 300w, https:\/\/i0.wp.com\/www.jojoenherbe.com\/wp-content\/uploads\/2024\/04\/Esprits-Creatures-du-Japon-scaled.jpg?zoom=3&amp;resize=150%2C150 450w\" sizes=\"auto, (max-width: 150px) 100vw, 150px\" \/><\/a>Esprits &amp; cr\u00e9atures du Japon<\/span> de Lafcasio Hearn et Benjamin Lacombe (\u00e9d. du Soleil, coll. M\u00e9tamorphose, d\u00e9cembre 2020, 172 pages), un recueil de nouvelles magnifiquement illustr\u00e9 et que j&rsquo;avais d\u00e9j\u00e0 eu le plaisir d&#8217;emprunter, comme par exemple <span style=\"text-decoration: underline; color: #e33b8f;\">Le cerisier du seizi\u00e8me jour<\/span> que j&rsquo;ai relu.<br \/><\/em><\/li>\n<li style=\"text-align: justify;\"><em><span style=\"text-decoration: underline; color: #e33b8f;\"><a href=\"https:\/\/i0.wp.com\/www.jojoenherbe.com\/wp-content\/uploads\/2024\/04\/Cerisiers-du-Japon-scaled.jpg\"><img data-recalc-dims=\"1\" loading=\"lazy\" decoding=\"async\" data-attachment-id=\"35612\" data-permalink=\"https:\/\/www.jojoenherbe.com\/index.php\/2024\/04\/05\/rat-du-mois-au-japon-2024\/cerisiers-du-japon\/\" data-orig-file=\"https:\/\/i0.wp.com\/www.jojoenherbe.com\/wp-content\/uploads\/2024\/04\/Cerisiers-du-Japon-scaled.jpg?fit=2560%2C1999&amp;ssl=1\" data-orig-size=\"2560,1999\" data-comments-opened=\"1\" data-image-meta=\"{&quot;aperture&quot;:&quot;1.8&quot;,&quot;credit&quot;:&quot;&quot;,&quot;camera&quot;:&quot;iPhone 7&quot;,&quot;caption&quot;:&quot;&quot;,&quot;created_timestamp&quot;:&quot;1712520029&quot;,&quot;copyright&quot;:&quot;&quot;,&quot;focal_length&quot;:&quot;3.99&quot;,&quot;iso&quot;:&quot;80&quot;,&quot;shutter_speed&quot;:&quot;0.2&quot;,&quot;title&quot;:&quot;&quot;,&quot;orientation&quot;:&quot;1&quot;}\" data-image-title=\"Cerisiers du Japon\" data-image-description=\"\" data-image-caption=\"\" data-large-file=\"https:\/\/i0.wp.com\/www.jojoenherbe.com\/wp-content\/uploads\/2024\/04\/Cerisiers-du-Japon-scaled.jpg?fit=676%2C528&amp;ssl=1\" class=\"alignleft size-thumbnail wp-image-35612\" src=\"https:\/\/i0.wp.com\/www.jojoenherbe.com\/wp-content\/uploads\/2024\/04\/Cerisiers-du-Japon.jpg?resize=150%2C150\" alt=\"\" width=\"150\" height=\"150\" srcset=\"https:\/\/i0.wp.com\/www.jojoenherbe.com\/wp-content\/uploads\/2024\/04\/Cerisiers-du-Japon-scaled.jpg?resize=150%2C150&amp;ssl=1 150w, https:\/\/i0.wp.com\/www.jojoenherbe.com\/wp-content\/uploads\/2024\/04\/Cerisiers-du-Japon-scaled.jpg?zoom=2&amp;resize=150%2C150 300w, https:\/\/i0.wp.com\/www.jojoenherbe.com\/wp-content\/uploads\/2024\/04\/Cerisiers-du-Japon-scaled.jpg?zoom=3&amp;resize=150%2C150 450w\" sizes=\"auto, (max-width: 150px) 100vw, 150px\" \/><\/a>Cerisiers du Japon et autres Prunus d&rsquo;ornement<\/span> de Franck Sadrin (\u00e9d. Ulmer, mars 2014, 224 pages), un documentaire avec des photographies de nombreuses vari\u00e9t\u00e9s de cerisiers du Japon.<\/em><\/li>\n<li style=\"text-align: justify;\"><em><span style=\"text-decoration: underline; color: #e33b8f;\">L&rsquo;estampe japonaise<\/span> de Gabriele Fahr-Becker (\u00e9d. Taschen, septembre 1994, 180 pages), un documentaire regroupant une s\u00e9lection d&rsquo;estampes japonaises.<\/em><\/li>\n<\/ul>\n<p style=\"text-align: justify;\"><em><a href=\"https:\/\/i0.wp.com\/www.jojoenherbe.com\/wp-content\/uploads\/2024\/04\/Lenfant-et-le-bonsai-2-scaled.jpg\"><img data-recalc-dims=\"1\" loading=\"lazy\" decoding=\"async\" data-attachment-id=\"35595\" data-permalink=\"https:\/\/www.jojoenherbe.com\/index.php\/2024\/04\/05\/rat-du-mois-au-japon-2024\/lenfant-et-le-bonsai-2\/\" data-orig-file=\"https:\/\/i0.wp.com\/www.jojoenherbe.com\/wp-content\/uploads\/2024\/04\/Lenfant-et-le-bonsai-2-scaled.jpg?fit=2560%2C2416&amp;ssl=1\" data-orig-size=\"2560,2416\" data-comments-opened=\"1\" data-image-meta=\"{&quot;aperture&quot;:&quot;1.8&quot;,&quot;credit&quot;:&quot;&quot;,&quot;camera&quot;:&quot;iPhone 7&quot;,&quot;caption&quot;:&quot;&quot;,&quot;created_timestamp&quot;:&quot;1712434381&quot;,&quot;copyright&quot;:&quot;&quot;,&quot;focal_length&quot;:&quot;3.99&quot;,&quot;iso&quot;:&quot;100&quot;,&quot;shutter_speed&quot;:&quot;0.2&quot;,&quot;title&quot;:&quot;&quot;,&quot;orientation&quot;:&quot;1&quot;}\" data-image-title=\"L&amp;rsquo;enfant et le bonsa\u00ef (2)\" data-image-description=\"\" data-image-caption=\"\" data-large-file=\"https:\/\/i0.wp.com\/www.jojoenherbe.com\/wp-content\/uploads\/2024\/04\/Lenfant-et-le-bonsai-2-scaled.jpg?fit=676%2C638&amp;ssl=1\" class=\"size-thumbnail wp-image-35595 alignright\" src=\"https:\/\/i0.wp.com\/www.jojoenherbe.com\/wp-content\/uploads\/2024\/04\/Lenfant-et-le-bonsai-2.jpg?resize=150%2C150\" alt=\"\" width=\"150\" height=\"150\" srcset=\"https:\/\/i0.wp.com\/www.jojoenherbe.com\/wp-content\/uploads\/2024\/04\/Lenfant-et-le-bonsai-2-scaled.jpg?resize=150%2C150&amp;ssl=1 150w, https:\/\/i0.wp.com\/www.jojoenherbe.com\/wp-content\/uploads\/2024\/04\/Lenfant-et-le-bonsai-2-scaled.jpg?zoom=2&amp;resize=150%2C150 300w, https:\/\/i0.wp.com\/www.jojoenherbe.com\/wp-content\/uploads\/2024\/04\/Lenfant-et-le-bonsai-2-scaled.jpg?zoom=3&amp;resize=150%2C150 450w\" sizes=\"auto, (max-width: 150px) 100vw, 150px\" \/><\/a>Pendant ce temps-l\u00e0, mon mini lutin a lu un des autres livres emprunt\u00e9s: <span style=\"text-decoration: underline; color: #e33b8f;\">L&rsquo;enfant et le bonsa\u00ef<\/span> de Jos\u00e9 Campanari et Luciano Lozano (\u00e9d. Belin Jeunesse, octobre 2016, 48 pages), un album jeunesse pour les 3\/5 ans selon l&rsquo;\u00e9diteur et qui a \u00e9t\u00e9 class\u00e9 parmi les albums illustr\u00e9s du rayon \u00ab\u00a0adolescents\u00a0\u00bb \u00e0 ma m\u00e9diath\u00e8que. Une jolie histoire sur le fait de grandir avec Yoshi, un petit gar\u00e7on qui \u00e9tait aussi petit qu&rsquo;un bonsa\u00ef et qui apprend \u00eatre autonome.<\/em><\/p>\n<p style=\"text-align: justify;\"><em>Puis j&rsquo;ai commenc\u00e9 \u00e0 lire le d\u00e9but d&rsquo;un essai sur l&rsquo;art japonais, <span style=\"text-decoration: underline; color: #e33b8f;\">Le Jeu de l&rsquo;\u00e9ternel et de l&rsquo;\u00e9ph\u00e9m\u00e8re<\/span> de Nelly Delay.<\/em><\/p>\n<p style=\"text-align: justify;\"><em><a href=\"https:\/\/i0.wp.com\/www.jojoenherbe.com\/wp-content\/uploads\/2024\/04\/Caroline-au-carnaval-scaled.jpg\"><img data-recalc-dims=\"1\" loading=\"lazy\" decoding=\"async\" data-attachment-id=\"35606\" data-permalink=\"https:\/\/www.jojoenherbe.com\/index.php\/2024\/04\/05\/rat-du-mois-au-japon-2024\/caroline-au-carnaval\/\" data-orig-file=\"https:\/\/i0.wp.com\/www.jojoenherbe.com\/wp-content\/uploads\/2024\/04\/Caroline-au-carnaval-scaled.jpg?fit=2560%2C1991&amp;ssl=1\" data-orig-size=\"2560,1991\" data-comments-opened=\"1\" data-image-meta=\"{&quot;aperture&quot;:&quot;1.8&quot;,&quot;credit&quot;:&quot;&quot;,&quot;camera&quot;:&quot;iPhone 7&quot;,&quot;caption&quot;:&quot;&quot;,&quot;created_timestamp&quot;:&quot;1712519267&quot;,&quot;copyright&quot;:&quot;&quot;,&quot;focal_length&quot;:&quot;3.99&quot;,&quot;iso&quot;:&quot;100&quot;,&quot;shutter_speed&quot;:&quot;0.25&quot;,&quot;title&quot;:&quot;&quot;,&quot;orientation&quot;:&quot;1&quot;}\" data-image-title=\"Caroline au carnaval\" data-image-description=\"\" data-image-caption=\"\" data-large-file=\"https:\/\/i0.wp.com\/www.jojoenherbe.com\/wp-content\/uploads\/2024\/04\/Caroline-au-carnaval-scaled.jpg?fit=676%2C525&amp;ssl=1\" class=\"alignleft size-thumbnail wp-image-35606\" src=\"https:\/\/i0.wp.com\/www.jojoenherbe.com\/wp-content\/uploads\/2024\/04\/Caroline-au-carnaval.jpg?resize=150%2C150\" alt=\"\" width=\"150\" height=\"150\" srcset=\"https:\/\/i0.wp.com\/www.jojoenherbe.com\/wp-content\/uploads\/2024\/04\/Caroline-au-carnaval-scaled.jpg?resize=150%2C150&amp;ssl=1 150w, https:\/\/i0.wp.com\/www.jojoenherbe.com\/wp-content\/uploads\/2024\/04\/Caroline-au-carnaval-scaled.jpg?zoom=2&amp;resize=150%2C150 300w, https:\/\/i0.wp.com\/www.jojoenherbe.com\/wp-content\/uploads\/2024\/04\/Caroline-au-carnaval-scaled.jpg?zoom=3&amp;resize=150%2C150 450w\" sizes=\"auto, (max-width: 150px) 100vw, 150px\" \/><\/a>Pour l&rsquo;histoire du soir, mon mini lutin apr\u00e8s avoir relu une partie d&rsquo;un tome de Mortelle Ad\u00e8le, a voulu relire avec moi <span style=\"text-decoration: underline; color: #3366ff;\">Caroline au carnaval<\/span> de Pierre Probst (\u00e9d. Hachette Jeunesse, 1992, r\u00e9\u00e9d. novembre 2011, 32 pages), un album jeunesse que j&rsquo;avais emprunt\u00e9, \u00e0\u00a0 nouveau, cette ann\u00e9e pour le carnaval et que je n&rsquo;ai pas encore rendu \u00e0 la m\u00e9diath\u00e8que. Un classique de mon enfance qui est toujours aussi rigolo avec les pitreries et fac\u00e9ties des amis de Caroline!<\/em><\/p>\n<p><span style=\"text-decoration: underline; color: #e33b8f;\"><em>Dimanche 7 avril 2024<\/em><\/span><\/p>\n<p style=\"text-align: justify;\"><em><a href=\"https:\/\/i0.wp.com\/www.jojoenherbe.com\/wp-content\/uploads\/2024\/04\/Selection-PAL-RAT-Un-Mois-au-Japon-2024.jpg\"><img data-recalc-dims=\"1\" loading=\"lazy\" decoding=\"async\" data-attachment-id=\"35604\" data-permalink=\"https:\/\/www.jojoenherbe.com\/index.php\/2024\/04\/05\/rat-du-mois-au-japon-2024\/selection-pal-rat-un-mois-au-japon-2024\/\" data-orig-file=\"https:\/\/i0.wp.com\/www.jojoenherbe.com\/wp-content\/uploads\/2024\/04\/Selection-PAL-RAT-Un-Mois-au-Japon-2024.jpg?fit=1080%2C1080&amp;ssl=1\" data-orig-size=\"1080,1080\" data-comments-opened=\"1\" data-image-meta=\"{&quot;aperture&quot;:&quot;0&quot;,&quot;credit&quot;:&quot;&quot;,&quot;camera&quot;:&quot;&quot;,&quot;caption&quot;:&quot;&quot;,&quot;created_timestamp&quot;:&quot;0&quot;,&quot;copyright&quot;:&quot;&quot;,&quot;focal_length&quot;:&quot;0&quot;,&quot;iso&quot;:&quot;0&quot;,&quot;shutter_speed&quot;:&quot;0&quot;,&quot;title&quot;:&quot;&quot;,&quot;orientation&quot;:&quot;0&quot;}\" data-image-title=\"S\u00e9lection PAL &amp;#8211; RAT Un Mois au Japon 2024\" data-image-description=\"\" data-image-caption=\"\" data-large-file=\"https:\/\/i0.wp.com\/www.jojoenherbe.com\/wp-content\/uploads\/2024\/04\/Selection-PAL-RAT-Un-Mois-au-Japon-2024.jpg?fit=676%2C676&amp;ssl=1\" class=\"size-thumbnail wp-image-35604 alignright\" src=\"https:\/\/i0.wp.com\/www.jojoenherbe.com\/wp-content\/uploads\/2024\/04\/Selection-PAL-RAT-Un-Mois-au-Japon-2024.jpg?resize=150%2C150\" alt=\"\" width=\"150\" height=\"150\" srcset=\"https:\/\/i0.wp.com\/www.jojoenherbe.com\/wp-content\/uploads\/2024\/04\/Selection-PAL-RAT-Un-Mois-au-Japon-2024.jpg?resize=150%2C150&amp;ssl=1 150w, https:\/\/i0.wp.com\/www.jojoenherbe.com\/wp-content\/uploads\/2024\/04\/Selection-PAL-RAT-Un-Mois-au-Japon-2024.jpg?resize=300%2C300&amp;ssl=1 300w, https:\/\/i0.wp.com\/www.jojoenherbe.com\/wp-content\/uploads\/2024\/04\/Selection-PAL-RAT-Un-Mois-au-Japon-2024.jpg?resize=1024%2C1024&amp;ssl=1 1024w, https:\/\/i0.wp.com\/www.jojoenherbe.com\/wp-content\/uploads\/2024\/04\/Selection-PAL-RAT-Un-Mois-au-Japon-2024.jpg?resize=768%2C768&amp;ssl=1 768w, https:\/\/i0.wp.com\/www.jojoenherbe.com\/wp-content\/uploads\/2024\/04\/Selection-PAL-RAT-Un-Mois-au-Japon-2024.jpg?resize=676%2C676&amp;ssl=1 676w, https:\/\/i0.wp.com\/www.jojoenherbe.com\/wp-content\/uploads\/2024\/04\/Selection-PAL-RAT-Un-Mois-au-Japon-2024.jpg?w=1080&amp;ssl=1 1080w\" sizes=\"auto, (max-width: 150px) 100vw, 150px\" \/><\/a>Au programme aujourd&rsquo;hui, j&rsquo;ai pr\u00e9vu de lire <span style=\"text-decoration: underline;\">Nipponia Nippon<\/span> d&rsquo;Abe Kazushige (\u00e9d. Philippe Picquier, mai 2016, 143 pages), un court roman paru pour la premi\u00e8re en 2004 au Japon et de commencer \u00e0 lire <span style=\"text-decoration: underline;\">Tant de nuances de pluie<\/span> d&rsquo;Asha Lemmie (\u00e9d. HarperCollins, octobre 2023, 534 pages), le premier roman de l&rsquo;autrice se d\u00e9roulant dans le Japon de l&rsquo;apr\u00e8s-guerre.<\/em><\/p>\n<p style=\"text-align: justify;\"><em><a href=\"https:\/\/i0.wp.com\/www.jojoenherbe.com\/wp-content\/uploads\/2024\/04\/estampes-japonaises-scaled.jpg\"><img data-recalc-dims=\"1\" loading=\"lazy\" decoding=\"async\" data-attachment-id=\"35607\" data-permalink=\"https:\/\/www.jojoenherbe.com\/index.php\/2024\/04\/05\/rat-du-mois-au-japon-2024\/estampes-japonaises\/\" data-orig-file=\"https:\/\/i0.wp.com\/www.jojoenherbe.com\/wp-content\/uploads\/2024\/04\/estampes-japonaises-scaled.jpg?fit=2560%2C1911&amp;ssl=1\" data-orig-size=\"2560,1911\" data-comments-opened=\"1\" data-image-meta=\"{&quot;aperture&quot;:&quot;1.8&quot;,&quot;credit&quot;:&quot;&quot;,&quot;camera&quot;:&quot;iPhone 7&quot;,&quot;caption&quot;:&quot;&quot;,&quot;created_timestamp&quot;:&quot;1712516921&quot;,&quot;copyright&quot;:&quot;&quot;,&quot;focal_length&quot;:&quot;3.99&quot;,&quot;iso&quot;:&quot;100&quot;,&quot;shutter_speed&quot;:&quot;0.25&quot;,&quot;title&quot;:&quot;&quot;,&quot;orientation&quot;:&quot;1&quot;}\" data-image-title=\"estampes japonaises\" data-image-description=\"\" data-image-caption=\"\" data-large-file=\"https:\/\/i0.wp.com\/www.jojoenherbe.com\/wp-content\/uploads\/2024\/04\/estampes-japonaises-scaled.jpg?fit=676%2C504&amp;ssl=1\" class=\"alignleft size-thumbnail wp-image-35607\" src=\"https:\/\/i0.wp.com\/www.jojoenherbe.com\/wp-content\/uploads\/2024\/04\/estampes-japonaises.jpg?resize=150%2C150\" alt=\"\" width=\"150\" height=\"150\" srcset=\"https:\/\/i0.wp.com\/www.jojoenherbe.com\/wp-content\/uploads\/2024\/04\/estampes-japonaises-scaled.jpg?resize=150%2C150&amp;ssl=1 150w, https:\/\/i0.wp.com\/www.jojoenherbe.com\/wp-content\/uploads\/2024\/04\/estampes-japonaises-scaled.jpg?zoom=2&amp;resize=150%2C150 300w, https:\/\/i0.wp.com\/www.jojoenherbe.com\/wp-content\/uploads\/2024\/04\/estampes-japonaises-scaled.jpg?zoom=3&amp;resize=150%2C150 450w\" sizes=\"auto, (max-width: 150px) 100vw, 150px\" \/><\/a>Finalement, je me replonge plus longuement qu&rsquo;hier dans les estampes japonaises et l&rsquo;histoire de l&rsquo;ukiyo-e qui appara\u00eet au XVIIe si\u00e8cle, \u00e0 Edo (d\u00e9sormais Kyoto) avec <span style=\"text-decoration: underline; color: #e33b8f;\">L&rsquo;estampe japonaise<\/span> de Gabriele Fahr-Becker (\u00e9d. Taschen, septembre 1994, 180 pages), chaque illustration \u00e9tant accompagn\u00e9 d&rsquo;un texte explicatif comme par exemple les estampes de com\u00e9diens, \u00ab\u00a0maisons de th\u00e9s\u00a0\u00bb \/maisons closes du quartier des plaisirs d&rsquo;Edo ou courtisanes&#8230; J&rsquo;ai trouv\u00e9 ce livre d&rsquo;art tr\u00e8s int\u00e9ressant.<\/em><\/p>\n<div class=\"tiled-gallery type-rectangular tiled-gallery-unresized\" data-original-width=\"676\" data-carousel-extra='{&quot;blog_id&quot;:1,&quot;permalink&quot;:&quot;https:\\\/\\\/www.jojoenherbe.com\\\/index.php\\\/2024\\\/04\\\/05\\\/rat-du-mois-au-japon-2024\\\/&quot;,&quot;likes_blog_id&quot;:141396489}' itemscope itemtype=\"http:\/\/schema.org\/ImageGallery\" > <div class=\"gallery-row\" style=\"width: 676px; height: 238px;\" data-original-width=\"676\" data-original-height=\"238\" > <div class=\"gallery-group images-1\" style=\"width: 180px; height: 238px;\" data-original-width=\"180\" data-original-height=\"238\" > <div class=\"tiled-gallery-item tiled-gallery-item-small\" itemprop=\"associatedMedia\" itemscope itemtype=\"http:\/\/schema.org\/ImageObject\"> <a href=\"https:\/\/www.jojoenherbe.com\/index.php\/2024\/04\/05\/rat-du-mois-au-japon-2024\/lestampe-japonaise-2\/\" border=\"0\" itemprop=\"url\"> <meta itemprop=\"width\" content=\"176\"> <meta itemprop=\"height\" content=\"234\"> <img decoding=\"async\" class=\"\" data-attachment-id=\"35608\" data-orig-file=\"https:\/\/www.jojoenherbe.com\/wp-content\/uploads\/2024\/04\/Lestampe-japonaise-2-scaled.jpg\" data-orig-size=\"1920,2560\" data-comments-opened=\"1\" data-image-meta=\"{&quot;aperture&quot;:&quot;1.8&quot;,&quot;credit&quot;:&quot;&quot;,&quot;camera&quot;:&quot;iPhone 7&quot;,&quot;caption&quot;:&quot;&quot;,&quot;created_timestamp&quot;:&quot;1712517039&quot;,&quot;copyright&quot;:&quot;&quot;,&quot;focal_length&quot;:&quot;3.99&quot;,&quot;iso&quot;:&quot;100&quot;,&quot;shutter_speed&quot;:&quot;0.25&quot;,&quot;title&quot;:&quot;&quot;,&quot;orientation&quot;:&quot;1&quot;}\" data-image-title=\"L&amp;rsquo;estampe japonaise (2)\" data-image-description=\"\" data-medium-file=\"https:\/\/i0.wp.com\/www.jojoenherbe.com\/wp-content\/uploads\/2024\/04\/Lestampe-japonaise-2-scaled.jpg?fit=225%2C300&#038;ssl=1\" data-large-file=\"https:\/\/i0.wp.com\/www.jojoenherbe.com\/wp-content\/uploads\/2024\/04\/Lestampe-japonaise-2-scaled.jpg?fit=676%2C901&#038;ssl=1\" src=\"https:\/\/i0.wp.com\/www.jojoenherbe.com\/wp-content\/uploads\/2024\/04\/Lestampe-japonaise-2-scaled.jpg?w=176&#038;h=234&#038;ssl=1\" srcset=\"https:\/\/i0.wp.com\/www.jojoenherbe.com\/wp-content\/uploads\/2024\/04\/Lestampe-japonaise-2-scaled.jpg?w=1920&amp;ssl=1 1920w, https:\/\/i0.wp.com\/www.jojoenherbe.com\/wp-content\/uploads\/2024\/04\/Lestampe-japonaise-2-scaled.jpg?resize=225%2C300&amp;ssl=1 225w, https:\/\/i0.wp.com\/www.jojoenherbe.com\/wp-content\/uploads\/2024\/04\/Lestampe-japonaise-2-scaled.jpg?resize=768%2C1024&amp;ssl=1 768w, https:\/\/i0.wp.com\/www.jojoenherbe.com\/wp-content\/uploads\/2024\/04\/Lestampe-japonaise-2-scaled.jpg?resize=1152%2C1536&amp;ssl=1 1152w, https:\/\/i0.wp.com\/www.jojoenherbe.com\/wp-content\/uploads\/2024\/04\/Lestampe-japonaise-2-scaled.jpg?resize=1536%2C2048&amp;ssl=1 1536w, https:\/\/i0.wp.com\/www.jojoenherbe.com\/wp-content\/uploads\/2024\/04\/Lestampe-japonaise-2-scaled.jpg?resize=676%2C901&amp;ssl=1 676w, https:\/\/i0.wp.com\/www.jojoenherbe.com\/wp-content\/uploads\/2024\/04\/Lestampe-japonaise-2-scaled.jpg?w=1352 1352w\" width=\"176\" height=\"234\" loading=\"lazy\" data-original-width=\"176\" data-original-height=\"234\" itemprop=\"http:\/\/schema.org\/image\" title=\"L&#039;estampe japonaise (2)\" alt=\"L&#039;estampe japonaise (2)\" style=\"width: 176px; height: 234px;\" \/> <\/a> <\/div> <\/div> <!-- close group --> <div class=\"gallery-group images-1\" style=\"width: 316px; height: 238px;\" data-original-width=\"316\" data-original-height=\"238\" > <div class=\"tiled-gallery-item tiled-gallery-item-large\" itemprop=\"associatedMedia\" itemscope itemtype=\"http:\/\/schema.org\/ImageObject\"> <a href=\"https:\/\/www.jojoenherbe.com\/index.php\/2024\/04\/05\/rat-du-mois-au-japon-2024\/lestampe-japonaise-4\/\" border=\"0\" itemprop=\"url\"> <meta itemprop=\"width\" content=\"312\"> <meta itemprop=\"height\" content=\"234\"> <img decoding=\"async\" class=\"\" data-attachment-id=\"35610\" data-orig-file=\"https:\/\/www.jojoenherbe.com\/wp-content\/uploads\/2024\/04\/Lestampe-japonaise-4-scaled.jpg\" data-orig-size=\"2560,1920\" data-comments-opened=\"1\" data-image-meta=\"{&quot;aperture&quot;:&quot;1.8&quot;,&quot;credit&quot;:&quot;&quot;,&quot;camera&quot;:&quot;iPhone 7&quot;,&quot;caption&quot;:&quot;&quot;,&quot;created_timestamp&quot;:&quot;1712517096&quot;,&quot;copyright&quot;:&quot;&quot;,&quot;focal_length&quot;:&quot;3.99&quot;,&quot;iso&quot;:&quot;100&quot;,&quot;shutter_speed&quot;:&quot;0.25&quot;,&quot;title&quot;:&quot;&quot;,&quot;orientation&quot;:&quot;1&quot;}\" data-image-title=\"L&amp;rsquo;estampe japonaise (4)\" data-image-description=\"\" data-medium-file=\"https:\/\/i0.wp.com\/www.jojoenherbe.com\/wp-content\/uploads\/2024\/04\/Lestampe-japonaise-4-scaled.jpg?fit=300%2C225&#038;ssl=1\" data-large-file=\"https:\/\/i0.wp.com\/www.jojoenherbe.com\/wp-content\/uploads\/2024\/04\/Lestampe-japonaise-4-scaled.jpg?fit=676%2C507&#038;ssl=1\" src=\"https:\/\/i0.wp.com\/www.jojoenherbe.com\/wp-content\/uploads\/2024\/04\/Lestampe-japonaise-4-scaled.jpg?w=312&#038;h=234&#038;ssl=1\" srcset=\"https:\/\/i0.wp.com\/www.jojoenherbe.com\/wp-content\/uploads\/2024\/04\/Lestampe-japonaise-4-scaled.jpg?w=2560&amp;ssl=1 2560w, https:\/\/i0.wp.com\/www.jojoenherbe.com\/wp-content\/uploads\/2024\/04\/Lestampe-japonaise-4-scaled.jpg?resize=300%2C225&amp;ssl=1 300w, https:\/\/i0.wp.com\/www.jojoenherbe.com\/wp-content\/uploads\/2024\/04\/Lestampe-japonaise-4-scaled.jpg?resize=1024%2C768&amp;ssl=1 1024w, https:\/\/i0.wp.com\/www.jojoenherbe.com\/wp-content\/uploads\/2024\/04\/Lestampe-japonaise-4-scaled.jpg?resize=768%2C576&amp;ssl=1 768w, https:\/\/i0.wp.com\/www.jojoenherbe.com\/wp-content\/uploads\/2024\/04\/Lestampe-japonaise-4-scaled.jpg?resize=1536%2C1152&amp;ssl=1 1536w, https:\/\/i0.wp.com\/www.jojoenherbe.com\/wp-content\/uploads\/2024\/04\/Lestampe-japonaise-4-scaled.jpg?resize=2048%2C1536&amp;ssl=1 2048w, https:\/\/i0.wp.com\/www.jojoenherbe.com\/wp-content\/uploads\/2024\/04\/Lestampe-japonaise-4-scaled.jpg?resize=676%2C507&amp;ssl=1 676w, https:\/\/i0.wp.com\/www.jojoenherbe.com\/wp-content\/uploads\/2024\/04\/Lestampe-japonaise-4-scaled.jpg?w=1352 1352w\" width=\"312\" height=\"234\" loading=\"lazy\" data-original-width=\"312\" data-original-height=\"234\" itemprop=\"http:\/\/schema.org\/image\" title=\"L&#039;estampe japonaise (4)\" alt=\"L&#039;estampe japonaise (4)\" style=\"width: 312px; height: 234px;\" \/> <\/a> <\/div> <\/div> <!-- close group --> <div class=\"gallery-group images-1\" style=\"width: 180px; height: 238px;\" data-original-width=\"180\" data-original-height=\"238\" > <div class=\"tiled-gallery-item tiled-gallery-item-small\" itemprop=\"associatedMedia\" itemscope itemtype=\"http:\/\/schema.org\/ImageObject\"> <a href=\"https:\/\/www.jojoenherbe.com\/index.php\/2024\/04\/05\/rat-du-mois-au-japon-2024\/lestampe-japonaise-5\/\" border=\"0\" itemprop=\"url\"> <meta itemprop=\"width\" content=\"176\"> <meta itemprop=\"height\" content=\"234\"> <img decoding=\"async\" class=\"\" data-attachment-id=\"35611\" data-orig-file=\"https:\/\/www.jojoenherbe.com\/wp-content\/uploads\/2024\/04\/Lestampe-japonaise-5-scaled.jpg\" data-orig-size=\"1920,2560\" data-comments-opened=\"1\" data-image-meta=\"{&quot;aperture&quot;:&quot;1.8&quot;,&quot;credit&quot;:&quot;&quot;,&quot;camera&quot;:&quot;iPhone 7&quot;,&quot;caption&quot;:&quot;&quot;,&quot;created_timestamp&quot;:&quot;1712517232&quot;,&quot;copyright&quot;:&quot;&quot;,&quot;focal_length&quot;:&quot;3.99&quot;,&quot;iso&quot;:&quot;80&quot;,&quot;shutter_speed&quot;:&quot;0.16666666666667&quot;,&quot;title&quot;:&quot;&quot;,&quot;orientation&quot;:&quot;1&quot;}\" data-image-title=\"L&amp;rsquo;estampe japonaise (5)\" data-image-description=\"\" data-medium-file=\"https:\/\/i0.wp.com\/www.jojoenherbe.com\/wp-content\/uploads\/2024\/04\/Lestampe-japonaise-5-scaled.jpg?fit=225%2C300&#038;ssl=1\" data-large-file=\"https:\/\/i0.wp.com\/www.jojoenherbe.com\/wp-content\/uploads\/2024\/04\/Lestampe-japonaise-5-scaled.jpg?fit=676%2C901&#038;ssl=1\" src=\"https:\/\/i0.wp.com\/www.jojoenherbe.com\/wp-content\/uploads\/2024\/04\/Lestampe-japonaise-5-scaled.jpg?w=176&#038;h=234&#038;ssl=1\" srcset=\"https:\/\/i0.wp.com\/www.jojoenherbe.com\/wp-content\/uploads\/2024\/04\/Lestampe-japonaise-5-scaled.jpg?w=1920&amp;ssl=1 1920w, https:\/\/i0.wp.com\/www.jojoenherbe.com\/wp-content\/uploads\/2024\/04\/Lestampe-japonaise-5-scaled.jpg?resize=225%2C300&amp;ssl=1 225w, https:\/\/i0.wp.com\/www.jojoenherbe.com\/wp-content\/uploads\/2024\/04\/Lestampe-japonaise-5-scaled.jpg?resize=768%2C1024&amp;ssl=1 768w, https:\/\/i0.wp.com\/www.jojoenherbe.com\/wp-content\/uploads\/2024\/04\/Lestampe-japonaise-5-scaled.jpg?resize=1152%2C1536&amp;ssl=1 1152w, https:\/\/i0.wp.com\/www.jojoenherbe.com\/wp-content\/uploads\/2024\/04\/Lestampe-japonaise-5-scaled.jpg?resize=1536%2C2048&amp;ssl=1 1536w, https:\/\/i0.wp.com\/www.jojoenherbe.com\/wp-content\/uploads\/2024\/04\/Lestampe-japonaise-5-scaled.jpg?resize=676%2C901&amp;ssl=1 676w, https:\/\/i0.wp.com\/www.jojoenherbe.com\/wp-content\/uploads\/2024\/04\/Lestampe-japonaise-5-scaled.jpg?w=1352 1352w\" width=\"176\" height=\"234\" loading=\"lazy\" data-original-width=\"176\" data-original-height=\"234\" itemprop=\"http:\/\/schema.org\/image\" title=\"L&#039;estampe japonaise (5)\" alt=\"L&#039;estampe japonaise (5)\" style=\"width: 176px; height: 234px;\" \/> <\/a> <\/div> <\/div> <!-- close group --> <\/div> <!-- close row --> <\/div>\n<p style=\"text-align: justify;\"><img data-recalc-dims=\"1\" loading=\"lazy\" decoding=\"async\" data-attachment-id=\"35480\" data-permalink=\"https:\/\/www.jojoenherbe.com\/index.php\/2024\/04\/01\/billet-de-suivi-un-mois-au-japon-2024\/les-gourmandises-au-japon-2024\/\" data-orig-file=\"https:\/\/i0.wp.com\/www.jojoenherbe.com\/wp-content\/uploads\/2024\/04\/Les-Gourmandises-au-Japon-2024.jpg?fit=768%2C768&amp;ssl=1\" data-orig-size=\"768,768\" data-comments-opened=\"1\" data-image-meta=\"{&quot;aperture&quot;:&quot;0&quot;,&quot;credit&quot;:&quot;&quot;,&quot;camera&quot;:&quot;&quot;,&quot;caption&quot;:&quot;&quot;,&quot;created_timestamp&quot;:&quot;1711997568&quot;,&quot;copyright&quot;:&quot;&quot;,&quot;focal_length&quot;:&quot;0&quot;,&quot;iso&quot;:&quot;0&quot;,&quot;shutter_speed&quot;:&quot;0&quot;,&quot;title&quot;:&quot;&quot;,&quot;orientation&quot;:&quot;0&quot;}\" data-image-title=\"Les Gourmandises au Japon 2024\" data-image-description=\"\" data-image-caption=\"\" data-large-file=\"https:\/\/i0.wp.com\/www.jojoenherbe.com\/wp-content\/uploads\/2024\/04\/Les-Gourmandises-au-Japon-2024.jpg?fit=676%2C676&amp;ssl=1\" class=\"wp-image-35480 alignright\" src=\"https:\/\/i0.wp.com\/www.jojoenherbe.com\/wp-content\/uploads\/2024\/04\/Les-Gourmandises-au-Japon-2024.jpg?resize=130%2C130\" alt=\"\" width=\"130\" height=\"130\" srcset=\"https:\/\/i0.wp.com\/www.jojoenherbe.com\/wp-content\/uploads\/2024\/04\/Les-Gourmandises-au-Japon-2024.jpg?w=768&amp;ssl=1 768w, https:\/\/i0.wp.com\/www.jojoenherbe.com\/wp-content\/uploads\/2024\/04\/Les-Gourmandises-au-Japon-2024.jpg?resize=300%2C300&amp;ssl=1 300w, https:\/\/i0.wp.com\/www.jojoenherbe.com\/wp-content\/uploads\/2024\/04\/Les-Gourmandises-au-Japon-2024.jpg?resize=150%2C150&amp;ssl=1 150w, https:\/\/i0.wp.com\/www.jojoenherbe.com\/wp-content\/uploads\/2024\/04\/Les-Gourmandises-au-Japon-2024.jpg?resize=676%2C676&amp;ssl=1 676w\" sizes=\"auto, (max-width: 130px) 100vw, 130px\" \/><em>En fin de matin\u00e9e, apr\u00e8s un petit tour chez les autres participantes et les r\u00e9seaux sociaux, je fais un point sur leur lecture du moment: <span style=\"text-decoration: underline;\">Ikiro<\/span> chez Hilde et Lou, des mangas chez Pativore, <span style=\"text-decoration: underline;\">Tant que le caf\u00e9 est encore chaud<\/span> chez Nathalie, les 3 premiers tomes d&rsquo;un manga, <span style=\"text-decoration: underline;\">Shy<\/span> chez Tiphanya. C&rsquo;est aussi cuisine japonaise chez les marmitonnes: cheesecake japonais chez <a href=\"https:\/\/ribambelledhistoires.over-blog.com\/2024\/04\/cheesecake-japonais.html\">Isabelle<\/a>, chirashi saumon avocat chez <a href=\"https:\/\/toursetculture.com\/2024\/04\/07\/chirashi-saumon-avocat\/\" data-rich-text-format-boundary=\"true\">Eimelle<\/a>, des onigiris \u0153ufs brouill\u00e9s chez Hilde ou bien encore un billet sp\u00e9cial th\u00e9 chez <a href=\"https:\/\/livresdunjourblog.wordpress.com\/2024\/04\/07\/dimanche-gourmand-2024-8\/\">Claude<\/a>.<\/em><em>\u00a0<\/em><em>Cela donne faim de regarder tous ces plats! Il est temps d&rsquo;aller d\u00e9jeuner.<\/em><\/p>\n<p style=\"text-align: justify;\"><em><a href=\"https:\/\/i0.wp.com\/www.jojoenherbe.com\/wp-content\/uploads\/2024\/04\/Nipponia-Nippon-scaled.jpg\"><img data-recalc-dims=\"1\" loading=\"lazy\" decoding=\"async\" data-attachment-id=\"35605\" data-permalink=\"https:\/\/www.jojoenherbe.com\/index.php\/2024\/04\/05\/rat-du-mois-au-japon-2024\/nipponia-nippon\/\" data-orig-file=\"https:\/\/i0.wp.com\/www.jojoenherbe.com\/wp-content\/uploads\/2024\/04\/Nipponia-Nippon-scaled.jpg?fit=2560%2C1929&amp;ssl=1\" data-orig-size=\"2560,1929\" data-comments-opened=\"1\" data-image-meta=\"{&quot;aperture&quot;:&quot;1.8&quot;,&quot;credit&quot;:&quot;&quot;,&quot;camera&quot;:&quot;iPhone 7&quot;,&quot;caption&quot;:&quot;&quot;,&quot;created_timestamp&quot;:&quot;1712516934&quot;,&quot;copyright&quot;:&quot;&quot;,&quot;focal_length&quot;:&quot;3.99&quot;,&quot;iso&quot;:&quot;160&quot;,&quot;shutter_speed&quot;:&quot;0.25&quot;,&quot;title&quot;:&quot;&quot;,&quot;orientation&quot;:&quot;1&quot;}\" data-image-title=\"Nipponia Nippon\" data-image-description=\"\" data-image-caption=\"\" data-large-file=\"https:\/\/i0.wp.com\/www.jojoenherbe.com\/wp-content\/uploads\/2024\/04\/Nipponia-Nippon-scaled.jpg?fit=676%2C510&amp;ssl=1\" class=\"alignleft size-thumbnail wp-image-35605\" src=\"https:\/\/i0.wp.com\/www.jojoenherbe.com\/wp-content\/uploads\/2024\/04\/Nipponia-Nippon.jpg?resize=150%2C150\" alt=\"\" width=\"150\" height=\"150\" srcset=\"https:\/\/i0.wp.com\/www.jojoenherbe.com\/wp-content\/uploads\/2024\/04\/Nipponia-Nippon-scaled.jpg?resize=150%2C150&amp;ssl=1 150w, https:\/\/i0.wp.com\/www.jojoenherbe.com\/wp-content\/uploads\/2024\/04\/Nipponia-Nippon-scaled.jpg?zoom=2&amp;resize=150%2C150 300w, https:\/\/i0.wp.com\/www.jojoenherbe.com\/wp-content\/uploads\/2024\/04\/Nipponia-Nippon-scaled.jpg?zoom=3&amp;resize=150%2C150 450w\" sizes=\"auto, (max-width: 150px) 100vw, 150px\" \/><\/a>Cet apr\u00e8s-midi, j&rsquo;ai lu <span style=\"text-decoration: underline; color: #e33b8f;\">Nipponia Nippon<\/span> d&rsquo;Abe Kazushige (\u00e9d. Philippe Picquier, mai 2016, 143 pages), un court roman qui suit Haruo T\u00f4ya, un adolescent de 17 ans qui a un projet li\u00e9 \u00e0 l&rsquo;ibis japonais, oiseau en voie d&rsquo;extinction et symbole de la Nation japonaise, les derniers sp\u00e9cimens ayant \u00e9t\u00e9 r\u00e9introduits gr\u00e2ce \u00e0 la coop\u00e9ration du Japon avec la Chine, sur l&rsquo;\u00eele de Sad\u00f4, centre de sauvegarde. Son projet est-il de les lib\u00e9rer ou de les tuer? Reclus seul dans un appartement de Tokyo, loin de sa famille et sans travail comme peut l&rsquo;\u00eatre un hikikomori, il pr\u00e9pare mois apr\u00e8s mois son projet, gr\u00e2ce \u00e0 de nombreuses recherches et achats sur Internet. Ce r\u00e9cit a une certaine \u00ab\u00a0\u00e9tranget\u00e9\u00a0\u00bb que j&rsquo;ai pu constater dans d&rsquo;autres livres d&rsquo;auteurs japonais, entretenant une part de malaise, les pens\u00e9es de Haruo \u00e9tant troublantes, agressives voire d\u00e9rangeantes, ce dernier, pathologiquement instable, liant son destin \u00e0 celui des ibis qui l&rsquo;obs\u00e8dent comme une adolescente Sakura dont il est \u00e9pris et dont il a \u00e9t\u00e9 s\u00e9par\u00e9. Il y est ainsi question du poids de la solitude, du passage \u00e0 l&rsquo;\u00e2ge adulte, de l&rsquo;\u00e9veil \u00e0 la sexualit\u00e9, de harc\u00e8lement scolaire, de la condition de la jeunesse dans la soci\u00e9t\u00e9 japonaise&#8230;\u00a0<\/em><\/p>\n<p style=\"text-align: justify;\"><em><a href=\"https:\/\/i0.wp.com\/www.jojoenherbe.com\/wp-content\/uploads\/2024\/04\/Le-garcon-de-la-lune-T1-scaled.jpg\"><img data-recalc-dims=\"1\" loading=\"lazy\" decoding=\"async\" data-attachment-id=\"35645\" data-permalink=\"https:\/\/www.jojoenherbe.com\/index.php\/2024\/04\/05\/rat-du-mois-au-japon-2024\/le-garcon-de-la-lune-t1\/\" data-orig-file=\"https:\/\/i0.wp.com\/www.jojoenherbe.com\/wp-content\/uploads\/2024\/04\/Le-garcon-de-la-lune-T1-scaled.jpg?fit=2560%2C1945&amp;ssl=1\" data-orig-size=\"2560,1945\" data-comments-opened=\"1\" data-image-meta=\"{&quot;aperture&quot;:&quot;1.8&quot;,&quot;credit&quot;:&quot;&quot;,&quot;camera&quot;:&quot;iPhone 7&quot;,&quot;caption&quot;:&quot;&quot;,&quot;created_timestamp&quot;:&quot;1712768708&quot;,&quot;copyright&quot;:&quot;&quot;,&quot;focal_length&quot;:&quot;3.99&quot;,&quot;iso&quot;:&quot;80&quot;,&quot;shutter_speed&quot;:&quot;0.14285714285714&quot;,&quot;title&quot;:&quot;&quot;,&quot;orientation&quot;:&quot;1&quot;}\" data-image-title=\"Le gar\u00e7on de la lune T1\" data-image-description=\"\" data-image-caption=\"\" data-large-file=\"https:\/\/i0.wp.com\/www.jojoenherbe.com\/wp-content\/uploads\/2024\/04\/Le-garcon-de-la-lune-T1-scaled.jpg?fit=676%2C514&amp;ssl=1\" class=\"size-thumbnail wp-image-35645 alignright\" src=\"https:\/\/i0.wp.com\/www.jojoenherbe.com\/wp-content\/uploads\/2024\/04\/Le-garcon-de-la-lune-T1.jpg?resize=150%2C150\" alt=\"\" width=\"150\" height=\"150\" srcset=\"https:\/\/i0.wp.com\/www.jojoenherbe.com\/wp-content\/uploads\/2024\/04\/Le-garcon-de-la-lune-T1-scaled.jpg?resize=150%2C150&amp;ssl=1 150w, https:\/\/i0.wp.com\/www.jojoenherbe.com\/wp-content\/uploads\/2024\/04\/Le-garcon-de-la-lune-T1-scaled.jpg?zoom=2&amp;resize=150%2C150 300w, https:\/\/i0.wp.com\/www.jojoenherbe.com\/wp-content\/uploads\/2024\/04\/Le-garcon-de-la-lune-T1-scaled.jpg?zoom=3&amp;resize=150%2C150 450w\" sizes=\"auto, (max-width: 150px) 100vw, 150px\" \/><\/a>En soir\u00e9e, j&rsquo;ai lu le <span style=\"color: #e33b8f;\">tome 1<\/span> du <span style=\"text-decoration: underline; color: #e33b8f;\">Gar\u00e7on de la Lune<\/span> de Lee Young-Lou (\u00e9d. Clair de Lune, d\u00e9cembre 2009, 174 pages), un manga qui suit l&rsquo;histoire de deux lyc\u00e9ens Myung-Ee et Yu-Da, des lapins ayant fui la Lune pour la Terre et dont les ennemis sont les renards de la Lune.\u00a0<\/em><\/p>\n<p style=\"text-align: justify;\"><em><strong><span style=\"text-decoration: underline;\"><img data-recalc-dims=\"1\" loading=\"lazy\" decoding=\"async\" data-attachment-id=\"35481\" data-permalink=\"https:\/\/www.jojoenherbe.com\/index.php\/2024\/04\/01\/billet-de-suivi-un-mois-au-japon-2024\/un-mois-au-japon-2024-check-list\/\" data-orig-file=\"https:\/\/i0.wp.com\/www.jojoenherbe.com\/wp-content\/uploads\/2024\/04\/Un-Mois-au-Japon-2024-check-list.jpg?fit=900%2C900&amp;ssl=1\" data-orig-size=\"900,900\" data-comments-opened=\"1\" data-image-meta=\"{&quot;aperture&quot;:&quot;0&quot;,&quot;credit&quot;:&quot;&quot;,&quot;camera&quot;:&quot;&quot;,&quot;caption&quot;:&quot;&quot;,&quot;created_timestamp&quot;:&quot;0&quot;,&quot;copyright&quot;:&quot;&quot;,&quot;focal_length&quot;:&quot;0&quot;,&quot;iso&quot;:&quot;0&quot;,&quot;shutter_speed&quot;:&quot;0&quot;,&quot;title&quot;:&quot;&quot;,&quot;orientation&quot;:&quot;0&quot;}\" data-image-title=\"Un Mois au Japon 2024 &amp;#8211; check-list\" data-image-description=\"\" data-image-caption=\"\" data-large-file=\"https:\/\/i0.wp.com\/www.jojoenherbe.com\/wp-content\/uploads\/2024\/04\/Un-Mois-au-Japon-2024-check-list.jpg?fit=676%2C676&amp;ssl=1\" class=\"alignleft wp-image-35481 size-thumbnail\" src=\"https:\/\/i0.wp.com\/www.jojoenherbe.com\/wp-content\/uploads\/2024\/04\/Un-Mois-au-Japon-2024-check-list.jpg?resize=150%2C150\" alt=\"\" width=\"150\" height=\"150\" srcset=\"https:\/\/i0.wp.com\/www.jojoenherbe.com\/wp-content\/uploads\/2024\/04\/Un-Mois-au-Japon-2024-check-list.jpg?resize=150%2C150&amp;ssl=1 150w, https:\/\/i0.wp.com\/www.jojoenherbe.com\/wp-content\/uploads\/2024\/04\/Un-Mois-au-Japon-2024-check-list.jpg?resize=300%2C300&amp;ssl=1 300w, https:\/\/i0.wp.com\/www.jojoenherbe.com\/wp-content\/uploads\/2024\/04\/Un-Mois-au-Japon-2024-check-list.jpg?resize=768%2C768&amp;ssl=1 768w, https:\/\/i0.wp.com\/www.jojoenherbe.com\/wp-content\/uploads\/2024\/04\/Un-Mois-au-Japon-2024-check-list.jpg?resize=676%2C676&amp;ssl=1 676w, https:\/\/i0.wp.com\/www.jojoenherbe.com\/wp-content\/uploads\/2024\/04\/Un-Mois-au-Japon-2024-check-list.jpg?w=900&amp;ssl=1 900w\" sizes=\"auto, (max-width: 150px) 100vw, 150px\" \/>Petit bilan de ce read-a-thon<\/span><\/strong>: \u00e9tant retourn\u00e9e \u00e0 la m\u00e9diath\u00e8que samedi apr\u00e8s-midi, j&rsquo;ai un peu d\u00e9vi\u00e9 de ma PAL pr\u00e9vue pour ce week-end. Je lirai lundi <span style=\"text-decoration: underline;\">Tant de nuances de pluie<\/span> d&rsquo;Asha Lemmie. J&rsquo;ai valid\u00e9 au passage la plupart des suggestions de la check-list: des femmes, un chat, les \u00e9ditions Philippe Picquier,\u00a0 manga, lecture gourmande, art et fantastique. Encore merci \u00e0 Hilde et Lou d&rsquo;avoir organis\u00e9 ce RAT! Il ne me restera \u00e0 trouver le temps pour \u00e9crire mes billets sur ces lectures. <\/em><\/p>\n<div id=\"attachment_35482\" style=\"width: 131px\" class=\"wp-caption aligncenter\"><img data-recalc-dims=\"1\" loading=\"lazy\" decoding=\"async\" aria-describedby=\"caption-attachment-35482\" data-attachment-id=\"35482\" data-permalink=\"https:\/\/www.jojoenherbe.com\/index.php\/2024\/04\/01\/billet-de-suivi-un-mois-au-japon-2024\/un-mois-au-japon-2024-logo\/\" data-orig-file=\"https:\/\/i0.wp.com\/www.jojoenherbe.com\/wp-content\/uploads\/2024\/04\/Un-Mois-au-Japon-2024-logo.jpg?fit=768%2C768&amp;ssl=1\" data-orig-size=\"768,768\" data-comments-opened=\"1\" data-image-meta=\"{&quot;aperture&quot;:&quot;0&quot;,&quot;credit&quot;:&quot;&quot;,&quot;camera&quot;:&quot;&quot;,&quot;caption&quot;:&quot;&quot;,&quot;created_timestamp&quot;:&quot;0&quot;,&quot;copyright&quot;:&quot;&quot;,&quot;focal_length&quot;:&quot;0&quot;,&quot;iso&quot;:&quot;0&quot;,&quot;shutter_speed&quot;:&quot;0&quot;,&quot;title&quot;:&quot;&quot;,&quot;orientation&quot;:&quot;0&quot;}\" data-image-title=\"Un Mois au Japon 2024 &amp;#8211; logo\" data-image-description=\"\" data-image-caption=\"\" data-large-file=\"https:\/\/i0.wp.com\/www.jojoenherbe.com\/wp-content\/uploads\/2024\/04\/Un-Mois-au-Japon-2024-logo.jpg?fit=676%2C676&amp;ssl=1\" class=\"wp-image-35482\" src=\"https:\/\/i0.wp.com\/www.jojoenherbe.com\/wp-content\/uploads\/2024\/04\/Un-Mois-au-Japon-2024-logo.jpg?resize=121%2C121\" alt=\"\" width=\"121\" height=\"121\" srcset=\"https:\/\/i0.wp.com\/www.jojoenherbe.com\/wp-content\/uploads\/2024\/04\/Un-Mois-au-Japon-2024-logo.jpg?w=768&amp;ssl=1 768w, https:\/\/i0.wp.com\/www.jojoenherbe.com\/wp-content\/uploads\/2024\/04\/Un-Mois-au-Japon-2024-logo.jpg?resize=300%2C300&amp;ssl=1 300w, https:\/\/i0.wp.com\/www.jojoenherbe.com\/wp-content\/uploads\/2024\/04\/Un-Mois-au-Japon-2024-logo.jpg?resize=150%2C150&amp;ssl=1 150w, https:\/\/i0.wp.com\/www.jojoenherbe.com\/wp-content\/uploads\/2024\/04\/Un-Mois-au-Japon-2024-logo.jpg?resize=676%2C676&amp;ssl=1 676w\" sizes=\"auto, (max-width: 121px) 100vw, 121px\" \/><p id=\"caption-attachment-35482\" class=\"wp-caption-text\">Participation # Un mois au Japon 2024 de <a href=\"https:\/\/lelivroblog.fr\/2024\/04\/01\/un-mois-au-japon-2024-septieme-edition-presentation-et-recapitulatif\/\"><em>Hilde<\/em><\/a><em> et <a href=\"http:\/\/www.myloubook.com\/2024\/04\/01\/un-mois-au-japon-2024-septieme-edition\/\">Lou<\/a><\/em> #RAT<\/p><\/div>\n\n\n<p><\/p>\n","protected":false},"excerpt":{"rendered":"<p>Nous finissons cette premi\u00e8re semaine d&rsquo;avril avec un read-a-thon du 5 avril au 7 avril 2024 minuit, ce marathon de lectures (mais pas que) \u00e9tant coorganis\u00e9 par Hilde et Lou dans le cadre de leur challenge Un Mois au Japon 2024. Ce sera l&rsquo;occasion d&rsquo;une escale livresque au Japon et de cuisiner avec la Brigade [&hellip;]<\/p>\n","protected":false},"author":1,"featured_media":35483,"comment_status":"open","ping_status":"open","sticky":false,"template":"","format":"standard","meta":{"jetpack_post_was_ever_published":false,"_jetpack_newsletter_access":"","_jetpack_dont_email_post_to_subs":false,"_jetpack_newsletter_tier_id":0,"_jetpack_memberships_contains_paywalled_content":false,"_jetpack_memberships_contains_paid_content":false,"footnotes":""},"categories":[2140,873,363],"tags":[2016,3928,1085,367,1627,942,2310,4030],"class_list":["post-35521","post","type-post","status-publish","format-standard","has-post-thumbnail","hentry","category-mini-blogueur","category-mini-challenger","category-mini-lecteur","tag-challenge-livresque","tag-lecture-ado","tag-lecture-adulte","tag-lecture-jeunesse","tag-litterature-japonaise","tag-manga","tag-read-a-thon","tag-un-mois-au-japon-2024","post-preview"],"jetpack_featured_media_url":"https:\/\/i0.wp.com\/www.jojoenherbe.com\/wp-content\/uploads\/2024\/04\/Un-Mois-au-Japon-2024-RAT.jpg?fit=900%2C900&ssl=1","jetpack_sharing_enabled":true,"jetpack_shortlink":"https:\/\/wp.me\/p9zhGx-9eV","jetpack_likes_enabled":true,"jetpack-related-posts":[{"id":35475,"url":"https:\/\/www.jojoenherbe.com\/index.php\/2024\/04\/01\/billet-de-suivi-un-mois-au-japon-2024\/","url_meta":{"origin":35521,"position":0},"title":"Billet de suivi: Un Mois au Japon 2024","author":"Jojo","date":"1 avril 2024","format":false,"excerpt":"Hilde et Lou coorganisent encore cette ann\u00e9e Un Mois au Japon 2024. Le challenge se d\u00e9roule donc du 1er au 30 avril avec possibilit\u00e9 de continuer \u00e0 partager au mois de mai sur les blogs ou r\u00e9seaux sociaux selon nos envies (livres, films, photos, loisirs cr\u00e9atifs, recettes japonaises\u2026). Programme libre\u2026","rel":"","context":"Dans &quot;Mini challenger&quot;","block_context":{"text":"Mini challenger","link":"https:\/\/www.jojoenherbe.com\/index.php\/category\/mini-challenger\/"},"img":{"alt_text":"","src":"https:\/\/i0.wp.com\/www.jojoenherbe.com\/wp-content\/uploads\/2024\/04\/Un-Mois-au-Japon-2024-logo.jpg?fit=768%2C768&ssl=1&resize=350%2C200","width":350,"height":200,"srcset":"https:\/\/i0.wp.com\/www.jojoenherbe.com\/wp-content\/uploads\/2024\/04\/Un-Mois-au-Japon-2024-logo.jpg?fit=768%2C768&ssl=1&resize=350%2C200 1x, https:\/\/i0.wp.com\/www.jojoenherbe.com\/wp-content\/uploads\/2024\/04\/Un-Mois-au-Japon-2024-logo.jpg?fit=768%2C768&ssl=1&resize=525%2C300 1.5x, https:\/\/i0.wp.com\/www.jojoenherbe.com\/wp-content\/uploads\/2024\/04\/Un-Mois-au-Japon-2024-logo.jpg?fit=768%2C768&ssl=1&resize=700%2C400 2x"},"classes":[]},{"id":36005,"url":"https:\/\/www.jojoenherbe.com\/index.php\/2024\/05\/03\/bilan-de-lecture-avril-2024\/","url_meta":{"origin":35521,"position":1},"title":"Bilan de lecture: avril 2024","author":"Jojo","date":"3 mai 2024","format":false,"excerpt":"En ce 3 mai 2024, il est temps de faire le bilan de lecture du mois d'avril 2024 qui a d\u00e9but\u00e9 avec le RAT du Mois au Japon 2024. Nous avons lu beaucoup de livres pour Le Mois au Japon 2024 et fait des origamis avec les copinautes de l'Atelier\u2026","rel":"","context":"Dans &quot;Mini blogueur&quot;","block_context":{"text":"Mini blogueur","link":"https:\/\/www.jojoenherbe.com\/index.php\/category\/mini-blogueur\/"},"img":{"alt_text":"","src":"https:\/\/i0.wp.com\/www.jojoenherbe.com\/wp-content\/uploads\/2024\/04\/Selection-avril-2024-scaled.jpg?fit=1200%2C971&ssl=1&resize=350%2C200","width":350,"height":200,"srcset":"https:\/\/i0.wp.com\/www.jojoenherbe.com\/wp-content\/uploads\/2024\/04\/Selection-avril-2024-scaled.jpg?fit=1200%2C971&ssl=1&resize=350%2C200 1x, https:\/\/i0.wp.com\/www.jojoenherbe.com\/wp-content\/uploads\/2024\/04\/Selection-avril-2024-scaled.jpg?fit=1200%2C971&ssl=1&resize=525%2C300 1.5x, https:\/\/i0.wp.com\/www.jojoenherbe.com\/wp-content\/uploads\/2024\/04\/Selection-avril-2024-scaled.jpg?fit=1200%2C971&ssl=1&resize=700%2C400 2x, https:\/\/i0.wp.com\/www.jojoenherbe.com\/wp-content\/uploads\/2024\/04\/Selection-avril-2024-scaled.jpg?fit=1200%2C971&ssl=1&resize=1050%2C600 3x"},"classes":[]},{"id":24412,"url":"https:\/\/www.jojoenherbe.com\/index.php\/2022\/04\/01\/notre-mois-bloguesque-de-mars-2022\/","url_meta":{"origin":35521,"position":2},"title":"Notre mois bloguesque de mars 2022","author":"Jojo","date":"1 avril 2022","format":false,"excerpt":"Apr\u00e8s un mois de f\u00e9vrier qui s\u2019est termin\u00e9 avec un RAT gourmand et indien organis\u00e9 par Hilde, Blandine, Bidib et Fondant du 25 au 27 f\u00e9vrier 2022, c'\u00e9tait mars 2022, mois de transition entre la fin de l\u2019hiver et le d\u00e9but du printemps. Il y a ainsi eu le retour\u2026","rel":"","context":"Dans &quot;Mini blogueur&quot;","block_context":{"text":"Mini blogueur","link":"https:\/\/www.jojoenherbe.com\/index.php\/category\/mini-blogueur\/"},"img":{"alt_text":"","src":"https:\/\/i0.wp.com\/www.jojoenherbe.com\/wp-content\/uploads\/2022\/03\/Selection-mars-2022-scaled.jpg?fit=1200%2C775&ssl=1&resize=350%2C200","width":350,"height":200,"srcset":"https:\/\/i0.wp.com\/www.jojoenherbe.com\/wp-content\/uploads\/2022\/03\/Selection-mars-2022-scaled.jpg?fit=1200%2C775&ssl=1&resize=350%2C200 1x, https:\/\/i0.wp.com\/www.jojoenherbe.com\/wp-content\/uploads\/2022\/03\/Selection-mars-2022-scaled.jpg?fit=1200%2C775&ssl=1&resize=525%2C300 1.5x, https:\/\/i0.wp.com\/www.jojoenherbe.com\/wp-content\/uploads\/2022\/03\/Selection-mars-2022-scaled.jpg?fit=1200%2C775&ssl=1&resize=700%2C400 2x, https:\/\/i0.wp.com\/www.jojoenherbe.com\/wp-content\/uploads\/2022\/03\/Selection-mars-2022-scaled.jpg?fit=1200%2C775&ssl=1&resize=1050%2C600 3x"},"classes":[]},{"id":36247,"url":"https:\/\/www.jojoenherbe.com\/index.php\/2024\/06\/11\/bilan-de-lecture-mai-2024\/","url_meta":{"origin":35521,"position":3},"title":"Bilan de lecture: mai 2024","author":"Jojo","date":"11 juin 2024","format":false,"excerpt":"Avec retard, voici le bilan de lecture du mois de mai 2024. Cette ann\u00e9e, le printemps est bien pluvieux et les sorties se sont faites encore rares le mois dernier. Le temps \u00e9tait donc propice \u00e0 la lecture encore une fois. En mai 2024, j'ai continu\u00e9 des lectures pour Un\u2026","rel":"","context":"Dans &quot;Mini blogueur&quot;","block_context":{"text":"Mini blogueur","link":"https:\/\/www.jojoenherbe.com\/index.php\/category\/mini-blogueur\/"},"img":{"alt_text":"","src":"https:\/\/i0.wp.com\/www.jojoenherbe.com\/wp-content\/uploads\/2024\/05\/Selection-Mai-2024-scaled.jpg?fit=1200%2C946&ssl=1&resize=350%2C200","width":350,"height":200,"srcset":"https:\/\/i0.wp.com\/www.jojoenherbe.com\/wp-content\/uploads\/2024\/05\/Selection-Mai-2024-scaled.jpg?fit=1200%2C946&ssl=1&resize=350%2C200 1x, https:\/\/i0.wp.com\/www.jojoenherbe.com\/wp-content\/uploads\/2024\/05\/Selection-Mai-2024-scaled.jpg?fit=1200%2C946&ssl=1&resize=525%2C300 1.5x, https:\/\/i0.wp.com\/www.jojoenherbe.com\/wp-content\/uploads\/2024\/05\/Selection-Mai-2024-scaled.jpg?fit=1200%2C946&ssl=1&resize=700%2C400 2x, https:\/\/i0.wp.com\/www.jojoenherbe.com\/wp-content\/uploads\/2024\/05\/Selection-Mai-2024-scaled.jpg?fit=1200%2C946&ssl=1&resize=1050%2C600 3x"},"classes":[]},{"id":30384,"url":"https:\/\/www.jojoenherbe.com\/index.php\/2023\/04\/01\/billet-de-suivi-un-mois-au-japon-2023\/","url_meta":{"origin":35521,"position":4},"title":"Billet de suivi: Un Mois au Japon 2023","author":"Jojo","date":"1 avril 2023","format":false,"excerpt":"Pour la sixi\u00e8me ann\u00e9e cons\u00e9cutive, Hilde et Lou coorganisent au mois d'avril Un Mois au Japon 2023. Le challenge se d\u00e9roule donc du 1er au 30 avril avec possibilit\u00e9 de continuer \u00e0 partager au mois de mai sur les blogs selon nos envies (livres, films, photos, loisirs cr\u00e9atifs, recettes japonaises...).\u2026","rel":"","context":"Dans &quot;Mini challenger&quot;","block_context":{"text":"Mini challenger","link":"https:\/\/www.jojoenherbe.com\/index.php\/category\/mini-challenger\/"},"img":{"alt_text":"","src":"https:\/\/i0.wp.com\/www.jojoenherbe.com\/wp-content\/uploads\/2023\/03\/Un-Mois-au-Japon-2023.jpg?fit=768%2C768&ssl=1&resize=350%2C200","width":350,"height":200,"srcset":"https:\/\/i0.wp.com\/www.jojoenherbe.com\/wp-content\/uploads\/2023\/03\/Un-Mois-au-Japon-2023.jpg?fit=768%2C768&ssl=1&resize=350%2C200 1x, https:\/\/i0.wp.com\/www.jojoenherbe.com\/wp-content\/uploads\/2023\/03\/Un-Mois-au-Japon-2023.jpg?fit=768%2C768&ssl=1&resize=525%2C300 1.5x, https:\/\/i0.wp.com\/www.jojoenherbe.com\/wp-content\/uploads\/2023\/03\/Un-Mois-au-Japon-2023.jpg?fit=768%2C768&ssl=1&resize=700%2C400 2x"},"classes":[]},{"id":16885,"url":"https:\/\/www.jojoenherbe.com\/index.php\/2021\/04\/01\/billet-de-suivi-un-mois-au-japon-2021\/","url_meta":{"origin":35521,"position":5},"title":"Billet de suivi: Un mois au Japon 2021","author":"Jojo","date":"1 avril 2021","format":false,"excerpt":"Apr\u00e8s un British Mysteries Month le mois dernier, Hilde et Lou organisent au mois d'avril 2021 Un mois au Japon. Nos deux coorganisatrices ont pr\u00e9vu un programme facultatif que je vais essayer de suivre le plus possible. Pour plus d\u2019infos, n\u2019h\u00e9sitez pas \u00e0 aller sur leurs blogs. Ce billet sera\u2026","rel":"","context":"Dans &quot;Mini challenger&quot;","block_context":{"text":"Mini challenger","link":"https:\/\/www.jojoenherbe.com\/index.php\/category\/mini-challenger\/"},"img":{"alt_text":"","src":"https:\/\/i0.wp.com\/www.jojoenherbe.com\/wp-content\/uploads\/2021\/03\/logo-Un-mois-au-Japon-2021.jpeg?fit=1108%2C1108&ssl=1&resize=350%2C200","width":350,"height":200,"srcset":"https:\/\/i0.wp.com\/www.jojoenherbe.com\/wp-content\/uploads\/2021\/03\/logo-Un-mois-au-Japon-2021.jpeg?fit=1108%2C1108&ssl=1&resize=350%2C200 1x, https:\/\/i0.wp.com\/www.jojoenherbe.com\/wp-content\/uploads\/2021\/03\/logo-Un-mois-au-Japon-2021.jpeg?fit=1108%2C1108&ssl=1&resize=525%2C300 1.5x, https:\/\/i0.wp.com\/www.jojoenherbe.com\/wp-content\/uploads\/2021\/03\/logo-Un-mois-au-Japon-2021.jpeg?fit=1108%2C1108&ssl=1&resize=700%2C400 2x, https:\/\/i0.wp.com\/www.jojoenherbe.com\/wp-content\/uploads\/2021\/03\/logo-Un-mois-au-Japon-2021.jpeg?fit=1108%2C1108&ssl=1&resize=1050%2C600 3x"},"classes":[]}],"_links":{"self":[{"href":"https:\/\/www.jojoenherbe.com\/index.php\/wp-json\/wp\/v2\/posts\/35521","targetHints":{"allow":["GET"]}}],"collection":[{"href":"https:\/\/www.jojoenherbe.com\/index.php\/wp-json\/wp\/v2\/posts"}],"about":[{"href":"https:\/\/www.jojoenherbe.com\/index.php\/wp-json\/wp\/v2\/types\/post"}],"author":[{"embeddable":true,"href":"https:\/\/www.jojoenherbe.com\/index.php\/wp-json\/wp\/v2\/users\/1"}],"replies":[{"embeddable":true,"href":"https:\/\/www.jojoenherbe.com\/index.php\/wp-json\/wp\/v2\/comments?post=35521"}],"version-history":[{"count":20,"href":"https:\/\/www.jojoenherbe.com\/index.php\/wp-json\/wp\/v2\/posts\/35521\/revisions"}],"predecessor-version":[{"id":35856,"href":"https:\/\/www.jojoenherbe.com\/index.php\/wp-json\/wp\/v2\/posts\/35521\/revisions\/35856"}],"wp:featuredmedia":[{"embeddable":true,"href":"https:\/\/www.jojoenherbe.com\/index.php\/wp-json\/wp\/v2\/media\/35483"}],"wp:attachment":[{"href":"https:\/\/www.jojoenherbe.com\/index.php\/wp-json\/wp\/v2\/media?parent=35521"}],"wp:term":[{"taxonomy":"category","embeddable":true,"href":"https:\/\/www.jojoenherbe.com\/index.php\/wp-json\/wp\/v2\/categories?post=35521"},{"taxonomy":"post_tag","embeddable":true,"href":"https:\/\/www.jojoenherbe.com\/index.php\/wp-json\/wp\/v2\/tags?post=35521"}],"curies":[{"name":"wp","href":"https:\/\/api.w.org\/{rel}","templated":true}]}}