{"id":35272,"date":"2024-03-20T17:51:50","date_gmt":"2024-03-20T16:51:50","guid":{"rendered":"https:\/\/www.jojoenherbe.com\/?p=35272"},"modified":"2026-03-26T17:58:50","modified_gmt":"2026-03-26T16:58:50","slug":"au-fil-des-pages-avec-hiver-a-lopera","status":"publish","type":"post","link":"https:\/\/www.jojoenherbe.com\/index.php\/2024\/03\/20\/au-fil-des-pages-avec-hiver-a-lopera\/","title":{"rendered":"Au fil des pages avec Hiver \u00e0 l&rsquo;Op\u00e9ra"},"content":{"rendered":"<p style=\"text-align: justify;\"><em><a href=\"https:\/\/i0.wp.com\/www.jojoenherbe.com\/wp-content\/uploads\/2024\/03\/Hiver-a-lOpera-2.jpg\"><img data-recalc-dims=\"1\" loading=\"lazy\" decoding=\"async\" data-attachment-id=\"35277\" data-permalink=\"https:\/\/www.jojoenherbe.com\/index.php\/2024\/03\/20\/au-fil-des-pages-avec-hiver-a-lopera\/hiver-a-lopera-2\/\" data-orig-file=\"https:\/\/i0.wp.com\/www.jojoenherbe.com\/wp-content\/uploads\/2024\/03\/Hiver-a-lOpera-2.jpg?fit=750%2C1091&amp;ssl=1\" data-orig-size=\"750,1091\" data-comments-opened=\"1\" data-image-meta=\"{&quot;aperture&quot;:&quot;0&quot;,&quot;credit&quot;:&quot;&quot;,&quot;camera&quot;:&quot;&quot;,&quot;caption&quot;:&quot;&quot;,&quot;created_timestamp&quot;:&quot;0&quot;,&quot;copyright&quot;:&quot;&quot;,&quot;focal_length&quot;:&quot;0&quot;,&quot;iso&quot;:&quot;0&quot;,&quot;shutter_speed&quot;:&quot;0&quot;,&quot;title&quot;:&quot;&quot;,&quot;orientation&quot;:&quot;1&quot;}\" data-image-title=\"Hiver \u00e0 l&amp;rsquo;Op\u00e9ra 2\" data-image-description=\"\" data-image-caption=\"\" data-large-file=\"https:\/\/i0.wp.com\/www.jojoenherbe.com\/wp-content\/uploads\/2024\/03\/Hiver-a-lOpera-2.jpg?fit=676%2C983&amp;ssl=1\" class=\"alignleft size-thumbnail wp-image-35277\" src=\"https:\/\/i0.wp.com\/www.jojoenherbe.com\/wp-content\/uploads\/2024\/03\/Hiver-a-lOpera-2.jpg?resize=150%2C150\" alt=\"\" width=\"150\" height=\"150\" srcset=\"https:\/\/i0.wp.com\/www.jojoenherbe.com\/wp-content\/uploads\/2024\/03\/Hiver-a-lOpera-2.jpg?resize=150%2C150&amp;ssl=1 150w, https:\/\/i0.wp.com\/www.jojoenherbe.com\/wp-content\/uploads\/2024\/03\/Hiver-a-lOpera-2.jpg?zoom=2&amp;resize=150%2C150 300w, https:\/\/i0.wp.com\/www.jojoenherbe.com\/wp-content\/uploads\/2024\/03\/Hiver-a-lOpera-2.jpg?zoom=3&amp;resize=150%2C150 450w\" sizes=\"auto, (max-width: 150px) 100vw, 150px\" \/><\/a> <a href=\"https:\/\/i0.wp.com\/www.jojoenherbe.com\/wp-content\/uploads\/2024\/03\/Hiver-a-lOpera-9.jpg\"><img data-recalc-dims=\"1\" loading=\"lazy\" decoding=\"async\" data-attachment-id=\"35278\" data-permalink=\"https:\/\/www.jojoenherbe.com\/index.php\/2024\/03\/20\/au-fil-des-pages-avec-hiver-a-lopera\/hiver-a-lopera-9\/\" data-orig-file=\"https:\/\/i0.wp.com\/www.jojoenherbe.com\/wp-content\/uploads\/2024\/03\/Hiver-a-lOpera-9.jpg?fit=750%2C1136&amp;ssl=1\" data-orig-size=\"750,1136\" data-comments-opened=\"1\" data-image-meta=\"{&quot;aperture&quot;:&quot;0&quot;,&quot;credit&quot;:&quot;&quot;,&quot;camera&quot;:&quot;&quot;,&quot;caption&quot;:&quot;&quot;,&quot;created_timestamp&quot;:&quot;0&quot;,&quot;copyright&quot;:&quot;&quot;,&quot;focal_length&quot;:&quot;0&quot;,&quot;iso&quot;:&quot;0&quot;,&quot;shutter_speed&quot;:&quot;0&quot;,&quot;title&quot;:&quot;&quot;,&quot;orientation&quot;:&quot;1&quot;}\" data-image-title=\"Hiver \u00e0 l&amp;rsquo;Op\u00e9ra 9\" data-image-description=\"\" data-image-caption=\"\" data-large-file=\"https:\/\/i0.wp.com\/www.jojoenherbe.com\/wp-content\/uploads\/2024\/03\/Hiver-a-lOpera-9.jpg?fit=676%2C1024&amp;ssl=1\" class=\"alignleft size-thumbnail wp-image-35278\" src=\"https:\/\/i0.wp.com\/www.jojoenherbe.com\/wp-content\/uploads\/2024\/03\/Hiver-a-lOpera-9.jpg?resize=150%2C150\" alt=\"\" width=\"150\" height=\"150\" srcset=\"https:\/\/i0.wp.com\/www.jojoenherbe.com\/wp-content\/uploads\/2024\/03\/Hiver-a-lOpera-9.jpg?resize=150%2C150&amp;ssl=1 150w, https:\/\/i0.wp.com\/www.jojoenherbe.com\/wp-content\/uploads\/2024\/03\/Hiver-a-lOpera-9.jpg?zoom=2&amp;resize=150%2C150 300w, https:\/\/i0.wp.com\/www.jojoenherbe.com\/wp-content\/uploads\/2024\/03\/Hiver-a-lOpera-9.jpg?zoom=3&amp;resize=150%2C150 450w\" sizes=\"auto, (max-width: 150px) 100vw, 150px\" \/><\/a>Le mois dernier, j\u2019ai lu <span style=\"text-decoration: underline;\">Hiver \u00e0 l\u2019Op\u00e9ra<\/span> de Philippe Pelaez et Alexis Chabert (\u00e9d. Grand Angle, octobre 2023, 72 pages), une BD adulte consultable en ligne gr\u00e2ce \u00e0 ma m\u00e9diath\u00e8que et qui se passe quelques temps apr\u00e8s les faits d\u2019<a href=\"https:\/\/www.jojoenherbe.com\/index.php\/2023\/11\/28\/au-fil-des-pages-avec-automne-en-baie-de-somme\/\"><span style=\"text-decoration: underline;\">Automne en baie de Somme<\/span><\/a> avec une nouvelle enqu\u00eate, en f\u00e9vrier 1897, \u00e0 Paris, d\u2019Amaury Broyan inspecteur d\u00e9sormais r\u00e9voqu\u00e9 de la police. Mais l&rsquo;est-il r\u00e9ellement? Pr\u00e9sent lors d&rsquo;une repr\u00e9sentation de la Damnation de Faust \u00e0 l&rsquo;Op\u00e9ra Garnier, il assiste au crime du colonel Tr\u00e9veaux, charg\u00e9 de la s\u00e9curit\u00e9 du pr\u00e9sident Faure et se lance \u00e0 la poursuite de la coupable.\u00a0 L&rsquo;inspecteur a-t-il vraiment sombr\u00e9 dans le d\u00e9sespoir et la vengeance depuis le meurtre de sa fille Florine en se rapprochant de groupuscules nationalistes?<br \/>\n<\/em><\/p>\n<p style=\"text-align: justify;\"><em><a href=\"https:\/\/i0.wp.com\/www.jojoenherbe.com\/wp-content\/uploads\/2024\/03\/Hiver-a-lOpera-7.jpg\"><img data-recalc-dims=\"1\" loading=\"lazy\" decoding=\"async\" data-attachment-id=\"35279\" data-permalink=\"https:\/\/www.jojoenherbe.com\/index.php\/2024\/03\/20\/au-fil-des-pages-avec-hiver-a-lopera\/hiver-a-lopera-7\/\" data-orig-file=\"https:\/\/i0.wp.com\/www.jojoenherbe.com\/wp-content\/uploads\/2024\/03\/Hiver-a-lOpera-7.jpg?fit=750%2C1095&amp;ssl=1\" data-orig-size=\"750,1095\" data-comments-opened=\"1\" data-image-meta=\"{&quot;aperture&quot;:&quot;0&quot;,&quot;credit&quot;:&quot;&quot;,&quot;camera&quot;:&quot;&quot;,&quot;caption&quot;:&quot;&quot;,&quot;created_timestamp&quot;:&quot;0&quot;,&quot;copyright&quot;:&quot;&quot;,&quot;focal_length&quot;:&quot;0&quot;,&quot;iso&quot;:&quot;0&quot;,&quot;shutter_speed&quot;:&quot;0&quot;,&quot;title&quot;:&quot;&quot;,&quot;orientation&quot;:&quot;1&quot;}\" data-image-title=\"Hiver \u00e0 l&amp;rsquo;Op\u00e9ra 7\" data-image-description=\"\" data-image-caption=\"\" data-large-file=\"https:\/\/i0.wp.com\/www.jojoenherbe.com\/wp-content\/uploads\/2024\/03\/Hiver-a-lOpera-7.jpg?fit=676%2C987&amp;ssl=1\" class=\"size-thumbnail wp-image-35279 alignright\" src=\"https:\/\/i0.wp.com\/www.jojoenherbe.com\/wp-content\/uploads\/2024\/03\/Hiver-a-lOpera-7.jpg?resize=150%2C150\" alt=\"\" width=\"150\" height=\"150\" srcset=\"https:\/\/i0.wp.com\/www.jojoenherbe.com\/wp-content\/uploads\/2024\/03\/Hiver-a-lOpera-7.jpg?resize=150%2C150&amp;ssl=1 150w, https:\/\/i0.wp.com\/www.jojoenherbe.com\/wp-content\/uploads\/2024\/03\/Hiver-a-lOpera-7.jpg?zoom=2&amp;resize=150%2C150 300w, https:\/\/i0.wp.com\/www.jojoenherbe.com\/wp-content\/uploads\/2024\/03\/Hiver-a-lOpera-7.jpg?zoom=3&amp;resize=150%2C150 450w\" sizes=\"auto, (max-width: 150px) 100vw, 150px\" \/><\/a> <a href=\"https:\/\/i0.wp.com\/www.jojoenherbe.com\/wp-content\/uploads\/2024\/03\/Hiver-a-lOpera-12.jpg\"><img data-recalc-dims=\"1\" loading=\"lazy\" decoding=\"async\" data-attachment-id=\"35280\" data-permalink=\"https:\/\/www.jojoenherbe.com\/index.php\/2024\/03\/20\/au-fil-des-pages-avec-hiver-a-lopera\/hiver-a-lopera-12\/\" data-orig-file=\"https:\/\/i0.wp.com\/www.jojoenherbe.com\/wp-content\/uploads\/2024\/03\/Hiver-a-lOpera-12.jpg?fit=750%2C1090&amp;ssl=1\" data-orig-size=\"750,1090\" data-comments-opened=\"1\" data-image-meta=\"{&quot;aperture&quot;:&quot;0&quot;,&quot;credit&quot;:&quot;&quot;,&quot;camera&quot;:&quot;&quot;,&quot;caption&quot;:&quot;&quot;,&quot;created_timestamp&quot;:&quot;0&quot;,&quot;copyright&quot;:&quot;&quot;,&quot;focal_length&quot;:&quot;0&quot;,&quot;iso&quot;:&quot;0&quot;,&quot;shutter_speed&quot;:&quot;0&quot;,&quot;title&quot;:&quot;&quot;,&quot;orientation&quot;:&quot;1&quot;}\" data-image-title=\"Hiver \u00e0 l&amp;rsquo;Op\u00e9ra 12\" data-image-description=\"\" data-image-caption=\"\" data-large-file=\"https:\/\/i0.wp.com\/www.jojoenherbe.com\/wp-content\/uploads\/2024\/03\/Hiver-a-lOpera-12.jpg?fit=676%2C982&amp;ssl=1\" class=\"size-thumbnail wp-image-35280 alignright\" src=\"https:\/\/i0.wp.com\/www.jojoenherbe.com\/wp-content\/uploads\/2024\/03\/Hiver-a-lOpera-12.jpg?resize=150%2C150\" alt=\"\" width=\"150\" height=\"150\" srcset=\"https:\/\/i0.wp.com\/www.jojoenherbe.com\/wp-content\/uploads\/2024\/03\/Hiver-a-lOpera-12.jpg?resize=150%2C150&amp;ssl=1 150w, https:\/\/i0.wp.com\/www.jojoenherbe.com\/wp-content\/uploads\/2024\/03\/Hiver-a-lOpera-12.jpg?zoom=2&amp;resize=150%2C150 300w, https:\/\/i0.wp.com\/www.jojoenherbe.com\/wp-content\/uploads\/2024\/03\/Hiver-a-lOpera-12.jpg?zoom=3&amp;resize=150%2C150 450w\" sizes=\"auto, (max-width: 150px) 100vw, 150px\" \/><\/a>Ce nouveau tome m\u00eale enqu\u00eate polici\u00e8re, complots politiques au c\u0153ur de la IIIe R\u00e9publique avec une immersion dans les milieux populistes et d\u2019extr\u00eame-droite mais aussi spiritisme et hypnose, tout en se r\u00e9appropriant <span style=\"text-decoration: underline;\">Le Fant\u00f4me de l\u2019Op\u00e9ra<\/span> de Gaston Leroux (1910) &#8211; petit clin d\u2019\u0153il au Challenge 2024 sera classique aussi de Nathalie. D&rsquo;ailleurs, \u00e0 la place des extraits de Nelly Roussel du premier tome, on trouve cette fois un extrait de Gaston Leroux puis de Victor Hugo, adepte du spiritisme et qui a particip\u00e9 \u00e0 des tables parlantes afin de rentrer en contact avec l&rsquo;esprit de sa fille L\u00e9opoldine, ne s&rsquo;\u00e9tant pas remis de son d\u00e9c\u00e8s, \u00e0 l&rsquo;instar de l&rsquo;inspecteur qui tente d&rsquo;oublier dans l&rsquo;opium. Il y est ainsi aussi question de deuil et de folie.<br \/>\n<\/em><\/p>\n<p style=\"text-align: justify;\"><em><a href=\"https:\/\/i0.wp.com\/www.jojoenherbe.com\/wp-content\/uploads\/2024\/03\/Hiver-a-lOpera-4.jpg\"><img data-recalc-dims=\"1\" loading=\"lazy\" decoding=\"async\" data-attachment-id=\"35286\" data-permalink=\"https:\/\/www.jojoenherbe.com\/index.php\/2024\/03\/20\/au-fil-des-pages-avec-hiver-a-lopera\/hiver-a-lopera-4\/\" data-orig-file=\"https:\/\/i0.wp.com\/www.jojoenherbe.com\/wp-content\/uploads\/2024\/03\/Hiver-a-lOpera-4.jpg?fit=750%2C1113&amp;ssl=1\" data-orig-size=\"750,1113\" data-comments-opened=\"1\" data-image-meta=\"{&quot;aperture&quot;:&quot;0&quot;,&quot;credit&quot;:&quot;&quot;,&quot;camera&quot;:&quot;&quot;,&quot;caption&quot;:&quot;&quot;,&quot;created_timestamp&quot;:&quot;0&quot;,&quot;copyright&quot;:&quot;&quot;,&quot;focal_length&quot;:&quot;0&quot;,&quot;iso&quot;:&quot;0&quot;,&quot;shutter_speed&quot;:&quot;0&quot;,&quot;title&quot;:&quot;&quot;,&quot;orientation&quot;:&quot;1&quot;}\" data-image-title=\"Hiver \u00e0 l&amp;rsquo;Op\u00e9ra 4\" data-image-description=\"\" data-image-caption=\"\" data-large-file=\"https:\/\/i0.wp.com\/www.jojoenherbe.com\/wp-content\/uploads\/2024\/03\/Hiver-a-lOpera-4.jpg?fit=676%2C1003&amp;ssl=1\" class=\"alignleft size-thumbnail wp-image-35286\" src=\"https:\/\/i0.wp.com\/www.jojoenherbe.com\/wp-content\/uploads\/2024\/03\/Hiver-a-lOpera-4.jpg?resize=150%2C150\" alt=\"\" width=\"150\" height=\"150\" srcset=\"https:\/\/i0.wp.com\/www.jojoenherbe.com\/wp-content\/uploads\/2024\/03\/Hiver-a-lOpera-4.jpg?resize=150%2C150&amp;ssl=1 150w, https:\/\/i0.wp.com\/www.jojoenherbe.com\/wp-content\/uploads\/2024\/03\/Hiver-a-lOpera-4.jpg?zoom=2&amp;resize=150%2C150 300w, https:\/\/i0.wp.com\/www.jojoenherbe.com\/wp-content\/uploads\/2024\/03\/Hiver-a-lOpera-4.jpg?zoom=3&amp;resize=150%2C150 450w\" sizes=\"auto, (max-width: 150px) 100vw, 150px\" \/><\/a> <a href=\"https:\/\/i0.wp.com\/www.jojoenherbe.com\/wp-content\/uploads\/2024\/03\/Hiver-a-lOpera-8.jpg\"><img data-recalc-dims=\"1\" loading=\"lazy\" decoding=\"async\" data-attachment-id=\"35282\" data-permalink=\"https:\/\/www.jojoenherbe.com\/index.php\/2024\/03\/20\/au-fil-des-pages-avec-hiver-a-lopera\/hiver-a-lopera-8\/\" data-orig-file=\"https:\/\/i0.wp.com\/www.jojoenherbe.com\/wp-content\/uploads\/2024\/03\/Hiver-a-lOpera-8.jpg?fit=750%2C1107&amp;ssl=1\" data-orig-size=\"750,1107\" data-comments-opened=\"1\" data-image-meta=\"{&quot;aperture&quot;:&quot;0&quot;,&quot;credit&quot;:&quot;&quot;,&quot;camera&quot;:&quot;&quot;,&quot;caption&quot;:&quot;&quot;,&quot;created_timestamp&quot;:&quot;0&quot;,&quot;copyright&quot;:&quot;&quot;,&quot;focal_length&quot;:&quot;0&quot;,&quot;iso&quot;:&quot;0&quot;,&quot;shutter_speed&quot;:&quot;0&quot;,&quot;title&quot;:&quot;&quot;,&quot;orientation&quot;:&quot;1&quot;}\" data-image-title=\"Hiver \u00e0 l&amp;rsquo;Op\u00e9ra 8\" data-image-description=\"\" data-image-caption=\"\" data-large-file=\"https:\/\/i0.wp.com\/www.jojoenherbe.com\/wp-content\/uploads\/2024\/03\/Hiver-a-lOpera-8.jpg?fit=676%2C997&amp;ssl=1\" class=\"alignleft size-thumbnail wp-image-35282\" src=\"https:\/\/i0.wp.com\/www.jojoenherbe.com\/wp-content\/uploads\/2024\/03\/Hiver-a-lOpera-8.jpg?resize=150%2C150\" alt=\"\" width=\"150\" height=\"150\" srcset=\"https:\/\/i0.wp.com\/www.jojoenherbe.com\/wp-content\/uploads\/2024\/03\/Hiver-a-lOpera-8.jpg?resize=150%2C150&amp;ssl=1 150w, https:\/\/i0.wp.com\/www.jojoenherbe.com\/wp-content\/uploads\/2024\/03\/Hiver-a-lOpera-8.jpg?zoom=2&amp;resize=150%2C150 300w, https:\/\/i0.wp.com\/www.jojoenherbe.com\/wp-content\/uploads\/2024\/03\/Hiver-a-lOpera-8.jpg?zoom=3&amp;resize=150%2C150 450w\" sizes=\"auto, (max-width: 150px) 100vw, 150px\" \/><\/a>Un bon moment de lecture avec ce tome 2 m\u00eame si j&rsquo;ai pr\u00e9f\u00e9r\u00e9 le tome pr\u00e9c\u00e9dent qui m&rsquo;avait bien plu surprise pour son ambiance noire et un brin immorale! Nous retrouvons cette ambiance ici, l&rsquo;inspecteur \u00e9tant toujours aussi sombre, mais cette fois dans un d\u00e9cor hivernal et un brin fantomatique et paranormal, la folie n&rsquo;\u00e9tant jamais loin. Cela ressort de la mise en page dynamique et parfois en ab\u00eeme des planches de dessin d&rsquo;Alexis Chabert. Je me \u00a0suis m\u00eame habitu\u00e9e aux traits un peu grossier des personnages tout en appr\u00e9ciant les d\u00e9cors parisien de la Belle-\u00c9poque et l&rsquo;influence d&rsquo;Alfons Mucha et d&rsquo;Edgar Degas. Si un tome 3 venait \u00e0 para\u00eetre (sur le printemps?), je n&rsquo;h\u00e9siterai pas \u00e0 le lire.<\/em><\/p>\n<p><em>Pour d&rsquo;autres avis sur ce tome: <a href=\"https:\/\/delivrer-des-livres.fr\/hiver-a-lopera\/\">Nathalie<\/a>.<\/em><\/p>\n<div id=\"attachment_33586\" style=\"width: 119px\" class=\"wp-caption alignleft\"><img data-recalc-dims=\"1\" loading=\"lazy\" decoding=\"async\" aria-describedby=\"caption-attachment-33586\" data-attachment-id=\"33586\" data-permalink=\"https:\/\/www.jojoenherbe.com\/index.php\/2024\/03\/12\/billet-de-suivi-challenge-petit-bac-2024\/challenge-petit-bac-2024\/\" data-orig-file=\"https:\/\/i0.wp.com\/www.jojoenherbe.com\/wp-content\/uploads\/2023\/12\/Challenge-Petit-Bac-2024.jpg?fit=285%2C217&amp;ssl=1\" data-orig-size=\"285,217\" data-comments-opened=\"1\" data-image-meta=\"{&quot;aperture&quot;:&quot;0&quot;,&quot;credit&quot;:&quot;&quot;,&quot;camera&quot;:&quot;&quot;,&quot;caption&quot;:&quot;&quot;,&quot;created_timestamp&quot;:&quot;1702656450&quot;,&quot;copyright&quot;:&quot;&quot;,&quot;focal_length&quot;:&quot;0&quot;,&quot;iso&quot;:&quot;0&quot;,&quot;shutter_speed&quot;:&quot;0&quot;,&quot;title&quot;:&quot;&quot;,&quot;orientation&quot;:&quot;0&quot;}\" data-image-title=\"Challenge Petit Bac 2024\" data-image-description=\"\" data-image-caption=\"\" data-large-file=\"https:\/\/i0.wp.com\/www.jojoenherbe.com\/wp-content\/uploads\/2023\/12\/Challenge-Petit-Bac-2024.jpg?fit=285%2C217&amp;ssl=1\" class=\"wp-image-33586\" src=\"https:\/\/i0.wp.com\/www.jojoenherbe.com\/wp-content\/uploads\/2023\/12\/Challenge-Petit-Bac-2024.jpg?resize=109%2C83\" alt=\"\" width=\"109\" height=\"83\" \/><p id=\"caption-attachment-33586\" class=\"wp-caption-text\">Challenge Petit Bac d\u2019<a href=\"https:\/\/ennalit.wordpress.com\/2023\/12\/01\/challenge-petit-bac-2024-qui-veut-jouer\/\">Enna<\/a> #2 Cat\u00e9gorie Lieu: \u00ab Op\u00e9ra \u00bb<\/p><\/div>\n<div id=\"attachment_34167\" style=\"width: 138px\" class=\"wp-caption alignleft\"><img data-recalc-dims=\"1\" loading=\"lazy\" decoding=\"async\" aria-describedby=\"caption-attachment-34167\" data-attachment-id=\"34167\" data-permalink=\"https:\/\/www.jojoenherbe.com\/index.php\/2024\/01\/02\/mes-challenges-livresques-2024\/2024-sera-classique-aussi-logo\/\" data-orig-file=\"https:\/\/i0.wp.com\/www.jojoenherbe.com\/wp-content\/uploads\/2024\/01\/2024-sera-classique-aussi-logo.png?fit=768%2C430&amp;ssl=1\" data-orig-size=\"768,430\" data-comments-opened=\"1\" data-image-meta=\"{&quot;aperture&quot;:&quot;0&quot;,&quot;credit&quot;:&quot;&quot;,&quot;camera&quot;:&quot;&quot;,&quot;caption&quot;:&quot;&quot;,&quot;created_timestamp&quot;:&quot;0&quot;,&quot;copyright&quot;:&quot;&quot;,&quot;focal_length&quot;:&quot;0&quot;,&quot;iso&quot;:&quot;0&quot;,&quot;shutter_speed&quot;:&quot;0&quot;,&quot;title&quot;:&quot;&quot;,&quot;orientation&quot;:&quot;0&quot;}\" data-image-title=\"2024 sera classique aussi &amp;#8211; logo\" data-image-description=\"\" data-image-caption=\"\" data-large-file=\"https:\/\/i0.wp.com\/www.jojoenherbe.com\/wp-content\/uploads\/2024\/01\/2024-sera-classique-aussi-logo.png?fit=676%2C378&amp;ssl=1\" class=\"wp-image-34167\" src=\"https:\/\/i0.wp.com\/www.jojoenherbe.com\/wp-content\/uploads\/2024\/01\/2024-sera-classique-aussi-logo.png?resize=128%2C71\" alt=\"\" width=\"128\" height=\"71\" srcset=\"https:\/\/i0.wp.com\/www.jojoenherbe.com\/wp-content\/uploads\/2024\/01\/2024-sera-classique-aussi-logo.png?w=768&amp;ssl=1 768w, https:\/\/i0.wp.com\/www.jojoenherbe.com\/wp-content\/uploads\/2024\/01\/2024-sera-classique-aussi-logo.png?resize=300%2C168&amp;ssl=1 300w, https:\/\/i0.wp.com\/www.jojoenherbe.com\/wp-content\/uploads\/2024\/01\/2024-sera-classique-aussi-logo.png?resize=676%2C378&amp;ssl=1 676w\" sizes=\"auto, (max-width: 128px) 100vw, 128px\" \/><p id=\"caption-attachment-34167\" class=\"wp-caption-text\">Participation#5 Challenge 2024 sera classique aussi! de <em><a href=\"https:\/\/delivrer-des-livres.fr\/2024-sera-classique-aussi\/\">Nathalie<\/a><\/em><\/p><\/div>\n","protected":false},"excerpt":{"rendered":"<p>Le mois dernier, j\u2019ai lu Hiver \u00e0 l\u2019Op\u00e9ra de Philippe Pelaez et Alexis Chabert (\u00e9d. Grand Angle, octobre 2023, 72 pages), une BD adulte consultable en ligne gr\u00e2ce \u00e0 ma m\u00e9diath\u00e8que et qui se passe quelques temps apr\u00e8s les faits d\u2019Automne en baie de Somme avec une nouvelle enqu\u00eate, en f\u00e9vrier 1897, \u00e0 Paris, d\u2019Amaury [&hellip;]<\/p>\n","protected":false},"author":1,"featured_media":43434,"comment_status":"open","ping_status":"open","sticky":false,"template":"","format":"standard","meta":{"jetpack_post_was_ever_published":false,"_jetpack_newsletter_access":"","_jetpack_dont_email_post_to_subs":false,"_jetpack_newsletter_tier_id":0,"_jetpack_memberships_contains_paywalled_content":false,"_jetpack_memberships_contains_paid_content":false,"footnotes":""},"categories":[363],"tags":[1347,4013,3938,4195,4196,596,2087,1816,3939,3974,4197,936,1779,4193,341,1725,3707,1331,861,4191,3087,578,3937,4192,4190],"class_list":["post-35272","post","type-post","status-publish","format-standard","has-post-thumbnail","hentry","category-mini-lecteur","tag-18-ans-et-plus","tag-2024-sera-classique-aussi","tag-alexis-chabert","tag-anarchiste","tag-attentat","tag-bandes-dessinees","tag-bd-adulte","tag-bd-policiere","tag-belle-epoque","tag-challenge-petit-bac-2024","tag-complot-politique","tag-deuil","tag-enquete-policiere","tag-extreme-droite","tag-fantome","tag-folie","tag-inegalites-sociales","tag-meurtre","tag-opera","tag-opera-de-paris","tag-opium","tag-paris","tag-philippe-pelaez","tag-populisme","tag-spiritisme","post-preview"],"jetpack_featured_media_url":"https:\/\/i0.wp.com\/www.jojoenherbe.com\/wp-content\/uploads\/2024\/02\/Hiver-a-lOpera-T2.jpg?fit=750%2C986&ssl=1","jetpack_sharing_enabled":true,"jetpack_shortlink":"https:\/\/wp.me\/p9zhGx-9aU","jetpack_likes_enabled":true,"jetpack-related-posts":[{"id":33228,"url":"https:\/\/www.jojoenherbe.com\/index.php\/2023\/11\/28\/au-fil-des-pages-avec-automne-en-baie-de-somme\/","url_meta":{"origin":35272,"position":0},"title":"Au fil des pages avec Automne en baie de Somme","author":"Jojo","date":"28 novembre 2023","format":false,"excerpt":"J'ai lu Automne en baie de Somme de Philippe Pelaez et Alexis Chabert (\u00e9d. Grand Angle, mai 2022, 64 pages), une BD adulte dont l'illustration de couverture inspir\u00e9e du peintre Mucha m'a attir\u00e9e et qui s'est r\u00e9v\u00e9l\u00e9e \u00eatre une intrigue polici\u00e8re en un seul tome se d\u00e9roulant \u00e0 la Belle-\u00c9poque.\u2026","rel":"","context":"Dans &quot;Mini lecteur&quot;","block_context":{"text":"Mini lecteur","link":"https:\/\/www.jojoenherbe.com\/index.php\/category\/mini-lecteur\/"},"img":{"alt_text":"","src":"https:\/\/i0.wp.com\/www.jojoenherbe.com\/wp-content\/uploads\/2023\/11\/Automne-en-baie-de-Somme-scaled.jpg?fit=1200%2C985&ssl=1&resize=350%2C200","width":350,"height":200,"srcset":"https:\/\/i0.wp.com\/www.jojoenherbe.com\/wp-content\/uploads\/2023\/11\/Automne-en-baie-de-Somme-scaled.jpg?fit=1200%2C985&ssl=1&resize=350%2C200 1x, https:\/\/i0.wp.com\/www.jojoenherbe.com\/wp-content\/uploads\/2023\/11\/Automne-en-baie-de-Somme-scaled.jpg?fit=1200%2C985&ssl=1&resize=525%2C300 1.5x, https:\/\/i0.wp.com\/www.jojoenherbe.com\/wp-content\/uploads\/2023\/11\/Automne-en-baie-de-Somme-scaled.jpg?fit=1200%2C985&ssl=1&resize=700%2C400 2x, https:\/\/i0.wp.com\/www.jojoenherbe.com\/wp-content\/uploads\/2023\/11\/Automne-en-baie-de-Somme-scaled.jpg?fit=1200%2C985&ssl=1&resize=1050%2C600 3x"},"classes":[]},{"id":40743,"url":"https:\/\/www.jojoenherbe.com\/index.php\/2025\/09\/25\/throwback-thursday-livresque-livre-dont-le-titre-comporte-le-mot-automne\/","url_meta":{"origin":35272,"position":1},"title":"Throwback Thursday Livresque: Livre dont le titre comporte le mot \u00ab\u00a0Automne\u00a0\u00bb","author":"Jojo","date":"25 septembre 2025","format":false,"excerpt":"Ce jeudi 25 septembre 2025, je participe au Throwback Thursday Livresque, un rendez-vous livresque initialement chez Bettie Rose Books et repris depuis par Carole, les liens \u00e9tant \u00e0 d\u00e9poser chez My-Bo0ks. Le principe est de partager chaque jeudi un livre en fonction d\u2019un th\u00e8me donn\u00e9. Cette semaine, le th\u00e8me est\u2026","rel":"","context":"Dans &quot;Mini blogueur&quot;","block_context":{"text":"Mini blogueur","link":"https:\/\/www.jojoenherbe.com\/index.php\/category\/mini-blogueur\/"},"img":{"alt_text":"","src":"https:\/\/i0.wp.com\/www.jojoenherbe.com\/wp-content\/uploads\/2023\/10\/TTL-logo.jpg?resize=350%2C200","width":350,"height":200},"classes":[]},{"id":34424,"url":"https:\/\/www.jojoenherbe.com\/index.php\/2024\/01\/22\/point-lecture-hebdomadaire-2024-3\/","url_meta":{"origin":35272,"position":2},"title":"Point lecture hebdomadaire 2024 #3","author":"Jojo","date":"22 janvier 2024","format":false,"excerpt":"En ce d\u00e9but de semaine, voici notre point lecture hebdomadaire avec un retour sur nos lectures de la semaine derni\u00e8re (mais pas nos relectures). Nos lectures du 15 au 21 janvier 2024: Des lectures jeunesse: (BD jeunesse) Mortelle Ad\u00e8le et la galaxie des bizarres, Mortelle Ad\u00e8le, La rentr\u00e9e des claques\u2026","rel":"","context":"Dans &quot;Mini blogueur&quot;","block_context":{"text":"Mini blogueur","link":"https:\/\/www.jojoenherbe.com\/index.php\/category\/mini-blogueur\/"},"img":{"alt_text":"","src":"https:\/\/i0.wp.com\/www.jojoenherbe.com\/wp-content\/uploads\/2024\/01\/Mortelle-Adele-et-Ajax-BD-150x150.jpg?resize=350%2C200","width":350,"height":200},"classes":[]},{"id":34736,"url":"https:\/\/www.jojoenherbe.com\/index.php\/2024\/02\/12\/point-lecture-hebdomadaire-2024-6\/","url_meta":{"origin":35272,"position":3},"title":"Point lecture hebdomadaire 2024 #6","author":"Jojo","date":"12 f\u00e9vrier 2024","format":false,"excerpt":"En ce d\u00e9but de semaine, voici notre point lecture hebdomadaire avec un retour sur nos lectures de la semaine derni\u00e8re (mais pas nos relectures). Nos lectures du 5 au 11 f\u00e9vrier 2024: Des lectures jeunesse: (Album jeunesse) Le secret du Capitaine de Jean Leroy et de St\u00e9phane Poulin Nous avons\u2026","rel":"","context":"Dans &quot;Mini blogueur&quot;","block_context":{"text":"Mini blogueur","link":"https:\/\/www.jojoenherbe.com\/index.php\/category\/mini-blogueur\/"},"img":{"alt_text":"","src":"https:\/\/i0.wp.com\/www.jojoenherbe.com\/wp-content\/uploads\/2024\/02\/Le-secret-du-Capitaine-150x150.jpg?resize=350%2C200","width":350,"height":200},"classes":[]},{"id":33584,"url":"https:\/\/www.jojoenherbe.com\/index.php\/2024\/03\/12\/billet-de-suivi-challenge-petit-bac-2024\/","url_meta":{"origin":35272,"position":4},"title":"Billet de suivi: Challenge Petit Bac 2024","author":"Jojo","date":"12 mars 2024","format":false,"excerpt":"Je participe pour la sixi\u00e8me ann\u00e9e cons\u00e9cutive au Challenge Petit Bac d\u2019Enna, les cinq premi\u00e8res cat\u00e9gories restant identiques aux ann\u00e9es pr\u00e9c\u00e9dentes. Tous les mois, je vais actualiser ce billet et faire un point sur mes participations au challenge. Pour le moment, j\u2019ai termin\u00e9 mes 4 premi\u00e8res lignes et entam\u00e9 la\u2026","rel":"","context":"Dans &quot;Mini challenger&quot;","block_context":{"text":"Mini challenger","link":"https:\/\/www.jojoenherbe.com\/index.php\/category\/mini-challenger\/"},"img":{"alt_text":"","src":"https:\/\/i0.wp.com\/www.jojoenherbe.com\/wp-content\/uploads\/2023\/12\/Challenge-Petit-Bac-2024.jpg?fit=285%2C217&ssl=1&resize=350%2C200","width":350,"height":200},"classes":[]},{"id":43400,"url":"https:\/\/www.jojoenherbe.com\/index.php\/2026\/03\/24\/au-fil-des-pages-avec-le-secret-de-briars-hall-t4\/","url_meta":{"origin":35272,"position":5},"title":"Au fil des pages avec Le secret de Briar&rsquo;s Hall (T4)","author":"Jojo","date":"24 mars 2026","format":false,"excerpt":"J'ai lu, en e-book, Le secret de Briar's Hall, une enqu\u00eate de Loveday & Ryder de Faith Martin (\u00e9d. Harper Collins, juin 2021, 285 pages), le tome 4 de cette s\u00e9rie \"cosy mystery\" se d\u00e9roulant \u00e0 Oxford, en avril 1961. Au cours de la chasse aux \u0153ufs de P\u00e2ques organis\u00e9e\u2026","rel":"","context":"Dans &quot;Mini lecteur&quot;","block_context":{"text":"Mini lecteur","link":"https:\/\/www.jojoenherbe.com\/index.php\/category\/mini-lecteur\/"},"img":{"alt_text":"","src":"https:\/\/i0.wp.com\/www.jojoenherbe.com\/wp-content\/uploads\/2026\/03\/Le-secret-de-Briars-Hall.jpg?fit=748%2C1182&ssl=1&resize=350%2C200","width":350,"height":200,"srcset":"https:\/\/i0.wp.com\/www.jojoenherbe.com\/wp-content\/uploads\/2026\/03\/Le-secret-de-Briars-Hall.jpg?fit=748%2C1182&ssl=1&resize=350%2C200 1x, https:\/\/i0.wp.com\/www.jojoenherbe.com\/wp-content\/uploads\/2026\/03\/Le-secret-de-Briars-Hall.jpg?fit=748%2C1182&ssl=1&resize=525%2C300 1.5x, https:\/\/i0.wp.com\/www.jojoenherbe.com\/wp-content\/uploads\/2026\/03\/Le-secret-de-Briars-Hall.jpg?fit=748%2C1182&ssl=1&resize=700%2C400 2x"},"classes":[]}],"_links":{"self":[{"href":"https:\/\/www.jojoenherbe.com\/index.php\/wp-json\/wp\/v2\/posts\/35272","targetHints":{"allow":["GET"]}}],"collection":[{"href":"https:\/\/www.jojoenherbe.com\/index.php\/wp-json\/wp\/v2\/posts"}],"about":[{"href":"https:\/\/www.jojoenherbe.com\/index.php\/wp-json\/wp\/v2\/types\/post"}],"author":[{"embeddable":true,"href":"https:\/\/www.jojoenherbe.com\/index.php\/wp-json\/wp\/v2\/users\/1"}],"replies":[{"embeddable":true,"href":"https:\/\/www.jojoenherbe.com\/index.php\/wp-json\/wp\/v2\/comments?post=35272"}],"version-history":[{"count":11,"href":"https:\/\/www.jojoenherbe.com\/index.php\/wp-json\/wp\/v2\/posts\/35272\/revisions"}],"predecessor-version":[{"id":43437,"href":"https:\/\/www.jojoenherbe.com\/index.php\/wp-json\/wp\/v2\/posts\/35272\/revisions\/43437"}],"wp:featuredmedia":[{"embeddable":true,"href":"https:\/\/www.jojoenherbe.com\/index.php\/wp-json\/wp\/v2\/media\/43434"}],"wp:attachment":[{"href":"https:\/\/www.jojoenherbe.com\/index.php\/wp-json\/wp\/v2\/media?parent=35272"}],"wp:term":[{"taxonomy":"category","embeddable":true,"href":"https:\/\/www.jojoenherbe.com\/index.php\/wp-json\/wp\/v2\/categories?post=35272"},{"taxonomy":"post_tag","embeddable":true,"href":"https:\/\/www.jojoenherbe.com\/index.php\/wp-json\/wp\/v2\/tags?post=35272"}],"curies":[{"name":"wp","href":"https:\/\/api.w.org\/{rel}","templated":true}]}}